{"id":280537,"date":"2023-07-25T12:01:43","date_gmt":"2023-07-25T08:01:43","guid":{"rendered":"https:\/\/www.meydan.tv\/?p=280537"},"modified":"2023-07-25T12:06:07","modified_gmt":"2023-07-25T08:06:07","slug":"rusiya-moskvaya-hucuma-gore-ukraynaya-qarsi-sert-cavab-tedbirleri-goreceyini-bildirir","status":"publish","type":"post","link":"https:\/\/www.meydan.tv\/az\/article\/rusiya-moskvaya-hucuma-gore-ukraynaya-qarsi-sert-cavab-tedbirleri-goreceyini-bildirir\/","title":{"rendered":"Rusiya Moskvaya h\u00fccuma g\u00f6r\u0259 Ukraynaya qar\u015f\u0131 s\u0259rt cavab t\u0259dbirl\u0259ri g\u00f6r\u0259c\u0259yini bildirir"},"content":{"rendered":"\n<p><\/p>\n\n\n\n<p><strong><em>Moskva PUA-lar\u0131n h\u00fccumunu \u201cterror akt\u0131\u201d adland\u0131r\u0131b<\/em><\/strong><\/p>\n\n\n\n<p>\u0130yulun 24-d\u0259 iki pilotsuz u\u00e7an aparat\u0131n (PUA) Moskvada binalara, o c\u00fcml\u0259d\u0259n M\u00fcdafi\u0259 Nazirliyinin q\u0259rargah\u0131na yax\u0131n binalara ziyan vurmas\u0131ndan sonra Rusiya Ukraynaya qar\u015f\u0131 s\u0259rt cavab t\u0259dbirl\u0259ri g\u00f6r\u0259c\u0259yind\u0259n dan\u0131\u015f\u0131b.<\/p>\n\n\n\n<p>Moskva bu hadis\u0259ni \u201cterror akt\u0131\u201d adland\u0131r\u0131b.<\/p>\n\n\n\n<p>Y\u00fcks\u0259k r\u00fctb\u0259li Ukrayna r\u0259smisi is\u0259 bildirib ki, bu h\u00fccumda he\u00e7 kim x\u0259sar\u0259t almay\u0131b. Pilotsuz t\u0259yyar\u0259 Rusiya h\u0259rb\u00e7il\u0259rinin \u201cx\u00fcsusi h\u0259rbi \u0259m\u0259liyyat\u201d adland\u0131rd\u0131\u011f\u0131 brifinql\u0259r ke\u00e7irdiyi Moskva binas\u0131n\u0131n yax\u0131nl\u0131\u011f\u0131nda vurulub.<\/p>\n\n\n\n<p>Hadis\u0259nin n\u0259tic\u0259l\u0259rini g\u00f6r\u0259n \u201cReuters\u201d m\u00fcxbirinin verdiyi <a href=\"https:\/\/www.reuters.com\/world\/europe\/drone-fragments-found-near-russias-defence-ministry-building-central-moscow-2023-07-24\/)\" target=\"_blank\" rel=\"noreferrer noopener\">m\u0259lumata<\/a> g\u00f6r\u0259, yax\u0131nl\u0131qdak\u0131 yollar m\u00fcv\u0259qq\u0259ti olaraq ba\u011flan\u0131b, Moskvan\u0131n ba\u015fqa bir rayonunda ikinci pilotsuz t\u0259yyar\u0259nin vurdu\u011fu ofis binas\u0131n\u0131n yuxar\u0131 iki m\u0259rt\u0259b\u0259sinin p\u0259nc\u0259r\u0259l\u0259ri q\u0131r\u0131l\u0131b.<\/p>\n\n\n\n<p>Rusiya Xarici \u0130\u015fl\u0259r Nazirliyi bildirib ki, partlay\u0131c\u0131 madd\u0259 da\u015f\u0131mayan \u00fc\u00e7\u00fcnc\u00fc &#8220;vertolyot tipli pilotsuz t\u0259yyar\u0259&#8221; Moskva yax\u0131nl\u0131\u011f\u0131ndak\u0131 bir q\u0259s\u0259b\u0259nin q\u0259biristanl\u0131\u011f\u0131na d\u00fc\u015f\u00fcb. Nazirlik g\u00fcnahkarlar\u0131n tap\u0131laca\u011f\u0131n\u0131 v\u0259 c\u0259zaland\u0131r\u0131laca\u011f\u0131n\u0131 s\u00f6yl\u0259yib.<\/p>\n\n\n\n<p>\u201c<em>Biz ba\u015f ver\u0259nl\u0259ri Ukraynan\u0131n h\u0259rbi v\u0259 siyasi r\u0259hb\u0259rliyinin n\u00f6vb\u0259ti d\u0259f\u0259 terror \u00fcsullar\u0131ndan istifad\u0259 etm\u0259si v\u0259 dinc \u0259haliy\u0259 h\u0259d\u0259-qorxu g\u0259lm\u0259si kimi qiym\u0259tl\u0259ndiririk\u201d,<\/em> &#8211; X\u0130N bildirib.<\/p>\n\n\n\n<p><em>\u201cRusiya Federasiyas\u0131 s\u0259rt cavab t\u0259dbirl\u0259ri g\u00f6rm\u0259k h\u00fcququnu \u00f6z\u00fcnd\u0259 saxlay\u0131r\u201d,<\/em> nazirlik \u0259lav\u0259 edib.<\/p>\n\n\n<div class=\"wp-block-image\">\n<figure class=\"aligncenter size-full\"><img decoding=\"async\" width=\"1200\" height=\"800\" data-src=\"https:\/\/www.meydan.tv\/wp-content\/uploads\/2014_08_27_img_64071.jpg\" alt=\"\" class=\"wp-image-241822 lazyload\" src=\"data:image\/svg+xml;base64,PHN2ZyB3aWR0aD0iMSIgaGVpZ2h0PSIxIiB4bWxucz0iaHR0cDovL3d3dy53My5vcmcvMjAwMC9zdmciPjwvc3ZnPg==\" style=\"--smush-placeholder-width: 1200px; --smush-placeholder-aspect-ratio: 1200\/800;\" \/><figcaption class=\"wp-element-caption\">Rusiya X\u0130N binas\u0131. Foto: Aleksey Qolubkov, Spektr. Press<\/figcaption><\/figure>\n<\/div>\n\n\n<p>H\u00f6kum\u0259ti Rusiya daxilind\u0259 v\u0259 ya Rusiyan\u0131n n\u0259zar\u0259tind\u0259 olan \u0259razil\u0259rd\u0259ki h\u00fccumlar\u0131 nadir hallarda \u015f\u0259rh ed\u0259n Ukrayna Prezidenti Volodimir Zelenski bazar g\u00fcn\u00fc Odessa \u00fc\u00e7\u00fcn rus terror\u00e7ular\u0131ndan qisas alaca\u011f\u0131n\u0131 v\u0259d etmi\u015fdi.<\/p>\n\n\n\n<p>\u0130yulun 24-d\u0259 s\u0259h\u0259r saatlar\u0131nda iki pilotsuz u\u00e7u\u015f aparat\u0131 (PUA) Moskvaya h\u00fccum edib, \u2013 mer Sergey Sobyanin <a href=\"https:\/\/www.meydan.tv\/az\/article\/moskvanin-merkezine-pua-hucumu-oldugu-bildirilir\/\" target=\"_blank\" rel=\"noreferrer noopener\">bildirib<\/a>.<\/p>\n\n\n\n<p>\u201cBu g\u00fcn s\u0259h\u0259r saat d\u00f6rd rad\u0259l\u0259rind\u0259 iki qeyri-ya\u015fay\u0131\u015f binas\u0131na pilotsuz u\u00e7an aparatlar\u0131n z\u0259rb\u0259l\u0259ri qeyd\u0259 al\u0131n\u0131b. Ciddi da\u011f\u0131nt\u0131 v\u0259 t\u0259l\u0259fat yoxdur\u201d, \u2013 o, \u201cTelegram\u201d hesab\u0131nda yaz\u0131b.<\/p>\n\n\n\n<p>Bundan sonra Rusiya M\u00fcdafi\u0259 Nazirliyi iki Ukrayna pilotsuz t\u0259yyar\u0259sini \u0259l\u0259 ke\u00e7irdiyini iddia edib.<\/p>\n\n\n\n<p><em>\u201c\u0130yulun 24-d\u0259 s\u0259h\u0259r saatlar\u0131nda Kiyev rejiminin iki pilotsuz u\u00e7u\u015f aparat\u0131 il\u0259 Moskva \u015f\u0259h\u0259rind\u0259 obyektl\u0259r\u0259 terror akt\u0131 t\u00f6r\u0259tm\u0259k c\u0259hdinin qar\u015f\u0131s\u0131 al\u0131n\u0131b. Elektron m\u00fcharib\u0259 vasit\u0259sil\u0259 iki Ukrayna PUA-s\u0131 s\u0131x\u0131\u015fd\u0131r\u0131l\u0131b v\u0259 q\u0259zaya u\u011fray\u0131b\u201d, <\/em>\u2013 dey\u0259 h\u0259rbi idar\u0259nin a\u00e7\u0131qlamas\u0131nda bildirilir. TASS-\u0131n m\u0259lumat\u0131na g\u00f6r\u0259, ilk pilotsuz t\u0259yyar\u0259nin qal\u0131qlar\u0131 Komsomolski prospektind\u0259ki 17 n\u00f6mr\u0259li evin yax\u0131nl\u0131\u011f\u0131nda tap\u0131l\u0131b. Bu, Rusiya Federasiyas\u0131 M\u00fcdafi\u0259 Nazirliyinin Frunzenskaya sahilind\u0259ki binas\u0131ndan \u00e7ox da uzaq deyil.<\/p>\n","protected":false},"excerpt":{"rendered":"<p>Moskva PUA-lar\u0131n h\u00fccumunu \u201cterror akt\u0131\u201d adland\u0131r\u0131b \u0130yulun 24-d\u0259 iki pilotsuz &#8230; <\/p>\n<p class=\"read-more-container\"><a title=\"Rusiya Moskvaya h\u00fccuma g\u00f6r\u0259 Ukraynaya qar\u015f\u0131 s\u0259rt cavab t\u0259dbirl\u0259ri g\u00f6r\u0259c\u0259yini bildirir\" class=\"read-more button\" href=\"https:\/\/www.meydan.tv\/az\/article\/rusiya-moskvaya-hucuma-gore-ukraynaya-qarsi-sert-cavab-tedbirleri-goreceyini-bildirir\/#more-280537\" aria-label=\"Read more about Rusiya Moskvaya h\u00fccuma g\u00f6r\u0259 Ukraynaya qar\u015f\u0131 s\u0259rt cavab t\u0259dbirl\u0259ri g\u00f6r\u0259c\u0259yini bildirir\">Davam\u0131<\/a><\/p>\n","protected":false},"author":8,"featured_media":280538,"comment_status":"closed","ping_status":"closed","sticky":false,"template":"","format":"standard","meta":{"_acf_changed":false,"_sitemap_exclude":false,"_sitemap_priority":"","_sitemap_frequency":"","footnotes":""},"categories":[64,59,56],"tags":[],"class_list":["post-280537","post","type-post","status-publish","format-standard","has-post-thumbnail","hentry","category-dunya","category-siyaset","category-xeberler","infinite-scroll-item","generate-columns","tablet-grid-50","mobile-grid-100","grid-parent","grid-33","no-featured-image-padding"],"acf":[],"yoast_head":"<!-- This site is optimized with the Yoast SEO plugin v27.4 - https:\/\/yoast.com\/product\/yoast-seo-wordpress\/ -->\n<title>Rusiya Moskvaya h\u00fccuma g\u00f6r\u0259 Ukraynaya qar\u015f\u0131 s\u0259rt cavab t\u0259dbirl\u0259ri g\u00f6r\u0259c\u0259yini bildirir - MEYDAN.TV<\/title>\n<meta name=\"robots\" content=\"index, follow, max-snippet:-1, max-image-preview:large, max-video-preview:-1\" \/>\n<link rel=\"canonical\" href=\"https:\/\/www.meydan.tv\/az\/article\/rusiya-moskvaya-hucuma-gore-ukraynaya-qarsi-sert-cavab-tedbirleri-goreceyini-bildirir\/\" \/>\n<meta property=\"og:locale\" content=\"az_AZ\" \/>\n<meta property=\"og:type\" content=\"article\" \/>\n<meta property=\"og:title\" content=\"Rusiya Moskvaya h\u00fccuma g\u00f6r\u0259 Ukraynaya qar\u015f\u0131 s\u0259rt cavab t\u0259dbirl\u0259ri g\u00f6r\u0259c\u0259yini bildirir - MEYDAN.TV\" \/>\n<meta property=\"og:description\" content=\"Moskva PUA-lar\u0131n h\u00fccumunu \u201cterror akt\u0131\u201d adland\u0131r\u0131b \u0130yulun 24-d\u0259 iki pilotsuz ... Davam\u0131\" \/>\n<meta property=\"og:url\" content=\"https:\/\/www.meydan.tv\/az\/article\/rusiya-moskvaya-hucuma-gore-ukraynaya-qarsi-sert-cavab-tedbirleri-goreceyini-bildirir\/\" \/>\n<meta property=\"og:site_name\" content=\"MEYDAN.TV\" \/>\n<meta property=\"article:published_time\" content=\"2023-07-25T08:01:43+00:00\" \/>\n<meta property=\"article:modified_time\" content=\"2023-07-25T08:06:07+00:00\" \/>\n<meta property=\"og:image\" content=\"https:\/\/www.meydan.tv\/wp-content\/uploads\/untitled-design-6-46.jpg\" \/>\n\t<meta property=\"og:image:width\" content=\"1200\" \/>\n\t<meta property=\"og:image:height\" content=\"800\" \/>\n\t<meta property=\"og:image:type\" content=\"image\/jpeg\" \/>\n<meta name=\"author\" content=\"elli\" \/>\n<meta name=\"twitter:card\" content=\"summary_large_image\" \/>\n<meta name=\"twitter:creator\" content=\"@elli\" \/>\n<script type=\"application\/ld+json\" class=\"yoast-schema-graph\">{\"@context\":\"https:\\\/\\\/schema.org\",\"@graph\":[{\"@type\":\"Article\",\"@id\":\"https:\\\/\\\/www.meydan.tv\\\/az\\\/article\\\/rusiya-moskvaya-hucuma-gore-ukraynaya-qarsi-sert-cavab-tedbirleri-goreceyini-bildirir\\\/#article\",\"isPartOf\":{\"@id\":\"https:\\\/\\\/www.meydan.tv\\\/az\\\/article\\\/rusiya-moskvaya-hucuma-gore-ukraynaya-qarsi-sert-cavab-tedbirleri-goreceyini-bildirir\\\/\"},\"author\":{\"name\":\"elli\",\"@id\":\"https:\\\/\\\/www.meydan.tv\\\/az\\\/#\\\/schema\\\/person\\\/9cdbecf90d17180ce1dfbd95b08dcf47\"},\"headline\":\"Rusiya Moskvaya h\u00fccuma g\u00f6r\u0259 Ukraynaya qar\u015f\u0131 s\u0259rt cavab t\u0259dbirl\u0259ri g\u00f6r\u0259c\u0259yini bildirir\",\"datePublished\":\"2023-07-25T08:01:43+00:00\",\"dateModified\":\"2023-07-25T08:06:07+00:00\",\"mainEntityOfPage\":{\"@id\":\"https:\\\/\\\/www.meydan.tv\\\/az\\\/article\\\/rusiya-moskvaya-hucuma-gore-ukraynaya-qarsi-sert-cavab-tedbirleri-goreceyini-bildirir\\\/\"},\"wordCount\":542,\"publisher\":{\"@id\":\"https:\\\/\\\/www.meydan.tv\\\/az\\\/#organization\"},\"image\":{\"@id\":\"https:\\\/\\\/www.meydan.tv\\\/az\\\/article\\\/rusiya-moskvaya-hucuma-gore-ukraynaya-qarsi-sert-cavab-tedbirleri-goreceyini-bildirir\\\/#primaryimage\"},\"thumbnailUrl\":\"https:\\\/\\\/www.meydan.tv\\\/wp-content\\\/uploads\\\/untitled-design-6-46.jpg\",\"articleSection\":[\"D\u00fcnya\",\"Siyas\u0259t\",\"X\u0259b\u0259rl\u0259r\"],\"inLanguage\":\"az\"},{\"@type\":\"WebPage\",\"@id\":\"https:\\\/\\\/www.meydan.tv\\\/az\\\/article\\\/rusiya-moskvaya-hucuma-gore-ukraynaya-qarsi-sert-cavab-tedbirleri-goreceyini-bildirir\\\/\",\"url\":\"https:\\\/\\\/www.meydan.tv\\\/az\\\/article\\\/rusiya-moskvaya-hucuma-gore-ukraynaya-qarsi-sert-cavab-tedbirleri-goreceyini-bildirir\\\/\",\"name\":\"Rusiya Moskvaya h\u00fccuma g\u00f6r\u0259 Ukraynaya qar\u015f\u0131 s\u0259rt cavab t\u0259dbirl\u0259ri g\u00f6r\u0259c\u0259yini bildirir - MEYDAN.TV\",\"isPartOf\":{\"@id\":\"https:\\\/\\\/www.meydan.tv\\\/az\\\/#website\"},\"primaryImageOfPage\":{\"@id\":\"https:\\\/\\\/www.meydan.tv\\\/az\\\/article\\\/rusiya-moskvaya-hucuma-gore-ukraynaya-qarsi-sert-cavab-tedbirleri-goreceyini-bildirir\\\/#primaryimage\"},\"image\":{\"@id\":\"https:\\\/\\\/www.meydan.tv\\\/az\\\/article\\\/rusiya-moskvaya-hucuma-gore-ukraynaya-qarsi-sert-cavab-tedbirleri-goreceyini-bildirir\\\/#primaryimage\"},\"thumbnailUrl\":\"https:\\\/\\\/www.meydan.tv\\\/wp-content\\\/uploads\\\/untitled-design-6-46.jpg\",\"datePublished\":\"2023-07-25T08:01:43+00:00\",\"dateModified\":\"2023-07-25T08:06:07+00:00\",\"breadcrumb\":{\"@id\":\"https:\\\/\\\/www.meydan.tv\\\/az\\\/article\\\/rusiya-moskvaya-hucuma-gore-ukraynaya-qarsi-sert-cavab-tedbirleri-goreceyini-bildirir\\\/#breadcrumb\"},\"inLanguage\":\"az\",\"potentialAction\":[{\"@type\":\"ReadAction\",\"target\":[\"https:\\\/\\\/www.meydan.tv\\\/az\\\/article\\\/rusiya-moskvaya-hucuma-gore-ukraynaya-qarsi-sert-cavab-tedbirleri-goreceyini-bildirir\\\/\"]}]},{\"@type\":\"ImageObject\",\"inLanguage\":\"az\",\"@id\":\"https:\\\/\\\/www.meydan.tv\\\/az\\\/article\\\/rusiya-moskvaya-hucuma-gore-ukraynaya-qarsi-sert-cavab-tedbirleri-goreceyini-bildirir\\\/#primaryimage\",\"url\":\"https:\\\/\\\/www.meydan.tv\\\/wp-content\\\/uploads\\\/untitled-design-6-46.jpg\",\"contentUrl\":\"https:\\\/\\\/www.meydan.tv\\\/wp-content\\\/uploads\\\/untitled-design-6-46.jpg\",\"width\":1200,\"height\":800,\"caption\":\"Moskvaya PUA h\u00fccumu. Foto: Reuters\"},{\"@type\":\"BreadcrumbList\",\"@id\":\"https:\\\/\\\/www.meydan.tv\\\/az\\\/article\\\/rusiya-moskvaya-hucuma-gore-ukraynaya-qarsi-sert-cavab-tedbirleri-goreceyini-bildirir\\\/#breadcrumb\",\"itemListElement\":[{\"@type\":\"ListItem\",\"position\":1,\"name\":\"Ana s\u0259hif\u0259\",\"item\":\"https:\\\/\\\/www.meydan.tv\\\/az\\\/\"},{\"@type\":\"ListItem\",\"position\":2,\"name\":\"D\u00fcnya\",\"item\":\"https:\\\/\\\/www.meydan.tv\\\/az\\\/section\\\/dunya\\\/\"},{\"@type\":\"ListItem\",\"position\":3,\"name\":\"Rusiya Moskvaya h\u00fccuma g\u00f6r\u0259 Ukraynaya qar\u015f\u0131 s\u0259rt cavab t\u0259dbirl\u0259ri g\u00f6r\u0259c\u0259yini bildirir\"}]},{\"@type\":\"WebSite\",\"@id\":\"https:\\\/\\\/www.meydan.tv\\\/az\\\/#website\",\"url\":\"https:\\\/\\\/www.meydan.tv\\\/az\\\/\",\"name\":\"MEYDAN.TV\",\"description\":\"Meydan TV Az\u0259rbaycan\u0131n media m\u0259kan\u0131ndak\u0131 alternativ s\u0259sidir\",\"publisher\":{\"@id\":\"https:\\\/\\\/www.meydan.tv\\\/az\\\/#organization\"},\"potentialAction\":[{\"@type\":\"SearchAction\",\"target\":{\"@type\":\"EntryPoint\",\"urlTemplate\":\"https:\\\/\\\/www.meydan.tv\\\/az\\\/?s={search_term_string}\"},\"query-input\":{\"@type\":\"PropertyValueSpecification\",\"valueRequired\":true,\"valueName\":\"search_term_string\"}}],\"inLanguage\":\"az\"},{\"@type\":\"Organization\",\"@id\":\"https:\\\/\\\/www.meydan.tv\\\/az\\\/#organization\",\"name\":\"Meydan TV\",\"url\":\"https:\\\/\\\/www.meydan.tv\\\/az\\\/\",\"logo\":{\"@type\":\"ImageObject\",\"inLanguage\":\"az\",\"@id\":\"https:\\\/\\\/www.meydan.tv\\\/az\\\/#\\\/schema\\\/logo\\\/image\\\/\",\"url\":\"https:\\\/\\\/www.meydan.tv\\\/wp-content\\\/uploads\\\/2021\\\/07\\\/meydan-logo.svg\",\"contentUrl\":\"https:\\\/\\\/www.meydan.tv\\\/wp-content\\\/uploads\\\/2021\\\/07\\\/meydan-logo.svg\",\"width\":195,\"height\":46,\"caption\":\"Meydan TV\"},\"image\":{\"@id\":\"https:\\\/\\\/www.meydan.tv\\\/az\\\/#\\\/schema\\\/logo\\\/image\\\/\"}},{\"@type\":\"Person\",\"@id\":\"https:\\\/\\\/www.meydan.tv\\\/az\\\/#\\\/schema\\\/person\\\/9cdbecf90d17180ce1dfbd95b08dcf47\",\"name\":\"elli\",\"sameAs\":[\"https:\\\/\\\/x.com\\\/elli\"]}]}<\/script>\n<!-- \/ Yoast SEO plugin. -->","yoast_head_json":{"title":"Rusiya Moskvaya h\u00fccuma g\u00f6r\u0259 Ukraynaya qar\u015f\u0131 s\u0259rt cavab t\u0259dbirl\u0259ri g\u00f6r\u0259c\u0259yini bildirir - MEYDAN.TV","robots":{"index":"index","follow":"follow","max-snippet":"max-snippet:-1","max-image-preview":"max-image-preview:large","max-video-preview":"max-video-preview:-1"},"canonical":"https:\/\/www.meydan.tv\/az\/article\/rusiya-moskvaya-hucuma-gore-ukraynaya-qarsi-sert-cavab-tedbirleri-goreceyini-bildirir\/","og_locale":"az_AZ","og_type":"article","og_title":"Rusiya Moskvaya h\u00fccuma g\u00f6r\u0259 Ukraynaya qar\u015f\u0131 s\u0259rt cavab t\u0259dbirl\u0259ri g\u00f6r\u0259c\u0259yini bildirir - MEYDAN.TV","og_description":"Moskva PUA-lar\u0131n h\u00fccumunu \u201cterror akt\u0131\u201d adland\u0131r\u0131b \u0130yulun 24-d\u0259 iki pilotsuz ... Davam\u0131","og_url":"https:\/\/www.meydan.tv\/az\/article\/rusiya-moskvaya-hucuma-gore-ukraynaya-qarsi-sert-cavab-tedbirleri-goreceyini-bildirir\/","og_site_name":"MEYDAN.TV","article_published_time":"2023-07-25T08:01:43+00:00","article_modified_time":"2023-07-25T08:06:07+00:00","og_image":[{"width":1200,"height":800,"url":"https:\/\/www.meydan.tv\/wp-content\/uploads\/untitled-design-6-46.jpg","type":"image\/jpeg"}],"author":"elli","twitter_card":"summary_large_image","twitter_creator":"@elli","schema":{"@context":"https:\/\/schema.org","@graph":[{"@type":"Article","@id":"https:\/\/www.meydan.tv\/az\/article\/rusiya-moskvaya-hucuma-gore-ukraynaya-qarsi-sert-cavab-tedbirleri-goreceyini-bildirir\/#article","isPartOf":{"@id":"https:\/\/www.meydan.tv\/az\/article\/rusiya-moskvaya-hucuma-gore-ukraynaya-qarsi-sert-cavab-tedbirleri-goreceyini-bildirir\/"},"author":{"name":"elli","@id":"https:\/\/www.meydan.tv\/az\/#\/schema\/person\/9cdbecf90d17180ce1dfbd95b08dcf47"},"headline":"Rusiya Moskvaya h\u00fccuma g\u00f6r\u0259 Ukraynaya qar\u015f\u0131 s\u0259rt cavab t\u0259dbirl\u0259ri g\u00f6r\u0259c\u0259yini bildirir","datePublished":"2023-07-25T08:01:43+00:00","dateModified":"2023-07-25T08:06:07+00:00","mainEntityOfPage":{"@id":"https:\/\/www.meydan.tv\/az\/article\/rusiya-moskvaya-hucuma-gore-ukraynaya-qarsi-sert-cavab-tedbirleri-goreceyini-bildirir\/"},"wordCount":542,"publisher":{"@id":"https:\/\/www.meydan.tv\/az\/#organization"},"image":{"@id":"https:\/\/www.meydan.tv\/az\/article\/rusiya-moskvaya-hucuma-gore-ukraynaya-qarsi-sert-cavab-tedbirleri-goreceyini-bildirir\/#primaryimage"},"thumbnailUrl":"https:\/\/www.meydan.tv\/wp-content\/uploads\/untitled-design-6-46.jpg","articleSection":["D\u00fcnya","Siyas\u0259t","X\u0259b\u0259rl\u0259r"],"inLanguage":"az"},{"@type":"WebPage","@id":"https:\/\/www.meydan.tv\/az\/article\/rusiya-moskvaya-hucuma-gore-ukraynaya-qarsi-sert-cavab-tedbirleri-goreceyini-bildirir\/","url":"https:\/\/www.meydan.tv\/az\/article\/rusiya-moskvaya-hucuma-gore-ukraynaya-qarsi-sert-cavab-tedbirleri-goreceyini-bildirir\/","name":"Rusiya Moskvaya h\u00fccuma g\u00f6r\u0259 Ukraynaya qar\u015f\u0131 s\u0259rt cavab t\u0259dbirl\u0259ri g\u00f6r\u0259c\u0259yini bildirir - MEYDAN.TV","isPartOf":{"@id":"https:\/\/www.meydan.tv\/az\/#website"},"primaryImageOfPage":{"@id":"https:\/\/www.meydan.tv\/az\/article\/rusiya-moskvaya-hucuma-gore-ukraynaya-qarsi-sert-cavab-tedbirleri-goreceyini-bildirir\/#primaryimage"},"image":{"@id":"https:\/\/www.meydan.tv\/az\/article\/rusiya-moskvaya-hucuma-gore-ukraynaya-qarsi-sert-cavab-tedbirleri-goreceyini-bildirir\/#primaryimage"},"thumbnailUrl":"https:\/\/www.meydan.tv\/wp-content\/uploads\/untitled-design-6-46.jpg","datePublished":"2023-07-25T08:01:43+00:00","dateModified":"2023-07-25T08:06:07+00:00","breadcrumb":{"@id":"https:\/\/www.meydan.tv\/az\/article\/rusiya-moskvaya-hucuma-gore-ukraynaya-qarsi-sert-cavab-tedbirleri-goreceyini-bildirir\/#breadcrumb"},"inLanguage":"az","potentialAction":[{"@type":"ReadAction","target":["https:\/\/www.meydan.tv\/az\/article\/rusiya-moskvaya-hucuma-gore-ukraynaya-qarsi-sert-cavab-tedbirleri-goreceyini-bildirir\/"]}]},{"@type":"ImageObject","inLanguage":"az","@id":"https:\/\/www.meydan.tv\/az\/article\/rusiya-moskvaya-hucuma-gore-ukraynaya-qarsi-sert-cavab-tedbirleri-goreceyini-bildirir\/#primaryimage","url":"https:\/\/www.meydan.tv\/wp-content\/uploads\/untitled-design-6-46.jpg","contentUrl":"https:\/\/www.meydan.tv\/wp-content\/uploads\/untitled-design-6-46.jpg","width":1200,"height":800,"caption":"Moskvaya PUA h\u00fccumu. Foto: Reuters"},{"@type":"BreadcrumbList","@id":"https:\/\/www.meydan.tv\/az\/article\/rusiya-moskvaya-hucuma-gore-ukraynaya-qarsi-sert-cavab-tedbirleri-goreceyini-bildirir\/#breadcrumb","itemListElement":[{"@type":"ListItem","position":1,"name":"Ana s\u0259hif\u0259","item":"https:\/\/www.meydan.tv\/az\/"},{"@type":"ListItem","position":2,"name":"D\u00fcnya","item":"https:\/\/www.meydan.tv\/az\/section\/dunya\/"},{"@type":"ListItem","position":3,"name":"Rusiya Moskvaya h\u00fccuma g\u00f6r\u0259 Ukraynaya qar\u015f\u0131 s\u0259rt cavab t\u0259dbirl\u0259ri g\u00f6r\u0259c\u0259yini bildirir"}]},{"@type":"WebSite","@id":"https:\/\/www.meydan.tv\/az\/#website","url":"https:\/\/www.meydan.tv\/az\/","name":"MEYDAN.TV","description":"Meydan TV Az\u0259rbaycan\u0131n media m\u0259kan\u0131ndak\u0131 alternativ s\u0259sidir","publisher":{"@id":"https:\/\/www.meydan.tv\/az\/#organization"},"potentialAction":[{"@type":"SearchAction","target":{"@type":"EntryPoint","urlTemplate":"https:\/\/www.meydan.tv\/az\/?s={search_term_string}"},"query-input":{"@type":"PropertyValueSpecification","valueRequired":true,"valueName":"search_term_string"}}],"inLanguage":"az"},{"@type":"Organization","@id":"https:\/\/www.meydan.tv\/az\/#organization","name":"Meydan TV","url":"https:\/\/www.meydan.tv\/az\/","logo":{"@type":"ImageObject","inLanguage":"az","@id":"https:\/\/www.meydan.tv\/az\/#\/schema\/logo\/image\/","url":"https:\/\/www.meydan.tv\/wp-content\/uploads\/2021\/07\/meydan-logo.svg","contentUrl":"https:\/\/www.meydan.tv\/wp-content\/uploads\/2021\/07\/meydan-logo.svg","width":195,"height":46,"caption":"Meydan TV"},"image":{"@id":"https:\/\/www.meydan.tv\/az\/#\/schema\/logo\/image\/"}},{"@type":"Person","@id":"https:\/\/www.meydan.tv\/az\/#\/schema\/person\/9cdbecf90d17180ce1dfbd95b08dcf47","name":"elli","sameAs":["https:\/\/x.com\/elli"]}]}},"_links":{"self":[{"href":"https:\/\/www.meydan.tv\/az\/wp-json\/wp\/v2\/posts\/280537","targetHints":{"allow":["GET"]}}],"collection":[{"href":"https:\/\/www.meydan.tv\/az\/wp-json\/wp\/v2\/posts"}],"about":[{"href":"https:\/\/www.meydan.tv\/az\/wp-json\/wp\/v2\/types\/post"}],"author":[{"embeddable":true,"href":"https:\/\/www.meydan.tv\/az\/wp-json\/wp\/v2\/users\/8"}],"replies":[{"embeddable":true,"href":"https:\/\/www.meydan.tv\/az\/wp-json\/wp\/v2\/comments?post=280537"}],"version-history":[{"count":2,"href":"https:\/\/www.meydan.tv\/az\/wp-json\/wp\/v2\/posts\/280537\/revisions"}],"predecessor-version":[{"id":280544,"href":"https:\/\/www.meydan.tv\/az\/wp-json\/wp\/v2\/posts\/280537\/revisions\/280544"}],"wp:featuredmedia":[{"embeddable":true,"href":"https:\/\/www.meydan.tv\/az\/wp-json\/wp\/v2\/media\/280538"}],"wp:attachment":[{"href":"https:\/\/www.meydan.tv\/az\/wp-json\/wp\/v2\/media?parent=280537"}],"wp:term":[{"taxonomy":"category","embeddable":true,"href":"https:\/\/www.meydan.tv\/az\/wp-json\/wp\/v2\/categories?post=280537"},{"taxonomy":"post_tag","embeddable":true,"href":"https:\/\/www.meydan.tv\/az\/wp-json\/wp\/v2\/tags?post=280537"}],"curies":[{"name":"wp","href":"https:\/\/api.w.org\/{rel}","templated":true}]}}