{"id":280535,"date":"2023-07-25T11:18:57","date_gmt":"2023-07-25T07:18:57","guid":{"rendered":"https:\/\/www.meydan.tv\/?p=280535"},"modified":"2023-07-25T11:18:59","modified_gmt":"2023-07-25T07:18:59","slug":"metyu-miller-abs-qubad-ibadoglunun-hebsini-yaxindan-izleyir","status":"publish","type":"post","link":"https:\/\/www.meydan.tv\/az\/article\/metyu-miller-abs-qubad-ibadoglunun-hebsini-yaxindan-izleyir\/","title":{"rendered":"Metyu Miller: \u201cAB\u015e Qubad \u0130bado\u011flunun h\u0259bsini yax\u0131ndan izl\u0259yir\u201d"},"content":{"rendered":"\n<p><\/p>\n\n\n\n<p><em><strong>D\u00f6vl\u0259t Departamentinin s\u00f6z\u00e7\u00fcs\u00fc Birl\u0259\u015fmi\u015f \u015etatlar\u0131n insan h\u00fcquqlar\u0131na v\u0259 \u0259sas azadl\u0131qlara h\u00f6rm\u0259tin art\u0131r\u0131lmas\u0131na q\u0259tiyy\u0259tl\u0259 sadiq qald\u0131\u011f\u0131n\u0131 vur\u011fulay\u0131b<\/strong><\/em><\/p>\n\n\n\n<p>AB\u015e Az\u0259rbaycan Demokratiya v\u0259 Rifah Partiyas\u0131n\u0131n (ADR) s\u0259dri, iqtisad\u00e7\u0131 Qubad \u0130bado\u011flunun h\u0259bsini yax\u0131ndan izl\u0259diyini bildirib.<\/p>\n\n\n\n<p>Bu bar\u0259d\u0259 iyulun 25-d\u0259 D\u00f6vl\u0259t Departamentinin s\u00f6z\u00e7\u00fcs\u00fc Metyu Miller &#8220;Turan&#8221;\u0131n m\u00fcxbirinin suallar\u0131n\u0131 cavabland\u0131rark\u0259n<a href=\"https:\/\/www.turan.az\/ext\/news\/2023\/7\/free\/politics_news\/az\/6799.htm\" target=\"_blank\" rel=\"noreferrer noopener\"> dan\u0131\u015f\u0131b.<\/a><\/p>\n\n\n\n<p>Metyu Miller Birl\u0259\u015fmi\u015f \u015etatlar\u0131n insan h\u00fcquqlar\u0131na v\u0259 \u0259sas azadl\u0131qlara h\u00f6rm\u0259tin art\u0131r\u0131lmas\u0131na q\u0259tiyy\u0259tl\u0259 sadiq qald\u0131\u011f\u0131n\u0131 vur\u011fulay\u0131b.<\/p>\n\n\n\n<p>O, Az\u0259rbaycan hakimiyy\u0259tin\u0259 \u00e7a\u011f\u0131r\u0131\u015f edib:<\/p>\n\n\n\n<p><em>\u201cBiz Az\u0259rbaycan\u0131 \u00f6z v\u0259t\u0259nda\u015flar\u0131n\u0131n, o c\u00fcml\u0259d\u0259n, Qubad \u0130bado\u011flunun Az\u0259rbaycan\u0131n konstitusiyas\u0131na v\u0259 beyn\u0259lxalq \u00f6hd\u0259likl\u0259rin\u0259 uy\u011fun olaraq insan h\u00fcquqlar\u0131n\u0131 v\u0259 \u0259sas azadl\u0131qlar\u0131n\u0131 qoruma\u011fa \u00e7a\u011f\u0131r\u0131r\u0131q\u201d.<\/em><\/p>\n\n\n<div class=\"wp-block-image\">\n<figure class=\"aligncenter size-full\"><img decoding=\"async\" width=\"1200\" height=\"800\" data-src=\"https:\/\/www.meydan.tv\/wp-content\/uploads\/untitled-design-132.jpg\" alt=\"\" class=\"wp-image-275971 lazyload\" src=\"data:image\/svg+xml;base64,PHN2ZyB3aWR0aD0iMSIgaGVpZ2h0PSIxIiB4bWxucz0iaHR0cDovL3d3dy53My5vcmcvMjAwMC9zdmciPjwvc3ZnPg==\" style=\"--smush-placeholder-width: 1200px; --smush-placeholder-aspect-ratio: 1200\/800;\" \/><figcaption class=\"wp-element-caption\">Metyu Miller. Foto: Twitter<\/figcaption><\/figure>\n<\/div>\n\n\n<p>\u0130yulun 23-d\u0259 saxlan\u0131lan iqtisad\u00e7\u0131 Qubad \u0130bado\u011flu haqda N\u0259rimanov Rayon M\u0259hk\u0259m\u0259si bir g\u00fcn sonra 3 ay 26 g\u00fcn q\u0259timkan t\u0259dbiri <a href=\"https:\/\/storage.googleapis.com\/qurium\/www.meydan.tv\/az-article-qubad-ibadoglu-teqsirlendirilen-sexs-kimi-dindirilib-ona-verilen-ittiham-agirlasdirilib.html\" target=\"_blank\" rel=\"noreferrer noopener\">se\u00e7ib.<\/a><\/p>\n\n\n\n<p>Qubad \u0130bado\u011fluya qar\u015f\u0131 Cinay\u0259t M\u0259c\u0259ll\u0259sinin 204.3.1 (saxta pul v\u0259 ya qiym\u0259tli ka\u011f\u0131zlar haz\u0131rlama, \u0259ld\u0259 etm\u0259 v\u0259 ya satma \u2013 m\u00fct\u0259\u015f\u0259kkil d\u0259st\u0259 t\u0259r\u0259find\u0259n t\u00f6r\u0259dildikd\u0259) madd\u0259sil\u0259 ittiham ir\u0259li s\u00fcr\u00fcl\u00fcb.<\/p>\n\n\n\n<p>V\u0259kil Zibeyd\u0259 Sad\u0131qova ittiham\u0131n \u0259sass\u0131z oldu\u011funu vur\u011fulamaqla yana\u015f\u0131, onun istintaq d\u00f6vr\u00fcnd\u0259 h\u0259bsd\u0259 saxlanmas\u0131na z\u0259rur\u0259t olmad\u0131\u011f\u0131n\u0131 s\u00f6yl\u0259yib. V\u0259kil N\u0259rimanov Rayon M\u0259hk\u0259m\u0259sinin q\u0259rar\u0131ndan apelyasiya \u015fikay\u0259ti ver\u0259c\u0259k.<\/p>\n\n\n\n<p>Adlar\u0131 bir g\u00fcn \u0259vv\u0259l T\u00fcrkiy\u0259 medias\u0131nda \u201cFET\u00d6\u201d (F\u0259tullah G\u00fcl\u0259n Terror \u00d6rg\u00fct\u00fc) il\u0259 \u0259laq\u0259li \u015f\u0259xsl\u0259r kimi t\u0259qdim olunan d\u00f6rd n\u0259f\u0259r\u0259 qar\u015f\u0131 da Qubad \u0130bado\u011flu il\u0259 eyni \u2013 Cinay\u0259t M\u0259c\u0259ll\u0259sinin 204.3.1 ( saxta pul v\u0259 ya qiym\u0259tli ka\u011f\u0131zlar haz\u0131rlama, \u0259ld\u0259 etm\u0259 v\u0259 ya satma m\u00fct\u0259\u015f\u0259kkil d\u0259st\u0259 t\u0259r\u0259find\u0259n t\u00f6r\u0259dildikd\u0259) madd\u0259si il\u0259 ittiham ir\u0259li s\u00fcr\u00fcl\u00fcb.<\/p>\n\n\n\n<p>S\u00f6z\u00fcged\u0259n d\u00f6rd n\u0259f\u0259r D\u00f6yr\u00fc\u015f C\u0259f\u0259rov, G\u00fcmrah \u018fbd\u00fcr\u0259hmanov, Ruslan \u018fliyev v\u0259 Anar \u018fliyevdir. Onlar iyulun 23-d\u0259 m\u0259hk\u0259m\u0259 qar\u015f\u0131s\u0131na \u00e7\u0131xar\u0131l\u0131b v\u0259 h\u0259r biri bar\u0259sind\u0259 ilkin istintaq d\u00f6vr\u00fc \u00fc\u00e7\u00fcn 4 ayl\u0131q h\u0259bs q\u0259timkan t\u0259dbiri se\u00e7ilib.<\/p>\n\n\n\n<p>Qubad \u0130bado\u011flu saxland\u0131qdan sonra yay\u0131lan m\u0259lumatlarda iddia olunurdu ki, Anar \u018fliyev ifad\u0259sind\u0259 onun ad\u0131n\u0131 \u00e7\u0259kib. Amma Qubad \u0130bado\u011flu \u00fcmumiyy\u0259tl\u0259, bu \u015f\u0259xsi tan\u0131mad\u0131\u011f\u0131n\u0131 deyib.<\/p>\n","protected":false},"excerpt":{"rendered":"<p>D\u00f6vl\u0259t Departamentinin s\u00f6z\u00e7\u00fcs\u00fc Birl\u0259\u015fmi\u015f \u015etatlar\u0131n insan h\u00fcquqlar\u0131na v\u0259 \u0259sas azadl\u0131qlara &#8230; <\/p>\n<p class=\"read-more-container\"><a title=\"Metyu Miller: \u201cAB\u015e Qubad \u0130bado\u011flunun h\u0259bsini yax\u0131ndan izl\u0259yir\u201d\" class=\"read-more button\" href=\"https:\/\/www.meydan.tv\/az\/article\/metyu-miller-abs-qubad-ibadoglunun-hebsini-yaxindan-izleyir\/#more-280535\" aria-label=\"Read more about Metyu Miller: \u201cAB\u015e Qubad \u0130bado\u011flunun h\u0259bsini yax\u0131ndan izl\u0259yir\u201d\">Davam\u0131<\/a><\/p>\n","protected":false},"author":8,"featured_media":231009,"comment_status":"closed","ping_status":"closed","sticky":false,"template":"","format":"standard","meta":{"_acf_changed":false,"_sitemap_exclude":false,"_sitemap_priority":"","_sitemap_frequency":"","footnotes":""},"categories":[59,79,56],"tags":[],"class_list":["post-280535","post","type-post","status-publish","format-standard","has-post-thumbnail","hentry","category-siyaset","category-featured","category-xeberler","infinite-scroll-item","generate-columns","tablet-grid-50","mobile-grid-100","grid-parent","grid-33","no-featured-image-padding"],"acf":[],"yoast_head":"<!-- This site is optimized with the Yoast SEO plugin v27.4 - https:\/\/yoast.com\/product\/yoast-seo-wordpress\/ -->\n<title>Metyu Miller: \u201cAB\u015e Qubad \u0130bado\u011flunun h\u0259bsini yax\u0131ndan izl\u0259yir\u201d - MEYDAN.TV<\/title>\n<meta name=\"robots\" content=\"index, follow, max-snippet:-1, max-image-preview:large, max-video-preview:-1\" \/>\n<link rel=\"canonical\" href=\"https:\/\/www.meydan.tv\/az\/article\/metyu-miller-abs-qubad-ibadoglunun-hebsini-yaxindan-izleyir\/\" \/>\n<meta property=\"og:locale\" content=\"az_AZ\" \/>\n<meta property=\"og:type\" content=\"article\" \/>\n<meta property=\"og:title\" content=\"Metyu Miller: \u201cAB\u015e Qubad \u0130bado\u011flunun h\u0259bsini yax\u0131ndan izl\u0259yir\u201d - MEYDAN.TV\" \/>\n<meta property=\"og:description\" content=\"D\u00f6vl\u0259t Departamentinin s\u00f6z\u00e7\u00fcs\u00fc Birl\u0259\u015fmi\u015f \u015etatlar\u0131n insan h\u00fcquqlar\u0131na v\u0259 \u0259sas azadl\u0131qlara ... Davam\u0131\" \/>\n<meta property=\"og:url\" content=\"https:\/\/www.meydan.tv\/az\/article\/metyu-miller-abs-qubad-ibadoglunun-hebsini-yaxindan-izleyir\/\" \/>\n<meta property=\"og:site_name\" content=\"MEYDAN.TV\" \/>\n<meta property=\"article:published_time\" content=\"2023-07-25T07:18:57+00:00\" \/>\n<meta property=\"article:modified_time\" content=\"2023-07-25T07:18:59+00:00\" \/>\n<meta property=\"og:image\" content=\"https:\/\/www.meydan.tv\/wp-content\/uploads\/shutterstock_191832515-e1641453991979.jpg\" \/>\n\t<meta property=\"og:image:width\" content=\"1200\" \/>\n\t<meta property=\"og:image:height\" content=\"648\" \/>\n\t<meta property=\"og:image:type\" content=\"image\/jpeg\" \/>\n<meta name=\"author\" content=\"elli\" \/>\n<meta name=\"twitter:card\" content=\"summary_large_image\" \/>\n<meta name=\"twitter:creator\" content=\"@elli\" \/>\n<script type=\"application\/ld+json\" class=\"yoast-schema-graph\">{\"@context\":\"https:\\\/\\\/schema.org\",\"@graph\":[{\"@type\":\"Article\",\"@id\":\"https:\\\/\\\/www.meydan.tv\\\/az\\\/article\\\/metyu-miller-abs-qubad-ibadoglunun-hebsini-yaxindan-izleyir\\\/#article\",\"isPartOf\":{\"@id\":\"https:\\\/\\\/www.meydan.tv\\\/az\\\/article\\\/metyu-miller-abs-qubad-ibadoglunun-hebsini-yaxindan-izleyir\\\/\"},\"author\":{\"name\":\"elli\",\"@id\":\"https:\\\/\\\/www.meydan.tv\\\/az\\\/#\\\/schema\\\/person\\\/9cdbecf90d17180ce1dfbd95b08dcf47\"},\"headline\":\"Metyu Miller: \u201cAB\u015e Qubad \u0130bado\u011flunun h\u0259bsini yax\u0131ndan izl\u0259yir\u201d\",\"datePublished\":\"2023-07-25T07:18:57+00:00\",\"dateModified\":\"2023-07-25T07:18:59+00:00\",\"mainEntityOfPage\":{\"@id\":\"https:\\\/\\\/www.meydan.tv\\\/az\\\/article\\\/metyu-miller-abs-qubad-ibadoglunun-hebsini-yaxindan-izleyir\\\/\"},\"wordCount\":481,\"publisher\":{\"@id\":\"https:\\\/\\\/www.meydan.tv\\\/az\\\/#organization\"},\"image\":{\"@id\":\"https:\\\/\\\/www.meydan.tv\\\/az\\\/article\\\/metyu-miller-abs-qubad-ibadoglunun-hebsini-yaxindan-izleyir\\\/#primaryimage\"},\"thumbnailUrl\":\"https:\\\/\\\/www.meydan.tv\\\/wp-content\\\/uploads\\\/shutterstock_191832515-e1641453991979.jpg\",\"articleSection\":[\"Siyas\u0259t\",\"T\u00f6vsiy\u0259\",\"X\u0259b\u0259rl\u0259r\"],\"inLanguage\":\"az\"},{\"@type\":\"WebPage\",\"@id\":\"https:\\\/\\\/www.meydan.tv\\\/az\\\/article\\\/metyu-miller-abs-qubad-ibadoglunun-hebsini-yaxindan-izleyir\\\/\",\"url\":\"https:\\\/\\\/www.meydan.tv\\\/az\\\/article\\\/metyu-miller-abs-qubad-ibadoglunun-hebsini-yaxindan-izleyir\\\/\",\"name\":\"Metyu Miller: \u201cAB\u015e Qubad \u0130bado\u011flunun h\u0259bsini yax\u0131ndan izl\u0259yir\u201d - MEYDAN.TV\",\"isPartOf\":{\"@id\":\"https:\\\/\\\/www.meydan.tv\\\/az\\\/#website\"},\"primaryImageOfPage\":{\"@id\":\"https:\\\/\\\/www.meydan.tv\\\/az\\\/article\\\/metyu-miller-abs-qubad-ibadoglunun-hebsini-yaxindan-izleyir\\\/#primaryimage\"},\"image\":{\"@id\":\"https:\\\/\\\/www.meydan.tv\\\/az\\\/article\\\/metyu-miller-abs-qubad-ibadoglunun-hebsini-yaxindan-izleyir\\\/#primaryimage\"},\"thumbnailUrl\":\"https:\\\/\\\/www.meydan.tv\\\/wp-content\\\/uploads\\\/shutterstock_191832515-e1641453991979.jpg\",\"datePublished\":\"2023-07-25T07:18:57+00:00\",\"dateModified\":\"2023-07-25T07:18:59+00:00\",\"breadcrumb\":{\"@id\":\"https:\\\/\\\/www.meydan.tv\\\/az\\\/article\\\/metyu-miller-abs-qubad-ibadoglunun-hebsini-yaxindan-izleyir\\\/#breadcrumb\"},\"inLanguage\":\"az\",\"potentialAction\":[{\"@type\":\"ReadAction\",\"target\":[\"https:\\\/\\\/www.meydan.tv\\\/az\\\/article\\\/metyu-miller-abs-qubad-ibadoglunun-hebsini-yaxindan-izleyir\\\/\"]}]},{\"@type\":\"ImageObject\",\"inLanguage\":\"az\",\"@id\":\"https:\\\/\\\/www.meydan.tv\\\/az\\\/article\\\/metyu-miller-abs-qubad-ibadoglunun-hebsini-yaxindan-izleyir\\\/#primaryimage\",\"url\":\"https:\\\/\\\/www.meydan.tv\\\/wp-content\\\/uploads\\\/shutterstock_191832515-e1641453991979.jpg\",\"contentUrl\":\"https:\\\/\\\/www.meydan.tv\\\/wp-content\\\/uploads\\\/shutterstock_191832515-e1641453991979.jpg\",\"width\":1200,\"height\":648,\"caption\":\"AB\u015e D\u00f6vl\u0259t Departamenti. Foto: oceanfishing\\\/Shutterstock\"},{\"@type\":\"BreadcrumbList\",\"@id\":\"https:\\\/\\\/www.meydan.tv\\\/az\\\/article\\\/metyu-miller-abs-qubad-ibadoglunun-hebsini-yaxindan-izleyir\\\/#breadcrumb\",\"itemListElement\":[{\"@type\":\"ListItem\",\"position\":1,\"name\":\"Ana s\u0259hif\u0259\",\"item\":\"https:\\\/\\\/www.meydan.tv\\\/az\\\/\"},{\"@type\":\"ListItem\",\"position\":2,\"name\":\"Siyas\u0259t\",\"item\":\"https:\\\/\\\/www.meydan.tv\\\/az\\\/section\\\/siyaset\\\/\"},{\"@type\":\"ListItem\",\"position\":3,\"name\":\"Metyu Miller: \u201cAB\u015e Qubad \u0130bado\u011flunun h\u0259bsini yax\u0131ndan izl\u0259yir\u201d\"}]},{\"@type\":\"WebSite\",\"@id\":\"https:\\\/\\\/www.meydan.tv\\\/az\\\/#website\",\"url\":\"https:\\\/\\\/www.meydan.tv\\\/az\\\/\",\"name\":\"MEYDAN.TV\",\"description\":\"Meydan TV Az\u0259rbaycan\u0131n media m\u0259kan\u0131ndak\u0131 alternativ s\u0259sidir\",\"publisher\":{\"@id\":\"https:\\\/\\\/www.meydan.tv\\\/az\\\/#organization\"},\"potentialAction\":[{\"@type\":\"SearchAction\",\"target\":{\"@type\":\"EntryPoint\",\"urlTemplate\":\"https:\\\/\\\/www.meydan.tv\\\/az\\\/?s={search_term_string}\"},\"query-input\":{\"@type\":\"PropertyValueSpecification\",\"valueRequired\":true,\"valueName\":\"search_term_string\"}}],\"inLanguage\":\"az\"},{\"@type\":\"Organization\",\"@id\":\"https:\\\/\\\/www.meydan.tv\\\/az\\\/#organization\",\"name\":\"Meydan TV\",\"url\":\"https:\\\/\\\/www.meydan.tv\\\/az\\\/\",\"logo\":{\"@type\":\"ImageObject\",\"inLanguage\":\"az\",\"@id\":\"https:\\\/\\\/www.meydan.tv\\\/az\\\/#\\\/schema\\\/logo\\\/image\\\/\",\"url\":\"https:\\\/\\\/www.meydan.tv\\\/wp-content\\\/uploads\\\/2021\\\/07\\\/meydan-logo.svg\",\"contentUrl\":\"https:\\\/\\\/www.meydan.tv\\\/wp-content\\\/uploads\\\/2021\\\/07\\\/meydan-logo.svg\",\"width\":195,\"height\":46,\"caption\":\"Meydan TV\"},\"image\":{\"@id\":\"https:\\\/\\\/www.meydan.tv\\\/az\\\/#\\\/schema\\\/logo\\\/image\\\/\"}},{\"@type\":\"Person\",\"@id\":\"https:\\\/\\\/www.meydan.tv\\\/az\\\/#\\\/schema\\\/person\\\/9cdbecf90d17180ce1dfbd95b08dcf47\",\"name\":\"elli\",\"sameAs\":[\"https:\\\/\\\/x.com\\\/elli\"]}]}<\/script>\n<!-- \/ Yoast SEO plugin. -->","yoast_head_json":{"title":"Metyu Miller: \u201cAB\u015e Qubad \u0130bado\u011flunun h\u0259bsini yax\u0131ndan izl\u0259yir\u201d - MEYDAN.TV","robots":{"index":"index","follow":"follow","max-snippet":"max-snippet:-1","max-image-preview":"max-image-preview:large","max-video-preview":"max-video-preview:-1"},"canonical":"https:\/\/www.meydan.tv\/az\/article\/metyu-miller-abs-qubad-ibadoglunun-hebsini-yaxindan-izleyir\/","og_locale":"az_AZ","og_type":"article","og_title":"Metyu Miller: \u201cAB\u015e Qubad \u0130bado\u011flunun h\u0259bsini yax\u0131ndan izl\u0259yir\u201d - MEYDAN.TV","og_description":"D\u00f6vl\u0259t Departamentinin s\u00f6z\u00e7\u00fcs\u00fc Birl\u0259\u015fmi\u015f \u015etatlar\u0131n insan h\u00fcquqlar\u0131na v\u0259 \u0259sas azadl\u0131qlara ... Davam\u0131","og_url":"https:\/\/www.meydan.tv\/az\/article\/metyu-miller-abs-qubad-ibadoglunun-hebsini-yaxindan-izleyir\/","og_site_name":"MEYDAN.TV","article_published_time":"2023-07-25T07:18:57+00:00","article_modified_time":"2023-07-25T07:18:59+00:00","og_image":[{"width":1200,"height":648,"url":"https:\/\/www.meydan.tv\/wp-content\/uploads\/shutterstock_191832515-e1641453991979.jpg","type":"image\/jpeg"}],"author":"elli","twitter_card":"summary_large_image","twitter_creator":"@elli","schema":{"@context":"https:\/\/schema.org","@graph":[{"@type":"Article","@id":"https:\/\/www.meydan.tv\/az\/article\/metyu-miller-abs-qubad-ibadoglunun-hebsini-yaxindan-izleyir\/#article","isPartOf":{"@id":"https:\/\/www.meydan.tv\/az\/article\/metyu-miller-abs-qubad-ibadoglunun-hebsini-yaxindan-izleyir\/"},"author":{"name":"elli","@id":"https:\/\/www.meydan.tv\/az\/#\/schema\/person\/9cdbecf90d17180ce1dfbd95b08dcf47"},"headline":"Metyu Miller: \u201cAB\u015e Qubad \u0130bado\u011flunun h\u0259bsini yax\u0131ndan izl\u0259yir\u201d","datePublished":"2023-07-25T07:18:57+00:00","dateModified":"2023-07-25T07:18:59+00:00","mainEntityOfPage":{"@id":"https:\/\/www.meydan.tv\/az\/article\/metyu-miller-abs-qubad-ibadoglunun-hebsini-yaxindan-izleyir\/"},"wordCount":481,"publisher":{"@id":"https:\/\/www.meydan.tv\/az\/#organization"},"image":{"@id":"https:\/\/www.meydan.tv\/az\/article\/metyu-miller-abs-qubad-ibadoglunun-hebsini-yaxindan-izleyir\/#primaryimage"},"thumbnailUrl":"https:\/\/www.meydan.tv\/wp-content\/uploads\/shutterstock_191832515-e1641453991979.jpg","articleSection":["Siyas\u0259t","T\u00f6vsiy\u0259","X\u0259b\u0259rl\u0259r"],"inLanguage":"az"},{"@type":"WebPage","@id":"https:\/\/www.meydan.tv\/az\/article\/metyu-miller-abs-qubad-ibadoglunun-hebsini-yaxindan-izleyir\/","url":"https:\/\/www.meydan.tv\/az\/article\/metyu-miller-abs-qubad-ibadoglunun-hebsini-yaxindan-izleyir\/","name":"Metyu Miller: \u201cAB\u015e Qubad \u0130bado\u011flunun h\u0259bsini yax\u0131ndan izl\u0259yir\u201d - MEYDAN.TV","isPartOf":{"@id":"https:\/\/www.meydan.tv\/az\/#website"},"primaryImageOfPage":{"@id":"https:\/\/www.meydan.tv\/az\/article\/metyu-miller-abs-qubad-ibadoglunun-hebsini-yaxindan-izleyir\/#primaryimage"},"image":{"@id":"https:\/\/www.meydan.tv\/az\/article\/metyu-miller-abs-qubad-ibadoglunun-hebsini-yaxindan-izleyir\/#primaryimage"},"thumbnailUrl":"https:\/\/www.meydan.tv\/wp-content\/uploads\/shutterstock_191832515-e1641453991979.jpg","datePublished":"2023-07-25T07:18:57+00:00","dateModified":"2023-07-25T07:18:59+00:00","breadcrumb":{"@id":"https:\/\/www.meydan.tv\/az\/article\/metyu-miller-abs-qubad-ibadoglunun-hebsini-yaxindan-izleyir\/#breadcrumb"},"inLanguage":"az","potentialAction":[{"@type":"ReadAction","target":["https:\/\/www.meydan.tv\/az\/article\/metyu-miller-abs-qubad-ibadoglunun-hebsini-yaxindan-izleyir\/"]}]},{"@type":"ImageObject","inLanguage":"az","@id":"https:\/\/www.meydan.tv\/az\/article\/metyu-miller-abs-qubad-ibadoglunun-hebsini-yaxindan-izleyir\/#primaryimage","url":"https:\/\/www.meydan.tv\/wp-content\/uploads\/shutterstock_191832515-e1641453991979.jpg","contentUrl":"https:\/\/www.meydan.tv\/wp-content\/uploads\/shutterstock_191832515-e1641453991979.jpg","width":1200,"height":648,"caption":"AB\u015e D\u00f6vl\u0259t Departamenti. Foto: oceanfishing\/Shutterstock"},{"@type":"BreadcrumbList","@id":"https:\/\/www.meydan.tv\/az\/article\/metyu-miller-abs-qubad-ibadoglunun-hebsini-yaxindan-izleyir\/#breadcrumb","itemListElement":[{"@type":"ListItem","position":1,"name":"Ana s\u0259hif\u0259","item":"https:\/\/www.meydan.tv\/az\/"},{"@type":"ListItem","position":2,"name":"Siyas\u0259t","item":"https:\/\/www.meydan.tv\/az\/section\/siyaset\/"},{"@type":"ListItem","position":3,"name":"Metyu Miller: \u201cAB\u015e Qubad \u0130bado\u011flunun h\u0259bsini yax\u0131ndan izl\u0259yir\u201d"}]},{"@type":"WebSite","@id":"https:\/\/www.meydan.tv\/az\/#website","url":"https:\/\/www.meydan.tv\/az\/","name":"MEYDAN.TV","description":"Meydan TV Az\u0259rbaycan\u0131n media m\u0259kan\u0131ndak\u0131 alternativ s\u0259sidir","publisher":{"@id":"https:\/\/www.meydan.tv\/az\/#organization"},"potentialAction":[{"@type":"SearchAction","target":{"@type":"EntryPoint","urlTemplate":"https:\/\/www.meydan.tv\/az\/?s={search_term_string}"},"query-input":{"@type":"PropertyValueSpecification","valueRequired":true,"valueName":"search_term_string"}}],"inLanguage":"az"},{"@type":"Organization","@id":"https:\/\/www.meydan.tv\/az\/#organization","name":"Meydan TV","url":"https:\/\/www.meydan.tv\/az\/","logo":{"@type":"ImageObject","inLanguage":"az","@id":"https:\/\/www.meydan.tv\/az\/#\/schema\/logo\/image\/","url":"https:\/\/www.meydan.tv\/wp-content\/uploads\/2021\/07\/meydan-logo.svg","contentUrl":"https:\/\/www.meydan.tv\/wp-content\/uploads\/2021\/07\/meydan-logo.svg","width":195,"height":46,"caption":"Meydan TV"},"image":{"@id":"https:\/\/www.meydan.tv\/az\/#\/schema\/logo\/image\/"}},{"@type":"Person","@id":"https:\/\/www.meydan.tv\/az\/#\/schema\/person\/9cdbecf90d17180ce1dfbd95b08dcf47","name":"elli","sameAs":["https:\/\/x.com\/elli"]}]}},"_links":{"self":[{"href":"https:\/\/www.meydan.tv\/az\/wp-json\/wp\/v2\/posts\/280535","targetHints":{"allow":["GET"]}}],"collection":[{"href":"https:\/\/www.meydan.tv\/az\/wp-json\/wp\/v2\/posts"}],"about":[{"href":"https:\/\/www.meydan.tv\/az\/wp-json\/wp\/v2\/types\/post"}],"author":[{"embeddable":true,"href":"https:\/\/www.meydan.tv\/az\/wp-json\/wp\/v2\/users\/8"}],"replies":[{"embeddable":true,"href":"https:\/\/www.meydan.tv\/az\/wp-json\/wp\/v2\/comments?post=280535"}],"version-history":[{"count":1,"href":"https:\/\/www.meydan.tv\/az\/wp-json\/wp\/v2\/posts\/280535\/revisions"}],"predecessor-version":[{"id":280536,"href":"https:\/\/www.meydan.tv\/az\/wp-json\/wp\/v2\/posts\/280535\/revisions\/280536"}],"wp:featuredmedia":[{"embeddable":true,"href":"https:\/\/www.meydan.tv\/az\/wp-json\/wp\/v2\/media\/231009"}],"wp:attachment":[{"href":"https:\/\/www.meydan.tv\/az\/wp-json\/wp\/v2\/media?parent=280535"}],"wp:term":[{"taxonomy":"category","embeddable":true,"href":"https:\/\/www.meydan.tv\/az\/wp-json\/wp\/v2\/categories?post=280535"},{"taxonomy":"post_tag","embeddable":true,"href":"https:\/\/www.meydan.tv\/az\/wp-json\/wp\/v2\/tags?post=280535"}],"curies":[{"name":"wp","href":"https:\/\/api.w.org\/{rel}","templated":true}]}}