{"id":280523,"date":"2023-07-24T21:52:03","date_gmt":"2023-07-24T17:52:03","guid":{"rendered":"https:\/\/www.meydan.tv\/?p=280523"},"modified":"2023-07-24T21:52:06","modified_gmt":"2023-07-24T17:52:06","slug":"bas-redaktor-yayilan-informasiyaya-gore-hebs-edilib","status":"publish","type":"post","link":"https:\/\/www.meydan.tv\/az\/article\/bas-redaktor-yayilan-informasiyaya-gore-hebs-edilib\/","title":{"rendered":"Ba\u015f redaktor yay\u0131lan informasiyaya g\u00f6r\u0259 h\u0259bs edilib"},"content":{"rendered":"\n<p><\/p>\n\n\n\n<p><strong><em>Ke\u00e7mi\u015f h\u0259rb\u00e7i d\u0259 internet televiziyas\u0131ndak\u0131 \u00e7\u0131x\u0131\u015f\u0131na g\u00f6r\u0259 c\u0259zaland\u0131r\u0131l\u0131b<\/em><\/strong><\/p>\n\n\n\n<p>\u201cH\u00fcrriyy\u0259t\u201d q\u0259zetinin ba\u015f redaktoru v\u0259 eyni adl\u0131 internet televiziyas\u0131n\u0131n r\u0259hb\u0259ri V\u00fcqar M\u0259mm\u0259dov h\u0259bs olunub. Onun haqq\u0131nda \u0130nzibati X\u0259talar M\u0259c\u0259ll\u0259sinin 388-1.1.1 (internet informasiya ehtiyat\u0131nda yay\u0131lmas\u0131 qada\u011fan edil\u0259n informasiyan\u0131n yerl\u0259\u015fdirilm\u0259si, yaxud qar\u015f\u0131s\u0131n\u0131n al\u0131nmamas\u0131) madd\u0259sil\u0259 1 ayl\u0131q h\u0259bs q\u0259rar\u0131 verilib.<\/p>\n\n\n\n<p>Onun r\u0259hb\u0259rlik etdiyi media orqan\u0131nda \u00e7\u0131x\u0131\u015f ed\u0259r\u0259k, m\u00fc\u0259yy\u0259n fikirl\u0259r s\u0259sl\u0259ndir\u0259n ke\u00e7mi\u015f h\u0259rb\u00e7i, polkovnik Elnur M\u0259mm\u0259dov da onunla birlikd\u0259 eyni \u015f\u0259kild\u0259 c\u0259zaland\u0131r\u0131l\u0131b.<\/p>\n\n\n\n<p>Meydan TV-nin \u0259ld\u0259 etdiyi m\u0259lumata g\u00f6r\u0259, V\u00fcqar M\u0259mm\u0259dov iyulun 24-d\u0259 Ba\u015f Prokurorlu\u011fa \u00e7a\u011f\u0131r\u0131l\u0131b. O, \u201cH\u00fcrriyy\u0259t TV\u201dd\u0259 Elnur M\u0259mm\u0259dovun s\u0259sl\u0259ndirdiyi fikirl\u0259rl\u0259 \u0259laq\u0259dar dindirilib. Ba\u015f Prokurorlu\u011fun Cinay\u0259t t\u0259qibind\u0259n k\u0259nar icraatlar idar\u0259sind\u0259 h\u0259m V\u00fcqar M\u0259mm\u0259dov, h\u0259m d\u0259 Elnur M\u0259mm\u0259dov haqq\u0131nda s\u0259n\u0259dl\u0259r haz\u0131rlan\u0131b. Ard\u0131nca ax\u015fam saatlar\u0131nda onlar\u0131n h\u0259r ikisi Bin\u0259q\u0259di Rayon M\u0259hk\u0259m\u0259sind\u0259 hakim qar\u015f\u0131s\u0131na \u00e7\u0131xar\u0131l\u0131b. H\u0259r birin\u0259 d\u0259 30 sutka inzibati h\u0259bs c\u0259zas\u0131 verilib.<\/p>\n\n\n\n<p>Ba\u015f Prokurorlu\u011fun m\u0259tbuat xidm\u0259ti d\u0259 h\u0259r iki \u015f\u0259xsin h\u0259bsi bar\u0259d\u0259 m\u0259lumat\u0131 t\u0259sdiql\u0259yib.<\/p>\n\n\n\n<p>Sosial \u015f\u0259b\u0259l\u0259l\u0259rd\u0259, internet televiziyalar\u0131ndak\u0131 \u00e7\u0131x\u0131\u015flar\u0131nda M\u00fcdafi\u0259 Nazirliyini t\u0259nqid ed\u0259n ehtiyatda olan polkovnik Elnur M\u0259mm\u0259dov bundan \u00f6nc\u0259 d\u0259 h\u0259bs olunmu\u015fdu. O, 2022-ci ilin oktyabr\u0131nda Bak\u0131 H\u0259rbi M\u0259hk\u0259m\u0259sinin h\u00f6km\u00fcn\u0259 \u0259sas\u0259n, Cinay\u0259t M\u0259c\u0259ll\u0259sinin 147.2 (a\u011f\u0131r cinay\u0259td\u0259 ittiham etm\u0259kl\u0259 b\u00f6htan atma) madd\u0259sil\u0259 t\u0259qsirli bilinmi\u015fdi. H\u0259min vaxt polkovnik M\u00fcdafi\u0259 Nazirliyinin H\u00fcquq departamentinin r\u0259isi El\u00e7in \u018fliyevin x\u00fcsusi ittiham qaydas\u0131nda qald\u0131rd\u0131\u011f\u0131 iddia \u0259sas\u0131nda c\u0259zaland\u0131r\u0131lm\u0131\u015fd\u0131.<\/p>\n\n\n\n<p>Elnur M\u0259mm\u0259dov \u00e7\u0131x\u0131\u015flar\u0131nda M\u00fcdafi\u0259 Nazirliyi sistemind\u0259 yeyintil\u0259r, qohumbazl\u0131q v\u0259 s. m\u0259s\u0259l\u0259l\u0259rd\u0259n b\u0259hs edirdi. O, M\u00fcdafi\u0259 naziri Zakir H\u0259s\u0259novu da ittiham edirdi.<\/p>\n\n\n\n<p>M\u00fcdafi\u0259 Nazirliyi is\u0259 onun iddialar\u0131n\u0131 t\u0259kzib etmi\u015f, bu bar\u0259d\u0259.r\u0259smi a\u00e7\u0131qlama yaym\u0131\u015fd\u0131:<\/p>\n\n\n\n<p>\u201cH\u00fcrriyy\u0259t\u201din r\u0259hb\u0259ri V\u00fcqar M\u0259mm\u0259dov Az\u0259rbaycan Demokrat Partiyas\u0131n\u0131n s\u0259dri S\u0259rdar C\u0259lalo\u011flunun bac\u0131s\u0131 o\u011fludur.<\/p>\n","protected":false},"excerpt":{"rendered":"<p>Ke\u00e7mi\u015f h\u0259rb\u00e7i d\u0259 internet televiziyas\u0131ndak\u0131 \u00e7\u0131x\u0131\u015f\u0131na g\u00f6r\u0259 c\u0259zaland\u0131r\u0131l\u0131b \u201cH\u00fcrriyy\u0259t\u201d q\u0259zetinin &#8230; <\/p>\n<p class=\"read-more-container\"><a title=\"Ba\u015f redaktor yay\u0131lan informasiyaya g\u00f6r\u0259 h\u0259bs edilib\" class=\"read-more button\" href=\"https:\/\/www.meydan.tv\/az\/article\/bas-redaktor-yayilan-informasiyaya-gore-hebs-edilib\/#more-280523\" aria-label=\"Read more about Ba\u015f redaktor yay\u0131lan informasiyaya g\u00f6r\u0259 h\u0259bs edilib\">Davam\u0131<\/a><\/p>\n","protected":false},"author":8,"featured_media":280520,"comment_status":"closed","ping_status":"closed","sticky":false,"template":"","format":"standard","meta":{"_acf_changed":false,"_sitemap_exclude":false,"_sitemap_priority":"","_sitemap_frequency":"","footnotes":""},"categories":[59,56],"tags":[],"class_list":["post-280523","post","type-post","status-publish","format-standard","has-post-thumbnail","hentry","category-siyaset","category-xeberler","infinite-scroll-item","generate-columns","tablet-grid-50","mobile-grid-100","grid-parent","grid-33","no-featured-image-padding"],"acf":[],"yoast_head":"<!-- This site is optimized with the Yoast SEO plugin v27.4 - https:\/\/yoast.com\/product\/yoast-seo-wordpress\/ -->\n<title>Ba\u015f redaktor yay\u0131lan informasiyaya g\u00f6r\u0259 h\u0259bs edilib - MEYDAN.TV<\/title>\n<meta name=\"robots\" content=\"index, follow, max-snippet:-1, max-image-preview:large, max-video-preview:-1\" \/>\n<link rel=\"canonical\" href=\"https:\/\/www.meydan.tv\/az\/article\/bas-redaktor-yayilan-informasiyaya-gore-hebs-edilib\/\" \/>\n<meta property=\"og:locale\" content=\"az_AZ\" \/>\n<meta property=\"og:type\" content=\"article\" \/>\n<meta property=\"og:title\" content=\"Ba\u015f redaktor yay\u0131lan informasiyaya g\u00f6r\u0259 h\u0259bs edilib - MEYDAN.TV\" \/>\n<meta property=\"og:description\" content=\"Ke\u00e7mi\u015f h\u0259rb\u00e7i d\u0259 internet televiziyas\u0131ndak\u0131 \u00e7\u0131x\u0131\u015f\u0131na g\u00f6r\u0259 c\u0259zaland\u0131r\u0131l\u0131b \u201cH\u00fcrriyy\u0259t\u201d q\u0259zetinin ... Davam\u0131\" \/>\n<meta property=\"og:url\" content=\"https:\/\/www.meydan.tv\/az\/article\/bas-redaktor-yayilan-informasiyaya-gore-hebs-edilib\/\" \/>\n<meta property=\"og:site_name\" content=\"MEYDAN.TV\" \/>\n<meta property=\"article:published_time\" content=\"2023-07-24T17:52:03+00:00\" \/>\n<meta property=\"article:modified_time\" content=\"2023-07-24T17:52:06+00:00\" \/>\n<meta property=\"og:image\" content=\"https:\/\/www.meydan.tv\/wp-content\/uploads\/untitled-design-5-68.jpg\" \/>\n\t<meta property=\"og:image:width\" content=\"1200\" \/>\n\t<meta property=\"og:image:height\" content=\"800\" \/>\n\t<meta property=\"og:image:type\" content=\"image\/jpeg\" \/>\n<meta name=\"author\" content=\"elli\" \/>\n<meta name=\"twitter:card\" content=\"summary_large_image\" \/>\n<meta name=\"twitter:creator\" content=\"@elli\" \/>\n<script type=\"application\/ld+json\" class=\"yoast-schema-graph\">{\"@context\":\"https:\\\/\\\/schema.org\",\"@graph\":[{\"@type\":\"Article\",\"@id\":\"https:\\\/\\\/www.meydan.tv\\\/az\\\/article\\\/bas-redaktor-yayilan-informasiyaya-gore-hebs-edilib\\\/#article\",\"isPartOf\":{\"@id\":\"https:\\\/\\\/www.meydan.tv\\\/az\\\/article\\\/bas-redaktor-yayilan-informasiyaya-gore-hebs-edilib\\\/\"},\"author\":{\"name\":\"elli\",\"@id\":\"https:\\\/\\\/www.meydan.tv\\\/az\\\/#\\\/schema\\\/person\\\/9cdbecf90d17180ce1dfbd95b08dcf47\"},\"headline\":\"Ba\u015f redaktor yay\u0131lan informasiyaya g\u00f6r\u0259 h\u0259bs edilib\",\"datePublished\":\"2023-07-24T17:52:03+00:00\",\"dateModified\":\"2023-07-24T17:52:06+00:00\",\"mainEntityOfPage\":{\"@id\":\"https:\\\/\\\/www.meydan.tv\\\/az\\\/article\\\/bas-redaktor-yayilan-informasiyaya-gore-hebs-edilib\\\/\"},\"wordCount\":456,\"publisher\":{\"@id\":\"https:\\\/\\\/www.meydan.tv\\\/az\\\/#organization\"},\"image\":{\"@id\":\"https:\\\/\\\/www.meydan.tv\\\/az\\\/article\\\/bas-redaktor-yayilan-informasiyaya-gore-hebs-edilib\\\/#primaryimage\"},\"thumbnailUrl\":\"https:\\\/\\\/www.meydan.tv\\\/wp-content\\\/uploads\\\/untitled-design-5-68.jpg\",\"articleSection\":[\"Siyas\u0259t\",\"X\u0259b\u0259rl\u0259r\"],\"inLanguage\":\"az\"},{\"@type\":\"WebPage\",\"@id\":\"https:\\\/\\\/www.meydan.tv\\\/az\\\/article\\\/bas-redaktor-yayilan-informasiyaya-gore-hebs-edilib\\\/\",\"url\":\"https:\\\/\\\/www.meydan.tv\\\/az\\\/article\\\/bas-redaktor-yayilan-informasiyaya-gore-hebs-edilib\\\/\",\"name\":\"Ba\u015f redaktor yay\u0131lan informasiyaya g\u00f6r\u0259 h\u0259bs edilib - MEYDAN.TV\",\"isPartOf\":{\"@id\":\"https:\\\/\\\/www.meydan.tv\\\/az\\\/#website\"},\"primaryImageOfPage\":{\"@id\":\"https:\\\/\\\/www.meydan.tv\\\/az\\\/article\\\/bas-redaktor-yayilan-informasiyaya-gore-hebs-edilib\\\/#primaryimage\"},\"image\":{\"@id\":\"https:\\\/\\\/www.meydan.tv\\\/az\\\/article\\\/bas-redaktor-yayilan-informasiyaya-gore-hebs-edilib\\\/#primaryimage\"},\"thumbnailUrl\":\"https:\\\/\\\/www.meydan.tv\\\/wp-content\\\/uploads\\\/untitled-design-5-68.jpg\",\"datePublished\":\"2023-07-24T17:52:03+00:00\",\"dateModified\":\"2023-07-24T17:52:06+00:00\",\"breadcrumb\":{\"@id\":\"https:\\\/\\\/www.meydan.tv\\\/az\\\/article\\\/bas-redaktor-yayilan-informasiyaya-gore-hebs-edilib\\\/#breadcrumb\"},\"inLanguage\":\"az\",\"potentialAction\":[{\"@type\":\"ReadAction\",\"target\":[\"https:\\\/\\\/www.meydan.tv\\\/az\\\/article\\\/bas-redaktor-yayilan-informasiyaya-gore-hebs-edilib\\\/\"]}]},{\"@type\":\"ImageObject\",\"inLanguage\":\"az\",\"@id\":\"https:\\\/\\\/www.meydan.tv\\\/az\\\/article\\\/bas-redaktor-yayilan-informasiyaya-gore-hebs-edilib\\\/#primaryimage\",\"url\":\"https:\\\/\\\/www.meydan.tv\\\/wp-content\\\/uploads\\\/untitled-design-5-68.jpg\",\"contentUrl\":\"https:\\\/\\\/www.meydan.tv\\\/wp-content\\\/uploads\\\/untitled-design-5-68.jpg\",\"width\":1200,\"height\":800,\"caption\":\"Foto: V\u00fcqar M\u0259mm\u0259dovun \u015f\u0259xsi arxivind\u0259n\"},{\"@type\":\"BreadcrumbList\",\"@id\":\"https:\\\/\\\/www.meydan.tv\\\/az\\\/article\\\/bas-redaktor-yayilan-informasiyaya-gore-hebs-edilib\\\/#breadcrumb\",\"itemListElement\":[{\"@type\":\"ListItem\",\"position\":1,\"name\":\"Ana s\u0259hif\u0259\",\"item\":\"https:\\\/\\\/www.meydan.tv\\\/az\\\/\"},{\"@type\":\"ListItem\",\"position\":2,\"name\":\"Siyas\u0259t\",\"item\":\"https:\\\/\\\/www.meydan.tv\\\/az\\\/section\\\/siyaset\\\/\"},{\"@type\":\"ListItem\",\"position\":3,\"name\":\"Ba\u015f redaktor yay\u0131lan informasiyaya g\u00f6r\u0259 h\u0259bs edilib\"}]},{\"@type\":\"WebSite\",\"@id\":\"https:\\\/\\\/www.meydan.tv\\\/az\\\/#website\",\"url\":\"https:\\\/\\\/www.meydan.tv\\\/az\\\/\",\"name\":\"MEYDAN.TV\",\"description\":\"Meydan TV Az\u0259rbaycan\u0131n media m\u0259kan\u0131ndak\u0131 alternativ s\u0259sidir\",\"publisher\":{\"@id\":\"https:\\\/\\\/www.meydan.tv\\\/az\\\/#organization\"},\"potentialAction\":[{\"@type\":\"SearchAction\",\"target\":{\"@type\":\"EntryPoint\",\"urlTemplate\":\"https:\\\/\\\/www.meydan.tv\\\/az\\\/?s={search_term_string}\"},\"query-input\":{\"@type\":\"PropertyValueSpecification\",\"valueRequired\":true,\"valueName\":\"search_term_string\"}}],\"inLanguage\":\"az\"},{\"@type\":\"Organization\",\"@id\":\"https:\\\/\\\/www.meydan.tv\\\/az\\\/#organization\",\"name\":\"Meydan TV\",\"url\":\"https:\\\/\\\/www.meydan.tv\\\/az\\\/\",\"logo\":{\"@type\":\"ImageObject\",\"inLanguage\":\"az\",\"@id\":\"https:\\\/\\\/www.meydan.tv\\\/az\\\/#\\\/schema\\\/logo\\\/image\\\/\",\"url\":\"https:\\\/\\\/www.meydan.tv\\\/wp-content\\\/uploads\\\/2021\\\/07\\\/meydan-logo.svg\",\"contentUrl\":\"https:\\\/\\\/www.meydan.tv\\\/wp-content\\\/uploads\\\/2021\\\/07\\\/meydan-logo.svg\",\"width\":195,\"height\":46,\"caption\":\"Meydan TV\"},\"image\":{\"@id\":\"https:\\\/\\\/www.meydan.tv\\\/az\\\/#\\\/schema\\\/logo\\\/image\\\/\"}},{\"@type\":\"Person\",\"@id\":\"https:\\\/\\\/www.meydan.tv\\\/az\\\/#\\\/schema\\\/person\\\/9cdbecf90d17180ce1dfbd95b08dcf47\",\"name\":\"elli\",\"sameAs\":[\"https:\\\/\\\/x.com\\\/elli\"]}]}<\/script>\n<!-- \/ Yoast SEO plugin. -->","yoast_head_json":{"title":"Ba\u015f redaktor yay\u0131lan informasiyaya g\u00f6r\u0259 h\u0259bs edilib - MEYDAN.TV","robots":{"index":"index","follow":"follow","max-snippet":"max-snippet:-1","max-image-preview":"max-image-preview:large","max-video-preview":"max-video-preview:-1"},"canonical":"https:\/\/www.meydan.tv\/az\/article\/bas-redaktor-yayilan-informasiyaya-gore-hebs-edilib\/","og_locale":"az_AZ","og_type":"article","og_title":"Ba\u015f redaktor yay\u0131lan informasiyaya g\u00f6r\u0259 h\u0259bs edilib - MEYDAN.TV","og_description":"Ke\u00e7mi\u015f h\u0259rb\u00e7i d\u0259 internet televiziyas\u0131ndak\u0131 \u00e7\u0131x\u0131\u015f\u0131na g\u00f6r\u0259 c\u0259zaland\u0131r\u0131l\u0131b \u201cH\u00fcrriyy\u0259t\u201d q\u0259zetinin ... Davam\u0131","og_url":"https:\/\/www.meydan.tv\/az\/article\/bas-redaktor-yayilan-informasiyaya-gore-hebs-edilib\/","og_site_name":"MEYDAN.TV","article_published_time":"2023-07-24T17:52:03+00:00","article_modified_time":"2023-07-24T17:52:06+00:00","og_image":[{"width":1200,"height":800,"url":"https:\/\/www.meydan.tv\/wp-content\/uploads\/untitled-design-5-68.jpg","type":"image\/jpeg"}],"author":"elli","twitter_card":"summary_large_image","twitter_creator":"@elli","schema":{"@context":"https:\/\/schema.org","@graph":[{"@type":"Article","@id":"https:\/\/www.meydan.tv\/az\/article\/bas-redaktor-yayilan-informasiyaya-gore-hebs-edilib\/#article","isPartOf":{"@id":"https:\/\/www.meydan.tv\/az\/article\/bas-redaktor-yayilan-informasiyaya-gore-hebs-edilib\/"},"author":{"name":"elli","@id":"https:\/\/www.meydan.tv\/az\/#\/schema\/person\/9cdbecf90d17180ce1dfbd95b08dcf47"},"headline":"Ba\u015f redaktor yay\u0131lan informasiyaya g\u00f6r\u0259 h\u0259bs edilib","datePublished":"2023-07-24T17:52:03+00:00","dateModified":"2023-07-24T17:52:06+00:00","mainEntityOfPage":{"@id":"https:\/\/www.meydan.tv\/az\/article\/bas-redaktor-yayilan-informasiyaya-gore-hebs-edilib\/"},"wordCount":456,"publisher":{"@id":"https:\/\/www.meydan.tv\/az\/#organization"},"image":{"@id":"https:\/\/www.meydan.tv\/az\/article\/bas-redaktor-yayilan-informasiyaya-gore-hebs-edilib\/#primaryimage"},"thumbnailUrl":"https:\/\/www.meydan.tv\/wp-content\/uploads\/untitled-design-5-68.jpg","articleSection":["Siyas\u0259t","X\u0259b\u0259rl\u0259r"],"inLanguage":"az"},{"@type":"WebPage","@id":"https:\/\/www.meydan.tv\/az\/article\/bas-redaktor-yayilan-informasiyaya-gore-hebs-edilib\/","url":"https:\/\/www.meydan.tv\/az\/article\/bas-redaktor-yayilan-informasiyaya-gore-hebs-edilib\/","name":"Ba\u015f redaktor yay\u0131lan informasiyaya g\u00f6r\u0259 h\u0259bs edilib - MEYDAN.TV","isPartOf":{"@id":"https:\/\/www.meydan.tv\/az\/#website"},"primaryImageOfPage":{"@id":"https:\/\/www.meydan.tv\/az\/article\/bas-redaktor-yayilan-informasiyaya-gore-hebs-edilib\/#primaryimage"},"image":{"@id":"https:\/\/www.meydan.tv\/az\/article\/bas-redaktor-yayilan-informasiyaya-gore-hebs-edilib\/#primaryimage"},"thumbnailUrl":"https:\/\/www.meydan.tv\/wp-content\/uploads\/untitled-design-5-68.jpg","datePublished":"2023-07-24T17:52:03+00:00","dateModified":"2023-07-24T17:52:06+00:00","breadcrumb":{"@id":"https:\/\/www.meydan.tv\/az\/article\/bas-redaktor-yayilan-informasiyaya-gore-hebs-edilib\/#breadcrumb"},"inLanguage":"az","potentialAction":[{"@type":"ReadAction","target":["https:\/\/www.meydan.tv\/az\/article\/bas-redaktor-yayilan-informasiyaya-gore-hebs-edilib\/"]}]},{"@type":"ImageObject","inLanguage":"az","@id":"https:\/\/www.meydan.tv\/az\/article\/bas-redaktor-yayilan-informasiyaya-gore-hebs-edilib\/#primaryimage","url":"https:\/\/www.meydan.tv\/wp-content\/uploads\/untitled-design-5-68.jpg","contentUrl":"https:\/\/www.meydan.tv\/wp-content\/uploads\/untitled-design-5-68.jpg","width":1200,"height":800,"caption":"Foto: V\u00fcqar M\u0259mm\u0259dovun \u015f\u0259xsi arxivind\u0259n"},{"@type":"BreadcrumbList","@id":"https:\/\/www.meydan.tv\/az\/article\/bas-redaktor-yayilan-informasiyaya-gore-hebs-edilib\/#breadcrumb","itemListElement":[{"@type":"ListItem","position":1,"name":"Ana s\u0259hif\u0259","item":"https:\/\/www.meydan.tv\/az\/"},{"@type":"ListItem","position":2,"name":"Siyas\u0259t","item":"https:\/\/www.meydan.tv\/az\/section\/siyaset\/"},{"@type":"ListItem","position":3,"name":"Ba\u015f redaktor yay\u0131lan informasiyaya g\u00f6r\u0259 h\u0259bs edilib"}]},{"@type":"WebSite","@id":"https:\/\/www.meydan.tv\/az\/#website","url":"https:\/\/www.meydan.tv\/az\/","name":"MEYDAN.TV","description":"Meydan TV Az\u0259rbaycan\u0131n media m\u0259kan\u0131ndak\u0131 alternativ s\u0259sidir","publisher":{"@id":"https:\/\/www.meydan.tv\/az\/#organization"},"potentialAction":[{"@type":"SearchAction","target":{"@type":"EntryPoint","urlTemplate":"https:\/\/www.meydan.tv\/az\/?s={search_term_string}"},"query-input":{"@type":"PropertyValueSpecification","valueRequired":true,"valueName":"search_term_string"}}],"inLanguage":"az"},{"@type":"Organization","@id":"https:\/\/www.meydan.tv\/az\/#organization","name":"Meydan TV","url":"https:\/\/www.meydan.tv\/az\/","logo":{"@type":"ImageObject","inLanguage":"az","@id":"https:\/\/www.meydan.tv\/az\/#\/schema\/logo\/image\/","url":"https:\/\/www.meydan.tv\/wp-content\/uploads\/2021\/07\/meydan-logo.svg","contentUrl":"https:\/\/www.meydan.tv\/wp-content\/uploads\/2021\/07\/meydan-logo.svg","width":195,"height":46,"caption":"Meydan TV"},"image":{"@id":"https:\/\/www.meydan.tv\/az\/#\/schema\/logo\/image\/"}},{"@type":"Person","@id":"https:\/\/www.meydan.tv\/az\/#\/schema\/person\/9cdbecf90d17180ce1dfbd95b08dcf47","name":"elli","sameAs":["https:\/\/x.com\/elli"]}]}},"_links":{"self":[{"href":"https:\/\/www.meydan.tv\/az\/wp-json\/wp\/v2\/posts\/280523","targetHints":{"allow":["GET"]}}],"collection":[{"href":"https:\/\/www.meydan.tv\/az\/wp-json\/wp\/v2\/posts"}],"about":[{"href":"https:\/\/www.meydan.tv\/az\/wp-json\/wp\/v2\/types\/post"}],"author":[{"embeddable":true,"href":"https:\/\/www.meydan.tv\/az\/wp-json\/wp\/v2\/users\/8"}],"replies":[{"embeddable":true,"href":"https:\/\/www.meydan.tv\/az\/wp-json\/wp\/v2\/comments?post=280523"}],"version-history":[{"count":1,"href":"https:\/\/www.meydan.tv\/az\/wp-json\/wp\/v2\/posts\/280523\/revisions"}],"predecessor-version":[{"id":280524,"href":"https:\/\/www.meydan.tv\/az\/wp-json\/wp\/v2\/posts\/280523\/revisions\/280524"}],"wp:featuredmedia":[{"embeddable":true,"href":"https:\/\/www.meydan.tv\/az\/wp-json\/wp\/v2\/media\/280520"}],"wp:attachment":[{"href":"https:\/\/www.meydan.tv\/az\/wp-json\/wp\/v2\/media?parent=280523"}],"wp:term":[{"taxonomy":"category","embeddable":true,"href":"https:\/\/www.meydan.tv\/az\/wp-json\/wp\/v2\/categories?post=280523"},{"taxonomy":"post_tag","embeddable":true,"href":"https:\/\/www.meydan.tv\/az\/wp-json\/wp\/v2\/tags?post=280523"}],"curies":[{"name":"wp","href":"https:\/\/api.w.org\/{rel}","templated":true}]}}