{"id":280491,"date":"2023-07-24T15:42:27","date_gmt":"2023-07-24T11:42:27","guid":{"rendered":"https:\/\/www.meydan.tv\/?p=280491"},"modified":"2023-07-24T17:28:30","modified_gmt":"2023-07-24T13:28:30","slug":"qubad-ibadoglu-teqsirlendirilen-sexs-kimi-dindirilib-ona-verilen-ittiham-agirlasdirilib","status":"publish","type":"post","link":"https:\/\/www.meydan.tv\/az\/article\/qubad-ibadoglu-teqsirlendirilen-sexs-kimi-dindirilib-ona-verilen-ittiham-agirlasdirilib\/","title":{"rendered":"Qubad \u0130bado\u011flu il\u0259 ba\u011fl\u0131 ilkin istintaq d\u00f6vr\u00fc \u00fc\u00e7\u00fcn h\u0259bs q\u0259rar\u0131 verildi (yenil\u0259nib)"},"content":{"rendered":"\n<p><\/p>\n\n\n\n<p><\/p>\n\n\n\n<p><strong>Az\u0259rbaycan Demokratiya v\u0259 Rifah Partiyas\u0131n\u0131n (ADR) s\u0259dri Qubad \u0130bado\u011flu haqq\u0131nda h\u0259bs q\u0259rar\u0131 verildi. Onun bar\u0259sind\u0259 ilkin istintaq d\u00f6vr\u00fc \u00fc\u00e7\u00fcn 3 ay 26 g\u00fcnl\u00fck h\u0259bs q\u0259timkan t\u0259dbiri se\u00e7ilib. Bu bar\u0259d\u0259 N\u0259rimanov Rayon M\u0259hk\u0259m\u0259sind\u0259 hakim V\u00fcsal Qurbanov q\u0259rar \u00e7\u0131xar\u0131b.<\/strong><\/p>\n\n\n\n<p><strong>M\u0259hk\u0259m\u0259d\u0259 Qubad \u0130bado\u011flu da, onun v\u0259kili Zibeyd\u0259 Sad\u0131qova da h\u0259bs q\u0259timkan t\u0259dbiri se\u00e7ilm\u0259si \u00fc\u00e7\u00fcn prokurorun t\u0259qdimat\u0131na etiraz edib.<\/strong><\/p>\n\n\n\n<p><strong>Qubad \u0130bado\u011flu ona qar\u015f\u0131 ir\u0259li s\u00fcr\u00fcl\u0259n ittiham\u0131n saxta oldu\u011funu deyib.<\/strong><\/p>\n\n\n\n<p><strong>V\u0259kil d\u0259 ittiham\u0131n \u0259sass\u0131z oldu\u011funu vur\u011fulamaqla yana\u015f\u0131, onun istintaq d\u00f6vr\u00fcnd\u0259 h\u0259bsd\u0259 saxlanmas\u0131na z\u0259rur\u0259t olmad\u0131\u011f\u0131n\u0131 s\u00f6yl\u0259yib. Zibeyd\u0259 Sad\u0131qova bildirib ki, Qubad \u0130bado\u011flunu h\u0259bsd\u0259 saxlamadan da istintaq apar\u0131la bil\u0259r.<\/strong><\/p>\n\n\n\n<p><strong>Lakin hakim q\u0131sa m\u00fc\u015favir\u0259d\u0259n sonra t\u0259qdimat\u0131n t\u0259min olundu\u011funu a\u00e7\u0131qlay\u0131b.<\/strong><\/p>\n\n\n\n<p><strong>V\u0259kil N\u0259rimanov rayon M\u0259hk\u0259m\u0259sinin q\u0259rar\u0131ndan apelyasiya \u015fikay\u0259ti ver\u0259c\u0259k.<\/strong><\/p>\n\n\n\n<p><strong>Adlar\u0131 bir g\u00fcn \u0259vv\u0259l T\u00fcrkiy\u0259 medias\u0131nda \u201cFET\u00d6\u201d (F\u0259tullah G\u00fcl\u0259n Terror \u00d6rg\u00fct\u00fc) il\u0259 \u0259laq\u0259li \u015f\u0259xsl\u0259r kimi t\u0259qdim olunan d\u00f6rd n\u0259f\u0259r\u0259 qar\u015f\u0131 da Qubad \u0130bado\u011flu il\u0259 eyni \u2013 Cinay\u0259t M\u0259c\u0259ll\u0259sinin 204.3.1 ( saxta pul v\u0259 ya qiym\u0259tli ka\u011f\u0131zlar haz\u0131rlama, \u0259ld\u0259 etm\u0259 v\u0259 ya satma m\u00fct\u0259\u015f\u0259kkil d\u0259st\u0259 t\u0259r\u0259find\u0259n t\u00f6r\u0259dildikd\u0259) madd\u0259si il\u0259 ittiham ir\u0259li s\u00fcr\u00fcl\u00fcb.<\/strong><\/p>\n\n\n\n<p><strong>S\u00f6z\u00fcged\u0259n d\u00f6rd n\u0259f\u0259r D\u00f6yr\u00fc\u015f C\u0259f\u0259rov, G\u00fcmrah \u018fbd\u00fcr\u0259hmanov, Ruslan \u018fliyev v\u0259 Anar \u018fliyevdir. Onlar iyulun 23-d\u0259 m\u0259hk\u0259m\u0259 qar\u015f\u0131s\u0131na \u00e7\u0131xar\u0131l\u0131b v\u0259 h\u0259r biri bar\u0259sind\u0259 ilkin istintaq d\u00f6vr\u00fc \u00fc\u00e7\u00fcn 4 ayl\u0131q h\u0259bs q\u0259timkan t\u0259dbiri se\u00e7ilib.<\/strong><\/p>\n\n\n\n<p><strong>Qubad \u0130bado\u011flu saxland\u0131qdan sonra yay\u0131lan m\u0259lumatlarda iddia olunurdu ki, Anar \u018fliyev ifad\u0259sind\u0259 onun ad\u0131n\u0131 \u00e7\u0259kib. Amma Qubad \u0130bado\u011flu \u00fcmumiyy\u0259tl\u0259, bu \u015f\u0259xsi tan\u0131mad\u0131\u011f\u0131n\u0131 deyib.<\/strong><\/p>\n\n\n\n<p><\/p>\n\n\n\n<p><\/p>\n\n\n\n<p><\/p>\n\n\n\n<hr class=\"wp-block-separator has-alpha-channel-opacity\"\/>\n\n\n\n<p><\/p>\n\n\n\n<p><strong><em>ADR s\u0259dri haz\u0131rda m\u0259hk\u0259m\u0259y\u0259 apar\u0131l\u0131b<\/em><\/strong><\/p>\n\n\n\n<p>Az\u0259rbaycan Demokratiya v\u0259 Rifah Partiyas\u0131n\u0131n s\u0259dri, iqtisad\u00e7\u0131 Qubad \u0130bado\u011flu iyulun 24-d\u0259 g\u00fcnorta saatlar\u0131nda t\u0259qsirl\u0259ndiril\u0259n \u015f\u0259xs qismind\u0259 dindirilib. Bu zaman \u015f\u00fcbh\u0259li \u015f\u0259xs qismind\u0259 dindiril\u0259rk\u0259n ona Cinay\u0259t M\u0259c\u0259ll\u0259sinin 204.1 (Saxta pul v\u0259 ya qiym\u0259tli ka\u011f\u0131zlar haz\u0131rlama, \u0259ld\u0259 etm\u0259 v\u0259 ya satma) madd\u0259sil\u0259 veril\u0259n ittiham da a\u011f\u0131rla\u015fd\u0131r\u0131l\u0131b. Qubad \u0130bado\u011fluya qar\u015f\u0131 Cinay\u0259t M\u0259c\u0259ll\u0259sinin 204.3.1 (saxta pul v\u0259 ya qiym\u0259tli ka\u011f\u0131zlar haz\u0131rlama, \u0259ld\u0259 etm\u0259 v\u0259 ya satma &#8211; m\u00fct\u0259\u015f\u0259kkil d\u0259st\u0259 t\u0259r\u0259find\u0259n t\u00f6r\u0259dildikd\u0259) madd\u0259sil\u0259 ittiham ir\u0259li s\u00fcr\u00fcl\u00fcb. \u0130stintaq d\u00f6vr\u00fcnd\u0259 onun h\u0259bsd\u0259 saxlanmas\u0131 \u00fc\u00e7\u00fcn m\u0259hk\u0259m\u0259y\u0259 t\u0259qdimat verilib.<\/p>\n\n\n\n<p>Qubad \u0130bado\u011flu bar\u0259sind\u0259 h\u0259bs q\u0259timkan t\u0259dbirinin se\u00e7ilm\u0259si m\u0259s\u0259l\u0259sin\u0259 N\u0259rimanov Rayon M\u0259hk\u0259m\u0259sind\u0259 bax\u0131lacaq.<\/p>\n\n\n\n<p>T\u0259qdimatda Qubad \u0130bado\u011flu bar\u0259sind\u0259 ilkin istintaq d\u00f6vr\u00fc \u00fc\u00e7\u00fcn 4 ayl\u0131q h\u0259bs q\u0259timkan t\u0259dbiri se\u00e7ilm\u0259si ist\u0259nilib.<\/p>\n\n\n\n<p>ADR s\u0259dri haz\u0131rda m\u0259hk\u0259m\u0259y\u0259 apar\u0131l\u0131b.<\/p>\n\n\n\n<p>Cinay\u0259t M\u0259c\u0259ll\u0259sinin 204.3.1 madd\u0259sind\u0259 8 ild\u0259n 12 il\u0259 q\u0259d\u0259r azadl\u0131qdan m\u0259hrumetm\u0259 c\u0259zas\u0131 n\u0259z\u0259rd\u0259 tutulub.<\/p>\n\n\n\n<p>Qubad \u0130bado\u011flu \u00f6z\u00fcn\u00fc t\u0259qsirli bilmir, ittiham\u0131 r\u0259dd edir. O, birba\u015fa Prezident \u0130lham \u018fliyevin sifari\u015fiyl\u0259 h\u0259bs olundu\u011funu bildirib.<\/p>\n","protected":false},"excerpt":{"rendered":"<p>Az\u0259rbaycan Demokratiya v\u0259 Rifah Partiyas\u0131n\u0131n (ADR) s\u0259dri Qubad \u0130bado\u011flu haqq\u0131nda &#8230; <\/p>\n<p class=\"read-more-container\"><a title=\"Qubad \u0130bado\u011flu il\u0259 ba\u011fl\u0131 ilkin istintaq d\u00f6vr\u00fc \u00fc\u00e7\u00fcn h\u0259bs q\u0259rar\u0131 verildi (yenil\u0259nib)\" class=\"read-more button\" href=\"https:\/\/www.meydan.tv\/az\/article\/qubad-ibadoglu-teqsirlendirilen-sexs-kimi-dindirilib-ona-verilen-ittiham-agirlasdirilib\/#more-280491\" aria-label=\"Read more about Qubad \u0130bado\u011flu il\u0259 ba\u011fl\u0131 ilkin istintaq d\u00f6vr\u00fc \u00fc\u00e7\u00fcn h\u0259bs q\u0259rar\u0131 verildi (yenil\u0259nib)\">Davam\u0131<\/a><\/p>\n","protected":false},"author":8,"featured_media":224886,"comment_status":"closed","ping_status":"closed","sticky":false,"template":"","format":"standard","meta":{"_acf_changed":false,"_sitemap_exclude":false,"_sitemap_priority":"","_sitemap_frequency":"","footnotes":""},"categories":[59,79,56],"tags":[],"class_list":["post-280491","post","type-post","status-publish","format-standard","has-post-thumbnail","hentry","category-siyaset","category-featured","category-xeberler","infinite-scroll-item","generate-columns","tablet-grid-50","mobile-grid-100","grid-parent","grid-33","no-featured-image-padding"],"acf":[],"yoast_head":"<!-- This site is optimized with the Yoast SEO plugin v27.4 - https:\/\/yoast.com\/product\/yoast-seo-wordpress\/ -->\n<title>Qubad \u0130bado\u011flu il\u0259 ba\u011fl\u0131 ilkin istintaq d\u00f6vr\u00fc \u00fc\u00e7\u00fcn h\u0259bs q\u0259rar\u0131 verildi (yenil\u0259nib) - MEYDAN.TV<\/title>\n<meta name=\"robots\" content=\"index, follow, max-snippet:-1, max-image-preview:large, max-video-preview:-1\" \/>\n<link rel=\"canonical\" href=\"https:\/\/www.meydan.tv\/az\/article\/qubad-ibadoglu-teqsirlendirilen-sexs-kimi-dindirilib-ona-verilen-ittiham-agirlasdirilib\/\" \/>\n<meta property=\"og:locale\" content=\"az_AZ\" \/>\n<meta property=\"og:type\" content=\"article\" \/>\n<meta property=\"og:title\" content=\"Qubad \u0130bado\u011flu il\u0259 ba\u011fl\u0131 ilkin istintaq d\u00f6vr\u00fc \u00fc\u00e7\u00fcn h\u0259bs q\u0259rar\u0131 verildi (yenil\u0259nib) - MEYDAN.TV\" \/>\n<meta property=\"og:description\" content=\"Az\u0259rbaycan Demokratiya v\u0259 Rifah Partiyas\u0131n\u0131n (ADR) s\u0259dri Qubad \u0130bado\u011flu haqq\u0131nda ... Davam\u0131\" \/>\n<meta property=\"og:url\" content=\"https:\/\/www.meydan.tv\/az\/article\/qubad-ibadoglu-teqsirlendirilen-sexs-kimi-dindirilib-ona-verilen-ittiham-agirlasdirilib\/\" \/>\n<meta property=\"og:site_name\" content=\"MEYDAN.TV\" \/>\n<meta property=\"article:published_time\" content=\"2023-07-24T11:42:27+00:00\" \/>\n<meta property=\"article:modified_time\" content=\"2023-07-24T13:28:30+00:00\" \/>\n<meta property=\"og:image\" content=\"https:\/\/www.meydan.tv\/wp-content\/uploads\/qubad-1-scaled-e1690123865255.jpg\" \/>\n\t<meta property=\"og:image:width\" content=\"2560\" \/>\n\t<meta property=\"og:image:height\" content=\"1260\" \/>\n\t<meta property=\"og:image:type\" content=\"image\/jpeg\" \/>\n<meta name=\"author\" content=\"elli\" \/>\n<meta name=\"twitter:card\" content=\"summary_large_image\" \/>\n<meta name=\"twitter:creator\" content=\"@elli\" \/>\n<script type=\"application\/ld+json\" class=\"yoast-schema-graph\">{\"@context\":\"https:\\\/\\\/schema.org\",\"@graph\":[{\"@type\":\"Article\",\"@id\":\"https:\\\/\\\/www.meydan.tv\\\/az\\\/article\\\/qubad-ibadoglu-teqsirlendirilen-sexs-kimi-dindirilib-ona-verilen-ittiham-agirlasdirilib\\\/#article\",\"isPartOf\":{\"@id\":\"https:\\\/\\\/www.meydan.tv\\\/az\\\/article\\\/qubad-ibadoglu-teqsirlendirilen-sexs-kimi-dindirilib-ona-verilen-ittiham-agirlasdirilib\\\/\"},\"author\":{\"name\":\"elli\",\"@id\":\"https:\\\/\\\/www.meydan.tv\\\/az\\\/#\\\/schema\\\/person\\\/9cdbecf90d17180ce1dfbd95b08dcf47\"},\"headline\":\"Qubad \u0130bado\u011flu il\u0259 ba\u011fl\u0131 ilkin istintaq d\u00f6vr\u00fc \u00fc\u00e7\u00fcn h\u0259bs q\u0259rar\u0131 verildi (yenil\u0259nib)\",\"datePublished\":\"2023-07-24T11:42:27+00:00\",\"dateModified\":\"2023-07-24T13:28:30+00:00\",\"mainEntityOfPage\":{\"@id\":\"https:\\\/\\\/www.meydan.tv\\\/az\\\/article\\\/qubad-ibadoglu-teqsirlendirilen-sexs-kimi-dindirilib-ona-verilen-ittiham-agirlasdirilib\\\/\"},\"wordCount\":639,\"publisher\":{\"@id\":\"https:\\\/\\\/www.meydan.tv\\\/az\\\/#organization\"},\"image\":{\"@id\":\"https:\\\/\\\/www.meydan.tv\\\/az\\\/article\\\/qubad-ibadoglu-teqsirlendirilen-sexs-kimi-dindirilib-ona-verilen-ittiham-agirlasdirilib\\\/#primaryimage\"},\"thumbnailUrl\":\"https:\\\/\\\/www.meydan.tv\\\/wp-content\\\/uploads\\\/qubad-1-scaled-e1690123865255.jpg\",\"articleSection\":[\"Siyas\u0259t\",\"T\u00f6vsiy\u0259\",\"X\u0259b\u0259rl\u0259r\"],\"inLanguage\":\"az\"},{\"@type\":\"WebPage\",\"@id\":\"https:\\\/\\\/www.meydan.tv\\\/az\\\/article\\\/qubad-ibadoglu-teqsirlendirilen-sexs-kimi-dindirilib-ona-verilen-ittiham-agirlasdirilib\\\/\",\"url\":\"https:\\\/\\\/www.meydan.tv\\\/az\\\/article\\\/qubad-ibadoglu-teqsirlendirilen-sexs-kimi-dindirilib-ona-verilen-ittiham-agirlasdirilib\\\/\",\"name\":\"Qubad \u0130bado\u011flu il\u0259 ba\u011fl\u0131 ilkin istintaq d\u00f6vr\u00fc \u00fc\u00e7\u00fcn h\u0259bs q\u0259rar\u0131 verildi (yenil\u0259nib) - MEYDAN.TV\",\"isPartOf\":{\"@id\":\"https:\\\/\\\/www.meydan.tv\\\/az\\\/#website\"},\"primaryImageOfPage\":{\"@id\":\"https:\\\/\\\/www.meydan.tv\\\/az\\\/article\\\/qubad-ibadoglu-teqsirlendirilen-sexs-kimi-dindirilib-ona-verilen-ittiham-agirlasdirilib\\\/#primaryimage\"},\"image\":{\"@id\":\"https:\\\/\\\/www.meydan.tv\\\/az\\\/article\\\/qubad-ibadoglu-teqsirlendirilen-sexs-kimi-dindirilib-ona-verilen-ittiham-agirlasdirilib\\\/#primaryimage\"},\"thumbnailUrl\":\"https:\\\/\\\/www.meydan.tv\\\/wp-content\\\/uploads\\\/qubad-1-scaled-e1690123865255.jpg\",\"datePublished\":\"2023-07-24T11:42:27+00:00\",\"dateModified\":\"2023-07-24T13:28:30+00:00\",\"breadcrumb\":{\"@id\":\"https:\\\/\\\/www.meydan.tv\\\/az\\\/article\\\/qubad-ibadoglu-teqsirlendirilen-sexs-kimi-dindirilib-ona-verilen-ittiham-agirlasdirilib\\\/#breadcrumb\"},\"inLanguage\":\"az\",\"potentialAction\":[{\"@type\":\"ReadAction\",\"target\":[\"https:\\\/\\\/www.meydan.tv\\\/az\\\/article\\\/qubad-ibadoglu-teqsirlendirilen-sexs-kimi-dindirilib-ona-verilen-ittiham-agirlasdirilib\\\/\"]}]},{\"@type\":\"ImageObject\",\"inLanguage\":\"az\",\"@id\":\"https:\\\/\\\/www.meydan.tv\\\/az\\\/article\\\/qubad-ibadoglu-teqsirlendirilen-sexs-kimi-dindirilib-ona-verilen-ittiham-agirlasdirilib\\\/#primaryimage\",\"url\":\"https:\\\/\\\/www.meydan.tv\\\/wp-content\\\/uploads\\\/qubad-1-scaled-e1690123865255.jpg\",\"contentUrl\":\"https:\\\/\\\/www.meydan.tv\\\/wp-content\\\/uploads\\\/qubad-1-scaled-e1690123865255.jpg\",\"width\":2560,\"height\":1260,\"caption\":\"Qubad \u0130bado\u011flu: Foto: Meydan TV\"},{\"@type\":\"BreadcrumbList\",\"@id\":\"https:\\\/\\\/www.meydan.tv\\\/az\\\/article\\\/qubad-ibadoglu-teqsirlendirilen-sexs-kimi-dindirilib-ona-verilen-ittiham-agirlasdirilib\\\/#breadcrumb\",\"itemListElement\":[{\"@type\":\"ListItem\",\"position\":1,\"name\":\"Ana s\u0259hif\u0259\",\"item\":\"https:\\\/\\\/www.meydan.tv\\\/az\\\/\"},{\"@type\":\"ListItem\",\"position\":2,\"name\":\"Siyas\u0259t\",\"item\":\"https:\\\/\\\/www.meydan.tv\\\/az\\\/section\\\/siyaset\\\/\"},{\"@type\":\"ListItem\",\"position\":3,\"name\":\"Qubad \u0130bado\u011flu il\u0259 ba\u011fl\u0131 ilkin istintaq d\u00f6vr\u00fc \u00fc\u00e7\u00fcn h\u0259bs q\u0259rar\u0131 verildi (yenil\u0259nib)\"}]},{\"@type\":\"WebSite\",\"@id\":\"https:\\\/\\\/www.meydan.tv\\\/az\\\/#website\",\"url\":\"https:\\\/\\\/www.meydan.tv\\\/az\\\/\",\"name\":\"MEYDAN.TV\",\"description\":\"Meydan TV Az\u0259rbaycan\u0131n media m\u0259kan\u0131ndak\u0131 alternativ s\u0259sidir\",\"publisher\":{\"@id\":\"https:\\\/\\\/www.meydan.tv\\\/az\\\/#organization\"},\"potentialAction\":[{\"@type\":\"SearchAction\",\"target\":{\"@type\":\"EntryPoint\",\"urlTemplate\":\"https:\\\/\\\/www.meydan.tv\\\/az\\\/?s={search_term_string}\"},\"query-input\":{\"@type\":\"PropertyValueSpecification\",\"valueRequired\":true,\"valueName\":\"search_term_string\"}}],\"inLanguage\":\"az\"},{\"@type\":\"Organization\",\"@id\":\"https:\\\/\\\/www.meydan.tv\\\/az\\\/#organization\",\"name\":\"Meydan TV\",\"url\":\"https:\\\/\\\/www.meydan.tv\\\/az\\\/\",\"logo\":{\"@type\":\"ImageObject\",\"inLanguage\":\"az\",\"@id\":\"https:\\\/\\\/www.meydan.tv\\\/az\\\/#\\\/schema\\\/logo\\\/image\\\/\",\"url\":\"https:\\\/\\\/www.meydan.tv\\\/wp-content\\\/uploads\\\/2021\\\/07\\\/meydan-logo.svg\",\"contentUrl\":\"https:\\\/\\\/www.meydan.tv\\\/wp-content\\\/uploads\\\/2021\\\/07\\\/meydan-logo.svg\",\"width\":195,\"height\":46,\"caption\":\"Meydan TV\"},\"image\":{\"@id\":\"https:\\\/\\\/www.meydan.tv\\\/az\\\/#\\\/schema\\\/logo\\\/image\\\/\"}},{\"@type\":\"Person\",\"@id\":\"https:\\\/\\\/www.meydan.tv\\\/az\\\/#\\\/schema\\\/person\\\/9cdbecf90d17180ce1dfbd95b08dcf47\",\"name\":\"elli\",\"sameAs\":[\"https:\\\/\\\/x.com\\\/elli\"]}]}<\/script>\n<!-- \/ Yoast SEO plugin. -->","yoast_head_json":{"title":"Qubad \u0130bado\u011flu il\u0259 ba\u011fl\u0131 ilkin istintaq d\u00f6vr\u00fc \u00fc\u00e7\u00fcn h\u0259bs q\u0259rar\u0131 verildi (yenil\u0259nib) - MEYDAN.TV","robots":{"index":"index","follow":"follow","max-snippet":"max-snippet:-1","max-image-preview":"max-image-preview:large","max-video-preview":"max-video-preview:-1"},"canonical":"https:\/\/www.meydan.tv\/az\/article\/qubad-ibadoglu-teqsirlendirilen-sexs-kimi-dindirilib-ona-verilen-ittiham-agirlasdirilib\/","og_locale":"az_AZ","og_type":"article","og_title":"Qubad \u0130bado\u011flu il\u0259 ba\u011fl\u0131 ilkin istintaq d\u00f6vr\u00fc \u00fc\u00e7\u00fcn h\u0259bs q\u0259rar\u0131 verildi (yenil\u0259nib) - MEYDAN.TV","og_description":"Az\u0259rbaycan Demokratiya v\u0259 Rifah Partiyas\u0131n\u0131n (ADR) s\u0259dri Qubad \u0130bado\u011flu haqq\u0131nda ... Davam\u0131","og_url":"https:\/\/www.meydan.tv\/az\/article\/qubad-ibadoglu-teqsirlendirilen-sexs-kimi-dindirilib-ona-verilen-ittiham-agirlasdirilib\/","og_site_name":"MEYDAN.TV","article_published_time":"2023-07-24T11:42:27+00:00","article_modified_time":"2023-07-24T13:28:30+00:00","og_image":[{"width":2560,"height":1260,"url":"https:\/\/www.meydan.tv\/wp-content\/uploads\/qubad-1-scaled-e1690123865255.jpg","type":"image\/jpeg"}],"author":"elli","twitter_card":"summary_large_image","twitter_creator":"@elli","schema":{"@context":"https:\/\/schema.org","@graph":[{"@type":"Article","@id":"https:\/\/www.meydan.tv\/az\/article\/qubad-ibadoglu-teqsirlendirilen-sexs-kimi-dindirilib-ona-verilen-ittiham-agirlasdirilib\/#article","isPartOf":{"@id":"https:\/\/www.meydan.tv\/az\/article\/qubad-ibadoglu-teqsirlendirilen-sexs-kimi-dindirilib-ona-verilen-ittiham-agirlasdirilib\/"},"author":{"name":"elli","@id":"https:\/\/www.meydan.tv\/az\/#\/schema\/person\/9cdbecf90d17180ce1dfbd95b08dcf47"},"headline":"Qubad \u0130bado\u011flu il\u0259 ba\u011fl\u0131 ilkin istintaq d\u00f6vr\u00fc \u00fc\u00e7\u00fcn h\u0259bs q\u0259rar\u0131 verildi (yenil\u0259nib)","datePublished":"2023-07-24T11:42:27+00:00","dateModified":"2023-07-24T13:28:30+00:00","mainEntityOfPage":{"@id":"https:\/\/www.meydan.tv\/az\/article\/qubad-ibadoglu-teqsirlendirilen-sexs-kimi-dindirilib-ona-verilen-ittiham-agirlasdirilib\/"},"wordCount":639,"publisher":{"@id":"https:\/\/www.meydan.tv\/az\/#organization"},"image":{"@id":"https:\/\/www.meydan.tv\/az\/article\/qubad-ibadoglu-teqsirlendirilen-sexs-kimi-dindirilib-ona-verilen-ittiham-agirlasdirilib\/#primaryimage"},"thumbnailUrl":"https:\/\/www.meydan.tv\/wp-content\/uploads\/qubad-1-scaled-e1690123865255.jpg","articleSection":["Siyas\u0259t","T\u00f6vsiy\u0259","X\u0259b\u0259rl\u0259r"],"inLanguage":"az"},{"@type":"WebPage","@id":"https:\/\/www.meydan.tv\/az\/article\/qubad-ibadoglu-teqsirlendirilen-sexs-kimi-dindirilib-ona-verilen-ittiham-agirlasdirilib\/","url":"https:\/\/www.meydan.tv\/az\/article\/qubad-ibadoglu-teqsirlendirilen-sexs-kimi-dindirilib-ona-verilen-ittiham-agirlasdirilib\/","name":"Qubad \u0130bado\u011flu il\u0259 ba\u011fl\u0131 ilkin istintaq d\u00f6vr\u00fc \u00fc\u00e7\u00fcn h\u0259bs q\u0259rar\u0131 verildi (yenil\u0259nib) - MEYDAN.TV","isPartOf":{"@id":"https:\/\/www.meydan.tv\/az\/#website"},"primaryImageOfPage":{"@id":"https:\/\/www.meydan.tv\/az\/article\/qubad-ibadoglu-teqsirlendirilen-sexs-kimi-dindirilib-ona-verilen-ittiham-agirlasdirilib\/#primaryimage"},"image":{"@id":"https:\/\/www.meydan.tv\/az\/article\/qubad-ibadoglu-teqsirlendirilen-sexs-kimi-dindirilib-ona-verilen-ittiham-agirlasdirilib\/#primaryimage"},"thumbnailUrl":"https:\/\/www.meydan.tv\/wp-content\/uploads\/qubad-1-scaled-e1690123865255.jpg","datePublished":"2023-07-24T11:42:27+00:00","dateModified":"2023-07-24T13:28:30+00:00","breadcrumb":{"@id":"https:\/\/www.meydan.tv\/az\/article\/qubad-ibadoglu-teqsirlendirilen-sexs-kimi-dindirilib-ona-verilen-ittiham-agirlasdirilib\/#breadcrumb"},"inLanguage":"az","potentialAction":[{"@type":"ReadAction","target":["https:\/\/www.meydan.tv\/az\/article\/qubad-ibadoglu-teqsirlendirilen-sexs-kimi-dindirilib-ona-verilen-ittiham-agirlasdirilib\/"]}]},{"@type":"ImageObject","inLanguage":"az","@id":"https:\/\/www.meydan.tv\/az\/article\/qubad-ibadoglu-teqsirlendirilen-sexs-kimi-dindirilib-ona-verilen-ittiham-agirlasdirilib\/#primaryimage","url":"https:\/\/www.meydan.tv\/wp-content\/uploads\/qubad-1-scaled-e1690123865255.jpg","contentUrl":"https:\/\/www.meydan.tv\/wp-content\/uploads\/qubad-1-scaled-e1690123865255.jpg","width":2560,"height":1260,"caption":"Qubad \u0130bado\u011flu: Foto: Meydan TV"},{"@type":"BreadcrumbList","@id":"https:\/\/www.meydan.tv\/az\/article\/qubad-ibadoglu-teqsirlendirilen-sexs-kimi-dindirilib-ona-verilen-ittiham-agirlasdirilib\/#breadcrumb","itemListElement":[{"@type":"ListItem","position":1,"name":"Ana s\u0259hif\u0259","item":"https:\/\/www.meydan.tv\/az\/"},{"@type":"ListItem","position":2,"name":"Siyas\u0259t","item":"https:\/\/www.meydan.tv\/az\/section\/siyaset\/"},{"@type":"ListItem","position":3,"name":"Qubad \u0130bado\u011flu il\u0259 ba\u011fl\u0131 ilkin istintaq d\u00f6vr\u00fc \u00fc\u00e7\u00fcn h\u0259bs q\u0259rar\u0131 verildi (yenil\u0259nib)"}]},{"@type":"WebSite","@id":"https:\/\/www.meydan.tv\/az\/#website","url":"https:\/\/www.meydan.tv\/az\/","name":"MEYDAN.TV","description":"Meydan TV Az\u0259rbaycan\u0131n media m\u0259kan\u0131ndak\u0131 alternativ s\u0259sidir","publisher":{"@id":"https:\/\/www.meydan.tv\/az\/#organization"},"potentialAction":[{"@type":"SearchAction","target":{"@type":"EntryPoint","urlTemplate":"https:\/\/www.meydan.tv\/az\/?s={search_term_string}"},"query-input":{"@type":"PropertyValueSpecification","valueRequired":true,"valueName":"search_term_string"}}],"inLanguage":"az"},{"@type":"Organization","@id":"https:\/\/www.meydan.tv\/az\/#organization","name":"Meydan TV","url":"https:\/\/www.meydan.tv\/az\/","logo":{"@type":"ImageObject","inLanguage":"az","@id":"https:\/\/www.meydan.tv\/az\/#\/schema\/logo\/image\/","url":"https:\/\/www.meydan.tv\/wp-content\/uploads\/2021\/07\/meydan-logo.svg","contentUrl":"https:\/\/www.meydan.tv\/wp-content\/uploads\/2021\/07\/meydan-logo.svg","width":195,"height":46,"caption":"Meydan TV"},"image":{"@id":"https:\/\/www.meydan.tv\/az\/#\/schema\/logo\/image\/"}},{"@type":"Person","@id":"https:\/\/www.meydan.tv\/az\/#\/schema\/person\/9cdbecf90d17180ce1dfbd95b08dcf47","name":"elli","sameAs":["https:\/\/x.com\/elli"]}]}},"_links":{"self":[{"href":"https:\/\/www.meydan.tv\/az\/wp-json\/wp\/v2\/posts\/280491","targetHints":{"allow":["GET"]}}],"collection":[{"href":"https:\/\/www.meydan.tv\/az\/wp-json\/wp\/v2\/posts"}],"about":[{"href":"https:\/\/www.meydan.tv\/az\/wp-json\/wp\/v2\/types\/post"}],"author":[{"embeddable":true,"href":"https:\/\/www.meydan.tv\/az\/wp-json\/wp\/v2\/users\/8"}],"replies":[{"embeddable":true,"href":"https:\/\/www.meydan.tv\/az\/wp-json\/wp\/v2\/comments?post=280491"}],"version-history":[{"count":6,"href":"https:\/\/www.meydan.tv\/az\/wp-json\/wp\/v2\/posts\/280491\/revisions"}],"predecessor-version":[{"id":280501,"href":"https:\/\/www.meydan.tv\/az\/wp-json\/wp\/v2\/posts\/280491\/revisions\/280501"}],"wp:featuredmedia":[{"embeddable":true,"href":"https:\/\/www.meydan.tv\/az\/wp-json\/wp\/v2\/media\/224886"}],"wp:attachment":[{"href":"https:\/\/www.meydan.tv\/az\/wp-json\/wp\/v2\/media?parent=280491"}],"wp:term":[{"taxonomy":"category","embeddable":true,"href":"https:\/\/www.meydan.tv\/az\/wp-json\/wp\/v2\/categories?post=280491"},{"taxonomy":"post_tag","embeddable":true,"href":"https:\/\/www.meydan.tv\/az\/wp-json\/wp\/v2\/tags?post=280491"}],"curies":[{"name":"wp","href":"https:\/\/api.w.org\/{rel}","templated":true}]}}