{"id":280436,"date":"2023-07-24T13:05:45","date_gmt":"2023-07-24T09:05:45","guid":{"rendered":"https:\/\/www.meydan.tv\/?p=280436"},"modified":"2023-07-24T13:05:48","modified_gmt":"2023-07-24T09:05:48","slug":"irade-bayramova-hem-mene-hem-de-qubad-ibadogluya-zorakiliq-tetbiq-olunub","status":"publish","type":"post","link":"https:\/\/www.meydan.tv\/az\/article\/irade-bayramova-hem-mene-hem-de-qubad-ibadogluya-zorakiliq-tetbiq-olunub\/","title":{"rendered":"\u0130rad\u0259 Bayramova: &#8220;H\u0259m m\u0259n\u0259, h\u0259m d\u0259 Qubad \u0130bado\u011fluya zorak\u0131l\u0131q t\u0259tbiq olunub\u201d"},"content":{"rendered":"\n<p><\/p>\n\n\n\n<p><strong><em>\u0130qtisad\u00e7\u0131n\u0131n h\u0259yat yolda\u015f\u0131 m\u00fcraci\u0259t yayd\u0131<\/em><\/strong><br><\/p>\n\n\n\n<p>\u0130yulun 23-d\u0259 saxlan\u0131lan Qubad \u0130bado\u011flunun h\u0259yat yolda\u015f\u0131 \u0130rad\u0259 Bayramova Az\u0259rbaycan xalq\u0131na m\u00fcraci\u0259t edib.<\/p>\n\n\n\n<p>\u0130rad\u0259 Bayramova bildirib ki, h\u0259yat yolda\u015f\u0131 \u0130lham \u018fliyevin sifari\u015fi il\u0259 Ba\u015f M\u00fct\u0259\u015f\u0259kkil Cinay\u0259tkarl\u0131qla M\u00fcbariz\u0259 \u0130dar\u0259sind\u0259 saxlan\u0131l\u0131b:<\/p>\n\n\n\n<p><em>&#8220;H\u00f6kum\u0259t yenid\u0259n na\u011f\u0131l uydurub, onu saxta pul sat\u0131\u015f\u0131 il\u0259 ittiham edir. Eyni zamanda, h\u0259m T\u00fckiy\u0259, h\u0259m Az\u0259rbaycan medias\u0131 ona &#8220;FETO&#8221;\u00e7\u00fc dey\u0259 b\u00f6htan at\u0131r&#8221;.<\/em><\/p>\n\n\n\n<p>\u0130rad\u0259 Bayramova saxlan\u0131lark\u0259n zorak\u0131l\u0131\u011fa m\u0259ruz qald\u0131qlar\u0131n\u0131 qeyd edib:<\/p>\n\n\n\n<p><em>&#8220;H\u0259m m\u0259n\u0259, h\u0259m d\u0259 Qubad \u0130bado\u011fluya zorak\u0131l\u0131q t\u0259tbiq olunub! H\u0259r ikimizin b\u0259d\u0259nind\u0259 x\u0259sar\u0259t izl\u0259ri var&#8221;.<\/em><\/p>\n\n\n\n<p>Onun s\u00f6zl\u0259rin\u0259 g\u00f6r\u0259, h\u0259yat yolda\u015f\u0131na d\u0259rmanlar\u0131n\u0131 \u00e7atd\u0131ra bilmir:<\/p>\n\n\n\n<p><em>&#8220;Qubad b\u0259y x\u0259st\u0259di v\u0259 g\u00fcn \u0259rzind\u0259 d\u0259f\u0259l\u0259rl\u0259 bir \u00e7ox d\u0259rman q\u0259bul etm\u0259lidir. Buna icaz\u0259 verm\u0259y\u0259r\u0259k, onu sad\u0259c\u0259 \u00f6ld\u00fcrm\u0259k ist\u0259yirl\u0259r! H\u0259r k\u0259sd\u0259n xahi\u015f edir\u0259m, etiraz edin! Qubad b\u0259y \u00fc\u00e7\u00fcn y\u0131\u011f\u0131\u015f\u0131n k\u00fc\u00e7\u0259l\u0259r\u0259! S\u0259sinizi qald\u0131r\u0131n! Qoymay\u0131n Qubad \u0130bado\u011flunu \u00f6ld\u00fcrs\u00fcnl\u0259r, qoymay\u0131n bu hakimiyy\u0259t onun axr\u0131na \u00e7\u0131xs\u0131n!&#8221;.<\/em><\/p>\n\n\n\n<p>Az\u0259rbaycan Demokratiya v\u0259 Rifah Partiyas\u0131n\u0131n s\u0259dri, iqtisad\u00e7\u0131 Qubad \u0130bado\u011flu iyulun 23-d\u0259 Sumqay\u0131tdan qay\u0131dark\u0259n Novxan\u0131da saxlan\u0131l\u0131b. Onu Daxili \u0130\u015fl\u0259r Nazirliyinin M\u00fct\u0259\u015f\u0259kkil Cinay\u0259tkarl\u0131qla M\u00fcbariz\u0259 \u0130dar\u0259sin\u0259 (\u201cBandotdel\u201d) apar\u0131blar, ard\u0131nca ofisind\u0259 v\u0259 m\u0259nzilind\u0259 axtar\u0131\u015f apar\u0131l\u0131b.<\/p>\n\n\n\n<p>\u0130yulun 24-d\u0259 Q.\u0130bado\u011fluna qar\u015f\u0131 Cinay\u0259t M\u0259c\u0259ll\u0259sinin 204.1 (Saxta pul v\u0259 ya qiym\u0259tli ka\u011f\u0131zlar haz\u0131rlama, \u0259ld\u0259 etm\u0259 v\u0259 ya satma) madd\u0259sil\u0259 ittiham ir\u0259li s\u00fcr\u00fcl\u00fcb.<\/p>\n\n\n\n<p>Onun v\u0259kili Zibeyd\u0259 Sad\u0131qova Meydan TV-y\u0259 bildirib ki, iyulun 23-d\u0259n 24-d\u0259 ke\u00e7\u0259n gec\u0259 ADR s\u0259dri \u015f\u00fcbh\u0259li \u015f\u0259xs qismind\u0259 c\u0259lb olunaraq, onun haqq\u0131nda tutma q\u0259rar\u0131 <a href=\"https:\/\/storage.googleapis.com\/qurium\/www.meydan.tv\/az-article-vekil-qubad-ibadogluya-feto-ile-bagli-suallar-verilmeyib.html\" target=\"_blank\" rel=\"noreferrer noopener\">verilib<\/a>.<\/p>\n","protected":false},"excerpt":{"rendered":"<p>\u0130qtisad\u00e7\u0131n\u0131n h\u0259yat yolda\u015f\u0131 m\u00fcraci\u0259t yayd\u0131 \u0130yulun 23-d\u0259 saxlan\u0131lan Qubad \u0130bado\u011flunun &#8230; <\/p>\n<p class=\"read-more-container\"><a title=\"\u0130rad\u0259 Bayramova: &#8220;H\u0259m m\u0259n\u0259, h\u0259m d\u0259 Qubad \u0130bado\u011fluya zorak\u0131l\u0131q t\u0259tbiq olunub\u201d\" class=\"read-more button\" href=\"https:\/\/www.meydan.tv\/az\/article\/irade-bayramova-hem-mene-hem-de-qubad-ibadogluya-zorakiliq-tetbiq-olunub\/#more-280436\" aria-label=\"Read more about \u0130rad\u0259 Bayramova: &#8220;H\u0259m m\u0259n\u0259, h\u0259m d\u0259 Qubad \u0130bado\u011fluya zorak\u0131l\u0131q t\u0259tbiq olunub\u201d\">Davam\u0131<\/a><\/p>\n","protected":false},"author":8,"featured_media":142772,"comment_status":"closed","ping_status":"closed","sticky":false,"template":"","format":"standard","meta":{"_acf_changed":false,"_sitemap_exclude":false,"_sitemap_priority":"","_sitemap_frequency":"","footnotes":""},"categories":[59,79,56],"tags":[],"class_list":["post-280436","post","type-post","status-publish","format-standard","has-post-thumbnail","hentry","category-siyaset","category-featured","category-xeberler","infinite-scroll-item","generate-columns","tablet-grid-50","mobile-grid-100","grid-parent","grid-33","no-featured-image-padding"],"acf":[],"yoast_head":"<!-- This site is optimized with the Yoast SEO plugin v27.4 - https:\/\/yoast.com\/product\/yoast-seo-wordpress\/ -->\n<title>\u0130rad\u0259 Bayramova: &quot;H\u0259m m\u0259n\u0259, h\u0259m d\u0259 Qubad \u0130bado\u011fluya zorak\u0131l\u0131q t\u0259tbiq olunub\u201d - MEYDAN.TV<\/title>\n<meta name=\"robots\" content=\"index, follow, max-snippet:-1, max-image-preview:large, max-video-preview:-1\" \/>\n<link rel=\"canonical\" href=\"https:\/\/www.meydan.tv\/az\/article\/irade-bayramova-hem-mene-hem-de-qubad-ibadogluya-zorakiliq-tetbiq-olunub\/\" \/>\n<meta property=\"og:locale\" content=\"az_AZ\" \/>\n<meta property=\"og:type\" content=\"article\" \/>\n<meta property=\"og:title\" content=\"\u0130rad\u0259 Bayramova: &quot;H\u0259m m\u0259n\u0259, h\u0259m d\u0259 Qubad \u0130bado\u011fluya zorak\u0131l\u0131q t\u0259tbiq olunub\u201d - MEYDAN.TV\" \/>\n<meta property=\"og:description\" content=\"\u0130qtisad\u00e7\u0131n\u0131n h\u0259yat yolda\u015f\u0131 m\u00fcraci\u0259t yayd\u0131 \u0130yulun 23-d\u0259 saxlan\u0131lan Qubad \u0130bado\u011flunun ... Davam\u0131\" \/>\n<meta property=\"og:url\" content=\"https:\/\/www.meydan.tv\/az\/article\/irade-bayramova-hem-mene-hem-de-qubad-ibadogluya-zorakiliq-tetbiq-olunub\/\" \/>\n<meta property=\"og:site_name\" content=\"MEYDAN.TV\" \/>\n<meta property=\"article:published_time\" content=\"2023-07-24T09:05:45+00:00\" \/>\n<meta property=\"article:modified_time\" content=\"2023-07-24T09:05:48+00:00\" \/>\n<meta property=\"og:image\" content=\"https:\/\/www.meydan.tv\/wp-content\/uploads\/qubad_ibadoglu-ex_2-scaled.jpg\" \/>\n\t<meta property=\"og:image:width\" content=\"2560\" \/>\n\t<meta property=\"og:image:height\" content=\"1707\" \/>\n\t<meta property=\"og:image:type\" content=\"image\/jpeg\" \/>\n<meta name=\"author\" content=\"elli\" \/>\n<meta name=\"twitter:card\" content=\"summary_large_image\" \/>\n<meta name=\"twitter:creator\" content=\"@elli\" \/>\n<script type=\"application\/ld+json\" class=\"yoast-schema-graph\">{\"@context\":\"https:\\\/\\\/schema.org\",\"@graph\":[{\"@type\":\"Article\",\"@id\":\"https:\\\/\\\/www.meydan.tv\\\/az\\\/article\\\/irade-bayramova-hem-mene-hem-de-qubad-ibadogluya-zorakiliq-tetbiq-olunub\\\/#article\",\"isPartOf\":{\"@id\":\"https:\\\/\\\/www.meydan.tv\\\/az\\\/article\\\/irade-bayramova-hem-mene-hem-de-qubad-ibadogluya-zorakiliq-tetbiq-olunub\\\/\"},\"author\":{\"name\":\"elli\",\"@id\":\"https:\\\/\\\/www.meydan.tv\\\/az\\\/#\\\/schema\\\/person\\\/9cdbecf90d17180ce1dfbd95b08dcf47\"},\"headline\":\"\u0130rad\u0259 Bayramova: &#8220;H\u0259m m\u0259n\u0259, h\u0259m d\u0259 Qubad \u0130bado\u011fluya zorak\u0131l\u0131q t\u0259tbiq olunub\u201d\",\"datePublished\":\"2023-07-24T09:05:45+00:00\",\"dateModified\":\"2023-07-24T09:05:48+00:00\",\"mainEntityOfPage\":{\"@id\":\"https:\\\/\\\/www.meydan.tv\\\/az\\\/article\\\/irade-bayramova-hem-mene-hem-de-qubad-ibadogluya-zorakiliq-tetbiq-olunub\\\/\"},\"wordCount\":370,\"publisher\":{\"@id\":\"https:\\\/\\\/www.meydan.tv\\\/az\\\/#organization\"},\"image\":{\"@id\":\"https:\\\/\\\/www.meydan.tv\\\/az\\\/article\\\/irade-bayramova-hem-mene-hem-de-qubad-ibadogluya-zorakiliq-tetbiq-olunub\\\/#primaryimage\"},\"thumbnailUrl\":\"https:\\\/\\\/www.meydan.tv\\\/wp-content\\\/uploads\\\/qubad_ibadoglu-ex_2-scaled.jpg\",\"articleSection\":[\"Siyas\u0259t\",\"T\u00f6vsiy\u0259\",\"X\u0259b\u0259rl\u0259r\"],\"inLanguage\":\"az\"},{\"@type\":\"WebPage\",\"@id\":\"https:\\\/\\\/www.meydan.tv\\\/az\\\/article\\\/irade-bayramova-hem-mene-hem-de-qubad-ibadogluya-zorakiliq-tetbiq-olunub\\\/\",\"url\":\"https:\\\/\\\/www.meydan.tv\\\/az\\\/article\\\/irade-bayramova-hem-mene-hem-de-qubad-ibadogluya-zorakiliq-tetbiq-olunub\\\/\",\"name\":\"\u0130rad\u0259 Bayramova: \\\"H\u0259m m\u0259n\u0259, h\u0259m d\u0259 Qubad \u0130bado\u011fluya zorak\u0131l\u0131q t\u0259tbiq olunub\u201d - MEYDAN.TV\",\"isPartOf\":{\"@id\":\"https:\\\/\\\/www.meydan.tv\\\/az\\\/#website\"},\"primaryImageOfPage\":{\"@id\":\"https:\\\/\\\/www.meydan.tv\\\/az\\\/article\\\/irade-bayramova-hem-mene-hem-de-qubad-ibadogluya-zorakiliq-tetbiq-olunub\\\/#primaryimage\"},\"image\":{\"@id\":\"https:\\\/\\\/www.meydan.tv\\\/az\\\/article\\\/irade-bayramova-hem-mene-hem-de-qubad-ibadogluya-zorakiliq-tetbiq-olunub\\\/#primaryimage\"},\"thumbnailUrl\":\"https:\\\/\\\/www.meydan.tv\\\/wp-content\\\/uploads\\\/qubad_ibadoglu-ex_2-scaled.jpg\",\"datePublished\":\"2023-07-24T09:05:45+00:00\",\"dateModified\":\"2023-07-24T09:05:48+00:00\",\"breadcrumb\":{\"@id\":\"https:\\\/\\\/www.meydan.tv\\\/az\\\/article\\\/irade-bayramova-hem-mene-hem-de-qubad-ibadogluya-zorakiliq-tetbiq-olunub\\\/#breadcrumb\"},\"inLanguage\":\"az\",\"potentialAction\":[{\"@type\":\"ReadAction\",\"target\":[\"https:\\\/\\\/www.meydan.tv\\\/az\\\/article\\\/irade-bayramova-hem-mene-hem-de-qubad-ibadogluya-zorakiliq-tetbiq-olunub\\\/\"]}]},{\"@type\":\"ImageObject\",\"inLanguage\":\"az\",\"@id\":\"https:\\\/\\\/www.meydan.tv\\\/az\\\/article\\\/irade-bayramova-hem-mene-hem-de-qubad-ibadogluya-zorakiliq-tetbiq-olunub\\\/#primaryimage\",\"url\":\"https:\\\/\\\/www.meydan.tv\\\/wp-content\\\/uploads\\\/qubad_ibadoglu-ex_2-scaled.jpg\",\"contentUrl\":\"https:\\\/\\\/www.meydan.tv\\\/wp-content\\\/uploads\\\/qubad_ibadoglu-ex_2-scaled.jpg\",\"width\":2560,\"height\":1707,\"caption\":\"Qubad \u0130bado\u011flu, foto: Meydan Tv\"},{\"@type\":\"BreadcrumbList\",\"@id\":\"https:\\\/\\\/www.meydan.tv\\\/az\\\/article\\\/irade-bayramova-hem-mene-hem-de-qubad-ibadogluya-zorakiliq-tetbiq-olunub\\\/#breadcrumb\",\"itemListElement\":[{\"@type\":\"ListItem\",\"position\":1,\"name\":\"Ana s\u0259hif\u0259\",\"item\":\"https:\\\/\\\/www.meydan.tv\\\/az\\\/\"},{\"@type\":\"ListItem\",\"position\":2,\"name\":\"Siyas\u0259t\",\"item\":\"https:\\\/\\\/www.meydan.tv\\\/az\\\/section\\\/siyaset\\\/\"},{\"@type\":\"ListItem\",\"position\":3,\"name\":\"\u0130rad\u0259 Bayramova: &#8220;H\u0259m m\u0259n\u0259, h\u0259m d\u0259 Qubad \u0130bado\u011fluya zorak\u0131l\u0131q t\u0259tbiq olunub\u201d\"}]},{\"@type\":\"WebSite\",\"@id\":\"https:\\\/\\\/www.meydan.tv\\\/az\\\/#website\",\"url\":\"https:\\\/\\\/www.meydan.tv\\\/az\\\/\",\"name\":\"MEYDAN.TV\",\"description\":\"Meydan TV Az\u0259rbaycan\u0131n media m\u0259kan\u0131ndak\u0131 alternativ s\u0259sidir\",\"publisher\":{\"@id\":\"https:\\\/\\\/www.meydan.tv\\\/az\\\/#organization\"},\"potentialAction\":[{\"@type\":\"SearchAction\",\"target\":{\"@type\":\"EntryPoint\",\"urlTemplate\":\"https:\\\/\\\/www.meydan.tv\\\/az\\\/?s={search_term_string}\"},\"query-input\":{\"@type\":\"PropertyValueSpecification\",\"valueRequired\":true,\"valueName\":\"search_term_string\"}}],\"inLanguage\":\"az\"},{\"@type\":\"Organization\",\"@id\":\"https:\\\/\\\/www.meydan.tv\\\/az\\\/#organization\",\"name\":\"Meydan TV\",\"url\":\"https:\\\/\\\/www.meydan.tv\\\/az\\\/\",\"logo\":{\"@type\":\"ImageObject\",\"inLanguage\":\"az\",\"@id\":\"https:\\\/\\\/www.meydan.tv\\\/az\\\/#\\\/schema\\\/logo\\\/image\\\/\",\"url\":\"https:\\\/\\\/www.meydan.tv\\\/wp-content\\\/uploads\\\/2021\\\/07\\\/meydan-logo.svg\",\"contentUrl\":\"https:\\\/\\\/www.meydan.tv\\\/wp-content\\\/uploads\\\/2021\\\/07\\\/meydan-logo.svg\",\"width\":195,\"height\":46,\"caption\":\"Meydan TV\"},\"image\":{\"@id\":\"https:\\\/\\\/www.meydan.tv\\\/az\\\/#\\\/schema\\\/logo\\\/image\\\/\"}},{\"@type\":\"Person\",\"@id\":\"https:\\\/\\\/www.meydan.tv\\\/az\\\/#\\\/schema\\\/person\\\/9cdbecf90d17180ce1dfbd95b08dcf47\",\"name\":\"elli\",\"sameAs\":[\"https:\\\/\\\/x.com\\\/elli\"]}]}<\/script>\n<!-- \/ Yoast SEO plugin. -->","yoast_head_json":{"title":"\u0130rad\u0259 Bayramova: \"H\u0259m m\u0259n\u0259, h\u0259m d\u0259 Qubad \u0130bado\u011fluya zorak\u0131l\u0131q t\u0259tbiq olunub\u201d - MEYDAN.TV","robots":{"index":"index","follow":"follow","max-snippet":"max-snippet:-1","max-image-preview":"max-image-preview:large","max-video-preview":"max-video-preview:-1"},"canonical":"https:\/\/www.meydan.tv\/az\/article\/irade-bayramova-hem-mene-hem-de-qubad-ibadogluya-zorakiliq-tetbiq-olunub\/","og_locale":"az_AZ","og_type":"article","og_title":"\u0130rad\u0259 Bayramova: \"H\u0259m m\u0259n\u0259, h\u0259m d\u0259 Qubad \u0130bado\u011fluya zorak\u0131l\u0131q t\u0259tbiq olunub\u201d - MEYDAN.TV","og_description":"\u0130qtisad\u00e7\u0131n\u0131n h\u0259yat yolda\u015f\u0131 m\u00fcraci\u0259t yayd\u0131 \u0130yulun 23-d\u0259 saxlan\u0131lan Qubad \u0130bado\u011flunun ... Davam\u0131","og_url":"https:\/\/www.meydan.tv\/az\/article\/irade-bayramova-hem-mene-hem-de-qubad-ibadogluya-zorakiliq-tetbiq-olunub\/","og_site_name":"MEYDAN.TV","article_published_time":"2023-07-24T09:05:45+00:00","article_modified_time":"2023-07-24T09:05:48+00:00","og_image":[{"width":2560,"height":1707,"url":"https:\/\/www.meydan.tv\/wp-content\/uploads\/qubad_ibadoglu-ex_2-scaled.jpg","type":"image\/jpeg"}],"author":"elli","twitter_card":"summary_large_image","twitter_creator":"@elli","schema":{"@context":"https:\/\/schema.org","@graph":[{"@type":"Article","@id":"https:\/\/www.meydan.tv\/az\/article\/irade-bayramova-hem-mene-hem-de-qubad-ibadogluya-zorakiliq-tetbiq-olunub\/#article","isPartOf":{"@id":"https:\/\/www.meydan.tv\/az\/article\/irade-bayramova-hem-mene-hem-de-qubad-ibadogluya-zorakiliq-tetbiq-olunub\/"},"author":{"name":"elli","@id":"https:\/\/www.meydan.tv\/az\/#\/schema\/person\/9cdbecf90d17180ce1dfbd95b08dcf47"},"headline":"\u0130rad\u0259 Bayramova: &#8220;H\u0259m m\u0259n\u0259, h\u0259m d\u0259 Qubad \u0130bado\u011fluya zorak\u0131l\u0131q t\u0259tbiq olunub\u201d","datePublished":"2023-07-24T09:05:45+00:00","dateModified":"2023-07-24T09:05:48+00:00","mainEntityOfPage":{"@id":"https:\/\/www.meydan.tv\/az\/article\/irade-bayramova-hem-mene-hem-de-qubad-ibadogluya-zorakiliq-tetbiq-olunub\/"},"wordCount":370,"publisher":{"@id":"https:\/\/www.meydan.tv\/az\/#organization"},"image":{"@id":"https:\/\/www.meydan.tv\/az\/article\/irade-bayramova-hem-mene-hem-de-qubad-ibadogluya-zorakiliq-tetbiq-olunub\/#primaryimage"},"thumbnailUrl":"https:\/\/www.meydan.tv\/wp-content\/uploads\/qubad_ibadoglu-ex_2-scaled.jpg","articleSection":["Siyas\u0259t","T\u00f6vsiy\u0259","X\u0259b\u0259rl\u0259r"],"inLanguage":"az"},{"@type":"WebPage","@id":"https:\/\/www.meydan.tv\/az\/article\/irade-bayramova-hem-mene-hem-de-qubad-ibadogluya-zorakiliq-tetbiq-olunub\/","url":"https:\/\/www.meydan.tv\/az\/article\/irade-bayramova-hem-mene-hem-de-qubad-ibadogluya-zorakiliq-tetbiq-olunub\/","name":"\u0130rad\u0259 Bayramova: \"H\u0259m m\u0259n\u0259, h\u0259m d\u0259 Qubad \u0130bado\u011fluya zorak\u0131l\u0131q t\u0259tbiq olunub\u201d - MEYDAN.TV","isPartOf":{"@id":"https:\/\/www.meydan.tv\/az\/#website"},"primaryImageOfPage":{"@id":"https:\/\/www.meydan.tv\/az\/article\/irade-bayramova-hem-mene-hem-de-qubad-ibadogluya-zorakiliq-tetbiq-olunub\/#primaryimage"},"image":{"@id":"https:\/\/www.meydan.tv\/az\/article\/irade-bayramova-hem-mene-hem-de-qubad-ibadogluya-zorakiliq-tetbiq-olunub\/#primaryimage"},"thumbnailUrl":"https:\/\/www.meydan.tv\/wp-content\/uploads\/qubad_ibadoglu-ex_2-scaled.jpg","datePublished":"2023-07-24T09:05:45+00:00","dateModified":"2023-07-24T09:05:48+00:00","breadcrumb":{"@id":"https:\/\/www.meydan.tv\/az\/article\/irade-bayramova-hem-mene-hem-de-qubad-ibadogluya-zorakiliq-tetbiq-olunub\/#breadcrumb"},"inLanguage":"az","potentialAction":[{"@type":"ReadAction","target":["https:\/\/www.meydan.tv\/az\/article\/irade-bayramova-hem-mene-hem-de-qubad-ibadogluya-zorakiliq-tetbiq-olunub\/"]}]},{"@type":"ImageObject","inLanguage":"az","@id":"https:\/\/www.meydan.tv\/az\/article\/irade-bayramova-hem-mene-hem-de-qubad-ibadogluya-zorakiliq-tetbiq-olunub\/#primaryimage","url":"https:\/\/www.meydan.tv\/wp-content\/uploads\/qubad_ibadoglu-ex_2-scaled.jpg","contentUrl":"https:\/\/www.meydan.tv\/wp-content\/uploads\/qubad_ibadoglu-ex_2-scaled.jpg","width":2560,"height":1707,"caption":"Qubad \u0130bado\u011flu, foto: Meydan Tv"},{"@type":"BreadcrumbList","@id":"https:\/\/www.meydan.tv\/az\/article\/irade-bayramova-hem-mene-hem-de-qubad-ibadogluya-zorakiliq-tetbiq-olunub\/#breadcrumb","itemListElement":[{"@type":"ListItem","position":1,"name":"Ana s\u0259hif\u0259","item":"https:\/\/www.meydan.tv\/az\/"},{"@type":"ListItem","position":2,"name":"Siyas\u0259t","item":"https:\/\/www.meydan.tv\/az\/section\/siyaset\/"},{"@type":"ListItem","position":3,"name":"\u0130rad\u0259 Bayramova: &#8220;H\u0259m m\u0259n\u0259, h\u0259m d\u0259 Qubad \u0130bado\u011fluya zorak\u0131l\u0131q t\u0259tbiq olunub\u201d"}]},{"@type":"WebSite","@id":"https:\/\/www.meydan.tv\/az\/#website","url":"https:\/\/www.meydan.tv\/az\/","name":"MEYDAN.TV","description":"Meydan TV Az\u0259rbaycan\u0131n media m\u0259kan\u0131ndak\u0131 alternativ s\u0259sidir","publisher":{"@id":"https:\/\/www.meydan.tv\/az\/#organization"},"potentialAction":[{"@type":"SearchAction","target":{"@type":"EntryPoint","urlTemplate":"https:\/\/www.meydan.tv\/az\/?s={search_term_string}"},"query-input":{"@type":"PropertyValueSpecification","valueRequired":true,"valueName":"search_term_string"}}],"inLanguage":"az"},{"@type":"Organization","@id":"https:\/\/www.meydan.tv\/az\/#organization","name":"Meydan TV","url":"https:\/\/www.meydan.tv\/az\/","logo":{"@type":"ImageObject","inLanguage":"az","@id":"https:\/\/www.meydan.tv\/az\/#\/schema\/logo\/image\/","url":"https:\/\/www.meydan.tv\/wp-content\/uploads\/2021\/07\/meydan-logo.svg","contentUrl":"https:\/\/www.meydan.tv\/wp-content\/uploads\/2021\/07\/meydan-logo.svg","width":195,"height":46,"caption":"Meydan TV"},"image":{"@id":"https:\/\/www.meydan.tv\/az\/#\/schema\/logo\/image\/"}},{"@type":"Person","@id":"https:\/\/www.meydan.tv\/az\/#\/schema\/person\/9cdbecf90d17180ce1dfbd95b08dcf47","name":"elli","sameAs":["https:\/\/x.com\/elli"]}]}},"_links":{"self":[{"href":"https:\/\/www.meydan.tv\/az\/wp-json\/wp\/v2\/posts\/280436","targetHints":{"allow":["GET"]}}],"collection":[{"href":"https:\/\/www.meydan.tv\/az\/wp-json\/wp\/v2\/posts"}],"about":[{"href":"https:\/\/www.meydan.tv\/az\/wp-json\/wp\/v2\/types\/post"}],"author":[{"embeddable":true,"href":"https:\/\/www.meydan.tv\/az\/wp-json\/wp\/v2\/users\/8"}],"replies":[{"embeddable":true,"href":"https:\/\/www.meydan.tv\/az\/wp-json\/wp\/v2\/comments?post=280436"}],"version-history":[{"count":1,"href":"https:\/\/www.meydan.tv\/az\/wp-json\/wp\/v2\/posts\/280436\/revisions"}],"predecessor-version":[{"id":280438,"href":"https:\/\/www.meydan.tv\/az\/wp-json\/wp\/v2\/posts\/280436\/revisions\/280438"}],"wp:featuredmedia":[{"embeddable":true,"href":"https:\/\/www.meydan.tv\/az\/wp-json\/wp\/v2\/media\/142772"}],"wp:attachment":[{"href":"https:\/\/www.meydan.tv\/az\/wp-json\/wp\/v2\/media?parent=280436"}],"wp:term":[{"taxonomy":"category","embeddable":true,"href":"https:\/\/www.meydan.tv\/az\/wp-json\/wp\/v2\/categories?post=280436"},{"taxonomy":"post_tag","embeddable":true,"href":"https:\/\/www.meydan.tv\/az\/wp-json\/wp\/v2\/tags?post=280436"}],"curies":[{"name":"wp","href":"https:\/\/api.w.org\/{rel}","templated":true}]}}