{"id":280374,"date":"2023-07-23T14:51:12","date_gmt":"2023-07-23T10:51:12","guid":{"rendered":"https:\/\/www.meydan.tv\/?p=280374"},"modified":"2023-07-23T14:55:01","modified_gmt":"2023-07-23T10:55:01","slug":"qarabag-qazisi-intihardan-once-jurnaliste-isgence-gorduyunu-deyib","status":"publish","type":"post","link":"https:\/\/www.meydan.tv\/az\/article\/qarabag-qazisi-intihardan-once-jurnaliste-isgence-gorduyunu-deyib\/","title":{"rendered":"Qaraba\u011f qazisi intihardan \u00f6nc\u0259 jurnalist\u0259 i\u015fg\u0259nc\u0259 g\u00f6rd\u00fcy\u00fcn\u00fc deyib"},"content":{"rendered":"\n<p><\/p>\n\n\n\n<p><strong><em>\u201cOrada Nazim var idi, qazil\u0259ri s\u00f6yd\u00fc, b\u00fct\u00fcn qazil\u0259r\u0259 qar\u015f\u0131 a\u011f\u0131r t\u0259hqir s\u00f6zl\u0259ri deyirdi\u201d<\/em><\/strong><\/p>\n\n\n\n<p>\u0130kinci Qaraba\u011f m\u00fcharib\u0259sinin i\u015ftirak\u00e7\u0131s\u0131 Nizam\u0259ddin \u0130badovun iyulun 22-d\u0259 Ab\u015feron rayonu, M\u0259mm\u0259dli q\u0259s\u0259b\u0259sind\u0259 ya\u015fad\u0131\u011f\u0131 evin h\u0259y\u0259tind\u0259 \u00f6z\u00fcn\u00fc yand\u0131raraq intihar etdiyi bildirilir.<\/p>\n\n\n\n<p>Yax\u0131nlar\u0131n\u0131n s\u00f6zl\u0259rin\u0259 g\u00f6r\u0259, 33 ya\u015fl\u0131 Nizam\u0259ddin \u0130badov bir m\u00fcdd\u0259tdir ki, 1 sayl\u0131 Respublika Psixiatriya X\u0259st\u0259xanas\u0131nda m\u00fcalic\u0259 al\u0131rd\u0131 v\u0259 2 g\u00fcn \u0259vv\u0259l ev\u0259 burax\u0131lm\u0131\u015fd\u0131.<\/p>\n\n\n\n<p>Onun d\u0259qiq hans\u0131 s\u0259b\u0259b\u0259 g\u00f6r\u0259 intihar etdiyi h\u0259l\u0259 m\u0259lum olmasa da, bir g\u00fcn \u0259vv\u0259l jurnalist Nurlan Libre il\u0259 s\u00f6hb\u0259tind\u0259 m\u00fcalic\u0259 ald\u0131\u011f\u0131 x\u0259st\u0259xanada i\u015fg\u0259nc\u0259y\u0259 m\u0259ruz qald\u0131\u011f\u0131n\u0131 s\u00f6yl\u0259yib.<\/p>\n\n\n\n<p>\u201c<em>M\u0259n\u0259 i\u015fg\u0259nc\u0259 veribl\u0259r. Atam\u0131 \u00fcmumiyy\u0259tl\u0259 i\u00e7\u0259ri buraxm\u0131rd\u0131lar. Atamla g\u00f6r\u00fc\u015fd\u00fcr\u0259nd\u0259 \u0259limi a\u00e7\u0131rd\u0131lar, 2-3 d\u0259qiq\u0259lik, dan\u0131\u015f\u0131rd\u0131m, g\u00f6r\u00fc\u015f\u00fcrd\u00fcm, sonra t\u0259z\u0259d\u0259n yuxar\u0131 qalxan kimi \u0259limi ba\u011flay\u0131rd\u0131lar. Y\u0259ni atam da g\u00f6rm\u0259yib\u201d, <\/em>&#8211; qazi jurnalistl\u0259 s\u00f6hb\u0259tind\u0259 deyib.<\/p>\n\n\n\n<p>Onun jurnalistl\u0259 dan\u0131\u015f\u0131\u011f\u0131n\u0131n s\u0259s yaz\u0131s\u0131 da var:<\/p>\n\n\n\n<p>\u201c<em>T\u0259k m\u0259niml\u0259 birlikd\u0259 4-5 n\u0259f\u0259rin \u0259li-aya\u011f\u0131n\u0131 ba\u011flam\u0131\u015fd\u0131lar&#8230; Ondan \u0259lav\u0259, 15 il, 8 il yatanlar var orada. Yalan yerd\u0259n yat\u0131zd\u0131r\u0131rlar.<\/em><\/p>\n\n\n\n<figure class=\"wp-block-embed is-type-video is-provider-youtube wp-block-embed-youtube wp-embed-aspect-16-9 wp-has-aspect-ratio\"><div class=\"wp-block-embed__wrapper\">\n<iframe title=\"\u0130ntihar ed\u0259n qazi: &quot;M\u0259ni Ma\u015fta\u011fada (d\u0259lixanada) h\u0259r g\u00fcn d\u00f6y\u00fcrd\u00fcl\u0259r&quot;\" width=\"1200\" height=\"675\" data-src=\"https:\/\/www.youtube.com\/embed\/y1m8ooNCckg?feature=oembed\" frameborder=\"0\" allow=\"accelerometer; autoplay; clipboard-write; encrypted-media; gyroscope; picture-in-picture; web-share\" allowfullscreen src=\"data:image\/svg+xml;base64,PHN2ZyB3aWR0aD0iMSIgaGVpZ2h0PSIxIiB4bWxucz0iaHR0cDovL3d3dy53My5vcmcvMjAwMC9zdmciPjwvc3ZnPg==\" class=\"lazyload\" data-load-mode=\"1\"><\/iframe>\n<\/div><\/figure>\n\n\n\n<p><em>Orada Nazim var idi, qazil\u0259ri s\u00f6yd\u00fc, b\u00fct\u00fcn qazil\u0259r\u0259 qar\u015f\u0131 a\u011f\u0131r t\u0259hqir s\u00f6zl\u0259ri deyirdi. Ona g\u00f6r\u0259 onu s\u00f6yd\u00fcm, sonra da vurdum. Bundan sonra t\u0259z\u0259d\u0259n m\u0259ni ba\u011flad\u0131lar. Nazim qazil\u0259ri t\u0259hqir edirdi. Qazil\u0259ri t\u0259hqir ed\u0259nd\u0259 d\u0259 el\u0259 bil ki, \u015fahidl\u0259ri t\u0259hqir edirs\u0259n d\u0259\u201d.<\/em><\/p>\n\n\n\n<p>Nurlan Librenin ehtimal\u0131na g\u00f6r\u0259, \u0130badovun intihar etm\u0259sin\u0259 s\u0259b\u0259b 1 sayl\u0131 Respublika Psixiatriya X\u0259st\u0259xanas\u0131da onu m\u00fcalic\u0259 etm\u0259k \u0259v\u0259zin\u0259 pis r\u0259ftara m\u0259ruz qoyan tibb i\u015f\u00e7il\u0259ridir.<\/p>\n\n\n\n<p><em>\u201c\u0130ntihar etm\u0259zd\u0259n bir g\u00fcn \u0259vv\u0259l m\u0259n\u0259 z\u0259ng el\u0259di. \u00d6z\u00fcn\u00fc pis hiss edirdi. M\u0259n\u0259 dedi ki, ba\u015f\u0131ma g\u0259l\u0259nl\u0259rl\u0259 ba\u011fl\u0131 m\u00fcsahib\u0259 verm\u0259k ist\u0259yir\u0259m. Orada onunla \u00e7ox davranm\u0131\u015fd\u0131lar. H\u00f6nk\u00fcr-h\u00f6nk\u00fcr a\u011flay\u0131rd\u0131. M\u0259nd\u0259n k\u00f6m\u0259k ist\u0259di. T\u0259\u0259s\u00fcf ki, ona yard\u0131m ed\u0259 bilm\u0259dim\u201d.<\/em><\/p>\n\n\n\n<p>Nizam\u0259ddin \u0130badovun atas\u0131 Hiday\u0259t \u0130badov is\u0259 onun s\u00f6zl\u0259rini t\u0259kzib edib. Ata deyib ki, o\u011flu x\u0259st\u0259 idi v\u0259 15 g\u00fcn \u0259vv\u0259l 1 sayl\u0131 Respublika Psixiatriya X\u0259st\u0259xanas\u0131na yerl\u0259\u015fdirilmi\u015fdi:<\/p>\n\n\n\n<p><em>\u201c\u00d6z\u00fcm apard\u0131m onu x\u0259st\u0259xanaya, v\u0259ziyy\u0259ti \u00e7ox \u00e7\u0259tin idi. \u0130ki g\u00fcn \u0259vv\u0259l is\u0259 m\u0259nd\u0259n xahi\u015f etdi ki, onu oradan \u00e7\u0131xar\u0131m. He\u00e7 bir incitm\u0259 olmay\u0131b. O\u011flum m\u00fcharib\u0259 vaxt\u0131 k\u0259ll\u0259-beyin travmas\u0131n\u0131 alm\u0131\u015fd\u0131\u201d.<\/em><\/p>\n\n\n\n<p>Nizam\u0259ddin \u0130badov bundan \u0259vv\u0259l d\u0259f\u0259l\u0259rl\u0259 \u018fm\u0259k v\u0259 \u018fhalinin Sosial M\u00fcdafi\u0259si Nazirliyi qar\u015f\u0131s\u0131nda ke\u00e7iril\u0259n etiraz aksiyalar\u0131nda i\u015ftirak etmi\u015fdi v\u0259 d\u00f6vl\u0259t t\u0259r\u0259find\u0259n i\u015fl\u0259 t\u0259min olunmas\u0131n\u0131 t\u0259l\u0259b etmi\u015fdi.<\/p>\n\n\n\n<p>2021-ci ilin dekabr\u0131nda D\u00f6vl\u0259t Tibbi-Sosial Ekspertiza v\u0259 Reabilitasiya Agentliyi Nizam\u0259ddin \u0130badovun m\u0259\u015f\u011fulluq \u00fc\u00e7\u00fcn m\u00fcraci\u0259tini qeyd\u0259 alsa da, sonradan onunla \u0259laq\u0259 saxlama\u011f\u0131n m\u00fcmk\u00fcn olmad\u0131\u011f\u0131n\u0131 bildirmi\u015fdi.<\/p>\n\n\n\n<p>M\u0259s\u0259l\u0259 il\u0259 ba\u011fl\u0131 sayl\u0131 1 sayl\u0131 Respublika Psixiatriya X\u0259st\u0259xanas\u0131ndan v\u0259 \u018fm\u0259k v\u0259 \u018fhalinin Sosial M\u00fcdafi\u0259si Nazirliyind\u0259n m\u00fcnasib\u0259t \u00f6yr\u0259nm\u0259k m\u00fcmk\u00fcn olmay\u0131b.&nbsp;<\/p>\n\n\n\n<p>M\u00fcharib\u0259 i\u015ftirak\u00e7\u0131s\u0131 \u0130kinci Qaraba\u011f m\u00fcharib\u0259sind\u0259 k\u00f6n\u00fcll\u00fc i\u015ftirak edib. O, F\u00fczuli v\u0259 Xocav\u0259nd istiqam\u0259tl\u0259rind\u0259 ged\u0259n d\u00f6y\u00fc\u015fl\u0259rd\u0259 olub. H\u00fccum zaman\u0131 yax\u0131nl\u0131\u011f\u0131nda m\u0259rmi partlamas\u0131 n\u0259tic\u0259sind\u0259 ba\u015f\u0131ndan z\u0259d\u0259 al\u0131b.<\/p>\n\n\n\n<p>M\u00fcharib\u0259d\u0259n sonra Az\u0259rbaycan Prezidenti \u0130lham \u018fliyevin s\u0259r\u0259ncamlar\u0131na \u0259sas\u0259n &#8220;Xocav\u0259ndin azad olunmas\u0131na g\u00f6r\u0259&#8221; v\u0259 &#8220;F\u00fczulinin azad olunmas\u0131na g\u00f6r\u0259&#8221; medallar\u0131 il\u0259 t\u0259ltif olunan Nizam\u0259ddin \u0130badov ail\u0259li v\u0259 2 \u00f6vlad atas\u0131 idi.<\/p>\n\n\n\n<p>\u0130kinci Qaraba\u011f m\u00fcharib\u0259sind\u0259n sonrak\u0131 m\u00fcdd\u0259td\u0259 Az\u0259rbaycanda onlarla m\u00fcharib\u0259 i\u015ftirak\u00e7\u0131s\u0131 intihar edib.<\/p>\n\n\n\n<p>M\u00fct\u0259x\u0259ssisl\u0259r bunu onlar\u0131n ke\u00e7irdikl\u0259ri sars\u0131nt\u0131lar\u0131, yet\u0259rli psixoloji d\u0259st\u0259k ala bilm\u0259m\u0259si, sosial \u00e7\u0259tinlikl\u0259rl\u0259 \u00fczl\u0259\u015fm\u0259si il\u0259 izah edir.<\/p>\n","protected":false},"excerpt":{"rendered":"<p>\u201cOrada Nazim var idi, qazil\u0259ri s\u00f6yd\u00fc, b\u00fct\u00fcn qazil\u0259r\u0259 qar\u015f\u0131 a\u011f\u0131r &#8230; <\/p>\n<p class=\"read-more-container\"><a title=\"Qaraba\u011f qazisi intihardan \u00f6nc\u0259 jurnalist\u0259 i\u015fg\u0259nc\u0259 g\u00f6rd\u00fcy\u00fcn\u00fc deyib\" class=\"read-more button\" href=\"https:\/\/www.meydan.tv\/az\/article\/qarabag-qazisi-intihardan-once-jurnaliste-isgence-gorduyunu-deyib\/#more-280374\" aria-label=\"Read more about Qaraba\u011f qazisi intihardan \u00f6nc\u0259 jurnalist\u0259 i\u015fg\u0259nc\u0259 g\u00f6rd\u00fcy\u00fcn\u00fc deyib\">Davam\u0131<\/a><\/p>\n","protected":false},"author":14,"featured_media":280376,"comment_status":"closed","ping_status":"closed","sticky":false,"template":"","format":"standard","meta":{"_acf_changed":false,"_sitemap_exclude":false,"_sitemap_priority":"","_sitemap_frequency":"","footnotes":""},"categories":[79,63,56],"tags":[],"class_list":["post-280374","post","type-post","status-publish","format-standard","has-post-thumbnail","hentry","category-featured","category-video-2","category-xeberler","infinite-scroll-item","generate-columns","tablet-grid-50","mobile-grid-100","grid-parent","grid-33","no-featured-image-padding"],"acf":[],"yoast_head":"<!-- This site is optimized with the Yoast SEO plugin v27.5 - https:\/\/yoast.com\/product\/yoast-seo-wordpress\/ -->\n<title>Qaraba\u011f qazisi intihardan \u00f6nc\u0259 jurnalist\u0259 i\u015fg\u0259nc\u0259 g\u00f6rd\u00fcy\u00fcn\u00fc deyib - MEYDAN.TV<\/title>\n<meta name=\"robots\" content=\"index, follow, max-snippet:-1, max-image-preview:large, max-video-preview:-1\" \/>\n<link rel=\"canonical\" href=\"https:\/\/www.meydan.tv\/az\/article\/qarabag-qazisi-intihardan-once-jurnaliste-isgence-gorduyunu-deyib\/\" \/>\n<meta property=\"og:locale\" content=\"az_AZ\" \/>\n<meta property=\"og:type\" content=\"article\" \/>\n<meta property=\"og:title\" content=\"Qaraba\u011f qazisi intihardan \u00f6nc\u0259 jurnalist\u0259 i\u015fg\u0259nc\u0259 g\u00f6rd\u00fcy\u00fcn\u00fc deyib - MEYDAN.TV\" \/>\n<meta property=\"og:description\" content=\"\u201cOrada Nazim var idi, qazil\u0259ri s\u00f6yd\u00fc, b\u00fct\u00fcn qazil\u0259r\u0259 qar\u015f\u0131 a\u011f\u0131r ... Davam\u0131\" \/>\n<meta property=\"og:url\" content=\"https:\/\/www.meydan.tv\/az\/article\/qarabag-qazisi-intihardan-once-jurnaliste-isgence-gorduyunu-deyib\/\" \/>\n<meta property=\"og:site_name\" content=\"MEYDAN.TV\" \/>\n<meta property=\"article:published_time\" content=\"2023-07-23T10:51:12+00:00\" \/>\n<meta property=\"article:modified_time\" content=\"2023-07-23T10:55:01+00:00\" \/>\n<meta property=\"og:image\" content=\"https:\/\/www.meydan.tv\/wp-content\/uploads\/photo_2023-07-22-22.08.58.jpeg\" \/>\n\t<meta property=\"og:image:width\" content=\"1200\" \/>\n\t<meta property=\"og:image:height\" content=\"677\" \/>\n\t<meta property=\"og:image:type\" content=\"image\/jpeg\" \/>\n<meta name=\"author\" content=\"roma\" \/>\n<meta name=\"twitter:card\" content=\"summary_large_image\" \/>\n<script type=\"application\/ld+json\" class=\"yoast-schema-graph\">{\"@context\":\"https:\\\/\\\/schema.org\",\"@graph\":[{\"@type\":\"Article\",\"@id\":\"https:\\\/\\\/www.meydan.tv\\\/az\\\/article\\\/qarabag-qazisi-intihardan-once-jurnaliste-isgence-gorduyunu-deyib\\\/#article\",\"isPartOf\":{\"@id\":\"https:\\\/\\\/www.meydan.tv\\\/az\\\/article\\\/qarabag-qazisi-intihardan-once-jurnaliste-isgence-gorduyunu-deyib\\\/\"},\"author\":{\"name\":\"roma\",\"@id\":\"https:\\\/\\\/www.meydan.tv\\\/az\\\/#\\\/schema\\\/person\\\/8f23e01c4de63326c13c319fb65ee65d\"},\"headline\":\"Qaraba\u011f qazisi intihardan \u00f6nc\u0259 jurnalist\u0259 i\u015fg\u0259nc\u0259 g\u00f6rd\u00fcy\u00fcn\u00fc deyib\",\"datePublished\":\"2023-07-23T10:51:12+00:00\",\"dateModified\":\"2023-07-23T10:55:01+00:00\",\"mainEntityOfPage\":{\"@id\":\"https:\\\/\\\/www.meydan.tv\\\/az\\\/article\\\/qarabag-qazisi-intihardan-once-jurnaliste-isgence-gorduyunu-deyib\\\/\"},\"wordCount\":799,\"publisher\":{\"@id\":\"https:\\\/\\\/www.meydan.tv\\\/az\\\/#organization\"},\"image\":{\"@id\":\"https:\\\/\\\/www.meydan.tv\\\/az\\\/article\\\/qarabag-qazisi-intihardan-once-jurnaliste-isgence-gorduyunu-deyib\\\/#primaryimage\"},\"thumbnailUrl\":\"https:\\\/\\\/www.meydan.tv\\\/wp-content\\\/uploads\\\/photo_2023-07-22-22.08.58.jpeg\",\"articleSection\":[\"T\u00f6vsiy\u0259\",\"Video\",\"X\u0259b\u0259rl\u0259r\"],\"inLanguage\":\"az\"},{\"@type\":\"WebPage\",\"@id\":\"https:\\\/\\\/www.meydan.tv\\\/az\\\/article\\\/qarabag-qazisi-intihardan-once-jurnaliste-isgence-gorduyunu-deyib\\\/\",\"url\":\"https:\\\/\\\/www.meydan.tv\\\/az\\\/article\\\/qarabag-qazisi-intihardan-once-jurnaliste-isgence-gorduyunu-deyib\\\/\",\"name\":\"Qaraba\u011f qazisi intihardan \u00f6nc\u0259 jurnalist\u0259 i\u015fg\u0259nc\u0259 g\u00f6rd\u00fcy\u00fcn\u00fc deyib - MEYDAN.TV\",\"isPartOf\":{\"@id\":\"https:\\\/\\\/www.meydan.tv\\\/az\\\/#website\"},\"primaryImageOfPage\":{\"@id\":\"https:\\\/\\\/www.meydan.tv\\\/az\\\/article\\\/qarabag-qazisi-intihardan-once-jurnaliste-isgence-gorduyunu-deyib\\\/#primaryimage\"},\"image\":{\"@id\":\"https:\\\/\\\/www.meydan.tv\\\/az\\\/article\\\/qarabag-qazisi-intihardan-once-jurnaliste-isgence-gorduyunu-deyib\\\/#primaryimage\"},\"thumbnailUrl\":\"https:\\\/\\\/www.meydan.tv\\\/wp-content\\\/uploads\\\/photo_2023-07-22-22.08.58.jpeg\",\"datePublished\":\"2023-07-23T10:51:12+00:00\",\"dateModified\":\"2023-07-23T10:55:01+00:00\",\"breadcrumb\":{\"@id\":\"https:\\\/\\\/www.meydan.tv\\\/az\\\/article\\\/qarabag-qazisi-intihardan-once-jurnaliste-isgence-gorduyunu-deyib\\\/#breadcrumb\"},\"inLanguage\":\"az\",\"potentialAction\":[{\"@type\":\"ReadAction\",\"target\":[\"https:\\\/\\\/www.meydan.tv\\\/az\\\/article\\\/qarabag-qazisi-intihardan-once-jurnaliste-isgence-gorduyunu-deyib\\\/\"]}]},{\"@type\":\"ImageObject\",\"inLanguage\":\"az\",\"@id\":\"https:\\\/\\\/www.meydan.tv\\\/az\\\/article\\\/qarabag-qazisi-intihardan-once-jurnaliste-isgence-gorduyunu-deyib\\\/#primaryimage\",\"url\":\"https:\\\/\\\/www.meydan.tv\\\/wp-content\\\/uploads\\\/photo_2023-07-22-22.08.58.jpeg\",\"contentUrl\":\"https:\\\/\\\/www.meydan.tv\\\/wp-content\\\/uploads\\\/photo_2023-07-22-22.08.58.jpeg\",\"width\":1200,\"height\":677,\"caption\":\"Nizam\u0259ddin \u0130badov - M\u0259nb\u0259: Facebook\"},{\"@type\":\"BreadcrumbList\",\"@id\":\"https:\\\/\\\/www.meydan.tv\\\/az\\\/article\\\/qarabag-qazisi-intihardan-once-jurnaliste-isgence-gorduyunu-deyib\\\/#breadcrumb\",\"itemListElement\":[{\"@type\":\"ListItem\",\"position\":1,\"name\":\"Ana s\u0259hif\u0259\",\"item\":\"https:\\\/\\\/www.meydan.tv\\\/az\\\/\"},{\"@type\":\"ListItem\",\"position\":2,\"name\":\"X\u0259b\u0259rl\u0259r\",\"item\":\"https:\\\/\\\/www.meydan.tv\\\/az\\\/section\\\/xeberler\\\/\"},{\"@type\":\"ListItem\",\"position\":3,\"name\":\"Qaraba\u011f qazisi intihardan \u00f6nc\u0259 jurnalist\u0259 i\u015fg\u0259nc\u0259 g\u00f6rd\u00fcy\u00fcn\u00fc deyib\"}]},{\"@type\":\"WebSite\",\"@id\":\"https:\\\/\\\/www.meydan.tv\\\/az\\\/#website\",\"url\":\"https:\\\/\\\/www.meydan.tv\\\/az\\\/\",\"name\":\"MEYDAN.TV\",\"description\":\"Meydan TV Az\u0259rbaycan\u0131n media m\u0259kan\u0131ndak\u0131 alternativ s\u0259sidir\",\"publisher\":{\"@id\":\"https:\\\/\\\/www.meydan.tv\\\/az\\\/#organization\"},\"potentialAction\":[{\"@type\":\"SearchAction\",\"target\":{\"@type\":\"EntryPoint\",\"urlTemplate\":\"https:\\\/\\\/www.meydan.tv\\\/az\\\/?s={search_term_string}\"},\"query-input\":{\"@type\":\"PropertyValueSpecification\",\"valueRequired\":true,\"valueName\":\"search_term_string\"}}],\"inLanguage\":\"az\"},{\"@type\":\"Organization\",\"@id\":\"https:\\\/\\\/www.meydan.tv\\\/az\\\/#organization\",\"name\":\"Meydan TV\",\"url\":\"https:\\\/\\\/www.meydan.tv\\\/az\\\/\",\"logo\":{\"@type\":\"ImageObject\",\"inLanguage\":\"az\",\"@id\":\"https:\\\/\\\/www.meydan.tv\\\/az\\\/#\\\/schema\\\/logo\\\/image\\\/\",\"url\":\"https:\\\/\\\/www.meydan.tv\\\/wp-content\\\/uploads\\\/2021\\\/07\\\/meydan-logo.svg\",\"contentUrl\":\"https:\\\/\\\/www.meydan.tv\\\/wp-content\\\/uploads\\\/2021\\\/07\\\/meydan-logo.svg\",\"width\":195,\"height\":46,\"caption\":\"Meydan TV\"},\"image\":{\"@id\":\"https:\\\/\\\/www.meydan.tv\\\/az\\\/#\\\/schema\\\/logo\\\/image\\\/\"}},{\"@type\":\"Person\",\"@id\":\"https:\\\/\\\/www.meydan.tv\\\/az\\\/#\\\/schema\\\/person\\\/8f23e01c4de63326c13c319fb65ee65d\",\"name\":\"roma\"}]}<\/script>\n<!-- \/ Yoast SEO plugin. -->","yoast_head_json":{"title":"Qaraba\u011f qazisi intihardan \u00f6nc\u0259 jurnalist\u0259 i\u015fg\u0259nc\u0259 g\u00f6rd\u00fcy\u00fcn\u00fc deyib - MEYDAN.TV","robots":{"index":"index","follow":"follow","max-snippet":"max-snippet:-1","max-image-preview":"max-image-preview:large","max-video-preview":"max-video-preview:-1"},"canonical":"https:\/\/www.meydan.tv\/az\/article\/qarabag-qazisi-intihardan-once-jurnaliste-isgence-gorduyunu-deyib\/","og_locale":"az_AZ","og_type":"article","og_title":"Qaraba\u011f qazisi intihardan \u00f6nc\u0259 jurnalist\u0259 i\u015fg\u0259nc\u0259 g\u00f6rd\u00fcy\u00fcn\u00fc deyib - MEYDAN.TV","og_description":"\u201cOrada Nazim var idi, qazil\u0259ri s\u00f6yd\u00fc, b\u00fct\u00fcn qazil\u0259r\u0259 qar\u015f\u0131 a\u011f\u0131r ... Davam\u0131","og_url":"https:\/\/www.meydan.tv\/az\/article\/qarabag-qazisi-intihardan-once-jurnaliste-isgence-gorduyunu-deyib\/","og_site_name":"MEYDAN.TV","article_published_time":"2023-07-23T10:51:12+00:00","article_modified_time":"2023-07-23T10:55:01+00:00","og_image":[{"width":1200,"height":677,"url":"https:\/\/www.meydan.tv\/wp-content\/uploads\/photo_2023-07-22-22.08.58.jpeg","type":"image\/jpeg"}],"author":"roma","twitter_card":"summary_large_image","schema":{"@context":"https:\/\/schema.org","@graph":[{"@type":"Article","@id":"https:\/\/www.meydan.tv\/az\/article\/qarabag-qazisi-intihardan-once-jurnaliste-isgence-gorduyunu-deyib\/#article","isPartOf":{"@id":"https:\/\/www.meydan.tv\/az\/article\/qarabag-qazisi-intihardan-once-jurnaliste-isgence-gorduyunu-deyib\/"},"author":{"name":"roma","@id":"https:\/\/www.meydan.tv\/az\/#\/schema\/person\/8f23e01c4de63326c13c319fb65ee65d"},"headline":"Qaraba\u011f qazisi intihardan \u00f6nc\u0259 jurnalist\u0259 i\u015fg\u0259nc\u0259 g\u00f6rd\u00fcy\u00fcn\u00fc deyib","datePublished":"2023-07-23T10:51:12+00:00","dateModified":"2023-07-23T10:55:01+00:00","mainEntityOfPage":{"@id":"https:\/\/www.meydan.tv\/az\/article\/qarabag-qazisi-intihardan-once-jurnaliste-isgence-gorduyunu-deyib\/"},"wordCount":799,"publisher":{"@id":"https:\/\/www.meydan.tv\/az\/#organization"},"image":{"@id":"https:\/\/www.meydan.tv\/az\/article\/qarabag-qazisi-intihardan-once-jurnaliste-isgence-gorduyunu-deyib\/#primaryimage"},"thumbnailUrl":"https:\/\/www.meydan.tv\/wp-content\/uploads\/photo_2023-07-22-22.08.58.jpeg","articleSection":["T\u00f6vsiy\u0259","Video","X\u0259b\u0259rl\u0259r"],"inLanguage":"az"},{"@type":"WebPage","@id":"https:\/\/www.meydan.tv\/az\/article\/qarabag-qazisi-intihardan-once-jurnaliste-isgence-gorduyunu-deyib\/","url":"https:\/\/www.meydan.tv\/az\/article\/qarabag-qazisi-intihardan-once-jurnaliste-isgence-gorduyunu-deyib\/","name":"Qaraba\u011f qazisi intihardan \u00f6nc\u0259 jurnalist\u0259 i\u015fg\u0259nc\u0259 g\u00f6rd\u00fcy\u00fcn\u00fc deyib - MEYDAN.TV","isPartOf":{"@id":"https:\/\/www.meydan.tv\/az\/#website"},"primaryImageOfPage":{"@id":"https:\/\/www.meydan.tv\/az\/article\/qarabag-qazisi-intihardan-once-jurnaliste-isgence-gorduyunu-deyib\/#primaryimage"},"image":{"@id":"https:\/\/www.meydan.tv\/az\/article\/qarabag-qazisi-intihardan-once-jurnaliste-isgence-gorduyunu-deyib\/#primaryimage"},"thumbnailUrl":"https:\/\/www.meydan.tv\/wp-content\/uploads\/photo_2023-07-22-22.08.58.jpeg","datePublished":"2023-07-23T10:51:12+00:00","dateModified":"2023-07-23T10:55:01+00:00","breadcrumb":{"@id":"https:\/\/www.meydan.tv\/az\/article\/qarabag-qazisi-intihardan-once-jurnaliste-isgence-gorduyunu-deyib\/#breadcrumb"},"inLanguage":"az","potentialAction":[{"@type":"ReadAction","target":["https:\/\/www.meydan.tv\/az\/article\/qarabag-qazisi-intihardan-once-jurnaliste-isgence-gorduyunu-deyib\/"]}]},{"@type":"ImageObject","inLanguage":"az","@id":"https:\/\/www.meydan.tv\/az\/article\/qarabag-qazisi-intihardan-once-jurnaliste-isgence-gorduyunu-deyib\/#primaryimage","url":"https:\/\/www.meydan.tv\/wp-content\/uploads\/photo_2023-07-22-22.08.58.jpeg","contentUrl":"https:\/\/www.meydan.tv\/wp-content\/uploads\/photo_2023-07-22-22.08.58.jpeg","width":1200,"height":677,"caption":"Nizam\u0259ddin \u0130badov - M\u0259nb\u0259: Facebook"},{"@type":"BreadcrumbList","@id":"https:\/\/www.meydan.tv\/az\/article\/qarabag-qazisi-intihardan-once-jurnaliste-isgence-gorduyunu-deyib\/#breadcrumb","itemListElement":[{"@type":"ListItem","position":1,"name":"Ana s\u0259hif\u0259","item":"https:\/\/www.meydan.tv\/az\/"},{"@type":"ListItem","position":2,"name":"X\u0259b\u0259rl\u0259r","item":"https:\/\/www.meydan.tv\/az\/section\/xeberler\/"},{"@type":"ListItem","position":3,"name":"Qaraba\u011f qazisi intihardan \u00f6nc\u0259 jurnalist\u0259 i\u015fg\u0259nc\u0259 g\u00f6rd\u00fcy\u00fcn\u00fc deyib"}]},{"@type":"WebSite","@id":"https:\/\/www.meydan.tv\/az\/#website","url":"https:\/\/www.meydan.tv\/az\/","name":"MEYDAN.TV","description":"Meydan TV Az\u0259rbaycan\u0131n media m\u0259kan\u0131ndak\u0131 alternativ s\u0259sidir","publisher":{"@id":"https:\/\/www.meydan.tv\/az\/#organization"},"potentialAction":[{"@type":"SearchAction","target":{"@type":"EntryPoint","urlTemplate":"https:\/\/www.meydan.tv\/az\/?s={search_term_string}"},"query-input":{"@type":"PropertyValueSpecification","valueRequired":true,"valueName":"search_term_string"}}],"inLanguage":"az"},{"@type":"Organization","@id":"https:\/\/www.meydan.tv\/az\/#organization","name":"Meydan TV","url":"https:\/\/www.meydan.tv\/az\/","logo":{"@type":"ImageObject","inLanguage":"az","@id":"https:\/\/www.meydan.tv\/az\/#\/schema\/logo\/image\/","url":"https:\/\/www.meydan.tv\/wp-content\/uploads\/2021\/07\/meydan-logo.svg","contentUrl":"https:\/\/www.meydan.tv\/wp-content\/uploads\/2021\/07\/meydan-logo.svg","width":195,"height":46,"caption":"Meydan TV"},"image":{"@id":"https:\/\/www.meydan.tv\/az\/#\/schema\/logo\/image\/"}},{"@type":"Person","@id":"https:\/\/www.meydan.tv\/az\/#\/schema\/person\/8f23e01c4de63326c13c319fb65ee65d","name":"roma"}]}},"_links":{"self":[{"href":"https:\/\/www.meydan.tv\/az\/wp-json\/wp\/v2\/posts\/280374","targetHints":{"allow":["GET"]}}],"collection":[{"href":"https:\/\/www.meydan.tv\/az\/wp-json\/wp\/v2\/posts"}],"about":[{"href":"https:\/\/www.meydan.tv\/az\/wp-json\/wp\/v2\/types\/post"}],"author":[{"embeddable":true,"href":"https:\/\/www.meydan.tv\/az\/wp-json\/wp\/v2\/users\/14"}],"replies":[{"embeddable":true,"href":"https:\/\/www.meydan.tv\/az\/wp-json\/wp\/v2\/comments?post=280374"}],"version-history":[{"count":3,"href":"https:\/\/www.meydan.tv\/az\/wp-json\/wp\/v2\/posts\/280374\/revisions"}],"predecessor-version":[{"id":280382,"href":"https:\/\/www.meydan.tv\/az\/wp-json\/wp\/v2\/posts\/280374\/revisions\/280382"}],"wp:featuredmedia":[{"embeddable":true,"href":"https:\/\/www.meydan.tv\/az\/wp-json\/wp\/v2\/media\/280376"}],"wp:attachment":[{"href":"https:\/\/www.meydan.tv\/az\/wp-json\/wp\/v2\/media?parent=280374"}],"wp:term":[{"taxonomy":"category","embeddable":true,"href":"https:\/\/www.meydan.tv\/az\/wp-json\/wp\/v2\/categories?post=280374"},{"taxonomy":"post_tag","embeddable":true,"href":"https:\/\/www.meydan.tv\/az\/wp-json\/wp\/v2\/tags?post=280374"}],"curies":[{"name":"wp","href":"https:\/\/api.w.org\/{rel}","templated":true}]}}