{"id":280330,"date":"2023-07-21T16:49:12","date_gmt":"2023-07-21T12:49:12","guid":{"rendered":"https:\/\/www.meydan.tv\/?p=280330"},"modified":"2023-07-21T16:49:15","modified_gmt":"2023-07-21T12:49:15","slug":"iranli-aktrisa-slyapa-qoydugu-ucun-serti-hebs-cezasi-aldi","status":"publish","type":"post","link":"https:\/\/www.meydan.tv\/az\/article\/iranli-aktrisa-slyapa-qoydugu-ucun-serti-hebs-cezasi-aldi\/","title":{"rendered":"\u0130ranl\u0131 aktrisa \u015flyapa qoydu\u011fu \u00fc\u00e7\u00fcn \u015f\u0259rti h\u0259bs c\u0259zas\u0131 ald\u0131"},"content":{"rendered":"\n<p><\/p>\n\n\n\n<p><strong><em>\u018ffsan\u0259 Bayeqan bu m\u00fcdd\u0259td\u0259 internetd\u0259n d\u0259 istifad\u0259 ed\u0259 bilm\u0259y\u0259c\u0259k<\/em><\/strong><\/p>\n\n\n\n<p>\u0130ranl\u0131 aktrisa \u018ffsan\u0259 Bayeqan\u0131n \u201cHicab v\u0259 \u0130ff\u0259t qanunu\u201dnu pozdu\u011funa g\u00f6r\u0259 iki il \u015f\u0259rti h\u0259bs c\u0259zas\u0131na m\u0259hkum edildiyi <a href=\"https:\/\/www.ndtv.com\/world-news\/iran-actress-afsaneh-bayegan-gets-2-years-in-jail-for-not-wearing-headscarf-report-4222800\" target=\"_blank\" rel=\"noreferrer noopener\">bildirilir.<\/a><\/p>\n\n\n\n<p>\u0130ran m\u0259hk\u0259m\u0259si filmin premyeras\u0131na hicabla deyil, \u015flyapa il\u0259 g\u0259l\u0259n 61 ya\u015fl\u0131 aktrisaya h\u0259m d\u0259 internetd\u0259n istifad\u0259ni qada\u011fan edib.<\/p>\n\n\n\n<p>\u018ffsan\u0259 Bayeqana h\u0259m\u00e7inin \u201cAil\u0259 \u0259leyhin\u0259 \u015f\u0259xsiyy\u0259tin psixi poz\u011funlu\u011fu\u201dnun m\u00fcalic\u0259si \u00fc\u00e7\u00fcn h\u0259r h\u0259ft\u0259 psixoloqa ba\u015f \u00e7\u0259km\u0259k tap\u015f\u0131r\u0131l\u0131b.<\/p>\n\n\n\n<p>\u018ffsan\u0259 Bayeqan 1960-1970-ci ill\u0259rd\u0259 \u0130ran kinosunun m\u0259\u015fhur aktrisalar\u0131ndan olub. O, \u0130slam inqilab\u0131ndan \u0259vv\u0259l \u201cMiss \u0130ran 1976\u201d g\u00f6z\u0259llik m\u00fcsabiq\u0259sind\u0259 i\u015ftirak edib.<\/p>\n\n\n\n<p>Aktrisa h\u0259m d\u0259 \u00f6t\u0259n ilin pay\u0131z\u0131nda hicab\u0131 \u201cd\u00fczg\u00fcn\u201d geyinm\u0259diyin\u0259 g\u00f6r\u0259 saxlan\u0131lan 22 ya\u015fl\u0131 M\u0259hsa \u018fmininin \u00f6l\u00fcm\u00fcnd\u0259n sonra ba\u015flayan k\u00fctl\u0259vi etirazlar\u0131n f\u0259al t\u0259r\u0259fdar\u0131d\u0131r.<\/p>\n\n\n\n<p>\u0130randa bir m\u00fcdd\u0259t \u00f6nc\u0259 aktrisalar Azad\u0259 S\u0259m\u0259di v\u0259 Leyla Belukatan\u0131n da hicab qanuna qar\u015f\u0131 \u00e7\u0131xd\u0131qlar\u0131 \u00fc\u00e7\u00fcn c\u0259zaland\u0131r\u0131ld\u0131qlar\u0131 bildirilir. \u0130ctimai yerl\u0259rd\u0259 \u015flyapayla g\u00f6r\u00fcnm\u0259k ittiham\u0131 il\u0259 m\u00fchakim\u0259 olunan aktrisalar\u0131n yarad\u0131c\u0131l\u0131q f\u0259aliyy\u0259tin\u0259 d\u0259 qada\u011fa qoyuldu\u011fu bildirilir. M\u0259hk\u0259m\u0259nin aktrisalara ox\u015far h\u00f6km \u00e7\u0131xarmas\u0131 c\u0259miyy\u0259td\u0259 naraz\u0131l\u0131q yarad\u0131b.<\/p>\n\n\n\n<p>\u0130ran Kino Aktyorlar\u0131 Assosiasiyas\u0131n\u0131n r\u0259hb\u0259ri Pejman Baz\u011fi aktrisalara qar\u015f\u0131 m\u0259hk\u0259m\u0259 q\u0259rarlar\u0131n\u0131 v\u0259t\u0259nda\u015fl\u0131q h\u00fcququnun pozulmas\u0131 hesab edib.<\/p>\n\n\n\n<p>\u0130ran Prod\u00fcserl\u0259r Birliyi, \u0130ran Kino Rejissorlar\u0131 Assosiasiyas\u0131n\u0131n birg\u0259 b\u0259yanat\u0131nda is\u0259 aktrisalara psixoloji m\u0259rk\u0259zl\u0259rd\u0259 d\u0259st\u0259k almaq h\u00f6km\u00fcn\u00fcn qoyulmas\u0131n\u0131 kino adamlar\u0131n\u0131n vicdan\u0131n\u0131n t\u0259hqiri kimi d\u0259y\u0259rl\u0259ndirilib.<\/p>\n\n\n\n<p>\u0130randa \u0130slam \u0130nqilab\u0131ndan sonra, 1981-ci ild\u0259n ba\u015flayaraq doqquz ya\u015fdan yuxar\u0131 b\u00fct\u00fcn qad\u0131nlara ictimai yerl\u0259rd\u0259 hicab taxmaq m\u0259cburi olub.<\/p>\n\n\n\n<p>\u0130randa 2022-ci il sentyabr\u0131n 13-d\u0259 \u0259xlaq polisi t\u0259r\u0259find\u0259n saxlan\u0131lan 22 ya\u015fl\u0131 M\u0259hsa Amini adl\u0131 qad\u0131n\u0131n h\u0259bsd\u0259 \u00f6lm\u0259sind\u0259n sonra etirazlar ba\u015flay\u0131b.<\/p>\n\n\n\n<p>Qad\u0131nlar\u0131n r\u0259hb\u0259rlik etdiyi etirazlar \u00f6lk\u0259nin 31 vilay\u0259tind\u0259 160 \u015f\u0259h\u0259r\u0259 yay\u0131l\u0131b.<\/p>\n\n\n\n<p>Etiraz h\u0259r\u0259kat\u0131 il\u0259 h\u0259mr\u0259ylik ifad\u0259 ed\u0259n v\u0259 rejim\u0259 qar\u015f\u0131 a\u00e7\u0131q-a\u015fkar ita\u0259tsizlik akt\u0131 olaraq ictimai yerl\u0259rd\u0259 hicablar\u0131n\u0131 \u00e7\u0131xaran iki aktrisa \u2013 Henqame Qaziani v\u0259 Katayun Riahinin d\u0259 h\u0259bs edilib.<\/p>\n\n\n\n<p>\u0130ran liderl\u0259ri etirazlar\u0131 \u00f6lk\u0259nin xarici d\u00fc\u015fm\u0259nl\u0259ri t\u0259r\u0259find\u0259n q\u0131z\u0131\u015fd\u0131r\u0131lan \u201ci\u011fti\u015fa\u015flar\u201d kimi q\u0259l\u0259m\u0259 verib v\u0259 t\u0259hl\u00fck\u0259sizlik q\u00fcvv\u0259l\u0259rin\u0259 onlarla \u201cq\u0259tiyy\u0259tli davranma\u011f\u0131\u201d \u0259mr edib.<\/p>\n\n\n\n<p>Sonralar hakimiyy\u0259t hicab qanununun icras\u0131 il\u0259 m\u0259\u015f\u011ful olan \u0259xlaq polisini l\u0259\u011fv edib.<\/p>\n\n\n\n<p>Yeni qanun layih\u0259sinin daha effektiv olaca\u011f\u0131n\u0131 bildiribl\u0259r.<\/p>\n\n\n\n<p>2023-c\u00fc ilin iyununda \u201cHicab v\u0259 \u0130ff\u0259t\u201d qanunu q\u0259bul edilib.<\/p>\n\n\n\n<p>Yeni qanuna \u0259sas\u0259n, m\u0259cburi hicaba \u0259m\u0259l edilm\u0259m\u0259si \u201c\u00e7\u0131lpaql\u0131q\u201d say\u0131l\u0131r.<\/p>\n\n\n\n<p>Qanunda \u201cqism\u0259n \u00e7\u0131lpaql\u0131\u011fa\u201d g\u00f6r\u0259 yeddinci d\u0259r\u0259c\u0259, \u201ctam \u00e7\u0131lpaql\u0131\u011fa\u201d g\u00f6r\u0259 is\u0259 alt\u0131nc\u0131 d\u0259r\u0259c\u0259li maksimum pul c\u0259rim\u0259si&nbsp; v\u0259 sosial h\u00fcquqlardan m\u0259hrumetm\u0259 c\u0259zas\u0131 n\u0259z\u0259rd\u0259 tutulub.<\/p>\n\n\n\n<p>2013-c\u00fc ild\u0259 t\u0259sdiq edilmi\u015f \u0130slam C\u0259za qanununa \u0259sas\u0259n, yeddinci d\u0259r\u0259c\u0259nin maksimum pul c\u0259rim\u0259si iki milyon t\u00fcm\u0259n, alt\u0131nc\u0131 d\u0259r\u0259c\u0259nin maksimum pul c\u0259rim\u0259si is\u0259 24 milyon t\u00fcm\u0259ndir.<\/p>\n\n\n\n<p>\u201c\u0130ff\u0259t v\u0259 Hicab\u201d qanun layih\u0259sind\u0259 iki c\u0259rim\u0259d\u0259n sonra s\u00fcr\u00fcc\u00fc v\u0259 ya avtomobild\u0259 olan s\u0259rni\u015finl\u0259r t\u0259r\u0259find\u0259n m\u0259cburi hicaba yenid\u0259n \u0259m\u0259l edilm\u0259dikd\u0259, \u00fc\u00e7\u00fcnc\u00fc d\u0259f\u0259d\u0259n n\u0259qliyyat vasit\u0259sin\u0259 h\u0259bs qoyulacaq v\u0259 h\u0259r g\u00fcn \u00fc\u00e7\u00fcn bir milyon t\u00fcm\u0259n c\u0259rim\u0259 yaz\u0131lacaq.<\/p>\n\n\n\n<p>M\u0259cburi hicab t\u0259l\u0259bi pozulduqda, ma\u011fazalar, restoranlar, kinoteatrlar v\u0259 idman, \u0259yl\u0259nc\u0259 v\u0259 inc\u0259s\u0259n\u0259t obyektl\u0259ri kimi m\u00fc\u0259ssis\u0259 v\u0259 ictimai yerl\u0259rin sahibl\u0259ri v\u0259 idar\u0259\u00e7il\u0259ri \u00fc\u00e7\u00fcn c\u0259rim\u0259l\u0259rd\u0259n \u0259lav\u0259, vergid\u0259n azad olunmalar l\u0259\u011fv edil\u0259c\u0259k. H\u0259m\u00e7inin h\u0259min obyektl\u0259r m\u00f6h\u00fcrl\u0259nm\u0259y\u0259 v\u0259 d\u00f6vl\u0259t tarifl\u0259rind\u0259n m\u0259hrumiyy\u0259tl\u0259r\u0259 m\u0259hkum edil\u0259c\u0259kl\u0259r.<\/p>\n\n\n\n<p>\u0130ctimai-siyasi, m\u0259d\u0259ni, inc\u0259s\u0259n\u0259t v\u0259 ya idman \u015f\u00f6hr\u0259ti v\u0259 ictimai n\u00fcfuzu olan \u015f\u0259xsl\u0259r hicab qanununa zidd h\u0259r\u0259k\u0259t etdikd\u0259, pul c\u0259zalar\u0131 il\u0259 yana\u015f\u0131, \u00fc\u00e7 aydan bir il\u0259d\u0259k kiberm\u0259kanda pe\u015f\u0259kar f\u0259aliyy\u0259td\u0259n m\u0259hrum olunacaqlar. Eyni hal t\u0259krar\u0259n ba\u015f verdikd\u0259 is\u0259 h\u0259min \u015f\u0259xsl\u0259ri alt\u0131 aydan \u00fc\u00e7 il\u0259 q\u0259d\u0259r h\u0259bsi n\u0259z\u0259rd\u0259 tutan alt\u0131nc\u0131 d\u0259r\u0259c\u0259li c\u0259za g\u00f6zl\u0259yir. H\u0259bs, \u015fallaq v\u0259 8-18 milyon t\u00fcm\u0259n civar\u0131nda be\u015finci d\u0259r\u0259c\u0259li pul c\u0259rim\u0259si d\u0259 bu \u015f\u0259xsl\u0259r\u0259 \u015famil edil\u0259c\u0259k c\u0259zalar aras\u0131ndad\u0131r.<\/p>\n\n\n\n<p>\u201c\u0130RNA\u201d-n\u0131n m\u0259lumat\u0131na g\u00f6r\u0259, \u201cHicab v\u0259 \u0130ff\u0259t\u201d qanunun icraya ba\u015flamas\u0131ndan b\u0259ri bir ay \u0259rzind\u0259 173 n\u0259f\u0259r\u0259 qar\u015f\u0131 m\u0259hk\u0259m\u0259 i\u015fi a\u00e7\u0131l\u0131b.<\/p>\n","protected":false},"excerpt":{"rendered":"<p>\u018ffsan\u0259 Bayeqan bu m\u00fcdd\u0259td\u0259 internetd\u0259n d\u0259 istifad\u0259 ed\u0259 bilm\u0259y\u0259c\u0259k \u0130ranl\u0131 &#8230; <\/p>\n<p class=\"read-more-container\"><a title=\"\u0130ranl\u0131 aktrisa \u015flyapa qoydu\u011fu \u00fc\u00e7\u00fcn \u015f\u0259rti h\u0259bs c\u0259zas\u0131 ald\u0131\" class=\"read-more button\" href=\"https:\/\/www.meydan.tv\/az\/article\/iranli-aktrisa-slyapa-qoydugu-ucun-serti-hebs-cezasi-aldi\/#more-280330\" aria-label=\"Read more about \u0130ranl\u0131 aktrisa \u015flyapa qoydu\u011fu \u00fc\u00e7\u00fcn \u015f\u0259rti h\u0259bs c\u0259zas\u0131 ald\u0131\">Davam\u0131<\/a><\/p>\n","protected":false},"author":8,"featured_media":280331,"comment_status":"closed","ping_status":"closed","sticky":false,"template":"","format":"standard","meta":{"_acf_changed":false,"_sitemap_exclude":false,"_sitemap_priority":"","_sitemap_frequency":"","footnotes":""},"categories":[52,56],"tags":[],"class_list":["post-280330","post","type-post","status-publish","format-standard","has-post-thumbnail","hentry","category-medeniyyet","category-xeberler","infinite-scroll-item","generate-columns","tablet-grid-50","mobile-grid-100","grid-parent","grid-33","no-featured-image-padding"],"acf":[],"yoast_head":"<!-- This site is optimized with the Yoast SEO plugin v27.4 - https:\/\/yoast.com\/product\/yoast-seo-wordpress\/ -->\n<title>\u0130ranl\u0131 aktrisa \u015flyapa qoydu\u011fu \u00fc\u00e7\u00fcn \u015f\u0259rti h\u0259bs c\u0259zas\u0131 ald\u0131 - MEYDAN.TV<\/title>\n<meta name=\"robots\" content=\"index, follow, max-snippet:-1, max-image-preview:large, max-video-preview:-1\" \/>\n<link rel=\"canonical\" href=\"https:\/\/www.meydan.tv\/az\/article\/iranli-aktrisa-slyapa-qoydugu-ucun-serti-hebs-cezasi-aldi\/\" \/>\n<meta property=\"og:locale\" content=\"az_AZ\" \/>\n<meta property=\"og:type\" content=\"article\" \/>\n<meta property=\"og:title\" content=\"\u0130ranl\u0131 aktrisa \u015flyapa qoydu\u011fu \u00fc\u00e7\u00fcn \u015f\u0259rti h\u0259bs c\u0259zas\u0131 ald\u0131 - MEYDAN.TV\" \/>\n<meta property=\"og:description\" content=\"\u018ffsan\u0259 Bayeqan bu m\u00fcdd\u0259td\u0259 internetd\u0259n d\u0259 istifad\u0259 ed\u0259 bilm\u0259y\u0259c\u0259k \u0130ranl\u0131 ... Davam\u0131\" \/>\n<meta property=\"og:url\" content=\"https:\/\/www.meydan.tv\/az\/article\/iranli-aktrisa-slyapa-qoydugu-ucun-serti-hebs-cezasi-aldi\/\" \/>\n<meta property=\"og:site_name\" content=\"MEYDAN.TV\" \/>\n<meta property=\"article:published_time\" content=\"2023-07-21T12:49:12+00:00\" \/>\n<meta property=\"article:modified_time\" content=\"2023-07-21T12:49:15+00:00\" \/>\n<meta property=\"og:image\" content=\"https:\/\/www.meydan.tv\/wp-content\/uploads\/untitled-design-11-15-e1689943741992.jpg\" \/>\n\t<meta property=\"og:image:width\" content=\"1200\" \/>\n\t<meta property=\"og:image:height\" content=\"543\" \/>\n\t<meta property=\"og:image:type\" content=\"image\/jpeg\" \/>\n<meta name=\"author\" content=\"elli\" \/>\n<meta name=\"twitter:card\" content=\"summary_large_image\" \/>\n<meta name=\"twitter:creator\" content=\"@elli\" \/>\n<script type=\"application\/ld+json\" class=\"yoast-schema-graph\">{\"@context\":\"https:\\\/\\\/schema.org\",\"@graph\":[{\"@type\":\"Article\",\"@id\":\"https:\\\/\\\/www.meydan.tv\\\/az\\\/article\\\/iranli-aktrisa-slyapa-qoydugu-ucun-serti-hebs-cezasi-aldi\\\/#article\",\"isPartOf\":{\"@id\":\"https:\\\/\\\/www.meydan.tv\\\/az\\\/article\\\/iranli-aktrisa-slyapa-qoydugu-ucun-serti-hebs-cezasi-aldi\\\/\"},\"author\":{\"name\":\"elli\",\"@id\":\"https:\\\/\\\/www.meydan.tv\\\/az\\\/#\\\/schema\\\/person\\\/9cdbecf90d17180ce1dfbd95b08dcf47\"},\"headline\":\"\u0130ranl\u0131 aktrisa \u015flyapa qoydu\u011fu \u00fc\u00e7\u00fcn \u015f\u0259rti h\u0259bs c\u0259zas\u0131 ald\u0131\",\"datePublished\":\"2023-07-21T12:49:12+00:00\",\"dateModified\":\"2023-07-21T12:49:15+00:00\",\"mainEntityOfPage\":{\"@id\":\"https:\\\/\\\/www.meydan.tv\\\/az\\\/article\\\/iranli-aktrisa-slyapa-qoydugu-ucun-serti-hebs-cezasi-aldi\\\/\"},\"wordCount\":928,\"publisher\":{\"@id\":\"https:\\\/\\\/www.meydan.tv\\\/az\\\/#organization\"},\"image\":{\"@id\":\"https:\\\/\\\/www.meydan.tv\\\/az\\\/article\\\/iranli-aktrisa-slyapa-qoydugu-ucun-serti-hebs-cezasi-aldi\\\/#primaryimage\"},\"thumbnailUrl\":\"https:\\\/\\\/www.meydan.tv\\\/wp-content\\\/uploads\\\/untitled-design-11-15-e1689943741992.jpg\",\"articleSection\":[\"M\u0259d\u0259niyy\u0259t\",\"X\u0259b\u0259rl\u0259r\"],\"inLanguage\":\"az\"},{\"@type\":\"WebPage\",\"@id\":\"https:\\\/\\\/www.meydan.tv\\\/az\\\/article\\\/iranli-aktrisa-slyapa-qoydugu-ucun-serti-hebs-cezasi-aldi\\\/\",\"url\":\"https:\\\/\\\/www.meydan.tv\\\/az\\\/article\\\/iranli-aktrisa-slyapa-qoydugu-ucun-serti-hebs-cezasi-aldi\\\/\",\"name\":\"\u0130ranl\u0131 aktrisa \u015flyapa qoydu\u011fu \u00fc\u00e7\u00fcn \u015f\u0259rti h\u0259bs c\u0259zas\u0131 ald\u0131 - MEYDAN.TV\",\"isPartOf\":{\"@id\":\"https:\\\/\\\/www.meydan.tv\\\/az\\\/#website\"},\"primaryImageOfPage\":{\"@id\":\"https:\\\/\\\/www.meydan.tv\\\/az\\\/article\\\/iranli-aktrisa-slyapa-qoydugu-ucun-serti-hebs-cezasi-aldi\\\/#primaryimage\"},\"image\":{\"@id\":\"https:\\\/\\\/www.meydan.tv\\\/az\\\/article\\\/iranli-aktrisa-slyapa-qoydugu-ucun-serti-hebs-cezasi-aldi\\\/#primaryimage\"},\"thumbnailUrl\":\"https:\\\/\\\/www.meydan.tv\\\/wp-content\\\/uploads\\\/untitled-design-11-15-e1689943741992.jpg\",\"datePublished\":\"2023-07-21T12:49:12+00:00\",\"dateModified\":\"2023-07-21T12:49:15+00:00\",\"breadcrumb\":{\"@id\":\"https:\\\/\\\/www.meydan.tv\\\/az\\\/article\\\/iranli-aktrisa-slyapa-qoydugu-ucun-serti-hebs-cezasi-aldi\\\/#breadcrumb\"},\"inLanguage\":\"az\",\"potentialAction\":[{\"@type\":\"ReadAction\",\"target\":[\"https:\\\/\\\/www.meydan.tv\\\/az\\\/article\\\/iranli-aktrisa-slyapa-qoydugu-ucun-serti-hebs-cezasi-aldi\\\/\"]}]},{\"@type\":\"ImageObject\",\"inLanguage\":\"az\",\"@id\":\"https:\\\/\\\/www.meydan.tv\\\/az\\\/article\\\/iranli-aktrisa-slyapa-qoydugu-ucun-serti-hebs-cezasi-aldi\\\/#primaryimage\",\"url\":\"https:\\\/\\\/www.meydan.tv\\\/wp-content\\\/uploads\\\/untitled-design-11-15-e1689943741992.jpg\",\"contentUrl\":\"https:\\\/\\\/www.meydan.tv\\\/wp-content\\\/uploads\\\/untitled-design-11-15-e1689943741992.jpg\",\"width\":1200,\"height\":543,\"caption\":\"\u018ffsan\u0259 Bayeqan. Foto: tvitter\"},{\"@type\":\"BreadcrumbList\",\"@id\":\"https:\\\/\\\/www.meydan.tv\\\/az\\\/article\\\/iranli-aktrisa-slyapa-qoydugu-ucun-serti-hebs-cezasi-aldi\\\/#breadcrumb\",\"itemListElement\":[{\"@type\":\"ListItem\",\"position\":1,\"name\":\"Ana s\u0259hif\u0259\",\"item\":\"https:\\\/\\\/www.meydan.tv\\\/az\\\/\"},{\"@type\":\"ListItem\",\"position\":2,\"name\":\"M\u0259d\u0259niyy\u0259t\",\"item\":\"https:\\\/\\\/www.meydan.tv\\\/az\\\/section\\\/medeniyyet\\\/\"},{\"@type\":\"ListItem\",\"position\":3,\"name\":\"\u0130ranl\u0131 aktrisa \u015flyapa qoydu\u011fu \u00fc\u00e7\u00fcn \u015f\u0259rti h\u0259bs c\u0259zas\u0131 ald\u0131\"}]},{\"@type\":\"WebSite\",\"@id\":\"https:\\\/\\\/www.meydan.tv\\\/az\\\/#website\",\"url\":\"https:\\\/\\\/www.meydan.tv\\\/az\\\/\",\"name\":\"MEYDAN.TV\",\"description\":\"Meydan TV Az\u0259rbaycan\u0131n media m\u0259kan\u0131ndak\u0131 alternativ s\u0259sidir\",\"publisher\":{\"@id\":\"https:\\\/\\\/www.meydan.tv\\\/az\\\/#organization\"},\"potentialAction\":[{\"@type\":\"SearchAction\",\"target\":{\"@type\":\"EntryPoint\",\"urlTemplate\":\"https:\\\/\\\/www.meydan.tv\\\/az\\\/?s={search_term_string}\"},\"query-input\":{\"@type\":\"PropertyValueSpecification\",\"valueRequired\":true,\"valueName\":\"search_term_string\"}}],\"inLanguage\":\"az\"},{\"@type\":\"Organization\",\"@id\":\"https:\\\/\\\/www.meydan.tv\\\/az\\\/#organization\",\"name\":\"Meydan TV\",\"url\":\"https:\\\/\\\/www.meydan.tv\\\/az\\\/\",\"logo\":{\"@type\":\"ImageObject\",\"inLanguage\":\"az\",\"@id\":\"https:\\\/\\\/www.meydan.tv\\\/az\\\/#\\\/schema\\\/logo\\\/image\\\/\",\"url\":\"https:\\\/\\\/www.meydan.tv\\\/wp-content\\\/uploads\\\/2021\\\/07\\\/meydan-logo.svg\",\"contentUrl\":\"https:\\\/\\\/www.meydan.tv\\\/wp-content\\\/uploads\\\/2021\\\/07\\\/meydan-logo.svg\",\"width\":195,\"height\":46,\"caption\":\"Meydan TV\"},\"image\":{\"@id\":\"https:\\\/\\\/www.meydan.tv\\\/az\\\/#\\\/schema\\\/logo\\\/image\\\/\"}},{\"@type\":\"Person\",\"@id\":\"https:\\\/\\\/www.meydan.tv\\\/az\\\/#\\\/schema\\\/person\\\/9cdbecf90d17180ce1dfbd95b08dcf47\",\"name\":\"elli\",\"sameAs\":[\"https:\\\/\\\/x.com\\\/elli\"]}]}<\/script>\n<!-- \/ Yoast SEO plugin. -->","yoast_head_json":{"title":"\u0130ranl\u0131 aktrisa \u015flyapa qoydu\u011fu \u00fc\u00e7\u00fcn \u015f\u0259rti h\u0259bs c\u0259zas\u0131 ald\u0131 - MEYDAN.TV","robots":{"index":"index","follow":"follow","max-snippet":"max-snippet:-1","max-image-preview":"max-image-preview:large","max-video-preview":"max-video-preview:-1"},"canonical":"https:\/\/www.meydan.tv\/az\/article\/iranli-aktrisa-slyapa-qoydugu-ucun-serti-hebs-cezasi-aldi\/","og_locale":"az_AZ","og_type":"article","og_title":"\u0130ranl\u0131 aktrisa \u015flyapa qoydu\u011fu \u00fc\u00e7\u00fcn \u015f\u0259rti h\u0259bs c\u0259zas\u0131 ald\u0131 - MEYDAN.TV","og_description":"\u018ffsan\u0259 Bayeqan bu m\u00fcdd\u0259td\u0259 internetd\u0259n d\u0259 istifad\u0259 ed\u0259 bilm\u0259y\u0259c\u0259k \u0130ranl\u0131 ... Davam\u0131","og_url":"https:\/\/www.meydan.tv\/az\/article\/iranli-aktrisa-slyapa-qoydugu-ucun-serti-hebs-cezasi-aldi\/","og_site_name":"MEYDAN.TV","article_published_time":"2023-07-21T12:49:12+00:00","article_modified_time":"2023-07-21T12:49:15+00:00","og_image":[{"width":1200,"height":543,"url":"https:\/\/www.meydan.tv\/wp-content\/uploads\/untitled-design-11-15-e1689943741992.jpg","type":"image\/jpeg"}],"author":"elli","twitter_card":"summary_large_image","twitter_creator":"@elli","schema":{"@context":"https:\/\/schema.org","@graph":[{"@type":"Article","@id":"https:\/\/www.meydan.tv\/az\/article\/iranli-aktrisa-slyapa-qoydugu-ucun-serti-hebs-cezasi-aldi\/#article","isPartOf":{"@id":"https:\/\/www.meydan.tv\/az\/article\/iranli-aktrisa-slyapa-qoydugu-ucun-serti-hebs-cezasi-aldi\/"},"author":{"name":"elli","@id":"https:\/\/www.meydan.tv\/az\/#\/schema\/person\/9cdbecf90d17180ce1dfbd95b08dcf47"},"headline":"\u0130ranl\u0131 aktrisa \u015flyapa qoydu\u011fu \u00fc\u00e7\u00fcn \u015f\u0259rti h\u0259bs c\u0259zas\u0131 ald\u0131","datePublished":"2023-07-21T12:49:12+00:00","dateModified":"2023-07-21T12:49:15+00:00","mainEntityOfPage":{"@id":"https:\/\/www.meydan.tv\/az\/article\/iranli-aktrisa-slyapa-qoydugu-ucun-serti-hebs-cezasi-aldi\/"},"wordCount":928,"publisher":{"@id":"https:\/\/www.meydan.tv\/az\/#organization"},"image":{"@id":"https:\/\/www.meydan.tv\/az\/article\/iranli-aktrisa-slyapa-qoydugu-ucun-serti-hebs-cezasi-aldi\/#primaryimage"},"thumbnailUrl":"https:\/\/www.meydan.tv\/wp-content\/uploads\/untitled-design-11-15-e1689943741992.jpg","articleSection":["M\u0259d\u0259niyy\u0259t","X\u0259b\u0259rl\u0259r"],"inLanguage":"az"},{"@type":"WebPage","@id":"https:\/\/www.meydan.tv\/az\/article\/iranli-aktrisa-slyapa-qoydugu-ucun-serti-hebs-cezasi-aldi\/","url":"https:\/\/www.meydan.tv\/az\/article\/iranli-aktrisa-slyapa-qoydugu-ucun-serti-hebs-cezasi-aldi\/","name":"\u0130ranl\u0131 aktrisa \u015flyapa qoydu\u011fu \u00fc\u00e7\u00fcn \u015f\u0259rti h\u0259bs c\u0259zas\u0131 ald\u0131 - MEYDAN.TV","isPartOf":{"@id":"https:\/\/www.meydan.tv\/az\/#website"},"primaryImageOfPage":{"@id":"https:\/\/www.meydan.tv\/az\/article\/iranli-aktrisa-slyapa-qoydugu-ucun-serti-hebs-cezasi-aldi\/#primaryimage"},"image":{"@id":"https:\/\/www.meydan.tv\/az\/article\/iranli-aktrisa-slyapa-qoydugu-ucun-serti-hebs-cezasi-aldi\/#primaryimage"},"thumbnailUrl":"https:\/\/www.meydan.tv\/wp-content\/uploads\/untitled-design-11-15-e1689943741992.jpg","datePublished":"2023-07-21T12:49:12+00:00","dateModified":"2023-07-21T12:49:15+00:00","breadcrumb":{"@id":"https:\/\/www.meydan.tv\/az\/article\/iranli-aktrisa-slyapa-qoydugu-ucun-serti-hebs-cezasi-aldi\/#breadcrumb"},"inLanguage":"az","potentialAction":[{"@type":"ReadAction","target":["https:\/\/www.meydan.tv\/az\/article\/iranli-aktrisa-slyapa-qoydugu-ucun-serti-hebs-cezasi-aldi\/"]}]},{"@type":"ImageObject","inLanguage":"az","@id":"https:\/\/www.meydan.tv\/az\/article\/iranli-aktrisa-slyapa-qoydugu-ucun-serti-hebs-cezasi-aldi\/#primaryimage","url":"https:\/\/www.meydan.tv\/wp-content\/uploads\/untitled-design-11-15-e1689943741992.jpg","contentUrl":"https:\/\/www.meydan.tv\/wp-content\/uploads\/untitled-design-11-15-e1689943741992.jpg","width":1200,"height":543,"caption":"\u018ffsan\u0259 Bayeqan. Foto: tvitter"},{"@type":"BreadcrumbList","@id":"https:\/\/www.meydan.tv\/az\/article\/iranli-aktrisa-slyapa-qoydugu-ucun-serti-hebs-cezasi-aldi\/#breadcrumb","itemListElement":[{"@type":"ListItem","position":1,"name":"Ana s\u0259hif\u0259","item":"https:\/\/www.meydan.tv\/az\/"},{"@type":"ListItem","position":2,"name":"M\u0259d\u0259niyy\u0259t","item":"https:\/\/www.meydan.tv\/az\/section\/medeniyyet\/"},{"@type":"ListItem","position":3,"name":"\u0130ranl\u0131 aktrisa \u015flyapa qoydu\u011fu \u00fc\u00e7\u00fcn \u015f\u0259rti h\u0259bs c\u0259zas\u0131 ald\u0131"}]},{"@type":"WebSite","@id":"https:\/\/www.meydan.tv\/az\/#website","url":"https:\/\/www.meydan.tv\/az\/","name":"MEYDAN.TV","description":"Meydan TV Az\u0259rbaycan\u0131n media m\u0259kan\u0131ndak\u0131 alternativ s\u0259sidir","publisher":{"@id":"https:\/\/www.meydan.tv\/az\/#organization"},"potentialAction":[{"@type":"SearchAction","target":{"@type":"EntryPoint","urlTemplate":"https:\/\/www.meydan.tv\/az\/?s={search_term_string}"},"query-input":{"@type":"PropertyValueSpecification","valueRequired":true,"valueName":"search_term_string"}}],"inLanguage":"az"},{"@type":"Organization","@id":"https:\/\/www.meydan.tv\/az\/#organization","name":"Meydan TV","url":"https:\/\/www.meydan.tv\/az\/","logo":{"@type":"ImageObject","inLanguage":"az","@id":"https:\/\/www.meydan.tv\/az\/#\/schema\/logo\/image\/","url":"https:\/\/www.meydan.tv\/wp-content\/uploads\/2021\/07\/meydan-logo.svg","contentUrl":"https:\/\/www.meydan.tv\/wp-content\/uploads\/2021\/07\/meydan-logo.svg","width":195,"height":46,"caption":"Meydan TV"},"image":{"@id":"https:\/\/www.meydan.tv\/az\/#\/schema\/logo\/image\/"}},{"@type":"Person","@id":"https:\/\/www.meydan.tv\/az\/#\/schema\/person\/9cdbecf90d17180ce1dfbd95b08dcf47","name":"elli","sameAs":["https:\/\/x.com\/elli"]}]}},"_links":{"self":[{"href":"https:\/\/www.meydan.tv\/az\/wp-json\/wp\/v2\/posts\/280330","targetHints":{"allow":["GET"]}}],"collection":[{"href":"https:\/\/www.meydan.tv\/az\/wp-json\/wp\/v2\/posts"}],"about":[{"href":"https:\/\/www.meydan.tv\/az\/wp-json\/wp\/v2\/types\/post"}],"author":[{"embeddable":true,"href":"https:\/\/www.meydan.tv\/az\/wp-json\/wp\/v2\/users\/8"}],"replies":[{"embeddable":true,"href":"https:\/\/www.meydan.tv\/az\/wp-json\/wp\/v2\/comments?post=280330"}],"version-history":[{"count":1,"href":"https:\/\/www.meydan.tv\/az\/wp-json\/wp\/v2\/posts\/280330\/revisions"}],"predecessor-version":[{"id":280334,"href":"https:\/\/www.meydan.tv\/az\/wp-json\/wp\/v2\/posts\/280330\/revisions\/280334"}],"wp:featuredmedia":[{"embeddable":true,"href":"https:\/\/www.meydan.tv\/az\/wp-json\/wp\/v2\/media\/280331"}],"wp:attachment":[{"href":"https:\/\/www.meydan.tv\/az\/wp-json\/wp\/v2\/media?parent=280330"}],"wp:term":[{"taxonomy":"category","embeddable":true,"href":"https:\/\/www.meydan.tv\/az\/wp-json\/wp\/v2\/categories?post=280330"},{"taxonomy":"post_tag","embeddable":true,"href":"https:\/\/www.meydan.tv\/az\/wp-json\/wp\/v2\/tags?post=280330"}],"curies":[{"name":"wp","href":"https:\/\/api.w.org\/{rel}","templated":true}]}}