{"id":280311,"date":"2023-07-21T15:20:49","date_gmt":"2023-07-21T11:20:49","guid":{"rendered":"https:\/\/www.meydan.tv\/?p=280311"},"modified":"2023-07-21T15:20:52","modified_gmt":"2023-07-21T11:20:52","slug":"pesekarligi-ya-cekini-artiran-tedbirler","status":"publish","type":"post","link":"https:\/\/www.meydan.tv\/az\/article\/pesekarligi-ya-cekini-artiran-tedbirler\/","title":{"rendered":"Pe\u015f\u0259karl\u0131\u011f\u0131, ya \u00e7\u0259kini art\u0131ran t\u0259dbirl\u0259r"},"content":{"rendered":"\n<p><\/p>\n\n\n\n<p><strong>R\u00f6v\u015f\u0259n Hac\u0131b\u0259yli<\/strong><\/p>\n\n\n\n<p><strong>H\u0259r ikisinin x\u0259rci b\u00fcdc\u0259nin cibind\u0259n \u00e7\u0131x\u0131r<\/strong><\/p>\n\n\n\n<p>\u0130\u00e7ind\u0259 oldu\u011fumuz h\u0259ft\u0259 \u00e7ox g\u0259rgin ke\u00e7ir. Sistemsizlikdir. Buna ba\u015f\u0131pozuqluq da dem\u0259k olar. El\u0259 bil h\u0259r \u015fey bir-birin\u0259 qar\u0131\u015f\u0131b. He\u00e7 kimin bir-birind\u0259n x\u0259b\u0259ri yoxdur. Media sah\u0259sind\u0259 lap xaosdur. Qar\u015f\u0131dan&nbsp;Milli&nbsp;M\u0259tbuat&nbsp;G\u00fcn\u00fc g\u0259lir&nbsp;(\u00f6l\u00fcr\u00fck d\u0259 h\u0259r \u015fey\u0259 Milli yap\u0131\u015fd\u0131rmaqdan \u00f6tr\u00fc). D\u00f6vl\u0259t qurumlar\u0131 v\u0259 \u00f6z\u0259l sektor yar\u0131\u015fa giribl\u0259rmi\u015f kimi jurnalistl\u0259rin i\u015f ah\u0259ngini pozur.&nbsp;Jurnalistin bir sor\u011fusuna cavab verm\u0259y\u0259n qurumlar \u201corda oturma, burda otur\u201d deyirl\u0259r. Media n\u00fcmay\u0259nd\u0259l\u0259ri&nbsp;h\u0259r g\u00fcn harasa d\u0259v\u0259t olunur, m\u00fcsabiq\u0259, m\u00fckafat, qonaql\u0131q, karta pul atmaq&#8230; lap ba\u015flar\u0131n\u0131 itiribl\u0259r.&nbsp;<\/p>\n\n\n\n<p>Yaz\u0131 adamlar\u0131&nbsp;t\u0259dbirl\u0259rd\u0259n, qonaql\u0131qlardan imkan tap\u0131b sevincini sosial \u015f\u0259b\u0259k\u0259l\u0259rd\u0259&nbsp;bel\u0259&nbsp;ya&nbsp;payla\u015fma\u011f\u0131 \u00e7atd\u0131ra bilmir,&nbsp;ya da b\u0259z\u0259n bir qonaql\u0131qdan iki d\u0259f\u0259 \u015f\u0259kil payla\u015f\u0131rlar. Onlar\u0131 da q\u0131namal\u0131 deyil: bir qonaql\u0131q bitm\u0259mi\u015f ba\u015fqas\u0131 ba\u015flay\u0131r. Ritm pozulur, sonra g\u00fcnd\u0259lik x\u0259b\u0259r plan\u0131 dolmayanda MED\u0130A ag\u0131z b\u00fcz\u0259c\u0259k ki, verdiyim pul g\u00f6z\u00fcnd\u0259n g\u0259lsin, niy\u0259 s\u0259nin ayl\u0131q x\u0259b\u0259rl\u0259rinin say\u0131 d\u00fcz g\u0259lmir, qaytar pullar\u0131&#8230;<\/p>\n\n\n\n<p>Qonaql\u0131qlar ara vermir.&nbsp;ASAN&nbsp;Xidm\u0259t d\u0259 m\u0259tbuat n\u00fcmay\u0259nd\u0259l\u0259rin\u0259 qonaql\u0131q verib. &nbsp;\u00dcmid edirik pulla ba\u011fl\u0131 \u00e7\u0259tinlik olmay\u0131b.&nbsp;B\u00fct\u00fcn i\u015fl\u0259r ASAN olub.&nbsp;\u201cAz\u0259rxal\u00e7a\u201d da xal\u0131 \u00fcst\u00fcnd\u0259 olmasa da, m\u0259tbuat qar\u015f\u0131s\u0131nda borcunu yerin\u0259 yetirib, s\u00fcfr\u0259 a\u00e7\u0131b.&nbsp;Sa\u011f olsunlar&#8230;<\/p>\n\n\n\n<p>MED\u0130A sayt\u0131 da \u00f6z\u00fcn\u0259 \u015f\u00fcar se\u00e7ib:&nbsp;<strong><em>M\u0259tbuat &#8211; d\u00f6vl\u0259ti v\u0259 c\u0259miyy\u0259ti birl\u0259\u015fdir\u0259n canl\u0131 sinirdir<\/em><\/strong><strong><em> <\/em><\/strong>(<em>Heyd\u0259r \u018fliyev<\/em>). Ba\u015fa d\u00fc\u015fd\u00fck, bu canl\u0131 sinirin sistemini pozursan ax\u0131.&nbsp;Bu vur-\u00e7atlas\u0131na sinir d\u00f6z\u0259r?!&nbsp;\u201cNorm\u201d bir qonaql\u0131q verir, s\u00fcfr\u0259 y\u0131\u011f\u0131lmam\u0131\u015f&nbsp;ba\u015fqas\u0131n\u0131n d\u0259v\u0259tin\u0259 t\u0259l\u0259sirs\u0259n. Birinci qonaql\u0131qda yeyil\u0259n h\u0259zm olunmam\u0131\u015f ikincinin tik\u0259sin\u0259 \u0259l uzad\u0131rsan. \u00d6z\u00fcn\u00fc ac g\u00f6st\u0259rib i\u015ftahla yem\u0259lis\u0259n ki, t\u0259\u015fkilat\u00e7\u0131lar ayr\u0131 fikr\u0259 d\u00fc\u015fm\u0259sin. \u00c7al\u0131\u015f\u0131rsan ki, m\u0259d\u0259 il\u0259 beyin aras\u0131nda \u0259laq\u0259nin itdiyini gizl\u0259d\u0259s\u0259n&#8230; Yazd\u0131\u011f\u0131n bir \u015fey olmasa da, h\u0259r halda,&nbsp;s\u0259n\u0259 m\u00fckafat&nbsp;verirl\u0259r, m\u0259bl\u0259\u011f d\u0259 pis deyil.<\/p>\n\n\n\n<p>M\u0259s\u0259l\u0259n,&nbsp;Az\u0259rbaycan D\u0259mir Yollar\u0131 QSC&nbsp;v\u0259&nbsp;M\u015e&nbsp;Heyd\u0259r \u018fliyevin&nbsp;100&nbsp;illik yubileyi il\u0259 ba\u011fl\u0131&nbsp;m\u00fcsabiq\u0259&nbsp;ke\u00e7irib,&nbsp;3 istiqam\u0259t \u00fczr\u0259:&nbsp;<\/p>\n\n\n\n<p><strong>1.\u201cAz\u0259rbaycan d\u0259mir yollar\u0131n\u0131n inki\u015faf\u0131n\u0131n Heyd\u0259r \u018fliyev modeli\u201d.<\/strong><\/p>\n\n\n\n<p><strong>2.\u201cHeyd\u0259r \u018fliyevin realla\u015fan arzusu: Q\u0259dim \u0130p\u0259k Yolundan TRASEKA-yad\u0259k, \u015e\u0259rql\u0259 Q\u0259rbin, \u015eimalla C\u0259nubun qov\u015fa\u011f\u0131nda\u201d.<\/strong><\/p>\n\n\n\n<p><strong>3.\u201cSibirin v\u0259 Uzaq \u015e\u0259rqin b\u00f6y\u00fck k\u0259\u015ffi<\/strong><strong>&nbsp;<\/strong><strong>&#8211;<\/strong><strong>&nbsp;<\/strong><strong>Baykal Amur Magistral\u0131n\u0131n tikintisini s\u00fcr\u0259tl\u0259ndir\u0259n Heyd\u0259r \u018fliyev n\u0259h\u0259ngliyi\u201d.<\/strong><\/p>\n\n\n\n<p>ADY-nin ba\u015f\u0131 \u00e7\u0131xm\u0131r, ay M\u015e, he\u00e7 olmasa s\u0259n t\u0259klif olunan m\u00f6vzunun ba\u015fl\u0131\u011f\u0131n\u0131 lakonik el\u0259 ki, dizaynerl\u0259r \u0259ziyy\u0259t \u00e7\u0259km\u0259sin, onlar da insand\u0131 ax\u0131&#8230;<\/p>\n\n\n\n<p>M\u00fcsabiq\u0259y\u0259&nbsp;53 k\u00fctl\u0259vi informasiya vasit\u0259sind\u0259n 77 i\u015f t\u0259qdim edilib.&nbsp;G\u00f6r\u00fcnd\u00fcy\u00fc kimi, yar\u0131\u015fmaya b\u00f6y\u00fck maraq olub.&nbsp;M\u00fcsabiq\u0259nin \u015f\u0259rtl\u0259rin\u0259 \u0259sas\u0259n, 9 n\u0259f\u0259r \u0259sas, 30 n\u0259f\u0259r is\u0259 h\u0259v\u0259sl\u0259ndirici m\u00fckafata layiq g\u00f6r\u00fcl\u00fcb.&nbsp;38 n\u0259f\u0259r m\u00fckafats\u0131z qal\u0131b&#8230;<\/p>\n\n\n\n<p>\u018fn sevindirici m\u0259qamlardan biri AzTV s\u0259drinin birincil\u0259r s\u0131ras\u0131nda olmas\u0131d\u0131r.<\/p>\n\n\n\n<p>1-ci yer 1000 manat, 2-ci yer 700 manat, 3-c\u00fc yer 500 manat. \u00dcst\u0259lik, 30 n\u0259f\u0259r\u0259 d\u0259 h\u0259v\u0259sl\u0259ndirici m\u00fckafat (d\u00fczd\u00fcr, h\u0259v\u0259sl\u0259ndirici m\u00fckafat\u0131n m\u0259bl\u0259\u011fi elanda yaz\u0131lmay\u0131b, h\u0259r&nbsp;halda,&nbsp;200-300 manat olar).&nbsp;T\u0259xmin etm\u0259k olar ki,&nbsp;ADY-nin x\u0259rcl\u0259diyi&nbsp;\u00fcmumi m\u0259bl\u0259\u011f 10 min manatdan&nbsp;\u00e7ox olub.&nbsp;\u018fslind\u0259,&nbsp;ADY b\u00f6y\u00fck jest edib, \u00e7\u00fcnki bu qurumda daim i\u015f\u00e7il\u0259r maa\u015f azl\u0131\u011f\u0131ndan \u015fikay\u0259t edir, arada aksiyaya da \u0259l at\u0131rlar.&nbsp;Buna baxmayaraq,&nbsp;ADY&nbsp;\u00f6z\u00fcnd\u0259 g\u00fcc tap\u0131b o m\u0259bl\u0259\u011fi ay\u0131r\u0131b.<\/p>\n\n\n\n<p>H\u0259r sah\u0259d\u0259 oldu\u011fu kimi, burada da m\u00fcnsif problemi olub, se\u00e7iml\u0259rd\u0259 \u0259dal\u0259tsizliy\u0259 yol verilib.&nbsp;M\u0259s\u0259l\u0259n, m\u00fcsabiq\u0259d\u0259&nbsp;m\u00fckafats\u0131z qalan&nbsp;jurnalistl\u0259rd\u0259n birinin&nbsp;yaz\u0131s\u0131ndan sitat:<\/p>\n\n\n\n<p><em>\u201cBaykal-Amur Magistral\u0131n\u0131n h\u0259yat\u0131nda ulu \u00f6nd\u0259rin oynad\u0131\u011f\u0131 misilsiz xidm\u0259tl\u0259r tarixd\u0259 h\u0259r zaman ya\u015fayacaq. B\u00fct\u00fcn h\u0259yat\u0131n\u0131 xalq\u0131n\u0131n v\u0259 b\u00fct\u00fcn insanl\u0131\u011f\u0131n t\u0259r\u0259qqisin\u0259 h\u0259sr ed\u0259n Heyd\u0259r \u018fliyev yadda\u015flarda \u00f6z n\u0259h\u0259ng xidm\u0259tl\u0259ri il\u0259 ya\u015fay\u0131r. Ke\u00e7mi\u015f sovet m\u0259kan\u0131nda el\u0259 bir respublika tap\u0131lmaz ki, H.\u018fliyev onun h\u0259yat\u0131nda rol oynamas\u0131n\u201d.&nbsp;<\/em><\/p>\n\n\n\n<p>Adam s\u00f6z d\u0259 tapm\u0131r&#8230;<\/p>\n\n\n\n<p>Bundan ba\u015fqa, Ba\u015f Prokurorluq da mediaya h\u0259ssas yana\u015faraq Milli M\u0259tbuat&nbsp;G\u00fcn\u00fc il\u0259 ba\u011fl\u0131 t\u0259dbir ke\u00e7irib.&nbsp;\u201cM\u0259rasimd\u0259 Ba\u015f Prokuror Kamran \u018fliyev v\u0259 Ba\u015f Prokurorlu\u011fun r\u0259hb\u0259rliyi, Median\u0131n \u0130nki\u015faf\u0131 Agentliyi v\u0259 M\u0259tbuat \u015euras\u0131n\u0131n t\u0259msil\u00e7il\u0259ri, media qurumlar\u0131n\u0131n r\u0259hb\u0259rl\u0259ri, m\u00fcxt\u0259lif ali t\u0259hsil ocaqlar\u0131nda jurnalistika ixtisas\u0131 \u00fczr\u0259 t\u0259dris ke\u00e7\u0259n professor-m\u00fc\u0259llim hey\u0259ti, jurnalistl\u0259r, el\u0259c\u0259 d\u0259 prokurorluq \u0259m\u0259kda\u015flar\u0131 i\u015ftirak edib\u201d.<\/p>\n\n\n\n<p>Yax\u015f\u0131 kontingent olub&#8230;&nbsp;Ba\u015f prokuror Kamran \u018fliyev&nbsp;\u201c<em>&#8230;Az\u0259rbaycan Respublikas\u0131n\u0131n Prezidenti c\u0259nab \u0130lham \u018fliyevin r\u0259hb\u0259rliyi, Birinci vitse-prezident Mehriban xan\u0131m \u018fliyevan\u0131n g\u00fcnd\u0259lik qay\u011f\u0131s\u0131 say\u0259sind\u0259 \u00f6lk\u0259mizd\u0259 azad v\u0259 pe\u015f\u0259kar jurnalistikan\u0131n inki\u015faf etdirilm\u0259si il\u0259 ba\u011fl\u0131 h\u0259yata ke\u00e7iril\u0259n kompleks t\u0259dbirl\u0259rd\u0259n s\u00f6z a\u00e7\u0131b\u201d.<\/em><\/p>\n\n\n\n<p>Ba\u015f Prokurorlu\u011fun g\u00f6r\u00fc\u015f\u00fcnd\u0259n x\u0259b\u0259r bu c\u00fcml\u0259yl\u0259 bitir:&nbsp;<em>\u201cT\u0259dbir i\u015ftirak\u00e7\u0131lar\u0131 Az\u0259rbaycan D\u00f6vl\u0259t Akademik Musiqili Teatr\u0131n\u0131n t\u0259qdimat\u0131nda Ulu \u00f6nd\u0259r Heyd\u0259r \u018fliyevin 100 illik, pe\u015f\u0259kar milli teatr\u0131m\u0131z\u0131n 150 illik yubileyi il\u0259 \u0259laq\u0259dar &#8220;S\u0259n el\u0259 bir zirv\u0259s\u0259n!..&#8221; musiqili-tarixi essesini izl\u0259yib\u201d.<\/em><\/p>\n\n\n\n<p>D\u00f6vl\u0259t S\u0259rh\u0259d Xidm\u0259ti d\u0259&nbsp;M\u0259tbuat G\u00fcn\u00fc&nbsp;il\u0259 ba\u011fl\u0131 t\u0259dbir ke\u00e7irib. S\u0259rh\u0259d\u00e7il\u0259r&nbsp;m\u0259tbuat i\u015f\u00e7il\u0259rind\u0259n b\u0259zil\u0259rin\u0259 medal v\u0259 F\u0259xri F\u0259rman&nbsp;da verib.<\/p>\n\n\n\n<p>MED\u0130A da t\u0259dbir ke\u00e7irib,&nbsp;\u201cMariott Ab\u015feron\u201d&nbsp;hotelind\u0259&nbsp;<strong>\u201cMedia<\/strong><strong>&nbsp;<\/strong><strong>qlobal transformasiyalar d\u00f6vr\u00fcnd\u0259: \u0259n\u0259n\u0259l\u0259rd\u0259 varislik, jurnalistika prinsipl\u0259ri v\u0259 ictimai maraqlar\u201d<\/strong>&nbsp;m\u00f6vzusunda.&nbsp;M\u00f6vzunun ba\u015fl\u0131\u011f\u0131 bir az q\u0259liz oldu\u011fu \u00fc\u00e7\u00fcn ayd\u0131nlatma\u011fa ehtiyac var:&nbsp;Qlobal transformasiya reyestr m\u0259s\u0259l\u0259sidir, \u0259n\u0259n\u0259l\u0259rd\u0259 varislik dey\u0259nd\u0259 \u018fli H\u0259s\u0259nov v\u0259 V\u00fcqar S\u0259f\u0259rl\u0259rin x\u0259l\u0259fi olmaq n\u0259z\u0259rd\u0259 tutulur, prinsip v\u0259 ictimai maraq yer se\u00e7imin\u0259 ba\u011fl\u0131d\u0131r&#8230;<\/p>\n\n\n\n<p>Yeyib-i\u00e7m\u0259k d\u0259 olub. Nu\u015f olsun!<\/p>\n\n\n\n<p>Ancaq Ta\u011f\u0131 \u018fhm\u0259dovun yeri g\u00f6r\u00fcn\u00fcr: \u018f, bir-bir&#8230;<\/p>\n\n\n\n<p><strong>P.S.<\/strong><strong><em>Bir m\u0259s\u0259l\u0259 qaranl\u0131qd\u0131r, \u00f6z\u0259l v\u0259 d\u00f6vl\u0259t qurumlar\u0131 qonaq \u00e7a\u011f\u0131randa jurnalistl\u0259rin ad\u0131n\u0131n reyestrd\u0259 olub-olmad\u0131\u011f\u0131n\u0131 yoxlay\u0131blarm\u0131? Reyestrd\u0259 ad\u0131 olmayan jurnalist\u0259 qonaql\u0131q ver\u0259nl\u0259rin qan\u0131 yoxlanmal\u0131d\u0131r; varsa&#8230;<\/em><\/strong><\/p>\n","protected":false},"excerpt":{"rendered":"<p>R\u00f6v\u015f\u0259n Hac\u0131b\u0259yli H\u0259r ikisinin x\u0259rci b\u00fcdc\u0259nin cibind\u0259n \u00e7\u0131x\u0131r \u0130\u00e7ind\u0259 oldu\u011fumuz &#8230; <\/p>\n<p class=\"read-more-container\"><a title=\"Pe\u015f\u0259karl\u0131\u011f\u0131, ya \u00e7\u0259kini art\u0131ran t\u0259dbirl\u0259r\" class=\"read-more button\" href=\"https:\/\/www.meydan.tv\/az\/article\/pesekarligi-ya-cekini-artiran-tedbirler\/#more-280311\" aria-label=\"Read more about Pe\u015f\u0259karl\u0131\u011f\u0131, ya \u00e7\u0259kini art\u0131ran t\u0259dbirl\u0259r\">Davam\u0131<\/a><\/p>\n","protected":false},"author":8,"featured_media":125837,"comment_status":"closed","ping_status":"closed","sticky":false,"template":"","format":"standard","meta":{"_acf_changed":false,"_sitemap_exclude":false,"_sitemap_priority":"","_sitemap_frequency":"","footnotes":""},"categories":[57],"tags":[],"class_list":["post-280311","post","type-post","status-publish","format-standard","has-post-thumbnail","hentry","category-menim-fikrimce","infinite-scroll-item","generate-columns","tablet-grid-50","mobile-grid-100","grid-parent","grid-33","no-featured-image-padding"],"acf":[],"yoast_head":"<!-- This site is optimized with the Yoast SEO plugin v27.4 - https:\/\/yoast.com\/product\/yoast-seo-wordpress\/ -->\n<title>Pe\u015f\u0259karl\u0131\u011f\u0131, ya \u00e7\u0259kini art\u0131ran t\u0259dbirl\u0259r - MEYDAN.TV<\/title>\n<meta name=\"robots\" content=\"index, follow, max-snippet:-1, max-image-preview:large, max-video-preview:-1\" \/>\n<link rel=\"canonical\" href=\"https:\/\/www.meydan.tv\/az\/article\/pesekarligi-ya-cekini-artiran-tedbirler\/\" \/>\n<meta property=\"og:locale\" content=\"az_AZ\" \/>\n<meta property=\"og:type\" content=\"article\" \/>\n<meta property=\"og:title\" content=\"Pe\u015f\u0259karl\u0131\u011f\u0131, ya \u00e7\u0259kini art\u0131ran t\u0259dbirl\u0259r - MEYDAN.TV\" \/>\n<meta property=\"og:description\" content=\"R\u00f6v\u015f\u0259n Hac\u0131b\u0259yli H\u0259r ikisinin x\u0259rci b\u00fcdc\u0259nin cibind\u0259n \u00e7\u0131x\u0131r \u0130\u00e7ind\u0259 oldu\u011fumuz ... Davam\u0131\" \/>\n<meta property=\"og:url\" content=\"https:\/\/www.meydan.tv\/az\/article\/pesekarligi-ya-cekini-artiran-tedbirler\/\" \/>\n<meta property=\"og:site_name\" content=\"MEYDAN.TV\" \/>\n<meta property=\"article:published_time\" content=\"2023-07-21T11:20:49+00:00\" \/>\n<meta property=\"article:modified_time\" content=\"2023-07-21T11:20:52+00:00\" \/>\n<meta property=\"og:image\" content=\"https:\/\/www.meydan.tv\/wp-content\/uploads\/image_from_ios_unrqckb.original-scaled-e1685106480202.jpg\" \/>\n\t<meta property=\"og:image:width\" content=\"2560\" \/>\n\t<meta property=\"og:image:height\" content=\"1228\" \/>\n\t<meta property=\"og:image:type\" content=\"image\/jpeg\" \/>\n<meta name=\"author\" content=\"elli\" \/>\n<meta name=\"twitter:card\" content=\"summary_large_image\" \/>\n<meta name=\"twitter:creator\" content=\"@elli\" \/>\n<script type=\"application\/ld+json\" class=\"yoast-schema-graph\">{\"@context\":\"https:\\\/\\\/schema.org\",\"@graph\":[{\"@type\":\"Article\",\"@id\":\"https:\\\/\\\/www.meydan.tv\\\/az\\\/article\\\/pesekarligi-ya-cekini-artiran-tedbirler\\\/#article\",\"isPartOf\":{\"@id\":\"https:\\\/\\\/www.meydan.tv\\\/az\\\/article\\\/pesekarligi-ya-cekini-artiran-tedbirler\\\/\"},\"author\":{\"name\":\"elli\",\"@id\":\"https:\\\/\\\/www.meydan.tv\\\/az\\\/#\\\/schema\\\/person\\\/9cdbecf90d17180ce1dfbd95b08dcf47\"},\"headline\":\"Pe\u015f\u0259karl\u0131\u011f\u0131, ya \u00e7\u0259kini art\u0131ran t\u0259dbirl\u0259r\",\"datePublished\":\"2023-07-21T11:20:49+00:00\",\"dateModified\":\"2023-07-21T11:20:52+00:00\",\"mainEntityOfPage\":{\"@id\":\"https:\\\/\\\/www.meydan.tv\\\/az\\\/article\\\/pesekarligi-ya-cekini-artiran-tedbirler\\\/\"},\"wordCount\":1347,\"publisher\":{\"@id\":\"https:\\\/\\\/www.meydan.tv\\\/az\\\/#organization\"},\"image\":{\"@id\":\"https:\\\/\\\/www.meydan.tv\\\/az\\\/article\\\/pesekarligi-ya-cekini-artiran-tedbirler\\\/#primaryimage\"},\"thumbnailUrl\":\"https:\\\/\\\/www.meydan.tv\\\/wp-content\\\/uploads\\\/image_from_ios_unrqckb.original-scaled-e1685106480202.jpg\",\"articleSection\":[\"M\u0259nim Fikrimc\u0259\"],\"inLanguage\":\"az\"},{\"@type\":\"WebPage\",\"@id\":\"https:\\\/\\\/www.meydan.tv\\\/az\\\/article\\\/pesekarligi-ya-cekini-artiran-tedbirler\\\/\",\"url\":\"https:\\\/\\\/www.meydan.tv\\\/az\\\/article\\\/pesekarligi-ya-cekini-artiran-tedbirler\\\/\",\"name\":\"Pe\u015f\u0259karl\u0131\u011f\u0131, ya \u00e7\u0259kini art\u0131ran t\u0259dbirl\u0259r - MEYDAN.TV\",\"isPartOf\":{\"@id\":\"https:\\\/\\\/www.meydan.tv\\\/az\\\/#website\"},\"primaryImageOfPage\":{\"@id\":\"https:\\\/\\\/www.meydan.tv\\\/az\\\/article\\\/pesekarligi-ya-cekini-artiran-tedbirler\\\/#primaryimage\"},\"image\":{\"@id\":\"https:\\\/\\\/www.meydan.tv\\\/az\\\/article\\\/pesekarligi-ya-cekini-artiran-tedbirler\\\/#primaryimage\"},\"thumbnailUrl\":\"https:\\\/\\\/www.meydan.tv\\\/wp-content\\\/uploads\\\/image_from_ios_unrqckb.original-scaled-e1685106480202.jpg\",\"datePublished\":\"2023-07-21T11:20:49+00:00\",\"dateModified\":\"2023-07-21T11:20:52+00:00\",\"breadcrumb\":{\"@id\":\"https:\\\/\\\/www.meydan.tv\\\/az\\\/article\\\/pesekarligi-ya-cekini-artiran-tedbirler\\\/#breadcrumb\"},\"inLanguage\":\"az\",\"potentialAction\":[{\"@type\":\"ReadAction\",\"target\":[\"https:\\\/\\\/www.meydan.tv\\\/az\\\/article\\\/pesekarligi-ya-cekini-artiran-tedbirler\\\/\"]}]},{\"@type\":\"ImageObject\",\"inLanguage\":\"az\",\"@id\":\"https:\\\/\\\/www.meydan.tv\\\/az\\\/article\\\/pesekarligi-ya-cekini-artiran-tedbirler\\\/#primaryimage\",\"url\":\"https:\\\/\\\/www.meydan.tv\\\/wp-content\\\/uploads\\\/image_from_ios_unrqckb.original-scaled-e1685106480202.jpg\",\"contentUrl\":\"https:\\\/\\\/www.meydan.tv\\\/wp-content\\\/uploads\\\/image_from_ios_unrqckb.original-scaled-e1685106480202.jpg\",\"width\":2560,\"height\":1228,\"caption\":\"M\u0259nb\u0259: Meydan TV\"},{\"@type\":\"BreadcrumbList\",\"@id\":\"https:\\\/\\\/www.meydan.tv\\\/az\\\/article\\\/pesekarligi-ya-cekini-artiran-tedbirler\\\/#breadcrumb\",\"itemListElement\":[{\"@type\":\"ListItem\",\"position\":1,\"name\":\"Ana s\u0259hif\u0259\",\"item\":\"https:\\\/\\\/www.meydan.tv\\\/az\\\/\"},{\"@type\":\"ListItem\",\"position\":2,\"name\":\"M\u0259nim Fikrimc\u0259\",\"item\":\"https:\\\/\\\/www.meydan.tv\\\/az\\\/section\\\/menim-fikrimce\\\/\"},{\"@type\":\"ListItem\",\"position\":3,\"name\":\"Pe\u015f\u0259karl\u0131\u011f\u0131, ya \u00e7\u0259kini art\u0131ran t\u0259dbirl\u0259r\"}]},{\"@type\":\"WebSite\",\"@id\":\"https:\\\/\\\/www.meydan.tv\\\/az\\\/#website\",\"url\":\"https:\\\/\\\/www.meydan.tv\\\/az\\\/\",\"name\":\"MEYDAN.TV\",\"description\":\"Meydan TV Az\u0259rbaycan\u0131n media m\u0259kan\u0131ndak\u0131 alternativ s\u0259sidir\",\"publisher\":{\"@id\":\"https:\\\/\\\/www.meydan.tv\\\/az\\\/#organization\"},\"potentialAction\":[{\"@type\":\"SearchAction\",\"target\":{\"@type\":\"EntryPoint\",\"urlTemplate\":\"https:\\\/\\\/www.meydan.tv\\\/az\\\/?s={search_term_string}\"},\"query-input\":{\"@type\":\"PropertyValueSpecification\",\"valueRequired\":true,\"valueName\":\"search_term_string\"}}],\"inLanguage\":\"az\"},{\"@type\":\"Organization\",\"@id\":\"https:\\\/\\\/www.meydan.tv\\\/az\\\/#organization\",\"name\":\"Meydan TV\",\"url\":\"https:\\\/\\\/www.meydan.tv\\\/az\\\/\",\"logo\":{\"@type\":\"ImageObject\",\"inLanguage\":\"az\",\"@id\":\"https:\\\/\\\/www.meydan.tv\\\/az\\\/#\\\/schema\\\/logo\\\/image\\\/\",\"url\":\"https:\\\/\\\/www.meydan.tv\\\/wp-content\\\/uploads\\\/2021\\\/07\\\/meydan-logo.svg\",\"contentUrl\":\"https:\\\/\\\/www.meydan.tv\\\/wp-content\\\/uploads\\\/2021\\\/07\\\/meydan-logo.svg\",\"width\":195,\"height\":46,\"caption\":\"Meydan TV\"},\"image\":{\"@id\":\"https:\\\/\\\/www.meydan.tv\\\/az\\\/#\\\/schema\\\/logo\\\/image\\\/\"}},{\"@type\":\"Person\",\"@id\":\"https:\\\/\\\/www.meydan.tv\\\/az\\\/#\\\/schema\\\/person\\\/9cdbecf90d17180ce1dfbd95b08dcf47\",\"name\":\"elli\",\"sameAs\":[\"https:\\\/\\\/x.com\\\/elli\"]}]}<\/script>\n<!-- \/ Yoast SEO plugin. -->","yoast_head_json":{"title":"Pe\u015f\u0259karl\u0131\u011f\u0131, ya \u00e7\u0259kini art\u0131ran t\u0259dbirl\u0259r - MEYDAN.TV","robots":{"index":"index","follow":"follow","max-snippet":"max-snippet:-1","max-image-preview":"max-image-preview:large","max-video-preview":"max-video-preview:-1"},"canonical":"https:\/\/www.meydan.tv\/az\/article\/pesekarligi-ya-cekini-artiran-tedbirler\/","og_locale":"az_AZ","og_type":"article","og_title":"Pe\u015f\u0259karl\u0131\u011f\u0131, ya \u00e7\u0259kini art\u0131ran t\u0259dbirl\u0259r - MEYDAN.TV","og_description":"R\u00f6v\u015f\u0259n Hac\u0131b\u0259yli H\u0259r ikisinin x\u0259rci b\u00fcdc\u0259nin cibind\u0259n \u00e7\u0131x\u0131r \u0130\u00e7ind\u0259 oldu\u011fumuz ... Davam\u0131","og_url":"https:\/\/www.meydan.tv\/az\/article\/pesekarligi-ya-cekini-artiran-tedbirler\/","og_site_name":"MEYDAN.TV","article_published_time":"2023-07-21T11:20:49+00:00","article_modified_time":"2023-07-21T11:20:52+00:00","og_image":[{"width":2560,"height":1228,"url":"https:\/\/www.meydan.tv\/wp-content\/uploads\/image_from_ios_unrqckb.original-scaled-e1685106480202.jpg","type":"image\/jpeg"}],"author":"elli","twitter_card":"summary_large_image","twitter_creator":"@elli","schema":{"@context":"https:\/\/schema.org","@graph":[{"@type":"Article","@id":"https:\/\/www.meydan.tv\/az\/article\/pesekarligi-ya-cekini-artiran-tedbirler\/#article","isPartOf":{"@id":"https:\/\/www.meydan.tv\/az\/article\/pesekarligi-ya-cekini-artiran-tedbirler\/"},"author":{"name":"elli","@id":"https:\/\/www.meydan.tv\/az\/#\/schema\/person\/9cdbecf90d17180ce1dfbd95b08dcf47"},"headline":"Pe\u015f\u0259karl\u0131\u011f\u0131, ya \u00e7\u0259kini art\u0131ran t\u0259dbirl\u0259r","datePublished":"2023-07-21T11:20:49+00:00","dateModified":"2023-07-21T11:20:52+00:00","mainEntityOfPage":{"@id":"https:\/\/www.meydan.tv\/az\/article\/pesekarligi-ya-cekini-artiran-tedbirler\/"},"wordCount":1347,"publisher":{"@id":"https:\/\/www.meydan.tv\/az\/#organization"},"image":{"@id":"https:\/\/www.meydan.tv\/az\/article\/pesekarligi-ya-cekini-artiran-tedbirler\/#primaryimage"},"thumbnailUrl":"https:\/\/www.meydan.tv\/wp-content\/uploads\/image_from_ios_unrqckb.original-scaled-e1685106480202.jpg","articleSection":["M\u0259nim Fikrimc\u0259"],"inLanguage":"az"},{"@type":"WebPage","@id":"https:\/\/www.meydan.tv\/az\/article\/pesekarligi-ya-cekini-artiran-tedbirler\/","url":"https:\/\/www.meydan.tv\/az\/article\/pesekarligi-ya-cekini-artiran-tedbirler\/","name":"Pe\u015f\u0259karl\u0131\u011f\u0131, ya \u00e7\u0259kini art\u0131ran t\u0259dbirl\u0259r - MEYDAN.TV","isPartOf":{"@id":"https:\/\/www.meydan.tv\/az\/#website"},"primaryImageOfPage":{"@id":"https:\/\/www.meydan.tv\/az\/article\/pesekarligi-ya-cekini-artiran-tedbirler\/#primaryimage"},"image":{"@id":"https:\/\/www.meydan.tv\/az\/article\/pesekarligi-ya-cekini-artiran-tedbirler\/#primaryimage"},"thumbnailUrl":"https:\/\/www.meydan.tv\/wp-content\/uploads\/image_from_ios_unrqckb.original-scaled-e1685106480202.jpg","datePublished":"2023-07-21T11:20:49+00:00","dateModified":"2023-07-21T11:20:52+00:00","breadcrumb":{"@id":"https:\/\/www.meydan.tv\/az\/article\/pesekarligi-ya-cekini-artiran-tedbirler\/#breadcrumb"},"inLanguage":"az","potentialAction":[{"@type":"ReadAction","target":["https:\/\/www.meydan.tv\/az\/article\/pesekarligi-ya-cekini-artiran-tedbirler\/"]}]},{"@type":"ImageObject","inLanguage":"az","@id":"https:\/\/www.meydan.tv\/az\/article\/pesekarligi-ya-cekini-artiran-tedbirler\/#primaryimage","url":"https:\/\/www.meydan.tv\/wp-content\/uploads\/image_from_ios_unrqckb.original-scaled-e1685106480202.jpg","contentUrl":"https:\/\/www.meydan.tv\/wp-content\/uploads\/image_from_ios_unrqckb.original-scaled-e1685106480202.jpg","width":2560,"height":1228,"caption":"M\u0259nb\u0259: Meydan TV"},{"@type":"BreadcrumbList","@id":"https:\/\/www.meydan.tv\/az\/article\/pesekarligi-ya-cekini-artiran-tedbirler\/#breadcrumb","itemListElement":[{"@type":"ListItem","position":1,"name":"Ana s\u0259hif\u0259","item":"https:\/\/www.meydan.tv\/az\/"},{"@type":"ListItem","position":2,"name":"M\u0259nim Fikrimc\u0259","item":"https:\/\/www.meydan.tv\/az\/section\/menim-fikrimce\/"},{"@type":"ListItem","position":3,"name":"Pe\u015f\u0259karl\u0131\u011f\u0131, ya \u00e7\u0259kini art\u0131ran t\u0259dbirl\u0259r"}]},{"@type":"WebSite","@id":"https:\/\/www.meydan.tv\/az\/#website","url":"https:\/\/www.meydan.tv\/az\/","name":"MEYDAN.TV","description":"Meydan TV Az\u0259rbaycan\u0131n media m\u0259kan\u0131ndak\u0131 alternativ s\u0259sidir","publisher":{"@id":"https:\/\/www.meydan.tv\/az\/#organization"},"potentialAction":[{"@type":"SearchAction","target":{"@type":"EntryPoint","urlTemplate":"https:\/\/www.meydan.tv\/az\/?s={search_term_string}"},"query-input":{"@type":"PropertyValueSpecification","valueRequired":true,"valueName":"search_term_string"}}],"inLanguage":"az"},{"@type":"Organization","@id":"https:\/\/www.meydan.tv\/az\/#organization","name":"Meydan TV","url":"https:\/\/www.meydan.tv\/az\/","logo":{"@type":"ImageObject","inLanguage":"az","@id":"https:\/\/www.meydan.tv\/az\/#\/schema\/logo\/image\/","url":"https:\/\/www.meydan.tv\/wp-content\/uploads\/2021\/07\/meydan-logo.svg","contentUrl":"https:\/\/www.meydan.tv\/wp-content\/uploads\/2021\/07\/meydan-logo.svg","width":195,"height":46,"caption":"Meydan TV"},"image":{"@id":"https:\/\/www.meydan.tv\/az\/#\/schema\/logo\/image\/"}},{"@type":"Person","@id":"https:\/\/www.meydan.tv\/az\/#\/schema\/person\/9cdbecf90d17180ce1dfbd95b08dcf47","name":"elli","sameAs":["https:\/\/x.com\/elli"]}]}},"_links":{"self":[{"href":"https:\/\/www.meydan.tv\/az\/wp-json\/wp\/v2\/posts\/280311","targetHints":{"allow":["GET"]}}],"collection":[{"href":"https:\/\/www.meydan.tv\/az\/wp-json\/wp\/v2\/posts"}],"about":[{"href":"https:\/\/www.meydan.tv\/az\/wp-json\/wp\/v2\/types\/post"}],"author":[{"embeddable":true,"href":"https:\/\/www.meydan.tv\/az\/wp-json\/wp\/v2\/users\/8"}],"replies":[{"embeddable":true,"href":"https:\/\/www.meydan.tv\/az\/wp-json\/wp\/v2\/comments?post=280311"}],"version-history":[{"count":1,"href":"https:\/\/www.meydan.tv\/az\/wp-json\/wp\/v2\/posts\/280311\/revisions"}],"predecessor-version":[{"id":280312,"href":"https:\/\/www.meydan.tv\/az\/wp-json\/wp\/v2\/posts\/280311\/revisions\/280312"}],"wp:featuredmedia":[{"embeddable":true,"href":"https:\/\/www.meydan.tv\/az\/wp-json\/wp\/v2\/media\/125837"}],"wp:attachment":[{"href":"https:\/\/www.meydan.tv\/az\/wp-json\/wp\/v2\/media?parent=280311"}],"wp:term":[{"taxonomy":"category","embeddable":true,"href":"https:\/\/www.meydan.tv\/az\/wp-json\/wp\/v2\/categories?post=280311"},{"taxonomy":"post_tag","embeddable":true,"href":"https:\/\/www.meydan.tv\/az\/wp-json\/wp\/v2\/tags?post=280311"}],"curies":[{"name":"wp","href":"https:\/\/api.w.org\/{rel}","templated":true}]}}