{"id":280303,"date":"2023-07-21T13:48:52","date_gmt":"2023-07-21T09:48:52","guid":{"rendered":"https:\/\/www.meydan.tv\/?p=280303"},"modified":"2023-07-21T13:50:12","modified_gmt":"2023-07-21T09:50:12","slug":"zelenski-budce-xerclerini-azaltmagi-tapsirdi-medeniyyet-naziri-istefa-verdi","status":"publish","type":"post","link":"https:\/\/www.meydan.tv\/az\/article\/zelenski-budce-xerclerini-azaltmagi-tapsirdi-medeniyyet-naziri-istefa-verdi\/","title":{"rendered":"Zelenski b\u00fcdc\u0259 x\u0259rcl\u0259rini azaltma\u011f\u0131 tap\u015f\u0131rd\u0131, m\u0259d\u0259niyy\u0259t naziri istefa verdi"},"content":{"rendered":"\n<p><\/p>\n\n\n\n<p><strong><em>Oleksandr Tka\u00e7enko prezidentin b\u0259yanat\u0131ndan istefa \u0259riz\u0259sini t\u0259qdim etdikd\u0259n sonra x\u0259b\u0259r tutdu\u011funu deyir<\/em><\/strong><\/p>\n\n\n\n<p>Ukraynan\u0131n m\u0259d\u0259niyy\u0259t v\u0259 informasiya siyas\u0259ti naziri Oleksandr Tka\u00e7enkonun v\u0259zif\u0259sind\u0259n istefa verdiyi bildirilir.<\/p>\n\n\n\n<p>M\u0259d\u0259niyy\u0259t naziri bunu m\u00fcharib\u0259 zaman\u0131 m\u0259d\u0259niyy\u0259tin maliyy\u0259l\u0259\u015fdirilm\u0259si il\u0259 ba\u011fl\u0131 yaranan fikir ayr\u0131l\u0131qlar\u0131na g\u00f6r\u0259 etdiyini <a href=\"https:\/\/meduza.io\/news\/2023\/07\/21\/ministr-kultury-ukrainy-aleksandr-tkachenko-podal-v-otstavku-iz-za-raznoglasiy-po-povodu-o-finansirovaniya-kultury-vo-vremya-voyny\" target=\"_blank\" rel=\"noreferrer noopener\">deyib.<\/a><\/p>\n\n\n\n<p><em>\u201cM\u00fcharib\u0259 vaxt\u0131 m\u0259d\u0259niyy\u0259t\u0259 d\u00f6vl\u0259t pullar\u0131n\u0131n x\u0259rcl\u0259nm\u0259si, pilotsuz t\u0259yyar\u0259l\u0259r\u0259 x\u0259rcl\u0259n\u0259n v\u0259sait q\u0259d\u0259r vacib v\u0259 \u00f6n\u0259mlidir. \u00c7\u00fcnki m\u0259d\u0259niyy\u0259t bizim \u015f\u0259xsiyy\u0259timizin v\u0259 s\u0259rh\u0259dl\u0259rimizin qalxan\u0131d\u0131r. Bu, m\u0259nim prinsipial, \u015f\u0259xsi m\u00f6vqeyimdir\u201d, &#8211;<\/em> Tka\u00e7enko s\u00f6yl\u0259yib.<\/p>\n\n\n\n<p>\u0130yulun 20-si ax\u015fam saatlar\u0131nda Ukrayna Prezidenti Volodimir Zelenskinin video-m\u00fcraci\u0259ti <a href=\"https:\/\/www.youtube.com\/watch?v=7LjD7cdKmNM\" target=\"_blank\" rel=\"noreferrer noopener\">yay\u0131mlan\u0131b.<\/a><\/p>\n\n\n\n<p>Prezident \u00e7\u0131x\u0131\u015f\u0131 zaman\u0131 deyib ki, Ba\u015f nazir Denis \u015em\u0131qalla dan\u0131\u015f\u0131qlar apararaq, m\u00fcharib\u0259 \u015f\u0259raitind\u0259 b\u00fcdc\u0259 x\u0259rcl\u0259rin\u0259 daha diqq\u0259tl\u0259 yana\u015fma\u011f\u0131 t\u00f6vsiy\u0259 etdiyini bildirib.<\/p>\n\n\n\n<p>Zelenski deyib ki, Ba\u015f nazir\u0259 m\u0259d\u0259niyy\u0259t layih\u0259l\u0259ri \u00fc\u00e7\u00fcn d\u00f6vl\u0259t maliyy\u0259sinin azald\u0131lmas\u0131 tap\u015f\u0131r\u0131\u011f\u0131n\u0131 verib:<\/p>\n\n\n\n<p><em>\u201cBel\u0259 bir v\u0259ziyy\u0259td\u0259, m\u00fcharib\u0259 getdiyi vaxtda d\u00f6vl\u0259tin maksimum diqq\u0259ti v\u0259 resurslar\u0131 m\u00fcdafi\u0259y\u0259 y\u00f6n\u0259lm\u0259lidir. B\u00fcdc\u0259d\u0259nk\u0259nar v\u0259sait hesab\u0131na h\u0259yata ke\u00e7iril\u0259 bil\u0259n h\u0259r bir layih\u0259 el\u0259 bu formada da realla\u015fd\u0131r\u0131lmal\u0131d\u0131r. Bu, m\u0259d\u0259niyy\u0259t sah\u0259sin\u0259 d\u0259 aiddir. Muzeyl\u0259r, m\u0259d\u0259niyy\u0259t m\u0259rk\u0259zl\u0259ri, televiziya \u015foular\u0131 &#8211; b\u00fct\u00fcn bunlar vacibdir, lakin indi ba\u015fqa prioritetl\u0259r var. Bunlar\u0131 realla\u015fd\u0131rmaq \u00fc\u00e7\u00fcn d\u00f6vl\u0259t b\u00fcdc\u0259sind\u0259n k\u0259nar pullar tap\u0131n\u201d,<\/em> &#8211; dey\u0259n Zelenski, Ba\u015f nazird\u0259n m\u0259d\u0259niyy\u0259t nazirin\u0259 \u0259v\u0259zl\u0259yici tapma\u011f\u0131 da xahi\u015f etdiyini bildirib.<\/p>\n\n\n\n<p>Oleksandr Tka\u00e7enko is\u0259 bildirib ki, Prezidentin b\u0259yanat\u0131ndan istefa \u0259riz\u0259sini t\u0259qdim etdikd\u0259n sonra x\u0259b\u0259r tutub.<\/p>\n\n\n\n<p>Oleksandr Tka\u00e7enko 2020-ci ild\u0259 m\u0259d\u0259niyy\u0259t v\u0259 informasiya siyas\u0259ti naziri olub.<\/p>\n\n\n\n<p>Tka\u00e7enkonun istefas\u0131na m\u00fcharib\u0259 d\u00f6vr\u00fcnd\u0259 ictimaiyy\u0259tin hidd\u0259tin\u0259 s\u0259b\u0259b olan q\u0259rarlar verm\u0259si g\u00f6st\u0259rilir.<\/p>\n\n\n\n<p>Qeyd olunur ki, Tka\u00e7enko Qolodomor-Soyq\u0131r\u0131m\u0131 Milli Muzeyinin tikintisinin ba\u015fa \u00e7atd\u0131r\u0131lmas\u0131 \u00fc\u00e7\u00fcn 500 milyon qrivnan\u0131n ayr\u0131lmas\u0131n\u0131 d\u0259st\u0259kl\u0259yib.<\/p>\n\n\n\n<p>M\u0259d\u0259niyy\u0259t Nazirliyi filml\u0259rin v\u0259 seriallar\u0131n istehsal\u0131na daha 450 milyon qrivna ay\u0131rmaq niyy\u0259tind\u0259 idi v\u0259 bunu \u201cd\u00f6vl\u0259tin informasiya v\u0259 m\u0259d\u0259ni t\u0259hl\u00fck\u0259sizlik m\u0259s\u0259l\u0259si\u201d adland\u0131r\u0131rd\u0131.<\/p>\n\n\n\n<p>Rusiya 2022-ci il fevral\u0131n 24-d\u0259 Ukraynaya qar\u015f\u0131 h\u0259rbi \u0259m\u0259liyyatlara ba\u015flay\u0131b.<\/p>\n\n\n\n<p>Birl\u0259\u015fmi\u015f Mill\u0259tl\u0259r T\u0259\u015fkilat\u0131n\u0131n T\u0259hsil, Elm v\u0259 M\u0259d\u0259niyy\u0259t T\u0259\u015fkilat\u0131n\u0131n (UNESCO) bu ilin may\u0131nda a\u00e7\u0131qlad\u0131\u011f\u0131 hesabatda Rusiyan\u0131n h\u0259rbi \u0259m\u0259liyyatlara ba\u015flamas\u0131ndan bu yana Ukraynada 139 m\u0259d\u0259niyy\u0259t obyektin\u0259 ziyan d\u0259ydiyi qeyd olunub.<\/p>\n\n\n\n<p>Bildirilib ki, 62 dini bina, 12 muzey, 26 tarixi bina, 17 m\u0259d\u0259ni f\u0259aliyy\u0259t\u0259 h\u0259sr olunmu\u015f tikili, 15 abid\u0259 v\u0259 7 kitabxanaya ziyan z\u0259r\u0259r g\u00f6r\u00fcb.<\/p>\n\n\n\n<p>T\u0259\u015fkilat da\u011f\u0131nt\u0131dan d\u0259y\u0259n z\u0259r\u0259ri t\u0259qrib\u0259n 2,4 milyard avro, istirah\u0259t v\u0259 turizm sektorundak\u0131 g\u0259lir itkisini is\u0259 t\u0259xmin\u0259n 14 milyard avro d\u0259y\u0259rind\u0259 qiym\u0259tl\u0259ndirib.<\/p>\n","protected":false},"excerpt":{"rendered":"<p>Oleksandr Tka\u00e7enko prezidentin b\u0259yanat\u0131ndan istefa \u0259riz\u0259sini t\u0259qdim etdikd\u0259n sonra x\u0259b\u0259r &#8230; <\/p>\n<p class=\"read-more-container\"><a title=\"Zelenski b\u00fcdc\u0259 x\u0259rcl\u0259rini azaltma\u011f\u0131 tap\u015f\u0131rd\u0131, m\u0259d\u0259niyy\u0259t naziri istefa verdi\" class=\"read-more button\" href=\"https:\/\/www.meydan.tv\/az\/article\/zelenski-budce-xerclerini-azaltmagi-tapsirdi-medeniyyet-naziri-istefa-verdi\/#more-280303\" aria-label=\"Read more about Zelenski b\u00fcdc\u0259 x\u0259rcl\u0259rini azaltma\u011f\u0131 tap\u015f\u0131rd\u0131, m\u0259d\u0259niyy\u0259t naziri istefa verdi\">Davam\u0131<\/a><\/p>\n","protected":false},"author":8,"featured_media":280304,"comment_status":"closed","ping_status":"closed","sticky":false,"template":"","format":"standard","meta":{"_acf_changed":false,"_sitemap_exclude":false,"_sitemap_priority":"","_sitemap_frequency":"","footnotes":""},"categories":[64,52,56],"tags":[],"class_list":["post-280303","post","type-post","status-publish","format-standard","has-post-thumbnail","hentry","category-dunya","category-medeniyyet","category-xeberler","infinite-scroll-item","generate-columns","tablet-grid-50","mobile-grid-100","grid-parent","grid-33","no-featured-image-padding"],"acf":[],"yoast_head":"<!-- This site is optimized with the Yoast SEO plugin v27.4 - https:\/\/yoast.com\/product\/yoast-seo-wordpress\/ -->\n<title>Zelenski b\u00fcdc\u0259 x\u0259rcl\u0259rini azaltma\u011f\u0131 tap\u015f\u0131rd\u0131, m\u0259d\u0259niyy\u0259t naziri istefa verdi - MEYDAN.TV<\/title>\n<meta name=\"robots\" content=\"index, follow, max-snippet:-1, max-image-preview:large, max-video-preview:-1\" \/>\n<link rel=\"canonical\" href=\"https:\/\/www.meydan.tv\/az\/article\/zelenski-budce-xerclerini-azaltmagi-tapsirdi-medeniyyet-naziri-istefa-verdi\/\" \/>\n<meta property=\"og:locale\" content=\"az_AZ\" \/>\n<meta property=\"og:type\" content=\"article\" \/>\n<meta property=\"og:title\" content=\"Zelenski b\u00fcdc\u0259 x\u0259rcl\u0259rini azaltma\u011f\u0131 tap\u015f\u0131rd\u0131, m\u0259d\u0259niyy\u0259t naziri istefa verdi - MEYDAN.TV\" \/>\n<meta property=\"og:description\" content=\"Oleksandr Tka\u00e7enko prezidentin b\u0259yanat\u0131ndan istefa \u0259riz\u0259sini t\u0259qdim etdikd\u0259n sonra x\u0259b\u0259r ... Davam\u0131\" \/>\n<meta property=\"og:url\" content=\"https:\/\/www.meydan.tv\/az\/article\/zelenski-budce-xerclerini-azaltmagi-tapsirdi-medeniyyet-naziri-istefa-verdi\/\" \/>\n<meta property=\"og:site_name\" content=\"MEYDAN.TV\" \/>\n<meta property=\"article:published_time\" content=\"2023-07-21T09:48:52+00:00\" \/>\n<meta property=\"article:modified_time\" content=\"2023-07-21T09:50:12+00:00\" \/>\n<meta property=\"og:image\" content=\"https:\/\/www.meydan.tv\/wp-content\/uploads\/untitled-design-9-31-e1689932920319.jpg\" \/>\n\t<meta property=\"og:image:width\" content=\"1200\" \/>\n\t<meta property=\"og:image:height\" content=\"684\" \/>\n\t<meta property=\"og:image:type\" content=\"image\/jpeg\" \/>\n<meta name=\"author\" content=\"elli\" \/>\n<meta name=\"twitter:card\" content=\"summary_large_image\" \/>\n<meta name=\"twitter:creator\" content=\"@elli\" \/>\n<script type=\"application\/ld+json\" class=\"yoast-schema-graph\">{\"@context\":\"https:\\\/\\\/schema.org\",\"@graph\":[{\"@type\":\"Article\",\"@id\":\"https:\\\/\\\/www.meydan.tv\\\/az\\\/article\\\/zelenski-budce-xerclerini-azaltmagi-tapsirdi-medeniyyet-naziri-istefa-verdi\\\/#article\",\"isPartOf\":{\"@id\":\"https:\\\/\\\/www.meydan.tv\\\/az\\\/article\\\/zelenski-budce-xerclerini-azaltmagi-tapsirdi-medeniyyet-naziri-istefa-verdi\\\/\"},\"author\":{\"name\":\"elli\",\"@id\":\"https:\\\/\\\/www.meydan.tv\\\/az\\\/#\\\/schema\\\/person\\\/9cdbecf90d17180ce1dfbd95b08dcf47\"},\"headline\":\"Zelenski b\u00fcdc\u0259 x\u0259rcl\u0259rini azaltma\u011f\u0131 tap\u015f\u0131rd\u0131, m\u0259d\u0259niyy\u0259t naziri istefa verdi\",\"datePublished\":\"2023-07-21T09:48:52+00:00\",\"dateModified\":\"2023-07-21T09:50:12+00:00\",\"mainEntityOfPage\":{\"@id\":\"https:\\\/\\\/www.meydan.tv\\\/az\\\/article\\\/zelenski-budce-xerclerini-azaltmagi-tapsirdi-medeniyyet-naziri-istefa-verdi\\\/\"},\"wordCount\":604,\"publisher\":{\"@id\":\"https:\\\/\\\/www.meydan.tv\\\/az\\\/#organization\"},\"image\":{\"@id\":\"https:\\\/\\\/www.meydan.tv\\\/az\\\/article\\\/zelenski-budce-xerclerini-azaltmagi-tapsirdi-medeniyyet-naziri-istefa-verdi\\\/#primaryimage\"},\"thumbnailUrl\":\"https:\\\/\\\/www.meydan.tv\\\/wp-content\\\/uploads\\\/untitled-design-9-31-e1689932920319.jpg\",\"articleSection\":[\"D\u00fcnya\",\"M\u0259d\u0259niyy\u0259t\",\"X\u0259b\u0259rl\u0259r\"],\"inLanguage\":\"az\"},{\"@type\":\"WebPage\",\"@id\":\"https:\\\/\\\/www.meydan.tv\\\/az\\\/article\\\/zelenski-budce-xerclerini-azaltmagi-tapsirdi-medeniyyet-naziri-istefa-verdi\\\/\",\"url\":\"https:\\\/\\\/www.meydan.tv\\\/az\\\/article\\\/zelenski-budce-xerclerini-azaltmagi-tapsirdi-medeniyyet-naziri-istefa-verdi\\\/\",\"name\":\"Zelenski b\u00fcdc\u0259 x\u0259rcl\u0259rini azaltma\u011f\u0131 tap\u015f\u0131rd\u0131, m\u0259d\u0259niyy\u0259t naziri istefa verdi - MEYDAN.TV\",\"isPartOf\":{\"@id\":\"https:\\\/\\\/www.meydan.tv\\\/az\\\/#website\"},\"primaryImageOfPage\":{\"@id\":\"https:\\\/\\\/www.meydan.tv\\\/az\\\/article\\\/zelenski-budce-xerclerini-azaltmagi-tapsirdi-medeniyyet-naziri-istefa-verdi\\\/#primaryimage\"},\"image\":{\"@id\":\"https:\\\/\\\/www.meydan.tv\\\/az\\\/article\\\/zelenski-budce-xerclerini-azaltmagi-tapsirdi-medeniyyet-naziri-istefa-verdi\\\/#primaryimage\"},\"thumbnailUrl\":\"https:\\\/\\\/www.meydan.tv\\\/wp-content\\\/uploads\\\/untitled-design-9-31-e1689932920319.jpg\",\"datePublished\":\"2023-07-21T09:48:52+00:00\",\"dateModified\":\"2023-07-21T09:50:12+00:00\",\"breadcrumb\":{\"@id\":\"https:\\\/\\\/www.meydan.tv\\\/az\\\/article\\\/zelenski-budce-xerclerini-azaltmagi-tapsirdi-medeniyyet-naziri-istefa-verdi\\\/#breadcrumb\"},\"inLanguage\":\"az\",\"potentialAction\":[{\"@type\":\"ReadAction\",\"target\":[\"https:\\\/\\\/www.meydan.tv\\\/az\\\/article\\\/zelenski-budce-xerclerini-azaltmagi-tapsirdi-medeniyyet-naziri-istefa-verdi\\\/\"]}]},{\"@type\":\"ImageObject\",\"inLanguage\":\"az\",\"@id\":\"https:\\\/\\\/www.meydan.tv\\\/az\\\/article\\\/zelenski-budce-xerclerini-azaltmagi-tapsirdi-medeniyyet-naziri-istefa-verdi\\\/#primaryimage\",\"url\":\"https:\\\/\\\/www.meydan.tv\\\/wp-content\\\/uploads\\\/untitled-design-9-31-e1689932920319.jpg\",\"contentUrl\":\"https:\\\/\\\/www.meydan.tv\\\/wp-content\\\/uploads\\\/untitled-design-9-31-e1689932920319.jpg\",\"width\":1200,\"height\":684,\"caption\":\"Foto: Oleksandr Tka\u00e7enkonun \\\"Facebook\\\" s\u0259hif\u0259sind\u0259n\"},{\"@type\":\"BreadcrumbList\",\"@id\":\"https:\\\/\\\/www.meydan.tv\\\/az\\\/article\\\/zelenski-budce-xerclerini-azaltmagi-tapsirdi-medeniyyet-naziri-istefa-verdi\\\/#breadcrumb\",\"itemListElement\":[{\"@type\":\"ListItem\",\"position\":1,\"name\":\"Ana s\u0259hif\u0259\",\"item\":\"https:\\\/\\\/www.meydan.tv\\\/az\\\/\"},{\"@type\":\"ListItem\",\"position\":2,\"name\":\"M\u0259d\u0259niyy\u0259t\",\"item\":\"https:\\\/\\\/www.meydan.tv\\\/az\\\/section\\\/medeniyyet\\\/\"},{\"@type\":\"ListItem\",\"position\":3,\"name\":\"Zelenski b\u00fcdc\u0259 x\u0259rcl\u0259rini azaltma\u011f\u0131 tap\u015f\u0131rd\u0131, m\u0259d\u0259niyy\u0259t naziri istefa verdi\"}]},{\"@type\":\"WebSite\",\"@id\":\"https:\\\/\\\/www.meydan.tv\\\/az\\\/#website\",\"url\":\"https:\\\/\\\/www.meydan.tv\\\/az\\\/\",\"name\":\"MEYDAN.TV\",\"description\":\"Meydan TV Az\u0259rbaycan\u0131n media m\u0259kan\u0131ndak\u0131 alternativ s\u0259sidir\",\"publisher\":{\"@id\":\"https:\\\/\\\/www.meydan.tv\\\/az\\\/#organization\"},\"potentialAction\":[{\"@type\":\"SearchAction\",\"target\":{\"@type\":\"EntryPoint\",\"urlTemplate\":\"https:\\\/\\\/www.meydan.tv\\\/az\\\/?s={search_term_string}\"},\"query-input\":{\"@type\":\"PropertyValueSpecification\",\"valueRequired\":true,\"valueName\":\"search_term_string\"}}],\"inLanguage\":\"az\"},{\"@type\":\"Organization\",\"@id\":\"https:\\\/\\\/www.meydan.tv\\\/az\\\/#organization\",\"name\":\"Meydan TV\",\"url\":\"https:\\\/\\\/www.meydan.tv\\\/az\\\/\",\"logo\":{\"@type\":\"ImageObject\",\"inLanguage\":\"az\",\"@id\":\"https:\\\/\\\/www.meydan.tv\\\/az\\\/#\\\/schema\\\/logo\\\/image\\\/\",\"url\":\"https:\\\/\\\/www.meydan.tv\\\/wp-content\\\/uploads\\\/2021\\\/07\\\/meydan-logo.svg\",\"contentUrl\":\"https:\\\/\\\/www.meydan.tv\\\/wp-content\\\/uploads\\\/2021\\\/07\\\/meydan-logo.svg\",\"width\":195,\"height\":46,\"caption\":\"Meydan TV\"},\"image\":{\"@id\":\"https:\\\/\\\/www.meydan.tv\\\/az\\\/#\\\/schema\\\/logo\\\/image\\\/\"}},{\"@type\":\"Person\",\"@id\":\"https:\\\/\\\/www.meydan.tv\\\/az\\\/#\\\/schema\\\/person\\\/9cdbecf90d17180ce1dfbd95b08dcf47\",\"name\":\"elli\",\"sameAs\":[\"https:\\\/\\\/x.com\\\/elli\"]}]}<\/script>\n<!-- \/ Yoast SEO plugin. -->","yoast_head_json":{"title":"Zelenski b\u00fcdc\u0259 x\u0259rcl\u0259rini azaltma\u011f\u0131 tap\u015f\u0131rd\u0131, m\u0259d\u0259niyy\u0259t naziri istefa verdi - MEYDAN.TV","robots":{"index":"index","follow":"follow","max-snippet":"max-snippet:-1","max-image-preview":"max-image-preview:large","max-video-preview":"max-video-preview:-1"},"canonical":"https:\/\/www.meydan.tv\/az\/article\/zelenski-budce-xerclerini-azaltmagi-tapsirdi-medeniyyet-naziri-istefa-verdi\/","og_locale":"az_AZ","og_type":"article","og_title":"Zelenski b\u00fcdc\u0259 x\u0259rcl\u0259rini azaltma\u011f\u0131 tap\u015f\u0131rd\u0131, m\u0259d\u0259niyy\u0259t naziri istefa verdi - MEYDAN.TV","og_description":"Oleksandr Tka\u00e7enko prezidentin b\u0259yanat\u0131ndan istefa \u0259riz\u0259sini t\u0259qdim etdikd\u0259n sonra x\u0259b\u0259r ... Davam\u0131","og_url":"https:\/\/www.meydan.tv\/az\/article\/zelenski-budce-xerclerini-azaltmagi-tapsirdi-medeniyyet-naziri-istefa-verdi\/","og_site_name":"MEYDAN.TV","article_published_time":"2023-07-21T09:48:52+00:00","article_modified_time":"2023-07-21T09:50:12+00:00","og_image":[{"width":1200,"height":684,"url":"https:\/\/www.meydan.tv\/wp-content\/uploads\/untitled-design-9-31-e1689932920319.jpg","type":"image\/jpeg"}],"author":"elli","twitter_card":"summary_large_image","twitter_creator":"@elli","schema":{"@context":"https:\/\/schema.org","@graph":[{"@type":"Article","@id":"https:\/\/www.meydan.tv\/az\/article\/zelenski-budce-xerclerini-azaltmagi-tapsirdi-medeniyyet-naziri-istefa-verdi\/#article","isPartOf":{"@id":"https:\/\/www.meydan.tv\/az\/article\/zelenski-budce-xerclerini-azaltmagi-tapsirdi-medeniyyet-naziri-istefa-verdi\/"},"author":{"name":"elli","@id":"https:\/\/www.meydan.tv\/az\/#\/schema\/person\/9cdbecf90d17180ce1dfbd95b08dcf47"},"headline":"Zelenski b\u00fcdc\u0259 x\u0259rcl\u0259rini azaltma\u011f\u0131 tap\u015f\u0131rd\u0131, m\u0259d\u0259niyy\u0259t naziri istefa verdi","datePublished":"2023-07-21T09:48:52+00:00","dateModified":"2023-07-21T09:50:12+00:00","mainEntityOfPage":{"@id":"https:\/\/www.meydan.tv\/az\/article\/zelenski-budce-xerclerini-azaltmagi-tapsirdi-medeniyyet-naziri-istefa-verdi\/"},"wordCount":604,"publisher":{"@id":"https:\/\/www.meydan.tv\/az\/#organization"},"image":{"@id":"https:\/\/www.meydan.tv\/az\/article\/zelenski-budce-xerclerini-azaltmagi-tapsirdi-medeniyyet-naziri-istefa-verdi\/#primaryimage"},"thumbnailUrl":"https:\/\/www.meydan.tv\/wp-content\/uploads\/untitled-design-9-31-e1689932920319.jpg","articleSection":["D\u00fcnya","M\u0259d\u0259niyy\u0259t","X\u0259b\u0259rl\u0259r"],"inLanguage":"az"},{"@type":"WebPage","@id":"https:\/\/www.meydan.tv\/az\/article\/zelenski-budce-xerclerini-azaltmagi-tapsirdi-medeniyyet-naziri-istefa-verdi\/","url":"https:\/\/www.meydan.tv\/az\/article\/zelenski-budce-xerclerini-azaltmagi-tapsirdi-medeniyyet-naziri-istefa-verdi\/","name":"Zelenski b\u00fcdc\u0259 x\u0259rcl\u0259rini azaltma\u011f\u0131 tap\u015f\u0131rd\u0131, m\u0259d\u0259niyy\u0259t naziri istefa verdi - MEYDAN.TV","isPartOf":{"@id":"https:\/\/www.meydan.tv\/az\/#website"},"primaryImageOfPage":{"@id":"https:\/\/www.meydan.tv\/az\/article\/zelenski-budce-xerclerini-azaltmagi-tapsirdi-medeniyyet-naziri-istefa-verdi\/#primaryimage"},"image":{"@id":"https:\/\/www.meydan.tv\/az\/article\/zelenski-budce-xerclerini-azaltmagi-tapsirdi-medeniyyet-naziri-istefa-verdi\/#primaryimage"},"thumbnailUrl":"https:\/\/www.meydan.tv\/wp-content\/uploads\/untitled-design-9-31-e1689932920319.jpg","datePublished":"2023-07-21T09:48:52+00:00","dateModified":"2023-07-21T09:50:12+00:00","breadcrumb":{"@id":"https:\/\/www.meydan.tv\/az\/article\/zelenski-budce-xerclerini-azaltmagi-tapsirdi-medeniyyet-naziri-istefa-verdi\/#breadcrumb"},"inLanguage":"az","potentialAction":[{"@type":"ReadAction","target":["https:\/\/www.meydan.tv\/az\/article\/zelenski-budce-xerclerini-azaltmagi-tapsirdi-medeniyyet-naziri-istefa-verdi\/"]}]},{"@type":"ImageObject","inLanguage":"az","@id":"https:\/\/www.meydan.tv\/az\/article\/zelenski-budce-xerclerini-azaltmagi-tapsirdi-medeniyyet-naziri-istefa-verdi\/#primaryimage","url":"https:\/\/www.meydan.tv\/wp-content\/uploads\/untitled-design-9-31-e1689932920319.jpg","contentUrl":"https:\/\/www.meydan.tv\/wp-content\/uploads\/untitled-design-9-31-e1689932920319.jpg","width":1200,"height":684,"caption":"Foto: Oleksandr Tka\u00e7enkonun \"Facebook\" s\u0259hif\u0259sind\u0259n"},{"@type":"BreadcrumbList","@id":"https:\/\/www.meydan.tv\/az\/article\/zelenski-budce-xerclerini-azaltmagi-tapsirdi-medeniyyet-naziri-istefa-verdi\/#breadcrumb","itemListElement":[{"@type":"ListItem","position":1,"name":"Ana s\u0259hif\u0259","item":"https:\/\/www.meydan.tv\/az\/"},{"@type":"ListItem","position":2,"name":"M\u0259d\u0259niyy\u0259t","item":"https:\/\/www.meydan.tv\/az\/section\/medeniyyet\/"},{"@type":"ListItem","position":3,"name":"Zelenski b\u00fcdc\u0259 x\u0259rcl\u0259rini azaltma\u011f\u0131 tap\u015f\u0131rd\u0131, m\u0259d\u0259niyy\u0259t naziri istefa verdi"}]},{"@type":"WebSite","@id":"https:\/\/www.meydan.tv\/az\/#website","url":"https:\/\/www.meydan.tv\/az\/","name":"MEYDAN.TV","description":"Meydan TV Az\u0259rbaycan\u0131n media m\u0259kan\u0131ndak\u0131 alternativ s\u0259sidir","publisher":{"@id":"https:\/\/www.meydan.tv\/az\/#organization"},"potentialAction":[{"@type":"SearchAction","target":{"@type":"EntryPoint","urlTemplate":"https:\/\/www.meydan.tv\/az\/?s={search_term_string}"},"query-input":{"@type":"PropertyValueSpecification","valueRequired":true,"valueName":"search_term_string"}}],"inLanguage":"az"},{"@type":"Organization","@id":"https:\/\/www.meydan.tv\/az\/#organization","name":"Meydan TV","url":"https:\/\/www.meydan.tv\/az\/","logo":{"@type":"ImageObject","inLanguage":"az","@id":"https:\/\/www.meydan.tv\/az\/#\/schema\/logo\/image\/","url":"https:\/\/www.meydan.tv\/wp-content\/uploads\/2021\/07\/meydan-logo.svg","contentUrl":"https:\/\/www.meydan.tv\/wp-content\/uploads\/2021\/07\/meydan-logo.svg","width":195,"height":46,"caption":"Meydan TV"},"image":{"@id":"https:\/\/www.meydan.tv\/az\/#\/schema\/logo\/image\/"}},{"@type":"Person","@id":"https:\/\/www.meydan.tv\/az\/#\/schema\/person\/9cdbecf90d17180ce1dfbd95b08dcf47","name":"elli","sameAs":["https:\/\/x.com\/elli"]}]}},"_links":{"self":[{"href":"https:\/\/www.meydan.tv\/az\/wp-json\/wp\/v2\/posts\/280303","targetHints":{"allow":["GET"]}}],"collection":[{"href":"https:\/\/www.meydan.tv\/az\/wp-json\/wp\/v2\/posts"}],"about":[{"href":"https:\/\/www.meydan.tv\/az\/wp-json\/wp\/v2\/types\/post"}],"author":[{"embeddable":true,"href":"https:\/\/www.meydan.tv\/az\/wp-json\/wp\/v2\/users\/8"}],"replies":[{"embeddable":true,"href":"https:\/\/www.meydan.tv\/az\/wp-json\/wp\/v2\/comments?post=280303"}],"version-history":[{"count":2,"href":"https:\/\/www.meydan.tv\/az\/wp-json\/wp\/v2\/posts\/280303\/revisions"}],"predecessor-version":[{"id":280308,"href":"https:\/\/www.meydan.tv\/az\/wp-json\/wp\/v2\/posts\/280303\/revisions\/280308"}],"wp:featuredmedia":[{"embeddable":true,"href":"https:\/\/www.meydan.tv\/az\/wp-json\/wp\/v2\/media\/280304"}],"wp:attachment":[{"href":"https:\/\/www.meydan.tv\/az\/wp-json\/wp\/v2\/media?parent=280303"}],"wp:term":[{"taxonomy":"category","embeddable":true,"href":"https:\/\/www.meydan.tv\/az\/wp-json\/wp\/v2\/categories?post=280303"},{"taxonomy":"post_tag","embeddable":true,"href":"https:\/\/www.meydan.tv\/az\/wp-json\/wp\/v2\/tags?post=280303"}],"curies":[{"name":"wp","href":"https:\/\/api.w.org\/{rel}","templated":true}]}}