{"id":280294,"date":"2023-07-21T13:43:38","date_gmt":"2023-07-21T09:43:38","guid":{"rendered":"https:\/\/www.meydan.tv\/?p=280294"},"modified":"2023-07-21T15:39:18","modified_gmt":"2023-07-21T11:39:18","slug":"fermerlerin-texnika-derdi-taxilbicen-kombaynlari-tapmaq-olmur","status":"publish","type":"post","link":"https:\/\/www.meydan.tv\/az\/article\/fermerlerin-texnika-derdi-taxilbicen-kombaynlari-tapmaq-olmur\/","title":{"rendered":"Fermerl\u0259rin texnika d\u0259rdi: &#8220;Tax\u0131lbi\u00e7\u0259n kombaynlar\u0131 tapmaq olmur&#8221;"},"content":{"rendered":"\n<p><\/p>\n\n\n\n<p><strong><em>M\u00fct\u0259x\u0259ssis hesab edir ki, inhisar l\u0259\u011fv edilm\u0259li, ki\u00e7ik fermerl\u0259r\u0259 daha s\u0259m\u0259r\u0259li xidm\u0259t formalar\u0131 v\u0259 \u00e7\u0131x\u0131\u015f yollar\u0131 t\u0259klif edilm\u0259lidir<\/em><\/strong><\/p>\n\n\n\n<p>Tax\u0131l bi\u00e7ini \u0259r\u0259f\u0259sind\u0259 fermerl\u0259rin \u0259sas problemi texnika il\u0259 ba\u011fl\u0131 olur. Bu d\u0259f\u0259 d\u0259 bir \u00e7ox fermer eyni probleml\u0259 qar\u015f\u0131la\u015f\u0131b.<\/p>\n\n\n\n<p><em>&#8220;Tax\u0131lbi\u00e7\u0259n kombaynlar\u0131 tapmaq olmur. Kombayn\u0131 da m\u00fcqavil\u0259 il\u0259 g\u00f6t\u00fcr\u0259nl\u0259r vaxt\u0131ndan qabaq bi\u00e7in\u0259 ba\u015flay\u0131rlar. \u00c7\u00fcnki m\u00fcqavil\u0259y\u0259 g\u00f6r\u0259 ilkin m\u0259bl\u0259\u011f \u00f6d\u0259m\u0259lidirl\u0259r. May\u0131n sonunda tax\u0131l qurumam\u0131\u015f bi\u00e7irl\u0259r. N\u0259tic\u0259d\u0259 tax\u0131l\u0131 qurutmaq olmur. H\u0259r il eyni v\u0259ziyy\u0259tdir. G\u00f6zl\u0259m\u0259liyik ki, hardansa texnika g\u0259lsin, bi\u00e7inimizi dava-q\u0131r\u011f\u0131nla bitir\u0259k&#8221;, &#8211;<\/em> K\u00fcrd\u0259mirin \u015eilyan k\u0259nd sakini, ill\u0259rin fermer t\u0259s\u0259rr\u00fcfat sahibi Allahver\u0259n Allahver\u0259nov bel\u0259 deyir.<\/p>\n\n\n\n<p>O, m\u00f6vs\u00fcm vaxt\u0131 k\u0259ndl\u0259rd\u0259 ya\u015fanan texnika \u00e7at\u0131\u015fmazl\u0131\u011f\u0131ndan naraz\u0131d\u0131r. Fermerin s\u00f6zl\u0259rin\u0259 g\u00f6r\u0259 11 min \u0259halisi olan \u015eilyan k\u0259ndind\u0259 1500 hektar pay v\u0259 bir o q\u0259d\u0259r icar\u0259y\u0259 g\u00f6t\u00fcr\u00fclm\u00fc\u015f torpaq sah\u0259si var.<\/p>\n\n\n\n<p>&nbsp;\u201c<em>H\u0259min torpaqlarda bu\u011fda, arpa \u0259kini h\u0259yata ke\u00e7irils\u0259 d\u0259, h\u0259r il bi\u00e7ind\u0259 texnikadan dolay\u0131 problem ya\u015fan\u0131r. \u018fsas\u0259n qon\u015fu da\u011f rayonlar\u0131ndan g\u0259tiril\u0259n kombayn\u00e7\u0131lar da f\u00fcrs\u0259td\u0259n istifad\u0259 edib hektar\u0131 m\u00f6vcud r\u00fcsum qiym\u0259tind\u0259n 22 manat baha bi\u00e7irl\u0259r. \u00dcst\u0259lik tez bi\u00e7in v\u0259 ya vaxt\u0131ndan gecikm\u0259 m\u0259hsuldarl\u0131\u011fa da m\u0259nfi t\u0259sir edir\u201d, <\/em>&#8211; o deyir.<\/p>\n\n\n\n<p>Allahver\u0259n Allahver\u0259nov dan\u0131\u015f\u0131r ki, on hektar sah\u0259si var. Arpan\u0131 \u00e7ox \u0259kib, bu\u011fdan\u0131 az:<\/p>\n\n\n\n<p>\u201c<em>Bi\u00e7in\u0259 tam 20-25 g\u00fcn gecikdim. Bu\u011fdan\u0131 yenic\u0259 bi\u00e7dirdim. \u00c7\u00fcnki n\u00f6vb\u0259y\u0259 d\u00fc\u015fm\u0259k olmur. Xa\u00e7mazdan tax\u0131lbi\u00e7\u0259n kombayn g\u0259tirilib k\u0259ndimiz\u0259. On g\u00fcn i\u015fl\u0259yib, sonra geri d\u00f6nd\u00fcl\u0259r. \u00d6z rayonumuzda 2-3 kombayn var, ancaq onlar \u015f\u0259xsidir, iri toxum\u00e7uluq \u00fczr\u0259 ixtisasla\u015fm\u0131\u015f fermer\u0259 m\u0259xsusdur. He\u00e7 kim\u0259 d\u0259 istifad\u0259y\u0259 vermir\u201d.<\/em><\/p>\n\n\n<div class=\"wp-block-image\">\n<figure class=\"aligncenter size-full\"><img decoding=\"async\" width=\"1200\" height=\"800\" data-src=\"https:\/\/www.meydan.tv\/wp-content\/uploads\/untitled-design-7-41.jpg\" alt=\"\" class=\"wp-image-280284 lazyload\" src=\"data:image\/svg+xml;base64,PHN2ZyB3aWR0aD0iMSIgaGVpZ2h0PSIxIiB4bWxucz0iaHR0cDovL3d3dy53My5vcmcvMjAwMC9zdmciPjwvc3ZnPg==\" style=\"--smush-placeholder-width: 1200px; --smush-placeholder-aspect-ratio: 1200\/800;\" \/><\/figure>\n<\/div>\n\n\n<p>\u201c<em>K\u0259nardan g\u0259l\u0259n, yaxud aqrolizinq yolu il\u0259 texnika g\u00f6t\u00fcr\u0259nl\u0259r d\u0259 k\u0259nd aras\u0131nda pay torpaqlar\u0131n\u0131n hektar\u0131n\u0131 50 manata bi\u00e7irl\u0259r, amma k\u0259ndd\u0259n 1-2 km aralanan kimi qiym\u0259ti qald\u0131r\u0131rlar 70 manata. Kombayn\u0131 d\u00f6vl\u0259t g\u00fcz\u0259\u015ftli m\u00fcqavil\u0259 il\u0259 verirs\u0259, niy\u0259 fermer, k\u0259ndli onlardan as\u0131l\u0131 v\u0259ziyy\u0259t\u0259 d\u00fc\u015f\u00fcr? Niy\u0259 d\u00f6vl\u0259t r\u00fcsumu olan 48 manatdan yuxar\u0131 pul \u00f6d\u0259m\u0259k m\u0259cburiyy\u0259tind\u0259 qalmal\u0131y\u0131q? Texnika \u0259l\u00e7atan olmal\u0131d\u0131r ki, d\u00f6vl\u0259t r\u00fcsumundan art\u0131q bi\u00e7in haqq\u0131 olmas\u0131n&#8221;, &#8211;<\/em> fermer gileyl\u0259nir.<\/p>\n\n\n\n<p>&#8220;<strong>He\u00e7 olmasa 5-6 k\u0259nd\u0259 bir texnika verilsin&#8221;<\/strong><\/p>\n\n\n\n<p>G\u00f6y\u00e7ayl\u0131 fermer v\u0259 k\u0259ndlil\u0259r&nbsp; d\u0259 m\u00f6vs\u00fcm vaxt\u0131 g\u00fcnl\u0259rl\u0259 texnika axtar\u0131\u015f\u0131nda olurlar. Rayonun Al\u0131k\u0259nd k\u0259nd sakini M\u0259tl\u0259b Salmanov deyir ki, bir hektar arpa sah\u0259sinin bi\u00e7inin\u0259 bir ay m\u00fcdd\u0259tind\u0259 nail olub. Qon\u015fu v\u0259 rayonun dig\u0259r k\u0259ndl\u0259rind\u0259 sah\u0259l\u0259r \u00e7ox, kombayn\u00e7\u0131 is\u0259 t\u0259k oldu\u011fundan uzun n\u00f6vb\u0259 yaran\u0131r. N\u00f6vb\u0259d\u0259 sah\u0259si v\u0259 imkan\u0131 \u00e7ox olanlar \u00f6n, dig\u0259rl\u0259ri is\u0259 \u0259n son s\u0131ralar\u0131 tuturlar. K\u0259ndli deyir ki, n\u0259tic\u0259d\u0259 \u0259kin\u0259, bi\u00e7in\u0259 qoyulan x\u0259rc m\u00fcqabilind\u0259 g\u00f6t\u00fcr\u00fcl\u0259n m\u0259hsul onlar\u0131 qane etmir:<\/p>\n\n\n\n<p><em>&#8220;Az sah\u0259si olanlar lap sona qal\u0131r, \u00e7\u00fcnki texnika sahibin\u0259 \u00e7ox sah\u0259si olan s\u0259rf\u0259lidir. Bir hektar sah\u0259m bi\u00e7il\u0259n\u0259 q\u0259d\u0259r arpa t\u00f6k\u00fcld\u00fc qald\u0131. Al\u0131k\u0259nd k\u0259ndind\u0259 \u00fcmumilikd\u0259 100 hektar arpa v\u0259 40 hektar bu\u011fda sah\u0259si vard\u0131. Texnika da \u015eamax\u0131dan g\u0259lib, t\u0259kdir. O da t\u0259l\u0259bat \u00e7oxdur dey\u0259, k\u0259ndl\u0259rd\u0259 \u00e7ox qalm\u0131r v\u0259 \u00e7atd\u0131ra bilmir. Bir k\u0259ndi bitirm\u0259mi\u015f, o biri k\u0259nd\u0259 gedir\u201d<\/em>.<\/p>\n\n\n\n<p>\u201c<em>Arpan\u0131n kiloqram\u0131 bir manata ba\u015fa g\u0259ldi. Ondansa gedib arpa alsam, daha \u00e7ox s\u0259rf ed\u0259rdi. Bir hektara 200 kiloqram, \u00f6z\u00fc d\u0259 65 q\u0259pikd\u0259n arpa al\u0131b \u0259kmi\u015f\u0259m. D\u00f6vl\u0259t bir hektara 200 manat subsidiya verir. 70 manat\u0131 n\u0259\u011fd ald\u0131q, 130 manatl\u0131q da iki kis\u0259 g\u00fcbr\u0259 verdil\u0259r. 400 manat da \u015fumdan tutmu\u015f suvarmas\u0131na q\u0259d\u0259r vermi\u015f\u0259m. 1 ton da m\u0259hsul g\u00f6t\u00fcrd\u00fcm.<\/em><\/p>\n\n\n<div class=\"wp-block-image\">\n<figure class=\"aligncenter size-full\"><img decoding=\"async\" width=\"1200\" height=\"800\" data-src=\"https:\/\/www.meydan.tv\/wp-content\/uploads\/untitled-design-6-45.jpg\" alt=\"\" class=\"wp-image-280281 lazyload\" src=\"data:image\/svg+xml;base64,PHN2ZyB3aWR0aD0iMSIgaGVpZ2h0PSIxIiB4bWxucz0iaHR0cDovL3d3dy53My5vcmcvMjAwMC9zdmciPjwvc3ZnPg==\" style=\"--smush-placeholder-width: 1200px; --smush-placeholder-aspect-ratio: 1200\/800;\" \/><\/figure>\n<\/div>\n\n\n<p><em>5-6 k\u0259nd\u0259 he\u00e7 olmasa bir texnika verilsin. M\u0259hsul vaxt\u0131nda v\u0259 itkisiz bi\u00e7ilsin. \u00d6t\u0259n il az idi, bi\u00e7in nisb\u0259t\u0259n tez bitdi. Bu il \u00e7ox \u0259kin oldu dey\u0259 uzand\u0131 bi\u00e7in&#8221;, <\/em>&#8211; fermer deyir.<\/p>\n\n\n\n<p>&#8220;<strong>Texnikan\u0131 da g\u0259r\u0259k fermer t\u0259s\u0259rr\u00fcfat\u0131 yarad\u0131b alasan&#8221;<\/strong><\/p>\n\n\n\n<p>K\u00fcrd\u0259mir rayonunun toxum\u00e7uluq \u00fczr\u0259 \u0259n iri fermeri say\u0131lan C\u00fcm\u015f\u00fcd Babayev bildirir ki, iri fermerl\u0259r lizinq yolu il\u0259 texnikan\u0131 ald\u0131\u011f\u0131ndan ki\u00e7ik fermer v\u0259 k\u0259ndlil\u0259r m\u00f6vs\u00fcm vaxt\u0131 \u0259ziyy\u0259t \u00e7\u0259kir. Azl\u0131q t\u0259\u015fkil ed\u0259n h\u0259min fermerl\u0259r h\u0259m ilkin \u00f6d\u0259ni\u015f\u0259 sahib, h\u0259m texniki g\u00f6st\u0259ri\u015fl\u0259r\u0259, h\u0259m d\u0259 m\u00fcqavil\u0259d\u0259ki \u015f\u0259rtl\u0259r\u0259, g\u00fcz\u0259\u015ft\u0259 uy\u011fun oldu\u011fundan texnikan\u0131 ala bilirl\u0259r. Ki\u00e7ik torpaq sah\u0259si olanlar\u0131n is\u0259 lizinq yolu il\u0259 baha qiym\u0259t\u0259 \u015f\u0259xsi texnika almas\u0131&nbsp; \u00e7\u0259tindir.<\/p>\n\n\n\n<p>Fermer deyir ki, texnikan\u0131n icar\u0259y\u0259 g\u00f6t\u00fcr\u00fclm\u0259si&nbsp; h\u0259m qiym\u0259t, h\u0259m dig\u0259r texniki x\u0259rcl\u0259r s\u0259b\u0259bind\u0259n baha ba\u015fa g\u0259lir:<\/p>\n\n\n\n<p>&#8220;<em>On il \u00f6nc\u0259 lizinq yolu il\u0259 texnikalar\u0131m\u0131 alm\u0131\u015fam. 40 faizini d\u00f6vl\u0259t g\u00fcz\u0259\u015ft edib, 60 faizini \u00f6z\u00fcm \u00f6d\u0259mi\u015f\u0259m. 20 faizini d\u0259 ilkin \u00f6d\u0259ni\u015f kimi verirs\u0259n. H\u0259r texnikan\u0131n \u00f6z&nbsp; qiym\u0259ti var. Traktorlardan tutmu\u015f kotana q\u0259d\u0259r. Tax\u0131lbi\u00e7\u0259n kombaynlar\u0131n da qiym\u0259ti 100 min manat\u0131 ke\u00e7ir. Texnikan\u0131 da g\u0259r\u0259k fermer t\u0259s\u0259rr\u00fcfat\u0131 yarad\u0131b alasan. G\u0259lir il\u0259 \u00e7\u0131xar\u0131 m\u00fc\u0259yy\u0259nl\u0259\u015fdirib ala bil\u0259rl\u0259r. 3-5, h\u0259tta 10-15 hektar sah\u0259si olana kombayn g\u00f6t\u00fcrm\u0259k s\u0259rf etm\u0259z. \u018fn az\u0131 50-100 hektar olmal\u0131d\u0131r. Fermerl\u0259r t\u0259s\u0259rr\u00fcfatlar\u0131n\u0131 birl\u0259\u015fib ala bil\u0259r.<\/em><\/p>\n\n\n\n<p><em>Lizinqd\u0259 d\u0259 torpa\u011f\u0131n s\u0259n\u0259dini, V\u00d6EN-i, \u015f\u0259xsiyy\u0259t v\u0259siq\u0259sini g\u00f6st\u0259rir, onlar da bax\u0131r uy\u011fundursa, \u00f6d\u0259m\u0259 imkan\u0131 varsa, lizinq yolu il\u0259 verir. M\u00fct\u0259x\u0259ssis hesablay\u0131r ki, \u015f\u0259rti \u015fuma, malaya, \u0259kin\u0259 v\u0259 bi\u00e7in\u0259 g\u00f6r\u0259 ne\u00e7\u0259 traktor, kombayn laz\u0131md\u0131r. M\u0259s\u0259l\u0259n, bir traktor bir ild\u0259 100 hektar \u015f\u0259rti \u015fuma g\u00f6r\u0259 nizamlan\u0131r&#8221;.<\/em><\/p>\n\n\n\n<p>&#8220;<strong>\u0130car\u0259haqq\u0131n\u0131n \u00e7ox baha olmas\u0131 ciddi problemdir&#8221;<\/strong><\/p>\n\n\n\n<p>Fermer&nbsp; tax\u0131lbi\u00e7\u0259n kombaynlar\u0131n \u0259l\u00e7atan qiym\u0259t\u0259 icar\u0259y\u0259 verilm\u0259sini uy\u011fun hesab edir. M\u00f6vcud bahal\u0131qdan dolay\u0131 regionlarda texnika q\u0131tl\u0131\u011f\u0131 yarand\u0131\u011f\u0131n\u0131 deyir:<\/p>\n\n\n\n<p><em>&#8220;Rayonlarda olan aqroservisd\u0259ki kombaynlar\u0131 icar\u0259y\u0259 g\u00f6t\u00fcrm\u0259kl\u0259 i\u015fl\u0259d\u0259nl\u0259r olur. Ancaq icar\u0259haqq\u0131n\u0131n \u00e7ox baha olmas\u0131n\u0131n \u00f6z\u00fc ciddi problemdir. \u00d6d\u0259y\u0259 bilmirl\u0259r dey\u0259 kombayn\u0131 g\u00f6t\u00fcr\u0259 bilmirl\u0259r, ya da \u00f6d\u0259ni\u015f bat\u0131r. \u0130car\u0259 haqq\u0131n\u0131n baha edir aqrolizinql\u0259r. Bir m\u00f6vs\u00fcm \u0259rzind\u0259 5 min manat qazanc\u0131 olan kombayn\u00e7\u0131 m\u0259cbur olur ki, apar\u0131b o pulu icar\u0259y\u0259 versin. \u00dcst\u0259lik texniki probleml\u0259r var. Burda bir \u00e7\u0131x\u0131\u015f yolu var ki, icar\u0259 haqq\u0131 az olmal\u0131 v\u0259 bi\u00e7in r\u00fcsumu da baha olmamal\u0131d\u0131r. H\u0259r iki t\u0259r\u0259f\u0259 s\u0259rf etsin&#8221;.<\/em><\/p>\n\n\n<div class=\"wp-block-image\">\n<figure class=\"aligncenter size-full\"><img decoding=\"async\" width=\"1200\" height=\"800\" data-src=\"https:\/\/www.meydan.tv\/wp-content\/uploads\/untitled-design-5-67.jpg\" alt=\"\" class=\"wp-image-280278 lazyload\" src=\"data:image\/svg+xml;base64,PHN2ZyB3aWR0aD0iMSIgaGVpZ2h0PSIxIiB4bWxucz0iaHR0cDovL3d3dy53My5vcmcvMjAwMC9zdmciPjwvc3ZnPg==\" style=\"--smush-placeholder-width: 1200px; --smush-placeholder-aspect-ratio: 1200\/800;\" \/><\/figure>\n<\/div>\n\n\n<p>&#8220;<strong>\u00d6lk\u0259d\u0259 h\u0259r hans\u0131 texnika problemi v\u0259 ya \u00e7at\u0131\u015fmazl\u0131\u011f\u0131 m\u00fc\u0259yy\u0259n edilm\u0259yib&#8221;<\/strong><\/p>\n\n\n\n<p>D\u00f6vl\u0259t Statistika Komit\u0259sinin r\u0259q\u0259ml\u0259rin\u0259 n\u0259z\u0259r yetir\u0259nd\u0259 m\u0259lum olur ki, \u00f6lk\u0259 \u00fczr\u0259 1 milyon hektardan art\u0131q tax\u0131l sah\u0259si \u0259kilib. \u018fkinin 658 min hektar\u0131ndan art\u0131\u011f\u0131 bu\u011fda t\u0259\u015fkil edir. Texnikan\u0131n al\u0131nmas\u0131 \u00fc\u00e7\u00fcn h\u0259r il d\u00f6vl\u0259t b\u00fcdc\u0259sind\u0259n 160 milyon manat v\u0259sait ayr\u0131l\u0131r.<\/p>\n\n\n\n<p>Son 10 ild\u0259 texnikaya d\u00f6vl\u0259t b\u00fcdc\u0259sind\u0259n 1 milyarddan \u00e7ox v\u0259sait x\u0259rcl\u0259nib. Bu m\u0259bl\u0259\u011f\u0259 20 mind\u0259n \u00e7ox texnika al\u0131n\u0131b. Bu ilin ilk 6 ay\u0131 \u0259rzind\u0259 is\u0259 53 tax\u0131lbi\u00e7\u0259n kombayn lizinq yolu il\u0259 al\u0131n\u0131b.<\/p>\n\n\n\n<p>K\u0259nd T\u0259s\u0259rr\u00fcfat\u0131 Nazirliyinin m\u0259tbuat xidm\u0259tind\u0259n sor\u011fumuza cavab olaraq bildirildi ki, bi\u00e7in prosesinin 80 faizi yekunla\u015f\u0131b. Haz\u0131rda bi\u00e7in prosesin\u0259 1900-d\u0259n yuxar\u0131 tax\u0131ly\u0131\u011fan texnika c\u0259lb olunub. Onlardan 685 \u0259d\u0259di ancaq &#8220;Aqroservis&#8221;&nbsp; ASC-\u0259 m\u0259xsusdur. M\u0259hz ASC-\u0259 m\u0259xsus texnikalar 50 hektara q\u0259d\u0259r \u0259kin sah\u0259si olan fermerl\u0259r\u0259 xidm\u0259t \u00fc\u00e7\u00fcn ayr\u0131l\u0131r.<\/p>\n\n\n\n<p>\u00dcmumilikd\u0259 bi\u00e7in sah\u0259l\u0259rinin \u00fc\u00e7d\u0259 bir hiss\u0259si \u201cAqroservis\u201d texnikalar\u0131n\u0131n pay\u0131na d\u00fc\u015f\u00fcr. Qalan hiss\u0259ni \u00f6z\u0259l texnikalar bi\u00e7ir. Buna g\u00f6r\u0259 d\u0259 ki\u00e7ik sah\u0259l\u0259r\u0259 m\u0259xsus fermerl\u0259r aras\u0131nda n\u00f6vb\u0259lilik prinsipi yaran\u0131r. Naraz\u0131l\u0131q da n\u00f6vb\u0259liliy\u0259 g\u00f6r\u0259dir.<\/p>\n\n\n\n<p>Tax\u0131l\u0131n yeti\u015fm\u0259 vaxt\u0131 iqlim \u015f\u0259raitind\u0259n as\u0131l\u0131 oldu\u011fu \u00fc\u00e7\u00fcn bi\u00e7in prosesi vahid dislokasiya plan\u0131 \u0259sas\u0131nda apar\u0131l\u0131r. Nazirlik birm\u0259nal\u0131 texnika \u00e7at\u0131\u015fmazl\u0131\u011f\u0131n\u0131 q\u0259bul etmir, \u0259ksin\u0259, q\u0259na\u0259tb\u0259x\u015f oldu\u011funu iddia edir. \u00dcst\u0259lik texnikalar\u0131n g\u00fcz\u0259\u015ftli \u015f\u0259rtl\u0259rl\u0259 sat\u0131\u015f\u0131nda fermerl\u0259r\u0259 d\u00f6vl\u0259t d\u0259st\u0259yinin y\u00fcks\u0259k oldu\u011funu \u0259sasland\u0131r\u0131r.<\/p>\n\n\n\n<p>&#8220;<em>Co\u011frafi m\u00f6vqeyind\u0259n as\u0131l\u0131 olaraq aran, da\u011f\u0259t\u0259yi v\u0259 da\u011fl\u0131q rayonlarda kombayn \u00e7at\u0131\u015fmazl\u0131\u011f\u0131 ya\u015fanmamas\u0131 \u00fc\u00e7\u00fcn kombaynlar\u0131n dislokasiyas\u0131 \u00fczr\u0259 h\u0259r\u0259k\u0259t sxemi haz\u0131rlan\u0131r. Eyni zamanda, bi\u00e7in ba\u015flad\u0131qdan sonra h\u0259r il dislokasiya plan\u0131na uy\u011fun olaraq GPS n\u0259zar\u0259t sistemind\u0259n istifad\u0259 edilm\u0259kl\u0259 bi\u00e7in\u0259 n\u0259zar\u0259t edilm\u0259si, b\u00fct\u00fcn rayonlara z\u0259ruri sayda kombayn c\u0259lb edilm\u0259kl\u0259 n\u00f6vb\u0259liliy\u0259 uy\u011fun \u015f\u0259kild\u0259 tax\u0131l\u0131n y\u0131\u011f\u0131lmas\u0131 v\u0259 da\u011fl\u0131q \u0259razil\u0259rd\u0259 bi\u00e7inin t\u0259\u015fkili \u00fc\u00e7\u00fcn x\u00fcsusi konfiqurasiyaya malik kombaynlardan istifad\u0259 edilm\u0259kl\u0259 relyefli \u0259razil\u0259rd\u0259 bi\u00e7inl\u0259 \u0259laq\u0259dar ortaya \u00e7\u0131xan probleml\u0259rin aradan qald\u0131r\u0131lmas\u0131 t\u0259min edilir.<\/em><\/p>\n\n\n\n<p><em>\u00d6lk\u0259d\u0259 h\u0259r hans\u0131 texnika problemi v\u0259 ya \u00e7at\u0131\u015fmazl\u0131\u011f\u0131 m\u00fc\u0259yy\u0259n edilm\u0259yib. K\u0259nd t\u0259s\u0259rr\u00fcfat\u0131 m\u0259hsullar\u0131 istehsal\u00e7\u0131lar\u0131n\u0131n t\u0259l\u0259bata uy\u011fun olaraq, c\u0259miyy\u0259t t\u0259r\u0259find\u0259n kifay\u0259t q\u0259d\u0259r texnikan\u0131n al\u0131nmas\u0131 v\u0259 g\u00fcz\u0259\u015ftli \u015f\u0259rtl\u0259rl\u0259 sat\u0131\u015f\u0131n\u0131n h\u0259yata ke\u00e7irilm\u0259si t\u0259min edilir&#8221;, <\/em>&#8211; dey\u0259 nazirliyin m\u0259tbuat xidm\u0259tinin r\u0259hb\u0259ri V\u00fcqar H\u00fcseynov bildirir.<\/p>\n\n\n\n<p>&#8220;<strong>Texnikalar\u0131n qiym\u0259tind\u0259 art\u0131mlar m\u00fc\u015fahid\u0259 edilir&#8221;<\/strong><\/p>\n\n\n\n<p>V\u00fcqar H\u00fcseynov k\u0259nd t\u0259s\u0259rr\u00fcfat\u0131 texnikalar\u0131n\u0131n g\u00fcz\u0259\u015ftli \u015f\u0259rtl\u0259rl\u0259 sat\u0131\u015f\u0131n\u0131 is\u0259&nbsp; \u201cK\u0259nd t\u0259s\u0259rr\u00fcfat\u0131na d\u00f6vl\u0259t d\u0259st\u0259yinin v\u0259 aqrar sah\u0259d\u0259 lizinq f\u0259aliyy\u0259tinin t\u0259kmill\u0259\u015fdirilm\u0259si haqq\u0131nda\u201d Az\u0259rbaycan Respublikas\u0131 Prezidentinin 2018-ci il 19 dekabr tarixli 413 n\u00f6mr\u0259li F\u0259rman\u0131na uy\u011fun olaraq h\u0259yata ke\u00e7irildiyini v\u0259&nbsp; d\u00f6vl\u0259tin g\u00fcz\u0259\u015ft pay\u0131 texnikan\u0131n d\u0259y\u0259rinin 40 faizi h\u0259cmind\u0259 m\u00fc\u0259yy\u0259n edildiyini \u0259lav\u0259 edir. Texnikalar\u0131n&nbsp; icar\u0259 v\u0259 lizinq&nbsp; qiym\u0259tl\u0259rinin&nbsp; bahal\u0131\u011f\u0131na g\u0259ldikd\u0259 is\u0259 bunlar\u0131 deyir:<\/p>\n\n\n\n<p><em>&#8220;Qalan 40 faiz hiss\u0259si faizsiz kredit \u015f\u0259rtil\u0259 5 il m\u00fcdd\u0259tin\u0259 maliyy\u0259l\u0259\u015fdirilir. K\u0259nd t\u0259s\u0259rr\u00fcfat\u0131 m\u0259hsullar\u0131 istehsal\u00e7\u0131lar\u0131 lizinq yolu il\u0259 \u0259ld\u0259 etm\u0259k ist\u0259dikl\u0259ri texnikan\u0131n d\u0259y\u0259rinin yaln\u0131z 20 faizini \u0259vv\u0259lc\u0259d\u0259n \u00f6d\u0259m\u0259li olur. Fermer bank\u0131n ay\u0131rd\u0131\u011f\u0131 krediti 60 aya b\u00f6l\u00fcb b\u0259rab\u0259r \u015f\u0259kild\u0259 geri qaytara bil\u0259r. Aqrar Kredit v\u0259 \u0130nki\u015faf Agentliyi v\u0259saiti hesab\u0131na k\u0259nd t\u0259s\u0259rr\u00fcfat\u0131 kreditl\u0259ri 7-12 faizl\u0259 verilir\u201d.<\/em><\/p>\n\n\n\n<figure class=\"wp-block-image size-full\"><img decoding=\"async\" width=\"1200\" height=\"800\" data-src=\"https:\/\/www.meydan.tv\/wp-content\/uploads\/untitled-design-8-35.jpg\" alt=\"\" class=\"wp-image-280299 lazyload\" src=\"data:image\/svg+xml;base64,PHN2ZyB3aWR0aD0iMSIgaGVpZ2h0PSIxIiB4bWxucz0iaHR0cDovL3d3dy53My5vcmcvMjAwMC9zdmciPjwvc3ZnPg==\" style=\"--smush-placeholder-width: 1200px; --smush-placeholder-aspect-ratio: 1200\/800;\" \/><\/figure>\n\n\n\n<p>\u201c<em>K\u0259nd t\u0259s\u0259rr\u00fcfat\u0131 texnikalar\u0131, o c\u00fcml\u0259d\u0259n tax\u0131ly\u0131\u011fan kombaynlar m\u00fcr\u0259kk\u0259b mexanizm oldu\u011fu \u00fc\u00e7\u00fcn v\u0259 son ill\u0259r d\u00fcnyada ba\u015f ver\u0259n qlobal hadis\u0259l\u0259r s\u0259b\u0259bind\u0259n onlar\u0131n qiym\u0259tind\u0259 art\u0131m m\u00fc\u015fahid\u0259 edilir. Bununla bel\u0259, \u201cAqroservis\u201d ASC t\u0259r\u0259find\u0259n h\u0259yata ke\u00e7iril\u0259n aqrotexniki xidm\u0259tl\u0259rin tarifl\u0259ri sosial prinsipl\u0259r \u0259sas\u0131nda t\u0259sbit edilir. Bel\u0259 ki, xidm\u0259t tarifl\u0259rinin d\u0259y\u0259ri texnikan\u0131n tam d\u0259y\u0259rinin \u00f6d\u0259nilm\u0259sini t\u0259min etmir. Sosial prinsipl\u0259r n\u0259z\u0259r\u0259 al\u0131naraq, a\u015fa\u011f\u0131 tarifl\u0259r m\u00fc\u0259yy\u0259n edilir&#8221;, &#8211;<\/em> V\u00fcqar H\u00fcseynov deyir.<\/p>\n\n\n\n<p>K\u0259nd T\u0259s\u0259rr\u00fcfat\u0131 Nazirliyinin m\u0259lumat\u0131na g\u00f6r\u0259, \u00f6t\u0259n il bi\u00e7in 45 g\u00fcn \u0259rzind\u0259 yekunla\u015f\u0131b v\u0259 300 min ton tax\u0131l m\u0259hsulu istehsal olunub.<\/p>\n\n\n\n<p>Bu il is\u0259 may\u0131n sonlar\u0131ndan ba\u015flanan bi\u00e7in avqust ay\u0131na q\u0259d\u0259r davam ed\u0259c\u0259k. M\u00fct\u0259x\u0259ssisl\u0259r d\u0259 bildirir ki, m\u0259hz texnika \u00e7at\u0131\u015fmazl\u0131\u011f\u0131 s\u0259b\u0259bind\u0259n gecik\u0259n \u0259kin v\u0259 bi\u00e7in, d\u00fczg\u00fcn olmayan aqrotexniki qulluq, el\u0259c\u0259 d\u0259 ya\u015fanan iqlim d\u0259yi\u015fikliyi bu ilki m\u0259hsuldarl\u0131\u011fa 20% t\u0259sir ed\u0259c\u0259k. H\u0259m\u00e7inin \u00f6t\u0259nilki ill\u0259 m\u00fcqayis\u0259d\u0259 tax\u0131l m\u0259hsullar\u0131n\u0131n sat\u0131\u015f\u0131nda 20-25 q\u0259pik ucuzla\u015fma var.<\/p>\n\n\n\n<p>&#8220;<strong>Aqrolizinq l\u0259\u011fv edilm\u0259lidir&#8221;<\/strong><\/p>\n\n\n\n<p>K\u0259nd T\u0259s\u0259rr\u00fcfat\u0131 m\u0259s\u0259l\u0259l\u0259ri \u00fczr\u0259 m\u00fct\u0259x\u0259ssis Vahid M\u0259h\u0259rr\u0259mov texnika il\u0259 ba\u011fl\u0131 v\u0259ziyy\u0259tin \u00fcr\u0259ka\u00e7an olmad\u0131\u011f\u0131n\u0131, illik d\u00f6vl\u0259t b\u00fcdc\u0259sind\u0259n ayr\u0131lan v\u0259saitin \u015f\u0259ffaf x\u0259rcl\u0259nm\u0259diyini qeyd edir. M\u00fct\u0259x\u0259ssis deyir ki, k\u0259ndliy\u0259 se\u00e7im imkan\u0131 tan\u0131nm\u0131r. Dig\u0259r sah\u0259l\u0259rd\u0259 oldu\u011fu kimi texnika il\u0259 ba\u011fl\u0131 da inhisar\u00e7\u0131 siyas\u0259t y\u00fcr\u00fcd\u00fcl\u00fcr. Sa\u011flam r\u0259qab\u0259t m\u00fchiti oldu\u011fu halda k\u0259ndlinin texnika daxil, dig\u0259r probleml\u0259ri h\u0259llini tapar:<\/p>\n\n\n\n<p>&#8220;<em>Bu bazarda aqrolizinq inhisar\u00e7\u0131s\u0131 var. Qiym\u0259ti dikt\u0259 edir. Aqrolizinq l\u0259\u011fv edilm\u0259lidir, \u0259v\u0259zind\u0259 \u00f6z\u0259l sahibkarlar bu xidm\u0259ti \u00f6z \u00fcz\u0259rin\u0259 g\u00f6t\u00fcrm\u0259lidir. Bel\u0259 olarsa, f\u0259rqli regionlarda f\u0259rqli sahibkarlar r\u0259qab\u0259t aparacaq. N\u0259tic\u0259d\u0259 keyfiyy\u0259tli v\u0259 ucuz i\u015f g\u00f6r\u0259c\u0259kl\u0259r.<\/em><\/p>\n\n\n\n<p><em>Texnika daxil, dig\u0259r k\u0259nd t\u0259s\u0259rr\u00fcfat\u0131na laz\u0131mi m\u0259hsullar\u0131n sat\u0131\u015f\u0131n\u0131 sahibkarlar etm\u0259lidir. \u0130nhisar\u00e7\u0131l\u0131q var dey\u0259 m\u0259murlar \u00f6z m\u0259qs\u0259dl\u0259rini h\u0259yata ke\u00e7irirl\u0259r. Texnikan\u0131n al\u0131n\u0131b g\u0259tirilm\u0259 mexanizmi \u015f\u0259ffaf deyil dey\u0259, k\u00fclli miqdarda d\u00f6vl\u0259t v\u0259saitinin nec\u0259 x\u0259rcl\u0259nm\u0259si ayd\u0131n deyil. M\u0259s\u0259l\u0259n, 500 pamb\u0131qy\u0131\u011fan texnika al\u0131n\u0131b, h\u0259r biri 700-800 min manat edir\u201d.<\/em><\/p>\n\n\n\n<p>\u201c<em>\u00d6lk\u0259d\u0259 20 rayon \u00fczr\u0259 100 min hektar \u0259razid\u0259 pamb\u0131q \u0259kilib. Bunun \u00fc\u00e7\u00fcn 100 h\u0259min m\u00fcasir kombayn b\u0259s edir. \u00c7\u00fcnki h\u0259min kombayn\u0131n biri bir m\u00f6vs\u00fcmd\u0259 min hektar sah\u0259nin m\u0259hsulunu y\u0131\u011fa bil\u0259r. Be\u015f d\u0259f\u0259 art\u0131q kombayn n\u0259y\u0259 laz\u0131m? Bu v\u0259sait \u00e7at\u0131\u015fmayan dig\u0259r texnikalara s\u0259rf edil\u0259 bil\u0259rdi.<\/em><\/p>\n\n\n\n<figure class=\"wp-block-image size-large is-resized\"><img decoding=\"async\" data-src=\"https:\/\/www.meydan.tv\/wp-content\/uploads\/img-20230718-wa0010-657x821.jpg\" alt=\"\" class=\"wp-image-280291 lazyload\" width=\"797\" height=\"996\" src=\"data:image\/svg+xml;base64,PHN2ZyB3aWR0aD0iMSIgaGVpZ2h0PSIxIiB4bWxucz0iaHR0cDovL3d3dy53My5vcmcvMjAwMC9zdmciPjwvc3ZnPg==\" style=\"--smush-placeholder-width: 797px; --smush-placeholder-aspect-ratio: 797\/996;\" \/><\/figure>\n\n\n\n<p><em>Problemin m\u00f6vcudlu\u011fu v\u0259 qal\u0131c\u0131l\u0131\u011f\u0131 m\u0259murlara daha \u00e7ox qazanc g\u0259tirir. Rayonlarda lizinq yolu v\u0259 xidm\u0259ti m\u00fcqavil\u0259 il\u0259 al\u0131nan kombaynlar\u0131n say\u0131 \u00e7ox g\u00f6st\u0259rils\u0259 d\u0259, 30 faizi i\u015fl\u0259k v\u0259ziyy\u0259td\u0259dir. \u0130kincisi, savadl\u0131 kadr \u00e7at\u0131\u015fm\u0131r. K\u0259nd T\u0259s\u0259rr\u00fcfat\u0131 Nazirliyinin \u00e7oxsayl\u0131 qurumlar\u0131nda pe\u015f\u0259kar m\u00fct\u0259x\u0259ssisl\u0259r olmal\u0131 v\u0259 onlar v\u0259zif\u0259l\u0259rini d\u00fczg\u00fcn yerin\u0259 yetirm\u0259lidir, amma \u0259ksidir. Probleml\u0259r i\u00e7ind\u0259 bo\u011fulan k\u0259ndlil\u0259r v\u0259 probleml\u0259rd\u0259n pul qazanan m\u0259murlar var&#8221;.<\/em><\/p>\n\n\n\n<p><strong>&#8220;Ki\u00e7ik t\u0259s\u0259rr\u00fcfatlar k\u0259ndlil\u0259r\u0259 s\u0259rf\u0259li t\u0259klifl\u0259r \u0259sas\u0131nda birl\u0259\u015fdirilm\u0259lidir&#8221;<\/strong><\/p>\n\n\n\n<p>M\u00fct\u0259x\u0259ssis \u0259lav\u0259 edir ki, tax\u0131l bi\u00e7inind\u0259 texnika \u00e7at\u0131\u015fmazl\u0131\u011f\u0131 m\u0259hsuldarl\u0131\u011fa m\u0259nfi t\u0259sir edir. \u0130ri fermer t\u0259s\u0259rr\u00fcfatlar\u0131 istisna, ki\u00e7ik t\u0259s\u0259rr\u00fcfat sahibl\u0259ri, pay torpa\u011f\u0131nda bi\u00e7in ed\u0259n k\u0259ndlil\u0259r daha \u00e7ox \u0259ziyy\u0259t \u00e7\u0259kdiyind\u0259n s\u0259m\u0259r\u0259li t\u0259klif yollar\u0131ndan yararlanmal\u0131 v\u0259 d\u00f6vl\u0259t onlara&nbsp; m\u00fc\u0259yy\u0259n s\u0259m\u0259r\u0259li g\u00fcz\u0259\u015ftl\u0259r etm\u0259lidir:<\/p>\n\n\n\n<p><em>&#8220;Ki\u00e7ik t\u0259s\u0259rr\u00fcfatlar k\u0259ndlil\u0259r\u0259 s\u0259rf\u0259li t\u0259klifl\u0259r \u0259sas\u0131nda birl\u0259\u015fdirilm\u0259lidir. \u00c7\u00fcnki bir hektar tax\u0131l sah\u0259si olmayan k\u0259ndli var. Kombayn da bahal\u0131d\u0131r v\u0259 vaxt apar\u0131r. M\u0259cburiyy\u0259t olmaz, ancaq t\u0259s\u0259rr\u00fcfat sahibl\u0259rin\u0259 \u015firnikl\u0259ndirici t\u0259klifl\u0259r verm\u0259k olar. M\u0259s\u0259l\u0259n suya, toxuma, texnikaya, g\u00fcbr\u0259y\u0259, pestisidl\u0259r\u0259, dig\u0259r istehsal vasit\u0259l\u0259rin\u0259 olan t\u0259l\u0259bat kollektiv \u015f\u0259kild\u0259 h\u0259yata ke\u00e7irilm\u0259lidir. Onlar\u0131n istehsal etdikl\u0259ri m\u0259hsulun yerli v\u0259 xarici bazarda sat\u0131\u015f\u0131na k\u00f6m\u0259k etm\u0259k laz\u0131md\u0131r. Bu, bir t\u0259klifdir, ola bilsin h\u00f6kum\u0259t daha tutarl\u0131 t\u0259klifl\u0259r ir\u0259li s\u00fcr\u0259 bil\u0259r\u201d.<\/em><\/p>\n\n\n\n<p>\u201c<em>H\u0259m\u00e7inin \u00f6lk\u0259d\u0259 imkan yarad\u0131ls\u0131n ki, keyfiyy\u0259tli&nbsp; texnika istehsal ed\u0259n \u00f6lk\u0259l\u0259rin Az\u0259rbaycanda n\u00fcmay\u0259nd\u0259liyi olsun. Bununla ba\u011fl\u0131 sahibkarlar\u0131n ciddi t\u0259klifl\u0259ri olub. Xaricd\u0259n Az\u0259rbaycana texnika idxal etm\u0259k ist\u0259y\u0259n \u015firk\u0259tl\u0259r var ki, onlar bu \u00f6lk\u0259d\u0259 n\u00fcmay\u0259nd\u0259likl\u0259rini a\u00e7maq ist\u0259yir. \u0130ndi \u0259ks\u0259r \u00f6lk\u0259l\u0259r mini texnika istehsal edir ki, Az\u0259rbaycan\u0131n texnika \u00e7at\u0131\u015fmazl\u0131\u011f\u0131 ya\u015fayan bir ne\u00e7\u0259 regionunda onlar\u0131n filial\u0131n\u0131 a\u00e7maq olar. H\u0259min zavod, m\u00fc\u0259ssis\u0259 \u00f6z texnikas\u0131n\u0131 g\u0259tirib bir hiss\u0259sini lizinq yolu il\u0259 sats\u0131n, dig\u0259r hiss\u0259sini xidm\u0259t\u0259 c\u0259lb etsin. Bel\u0259 olan halda texnika bollu\u011fu olacaq. H\u0259min \u015firk\u0259t texnikalar\u0131n\u0131n t\u0259mirini ed\u0259c\u0259k, il \u0259rzind\u0259 g\u00f6r\u00fcl\u0259c\u0259k i\u015fl\u0259rl\u0259 ba\u011fl\u0131 icar\u0259 m\u00fcqavil\u0259si ba\u011flayacaq v\u0259 t\u0259cr\u00fcb\u0259l\u0259rin\u0259 \u0259sas\u0259n i\u015fl\u0259rini g\u00f6st\u0259ril\u0259n m\u00fcdd\u0259t \u0259rzind\u0259 planla g\u00f6r\u0259c\u0259k. N\u0259tic\u0259d\u0259 \u015fumda, \u0259kind\u0259, bi\u00e7ind\u0259 naraz\u0131l\u0131q yaranmayacaq&#8221;, &#8211;<\/em> dey\u0259 m\u00fct\u0259x\u0259ssis bildirir.<\/p>\n","protected":false},"excerpt":{"rendered":"<p>M\u00fct\u0259x\u0259ssis hesab edir ki, inhisar l\u0259\u011fv edilm\u0259li, ki\u00e7ik fermerl\u0259r\u0259 daha &#8230; <\/p>\n<p class=\"read-more-container\"><a title=\"Fermerl\u0259rin texnika d\u0259rdi: &#8220;Tax\u0131lbi\u00e7\u0259n kombaynlar\u0131 tapmaq olmur&#8221;\" class=\"read-more button\" href=\"https:\/\/www.meydan.tv\/az\/article\/fermerlerin-texnika-derdi-taxilbicen-kombaynlari-tapmaq-olmur\/#more-280294\" aria-label=\"Read more about Fermerl\u0259rin texnika d\u0259rdi: &#8220;Tax\u0131lbi\u00e7\u0259n kombaynlar\u0131 tapmaq olmur&#8221;\">Davam\u0131<\/a><\/p>\n","protected":false},"author":8,"featured_media":280275,"comment_status":"closed","ping_status":"closed","sticky":false,"template":"","format":"standard","meta":{"_acf_changed":false,"_sitemap_exclude":false,"_sitemap_priority":"","_sitemap_frequency":"","footnotes":""},"categories":[60,79,56],"tags":[],"class_list":["post-280294","post","type-post","status-publish","format-standard","has-post-thumbnail","hentry","category-bolge","category-featured","category-xeberler","infinite-scroll-item","generate-columns","tablet-grid-50","mobile-grid-100","grid-parent","grid-33","no-featured-image-padding"],"acf":[],"yoast_head":"<!-- This site is optimized with the Yoast SEO plugin v27.4 - https:\/\/yoast.com\/product\/yoast-seo-wordpress\/ -->\n<title>Fermerl\u0259rin texnika d\u0259rdi: &quot;Tax\u0131lbi\u00e7\u0259n kombaynlar\u0131 tapmaq olmur&quot; - MEYDAN.TV<\/title>\n<meta name=\"robots\" content=\"index, follow, max-snippet:-1, max-image-preview:large, max-video-preview:-1\" \/>\n<link rel=\"canonical\" href=\"https:\/\/www.meydan.tv\/az\/article\/fermerlerin-texnika-derdi-taxilbicen-kombaynlari-tapmaq-olmur\/\" \/>\n<meta property=\"og:locale\" content=\"az_AZ\" \/>\n<meta property=\"og:type\" content=\"article\" \/>\n<meta property=\"og:title\" content=\"Fermerl\u0259rin texnika d\u0259rdi: &quot;Tax\u0131lbi\u00e7\u0259n kombaynlar\u0131 tapmaq olmur&quot; - MEYDAN.TV\" \/>\n<meta property=\"og:description\" content=\"M\u00fct\u0259x\u0259ssis hesab edir ki, inhisar l\u0259\u011fv edilm\u0259li, ki\u00e7ik fermerl\u0259r\u0259 daha ... Davam\u0131\" \/>\n<meta property=\"og:url\" content=\"https:\/\/www.meydan.tv\/az\/article\/fermerlerin-texnika-derdi-taxilbicen-kombaynlari-tapmaq-olmur\/\" \/>\n<meta property=\"og:site_name\" content=\"MEYDAN.TV\" \/>\n<meta property=\"article:published_time\" content=\"2023-07-21T09:43:38+00:00\" \/>\n<meta property=\"article:modified_time\" content=\"2023-07-21T11:39:18+00:00\" \/>\n<meta property=\"og:image\" content=\"https:\/\/www.meydan.tv\/wp-content\/uploads\/untitled-design-4-87.jpg\" \/>\n\t<meta property=\"og:image:width\" content=\"1200\" \/>\n\t<meta property=\"og:image:height\" content=\"800\" \/>\n\t<meta property=\"og:image:type\" content=\"image\/jpeg\" \/>\n<meta name=\"author\" content=\"elli\" \/>\n<meta name=\"twitter:card\" content=\"summary_large_image\" \/>\n<meta name=\"twitter:creator\" content=\"@elli\" \/>\n<script type=\"application\/ld+json\" class=\"yoast-schema-graph\">{\"@context\":\"https:\\\/\\\/schema.org\",\"@graph\":[{\"@type\":\"Article\",\"@id\":\"https:\\\/\\\/www.meydan.tv\\\/az\\\/article\\\/fermerlerin-texnika-derdi-taxilbicen-kombaynlari-tapmaq-olmur\\\/#article\",\"isPartOf\":{\"@id\":\"https:\\\/\\\/www.meydan.tv\\\/az\\\/article\\\/fermerlerin-texnika-derdi-taxilbicen-kombaynlari-tapmaq-olmur\\\/\"},\"author\":{\"name\":\"elli\",\"@id\":\"https:\\\/\\\/www.meydan.tv\\\/az\\\/#\\\/schema\\\/person\\\/9cdbecf90d17180ce1dfbd95b08dcf47\"},\"headline\":\"Fermerl\u0259rin texnika d\u0259rdi: &#8220;Tax\u0131lbi\u00e7\u0259n kombaynlar\u0131 tapmaq olmur&#8221;\",\"datePublished\":\"2023-07-21T09:43:38+00:00\",\"dateModified\":\"2023-07-21T11:39:18+00:00\",\"mainEntityOfPage\":{\"@id\":\"https:\\\/\\\/www.meydan.tv\\\/az\\\/article\\\/fermerlerin-texnika-derdi-taxilbicen-kombaynlari-tapmaq-olmur\\\/\"},\"wordCount\":3118,\"publisher\":{\"@id\":\"https:\\\/\\\/www.meydan.tv\\\/az\\\/#organization\"},\"image\":{\"@id\":\"https:\\\/\\\/www.meydan.tv\\\/az\\\/article\\\/fermerlerin-texnika-derdi-taxilbicen-kombaynlari-tapmaq-olmur\\\/#primaryimage\"},\"thumbnailUrl\":\"https:\\\/\\\/www.meydan.tv\\\/wp-content\\\/uploads\\\/untitled-design-4-87.jpg\",\"articleSection\":[\"B\u00f6lg\u0259\",\"T\u00f6vsiy\u0259\",\"X\u0259b\u0259rl\u0259r\"],\"inLanguage\":\"az\"},{\"@type\":\"WebPage\",\"@id\":\"https:\\\/\\\/www.meydan.tv\\\/az\\\/article\\\/fermerlerin-texnika-derdi-taxilbicen-kombaynlari-tapmaq-olmur\\\/\",\"url\":\"https:\\\/\\\/www.meydan.tv\\\/az\\\/article\\\/fermerlerin-texnika-derdi-taxilbicen-kombaynlari-tapmaq-olmur\\\/\",\"name\":\"Fermerl\u0259rin texnika d\u0259rdi: \\\"Tax\u0131lbi\u00e7\u0259n kombaynlar\u0131 tapmaq olmur\\\" - MEYDAN.TV\",\"isPartOf\":{\"@id\":\"https:\\\/\\\/www.meydan.tv\\\/az\\\/#website\"},\"primaryImageOfPage\":{\"@id\":\"https:\\\/\\\/www.meydan.tv\\\/az\\\/article\\\/fermerlerin-texnika-derdi-taxilbicen-kombaynlari-tapmaq-olmur\\\/#primaryimage\"},\"image\":{\"@id\":\"https:\\\/\\\/www.meydan.tv\\\/az\\\/article\\\/fermerlerin-texnika-derdi-taxilbicen-kombaynlari-tapmaq-olmur\\\/#primaryimage\"},\"thumbnailUrl\":\"https:\\\/\\\/www.meydan.tv\\\/wp-content\\\/uploads\\\/untitled-design-4-87.jpg\",\"datePublished\":\"2023-07-21T09:43:38+00:00\",\"dateModified\":\"2023-07-21T11:39:18+00:00\",\"breadcrumb\":{\"@id\":\"https:\\\/\\\/www.meydan.tv\\\/az\\\/article\\\/fermerlerin-texnika-derdi-taxilbicen-kombaynlari-tapmaq-olmur\\\/#breadcrumb\"},\"inLanguage\":\"az\",\"potentialAction\":[{\"@type\":\"ReadAction\",\"target\":[\"https:\\\/\\\/www.meydan.tv\\\/az\\\/article\\\/fermerlerin-texnika-derdi-taxilbicen-kombaynlari-tapmaq-olmur\\\/\"]}]},{\"@type\":\"ImageObject\",\"inLanguage\":\"az\",\"@id\":\"https:\\\/\\\/www.meydan.tv\\\/az\\\/article\\\/fermerlerin-texnika-derdi-taxilbicen-kombaynlari-tapmaq-olmur\\\/#primaryimage\",\"url\":\"https:\\\/\\\/www.meydan.tv\\\/wp-content\\\/uploads\\\/untitled-design-4-87.jpg\",\"contentUrl\":\"https:\\\/\\\/www.meydan.tv\\\/wp-content\\\/uploads\\\/untitled-design-4-87.jpg\",\"width\":1200,\"height\":800,\"caption\":\"Fotolar: Meydan TV\"},{\"@type\":\"BreadcrumbList\",\"@id\":\"https:\\\/\\\/www.meydan.tv\\\/az\\\/article\\\/fermerlerin-texnika-derdi-taxilbicen-kombaynlari-tapmaq-olmur\\\/#breadcrumb\",\"itemListElement\":[{\"@type\":\"ListItem\",\"position\":1,\"name\":\"Ana s\u0259hif\u0259\",\"item\":\"https:\\\/\\\/www.meydan.tv\\\/az\\\/\"},{\"@type\":\"ListItem\",\"position\":2,\"name\":\"B\u00f6lg\u0259\",\"item\":\"https:\\\/\\\/www.meydan.tv\\\/az\\\/section\\\/bolge\\\/\"},{\"@type\":\"ListItem\",\"position\":3,\"name\":\"Fermerl\u0259rin texnika d\u0259rdi: &#8220;Tax\u0131lbi\u00e7\u0259n kombaynlar\u0131 tapmaq olmur&#8221;\"}]},{\"@type\":\"WebSite\",\"@id\":\"https:\\\/\\\/www.meydan.tv\\\/az\\\/#website\",\"url\":\"https:\\\/\\\/www.meydan.tv\\\/az\\\/\",\"name\":\"MEYDAN.TV\",\"description\":\"Meydan TV Az\u0259rbaycan\u0131n media m\u0259kan\u0131ndak\u0131 alternativ s\u0259sidir\",\"publisher\":{\"@id\":\"https:\\\/\\\/www.meydan.tv\\\/az\\\/#organization\"},\"potentialAction\":[{\"@type\":\"SearchAction\",\"target\":{\"@type\":\"EntryPoint\",\"urlTemplate\":\"https:\\\/\\\/www.meydan.tv\\\/az\\\/?s={search_term_string}\"},\"query-input\":{\"@type\":\"PropertyValueSpecification\",\"valueRequired\":true,\"valueName\":\"search_term_string\"}}],\"inLanguage\":\"az\"},{\"@type\":\"Organization\",\"@id\":\"https:\\\/\\\/www.meydan.tv\\\/az\\\/#organization\",\"name\":\"Meydan TV\",\"url\":\"https:\\\/\\\/www.meydan.tv\\\/az\\\/\",\"logo\":{\"@type\":\"ImageObject\",\"inLanguage\":\"az\",\"@id\":\"https:\\\/\\\/www.meydan.tv\\\/az\\\/#\\\/schema\\\/logo\\\/image\\\/\",\"url\":\"https:\\\/\\\/www.meydan.tv\\\/wp-content\\\/uploads\\\/2021\\\/07\\\/meydan-logo.svg\",\"contentUrl\":\"https:\\\/\\\/www.meydan.tv\\\/wp-content\\\/uploads\\\/2021\\\/07\\\/meydan-logo.svg\",\"width\":195,\"height\":46,\"caption\":\"Meydan TV\"},\"image\":{\"@id\":\"https:\\\/\\\/www.meydan.tv\\\/az\\\/#\\\/schema\\\/logo\\\/image\\\/\"}},{\"@type\":\"Person\",\"@id\":\"https:\\\/\\\/www.meydan.tv\\\/az\\\/#\\\/schema\\\/person\\\/9cdbecf90d17180ce1dfbd95b08dcf47\",\"name\":\"elli\",\"sameAs\":[\"https:\\\/\\\/x.com\\\/elli\"]}]}<\/script>\n<!-- \/ Yoast SEO plugin. -->","yoast_head_json":{"title":"Fermerl\u0259rin texnika d\u0259rdi: \"Tax\u0131lbi\u00e7\u0259n kombaynlar\u0131 tapmaq olmur\" - MEYDAN.TV","robots":{"index":"index","follow":"follow","max-snippet":"max-snippet:-1","max-image-preview":"max-image-preview:large","max-video-preview":"max-video-preview:-1"},"canonical":"https:\/\/www.meydan.tv\/az\/article\/fermerlerin-texnika-derdi-taxilbicen-kombaynlari-tapmaq-olmur\/","og_locale":"az_AZ","og_type":"article","og_title":"Fermerl\u0259rin texnika d\u0259rdi: \"Tax\u0131lbi\u00e7\u0259n kombaynlar\u0131 tapmaq olmur\" - MEYDAN.TV","og_description":"M\u00fct\u0259x\u0259ssis hesab edir ki, inhisar l\u0259\u011fv edilm\u0259li, ki\u00e7ik fermerl\u0259r\u0259 daha ... Davam\u0131","og_url":"https:\/\/www.meydan.tv\/az\/article\/fermerlerin-texnika-derdi-taxilbicen-kombaynlari-tapmaq-olmur\/","og_site_name":"MEYDAN.TV","article_published_time":"2023-07-21T09:43:38+00:00","article_modified_time":"2023-07-21T11:39:18+00:00","og_image":[{"width":1200,"height":800,"url":"https:\/\/www.meydan.tv\/wp-content\/uploads\/untitled-design-4-87.jpg","type":"image\/jpeg"}],"author":"elli","twitter_card":"summary_large_image","twitter_creator":"@elli","schema":{"@context":"https:\/\/schema.org","@graph":[{"@type":"Article","@id":"https:\/\/www.meydan.tv\/az\/article\/fermerlerin-texnika-derdi-taxilbicen-kombaynlari-tapmaq-olmur\/#article","isPartOf":{"@id":"https:\/\/www.meydan.tv\/az\/article\/fermerlerin-texnika-derdi-taxilbicen-kombaynlari-tapmaq-olmur\/"},"author":{"name":"elli","@id":"https:\/\/www.meydan.tv\/az\/#\/schema\/person\/9cdbecf90d17180ce1dfbd95b08dcf47"},"headline":"Fermerl\u0259rin texnika d\u0259rdi: &#8220;Tax\u0131lbi\u00e7\u0259n kombaynlar\u0131 tapmaq olmur&#8221;","datePublished":"2023-07-21T09:43:38+00:00","dateModified":"2023-07-21T11:39:18+00:00","mainEntityOfPage":{"@id":"https:\/\/www.meydan.tv\/az\/article\/fermerlerin-texnika-derdi-taxilbicen-kombaynlari-tapmaq-olmur\/"},"wordCount":3118,"publisher":{"@id":"https:\/\/www.meydan.tv\/az\/#organization"},"image":{"@id":"https:\/\/www.meydan.tv\/az\/article\/fermerlerin-texnika-derdi-taxilbicen-kombaynlari-tapmaq-olmur\/#primaryimage"},"thumbnailUrl":"https:\/\/www.meydan.tv\/wp-content\/uploads\/untitled-design-4-87.jpg","articleSection":["B\u00f6lg\u0259","T\u00f6vsiy\u0259","X\u0259b\u0259rl\u0259r"],"inLanguage":"az"},{"@type":"WebPage","@id":"https:\/\/www.meydan.tv\/az\/article\/fermerlerin-texnika-derdi-taxilbicen-kombaynlari-tapmaq-olmur\/","url":"https:\/\/www.meydan.tv\/az\/article\/fermerlerin-texnika-derdi-taxilbicen-kombaynlari-tapmaq-olmur\/","name":"Fermerl\u0259rin texnika d\u0259rdi: \"Tax\u0131lbi\u00e7\u0259n kombaynlar\u0131 tapmaq olmur\" - MEYDAN.TV","isPartOf":{"@id":"https:\/\/www.meydan.tv\/az\/#website"},"primaryImageOfPage":{"@id":"https:\/\/www.meydan.tv\/az\/article\/fermerlerin-texnika-derdi-taxilbicen-kombaynlari-tapmaq-olmur\/#primaryimage"},"image":{"@id":"https:\/\/www.meydan.tv\/az\/article\/fermerlerin-texnika-derdi-taxilbicen-kombaynlari-tapmaq-olmur\/#primaryimage"},"thumbnailUrl":"https:\/\/www.meydan.tv\/wp-content\/uploads\/untitled-design-4-87.jpg","datePublished":"2023-07-21T09:43:38+00:00","dateModified":"2023-07-21T11:39:18+00:00","breadcrumb":{"@id":"https:\/\/www.meydan.tv\/az\/article\/fermerlerin-texnika-derdi-taxilbicen-kombaynlari-tapmaq-olmur\/#breadcrumb"},"inLanguage":"az","potentialAction":[{"@type":"ReadAction","target":["https:\/\/www.meydan.tv\/az\/article\/fermerlerin-texnika-derdi-taxilbicen-kombaynlari-tapmaq-olmur\/"]}]},{"@type":"ImageObject","inLanguage":"az","@id":"https:\/\/www.meydan.tv\/az\/article\/fermerlerin-texnika-derdi-taxilbicen-kombaynlari-tapmaq-olmur\/#primaryimage","url":"https:\/\/www.meydan.tv\/wp-content\/uploads\/untitled-design-4-87.jpg","contentUrl":"https:\/\/www.meydan.tv\/wp-content\/uploads\/untitled-design-4-87.jpg","width":1200,"height":800,"caption":"Fotolar: Meydan TV"},{"@type":"BreadcrumbList","@id":"https:\/\/www.meydan.tv\/az\/article\/fermerlerin-texnika-derdi-taxilbicen-kombaynlari-tapmaq-olmur\/#breadcrumb","itemListElement":[{"@type":"ListItem","position":1,"name":"Ana s\u0259hif\u0259","item":"https:\/\/www.meydan.tv\/az\/"},{"@type":"ListItem","position":2,"name":"B\u00f6lg\u0259","item":"https:\/\/www.meydan.tv\/az\/section\/bolge\/"},{"@type":"ListItem","position":3,"name":"Fermerl\u0259rin texnika d\u0259rdi: &#8220;Tax\u0131lbi\u00e7\u0259n kombaynlar\u0131 tapmaq olmur&#8221;"}]},{"@type":"WebSite","@id":"https:\/\/www.meydan.tv\/az\/#website","url":"https:\/\/www.meydan.tv\/az\/","name":"MEYDAN.TV","description":"Meydan TV Az\u0259rbaycan\u0131n media m\u0259kan\u0131ndak\u0131 alternativ s\u0259sidir","publisher":{"@id":"https:\/\/www.meydan.tv\/az\/#organization"},"potentialAction":[{"@type":"SearchAction","target":{"@type":"EntryPoint","urlTemplate":"https:\/\/www.meydan.tv\/az\/?s={search_term_string}"},"query-input":{"@type":"PropertyValueSpecification","valueRequired":true,"valueName":"search_term_string"}}],"inLanguage":"az"},{"@type":"Organization","@id":"https:\/\/www.meydan.tv\/az\/#organization","name":"Meydan TV","url":"https:\/\/www.meydan.tv\/az\/","logo":{"@type":"ImageObject","inLanguage":"az","@id":"https:\/\/www.meydan.tv\/az\/#\/schema\/logo\/image\/","url":"https:\/\/www.meydan.tv\/wp-content\/uploads\/2021\/07\/meydan-logo.svg","contentUrl":"https:\/\/www.meydan.tv\/wp-content\/uploads\/2021\/07\/meydan-logo.svg","width":195,"height":46,"caption":"Meydan TV"},"image":{"@id":"https:\/\/www.meydan.tv\/az\/#\/schema\/logo\/image\/"}},{"@type":"Person","@id":"https:\/\/www.meydan.tv\/az\/#\/schema\/person\/9cdbecf90d17180ce1dfbd95b08dcf47","name":"elli","sameAs":["https:\/\/x.com\/elli"]}]}},"_links":{"self":[{"href":"https:\/\/www.meydan.tv\/az\/wp-json\/wp\/v2\/posts\/280294","targetHints":{"allow":["GET"]}}],"collection":[{"href":"https:\/\/www.meydan.tv\/az\/wp-json\/wp\/v2\/posts"}],"about":[{"href":"https:\/\/www.meydan.tv\/az\/wp-json\/wp\/v2\/types\/post"}],"author":[{"embeddable":true,"href":"https:\/\/www.meydan.tv\/az\/wp-json\/wp\/v2\/users\/8"}],"replies":[{"embeddable":true,"href":"https:\/\/www.meydan.tv\/az\/wp-json\/wp\/v2\/comments?post=280294"}],"version-history":[{"count":2,"href":"https:\/\/www.meydan.tv\/az\/wp-json\/wp\/v2\/posts\/280294\/revisions"}],"predecessor-version":[{"id":280320,"href":"https:\/\/www.meydan.tv\/az\/wp-json\/wp\/v2\/posts\/280294\/revisions\/280320"}],"wp:featuredmedia":[{"embeddable":true,"href":"https:\/\/www.meydan.tv\/az\/wp-json\/wp\/v2\/media\/280275"}],"wp:attachment":[{"href":"https:\/\/www.meydan.tv\/az\/wp-json\/wp\/v2\/media?parent=280294"}],"wp:term":[{"taxonomy":"category","embeddable":true,"href":"https:\/\/www.meydan.tv\/az\/wp-json\/wp\/v2\/categories?post=280294"},{"taxonomy":"post_tag","embeddable":true,"href":"https:\/\/www.meydan.tv\/az\/wp-json\/wp\/v2\/tags?post=280294"}],"curies":[{"name":"wp","href":"https:\/\/api.w.org\/{rel}","templated":true}]}}