{"id":280243,"date":"2023-07-20T15:55:56","date_gmt":"2023-07-20T11:55:56","guid":{"rendered":"https:\/\/www.meydan.tv\/?p=280243"},"modified":"2023-07-20T15:55:59","modified_gmt":"2023-07-20T11:55:59","slug":"qarikend-sakinleri-etraf-kendleri-qazlasdirib-bize-sebrli-olmagi-meslehet-gorurler","status":"publish","type":"post","link":"https:\/\/www.meydan.tv\/az\/article\/qarikend-sakinleri-etraf-kendleri-qazlasdirib-bize-sebrli-olmagi-meslehet-gorurler\/","title":{"rendered":"Qar\u0131k\u0259nd sakinl\u0259ri: \u201c\u018ftraf k\u0259ndl\u0259ri qazla\u015fd\u0131r\u0131b, biz\u0259 s\u0259brli olma\u011f\u0131 m\u0259sl\u0259h\u0259t g\u00f6r\u00fcrl\u0259r\u201d"},"content":{"rendered":"\n<p><\/p>\n\n\n\n<p><strong><em>\u00a0K\u0259nd sakinl\u0259ri \u0259sas\u0259n q\u0131\u015fda \u00e7\u0259tinlik \u00e7\u0259kdikl\u0259rini deyirl\u0259r<\/em><\/strong><\/p>\n\n\n\n<p>G\u0259d\u0259b\u0259y rayonunun Qar\u0131k\u0259nd k\u0259ndind\u0259 ill\u0259rdir mavi yanacaq yoxdur. El\u0259 sakinl\u0259rin d\u0259 naraz\u0131l\u0131\u011f\u0131na s\u0259b\u0259b olan m\u0259s\u0259l\u0259l\u0259rd\u0259n biri budur.<\/p>\n\n\n\n<p><em>\u201c\u018ftrafdak\u0131 k\u0259ndl\u0259rd\u0259 qaz olmas\u0131na baxmayaraq, bizim k\u0259nd\u0259 h\u0259l\u0259 d\u0259 qaz \u00e7\u0259kilm\u0259yib. D\u0259f\u0259l\u0259rl\u0259 m\u00fcraci\u0259t ets\u0259k d\u0259, xeyri yoxdur. Odun, k\u00f6m\u00fcr bahad\u0131r, i\u015f\u0131q x\u0259tti is\u0259 tez-tez y\u00fckl\u0259nir\u201d<\/em>, &#8211; sakinl\u0259r Meydan TV-y\u0259 deyib.<\/p>\n\n\n\n<p>G\u0259d\u0259b\u0259yin G\u0259rg\u0259r k\u0259nd inzibati \u0259razi dair\u0259sin\u0259 daxil olan Qar\u0131k\u0259nd rayon m\u0259rk\u0259zind\u0259n 13 kilometr k\u0259narda, da\u011fl\u0131q \u0259razid\u0259 yerl\u0259\u015fir. K\u0259ndlil\u0259r deyirl\u0259r ki, S\u00f6y\u00fcdl\u00fcd\u0259 ba\u015f ver\u0259n son hadis\u0259l\u0259rd\u0259n sonra he\u00e7 kim probleml\u0259rl\u0259 ba\u011fl\u0131 m\u0259tbuatda ad\u0131n\u0131n a\u00e7\u0131qlanmas\u0131n\u0131 ist\u0259mir. \u00c7\u00fcnki hadis\u0259l\u0259r ham\u0131ya psixoloji t\u0259sir edib.<\/p>\n\n\n\n<p><em>\u201cK\u0259ndin yax\u0131nl\u0131\u011f\u0131ndan qaz x\u0259tti ke\u00e7ir. \u018ftraf k\u0259ndl\u0259r qazla\u015fd\u0131r\u0131l\u0131b, amma bizim k\u0259nd\u0259 ancaq s\u0259birli olmaq m\u0259sl\u0259h\u0259t g\u00f6r\u00fcl\u00fcr. K\u0259ndd\u0259 170-\u0259 yax\u0131n \u0259hali ya\u015fay\u0131r. Yayda v\u0259ziyy\u0259timiz nisb\u0259t\u0259n yax\u015f\u0131 olur. Q\u0131\u015fda n\u0259 ed\u0259c\u0259yimizi bilmirik\u201d,- <\/em>k\u0259ndlil\u0259rd\u0259n biri deyib.<\/p>\n\n\n\n<p>\u015eikay\u0259t\u00e7il\u0259rin s\u00f6z\u00fcn\u0259 g\u00f6r\u0259, \u015f\u0259rait olmad\u0131\u011f\u0131ndan k\u0259ndl\u0259r bo\u015fal\u0131r, x\u00fcsusil\u0259 Bak\u0131ya ax\u0131n edirl\u0259r. Kiray\u0259 tutaraq g\u00fcn\u0259muzd \u00e7al\u0131\u015f\u0131rlar.<\/p>\n\n\n\n<p>Qar\u0131k\u0259nd sakinl\u0259rinin b\u0259zil\u0259ri da\u015f karxanas\u0131nda \u00e7al\u0131\u015f\u0131rlar. Mal-qara saxlayan v\u0259 kartof yeti\u015fdirm\u0259kl\u0259 dolananlar da var:<\/p>\n\n\n\n<p>\u201c<em>Odun bahad\u0131r. B\u0259z\u0259n gizli yolla odun al\u0131n\u0131r. \u00c7\u00fcnki odun g\u0259tir\u0259nd\u0259 c\u0259rim\u0259 edirl\u0259r. \u018fn az\u0131 qaz olsa, dig\u0259r x\u0259rcl\u0259r d\u0259 azalar\u201d.<\/em><\/p>\n\n\n\n<p>G\u0259d\u0259b\u0259y Rayon \u0130cra Hakimiyy\u0259tind\u0259n Meydan TV-y\u0259 bildiribl\u0259r ki, rayonun k\u0259ndl\u0259ri m\u0259rh\u0259l\u0259l\u0259rl\u0259 qazla\u015fd\u0131r\u0131l\u0131r. Lakin icra hakimiyy\u0259tinin r\u0259smi sayt\u0131nda qazla\u015fd\u0131rma il\u0259 ba\u011fl\u0131 sonuncu <a href=\"http:\/\/gedebey-ih.gov.az\/az\/news\/556.html\" target=\"_blank\" rel=\"noreferrer noopener\">x\u0259b\u0259r.<\/a><\/p>\n\n\n\n<p>&nbsp;2019-cu ilin iyunun 25-d\u0259 verilib. Bildirilib ki, rayonun Yenik\u0259nd, \u00c7obank\u0259nd v\u0259 K\u00f6hn\u0259q\u0131\u015flaq k\u0259ndl\u0259rin\u0259 \u00fcmumilikd\u0259 521 f\u0259rdi ev\u0259 qaz verilib. Qurud\u0259r\u0259, Sar\u0131k\u00f6yn\u0259k k\u0259ndl\u0259rind\u0259 qazla\u015fd\u0131r\u0131lma i\u015fl\u0259ri apar\u0131l\u0131r. Novoivanovka, \u00c7i\u00e7\u0259kli, \u015eahda\u011f k\u0259ndl\u0259rind\u0259 is\u0259 tikinti qura\u015fd\u0131rma i\u015fl\u0259ri yekunla\u015fd\u0131r\u0131laraq istismara verilm\u0259 \u0259r\u0259f\u0259sind\u0259dir.<\/p>\n\n\n\n<p>\u201cAz\u0259riqaz\u201d \u0130stehsalat Birliyind\u0259n is\u0259 k\u0259nd sakinl\u0259rinin \u015fikay\u0259ti il\u0259 ba\u011fl\u0131 sor\u011fu cavabland\u0131r\u0131lmay\u0131b.<\/p>\n","protected":false},"excerpt":{"rendered":"<p>\u00a0K\u0259nd sakinl\u0259ri \u0259sas\u0259n q\u0131\u015fda \u00e7\u0259tinlik \u00e7\u0259kdikl\u0259rini deyirl\u0259r G\u0259d\u0259b\u0259y rayonunun Qar\u0131k\u0259nd &#8230; <\/p>\n<p class=\"read-more-container\"><a title=\"Qar\u0131k\u0259nd sakinl\u0259ri: \u201c\u018ftraf k\u0259ndl\u0259ri qazla\u015fd\u0131r\u0131b, biz\u0259 s\u0259brli olma\u011f\u0131 m\u0259sl\u0259h\u0259t g\u00f6r\u00fcrl\u0259r\u201d\" class=\"read-more button\" href=\"https:\/\/www.meydan.tv\/az\/article\/qarikend-sakinleri-etraf-kendleri-qazlasdirib-bize-sebrli-olmagi-meslehet-gorurler\/#more-280243\" aria-label=\"Read more about Qar\u0131k\u0259nd sakinl\u0259ri: \u201c\u018ftraf k\u0259ndl\u0259ri qazla\u015fd\u0131r\u0131b, biz\u0259 s\u0259brli olma\u011f\u0131 m\u0259sl\u0259h\u0259t g\u00f6r\u00fcrl\u0259r\u201d\">Davam\u0131<\/a><\/p>\n","protected":false},"author":8,"featured_media":280239,"comment_status":"closed","ping_status":"closed","sticky":false,"template":"","format":"standard","meta":{"_acf_changed":false,"_sitemap_exclude":false,"_sitemap_priority":"","_sitemap_frequency":"","footnotes":""},"categories":[60,56],"tags":[],"class_list":["post-280243","post","type-post","status-publish","format-standard","has-post-thumbnail","hentry","category-bolge","category-xeberler","infinite-scroll-item","generate-columns","tablet-grid-50","mobile-grid-100","grid-parent","grid-33","no-featured-image-padding"],"acf":[],"yoast_head":"<!-- This site is optimized with the Yoast SEO plugin v27.4 - https:\/\/yoast.com\/product\/yoast-seo-wordpress\/ -->\n<title>Qar\u0131k\u0259nd sakinl\u0259ri: \u201c\u018ftraf k\u0259ndl\u0259ri qazla\u015fd\u0131r\u0131b, biz\u0259 s\u0259brli olma\u011f\u0131 m\u0259sl\u0259h\u0259t g\u00f6r\u00fcrl\u0259r\u201d - MEYDAN.TV<\/title>\n<meta name=\"robots\" content=\"index, follow, max-snippet:-1, max-image-preview:large, max-video-preview:-1\" \/>\n<link rel=\"canonical\" href=\"https:\/\/www.meydan.tv\/az\/article\/qarikend-sakinleri-etraf-kendleri-qazlasdirib-bize-sebrli-olmagi-meslehet-gorurler\/\" \/>\n<meta property=\"og:locale\" content=\"az_AZ\" \/>\n<meta property=\"og:type\" content=\"article\" \/>\n<meta property=\"og:title\" content=\"Qar\u0131k\u0259nd sakinl\u0259ri: \u201c\u018ftraf k\u0259ndl\u0259ri qazla\u015fd\u0131r\u0131b, biz\u0259 s\u0259brli olma\u011f\u0131 m\u0259sl\u0259h\u0259t g\u00f6r\u00fcrl\u0259r\u201d - MEYDAN.TV\" \/>\n<meta property=\"og:description\" content=\"\u00a0K\u0259nd sakinl\u0259ri \u0259sas\u0259n q\u0131\u015fda \u00e7\u0259tinlik \u00e7\u0259kdikl\u0259rini deyirl\u0259r G\u0259d\u0259b\u0259y rayonunun Qar\u0131k\u0259nd ... Davam\u0131\" \/>\n<meta property=\"og:url\" content=\"https:\/\/www.meydan.tv\/az\/article\/qarikend-sakinleri-etraf-kendleri-qazlasdirib-bize-sebrli-olmagi-meslehet-gorurler\/\" \/>\n<meta property=\"og:site_name\" content=\"MEYDAN.TV\" \/>\n<meta property=\"article:published_time\" content=\"2023-07-20T11:55:56+00:00\" \/>\n<meta property=\"article:modified_time\" content=\"2023-07-20T11:55:59+00:00\" \/>\n<meta property=\"og:image\" content=\"https:\/\/www.meydan.tv\/wp-content\/uploads\/untitled-design-2-123.jpg\" \/>\n\t<meta property=\"og:image:width\" content=\"1200\" \/>\n\t<meta property=\"og:image:height\" content=\"800\" \/>\n\t<meta property=\"og:image:type\" content=\"image\/jpeg\" \/>\n<meta name=\"author\" content=\"elli\" \/>\n<meta name=\"twitter:card\" content=\"summary_large_image\" \/>\n<meta name=\"twitter:creator\" content=\"@elli\" \/>\n<script type=\"application\/ld+json\" class=\"yoast-schema-graph\">{\"@context\":\"https:\\\/\\\/schema.org\",\"@graph\":[{\"@type\":\"Article\",\"@id\":\"https:\\\/\\\/www.meydan.tv\\\/az\\\/article\\\/qarikend-sakinleri-etraf-kendleri-qazlasdirib-bize-sebrli-olmagi-meslehet-gorurler\\\/#article\",\"isPartOf\":{\"@id\":\"https:\\\/\\\/www.meydan.tv\\\/az\\\/article\\\/qarikend-sakinleri-etraf-kendleri-qazlasdirib-bize-sebrli-olmagi-meslehet-gorurler\\\/\"},\"author\":{\"name\":\"elli\",\"@id\":\"https:\\\/\\\/www.meydan.tv\\\/az\\\/#\\\/schema\\\/person\\\/9cdbecf90d17180ce1dfbd95b08dcf47\"},\"headline\":\"Qar\u0131k\u0259nd sakinl\u0259ri: \u201c\u018ftraf k\u0259ndl\u0259ri qazla\u015fd\u0131r\u0131b, biz\u0259 s\u0259brli olma\u011f\u0131 m\u0259sl\u0259h\u0259t g\u00f6r\u00fcrl\u0259r\u201d\",\"datePublished\":\"2023-07-20T11:55:56+00:00\",\"dateModified\":\"2023-07-20T11:55:59+00:00\",\"mainEntityOfPage\":{\"@id\":\"https:\\\/\\\/www.meydan.tv\\\/az\\\/article\\\/qarikend-sakinleri-etraf-kendleri-qazlasdirib-bize-sebrli-olmagi-meslehet-gorurler\\\/\"},\"wordCount\":492,\"publisher\":{\"@id\":\"https:\\\/\\\/www.meydan.tv\\\/az\\\/#organization\"},\"image\":{\"@id\":\"https:\\\/\\\/www.meydan.tv\\\/az\\\/article\\\/qarikend-sakinleri-etraf-kendleri-qazlasdirib-bize-sebrli-olmagi-meslehet-gorurler\\\/#primaryimage\"},\"thumbnailUrl\":\"https:\\\/\\\/www.meydan.tv\\\/wp-content\\\/uploads\\\/untitled-design-2-123.jpg\",\"articleSection\":[\"B\u00f6lg\u0259\",\"X\u0259b\u0259rl\u0259r\"],\"inLanguage\":\"az\"},{\"@type\":\"WebPage\",\"@id\":\"https:\\\/\\\/www.meydan.tv\\\/az\\\/article\\\/qarikend-sakinleri-etraf-kendleri-qazlasdirib-bize-sebrli-olmagi-meslehet-gorurler\\\/\",\"url\":\"https:\\\/\\\/www.meydan.tv\\\/az\\\/article\\\/qarikend-sakinleri-etraf-kendleri-qazlasdirib-bize-sebrli-olmagi-meslehet-gorurler\\\/\",\"name\":\"Qar\u0131k\u0259nd sakinl\u0259ri: \u201c\u018ftraf k\u0259ndl\u0259ri qazla\u015fd\u0131r\u0131b, biz\u0259 s\u0259brli olma\u011f\u0131 m\u0259sl\u0259h\u0259t g\u00f6r\u00fcrl\u0259r\u201d - MEYDAN.TV\",\"isPartOf\":{\"@id\":\"https:\\\/\\\/www.meydan.tv\\\/az\\\/#website\"},\"primaryImageOfPage\":{\"@id\":\"https:\\\/\\\/www.meydan.tv\\\/az\\\/article\\\/qarikend-sakinleri-etraf-kendleri-qazlasdirib-bize-sebrli-olmagi-meslehet-gorurler\\\/#primaryimage\"},\"image\":{\"@id\":\"https:\\\/\\\/www.meydan.tv\\\/az\\\/article\\\/qarikend-sakinleri-etraf-kendleri-qazlasdirib-bize-sebrli-olmagi-meslehet-gorurler\\\/#primaryimage\"},\"thumbnailUrl\":\"https:\\\/\\\/www.meydan.tv\\\/wp-content\\\/uploads\\\/untitled-design-2-123.jpg\",\"datePublished\":\"2023-07-20T11:55:56+00:00\",\"dateModified\":\"2023-07-20T11:55:59+00:00\",\"breadcrumb\":{\"@id\":\"https:\\\/\\\/www.meydan.tv\\\/az\\\/article\\\/qarikend-sakinleri-etraf-kendleri-qazlasdirib-bize-sebrli-olmagi-meslehet-gorurler\\\/#breadcrumb\"},\"inLanguage\":\"az\",\"potentialAction\":[{\"@type\":\"ReadAction\",\"target\":[\"https:\\\/\\\/www.meydan.tv\\\/az\\\/article\\\/qarikend-sakinleri-etraf-kendleri-qazlasdirib-bize-sebrli-olmagi-meslehet-gorurler\\\/\"]}]},{\"@type\":\"ImageObject\",\"inLanguage\":\"az\",\"@id\":\"https:\\\/\\\/www.meydan.tv\\\/az\\\/article\\\/qarikend-sakinleri-etraf-kendleri-qazlasdirib-bize-sebrli-olmagi-meslehet-gorurler\\\/#primaryimage\",\"url\":\"https:\\\/\\\/www.meydan.tv\\\/wp-content\\\/uploads\\\/untitled-design-2-123.jpg\",\"contentUrl\":\"https:\\\/\\\/www.meydan.tv\\\/wp-content\\\/uploads\\\/untitled-design-2-123.jpg\",\"width\":1200,\"height\":800,\"caption\":\"Qar\u0131k\u0259nd k\u0259ndi. Foto: G\u0259d\u0259b\u0259y Rayon \u0130cra Hakimiyy\u0259ti\"},{\"@type\":\"BreadcrumbList\",\"@id\":\"https:\\\/\\\/www.meydan.tv\\\/az\\\/article\\\/qarikend-sakinleri-etraf-kendleri-qazlasdirib-bize-sebrli-olmagi-meslehet-gorurler\\\/#breadcrumb\",\"itemListElement\":[{\"@type\":\"ListItem\",\"position\":1,\"name\":\"Ana s\u0259hif\u0259\",\"item\":\"https:\\\/\\\/www.meydan.tv\\\/az\\\/\"},{\"@type\":\"ListItem\",\"position\":2,\"name\":\"B\u00f6lg\u0259\",\"item\":\"https:\\\/\\\/www.meydan.tv\\\/az\\\/section\\\/bolge\\\/\"},{\"@type\":\"ListItem\",\"position\":3,\"name\":\"Qar\u0131k\u0259nd sakinl\u0259ri: \u201c\u018ftraf k\u0259ndl\u0259ri qazla\u015fd\u0131r\u0131b, biz\u0259 s\u0259brli olma\u011f\u0131 m\u0259sl\u0259h\u0259t g\u00f6r\u00fcrl\u0259r\u201d\"}]},{\"@type\":\"WebSite\",\"@id\":\"https:\\\/\\\/www.meydan.tv\\\/az\\\/#website\",\"url\":\"https:\\\/\\\/www.meydan.tv\\\/az\\\/\",\"name\":\"MEYDAN.TV\",\"description\":\"Meydan TV Az\u0259rbaycan\u0131n media m\u0259kan\u0131ndak\u0131 alternativ s\u0259sidir\",\"publisher\":{\"@id\":\"https:\\\/\\\/www.meydan.tv\\\/az\\\/#organization\"},\"potentialAction\":[{\"@type\":\"SearchAction\",\"target\":{\"@type\":\"EntryPoint\",\"urlTemplate\":\"https:\\\/\\\/www.meydan.tv\\\/az\\\/?s={search_term_string}\"},\"query-input\":{\"@type\":\"PropertyValueSpecification\",\"valueRequired\":true,\"valueName\":\"search_term_string\"}}],\"inLanguage\":\"az\"},{\"@type\":\"Organization\",\"@id\":\"https:\\\/\\\/www.meydan.tv\\\/az\\\/#organization\",\"name\":\"Meydan TV\",\"url\":\"https:\\\/\\\/www.meydan.tv\\\/az\\\/\",\"logo\":{\"@type\":\"ImageObject\",\"inLanguage\":\"az\",\"@id\":\"https:\\\/\\\/www.meydan.tv\\\/az\\\/#\\\/schema\\\/logo\\\/image\\\/\",\"url\":\"https:\\\/\\\/www.meydan.tv\\\/wp-content\\\/uploads\\\/2021\\\/07\\\/meydan-logo.svg\",\"contentUrl\":\"https:\\\/\\\/www.meydan.tv\\\/wp-content\\\/uploads\\\/2021\\\/07\\\/meydan-logo.svg\",\"width\":195,\"height\":46,\"caption\":\"Meydan TV\"},\"image\":{\"@id\":\"https:\\\/\\\/www.meydan.tv\\\/az\\\/#\\\/schema\\\/logo\\\/image\\\/\"}},{\"@type\":\"Person\",\"@id\":\"https:\\\/\\\/www.meydan.tv\\\/az\\\/#\\\/schema\\\/person\\\/9cdbecf90d17180ce1dfbd95b08dcf47\",\"name\":\"elli\",\"sameAs\":[\"https:\\\/\\\/x.com\\\/elli\"]}]}<\/script>\n<!-- \/ Yoast SEO plugin. -->","yoast_head_json":{"title":"Qar\u0131k\u0259nd sakinl\u0259ri: \u201c\u018ftraf k\u0259ndl\u0259ri qazla\u015fd\u0131r\u0131b, biz\u0259 s\u0259brli olma\u011f\u0131 m\u0259sl\u0259h\u0259t g\u00f6r\u00fcrl\u0259r\u201d - MEYDAN.TV","robots":{"index":"index","follow":"follow","max-snippet":"max-snippet:-1","max-image-preview":"max-image-preview:large","max-video-preview":"max-video-preview:-1"},"canonical":"https:\/\/www.meydan.tv\/az\/article\/qarikend-sakinleri-etraf-kendleri-qazlasdirib-bize-sebrli-olmagi-meslehet-gorurler\/","og_locale":"az_AZ","og_type":"article","og_title":"Qar\u0131k\u0259nd sakinl\u0259ri: \u201c\u018ftraf k\u0259ndl\u0259ri qazla\u015fd\u0131r\u0131b, biz\u0259 s\u0259brli olma\u011f\u0131 m\u0259sl\u0259h\u0259t g\u00f6r\u00fcrl\u0259r\u201d - MEYDAN.TV","og_description":"\u00a0K\u0259nd sakinl\u0259ri \u0259sas\u0259n q\u0131\u015fda \u00e7\u0259tinlik \u00e7\u0259kdikl\u0259rini deyirl\u0259r G\u0259d\u0259b\u0259y rayonunun Qar\u0131k\u0259nd ... Davam\u0131","og_url":"https:\/\/www.meydan.tv\/az\/article\/qarikend-sakinleri-etraf-kendleri-qazlasdirib-bize-sebrli-olmagi-meslehet-gorurler\/","og_site_name":"MEYDAN.TV","article_published_time":"2023-07-20T11:55:56+00:00","article_modified_time":"2023-07-20T11:55:59+00:00","og_image":[{"width":1200,"height":800,"url":"https:\/\/www.meydan.tv\/wp-content\/uploads\/untitled-design-2-123.jpg","type":"image\/jpeg"}],"author":"elli","twitter_card":"summary_large_image","twitter_creator":"@elli","schema":{"@context":"https:\/\/schema.org","@graph":[{"@type":"Article","@id":"https:\/\/www.meydan.tv\/az\/article\/qarikend-sakinleri-etraf-kendleri-qazlasdirib-bize-sebrli-olmagi-meslehet-gorurler\/#article","isPartOf":{"@id":"https:\/\/www.meydan.tv\/az\/article\/qarikend-sakinleri-etraf-kendleri-qazlasdirib-bize-sebrli-olmagi-meslehet-gorurler\/"},"author":{"name":"elli","@id":"https:\/\/www.meydan.tv\/az\/#\/schema\/person\/9cdbecf90d17180ce1dfbd95b08dcf47"},"headline":"Qar\u0131k\u0259nd sakinl\u0259ri: \u201c\u018ftraf k\u0259ndl\u0259ri qazla\u015fd\u0131r\u0131b, biz\u0259 s\u0259brli olma\u011f\u0131 m\u0259sl\u0259h\u0259t g\u00f6r\u00fcrl\u0259r\u201d","datePublished":"2023-07-20T11:55:56+00:00","dateModified":"2023-07-20T11:55:59+00:00","mainEntityOfPage":{"@id":"https:\/\/www.meydan.tv\/az\/article\/qarikend-sakinleri-etraf-kendleri-qazlasdirib-bize-sebrli-olmagi-meslehet-gorurler\/"},"wordCount":492,"publisher":{"@id":"https:\/\/www.meydan.tv\/az\/#organization"},"image":{"@id":"https:\/\/www.meydan.tv\/az\/article\/qarikend-sakinleri-etraf-kendleri-qazlasdirib-bize-sebrli-olmagi-meslehet-gorurler\/#primaryimage"},"thumbnailUrl":"https:\/\/www.meydan.tv\/wp-content\/uploads\/untitled-design-2-123.jpg","articleSection":["B\u00f6lg\u0259","X\u0259b\u0259rl\u0259r"],"inLanguage":"az"},{"@type":"WebPage","@id":"https:\/\/www.meydan.tv\/az\/article\/qarikend-sakinleri-etraf-kendleri-qazlasdirib-bize-sebrli-olmagi-meslehet-gorurler\/","url":"https:\/\/www.meydan.tv\/az\/article\/qarikend-sakinleri-etraf-kendleri-qazlasdirib-bize-sebrli-olmagi-meslehet-gorurler\/","name":"Qar\u0131k\u0259nd sakinl\u0259ri: \u201c\u018ftraf k\u0259ndl\u0259ri qazla\u015fd\u0131r\u0131b, biz\u0259 s\u0259brli olma\u011f\u0131 m\u0259sl\u0259h\u0259t g\u00f6r\u00fcrl\u0259r\u201d - MEYDAN.TV","isPartOf":{"@id":"https:\/\/www.meydan.tv\/az\/#website"},"primaryImageOfPage":{"@id":"https:\/\/www.meydan.tv\/az\/article\/qarikend-sakinleri-etraf-kendleri-qazlasdirib-bize-sebrli-olmagi-meslehet-gorurler\/#primaryimage"},"image":{"@id":"https:\/\/www.meydan.tv\/az\/article\/qarikend-sakinleri-etraf-kendleri-qazlasdirib-bize-sebrli-olmagi-meslehet-gorurler\/#primaryimage"},"thumbnailUrl":"https:\/\/www.meydan.tv\/wp-content\/uploads\/untitled-design-2-123.jpg","datePublished":"2023-07-20T11:55:56+00:00","dateModified":"2023-07-20T11:55:59+00:00","breadcrumb":{"@id":"https:\/\/www.meydan.tv\/az\/article\/qarikend-sakinleri-etraf-kendleri-qazlasdirib-bize-sebrli-olmagi-meslehet-gorurler\/#breadcrumb"},"inLanguage":"az","potentialAction":[{"@type":"ReadAction","target":["https:\/\/www.meydan.tv\/az\/article\/qarikend-sakinleri-etraf-kendleri-qazlasdirib-bize-sebrli-olmagi-meslehet-gorurler\/"]}]},{"@type":"ImageObject","inLanguage":"az","@id":"https:\/\/www.meydan.tv\/az\/article\/qarikend-sakinleri-etraf-kendleri-qazlasdirib-bize-sebrli-olmagi-meslehet-gorurler\/#primaryimage","url":"https:\/\/www.meydan.tv\/wp-content\/uploads\/untitled-design-2-123.jpg","contentUrl":"https:\/\/www.meydan.tv\/wp-content\/uploads\/untitled-design-2-123.jpg","width":1200,"height":800,"caption":"Qar\u0131k\u0259nd k\u0259ndi. Foto: G\u0259d\u0259b\u0259y Rayon \u0130cra Hakimiyy\u0259ti"},{"@type":"BreadcrumbList","@id":"https:\/\/www.meydan.tv\/az\/article\/qarikend-sakinleri-etraf-kendleri-qazlasdirib-bize-sebrli-olmagi-meslehet-gorurler\/#breadcrumb","itemListElement":[{"@type":"ListItem","position":1,"name":"Ana s\u0259hif\u0259","item":"https:\/\/www.meydan.tv\/az\/"},{"@type":"ListItem","position":2,"name":"B\u00f6lg\u0259","item":"https:\/\/www.meydan.tv\/az\/section\/bolge\/"},{"@type":"ListItem","position":3,"name":"Qar\u0131k\u0259nd sakinl\u0259ri: \u201c\u018ftraf k\u0259ndl\u0259ri qazla\u015fd\u0131r\u0131b, biz\u0259 s\u0259brli olma\u011f\u0131 m\u0259sl\u0259h\u0259t g\u00f6r\u00fcrl\u0259r\u201d"}]},{"@type":"WebSite","@id":"https:\/\/www.meydan.tv\/az\/#website","url":"https:\/\/www.meydan.tv\/az\/","name":"MEYDAN.TV","description":"Meydan TV Az\u0259rbaycan\u0131n media m\u0259kan\u0131ndak\u0131 alternativ s\u0259sidir","publisher":{"@id":"https:\/\/www.meydan.tv\/az\/#organization"},"potentialAction":[{"@type":"SearchAction","target":{"@type":"EntryPoint","urlTemplate":"https:\/\/www.meydan.tv\/az\/?s={search_term_string}"},"query-input":{"@type":"PropertyValueSpecification","valueRequired":true,"valueName":"search_term_string"}}],"inLanguage":"az"},{"@type":"Organization","@id":"https:\/\/www.meydan.tv\/az\/#organization","name":"Meydan TV","url":"https:\/\/www.meydan.tv\/az\/","logo":{"@type":"ImageObject","inLanguage":"az","@id":"https:\/\/www.meydan.tv\/az\/#\/schema\/logo\/image\/","url":"https:\/\/www.meydan.tv\/wp-content\/uploads\/2021\/07\/meydan-logo.svg","contentUrl":"https:\/\/www.meydan.tv\/wp-content\/uploads\/2021\/07\/meydan-logo.svg","width":195,"height":46,"caption":"Meydan TV"},"image":{"@id":"https:\/\/www.meydan.tv\/az\/#\/schema\/logo\/image\/"}},{"@type":"Person","@id":"https:\/\/www.meydan.tv\/az\/#\/schema\/person\/9cdbecf90d17180ce1dfbd95b08dcf47","name":"elli","sameAs":["https:\/\/x.com\/elli"]}]}},"_links":{"self":[{"href":"https:\/\/www.meydan.tv\/az\/wp-json\/wp\/v2\/posts\/280243","targetHints":{"allow":["GET"]}}],"collection":[{"href":"https:\/\/www.meydan.tv\/az\/wp-json\/wp\/v2\/posts"}],"about":[{"href":"https:\/\/www.meydan.tv\/az\/wp-json\/wp\/v2\/types\/post"}],"author":[{"embeddable":true,"href":"https:\/\/www.meydan.tv\/az\/wp-json\/wp\/v2\/users\/8"}],"replies":[{"embeddable":true,"href":"https:\/\/www.meydan.tv\/az\/wp-json\/wp\/v2\/comments?post=280243"}],"version-history":[{"count":1,"href":"https:\/\/www.meydan.tv\/az\/wp-json\/wp\/v2\/posts\/280243\/revisions"}],"predecessor-version":[{"id":280244,"href":"https:\/\/www.meydan.tv\/az\/wp-json\/wp\/v2\/posts\/280243\/revisions\/280244"}],"wp:featuredmedia":[{"embeddable":true,"href":"https:\/\/www.meydan.tv\/az\/wp-json\/wp\/v2\/media\/280239"}],"wp:attachment":[{"href":"https:\/\/www.meydan.tv\/az\/wp-json\/wp\/v2\/media?parent=280243"}],"wp:term":[{"taxonomy":"category","embeddable":true,"href":"https:\/\/www.meydan.tv\/az\/wp-json\/wp\/v2\/categories?post=280243"},{"taxonomy":"post_tag","embeddable":true,"href":"https:\/\/www.meydan.tv\/az\/wp-json\/wp\/v2\/tags?post=280243"}],"curies":[{"name":"wp","href":"https:\/\/api.w.org\/{rel}","templated":true}]}}