{"id":280195,"date":"2023-07-19T23:05:58","date_gmt":"2023-07-19T19:05:58","guid":{"rendered":"https:\/\/www.meydan.tv\/?p=280195"},"modified":"2023-07-19T23:41:26","modified_gmt":"2023-07-19T19:41:26","slug":"mingecevir-prokurorlugunda-olum-kecmis-polis-emekdasi-ikinci-mertebeden-dusub","status":"publish","type":"post","link":"https:\/\/www.meydan.tv\/az\/article\/mingecevir-prokurorlugunda-olum-kecmis-polis-emekdasi-ikinci-mertebeden-dusub\/","title":{"rendered":"Ming\u0259\u00e7evir Prokurorlu\u011funda \u00f6l\u00fcm: ke\u00e7mi\u015f polis \u0259m\u0259kda\u015f\u0131 ikinci m\u0259rt\u0259b\u0259d\u0259n d\u00fc\u015f\u00fcb (yenil\u0259nib)"},"content":{"rendered":"\n<p><\/p>\n\n\n\n<p><strong><em>M\u0259rhumun ail\u0259si \u015f\u0259h\u0259r prokurorunu g\u00fcnahland\u0131r\u0131r<\/em><\/strong><\/p>\n\n\n\n<p>\u0130yulun 19-da Ming\u0259\u00e7evir \u015e\u0259h\u0259r Prokurorlu\u011funda \u00f6l\u00fcm hadis\u0259si ba\u015f verib. 1991-ci il t\u0259v\u0259ll\u00fcdl\u00fc Tural\u0259 Natiq q\u0131z\u0131 Aslanova prokurorlu\u011fun ikinci m\u0259rt\u0259b\u0259sind\u0259n d\u00fc\u015f\u00fcb. Onun \u00f6z\u00fcn\u00fc ataraq intihar etdiyi bildirilir.<\/p>\n\n\n\n<p>Tural\u0259 Aslanova x\u0259st\u0259xanaya apar\u0131lsa da, h\u0259yat\u0131n\u0131 xilas etm\u0259k m\u00fcmk\u00fcn olmay\u0131b.<\/p>\n\n\n\n<p>Tural\u0259 Aslanovan\u0131n ail\u0259 \u00fczvl\u0259ri onun \u00f6l\u00fcm\u00fcn\u0259 g\u00f6r\u0259 Ming\u0259\u00e7evir \u015f\u0259h\u0259r prokurorunu, onun k\u00f6m\u0259k\u00e7isini, m\u00fcst\u0259ntiqi ittiham edir. Atas\u0131 Natiq Aslanov Meydan TV-y\u0259 bildirib ki, prokurorluqda Cinay\u0259t M\u0259c\u0259ll\u0259sinin 178-ci madd\u0259si (d\u0259l\u0259duzluq) il\u0259 cinay\u0259t i\u015fi a\u00e7\u0131l\u0131b, q\u0131z\u0131 da \u015fahid qismind\u0259 dindirilm\u0259y\u0259 c\u0259lb edilib.<\/p>\n\n\n\n<p>Atas\u0131n\u0131n s\u00f6zl\u0259rin\u0259 g\u00f6r\u0259, Tural\u0259 Aslanova m\u0259s\u0259l\u0259nin obyektiv ara\u015fd\u0131r\u0131lmas\u0131, bu i\u015fin Ming\u0259\u00e7evir \u015e\u0259h\u0259r Prokurorlu\u011fundan al\u0131nmas\u0131 \u00fc\u00e7\u00fcn Ba\u015f Prokurorlu\u011fa m\u0259ktub yaz\u0131b. Lakin onun m\u0259ktubuna \u0259h\u0259miyy\u0259t verilm\u0259yib.<\/p>\n\n\n\n<p><em>\u201cS\u0259s yaz\u0131lar\u0131, mesajlar var. Prokurorun k\u00f6m\u0259k\u00e7isi deyir: \u201cM\u0259n\u0259 g\u00f6st\u0259ri\u015f verilib ki, ara\u015fd\u0131rma, m\u0259n d\u0259 ara\u015fd\u0131rmam\u0131\u015fam\u201d. Bu mesajlar ara\u015fd\u0131r\u0131lmal\u0131d\u0131r. Q\u0131z\u0131m deyirdi ki, adamlar\u0131n pulu qaytar\u0131lmal\u0131d\u0131r. Borcu olan K\u0259mal\u0259 Quliyeva \u0259h\u0259miyy\u0259t vermirdi. K\u0259mal\u0259ni qoruyurdular. Kiml\u0259r, niy\u0259 qoruyurdu? M\u0259nim q\u0131z\u0131m\u0131 \u00f6ld\u00fcrd\u00fcl\u0259r\u201d,<\/em> &#8211; Natiq Aslanov bildirib.<\/p>\n\n\n\n<p>O \u0259lav\u0259 edib ki, q\u0131z\u0131 ke\u00e7mi\u015f polis \u0259m\u0259kda\u015f\u0131 olub. Tural\u0259 Aslanova polis \u015f\u00f6b\u0259sinin qeydiyyat v\u0259 \u015f\u0259xsiyy\u0259t v\u0259siq\u0259si b\u00f6lm\u0259sind\u0259 \u00e7al\u0131\u015f\u0131b.<\/p>\n\n\n\n<p>Ba\u015f Prokurorlu\u011fun M\u0259tbuat Xidm\u0259ti d\u0259 hadis\u0259 bar\u0259d\u0259 m\u0259lumat yay\u0131b. M\u0259lumatda bildirilir ki, Tural\u0259 Aslanova v\u0259kili Emin Ki\u00e7ikb\u0259yovun i\u015ftirak\u0131yla dindirm\u0259y\u0259 d\u0259v\u0259t olunub. O, bir ne\u00e7\u0259 n\u0259f\u0259rin \u00fcmumilikd\u0259 413 min manat\u0131 \u0259l\u0259 ke\u00e7irm\u0259si fakt\u0131 \u00fczr\u0259 Cinay\u0259t M\u0259c\u0259ll\u0259sinin 178.3.2 (k\u00fclli miqdarda ziyan vurmaqla d\u0259l\u0259duzluq) madd\u0259sil\u0259 istintaq olunan cinay\u0259t i\u015fi \u00fczr\u0259 dindirm\u0259y\u0259 \u00e7a\u011f\u0131r\u0131l\u0131b:<br>\u201c<em>\u0130stintaq h\u0259r\u0259k\u0259tinin gedi\u015find\u0259 Tural\u0259 Aslanova \u015f\u0259h\u0259r prokurorlu\u011funun inzibati binas\u0131n\u0131n 2-ci m\u0259rt\u0259b\u0259sind\u0259 yerl\u0259\u015f\u0259n dindirm\u0259 ota\u011f\u0131n\u0131n p\u0259nc\u0259r\u0259sind\u0259n \u00f6z\u00fcn\u00fc yer\u0259 at\u0131b, n\u0259tic\u0259d\u0259 a\u011f\u0131r b\u0259d\u0259n x\u0259sar\u0259ti al\u0131b. D\u0259rhal Ming\u0259\u00e7evir Rayon M\u0259rk\u0259zi X\u0259st\u0259xanas\u0131na \u00e7atd\u0131r\u0131l\u0131b. Lakin g\u00f6st\u0259ril\u0259n tibbi yard\u0131mlara baxmayaraq, h\u0259yat\u0131n\u0131 xilas etm\u0259k m\u00fcmk\u00fcn olmay\u0131b. Haz\u0131rda hadis\u0259 il\u0259 ba\u011fl\u0131 Ba\u015f Prokurorluq t\u0259r\u0259find\u0259n ara\u015fd\u0131rma apar\u0131l\u0131r<\/em>\u201d.<\/p>\n","protected":false},"excerpt":{"rendered":"<p>M\u0259rhumun ail\u0259si \u015f\u0259h\u0259r prokurorunu g\u00fcnahland\u0131r\u0131r \u0130yulun 19-da Ming\u0259\u00e7evir \u015e\u0259h\u0259r Prokurorlu\u011funda &#8230; <\/p>\n<p class=\"read-more-container\"><a title=\"Ming\u0259\u00e7evir Prokurorlu\u011funda \u00f6l\u00fcm: ke\u00e7mi\u015f polis \u0259m\u0259kda\u015f\u0131 ikinci m\u0259rt\u0259b\u0259d\u0259n d\u00fc\u015f\u00fcb (yenil\u0259nib)\" class=\"read-more button\" href=\"https:\/\/www.meydan.tv\/az\/article\/mingecevir-prokurorlugunda-olum-kecmis-polis-emekdasi-ikinci-mertebeden-dusub\/#more-280195\" aria-label=\"Read more about Ming\u0259\u00e7evir Prokurorlu\u011funda \u00f6l\u00fcm: ke\u00e7mi\u015f polis \u0259m\u0259kda\u015f\u0131 ikinci m\u0259rt\u0259b\u0259d\u0259n d\u00fc\u015f\u00fcb (yenil\u0259nib)\">Davam\u0131<\/a><\/p>\n","protected":false},"author":8,"featured_media":280196,"comment_status":"closed","ping_status":"closed","sticky":false,"template":"","format":"standard","meta":{"_acf_changed":false,"_sitemap_exclude":false,"_sitemap_priority":"","_sitemap_frequency":"","footnotes":""},"categories":[60,79,56],"tags":[],"class_list":["post-280195","post","type-post","status-publish","format-standard","has-post-thumbnail","hentry","category-bolge","category-featured","category-xeberler","infinite-scroll-item","generate-columns","tablet-grid-50","mobile-grid-100","grid-parent","grid-33","no-featured-image-padding"],"acf":[],"yoast_head":"<!-- This site is optimized with the Yoast SEO plugin v27.5 - https:\/\/yoast.com\/product\/yoast-seo-wordpress\/ -->\n<title>Ming\u0259\u00e7evir Prokurorlu\u011funda \u00f6l\u00fcm: ke\u00e7mi\u015f polis \u0259m\u0259kda\u015f\u0131 ikinci m\u0259rt\u0259b\u0259d\u0259n d\u00fc\u015f\u00fcb (yenil\u0259nib) - MEYDAN.TV<\/title>\n<meta name=\"robots\" content=\"index, follow, max-snippet:-1, max-image-preview:large, max-video-preview:-1\" \/>\n<link rel=\"canonical\" href=\"https:\/\/www.meydan.tv\/az\/article\/mingecevir-prokurorlugunda-olum-kecmis-polis-emekdasi-ikinci-mertebeden-dusub\/\" \/>\n<meta property=\"og:locale\" content=\"az_AZ\" \/>\n<meta property=\"og:type\" content=\"article\" \/>\n<meta property=\"og:title\" content=\"Ming\u0259\u00e7evir Prokurorlu\u011funda \u00f6l\u00fcm: ke\u00e7mi\u015f polis \u0259m\u0259kda\u015f\u0131 ikinci m\u0259rt\u0259b\u0259d\u0259n d\u00fc\u015f\u00fcb (yenil\u0259nib) - MEYDAN.TV\" \/>\n<meta property=\"og:description\" content=\"M\u0259rhumun ail\u0259si \u015f\u0259h\u0259r prokurorunu g\u00fcnahland\u0131r\u0131r \u0130yulun 19-da Ming\u0259\u00e7evir \u015e\u0259h\u0259r Prokurorlu\u011funda ... Davam\u0131\" \/>\n<meta property=\"og:url\" content=\"https:\/\/www.meydan.tv\/az\/article\/mingecevir-prokurorlugunda-olum-kecmis-polis-emekdasi-ikinci-mertebeden-dusub\/\" \/>\n<meta property=\"og:site_name\" content=\"MEYDAN.TV\" \/>\n<meta property=\"article:published_time\" content=\"2023-07-19T19:05:58+00:00\" \/>\n<meta property=\"article:modified_time\" content=\"2023-07-19T19:41:26+00:00\" \/>\n<meta property=\"og:image\" content=\"https:\/\/www.meydan.tv\/wp-content\/uploads\/minge.jpeg\" \/>\n\t<meta property=\"og:image:width\" content=\"1200\" \/>\n\t<meta property=\"og:image:height\" content=\"756\" \/>\n\t<meta property=\"og:image:type\" content=\"image\/jpeg\" \/>\n<meta name=\"author\" content=\"elli\" \/>\n<meta name=\"twitter:card\" content=\"summary_large_image\" \/>\n<meta name=\"twitter:creator\" content=\"@elli\" \/>\n<script type=\"application\/ld+json\" class=\"yoast-schema-graph\">{\"@context\":\"https:\\\/\\\/schema.org\",\"@graph\":[{\"@type\":\"Article\",\"@id\":\"https:\\\/\\\/www.meydan.tv\\\/az\\\/article\\\/mingecevir-prokurorlugunda-olum-kecmis-polis-emekdasi-ikinci-mertebeden-dusub\\\/#article\",\"isPartOf\":{\"@id\":\"https:\\\/\\\/www.meydan.tv\\\/az\\\/article\\\/mingecevir-prokurorlugunda-olum-kecmis-polis-emekdasi-ikinci-mertebeden-dusub\\\/\"},\"author\":{\"name\":\"elli\",\"@id\":\"https:\\\/\\\/www.meydan.tv\\\/az\\\/#\\\/schema\\\/person\\\/9cdbecf90d17180ce1dfbd95b08dcf47\"},\"headline\":\"Ming\u0259\u00e7evir Prokurorlu\u011funda \u00f6l\u00fcm: ke\u00e7mi\u015f polis \u0259m\u0259kda\u015f\u0131 ikinci m\u0259rt\u0259b\u0259d\u0259n d\u00fc\u015f\u00fcb (yenil\u0259nib)\",\"datePublished\":\"2023-07-19T19:05:58+00:00\",\"dateModified\":\"2023-07-19T19:41:26+00:00\",\"mainEntityOfPage\":{\"@id\":\"https:\\\/\\\/www.meydan.tv\\\/az\\\/article\\\/mingecevir-prokurorlugunda-olum-kecmis-polis-emekdasi-ikinci-mertebeden-dusub\\\/\"},\"wordCount\":498,\"publisher\":{\"@id\":\"https:\\\/\\\/www.meydan.tv\\\/az\\\/#organization\"},\"image\":{\"@id\":\"https:\\\/\\\/www.meydan.tv\\\/az\\\/article\\\/mingecevir-prokurorlugunda-olum-kecmis-polis-emekdasi-ikinci-mertebeden-dusub\\\/#primaryimage\"},\"thumbnailUrl\":\"https:\\\/\\\/www.meydan.tv\\\/wp-content\\\/uploads\\\/minge.jpeg\",\"articleSection\":[\"B\u00f6lg\u0259\",\"T\u00f6vsiy\u0259\",\"X\u0259b\u0259rl\u0259r\"],\"inLanguage\":\"az\"},{\"@type\":\"WebPage\",\"@id\":\"https:\\\/\\\/www.meydan.tv\\\/az\\\/article\\\/mingecevir-prokurorlugunda-olum-kecmis-polis-emekdasi-ikinci-mertebeden-dusub\\\/\",\"url\":\"https:\\\/\\\/www.meydan.tv\\\/az\\\/article\\\/mingecevir-prokurorlugunda-olum-kecmis-polis-emekdasi-ikinci-mertebeden-dusub\\\/\",\"name\":\"Ming\u0259\u00e7evir Prokurorlu\u011funda \u00f6l\u00fcm: ke\u00e7mi\u015f polis \u0259m\u0259kda\u015f\u0131 ikinci m\u0259rt\u0259b\u0259d\u0259n d\u00fc\u015f\u00fcb (yenil\u0259nib) - MEYDAN.TV\",\"isPartOf\":{\"@id\":\"https:\\\/\\\/www.meydan.tv\\\/az\\\/#website\"},\"primaryImageOfPage\":{\"@id\":\"https:\\\/\\\/www.meydan.tv\\\/az\\\/article\\\/mingecevir-prokurorlugunda-olum-kecmis-polis-emekdasi-ikinci-mertebeden-dusub\\\/#primaryimage\"},\"image\":{\"@id\":\"https:\\\/\\\/www.meydan.tv\\\/az\\\/article\\\/mingecevir-prokurorlugunda-olum-kecmis-polis-emekdasi-ikinci-mertebeden-dusub\\\/#primaryimage\"},\"thumbnailUrl\":\"https:\\\/\\\/www.meydan.tv\\\/wp-content\\\/uploads\\\/minge.jpeg\",\"datePublished\":\"2023-07-19T19:05:58+00:00\",\"dateModified\":\"2023-07-19T19:41:26+00:00\",\"breadcrumb\":{\"@id\":\"https:\\\/\\\/www.meydan.tv\\\/az\\\/article\\\/mingecevir-prokurorlugunda-olum-kecmis-polis-emekdasi-ikinci-mertebeden-dusub\\\/#breadcrumb\"},\"inLanguage\":\"az\",\"potentialAction\":[{\"@type\":\"ReadAction\",\"target\":[\"https:\\\/\\\/www.meydan.tv\\\/az\\\/article\\\/mingecevir-prokurorlugunda-olum-kecmis-polis-emekdasi-ikinci-mertebeden-dusub\\\/\"]}]},{\"@type\":\"ImageObject\",\"inLanguage\":\"az\",\"@id\":\"https:\\\/\\\/www.meydan.tv\\\/az\\\/article\\\/mingecevir-prokurorlugunda-olum-kecmis-polis-emekdasi-ikinci-mertebeden-dusub\\\/#primaryimage\",\"url\":\"https:\\\/\\\/www.meydan.tv\\\/wp-content\\\/uploads\\\/minge.jpeg\",\"contentUrl\":\"https:\\\/\\\/www.meydan.tv\\\/wp-content\\\/uploads\\\/minge.jpeg\",\"width\":1200,\"height\":756,\"caption\":\"Ming\u0259\u00e7evir \u015e\u0259h\u0259r Prokurorlu\u011fu\"},{\"@type\":\"BreadcrumbList\",\"@id\":\"https:\\\/\\\/www.meydan.tv\\\/az\\\/article\\\/mingecevir-prokurorlugunda-olum-kecmis-polis-emekdasi-ikinci-mertebeden-dusub\\\/#breadcrumb\",\"itemListElement\":[{\"@type\":\"ListItem\",\"position\":1,\"name\":\"Ana s\u0259hif\u0259\",\"item\":\"https:\\\/\\\/www.meydan.tv\\\/az\\\/\"},{\"@type\":\"ListItem\",\"position\":2,\"name\":\"B\u00f6lg\u0259\",\"item\":\"https:\\\/\\\/www.meydan.tv\\\/az\\\/section\\\/bolge\\\/\"},{\"@type\":\"ListItem\",\"position\":3,\"name\":\"Ming\u0259\u00e7evir Prokurorlu\u011funda \u00f6l\u00fcm: ke\u00e7mi\u015f polis \u0259m\u0259kda\u015f\u0131 ikinci m\u0259rt\u0259b\u0259d\u0259n d\u00fc\u015f\u00fcb (yenil\u0259nib)\"}]},{\"@type\":\"WebSite\",\"@id\":\"https:\\\/\\\/www.meydan.tv\\\/az\\\/#website\",\"url\":\"https:\\\/\\\/www.meydan.tv\\\/az\\\/\",\"name\":\"MEYDAN.TV\",\"description\":\"Meydan TV Az\u0259rbaycan\u0131n media m\u0259kan\u0131ndak\u0131 alternativ s\u0259sidir\",\"publisher\":{\"@id\":\"https:\\\/\\\/www.meydan.tv\\\/az\\\/#organization\"},\"potentialAction\":[{\"@type\":\"SearchAction\",\"target\":{\"@type\":\"EntryPoint\",\"urlTemplate\":\"https:\\\/\\\/www.meydan.tv\\\/az\\\/?s={search_term_string}\"},\"query-input\":{\"@type\":\"PropertyValueSpecification\",\"valueRequired\":true,\"valueName\":\"search_term_string\"}}],\"inLanguage\":\"az\"},{\"@type\":\"Organization\",\"@id\":\"https:\\\/\\\/www.meydan.tv\\\/az\\\/#organization\",\"name\":\"Meydan TV\",\"url\":\"https:\\\/\\\/www.meydan.tv\\\/az\\\/\",\"logo\":{\"@type\":\"ImageObject\",\"inLanguage\":\"az\",\"@id\":\"https:\\\/\\\/www.meydan.tv\\\/az\\\/#\\\/schema\\\/logo\\\/image\\\/\",\"url\":\"https:\\\/\\\/www.meydan.tv\\\/wp-content\\\/uploads\\\/2021\\\/07\\\/meydan-logo.svg\",\"contentUrl\":\"https:\\\/\\\/www.meydan.tv\\\/wp-content\\\/uploads\\\/2021\\\/07\\\/meydan-logo.svg\",\"width\":195,\"height\":46,\"caption\":\"Meydan TV\"},\"image\":{\"@id\":\"https:\\\/\\\/www.meydan.tv\\\/az\\\/#\\\/schema\\\/logo\\\/image\\\/\"}},{\"@type\":\"Person\",\"@id\":\"https:\\\/\\\/www.meydan.tv\\\/az\\\/#\\\/schema\\\/person\\\/9cdbecf90d17180ce1dfbd95b08dcf47\",\"name\":\"elli\",\"sameAs\":[\"https:\\\/\\\/x.com\\\/elli\"]}]}<\/script>\n<!-- \/ Yoast SEO plugin. -->","yoast_head_json":{"title":"Ming\u0259\u00e7evir Prokurorlu\u011funda \u00f6l\u00fcm: ke\u00e7mi\u015f polis \u0259m\u0259kda\u015f\u0131 ikinci m\u0259rt\u0259b\u0259d\u0259n d\u00fc\u015f\u00fcb (yenil\u0259nib) - MEYDAN.TV","robots":{"index":"index","follow":"follow","max-snippet":"max-snippet:-1","max-image-preview":"max-image-preview:large","max-video-preview":"max-video-preview:-1"},"canonical":"https:\/\/www.meydan.tv\/az\/article\/mingecevir-prokurorlugunda-olum-kecmis-polis-emekdasi-ikinci-mertebeden-dusub\/","og_locale":"az_AZ","og_type":"article","og_title":"Ming\u0259\u00e7evir Prokurorlu\u011funda \u00f6l\u00fcm: ke\u00e7mi\u015f polis \u0259m\u0259kda\u015f\u0131 ikinci m\u0259rt\u0259b\u0259d\u0259n d\u00fc\u015f\u00fcb (yenil\u0259nib) - MEYDAN.TV","og_description":"M\u0259rhumun ail\u0259si \u015f\u0259h\u0259r prokurorunu g\u00fcnahland\u0131r\u0131r \u0130yulun 19-da Ming\u0259\u00e7evir \u015e\u0259h\u0259r Prokurorlu\u011funda ... Davam\u0131","og_url":"https:\/\/www.meydan.tv\/az\/article\/mingecevir-prokurorlugunda-olum-kecmis-polis-emekdasi-ikinci-mertebeden-dusub\/","og_site_name":"MEYDAN.TV","article_published_time":"2023-07-19T19:05:58+00:00","article_modified_time":"2023-07-19T19:41:26+00:00","og_image":[{"width":1200,"height":756,"url":"https:\/\/www.meydan.tv\/wp-content\/uploads\/minge.jpeg","type":"image\/jpeg"}],"author":"elli","twitter_card":"summary_large_image","twitter_creator":"@elli","schema":{"@context":"https:\/\/schema.org","@graph":[{"@type":"Article","@id":"https:\/\/www.meydan.tv\/az\/article\/mingecevir-prokurorlugunda-olum-kecmis-polis-emekdasi-ikinci-mertebeden-dusub\/#article","isPartOf":{"@id":"https:\/\/www.meydan.tv\/az\/article\/mingecevir-prokurorlugunda-olum-kecmis-polis-emekdasi-ikinci-mertebeden-dusub\/"},"author":{"name":"elli","@id":"https:\/\/www.meydan.tv\/az\/#\/schema\/person\/9cdbecf90d17180ce1dfbd95b08dcf47"},"headline":"Ming\u0259\u00e7evir Prokurorlu\u011funda \u00f6l\u00fcm: ke\u00e7mi\u015f polis \u0259m\u0259kda\u015f\u0131 ikinci m\u0259rt\u0259b\u0259d\u0259n d\u00fc\u015f\u00fcb (yenil\u0259nib)","datePublished":"2023-07-19T19:05:58+00:00","dateModified":"2023-07-19T19:41:26+00:00","mainEntityOfPage":{"@id":"https:\/\/www.meydan.tv\/az\/article\/mingecevir-prokurorlugunda-olum-kecmis-polis-emekdasi-ikinci-mertebeden-dusub\/"},"wordCount":498,"publisher":{"@id":"https:\/\/www.meydan.tv\/az\/#organization"},"image":{"@id":"https:\/\/www.meydan.tv\/az\/article\/mingecevir-prokurorlugunda-olum-kecmis-polis-emekdasi-ikinci-mertebeden-dusub\/#primaryimage"},"thumbnailUrl":"https:\/\/www.meydan.tv\/wp-content\/uploads\/minge.jpeg","articleSection":["B\u00f6lg\u0259","T\u00f6vsiy\u0259","X\u0259b\u0259rl\u0259r"],"inLanguage":"az"},{"@type":"WebPage","@id":"https:\/\/www.meydan.tv\/az\/article\/mingecevir-prokurorlugunda-olum-kecmis-polis-emekdasi-ikinci-mertebeden-dusub\/","url":"https:\/\/www.meydan.tv\/az\/article\/mingecevir-prokurorlugunda-olum-kecmis-polis-emekdasi-ikinci-mertebeden-dusub\/","name":"Ming\u0259\u00e7evir Prokurorlu\u011funda \u00f6l\u00fcm: ke\u00e7mi\u015f polis \u0259m\u0259kda\u015f\u0131 ikinci m\u0259rt\u0259b\u0259d\u0259n d\u00fc\u015f\u00fcb (yenil\u0259nib) - MEYDAN.TV","isPartOf":{"@id":"https:\/\/www.meydan.tv\/az\/#website"},"primaryImageOfPage":{"@id":"https:\/\/www.meydan.tv\/az\/article\/mingecevir-prokurorlugunda-olum-kecmis-polis-emekdasi-ikinci-mertebeden-dusub\/#primaryimage"},"image":{"@id":"https:\/\/www.meydan.tv\/az\/article\/mingecevir-prokurorlugunda-olum-kecmis-polis-emekdasi-ikinci-mertebeden-dusub\/#primaryimage"},"thumbnailUrl":"https:\/\/www.meydan.tv\/wp-content\/uploads\/minge.jpeg","datePublished":"2023-07-19T19:05:58+00:00","dateModified":"2023-07-19T19:41:26+00:00","breadcrumb":{"@id":"https:\/\/www.meydan.tv\/az\/article\/mingecevir-prokurorlugunda-olum-kecmis-polis-emekdasi-ikinci-mertebeden-dusub\/#breadcrumb"},"inLanguage":"az","potentialAction":[{"@type":"ReadAction","target":["https:\/\/www.meydan.tv\/az\/article\/mingecevir-prokurorlugunda-olum-kecmis-polis-emekdasi-ikinci-mertebeden-dusub\/"]}]},{"@type":"ImageObject","inLanguage":"az","@id":"https:\/\/www.meydan.tv\/az\/article\/mingecevir-prokurorlugunda-olum-kecmis-polis-emekdasi-ikinci-mertebeden-dusub\/#primaryimage","url":"https:\/\/www.meydan.tv\/wp-content\/uploads\/minge.jpeg","contentUrl":"https:\/\/www.meydan.tv\/wp-content\/uploads\/minge.jpeg","width":1200,"height":756,"caption":"Ming\u0259\u00e7evir \u015e\u0259h\u0259r Prokurorlu\u011fu"},{"@type":"BreadcrumbList","@id":"https:\/\/www.meydan.tv\/az\/article\/mingecevir-prokurorlugunda-olum-kecmis-polis-emekdasi-ikinci-mertebeden-dusub\/#breadcrumb","itemListElement":[{"@type":"ListItem","position":1,"name":"Ana s\u0259hif\u0259","item":"https:\/\/www.meydan.tv\/az\/"},{"@type":"ListItem","position":2,"name":"B\u00f6lg\u0259","item":"https:\/\/www.meydan.tv\/az\/section\/bolge\/"},{"@type":"ListItem","position":3,"name":"Ming\u0259\u00e7evir Prokurorlu\u011funda \u00f6l\u00fcm: ke\u00e7mi\u015f polis \u0259m\u0259kda\u015f\u0131 ikinci m\u0259rt\u0259b\u0259d\u0259n d\u00fc\u015f\u00fcb (yenil\u0259nib)"}]},{"@type":"WebSite","@id":"https:\/\/www.meydan.tv\/az\/#website","url":"https:\/\/www.meydan.tv\/az\/","name":"MEYDAN.TV","description":"Meydan TV Az\u0259rbaycan\u0131n media m\u0259kan\u0131ndak\u0131 alternativ s\u0259sidir","publisher":{"@id":"https:\/\/www.meydan.tv\/az\/#organization"},"potentialAction":[{"@type":"SearchAction","target":{"@type":"EntryPoint","urlTemplate":"https:\/\/www.meydan.tv\/az\/?s={search_term_string}"},"query-input":{"@type":"PropertyValueSpecification","valueRequired":true,"valueName":"search_term_string"}}],"inLanguage":"az"},{"@type":"Organization","@id":"https:\/\/www.meydan.tv\/az\/#organization","name":"Meydan TV","url":"https:\/\/www.meydan.tv\/az\/","logo":{"@type":"ImageObject","inLanguage":"az","@id":"https:\/\/www.meydan.tv\/az\/#\/schema\/logo\/image\/","url":"https:\/\/www.meydan.tv\/wp-content\/uploads\/2021\/07\/meydan-logo.svg","contentUrl":"https:\/\/www.meydan.tv\/wp-content\/uploads\/2021\/07\/meydan-logo.svg","width":195,"height":46,"caption":"Meydan TV"},"image":{"@id":"https:\/\/www.meydan.tv\/az\/#\/schema\/logo\/image\/"}},{"@type":"Person","@id":"https:\/\/www.meydan.tv\/az\/#\/schema\/person\/9cdbecf90d17180ce1dfbd95b08dcf47","name":"elli","sameAs":["https:\/\/x.com\/elli"]}]}},"_links":{"self":[{"href":"https:\/\/www.meydan.tv\/az\/wp-json\/wp\/v2\/posts\/280195","targetHints":{"allow":["GET"]}}],"collection":[{"href":"https:\/\/www.meydan.tv\/az\/wp-json\/wp\/v2\/posts"}],"about":[{"href":"https:\/\/www.meydan.tv\/az\/wp-json\/wp\/v2\/types\/post"}],"author":[{"embeddable":true,"href":"https:\/\/www.meydan.tv\/az\/wp-json\/wp\/v2\/users\/8"}],"replies":[{"embeddable":true,"href":"https:\/\/www.meydan.tv\/az\/wp-json\/wp\/v2\/comments?post=280195"}],"version-history":[{"count":3,"href":"https:\/\/www.meydan.tv\/az\/wp-json\/wp\/v2\/posts\/280195\/revisions"}],"predecessor-version":[{"id":280201,"href":"https:\/\/www.meydan.tv\/az\/wp-json\/wp\/v2\/posts\/280195\/revisions\/280201"}],"wp:featuredmedia":[{"embeddable":true,"href":"https:\/\/www.meydan.tv\/az\/wp-json\/wp\/v2\/media\/280196"}],"wp:attachment":[{"href":"https:\/\/www.meydan.tv\/az\/wp-json\/wp\/v2\/media?parent=280195"}],"wp:term":[{"taxonomy":"category","embeddable":true,"href":"https:\/\/www.meydan.tv\/az\/wp-json\/wp\/v2\/categories?post=280195"},{"taxonomy":"post_tag","embeddable":true,"href":"https:\/\/www.meydan.tv\/az\/wp-json\/wp\/v2\/tags?post=280195"}],"curies":[{"name":"wp","href":"https:\/\/api.w.org\/{rel}","templated":true}]}}