{"id":280150,"date":"2023-07-19T15:18:18","date_gmt":"2023-07-19T11:18:18","guid":{"rendered":"https:\/\/www.meydan.tv\/?p=280150"},"modified":"2023-07-19T15:18:21","modified_gmt":"2023-07-19T11:18:21","slug":"fermerler-suvarma-problemi-yasayir","status":"publish","type":"post","link":"https:\/\/www.meydan.tv\/az\/article\/fermerler-suvarma-problemi-yasayir\/","title":{"rendered":"Fermerl\u0259r suvarma problemi ya\u015fay\u0131r"},"content":{"rendered":"\n<p><\/p>\n\n\n\n<p><strong><em>\u201cN\u0259inki torpaqlar\u0131 vaxt\u0131-vaxt\u0131nda suvara, h\u0259tta i\u00e7m\u0259li suya olan t\u0259l\u0259bat\u0131m\u0131z\u0131 da \u00f6d\u0259y\u0259 bilmirik\u201d<\/em><\/strong><\/p>\n\n\n\n<p><em>\u201cYa\u011f\u0131\u015f ya\u011fanda sevinirik. \u00c7\u00fcnki bir-iki ayd\u0131r havan\u0131n ya\u011fmurlu olmas\u0131na baxmayaraq, suvarma \u00fc\u00e7\u00fcn su tapm\u0131r\u0131q\u201d.<\/em><\/p>\n\n\n\n<p>Bunu Meydan TV-y\u0259 neft\u00e7alal\u0131 fermer Asif M\u0259mm\u0259dov deyir. Onun s\u00f6zl\u0259rin\u0259 g\u00f6r\u0259, pamb\u0131\u011f\u0131n suvar\u0131lma vaxt\u0131 probleml\u0259r yarad\u0131l\u0131r. Bel\u0259 ki, K\u00fcrd\u0259 suyun s\u0259viyy\u0259sinin a\u015fa\u011f\u0131 d\u00fc\u015fm\u0259si s\u0259b\u0259bind\u0259n su nasoslar\u0131 i\u015fl\u0259mir. Nasoslar suyu \u00e7\u0259kib sah\u0259l\u0259r\u0259 vura bilmir. Fermer deyir ki, t\u0259kc\u0259 pamb\u0131q deyil, qar\u011f\u0131dal\u0131n\u0131n ikinci \u0259kini, yonca sah\u0259l\u0259ri d\u0259 suvar\u0131lmal\u0131d\u0131r.<\/p>\n\n\n\n<p>Sabirabad\u0131n Moranl\u0131 k\u0259nd sakinl\u0259ri d\u0259 k\u0259ndd\u0259 yerl\u0259\u015f\u0259n Ha\u015f kanal\u0131nda suyun olmad\u0131\u011f\u0131n\u0131 deyirl\u0259r. Sakinl\u0259rin s\u00f6zl\u0259rin\u0259 g\u00f6r\u0259, suvar\u0131lma il\u0259 ba\u011fl\u0131 probleml\u0259rini s\u00f6yl\u0259m\u0259k \u00fc\u00e7\u00fcn r\u0259smi \u015f\u0259xsl\u0259ri i\u015f yerind\u0259 tapm\u0131rlar.<\/p>\n\n\n\n<p>\u201c<em>Susuzluqdan torpaqlar\u0131m\u0131z \u015foranla\u015f\u0131b. N\u0259inki torpaqlar\u0131 vaxt\u0131-vaxt\u0131nda suvara, h\u0259tta i\u00e7m\u0259li suya olan t\u0259l\u0259bat\u0131m\u0131z\u0131 da \u00f6d\u0259y\u0259 bilmirik. Su problemi s\u0259b\u0259bind\u0259n k\u0259ndl\u0259rin \u00e7oxu bo\u015fal\u0131r\u201d,<\/em>&#8211; fermerl\u0259rd\u0259n biri deyib. Bildirib ki, m\u0259nb\u0259yini K\u00fcrd\u0259n g\u00f6t\u00fcr\u0259n b\u00fct\u00fcn kanallara elektrik nasoslarla su vuruldu\u011fu halda Ha\u015f kanal\u0131na su vurulmur. \u00c7\u00fcnki kanal standartlara uy\u011fun \u00e7\u0259kilm\u0259yib, nasoslar \u00fc\u00e7\u00fcn qura\u015fd\u0131r\u0131lan transformatorlar ki\u00e7ik h\u0259cmli oldu\u011fu \u00fc\u00e7\u00fcn 4 nasos tam g\u00fcc\u00fc il\u0259 i\u015fl\u0259y\u0259 bilmir, tez-tez q\u0131saqapanmalar ba\u015f verir.<\/p>\n\n\n\n<p>Moranl\u0131 K\u0259nd B\u0259l\u0259diyy\u0259sinin s\u0259dri M\u00fcz\u0259ff\u0259r Qas\u0131mov is\u0259 Meydan TV-y\u0259 bildirib ki, bir ne\u00e7\u0259 g\u00fcn \u0259vv\u0259l sah\u0259l\u0259r\u0259 bax\u0131\u015f ke\u00e7irilib v\u0259 suvarma il\u0259 ba\u011fl\u0131 problem h\u0259ll olunub. S\u0259dr dig\u0259r suallara cavab verm\u0259k ist\u0259m\u0259yib.<\/p>\n\n\n\n<p>Az\u0259rbaycan D\u00f6vl\u0259t Su Ehtiyatlar\u0131 Agentliyind\u0259n veril\u0259n m\u0259lumata g\u00f6r\u0259, K\u00fcr \u00e7ay\u0131n\u0131n a\u015fa\u011f\u0131 ax\u0131m\u0131n\u0131 qidaland\u0131ran \u00f6lk\u0259daxili \u00e7aylarda suyun h\u0259cmi azal\u0131b. Bu da K\u00fcr \u00e7ay\u0131n\u0131n a\u015fa\u011f\u0131 ax\u0131m\u0131nda suyun s\u0259viyy\u0259sin\u0259 t\u0259sir edib. Buna g\u00f6r\u0259 d\u0259 Ming\u0259\u00e7evir su anbar\u0131ndan burax\u0131lan suyun h\u0259cmi saniy\u0259d\u0259 80 km3 art\u0131r\u0131l\u0131b. Yax\u0131n bir ne\u00e7\u0259 g\u00fcn \u0259rzind\u0259 v\u0259ziyy\u0259t yenid\u0259n stabill\u0259\u015f\u0259c\u0259k.<\/p>\n","protected":false},"excerpt":{"rendered":"<p>\u201cN\u0259inki torpaqlar\u0131 vaxt\u0131-vaxt\u0131nda suvara, h\u0259tta i\u00e7m\u0259li suya olan t\u0259l\u0259bat\u0131m\u0131z\u0131 da &#8230; <\/p>\n<p class=\"read-more-container\"><a title=\"Fermerl\u0259r suvarma problemi ya\u015fay\u0131r\" class=\"read-more button\" href=\"https:\/\/www.meydan.tv\/az\/article\/fermerler-suvarma-problemi-yasayir\/#more-280150\" aria-label=\"Read more about Fermerl\u0259r suvarma problemi ya\u015fay\u0131r\">Davam\u0131<\/a><\/p>\n","protected":false},"author":8,"featured_media":254473,"comment_status":"closed","ping_status":"closed","sticky":false,"template":"","format":"standard","meta":{"_acf_changed":false,"_sitemap_exclude":false,"_sitemap_priority":"","_sitemap_frequency":"","footnotes":""},"categories":[60,56],"tags":[],"class_list":["post-280150","post","type-post","status-publish","format-standard","has-post-thumbnail","hentry","category-bolge","category-xeberler","infinite-scroll-item","generate-columns","tablet-grid-50","mobile-grid-100","grid-parent","grid-33","no-featured-image-padding"],"acf":[],"yoast_head":"<!-- This site is optimized with the Yoast SEO plugin v27.5 - https:\/\/yoast.com\/product\/yoast-seo-wordpress\/ -->\n<title>Fermerl\u0259r suvarma problemi ya\u015fay\u0131r - MEYDAN.TV<\/title>\n<meta name=\"robots\" content=\"index, follow, max-snippet:-1, max-image-preview:large, max-video-preview:-1\" \/>\n<link rel=\"canonical\" href=\"https:\/\/www.meydan.tv\/az\/article\/fermerler-suvarma-problemi-yasayir\/\" \/>\n<meta property=\"og:locale\" content=\"az_AZ\" \/>\n<meta property=\"og:type\" content=\"article\" \/>\n<meta property=\"og:title\" content=\"Fermerl\u0259r suvarma problemi ya\u015fay\u0131r - MEYDAN.TV\" \/>\n<meta property=\"og:description\" content=\"\u201cN\u0259inki torpaqlar\u0131 vaxt\u0131-vaxt\u0131nda suvara, h\u0259tta i\u00e7m\u0259li suya olan t\u0259l\u0259bat\u0131m\u0131z\u0131 da ... Davam\u0131\" \/>\n<meta property=\"og:url\" content=\"https:\/\/www.meydan.tv\/az\/article\/fermerler-suvarma-problemi-yasayir\/\" \/>\n<meta property=\"og:site_name\" content=\"MEYDAN.TV\" \/>\n<meta property=\"article:published_time\" content=\"2023-07-19T11:18:18+00:00\" \/>\n<meta property=\"article:modified_time\" content=\"2023-07-19T11:18:21+00:00\" \/>\n<meta property=\"og:image\" content=\"https:\/\/www.meydan.tv\/wp-content\/uploads\/1595567434407635519_1000x669.jpg\" \/>\n\t<meta property=\"og:image:width\" content=\"1200\" \/>\n\t<meta property=\"og:image:height\" content=\"900\" \/>\n\t<meta property=\"og:image:type\" content=\"image\/jpeg\" \/>\n<meta name=\"author\" content=\"elli\" \/>\n<meta name=\"twitter:card\" content=\"summary_large_image\" \/>\n<meta name=\"twitter:creator\" content=\"@elli\" \/>\n<script type=\"application\/ld+json\" class=\"yoast-schema-graph\">{\"@context\":\"https:\\\/\\\/schema.org\",\"@graph\":[{\"@type\":\"Article\",\"@id\":\"https:\\\/\\\/www.meydan.tv\\\/az\\\/article\\\/fermerler-suvarma-problemi-yasayir\\\/#article\",\"isPartOf\":{\"@id\":\"https:\\\/\\\/www.meydan.tv\\\/az\\\/article\\\/fermerler-suvarma-problemi-yasayir\\\/\"},\"author\":{\"name\":\"elli\",\"@id\":\"https:\\\/\\\/www.meydan.tv\\\/az\\\/#\\\/schema\\\/person\\\/9cdbecf90d17180ce1dfbd95b08dcf47\"},\"headline\":\"Fermerl\u0259r suvarma problemi ya\u015fay\u0131r\",\"datePublished\":\"2023-07-19T11:18:18+00:00\",\"dateModified\":\"2023-07-19T11:18:21+00:00\",\"mainEntityOfPage\":{\"@id\":\"https:\\\/\\\/www.meydan.tv\\\/az\\\/article\\\/fermerler-suvarma-problemi-yasayir\\\/\"},\"wordCount\":430,\"publisher\":{\"@id\":\"https:\\\/\\\/www.meydan.tv\\\/az\\\/#organization\"},\"image\":{\"@id\":\"https:\\\/\\\/www.meydan.tv\\\/az\\\/article\\\/fermerler-suvarma-problemi-yasayir\\\/#primaryimage\"},\"thumbnailUrl\":\"https:\\\/\\\/www.meydan.tv\\\/wp-content\\\/uploads\\\/1595567434407635519_1000x669.jpg\",\"articleSection\":[\"B\u00f6lg\u0259\",\"X\u0259b\u0259rl\u0259r\"],\"inLanguage\":\"az\"},{\"@type\":\"WebPage\",\"@id\":\"https:\\\/\\\/www.meydan.tv\\\/az\\\/article\\\/fermerler-suvarma-problemi-yasayir\\\/\",\"url\":\"https:\\\/\\\/www.meydan.tv\\\/az\\\/article\\\/fermerler-suvarma-problemi-yasayir\\\/\",\"name\":\"Fermerl\u0259r suvarma problemi ya\u015fay\u0131r - MEYDAN.TV\",\"isPartOf\":{\"@id\":\"https:\\\/\\\/www.meydan.tv\\\/az\\\/#website\"},\"primaryImageOfPage\":{\"@id\":\"https:\\\/\\\/www.meydan.tv\\\/az\\\/article\\\/fermerler-suvarma-problemi-yasayir\\\/#primaryimage\"},\"image\":{\"@id\":\"https:\\\/\\\/www.meydan.tv\\\/az\\\/article\\\/fermerler-suvarma-problemi-yasayir\\\/#primaryimage\"},\"thumbnailUrl\":\"https:\\\/\\\/www.meydan.tv\\\/wp-content\\\/uploads\\\/1595567434407635519_1000x669.jpg\",\"datePublished\":\"2023-07-19T11:18:18+00:00\",\"dateModified\":\"2023-07-19T11:18:21+00:00\",\"breadcrumb\":{\"@id\":\"https:\\\/\\\/www.meydan.tv\\\/az\\\/article\\\/fermerler-suvarma-problemi-yasayir\\\/#breadcrumb\"},\"inLanguage\":\"az\",\"potentialAction\":[{\"@type\":\"ReadAction\",\"target\":[\"https:\\\/\\\/www.meydan.tv\\\/az\\\/article\\\/fermerler-suvarma-problemi-yasayir\\\/\"]}]},{\"@type\":\"ImageObject\",\"inLanguage\":\"az\",\"@id\":\"https:\\\/\\\/www.meydan.tv\\\/az\\\/article\\\/fermerler-suvarma-problemi-yasayir\\\/#primaryimage\",\"url\":\"https:\\\/\\\/www.meydan.tv\\\/wp-content\\\/uploads\\\/1595567434407635519_1000x669.jpg\",\"contentUrl\":\"https:\\\/\\\/www.meydan.tv\\\/wp-content\\\/uploads\\\/1595567434407635519_1000x669.jpg\",\"width\":1200,\"height\":900,\"caption\":\"Suvarma, su \u00e7at\u0131\u015fmazl\u0131\u011f\u0131. Foto: Az\u0259rtac\"},{\"@type\":\"BreadcrumbList\",\"@id\":\"https:\\\/\\\/www.meydan.tv\\\/az\\\/article\\\/fermerler-suvarma-problemi-yasayir\\\/#breadcrumb\",\"itemListElement\":[{\"@type\":\"ListItem\",\"position\":1,\"name\":\"Ana s\u0259hif\u0259\",\"item\":\"https:\\\/\\\/www.meydan.tv\\\/az\\\/\"},{\"@type\":\"ListItem\",\"position\":2,\"name\":\"B\u00f6lg\u0259\",\"item\":\"https:\\\/\\\/www.meydan.tv\\\/az\\\/section\\\/bolge\\\/\"},{\"@type\":\"ListItem\",\"position\":3,\"name\":\"Fermerl\u0259r suvarma problemi ya\u015fay\u0131r\"}]},{\"@type\":\"WebSite\",\"@id\":\"https:\\\/\\\/www.meydan.tv\\\/az\\\/#website\",\"url\":\"https:\\\/\\\/www.meydan.tv\\\/az\\\/\",\"name\":\"MEYDAN.TV\",\"description\":\"Meydan TV Az\u0259rbaycan\u0131n media m\u0259kan\u0131ndak\u0131 alternativ s\u0259sidir\",\"publisher\":{\"@id\":\"https:\\\/\\\/www.meydan.tv\\\/az\\\/#organization\"},\"potentialAction\":[{\"@type\":\"SearchAction\",\"target\":{\"@type\":\"EntryPoint\",\"urlTemplate\":\"https:\\\/\\\/www.meydan.tv\\\/az\\\/?s={search_term_string}\"},\"query-input\":{\"@type\":\"PropertyValueSpecification\",\"valueRequired\":true,\"valueName\":\"search_term_string\"}}],\"inLanguage\":\"az\"},{\"@type\":\"Organization\",\"@id\":\"https:\\\/\\\/www.meydan.tv\\\/az\\\/#organization\",\"name\":\"Meydan TV\",\"url\":\"https:\\\/\\\/www.meydan.tv\\\/az\\\/\",\"logo\":{\"@type\":\"ImageObject\",\"inLanguage\":\"az\",\"@id\":\"https:\\\/\\\/www.meydan.tv\\\/az\\\/#\\\/schema\\\/logo\\\/image\\\/\",\"url\":\"https:\\\/\\\/www.meydan.tv\\\/wp-content\\\/uploads\\\/2021\\\/07\\\/meydan-logo.svg\",\"contentUrl\":\"https:\\\/\\\/www.meydan.tv\\\/wp-content\\\/uploads\\\/2021\\\/07\\\/meydan-logo.svg\",\"width\":195,\"height\":46,\"caption\":\"Meydan TV\"},\"image\":{\"@id\":\"https:\\\/\\\/www.meydan.tv\\\/az\\\/#\\\/schema\\\/logo\\\/image\\\/\"}},{\"@type\":\"Person\",\"@id\":\"https:\\\/\\\/www.meydan.tv\\\/az\\\/#\\\/schema\\\/person\\\/9cdbecf90d17180ce1dfbd95b08dcf47\",\"name\":\"elli\",\"sameAs\":[\"https:\\\/\\\/x.com\\\/elli\"]}]}<\/script>\n<!-- \/ Yoast SEO plugin. -->","yoast_head_json":{"title":"Fermerl\u0259r suvarma problemi ya\u015fay\u0131r - MEYDAN.TV","robots":{"index":"index","follow":"follow","max-snippet":"max-snippet:-1","max-image-preview":"max-image-preview:large","max-video-preview":"max-video-preview:-1"},"canonical":"https:\/\/www.meydan.tv\/az\/article\/fermerler-suvarma-problemi-yasayir\/","og_locale":"az_AZ","og_type":"article","og_title":"Fermerl\u0259r suvarma problemi ya\u015fay\u0131r - MEYDAN.TV","og_description":"\u201cN\u0259inki torpaqlar\u0131 vaxt\u0131-vaxt\u0131nda suvara, h\u0259tta i\u00e7m\u0259li suya olan t\u0259l\u0259bat\u0131m\u0131z\u0131 da ... Davam\u0131","og_url":"https:\/\/www.meydan.tv\/az\/article\/fermerler-suvarma-problemi-yasayir\/","og_site_name":"MEYDAN.TV","article_published_time":"2023-07-19T11:18:18+00:00","article_modified_time":"2023-07-19T11:18:21+00:00","og_image":[{"width":1200,"height":900,"url":"https:\/\/www.meydan.tv\/wp-content\/uploads\/1595567434407635519_1000x669.jpg","type":"image\/jpeg"}],"author":"elli","twitter_card":"summary_large_image","twitter_creator":"@elli","schema":{"@context":"https:\/\/schema.org","@graph":[{"@type":"Article","@id":"https:\/\/www.meydan.tv\/az\/article\/fermerler-suvarma-problemi-yasayir\/#article","isPartOf":{"@id":"https:\/\/www.meydan.tv\/az\/article\/fermerler-suvarma-problemi-yasayir\/"},"author":{"name":"elli","@id":"https:\/\/www.meydan.tv\/az\/#\/schema\/person\/9cdbecf90d17180ce1dfbd95b08dcf47"},"headline":"Fermerl\u0259r suvarma problemi ya\u015fay\u0131r","datePublished":"2023-07-19T11:18:18+00:00","dateModified":"2023-07-19T11:18:21+00:00","mainEntityOfPage":{"@id":"https:\/\/www.meydan.tv\/az\/article\/fermerler-suvarma-problemi-yasayir\/"},"wordCount":430,"publisher":{"@id":"https:\/\/www.meydan.tv\/az\/#organization"},"image":{"@id":"https:\/\/www.meydan.tv\/az\/article\/fermerler-suvarma-problemi-yasayir\/#primaryimage"},"thumbnailUrl":"https:\/\/www.meydan.tv\/wp-content\/uploads\/1595567434407635519_1000x669.jpg","articleSection":["B\u00f6lg\u0259","X\u0259b\u0259rl\u0259r"],"inLanguage":"az"},{"@type":"WebPage","@id":"https:\/\/www.meydan.tv\/az\/article\/fermerler-suvarma-problemi-yasayir\/","url":"https:\/\/www.meydan.tv\/az\/article\/fermerler-suvarma-problemi-yasayir\/","name":"Fermerl\u0259r suvarma problemi ya\u015fay\u0131r - MEYDAN.TV","isPartOf":{"@id":"https:\/\/www.meydan.tv\/az\/#website"},"primaryImageOfPage":{"@id":"https:\/\/www.meydan.tv\/az\/article\/fermerler-suvarma-problemi-yasayir\/#primaryimage"},"image":{"@id":"https:\/\/www.meydan.tv\/az\/article\/fermerler-suvarma-problemi-yasayir\/#primaryimage"},"thumbnailUrl":"https:\/\/www.meydan.tv\/wp-content\/uploads\/1595567434407635519_1000x669.jpg","datePublished":"2023-07-19T11:18:18+00:00","dateModified":"2023-07-19T11:18:21+00:00","breadcrumb":{"@id":"https:\/\/www.meydan.tv\/az\/article\/fermerler-suvarma-problemi-yasayir\/#breadcrumb"},"inLanguage":"az","potentialAction":[{"@type":"ReadAction","target":["https:\/\/www.meydan.tv\/az\/article\/fermerler-suvarma-problemi-yasayir\/"]}]},{"@type":"ImageObject","inLanguage":"az","@id":"https:\/\/www.meydan.tv\/az\/article\/fermerler-suvarma-problemi-yasayir\/#primaryimage","url":"https:\/\/www.meydan.tv\/wp-content\/uploads\/1595567434407635519_1000x669.jpg","contentUrl":"https:\/\/www.meydan.tv\/wp-content\/uploads\/1595567434407635519_1000x669.jpg","width":1200,"height":900,"caption":"Suvarma, su \u00e7at\u0131\u015fmazl\u0131\u011f\u0131. Foto: Az\u0259rtac"},{"@type":"BreadcrumbList","@id":"https:\/\/www.meydan.tv\/az\/article\/fermerler-suvarma-problemi-yasayir\/#breadcrumb","itemListElement":[{"@type":"ListItem","position":1,"name":"Ana s\u0259hif\u0259","item":"https:\/\/www.meydan.tv\/az\/"},{"@type":"ListItem","position":2,"name":"B\u00f6lg\u0259","item":"https:\/\/www.meydan.tv\/az\/section\/bolge\/"},{"@type":"ListItem","position":3,"name":"Fermerl\u0259r suvarma problemi ya\u015fay\u0131r"}]},{"@type":"WebSite","@id":"https:\/\/www.meydan.tv\/az\/#website","url":"https:\/\/www.meydan.tv\/az\/","name":"MEYDAN.TV","description":"Meydan TV Az\u0259rbaycan\u0131n media m\u0259kan\u0131ndak\u0131 alternativ s\u0259sidir","publisher":{"@id":"https:\/\/www.meydan.tv\/az\/#organization"},"potentialAction":[{"@type":"SearchAction","target":{"@type":"EntryPoint","urlTemplate":"https:\/\/www.meydan.tv\/az\/?s={search_term_string}"},"query-input":{"@type":"PropertyValueSpecification","valueRequired":true,"valueName":"search_term_string"}}],"inLanguage":"az"},{"@type":"Organization","@id":"https:\/\/www.meydan.tv\/az\/#organization","name":"Meydan TV","url":"https:\/\/www.meydan.tv\/az\/","logo":{"@type":"ImageObject","inLanguage":"az","@id":"https:\/\/www.meydan.tv\/az\/#\/schema\/logo\/image\/","url":"https:\/\/www.meydan.tv\/wp-content\/uploads\/2021\/07\/meydan-logo.svg","contentUrl":"https:\/\/www.meydan.tv\/wp-content\/uploads\/2021\/07\/meydan-logo.svg","width":195,"height":46,"caption":"Meydan TV"},"image":{"@id":"https:\/\/www.meydan.tv\/az\/#\/schema\/logo\/image\/"}},{"@type":"Person","@id":"https:\/\/www.meydan.tv\/az\/#\/schema\/person\/9cdbecf90d17180ce1dfbd95b08dcf47","name":"elli","sameAs":["https:\/\/x.com\/elli"]}]}},"_links":{"self":[{"href":"https:\/\/www.meydan.tv\/az\/wp-json\/wp\/v2\/posts\/280150","targetHints":{"allow":["GET"]}}],"collection":[{"href":"https:\/\/www.meydan.tv\/az\/wp-json\/wp\/v2\/posts"}],"about":[{"href":"https:\/\/www.meydan.tv\/az\/wp-json\/wp\/v2\/types\/post"}],"author":[{"embeddable":true,"href":"https:\/\/www.meydan.tv\/az\/wp-json\/wp\/v2\/users\/8"}],"replies":[{"embeddable":true,"href":"https:\/\/www.meydan.tv\/az\/wp-json\/wp\/v2\/comments?post=280150"}],"version-history":[{"count":1,"href":"https:\/\/www.meydan.tv\/az\/wp-json\/wp\/v2\/posts\/280150\/revisions"}],"predecessor-version":[{"id":280151,"href":"https:\/\/www.meydan.tv\/az\/wp-json\/wp\/v2\/posts\/280150\/revisions\/280151"}],"wp:featuredmedia":[{"embeddable":true,"href":"https:\/\/www.meydan.tv\/az\/wp-json\/wp\/v2\/media\/254473"}],"wp:attachment":[{"href":"https:\/\/www.meydan.tv\/az\/wp-json\/wp\/v2\/media?parent=280150"}],"wp:term":[{"taxonomy":"category","embeddable":true,"href":"https:\/\/www.meydan.tv\/az\/wp-json\/wp\/v2\/categories?post=280150"},{"taxonomy":"post_tag","embeddable":true,"href":"https:\/\/www.meydan.tv\/az\/wp-json\/wp\/v2\/tags?post=280150"}],"curies":[{"name":"wp","href":"https:\/\/api.w.org\/{rel}","templated":true}]}}