{"id":280142,"date":"2023-07-19T14:48:25","date_gmt":"2023-07-19T10:48:25","guid":{"rendered":"https:\/\/www.meydan.tv\/?p=280142"},"modified":"2023-07-19T14:50:31","modified_gmt":"2023-07-19T10:50:31","slug":"edliyye-nazirliyi-musavat-partiyasini-da-reyestrden-kecirmedi","status":"publish","type":"post","link":"https:\/\/www.meydan.tv\/az\/article\/edliyye-nazirliyi-musavat-partiyasini-da-reyestrden-kecirmedi\/","title":{"rendered":"\u018fdliyy\u0259 Nazirliyi M\u00fcsavat Partiyas\u0131n\u0131 da reyestrd\u0259n ke\u00e7irm\u0259di"},"content":{"rendered":"\n<p><\/p>\n\n\n\n<p><strong><em>Arif Hac\u0131l\u0131 t\u0259krar m\u00fcraci\u0259t ed\u0259c\u0259kl\u0259rini deyir<\/em><\/strong><\/p>\n\n\n\n<p>\u018fdliyy\u0259 Nazirliyi iyulun 19-da M\u00fcsavat Partiyas\u0131n\u0131n reyestr\u0259 daxil edilm\u0259si il\u0259 ba\u011fl\u0131 m\u00fcraci\u0259tin\u0259 m\u0259nfi cavab verib.<\/p>\n\n\n\n<p>Bu bar\u0259d\u0259 partiyan\u0131n ba\u015fqan\u0131 Arif Hac\u0131l\u0131 &#8220;Facebook&#8221; s\u0259hif\u0259sind\u0259 payla\u015f\u0131m <a href=\"https:\/\/www.facebook.com\/arifhajili\/posts\/pfbid02v3RAwHAEfMgqEhukqLTrVU5ipHoSMB6YihLbpksaDmGX58Tv2Tnn7Ni8ieVNHmH2l\" target=\"_blank\" rel=\"noreferrer noopener\">edib.<\/a><\/p>\n\n\n\n<p>Arif Hac\u0131l\u0131 yaz\u0131r ki, onlara g\u00f6nd\u0259ril\u0259n m\u0259ktubda t\u0259qdim olunan 5212 n\u0259f\u0259rlik siyah\u0131da 2766 n\u0259f\u0259r haqq\u0131nda m\u0259lumatlar d\u00fczg\u00fcn qeyd edilm\u0259yib:<\/p>\n\n\n\n<p>&#8220;250 n\u0259f\u0259r telefon z\u0259ngin\u0259 cavab olaraq partiya \u00fczv\u00fc olmad\u0131\u011f\u0131n\u0131 bildirib, 11 n\u0259f\u0259r bar\u0259d\u0259 m\u0259lumatlar t\u0259krarlan\u0131b&#8221;.<\/p>\n\n\n\n<p>Arif&nbsp; Hac\u0131l\u0131 b\u00fct\u00fcn bu probleml\u0259ri h\u0259ll etm\u0259k \u00fc\u00e7\u00fcn partiyaya 30 g\u00fcn vaxt verildiyini qeyd edib.<\/p>\n\n\n\n<p><em>&#8220;Partiya \u00fczvl\u0259ri haqq\u0131nda m\u0259lumatda hans\u0131 q\u00fcsurlar\u0131n olmas\u0131, telefon n\u00f6mr\u0259si olmayan v\u0259 ya \u015f\u0259xsi m\u0259lumat kimi \u015f\u0259xsi telefon n\u00f6mr\u0259sini verm\u0259m\u0259k h\u00fcququndan istifad\u0259 ed\u0259nl\u0259rl\u0259 ba\u011fl\u0131 m\u0259s\u0259l\u0259l\u0259ri h\u00fcquq m\u00fcst\u0259visind\u0259 m\u00fczakir\u0259 edib h\u0259ll ed\u0259c\u0259yik. Bu da yet\u0259rli olmasa, daha bir ne\u00e7\u0259 min M\u00fcsavat \u00fczv\u00fcn\u00fcn siyah\u0131s\u0131 \u018fdliyy\u0259 Nazirliyin\u0259 t\u0259qdim olunacaq&#8221;,-<\/em>dey\u0259 partiyan\u0131n ba\u015fqan\u0131 \u0259lav\u0259 edib.<\/p>\n\n\n<div class=\"wp-block-image\">\n<figure class=\"aligncenter size-large\"><img decoding=\"async\" width=\"1200\" height=\"800\" data-src=\"https:\/\/www.meydan.tv\/wp-content\/uploads\/arif_hacili-1200x800.jpg\" alt=\"Arif Hac\u0131l\u0131\" class=\"wp-image-210091 lazyload\" src=\"data:image\/svg+xml;base64,PHN2ZyB3aWR0aD0iMSIgaGVpZ2h0PSIxIiB4bWxucz0iaHR0cDovL3d3dy53My5vcmcvMjAwMC9zdmciPjwvc3ZnPg==\" style=\"--smush-placeholder-width: 1200px; --smush-placeholder-aspect-ratio: 1200\/800;\" \/><figcaption class=\"wp-element-caption\">Foto: Meydan TV<\/figcaption><\/figure>\n<\/div>\n\n\n<p>\u0130yulun 17-d\u0259 \u018fdliyy\u0259 Nazirliyi REAL Partiyas\u0131na da m\u0259nfi cavab vermi\u015fdi.<\/p>\n\n\n\n<p>Nazirliyin cavab\u0131nda partiyan\u0131n 463 n\u0259f\u0259rinin ke\u00e7\u0259rli oldu\u011fu qeyd <a href=\"https:\/\/storage.googleapis.com\/qurium\/www.meydan.tv\/az-article-edliyye-nazirliyi-real-partiyasini-reystere-daxil-etmedi.html\" target=\"_blank\" rel=\"noreferrer noopener\">olunmu\u015fdu.<\/a><\/p>\n\n\n\n<p>\u018fdliyy\u0259 Nazirliyi bir h\u0259ft\u0259d\u0259n \u00e7oxdur m\u00fcxalif partiya \u00fczvl\u0259ri il\u0259 \u0259laq\u0259 saxlay\u0131b onlara siyasi m\u0259nsubiyy\u0259ti il\u0259 ba\u011fl\u0131 suallar verir. Bu yana\u015fma sosial \u015f\u0259b\u0259k\u0259l\u0259rd\u0259 v\u0259 bir s\u0131ra ekspertl\u0259r t\u0259r\u0259find\u0259n suallar do\u011furur. Onlar yoxlama prosesinin qanunun t\u0259tbiqind\u0259 probleml\u0259rin olmas\u0131ndan ir\u0259li g\u0259ldiyini deyirl\u0259r.<\/p>\n\n\n\n<p>Son bir ne\u00e7\u0259 ayda Az\u0259rbaycanda 30-dan \u00e7ox partiya \u00f6z\u00fcn\u00fc burax\u0131b. Bu s\u0131raya M\u00fcst\u0259qil Xalq Partiyas\u0131 (MXP), Az\u0259rbaycan Milli Demokrat Partiyas\u0131 (AMDP), Yeni Yol Partiyas\u0131, Az\u0259rbaycan Respublika\u00e7\u0131lar Partiyas\u0131, M\u00fcst\u0259qil Az\u0259rbaycan Partiyas\u0131, Az\u0259rbaycan Vahid Kommunist Partiyas\u0131, Az\u0259rbaycan Sosial Demokrat Partiyas\u0131 (ASDP), Az\u0259rbaycan Liberal Demokrat Partiyas\u0131 (ALDP), Milli V\u0259hd\u0259t Partiyas\u0131 (MVP), Az\u0259rbaycan Sosial Rifah Partiyas\u0131 (ASRP), Az\u0259rbaycan Namin\u0259 Alyans Partiyas\u0131 (ANAP), Az\u0259rbaycan T\u0259kam\u00fcl Partiyas\u0131, Birlik Partiyas\u0131, Ayd\u0131nlar Partiyas\u0131, Kommunist Partiyas\u0131, Vahid Az\u0259rbaycan Milli Birlik v\u0259 Az\u0259rbaycan Azad Respublika\u00e7\u0131lar Partiyas\u0131 v\u0259 dig\u0259rl\u0259ri daxildir.<\/p>\n\n\n\n<p>Meydan TV-y\u0259 daxil olan m\u0259lumata g\u00f6r\u0259, partiyalar\u0131n \u00e7oxu \u00f6z\u00fcnd\u0259n x\u0259b\u0259rsiz, Prezident Administrasiyas\u0131 t\u0259r\u0259find\u0259n burax\u0131l\u0131r v\u0259 h\u0259min partiyalar\u0131n r\u0259hb\u0259rl\u0259ri bu haqda h\u00f6kum\u0259t\u0259 yax\u0131n media orqanlar\u0131nda \u00e7\u0131xan x\u0259b\u0259rl\u0259rd\u0259n \u00f6yr\u0259nirl\u0259r.<\/p>\n\n\n\n<p>2022-ci ilin dekabr\u0131nda Milli M\u0259clisin \u201cSiyasi partiyalar haqq\u0131nda\u201d Qanunu III oxunu\u015fda q\u0259bul edib.<\/p>\n\n\n\n<p>Daxili v\u0259 xarici etirazlara r\u0259\u011fm\u0259n, Prezident \u0130lham \u018fliyev 2023-c\u00fc ilin yanvar\u0131nda qanunu t\u0259sdiql\u0259yib.<\/p>\n\n\n\n<p>Yeni qanunun naraz\u0131l\u0131q do\u011furan madd\u0259l\u0259ri s\u0131ras\u0131nda partiyalar\u0131n 5 min \u00fczv toplamas\u0131 v\u0259 onlar\u0131n h\u0259r birinin reyestrd\u0259n ke\u00e7irilm\u0259si x\u00fcsusi yer tutur.<\/p>\n\n\n\n<p>2022-ci ild\u0259 Az\u0259rbaycanda 59 siyasi partiya qeydiyyatda olub.<\/p>\n\n\n\n<p>M\u00fcsavat Partiyas\u0131n\u0131n \u0259sas\u0131 1911-ci ild\u0259 M\u0259h\u0259mm\u0259d \u018fmin R\u0259sulzad\u0259 t\u0259r\u0259find\u0259n qoyulub. 1917-ci ild\u0259 Fevral inqilab\u0131na q\u0259d\u0259r M\u00fcsavat Partiyas\u0131 gizli f\u0259aliyy\u0259t g\u00f6st\u0259rib.<\/p>\n\n\n\n<p>1917-ci il iyunun 17-d\u0259 Difai Partiyas\u0131 G\u0259nc\u0259 Milli Komit\u0259sinin apar\u0131c\u0131 \u015f\u0259xsl\u0259ri N\u0259sib b\u0259y Yusifb\u0259ylinin, H\u0259s\u0259n b\u0259y A\u011fayevin, \u015e\u0259fi b\u0259y R\u00fcst\u0259mb\u0259ylinin, Xasm\u0259mm\u0259dli v\u0259 \u015eeyxzamanl\u0131 qarda\u015flar\u0131n\u0131n yaratd\u0131qlar\u0131 T\u00fcrk \u018fd\u0259mi-M\u0259rk\u0259ziyy\u0259t Firq\u0259si il\u0259 birl\u0259\u015f\u0259r\u0259k &#8220;T\u00fcrk \u018fd\u0259mi-M\u0259rk\u0259ziyy\u0259t Firq\u0259si M\u00fcsavat&#8221;\u0131n yarad\u0131blar.<\/p>\n\n\n\n<p>XI Q\u0131z\u0131l Ordu Az\u0259rbaycan\u0131 i\u015f\u011fal ed\u0259nd\u0259n sonra partiya gizli f\u0259aliyy\u0259t\u0259 ke\u00e7ib. 1922-1989-cu ill\u0259r partiyan\u0131n m\u00fchacir\u0259t d\u00f6vr\u00fc say\u0131l\u0131r.<\/p>\n\n\n\n<p>1992-ci ilin noyabr\u0131nda M\u00fcsavat Partiyas\u0131n\u0131n III B\u0259rpa Qurultay\u0131 ke\u00e7irilib v\u0259 \u0130sa Q\u0259mb\u0259r Partiyan\u0131n 5-ci ba\u015fqan\u0131 se\u00e7ilib.<\/p>\n\n\n\n<p>2014-c\u00fc ild\u0259n partiyan\u0131n ba\u015fqan\u0131 Arif Hac\u0131l\u0131d\u0131r.<\/p>\n","protected":false},"excerpt":{"rendered":"<p>Arif Hac\u0131l\u0131 t\u0259krar m\u00fcraci\u0259t ed\u0259c\u0259kl\u0259rini deyir \u018fdliyy\u0259 Nazirliyi iyulun 19-da &#8230; <\/p>\n<p class=\"read-more-container\"><a title=\"\u018fdliyy\u0259 Nazirliyi M\u00fcsavat Partiyas\u0131n\u0131 da reyestrd\u0259n ke\u00e7irm\u0259di\" class=\"read-more button\" href=\"https:\/\/www.meydan.tv\/az\/article\/edliyye-nazirliyi-musavat-partiyasini-da-reyestrden-kecirmedi\/#more-280142\" aria-label=\"Read more about \u018fdliyy\u0259 Nazirliyi M\u00fcsavat Partiyas\u0131n\u0131 da reyestrd\u0259n ke\u00e7irm\u0259di\">Davam\u0131<\/a><\/p>\n","protected":false},"author":8,"featured_media":131324,"comment_status":"closed","ping_status":"closed","sticky":false,"template":"","format":"standard","meta":{"_acf_changed":false,"_sitemap_exclude":false,"_sitemap_priority":"","_sitemap_frequency":"","footnotes":""},"categories":[59,79,56],"tags":[],"class_list":["post-280142","post","type-post","status-publish","format-standard","has-post-thumbnail","hentry","category-siyaset","category-featured","category-xeberler","infinite-scroll-item","generate-columns","tablet-grid-50","mobile-grid-100","grid-parent","grid-33","no-featured-image-padding"],"acf":[],"yoast_head":"<!-- This site is optimized with the Yoast SEO plugin v27.4 - https:\/\/yoast.com\/product\/yoast-seo-wordpress\/ -->\n<title>\u018fdliyy\u0259 Nazirliyi M\u00fcsavat Partiyas\u0131n\u0131 da reyestrd\u0259n ke\u00e7irm\u0259di - MEYDAN.TV<\/title>\n<meta name=\"robots\" content=\"index, follow, max-snippet:-1, max-image-preview:large, max-video-preview:-1\" \/>\n<link rel=\"canonical\" href=\"https:\/\/www.meydan.tv\/az\/article\/edliyye-nazirliyi-musavat-partiyasini-da-reyestrden-kecirmedi\/\" \/>\n<meta property=\"og:locale\" content=\"az_AZ\" \/>\n<meta property=\"og:type\" content=\"article\" \/>\n<meta property=\"og:title\" content=\"\u018fdliyy\u0259 Nazirliyi M\u00fcsavat Partiyas\u0131n\u0131 da reyestrd\u0259n ke\u00e7irm\u0259di - MEYDAN.TV\" \/>\n<meta property=\"og:description\" content=\"Arif Hac\u0131l\u0131 t\u0259krar m\u00fcraci\u0259t ed\u0259c\u0259kl\u0259rini deyir \u018fdliyy\u0259 Nazirliyi iyulun 19-da ... Davam\u0131\" \/>\n<meta property=\"og:url\" content=\"https:\/\/www.meydan.tv\/az\/article\/edliyye-nazirliyi-musavat-partiyasini-da-reyestrden-kecirmedi\/\" \/>\n<meta property=\"og:site_name\" content=\"MEYDAN.TV\" \/>\n<meta property=\"article:published_time\" content=\"2023-07-19T10:48:25+00:00\" \/>\n<meta property=\"article:modified_time\" content=\"2023-07-19T10:50:31+00:00\" \/>\n<meta property=\"og:image\" content=\"https:\/\/www.meydan.tv\/wp-content\/uploads\/72118762_3243534172387058_2045441474224455680_n-e1689763816128.jpg\" \/>\n\t<meta property=\"og:image:width\" content=\"960\" \/>\n\t<meta property=\"og:image:height\" content=\"470\" \/>\n\t<meta property=\"og:image:type\" content=\"image\/jpeg\" \/>\n<meta name=\"author\" content=\"elli\" \/>\n<meta name=\"twitter:card\" content=\"summary_large_image\" \/>\n<meta name=\"twitter:creator\" content=\"@elli\" \/>\n<script type=\"application\/ld+json\" class=\"yoast-schema-graph\">{\"@context\":\"https:\\\/\\\/schema.org\",\"@graph\":[{\"@type\":\"Article\",\"@id\":\"https:\\\/\\\/www.meydan.tv\\\/az\\\/article\\\/edliyye-nazirliyi-musavat-partiyasini-da-reyestrden-kecirmedi\\\/#article\",\"isPartOf\":{\"@id\":\"https:\\\/\\\/www.meydan.tv\\\/az\\\/article\\\/edliyye-nazirliyi-musavat-partiyasini-da-reyestrden-kecirmedi\\\/\"},\"author\":{\"name\":\"elli\",\"@id\":\"https:\\\/\\\/www.meydan.tv\\\/az\\\/#\\\/schema\\\/person\\\/9cdbecf90d17180ce1dfbd95b08dcf47\"},\"headline\":\"\u018fdliyy\u0259 Nazirliyi M\u00fcsavat Partiyas\u0131n\u0131 da reyestrd\u0259n ke\u00e7irm\u0259di\",\"datePublished\":\"2023-07-19T10:48:25+00:00\",\"dateModified\":\"2023-07-19T10:50:31+00:00\",\"mainEntityOfPage\":{\"@id\":\"https:\\\/\\\/www.meydan.tv\\\/az\\\/article\\\/edliyye-nazirliyi-musavat-partiyasini-da-reyestrden-kecirmedi\\\/\"},\"wordCount\":746,\"publisher\":{\"@id\":\"https:\\\/\\\/www.meydan.tv\\\/az\\\/#organization\"},\"image\":{\"@id\":\"https:\\\/\\\/www.meydan.tv\\\/az\\\/article\\\/edliyye-nazirliyi-musavat-partiyasini-da-reyestrden-kecirmedi\\\/#primaryimage\"},\"thumbnailUrl\":\"https:\\\/\\\/www.meydan.tv\\\/wp-content\\\/uploads\\\/72118762_3243534172387058_2045441474224455680_n-e1710237920490.jpg\",\"articleSection\":[\"Siyas\u0259t\",\"T\u00f6vsiy\u0259\",\"X\u0259b\u0259rl\u0259r\"],\"inLanguage\":\"az\"},{\"@type\":\"WebPage\",\"@id\":\"https:\\\/\\\/www.meydan.tv\\\/az\\\/article\\\/edliyye-nazirliyi-musavat-partiyasini-da-reyestrden-kecirmedi\\\/\",\"url\":\"https:\\\/\\\/www.meydan.tv\\\/az\\\/article\\\/edliyye-nazirliyi-musavat-partiyasini-da-reyestrden-kecirmedi\\\/\",\"name\":\"\u018fdliyy\u0259 Nazirliyi M\u00fcsavat Partiyas\u0131n\u0131 da reyestrd\u0259n ke\u00e7irm\u0259di - MEYDAN.TV\",\"isPartOf\":{\"@id\":\"https:\\\/\\\/www.meydan.tv\\\/az\\\/#website\"},\"primaryImageOfPage\":{\"@id\":\"https:\\\/\\\/www.meydan.tv\\\/az\\\/article\\\/edliyye-nazirliyi-musavat-partiyasini-da-reyestrden-kecirmedi\\\/#primaryimage\"},\"image\":{\"@id\":\"https:\\\/\\\/www.meydan.tv\\\/az\\\/article\\\/edliyye-nazirliyi-musavat-partiyasini-da-reyestrden-kecirmedi\\\/#primaryimage\"},\"thumbnailUrl\":\"https:\\\/\\\/www.meydan.tv\\\/wp-content\\\/uploads\\\/72118762_3243534172387058_2045441474224455680_n-e1710237920490.jpg\",\"datePublished\":\"2023-07-19T10:48:25+00:00\",\"dateModified\":\"2023-07-19T10:50:31+00:00\",\"breadcrumb\":{\"@id\":\"https:\\\/\\\/www.meydan.tv\\\/az\\\/article\\\/edliyye-nazirliyi-musavat-partiyasini-da-reyestrden-kecirmedi\\\/#breadcrumb\"},\"inLanguage\":\"az\",\"potentialAction\":[{\"@type\":\"ReadAction\",\"target\":[\"https:\\\/\\\/www.meydan.tv\\\/az\\\/article\\\/edliyye-nazirliyi-musavat-partiyasini-da-reyestrden-kecirmedi\\\/\"]}]},{\"@type\":\"ImageObject\",\"inLanguage\":\"az\",\"@id\":\"https:\\\/\\\/www.meydan.tv\\\/az\\\/article\\\/edliyye-nazirliyi-musavat-partiyasini-da-reyestrden-kecirmedi\\\/#primaryimage\",\"url\":\"https:\\\/\\\/www.meydan.tv\\\/wp-content\\\/uploads\\\/72118762_3243534172387058_2045441474224455680_n-e1710237920490.jpg\",\"contentUrl\":\"https:\\\/\\\/www.meydan.tv\\\/wp-content\\\/uploads\\\/72118762_3243534172387058_2045441474224455680_n-e1710237920490.jpg\",\"width\":960,\"height\":356,\"caption\":\"Foto: M\u00fcsavat Partiyas\u0131\"},{\"@type\":\"BreadcrumbList\",\"@id\":\"https:\\\/\\\/www.meydan.tv\\\/az\\\/article\\\/edliyye-nazirliyi-musavat-partiyasini-da-reyestrden-kecirmedi\\\/#breadcrumb\",\"itemListElement\":[{\"@type\":\"ListItem\",\"position\":1,\"name\":\"Ana s\u0259hif\u0259\",\"item\":\"https:\\\/\\\/www.meydan.tv\\\/az\\\/\"},{\"@type\":\"ListItem\",\"position\":2,\"name\":\"Siyas\u0259t\",\"item\":\"https:\\\/\\\/www.meydan.tv\\\/az\\\/section\\\/siyaset\\\/\"},{\"@type\":\"ListItem\",\"position\":3,\"name\":\"\u018fdliyy\u0259 Nazirliyi M\u00fcsavat Partiyas\u0131n\u0131 da reyestrd\u0259n ke\u00e7irm\u0259di\"}]},{\"@type\":\"WebSite\",\"@id\":\"https:\\\/\\\/www.meydan.tv\\\/az\\\/#website\",\"url\":\"https:\\\/\\\/www.meydan.tv\\\/az\\\/\",\"name\":\"MEYDAN.TV\",\"description\":\"Meydan TV Az\u0259rbaycan\u0131n media m\u0259kan\u0131ndak\u0131 alternativ s\u0259sidir\",\"publisher\":{\"@id\":\"https:\\\/\\\/www.meydan.tv\\\/az\\\/#organization\"},\"potentialAction\":[{\"@type\":\"SearchAction\",\"target\":{\"@type\":\"EntryPoint\",\"urlTemplate\":\"https:\\\/\\\/www.meydan.tv\\\/az\\\/?s={search_term_string}\"},\"query-input\":{\"@type\":\"PropertyValueSpecification\",\"valueRequired\":true,\"valueName\":\"search_term_string\"}}],\"inLanguage\":\"az\"},{\"@type\":\"Organization\",\"@id\":\"https:\\\/\\\/www.meydan.tv\\\/az\\\/#organization\",\"name\":\"Meydan TV\",\"url\":\"https:\\\/\\\/www.meydan.tv\\\/az\\\/\",\"logo\":{\"@type\":\"ImageObject\",\"inLanguage\":\"az\",\"@id\":\"https:\\\/\\\/www.meydan.tv\\\/az\\\/#\\\/schema\\\/logo\\\/image\\\/\",\"url\":\"https:\\\/\\\/www.meydan.tv\\\/wp-content\\\/uploads\\\/2021\\\/07\\\/meydan-logo.svg\",\"contentUrl\":\"https:\\\/\\\/www.meydan.tv\\\/wp-content\\\/uploads\\\/2021\\\/07\\\/meydan-logo.svg\",\"width\":195,\"height\":46,\"caption\":\"Meydan TV\"},\"image\":{\"@id\":\"https:\\\/\\\/www.meydan.tv\\\/az\\\/#\\\/schema\\\/logo\\\/image\\\/\"}},{\"@type\":\"Person\",\"@id\":\"https:\\\/\\\/www.meydan.tv\\\/az\\\/#\\\/schema\\\/person\\\/9cdbecf90d17180ce1dfbd95b08dcf47\",\"name\":\"elli\",\"sameAs\":[\"https:\\\/\\\/x.com\\\/elli\"]}]}<\/script>\n<!-- \/ Yoast SEO plugin. -->","yoast_head_json":{"title":"\u018fdliyy\u0259 Nazirliyi M\u00fcsavat Partiyas\u0131n\u0131 da reyestrd\u0259n ke\u00e7irm\u0259di - MEYDAN.TV","robots":{"index":"index","follow":"follow","max-snippet":"max-snippet:-1","max-image-preview":"max-image-preview:large","max-video-preview":"max-video-preview:-1"},"canonical":"https:\/\/www.meydan.tv\/az\/article\/edliyye-nazirliyi-musavat-partiyasini-da-reyestrden-kecirmedi\/","og_locale":"az_AZ","og_type":"article","og_title":"\u018fdliyy\u0259 Nazirliyi M\u00fcsavat Partiyas\u0131n\u0131 da reyestrd\u0259n ke\u00e7irm\u0259di - MEYDAN.TV","og_description":"Arif Hac\u0131l\u0131 t\u0259krar m\u00fcraci\u0259t ed\u0259c\u0259kl\u0259rini deyir \u018fdliyy\u0259 Nazirliyi iyulun 19-da ... Davam\u0131","og_url":"https:\/\/www.meydan.tv\/az\/article\/edliyye-nazirliyi-musavat-partiyasini-da-reyestrden-kecirmedi\/","og_site_name":"MEYDAN.TV","article_published_time":"2023-07-19T10:48:25+00:00","article_modified_time":"2023-07-19T10:50:31+00:00","og_image":[{"width":960,"height":470,"url":"https:\/\/www.meydan.tv\/wp-content\/uploads\/72118762_3243534172387058_2045441474224455680_n-e1689763816128.jpg","type":"image\/jpeg"}],"author":"elli","twitter_card":"summary_large_image","twitter_creator":"@elli","schema":{"@context":"https:\/\/schema.org","@graph":[{"@type":"Article","@id":"https:\/\/www.meydan.tv\/az\/article\/edliyye-nazirliyi-musavat-partiyasini-da-reyestrden-kecirmedi\/#article","isPartOf":{"@id":"https:\/\/www.meydan.tv\/az\/article\/edliyye-nazirliyi-musavat-partiyasini-da-reyestrden-kecirmedi\/"},"author":{"name":"elli","@id":"https:\/\/www.meydan.tv\/az\/#\/schema\/person\/9cdbecf90d17180ce1dfbd95b08dcf47"},"headline":"\u018fdliyy\u0259 Nazirliyi M\u00fcsavat Partiyas\u0131n\u0131 da reyestrd\u0259n ke\u00e7irm\u0259di","datePublished":"2023-07-19T10:48:25+00:00","dateModified":"2023-07-19T10:50:31+00:00","mainEntityOfPage":{"@id":"https:\/\/www.meydan.tv\/az\/article\/edliyye-nazirliyi-musavat-partiyasini-da-reyestrden-kecirmedi\/"},"wordCount":746,"publisher":{"@id":"https:\/\/www.meydan.tv\/az\/#organization"},"image":{"@id":"https:\/\/www.meydan.tv\/az\/article\/edliyye-nazirliyi-musavat-partiyasini-da-reyestrden-kecirmedi\/#primaryimage"},"thumbnailUrl":"https:\/\/www.meydan.tv\/wp-content\/uploads\/72118762_3243534172387058_2045441474224455680_n-e1710237920490.jpg","articleSection":["Siyas\u0259t","T\u00f6vsiy\u0259","X\u0259b\u0259rl\u0259r"],"inLanguage":"az"},{"@type":"WebPage","@id":"https:\/\/www.meydan.tv\/az\/article\/edliyye-nazirliyi-musavat-partiyasini-da-reyestrden-kecirmedi\/","url":"https:\/\/www.meydan.tv\/az\/article\/edliyye-nazirliyi-musavat-partiyasini-da-reyestrden-kecirmedi\/","name":"\u018fdliyy\u0259 Nazirliyi M\u00fcsavat Partiyas\u0131n\u0131 da reyestrd\u0259n ke\u00e7irm\u0259di - MEYDAN.TV","isPartOf":{"@id":"https:\/\/www.meydan.tv\/az\/#website"},"primaryImageOfPage":{"@id":"https:\/\/www.meydan.tv\/az\/article\/edliyye-nazirliyi-musavat-partiyasini-da-reyestrden-kecirmedi\/#primaryimage"},"image":{"@id":"https:\/\/www.meydan.tv\/az\/article\/edliyye-nazirliyi-musavat-partiyasini-da-reyestrden-kecirmedi\/#primaryimage"},"thumbnailUrl":"https:\/\/www.meydan.tv\/wp-content\/uploads\/72118762_3243534172387058_2045441474224455680_n-e1710237920490.jpg","datePublished":"2023-07-19T10:48:25+00:00","dateModified":"2023-07-19T10:50:31+00:00","breadcrumb":{"@id":"https:\/\/www.meydan.tv\/az\/article\/edliyye-nazirliyi-musavat-partiyasini-da-reyestrden-kecirmedi\/#breadcrumb"},"inLanguage":"az","potentialAction":[{"@type":"ReadAction","target":["https:\/\/www.meydan.tv\/az\/article\/edliyye-nazirliyi-musavat-partiyasini-da-reyestrden-kecirmedi\/"]}]},{"@type":"ImageObject","inLanguage":"az","@id":"https:\/\/www.meydan.tv\/az\/article\/edliyye-nazirliyi-musavat-partiyasini-da-reyestrden-kecirmedi\/#primaryimage","url":"https:\/\/www.meydan.tv\/wp-content\/uploads\/72118762_3243534172387058_2045441474224455680_n-e1710237920490.jpg","contentUrl":"https:\/\/www.meydan.tv\/wp-content\/uploads\/72118762_3243534172387058_2045441474224455680_n-e1710237920490.jpg","width":960,"height":356,"caption":"Foto: M\u00fcsavat Partiyas\u0131"},{"@type":"BreadcrumbList","@id":"https:\/\/www.meydan.tv\/az\/article\/edliyye-nazirliyi-musavat-partiyasini-da-reyestrden-kecirmedi\/#breadcrumb","itemListElement":[{"@type":"ListItem","position":1,"name":"Ana s\u0259hif\u0259","item":"https:\/\/www.meydan.tv\/az\/"},{"@type":"ListItem","position":2,"name":"Siyas\u0259t","item":"https:\/\/www.meydan.tv\/az\/section\/siyaset\/"},{"@type":"ListItem","position":3,"name":"\u018fdliyy\u0259 Nazirliyi M\u00fcsavat Partiyas\u0131n\u0131 da reyestrd\u0259n ke\u00e7irm\u0259di"}]},{"@type":"WebSite","@id":"https:\/\/www.meydan.tv\/az\/#website","url":"https:\/\/www.meydan.tv\/az\/","name":"MEYDAN.TV","description":"Meydan TV Az\u0259rbaycan\u0131n media m\u0259kan\u0131ndak\u0131 alternativ s\u0259sidir","publisher":{"@id":"https:\/\/www.meydan.tv\/az\/#organization"},"potentialAction":[{"@type":"SearchAction","target":{"@type":"EntryPoint","urlTemplate":"https:\/\/www.meydan.tv\/az\/?s={search_term_string}"},"query-input":{"@type":"PropertyValueSpecification","valueRequired":true,"valueName":"search_term_string"}}],"inLanguage":"az"},{"@type":"Organization","@id":"https:\/\/www.meydan.tv\/az\/#organization","name":"Meydan TV","url":"https:\/\/www.meydan.tv\/az\/","logo":{"@type":"ImageObject","inLanguage":"az","@id":"https:\/\/www.meydan.tv\/az\/#\/schema\/logo\/image\/","url":"https:\/\/www.meydan.tv\/wp-content\/uploads\/2021\/07\/meydan-logo.svg","contentUrl":"https:\/\/www.meydan.tv\/wp-content\/uploads\/2021\/07\/meydan-logo.svg","width":195,"height":46,"caption":"Meydan TV"},"image":{"@id":"https:\/\/www.meydan.tv\/az\/#\/schema\/logo\/image\/"}},{"@type":"Person","@id":"https:\/\/www.meydan.tv\/az\/#\/schema\/person\/9cdbecf90d17180ce1dfbd95b08dcf47","name":"elli","sameAs":["https:\/\/x.com\/elli"]}]}},"_links":{"self":[{"href":"https:\/\/www.meydan.tv\/az\/wp-json\/wp\/v2\/posts\/280142","targetHints":{"allow":["GET"]}}],"collection":[{"href":"https:\/\/www.meydan.tv\/az\/wp-json\/wp\/v2\/posts"}],"about":[{"href":"https:\/\/www.meydan.tv\/az\/wp-json\/wp\/v2\/types\/post"}],"author":[{"embeddable":true,"href":"https:\/\/www.meydan.tv\/az\/wp-json\/wp\/v2\/users\/8"}],"replies":[{"embeddable":true,"href":"https:\/\/www.meydan.tv\/az\/wp-json\/wp\/v2\/comments?post=280142"}],"version-history":[{"count":1,"href":"https:\/\/www.meydan.tv\/az\/wp-json\/wp\/v2\/posts\/280142\/revisions"}],"predecessor-version":[{"id":280143,"href":"https:\/\/www.meydan.tv\/az\/wp-json\/wp\/v2\/posts\/280142\/revisions\/280143"}],"wp:featuredmedia":[{"embeddable":true,"href":"https:\/\/www.meydan.tv\/az\/wp-json\/wp\/v2\/media\/131324"}],"wp:attachment":[{"href":"https:\/\/www.meydan.tv\/az\/wp-json\/wp\/v2\/media?parent=280142"}],"wp:term":[{"taxonomy":"category","embeddable":true,"href":"https:\/\/www.meydan.tv\/az\/wp-json\/wp\/v2\/categories?post=280142"},{"taxonomy":"post_tag","embeddable":true,"href":"https:\/\/www.meydan.tv\/az\/wp-json\/wp\/v2\/tags?post=280142"}],"curies":[{"name":"wp","href":"https:\/\/api.w.org\/{rel}","templated":true}]}}