{"id":280132,"date":"2023-07-19T12:31:11","date_gmt":"2023-07-19T08:31:11","guid":{"rendered":"https:\/\/www.meydan.tv\/?p=280132"},"modified":"2023-07-19T15:16:20","modified_gmt":"2023-07-19T11:16:20","slug":"azerbaycan-cirkli-havaya-gore-10-olkeden-biridir","status":"publish","type":"post","link":"https:\/\/www.meydan.tv\/az\/article\/azerbaycan-cirkli-havaya-gore-10-olkeden-biridir\/","title":{"rendered":"Az\u0259rbaycan \u00e7irkli havaya g\u00f6r\u0259 post-sovet \u00f6lk\u0259l\u0259ri aras\u0131nda \u0259n sondad\u0131r"},"content":{"rendered":"\n<p><\/p>\n\n\n\n<p><strong><em>Bu c\u00fcr hava m\u00fcxt\u0259lif t\u0259n\u0259ff\u00fcs probleml\u0259rin\u0259 s\u0259b\u0259b olur<\/em><\/strong><\/p>\n\n\n\n<p>Az\u0259rbaycan havan\u0131n ki\u00e7ik toz z\u0259rr\u0259cikl\u0259ri il\u0259 \u00e7irkl\u0259nm\u0259sin\u0259 g\u00f6r\u0259 d\u00fcnyada \u0259n pis g\u00f6st\u0259ricinin qeyd\u0259 al\u0131nd\u0131\u011f\u0131 \u00f6lk\u0259l\u0259rd\u0259n biridir.&nbsp; Yale Universitetinin \u018ftraf M\u00fchit Siyas\u0259ti v\u0259 H\u00fcquq M\u0259rk\u0259zinin haz\u0131rlad\u0131\u011f\u0131 hesabatda bel\u0259 <a href=\"https:\/\/epi.yale.edu\/downloads\/epi2022report06062022.pdf.\" target=\"_blank\" rel=\"noreferrer noopener\">deyilir.<\/a><\/p>\n\n\n\n<p>Hesabatda deyilir ki, pis hava keyfiyy\u0259ti b\u00fct\u00fcn d\u00fcnyada \u0259n kritik ictimai sa\u011flaml\u0131q probleml\u0259rind\u0259n biridir. Hava \u00e7irkl\u0259ndiricil\u0259rin\u0259 m\u0259ruz qalma h\u0259r il 6 milyondan \u00e7ox erk\u0259n \u00f6l\u00fcm\u0259 s\u0259b\u0259b olur. D\u00fcnya \u0259halisinin t\u0259xmin\u0259n 99%-i \u0259traf m\u00fchitin \u00e7irkl\u0259ndiricil\u0259rinin t\u0259hl\u00fck\u0259li konsentrasiyas\u0131 olan \u0259razil\u0259rd\u0259 ya\u015fay\u0131r. Havan\u0131n \u00e7irkl\u0259nm\u0259sinin sa\u011flaml\u0131\u011fa t\u0259sirl\u0259ri t\u0259n\u0259ff\u00fcs x\u0259st\u0259likl\u0259rind\u0259n k\u0259nara \u00e7\u0131x\u0131r. Bel\u0259 ki, \u00e7irkl\u0259nmi\u015f hava il\u0259 n\u0259f\u0259s alan sakinl\u0259rd\u0259 \u00fcr\u0259k x\u0259st\u0259likl\u0259ri, x\u0259r\u00e7\u0259ng v\u0259 diabet riski daha y\u00fcks\u0259kdir.<\/p>\n\n\n\n<p>\u00dcmumd\u00fcnya S\u0259hiyy\u0259 T\u0259\u015fkilat\u0131n\u0131n 2022-ci il hesabat\u0131nda bildirilir ki, t\u0259hl\u00fck\u0259li m\u0259i\u015f\u0259t yem\u0259kl\u0259rinin bi\u015firilm\u0259si v\u0259 q\u0131zd\u0131r\u0131lan yanacaqlar\u0131n s\u0259b\u0259b oldu\u011fu qapal\u0131 havan\u0131n \u00e7irkl\u0259nm\u0259si il\u0259 \u0259laq\u0259li 3,8 milyon \u00f6l\u00fcm\u0259 \u0259lav\u0259 olaraq, h\u0259r il 4,2 milyondan \u00e7ox insan a\u00e7\u0131q hava \u00e7irkliliyinin t\u0259hl\u00fck\u0259li s\u0259viyy\u0259l\u0259rini n\u0259f\u0259s almaqdan \u00f6l\u00fcr.<\/p>\n\n\n\n<p>\u018fn son m\u0259lumatlar indi hava \u00e7irkliliyinin daha a\u015fa\u011f\u0131 konsentrasiyalar\u0131n\u0131n insan sa\u011flaml\u0131\u011f\u0131na \u0259vv\u0259ll\u0259r bildiril\u0259nd\u0259n daha m\u0259nfi t\u0259sir etdiyini g\u00f6st\u0259rir. Bu g\u00fcn ya\u015fayan dem\u0259k olar ki, h\u0259r bir insan \u00e7irkli hava il\u0259 t\u0259n\u0259ff\u00fcs etdiyi \u00fc\u00e7\u00fcn \u00fcr\u0259k x\u0259st\u0259liyi, insult v\u0259 x\u0259r\u00e7\u0259ng riskinin artmas\u0131 il\u0259 \u00fczl\u0259\u015fir.<\/p>\n\n\n\n<p>Yale Universitetinin \u018ftraf M\u00fchit Siyas\u0259ti v\u0259 H\u00fcquq M\u0259rk\u0259zinin haz\u0131rlad\u0131\u011f\u0131 hesabatda deyilir ki, qlobal miqyasda, son 30 ild\u0259 havan\u0131n \u00e7irkl\u0259nm\u0259sind\u0259n vaxt\u0131ndan \u0259vv\u0259l \u00f6l\u00fcm hallar\u0131 sabit qal\u0131b. Yer s\u0259viyy\u0259sind\u0259 ozona m\u0259ruz qalma il\u0259 ba\u011fl\u0131 d\u00fcnya miqyas\u0131nda \u00f6l\u00fcm hallar\u0131 bir q\u0259d\u0259r art\u0131b. Pis hava keyfiyy\u0259tind\u0259n \u00fcmumi \u00f6l\u00fcm hallar\u0131 nisb\u0259t\u0259n sabit qalsa da, DALY d\u0259r\u0259c\u0259l\u0259ri (100.000 n\u0259f\u0259r\u0259 d\u00fc\u015f\u0259n \u00f6l\u00fcm) 1990-c\u0131 ild\u0259n b\u0259ri b\u0259rab\u0259r \u015f\u0259kild\u0259 azal\u0131b v\u0259 bu, bir \u00e7ox \u00f6lk\u0259l\u0259rd\u0259 siyas\u0259t\u00e7il\u0259rin h\u0259tta \u0259hali art\u0131m\u0131 il\u0259 birlikd\u0259 hava keyfiyy\u0259tini u\u011furla yax\u015f\u0131la\u015fd\u0131rd\u0131\u011f\u0131n\u0131 g\u00f6st\u0259rir.<\/p>\n\n\n<div class=\"wp-block-image\">\n<figure class=\"aligncenter size-full is-resized\"><img decoding=\"async\" data-src=\"https:\/\/www.meydan.tv\/wp-content\/uploads\/image_720-4.png\" alt=\"\" class=\"wp-image-280144 lazyload\" width=\"800\" height=\"858\" src=\"data:image\/svg+xml;base64,PHN2ZyB3aWR0aD0iMSIgaGVpZ2h0PSIxIiB4bWxucz0iaHR0cDovL3d3dy53My5vcmcvMjAwMC9zdmciPjwvc3ZnPg==\" style=\"--smush-placeholder-width: 800px; --smush-placeholder-aspect-ratio: 800\/858;\" \/><figcaption class=\"wp-element-caption\">C\u0259dv\u0259l.<\/figcaption><\/figure>\n<\/div>\n\n\n<p>Narahatedici qlobal tendensiyalara baxmayaraq \u0130slandiya, \u0130sve\u00e7, Finlandiya, Yeni Zelandiya v\u0259 Norve\u00e7 2022-ci il \u00fczr\u0259 ekoloji performans indeksi reytinqin\u0259 ba\u015f\u00e7\u0131l\u0131q edir v\u0259 bu, \u0259sas\u0259n z\u0259r\u0259rli havadak\u0131 hiss\u0259cikl\u0259rin az m\u0259ruz qalmas\u0131 il\u0259 \u015f\u0259rtl\u0259nir. Skandinaviya \u00f6lk\u0259l\u0259ri hava keyfiyy\u0259tin\u0259 g\u00f6r\u0259 d\u00fcnyada liderdir, lakin h\u0259tta bu \u00f6lk\u0259l\u0259r d\u0259 hava keyfiyy\u0259tinin sa\u011flaml\u0131\u011fa t\u0259sirind\u0259n azad deyill\u0259r. Danimarka, Finlandiya, Norve\u00e7 v\u0259 \u0130sve\u00e7d\u0259 havan\u0131n keyfiyy\u0259tind\u0259n vaxt\u0131ndan \u0259vv\u0259l \u00f6l\u00fcm h\u0259r il 7 milyard avro itiril\u0259n iqtisadi potensiala s\u0259b\u0259b olur. S\u0259naye \u00e7irkl\u0259nm\u0259sini u\u011furla azaldan \u00f6lk\u0259l\u0259r h\u0259l\u0259 d\u0259 n\u0259qliyyat v\u0259 istilik sektorlar\u0131ndan emissiyalar\u0131 h\u0259d\u0259f alaraq havan\u0131n keyfiyy\u0259tinin yax\u015f\u0131la\u015fd\u0131r\u0131lmas\u0131 istiqam\u0259tind\u0259 add\u0131mlar ata bil\u0259rl\u0259r.<\/p>\n\n\n\n<p>Qlobal Q\u0259rbd\u0259n k\u0259narda Estoniya, Sinqapur v\u0259 \u0130srail y\u00fcks\u0259k bal toplay\u0131r. Yaponiya son vaxtlar \u015f\u0259h\u0259r havas\u0131n\u0131n keyfiyy\u0259tinin yax\u015f\u0131la\u015fd\u0131r\u0131lmas\u0131nda \u0259h\u0259miyy\u0259tli add\u0131mlar at\u0131b, Tokio kimi \u015f\u0259h\u0259rl\u0259rd\u0259 n\u0259qliyyat\u0131n 70%-d\u0259n \u00e7oxu elektrikl\u0259\u015fdirilmi\u015f qatarlar vasit\u0259sil\u0259 h\u0259yata ke\u00e7irilir (Logan et al., 2021). Uruqvay qism\u0259n \u00c7ilinin u\u011furlu qaydalar\u0131ndan g\u00f6t\u00fcr\u00fclm\u00fc\u015f odun t\u00fcst\u00fcs\u00fcn\u00fcn \u00e7irkl\u0259nm\u0259sinin azald\u0131lmas\u0131 siyas\u0259tl\u0259rin\u0259 g\u00f6r\u0259 Lat\u0131n Amerikal\u0131 h\u0259mya\u015f\u0131dlar\u0131na liderlik edir.<\/p>\n\n\n\n<p>C\u0259nub v\u0259 C\u0259nub-\u015e\u0259rqi Asiyada yerl\u0259\u015f\u0259n \u00f6lk\u0259l\u0259r d\u00fcnyan\u0131n \u0259n pis hava keyfiyy\u0259tin\u0259 malikdirl\u0259r. \u018fn pis ballar\u0131 Pakistan, Hindistan v\u0259 Nepal al\u0131b. Bu \u00f6lk\u0259l\u0259rd\u0259 hava \u00e7irkl\u0259ndiricil\u0259rinin \u00e7oxsayl\u0131 m\u0259nb\u0259l\u0259ri var. Bu, o dem\u0259kdir ki, siyas\u0259t\u00e7il\u0259r havan\u0131n keyfiyy\u0259tini yax\u015f\u0131la\u015fd\u0131rmaq \u00fc\u00e7\u00fcn bir \u00e7ox sektorlar \u00fczr\u0259 qaydalarda islahat aparmal\u0131d\u0131rlar. M\u0259i\u015f\u0259t yanaca\u011f\u0131n\u0131n yanmas\u0131 Hindistan\u0131n hiss\u0259cikl\u0259r emissiyas\u0131na \u0259n b\u00f6y\u00fck t\u00f6hf\u0259 verir, ondan sonra s\u0259naye v\u0259 elektrik istehsal\u0131ndan t\u0259xmin\u0259n b\u0259rab\u0259r t\u00f6hf\u0259l\u0259r g\u0259lir.<\/p>\n\n\n\n<p>Hindistanda h\u0259r il 1,6 milyondan \u00e7ox \u00f6l\u00fcm havan\u0131n \u00e7irkl\u0259nm\u0259si n\u0259tic\u0259sind\u0259 ba\u015f verir ki, bu da \u00fcmumi \u00f6l\u00fcml\u0259rin t\u0259xmin\u0259n 18%-ni t\u0259\u015fkil edir v\u0259 30 milyard dollar iqtisadi itkiy\u0259 s\u0259b\u0259b olur. Hindistan siyas\u0259t\u00e7il\u0259ri mussondan sonrak\u0131 k\u0259nd t\u0259s\u0259rr\u00fcfat\u0131 yanmas\u0131n\u0131 azaltmaqla, biok\u00fctl\u0259ni yand\u0131rmaq \u0259v\u0259zin\u0259 t\u0259krar emal ed\u0259n Misird\u0259 bu yax\u0131nlarda h\u0259yata ke\u00e7iril\u0259n u\u011furlu siyas\u0259tl\u0259ri q\u0259bul etm\u0259kl\u0259 havan\u0131n keyfiyy\u0259tini yax\u015f\u0131la\u015fd\u0131ra bil\u0259r.<\/p>\n\n\n\n<p>Post-sovet \u00f6lk\u0259l\u0259rind\u0259 is\u0259 havan\u0131n t\u0259mizliyin\u0259 g\u00f6r\u0259 Rusiya, Belarus, Moldova ilk \u00fc\u00e7 s\u0131radad\u0131r. Az\u0259rbaycan, \u00d6zb\u0259kistan v\u0259 Tacikistan 12 post-sovet \u00f6lk\u0259 aras\u0131nda \u0259n sondad\u0131r. D\u00fcnya siyah\u0131s\u0131nda is\u0259 Az\u0259rbaycan 180 \u00f6lk\u0259 aras\u0131nda 149-cudur.<\/p>\n","protected":false},"excerpt":{"rendered":"<p>Bu c\u00fcr hava m\u00fcxt\u0259lif t\u0259n\u0259ff\u00fcs probleml\u0259rin\u0259 s\u0259b\u0259b olur Az\u0259rbaycan havan\u0131n &#8230; <\/p>\n<p class=\"read-more-container\"><a title=\"Az\u0259rbaycan \u00e7irkli havaya g\u00f6r\u0259 post-sovet \u00f6lk\u0259l\u0259ri aras\u0131nda \u0259n sondad\u0131r\" class=\"read-more button\" href=\"https:\/\/www.meydan.tv\/az\/article\/azerbaycan-cirkli-havaya-gore-10-olkeden-biridir\/#more-280132\" aria-label=\"Read more about Az\u0259rbaycan \u00e7irkli havaya g\u00f6r\u0259 post-sovet \u00f6lk\u0259l\u0259ri aras\u0131nda \u0259n sondad\u0131r\">Davam\u0131<\/a><\/p>\n","protected":false},"author":8,"featured_media":226580,"comment_status":"closed","ping_status":"closed","sticky":false,"template":"","format":"standard","meta":{"_acf_changed":false,"_sitemap_exclude":false,"_sitemap_priority":"","_sitemap_frequency":"","footnotes":""},"categories":[62,79,56],"tags":[],"class_list":["post-280132","post","type-post","status-publish","format-standard","has-post-thumbnail","hentry","category-sosial","category-featured","category-xeberler","infinite-scroll-item","generate-columns","tablet-grid-50","mobile-grid-100","grid-parent","grid-33","no-featured-image-padding"],"acf":[],"yoast_head":"<!-- This site is optimized with the Yoast SEO plugin v27.4 - https:\/\/yoast.com\/product\/yoast-seo-wordpress\/ -->\n<title>Az\u0259rbaycan \u00e7irkli havaya g\u00f6r\u0259 post-sovet \u00f6lk\u0259l\u0259ri aras\u0131nda \u0259n sondad\u0131r - MEYDAN.TV<\/title>\n<meta name=\"robots\" content=\"index, follow, max-snippet:-1, max-image-preview:large, max-video-preview:-1\" \/>\n<link rel=\"canonical\" href=\"https:\/\/www.meydan.tv\/az\/article\/azerbaycan-cirkli-havaya-gore-10-olkeden-biridir\/\" \/>\n<meta property=\"og:locale\" content=\"az_AZ\" \/>\n<meta property=\"og:type\" content=\"article\" \/>\n<meta property=\"og:title\" content=\"Az\u0259rbaycan \u00e7irkli havaya g\u00f6r\u0259 post-sovet \u00f6lk\u0259l\u0259ri aras\u0131nda \u0259n sondad\u0131r - MEYDAN.TV\" \/>\n<meta property=\"og:description\" content=\"Bu c\u00fcr hava m\u00fcxt\u0259lif t\u0259n\u0259ff\u00fcs probleml\u0259rin\u0259 s\u0259b\u0259b olur Az\u0259rbaycan havan\u0131n ... Davam\u0131\" \/>\n<meta property=\"og:url\" content=\"https:\/\/www.meydan.tv\/az\/article\/azerbaycan-cirkli-havaya-gore-10-olkeden-biridir\/\" \/>\n<meta property=\"og:site_name\" content=\"MEYDAN.TV\" \/>\n<meta property=\"article:published_time\" content=\"2023-07-19T08:31:11+00:00\" \/>\n<meta property=\"article:modified_time\" content=\"2023-07-19T11:16:20+00:00\" \/>\n<meta property=\"og:image\" content=\"https:\/\/www.meydan.tv\/wp-content\/uploads\/by-daria-romanovska.jpg\" \/>\n\t<meta property=\"og:image:width\" content=\"1200\" \/>\n\t<meta property=\"og:image:height\" content=\"800\" \/>\n\t<meta property=\"og:image:type\" content=\"image\/jpeg\" \/>\n<meta name=\"author\" content=\"elli\" \/>\n<meta name=\"twitter:card\" content=\"summary_large_image\" \/>\n<meta name=\"twitter:creator\" content=\"@elli\" \/>\n<script type=\"application\/ld+json\" class=\"yoast-schema-graph\">{\"@context\":\"https:\\\/\\\/schema.org\",\"@graph\":[{\"@type\":\"Article\",\"@id\":\"https:\\\/\\\/www.meydan.tv\\\/az\\\/article\\\/azerbaycan-cirkli-havaya-gore-10-olkeden-biridir\\\/#article\",\"isPartOf\":{\"@id\":\"https:\\\/\\\/www.meydan.tv\\\/az\\\/article\\\/azerbaycan-cirkli-havaya-gore-10-olkeden-biridir\\\/\"},\"author\":{\"name\":\"elli\",\"@id\":\"https:\\\/\\\/www.meydan.tv\\\/az\\\/#\\\/schema\\\/person\\\/9cdbecf90d17180ce1dfbd95b08dcf47\"},\"headline\":\"Az\u0259rbaycan \u00e7irkli havaya g\u00f6r\u0259 post-sovet \u00f6lk\u0259l\u0259ri aras\u0131nda \u0259n sondad\u0131r\",\"datePublished\":\"2023-07-19T08:31:11+00:00\",\"dateModified\":\"2023-07-19T11:16:20+00:00\",\"mainEntityOfPage\":{\"@id\":\"https:\\\/\\\/www.meydan.tv\\\/az\\\/article\\\/azerbaycan-cirkli-havaya-gore-10-olkeden-biridir\\\/\"},\"wordCount\":978,\"publisher\":{\"@id\":\"https:\\\/\\\/www.meydan.tv\\\/az\\\/#organization\"},\"image\":{\"@id\":\"https:\\\/\\\/www.meydan.tv\\\/az\\\/article\\\/azerbaycan-cirkli-havaya-gore-10-olkeden-biridir\\\/#primaryimage\"},\"thumbnailUrl\":\"https:\\\/\\\/www.meydan.tv\\\/wp-content\\\/uploads\\\/by-daria-romanovska.jpg\",\"articleSection\":[\"Sosial\",\"T\u00f6vsiy\u0259\",\"X\u0259b\u0259rl\u0259r\"],\"inLanguage\":\"az\"},{\"@type\":\"WebPage\",\"@id\":\"https:\\\/\\\/www.meydan.tv\\\/az\\\/article\\\/azerbaycan-cirkli-havaya-gore-10-olkeden-biridir\\\/\",\"url\":\"https:\\\/\\\/www.meydan.tv\\\/az\\\/article\\\/azerbaycan-cirkli-havaya-gore-10-olkeden-biridir\\\/\",\"name\":\"Az\u0259rbaycan \u00e7irkli havaya g\u00f6r\u0259 post-sovet \u00f6lk\u0259l\u0259ri aras\u0131nda \u0259n sondad\u0131r - MEYDAN.TV\",\"isPartOf\":{\"@id\":\"https:\\\/\\\/www.meydan.tv\\\/az\\\/#website\"},\"primaryImageOfPage\":{\"@id\":\"https:\\\/\\\/www.meydan.tv\\\/az\\\/article\\\/azerbaycan-cirkli-havaya-gore-10-olkeden-biridir\\\/#primaryimage\"},\"image\":{\"@id\":\"https:\\\/\\\/www.meydan.tv\\\/az\\\/article\\\/azerbaycan-cirkli-havaya-gore-10-olkeden-biridir\\\/#primaryimage\"},\"thumbnailUrl\":\"https:\\\/\\\/www.meydan.tv\\\/wp-content\\\/uploads\\\/by-daria-romanovska.jpg\",\"datePublished\":\"2023-07-19T08:31:11+00:00\",\"dateModified\":\"2023-07-19T11:16:20+00:00\",\"breadcrumb\":{\"@id\":\"https:\\\/\\\/www.meydan.tv\\\/az\\\/article\\\/azerbaycan-cirkli-havaya-gore-10-olkeden-biridir\\\/#breadcrumb\"},\"inLanguage\":\"az\",\"potentialAction\":[{\"@type\":\"ReadAction\",\"target\":[\"https:\\\/\\\/www.meydan.tv\\\/az\\\/article\\\/azerbaycan-cirkli-havaya-gore-10-olkeden-biridir\\\/\"]}]},{\"@type\":\"ImageObject\",\"inLanguage\":\"az\",\"@id\":\"https:\\\/\\\/www.meydan.tv\\\/az\\\/article\\\/azerbaycan-cirkli-havaya-gore-10-olkeden-biridir\\\/#primaryimage\",\"url\":\"https:\\\/\\\/www.meydan.tv\\\/wp-content\\\/uploads\\\/by-daria-romanovska.jpg\",\"contentUrl\":\"https:\\\/\\\/www.meydan.tv\\\/wp-content\\\/uploads\\\/by-daria-romanovska.jpg\",\"width\":1200,\"height\":800,\"caption\":\"Bak\u0131, Foto: By Daria Romanovska\\\/Shutterstock\"},{\"@type\":\"BreadcrumbList\",\"@id\":\"https:\\\/\\\/www.meydan.tv\\\/az\\\/article\\\/azerbaycan-cirkli-havaya-gore-10-olkeden-biridir\\\/#breadcrumb\",\"itemListElement\":[{\"@type\":\"ListItem\",\"position\":1,\"name\":\"Ana s\u0259hif\u0259\",\"item\":\"https:\\\/\\\/www.meydan.tv\\\/az\\\/\"},{\"@type\":\"ListItem\",\"position\":2,\"name\":\"Sosial\",\"item\":\"https:\\\/\\\/www.meydan.tv\\\/az\\\/section\\\/sosial\\\/\"},{\"@type\":\"ListItem\",\"position\":3,\"name\":\"Az\u0259rbaycan \u00e7irkli havaya g\u00f6r\u0259 post-sovet \u00f6lk\u0259l\u0259ri aras\u0131nda \u0259n sondad\u0131r\"}]},{\"@type\":\"WebSite\",\"@id\":\"https:\\\/\\\/www.meydan.tv\\\/az\\\/#website\",\"url\":\"https:\\\/\\\/www.meydan.tv\\\/az\\\/\",\"name\":\"MEYDAN.TV\",\"description\":\"Meydan TV Az\u0259rbaycan\u0131n media m\u0259kan\u0131ndak\u0131 alternativ s\u0259sidir\",\"publisher\":{\"@id\":\"https:\\\/\\\/www.meydan.tv\\\/az\\\/#organization\"},\"potentialAction\":[{\"@type\":\"SearchAction\",\"target\":{\"@type\":\"EntryPoint\",\"urlTemplate\":\"https:\\\/\\\/www.meydan.tv\\\/az\\\/?s={search_term_string}\"},\"query-input\":{\"@type\":\"PropertyValueSpecification\",\"valueRequired\":true,\"valueName\":\"search_term_string\"}}],\"inLanguage\":\"az\"},{\"@type\":\"Organization\",\"@id\":\"https:\\\/\\\/www.meydan.tv\\\/az\\\/#organization\",\"name\":\"Meydan TV\",\"url\":\"https:\\\/\\\/www.meydan.tv\\\/az\\\/\",\"logo\":{\"@type\":\"ImageObject\",\"inLanguage\":\"az\",\"@id\":\"https:\\\/\\\/www.meydan.tv\\\/az\\\/#\\\/schema\\\/logo\\\/image\\\/\",\"url\":\"https:\\\/\\\/www.meydan.tv\\\/wp-content\\\/uploads\\\/2021\\\/07\\\/meydan-logo.svg\",\"contentUrl\":\"https:\\\/\\\/www.meydan.tv\\\/wp-content\\\/uploads\\\/2021\\\/07\\\/meydan-logo.svg\",\"width\":195,\"height\":46,\"caption\":\"Meydan TV\"},\"image\":{\"@id\":\"https:\\\/\\\/www.meydan.tv\\\/az\\\/#\\\/schema\\\/logo\\\/image\\\/\"}},{\"@type\":\"Person\",\"@id\":\"https:\\\/\\\/www.meydan.tv\\\/az\\\/#\\\/schema\\\/person\\\/9cdbecf90d17180ce1dfbd95b08dcf47\",\"name\":\"elli\",\"sameAs\":[\"https:\\\/\\\/x.com\\\/elli\"]}]}<\/script>\n<!-- \/ Yoast SEO plugin. -->","yoast_head_json":{"title":"Az\u0259rbaycan \u00e7irkli havaya g\u00f6r\u0259 post-sovet \u00f6lk\u0259l\u0259ri aras\u0131nda \u0259n sondad\u0131r - MEYDAN.TV","robots":{"index":"index","follow":"follow","max-snippet":"max-snippet:-1","max-image-preview":"max-image-preview:large","max-video-preview":"max-video-preview:-1"},"canonical":"https:\/\/www.meydan.tv\/az\/article\/azerbaycan-cirkli-havaya-gore-10-olkeden-biridir\/","og_locale":"az_AZ","og_type":"article","og_title":"Az\u0259rbaycan \u00e7irkli havaya g\u00f6r\u0259 post-sovet \u00f6lk\u0259l\u0259ri aras\u0131nda \u0259n sondad\u0131r - MEYDAN.TV","og_description":"Bu c\u00fcr hava m\u00fcxt\u0259lif t\u0259n\u0259ff\u00fcs probleml\u0259rin\u0259 s\u0259b\u0259b olur Az\u0259rbaycan havan\u0131n ... Davam\u0131","og_url":"https:\/\/www.meydan.tv\/az\/article\/azerbaycan-cirkli-havaya-gore-10-olkeden-biridir\/","og_site_name":"MEYDAN.TV","article_published_time":"2023-07-19T08:31:11+00:00","article_modified_time":"2023-07-19T11:16:20+00:00","og_image":[{"width":1200,"height":800,"url":"https:\/\/www.meydan.tv\/wp-content\/uploads\/by-daria-romanovska.jpg","type":"image\/jpeg"}],"author":"elli","twitter_card":"summary_large_image","twitter_creator":"@elli","schema":{"@context":"https:\/\/schema.org","@graph":[{"@type":"Article","@id":"https:\/\/www.meydan.tv\/az\/article\/azerbaycan-cirkli-havaya-gore-10-olkeden-biridir\/#article","isPartOf":{"@id":"https:\/\/www.meydan.tv\/az\/article\/azerbaycan-cirkli-havaya-gore-10-olkeden-biridir\/"},"author":{"name":"elli","@id":"https:\/\/www.meydan.tv\/az\/#\/schema\/person\/9cdbecf90d17180ce1dfbd95b08dcf47"},"headline":"Az\u0259rbaycan \u00e7irkli havaya g\u00f6r\u0259 post-sovet \u00f6lk\u0259l\u0259ri aras\u0131nda \u0259n sondad\u0131r","datePublished":"2023-07-19T08:31:11+00:00","dateModified":"2023-07-19T11:16:20+00:00","mainEntityOfPage":{"@id":"https:\/\/www.meydan.tv\/az\/article\/azerbaycan-cirkli-havaya-gore-10-olkeden-biridir\/"},"wordCount":978,"publisher":{"@id":"https:\/\/www.meydan.tv\/az\/#organization"},"image":{"@id":"https:\/\/www.meydan.tv\/az\/article\/azerbaycan-cirkli-havaya-gore-10-olkeden-biridir\/#primaryimage"},"thumbnailUrl":"https:\/\/www.meydan.tv\/wp-content\/uploads\/by-daria-romanovska.jpg","articleSection":["Sosial","T\u00f6vsiy\u0259","X\u0259b\u0259rl\u0259r"],"inLanguage":"az"},{"@type":"WebPage","@id":"https:\/\/www.meydan.tv\/az\/article\/azerbaycan-cirkli-havaya-gore-10-olkeden-biridir\/","url":"https:\/\/www.meydan.tv\/az\/article\/azerbaycan-cirkli-havaya-gore-10-olkeden-biridir\/","name":"Az\u0259rbaycan \u00e7irkli havaya g\u00f6r\u0259 post-sovet \u00f6lk\u0259l\u0259ri aras\u0131nda \u0259n sondad\u0131r - MEYDAN.TV","isPartOf":{"@id":"https:\/\/www.meydan.tv\/az\/#website"},"primaryImageOfPage":{"@id":"https:\/\/www.meydan.tv\/az\/article\/azerbaycan-cirkli-havaya-gore-10-olkeden-biridir\/#primaryimage"},"image":{"@id":"https:\/\/www.meydan.tv\/az\/article\/azerbaycan-cirkli-havaya-gore-10-olkeden-biridir\/#primaryimage"},"thumbnailUrl":"https:\/\/www.meydan.tv\/wp-content\/uploads\/by-daria-romanovska.jpg","datePublished":"2023-07-19T08:31:11+00:00","dateModified":"2023-07-19T11:16:20+00:00","breadcrumb":{"@id":"https:\/\/www.meydan.tv\/az\/article\/azerbaycan-cirkli-havaya-gore-10-olkeden-biridir\/#breadcrumb"},"inLanguage":"az","potentialAction":[{"@type":"ReadAction","target":["https:\/\/www.meydan.tv\/az\/article\/azerbaycan-cirkli-havaya-gore-10-olkeden-biridir\/"]}]},{"@type":"ImageObject","inLanguage":"az","@id":"https:\/\/www.meydan.tv\/az\/article\/azerbaycan-cirkli-havaya-gore-10-olkeden-biridir\/#primaryimage","url":"https:\/\/www.meydan.tv\/wp-content\/uploads\/by-daria-romanovska.jpg","contentUrl":"https:\/\/www.meydan.tv\/wp-content\/uploads\/by-daria-romanovska.jpg","width":1200,"height":800,"caption":"Bak\u0131, Foto: By Daria Romanovska\/Shutterstock"},{"@type":"BreadcrumbList","@id":"https:\/\/www.meydan.tv\/az\/article\/azerbaycan-cirkli-havaya-gore-10-olkeden-biridir\/#breadcrumb","itemListElement":[{"@type":"ListItem","position":1,"name":"Ana s\u0259hif\u0259","item":"https:\/\/www.meydan.tv\/az\/"},{"@type":"ListItem","position":2,"name":"Sosial","item":"https:\/\/www.meydan.tv\/az\/section\/sosial\/"},{"@type":"ListItem","position":3,"name":"Az\u0259rbaycan \u00e7irkli havaya g\u00f6r\u0259 post-sovet \u00f6lk\u0259l\u0259ri aras\u0131nda \u0259n sondad\u0131r"}]},{"@type":"WebSite","@id":"https:\/\/www.meydan.tv\/az\/#website","url":"https:\/\/www.meydan.tv\/az\/","name":"MEYDAN.TV","description":"Meydan TV Az\u0259rbaycan\u0131n media m\u0259kan\u0131ndak\u0131 alternativ s\u0259sidir","publisher":{"@id":"https:\/\/www.meydan.tv\/az\/#organization"},"potentialAction":[{"@type":"SearchAction","target":{"@type":"EntryPoint","urlTemplate":"https:\/\/www.meydan.tv\/az\/?s={search_term_string}"},"query-input":{"@type":"PropertyValueSpecification","valueRequired":true,"valueName":"search_term_string"}}],"inLanguage":"az"},{"@type":"Organization","@id":"https:\/\/www.meydan.tv\/az\/#organization","name":"Meydan TV","url":"https:\/\/www.meydan.tv\/az\/","logo":{"@type":"ImageObject","inLanguage":"az","@id":"https:\/\/www.meydan.tv\/az\/#\/schema\/logo\/image\/","url":"https:\/\/www.meydan.tv\/wp-content\/uploads\/2021\/07\/meydan-logo.svg","contentUrl":"https:\/\/www.meydan.tv\/wp-content\/uploads\/2021\/07\/meydan-logo.svg","width":195,"height":46,"caption":"Meydan TV"},"image":{"@id":"https:\/\/www.meydan.tv\/az\/#\/schema\/logo\/image\/"}},{"@type":"Person","@id":"https:\/\/www.meydan.tv\/az\/#\/schema\/person\/9cdbecf90d17180ce1dfbd95b08dcf47","name":"elli","sameAs":["https:\/\/x.com\/elli"]}]}},"_links":{"self":[{"href":"https:\/\/www.meydan.tv\/az\/wp-json\/wp\/v2\/posts\/280132","targetHints":{"allow":["GET"]}}],"collection":[{"href":"https:\/\/www.meydan.tv\/az\/wp-json\/wp\/v2\/posts"}],"about":[{"href":"https:\/\/www.meydan.tv\/az\/wp-json\/wp\/v2\/types\/post"}],"author":[{"embeddable":true,"href":"https:\/\/www.meydan.tv\/az\/wp-json\/wp\/v2\/users\/8"}],"replies":[{"embeddable":true,"href":"https:\/\/www.meydan.tv\/az\/wp-json\/wp\/v2\/comments?post=280132"}],"version-history":[{"count":4,"href":"https:\/\/www.meydan.tv\/az\/wp-json\/wp\/v2\/posts\/280132\/revisions"}],"predecessor-version":[{"id":280149,"href":"https:\/\/www.meydan.tv\/az\/wp-json\/wp\/v2\/posts\/280132\/revisions\/280149"}],"wp:featuredmedia":[{"embeddable":true,"href":"https:\/\/www.meydan.tv\/az\/wp-json\/wp\/v2\/media\/226580"}],"wp:attachment":[{"href":"https:\/\/www.meydan.tv\/az\/wp-json\/wp\/v2\/media?parent=280132"}],"wp:term":[{"taxonomy":"category","embeddable":true,"href":"https:\/\/www.meydan.tv\/az\/wp-json\/wp\/v2\/categories?post=280132"},{"taxonomy":"post_tag","embeddable":true,"href":"https:\/\/www.meydan.tv\/az\/wp-json\/wp\/v2\/tags?post=280132"}],"curies":[{"name":"wp","href":"https:\/\/api.w.org\/{rel}","templated":true}]}}