{"id":280117,"date":"2023-07-18T17:13:42","date_gmt":"2023-07-18T13:13:42","guid":{"rendered":"https:\/\/www.meydan.tv\/?p=280117"},"modified":"2023-07-18T17:13:44","modified_gmt":"2023-07-18T13:13:44","slug":"kino-agentliyi-film-layiheleri-musabiqesi-elan-edib","status":"publish","type":"post","link":"https:\/\/www.meydan.tv\/az\/article\/kino-agentliyi-film-layiheleri-musabiqesi-elan-edib\/","title":{"rendered":"Kino Agentliyi film layih\u0259l\u0259ri m\u00fcsabiq\u0259si elan edib"},"content":{"rendered":"\n<p><em>D\u00f6vl\u0259t sifari\u015fi il\u0259 istehsal olunan filml\u0259r\u0259 2 milyon veril\u0259c\u0259k<br><\/em><\/p>\n\n\n\n<p>M\u0259d\u0259niyy\u0259t Nazirliyinin tabeliyind\u0259 olan Az\u0259rbaycan Respublikas\u0131n\u0131n Kino Agentliyi (ARKA) film layih\u0259l\u0259ri m\u00fcsabiq\u0259si elan edib.<br><\/p>\n\n\n\n<p>M\u0259d\u0259niyy\u0259t Nazirliyinin sayt\u0131nda yerl\u0259\u015fdiril\u0259n m\u0259lumatda qeyd olunur ki, m\u00fcsabiq\u0259 d\u00f6vl\u0259t t\u0259r\u0259find\u0259n kino sah\u0259sinin inki\u015faf\u0131, yerli kinematoqraf\u00e7\u0131lar\u0131n t\u0259cr\u00fcb\u0259sinin art\u0131r\u0131lmas\u0131, el\u0259c\u0259 d\u0259 bu sah\u0259d\u0259 \u00f6z\u0259l sektorun d\u0259st\u0259kl\u0259nm\u0259si m\u0259qs\u0259dini <a href=\"https:\/\/culture.gov.az\/az\/umumi-xeberler\/15182\">da\u015f\u0131y\u0131r.<\/a><br><br>M\u0259d\u0259niyy\u0259t Nazirliyind\u0259 bununla ba\u011fl\u0131 kino n\u00fcmay\u0259nd\u0259l\u0259ri il\u0259 g\u00f6r\u00fc\u015f ke\u00e7irilib.<br><\/p>\n\n\n\n<p>Bildirilib ki, m\u00fcsabiq\u0259d\u0259 Az\u0259rbaycanda qeydiyyatdan ke\u00e7mi\u015f v\u0259 kinematoqrafiya sah\u0259sind\u0259 f\u0259aliyy\u0259t g\u00f6st\u0259r\u0259n m\u00fcst\u0259qil prod\u00fcser m\u0259rk\u0259zl\u0259ri v\u0259 dig\u0259r h\u00fcquqi \u015f\u0259xsl\u0259rin istehsal etdiyi film layih\u0259l\u0259ri i\u015ftirak ed\u0259 bil\u0259r. M\u00fcsabiq\u0259y\u0259 bir ne\u00e7\u0259 h\u00fcquqi \u015f\u0259xsin birg\u0259 qat\u0131lmas\u0131 da m\u00fcmk\u00fcnd\u00fcr.<br><\/p>\n\n\n\n<p>M\u00fcsabiq\u0259nin \u00fcmumi fondu 5 500 000 manatd\u0131r.<br><\/p>\n\n\n\n<p>M\u00fcsabiq\u0259y\u0259 d\u00f6vl\u0259t sifari\u015fli, kommersiya, m\u00fc\u0259llif , eyni zamanda, deb\u00fct v\u0259 t\u0259l\u0259b\u0259 filml\u0259ri q\u0259bul edil\u0259c\u0259k.<br><\/p>\n\n\n\n<p>D\u00f6vl\u0259t sifari\u015fi il\u0259 istehsal olunacaq tammetrajl\u0131 v\u0259 ya q\u0131sametrajl\u0131 b\u0259dii, s\u0259n\u0259dli v\u0259 animasiya filml\u0259ri \u00fc\u00e7\u00fcn 2 milyon manat n\u0259z\u0259rd\u0259 tutulub.<br><\/p>\n\n\n\n<p>Tammetrajl\u0131 v\u0259 ya q\u0131sametrajl\u0131 b\u0259dii, s\u0259n\u0259dli v\u0259 animasiya kommersiya filml\u0259ri \u00fc\u00e7\u00fcn 1 milyon 250 min manat m\u00fc\u0259yy\u0259n edilib.<br><\/p>\n\n\n\n<p>M\u00fc\u0259llif filml\u0259ri (tammetrajl\u0131 v\u0259 ya q\u0131sametrajl\u0131 b\u0259dii, s\u0259n\u0259dli v\u0259 animasiya filml\u0259ri) layih\u0259l\u0259ri \u00fc\u00e7\u00fcn d\u0259 1 milyon 250 min manat ayr\u0131lacaq.<br><\/p>\n\n\n\n<p>Deb\u00fct (tammetrajl\u0131 v\u0259 ya q\u0131sametrajl\u0131 b\u0259dii, s\u0259n\u0259dli v\u0259 animasiya filml\u0259ri) v\u0259 t\u0259l\u0259b\u0259 (yaln\u0131z q\u0131sametrajl\u0131 filml\u0259r) layih\u0259l\u0259ri \u00fc\u00e7\u00fcn is\u0259 1 milyon manat veril\u0259c\u0259k.<br><\/p>\n\n\n\n<p>M\u00fcsabiq\u0259nin birinci m\u0259rh\u0259l\u0259si iyulun 18-d\u0259n sentyabr\u0131n 15-d\u0259k davam ed\u0259c\u0259k.<br><\/p>\n\n\n\n<p>\u0130kinci m\u0259rh\u0259l\u0259d\u0259 (1 sentyabr \u2013 15 oktyabr 2023-c\u00fc il) Se\u00e7im Komissiyas\u0131 t\u0259r\u0259find\u0259n ilkin qiym\u0259tl\u0259ndirm\u0259 v\u0259 b\u0259dii se\u00e7im apar\u0131lacaq.<br><\/p>\n\n\n\n<p>M\u00fcsabiq\u0259nin \u00fc\u00e7\u00fcnc\u00fc m\u0259rh\u0259l\u0259sind\u0259 (21-22 oktyabr 2023-c\u00fc il) Se\u00e7im Komissiyas\u0131 v\u0259 Ekspert \u015euras\u0131 qar\u015f\u0131s\u0131nda layih\u0259l\u0259rin i\u015ftirak\u00e7\u0131lar t\u0259r\u0259find\u0259n m\u00fcdafi\u0259si (pit\u00e7inq) olacaq. Pit\u00e7inq m\u0259rh\u0259l\u0259sini u\u011furla ba\u015fa vurmu\u015f layih\u0259l\u0259r qalib hesab edil\u0259c\u0259k v\u0259 h\u0259min layih\u0259l\u0259ri t\u0259qdim etmi\u015f i\u015ftirak\u00e7\u0131larla m\u00fcqavil\u0259 ba\u011flanacaq.<br><\/p>\n\n\n\n<p>Kino Agentliyinin yarad\u0131lmas\u0131 il\u0259 ba\u011fl\u0131 s\u0259r\u0259ncam\u0131 Prezident \u0130lham \u018fliyev 2022-ci il aprelin 20-d\u0259 imzalay\u0131b.<\/p>\n","protected":false},"excerpt":{"rendered":"<p>D\u00f6vl\u0259t sifari\u015fi il\u0259 istehsal olunan filml\u0259r\u0259 2 milyon veril\u0259c\u0259k M\u0259d\u0259niyy\u0259t &#8230; <\/p>\n<p class=\"read-more-container\"><a title=\"Kino Agentliyi film layih\u0259l\u0259ri m\u00fcsabiq\u0259si elan edib\" class=\"read-more button\" href=\"https:\/\/www.meydan.tv\/az\/article\/kino-agentliyi-film-layiheleri-musabiqesi-elan-edib\/#more-280117\" aria-label=\"Read more about Kino Agentliyi film layih\u0259l\u0259ri m\u00fcsabiq\u0259si elan edib\">Davam\u0131<\/a><\/p>\n","protected":false},"author":12,"featured_media":155112,"comment_status":"closed","ping_status":"closed","sticky":false,"template":"","format":"standard","meta":{"_acf_changed":false,"_sitemap_exclude":false,"_sitemap_priority":"","_sitemap_frequency":"","footnotes":""},"categories":[52,56],"tags":[],"class_list":["post-280117","post","type-post","status-publish","format-standard","has-post-thumbnail","hentry","category-medeniyyet","category-xeberler","infinite-scroll-item","generate-columns","tablet-grid-50","mobile-grid-100","grid-parent","grid-33","no-featured-image-padding"],"acf":[],"yoast_head":"<!-- This site is optimized with the Yoast SEO plugin v27.4 - https:\/\/yoast.com\/product\/yoast-seo-wordpress\/ -->\n<title>Kino Agentliyi film layih\u0259l\u0259ri m\u00fcsabiq\u0259si elan edib - MEYDAN.TV<\/title>\n<meta name=\"robots\" content=\"index, follow, max-snippet:-1, max-image-preview:large, max-video-preview:-1\" \/>\n<link rel=\"canonical\" href=\"https:\/\/www.meydan.tv\/az\/article\/kino-agentliyi-film-layiheleri-musabiqesi-elan-edib\/\" \/>\n<meta property=\"og:locale\" content=\"az_AZ\" \/>\n<meta property=\"og:type\" content=\"article\" \/>\n<meta property=\"og:title\" content=\"Kino Agentliyi film layih\u0259l\u0259ri m\u00fcsabiq\u0259si elan edib - MEYDAN.TV\" \/>\n<meta property=\"og:description\" content=\"D\u00f6vl\u0259t sifari\u015fi il\u0259 istehsal olunan filml\u0259r\u0259 2 milyon veril\u0259c\u0259k M\u0259d\u0259niyy\u0259t ... Davam\u0131\" \/>\n<meta property=\"og:url\" content=\"https:\/\/www.meydan.tv\/az\/article\/kino-agentliyi-film-layiheleri-musabiqesi-elan-edib\/\" \/>\n<meta property=\"og:site_name\" content=\"MEYDAN.TV\" \/>\n<meta property=\"article:published_time\" content=\"2023-07-18T13:13:42+00:00\" \/>\n<meta property=\"article:modified_time\" content=\"2023-07-18T13:13:44+00:00\" \/>\n<meta property=\"og:image\" content=\"https:\/\/www.meydan.tv\/wp-content\/uploads\/unnamed_bexrwtg.png\" \/>\n\t<meta property=\"og:image:width\" content=\"813\" \/>\n\t<meta property=\"og:image:height\" content=\"480\" \/>\n\t<meta property=\"og:image:type\" content=\"image\/png\" \/>\n<meta name=\"author\" content=\"aleks\" \/>\n<meta name=\"twitter:card\" content=\"summary_large_image\" \/>\n<script type=\"application\/ld+json\" class=\"yoast-schema-graph\">{\"@context\":\"https:\\\/\\\/schema.org\",\"@graph\":[{\"@type\":\"Article\",\"@id\":\"https:\\\/\\\/www.meydan.tv\\\/az\\\/article\\\/kino-agentliyi-film-layiheleri-musabiqesi-elan-edib\\\/#article\",\"isPartOf\":{\"@id\":\"https:\\\/\\\/www.meydan.tv\\\/az\\\/article\\\/kino-agentliyi-film-layiheleri-musabiqesi-elan-edib\\\/\"},\"author\":{\"name\":\"aleks\",\"@id\":\"https:\\\/\\\/www.meydan.tv\\\/az\\\/#\\\/schema\\\/person\\\/476e9360e593fa131d5d71d51866f8da\"},\"headline\":\"Kino Agentliyi film layih\u0259l\u0259ri m\u00fcsabiq\u0259si elan edib\",\"datePublished\":\"2023-07-18T13:13:42+00:00\",\"dateModified\":\"2023-07-18T13:13:44+00:00\",\"mainEntityOfPage\":{\"@id\":\"https:\\\/\\\/www.meydan.tv\\\/az\\\/article\\\/kino-agentliyi-film-layiheleri-musabiqesi-elan-edib\\\/\"},\"wordCount\":478,\"publisher\":{\"@id\":\"https:\\\/\\\/www.meydan.tv\\\/az\\\/#organization\"},\"image\":{\"@id\":\"https:\\\/\\\/www.meydan.tv\\\/az\\\/article\\\/kino-agentliyi-film-layiheleri-musabiqesi-elan-edib\\\/#primaryimage\"},\"thumbnailUrl\":\"https:\\\/\\\/www.meydan.tv\\\/wp-content\\\/uploads\\\/unnamed_bexrwtg.png\",\"articleSection\":[\"M\u0259d\u0259niyy\u0259t\",\"X\u0259b\u0259rl\u0259r\"],\"inLanguage\":\"az\"},{\"@type\":\"WebPage\",\"@id\":\"https:\\\/\\\/www.meydan.tv\\\/az\\\/article\\\/kino-agentliyi-film-layiheleri-musabiqesi-elan-edib\\\/\",\"url\":\"https:\\\/\\\/www.meydan.tv\\\/az\\\/article\\\/kino-agentliyi-film-layiheleri-musabiqesi-elan-edib\\\/\",\"name\":\"Kino Agentliyi film layih\u0259l\u0259ri m\u00fcsabiq\u0259si elan edib - MEYDAN.TV\",\"isPartOf\":{\"@id\":\"https:\\\/\\\/www.meydan.tv\\\/az\\\/#website\"},\"primaryImageOfPage\":{\"@id\":\"https:\\\/\\\/www.meydan.tv\\\/az\\\/article\\\/kino-agentliyi-film-layiheleri-musabiqesi-elan-edib\\\/#primaryimage\"},\"image\":{\"@id\":\"https:\\\/\\\/www.meydan.tv\\\/az\\\/article\\\/kino-agentliyi-film-layiheleri-musabiqesi-elan-edib\\\/#primaryimage\"},\"thumbnailUrl\":\"https:\\\/\\\/www.meydan.tv\\\/wp-content\\\/uploads\\\/unnamed_bexrwtg.png\",\"datePublished\":\"2023-07-18T13:13:42+00:00\",\"dateModified\":\"2023-07-18T13:13:44+00:00\",\"breadcrumb\":{\"@id\":\"https:\\\/\\\/www.meydan.tv\\\/az\\\/article\\\/kino-agentliyi-film-layiheleri-musabiqesi-elan-edib\\\/#breadcrumb\"},\"inLanguage\":\"az\",\"potentialAction\":[{\"@type\":\"ReadAction\",\"target\":[\"https:\\\/\\\/www.meydan.tv\\\/az\\\/article\\\/kino-agentliyi-film-layiheleri-musabiqesi-elan-edib\\\/\"]}]},{\"@type\":\"ImageObject\",\"inLanguage\":\"az\",\"@id\":\"https:\\\/\\\/www.meydan.tv\\\/az\\\/article\\\/kino-agentliyi-film-layiheleri-musabiqesi-elan-edib\\\/#primaryimage\",\"url\":\"https:\\\/\\\/www.meydan.tv\\\/wp-content\\\/uploads\\\/unnamed_bexrwtg.png\",\"contentUrl\":\"https:\\\/\\\/www.meydan.tv\\\/wp-content\\\/uploads\\\/unnamed_bexrwtg.png\",\"width\":813,\"height\":480,\"caption\":\"Foto: M\u0259d\u0259niyy\u0259t Nazirliyi\"},{\"@type\":\"BreadcrumbList\",\"@id\":\"https:\\\/\\\/www.meydan.tv\\\/az\\\/article\\\/kino-agentliyi-film-layiheleri-musabiqesi-elan-edib\\\/#breadcrumb\",\"itemListElement\":[{\"@type\":\"ListItem\",\"position\":1,\"name\":\"Ana s\u0259hif\u0259\",\"item\":\"https:\\\/\\\/www.meydan.tv\\\/az\\\/\"},{\"@type\":\"ListItem\",\"position\":2,\"name\":\"X\u0259b\u0259rl\u0259r\",\"item\":\"https:\\\/\\\/www.meydan.tv\\\/az\\\/section\\\/xeberler\\\/\"},{\"@type\":\"ListItem\",\"position\":3,\"name\":\"Kino Agentliyi film layih\u0259l\u0259ri m\u00fcsabiq\u0259si elan edib\"}]},{\"@type\":\"WebSite\",\"@id\":\"https:\\\/\\\/www.meydan.tv\\\/az\\\/#website\",\"url\":\"https:\\\/\\\/www.meydan.tv\\\/az\\\/\",\"name\":\"MEYDAN.TV\",\"description\":\"Meydan TV Az\u0259rbaycan\u0131n media m\u0259kan\u0131ndak\u0131 alternativ s\u0259sidir\",\"publisher\":{\"@id\":\"https:\\\/\\\/www.meydan.tv\\\/az\\\/#organization\"},\"potentialAction\":[{\"@type\":\"SearchAction\",\"target\":{\"@type\":\"EntryPoint\",\"urlTemplate\":\"https:\\\/\\\/www.meydan.tv\\\/az\\\/?s={search_term_string}\"},\"query-input\":{\"@type\":\"PropertyValueSpecification\",\"valueRequired\":true,\"valueName\":\"search_term_string\"}}],\"inLanguage\":\"az\"},{\"@type\":\"Organization\",\"@id\":\"https:\\\/\\\/www.meydan.tv\\\/az\\\/#organization\",\"name\":\"Meydan TV\",\"url\":\"https:\\\/\\\/www.meydan.tv\\\/az\\\/\",\"logo\":{\"@type\":\"ImageObject\",\"inLanguage\":\"az\",\"@id\":\"https:\\\/\\\/www.meydan.tv\\\/az\\\/#\\\/schema\\\/logo\\\/image\\\/\",\"url\":\"https:\\\/\\\/www.meydan.tv\\\/wp-content\\\/uploads\\\/2021\\\/07\\\/meydan-logo.svg\",\"contentUrl\":\"https:\\\/\\\/www.meydan.tv\\\/wp-content\\\/uploads\\\/2021\\\/07\\\/meydan-logo.svg\",\"width\":195,\"height\":46,\"caption\":\"Meydan TV\"},\"image\":{\"@id\":\"https:\\\/\\\/www.meydan.tv\\\/az\\\/#\\\/schema\\\/logo\\\/image\\\/\"}},{\"@type\":\"Person\",\"@id\":\"https:\\\/\\\/www.meydan.tv\\\/az\\\/#\\\/schema\\\/person\\\/476e9360e593fa131d5d71d51866f8da\",\"name\":\"aleks\"}]}<\/script>\n<!-- \/ Yoast SEO plugin. -->","yoast_head_json":{"title":"Kino Agentliyi film layih\u0259l\u0259ri m\u00fcsabiq\u0259si elan edib - MEYDAN.TV","robots":{"index":"index","follow":"follow","max-snippet":"max-snippet:-1","max-image-preview":"max-image-preview:large","max-video-preview":"max-video-preview:-1"},"canonical":"https:\/\/www.meydan.tv\/az\/article\/kino-agentliyi-film-layiheleri-musabiqesi-elan-edib\/","og_locale":"az_AZ","og_type":"article","og_title":"Kino Agentliyi film layih\u0259l\u0259ri m\u00fcsabiq\u0259si elan edib - MEYDAN.TV","og_description":"D\u00f6vl\u0259t sifari\u015fi il\u0259 istehsal olunan filml\u0259r\u0259 2 milyon veril\u0259c\u0259k M\u0259d\u0259niyy\u0259t ... Davam\u0131","og_url":"https:\/\/www.meydan.tv\/az\/article\/kino-agentliyi-film-layiheleri-musabiqesi-elan-edib\/","og_site_name":"MEYDAN.TV","article_published_time":"2023-07-18T13:13:42+00:00","article_modified_time":"2023-07-18T13:13:44+00:00","og_image":[{"width":813,"height":480,"url":"https:\/\/www.meydan.tv\/wp-content\/uploads\/unnamed_bexrwtg.png","type":"image\/png"}],"author":"aleks","twitter_card":"summary_large_image","schema":{"@context":"https:\/\/schema.org","@graph":[{"@type":"Article","@id":"https:\/\/www.meydan.tv\/az\/article\/kino-agentliyi-film-layiheleri-musabiqesi-elan-edib\/#article","isPartOf":{"@id":"https:\/\/www.meydan.tv\/az\/article\/kino-agentliyi-film-layiheleri-musabiqesi-elan-edib\/"},"author":{"name":"aleks","@id":"https:\/\/www.meydan.tv\/az\/#\/schema\/person\/476e9360e593fa131d5d71d51866f8da"},"headline":"Kino Agentliyi film layih\u0259l\u0259ri m\u00fcsabiq\u0259si elan edib","datePublished":"2023-07-18T13:13:42+00:00","dateModified":"2023-07-18T13:13:44+00:00","mainEntityOfPage":{"@id":"https:\/\/www.meydan.tv\/az\/article\/kino-agentliyi-film-layiheleri-musabiqesi-elan-edib\/"},"wordCount":478,"publisher":{"@id":"https:\/\/www.meydan.tv\/az\/#organization"},"image":{"@id":"https:\/\/www.meydan.tv\/az\/article\/kino-agentliyi-film-layiheleri-musabiqesi-elan-edib\/#primaryimage"},"thumbnailUrl":"https:\/\/www.meydan.tv\/wp-content\/uploads\/unnamed_bexrwtg.png","articleSection":["M\u0259d\u0259niyy\u0259t","X\u0259b\u0259rl\u0259r"],"inLanguage":"az"},{"@type":"WebPage","@id":"https:\/\/www.meydan.tv\/az\/article\/kino-agentliyi-film-layiheleri-musabiqesi-elan-edib\/","url":"https:\/\/www.meydan.tv\/az\/article\/kino-agentliyi-film-layiheleri-musabiqesi-elan-edib\/","name":"Kino Agentliyi film layih\u0259l\u0259ri m\u00fcsabiq\u0259si elan edib - MEYDAN.TV","isPartOf":{"@id":"https:\/\/www.meydan.tv\/az\/#website"},"primaryImageOfPage":{"@id":"https:\/\/www.meydan.tv\/az\/article\/kino-agentliyi-film-layiheleri-musabiqesi-elan-edib\/#primaryimage"},"image":{"@id":"https:\/\/www.meydan.tv\/az\/article\/kino-agentliyi-film-layiheleri-musabiqesi-elan-edib\/#primaryimage"},"thumbnailUrl":"https:\/\/www.meydan.tv\/wp-content\/uploads\/unnamed_bexrwtg.png","datePublished":"2023-07-18T13:13:42+00:00","dateModified":"2023-07-18T13:13:44+00:00","breadcrumb":{"@id":"https:\/\/www.meydan.tv\/az\/article\/kino-agentliyi-film-layiheleri-musabiqesi-elan-edib\/#breadcrumb"},"inLanguage":"az","potentialAction":[{"@type":"ReadAction","target":["https:\/\/www.meydan.tv\/az\/article\/kino-agentliyi-film-layiheleri-musabiqesi-elan-edib\/"]}]},{"@type":"ImageObject","inLanguage":"az","@id":"https:\/\/www.meydan.tv\/az\/article\/kino-agentliyi-film-layiheleri-musabiqesi-elan-edib\/#primaryimage","url":"https:\/\/www.meydan.tv\/wp-content\/uploads\/unnamed_bexrwtg.png","contentUrl":"https:\/\/www.meydan.tv\/wp-content\/uploads\/unnamed_bexrwtg.png","width":813,"height":480,"caption":"Foto: M\u0259d\u0259niyy\u0259t Nazirliyi"},{"@type":"BreadcrumbList","@id":"https:\/\/www.meydan.tv\/az\/article\/kino-agentliyi-film-layiheleri-musabiqesi-elan-edib\/#breadcrumb","itemListElement":[{"@type":"ListItem","position":1,"name":"Ana s\u0259hif\u0259","item":"https:\/\/www.meydan.tv\/az\/"},{"@type":"ListItem","position":2,"name":"X\u0259b\u0259rl\u0259r","item":"https:\/\/www.meydan.tv\/az\/section\/xeberler\/"},{"@type":"ListItem","position":3,"name":"Kino Agentliyi film layih\u0259l\u0259ri m\u00fcsabiq\u0259si elan edib"}]},{"@type":"WebSite","@id":"https:\/\/www.meydan.tv\/az\/#website","url":"https:\/\/www.meydan.tv\/az\/","name":"MEYDAN.TV","description":"Meydan TV Az\u0259rbaycan\u0131n media m\u0259kan\u0131ndak\u0131 alternativ s\u0259sidir","publisher":{"@id":"https:\/\/www.meydan.tv\/az\/#organization"},"potentialAction":[{"@type":"SearchAction","target":{"@type":"EntryPoint","urlTemplate":"https:\/\/www.meydan.tv\/az\/?s={search_term_string}"},"query-input":{"@type":"PropertyValueSpecification","valueRequired":true,"valueName":"search_term_string"}}],"inLanguage":"az"},{"@type":"Organization","@id":"https:\/\/www.meydan.tv\/az\/#organization","name":"Meydan TV","url":"https:\/\/www.meydan.tv\/az\/","logo":{"@type":"ImageObject","inLanguage":"az","@id":"https:\/\/www.meydan.tv\/az\/#\/schema\/logo\/image\/","url":"https:\/\/www.meydan.tv\/wp-content\/uploads\/2021\/07\/meydan-logo.svg","contentUrl":"https:\/\/www.meydan.tv\/wp-content\/uploads\/2021\/07\/meydan-logo.svg","width":195,"height":46,"caption":"Meydan TV"},"image":{"@id":"https:\/\/www.meydan.tv\/az\/#\/schema\/logo\/image\/"}},{"@type":"Person","@id":"https:\/\/www.meydan.tv\/az\/#\/schema\/person\/476e9360e593fa131d5d71d51866f8da","name":"aleks"}]}},"_links":{"self":[{"href":"https:\/\/www.meydan.tv\/az\/wp-json\/wp\/v2\/posts\/280117","targetHints":{"allow":["GET"]}}],"collection":[{"href":"https:\/\/www.meydan.tv\/az\/wp-json\/wp\/v2\/posts"}],"about":[{"href":"https:\/\/www.meydan.tv\/az\/wp-json\/wp\/v2\/types\/post"}],"author":[{"embeddable":true,"href":"https:\/\/www.meydan.tv\/az\/wp-json\/wp\/v2\/users\/12"}],"replies":[{"embeddable":true,"href":"https:\/\/www.meydan.tv\/az\/wp-json\/wp\/v2\/comments?post=280117"}],"version-history":[{"count":1,"href":"https:\/\/www.meydan.tv\/az\/wp-json\/wp\/v2\/posts\/280117\/revisions"}],"predecessor-version":[{"id":280118,"href":"https:\/\/www.meydan.tv\/az\/wp-json\/wp\/v2\/posts\/280117\/revisions\/280118"}],"wp:featuredmedia":[{"embeddable":true,"href":"https:\/\/www.meydan.tv\/az\/wp-json\/wp\/v2\/media\/155112"}],"wp:attachment":[{"href":"https:\/\/www.meydan.tv\/az\/wp-json\/wp\/v2\/media?parent=280117"}],"wp:term":[{"taxonomy":"category","embeddable":true,"href":"https:\/\/www.meydan.tv\/az\/wp-json\/wp\/v2\/categories?post=280117"},{"taxonomy":"post_tag","embeddable":true,"href":"https:\/\/www.meydan.tv\/az\/wp-json\/wp\/v2\/tags?post=280117"}],"curies":[{"name":"wp","href":"https:\/\/api.w.org\/{rel}","templated":true}]}}