{"id":280037,"date":"2023-07-17T19:12:13","date_gmt":"2023-07-17T15:12:13","guid":{"rendered":"https:\/\/www.meydan.tv\/?p=280037"},"modified":"2023-07-17T19:12:15","modified_gmt":"2023-07-17T15:12:15","slug":"avropa-mehkemesi-lacin-dehlizinin-acilmasi-ile-bagli-qerarini-tesdiqleyib","status":"publish","type":"post","link":"https:\/\/www.meydan.tv\/az\/article\/avropa-mehkemesi-lacin-dehlizinin-acilmasi-ile-bagli-qerarini-tesdiqleyib\/","title":{"rendered":"Avropa M\u0259hk\u0259m\u0259si La\u00e7\u0131n d\u0259hlizinin a\u00e7\u0131lmas\u0131 il\u0259 ba\u011fl\u0131 q\u0259rar\u0131n\u0131 t\u0259sdiql\u0259yib"},"content":{"rendered":"\n<p><\/p>\n\n\n\n<p><strong><em>M\u0259hk\u0259m\u0259nin q\u0259rar\u0131 Az\u0259rbaycan t\u0259r\u0259find\u0259n icbari qaydada yerin\u0259 yetirilm\u0259lidir<\/em><\/strong><\/p>\n\n\n\n<p>Avropa \u0130nsan H\u00fcquqlar\u0131 M\u0259hk\u0259m\u0259si (A\u0130HM) La\u00e7\u0131n d\u0259hlizinin blokdan \u00e7\u0131xar\u0131lmas\u0131na dair q\u0259rar\u0131n\u0131 yenid\u0259n t\u0259sdiq edib.<\/p>\n\n\n\n<p>Bu m\u0259lumat\u0131 \u201cAzadl\u0131q\u201d Radiosunun Erm\u0259ni xidm\u0259ti Erm\u0259nistan Ba\u015f nazirinin ofisin\u0259 istinadla <a href=\"https:\/\/rus.azatutyun.am\/a\/32506830.html\" target=\"_blank\" rel=\"noreferrer noopener\">yay\u0131b.<\/a><\/p>\n\n\n\n<p>Bildirilir ki, A\u0130HM Az\u0259rbaycan\u0131 yenid\u0259n La\u00e7\u0131n d\u0259hlizi il\u0259 a\u011f\u0131r x\u0259st\u0259l\u0259rin v\u0259 Erm\u0259nistanda m\u00fcalic\u0259y\u0259 ehtiyac\u0131 olanlar\u0131n, habel\u0259 yolda imkans\u0131z v\u0259 ya\u015famaq \u00fc\u00e7\u00fcn vasit\u0259si olmadan qalan \u015f\u0259xsl\u0259rin ke\u00e7m\u0259si \u00fc\u00e7\u00fcn z\u0259ruri v\u0259 kafi t\u0259dbirl\u0259rin g\u00f6r\u00fclm\u0259sin\u0259 t\u0259hkim edib. M\u0259hk\u0259m\u0259nin q\u0259rar\u0131 Az\u0259rbaycan t\u0259r\u0259find\u0259n icbari qaydada yerin\u0259 yetirilm\u0259lidir.<\/p>\n\n\n\n<p>Q\u0259rar\u0131n Bak\u0131 \u00fc\u00e7\u00fcn m\u0259cburi oldu\u011funu vur\u011fulayan Ba\u015f nazirin ofisi bildirib ki, A\u0130HM Erm\u0259nistan\u0131n v\u0259sat\u0259ti il\u0259 La\u00e7\u0131n d\u0259hlizinin blokdan \u00e7\u0131xar\u0131lmas\u0131na dair 21 dekabr 2022-ci ild\u0259 \u00e7\u0131xard\u0131\u011f\u0131 ke\u00e7id t\u0259dbirl\u0259ri h\u00f6km\u00fcn\u00fc bir daha t\u0259sdiq edib.<\/p>\n\n\n\n<p>\u00d6t\u0259n il, dekabr\u0131n 12-d\u0259 s\u0259h\u0259r saatlar\u0131ndan Az\u0259rbaycan hakimiyy\u0259tin\u0259 ba\u011fl\u0131 bir qrup qeyri-h\u00f6kum\u0259t t\u0259\u015fkilat\u0131 n\u00fcmay\u0259nd\u0259si, media t\u0259msil\u00e7isi v\u0259 ictimai f\u0259al Rusiya s\u00fclhm\u0259raml\u0131lar\u0131n\u0131n m\u00fcv\u0259qq\u0259ti n\u0259zar\u0259tind\u0259 olan La\u00e7\u0131n-Xank\u0259ndi yolunu ba\u011flay\u0131b.<\/p>\n\n\n\n<p>Aksiya i\u015ftirak\u00e7\u0131lar\u0131 Az\u0259rbaycan\u0131n faydal\u0131 qaz\u0131nt\u0131 yataqlar\u0131n\u0131n qanunsuz istismar\u0131na etiraz etdikl\u0259rini s\u00f6yl\u0259yibl\u0259r.<\/p>\n\n\n\n<p>Bundan bir ne\u00e7\u0259 g\u00fcn sonra Erm\u0259nistan Az\u0259rbaycana qar\u015f\u0131 La\u00e7\u0131n d\u0259hlizinin a\u00e7\u0131lmas\u0131 m\u0259qs\u0259dil\u0259 ke\u00e7id t\u0259dbirinin g\u00f6r\u00fclm\u0259si \u00fc\u00e7\u00fcn A\u0130HM-\u0259 m\u00fcraci\u0259t \u00fcnvanlay\u0131b. Az\u0259rbaycan da A\u0130HM-\u0259 m\u00fcraci\u0259t ed\u0259r\u0259k Erm\u0259nistan\u0131 La\u00e7\u0131n rayonundak\u0131 az\u0259rbaycanl\u0131lar\u0131n \u0259mlak\u0131n\u0131n qar\u0259t edilm\u0259sind\u0259 ittiham edib.<\/p>\n\n\n\n<p>\u0130yulun 6-da Beyn\u0259lxalq \u018fdal\u0259t M\u0259hk\u0259m\u0259si (B\u018fM) Az\u0259rbaycan\u0131n Erm\u0259nistanla s\u0259rh\u0259dd\u0259 La\u00e7\u0131n s\u0259rh\u0259d-burax\u0131l\u0131\u015f m\u0259nt\u0259q\u0259sinin yarad\u0131lmas\u0131 il\u0259 ba\u011fl\u0131 Yerevan\u0131n v\u0259sat\u0259tini r\u0259dd <a href=\"https:\/\/storage.googleapis.com\/qurium\/www.meydan.tv\/az-article-bem-ermenistanin-lacin-dehlizi-ile-bagli-vesatetini-redd-edib.html\" target=\"_blank\" rel=\"noreferrer noopener\">edib.<\/a><\/p>\n\n\n\n<p>Bu bar\u0259d\u0259 m\u0259lumat yayan Xarici \u0130\u015fl\u0259r Nazirliyi bildirirdi ki, Erm\u0259nistan\u0131n son q\u0259rar\u0131 yanl\u0131\u015f \u015f\u0259rh etm\u0259si \u00e7\u0131x\u0131lmaz v\u0259ziyy\u0259td\u0259n fikri yay\u0131nd\u0131rmaq c\u0259hdidir:<\/p>\n\n\n\n<p><em>\u201cAz\u0259rbaycan\u0131n La\u00e7\u0131n yolunun giri\u015find\u0259 s\u0259rh\u0259d n\u0259zar\u0259t burax\u0131l\u0131\u015f m\u0259nt\u0259q\u0259si t\u0259sis etm\u0259k q\u0259rar\u0131 onun s\u0259rh\u0259dl\u0259rin m\u00fchafiz\u0259si \u00fczr\u0259 suveren h\u00fcququdur. Q\u0259rar Az\u0259rbaycan\u0131n t\u0259hl\u00fck\u0259sizliyini v\u0259 s\u00fclh perspektivl\u0259rini t\u0259hdid ed\u0259n \u00f6lk\u0259nin suveren \u0259razisin\u0259 qeyri-qanuni olaraq silah, h\u0259rbi texnika v\u0259 h\u0259rb\u00e7il\u0259rin ax\u0131n\u0131n\u0131n dayand\u0131r\u0131lmas\u0131 z\u0259rur\u0259tind\u0259n ir\u0259li g\u0259lirdi\u201d.<\/em><\/p>\n\n\n\n<p>X\u0130N h\u0259m\u00e7inin qeyd etmi\u015fdi ki, s\u0259rh\u0259d n\u0259zar\u0259t burax\u0131l\u0131\u015f m\u0259nt\u0259q\u0259si yarad\u0131landan etibar\u0259n erm\u0259ni \u0259silli yerli sakinl\u0259r Az\u0259rbaycan\u0131n daxili v\u0259 beyn\u0259lxalq \u00f6hd\u0259likl\u0259ri \u00e7\u0259r\u00e7iv\u0259sind\u0259 giri\u015f-\u00e7\u0131x\u0131\u015fda s\u0259rh\u0259d n\u0259zar\u0259tinin ayr\u0131-se\u00e7kilik olmadan h\u0259yata ke\u00e7irildiyi s\u0259rh\u0259d burax\u0131l\u0131\u015f m\u0259nt\u0259q\u0259sind\u0259n ke\u00e7m\u0259kd\u0259dirl\u0259r.<\/p>\n\n\n\n<p>Erm\u0259nistan\u0131n beyn\u0259lxalq h\u00fcquqi m\u0259s\u0259l\u0259l\u0259r \u00fczr\u0259 n\u00fcmay\u0259nd\u0259si Yeqi\u015fe Kirakosyan is\u0259 yerli mediaya demi\u015fdi ki, m\u0259hk\u0259m\u0259 22 fevral 2023-c\u00fc il tarixli q\u0259rar\u0131n\u0131 t\u0259sdiq edib:<\/p>\n\n\n\n<p><em>\u201cBununla da m\u0259hk\u0259m\u0259 Az\u0259rbaycana La\u00e7\u0131n d\u0259hlizi il\u0259 h\u0259r iki istiqam\u0259td\u0259 v\u0259t\u0259nda\u015flar\u0131n, avton\u0259qliyyat vasit\u0259l\u0259rinin v\u0259 y\u00fckl\u0259rin mane\u0259siz h\u0259r\u0259k\u0259tini t\u0259min etm\u0259k \u00fc\u00e7\u00fcn b\u00fct\u00fcn t\u0259dbirl\u0259rin g\u00f6r\u00fclm\u0259sini tap\u015f\u0131r\u0131b. V\u0259 hesab edir ki, bu q\u0259rara \u0259lav\u0259l\u0259rin edilm\u0259sin\u0259 ehtiyac yoxdur\u201d.<\/em><\/p>\n\n\n\n<p>Aprelin 23-d\u0259 Az\u0259rbaycan D\u00f6vl\u0259t S\u0259rh\u0259d Xidm\u0259ti Erm\u0259nistan il\u0259 s\u0259rh\u0259dd\u0259, La\u00e7\u0131n-Xank\u0259ndi yolunun ba\u015flan\u011f\u0131c\u0131nda s\u0259rh\u0259d-burax\u0131l\u0131\u015f m\u0259nt\u0259q\u0259si qurdu\u011funu b\u0259yan edib.<\/p>\n\n\n\n<p>May\u0131n 4-d\u0259 \u201cAz\u0259rbaycan Respublikas\u0131n\u0131n d\u00f6vl\u0259t s\u0259rh\u0259dind\u0259n burax\u0131l\u0131\u015f m\u0259nt\u0259q\u0259l\u0259rinin say\u0131 v\u0259 yerl\u0259\u015fdiyi \u0259razil\u0259rin siyah\u0131s\u0131\u201dna d\u0259yi\u015fiklik edilib.<\/p>\n\n\n\n<p>Bu bar\u0259d\u0259 q\u0259rar\u0131 is\u0259 Ba\u015f nazir \u018fli \u018fs\u0259dov imzalay\u0131b.<\/p>\n\n\n\n<p><strong>M\u00fcnaqi\u015f\u0259nin q\u0131sa xronikas\u0131<\/strong><\/p>\n\n\n\n<p>Az\u0259rbaycan v\u0259 Erm\u0259nistan aras\u0131nda olan Qaraba\u011f m\u00fcnaqi\u015f\u0259sinin ilkin m\u0259rh\u0259l\u0259si 1988-ci ild\u0259 ba\u015flay\u0131b.<\/p>\n\n\n\n<p>Erm\u0259nistan\u0131n Az\u0259rbaycana \u0259razi iddialar\u0131 il\u0259 ba\u015flayan v\u0259 1994-c\u00fc ild\u0259 imzalanan at\u0259\u015fk\u0259s raz\u0131la\u015fmas\u0131 il\u0259 bit\u0259n Birinci Qaraba\u011f m\u00fcharib\u0259si zaman\u0131 Az\u0259rbaycan\u0131n Da\u011fl\u0131q Qaraba\u011f b\u00f6lg\u0259si v\u0259 ona biti\u015fik 7 rayonu i\u015f\u011fal edilib.<\/p>\n\n\n\n<p>2020-ci ilin sentyabr\u0131nda Az\u0259rbaycan v\u0259 Erm\u0259nistan silahl\u0131 q\u00fcvv\u0259l\u0259ri aras\u0131nda ba\u015f vermi\u015f 44 g\u00fcnl\u00fck \u0130kinci Qaraba\u011f m\u00fcharib\u0259si n\u0259tic\u0259sind\u0259 is\u0259 Az\u0259rbaycan Qaraba\u011f\u0131n bir hiss\u0259sin\u0259 v\u0259 \u0259traf 7 rayona n\u0259zar\u0259ti b\u0259rpa edib.<\/p>\n\n\n\n<p>Az\u0259rbaycan, Erm\u0259nistan v\u0259 Rusiya r\u0259hb\u0259rliyinin imzalad\u0131\u011f\u0131 \u00fc\u00e7t\u0259r\u0259fli birg\u0259 b\u0259yanatla d\u00f6y\u00fc\u015fl\u0259r dayand\u0131r\u0131landan sonra La\u00e7\u0131n d\u0259hlizind\u0259 v\u0259 Qaraba\u011fdak\u0131 t\u0259mas x\u0259ttind\u0259 Rusiya s\u00fclhm\u0259raml\u0131lar\u0131 yerl\u0259\u015fdirilib.<\/p>\n\n\n\n<p>Haz\u0131rk\u0131 m\u0259rh\u0259l\u0259d\u0259 \u0259razid\u0259 tez-tez at\u0259\u015fk\u0259s pozulur, h\u0259tta g\u00fcnl\u0259rl\u0259 s\u00fcr\u0259n d\u00f6y\u00fc\u015fl\u0259r ba\u015f verir.<\/p>\n\n\n\n<p>N\u0259tic\u0259d\u0259 h\u0259r iki t\u0259r\u0259f itki verir v\u0259 buna g\u00f6r\u0259 bir-birl\u0259rini g\u00fcnahland\u0131r\u0131rlar.<\/p>\n","protected":false},"excerpt":{"rendered":"<p>M\u0259hk\u0259m\u0259nin q\u0259rar\u0131 Az\u0259rbaycan t\u0259r\u0259find\u0259n icbari qaydada yerin\u0259 yetirilm\u0259lidir Avropa \u0130nsan &#8230; <\/p>\n<p class=\"read-more-container\"><a title=\"Avropa M\u0259hk\u0259m\u0259si La\u00e7\u0131n d\u0259hlizinin a\u00e7\u0131lmas\u0131 il\u0259 ba\u011fl\u0131 q\u0259rar\u0131n\u0131 t\u0259sdiql\u0259yib\" class=\"read-more button\" href=\"https:\/\/www.meydan.tv\/az\/article\/avropa-mehkemesi-lacin-dehlizinin-acilmasi-ile-bagli-qerarini-tesdiqleyib\/#more-280037\" aria-label=\"Read more about Avropa M\u0259hk\u0259m\u0259si La\u00e7\u0131n d\u0259hlizinin a\u00e7\u0131lmas\u0131 il\u0259 ba\u011fl\u0131 q\u0259rar\u0131n\u0131 t\u0259sdiql\u0259yib\">Davam\u0131<\/a><\/p>\n","protected":false},"author":8,"featured_media":273526,"comment_status":"closed","ping_status":"closed","sticky":false,"template":"","format":"standard","meta":{"_acf_changed":false,"_sitemap_exclude":false,"_sitemap_priority":"","_sitemap_frequency":"","footnotes":""},"categories":[59,56],"tags":[],"class_list":["post-280037","post","type-post","status-publish","format-standard","has-post-thumbnail","hentry","category-siyaset","category-xeberler","infinite-scroll-item","generate-columns","tablet-grid-50","mobile-grid-100","grid-parent","grid-33","no-featured-image-padding"],"acf":[],"yoast_head":"<!-- This site is optimized with the Yoast SEO plugin v27.4 - https:\/\/yoast.com\/product\/yoast-seo-wordpress\/ -->\n<title>Avropa M\u0259hk\u0259m\u0259si La\u00e7\u0131n d\u0259hlizinin a\u00e7\u0131lmas\u0131 il\u0259 ba\u011fl\u0131 q\u0259rar\u0131n\u0131 t\u0259sdiql\u0259yib - MEYDAN.TV<\/title>\n<meta name=\"robots\" content=\"index, follow, max-snippet:-1, max-image-preview:large, max-video-preview:-1\" \/>\n<link rel=\"canonical\" href=\"https:\/\/www.meydan.tv\/az\/article\/avropa-mehkemesi-lacin-dehlizinin-acilmasi-ile-bagli-qerarini-tesdiqleyib\/\" \/>\n<meta property=\"og:locale\" content=\"az_AZ\" \/>\n<meta property=\"og:type\" content=\"article\" \/>\n<meta property=\"og:title\" content=\"Avropa M\u0259hk\u0259m\u0259si La\u00e7\u0131n d\u0259hlizinin a\u00e7\u0131lmas\u0131 il\u0259 ba\u011fl\u0131 q\u0259rar\u0131n\u0131 t\u0259sdiql\u0259yib - MEYDAN.TV\" \/>\n<meta property=\"og:description\" content=\"M\u0259hk\u0259m\u0259nin q\u0259rar\u0131 Az\u0259rbaycan t\u0259r\u0259find\u0259n icbari qaydada yerin\u0259 yetirilm\u0259lidir Avropa \u0130nsan ... Davam\u0131\" \/>\n<meta property=\"og:url\" content=\"https:\/\/www.meydan.tv\/az\/article\/avropa-mehkemesi-lacin-dehlizinin-acilmasi-ile-bagli-qerarini-tesdiqleyib\/\" \/>\n<meta property=\"og:site_name\" content=\"MEYDAN.TV\" \/>\n<meta property=\"article:published_time\" content=\"2023-07-17T15:12:13+00:00\" \/>\n<meta property=\"article:modified_time\" content=\"2023-07-17T15:12:15+00:00\" \/>\n<meta property=\"og:image\" content=\"https:\/\/www.meydan.tv\/wp-content\/uploads\/2023-04-23_13_38_36-transformed.jpeg\" \/>\n\t<meta property=\"og:image:width\" content=\"1280\" \/>\n\t<meta property=\"og:image:height\" content=\"960\" \/>\n\t<meta property=\"og:image:type\" content=\"image\/jpeg\" \/>\n<meta name=\"author\" content=\"elli\" \/>\n<meta name=\"twitter:card\" content=\"summary_large_image\" \/>\n<meta name=\"twitter:creator\" content=\"@elli\" \/>\n<script type=\"application\/ld+json\" class=\"yoast-schema-graph\">{\"@context\":\"https:\\\/\\\/schema.org\",\"@graph\":[{\"@type\":\"Article\",\"@id\":\"https:\\\/\\\/www.meydan.tv\\\/az\\\/article\\\/avropa-mehkemesi-lacin-dehlizinin-acilmasi-ile-bagli-qerarini-tesdiqleyib\\\/#article\",\"isPartOf\":{\"@id\":\"https:\\\/\\\/www.meydan.tv\\\/az\\\/article\\\/avropa-mehkemesi-lacin-dehlizinin-acilmasi-ile-bagli-qerarini-tesdiqleyib\\\/\"},\"author\":{\"name\":\"elli\",\"@id\":\"https:\\\/\\\/www.meydan.tv\\\/az\\\/#\\\/schema\\\/person\\\/9cdbecf90d17180ce1dfbd95b08dcf47\"},\"headline\":\"Avropa M\u0259hk\u0259m\u0259si La\u00e7\u0131n d\u0259hlizinin a\u00e7\u0131lmas\u0131 il\u0259 ba\u011fl\u0131 q\u0259rar\u0131n\u0131 t\u0259sdiql\u0259yib\",\"datePublished\":\"2023-07-17T15:12:13+00:00\",\"dateModified\":\"2023-07-17T15:12:15+00:00\",\"mainEntityOfPage\":{\"@id\":\"https:\\\/\\\/www.meydan.tv\\\/az\\\/article\\\/avropa-mehkemesi-lacin-dehlizinin-acilmasi-ile-bagli-qerarini-tesdiqleyib\\\/\"},\"wordCount\":1001,\"publisher\":{\"@id\":\"https:\\\/\\\/www.meydan.tv\\\/az\\\/#organization\"},\"image\":{\"@id\":\"https:\\\/\\\/www.meydan.tv\\\/az\\\/article\\\/avropa-mehkemesi-lacin-dehlizinin-acilmasi-ile-bagli-qerarini-tesdiqleyib\\\/#primaryimage\"},\"thumbnailUrl\":\"https:\\\/\\\/www.meydan.tv\\\/wp-content\\\/uploads\\\/2023-04-23_13_38_36-transformed.jpeg\",\"articleSection\":[\"Siyas\u0259t\",\"X\u0259b\u0259rl\u0259r\"],\"inLanguage\":\"az\"},{\"@type\":\"WebPage\",\"@id\":\"https:\\\/\\\/www.meydan.tv\\\/az\\\/article\\\/avropa-mehkemesi-lacin-dehlizinin-acilmasi-ile-bagli-qerarini-tesdiqleyib\\\/\",\"url\":\"https:\\\/\\\/www.meydan.tv\\\/az\\\/article\\\/avropa-mehkemesi-lacin-dehlizinin-acilmasi-ile-bagli-qerarini-tesdiqleyib\\\/\",\"name\":\"Avropa M\u0259hk\u0259m\u0259si La\u00e7\u0131n d\u0259hlizinin a\u00e7\u0131lmas\u0131 il\u0259 ba\u011fl\u0131 q\u0259rar\u0131n\u0131 t\u0259sdiql\u0259yib - MEYDAN.TV\",\"isPartOf\":{\"@id\":\"https:\\\/\\\/www.meydan.tv\\\/az\\\/#website\"},\"primaryImageOfPage\":{\"@id\":\"https:\\\/\\\/www.meydan.tv\\\/az\\\/article\\\/avropa-mehkemesi-lacin-dehlizinin-acilmasi-ile-bagli-qerarini-tesdiqleyib\\\/#primaryimage\"},\"image\":{\"@id\":\"https:\\\/\\\/www.meydan.tv\\\/az\\\/article\\\/avropa-mehkemesi-lacin-dehlizinin-acilmasi-ile-bagli-qerarini-tesdiqleyib\\\/#primaryimage\"},\"thumbnailUrl\":\"https:\\\/\\\/www.meydan.tv\\\/wp-content\\\/uploads\\\/2023-04-23_13_38_36-transformed.jpeg\",\"datePublished\":\"2023-07-17T15:12:13+00:00\",\"dateModified\":\"2023-07-17T15:12:15+00:00\",\"breadcrumb\":{\"@id\":\"https:\\\/\\\/www.meydan.tv\\\/az\\\/article\\\/avropa-mehkemesi-lacin-dehlizinin-acilmasi-ile-bagli-qerarini-tesdiqleyib\\\/#breadcrumb\"},\"inLanguage\":\"az\",\"potentialAction\":[{\"@type\":\"ReadAction\",\"target\":[\"https:\\\/\\\/www.meydan.tv\\\/az\\\/article\\\/avropa-mehkemesi-lacin-dehlizinin-acilmasi-ile-bagli-qerarini-tesdiqleyib\\\/\"]}]},{\"@type\":\"ImageObject\",\"inLanguage\":\"az\",\"@id\":\"https:\\\/\\\/www.meydan.tv\\\/az\\\/article\\\/avropa-mehkemesi-lacin-dehlizinin-acilmasi-ile-bagli-qerarini-tesdiqleyib\\\/#primaryimage\",\"url\":\"https:\\\/\\\/www.meydan.tv\\\/wp-content\\\/uploads\\\/2023-04-23_13_38_36-transformed.jpeg\",\"contentUrl\":\"https:\\\/\\\/www.meydan.tv\\\/wp-content\\\/uploads\\\/2023-04-23_13_38_36-transformed.jpeg\",\"width\":1280,\"height\":960,\"caption\":\"La\u00e7\u0131n yolu. Foto: DSX\"},{\"@type\":\"BreadcrumbList\",\"@id\":\"https:\\\/\\\/www.meydan.tv\\\/az\\\/article\\\/avropa-mehkemesi-lacin-dehlizinin-acilmasi-ile-bagli-qerarini-tesdiqleyib\\\/#breadcrumb\",\"itemListElement\":[{\"@type\":\"ListItem\",\"position\":1,\"name\":\"Ana s\u0259hif\u0259\",\"item\":\"https:\\\/\\\/www.meydan.tv\\\/az\\\/\"},{\"@type\":\"ListItem\",\"position\":2,\"name\":\"Siyas\u0259t\",\"item\":\"https:\\\/\\\/www.meydan.tv\\\/az\\\/section\\\/siyaset\\\/\"},{\"@type\":\"ListItem\",\"position\":3,\"name\":\"Avropa M\u0259hk\u0259m\u0259si La\u00e7\u0131n d\u0259hlizinin a\u00e7\u0131lmas\u0131 il\u0259 ba\u011fl\u0131 q\u0259rar\u0131n\u0131 t\u0259sdiql\u0259yib\"}]},{\"@type\":\"WebSite\",\"@id\":\"https:\\\/\\\/www.meydan.tv\\\/az\\\/#website\",\"url\":\"https:\\\/\\\/www.meydan.tv\\\/az\\\/\",\"name\":\"MEYDAN.TV\",\"description\":\"Meydan TV Az\u0259rbaycan\u0131n media m\u0259kan\u0131ndak\u0131 alternativ s\u0259sidir\",\"publisher\":{\"@id\":\"https:\\\/\\\/www.meydan.tv\\\/az\\\/#organization\"},\"potentialAction\":[{\"@type\":\"SearchAction\",\"target\":{\"@type\":\"EntryPoint\",\"urlTemplate\":\"https:\\\/\\\/www.meydan.tv\\\/az\\\/?s={search_term_string}\"},\"query-input\":{\"@type\":\"PropertyValueSpecification\",\"valueRequired\":true,\"valueName\":\"search_term_string\"}}],\"inLanguage\":\"az\"},{\"@type\":\"Organization\",\"@id\":\"https:\\\/\\\/www.meydan.tv\\\/az\\\/#organization\",\"name\":\"Meydan TV\",\"url\":\"https:\\\/\\\/www.meydan.tv\\\/az\\\/\",\"logo\":{\"@type\":\"ImageObject\",\"inLanguage\":\"az\",\"@id\":\"https:\\\/\\\/www.meydan.tv\\\/az\\\/#\\\/schema\\\/logo\\\/image\\\/\",\"url\":\"https:\\\/\\\/www.meydan.tv\\\/wp-content\\\/uploads\\\/2021\\\/07\\\/meydan-logo.svg\",\"contentUrl\":\"https:\\\/\\\/www.meydan.tv\\\/wp-content\\\/uploads\\\/2021\\\/07\\\/meydan-logo.svg\",\"width\":195,\"height\":46,\"caption\":\"Meydan TV\"},\"image\":{\"@id\":\"https:\\\/\\\/www.meydan.tv\\\/az\\\/#\\\/schema\\\/logo\\\/image\\\/\"}},{\"@type\":\"Person\",\"@id\":\"https:\\\/\\\/www.meydan.tv\\\/az\\\/#\\\/schema\\\/person\\\/9cdbecf90d17180ce1dfbd95b08dcf47\",\"name\":\"elli\",\"sameAs\":[\"https:\\\/\\\/x.com\\\/elli\"]}]}<\/script>\n<!-- \/ Yoast SEO plugin. -->","yoast_head_json":{"title":"Avropa M\u0259hk\u0259m\u0259si La\u00e7\u0131n d\u0259hlizinin a\u00e7\u0131lmas\u0131 il\u0259 ba\u011fl\u0131 q\u0259rar\u0131n\u0131 t\u0259sdiql\u0259yib - MEYDAN.TV","robots":{"index":"index","follow":"follow","max-snippet":"max-snippet:-1","max-image-preview":"max-image-preview:large","max-video-preview":"max-video-preview:-1"},"canonical":"https:\/\/www.meydan.tv\/az\/article\/avropa-mehkemesi-lacin-dehlizinin-acilmasi-ile-bagli-qerarini-tesdiqleyib\/","og_locale":"az_AZ","og_type":"article","og_title":"Avropa M\u0259hk\u0259m\u0259si La\u00e7\u0131n d\u0259hlizinin a\u00e7\u0131lmas\u0131 il\u0259 ba\u011fl\u0131 q\u0259rar\u0131n\u0131 t\u0259sdiql\u0259yib - MEYDAN.TV","og_description":"M\u0259hk\u0259m\u0259nin q\u0259rar\u0131 Az\u0259rbaycan t\u0259r\u0259find\u0259n icbari qaydada yerin\u0259 yetirilm\u0259lidir Avropa \u0130nsan ... Davam\u0131","og_url":"https:\/\/www.meydan.tv\/az\/article\/avropa-mehkemesi-lacin-dehlizinin-acilmasi-ile-bagli-qerarini-tesdiqleyib\/","og_site_name":"MEYDAN.TV","article_published_time":"2023-07-17T15:12:13+00:00","article_modified_time":"2023-07-17T15:12:15+00:00","og_image":[{"width":1280,"height":960,"url":"https:\/\/www.meydan.tv\/wp-content\/uploads\/2023-04-23_13_38_36-transformed.jpeg","type":"image\/jpeg"}],"author":"elli","twitter_card":"summary_large_image","twitter_creator":"@elli","schema":{"@context":"https:\/\/schema.org","@graph":[{"@type":"Article","@id":"https:\/\/www.meydan.tv\/az\/article\/avropa-mehkemesi-lacin-dehlizinin-acilmasi-ile-bagli-qerarini-tesdiqleyib\/#article","isPartOf":{"@id":"https:\/\/www.meydan.tv\/az\/article\/avropa-mehkemesi-lacin-dehlizinin-acilmasi-ile-bagli-qerarini-tesdiqleyib\/"},"author":{"name":"elli","@id":"https:\/\/www.meydan.tv\/az\/#\/schema\/person\/9cdbecf90d17180ce1dfbd95b08dcf47"},"headline":"Avropa M\u0259hk\u0259m\u0259si La\u00e7\u0131n d\u0259hlizinin a\u00e7\u0131lmas\u0131 il\u0259 ba\u011fl\u0131 q\u0259rar\u0131n\u0131 t\u0259sdiql\u0259yib","datePublished":"2023-07-17T15:12:13+00:00","dateModified":"2023-07-17T15:12:15+00:00","mainEntityOfPage":{"@id":"https:\/\/www.meydan.tv\/az\/article\/avropa-mehkemesi-lacin-dehlizinin-acilmasi-ile-bagli-qerarini-tesdiqleyib\/"},"wordCount":1001,"publisher":{"@id":"https:\/\/www.meydan.tv\/az\/#organization"},"image":{"@id":"https:\/\/www.meydan.tv\/az\/article\/avropa-mehkemesi-lacin-dehlizinin-acilmasi-ile-bagli-qerarini-tesdiqleyib\/#primaryimage"},"thumbnailUrl":"https:\/\/www.meydan.tv\/wp-content\/uploads\/2023-04-23_13_38_36-transformed.jpeg","articleSection":["Siyas\u0259t","X\u0259b\u0259rl\u0259r"],"inLanguage":"az"},{"@type":"WebPage","@id":"https:\/\/www.meydan.tv\/az\/article\/avropa-mehkemesi-lacin-dehlizinin-acilmasi-ile-bagli-qerarini-tesdiqleyib\/","url":"https:\/\/www.meydan.tv\/az\/article\/avropa-mehkemesi-lacin-dehlizinin-acilmasi-ile-bagli-qerarini-tesdiqleyib\/","name":"Avropa M\u0259hk\u0259m\u0259si La\u00e7\u0131n d\u0259hlizinin a\u00e7\u0131lmas\u0131 il\u0259 ba\u011fl\u0131 q\u0259rar\u0131n\u0131 t\u0259sdiql\u0259yib - MEYDAN.TV","isPartOf":{"@id":"https:\/\/www.meydan.tv\/az\/#website"},"primaryImageOfPage":{"@id":"https:\/\/www.meydan.tv\/az\/article\/avropa-mehkemesi-lacin-dehlizinin-acilmasi-ile-bagli-qerarini-tesdiqleyib\/#primaryimage"},"image":{"@id":"https:\/\/www.meydan.tv\/az\/article\/avropa-mehkemesi-lacin-dehlizinin-acilmasi-ile-bagli-qerarini-tesdiqleyib\/#primaryimage"},"thumbnailUrl":"https:\/\/www.meydan.tv\/wp-content\/uploads\/2023-04-23_13_38_36-transformed.jpeg","datePublished":"2023-07-17T15:12:13+00:00","dateModified":"2023-07-17T15:12:15+00:00","breadcrumb":{"@id":"https:\/\/www.meydan.tv\/az\/article\/avropa-mehkemesi-lacin-dehlizinin-acilmasi-ile-bagli-qerarini-tesdiqleyib\/#breadcrumb"},"inLanguage":"az","potentialAction":[{"@type":"ReadAction","target":["https:\/\/www.meydan.tv\/az\/article\/avropa-mehkemesi-lacin-dehlizinin-acilmasi-ile-bagli-qerarini-tesdiqleyib\/"]}]},{"@type":"ImageObject","inLanguage":"az","@id":"https:\/\/www.meydan.tv\/az\/article\/avropa-mehkemesi-lacin-dehlizinin-acilmasi-ile-bagli-qerarini-tesdiqleyib\/#primaryimage","url":"https:\/\/www.meydan.tv\/wp-content\/uploads\/2023-04-23_13_38_36-transformed.jpeg","contentUrl":"https:\/\/www.meydan.tv\/wp-content\/uploads\/2023-04-23_13_38_36-transformed.jpeg","width":1280,"height":960,"caption":"La\u00e7\u0131n yolu. Foto: DSX"},{"@type":"BreadcrumbList","@id":"https:\/\/www.meydan.tv\/az\/article\/avropa-mehkemesi-lacin-dehlizinin-acilmasi-ile-bagli-qerarini-tesdiqleyib\/#breadcrumb","itemListElement":[{"@type":"ListItem","position":1,"name":"Ana s\u0259hif\u0259","item":"https:\/\/www.meydan.tv\/az\/"},{"@type":"ListItem","position":2,"name":"Siyas\u0259t","item":"https:\/\/www.meydan.tv\/az\/section\/siyaset\/"},{"@type":"ListItem","position":3,"name":"Avropa M\u0259hk\u0259m\u0259si La\u00e7\u0131n d\u0259hlizinin a\u00e7\u0131lmas\u0131 il\u0259 ba\u011fl\u0131 q\u0259rar\u0131n\u0131 t\u0259sdiql\u0259yib"}]},{"@type":"WebSite","@id":"https:\/\/www.meydan.tv\/az\/#website","url":"https:\/\/www.meydan.tv\/az\/","name":"MEYDAN.TV","description":"Meydan TV Az\u0259rbaycan\u0131n media m\u0259kan\u0131ndak\u0131 alternativ s\u0259sidir","publisher":{"@id":"https:\/\/www.meydan.tv\/az\/#organization"},"potentialAction":[{"@type":"SearchAction","target":{"@type":"EntryPoint","urlTemplate":"https:\/\/www.meydan.tv\/az\/?s={search_term_string}"},"query-input":{"@type":"PropertyValueSpecification","valueRequired":true,"valueName":"search_term_string"}}],"inLanguage":"az"},{"@type":"Organization","@id":"https:\/\/www.meydan.tv\/az\/#organization","name":"Meydan TV","url":"https:\/\/www.meydan.tv\/az\/","logo":{"@type":"ImageObject","inLanguage":"az","@id":"https:\/\/www.meydan.tv\/az\/#\/schema\/logo\/image\/","url":"https:\/\/www.meydan.tv\/wp-content\/uploads\/2021\/07\/meydan-logo.svg","contentUrl":"https:\/\/www.meydan.tv\/wp-content\/uploads\/2021\/07\/meydan-logo.svg","width":195,"height":46,"caption":"Meydan TV"},"image":{"@id":"https:\/\/www.meydan.tv\/az\/#\/schema\/logo\/image\/"}},{"@type":"Person","@id":"https:\/\/www.meydan.tv\/az\/#\/schema\/person\/9cdbecf90d17180ce1dfbd95b08dcf47","name":"elli","sameAs":["https:\/\/x.com\/elli"]}]}},"_links":{"self":[{"href":"https:\/\/www.meydan.tv\/az\/wp-json\/wp\/v2\/posts\/280037","targetHints":{"allow":["GET"]}}],"collection":[{"href":"https:\/\/www.meydan.tv\/az\/wp-json\/wp\/v2\/posts"}],"about":[{"href":"https:\/\/www.meydan.tv\/az\/wp-json\/wp\/v2\/types\/post"}],"author":[{"embeddable":true,"href":"https:\/\/www.meydan.tv\/az\/wp-json\/wp\/v2\/users\/8"}],"replies":[{"embeddable":true,"href":"https:\/\/www.meydan.tv\/az\/wp-json\/wp\/v2\/comments?post=280037"}],"version-history":[{"count":1,"href":"https:\/\/www.meydan.tv\/az\/wp-json\/wp\/v2\/posts\/280037\/revisions"}],"predecessor-version":[{"id":280039,"href":"https:\/\/www.meydan.tv\/az\/wp-json\/wp\/v2\/posts\/280037\/revisions\/280039"}],"wp:featuredmedia":[{"embeddable":true,"href":"https:\/\/www.meydan.tv\/az\/wp-json\/wp\/v2\/media\/273526"}],"wp:attachment":[{"href":"https:\/\/www.meydan.tv\/az\/wp-json\/wp\/v2\/media?parent=280037"}],"wp:term":[{"taxonomy":"category","embeddable":true,"href":"https:\/\/www.meydan.tv\/az\/wp-json\/wp\/v2\/categories?post=280037"},{"taxonomy":"post_tag","embeddable":true,"href":"https:\/\/www.meydan.tv\/az\/wp-json\/wp\/v2\/tags?post=280037"}],"curies":[{"name":"wp","href":"https:\/\/api.w.org\/{rel}","templated":true}]}}