{"id":280025,"date":"2023-07-17T17:57:49","date_gmt":"2023-07-17T13:57:49","guid":{"rendered":"https:\/\/www.meydan.tv\/?p=280025"},"modified":"2023-07-17T17:57:51","modified_gmt":"2023-07-17T13:57:51","slug":"kim-kimden-ve-neden-utanmalidir","status":"publish","type":"post","link":"https:\/\/www.meydan.tv\/az\/article\/kim-kimden-ve-neden-utanmalidir\/","title":{"rendered":"Kim kimd\u0259n v\u0259 n\u0259d\u0259n utanmal\u0131d\u0131r"},"content":{"rendered":"\n<p><\/p>\n\n\n\n<p><strong>Z\u0259rd\u00fc\u015ft \u018flizad\u0259<\/strong><\/p>\n\n\n\n<p><strong><em>M\u0259ni bu q\u0259ziyy\u0259d\u0259 k\u00f6vr\u0259ld\u0259n bir m\u0259qam oldu\u2026<\/em><\/strong><\/p>\n\n\n\n<p>M\u00f6ht\u0259r\u0259m \u0130lham \u018fliyev c\u0259nablar\u0131 \u00f6z \u0259yan-\u0259\u015fr\u0259fin\u0259 buyurdu ki, polis\u0259 da\u015f atanlar utanmal\u0131d\u0131rlar.<\/p>\n\n\n\n<p>\u0130nsaf xatirin\u0259, 2020-ci ilin yay\u0131nda Milli M\u0259clis \u00f6n\u00fcnd\u0259 ke\u00e7irilmi\u015f mitinqin d\u0259rsl\u0259rind\u0259n ibr\u0259t g\u00f6t\u00fcr\u0259n prezident onu da \u0259lav\u0259 etdi ki, S\u00f6y\u00fcdl\u00fc k\u0259ndind\u0259 q\u0131z\u0131l \u00e7\u0131xaran xarici \u015firk\u0259t qazanc dal\u0131nca qa\u00e7anda t\u0259bi\u0259tin m\u00fchafiz\u0259sini v\u0259 k\u0259ndd\u0259 ya\u015fayan insanlar\u0131n h\u00fcquq v\u0259 sa\u011flaml\u0131\u011f\u0131n\u0131 b\u00fcsb\u00fct\u00fcn unudubmu\u015f. Sonra t\u0259bi\u0259tin m\u00fchafiz\u0259si namin\u0259 c\u0259fa \u00e7\u0259kib s\u0259fa g\u00f6r\u0259n nazirliyin i\u015f\u00e7il\u0259rini d\u0259 \u00f6z xidm\u0259ti v\u0259zif\u0259l\u0259rini laz\u0131minc\u0259 ifa etm\u0259dikl\u0259rin\u0259 g\u00f6r\u0259 m\u0259z\u0259mm\u0259t etdi.<\/p>\n\n\n\n<p>M\u00f6ht\u0259r\u0259m prezident etiraf etdi ki, h\u0259r hans\u0131 \u015firk\u0259tin qazanc g\u00fcdm\u0259si tamamil\u0259 t\u0259bii v\u0259 anla\u015f\u0131lan davran\u0131\u015fd\u0131r. Lakin \u015firk\u0259tl\u0259r bu qazanc\u0131n \u0259ld\u0259 edilm\u0259si namin\u0259 g\u0259r\u0259k t\u0259bi\u0259ti v\u0259 insanlar\u0131 unutmas\u0131nlar.<\/p>\n\n\n\n<p>N\u0259hay\u0259t, prezident vur\u011fulad\u0131 ki, k\u0259nd camaat\u0131n\u0131 q\u0131z\u0131\u015fd\u0131ran v\u0259 polisin g\u00f6z b\u0259b\u0259yi kimi qorudu\u011fu sabitliyi pozma\u011fa c\u0259hd ed\u0259n t\u0259xribat\u00e7\u0131 \u00fcns\u00fcrl\u0259r art\u0131q qism\u0259n m\u00fc\u0259yy\u0259nl\u0259\u015fdirilib v\u0259 tutulub (ard\u0131 var). Prezidenti \u0259s\u0259bil\u0259\u015fdir\u0259n \u0259n iyr\u0259nc h\u0259r\u0259k\u0259t S\u00f6y\u00fcdl\u00fc sakinl\u0259rinin etiraz zaman\u0131 s\u0259liq\u0259li v\u0259 s\u0259hvsiz \u015f\u00fcar yaz\u0131lm\u0131\u015f plakatlar qald\u0131rmas\u0131 olub. G\u0259d\u0259b\u0259yin da\u011f k\u0259ndi olsun, k\u0259ndlil\u0259rin \u015f\u00fcar\u0131n yaz\u0131lmas\u0131nda Az\u0259rbaycan dilinin qaydalar\u0131n\u0131 pozmamas\u0131 \u0259cn\u0259bi d\u00fc\u015fm\u0259n \u0259ll\u0259rinin t\u0259sirind\u0259n \u015f\u0259ksiz x\u0259b\u0259r verir. \u00c7\u00fcnki Bak\u0131n\u0131n m\u0259rk\u0259zind\u0259 \u015f\u0131d\u0131r\u011f\u0131 bina tik\u0259n do\u011fma milli biznesmenl\u0259rin yazd\u0131qlar\u0131 plakatlarda m\u00fctl\u0259q s\u0259hvl\u0259r tap\u0131l\u0131r.<\/p>\n\n\n\n<p>Bax\u0131n, bu s\u0259hvsiz yaz\u0131lm\u0131\u015f plakatlar Rusiya amilini art\u0131q istisna edir. Zira bu i\u015fi rus casuslar\u0131 icra ets\u0259ydi, h\u0259min plakatlarda bir yox, on s\u0259hv edil\u0259rdi. Yad\u0131n\u0131za \u0130ngilt\u0259r\u0259d\u0259 Skripallar\u0131n z\u0259h\u0259rl\u0259nm\u0259si hadis\u0259sini sal\u0131n. QRU agentl\u0259ri Petrov v\u0259 Bo\u015firov ne\u00e7\u0259 a\u011flas\u0131\u011fmaz s\u0259hv v\u0259 x\u0259ta t\u00f6r\u0259tmi\u015fdil\u0259r!<\/p>\n\n\n\n<p>Uza\u011fa getm\u0259y\u0259k\u00b8lap el\u0259 Ukraynaya t\u0259cav\u00fcz \u0259m\u0259liyyat\u0131 zaman\u0131 ba\u015f vermi\u015f \u0259fsan\u0259vi axmaql\u0131qlar\u0131 xat\u0131rlayaq. Odur ki, ba\u015fqa d\u00fc\u015fm\u0259n d\u00f6vl\u0259t axtarmal\u0131y\u0131q.<br>M\u00fcxt\u0259s\u0259r, S\u00f6y\u00fcdl\u00fc k\u0259ndind\u0259 q\u0131z\u0131l \u00e7\u0131xaran, qaz vurub qazan dolduran \u015firk\u0259tin i\u015fi m\u00fcv\u0259qq\u0259ti dayand\u0131r\u0131ld\u0131. Allahdan gizli deyil, m\u0259xluqdan niy\u0259 gizli olsun, k\u00fclli-\u0259hli-Az\u0259rbaycan \u00e7ox g\u00f6z\u0259l bilir ki, neft kimindir, q\u0131z\u0131l-g\u00fcm\u00fc\u015f kimin, aqroholdinql\u0259rin sahibl\u0259ri kimdir, yor\u011fa inki\u015faf ed\u0259n supermarketl\u0259rin qazanc\u0131n\u0131 kim g\u00f6t\u00fcr\u00fcr. Odur ki, q\u0131z\u0131l \u00e7\u0131xaran \u015firk\u0259tin m\u00fcv\u0259qq\u0259ti d\u0259 olsa, ba\u011flanmas\u0131, t\u0259bii ki, m\u00f6ht\u0259r\u0259m c\u0259nablar\u0131n\u0131n geni\u015f \u00fcr\u0259yinin qara camaata n\u00f6vb\u0259ti\u00a0 l\u00fctf\u00fcn\u00fcn \u0259lam\u0259tidir.<\/p>\n\n\n\n<p>Xub, bu q\u0259ziyy\u0259 bizim m\u0259ml\u0259k\u0259td\u0259 (oxucuya \u0259rz edim ki, m\u0259ml\u0259k\u0259tin ba\u015f\u0131nda m\u0259lik, s\u0259lt\u0259n\u0259tin ba\u015f\u0131nda sultan durar) d\u0259f\u0259l\u0259rl\u0259 eyni t\u0259rzd\u0259 ba\u015f ver\u0259n v\u0259 t\u0259xmin\u0259n eyni sonluqla n\u0259tic\u0259l\u0259n\u0259n q\u0259ziyy\u0259l\u0259r silsil\u0259sind\u0259 s\u0131ravi bir dan\u0259dir. B\u0259li, tutulanlar polis idar\u0259sind\u0259 onlarla m\u00fcst\u0259sna n\u0259zak\u0259tl\u0259 davran\u0131\u015fdan sonra boyunlar\u0131na alacaqlar ki, strateji \u0259h\u0259miyy\u0259ti olan S\u00f6y\u00fcdl\u00fc k\u0259ndin\u0259 d\u00fc\u015fm\u0259n d\u00f6vl\u0259tin x\u00fcsusi xidm\u0259t qurumlar\u0131n\u0131n tap\u015f\u0131r\u0131\u011f\u0131 il\u0259 g\u0259lib bizim \u0259ziz-x\u0259l\u0259f d\u00f6vl\u0259timizin milli dayaqlar\u0131n\u0131 sars\u0131tma\u011fa \u00e7al\u0131\u015f\u0131blar. Bunun \u00fc\u00e7\u00fcn onlar x\u0259bislikl\u0259 ikinci z\u0259h\u0259rli tullant\u0131 ambar\u0131n\u0131n qaz\u0131lmas\u0131ndan, T\u0259bii S\u0259rv\u0259tl\u0259r v\u0259 Ekologiya Nazirliyinin ba\u015f\u00e7\u0131s\u0131n\u0131n v\u0259 i\u015f\u00e7il\u0259rinin s\u0259hl\u0259nkarl\u0131\u011f\u0131ndan, m\u0259suliyy\u0259tsizliyind\u0259n sui-istifad\u0259 etm\u0259yi planla\u015fd\u0131r\u0131blar. <\/p>\n\n\n\n<p>N\u0259hay\u0259td\u0259 bizim d\u00fcnyada analoqu olmayan m\u0259hk\u0259m\u0259 sistemimiz onlara ya\u011fl\u0131 ittihamlarla \u00fczvi sur\u0259td\u0259 uzla\u015fan samball\u0131 h\u0259bs c\u0259zalar\u0131 k\u0259s\u0259c\u0259k v\u0259 onlar\u0131n ail\u0259 \u00fczvl\u0259ri\u00a0 boyunlar\u0131 b\u00fck\u00fck d\u00fc\u015f\u0259c\u0259k qazamatlar\u0131n qap\u0131lar\u0131na.<\/p>\n\n\n\n<p>M\u0259ni bu q\u0259ziyy\u0259d\u0259 k\u00f6vr\u0259ld\u0259n bir m\u0259qam oldu. M\u00f6ht\u0259r\u0259m Ali Ba\u015f Komandan S\u00f6y\u00fcdl\u00fc k\u0259ndind\u0259 bir \u0259li qalxanl\u0131, o biri \u0259li zopal\u0131 z\u0131rp\u0131 polis n\u0259f\u0259rl\u0259ri il\u0259 ya\u015fl\u0131 k\u0259ndli qad\u0131nlar\u0131n aras\u0131nda ba\u015f vermi\u015f d\u00f6y\u00fc\u015f s\u0259hn\u0259sini qiym\u0259tl\u0259ndir\u0259rk\u0259n d\u00f6y\u00fc\u015f taktikas\u0131ndan, h\u0259tta bu qar\u015f\u0131durma zaman\u0131 kimya elminin d\u00f6vl\u0259tl\u0259rin sabitliyin\u0259 verdiyi bib\u0259r qaz\u0131 kimi m\u00fct\u0259r\u0259qqi elmi nailiyy\u0259td\u0259n deyil, xalq\u0131m\u0131z\u0131n m\u0259n\u0259vi miras\u0131n\u0131n t\u0259zah\u00fcr\u00fc olan \u201cutanmaq\u201ddan s\u00f6z a\u00e7m\u0131\u015fd\u0131.<\/p>\n\n\n\n<p>B\u0259li, utanmaq. Nec\u0259 d\u0259 g\u00f6z\u0259l s\u00f6zd\u00fcr! Bu s\u00f6z\u00fc xalq\u0131m\u0131z\u0131n d\u00f6vl\u0259t l\u00fc\u011f\u0259tin\u0259, h\u0259tta, ola bilsin ki, Konstitusiyaya da ayr\u0131ca bir madd\u0259 kimi, m\u0259s\u0259l\u0259n, \u201cV\u0259t\u0259nda\u015flar\u0131n utanmaq azadl\u0131\u011f\u0131 haqq\u0131nda\u201d ba\u015fl\u0131\u011f\u0131 il\u0259 salmaq laz\u0131md\u0131r.<\/p>\n\n\n\n<p>\u018fmin\u0259m ki, xalq\u0131m\u0131z\u0131n h\u0259yat\u0131 bundan sonra ciddi t\u0259ezd\u0259 d\u0259yi\u015f\u0259 bil\u0259r. Bu yeni\u00a0 madd\u0259 \u0259slind\u0259 yaban\u00e7\u0131 xalqlar\u0131n t\u0259cr\u00fcb\u0259sind\u0259n mexaniki g\u00f6t\u00fcr\u00fcl\u00fcb bizim Ana Yasaya sal\u0131nm\u0131\u015f v\u0259\u00a0 xalq\u0131m\u0131za yad olan \u201cifad\u0259 azadl\u0131\u011f\u0131\u201d, \u201ctopla\u015fmaq azadl\u0131\u011f\u0131\u201d, \u201cse\u00e7m\u0259k v\u0259 se\u00e7ilm\u0259k azadl\u0131\u011f\u0131\u201d kimi \u0259ndr\u0259badi m\u0259fhumlar\u0131 s\u0131x\u0131\u015fd\u0131r\u0131b onlar\u0131 ictimai h\u0259yat\u0131m\u0131z\u0131n laz\u0131ms\u0131z k\u00fcncl\u0259rind\u0259n birin\u0259 salacaq.<br>Bax, onda xalq\u0131m\u0131z h\u0259r o\u011furluq milyonlarla tutulan m\u0259mura q\u0259ti imkan t\u0259dbiri kimi h\u0259bs \u0259v\u0259zin\u0259 \u201cutanmaq\u201d c\u0259zas\u0131n\u0131n verilm\u0259sini t\u0259l\u0259b ed\u0259c\u0259k. Polis v\u0259t\u0259nda\u015f\u0131 v\u0259h\u015fic\u0259sin\u0259 t\u0259pikl\u0259yib-yumruqlay\u0131b d\u00f6y\u00fcrs\u0259, onun c\u0259zas\u0131 yaln\u0131z utanmaq olacaq. Nazir b\u00fcdc\u0259d\u0259n r\u0259hb\u0259rlik etdiyi sah\u0259y\u0259 ayr\u0131lm\u0131\u015f v\u0259saiti dost-tan\u0131\u015f v\u0259 qohum-\u0259qr\u0259ban\u0131n k\u00f6m\u0259yi il\u0259 m\u0259nims\u0259yirs\u0259, xalqdan v\u0259 d\u00f6vl\u0259t ba\u015f\u00e7\u0131s\u0131ndan e\u015fid\u0259 bil\u0259c\u0259yi yegan\u0259 s\u00f6z \u201cutan\u201d olacaq. R\u00fc\u015fv\u0259t ittiham\u0131 il\u0259 h\u0259bsl\u0259r\u0259 son qoyulacaq, indi tutulmu\u015f b\u00fct\u00fcn voyenkomlar v\u0259 g\u00f6mr\u00fck i\u015f\u00e7il\u0259ri azadl\u0131\u011fa \u00e7\u0131x\u0131b \u00f6z topda\u011f\u0131tmaz ev-e\u015fiyind\u0259 asud\u0259 utanma\u011fa ba\u015flayacaq.<\/p>\n\n\n\n<p>Bu utanmaq fenomeni geni\u015f yay\u0131l\u0131b ictimai-siyasi h\u0259yat\u0131m\u0131z\u0131n b\u00fct\u00fcn sah\u0259l\u0259rini a\u011fu\u015funa alacaq. Plagiat elmi \u0259s\u0259rl\u0259r say\u0259sind\u0259 elmi adlar qazanm\u0131\u015f z\u0131rrama aliml\u0259rimiz\u00a0 non-stop utanacaqlar.<\/p>\n\n\n\n<p>M\u0259n nikbin birisiy\u0259m, xo\u015f v\u0259 xam x\u0259yallar d\u00fcnyas\u0131n\u0131 sevir\u0259m. B\u0259lk\u0259 g\u00fcn g\u0259l\u0259r, Az\u0259rbaycan\u0131n Elml\u0259r Akademiyas\u0131na ba\u011flanm\u0131\u015f \u0130sa H\u0259bibb\u0259yli c\u0259nablar\u0131 da\u00a0 utanma\u011fa ba\u015flayar.<br>B\u0259lk\u0259 d\u0259, b\u0259lk\u0259 d\u0259 prezident aparat\u0131n\u0131n Milli M\u0259clis\u0259 t\u0259yin etdiyi iqtidarl\u0131-m\u00fcxalif\u0259tli v\u0259kill\u0259rimiz d\u0259 utanma\u011fa ba\u015flayacaqlar.<\/p>\n\n\n\n<p>Xarici aliml\u0259r Az\u0259rbaycana g\u0259lib d\u00fcnyada analoqu olmayan bu t\u0259zah\u00fcr\u00fc \u00f6yr\u0259nm\u0259y\u0259 v\u0259 anlama\u011fa \u00e7al\u0131\u015facaqlar. N\u0259 vaxtsa onlardan biri\u00a0 \u201cutanmaq\u201dbar\u0259d\u0259 yazd\u0131\u011f\u0131 t\u0259dqiqata g\u00f6r\u0259 b\u0259lk\u0259 d\u0259 Nobel m\u00fckafat\u0131na layiq g\u00f6r\u00fcl\u0259c\u0259k. Onda mill\u0259tin imzas\u0131 n\u0259hay\u0259t ki, d\u00fc\u015f\u0259c\u0259k ba\u015fqa mill\u0259tl\u0259rin imzalar\u0131n\u0131n s\u0131ras\u0131na, biz d\u0259 bununla f\u0259xr ed\u0259c\u0259yik.<\/p>\n\n\n\n<p>Bu m\u0259qamda bir ha\u015fiy\u0259 \u00e7\u0131x\u0131b bir fikri ifad\u0259 etm\u0259k ist\u0259yir\u0259m. 44 g\u00fcnl\u00fck m\u00fcharib\u0259d\u0259n sonra m\u0259n el\u0259 z\u0259nn edirdim ki, bu q\u0259l\u0259b\u0259 say\u0259sind\u0259 \u0259ld\u0259 edilmi\u015f etimad y\u00fck\u00fc \u0130lham \u018fliyevin hakimiyy\u0259tini az\u0131 10 il polis zopas\u0131 v\u0259 se\u00e7ki f\u0131r\u0131ldaqlar\u0131 olmadan m\u00f6hk\u0259m saxlayacaq. F\u0259q\u0259t qazil\u0259rin v\u0259 \u0259sg\u0259rl\u0259rin m\u00fcnt\u0259z\u0259m intiharlar\u0131 v\u0259 c\u0259miyy\u0259tin \u0259n yuxar\u0131 s\u0259finin n\u00fcmay\u0259nd\u0259l\u0259rinin \u0259ndaz\u0259y\u0259 s\u0131\u011fmayan tamah\u0131 v\u0259 qudur\u011fanl\u0131\u011f\u0131 bu etimad y\u00fck\u00fcn\u00fc q\u0131zmar g\u00fcn\u0259\u015f altinda \u0259riy\u0259n buz kimi yoxa \u00e7\u0131xar\u0131r. Bu da onu g\u00f6st\u0259rir ki, t\u0259rp\u0259nm\u0259k vaxt\u0131d\u0131r, y\u00fcz k\u0259r\u0259 deyilmi\u015f v\u0259 yaz\u0131lm\u0131\u015f yalan\u00e7\u0131 v\u0259 bo\u011fazdan yuxar\u0131 deyil, ham\u0131n\u0131n g\u00f6z\u0259l anlad\u0131\u011f\u0131 ger\u00e7\u0259k islahatlar\u0131 ba\u015flamaq d\u0259midir.<\/p>\n\n\n\n<p>Qald\u0131 S\u00f6y\u00fcdl\u00fc k\u0259ndinin camaat\u0131na, \u0259min olsunlar ki, q\u0131z\u0131l\u0131n son qram\u0131 t\u00fck\u0259nm\u0259yinc\u0259, bu \u015firk\u0259t onlar\u0131n k\u0259ndind\u0259n \u0259l \u00e7\u0259km\u0259y\u0259c\u0259k.\u00a0<\/p>\n","protected":false},"excerpt":{"rendered":"<p>Z\u0259rd\u00fc\u015ft \u018flizad\u0259 M\u0259ni bu q\u0259ziyy\u0259d\u0259 k\u00f6vr\u0259ld\u0259n bir m\u0259qam oldu\u2026 M\u00f6ht\u0259r\u0259m &#8230; <\/p>\n<p class=\"read-more-container\"><a title=\"Kim kimd\u0259n v\u0259 n\u0259d\u0259n utanmal\u0131d\u0131r\" class=\"read-more button\" href=\"https:\/\/www.meydan.tv\/az\/article\/kim-kimden-ve-neden-utanmalidir\/#more-280025\" aria-label=\"Read more about Kim kimd\u0259n v\u0259 n\u0259d\u0259n utanmal\u0131d\u0131r\">Davam\u0131<\/a><\/p>\n","protected":false},"author":8,"featured_media":126823,"comment_status":"closed","ping_status":"closed","sticky":false,"template":"","format":"standard","meta":{"_acf_changed":false,"_sitemap_exclude":false,"_sitemap_priority":"","_sitemap_frequency":"","footnotes":""},"categories":[57],"tags":[],"class_list":["post-280025","post","type-post","status-publish","format-standard","has-post-thumbnail","hentry","category-menim-fikrimce","infinite-scroll-item","generate-columns","tablet-grid-50","mobile-grid-100","grid-parent","grid-33","no-featured-image-padding"],"acf":[],"yoast_head":"<!-- This site is optimized with the Yoast SEO plugin v27.4 - https:\/\/yoast.com\/product\/yoast-seo-wordpress\/ -->\n<title>Kim kimd\u0259n v\u0259 n\u0259d\u0259n utanmal\u0131d\u0131r - MEYDAN.TV<\/title>\n<meta name=\"robots\" content=\"index, follow, max-snippet:-1, max-image-preview:large, max-video-preview:-1\" \/>\n<link rel=\"canonical\" href=\"https:\/\/www.meydan.tv\/az\/article\/kim-kimden-ve-neden-utanmalidir\/\" \/>\n<meta property=\"og:locale\" content=\"az_AZ\" \/>\n<meta property=\"og:type\" content=\"article\" \/>\n<meta property=\"og:title\" content=\"Kim kimd\u0259n v\u0259 n\u0259d\u0259n utanmal\u0131d\u0131r - MEYDAN.TV\" \/>\n<meta property=\"og:description\" content=\"Z\u0259rd\u00fc\u015ft \u018flizad\u0259 M\u0259ni bu q\u0259ziyy\u0259d\u0259 k\u00f6vr\u0259ld\u0259n bir m\u0259qam oldu\u2026 M\u00f6ht\u0259r\u0259m ... Davam\u0131\" \/>\n<meta property=\"og:url\" content=\"https:\/\/www.meydan.tv\/az\/article\/kim-kimden-ve-neden-utanmalidir\/\" \/>\n<meta property=\"og:site_name\" content=\"MEYDAN.TV\" \/>\n<meta property=\"article:published_time\" content=\"2023-07-17T13:57:49+00:00\" \/>\n<meta property=\"article:modified_time\" content=\"2023-07-17T13:57:51+00:00\" \/>\n<meta property=\"og:image\" content=\"https:\/\/www.meydan.tv\/wp-content\/uploads\/image_from_ios_2_p52ittc.original.original-scaled-e1682070233838.jpg\" \/>\n\t<meta property=\"og:image:width\" content=\"2560\" \/>\n\t<meta property=\"og:image:height\" content=\"1158\" \/>\n\t<meta property=\"og:image:type\" content=\"image\/jpeg\" \/>\n<meta name=\"author\" content=\"elli\" \/>\n<meta name=\"twitter:card\" content=\"summary_large_image\" \/>\n<meta name=\"twitter:creator\" content=\"@elli\" \/>\n<script type=\"application\/ld+json\" class=\"yoast-schema-graph\">{\"@context\":\"https:\\\/\\\/schema.org\",\"@graph\":[{\"@type\":\"Article\",\"@id\":\"https:\\\/\\\/www.meydan.tv\\\/az\\\/article\\\/kim-kimden-ve-neden-utanmalidir\\\/#article\",\"isPartOf\":{\"@id\":\"https:\\\/\\\/www.meydan.tv\\\/az\\\/article\\\/kim-kimden-ve-neden-utanmalidir\\\/\"},\"author\":{\"name\":\"elli\",\"@id\":\"https:\\\/\\\/www.meydan.tv\\\/az\\\/#\\\/schema\\\/person\\\/9cdbecf90d17180ce1dfbd95b08dcf47\"},\"headline\":\"Kim kimd\u0259n v\u0259 n\u0259d\u0259n utanmal\u0131d\u0131r\",\"datePublished\":\"2023-07-17T13:57:49+00:00\",\"dateModified\":\"2023-07-17T13:57:51+00:00\",\"mainEntityOfPage\":{\"@id\":\"https:\\\/\\\/www.meydan.tv\\\/az\\\/article\\\/kim-kimden-ve-neden-utanmalidir\\\/\"},\"wordCount\":1566,\"publisher\":{\"@id\":\"https:\\\/\\\/www.meydan.tv\\\/az\\\/#organization\"},\"image\":{\"@id\":\"https:\\\/\\\/www.meydan.tv\\\/az\\\/article\\\/kim-kimden-ve-neden-utanmalidir\\\/#primaryimage\"},\"thumbnailUrl\":\"https:\\\/\\\/www.meydan.tv\\\/wp-content\\\/uploads\\\/image_from_ios_2_p52ittc.original.original-scaled-e1682070233838.jpg\",\"articleSection\":[\"M\u0259nim Fikrimc\u0259\"],\"inLanguage\":\"az\"},{\"@type\":\"WebPage\",\"@id\":\"https:\\\/\\\/www.meydan.tv\\\/az\\\/article\\\/kim-kimden-ve-neden-utanmalidir\\\/\",\"url\":\"https:\\\/\\\/www.meydan.tv\\\/az\\\/article\\\/kim-kimden-ve-neden-utanmalidir\\\/\",\"name\":\"Kim kimd\u0259n v\u0259 n\u0259d\u0259n utanmal\u0131d\u0131r - MEYDAN.TV\",\"isPartOf\":{\"@id\":\"https:\\\/\\\/www.meydan.tv\\\/az\\\/#website\"},\"primaryImageOfPage\":{\"@id\":\"https:\\\/\\\/www.meydan.tv\\\/az\\\/article\\\/kim-kimden-ve-neden-utanmalidir\\\/#primaryimage\"},\"image\":{\"@id\":\"https:\\\/\\\/www.meydan.tv\\\/az\\\/article\\\/kim-kimden-ve-neden-utanmalidir\\\/#primaryimage\"},\"thumbnailUrl\":\"https:\\\/\\\/www.meydan.tv\\\/wp-content\\\/uploads\\\/image_from_ios_2_p52ittc.original.original-scaled-e1682070233838.jpg\",\"datePublished\":\"2023-07-17T13:57:49+00:00\",\"dateModified\":\"2023-07-17T13:57:51+00:00\",\"breadcrumb\":{\"@id\":\"https:\\\/\\\/www.meydan.tv\\\/az\\\/article\\\/kim-kimden-ve-neden-utanmalidir\\\/#breadcrumb\"},\"inLanguage\":\"az\",\"potentialAction\":[{\"@type\":\"ReadAction\",\"target\":[\"https:\\\/\\\/www.meydan.tv\\\/az\\\/article\\\/kim-kimden-ve-neden-utanmalidir\\\/\"]}]},{\"@type\":\"ImageObject\",\"inLanguage\":\"az\",\"@id\":\"https:\\\/\\\/www.meydan.tv\\\/az\\\/article\\\/kim-kimden-ve-neden-utanmalidir\\\/#primaryimage\",\"url\":\"https:\\\/\\\/www.meydan.tv\\\/wp-content\\\/uploads\\\/image_from_ios_2_p52ittc.original.original-scaled-e1682070233838.jpg\",\"contentUrl\":\"https:\\\/\\\/www.meydan.tv\\\/wp-content\\\/uploads\\\/image_from_ios_2_p52ittc.original.original-scaled-e1682070233838.jpg\",\"width\":2560,\"height\":1158,\"caption\":\"Foto: Meydan TV\"},{\"@type\":\"BreadcrumbList\",\"@id\":\"https:\\\/\\\/www.meydan.tv\\\/az\\\/article\\\/kim-kimden-ve-neden-utanmalidir\\\/#breadcrumb\",\"itemListElement\":[{\"@type\":\"ListItem\",\"position\":1,\"name\":\"Ana s\u0259hif\u0259\",\"item\":\"https:\\\/\\\/www.meydan.tv\\\/az\\\/\"},{\"@type\":\"ListItem\",\"position\":2,\"name\":\"M\u0259nim Fikrimc\u0259\",\"item\":\"https:\\\/\\\/www.meydan.tv\\\/az\\\/section\\\/menim-fikrimce\\\/\"},{\"@type\":\"ListItem\",\"position\":3,\"name\":\"Kim kimd\u0259n v\u0259 n\u0259d\u0259n utanmal\u0131d\u0131r\"}]},{\"@type\":\"WebSite\",\"@id\":\"https:\\\/\\\/www.meydan.tv\\\/az\\\/#website\",\"url\":\"https:\\\/\\\/www.meydan.tv\\\/az\\\/\",\"name\":\"MEYDAN.TV\",\"description\":\"Meydan TV Az\u0259rbaycan\u0131n media m\u0259kan\u0131ndak\u0131 alternativ s\u0259sidir\",\"publisher\":{\"@id\":\"https:\\\/\\\/www.meydan.tv\\\/az\\\/#organization\"},\"potentialAction\":[{\"@type\":\"SearchAction\",\"target\":{\"@type\":\"EntryPoint\",\"urlTemplate\":\"https:\\\/\\\/www.meydan.tv\\\/az\\\/?s={search_term_string}\"},\"query-input\":{\"@type\":\"PropertyValueSpecification\",\"valueRequired\":true,\"valueName\":\"search_term_string\"}}],\"inLanguage\":\"az\"},{\"@type\":\"Organization\",\"@id\":\"https:\\\/\\\/www.meydan.tv\\\/az\\\/#organization\",\"name\":\"Meydan TV\",\"url\":\"https:\\\/\\\/www.meydan.tv\\\/az\\\/\",\"logo\":{\"@type\":\"ImageObject\",\"inLanguage\":\"az\",\"@id\":\"https:\\\/\\\/www.meydan.tv\\\/az\\\/#\\\/schema\\\/logo\\\/image\\\/\",\"url\":\"https:\\\/\\\/www.meydan.tv\\\/wp-content\\\/uploads\\\/2021\\\/07\\\/meydan-logo.svg\",\"contentUrl\":\"https:\\\/\\\/www.meydan.tv\\\/wp-content\\\/uploads\\\/2021\\\/07\\\/meydan-logo.svg\",\"width\":195,\"height\":46,\"caption\":\"Meydan TV\"},\"image\":{\"@id\":\"https:\\\/\\\/www.meydan.tv\\\/az\\\/#\\\/schema\\\/logo\\\/image\\\/\"}},{\"@type\":\"Person\",\"@id\":\"https:\\\/\\\/www.meydan.tv\\\/az\\\/#\\\/schema\\\/person\\\/9cdbecf90d17180ce1dfbd95b08dcf47\",\"name\":\"elli\",\"sameAs\":[\"https:\\\/\\\/x.com\\\/elli\"]}]}<\/script>\n<!-- \/ Yoast SEO plugin. -->","yoast_head_json":{"title":"Kim kimd\u0259n v\u0259 n\u0259d\u0259n utanmal\u0131d\u0131r - MEYDAN.TV","robots":{"index":"index","follow":"follow","max-snippet":"max-snippet:-1","max-image-preview":"max-image-preview:large","max-video-preview":"max-video-preview:-1"},"canonical":"https:\/\/www.meydan.tv\/az\/article\/kim-kimden-ve-neden-utanmalidir\/","og_locale":"az_AZ","og_type":"article","og_title":"Kim kimd\u0259n v\u0259 n\u0259d\u0259n utanmal\u0131d\u0131r - MEYDAN.TV","og_description":"Z\u0259rd\u00fc\u015ft \u018flizad\u0259 M\u0259ni bu q\u0259ziyy\u0259d\u0259 k\u00f6vr\u0259ld\u0259n bir m\u0259qam oldu\u2026 M\u00f6ht\u0259r\u0259m ... Davam\u0131","og_url":"https:\/\/www.meydan.tv\/az\/article\/kim-kimden-ve-neden-utanmalidir\/","og_site_name":"MEYDAN.TV","article_published_time":"2023-07-17T13:57:49+00:00","article_modified_time":"2023-07-17T13:57:51+00:00","og_image":[{"width":2560,"height":1158,"url":"https:\/\/www.meydan.tv\/wp-content\/uploads\/image_from_ios_2_p52ittc.original.original-scaled-e1682070233838.jpg","type":"image\/jpeg"}],"author":"elli","twitter_card":"summary_large_image","twitter_creator":"@elli","schema":{"@context":"https:\/\/schema.org","@graph":[{"@type":"Article","@id":"https:\/\/www.meydan.tv\/az\/article\/kim-kimden-ve-neden-utanmalidir\/#article","isPartOf":{"@id":"https:\/\/www.meydan.tv\/az\/article\/kim-kimden-ve-neden-utanmalidir\/"},"author":{"name":"elli","@id":"https:\/\/www.meydan.tv\/az\/#\/schema\/person\/9cdbecf90d17180ce1dfbd95b08dcf47"},"headline":"Kim kimd\u0259n v\u0259 n\u0259d\u0259n utanmal\u0131d\u0131r","datePublished":"2023-07-17T13:57:49+00:00","dateModified":"2023-07-17T13:57:51+00:00","mainEntityOfPage":{"@id":"https:\/\/www.meydan.tv\/az\/article\/kim-kimden-ve-neden-utanmalidir\/"},"wordCount":1566,"publisher":{"@id":"https:\/\/www.meydan.tv\/az\/#organization"},"image":{"@id":"https:\/\/www.meydan.tv\/az\/article\/kim-kimden-ve-neden-utanmalidir\/#primaryimage"},"thumbnailUrl":"https:\/\/www.meydan.tv\/wp-content\/uploads\/image_from_ios_2_p52ittc.original.original-scaled-e1682070233838.jpg","articleSection":["M\u0259nim Fikrimc\u0259"],"inLanguage":"az"},{"@type":"WebPage","@id":"https:\/\/www.meydan.tv\/az\/article\/kim-kimden-ve-neden-utanmalidir\/","url":"https:\/\/www.meydan.tv\/az\/article\/kim-kimden-ve-neden-utanmalidir\/","name":"Kim kimd\u0259n v\u0259 n\u0259d\u0259n utanmal\u0131d\u0131r - MEYDAN.TV","isPartOf":{"@id":"https:\/\/www.meydan.tv\/az\/#website"},"primaryImageOfPage":{"@id":"https:\/\/www.meydan.tv\/az\/article\/kim-kimden-ve-neden-utanmalidir\/#primaryimage"},"image":{"@id":"https:\/\/www.meydan.tv\/az\/article\/kim-kimden-ve-neden-utanmalidir\/#primaryimage"},"thumbnailUrl":"https:\/\/www.meydan.tv\/wp-content\/uploads\/image_from_ios_2_p52ittc.original.original-scaled-e1682070233838.jpg","datePublished":"2023-07-17T13:57:49+00:00","dateModified":"2023-07-17T13:57:51+00:00","breadcrumb":{"@id":"https:\/\/www.meydan.tv\/az\/article\/kim-kimden-ve-neden-utanmalidir\/#breadcrumb"},"inLanguage":"az","potentialAction":[{"@type":"ReadAction","target":["https:\/\/www.meydan.tv\/az\/article\/kim-kimden-ve-neden-utanmalidir\/"]}]},{"@type":"ImageObject","inLanguage":"az","@id":"https:\/\/www.meydan.tv\/az\/article\/kim-kimden-ve-neden-utanmalidir\/#primaryimage","url":"https:\/\/www.meydan.tv\/wp-content\/uploads\/image_from_ios_2_p52ittc.original.original-scaled-e1682070233838.jpg","contentUrl":"https:\/\/www.meydan.tv\/wp-content\/uploads\/image_from_ios_2_p52ittc.original.original-scaled-e1682070233838.jpg","width":2560,"height":1158,"caption":"Foto: Meydan TV"},{"@type":"BreadcrumbList","@id":"https:\/\/www.meydan.tv\/az\/article\/kim-kimden-ve-neden-utanmalidir\/#breadcrumb","itemListElement":[{"@type":"ListItem","position":1,"name":"Ana s\u0259hif\u0259","item":"https:\/\/www.meydan.tv\/az\/"},{"@type":"ListItem","position":2,"name":"M\u0259nim Fikrimc\u0259","item":"https:\/\/www.meydan.tv\/az\/section\/menim-fikrimce\/"},{"@type":"ListItem","position":3,"name":"Kim kimd\u0259n v\u0259 n\u0259d\u0259n utanmal\u0131d\u0131r"}]},{"@type":"WebSite","@id":"https:\/\/www.meydan.tv\/az\/#website","url":"https:\/\/www.meydan.tv\/az\/","name":"MEYDAN.TV","description":"Meydan TV Az\u0259rbaycan\u0131n media m\u0259kan\u0131ndak\u0131 alternativ s\u0259sidir","publisher":{"@id":"https:\/\/www.meydan.tv\/az\/#organization"},"potentialAction":[{"@type":"SearchAction","target":{"@type":"EntryPoint","urlTemplate":"https:\/\/www.meydan.tv\/az\/?s={search_term_string}"},"query-input":{"@type":"PropertyValueSpecification","valueRequired":true,"valueName":"search_term_string"}}],"inLanguage":"az"},{"@type":"Organization","@id":"https:\/\/www.meydan.tv\/az\/#organization","name":"Meydan TV","url":"https:\/\/www.meydan.tv\/az\/","logo":{"@type":"ImageObject","inLanguage":"az","@id":"https:\/\/www.meydan.tv\/az\/#\/schema\/logo\/image\/","url":"https:\/\/www.meydan.tv\/wp-content\/uploads\/2021\/07\/meydan-logo.svg","contentUrl":"https:\/\/www.meydan.tv\/wp-content\/uploads\/2021\/07\/meydan-logo.svg","width":195,"height":46,"caption":"Meydan TV"},"image":{"@id":"https:\/\/www.meydan.tv\/az\/#\/schema\/logo\/image\/"}},{"@type":"Person","@id":"https:\/\/www.meydan.tv\/az\/#\/schema\/person\/9cdbecf90d17180ce1dfbd95b08dcf47","name":"elli","sameAs":["https:\/\/x.com\/elli"]}]}},"_links":{"self":[{"href":"https:\/\/www.meydan.tv\/az\/wp-json\/wp\/v2\/posts\/280025","targetHints":{"allow":["GET"]}}],"collection":[{"href":"https:\/\/www.meydan.tv\/az\/wp-json\/wp\/v2\/posts"}],"about":[{"href":"https:\/\/www.meydan.tv\/az\/wp-json\/wp\/v2\/types\/post"}],"author":[{"embeddable":true,"href":"https:\/\/www.meydan.tv\/az\/wp-json\/wp\/v2\/users\/8"}],"replies":[{"embeddable":true,"href":"https:\/\/www.meydan.tv\/az\/wp-json\/wp\/v2\/comments?post=280025"}],"version-history":[{"count":1,"href":"https:\/\/www.meydan.tv\/az\/wp-json\/wp\/v2\/posts\/280025\/revisions"}],"predecessor-version":[{"id":280027,"href":"https:\/\/www.meydan.tv\/az\/wp-json\/wp\/v2\/posts\/280025\/revisions\/280027"}],"wp:featuredmedia":[{"embeddable":true,"href":"https:\/\/www.meydan.tv\/az\/wp-json\/wp\/v2\/media\/126823"}],"wp:attachment":[{"href":"https:\/\/www.meydan.tv\/az\/wp-json\/wp\/v2\/media?parent=280025"}],"wp:term":[{"taxonomy":"category","embeddable":true,"href":"https:\/\/www.meydan.tv\/az\/wp-json\/wp\/v2\/categories?post=280025"},{"taxonomy":"post_tag","embeddable":true,"href":"https:\/\/www.meydan.tv\/az\/wp-json\/wp\/v2\/tags?post=280025"}],"curies":[{"name":"wp","href":"https:\/\/api.w.org\/{rel}","templated":true}]}}