{"id":280020,"date":"2023-07-17T17:51:11","date_gmt":"2023-07-17T13:51:11","guid":{"rendered":"https:\/\/www.meydan.tv\/?p=280020"},"modified":"2023-07-17T18:14:49","modified_gmt":"2023-07-17T14:14:49","slug":"astara-sakini-belediyye-bize-aid-torpagi-ve-mulku-saxtalasdiraraq-basqa-adamin-adina-kecirib","status":"publish","type":"post","link":"https:\/\/www.meydan.tv\/az\/article\/astara-sakini-belediyye-bize-aid-torpagi-ve-mulku-saxtalasdiraraq-basqa-adamin-adina-kecirib\/","title":{"rendered":"Astara sakini: \u201cB\u0259l\u0259diyy\u0259 biz\u0259 aid torpa\u011f\u0131 v\u0259 m\u00fclk\u00fc saxtala\u015fd\u0131raraq, ba\u015fqa adam\u0131n ad\u0131na ke\u00e7irib\u201d"},"content":{"rendered":"\n<p><em>V\u0259t\u0259nda\u015f deyir ki, \u0259lind\u0259 b\u0259l\u0259diyy\u0259nin saxta \u00e7\u0131xard\u0131\u011f\u0131 alq\u0131-satq\u0131 s\u0259n\u0259di d\u0259 var<\/em><\/p>\n\n\n\n<p>Astara sakini Famil Zahida\u011fa o\u011flu Ba\u011f\u0131rov deyir ki, ill\u0259rdir, haqs\u0131zl\u0131qla \u00fczl\u0259\u015fir.<\/p>\n\n\n\n<p>\u201cAstara b\u0259l\u0259diyy\u0259si biz\u0259 aid torpa\u011f\u0131 v\u0259 m\u00fclk\u00fc saxtala\u015fd\u0131raraq, ba\u015fqa adam\u0131n ad\u0131na ke\u00e7irib. Yeddi il \u0259rzind\u0259 1500 \u0259riz\u0259 \u015fikay\u0259tl\u0259ri yazm\u0131\u015fam, baxan yoxdur\u201d, &#8211; \u015fikay\u0259t\u00e7i Meydan TV-y\u0259 dan\u0131\u015f\u0131r.<\/p>\n\n\n\n<p>Famil Ba\u011f\u0131rovun s\u00f6zl\u0259rin\u0259 g\u00f6r\u0259, yerli icra orqan\u0131 t\u0259r\u0259find\u0259n onlara m\u0259xsus da\u015f\u0131nmaz \u0259mlak atas\u0131n\u0131n \u00f6l\u00fcm\u00fcnd\u0259n sonra saxtala\u015fd\u0131r\u0131laraq, \u0259misi o\u011flunun ad\u0131na ke\u00e7irilib:<\/p>\n\n\n\n<p>\u201cEv Astaran\u0131n S\u0259m\u0259d Vur\u011fun k\u00fc\u00e7\u0259si 111 \u00fcnvan\u0131nda yerl\u0259\u015fir. 1980-ci ild\u0259 atam Zahida\u011fa Ba\u011f\u0131rov Astarada 6 sot torpa\u011f\u0131 m\u0259i\u015f\u0259t tullant\u0131lar\u0131ndan t\u0259mizl\u0259y\u0259r\u0259k, istifad\u0259 etm\u0259y\u0259 ba\u015flay\u0131b. 1995-ci ild\u0259, Xalq Deputatlar\u0131 Sovetinin (XDS) vaxt\u0131nda rayon m\u0259murlar\u0131 torpa\u011fa m\u00fclkiyy\u0259t h\u00fcququnun verilm\u0259si m\u0259qsdil\u0259 \u0259raziy\u0259 bax\u0131\u015f ke\u00e7iribl\u0259r. Sonra XDS i\u015f\u00e7il\u0259ri, yerli icra hakimiyy\u0259ti, torpaq \u015f\u00f6b\u0259sinin r\u0259isi v\u0259 \u015f\u0259h\u0259r sovetinin s\u0259drinin q\u0259rar\u0131 il\u0259 torpa\u011f\u0131n atam\u0131n istifad\u0259sin\u0259 verilm\u0259sin\u0259 dair r\u0259smi s\u0259n\u0259d t\u0259qdim edibl\u0259r\u201d.<\/p>\n\n\n\n<p>V\u0259t\u0259nda\u015f deyir ki, atas\u0131 1998-ci ild\u0259 orada \u00fcmumi sah\u0259si 30 kvadrat metr olan ev tikib:<\/p>\n\n\n\n<p>\u201c\u0130ki otaq v\u0259 eyvandan ibar\u0259t ev idi. 2012-ci ild\u0259 \u0259mim Elman Ba\u011f\u0131rov atam\u0131n evd\u0259 olmamas\u0131ndan istifad\u0259 ed\u0259r\u0259k bizi aldad\u0131b. O vaxt rayonda yalan\u00e7\u0131 bir MMC \u015firk\u0259ti vard\u0131. H\u0259min MMC-nin i\u015f\u00e7il\u0259rind\u0259n biri il\u0259 s\u00f6vd\u0259l\u0259\u015fib. Evimiz\u0259 qeyri-qanuni qiym\u0259tl\u0259ndirm\u0259 s\u0259n\u0259di \u00e7\u0131xararaq, \u0259mim o\u011flu R\u0259\u015fad Ba\u011f\u0131rova t\u0259qdim edib\u201d.<\/p>\n\n\n\n<p>\u201cAtam avtomobil q\u0259zas\u0131nda h\u0259yat\u0131n\u0131 itir\u0259nd\u0259n sonra Astara rayon b\u0259l\u0259diyy\u0259si il\u0259 alq\u0131-satq\u0131 edibl\u0259r. Say\u011fac\u0131n kodunu d\u0259yi\u015f\u0259nd\u0259n sonra Astara rayon B\u0259l\u0259diyy\u0259sin\u0259 3700 manat \u00f6d\u0259ni\u015f ed\u0259r\u0259k, torpa\u011f\u0131 al\u0131b, \u00f6z m\u00fclkiyy\u0259tl\u0259rin\u0259 \u00e7eviribl\u0259r. Halbuki, atam\u0131n varisi bizik. Atam\u0131n \u201cAz\u0259renerji\u201dy\u0259 (indiki \u201cAz\u0259ri\u015f\u0131q) olan illik d\u00f6vriyy\u0259 s\u0259n\u0259dl\u0259ri d\u0259 \u0259limd\u0259dir. Astara Rayon B\u0259l\u0259diyy\u0259sinin saxta \u00e7\u0131xard\u0131\u011f\u0131 alq\u0131-satq\u0131 s\u0259n\u0259di d\u0259 m\u0259nd\u0259dir. M\u0259s\u0259l\u0259 il\u0259 \u0259laq\u0259dar d\u0259f\u0259l\u0259rl\u0259 icra hakimiyy\u0259tin\u0259 m\u00fcraci\u0259t etmi\u015fik, bax\u0131lm\u0131r. \u00dcmidim yaln\u0131z \u00f6lk\u0259 ba\u015f\u00e7\u0131s\u0131nad\u0131r. B\u0259lk\u0259 o, evimizi geri alar. Haz\u0131rda f\u0259hl\u0259 i\u015fl\u0259yir\u0259m, ail\u0259mizi zorla doland\u0131r\u0131ram\u201d.<\/p>\n\n\n\n<p>Meydan TV Elman Ba\u011f\u0131rovla \u0259laq\u0259 saxlaya bilm\u0259yib.<\/p>\n\n\n\n<p>Astara Rayon \u0130cra Hakimiyy\u0259tin\u0259 v\u0259 Da\u015f\u0131nmaz \u018fmlak\u0131n D\u00f6vl\u0259t Reyestri Xidm\u0259ti g\u00f6nd\u0259ril\u0259n sor\u011fu cavabland\u0131r\u0131lmay\u0131b.<\/p>\n\n\n\n<p>\u0130cra hakimiyy\u0259tin\u0259 edil\u0259n t\u0259krar z\u0259ng zaman\u0131 bildirilib ki, m\u0259s\u0259l\u0259 rayon b\u0259l\u0259diyy\u0259sin\u0259 aiddir, onlar da cavabland\u0131rmal\u0131d\u0131rlar.<\/p>\n\n\n\n<p>Rayon b\u0259l\u0259diyy\u0259sind\u0259n is\u0259 z\u0259ngl\u0259r\u0259 cavab verilm\u0259yib.<\/p>\n","protected":false},"excerpt":{"rendered":"<p>V\u0259t\u0259nda\u015f deyir ki, \u0259lind\u0259 b\u0259l\u0259diyy\u0259nin saxta \u00e7\u0131xard\u0131\u011f\u0131 alq\u0131-satq\u0131 s\u0259n\u0259di d\u0259 &#8230; <\/p>\n<p class=\"read-more-container\"><a title=\"Astara sakini: \u201cB\u0259l\u0259diyy\u0259 biz\u0259 aid torpa\u011f\u0131 v\u0259 m\u00fclk\u00fc saxtala\u015fd\u0131raraq, ba\u015fqa adam\u0131n ad\u0131na ke\u00e7irib\u201d\" class=\"read-more button\" href=\"https:\/\/www.meydan.tv\/az\/article\/astara-sakini-belediyye-bize-aid-torpagi-ve-mulku-saxtalasdiraraq-basqa-adamin-adina-kecirib\/#more-280020\" aria-label=\"Read more about Astara sakini: \u201cB\u0259l\u0259diyy\u0259 biz\u0259 aid torpa\u011f\u0131 v\u0259 m\u00fclk\u00fc saxtala\u015fd\u0131raraq, ba\u015fqa adam\u0131n ad\u0131na ke\u00e7irib\u201d\">Davam\u0131<\/a><\/p>\n","protected":false},"author":12,"featured_media":280028,"comment_status":"closed","ping_status":"closed","sticky":false,"template":"","format":"standard","meta":{"_acf_changed":false,"_sitemap_exclude":false,"_sitemap_priority":"","_sitemap_frequency":"","footnotes":""},"categories":[60,62,79,56],"tags":[],"class_list":["post-280020","post","type-post","status-publish","format-standard","has-post-thumbnail","hentry","category-bolge","category-sosial","category-featured","category-xeberler","infinite-scroll-item","generate-columns","tablet-grid-50","mobile-grid-100","grid-parent","grid-33","no-featured-image-padding"],"acf":[],"yoast_head":"<!-- This site is optimized with the Yoast SEO plugin v27.5 - https:\/\/yoast.com\/product\/yoast-seo-wordpress\/ -->\n<title>Astara sakini: \u201cB\u0259l\u0259diyy\u0259 biz\u0259 aid torpa\u011f\u0131 v\u0259 m\u00fclk\u00fc saxtala\u015fd\u0131raraq, ba\u015fqa adam\u0131n ad\u0131na ke\u00e7irib\u201d - MEYDAN.TV<\/title>\n<meta name=\"robots\" content=\"index, follow, max-snippet:-1, max-image-preview:large, max-video-preview:-1\" \/>\n<link rel=\"canonical\" href=\"https:\/\/www.meydan.tv\/az\/article\/astara-sakini-belediyye-bize-aid-torpagi-ve-mulku-saxtalasdiraraq-basqa-adamin-adina-kecirib\/\" \/>\n<meta property=\"og:locale\" content=\"az_AZ\" \/>\n<meta property=\"og:type\" content=\"article\" \/>\n<meta property=\"og:title\" content=\"Astara sakini: \u201cB\u0259l\u0259diyy\u0259 biz\u0259 aid torpa\u011f\u0131 v\u0259 m\u00fclk\u00fc saxtala\u015fd\u0131raraq, ba\u015fqa adam\u0131n ad\u0131na ke\u00e7irib\u201d - MEYDAN.TV\" \/>\n<meta property=\"og:description\" content=\"V\u0259t\u0259nda\u015f deyir ki, \u0259lind\u0259 b\u0259l\u0259diyy\u0259nin saxta \u00e7\u0131xard\u0131\u011f\u0131 alq\u0131-satq\u0131 s\u0259n\u0259di d\u0259 ... Davam\u0131\" \/>\n<meta property=\"og:url\" content=\"https:\/\/www.meydan.tv\/az\/article\/astara-sakini-belediyye-bize-aid-torpagi-ve-mulku-saxtalasdiraraq-basqa-adamin-adina-kecirib\/\" \/>\n<meta property=\"og:site_name\" content=\"MEYDAN.TV\" \/>\n<meta property=\"article:published_time\" content=\"2023-07-17T13:51:11+00:00\" \/>\n<meta property=\"article:modified_time\" content=\"2023-07-17T14:14:49+00:00\" \/>\n<meta property=\"og:image\" content=\"https:\/\/www.meydan.tv\/wp-content\/uploads\/0980967r5786rjtyfhgcj.png\" \/>\n\t<meta property=\"og:image:width\" content=\"1372\" \/>\n\t<meta property=\"og:image:height\" content=\"753\" \/>\n\t<meta property=\"og:image:type\" content=\"image\/png\" \/>\n<meta name=\"author\" content=\"aleks\" \/>\n<meta name=\"twitter:card\" content=\"summary_large_image\" \/>\n<script type=\"application\/ld+json\" class=\"yoast-schema-graph\">{\"@context\":\"https:\\\/\\\/schema.org\",\"@graph\":[{\"@type\":\"Article\",\"@id\":\"https:\\\/\\\/www.meydan.tv\\\/az\\\/article\\\/astara-sakini-belediyye-bize-aid-torpagi-ve-mulku-saxtalasdiraraq-basqa-adamin-adina-kecirib\\\/#article\",\"isPartOf\":{\"@id\":\"https:\\\/\\\/www.meydan.tv\\\/az\\\/article\\\/astara-sakini-belediyye-bize-aid-torpagi-ve-mulku-saxtalasdiraraq-basqa-adamin-adina-kecirib\\\/\"},\"author\":{\"name\":\"aleks\",\"@id\":\"https:\\\/\\\/www.meydan.tv\\\/az\\\/#\\\/schema\\\/person\\\/476e9360e593fa131d5d71d51866f8da\"},\"headline\":\"Astara sakini: \u201cB\u0259l\u0259diyy\u0259 biz\u0259 aid torpa\u011f\u0131 v\u0259 m\u00fclk\u00fc saxtala\u015fd\u0131raraq, ba\u015fqa adam\u0131n ad\u0131na ke\u00e7irib\u201d\",\"datePublished\":\"2023-07-17T13:51:11+00:00\",\"dateModified\":\"2023-07-17T14:14:49+00:00\",\"mainEntityOfPage\":{\"@id\":\"https:\\\/\\\/www.meydan.tv\\\/az\\\/article\\\/astara-sakini-belediyye-bize-aid-torpagi-ve-mulku-saxtalasdiraraq-basqa-adamin-adina-kecirib\\\/\"},\"wordCount\":553,\"publisher\":{\"@id\":\"https:\\\/\\\/www.meydan.tv\\\/az\\\/#organization\"},\"image\":{\"@id\":\"https:\\\/\\\/www.meydan.tv\\\/az\\\/article\\\/astara-sakini-belediyye-bize-aid-torpagi-ve-mulku-saxtalasdiraraq-basqa-adamin-adina-kecirib\\\/#primaryimage\"},\"thumbnailUrl\":\"https:\\\/\\\/www.meydan.tv\\\/wp-content\\\/uploads\\\/0980967r5786rjtyfhgcj.png\",\"articleSection\":[\"B\u00f6lg\u0259\",\"Sosial\",\"T\u00f6vsiy\u0259\",\"X\u0259b\u0259rl\u0259r\"],\"inLanguage\":\"az\"},{\"@type\":\"WebPage\",\"@id\":\"https:\\\/\\\/www.meydan.tv\\\/az\\\/article\\\/astara-sakini-belediyye-bize-aid-torpagi-ve-mulku-saxtalasdiraraq-basqa-adamin-adina-kecirib\\\/\",\"url\":\"https:\\\/\\\/www.meydan.tv\\\/az\\\/article\\\/astara-sakini-belediyye-bize-aid-torpagi-ve-mulku-saxtalasdiraraq-basqa-adamin-adina-kecirib\\\/\",\"name\":\"Astara sakini: \u201cB\u0259l\u0259diyy\u0259 biz\u0259 aid torpa\u011f\u0131 v\u0259 m\u00fclk\u00fc saxtala\u015fd\u0131raraq, ba\u015fqa adam\u0131n ad\u0131na ke\u00e7irib\u201d - MEYDAN.TV\",\"isPartOf\":{\"@id\":\"https:\\\/\\\/www.meydan.tv\\\/az\\\/#website\"},\"primaryImageOfPage\":{\"@id\":\"https:\\\/\\\/www.meydan.tv\\\/az\\\/article\\\/astara-sakini-belediyye-bize-aid-torpagi-ve-mulku-saxtalasdiraraq-basqa-adamin-adina-kecirib\\\/#primaryimage\"},\"image\":{\"@id\":\"https:\\\/\\\/www.meydan.tv\\\/az\\\/article\\\/astara-sakini-belediyye-bize-aid-torpagi-ve-mulku-saxtalasdiraraq-basqa-adamin-adina-kecirib\\\/#primaryimage\"},\"thumbnailUrl\":\"https:\\\/\\\/www.meydan.tv\\\/wp-content\\\/uploads\\\/0980967r5786rjtyfhgcj.png\",\"datePublished\":\"2023-07-17T13:51:11+00:00\",\"dateModified\":\"2023-07-17T14:14:49+00:00\",\"breadcrumb\":{\"@id\":\"https:\\\/\\\/www.meydan.tv\\\/az\\\/article\\\/astara-sakini-belediyye-bize-aid-torpagi-ve-mulku-saxtalasdiraraq-basqa-adamin-adina-kecirib\\\/#breadcrumb\"},\"inLanguage\":\"az\",\"potentialAction\":[{\"@type\":\"ReadAction\",\"target\":[\"https:\\\/\\\/www.meydan.tv\\\/az\\\/article\\\/astara-sakini-belediyye-bize-aid-torpagi-ve-mulku-saxtalasdiraraq-basqa-adamin-adina-kecirib\\\/\"]}]},{\"@type\":\"ImageObject\",\"inLanguage\":\"az\",\"@id\":\"https:\\\/\\\/www.meydan.tv\\\/az\\\/article\\\/astara-sakini-belediyye-bize-aid-torpagi-ve-mulku-saxtalasdiraraq-basqa-adamin-adina-kecirib\\\/#primaryimage\",\"url\":\"https:\\\/\\\/www.meydan.tv\\\/wp-content\\\/uploads\\\/0980967r5786rjtyfhgcj.png\",\"contentUrl\":\"https:\\\/\\\/www.meydan.tv\\\/wp-content\\\/uploads\\\/0980967r5786rjtyfhgcj.png\",\"width\":1372,\"height\":753,\"caption\":\"Famil Zahida\u011fa o\u011flu Ba\u011f\u0131rov\"},{\"@type\":\"BreadcrumbList\",\"@id\":\"https:\\\/\\\/www.meydan.tv\\\/az\\\/article\\\/astara-sakini-belediyye-bize-aid-torpagi-ve-mulku-saxtalasdiraraq-basqa-adamin-adina-kecirib\\\/#breadcrumb\",\"itemListElement\":[{\"@type\":\"ListItem\",\"position\":1,\"name\":\"Ana s\u0259hif\u0259\",\"item\":\"https:\\\/\\\/www.meydan.tv\\\/az\\\/\"},{\"@type\":\"ListItem\",\"position\":2,\"name\":\"B\u00f6lg\u0259\",\"item\":\"https:\\\/\\\/www.meydan.tv\\\/az\\\/section\\\/bolge\\\/\"},{\"@type\":\"ListItem\",\"position\":3,\"name\":\"Astara sakini: \u201cB\u0259l\u0259diyy\u0259 biz\u0259 aid torpa\u011f\u0131 v\u0259 m\u00fclk\u00fc saxtala\u015fd\u0131raraq, ba\u015fqa adam\u0131n ad\u0131na ke\u00e7irib\u201d\"}]},{\"@type\":\"WebSite\",\"@id\":\"https:\\\/\\\/www.meydan.tv\\\/az\\\/#website\",\"url\":\"https:\\\/\\\/www.meydan.tv\\\/az\\\/\",\"name\":\"MEYDAN.TV\",\"description\":\"Meydan TV Az\u0259rbaycan\u0131n media m\u0259kan\u0131ndak\u0131 alternativ s\u0259sidir\",\"publisher\":{\"@id\":\"https:\\\/\\\/www.meydan.tv\\\/az\\\/#organization\"},\"potentialAction\":[{\"@type\":\"SearchAction\",\"target\":{\"@type\":\"EntryPoint\",\"urlTemplate\":\"https:\\\/\\\/www.meydan.tv\\\/az\\\/?s={search_term_string}\"},\"query-input\":{\"@type\":\"PropertyValueSpecification\",\"valueRequired\":true,\"valueName\":\"search_term_string\"}}],\"inLanguage\":\"az\"},{\"@type\":\"Organization\",\"@id\":\"https:\\\/\\\/www.meydan.tv\\\/az\\\/#organization\",\"name\":\"Meydan TV\",\"url\":\"https:\\\/\\\/www.meydan.tv\\\/az\\\/\",\"logo\":{\"@type\":\"ImageObject\",\"inLanguage\":\"az\",\"@id\":\"https:\\\/\\\/www.meydan.tv\\\/az\\\/#\\\/schema\\\/logo\\\/image\\\/\",\"url\":\"https:\\\/\\\/www.meydan.tv\\\/wp-content\\\/uploads\\\/2021\\\/07\\\/meydan-logo.svg\",\"contentUrl\":\"https:\\\/\\\/www.meydan.tv\\\/wp-content\\\/uploads\\\/2021\\\/07\\\/meydan-logo.svg\",\"width\":195,\"height\":46,\"caption\":\"Meydan TV\"},\"image\":{\"@id\":\"https:\\\/\\\/www.meydan.tv\\\/az\\\/#\\\/schema\\\/logo\\\/image\\\/\"}},{\"@type\":\"Person\",\"@id\":\"https:\\\/\\\/www.meydan.tv\\\/az\\\/#\\\/schema\\\/person\\\/476e9360e593fa131d5d71d51866f8da\",\"name\":\"aleks\"}]}<\/script>\n<!-- \/ Yoast SEO plugin. -->","yoast_head_json":{"title":"Astara sakini: \u201cB\u0259l\u0259diyy\u0259 biz\u0259 aid torpa\u011f\u0131 v\u0259 m\u00fclk\u00fc saxtala\u015fd\u0131raraq, ba\u015fqa adam\u0131n ad\u0131na ke\u00e7irib\u201d - MEYDAN.TV","robots":{"index":"index","follow":"follow","max-snippet":"max-snippet:-1","max-image-preview":"max-image-preview:large","max-video-preview":"max-video-preview:-1"},"canonical":"https:\/\/www.meydan.tv\/az\/article\/astara-sakini-belediyye-bize-aid-torpagi-ve-mulku-saxtalasdiraraq-basqa-adamin-adina-kecirib\/","og_locale":"az_AZ","og_type":"article","og_title":"Astara sakini: \u201cB\u0259l\u0259diyy\u0259 biz\u0259 aid torpa\u011f\u0131 v\u0259 m\u00fclk\u00fc saxtala\u015fd\u0131raraq, ba\u015fqa adam\u0131n ad\u0131na ke\u00e7irib\u201d - MEYDAN.TV","og_description":"V\u0259t\u0259nda\u015f deyir ki, \u0259lind\u0259 b\u0259l\u0259diyy\u0259nin saxta \u00e7\u0131xard\u0131\u011f\u0131 alq\u0131-satq\u0131 s\u0259n\u0259di d\u0259 ... Davam\u0131","og_url":"https:\/\/www.meydan.tv\/az\/article\/astara-sakini-belediyye-bize-aid-torpagi-ve-mulku-saxtalasdiraraq-basqa-adamin-adina-kecirib\/","og_site_name":"MEYDAN.TV","article_published_time":"2023-07-17T13:51:11+00:00","article_modified_time":"2023-07-17T14:14:49+00:00","og_image":[{"width":1372,"height":753,"url":"https:\/\/www.meydan.tv\/wp-content\/uploads\/0980967r5786rjtyfhgcj.png","type":"image\/png"}],"author":"aleks","twitter_card":"summary_large_image","schema":{"@context":"https:\/\/schema.org","@graph":[{"@type":"Article","@id":"https:\/\/www.meydan.tv\/az\/article\/astara-sakini-belediyye-bize-aid-torpagi-ve-mulku-saxtalasdiraraq-basqa-adamin-adina-kecirib\/#article","isPartOf":{"@id":"https:\/\/www.meydan.tv\/az\/article\/astara-sakini-belediyye-bize-aid-torpagi-ve-mulku-saxtalasdiraraq-basqa-adamin-adina-kecirib\/"},"author":{"name":"aleks","@id":"https:\/\/www.meydan.tv\/az\/#\/schema\/person\/476e9360e593fa131d5d71d51866f8da"},"headline":"Astara sakini: \u201cB\u0259l\u0259diyy\u0259 biz\u0259 aid torpa\u011f\u0131 v\u0259 m\u00fclk\u00fc saxtala\u015fd\u0131raraq, ba\u015fqa adam\u0131n ad\u0131na ke\u00e7irib\u201d","datePublished":"2023-07-17T13:51:11+00:00","dateModified":"2023-07-17T14:14:49+00:00","mainEntityOfPage":{"@id":"https:\/\/www.meydan.tv\/az\/article\/astara-sakini-belediyye-bize-aid-torpagi-ve-mulku-saxtalasdiraraq-basqa-adamin-adina-kecirib\/"},"wordCount":553,"publisher":{"@id":"https:\/\/www.meydan.tv\/az\/#organization"},"image":{"@id":"https:\/\/www.meydan.tv\/az\/article\/astara-sakini-belediyye-bize-aid-torpagi-ve-mulku-saxtalasdiraraq-basqa-adamin-adina-kecirib\/#primaryimage"},"thumbnailUrl":"https:\/\/www.meydan.tv\/wp-content\/uploads\/0980967r5786rjtyfhgcj.png","articleSection":["B\u00f6lg\u0259","Sosial","T\u00f6vsiy\u0259","X\u0259b\u0259rl\u0259r"],"inLanguage":"az"},{"@type":"WebPage","@id":"https:\/\/www.meydan.tv\/az\/article\/astara-sakini-belediyye-bize-aid-torpagi-ve-mulku-saxtalasdiraraq-basqa-adamin-adina-kecirib\/","url":"https:\/\/www.meydan.tv\/az\/article\/astara-sakini-belediyye-bize-aid-torpagi-ve-mulku-saxtalasdiraraq-basqa-adamin-adina-kecirib\/","name":"Astara sakini: \u201cB\u0259l\u0259diyy\u0259 biz\u0259 aid torpa\u011f\u0131 v\u0259 m\u00fclk\u00fc saxtala\u015fd\u0131raraq, ba\u015fqa adam\u0131n ad\u0131na ke\u00e7irib\u201d - MEYDAN.TV","isPartOf":{"@id":"https:\/\/www.meydan.tv\/az\/#website"},"primaryImageOfPage":{"@id":"https:\/\/www.meydan.tv\/az\/article\/astara-sakini-belediyye-bize-aid-torpagi-ve-mulku-saxtalasdiraraq-basqa-adamin-adina-kecirib\/#primaryimage"},"image":{"@id":"https:\/\/www.meydan.tv\/az\/article\/astara-sakini-belediyye-bize-aid-torpagi-ve-mulku-saxtalasdiraraq-basqa-adamin-adina-kecirib\/#primaryimage"},"thumbnailUrl":"https:\/\/www.meydan.tv\/wp-content\/uploads\/0980967r5786rjtyfhgcj.png","datePublished":"2023-07-17T13:51:11+00:00","dateModified":"2023-07-17T14:14:49+00:00","breadcrumb":{"@id":"https:\/\/www.meydan.tv\/az\/article\/astara-sakini-belediyye-bize-aid-torpagi-ve-mulku-saxtalasdiraraq-basqa-adamin-adina-kecirib\/#breadcrumb"},"inLanguage":"az","potentialAction":[{"@type":"ReadAction","target":["https:\/\/www.meydan.tv\/az\/article\/astara-sakini-belediyye-bize-aid-torpagi-ve-mulku-saxtalasdiraraq-basqa-adamin-adina-kecirib\/"]}]},{"@type":"ImageObject","inLanguage":"az","@id":"https:\/\/www.meydan.tv\/az\/article\/astara-sakini-belediyye-bize-aid-torpagi-ve-mulku-saxtalasdiraraq-basqa-adamin-adina-kecirib\/#primaryimage","url":"https:\/\/www.meydan.tv\/wp-content\/uploads\/0980967r5786rjtyfhgcj.png","contentUrl":"https:\/\/www.meydan.tv\/wp-content\/uploads\/0980967r5786rjtyfhgcj.png","width":1372,"height":753,"caption":"Famil Zahida\u011fa o\u011flu Ba\u011f\u0131rov"},{"@type":"BreadcrumbList","@id":"https:\/\/www.meydan.tv\/az\/article\/astara-sakini-belediyye-bize-aid-torpagi-ve-mulku-saxtalasdiraraq-basqa-adamin-adina-kecirib\/#breadcrumb","itemListElement":[{"@type":"ListItem","position":1,"name":"Ana s\u0259hif\u0259","item":"https:\/\/www.meydan.tv\/az\/"},{"@type":"ListItem","position":2,"name":"B\u00f6lg\u0259","item":"https:\/\/www.meydan.tv\/az\/section\/bolge\/"},{"@type":"ListItem","position":3,"name":"Astara sakini: \u201cB\u0259l\u0259diyy\u0259 biz\u0259 aid torpa\u011f\u0131 v\u0259 m\u00fclk\u00fc saxtala\u015fd\u0131raraq, ba\u015fqa adam\u0131n ad\u0131na ke\u00e7irib\u201d"}]},{"@type":"WebSite","@id":"https:\/\/www.meydan.tv\/az\/#website","url":"https:\/\/www.meydan.tv\/az\/","name":"MEYDAN.TV","description":"Meydan TV Az\u0259rbaycan\u0131n media m\u0259kan\u0131ndak\u0131 alternativ s\u0259sidir","publisher":{"@id":"https:\/\/www.meydan.tv\/az\/#organization"},"potentialAction":[{"@type":"SearchAction","target":{"@type":"EntryPoint","urlTemplate":"https:\/\/www.meydan.tv\/az\/?s={search_term_string}"},"query-input":{"@type":"PropertyValueSpecification","valueRequired":true,"valueName":"search_term_string"}}],"inLanguage":"az"},{"@type":"Organization","@id":"https:\/\/www.meydan.tv\/az\/#organization","name":"Meydan TV","url":"https:\/\/www.meydan.tv\/az\/","logo":{"@type":"ImageObject","inLanguage":"az","@id":"https:\/\/www.meydan.tv\/az\/#\/schema\/logo\/image\/","url":"https:\/\/www.meydan.tv\/wp-content\/uploads\/2021\/07\/meydan-logo.svg","contentUrl":"https:\/\/www.meydan.tv\/wp-content\/uploads\/2021\/07\/meydan-logo.svg","width":195,"height":46,"caption":"Meydan TV"},"image":{"@id":"https:\/\/www.meydan.tv\/az\/#\/schema\/logo\/image\/"}},{"@type":"Person","@id":"https:\/\/www.meydan.tv\/az\/#\/schema\/person\/476e9360e593fa131d5d71d51866f8da","name":"aleks"}]}},"_links":{"self":[{"href":"https:\/\/www.meydan.tv\/az\/wp-json\/wp\/v2\/posts\/280020","targetHints":{"allow":["GET"]}}],"collection":[{"href":"https:\/\/www.meydan.tv\/az\/wp-json\/wp\/v2\/posts"}],"about":[{"href":"https:\/\/www.meydan.tv\/az\/wp-json\/wp\/v2\/types\/post"}],"author":[{"embeddable":true,"href":"https:\/\/www.meydan.tv\/az\/wp-json\/wp\/v2\/users\/12"}],"replies":[{"embeddable":true,"href":"https:\/\/www.meydan.tv\/az\/wp-json\/wp\/v2\/comments?post=280020"}],"version-history":[{"count":1,"href":"https:\/\/www.meydan.tv\/az\/wp-json\/wp\/v2\/posts\/280020\/revisions"}],"predecessor-version":[{"id":280024,"href":"https:\/\/www.meydan.tv\/az\/wp-json\/wp\/v2\/posts\/280020\/revisions\/280024"}],"wp:featuredmedia":[{"embeddable":true,"href":"https:\/\/www.meydan.tv\/az\/wp-json\/wp\/v2\/media\/280028"}],"wp:attachment":[{"href":"https:\/\/www.meydan.tv\/az\/wp-json\/wp\/v2\/media?parent=280020"}],"wp:term":[{"taxonomy":"category","embeddable":true,"href":"https:\/\/www.meydan.tv\/az\/wp-json\/wp\/v2\/categories?post=280020"},{"taxonomy":"post_tag","embeddable":true,"href":"https:\/\/www.meydan.tv\/az\/wp-json\/wp\/v2\/tags?post=280020"}],"curies":[{"name":"wp","href":"https:\/\/api.w.org\/{rel}","templated":true}]}}