{"id":280018,"date":"2023-07-17T17:42:30","date_gmt":"2023-07-17T13:42:30","guid":{"rendered":"https:\/\/www.meydan.tv\/?p=280018"},"modified":"2023-07-17T17:42:32","modified_gmt":"2023-07-17T13:42:32","slug":"rusiyanin-medeniyyet-ve-tehsil-nazirleri-sanksiyalar-siyahisina-dusub","status":"publish","type":"post","link":"https:\/\/www.meydan.tv\/az\/article\/rusiyanin-medeniyyet-ve-tehsil-nazirleri-sanksiyalar-siyahisina-dusub\/","title":{"rendered":"Rusiyan\u0131n m\u0259d\u0259niyy\u0259t v\u0259 t\u0259hsil nazirl\u0259ri sanksiyalar siyah\u0131s\u0131na d\u00fc\u015f\u00fcb"},"content":{"rendered":"\n<p><em>B\u00f6y\u00fck Britaniyan\u0131n yeni siyah\u0131s\u0131nda u\u015faq t\u0259\u015fkilat\u0131n\u0131n, h\u00fcquq m\u00fcdafi\u0259\u00e7il\u0259rinin d\u0259 ad\u0131 var<\/em><\/p>\n\n\n\n<p>B\u00f6y\u00fck Britaniyan\u0131n sanksiya siyah\u0131s\u0131n\u0131 yenil\u0259diyi bildirilir.<\/p>\n\n\n\n<p>\u00d6lk\u0259nin Maliyy\u0259 Sanksiyalar\u0131n\u0131n T\u0259tbiqi Ofisinin (OFSI) d\u0259rc etdiyi siyah\u0131da Rusiyan\u0131n t\u0259hsil naziri Sergey Kravtsov, m\u0259d\u0259niyy\u0259t naziri Olqa Lyubimova v\u0259 jurnalist Anton Krasovskinin d\u0259 ad\u0131 oldu\u011fu <a href=\"https:\/\/meduza.io\/news\/2023\/07\/17\/velikobritaniya-vvela-sanktsii-protiv-ministra-prosvescheniya-rf-sergeya-kravtsova-ministra-kultury-olgi-lyubimovoy-i-byvshego-sotrudnika-rt-antona-krasovskogo\" target=\"_blank\" rel=\"noreferrer noopener\">deyilir<\/a>.<\/p>\n\n\n\n<p>Britaniya hakimiyy\u0259t orqanlar\u0131n\u0131n m\u0259lumat\u0131na g\u00f6r\u0259, t\u0259hsil naziri Sergey Kravtsov Rusiya h\u00f6kum\u0259tinin ukraynal\u0131 u\u015faqlar\u0131n deportasiya olaraq t\u0259hsild\u0259n k\u0259narda qalmas\u0131na, yaxud da yenid\u0259n c\u0259lb olunmas\u0131na s\u0259b\u0259b olub.<\/p>\n\n\n\n<p>M\u0259d\u0259niyy\u0259t naziri Olqa Lyubimova is\u0259 Ukrayna suverenliyin\u0259 t\u0259hl\u00fck\u0259 yaradan siyas\u0259ti v\u0259 h\u0259r\u0259k\u0259tl\u0259ri d\u0259st\u0259kl\u0259yib.<\/p>\n\n\n\n<p>Siyah\u0131ya ilhaq edilmi\u015f Kr\u0131mdak\u0131 \u201cArtek\u201d beyn\u0259lxalq u\u015faq m\u0259rk\u0259zi d\u0259 daxildir. Sanksiyalar\u0131n \u0259sasland\u0131r\u0131lmas\u0131nda m\u0259rk\u0259zin ukraynal\u0131 u\u015faqlar\u0131n m\u0259cburi deportasiya s\u0259b\u0259bind\u0259n t\u0259hsild\u0259n k\u0259narda qalmas\u0131 il\u0259 m\u0259\u015f\u011ful olmad\u0131\u011f\u0131 bildirilir.<\/p>\n\n\n\n<p>Siyah\u0131ya h\u0259m\u00e7inin Moskva vilay\u0259ti h\u00f6kum\u0259tinin s\u0259dr m\u00fcavini Vya\u00e7eslav Duhin, \u00f6z\u00fcn\u00fc elan etmi\u015f Donetsk Xalq Respublikas\u0131 r\u0259hb\u0259rinin u\u015faq h\u00fcquqlar\u0131 \u00fczr\u0259 m\u00fc\u015faviri Eleonora Fedorenko, Xarkov vilay\u0259tinin i\u015f\u011fal olunmu\u015f hiss\u0259sinin Rusiya t\u0259r\u0259find\u0259n t\u0259yin edilmi\u015f r\u0259hb\u0259ri Vitali Qan\u00e7ev, Ba\u015fq\u0131rd\u0131stan\u0131n ail\u0259, \u0259m\u0259k v\u0259 sosial m\u00fcdafi\u0259 naziri Lenara \u0130vanova, \u201cG\u0259ncl\u0259r Ordusu\u201dnun&nbsp; (Yunarmiya) Sevastopol b\u00f6lm\u0259sinin aparat r\u0259hb\u0259ri Vladimir Kovalenko, Ad\u0131gey Respublikas\u0131n\u0131n d\u00f6vl\u0259t ba\u015f\u00e7\u0131s\u0131 Murat Kumpilov, u\u015faq h\u00fcquqlar\u0131 \u00fczr\u0259 m\u00fcv\u0259kkill\u0259ri Kseniya Mi\u015fonova v\u0259 Daria Morozova, siyas\u0259t\u00e7i Timofey Sergeytsev, Kam\u00e7atkan\u0131n qubernatoru Vladimir Solodov da var.<\/p>\n\n\n\n<p>Rusiya Prezidenti Vladimir Putin Ukraynan\u0131n \u015f\u0259rqind\u0259ki separat\u00e7\u0131 qurumlar\u0131 tan\u0131d\u0131\u011f\u0131n\u0131 b\u0259yan etdikd\u0259n 2 g\u00fcn sonra, fevral\u0131n 24-d\u0259 Ukraynaya qar\u015f\u0131 m\u00fcharib\u0259y\u0259 ba\u015flay\u0131b.<\/p>\n\n\n\n<p>D\u00fcnyan\u0131n \u0259ks\u0259r \u00f6lk\u0259si Rusiyan\u0131n h\u00fccumunu pisl\u0259yib. Bundan sonra Avropa Birliyi \u00f6lk\u0259l\u0259ri, el\u0259c\u0259 d\u0259 AB\u015e Rusiyaya qar\u015f\u0131 sanksiyalar t\u0259tbiq edib.<\/p>\n\n\n\n<p>600-d\u0259n \u00e7ox rusiyal\u0131 oliqarx, y\u00fcks\u0259k r\u00fctb\u0259li h\u0259rb\u00e7il\u0259r, \u015firk\u0259t sahibl\u0259ri, biznesmenl\u0259rl\u0259 yana\u015f\u0131, Rusiya Prezidenti Vladimir Putin v\u0259 xarici i\u015fl\u0259r naziri Sergey Lavrov sanksiyalara m\u0259ruz qal\u0131blar. Rusiyada t\u0259\u015fkil olunacaq yar\u0131\u015flar t\u0259xir\u0259 sal\u0131n\u0131b, bu \u00f6lk\u0259nin ad\u0131 m\u00fch\u00fcm t\u0259dbirl\u0259rd\u0259n v\u0259 t\u0259\u015fkilatlardan \u00e7\u0131xar\u0131l\u0131b.<\/p>\n","protected":false},"excerpt":{"rendered":"<p>B\u00f6y\u00fck Britaniyan\u0131n yeni siyah\u0131s\u0131nda u\u015faq t\u0259\u015fkilat\u0131n\u0131n, h\u00fcquq m\u00fcdafi\u0259\u00e7il\u0259rinin d\u0259 ad\u0131 &#8230; <\/p>\n<p class=\"read-more-container\"><a title=\"Rusiyan\u0131n m\u0259d\u0259niyy\u0259t v\u0259 t\u0259hsil nazirl\u0259ri sanksiyalar siyah\u0131s\u0131na d\u00fc\u015f\u00fcb\" class=\"read-more button\" href=\"https:\/\/www.meydan.tv\/az\/article\/rusiyanin-medeniyyet-ve-tehsil-nazirleri-sanksiyalar-siyahisina-dusub\/#more-280018\" aria-label=\"Read more about Rusiyan\u0131n m\u0259d\u0259niyy\u0259t v\u0259 t\u0259hsil nazirl\u0259ri sanksiyalar siyah\u0131s\u0131na d\u00fc\u015f\u00fcb\">Davam\u0131<\/a><\/p>\n","protected":false},"author":12,"featured_media":235263,"comment_status":"closed","ping_status":"closed","sticky":false,"template":"","format":"standard","meta":{"_acf_changed":false,"_sitemap_exclude":false,"_sitemap_priority":"","_sitemap_frequency":"","footnotes":""},"categories":[64,52,56],"tags":[],"class_list":["post-280018","post","type-post","status-publish","format-standard","has-post-thumbnail","hentry","category-dunya","category-medeniyyet","category-xeberler","infinite-scroll-item","generate-columns","tablet-grid-50","mobile-grid-100","grid-parent","grid-33","no-featured-image-padding"],"acf":[],"yoast_head":"<!-- This site is optimized with the Yoast SEO plugin v27.4 - https:\/\/yoast.com\/product\/yoast-seo-wordpress\/ -->\n<title>Rusiyan\u0131n m\u0259d\u0259niyy\u0259t v\u0259 t\u0259hsil nazirl\u0259ri sanksiyalar siyah\u0131s\u0131na d\u00fc\u015f\u00fcb - MEYDAN.TV<\/title>\n<meta name=\"robots\" content=\"index, follow, max-snippet:-1, max-image-preview:large, max-video-preview:-1\" \/>\n<link rel=\"canonical\" href=\"https:\/\/www.meydan.tv\/az\/article\/rusiyanin-medeniyyet-ve-tehsil-nazirleri-sanksiyalar-siyahisina-dusub\/\" \/>\n<meta property=\"og:locale\" content=\"az_AZ\" \/>\n<meta property=\"og:type\" content=\"article\" \/>\n<meta property=\"og:title\" content=\"Rusiyan\u0131n m\u0259d\u0259niyy\u0259t v\u0259 t\u0259hsil nazirl\u0259ri sanksiyalar siyah\u0131s\u0131na d\u00fc\u015f\u00fcb - MEYDAN.TV\" \/>\n<meta property=\"og:description\" content=\"B\u00f6y\u00fck Britaniyan\u0131n yeni siyah\u0131s\u0131nda u\u015faq t\u0259\u015fkilat\u0131n\u0131n, h\u00fcquq m\u00fcdafi\u0259\u00e7il\u0259rinin d\u0259 ad\u0131 ... Davam\u0131\" \/>\n<meta property=\"og:url\" content=\"https:\/\/www.meydan.tv\/az\/article\/rusiyanin-medeniyyet-ve-tehsil-nazirleri-sanksiyalar-siyahisina-dusub\/\" \/>\n<meta property=\"og:site_name\" content=\"MEYDAN.TV\" \/>\n<meta property=\"article:published_time\" content=\"2023-07-17T13:42:30+00:00\" \/>\n<meta property=\"article:modified_time\" content=\"2023-07-17T13:42:32+00:00\" \/>\n<meta property=\"og:image\" content=\"https:\/\/www.meydan.tv\/wp-content\/uploads\/2022-02-22t112121z_1_lynxmpei1l0go_rtroptp_4_ukraine-crisis-russia-flights.jpg\" \/>\n\t<meta property=\"og:image:width\" content=\"1200\" \/>\n\t<meta property=\"og:image:height\" content=\"754\" \/>\n\t<meta property=\"og:image:type\" content=\"image\/jpeg\" \/>\n<meta name=\"author\" content=\"aleks\" \/>\n<meta name=\"twitter:card\" content=\"summary_large_image\" \/>\n<script type=\"application\/ld+json\" class=\"yoast-schema-graph\">{\"@context\":\"https:\\\/\\\/schema.org\",\"@graph\":[{\"@type\":\"Article\",\"@id\":\"https:\\\/\\\/www.meydan.tv\\\/az\\\/article\\\/rusiyanin-medeniyyet-ve-tehsil-nazirleri-sanksiyalar-siyahisina-dusub\\\/#article\",\"isPartOf\":{\"@id\":\"https:\\\/\\\/www.meydan.tv\\\/az\\\/article\\\/rusiyanin-medeniyyet-ve-tehsil-nazirleri-sanksiyalar-siyahisina-dusub\\\/\"},\"author\":{\"name\":\"aleks\",\"@id\":\"https:\\\/\\\/www.meydan.tv\\\/az\\\/#\\\/schema\\\/person\\\/476e9360e593fa131d5d71d51866f8da\"},\"headline\":\"Rusiyan\u0131n m\u0259d\u0259niyy\u0259t v\u0259 t\u0259hsil nazirl\u0259ri sanksiyalar siyah\u0131s\u0131na d\u00fc\u015f\u00fcb\",\"datePublished\":\"2023-07-17T13:42:30+00:00\",\"dateModified\":\"2023-07-17T13:42:32+00:00\",\"mainEntityOfPage\":{\"@id\":\"https:\\\/\\\/www.meydan.tv\\\/az\\\/article\\\/rusiyanin-medeniyyet-ve-tehsil-nazirleri-sanksiyalar-siyahisina-dusub\\\/\"},\"wordCount\":468,\"publisher\":{\"@id\":\"https:\\\/\\\/www.meydan.tv\\\/az\\\/#organization\"},\"image\":{\"@id\":\"https:\\\/\\\/www.meydan.tv\\\/az\\\/article\\\/rusiyanin-medeniyyet-ve-tehsil-nazirleri-sanksiyalar-siyahisina-dusub\\\/#primaryimage\"},\"thumbnailUrl\":\"https:\\\/\\\/www.meydan.tv\\\/wp-content\\\/uploads\\\/2022-02-22t112121z_1_lynxmpei1l0go_rtroptp_4_ukraine-crisis-russia-flights.jpg\",\"articleSection\":[\"D\u00fcnya\",\"M\u0259d\u0259niyy\u0259t\",\"X\u0259b\u0259rl\u0259r\"],\"inLanguage\":\"az\"},{\"@type\":\"WebPage\",\"@id\":\"https:\\\/\\\/www.meydan.tv\\\/az\\\/article\\\/rusiyanin-medeniyyet-ve-tehsil-nazirleri-sanksiyalar-siyahisina-dusub\\\/\",\"url\":\"https:\\\/\\\/www.meydan.tv\\\/az\\\/article\\\/rusiyanin-medeniyyet-ve-tehsil-nazirleri-sanksiyalar-siyahisina-dusub\\\/\",\"name\":\"Rusiyan\u0131n m\u0259d\u0259niyy\u0259t v\u0259 t\u0259hsil nazirl\u0259ri sanksiyalar siyah\u0131s\u0131na d\u00fc\u015f\u00fcb - MEYDAN.TV\",\"isPartOf\":{\"@id\":\"https:\\\/\\\/www.meydan.tv\\\/az\\\/#website\"},\"primaryImageOfPage\":{\"@id\":\"https:\\\/\\\/www.meydan.tv\\\/az\\\/article\\\/rusiyanin-medeniyyet-ve-tehsil-nazirleri-sanksiyalar-siyahisina-dusub\\\/#primaryimage\"},\"image\":{\"@id\":\"https:\\\/\\\/www.meydan.tv\\\/az\\\/article\\\/rusiyanin-medeniyyet-ve-tehsil-nazirleri-sanksiyalar-siyahisina-dusub\\\/#primaryimage\"},\"thumbnailUrl\":\"https:\\\/\\\/www.meydan.tv\\\/wp-content\\\/uploads\\\/2022-02-22t112121z_1_lynxmpei1l0go_rtroptp_4_ukraine-crisis-russia-flights.jpg\",\"datePublished\":\"2023-07-17T13:42:30+00:00\",\"dateModified\":\"2023-07-17T13:42:32+00:00\",\"breadcrumb\":{\"@id\":\"https:\\\/\\\/www.meydan.tv\\\/az\\\/article\\\/rusiyanin-medeniyyet-ve-tehsil-nazirleri-sanksiyalar-siyahisina-dusub\\\/#breadcrumb\"},\"inLanguage\":\"az\",\"potentialAction\":[{\"@type\":\"ReadAction\",\"target\":[\"https:\\\/\\\/www.meydan.tv\\\/az\\\/article\\\/rusiyanin-medeniyyet-ve-tehsil-nazirleri-sanksiyalar-siyahisina-dusub\\\/\"]}]},{\"@type\":\"ImageObject\",\"inLanguage\":\"az\",\"@id\":\"https:\\\/\\\/www.meydan.tv\\\/az\\\/article\\\/rusiyanin-medeniyyet-ve-tehsil-nazirleri-sanksiyalar-siyahisina-dusub\\\/#primaryimage\",\"url\":\"https:\\\/\\\/www.meydan.tv\\\/wp-content\\\/uploads\\\/2022-02-22t112121z_1_lynxmpei1l0go_rtroptp_4_ukraine-crisis-russia-flights.jpg\",\"contentUrl\":\"https:\\\/\\\/www.meydan.tv\\\/wp-content\\\/uploads\\\/2022-02-22t112121z_1_lynxmpei1l0go_rtroptp_4_ukraine-crisis-russia-flights.jpg\",\"width\":1200,\"height\":754,\"caption\":\"Rusiya, M\u0259nb\u0259: Reuters\"},{\"@type\":\"BreadcrumbList\",\"@id\":\"https:\\\/\\\/www.meydan.tv\\\/az\\\/article\\\/rusiyanin-medeniyyet-ve-tehsil-nazirleri-sanksiyalar-siyahisina-dusub\\\/#breadcrumb\",\"itemListElement\":[{\"@type\":\"ListItem\",\"position\":1,\"name\":\"Ana s\u0259hif\u0259\",\"item\":\"https:\\\/\\\/www.meydan.tv\\\/az\\\/\"},{\"@type\":\"ListItem\",\"position\":2,\"name\":\"M\u0259d\u0259niyy\u0259t\",\"item\":\"https:\\\/\\\/www.meydan.tv\\\/az\\\/section\\\/medeniyyet\\\/\"},{\"@type\":\"ListItem\",\"position\":3,\"name\":\"Rusiyan\u0131n m\u0259d\u0259niyy\u0259t v\u0259 t\u0259hsil nazirl\u0259ri sanksiyalar siyah\u0131s\u0131na d\u00fc\u015f\u00fcb\"}]},{\"@type\":\"WebSite\",\"@id\":\"https:\\\/\\\/www.meydan.tv\\\/az\\\/#website\",\"url\":\"https:\\\/\\\/www.meydan.tv\\\/az\\\/\",\"name\":\"MEYDAN.TV\",\"description\":\"Meydan TV Az\u0259rbaycan\u0131n media m\u0259kan\u0131ndak\u0131 alternativ s\u0259sidir\",\"publisher\":{\"@id\":\"https:\\\/\\\/www.meydan.tv\\\/az\\\/#organization\"},\"potentialAction\":[{\"@type\":\"SearchAction\",\"target\":{\"@type\":\"EntryPoint\",\"urlTemplate\":\"https:\\\/\\\/www.meydan.tv\\\/az\\\/?s={search_term_string}\"},\"query-input\":{\"@type\":\"PropertyValueSpecification\",\"valueRequired\":true,\"valueName\":\"search_term_string\"}}],\"inLanguage\":\"az\"},{\"@type\":\"Organization\",\"@id\":\"https:\\\/\\\/www.meydan.tv\\\/az\\\/#organization\",\"name\":\"Meydan TV\",\"url\":\"https:\\\/\\\/www.meydan.tv\\\/az\\\/\",\"logo\":{\"@type\":\"ImageObject\",\"inLanguage\":\"az\",\"@id\":\"https:\\\/\\\/www.meydan.tv\\\/az\\\/#\\\/schema\\\/logo\\\/image\\\/\",\"url\":\"https:\\\/\\\/www.meydan.tv\\\/wp-content\\\/uploads\\\/2021\\\/07\\\/meydan-logo.svg\",\"contentUrl\":\"https:\\\/\\\/www.meydan.tv\\\/wp-content\\\/uploads\\\/2021\\\/07\\\/meydan-logo.svg\",\"width\":195,\"height\":46,\"caption\":\"Meydan TV\"},\"image\":{\"@id\":\"https:\\\/\\\/www.meydan.tv\\\/az\\\/#\\\/schema\\\/logo\\\/image\\\/\"}},{\"@type\":\"Person\",\"@id\":\"https:\\\/\\\/www.meydan.tv\\\/az\\\/#\\\/schema\\\/person\\\/476e9360e593fa131d5d71d51866f8da\",\"name\":\"aleks\"}]}<\/script>\n<!-- \/ Yoast SEO plugin. -->","yoast_head_json":{"title":"Rusiyan\u0131n m\u0259d\u0259niyy\u0259t v\u0259 t\u0259hsil nazirl\u0259ri sanksiyalar siyah\u0131s\u0131na d\u00fc\u015f\u00fcb - MEYDAN.TV","robots":{"index":"index","follow":"follow","max-snippet":"max-snippet:-1","max-image-preview":"max-image-preview:large","max-video-preview":"max-video-preview:-1"},"canonical":"https:\/\/www.meydan.tv\/az\/article\/rusiyanin-medeniyyet-ve-tehsil-nazirleri-sanksiyalar-siyahisina-dusub\/","og_locale":"az_AZ","og_type":"article","og_title":"Rusiyan\u0131n m\u0259d\u0259niyy\u0259t v\u0259 t\u0259hsil nazirl\u0259ri sanksiyalar siyah\u0131s\u0131na d\u00fc\u015f\u00fcb - MEYDAN.TV","og_description":"B\u00f6y\u00fck Britaniyan\u0131n yeni siyah\u0131s\u0131nda u\u015faq t\u0259\u015fkilat\u0131n\u0131n, h\u00fcquq m\u00fcdafi\u0259\u00e7il\u0259rinin d\u0259 ad\u0131 ... Davam\u0131","og_url":"https:\/\/www.meydan.tv\/az\/article\/rusiyanin-medeniyyet-ve-tehsil-nazirleri-sanksiyalar-siyahisina-dusub\/","og_site_name":"MEYDAN.TV","article_published_time":"2023-07-17T13:42:30+00:00","article_modified_time":"2023-07-17T13:42:32+00:00","og_image":[{"width":1200,"height":754,"url":"https:\/\/www.meydan.tv\/wp-content\/uploads\/2022-02-22t112121z_1_lynxmpei1l0go_rtroptp_4_ukraine-crisis-russia-flights.jpg","type":"image\/jpeg"}],"author":"aleks","twitter_card":"summary_large_image","schema":{"@context":"https:\/\/schema.org","@graph":[{"@type":"Article","@id":"https:\/\/www.meydan.tv\/az\/article\/rusiyanin-medeniyyet-ve-tehsil-nazirleri-sanksiyalar-siyahisina-dusub\/#article","isPartOf":{"@id":"https:\/\/www.meydan.tv\/az\/article\/rusiyanin-medeniyyet-ve-tehsil-nazirleri-sanksiyalar-siyahisina-dusub\/"},"author":{"name":"aleks","@id":"https:\/\/www.meydan.tv\/az\/#\/schema\/person\/476e9360e593fa131d5d71d51866f8da"},"headline":"Rusiyan\u0131n m\u0259d\u0259niyy\u0259t v\u0259 t\u0259hsil nazirl\u0259ri sanksiyalar siyah\u0131s\u0131na d\u00fc\u015f\u00fcb","datePublished":"2023-07-17T13:42:30+00:00","dateModified":"2023-07-17T13:42:32+00:00","mainEntityOfPage":{"@id":"https:\/\/www.meydan.tv\/az\/article\/rusiyanin-medeniyyet-ve-tehsil-nazirleri-sanksiyalar-siyahisina-dusub\/"},"wordCount":468,"publisher":{"@id":"https:\/\/www.meydan.tv\/az\/#organization"},"image":{"@id":"https:\/\/www.meydan.tv\/az\/article\/rusiyanin-medeniyyet-ve-tehsil-nazirleri-sanksiyalar-siyahisina-dusub\/#primaryimage"},"thumbnailUrl":"https:\/\/www.meydan.tv\/wp-content\/uploads\/2022-02-22t112121z_1_lynxmpei1l0go_rtroptp_4_ukraine-crisis-russia-flights.jpg","articleSection":["D\u00fcnya","M\u0259d\u0259niyy\u0259t","X\u0259b\u0259rl\u0259r"],"inLanguage":"az"},{"@type":"WebPage","@id":"https:\/\/www.meydan.tv\/az\/article\/rusiyanin-medeniyyet-ve-tehsil-nazirleri-sanksiyalar-siyahisina-dusub\/","url":"https:\/\/www.meydan.tv\/az\/article\/rusiyanin-medeniyyet-ve-tehsil-nazirleri-sanksiyalar-siyahisina-dusub\/","name":"Rusiyan\u0131n m\u0259d\u0259niyy\u0259t v\u0259 t\u0259hsil nazirl\u0259ri sanksiyalar siyah\u0131s\u0131na d\u00fc\u015f\u00fcb - MEYDAN.TV","isPartOf":{"@id":"https:\/\/www.meydan.tv\/az\/#website"},"primaryImageOfPage":{"@id":"https:\/\/www.meydan.tv\/az\/article\/rusiyanin-medeniyyet-ve-tehsil-nazirleri-sanksiyalar-siyahisina-dusub\/#primaryimage"},"image":{"@id":"https:\/\/www.meydan.tv\/az\/article\/rusiyanin-medeniyyet-ve-tehsil-nazirleri-sanksiyalar-siyahisina-dusub\/#primaryimage"},"thumbnailUrl":"https:\/\/www.meydan.tv\/wp-content\/uploads\/2022-02-22t112121z_1_lynxmpei1l0go_rtroptp_4_ukraine-crisis-russia-flights.jpg","datePublished":"2023-07-17T13:42:30+00:00","dateModified":"2023-07-17T13:42:32+00:00","breadcrumb":{"@id":"https:\/\/www.meydan.tv\/az\/article\/rusiyanin-medeniyyet-ve-tehsil-nazirleri-sanksiyalar-siyahisina-dusub\/#breadcrumb"},"inLanguage":"az","potentialAction":[{"@type":"ReadAction","target":["https:\/\/www.meydan.tv\/az\/article\/rusiyanin-medeniyyet-ve-tehsil-nazirleri-sanksiyalar-siyahisina-dusub\/"]}]},{"@type":"ImageObject","inLanguage":"az","@id":"https:\/\/www.meydan.tv\/az\/article\/rusiyanin-medeniyyet-ve-tehsil-nazirleri-sanksiyalar-siyahisina-dusub\/#primaryimage","url":"https:\/\/www.meydan.tv\/wp-content\/uploads\/2022-02-22t112121z_1_lynxmpei1l0go_rtroptp_4_ukraine-crisis-russia-flights.jpg","contentUrl":"https:\/\/www.meydan.tv\/wp-content\/uploads\/2022-02-22t112121z_1_lynxmpei1l0go_rtroptp_4_ukraine-crisis-russia-flights.jpg","width":1200,"height":754,"caption":"Rusiya, M\u0259nb\u0259: Reuters"},{"@type":"BreadcrumbList","@id":"https:\/\/www.meydan.tv\/az\/article\/rusiyanin-medeniyyet-ve-tehsil-nazirleri-sanksiyalar-siyahisina-dusub\/#breadcrumb","itemListElement":[{"@type":"ListItem","position":1,"name":"Ana s\u0259hif\u0259","item":"https:\/\/www.meydan.tv\/az\/"},{"@type":"ListItem","position":2,"name":"M\u0259d\u0259niyy\u0259t","item":"https:\/\/www.meydan.tv\/az\/section\/medeniyyet\/"},{"@type":"ListItem","position":3,"name":"Rusiyan\u0131n m\u0259d\u0259niyy\u0259t v\u0259 t\u0259hsil nazirl\u0259ri sanksiyalar siyah\u0131s\u0131na d\u00fc\u015f\u00fcb"}]},{"@type":"WebSite","@id":"https:\/\/www.meydan.tv\/az\/#website","url":"https:\/\/www.meydan.tv\/az\/","name":"MEYDAN.TV","description":"Meydan TV Az\u0259rbaycan\u0131n media m\u0259kan\u0131ndak\u0131 alternativ s\u0259sidir","publisher":{"@id":"https:\/\/www.meydan.tv\/az\/#organization"},"potentialAction":[{"@type":"SearchAction","target":{"@type":"EntryPoint","urlTemplate":"https:\/\/www.meydan.tv\/az\/?s={search_term_string}"},"query-input":{"@type":"PropertyValueSpecification","valueRequired":true,"valueName":"search_term_string"}}],"inLanguage":"az"},{"@type":"Organization","@id":"https:\/\/www.meydan.tv\/az\/#organization","name":"Meydan TV","url":"https:\/\/www.meydan.tv\/az\/","logo":{"@type":"ImageObject","inLanguage":"az","@id":"https:\/\/www.meydan.tv\/az\/#\/schema\/logo\/image\/","url":"https:\/\/www.meydan.tv\/wp-content\/uploads\/2021\/07\/meydan-logo.svg","contentUrl":"https:\/\/www.meydan.tv\/wp-content\/uploads\/2021\/07\/meydan-logo.svg","width":195,"height":46,"caption":"Meydan TV"},"image":{"@id":"https:\/\/www.meydan.tv\/az\/#\/schema\/logo\/image\/"}},{"@type":"Person","@id":"https:\/\/www.meydan.tv\/az\/#\/schema\/person\/476e9360e593fa131d5d71d51866f8da","name":"aleks"}]}},"_links":{"self":[{"href":"https:\/\/www.meydan.tv\/az\/wp-json\/wp\/v2\/posts\/280018","targetHints":{"allow":["GET"]}}],"collection":[{"href":"https:\/\/www.meydan.tv\/az\/wp-json\/wp\/v2\/posts"}],"about":[{"href":"https:\/\/www.meydan.tv\/az\/wp-json\/wp\/v2\/types\/post"}],"author":[{"embeddable":true,"href":"https:\/\/www.meydan.tv\/az\/wp-json\/wp\/v2\/users\/12"}],"replies":[{"embeddable":true,"href":"https:\/\/www.meydan.tv\/az\/wp-json\/wp\/v2\/comments?post=280018"}],"version-history":[{"count":1,"href":"https:\/\/www.meydan.tv\/az\/wp-json\/wp\/v2\/posts\/280018\/revisions"}],"predecessor-version":[{"id":280019,"href":"https:\/\/www.meydan.tv\/az\/wp-json\/wp\/v2\/posts\/280018\/revisions\/280019"}],"wp:featuredmedia":[{"embeddable":true,"href":"https:\/\/www.meydan.tv\/az\/wp-json\/wp\/v2\/media\/235263"}],"wp:attachment":[{"href":"https:\/\/www.meydan.tv\/az\/wp-json\/wp\/v2\/media?parent=280018"}],"wp:term":[{"taxonomy":"category","embeddable":true,"href":"https:\/\/www.meydan.tv\/az\/wp-json\/wp\/v2\/categories?post=280018"},{"taxonomy":"post_tag","embeddable":true,"href":"https:\/\/www.meydan.tv\/az\/wp-json\/wp\/v2\/tags?post=280018"}],"curies":[{"name":"wp","href":"https:\/\/api.w.org\/{rel}","templated":true}]}}