{"id":280013,"date":"2023-07-17T17:39:06","date_gmt":"2023-07-17T13:39:06","guid":{"rendered":"https:\/\/www.meydan.tv\/?p=280013"},"modified":"2023-07-17T17:39:08","modified_gmt":"2023-07-17T13:39:08","slug":"baki-beynelxalq-qisa-filmler-festivalina-filmlerin-qebulu-baslayib","status":"publish","type":"post","link":"https:\/\/www.meydan.tv\/az\/article\/baki-beynelxalq-qisa-filmler-festivalina-filmlerin-qebulu-baslayib\/","title":{"rendered":"Bak\u0131 Beyn\u0259lxalq Q\u0131sa Filml\u0259r Festival\u0131na filml\u0259rin q\u0259bulu ba\u015flay\u0131b"},"content":{"rendered":"\n<p><em>\u201cCinemobil\u201d-\u0259 mobil telefon, plan\u015fet vasit\u0259sil\u0259 \u00e7\u0259kil\u0259n b\u0259dii, s\u0259n\u0259dli filml\u0259r g\u00f6t\u00fcr\u00fcl\u00fcr<\/em><\/p>\n\n\n\n<p>14-c\u00fc Bak\u0131 Beyn\u0259lxalq Q\u0131sa Filml\u0259r Festival\u0131na film q\u0259bulu ba\u015flay\u0131b.<\/p>\n\n\n\n<p>Festival t\u0259\u015fkilat\u00e7\u0131lar\u0131n\u0131n yayd\u0131\u011f\u0131 press-relizd\u0259 bildirilir ki, m\u00fc\u0259llifl\u0259r festival\u0131n beyn\u0259lxalq v\u0259 yerli m\u00fcsabiq\u0259sin\u0259 30 d\u0259qiq\u0259, \u201cCinemobil\u201d-\u0259 is\u0259 5 d\u0259qiq\u0259d\u0259n \u00e7ox olmayan filml\u0259rini t\u0259qdim ed\u0259 bil\u0259rl\u0259r.<\/p>\n\n\n\n<p>Beyn\u0259lxalq m\u00fcsabiq\u0259y\u0259 xarici v\u0259 yerli m\u00fc\u0259llifl\u0259r b\u0259dii, s\u0259n\u0259dli v\u0259 animasiya filml\u0259rini avqustun 31-n\u0259 <a href=\"https:\/\/filmfreeway.com\/bakuisff\">kimi<\/a>\u00a0 platformas\u0131 \u00fcz\u0259rind\u0259n g\u00f6nd\u0259rm\u0259lidirl\u0259r.<\/p>\n\n\n\n<p>Yerli m\u00fcsabiq\u0259y\u0259 b\u0259dii, s\u0259n\u0259dli, animasiya filml\u0259ri v\u0259 sosial \u00e7arxlar q\u0259bul olunur.<\/p>\n\n\n\n<p>M\u00fc\u0259llifl\u0259r filml\u0259rini festival\u0131n <a href=\"http:\/\/www.filmfestival.az\" target=\"_blank\" rel=\"noreferrer noopener\">sayt\u0131<\/a>  vasit\u0259sil\u0259 sentyabr\u0131n 20-n\u0259 kimi g\u00f6nd\u0259r\u0259 bil\u0259r.<\/p>\n\n\n\n<p>Yerli m\u00fcsabiq\u0259d\u0259 i\u015ftirak h\u00fcququ qazanan filml\u0259r \u201c\u018fn yax\u015f\u0131 b\u0259dii film\u201d, \u201c\u018fn yax\u015f\u0131 s\u0259n\u0259dli film\u201d, \u201c\u018fn yax\u015f\u0131 animasiya filmi\u201d, \u201c\u018fn yax\u015f\u0131 sosial \u00e7arx\u201d, \u201c\u018fn yax\u015f\u0131 rejissor\u201d, \u201c\u018fn yax\u015f\u0131 ssenari\u201d, \u201c\u018fn yax\u015f\u0131 t\u0259l\u0259b\u0259 filmi\u201d nominasiyas\u0131 u\u011frunda m\u00fcbariz\u0259y\u0259 qo\u015fulacaq.<\/p>\n\n\n\n<p>\u201cCinemobil\u201d-\u0259 mobil telefon, plan\u015fet vasit\u0259sil\u0259 \u00e7\u0259kil\u0259n b\u0259dii, s\u0259n\u0259dli filml\u0259r q\u0259bul olunur. M\u00fcsabiq\u0259nin yar\u0131\u015fma b\u00f6l\u00fcm\u00fcnd\u0259 m\u00fcbariz\u0259 aparacaq filml\u0259r iki nominasiya u\u011frunda yar\u0131\u015facaq. \u201c\u018fn yax\u015f\u0131 film\u201d nominasiyas\u0131n\u0131n qalibi m\u00fcnsifl\u0259r hey\u0259tinin, \u201cTama\u015fa\u00e7\u0131 r\u0259\u011fb\u0259ti\u201d nominasiyas\u0131n\u0131n qalibi is\u0259 tama\u015fa\u00e7\u0131lar\u0131n q\u0259rar\u0131 il\u0259 se\u00e7il\u0259c\u0259k.<\/p>\n\n\n\n<p>Festivala g\u00f6nd\u0259ril\u0259n b\u00fct\u00fcn filml\u0259r Se\u00e7im Komissiyas\u0131na t\u0259qdim edil\u0259c\u0259k. H\u0259min hey\u0259t d\u0259 festival\u0131n m\u00fcsabiq\u0259 b\u00f6lm\u0259l\u0259rind\u0259 yar\u0131\u015facaq filml\u0259ri m\u00fc\u0259yy\u0259nl\u0259\u015fdir\u0259c\u0259k. Se\u00e7im zaman\u0131 h\u0259r janr\u0131n \u00f6z\u0259lliyind\u0259n ir\u0259li g\u0259l\u0259n x\u00fcsusiyy\u0259tl\u0259r\u0259 diqq\u0259t yetiril\u0259c\u0259k.<\/p>\n\n\n\n<p>Festival\u0131n m\u00fcsabiq\u0259 b\u00f6lm\u0259l\u0259rind\u0259 i\u015ftirak ed\u0259c\u0259k q\u0131sa filml\u0259rin siyah\u0131s\u0131 25 oktyabrda elan olunacaq.<\/p>\n\n\n\n<p>Bak\u0131 Beyn\u0259lxalq Q\u0131sa Filml\u0259r Festival\u0131n\u0131n \u0259sas m\u00fckafat\u0131 \u201cQ\u0131z\u0131l Nar\u201dd\u0131r.<\/p>\n\n\n\n<p>\u201cQ\u0131z\u0131l Nar\u201d behi\u015ftd\u0259n onlarla d\u0259n\u0259ciyi- ideyan\u0131, enerjini b\u0259tnind\u0259 da\u015f\u0131yan qad\u0131n\u0131 t\u0259svir edir. Film \u00e7\u0259k\u0259n rejissor da enerji, ideya v\u0259 ssenarini \u00f6z \u201cb\u0259tnind\u0259\u201d da\u015f\u0131y\u0131r. O an g\u0259lib \u00e7atd\u0131qda rejissor b\u0259tnind\u0259kini i\u015f\u0131ql\u0131 v\u0259 real m\u0259kana \u00e7\u0131xar\u0131r. Bel\u0259likl\u0259, kino qaranl\u0131qda i\u015f\u0131\u011f\u0131n \u0259ks olunmas\u0131 il\u0259 ba\u015flay\u0131r.<\/p>\n\n\n\n<p>\u201cQ\u0131z\u0131l Nar\u201dla yana\u015f\u0131 festival b\u0259zi nominasiyalar \u00fczr\u0259 qalibl\u0259r\u0259 x\u00fcsusi m\u00fckafat v\u0259 diplom t\u0259qdim edir.<\/p>\n\n\n\n<p>Festivala g\u00f6nd\u0259ril\u0259n filml\u0259r aras\u0131nda Kann, Venesiya, Berlin Film Festivallar\u0131nda, \u201cOSKAR\u201dda m\u00fckafat v\u0259 u\u011fur qazanm\u0131\u015f filml\u0259r d\u0259 yer al\u0131r. Festival\u0131n m\u00fcsabiq\u0259 b\u00f6l\u00fcm\u00fcnd\u0259 is\u0259 f\u0259rqli yana\u015fma t\u0259rzi il\u0259 se\u00e7il\u0259n filml\u0259r yar\u0131\u015f\u0131r.<\/p>\n\n\n\n<p>14-c\u00fc Bak\u0131 Beyn\u0259lxalq Q\u0131sa Filml\u0259r Festival\u0131 bu il noyabr\u0131n 10-dan 15-d\u0259k Bak\u0131da ke\u00e7iril\u0259c\u0259k.<\/p>\n","protected":false},"excerpt":{"rendered":"<p>\u201cCinemobil\u201d-\u0259 mobil telefon, plan\u015fet vasit\u0259sil\u0259 \u00e7\u0259kil\u0259n b\u0259dii, s\u0259n\u0259dli filml\u0259r g\u00f6t\u00fcr\u00fcl\u00fcr &#8230; <\/p>\n<p class=\"read-more-container\"><a title=\"Bak\u0131 Beyn\u0259lxalq Q\u0131sa Filml\u0259r Festival\u0131na filml\u0259rin q\u0259bulu ba\u015flay\u0131b\" class=\"read-more button\" href=\"https:\/\/www.meydan.tv\/az\/article\/baki-beynelxalq-qisa-filmler-festivalina-filmlerin-qebulu-baslayib\/#more-280013\" aria-label=\"Read more about Bak\u0131 Beyn\u0259lxalq Q\u0131sa Filml\u0259r Festival\u0131na filml\u0259rin q\u0259bulu ba\u015flay\u0131b\">Davam\u0131<\/a><\/p>\n","protected":false},"author":12,"featured_media":280014,"comment_status":"closed","ping_status":"closed","sticky":false,"template":"","format":"standard","meta":{"_acf_changed":false,"_sitemap_exclude":false,"_sitemap_priority":"","_sitemap_frequency":"","footnotes":""},"categories":[52,56],"tags":[],"class_list":["post-280013","post","type-post","status-publish","format-standard","has-post-thumbnail","hentry","category-medeniyyet","category-xeberler","infinite-scroll-item","generate-columns","tablet-grid-50","mobile-grid-100","grid-parent","grid-33","no-featured-image-padding"],"acf":[],"yoast_head":"<!-- This site is optimized with the Yoast SEO plugin v27.4 - https:\/\/yoast.com\/product\/yoast-seo-wordpress\/ -->\n<title>Bak\u0131 Beyn\u0259lxalq Q\u0131sa Filml\u0259r Festival\u0131na filml\u0259rin q\u0259bulu ba\u015flay\u0131b - MEYDAN.TV<\/title>\n<meta name=\"robots\" content=\"index, follow, max-snippet:-1, max-image-preview:large, max-video-preview:-1\" \/>\n<link rel=\"canonical\" href=\"https:\/\/www.meydan.tv\/az\/article\/baki-beynelxalq-qisa-filmler-festivalina-filmlerin-qebulu-baslayib\/\" \/>\n<meta property=\"og:locale\" content=\"az_AZ\" \/>\n<meta property=\"og:type\" content=\"article\" \/>\n<meta property=\"og:title\" content=\"Bak\u0131 Beyn\u0259lxalq Q\u0131sa Filml\u0259r Festival\u0131na filml\u0259rin q\u0259bulu ba\u015flay\u0131b - MEYDAN.TV\" \/>\n<meta property=\"og:description\" content=\"\u201cCinemobil\u201d-\u0259 mobil telefon, plan\u015fet vasit\u0259sil\u0259 \u00e7\u0259kil\u0259n b\u0259dii, s\u0259n\u0259dli filml\u0259r g\u00f6t\u00fcr\u00fcl\u00fcr ... Davam\u0131\" \/>\n<meta property=\"og:url\" content=\"https:\/\/www.meydan.tv\/az\/article\/baki-beynelxalq-qisa-filmler-festivalina-filmlerin-qebulu-baslayib\/\" \/>\n<meta property=\"og:site_name\" content=\"MEYDAN.TV\" \/>\n<meta property=\"article:published_time\" content=\"2023-07-17T13:39:06+00:00\" \/>\n<meta property=\"article:modified_time\" content=\"2023-07-17T13:39:08+00:00\" \/>\n<meta property=\"og:image\" content=\"https:\/\/www.meydan.tv\/wp-content\/uploads\/screenshot-2023-07-17-at-15.38.17.png\" \/>\n\t<meta property=\"og:image:width\" content=\"1368\" \/>\n\t<meta property=\"og:image:height\" content=\"602\" \/>\n\t<meta property=\"og:image:type\" content=\"image\/png\" \/>\n<meta name=\"author\" content=\"aleks\" \/>\n<meta name=\"twitter:card\" content=\"summary_large_image\" \/>\n<script type=\"application\/ld+json\" class=\"yoast-schema-graph\">{\"@context\":\"https:\\\/\\\/schema.org\",\"@graph\":[{\"@type\":\"Article\",\"@id\":\"https:\\\/\\\/www.meydan.tv\\\/az\\\/article\\\/baki-beynelxalq-qisa-filmler-festivalina-filmlerin-qebulu-baslayib\\\/#article\",\"isPartOf\":{\"@id\":\"https:\\\/\\\/www.meydan.tv\\\/az\\\/article\\\/baki-beynelxalq-qisa-filmler-festivalina-filmlerin-qebulu-baslayib\\\/\"},\"author\":{\"name\":\"aleks\",\"@id\":\"https:\\\/\\\/www.meydan.tv\\\/az\\\/#\\\/schema\\\/person\\\/476e9360e593fa131d5d71d51866f8da\"},\"headline\":\"Bak\u0131 Beyn\u0259lxalq Q\u0131sa Filml\u0259r Festival\u0131na filml\u0259rin q\u0259bulu ba\u015flay\u0131b\",\"datePublished\":\"2023-07-17T13:39:06+00:00\",\"dateModified\":\"2023-07-17T13:39:08+00:00\",\"mainEntityOfPage\":{\"@id\":\"https:\\\/\\\/www.meydan.tv\\\/az\\\/article\\\/baki-beynelxalq-qisa-filmler-festivalina-filmlerin-qebulu-baslayib\\\/\"},\"wordCount\":558,\"publisher\":{\"@id\":\"https:\\\/\\\/www.meydan.tv\\\/az\\\/#organization\"},\"image\":{\"@id\":\"https:\\\/\\\/www.meydan.tv\\\/az\\\/article\\\/baki-beynelxalq-qisa-filmler-festivalina-filmlerin-qebulu-baslayib\\\/#primaryimage\"},\"thumbnailUrl\":\"https:\\\/\\\/www.meydan.tv\\\/wp-content\\\/uploads\\\/screenshot-2023-07-17-at-15.38.17.png\",\"articleSection\":[\"M\u0259d\u0259niyy\u0259t\",\"X\u0259b\u0259rl\u0259r\"],\"inLanguage\":\"az\"},{\"@type\":\"WebPage\",\"@id\":\"https:\\\/\\\/www.meydan.tv\\\/az\\\/article\\\/baki-beynelxalq-qisa-filmler-festivalina-filmlerin-qebulu-baslayib\\\/\",\"url\":\"https:\\\/\\\/www.meydan.tv\\\/az\\\/article\\\/baki-beynelxalq-qisa-filmler-festivalina-filmlerin-qebulu-baslayib\\\/\",\"name\":\"Bak\u0131 Beyn\u0259lxalq Q\u0131sa Filml\u0259r Festival\u0131na filml\u0259rin q\u0259bulu ba\u015flay\u0131b - MEYDAN.TV\",\"isPartOf\":{\"@id\":\"https:\\\/\\\/www.meydan.tv\\\/az\\\/#website\"},\"primaryImageOfPage\":{\"@id\":\"https:\\\/\\\/www.meydan.tv\\\/az\\\/article\\\/baki-beynelxalq-qisa-filmler-festivalina-filmlerin-qebulu-baslayib\\\/#primaryimage\"},\"image\":{\"@id\":\"https:\\\/\\\/www.meydan.tv\\\/az\\\/article\\\/baki-beynelxalq-qisa-filmler-festivalina-filmlerin-qebulu-baslayib\\\/#primaryimage\"},\"thumbnailUrl\":\"https:\\\/\\\/www.meydan.tv\\\/wp-content\\\/uploads\\\/screenshot-2023-07-17-at-15.38.17.png\",\"datePublished\":\"2023-07-17T13:39:06+00:00\",\"dateModified\":\"2023-07-17T13:39:08+00:00\",\"breadcrumb\":{\"@id\":\"https:\\\/\\\/www.meydan.tv\\\/az\\\/article\\\/baki-beynelxalq-qisa-filmler-festivalina-filmlerin-qebulu-baslayib\\\/#breadcrumb\"},\"inLanguage\":\"az\",\"potentialAction\":[{\"@type\":\"ReadAction\",\"target\":[\"https:\\\/\\\/www.meydan.tv\\\/az\\\/article\\\/baki-beynelxalq-qisa-filmler-festivalina-filmlerin-qebulu-baslayib\\\/\"]}]},{\"@type\":\"ImageObject\",\"inLanguage\":\"az\",\"@id\":\"https:\\\/\\\/www.meydan.tv\\\/az\\\/article\\\/baki-beynelxalq-qisa-filmler-festivalina-filmlerin-qebulu-baslayib\\\/#primaryimage\",\"url\":\"https:\\\/\\\/www.meydan.tv\\\/wp-content\\\/uploads\\\/screenshot-2023-07-17-at-15.38.17.png\",\"contentUrl\":\"https:\\\/\\\/www.meydan.tv\\\/wp-content\\\/uploads\\\/screenshot-2023-07-17-at-15.38.17.png\",\"width\":1368,\"height\":602},{\"@type\":\"BreadcrumbList\",\"@id\":\"https:\\\/\\\/www.meydan.tv\\\/az\\\/article\\\/baki-beynelxalq-qisa-filmler-festivalina-filmlerin-qebulu-baslayib\\\/#breadcrumb\",\"itemListElement\":[{\"@type\":\"ListItem\",\"position\":1,\"name\":\"Ana s\u0259hif\u0259\",\"item\":\"https:\\\/\\\/www.meydan.tv\\\/az\\\/\"},{\"@type\":\"ListItem\",\"position\":2,\"name\":\"X\u0259b\u0259rl\u0259r\",\"item\":\"https:\\\/\\\/www.meydan.tv\\\/az\\\/section\\\/xeberler\\\/\"},{\"@type\":\"ListItem\",\"position\":3,\"name\":\"Bak\u0131 Beyn\u0259lxalq Q\u0131sa Filml\u0259r Festival\u0131na filml\u0259rin q\u0259bulu ba\u015flay\u0131b\"}]},{\"@type\":\"WebSite\",\"@id\":\"https:\\\/\\\/www.meydan.tv\\\/az\\\/#website\",\"url\":\"https:\\\/\\\/www.meydan.tv\\\/az\\\/\",\"name\":\"MEYDAN.TV\",\"description\":\"Meydan TV Az\u0259rbaycan\u0131n media m\u0259kan\u0131ndak\u0131 alternativ s\u0259sidir\",\"publisher\":{\"@id\":\"https:\\\/\\\/www.meydan.tv\\\/az\\\/#organization\"},\"potentialAction\":[{\"@type\":\"SearchAction\",\"target\":{\"@type\":\"EntryPoint\",\"urlTemplate\":\"https:\\\/\\\/www.meydan.tv\\\/az\\\/?s={search_term_string}\"},\"query-input\":{\"@type\":\"PropertyValueSpecification\",\"valueRequired\":true,\"valueName\":\"search_term_string\"}}],\"inLanguage\":\"az\"},{\"@type\":\"Organization\",\"@id\":\"https:\\\/\\\/www.meydan.tv\\\/az\\\/#organization\",\"name\":\"Meydan TV\",\"url\":\"https:\\\/\\\/www.meydan.tv\\\/az\\\/\",\"logo\":{\"@type\":\"ImageObject\",\"inLanguage\":\"az\",\"@id\":\"https:\\\/\\\/www.meydan.tv\\\/az\\\/#\\\/schema\\\/logo\\\/image\\\/\",\"url\":\"https:\\\/\\\/www.meydan.tv\\\/wp-content\\\/uploads\\\/2021\\\/07\\\/meydan-logo.svg\",\"contentUrl\":\"https:\\\/\\\/www.meydan.tv\\\/wp-content\\\/uploads\\\/2021\\\/07\\\/meydan-logo.svg\",\"width\":195,\"height\":46,\"caption\":\"Meydan TV\"},\"image\":{\"@id\":\"https:\\\/\\\/www.meydan.tv\\\/az\\\/#\\\/schema\\\/logo\\\/image\\\/\"}},{\"@type\":\"Person\",\"@id\":\"https:\\\/\\\/www.meydan.tv\\\/az\\\/#\\\/schema\\\/person\\\/476e9360e593fa131d5d71d51866f8da\",\"name\":\"aleks\"}]}<\/script>\n<!-- \/ Yoast SEO plugin. -->","yoast_head_json":{"title":"Bak\u0131 Beyn\u0259lxalq Q\u0131sa Filml\u0259r Festival\u0131na filml\u0259rin q\u0259bulu ba\u015flay\u0131b - MEYDAN.TV","robots":{"index":"index","follow":"follow","max-snippet":"max-snippet:-1","max-image-preview":"max-image-preview:large","max-video-preview":"max-video-preview:-1"},"canonical":"https:\/\/www.meydan.tv\/az\/article\/baki-beynelxalq-qisa-filmler-festivalina-filmlerin-qebulu-baslayib\/","og_locale":"az_AZ","og_type":"article","og_title":"Bak\u0131 Beyn\u0259lxalq Q\u0131sa Filml\u0259r Festival\u0131na filml\u0259rin q\u0259bulu ba\u015flay\u0131b - MEYDAN.TV","og_description":"\u201cCinemobil\u201d-\u0259 mobil telefon, plan\u015fet vasit\u0259sil\u0259 \u00e7\u0259kil\u0259n b\u0259dii, s\u0259n\u0259dli filml\u0259r g\u00f6t\u00fcr\u00fcl\u00fcr ... Davam\u0131","og_url":"https:\/\/www.meydan.tv\/az\/article\/baki-beynelxalq-qisa-filmler-festivalina-filmlerin-qebulu-baslayib\/","og_site_name":"MEYDAN.TV","article_published_time":"2023-07-17T13:39:06+00:00","article_modified_time":"2023-07-17T13:39:08+00:00","og_image":[{"width":1368,"height":602,"url":"https:\/\/www.meydan.tv\/wp-content\/uploads\/screenshot-2023-07-17-at-15.38.17.png","type":"image\/png"}],"author":"aleks","twitter_card":"summary_large_image","schema":{"@context":"https:\/\/schema.org","@graph":[{"@type":"Article","@id":"https:\/\/www.meydan.tv\/az\/article\/baki-beynelxalq-qisa-filmler-festivalina-filmlerin-qebulu-baslayib\/#article","isPartOf":{"@id":"https:\/\/www.meydan.tv\/az\/article\/baki-beynelxalq-qisa-filmler-festivalina-filmlerin-qebulu-baslayib\/"},"author":{"name":"aleks","@id":"https:\/\/www.meydan.tv\/az\/#\/schema\/person\/476e9360e593fa131d5d71d51866f8da"},"headline":"Bak\u0131 Beyn\u0259lxalq Q\u0131sa Filml\u0259r Festival\u0131na filml\u0259rin q\u0259bulu ba\u015flay\u0131b","datePublished":"2023-07-17T13:39:06+00:00","dateModified":"2023-07-17T13:39:08+00:00","mainEntityOfPage":{"@id":"https:\/\/www.meydan.tv\/az\/article\/baki-beynelxalq-qisa-filmler-festivalina-filmlerin-qebulu-baslayib\/"},"wordCount":558,"publisher":{"@id":"https:\/\/www.meydan.tv\/az\/#organization"},"image":{"@id":"https:\/\/www.meydan.tv\/az\/article\/baki-beynelxalq-qisa-filmler-festivalina-filmlerin-qebulu-baslayib\/#primaryimage"},"thumbnailUrl":"https:\/\/www.meydan.tv\/wp-content\/uploads\/screenshot-2023-07-17-at-15.38.17.png","articleSection":["M\u0259d\u0259niyy\u0259t","X\u0259b\u0259rl\u0259r"],"inLanguage":"az"},{"@type":"WebPage","@id":"https:\/\/www.meydan.tv\/az\/article\/baki-beynelxalq-qisa-filmler-festivalina-filmlerin-qebulu-baslayib\/","url":"https:\/\/www.meydan.tv\/az\/article\/baki-beynelxalq-qisa-filmler-festivalina-filmlerin-qebulu-baslayib\/","name":"Bak\u0131 Beyn\u0259lxalq Q\u0131sa Filml\u0259r Festival\u0131na filml\u0259rin q\u0259bulu ba\u015flay\u0131b - MEYDAN.TV","isPartOf":{"@id":"https:\/\/www.meydan.tv\/az\/#website"},"primaryImageOfPage":{"@id":"https:\/\/www.meydan.tv\/az\/article\/baki-beynelxalq-qisa-filmler-festivalina-filmlerin-qebulu-baslayib\/#primaryimage"},"image":{"@id":"https:\/\/www.meydan.tv\/az\/article\/baki-beynelxalq-qisa-filmler-festivalina-filmlerin-qebulu-baslayib\/#primaryimage"},"thumbnailUrl":"https:\/\/www.meydan.tv\/wp-content\/uploads\/screenshot-2023-07-17-at-15.38.17.png","datePublished":"2023-07-17T13:39:06+00:00","dateModified":"2023-07-17T13:39:08+00:00","breadcrumb":{"@id":"https:\/\/www.meydan.tv\/az\/article\/baki-beynelxalq-qisa-filmler-festivalina-filmlerin-qebulu-baslayib\/#breadcrumb"},"inLanguage":"az","potentialAction":[{"@type":"ReadAction","target":["https:\/\/www.meydan.tv\/az\/article\/baki-beynelxalq-qisa-filmler-festivalina-filmlerin-qebulu-baslayib\/"]}]},{"@type":"ImageObject","inLanguage":"az","@id":"https:\/\/www.meydan.tv\/az\/article\/baki-beynelxalq-qisa-filmler-festivalina-filmlerin-qebulu-baslayib\/#primaryimage","url":"https:\/\/www.meydan.tv\/wp-content\/uploads\/screenshot-2023-07-17-at-15.38.17.png","contentUrl":"https:\/\/www.meydan.tv\/wp-content\/uploads\/screenshot-2023-07-17-at-15.38.17.png","width":1368,"height":602},{"@type":"BreadcrumbList","@id":"https:\/\/www.meydan.tv\/az\/article\/baki-beynelxalq-qisa-filmler-festivalina-filmlerin-qebulu-baslayib\/#breadcrumb","itemListElement":[{"@type":"ListItem","position":1,"name":"Ana s\u0259hif\u0259","item":"https:\/\/www.meydan.tv\/az\/"},{"@type":"ListItem","position":2,"name":"X\u0259b\u0259rl\u0259r","item":"https:\/\/www.meydan.tv\/az\/section\/xeberler\/"},{"@type":"ListItem","position":3,"name":"Bak\u0131 Beyn\u0259lxalq Q\u0131sa Filml\u0259r Festival\u0131na filml\u0259rin q\u0259bulu ba\u015flay\u0131b"}]},{"@type":"WebSite","@id":"https:\/\/www.meydan.tv\/az\/#website","url":"https:\/\/www.meydan.tv\/az\/","name":"MEYDAN.TV","description":"Meydan TV Az\u0259rbaycan\u0131n media m\u0259kan\u0131ndak\u0131 alternativ s\u0259sidir","publisher":{"@id":"https:\/\/www.meydan.tv\/az\/#organization"},"potentialAction":[{"@type":"SearchAction","target":{"@type":"EntryPoint","urlTemplate":"https:\/\/www.meydan.tv\/az\/?s={search_term_string}"},"query-input":{"@type":"PropertyValueSpecification","valueRequired":true,"valueName":"search_term_string"}}],"inLanguage":"az"},{"@type":"Organization","@id":"https:\/\/www.meydan.tv\/az\/#organization","name":"Meydan TV","url":"https:\/\/www.meydan.tv\/az\/","logo":{"@type":"ImageObject","inLanguage":"az","@id":"https:\/\/www.meydan.tv\/az\/#\/schema\/logo\/image\/","url":"https:\/\/www.meydan.tv\/wp-content\/uploads\/2021\/07\/meydan-logo.svg","contentUrl":"https:\/\/www.meydan.tv\/wp-content\/uploads\/2021\/07\/meydan-logo.svg","width":195,"height":46,"caption":"Meydan TV"},"image":{"@id":"https:\/\/www.meydan.tv\/az\/#\/schema\/logo\/image\/"}},{"@type":"Person","@id":"https:\/\/www.meydan.tv\/az\/#\/schema\/person\/476e9360e593fa131d5d71d51866f8da","name":"aleks"}]}},"_links":{"self":[{"href":"https:\/\/www.meydan.tv\/az\/wp-json\/wp\/v2\/posts\/280013","targetHints":{"allow":["GET"]}}],"collection":[{"href":"https:\/\/www.meydan.tv\/az\/wp-json\/wp\/v2\/posts"}],"about":[{"href":"https:\/\/www.meydan.tv\/az\/wp-json\/wp\/v2\/types\/post"}],"author":[{"embeddable":true,"href":"https:\/\/www.meydan.tv\/az\/wp-json\/wp\/v2\/users\/12"}],"replies":[{"embeddable":true,"href":"https:\/\/www.meydan.tv\/az\/wp-json\/wp\/v2\/comments?post=280013"}],"version-history":[{"count":1,"href":"https:\/\/www.meydan.tv\/az\/wp-json\/wp\/v2\/posts\/280013\/revisions"}],"predecessor-version":[{"id":280017,"href":"https:\/\/www.meydan.tv\/az\/wp-json\/wp\/v2\/posts\/280013\/revisions\/280017"}],"wp:featuredmedia":[{"embeddable":true,"href":"https:\/\/www.meydan.tv\/az\/wp-json\/wp\/v2\/media\/280014"}],"wp:attachment":[{"href":"https:\/\/www.meydan.tv\/az\/wp-json\/wp\/v2\/media?parent=280013"}],"wp:term":[{"taxonomy":"category","embeddable":true,"href":"https:\/\/www.meydan.tv\/az\/wp-json\/wp\/v2\/categories?post=280013"},{"taxonomy":"post_tag","embeddable":true,"href":"https:\/\/www.meydan.tv\/az\/wp-json\/wp\/v2\/tags?post=280013"}],"curies":[{"name":"wp","href":"https:\/\/api.w.org\/{rel}","templated":true}]}}