{"id":279703,"date":"2023-07-13T16:43:43","date_gmt":"2023-07-13T12:43:43","guid":{"rendered":"https:\/\/www.meydan.tv\/?p=279703"},"modified":"2023-07-13T16:43:45","modified_gmt":"2023-07-13T12:43:45","slug":"mingecevir-sakinleri-antisanitariyadan-sikayetcidirler-bogaza-yigilmisiq","status":"publish","type":"post","link":"https:\/\/www.meydan.tv\/az\/article\/mingecevir-sakinleri-antisanitariyadan-sikayetcidirler-bogaza-yigilmisiq\/","title":{"rendered":"Ming\u0259\u00e7evir sakinl\u0259ri antisanitariyadan \u015fikay\u0259t\u00e7idirl\u0259r: &#8220;Bo\u011faza y\u0131\u011f\u0131lm\u0131\u015f\u0131q&#8221;"},"content":{"rendered":"\n<p><\/p>\n\n\n\n<p><strong><em>M\u0259sul qurumlar is\u0259 problemi bir-birinin \u00fcz\u0259rin\u0259 at\u0131r<\/em><\/strong><\/p>\n\n\n\n<p>Ming\u0259\u00e7evirin &#8220;G\u00fcn\u0259\u015fli &#8220;q\u0259s\u0259b\u0259si, &#8220;Ba\u011flar massivi&#8221; 10-cu k\u00fc\u00e7\u0259d\u0259 ya\u015fayan sakinl\u0259r qon\u015fular\u0131n\u0131n qeyri-qanuni&nbsp; f\u0259aliyy\u0259ti v\u0259 aidiyy\u0259ti qurumlar\u0131n h\u0259r\u0259k\u0259tsizliyind\u0259n naraz\u0131d\u0131rlar.<\/p>\n\n\n\n<p>Sakinl\u0259r Meydan Tv-y\u0259 deyirl\u0259r ki, h\u0259min \u00fcnvanda ya\u015fayan \u0130lham \u00c7ingiz o\u011flu Zamanov qohumu Nadir Zamanovla \u0259lbir olub qeyd olunan k\u00fc\u00e7\u0259d\u0259 iki heyvan fermas\u0131 tikib, q\u0259ssab f\u0259aliyy\u0259ti&nbsp; il\u0259 m\u0259\u015f\u011fuldur.<\/p>\n\n\n\n<p>Onlar\u0131n s\u00f6zl\u0259rin\u0259 g\u00f6r\u0259, art\u0131q d\u00f6rd ildir ki, h\u0259min k\u00fc\u00e7\u0259d\u0259 ya\u015fayan 40-dan \u00e7ox ev sakinin n\u0259 g\u00fcnd\u00fcz\u00fc var, n\u0259 d\u0259 gec\u0259si. \u00dc\u00e7 ildir ki, eyni \u00fcnvanda m\u0259skunla\u015fan P\u0259rviz Xutrayev evinin qon\u015funun t\u00f6vl\u0259si il\u0259 m\u0259saf\u0259sinin he\u00e7 bir metr olmad\u0131\u011f\u0131n\u0131 deyir:<\/p>\n\n\n\n<p>&#8220;<em>Bir d\u0259 g\u00f6rd\u00fcn lafetl\u0259 heyvan, y\u00fczl\u0259rl\u0259 ot ba\u011flamas\u0131 g\u0259tirdi t\u00f6kd\u00fc, toz-dumana qalxd\u0131. T\u00f6vl\u0259 t\u0259mizl\u0259yirl\u0259r, k\u0259skin heyvan v\u0259 n\u0259cis\u00a0 qoxusu al\u0259m\u0259 yay\u0131l\u0131r. F\u0259hl\u0259l\u0259rin s\u0259si d\u0259 evinin i\u00e7ind\u0259n g\u0259lir. \u0130stid\u0259 qap\u0131, p\u0259nc\u0259r\u0259 a\u00e7ma\u011fa pe\u015fman olursan. O an evi mil\u00e7\u0259k bas\u0131r, qoxu b\u00fcr\u00fcy\u00fcr. Bu istid\u0259 \u0259t k\u0259sir dey\u0259 mil\u00e7\u0259kl\u0259r qan v\u0259 i\u00e7alat\u0131n \u00fcz\u0259rin\u0259 toplan\u0131r. X\u0259st\u0259lik, \u00fcfun\u0259t v\u0259 antisanitariyadan bo\u011faza y\u0131\u011f\u0131lm\u0131\u015f\u0131q&#8221;.<\/em><\/p>\n\n\n\n<figure class=\"wp-block-image size-full\"><img decoding=\"async\" width=\"1200\" height=\"688\" data-src=\"https:\/\/www.meydan.tv\/wp-content\/uploads\/1ci-sekil.jpg\" alt=\"\" class=\"wp-image-279710 lazyload\" src=\"data:image\/svg+xml;base64,PHN2ZyB3aWR0aD0iMSIgaGVpZ2h0PSIxIiB4bWxucz0iaHR0cDovL3d3dy53My5vcmcvMjAwMC9zdmciPjwvc3ZnPg==\" style=\"--smush-placeholder-width: 1200px; --smush-placeholder-aspect-ratio: 1200\/688;\" \/><\/figure>\n\n\n\n<p><strong>&#8220;Kamazla gec\u0259yar\u0131s\u0131 peyin da\u015f\u0131y\u0131rlar&#8221;<\/strong><\/p>\n\n\n\n<p>O \u0259lav\u0259 edir&nbsp; ki, qon\u015funun \u00f6zba\u015f\u0131nal\u0131\u011f\u0131na son qoyulmay\u0131nca \u00f6z\u00fc daxil, q\u0259s\u0259b\u0259 sakinl\u0259ri sakit, t\u0259miz&nbsp; ya\u015famaq h\u00fcququndan m\u0259hrum qalacaqlar. \u018fsas da kanalizasiya x\u0259tti il\u0259 g\u0259l\u0259n \u00fcfun\u0259t onlar\u0131n kabusuna \u00e7evrilib:<\/p>\n\n\n\n<p>&#8220;<em>Kamazla gec\u0259yar\u0131s\u0131 peyin da\u015f\u0131y\u0131rlar. Lapatkan\u0131n, f\u0259hl\u0259l\u0259rin s\u0259sind\u0259n, qoxudan\u00a0 bir d\u0259qiq\u0259 bel\u0259 rahatl\u0131q olmur. H\u0259y\u0259td\u0259 \u0259t d\u0259 k\u0259sib sat\u0131r. \u015e\u0259h\u0259rd\u0259 q\u0259ssab m\u0259nt\u0259q\u0259l\u0259ri d\u0259 var.<br>Mil\u00e7\u0259yin, h\u0259\u015f\u0259ratlar\u0131n \u0259lind\u0259n t\u0259rp\u0259n\u0259 bilmirik. Utand\u0131\u011f\u0131m\u0131zdan dostlar\u0131, qohumlar\u0131 evimiz\u0259 qonaq \u00e7a\u011f\u0131rm\u0131r\u0131r. \u018fvv\u0259l m\u0259hl\u0259d\u0259 ham\u0131 \u015fikay\u0259t\u00e7i idi. \u0130ndi b\u0259zil\u0259rini \u0259tl\u0259, qoyunun d\u0259risi, i\u00e7alat\u0131, a\u011faclar\u0131na peyin verm\u0259kl\u0259 \u0259l\u0259 al\u0131b. Biz he\u00e7 n\u0259 g\u00f6t\u00fcrm\u00fcr\u00fck\u00a0 ki, \u015fikay\u0259timiz\u0259 baxs\u0131nlar, \u00f6zba\u015fnal\u0131\u011fa son qoysunlar. \u015eikay\u0259t ed\u0259nd\u0259 d\u0259 deyir ki, &#8220;pul qazan\u0131ram&#8221;. Pul qazan\u0131r dey\u0259 antisanitariyadan \u00f6lm\u0259liyik?\u00a0 \u0130p\u0259 s\u0259ril\u0259n paltarlar\u0131m\u0131za bel\u0259 toxuna bilmirik, el\u0259 bil d\u0259smalla deyil, qoyunla qurulan\u0131rsan, qoyun d\u0259risi geyinmis\u0259n. \u0130ki fermas\u0131nda 500-600 ba\u015f, h\u0259tta &#8220;Qurban&#8221; bayram\u0131nda\u00a0 800 ba\u015f qoyunu, iribuynuzlu heyvan\u0131 vard\u0131, xeyli k\u0259sim d\u0259 edildi.\u00a0 Utan\u0131r\u0131q daha \u015fikay\u0259t etm\u0259y\u0259. H\u0259tta bu s\u00f6z-s\u00f6hb\u0259td\u0259n, \u0259s\u0259bd\u0259n \u00f6l\u0259n oldu.\u00a0 Bura fermad\u0131r, ya\u015fay\u0131\u015f yerl\u0259ri ba\u015fqad\u0131r. \u015eikay\u0259t ed\u0259n kimi qa\u00e7\u0131b i\u00e7\u0259rid\u0259 gizl\u0259nir. Ferman\u0131n s\u0259s-k\u00fcy\u00fc, iyi, qoxusu m\u0259nim evimd\u0259 n\u0259 g\u0259zir? Hara \u015fikay\u0259t edirik, \u0259l at\u0131b h\u0259r yeri susdurur&#8221;.<\/em><\/p>\n\n\n\n<figure class=\"wp-block-image size-full\"><img decoding=\"async\" width=\"1200\" height=\"568\" data-src=\"https:\/\/www.meydan.tv\/wp-content\/uploads\/2ci-sekil.jpg\" alt=\"\" class=\"wp-image-279713 lazyload\" src=\"data:image\/svg+xml;base64,PHN2ZyB3aWR0aD0iMSIgaGVpZ2h0PSIxIiB4bWxucz0iaHR0cDovL3d3dy53My5vcmcvMjAwMC9zdmciPjwvc3ZnPg==\" style=\"--smush-placeholder-width: 1200px; --smush-placeholder-aspect-ratio: 1200\/568;\" \/><\/figure>\n\n\n\n<p><strong><em>&#8220;<\/em>Plomb qoymurlar, o da ac\u0131\u011fa heyvan\u0131n say\u0131n\u0131 art\u0131r\u0131r&#8221;<\/strong><\/p>\n\n\n\n<p>\u015eikay\u0259t\u00e7il\u0259rd\u0259n Q\u0259dir Ziyadzad\u0259 \u0259razid\u0259 \u00e7\u00f6r\u0259k\u00e7i i\u015fl\u0259yir.<\/p>\n\n\n\n<p>\u0130ll\u0259rdir ki, h\u0259min k\u00fc\u00e7\u0259 sakinidir.<\/p>\n\n\n\n<p>O deyir ki, h\u0259r gec\u0259 qoyun-quzu m\u0259l\u0259\u015fm\u0259si, fermadak\u0131 i\u015f\u00e7il\u0259rin s\u0259s-k\u00fcy\u00fcn\u0259 ad\u0259t ets\u0259 d\u0259, ya\u015fam\u0131 d\u00f6z\u00fclm\u0259zdir. N\u0259 c\u0259rim\u0259, n\u0259 d\u0259 t\u00f6hm\u0259t ferma sahibini qorxudur. \u018fksin\u0259, hans\u0131sa g\u00f6z\u0259g\u00f6r\u00fcnm\u0259z \u0259ll\u0259rin d\u0259st\u0259yi il\u0259 ferman\u0131 b\u00f6y\u00fcd\u00fcr:<\/p>\n\n\n\n<p><em>&#8220;Qida T\u0259hl\u00fck\u0259sizliyi Agentliyi, \u0130cra Hakimiyy\u0259ti, polis 3 d\u0259f\u0259 guya g\u0259lib onlar\u0131 200, 400, 800 manat m\u00fcqabilind\u0259 c\u0259rim\u0259 edib. Deyirl\u0259r, ancaq c\u0259rim\u0259 s\u0259n\u0259dini g\u00f6rm\u00fcr\u00fck. Ba\u011flam\u0131rlar. G\u00fcl\u0259-g\u00fcl\u0259 h\u0259y\u0259tin\u0259 girib, g\u00fcl\u0259-g\u00fcl\u0259 \u00e7\u0131x\u0131b gedirl\u0259r. \u0130\u015fi d\u0259 gec\u0259 ona g\u00f6r\u0259 edirl\u0259r ki, i\u015f vaxt\u0131 olmad\u0131\u011f\u0131 \u00fc\u00e7\u00fcn\u00a0 c\u0259rim\u0259l\u0259nm\u0259sinl\u0259r. S\u00fcfr\u0259 \u00fcst\u00fcn\u0259 \u015firniyyat, yem\u0259k, a\u011fart\u0131 m\u0259hsulu, \u00e7ay qoymaq olmur, mil\u00e7\u0259kl\u0259r b\u00fcr\u00fcy\u00fcr. \u00c7oxdan\u0131n \u00e7\u00f6r\u0259k\u00e7isiy\u0259m. Onlar\u0131n \u0259lind\u0259n \u00e7\u00f6r\u0259k bi\u015fir\u0259 bilmir\u0259m. Peyinl\u0259 \u00e7\u00f6r\u0259k d\u00fcz g\u0259lmir ax\u0131. G\u00fcnahd\u0131r. \u0130nsanlar iyr\u0259nir, g\u0259lib \u00e7\u00f6r\u0259yi nec\u0259 als\u0131n. Fermaya g\u00f6r\u0259 ya\u015fay\u0131\u015f yoxdur&#8221;.<\/em><\/p>\n\n\n\n<figure class=\"wp-block-image size-full\"><img decoding=\"async\" width=\"1200\" height=\"800\" data-src=\"https:\/\/www.meydan.tv\/wp-content\/uploads\/untitled-design-158.jpg\" alt=\"\" class=\"wp-image-279719 lazyload\" src=\"data:image\/svg+xml;base64,PHN2ZyB3aWR0aD0iMSIgaGVpZ2h0PSIxIiB4bWxucz0iaHR0cDovL3d3dy53My5vcmcvMjAwMC9zdmciPjwvc3ZnPg==\" style=\"--smush-placeholder-width: 1200px; --smush-placeholder-aspect-ratio: 1200\/800;\" \/><\/figure>\n\n\n\n<p>Baytarl\u0131q \u0130dar\u0259si deyir ki, bizlik deyil, \u0130cra Hakimiyy\u0259ti d\u0259 he\u00e7 n\u0259 ed\u0259 bilm\u0259di. Q\u0259bula getmi\u015fik, icra ba\u015f\u00e7\u0131s\u0131 dedi ki, n\u0259 ed\u0259k, gedib qoyunu, heyvan\u0131 ordan s\u00fcr\u00fcy\u00fcb&nbsp; \u00e7\u0131xaraq? Plomb qoymurlar, o da ac\u0131\u011fa heyvan\u0131n say\u0131n\u0131 art\u0131r\u0131r. Bu adam\u0131n arxas\u0131 g\u00fccl\u00fcd\u00fcr. Bunlar iki \u0259mio\u011fludur: i\u015fl\u0259d\u0259n v\u0259 pul ay\u0131ran. Pul ay\u0131rana \u015fikay\u0259t ed\u0259nd\u0259 deyir ki, m\u0259nlik deyil, gedin \u0130lhama \u015fikay\u0259t edin. O da &#8220;a\u011fdaml\u0131yam, qa\u00e7q\u0131nam. Bir il g\u00f6zl\u0259yin \u00e7\u0131x\u0131b ged\u0259c\u0259yik&#8221;, &#8211; deyir. Amma \u0259min\u0259m ged\u0259n deyil, o bir ill\u0259r \u00e7ox olub&#8221;, &#8211; dey\u0259 sakin bildirib.<\/p>\n\n\n\n<p><strong><em>&#8220;<\/em>He\u00e7 kim\u00a0 m\u0259n\u0259 bunu qada\u011fan ed\u0259 bilm\u0259z&#8221;<\/strong><\/p>\n\n\n\n<p>Ferma sahibi \u0130lham Zamanov \u00f6nc\u0259 ittihamlarla raz\u0131la\u015fmasa da, 50 ildir ki, ail\u0259vi bu i\u015fl\u0259 m\u0259\u015f\u011ful olduqlar\u0131n\u0131 deyir.<\/p>\n\n\n\n<p>O, heyvan say\u0131n\u0131n is\u0259 az oldu\u011fu \u0259sas g\u0259tirib sakinl\u0259r\u0259 mane olmad\u0131\u011f\u0131n\u0131 iddia edir. H\u0259tta s\u00fcbut \u00fc\u00e7\u00fcn t\u00f6vl\u0259nin indiki hal\u0131n\u0131 g\u00f6st\u0259r\u0259c\u0259yini des\u0259 d\u0259, sonra fikrind\u0259n da\u015f\u0131n\u0131r.<\/p>\n\n\n\n<p>Deyir ki, c\u0259rim\u0259 v\u0259 qada\u011falar onu bu m\u0259\u015f\u011fuliyy\u0259tind\u0259n uzaqla\u015fd\u0131ra bilm\u0259y\u0259c\u0259k:<\/p>\n\n\n\n<figure class=\"wp-block-image size-full\"><img decoding=\"async\" width=\"1074\" height=\"700\" data-src=\"https:\/\/www.meydan.tv\/wp-content\/uploads\/4cu-sekil.jpg\" alt=\"\" class=\"wp-image-279725 lazyload\" src=\"data:image\/svg+xml;base64,PHN2ZyB3aWR0aD0iMSIgaGVpZ2h0PSIxIiB4bWxucz0iaHR0cDovL3d3dy53My5vcmcvMjAwMC9zdmciPjwvc3ZnPg==\" style=\"--smush-placeholder-width: 1074px; --smush-placeholder-aspect-ratio: 1074\/700;\" \/><\/figure>\n\n\n\n<p><em>&#8220;Q\u0259r\u0259zli \u015fikay\u0259tdir. T\u00f6vl\u0259 deyil, sad\u0259c\u0259, heyvan saxlay\u0131r\u0131q. \u018fvv\u0259l\u00a0 fermam\u0131zda\u00a0 7-8 ba\u015f danam\u0131z, 50-60 ba\u015f qoyunumuz olub. Qida Agentliyi bir d\u0259f\u0259 200 manatl\u0131q c\u0259rim\u0259 ed\u0259nd\u0259n sonra iki danam\u0131z, 20-30 ba\u015f quzumuz qal\u0131b. \u015eikay\u0259tl\u0259r\u0259 g\u00f6r\u0259 sat\u0131b azald\u0131ram. \u00c7oxdand\u0131r ail\u0259vi bu i\u015fl\u0259 m\u0259\u015f\u011fuluq. Heyvan saxlamaq v\u0259 k\u0259sm\u0259k dolan\u0131\u015f\u0131q yerimdir. Q\u0259ssab da m\u0259n deyil\u0259m, ba\u015fqalar\u0131d\u0131r. Nadir Zamanovun da m\u0259niml\u0259 i\u015fbirliyi\u00a0 yoxdur. N\u0259 il\u0259 dolan\u0131m? V\u0259t\u0259nda\u015f olaraq \u00f6z h\u0259y\u0259timd\u0259 qoyun, heyvan saxlamaq ixtiyar\u0131m var. He\u00e7 kim m\u0259n\u0259 bunu qada\u011fan ed\u0259 bilm\u0259z. \u00d6lk\u0259 prezidentinin q\u0259rar\u0131 var. M\u0259cburi k\u00f6\u00e7k\u00fcn\u00fc yerl\u0259\u015fdiyi yerd\u0259n he\u00e7 kim t\u0259rp\u0259d\u0259 bilm\u0259z, geri qay\u0131dana q\u0259d\u0259r. Biz d\u0259 geri qay\u0131danda \u00f6z torpa\u011f\u0131m\u0131zda davam ed\u0259c\u0259yik&#8221;.<\/em><\/p>\n\n\n\n<p><strong><em>&#8220;<\/em>Qurumlar problemin h\u0259lli istiqam\u0259tind\u0259 t\u0259sirli\u00a0 i\u015f g\u00f6r\u0259 bilm\u0259yibl\u0259r&#8221;<\/strong><\/p>\n\n\n\n<p>Ming\u0259\u00e7evir \u015e\u0259h\u0259r \u0130cra Hakimiyy\u0259tinin H\u00fcquq \u015f\u00f6b\u0259sind\u0259n Mahir \u018fliyev Meydan TV-y\u0259 deyib ki, v\u0259t\u0259nda\u015flar\u0131n haql\u0131 m\u00fcraci\u0259ti ara\u015fd\u0131r\u0131l\u0131b.<\/p>\n\n\n\n<p>O, \u0130lham Zamanovun&nbsp; qanunsuz heyvan saxlama v\u0259 k\u0259simi f\u0259aliyy\u0259tin\u0259 son qoyulmas\u0131 \u00fc\u00e7\u00fcn 11 sayl\u0131 \u018frazi Vergil\u0259r \u0130dar\u0259sin\u0259, Qida T\u0259hl\u00fck\u0259sizliyi Agentliyin\u0259, Ekologiya v\u0259 T\u0259bii S\u0259rv\u0259tl\u0259r Nazirliyinin 8 sayl\u0131 Regional \u018frazi \u0130dar\u0259sin\u0259, \u015f\u0259h\u0259r Sanitariya v\u0259 Epidemiologiya M\u0259rk\u0259zin\u0259 m\u00fcraci\u0259t edildiyini bildirib.<\/p>\n\n\n\n<figure class=\"wp-block-image size-large is-resized\"><img decoding=\"async\" data-src=\"https:\/\/www.meydan.tv\/wp-content\/uploads\/img-20230704-wa0080-462x821.jpg\" alt=\"\" class=\"wp-image-279704 lazyload\" width=\"802\" height=\"1425\" src=\"data:image\/svg+xml;base64,PHN2ZyB3aWR0aD0iMSIgaGVpZ2h0PSIxIiB4bWxucz0iaHR0cDovL3d3dy53My5vcmcvMjAwMC9zdmciPjwvc3ZnPg==\" style=\"--smush-placeholder-width: 802px; --smush-placeholder-aspect-ratio: 802\/1425;\" \/><\/figure>\n\n\n\n<p>Mahir \u018fliyev qeyd edib ki, s\u00f6z\u00fcged\u0259n qurumlar probleml\u0259 ba\u011fl\u0131 t\u0259sirli t\u0259dbirl\u0259r g\u00f6rm\u0259yibl\u0259r, ona g\u00f6r\u0259 d\u0259 problemin t\u0259k h\u0259ll yolu m\u0259hk\u0259m\u0259y\u0259 m\u00fcraci\u0259t etm\u0259kdir:<\/p>\n\n\n\n<p><em>&#8220;\u0130lham Zamanov adl\u0131 \u015f\u0259xs o torpa\u011f\u0259 ba\u011f m\u0259qs\u0259dil\u0259 al\u0131b. Amma orada qanunsuz heyvan k\u0259simi, saxlamas\u0131 h\u0259yata ke\u00e7irir. Ora bax\u0131\u015f ke\u00e7irmi\u015fik, k\u0259skin qoxu, antisanitarik v\u0259ziyy\u0259t var. V\u0259ziyy\u0259t \u00e7ox pisdir. Bu adam Ba\u011fdadda &#8220;kor x\u0259lif\u0259&#8221; prinsipi il\u0259 ya\u015fay\u0131r. D\u0259f\u0259l\u0259rl\u0259 onunla profilaktik s\u00f6hb\u0259tl\u0259r apar\u0131l\u0131b, ancaq deyir ki, f\u0259aliyy\u0259timi dayand\u0131rmayaca\u011fam. Vergid\u0259n yay\u0131nmaya, qeyri-qanuni \u0259t k\u0259sim, antisanitarik v\u0259ziyy\u0259t\u0259 g\u00f6r\u0259 biz d\u0259 bir ne\u00e7\u0259 aidiyy\u0259ti quruma m\u00fcraci\u0259t etmi\u015fik. Ancaq o qurumlar problemin h\u0259lli istiqam\u0259tind\u0259 i\u015f g\u00f6r\u0259 bilm\u0259yibl\u0259r. Qida T\u0259hl\u00fck\u0259sizliyi Agentliyini laz\u0131m\u0131 m\u0259s\u0259l\u0259l\u0259rd\u0259\u00a0 g\u00f6rm\u0259k olmur. Sahibkar da f\u0259aliyy\u0259tind\u0259\u00a0 davam edir. V\u0259t\u0259nda\u015flara\u00a0 m\u0259lumat veririk ki, ancaq Az\u0259rbaycan Respublikas\u0131n\u0131n M\u00fclki Prosessual M\u0259c\u0259ll\u0259sinin 4 v\u0259 25-ci madd\u0259l\u0259rin\u0259 \u0259sas\u0259n, iddia \u0259riz\u0259si il\u0259 m\u0259hk\u0259m\u0259y\u0259 m\u00fcraci\u0259t edib, qar\u015f\u0131 t\u0259r\u0259fin f\u0259aliyy\u0259tin\u0259 qada\u011fa qoyulmas\u0131n\u0131 t\u0259l\u0259b ed\u0259 bil\u0259rsiniz. \u0130ddia \u0259riz\u0259ni icra hakimiyy\u0259ti \u00f6z ad\u0131ndan ver\u0259 bilm\u0259z, ancaq v\u0259t\u0259nda\u015flara h\u00fcquq \u015f\u00f6b\u0259si olaraq iddia \u0259riz\u0259si \u00fc\u00e7\u00fcn h\u00fcquqi yard\u0131m ed\u0259 bil\u0259rik&#8221;.<\/em><\/p>\n\n\n\n<p><strong>&#8220;Yaln\u0131z m\u0259hk\u0259m\u0259 q\u0259rar\u0131 il\u0259 onun f\u0259aliyy\u0259tin\u0259 son qoyula bil\u0259r&#8221;<\/strong><\/p>\n\n\n\n<p>Ming\u0259\u00e7evir \u015e\u0259h\u0259r Polis \u015e\u00f6b\u0259sinin \u0259m\u0259kda\u015f\u0131 Murad H\u0259s\u0259nov deyir ki, \u0259raziy\u0259 Qida T\u0259hl\u00fck\u0259sizliyi Agentliyi v\u0259 \u0130cra Hakimiyy\u0259ti il\u0259 birg\u0259 \u00fc\u00e7 d\u0259f\u0259 bax\u0131\u015f ke\u00e7irilib, akt t\u0259rtib edilib v\u0259 sahibkar h\u0259r birind\u0259 300 manat olmaqla \u00fc\u00e7 d\u0259f\u0259 c\u0259rim\u0259 edilib.<\/p>\n\n\n\n<p>Onun s\u00f6zl\u0259rin\u0259 g\u00f6r\u0259, m\u00fclki xarakterli \u015fikay\u0259t oldu\u011fundan sahibkar\u0131n qeyri-qanuni f\u0259aliyy\u0259tin\u0259 son qoymaq g\u00fcc\u00fcnd\u0259 deyill\u0259r:<\/p>\n\n\n\n<p>&#8220;<em>Biz baxanda 15 ba\u015f iribuynuzlu heyvan var idi, 150 ba\u015f x\u0131rdabuynuzlu. K\u0259sim avadanl\u0131\u011f\u0131n\u0131 da l\u0259\u011fv etdil\u0259r. Sonra azaltd\u0131. \u0130ndi \u015f\u0259xsi istehlak miqdar\u0131nda heyvan saxlay\u0131r. G\u00fcc\u00fcm\u00fcz \u00e7atan ancaq Qida T\u0259hl\u00fck\u0259sizlik Agentliyinin x\u0259tti il\u0259 ona protokol t\u0259rtib etm\u0259k olur. Bu, m\u00fclki xarakterli \u015fikay\u0259tdir. Cinay\u0259t t\u0259rkibi olsa, bizim qurum ara\u015fd\u0131r\u0131b c\u0259za ver\u0259r.\u00a0 Polis \u015f\u00f6b\u0259sinin ixtiyar\u0131 yoxdur ki, m\u0259hk\u0259m\u0259 q\u0259rar\u0131 olmadan v\u0259t\u0259nda\u015f\u0131 m\u00fclkind\u0259n \u00e7\u0131xars\u0131n&#8221;.<\/em><\/p>\n\n\n\n<figure class=\"wp-block-image size-large\"><img decoding=\"async\" width=\"1200\" height=\"819\" data-src=\"https:\/\/www.meydan.tv\/wp-content\/uploads\/14329958861228749187-1200x819.jpg\" alt=\"\" class=\"wp-image-279728 lazyload\" src=\"data:image\/svg+xml;base64,PHN2ZyB3aWR0aD0iMSIgaGVpZ2h0PSIxIiB4bWxucz0iaHR0cDovL3d3dy53My5vcmcvMjAwMC9zdmciPjwvc3ZnPg==\" style=\"--smush-placeholder-width: 1200px; --smush-placeholder-aspect-ratio: 1200\/819;\" \/><figcaption class=\"wp-element-caption\">Ming\u0259\u00e7evir \u015e\u0259h\u0259r Polis \u015e\u00f6b\u0259si. Foto: D\u0130N<\/figcaption><\/figure>\n\n\n\n<p>11 sayl\u0131 \u018frazi Vergil\u0259r Ba\u015f idar\u0259sind\u0259n is\u0259 v\u0259t\u0259nda\u015flar\u0131n \u015fikay\u0259ti \u00fczr\u0259 \u0259raziy\u0259&nbsp; bax\u0131\u015f ke\u00e7irdikl\u0259rini bildirdil\u0259r. Ancaq probleml\u0259 ba\u011fl\u0131 hans\u0131 t\u0259dbirl\u0259r g\u00f6rd\u00fckl\u0259rini xat\u0131rlaya bilm\u0259dil\u0259r.<\/p>\n\n\n\n<p>8 sayl\u0131 Regional Ekologiya v\u0259 T\u0259bii S\u0259rv\u0259tl\u0259r \u0130dar\u0259sind\u0259n is\u0259 bu problemin ara\u015fd\u0131r\u0131lmas\u0131 nazirliyin s\u0259lahiyy\u0259tl\u0259ri daxilind\u0259 olmad\u0131\u011f\u0131n\u0131 qeyd etdil\u0259r.<\/p>\n\n\n\n<p>\u015eikay\u0259td\u0259 \u0259n \u00e7ox ad\u0131\u00e7\u0259kil\u0259n Qida T\u0259hl\u00fck\u0259sizlik Agentliyi is\u0259 Meydan TV-nin sor\u011fusuna cavab verm\u0259yib.<\/p>\n\n\n\n<p><\/p>\n\n\n\n<p><\/p>\n","protected":false},"excerpt":{"rendered":"<p>M\u0259sul qurumlar is\u0259 problemi bir-birinin \u00fcz\u0259rin\u0259 at\u0131r Ming\u0259\u00e7evirin &#8220;G\u00fcn\u0259\u015fli &#8220;q\u0259s\u0259b\u0259si, &#8230; <\/p>\n<p class=\"read-more-container\"><a title=\"Ming\u0259\u00e7evir sakinl\u0259ri antisanitariyadan \u015fikay\u0259t\u00e7idirl\u0259r: &#8220;Bo\u011faza y\u0131\u011f\u0131lm\u0131\u015f\u0131q&#8221;\" class=\"read-more button\" href=\"https:\/\/www.meydan.tv\/az\/article\/mingecevir-sakinleri-antisanitariyadan-sikayetcidirler-bogaza-yigilmisiq\/#more-279703\" aria-label=\"Read more about Ming\u0259\u00e7evir sakinl\u0259ri antisanitariyadan \u015fikay\u0259t\u00e7idirl\u0259r: &#8220;Bo\u011faza y\u0131\u011f\u0131lm\u0131\u015f\u0131q&#8221;\">Davam\u0131<\/a><\/p>\n","protected":false},"author":8,"featured_media":279716,"comment_status":"closed","ping_status":"closed","sticky":false,"template":"","format":"standard","meta":{"_acf_changed":false,"_sitemap_exclude":false,"_sitemap_priority":"","_sitemap_frequency":"","footnotes":""},"categories":[60,56],"tags":[],"class_list":["post-279703","post","type-post","status-publish","format-standard","has-post-thumbnail","hentry","category-bolge","category-xeberler","infinite-scroll-item","generate-columns","tablet-grid-50","mobile-grid-100","grid-parent","grid-33","no-featured-image-padding"],"acf":[],"yoast_head":"<!-- This site is optimized with the Yoast SEO plugin v27.5 - https:\/\/yoast.com\/product\/yoast-seo-wordpress\/ -->\n<title>Ming\u0259\u00e7evir sakinl\u0259ri antisanitariyadan \u015fikay\u0259t\u00e7idirl\u0259r: &quot;Bo\u011faza y\u0131\u011f\u0131lm\u0131\u015f\u0131q&quot; - MEYDAN.TV<\/title>\n<meta name=\"robots\" content=\"index, follow, max-snippet:-1, max-image-preview:large, max-video-preview:-1\" \/>\n<link rel=\"canonical\" href=\"https:\/\/www.meydan.tv\/az\/article\/mingecevir-sakinleri-antisanitariyadan-sikayetcidirler-bogaza-yigilmisiq\/\" \/>\n<meta property=\"og:locale\" content=\"az_AZ\" \/>\n<meta property=\"og:type\" content=\"article\" \/>\n<meta property=\"og:title\" content=\"Ming\u0259\u00e7evir sakinl\u0259ri antisanitariyadan \u015fikay\u0259t\u00e7idirl\u0259r: &quot;Bo\u011faza y\u0131\u011f\u0131lm\u0131\u015f\u0131q&quot; - MEYDAN.TV\" \/>\n<meta property=\"og:description\" content=\"M\u0259sul qurumlar is\u0259 problemi bir-birinin \u00fcz\u0259rin\u0259 at\u0131r Ming\u0259\u00e7evirin &#8220;G\u00fcn\u0259\u015fli &#8220;q\u0259s\u0259b\u0259si, ... Davam\u0131\" \/>\n<meta property=\"og:url\" content=\"https:\/\/www.meydan.tv\/az\/article\/mingecevir-sakinleri-antisanitariyadan-sikayetcidirler-bogaza-yigilmisiq\/\" \/>\n<meta property=\"og:site_name\" content=\"MEYDAN.TV\" \/>\n<meta property=\"article:published_time\" content=\"2023-07-13T12:43:43+00:00\" \/>\n<meta property=\"article:modified_time\" content=\"2023-07-13T12:43:45+00:00\" \/>\n<meta property=\"og:image\" content=\"https:\/\/www.meydan.tv\/wp-content\/uploads\/3cu-sekil.jpg\" \/>\n\t<meta property=\"og:image:width\" content=\"1200\" \/>\n\t<meta property=\"og:image:height\" content=\"811\" \/>\n\t<meta property=\"og:image:type\" content=\"image\/jpeg\" \/>\n<meta name=\"author\" content=\"elli\" \/>\n<meta name=\"twitter:card\" content=\"summary_large_image\" \/>\n<meta name=\"twitter:creator\" content=\"@elli\" \/>\n<script type=\"application\/ld+json\" class=\"yoast-schema-graph\">{\"@context\":\"https:\\\/\\\/schema.org\",\"@graph\":[{\"@type\":\"Article\",\"@id\":\"https:\\\/\\\/www.meydan.tv\\\/az\\\/article\\\/mingecevir-sakinleri-antisanitariyadan-sikayetcidirler-bogaza-yigilmisiq\\\/#article\",\"isPartOf\":{\"@id\":\"https:\\\/\\\/www.meydan.tv\\\/az\\\/article\\\/mingecevir-sakinleri-antisanitariyadan-sikayetcidirler-bogaza-yigilmisiq\\\/\"},\"author\":{\"name\":\"elli\",\"@id\":\"https:\\\/\\\/www.meydan.tv\\\/az\\\/#\\\/schema\\\/person\\\/9cdbecf90d17180ce1dfbd95b08dcf47\"},\"headline\":\"Ming\u0259\u00e7evir sakinl\u0259ri antisanitariyadan \u015fikay\u0259t\u00e7idirl\u0259r: &#8220;Bo\u011faza y\u0131\u011f\u0131lm\u0131\u015f\u0131q&#8221;\",\"datePublished\":\"2023-07-13T12:43:43+00:00\",\"dateModified\":\"2023-07-13T12:43:45+00:00\",\"mainEntityOfPage\":{\"@id\":\"https:\\\/\\\/www.meydan.tv\\\/az\\\/article\\\/mingecevir-sakinleri-antisanitariyadan-sikayetcidirler-bogaza-yigilmisiq\\\/\"},\"wordCount\":1830,\"publisher\":{\"@id\":\"https:\\\/\\\/www.meydan.tv\\\/az\\\/#organization\"},\"image\":{\"@id\":\"https:\\\/\\\/www.meydan.tv\\\/az\\\/article\\\/mingecevir-sakinleri-antisanitariyadan-sikayetcidirler-bogaza-yigilmisiq\\\/#primaryimage\"},\"thumbnailUrl\":\"https:\\\/\\\/www.meydan.tv\\\/wp-content\\\/uploads\\\/3cu-sekil.jpg\",\"articleSection\":[\"B\u00f6lg\u0259\",\"X\u0259b\u0259rl\u0259r\"],\"inLanguage\":\"az\"},{\"@type\":\"WebPage\",\"@id\":\"https:\\\/\\\/www.meydan.tv\\\/az\\\/article\\\/mingecevir-sakinleri-antisanitariyadan-sikayetcidirler-bogaza-yigilmisiq\\\/\",\"url\":\"https:\\\/\\\/www.meydan.tv\\\/az\\\/article\\\/mingecevir-sakinleri-antisanitariyadan-sikayetcidirler-bogaza-yigilmisiq\\\/\",\"name\":\"Ming\u0259\u00e7evir sakinl\u0259ri antisanitariyadan \u015fikay\u0259t\u00e7idirl\u0259r: \\\"Bo\u011faza y\u0131\u011f\u0131lm\u0131\u015f\u0131q\\\" - MEYDAN.TV\",\"isPartOf\":{\"@id\":\"https:\\\/\\\/www.meydan.tv\\\/az\\\/#website\"},\"primaryImageOfPage\":{\"@id\":\"https:\\\/\\\/www.meydan.tv\\\/az\\\/article\\\/mingecevir-sakinleri-antisanitariyadan-sikayetcidirler-bogaza-yigilmisiq\\\/#primaryimage\"},\"image\":{\"@id\":\"https:\\\/\\\/www.meydan.tv\\\/az\\\/article\\\/mingecevir-sakinleri-antisanitariyadan-sikayetcidirler-bogaza-yigilmisiq\\\/#primaryimage\"},\"thumbnailUrl\":\"https:\\\/\\\/www.meydan.tv\\\/wp-content\\\/uploads\\\/3cu-sekil.jpg\",\"datePublished\":\"2023-07-13T12:43:43+00:00\",\"dateModified\":\"2023-07-13T12:43:45+00:00\",\"breadcrumb\":{\"@id\":\"https:\\\/\\\/www.meydan.tv\\\/az\\\/article\\\/mingecevir-sakinleri-antisanitariyadan-sikayetcidirler-bogaza-yigilmisiq\\\/#breadcrumb\"},\"inLanguage\":\"az\",\"potentialAction\":[{\"@type\":\"ReadAction\",\"target\":[\"https:\\\/\\\/www.meydan.tv\\\/az\\\/article\\\/mingecevir-sakinleri-antisanitariyadan-sikayetcidirler-bogaza-yigilmisiq\\\/\"]}]},{\"@type\":\"ImageObject\",\"inLanguage\":\"az\",\"@id\":\"https:\\\/\\\/www.meydan.tv\\\/az\\\/article\\\/mingecevir-sakinleri-antisanitariyadan-sikayetcidirler-bogaza-yigilmisiq\\\/#primaryimage\",\"url\":\"https:\\\/\\\/www.meydan.tv\\\/wp-content\\\/uploads\\\/3cu-sekil.jpg\",\"contentUrl\":\"https:\\\/\\\/www.meydan.tv\\\/wp-content\\\/uploads\\\/3cu-sekil.jpg\",\"width\":1200,\"height\":811,\"caption\":\"Fotolar: Meydan TV\"},{\"@type\":\"BreadcrumbList\",\"@id\":\"https:\\\/\\\/www.meydan.tv\\\/az\\\/article\\\/mingecevir-sakinleri-antisanitariyadan-sikayetcidirler-bogaza-yigilmisiq\\\/#breadcrumb\",\"itemListElement\":[{\"@type\":\"ListItem\",\"position\":1,\"name\":\"Ana s\u0259hif\u0259\",\"item\":\"https:\\\/\\\/www.meydan.tv\\\/az\\\/\"},{\"@type\":\"ListItem\",\"position\":2,\"name\":\"B\u00f6lg\u0259\",\"item\":\"https:\\\/\\\/www.meydan.tv\\\/az\\\/section\\\/bolge\\\/\"},{\"@type\":\"ListItem\",\"position\":3,\"name\":\"Ming\u0259\u00e7evir sakinl\u0259ri antisanitariyadan \u015fikay\u0259t\u00e7idirl\u0259r: &#8220;Bo\u011faza y\u0131\u011f\u0131lm\u0131\u015f\u0131q&#8221;\"}]},{\"@type\":\"WebSite\",\"@id\":\"https:\\\/\\\/www.meydan.tv\\\/az\\\/#website\",\"url\":\"https:\\\/\\\/www.meydan.tv\\\/az\\\/\",\"name\":\"MEYDAN.TV\",\"description\":\"Meydan TV Az\u0259rbaycan\u0131n media m\u0259kan\u0131ndak\u0131 alternativ s\u0259sidir\",\"publisher\":{\"@id\":\"https:\\\/\\\/www.meydan.tv\\\/az\\\/#organization\"},\"potentialAction\":[{\"@type\":\"SearchAction\",\"target\":{\"@type\":\"EntryPoint\",\"urlTemplate\":\"https:\\\/\\\/www.meydan.tv\\\/az\\\/?s={search_term_string}\"},\"query-input\":{\"@type\":\"PropertyValueSpecification\",\"valueRequired\":true,\"valueName\":\"search_term_string\"}}],\"inLanguage\":\"az\"},{\"@type\":\"Organization\",\"@id\":\"https:\\\/\\\/www.meydan.tv\\\/az\\\/#organization\",\"name\":\"Meydan TV\",\"url\":\"https:\\\/\\\/www.meydan.tv\\\/az\\\/\",\"logo\":{\"@type\":\"ImageObject\",\"inLanguage\":\"az\",\"@id\":\"https:\\\/\\\/www.meydan.tv\\\/az\\\/#\\\/schema\\\/logo\\\/image\\\/\",\"url\":\"https:\\\/\\\/www.meydan.tv\\\/wp-content\\\/uploads\\\/2021\\\/07\\\/meydan-logo.svg\",\"contentUrl\":\"https:\\\/\\\/www.meydan.tv\\\/wp-content\\\/uploads\\\/2021\\\/07\\\/meydan-logo.svg\",\"width\":195,\"height\":46,\"caption\":\"Meydan TV\"},\"image\":{\"@id\":\"https:\\\/\\\/www.meydan.tv\\\/az\\\/#\\\/schema\\\/logo\\\/image\\\/\"}},{\"@type\":\"Person\",\"@id\":\"https:\\\/\\\/www.meydan.tv\\\/az\\\/#\\\/schema\\\/person\\\/9cdbecf90d17180ce1dfbd95b08dcf47\",\"name\":\"elli\",\"sameAs\":[\"https:\\\/\\\/x.com\\\/elli\"]}]}<\/script>\n<!-- \/ Yoast SEO plugin. -->","yoast_head_json":{"title":"Ming\u0259\u00e7evir sakinl\u0259ri antisanitariyadan \u015fikay\u0259t\u00e7idirl\u0259r: \"Bo\u011faza y\u0131\u011f\u0131lm\u0131\u015f\u0131q\" - MEYDAN.TV","robots":{"index":"index","follow":"follow","max-snippet":"max-snippet:-1","max-image-preview":"max-image-preview:large","max-video-preview":"max-video-preview:-1"},"canonical":"https:\/\/www.meydan.tv\/az\/article\/mingecevir-sakinleri-antisanitariyadan-sikayetcidirler-bogaza-yigilmisiq\/","og_locale":"az_AZ","og_type":"article","og_title":"Ming\u0259\u00e7evir sakinl\u0259ri antisanitariyadan \u015fikay\u0259t\u00e7idirl\u0259r: \"Bo\u011faza y\u0131\u011f\u0131lm\u0131\u015f\u0131q\" - MEYDAN.TV","og_description":"M\u0259sul qurumlar is\u0259 problemi bir-birinin \u00fcz\u0259rin\u0259 at\u0131r Ming\u0259\u00e7evirin &#8220;G\u00fcn\u0259\u015fli &#8220;q\u0259s\u0259b\u0259si, ... Davam\u0131","og_url":"https:\/\/www.meydan.tv\/az\/article\/mingecevir-sakinleri-antisanitariyadan-sikayetcidirler-bogaza-yigilmisiq\/","og_site_name":"MEYDAN.TV","article_published_time":"2023-07-13T12:43:43+00:00","article_modified_time":"2023-07-13T12:43:45+00:00","og_image":[{"width":1200,"height":811,"url":"https:\/\/www.meydan.tv\/wp-content\/uploads\/3cu-sekil.jpg","type":"image\/jpeg"}],"author":"elli","twitter_card":"summary_large_image","twitter_creator":"@elli","schema":{"@context":"https:\/\/schema.org","@graph":[{"@type":"Article","@id":"https:\/\/www.meydan.tv\/az\/article\/mingecevir-sakinleri-antisanitariyadan-sikayetcidirler-bogaza-yigilmisiq\/#article","isPartOf":{"@id":"https:\/\/www.meydan.tv\/az\/article\/mingecevir-sakinleri-antisanitariyadan-sikayetcidirler-bogaza-yigilmisiq\/"},"author":{"name":"elli","@id":"https:\/\/www.meydan.tv\/az\/#\/schema\/person\/9cdbecf90d17180ce1dfbd95b08dcf47"},"headline":"Ming\u0259\u00e7evir sakinl\u0259ri antisanitariyadan \u015fikay\u0259t\u00e7idirl\u0259r: &#8220;Bo\u011faza y\u0131\u011f\u0131lm\u0131\u015f\u0131q&#8221;","datePublished":"2023-07-13T12:43:43+00:00","dateModified":"2023-07-13T12:43:45+00:00","mainEntityOfPage":{"@id":"https:\/\/www.meydan.tv\/az\/article\/mingecevir-sakinleri-antisanitariyadan-sikayetcidirler-bogaza-yigilmisiq\/"},"wordCount":1830,"publisher":{"@id":"https:\/\/www.meydan.tv\/az\/#organization"},"image":{"@id":"https:\/\/www.meydan.tv\/az\/article\/mingecevir-sakinleri-antisanitariyadan-sikayetcidirler-bogaza-yigilmisiq\/#primaryimage"},"thumbnailUrl":"https:\/\/www.meydan.tv\/wp-content\/uploads\/3cu-sekil.jpg","articleSection":["B\u00f6lg\u0259","X\u0259b\u0259rl\u0259r"],"inLanguage":"az"},{"@type":"WebPage","@id":"https:\/\/www.meydan.tv\/az\/article\/mingecevir-sakinleri-antisanitariyadan-sikayetcidirler-bogaza-yigilmisiq\/","url":"https:\/\/www.meydan.tv\/az\/article\/mingecevir-sakinleri-antisanitariyadan-sikayetcidirler-bogaza-yigilmisiq\/","name":"Ming\u0259\u00e7evir sakinl\u0259ri antisanitariyadan \u015fikay\u0259t\u00e7idirl\u0259r: \"Bo\u011faza y\u0131\u011f\u0131lm\u0131\u015f\u0131q\" - MEYDAN.TV","isPartOf":{"@id":"https:\/\/www.meydan.tv\/az\/#website"},"primaryImageOfPage":{"@id":"https:\/\/www.meydan.tv\/az\/article\/mingecevir-sakinleri-antisanitariyadan-sikayetcidirler-bogaza-yigilmisiq\/#primaryimage"},"image":{"@id":"https:\/\/www.meydan.tv\/az\/article\/mingecevir-sakinleri-antisanitariyadan-sikayetcidirler-bogaza-yigilmisiq\/#primaryimage"},"thumbnailUrl":"https:\/\/www.meydan.tv\/wp-content\/uploads\/3cu-sekil.jpg","datePublished":"2023-07-13T12:43:43+00:00","dateModified":"2023-07-13T12:43:45+00:00","breadcrumb":{"@id":"https:\/\/www.meydan.tv\/az\/article\/mingecevir-sakinleri-antisanitariyadan-sikayetcidirler-bogaza-yigilmisiq\/#breadcrumb"},"inLanguage":"az","potentialAction":[{"@type":"ReadAction","target":["https:\/\/www.meydan.tv\/az\/article\/mingecevir-sakinleri-antisanitariyadan-sikayetcidirler-bogaza-yigilmisiq\/"]}]},{"@type":"ImageObject","inLanguage":"az","@id":"https:\/\/www.meydan.tv\/az\/article\/mingecevir-sakinleri-antisanitariyadan-sikayetcidirler-bogaza-yigilmisiq\/#primaryimage","url":"https:\/\/www.meydan.tv\/wp-content\/uploads\/3cu-sekil.jpg","contentUrl":"https:\/\/www.meydan.tv\/wp-content\/uploads\/3cu-sekil.jpg","width":1200,"height":811,"caption":"Fotolar: Meydan TV"},{"@type":"BreadcrumbList","@id":"https:\/\/www.meydan.tv\/az\/article\/mingecevir-sakinleri-antisanitariyadan-sikayetcidirler-bogaza-yigilmisiq\/#breadcrumb","itemListElement":[{"@type":"ListItem","position":1,"name":"Ana s\u0259hif\u0259","item":"https:\/\/www.meydan.tv\/az\/"},{"@type":"ListItem","position":2,"name":"B\u00f6lg\u0259","item":"https:\/\/www.meydan.tv\/az\/section\/bolge\/"},{"@type":"ListItem","position":3,"name":"Ming\u0259\u00e7evir sakinl\u0259ri antisanitariyadan \u015fikay\u0259t\u00e7idirl\u0259r: &#8220;Bo\u011faza y\u0131\u011f\u0131lm\u0131\u015f\u0131q&#8221;"}]},{"@type":"WebSite","@id":"https:\/\/www.meydan.tv\/az\/#website","url":"https:\/\/www.meydan.tv\/az\/","name":"MEYDAN.TV","description":"Meydan TV Az\u0259rbaycan\u0131n media m\u0259kan\u0131ndak\u0131 alternativ s\u0259sidir","publisher":{"@id":"https:\/\/www.meydan.tv\/az\/#organization"},"potentialAction":[{"@type":"SearchAction","target":{"@type":"EntryPoint","urlTemplate":"https:\/\/www.meydan.tv\/az\/?s={search_term_string}"},"query-input":{"@type":"PropertyValueSpecification","valueRequired":true,"valueName":"search_term_string"}}],"inLanguage":"az"},{"@type":"Organization","@id":"https:\/\/www.meydan.tv\/az\/#organization","name":"Meydan TV","url":"https:\/\/www.meydan.tv\/az\/","logo":{"@type":"ImageObject","inLanguage":"az","@id":"https:\/\/www.meydan.tv\/az\/#\/schema\/logo\/image\/","url":"https:\/\/www.meydan.tv\/wp-content\/uploads\/2021\/07\/meydan-logo.svg","contentUrl":"https:\/\/www.meydan.tv\/wp-content\/uploads\/2021\/07\/meydan-logo.svg","width":195,"height":46,"caption":"Meydan TV"},"image":{"@id":"https:\/\/www.meydan.tv\/az\/#\/schema\/logo\/image\/"}},{"@type":"Person","@id":"https:\/\/www.meydan.tv\/az\/#\/schema\/person\/9cdbecf90d17180ce1dfbd95b08dcf47","name":"elli","sameAs":["https:\/\/x.com\/elli"]}]}},"_links":{"self":[{"href":"https:\/\/www.meydan.tv\/az\/wp-json\/wp\/v2\/posts\/279703","targetHints":{"allow":["GET"]}}],"collection":[{"href":"https:\/\/www.meydan.tv\/az\/wp-json\/wp\/v2\/posts"}],"about":[{"href":"https:\/\/www.meydan.tv\/az\/wp-json\/wp\/v2\/types\/post"}],"author":[{"embeddable":true,"href":"https:\/\/www.meydan.tv\/az\/wp-json\/wp\/v2\/users\/8"}],"replies":[{"embeddable":true,"href":"https:\/\/www.meydan.tv\/az\/wp-json\/wp\/v2\/comments?post=279703"}],"version-history":[{"count":1,"href":"https:\/\/www.meydan.tv\/az\/wp-json\/wp\/v2\/posts\/279703\/revisions"}],"predecessor-version":[{"id":279731,"href":"https:\/\/www.meydan.tv\/az\/wp-json\/wp\/v2\/posts\/279703\/revisions\/279731"}],"wp:featuredmedia":[{"embeddable":true,"href":"https:\/\/www.meydan.tv\/az\/wp-json\/wp\/v2\/media\/279716"}],"wp:attachment":[{"href":"https:\/\/www.meydan.tv\/az\/wp-json\/wp\/v2\/media?parent=279703"}],"wp:term":[{"taxonomy":"category","embeddable":true,"href":"https:\/\/www.meydan.tv\/az\/wp-json\/wp\/v2\/categories?post=279703"},{"taxonomy":"post_tag","embeddable":true,"href":"https:\/\/www.meydan.tv\/az\/wp-json\/wp\/v2\/tags?post=279703"}],"curies":[{"name":"wp","href":"https:\/\/api.w.org\/{rel}","templated":true}]}}