{"id":279685,"date":"2023-07-13T15:24:57","date_gmt":"2023-07-13T11:24:57","guid":{"rendered":"https:\/\/www.meydan.tv\/?p=279685"},"modified":"2023-07-13T15:25:01","modified_gmt":"2023-07-13T11:25:01","slug":"hollivudda-etiraz-ve-tetiller","status":"publish","type":"post","link":"https:\/\/www.meydan.tv\/az\/article\/hollivudda-etiraz-ve-tetiller\/","title":{"rendered":"Hollivudda etiraz v\u0259 t\u0259till\u0259r"},"content":{"rendered":"\n<p><\/p>\n\n\n\n<p><strong><em>160 min aktyor maa\u015flar\u0131n\u0131n art\u0131r\u0131lmas\u0131n\u0131 ist\u0259yir<\/em><\/strong><\/p>\n\n\n\n<p>Hollivudda 160 min aktyorun t\u0259til\u0259 \u00e7\u0131xaca\u011f\u0131 bildirilir.<\/p>\n\n\n\n<p>Bu haqda Ekran Aktyorlar\u0131 Gildiyas\u0131 v\u0259 Televiziya v\u0259 Radio S\u0259n\u0259t\u00e7il\u0259ri Federasiyas\u0131n\u0131n (SAG-AFTRA) m\u0259lumat\u0131nda <a href=\"https:\/\/www.sagaftra.org\/\" target=\"_blank\" rel=\"noreferrer noopener\">deyilir.<\/a><\/p>\n\n\n\n<p>Aktyorlar Film v\u0259 Televiziya Prod\u00fcserl\u0259ri Alyans\u0131 qar\u015f\u0131s\u0131nda bir s\u0131ra t\u0259l\u0259bl\u0259r qoyublar.<\/p>\n\n\n\n<p>Bunlara \u0259m\u0259l edilm\u0259s\u0259 Hollivudda ssenaristl\u0259rin t\u0259tilinin ard\u0131nca aktyorlar\u0131n da onlara qo\u015fulaca\u011f\u0131 g\u00fcman edilir.<\/p>\n\n\n\n<p>Hollivudun \u0259n b\u00f6y\u00fck kinostudiyalar\u0131 il\u0259 aktyorluq pe\u015f\u0259sinin \u0259n b\u00f6y\u00fck birliyi say\u0131lan SAG-AFTRA aras\u0131nda m\u00fcqavil\u0259 iyunun 30-da ba\u015fa \u00e7at\u0131b.<\/p>\n\n\n\n<p>T\u0259tild\u0259n yay\u0131nmaq \u00fc\u00e7\u00fcn t\u0259r\u0259fl\u0259r m\u00fcqavil\u0259ni m\u00fcv\u0259qq\u0259ti olaraq iyulun 12-d\u0259 gec\u0259 yar\u0131s\u0131na q\u0259d\u0259r uzatmaq bar\u0259d\u0259 raz\u0131l\u0131\u011fa g\u0259libl\u0259r.<\/p>\n\n\n\n<p>Dan\u0131\u015f\u0131qlara federal vasit\u0259\u00e7il\u0259r c\u0259lb edilib.<\/p>\n\n\n\n<p>SAG-AFTRA-n\u0131n \u0259sas t\u0259l\u0259bi kino s\u0259nayesi n\u00fcmay\u0259nd\u0259l\u0259rinin minimum \u0259m\u0259khaqlar\u0131n\u0131n v\u0259 sosial t\u0259minatlar\u0131n\u0131n art\u0131r\u0131lmas\u0131d\u0131r.<\/p>\n\n\n\n<p>Cennifer Lourens, Meril Strip, Ben Stiller, Pedro Paskal kimi m\u0259\u015fhur aktyorlar t\u0259tili d\u0259st\u0259kl\u0259dikl\u0259rini b\u0259yan edibl\u0259r.<\/p>\n\n\n\n<p>Aktyorlar\u0131n etiraz aksiyas\u0131 ba\u015flayarsa, Hollivud dem\u0259k olar ki, iflic v\u0259ziyy\u0259tin\u0259 d\u00fc\u015f\u0259 bil\u0259r.<\/p>\n\n\n\n<p>2023-c\u00fc il may\u0131n \u0259vv\u0259lind\u0259, Film v\u0259 Televiziya Prod\u00fcserl\u0259ri Alyans\u0131 il\u0259 dan\u0131\u015f\u0131qlar\u0131n n\u0259tic\u0259siz qalmas\u0131ndan sonra, Hollivud filml\u0259ri, seriallar\u0131 v\u0259 \u0259yl\u0259nc\u0259 \u015foular\u0131 \u00fc\u00e7\u00fcn m\u0259zmun yaradan 11,5 mind\u0259n \u00e7ox m\u00fc\u0259llifi birl\u0259\u015fdir\u0259n Amerika Yaz\u0131\u00e7\u0131lar Gildiyas\u0131 etirazlara ba\u015flay\u0131b.<\/p>\n\n\n\n<p>Davam ed\u0259n t\u0259till\u0259 \u0259laq\u0259dar film v\u0259 seriallar\u0131n \u00e7\u0259kili\u015fl\u0259ri t\u0259xir\u0259 sal\u0131n\u0131b.<\/p>\n\n\n\n<p>Bir \u00e7ox ba\u015fqa layih\u0259l\u0259r dayand\u0131r\u0131l\u0131b.<\/p>\n\n\n\n<p>Film v\u0259 Televiziya Prod\u00fcserl\u0259ri Alyans\u0131 il\u0259 dan\u0131\u015f\u0131qlar ist\u0259nil\u0259n n\u0259tic\u0259ni verm\u0259s\u0259, bu, AB\u015e kino s\u0259nayesi tarixind\u0259 1960-c\u0131 ill\u0259rd\u0259n b\u0259ri ikinci \u0259n b\u00f6y\u00fck t\u0259til olacaq.<\/p>\n","protected":false},"excerpt":{"rendered":"<p>160 min aktyor maa\u015flar\u0131n\u0131n art\u0131r\u0131lmas\u0131n\u0131 ist\u0259yir Hollivudda 160 min aktyorun &#8230; <\/p>\n<p class=\"read-more-container\"><a title=\"Hollivudda etiraz v\u0259 t\u0259till\u0259r\" class=\"read-more button\" href=\"https:\/\/www.meydan.tv\/az\/article\/hollivudda-etiraz-ve-tetiller\/#more-279685\" aria-label=\"Read more about Hollivudda etiraz v\u0259 t\u0259till\u0259r\">Davam\u0131<\/a><\/p>\n","protected":false},"author":8,"featured_media":279682,"comment_status":"closed","ping_status":"closed","sticky":false,"template":"","format":"standard","meta":{"_acf_changed":false,"_sitemap_exclude":false,"_sitemap_priority":"","_sitemap_frequency":"","footnotes":""},"categories":[52,56],"tags":[],"class_list":["post-279685","post","type-post","status-publish","format-standard","has-post-thumbnail","hentry","category-medeniyyet","category-xeberler","infinite-scroll-item","generate-columns","tablet-grid-50","mobile-grid-100","grid-parent","grid-33","no-featured-image-padding"],"acf":[],"yoast_head":"<!-- This site is optimized with the Yoast SEO plugin v27.4 - https:\/\/yoast.com\/product\/yoast-seo-wordpress\/ -->\n<title>Hollivudda etiraz v\u0259 t\u0259till\u0259r - MEYDAN.TV<\/title>\n<meta name=\"robots\" content=\"index, follow, max-snippet:-1, max-image-preview:large, max-video-preview:-1\" \/>\n<link rel=\"canonical\" href=\"https:\/\/www.meydan.tv\/az\/article\/hollivudda-etiraz-ve-tetiller\/\" \/>\n<meta property=\"og:locale\" content=\"az_AZ\" \/>\n<meta property=\"og:type\" content=\"article\" \/>\n<meta property=\"og:title\" content=\"Hollivudda etiraz v\u0259 t\u0259till\u0259r - MEYDAN.TV\" \/>\n<meta property=\"og:description\" content=\"160 min aktyor maa\u015flar\u0131n\u0131n art\u0131r\u0131lmas\u0131n\u0131 ist\u0259yir Hollivudda 160 min aktyorun ... Davam\u0131\" \/>\n<meta property=\"og:url\" content=\"https:\/\/www.meydan.tv\/az\/article\/hollivudda-etiraz-ve-tetiller\/\" \/>\n<meta property=\"og:site_name\" content=\"MEYDAN.TV\" \/>\n<meta property=\"article:published_time\" content=\"2023-07-13T11:24:57+00:00\" \/>\n<meta property=\"article:modified_time\" content=\"2023-07-13T11:25:01+00:00\" \/>\n<meta property=\"og:image\" content=\"https:\/\/www.meydan.tv\/wp-content\/uploads\/11-bigtopimage_2023_07_13_12_18_33.jpg\" \/>\n\t<meta property=\"og:image:width\" content=\"1200\" \/>\n\t<meta property=\"og:image:height\" content=\"600\" \/>\n\t<meta property=\"og:image:type\" content=\"image\/jpeg\" \/>\n<meta name=\"author\" content=\"elli\" \/>\n<meta name=\"twitter:card\" content=\"summary_large_image\" \/>\n<meta name=\"twitter:creator\" content=\"@elli\" \/>\n<script type=\"application\/ld+json\" class=\"yoast-schema-graph\">{\"@context\":\"https:\\\/\\\/schema.org\",\"@graph\":[{\"@type\":\"Article\",\"@id\":\"https:\\\/\\\/www.meydan.tv\\\/az\\\/article\\\/hollivudda-etiraz-ve-tetiller\\\/#article\",\"isPartOf\":{\"@id\":\"https:\\\/\\\/www.meydan.tv\\\/az\\\/article\\\/hollivudda-etiraz-ve-tetiller\\\/\"},\"author\":{\"name\":\"elli\",\"@id\":\"https:\\\/\\\/www.meydan.tv\\\/az\\\/#\\\/schema\\\/person\\\/9cdbecf90d17180ce1dfbd95b08dcf47\"},\"headline\":\"Hollivudda etiraz v\u0259 t\u0259till\u0259r\",\"datePublished\":\"2023-07-13T11:24:57+00:00\",\"dateModified\":\"2023-07-13T11:25:01+00:00\",\"mainEntityOfPage\":{\"@id\":\"https:\\\/\\\/www.meydan.tv\\\/az\\\/article\\\/hollivudda-etiraz-ve-tetiller\\\/\"},\"wordCount\":350,\"publisher\":{\"@id\":\"https:\\\/\\\/www.meydan.tv\\\/az\\\/#organization\"},\"image\":{\"@id\":\"https:\\\/\\\/www.meydan.tv\\\/az\\\/article\\\/hollivudda-etiraz-ve-tetiller\\\/#primaryimage\"},\"thumbnailUrl\":\"https:\\\/\\\/www.meydan.tv\\\/wp-content\\\/uploads\\\/11-bigtopimage_2023_07_13_12_18_33.jpg\",\"articleSection\":[\"M\u0259d\u0259niyy\u0259t\",\"X\u0259b\u0259rl\u0259r\"],\"inLanguage\":\"az\"},{\"@type\":\"WebPage\",\"@id\":\"https:\\\/\\\/www.meydan.tv\\\/az\\\/article\\\/hollivudda-etiraz-ve-tetiller\\\/\",\"url\":\"https:\\\/\\\/www.meydan.tv\\\/az\\\/article\\\/hollivudda-etiraz-ve-tetiller\\\/\",\"name\":\"Hollivudda etiraz v\u0259 t\u0259till\u0259r - MEYDAN.TV\",\"isPartOf\":{\"@id\":\"https:\\\/\\\/www.meydan.tv\\\/az\\\/#website\"},\"primaryImageOfPage\":{\"@id\":\"https:\\\/\\\/www.meydan.tv\\\/az\\\/article\\\/hollivudda-etiraz-ve-tetiller\\\/#primaryimage\"},\"image\":{\"@id\":\"https:\\\/\\\/www.meydan.tv\\\/az\\\/article\\\/hollivudda-etiraz-ve-tetiller\\\/#primaryimage\"},\"thumbnailUrl\":\"https:\\\/\\\/www.meydan.tv\\\/wp-content\\\/uploads\\\/11-bigtopimage_2023_07_13_12_18_33.jpg\",\"datePublished\":\"2023-07-13T11:24:57+00:00\",\"dateModified\":\"2023-07-13T11:25:01+00:00\",\"breadcrumb\":{\"@id\":\"https:\\\/\\\/www.meydan.tv\\\/az\\\/article\\\/hollivudda-etiraz-ve-tetiller\\\/#breadcrumb\"},\"inLanguage\":\"az\",\"potentialAction\":[{\"@type\":\"ReadAction\",\"target\":[\"https:\\\/\\\/www.meydan.tv\\\/az\\\/article\\\/hollivudda-etiraz-ve-tetiller\\\/\"]}]},{\"@type\":\"ImageObject\",\"inLanguage\":\"az\",\"@id\":\"https:\\\/\\\/www.meydan.tv\\\/az\\\/article\\\/hollivudda-etiraz-ve-tetiller\\\/#primaryimage\",\"url\":\"https:\\\/\\\/www.meydan.tv\\\/wp-content\\\/uploads\\\/11-bigtopimage_2023_07_13_12_18_33.jpg\",\"contentUrl\":\"https:\\\/\\\/www.meydan.tv\\\/wp-content\\\/uploads\\\/11-bigtopimage_2023_07_13_12_18_33.jpg\",\"width\":1200,\"height\":600,\"caption\":\"M\u0259nb\u0259: \\\"pluggedin.ru\\\"\"},{\"@type\":\"BreadcrumbList\",\"@id\":\"https:\\\/\\\/www.meydan.tv\\\/az\\\/article\\\/hollivudda-etiraz-ve-tetiller\\\/#breadcrumb\",\"itemListElement\":[{\"@type\":\"ListItem\",\"position\":1,\"name\":\"Ana s\u0259hif\u0259\",\"item\":\"https:\\\/\\\/www.meydan.tv\\\/az\\\/\"},{\"@type\":\"ListItem\",\"position\":2,\"name\":\"M\u0259d\u0259niyy\u0259t\",\"item\":\"https:\\\/\\\/www.meydan.tv\\\/az\\\/section\\\/medeniyyet\\\/\"},{\"@type\":\"ListItem\",\"position\":3,\"name\":\"Hollivudda etiraz v\u0259 t\u0259till\u0259r\"}]},{\"@type\":\"WebSite\",\"@id\":\"https:\\\/\\\/www.meydan.tv\\\/az\\\/#website\",\"url\":\"https:\\\/\\\/www.meydan.tv\\\/az\\\/\",\"name\":\"MEYDAN.TV\",\"description\":\"Meydan TV Az\u0259rbaycan\u0131n media m\u0259kan\u0131ndak\u0131 alternativ s\u0259sidir\",\"publisher\":{\"@id\":\"https:\\\/\\\/www.meydan.tv\\\/az\\\/#organization\"},\"potentialAction\":[{\"@type\":\"SearchAction\",\"target\":{\"@type\":\"EntryPoint\",\"urlTemplate\":\"https:\\\/\\\/www.meydan.tv\\\/az\\\/?s={search_term_string}\"},\"query-input\":{\"@type\":\"PropertyValueSpecification\",\"valueRequired\":true,\"valueName\":\"search_term_string\"}}],\"inLanguage\":\"az\"},{\"@type\":\"Organization\",\"@id\":\"https:\\\/\\\/www.meydan.tv\\\/az\\\/#organization\",\"name\":\"Meydan TV\",\"url\":\"https:\\\/\\\/www.meydan.tv\\\/az\\\/\",\"logo\":{\"@type\":\"ImageObject\",\"inLanguage\":\"az\",\"@id\":\"https:\\\/\\\/www.meydan.tv\\\/az\\\/#\\\/schema\\\/logo\\\/image\\\/\",\"url\":\"https:\\\/\\\/www.meydan.tv\\\/wp-content\\\/uploads\\\/2021\\\/07\\\/meydan-logo.svg\",\"contentUrl\":\"https:\\\/\\\/www.meydan.tv\\\/wp-content\\\/uploads\\\/2021\\\/07\\\/meydan-logo.svg\",\"width\":195,\"height\":46,\"caption\":\"Meydan TV\"},\"image\":{\"@id\":\"https:\\\/\\\/www.meydan.tv\\\/az\\\/#\\\/schema\\\/logo\\\/image\\\/\"}},{\"@type\":\"Person\",\"@id\":\"https:\\\/\\\/www.meydan.tv\\\/az\\\/#\\\/schema\\\/person\\\/9cdbecf90d17180ce1dfbd95b08dcf47\",\"name\":\"elli\",\"sameAs\":[\"https:\\\/\\\/x.com\\\/elli\"]}]}<\/script>\n<!-- \/ Yoast SEO plugin. -->","yoast_head_json":{"title":"Hollivudda etiraz v\u0259 t\u0259till\u0259r - MEYDAN.TV","robots":{"index":"index","follow":"follow","max-snippet":"max-snippet:-1","max-image-preview":"max-image-preview:large","max-video-preview":"max-video-preview:-1"},"canonical":"https:\/\/www.meydan.tv\/az\/article\/hollivudda-etiraz-ve-tetiller\/","og_locale":"az_AZ","og_type":"article","og_title":"Hollivudda etiraz v\u0259 t\u0259till\u0259r - MEYDAN.TV","og_description":"160 min aktyor maa\u015flar\u0131n\u0131n art\u0131r\u0131lmas\u0131n\u0131 ist\u0259yir Hollivudda 160 min aktyorun ... Davam\u0131","og_url":"https:\/\/www.meydan.tv\/az\/article\/hollivudda-etiraz-ve-tetiller\/","og_site_name":"MEYDAN.TV","article_published_time":"2023-07-13T11:24:57+00:00","article_modified_time":"2023-07-13T11:25:01+00:00","og_image":[{"width":1200,"height":600,"url":"https:\/\/www.meydan.tv\/wp-content\/uploads\/11-bigtopimage_2023_07_13_12_18_33.jpg","type":"image\/jpeg"}],"author":"elli","twitter_card":"summary_large_image","twitter_creator":"@elli","schema":{"@context":"https:\/\/schema.org","@graph":[{"@type":"Article","@id":"https:\/\/www.meydan.tv\/az\/article\/hollivudda-etiraz-ve-tetiller\/#article","isPartOf":{"@id":"https:\/\/www.meydan.tv\/az\/article\/hollivudda-etiraz-ve-tetiller\/"},"author":{"name":"elli","@id":"https:\/\/www.meydan.tv\/az\/#\/schema\/person\/9cdbecf90d17180ce1dfbd95b08dcf47"},"headline":"Hollivudda etiraz v\u0259 t\u0259till\u0259r","datePublished":"2023-07-13T11:24:57+00:00","dateModified":"2023-07-13T11:25:01+00:00","mainEntityOfPage":{"@id":"https:\/\/www.meydan.tv\/az\/article\/hollivudda-etiraz-ve-tetiller\/"},"wordCount":350,"publisher":{"@id":"https:\/\/www.meydan.tv\/az\/#organization"},"image":{"@id":"https:\/\/www.meydan.tv\/az\/article\/hollivudda-etiraz-ve-tetiller\/#primaryimage"},"thumbnailUrl":"https:\/\/www.meydan.tv\/wp-content\/uploads\/11-bigtopimage_2023_07_13_12_18_33.jpg","articleSection":["M\u0259d\u0259niyy\u0259t","X\u0259b\u0259rl\u0259r"],"inLanguage":"az"},{"@type":"WebPage","@id":"https:\/\/www.meydan.tv\/az\/article\/hollivudda-etiraz-ve-tetiller\/","url":"https:\/\/www.meydan.tv\/az\/article\/hollivudda-etiraz-ve-tetiller\/","name":"Hollivudda etiraz v\u0259 t\u0259till\u0259r - MEYDAN.TV","isPartOf":{"@id":"https:\/\/www.meydan.tv\/az\/#website"},"primaryImageOfPage":{"@id":"https:\/\/www.meydan.tv\/az\/article\/hollivudda-etiraz-ve-tetiller\/#primaryimage"},"image":{"@id":"https:\/\/www.meydan.tv\/az\/article\/hollivudda-etiraz-ve-tetiller\/#primaryimage"},"thumbnailUrl":"https:\/\/www.meydan.tv\/wp-content\/uploads\/11-bigtopimage_2023_07_13_12_18_33.jpg","datePublished":"2023-07-13T11:24:57+00:00","dateModified":"2023-07-13T11:25:01+00:00","breadcrumb":{"@id":"https:\/\/www.meydan.tv\/az\/article\/hollivudda-etiraz-ve-tetiller\/#breadcrumb"},"inLanguage":"az","potentialAction":[{"@type":"ReadAction","target":["https:\/\/www.meydan.tv\/az\/article\/hollivudda-etiraz-ve-tetiller\/"]}]},{"@type":"ImageObject","inLanguage":"az","@id":"https:\/\/www.meydan.tv\/az\/article\/hollivudda-etiraz-ve-tetiller\/#primaryimage","url":"https:\/\/www.meydan.tv\/wp-content\/uploads\/11-bigtopimage_2023_07_13_12_18_33.jpg","contentUrl":"https:\/\/www.meydan.tv\/wp-content\/uploads\/11-bigtopimage_2023_07_13_12_18_33.jpg","width":1200,"height":600,"caption":"M\u0259nb\u0259: \"pluggedin.ru\""},{"@type":"BreadcrumbList","@id":"https:\/\/www.meydan.tv\/az\/article\/hollivudda-etiraz-ve-tetiller\/#breadcrumb","itemListElement":[{"@type":"ListItem","position":1,"name":"Ana s\u0259hif\u0259","item":"https:\/\/www.meydan.tv\/az\/"},{"@type":"ListItem","position":2,"name":"M\u0259d\u0259niyy\u0259t","item":"https:\/\/www.meydan.tv\/az\/section\/medeniyyet\/"},{"@type":"ListItem","position":3,"name":"Hollivudda etiraz v\u0259 t\u0259till\u0259r"}]},{"@type":"WebSite","@id":"https:\/\/www.meydan.tv\/az\/#website","url":"https:\/\/www.meydan.tv\/az\/","name":"MEYDAN.TV","description":"Meydan TV Az\u0259rbaycan\u0131n media m\u0259kan\u0131ndak\u0131 alternativ s\u0259sidir","publisher":{"@id":"https:\/\/www.meydan.tv\/az\/#organization"},"potentialAction":[{"@type":"SearchAction","target":{"@type":"EntryPoint","urlTemplate":"https:\/\/www.meydan.tv\/az\/?s={search_term_string}"},"query-input":{"@type":"PropertyValueSpecification","valueRequired":true,"valueName":"search_term_string"}}],"inLanguage":"az"},{"@type":"Organization","@id":"https:\/\/www.meydan.tv\/az\/#organization","name":"Meydan TV","url":"https:\/\/www.meydan.tv\/az\/","logo":{"@type":"ImageObject","inLanguage":"az","@id":"https:\/\/www.meydan.tv\/az\/#\/schema\/logo\/image\/","url":"https:\/\/www.meydan.tv\/wp-content\/uploads\/2021\/07\/meydan-logo.svg","contentUrl":"https:\/\/www.meydan.tv\/wp-content\/uploads\/2021\/07\/meydan-logo.svg","width":195,"height":46,"caption":"Meydan TV"},"image":{"@id":"https:\/\/www.meydan.tv\/az\/#\/schema\/logo\/image\/"}},{"@type":"Person","@id":"https:\/\/www.meydan.tv\/az\/#\/schema\/person\/9cdbecf90d17180ce1dfbd95b08dcf47","name":"elli","sameAs":["https:\/\/x.com\/elli"]}]}},"_links":{"self":[{"href":"https:\/\/www.meydan.tv\/az\/wp-json\/wp\/v2\/posts\/279685","targetHints":{"allow":["GET"]}}],"collection":[{"href":"https:\/\/www.meydan.tv\/az\/wp-json\/wp\/v2\/posts"}],"about":[{"href":"https:\/\/www.meydan.tv\/az\/wp-json\/wp\/v2\/types\/post"}],"author":[{"embeddable":true,"href":"https:\/\/www.meydan.tv\/az\/wp-json\/wp\/v2\/users\/8"}],"replies":[{"embeddable":true,"href":"https:\/\/www.meydan.tv\/az\/wp-json\/wp\/v2\/comments?post=279685"}],"version-history":[{"count":1,"href":"https:\/\/www.meydan.tv\/az\/wp-json\/wp\/v2\/posts\/279685\/revisions"}],"predecessor-version":[{"id":279686,"href":"https:\/\/www.meydan.tv\/az\/wp-json\/wp\/v2\/posts\/279685\/revisions\/279686"}],"wp:featuredmedia":[{"embeddable":true,"href":"https:\/\/www.meydan.tv\/az\/wp-json\/wp\/v2\/media\/279682"}],"wp:attachment":[{"href":"https:\/\/www.meydan.tv\/az\/wp-json\/wp\/v2\/media?parent=279685"}],"wp:term":[{"taxonomy":"category","embeddable":true,"href":"https:\/\/www.meydan.tv\/az\/wp-json\/wp\/v2\/categories?post=279685"},{"taxonomy":"post_tag","embeddable":true,"href":"https:\/\/www.meydan.tv\/az\/wp-json\/wp\/v2\/tags?post=279685"}],"curies":[{"name":"wp","href":"https:\/\/api.w.org\/{rel}","templated":true}]}}