{"id":279679,"date":"2023-07-13T13:48:16","date_gmt":"2023-07-13T09:48:16","guid":{"rendered":"https:\/\/www.meydan.tv\/?p=279679"},"modified":"2023-07-13T13:48:19","modified_gmt":"2023-07-13T09:48:19","slug":"israil-irani-bakidaki-sefirliyine-terror-planlasdirmaqda-gunahlandirdi","status":"publish","type":"post","link":"https:\/\/www.meydan.tv\/az\/article\/israil-irani-bakidaki-sefirliyine-terror-planlasdirmaqda-gunahlandirdi\/","title":{"rendered":"\u0130srail \u0130ran\u0131 Bak\u0131dak\u0131 s\u0259firliyin\u0259 terror planla\u015fd\u0131rmaqda g\u00fcnahland\u0131rd\u0131"},"content":{"rendered":"\n<p><\/p>\n\n\n\n<p><strong><em>R\u0259smi Tehrandan h\u0259l\u0259 ki reaksiya yoxdur<\/em><\/strong><\/p>\n\n\n\n<p>\u0130srailin xarici i\u015fl\u0259r naziri Eli Koen Az\u0259rbaycandak\u0131 \u0130srail s\u0259firliyin\u0259 ba\u015f tutmayan h\u00fccuma g\u00f6r\u0259 \u0130ran\u0131n m\u0259suliyy\u0259t da\u015f\u0131d\u0131\u011f\u0131n\u0131 bildirib.<\/p>\n\n\n\n<p>\u0130srail medias\u0131n\u0131n yazd\u0131\u011f\u0131na <a href=\"https:\/\/www.timesofisrael.com\/iran-behind-failed-attack-on-israeli-embassy-in-azerbaijan-foreign-minister-says\/\" target=\"_blank\" rel=\"noreferrer noopener\">g\u00f6r\u0259<\/a>, nazir Eli Koen iyulun 12-d\u0259 Serbiyaya r\u0259smi s\u0259f\u0259ri zaman\u0131 bel\u0259 bir a\u00e7\u0131qlama verib.<\/p>\n\n\n\n<p>&#8220;<em>\u0130ran terroru qlobal t\u0259hdiddir&#8221;, <\/em>&#8211; dey\u0259n nazir a\u00e7\u0131qlamas\u0131n\u0131 \u0259sasland\u0131rmaq \u00fc\u00e7\u00fcn \u0259lav\u0259 edib ki, son bir ne\u00e7\u0259 g\u00fcnd\u0259 \u0130srailin Bak\u0131dak\u0131 s\u0259firliyin\u0259 h\u00fccum c\u0259hdind\u0259, el\u0259c\u0259 d\u0259 son aylarda Kipr v\u0259 Yunan\u0131standa israillil\u0259r\u0259 v\u0259 y\u0259hudil\u0259r\u0259 qar\u015f\u0131 h\u00fccum c\u0259hdl\u0259rind\u0259 \u0130ran izl\u0259rini g\u00f6r\u00fcbl\u0259r:<\/p>\n\n\n\n<p><em>&#8220;\u0130ran h\u00fccuma c\u0259hd ed\u0259n terror h\u00fcceyr\u0259sini maliyy\u0259l\u0259\u015fdirib v\u0259 ona g\u00f6st\u0259ri\u015fl\u0259r verib&#8221;.<\/em><\/p>\n\n\n\n<p>E.Koen beyn\u0259lxalq ictimaiyy\u0259ti \u0130ran\u0131n terror f\u0259aliyy\u0259tl\u0259rin\u0259 qar\u015f\u0131 \u00e7\u0131xmaq \u00fc\u00e7\u00fcn bir araya g\u0259lm\u0259y\u0259 \u00e7a\u011f\u0131r\u0131b.<\/p>\n\n\n\n<p>\u0130ran \u0130slam Respublikas\u0131 israilli nazirin a\u00e7\u0131qlamas\u0131na h\u0259l\u0259 ki reaksiya verm\u0259yib.<\/p>\n\n\n\n<p>\u0130yulun 10-da \u018ffqan\u0131stan v\u0259t\u0259nda\u015f\u0131 Favzan Musa Xan\u0131n Bak\u0131da terror akt\u0131 t\u00f6r\u0259tm\u0259kd\u0259 ittiham olunaraq h\u0259bs edilib.<\/p>\n\n\n\n<p>D\u00f6vl\u0259t T\u0259hl\u00fck\u0259sizlik Xidm\u0259tinin yayd\u0131\u011f\u0131 m\u0259lumatda deyilirdi ki, \u018ffqan\u0131stan v\u0259t\u0259nda\u015f\u0131 \u00fc\u00e7\u00fcnc\u00fc \u00f6lk\u0259nin s\u0259firliyinin yerl\u0259\u015fdiyi \u0259razid\u0259 m\u00fc\u015fahid\u0259 apar\u0131rm\u0131\u015f:<\/p>\n\n\n\n<p><em>&#8220;1990-c\u0131 il t\u0259v\u0259ll\u00fcdl\u00fc Favzan Musa Xan terror akt\u0131 plan\u0131nda dig\u0259r \u015f\u0259xsl\u0259rl\u0259 qabaqcadan \u0259lbir olub. Favzan Musa Xan cinay\u0259t \u0259m\u0259ll\u0259rini t\u00f6r\u0259tm\u0259k niyy\u0259ti il\u0259 Az\u0259rbaycana g\u0259lib. O, Bak\u0131da ya\u015fad\u0131\u011f\u0131 m\u00fcdd\u0259td\u0259 \u00fc\u00e7\u00fcnc\u00fc d\u00f6vl\u0259tin Az\u0259rbaycandak\u0131 S\u0259firliyinin yerl\u0259\u015fdiyi \u0259razinin koordinatlar\u0131n\u0131 m\u00fc\u0259yy\u0259nl\u0259\u015fdirm\u0259k v\u0259 terror akt\u0131n\u0131 planla\u015fd\u0131rmaq m\u0259qs\u0259dil\u0259 s\u0259firliyin binas\u0131n\u0131n \u0259traf\u0131nda m\u00fc\u015fahid\u0259 <a href=\"https:\/\/storage.googleapis.com\/qurium\/www.meydan.tv\/az-article-dtx-bakida-terror-planlasdirmaqda-subheli-bilinen-sexsi-saxladigini-deyir.html\" target=\"_blank\" rel=\"noreferrer noopener\">apar\u0131b\u201d<\/a>.<\/em><\/p>\n\n\n\n<p>Az\u0259rbaycan D\u00f6vl\u0259t T\u0259hl\u00fck\u0259sizlik Xidm\u0259ti \u00fc\u00e7\u00fcnc\u00fc \u00f6lk\u0259nin konkret hans\u0131 oldu\u011funu a\u00e7\u0131qlamay\u0131b.<\/p>\n","protected":false},"excerpt":{"rendered":"<p>R\u0259smi Tehrandan h\u0259l\u0259 ki reaksiya yoxdur \u0130srailin xarici i\u015fl\u0259r naziri &#8230; <\/p>\n<p class=\"read-more-container\"><a title=\"\u0130srail \u0130ran\u0131 Bak\u0131dak\u0131 s\u0259firliyin\u0259 terror planla\u015fd\u0131rmaqda g\u00fcnahland\u0131rd\u0131\" class=\"read-more button\" href=\"https:\/\/www.meydan.tv\/az\/article\/israil-irani-bakidaki-sefirliyine-terror-planlasdirmaqda-gunahlandirdi\/#more-279679\" aria-label=\"Read more about \u0130srail \u0130ran\u0131 Bak\u0131dak\u0131 s\u0259firliyin\u0259 terror planla\u015fd\u0131rmaqda g\u00fcnahland\u0131rd\u0131\">Davam\u0131<\/a><\/p>\n","protected":false},"author":8,"featured_media":266978,"comment_status":"closed","ping_status":"closed","sticky":false,"template":"","format":"standard","meta":{"_acf_changed":false,"_sitemap_exclude":false,"_sitemap_priority":"","_sitemap_frequency":"","footnotes":""},"categories":[59,79,56],"tags":[],"class_list":["post-279679","post","type-post","status-publish","format-standard","has-post-thumbnail","hentry","category-siyaset","category-featured","category-xeberler","infinite-scroll-item","generate-columns","tablet-grid-50","mobile-grid-100","grid-parent","grid-33","no-featured-image-padding"],"acf":[],"yoast_head":"<!-- This site is optimized with the Yoast SEO plugin v27.4 - https:\/\/yoast.com\/product\/yoast-seo-wordpress\/ -->\n<title>\u0130srail \u0130ran\u0131 Bak\u0131dak\u0131 s\u0259firliyin\u0259 terror planla\u015fd\u0131rmaqda g\u00fcnahland\u0131rd\u0131 - MEYDAN.TV<\/title>\n<meta name=\"robots\" content=\"index, follow, max-snippet:-1, max-image-preview:large, max-video-preview:-1\" \/>\n<link rel=\"canonical\" href=\"https:\/\/www.meydan.tv\/az\/article\/israil-irani-bakidaki-sefirliyine-terror-planlasdirmaqda-gunahlandirdi\/\" \/>\n<meta property=\"og:locale\" content=\"az_AZ\" \/>\n<meta property=\"og:type\" content=\"article\" \/>\n<meta property=\"og:title\" content=\"\u0130srail \u0130ran\u0131 Bak\u0131dak\u0131 s\u0259firliyin\u0259 terror planla\u015fd\u0131rmaqda g\u00fcnahland\u0131rd\u0131 - MEYDAN.TV\" \/>\n<meta property=\"og:description\" content=\"R\u0259smi Tehrandan h\u0259l\u0259 ki reaksiya yoxdur \u0130srailin xarici i\u015fl\u0259r naziri ... Davam\u0131\" \/>\n<meta property=\"og:url\" content=\"https:\/\/www.meydan.tv\/az\/article\/israil-irani-bakidaki-sefirliyine-terror-planlasdirmaqda-gunahlandirdi\/\" \/>\n<meta property=\"og:site_name\" content=\"MEYDAN.TV\" \/>\n<meta property=\"article:published_time\" content=\"2023-07-13T09:48:16+00:00\" \/>\n<meta property=\"article:modified_time\" content=\"2023-07-13T09:48:19+00:00\" \/>\n<meta property=\"og:image\" content=\"https:\/\/www.meydan.tv\/wp-content\/uploads\/shutterstock_2124707477.jpg\" \/>\n\t<meta property=\"og:image:width\" content=\"1200\" \/>\n\t<meta property=\"og:image:height\" content=\"738\" \/>\n\t<meta property=\"og:image:type\" content=\"image\/jpeg\" \/>\n<meta name=\"author\" content=\"elli\" \/>\n<meta name=\"twitter:card\" content=\"summary_large_image\" \/>\n<meta name=\"twitter:creator\" content=\"@elli\" \/>\n<script type=\"application\/ld+json\" class=\"yoast-schema-graph\">{\"@context\":\"https:\\\/\\\/schema.org\",\"@graph\":[{\"@type\":\"Article\",\"@id\":\"https:\\\/\\\/www.meydan.tv\\\/az\\\/article\\\/israil-irani-bakidaki-sefirliyine-terror-planlasdirmaqda-gunahlandirdi\\\/#article\",\"isPartOf\":{\"@id\":\"https:\\\/\\\/www.meydan.tv\\\/az\\\/article\\\/israil-irani-bakidaki-sefirliyine-terror-planlasdirmaqda-gunahlandirdi\\\/\"},\"author\":{\"name\":\"elli\",\"@id\":\"https:\\\/\\\/www.meydan.tv\\\/az\\\/#\\\/schema\\\/person\\\/9cdbecf90d17180ce1dfbd95b08dcf47\"},\"headline\":\"\u0130srail \u0130ran\u0131 Bak\u0131dak\u0131 s\u0259firliyin\u0259 terror planla\u015fd\u0131rmaqda g\u00fcnahland\u0131rd\u0131\",\"datePublished\":\"2023-07-13T09:48:16+00:00\",\"dateModified\":\"2023-07-13T09:48:19+00:00\",\"mainEntityOfPage\":{\"@id\":\"https:\\\/\\\/www.meydan.tv\\\/az\\\/article\\\/israil-irani-bakidaki-sefirliyine-terror-planlasdirmaqda-gunahlandirdi\\\/\"},\"wordCount\":356,\"publisher\":{\"@id\":\"https:\\\/\\\/www.meydan.tv\\\/az\\\/#organization\"},\"image\":{\"@id\":\"https:\\\/\\\/www.meydan.tv\\\/az\\\/article\\\/israil-irani-bakidaki-sefirliyine-terror-planlasdirmaqda-gunahlandirdi\\\/#primaryimage\"},\"thumbnailUrl\":\"https:\\\/\\\/www.meydan.tv\\\/wp-content\\\/uploads\\\/shutterstock_2124707477.jpg\",\"articleSection\":[\"Siyas\u0259t\",\"T\u00f6vsiy\u0259\",\"X\u0259b\u0259rl\u0259r\"],\"inLanguage\":\"az\"},{\"@type\":\"WebPage\",\"@id\":\"https:\\\/\\\/www.meydan.tv\\\/az\\\/article\\\/israil-irani-bakidaki-sefirliyine-terror-planlasdirmaqda-gunahlandirdi\\\/\",\"url\":\"https:\\\/\\\/www.meydan.tv\\\/az\\\/article\\\/israil-irani-bakidaki-sefirliyine-terror-planlasdirmaqda-gunahlandirdi\\\/\",\"name\":\"\u0130srail \u0130ran\u0131 Bak\u0131dak\u0131 s\u0259firliyin\u0259 terror planla\u015fd\u0131rmaqda g\u00fcnahland\u0131rd\u0131 - MEYDAN.TV\",\"isPartOf\":{\"@id\":\"https:\\\/\\\/www.meydan.tv\\\/az\\\/#website\"},\"primaryImageOfPage\":{\"@id\":\"https:\\\/\\\/www.meydan.tv\\\/az\\\/article\\\/israil-irani-bakidaki-sefirliyine-terror-planlasdirmaqda-gunahlandirdi\\\/#primaryimage\"},\"image\":{\"@id\":\"https:\\\/\\\/www.meydan.tv\\\/az\\\/article\\\/israil-irani-bakidaki-sefirliyine-terror-planlasdirmaqda-gunahlandirdi\\\/#primaryimage\"},\"thumbnailUrl\":\"https:\\\/\\\/www.meydan.tv\\\/wp-content\\\/uploads\\\/shutterstock_2124707477.jpg\",\"datePublished\":\"2023-07-13T09:48:16+00:00\",\"dateModified\":\"2023-07-13T09:48:19+00:00\",\"breadcrumb\":{\"@id\":\"https:\\\/\\\/www.meydan.tv\\\/az\\\/article\\\/israil-irani-bakidaki-sefirliyine-terror-planlasdirmaqda-gunahlandirdi\\\/#breadcrumb\"},\"inLanguage\":\"az\",\"potentialAction\":[{\"@type\":\"ReadAction\",\"target\":[\"https:\\\/\\\/www.meydan.tv\\\/az\\\/article\\\/israil-irani-bakidaki-sefirliyine-terror-planlasdirmaqda-gunahlandirdi\\\/\"]}]},{\"@type\":\"ImageObject\",\"inLanguage\":\"az\",\"@id\":\"https:\\\/\\\/www.meydan.tv\\\/az\\\/article\\\/israil-irani-bakidaki-sefirliyine-terror-planlasdirmaqda-gunahlandirdi\\\/#primaryimage\",\"url\":\"https:\\\/\\\/www.meydan.tv\\\/wp-content\\\/uploads\\\/shutterstock_2124707477.jpg\",\"contentUrl\":\"https:\\\/\\\/www.meydan.tv\\\/wp-content\\\/uploads\\\/shutterstock_2124707477.jpg\",\"width\":1200,\"height\":738,\"caption\":\"\u0130srail-\u0130ran. Foto: Sunshine Seeds\\\/shutterstock\"},{\"@type\":\"BreadcrumbList\",\"@id\":\"https:\\\/\\\/www.meydan.tv\\\/az\\\/article\\\/israil-irani-bakidaki-sefirliyine-terror-planlasdirmaqda-gunahlandirdi\\\/#breadcrumb\",\"itemListElement\":[{\"@type\":\"ListItem\",\"position\":1,\"name\":\"Ana s\u0259hif\u0259\",\"item\":\"https:\\\/\\\/www.meydan.tv\\\/az\\\/\"},{\"@type\":\"ListItem\",\"position\":2,\"name\":\"Siyas\u0259t\",\"item\":\"https:\\\/\\\/www.meydan.tv\\\/az\\\/section\\\/siyaset\\\/\"},{\"@type\":\"ListItem\",\"position\":3,\"name\":\"\u0130srail \u0130ran\u0131 Bak\u0131dak\u0131 s\u0259firliyin\u0259 terror planla\u015fd\u0131rmaqda g\u00fcnahland\u0131rd\u0131\"}]},{\"@type\":\"WebSite\",\"@id\":\"https:\\\/\\\/www.meydan.tv\\\/az\\\/#website\",\"url\":\"https:\\\/\\\/www.meydan.tv\\\/az\\\/\",\"name\":\"MEYDAN.TV\",\"description\":\"Meydan TV Az\u0259rbaycan\u0131n media m\u0259kan\u0131ndak\u0131 alternativ s\u0259sidir\",\"publisher\":{\"@id\":\"https:\\\/\\\/www.meydan.tv\\\/az\\\/#organization\"},\"potentialAction\":[{\"@type\":\"SearchAction\",\"target\":{\"@type\":\"EntryPoint\",\"urlTemplate\":\"https:\\\/\\\/www.meydan.tv\\\/az\\\/?s={search_term_string}\"},\"query-input\":{\"@type\":\"PropertyValueSpecification\",\"valueRequired\":true,\"valueName\":\"search_term_string\"}}],\"inLanguage\":\"az\"},{\"@type\":\"Organization\",\"@id\":\"https:\\\/\\\/www.meydan.tv\\\/az\\\/#organization\",\"name\":\"Meydan TV\",\"url\":\"https:\\\/\\\/www.meydan.tv\\\/az\\\/\",\"logo\":{\"@type\":\"ImageObject\",\"inLanguage\":\"az\",\"@id\":\"https:\\\/\\\/www.meydan.tv\\\/az\\\/#\\\/schema\\\/logo\\\/image\\\/\",\"url\":\"https:\\\/\\\/www.meydan.tv\\\/wp-content\\\/uploads\\\/2021\\\/07\\\/meydan-logo.svg\",\"contentUrl\":\"https:\\\/\\\/www.meydan.tv\\\/wp-content\\\/uploads\\\/2021\\\/07\\\/meydan-logo.svg\",\"width\":195,\"height\":46,\"caption\":\"Meydan TV\"},\"image\":{\"@id\":\"https:\\\/\\\/www.meydan.tv\\\/az\\\/#\\\/schema\\\/logo\\\/image\\\/\"}},{\"@type\":\"Person\",\"@id\":\"https:\\\/\\\/www.meydan.tv\\\/az\\\/#\\\/schema\\\/person\\\/9cdbecf90d17180ce1dfbd95b08dcf47\",\"name\":\"elli\",\"sameAs\":[\"https:\\\/\\\/x.com\\\/elli\"]}]}<\/script>\n<!-- \/ Yoast SEO plugin. -->","yoast_head_json":{"title":"\u0130srail \u0130ran\u0131 Bak\u0131dak\u0131 s\u0259firliyin\u0259 terror planla\u015fd\u0131rmaqda g\u00fcnahland\u0131rd\u0131 - MEYDAN.TV","robots":{"index":"index","follow":"follow","max-snippet":"max-snippet:-1","max-image-preview":"max-image-preview:large","max-video-preview":"max-video-preview:-1"},"canonical":"https:\/\/www.meydan.tv\/az\/article\/israil-irani-bakidaki-sefirliyine-terror-planlasdirmaqda-gunahlandirdi\/","og_locale":"az_AZ","og_type":"article","og_title":"\u0130srail \u0130ran\u0131 Bak\u0131dak\u0131 s\u0259firliyin\u0259 terror planla\u015fd\u0131rmaqda g\u00fcnahland\u0131rd\u0131 - MEYDAN.TV","og_description":"R\u0259smi Tehrandan h\u0259l\u0259 ki reaksiya yoxdur \u0130srailin xarici i\u015fl\u0259r naziri ... Davam\u0131","og_url":"https:\/\/www.meydan.tv\/az\/article\/israil-irani-bakidaki-sefirliyine-terror-planlasdirmaqda-gunahlandirdi\/","og_site_name":"MEYDAN.TV","article_published_time":"2023-07-13T09:48:16+00:00","article_modified_time":"2023-07-13T09:48:19+00:00","og_image":[{"width":1200,"height":738,"url":"https:\/\/www.meydan.tv\/wp-content\/uploads\/shutterstock_2124707477.jpg","type":"image\/jpeg"}],"author":"elli","twitter_card":"summary_large_image","twitter_creator":"@elli","schema":{"@context":"https:\/\/schema.org","@graph":[{"@type":"Article","@id":"https:\/\/www.meydan.tv\/az\/article\/israil-irani-bakidaki-sefirliyine-terror-planlasdirmaqda-gunahlandirdi\/#article","isPartOf":{"@id":"https:\/\/www.meydan.tv\/az\/article\/israil-irani-bakidaki-sefirliyine-terror-planlasdirmaqda-gunahlandirdi\/"},"author":{"name":"elli","@id":"https:\/\/www.meydan.tv\/az\/#\/schema\/person\/9cdbecf90d17180ce1dfbd95b08dcf47"},"headline":"\u0130srail \u0130ran\u0131 Bak\u0131dak\u0131 s\u0259firliyin\u0259 terror planla\u015fd\u0131rmaqda g\u00fcnahland\u0131rd\u0131","datePublished":"2023-07-13T09:48:16+00:00","dateModified":"2023-07-13T09:48:19+00:00","mainEntityOfPage":{"@id":"https:\/\/www.meydan.tv\/az\/article\/israil-irani-bakidaki-sefirliyine-terror-planlasdirmaqda-gunahlandirdi\/"},"wordCount":356,"publisher":{"@id":"https:\/\/www.meydan.tv\/az\/#organization"},"image":{"@id":"https:\/\/www.meydan.tv\/az\/article\/israil-irani-bakidaki-sefirliyine-terror-planlasdirmaqda-gunahlandirdi\/#primaryimage"},"thumbnailUrl":"https:\/\/www.meydan.tv\/wp-content\/uploads\/shutterstock_2124707477.jpg","articleSection":["Siyas\u0259t","T\u00f6vsiy\u0259","X\u0259b\u0259rl\u0259r"],"inLanguage":"az"},{"@type":"WebPage","@id":"https:\/\/www.meydan.tv\/az\/article\/israil-irani-bakidaki-sefirliyine-terror-planlasdirmaqda-gunahlandirdi\/","url":"https:\/\/www.meydan.tv\/az\/article\/israil-irani-bakidaki-sefirliyine-terror-planlasdirmaqda-gunahlandirdi\/","name":"\u0130srail \u0130ran\u0131 Bak\u0131dak\u0131 s\u0259firliyin\u0259 terror planla\u015fd\u0131rmaqda g\u00fcnahland\u0131rd\u0131 - MEYDAN.TV","isPartOf":{"@id":"https:\/\/www.meydan.tv\/az\/#website"},"primaryImageOfPage":{"@id":"https:\/\/www.meydan.tv\/az\/article\/israil-irani-bakidaki-sefirliyine-terror-planlasdirmaqda-gunahlandirdi\/#primaryimage"},"image":{"@id":"https:\/\/www.meydan.tv\/az\/article\/israil-irani-bakidaki-sefirliyine-terror-planlasdirmaqda-gunahlandirdi\/#primaryimage"},"thumbnailUrl":"https:\/\/www.meydan.tv\/wp-content\/uploads\/shutterstock_2124707477.jpg","datePublished":"2023-07-13T09:48:16+00:00","dateModified":"2023-07-13T09:48:19+00:00","breadcrumb":{"@id":"https:\/\/www.meydan.tv\/az\/article\/israil-irani-bakidaki-sefirliyine-terror-planlasdirmaqda-gunahlandirdi\/#breadcrumb"},"inLanguage":"az","potentialAction":[{"@type":"ReadAction","target":["https:\/\/www.meydan.tv\/az\/article\/israil-irani-bakidaki-sefirliyine-terror-planlasdirmaqda-gunahlandirdi\/"]}]},{"@type":"ImageObject","inLanguage":"az","@id":"https:\/\/www.meydan.tv\/az\/article\/israil-irani-bakidaki-sefirliyine-terror-planlasdirmaqda-gunahlandirdi\/#primaryimage","url":"https:\/\/www.meydan.tv\/wp-content\/uploads\/shutterstock_2124707477.jpg","contentUrl":"https:\/\/www.meydan.tv\/wp-content\/uploads\/shutterstock_2124707477.jpg","width":1200,"height":738,"caption":"\u0130srail-\u0130ran. Foto: Sunshine Seeds\/shutterstock"},{"@type":"BreadcrumbList","@id":"https:\/\/www.meydan.tv\/az\/article\/israil-irani-bakidaki-sefirliyine-terror-planlasdirmaqda-gunahlandirdi\/#breadcrumb","itemListElement":[{"@type":"ListItem","position":1,"name":"Ana s\u0259hif\u0259","item":"https:\/\/www.meydan.tv\/az\/"},{"@type":"ListItem","position":2,"name":"Siyas\u0259t","item":"https:\/\/www.meydan.tv\/az\/section\/siyaset\/"},{"@type":"ListItem","position":3,"name":"\u0130srail \u0130ran\u0131 Bak\u0131dak\u0131 s\u0259firliyin\u0259 terror planla\u015fd\u0131rmaqda g\u00fcnahland\u0131rd\u0131"}]},{"@type":"WebSite","@id":"https:\/\/www.meydan.tv\/az\/#website","url":"https:\/\/www.meydan.tv\/az\/","name":"MEYDAN.TV","description":"Meydan TV Az\u0259rbaycan\u0131n media m\u0259kan\u0131ndak\u0131 alternativ s\u0259sidir","publisher":{"@id":"https:\/\/www.meydan.tv\/az\/#organization"},"potentialAction":[{"@type":"SearchAction","target":{"@type":"EntryPoint","urlTemplate":"https:\/\/www.meydan.tv\/az\/?s={search_term_string}"},"query-input":{"@type":"PropertyValueSpecification","valueRequired":true,"valueName":"search_term_string"}}],"inLanguage":"az"},{"@type":"Organization","@id":"https:\/\/www.meydan.tv\/az\/#organization","name":"Meydan TV","url":"https:\/\/www.meydan.tv\/az\/","logo":{"@type":"ImageObject","inLanguage":"az","@id":"https:\/\/www.meydan.tv\/az\/#\/schema\/logo\/image\/","url":"https:\/\/www.meydan.tv\/wp-content\/uploads\/2021\/07\/meydan-logo.svg","contentUrl":"https:\/\/www.meydan.tv\/wp-content\/uploads\/2021\/07\/meydan-logo.svg","width":195,"height":46,"caption":"Meydan TV"},"image":{"@id":"https:\/\/www.meydan.tv\/az\/#\/schema\/logo\/image\/"}},{"@type":"Person","@id":"https:\/\/www.meydan.tv\/az\/#\/schema\/person\/9cdbecf90d17180ce1dfbd95b08dcf47","name":"elli","sameAs":["https:\/\/x.com\/elli"]}]}},"_links":{"self":[{"href":"https:\/\/www.meydan.tv\/az\/wp-json\/wp\/v2\/posts\/279679","targetHints":{"allow":["GET"]}}],"collection":[{"href":"https:\/\/www.meydan.tv\/az\/wp-json\/wp\/v2\/posts"}],"about":[{"href":"https:\/\/www.meydan.tv\/az\/wp-json\/wp\/v2\/types\/post"}],"author":[{"embeddable":true,"href":"https:\/\/www.meydan.tv\/az\/wp-json\/wp\/v2\/users\/8"}],"replies":[{"embeddable":true,"href":"https:\/\/www.meydan.tv\/az\/wp-json\/wp\/v2\/comments?post=279679"}],"version-history":[{"count":1,"href":"https:\/\/www.meydan.tv\/az\/wp-json\/wp\/v2\/posts\/279679\/revisions"}],"predecessor-version":[{"id":279681,"href":"https:\/\/www.meydan.tv\/az\/wp-json\/wp\/v2\/posts\/279679\/revisions\/279681"}],"wp:featuredmedia":[{"embeddable":true,"href":"https:\/\/www.meydan.tv\/az\/wp-json\/wp\/v2\/media\/266978"}],"wp:attachment":[{"href":"https:\/\/www.meydan.tv\/az\/wp-json\/wp\/v2\/media?parent=279679"}],"wp:term":[{"taxonomy":"category","embeddable":true,"href":"https:\/\/www.meydan.tv\/az\/wp-json\/wp\/v2\/categories?post=279679"},{"taxonomy":"post_tag","embeddable":true,"href":"https:\/\/www.meydan.tv\/az\/wp-json\/wp\/v2\/tags?post=279679"}],"curies":[{"name":"wp","href":"https:\/\/api.w.org\/{rel}","templated":true}]}}