{"id":279649,"date":"2023-07-12T21:08:36","date_gmt":"2023-07-12T17:08:36","guid":{"rendered":"https:\/\/www.meydan.tv\/?p=279649"},"modified":"2023-07-12T21:11:08","modified_gmt":"2023-07-12T17:11:08","slug":"nazir-prezidenti-hem-tekzib-hem-tesdiq-edir","status":"publish","type":"post","link":"https:\/\/www.meydan.tv\/az\/article\/nazir-prezidenti-hem-tekzib-hem-tesdiq-edir\/","title":{"rendered":"Nazir Prezidenti h\u0259m t\u0259kzib, h\u0259m t\u0259sdiq edir"},"content":{"rendered":"\n<p><\/p>\n\n\n\n<p><strong><em>Muxtar Babayev: \u201cS\u00f6y\u00fcdl\u00fc k\u0259ndind\u0259 h\u0259r \u015fey norma daxilind\u0259dir\u201d<\/em><\/strong><\/p>\n\n\n\n<p>Ekologiya v\u0259 t\u0259bii s\u0259rv\u0259tl\u0259r naziri Muxtar Babayev iyulun 12-d\u0259 S\u00f6y\u00fcdl\u00fc hadis\u0259si il\u0259 ba\u011fl\u0131 ke\u00e7irdiyi brifinqd\u0259 ziddiyy\u0259tli a\u00e7\u0131qlamalar verib.<\/p>\n\n\n\n<p>Nazir \u00e7\u0131x\u0131\u015f\u0131n\u0131n \u0259vv\u0259lind\u0259 deyib ki, G\u0259d\u0259b\u0259yin S\u00f6y\u00fcdl\u00fc k\u0259ndind\u0259 h\u0259r \u015fey norma daxilind\u0259dir:<\/p>\n\n\n\n<p>&#8220;<em>G\u0259d\u0259b\u0259yin S\u00f6y\u00fcdl\u00fc k\u0259ndind\u0259 \u00e7irkl\u0259ndirici madd\u0259l\u0259rin \u00e7ox olmas\u0131 il\u0259 ba\u011fl\u0131 narahatl\u0131q vard\u0131. \u0130lk g\u00fcn apar\u0131lan hava keyfiyy\u0259tinin n\u0259tic\u0259l\u0259rin\u0259 g\u00f6r\u0259 t\u0259hl\u00fck\u0259li madd\u0259l\u0259rin normadan art\u0131q olmad\u0131\u011f\u0131 m\u0259lum olub. Y\u0259ni h\u0259r \u015fey norma daxilind\u0259dir&#8221;.<\/em><\/p>\n\n\n\n<p>Muxtar Babayev, eyni zamanda, S\u00f6y\u00fcdl\u00fc k\u0259ndind\u0259 v\u0259ziyy\u0259tin ara\u015fd\u0131r\u0131lmas\u0131 m\u0259qs\u0259dil\u0259 yarad\u0131lan Komissiyan\u0131n s\u0259dridir.<\/p>\n\n\n\n<p>Nazir bildirib ki, k\u0259nd sakinl\u0259ri \u00fc\u00e7\u00fcn m\u00fcayin\u0259l\u0259rin apar\u0131lmas\u0131 t\u0259\u015fkil olunub, m\u00fcayin\u0259d\u0259n imtina ed\u0259nl\u0259r olsa da,&nbsp; x\u0259st\u0259xana \u015f\u0259raitind\u0259 yoxlan\u0131lanlar da olub.<\/p>\n\n\n\n<p>\u00d6t\u0259n g\u00fcn, iyulun 11-d\u0259 \u00f6lk\u0259 ba\u015f\u00e7\u0131s\u0131 \u0130lham \u018fliyev cari ilin 6 ay\u0131n\u0131n sosial-iqtisadi yekunlar\u0131na h\u0259sr olunmu\u015f m\u00fc\u015favir\u0259d\u0259ki \u00e7\u0131x\u0131\u015f\u0131 zaman\u0131 is\u0259 daha \u00e7ox Ekologiya v\u0259 T\u0259bii S\u0259rv\u0259tl\u0259r Nazirliyinin r\u0259hb\u0259rliyini g\u00fcnahland\u0131r\u0131b:<\/p>\n\n\n\n<p>&#8220;<em>Hesab edir\u0259m ki, Ekologiya v\u0259 T\u0259bii S\u0259rv\u0259tl\u0259r Nazirliyi \u0259n az\u0131 s\u0259hl\u0259nkarl\u0131\u011fa yol verib, n\u0259zar\u0259tsizlik n\u00fcmayi\u015f etdirib, passiv m\u00fc\u015fahid\u0259\u00e7i kimi \u00e7\u0131x\u0131\u015f edib v\u0259 bunun n\u0259tic\u0259sind\u0259 xarici investor bizim t\u0259bi\u0259timizi z\u0259h\u0259rl\u0259yib\u201d.<\/em><\/p>\n\n\n\n<p>&#8220;<em>\u0130nsanlar haql\u0131 olaraq \u00f6z etiraz s\u0259sini ucald\u0131blar, amma onlar\u0131n s\u0259sin\u0259 baxan olub? Yox! Bir g\u00fcn, iki g\u00fcn, \u00fc\u00e7 g\u00fcn, be\u015f g\u00fcn, hara bax\u0131rd\u0131 Ekologiya v\u0259 T\u0259bii S\u0259rv\u0259tl\u0259r Nazirliyi? Bilmirdimi ki, bel\u0259 problem var? Ya bilirdi g\u00f6z\u00fcn\u00fc yumurdu, ya da bilmirdi. H\u0259r ikisi q\u0259bul edil\u0259n deyil\u201d, <\/em>&#8211; dey\u0259 \u0130lham \u018fliyev <a href=\"https:\/\/storage.googleapis.com\/qurium\/www.meydan.tv\/az-article-ilham-eliyevden-soyudlu-aksiyasina-reaksiya-polisleri-mudafie-etdi-etirazi-destekleyenleri-hedeledi.html\" target=\"_blank\" rel=\"noreferrer noopener\">bildirib.<\/a><\/p>\n\n\n\n<p><strong>&#8220;Prezident haql\u0131 iradlar s\u0259sl\u0259ndirib, onun tap\u015f\u0131r\u0131qlar\u0131 icra olunacaq\u201d<\/strong><\/p>\n\n\n\n<p>\u0130lham \u018fliyevin \u00e7\u0131x\u0131\u015f\u0131na istinad ed\u0259n nazir bu d\u0259f\u0259 f\u0259rqli a\u00e7\u0131qlama verib.<\/p>\n\n\n\n<p>O deyib ki, prezidentin m\u00fc\u015favir\u0259d\u0259 s\u0259sl\u0259ndirdiyi iradlar haql\u0131d\u0131r v\u0259 onun verdiyi tap\u015f\u0131r\u0131qlar icra olunacaq.<\/p>\n\n\n\n<p><em>\u201cPrezident \u00f6t\u0259n g\u00fcn haql\u0131 iradlar s\u0259sl\u0259ndirib. X\u00fcsusil\u0259 nazirliyin b\u0259zi sah\u0259l\u0259rd\u0259ki f\u0259aliyy\u0259tsizliyi il\u0259 ba\u011fl\u0131 fikirl\u0259r s\u00f6yl\u0259yib. B\u00fct\u00fcn tap\u015f\u0131r\u0131qlar icra olunacaq. Bel\u0259 hallarla \u00fczl\u0259\u015fm\u0259m\u0259k \u00fc\u00e7\u00fcn \u00e7al\u0131\u015faca\u011f\u0131q\u201d, <\/em>&#8211; Muxtar Babayev bel\u0259 deyib.<\/p>\n\n\n\n<p>Onun s\u00f6zl\u0259rin\u0259 g\u00f6r\u0259, G\u0259d\u0259b\u0259yin S\u00f6y\u00fcdl\u00fc k\u0259ndind\u0259 s\u00fcni anbar 2011-ci ild\u0259 tikilib:<\/p>\n\n\n\n<p>&#8220;<em>G\u00f6l\u00fcn dayan\u0131ql\u0131\u011f\u0131 il\u0259 ba\u011fl\u0131 t\u0259dqiqatlar\u0131n apar\u0131lmas\u0131 n\u0259z\u0259rd\u0259 tutulur. M\u00f6vcud tullant\u0131 anbar\u0131n\u0131n istismar 3 aydan \u00e7ox olmad\u0131\u011f\u0131, h\u0259m\u00e7inin ikinci anbar\u0131n\u0131n tikintisin\u0259 raz\u0131l\u0131q verilm\u0259diyi n\u0259z\u0259r\u0259 al\u0131naraq, istismar\u00e7\u0131 \u015firk\u0259tl\u0259 g\u00f6r\u00fc\u015fd\u0259 d\u0259 bu m\u0259s\u0259l\u0259l\u0259r s\u0259sl\u0259ndirilib. \u015eirk\u0259t\u0259 istismar\u0131n m\u00fcv\u0259qq\u0259ti dayand\u0131r\u0131lmas\u0131 t\u0259klif olunub v\u0259 raz\u0131l\u0131q \u0259ld\u0259 edilib&#8221;.<\/em><\/p>\n\n\n\n<p>Nazir onu da deyib ki, beyn\u0259lxalq \u015firk\u0259t\u0259 S\u00f6y\u00fcdl\u00fcd\u0259 tullant\u0131 anbar\u0131nda qiym\u0259tl\u0259ndirm\u0259 aparmas\u0131 t\u0259klif olunub:<\/p>\n\n\n\n<p><em>&#8220;\u0130yulun sonunda h\u0259min \u015firk\u0259tin i\u015fl\u0259r\u0259 ba\u015flayaca\u011f\u0131 g\u00f6zl\u0259nilir&#8221;.<\/em><\/p>\n\n\n\n<p><em>&#8220;S\u00f6y\u00fcdl\u00fcd\u0259 m\u0259d\u0259nin istismar\u0131nda m\u00fcasir avadanl\u0131q v\u0259 texnologiyalar\u0131n t\u0259tbiqi t\u0259klif edilib. Eyni zamanda, m\u00f6vcud anbar\u0131n reabilitasiyas\u0131 il\u0259 ba\u011fl\u0131 da texniki t\u0259klif haz\u0131rlanacaq. \u0130stismar\u00e7\u0131 \u015firk\u0259tin sosial-korporativ layih\u0259l\u0259ri il\u0259 ba\u011fl\u0131 \u015firk\u0259t\u0259 ciddi iradlar tutuldu\u201d<\/em>,-dey\u0259 Babayev \u0259lav\u0259 edib.<\/p>\n\n\n\n<p><strong>S\u00f6y\u00fcdl\u00fc hadis\u0259l\u0259ri<\/strong><\/p>\n\n\n\n<p>\u0130yunun 20-d\u0259n G\u0259d\u0259b\u0259y rayonunun S\u00f6y\u00fcdl\u00fc k\u0259ndinin \u0259razisind\u0259 q\u0131z\u0131l yata\u011f\u0131n\u0131n sular\u0131ndan s\u00fcni g\u00f6l\u00fcn yarad\u0131lmas\u0131na etiraz aksiyas\u0131 ba\u015flay\u0131b.<\/p>\n\n\n\n<p>10-dan art\u0131q k\u0259nd sakini v\u0259 hadis\u0259nin t\u0259\u015fkilind\u0259 \u015f\u00fcbh\u0259li bilin\u0259n \u015f\u0259xs saxlan\u0131l\u0131b. Saxlan\u0131lanlar aras\u0131nda narkotik ittiham\u0131 veril\u0259n d\u0259 var.<\/p>\n\n\n\n<p>\u0130yunun 22-d\u0259 G\u0259d\u0259b\u0259yin S\u00f6y\u00fcdl\u00fc k\u0259ndin\u0259 sakinl\u0259rd\u0259n ba\u015fqa \u015f\u0259xsl\u0259rin giri\u015fi m\u0259hdudla\u015fd\u0131r\u0131l\u0131b.<\/p>\n\n\n\n<p>Daxili \u0130\u015fl\u0259r Nazirliyi (D\u0130N) s\u0259b\u0259b kimi ictimai qaydan\u0131n v\u0259 ictimai t\u0259hl\u00fck\u0259sizliyin t\u0259min edilm\u0259sini g\u00f6st\u0259rib.<\/p>\n\n\n\n<p>K\u0259ndin sakinl\u0259ri is\u0259 bildirirl\u0259r ki, \u0259sl s\u0259b\u0259b iyunun 20-21-d\u0259 etdikl\u0259ri etiraz aksiyas\u0131d\u0131r, onlar\u0131 n\u0259zar\u0259td\u0259 saxlamaq ist\u0259yirl\u0259r.<\/p>\n\n\n\n<p>S\u00f6y\u00fcdl\u00fc k\u0259ndinin sakinl\u0259ri iki g\u00fcn ard-arda evl\u0259rinin yax\u0131nl\u0131\u011f\u0131nda q\u0131z\u0131l m\u0259d\u0259nl\u0259ri \u00fc\u00e7\u00fcn ikinci s\u00fcni g\u00f6l\u00fcn sal\u0131nmas\u0131na etiraz edib.<\/p>\n\n\n\n<p>Sakinl\u0259r k\u0259ndl\u0259rind\u0259 ikinci bel\u0259 yarad\u0131lacaq su h\u00f6vz\u0259sinin kimy\u0259vi madd\u0259l\u0259rl\u0259 dolu oldu\u011funu, bunun is\u0259 sa\u011flaml\u0131\u011fa z\u0259r\u0259r vurdu\u011funu bildiribl\u0259r.<\/p>\n\n\n\n<p>Onlar\u0131n s\u00f6zl\u0259rin\u0259 g\u00f6r\u0259, bu su h\u00f6vz\u0259l\u0259ri onlar\u0131n \u0259kin v\u0259 \u00f6r\u00fc\u015f sah\u0259l\u0259rind\u0259 sal\u0131n\u0131r.<\/p>\n\n\n\n<p>Bu da \u0259kin\u0259, meyv\u0259y\u0259, a\u011faclara v\u0259 insanlar\u0131n sa\u011flaml\u0131\u011f\u0131na z\u0259r\u0259r vurur.<\/p>\n\n\n\n<p>S\u00f6y\u00fcdl\u00fc sakinl\u0259ri daha \u00f6nc\u0259 d\u0259 eyni \u015fikay\u0259tl\u0259rl\u0259 etiraz etmi\u015fdil\u0259r.<\/p>\n\n\n\n<p>Sakinl\u0259r bildirirl\u0259r ki, 2012-ci ild\u0259 k\u0259ndl\u0259rinin yax\u0131nl\u0131\u011f\u0131nda q\u0131z\u0131l m\u0259d\u0259ninin tullant\u0131lar\u0131ndan yaranan g\u00f6l sal\u0131n\u0131b.<\/p>\n\n\n\n<p>Onlar bundan sonra ba\u011flar\u0131nda meyv\u0259 qalmad\u0131\u011f\u0131n\u0131, ar\u0131 t\u0259s\u0259rr\u00fcfatlar\u0131n\u0131n da\u011f\u0131ld\u0131\u011f\u0131n\u0131 deyibl\u0259r.<\/p>\n\n\n\n<p>Sakinl\u0259r h\u0259m\u00e7inin g\u00f6l\u00fcn suyunun i\u00e7m\u0259li sulara qar\u0131\u015faca\u011f\u0131ndan ehtiyat edir, bunun n\u0259tic\u0259sind\u0259 yaranacaq x\u0259st\u0259likl\u0259rd\u0259n qorxurlar.<\/p>\n\n\n\n<p>Nazirl\u0259r Kabineti m\u0259s\u0259l\u0259 il\u0259 ba\u011fl\u0131 komissiya yarad\u0131ld\u0131\u011f\u0131n\u0131 deyir.<\/p>\n\n\n\n<p>Komissiya d\u00f6vl\u0259t m\u0259murlar\u0131ndan formala\u015f\u0131b, t\u0259rkibind\u0259 m\u00fcst\u0259qil ekspert yoxdur.<\/p>\n\n\n\n<p><strong>H\u0259bsl\u0259r v\u0259 t\u0259zyiql\u0259r\u2026<\/strong><\/p>\n\n\n\n<p>Hakimiyy\u0259t hadis\u0259y\u0259 t\u0259xribat donu geyindirir, yerli mediada bununla ba\u011fl\u0131 eyni m\u0259zmunlu materiallar d\u0259rc olunur, hadis\u0259ni i\u015f\u0131qland\u0131ran m\u00fcst\u0259qil media h\u0259d\u0259f\u0259 al\u0131n\u0131r.<\/p>\n\n\n\n<p>Nazim B\u0259yd\u0259mirli ba\u015f ver\u0259nl\u0259r\u0259 g\u00f6r\u0259 \u015firk\u0259ti t\u0259nqid etdiyi \u00fc\u00e7\u00fcn h\u00f6kum\u0259t medias\u0131 t\u0259r\u0259find\u0259n h\u0259d\u0259f\u0259 al\u0131n\u0131b.<\/p>\n\n\n\n<p>Buna g\u00f6r\u0259 d\u0259 o, \u201cYeni M\u00fcsavat\u201d sayt\u0131n\u0131, Az\u0259rbaycan D\u00f6vl\u0259t Televiziyas\u0131n\u0131 v\u0259 deputat Elman N\u0259sirova qar\u015f\u0131 m\u0259hk\u0259m\u0259 iddias\u0131 qald\u0131r\u0131b.<\/p>\n\n\n\n<p>\u0130yulun 4-d\u0259 is\u0259 Nazim B\u0259yd\u0259mirli Daxili \u0130\u015fl\u0259r Nazirliyinin (D\u0130N) Ba\u015f M\u00fct\u0259\u015f\u0259kkil Cinay\u0259tkarl\u0131qla M\u00fcbariz\u0259 \u0130dar\u0259sind\u0259 (\u201cbandotdel\u201d) \u015f\u00fcbh\u0259li \u015f\u0259xs qismind\u0259 saxlan\u0131l\u0131b.<\/p>\n\n\n\n<p>\u0130yulun 5-d\u0259 N\u0259rimanov Rayon M\u0259hk\u0259m\u0259si onun bar\u0259sind\u0259 4 ay h\u0259bs-q\u0259timkan t\u0259dbiri se\u00e7ib.<\/p>\n\n\n\n<p>D\u0130N Nazim B\u0259yd\u0259mirlinin s\u0259hmdar\u0131 oldu\u011fu \u015firk\u0259td\u0259n pul t\u0259l\u0259b etm\u0259 ittiham\u0131yla saxlan\u0131ld\u0131\u011f\u0131 iddia ets\u0259 d\u0259, sabiq deputat deyib ki, onu S\u00f6y\u00fcdl\u00fc k\u0259ndind\u0259 ba\u015f vermi\u015f etirazlara g\u00f6r\u0259 saxlay\u0131blar.<\/p>\n\n\n\n<p>Bundan ba\u015fqa, N\u0130DA V\u0259t\u0259nda\u015f H\u0259r\u0259kat\u0131n\u0131n \u0130dar\u0259 Hey\u0259tinin \u00fczv\u00fc Elmir Abbasov v\u0259 ke\u00e7mi\u015f \u201cheyk\u0259l m\u0259hbusu\u201d Qiyas \u0130brahimov da S\u00f6y\u00fcdl\u00fc hadis\u0259l\u0259ri zaman\u0131 sosial \u015f\u0259b\u0259k\u0259l\u0259rd\u0259 yazd\u0131qlar\u0131 statuslara g\u00f6r\u0259 inzibati qaydada h\u0259bs edilib.<\/p>\n","protected":false},"excerpt":{"rendered":"<p>Muxtar Babayev: \u201cS\u00f6y\u00fcdl\u00fc k\u0259ndind\u0259 h\u0259r \u015fey norma daxilind\u0259dir\u201d Ekologiya v\u0259 &#8230; <\/p>\n<p class=\"read-more-container\"><a title=\"Nazir Prezidenti h\u0259m t\u0259kzib, h\u0259m t\u0259sdiq edir\" class=\"read-more button\" href=\"https:\/\/www.meydan.tv\/az\/article\/nazir-prezidenti-hem-tekzib-hem-tesdiq-edir\/#more-279649\" aria-label=\"Read more about Nazir Prezidenti h\u0259m t\u0259kzib, h\u0259m t\u0259sdiq edir\">Davam\u0131<\/a><\/p>\n","protected":false},"author":8,"featured_media":279646,"comment_status":"closed","ping_status":"closed","sticky":false,"template":"","format":"standard","meta":{"_acf_changed":false,"_sitemap_exclude":false,"_sitemap_priority":"","_sitemap_frequency":"","footnotes":""},"categories":[59,79,56],"tags":[],"class_list":["post-279649","post","type-post","status-publish","format-standard","has-post-thumbnail","hentry","category-siyaset","category-featured","category-xeberler","infinite-scroll-item","generate-columns","tablet-grid-50","mobile-grid-100","grid-parent","grid-33","no-featured-image-padding"],"acf":[],"yoast_head":"<!-- This site is optimized with the Yoast SEO plugin v27.4 - https:\/\/yoast.com\/product\/yoast-seo-wordpress\/ -->\n<title>Nazir Prezidenti h\u0259m t\u0259kzib, h\u0259m t\u0259sdiq edir - MEYDAN.TV<\/title>\n<meta name=\"robots\" content=\"index, follow, max-snippet:-1, max-image-preview:large, max-video-preview:-1\" \/>\n<link rel=\"canonical\" href=\"https:\/\/www.meydan.tv\/az\/article\/nazir-prezidenti-hem-tekzib-hem-tesdiq-edir\/\" \/>\n<meta property=\"og:locale\" content=\"az_AZ\" \/>\n<meta property=\"og:type\" content=\"article\" \/>\n<meta property=\"og:title\" content=\"Nazir Prezidenti h\u0259m t\u0259kzib, h\u0259m t\u0259sdiq edir - MEYDAN.TV\" \/>\n<meta property=\"og:description\" content=\"Muxtar Babayev: \u201cS\u00f6y\u00fcdl\u00fc k\u0259ndind\u0259 h\u0259r \u015fey norma daxilind\u0259dir\u201d Ekologiya v\u0259 ... Davam\u0131\" \/>\n<meta property=\"og:url\" content=\"https:\/\/www.meydan.tv\/az\/article\/nazir-prezidenti-hem-tekzib-hem-tesdiq-edir\/\" \/>\n<meta property=\"og:site_name\" content=\"MEYDAN.TV\" \/>\n<meta property=\"article:published_time\" content=\"2023-07-12T17:08:36+00:00\" \/>\n<meta property=\"article:modified_time\" content=\"2023-07-12T17:11:08+00:00\" \/>\n<meta property=\"og:image\" content=\"https:\/\/www.meydan.tv\/wp-content\/uploads\/untitled-design-5-65-e1689181705226.jpg\" \/>\n\t<meta property=\"og:image:width\" content=\"1200\" \/>\n\t<meta property=\"og:image:height\" content=\"561\" \/>\n\t<meta property=\"og:image:type\" content=\"image\/jpeg\" \/>\n<meta name=\"author\" content=\"elli\" \/>\n<meta name=\"twitter:card\" content=\"summary_large_image\" \/>\n<meta name=\"twitter:creator\" content=\"@elli\" \/>\n<script type=\"application\/ld+json\" class=\"yoast-schema-graph\">{\"@context\":\"https:\\\/\\\/schema.org\",\"@graph\":[{\"@type\":\"Article\",\"@id\":\"https:\\\/\\\/www.meydan.tv\\\/az\\\/article\\\/nazir-prezidenti-hem-tekzib-hem-tesdiq-edir\\\/#article\",\"isPartOf\":{\"@id\":\"https:\\\/\\\/www.meydan.tv\\\/az\\\/article\\\/nazir-prezidenti-hem-tekzib-hem-tesdiq-edir\\\/\"},\"author\":{\"name\":\"elli\",\"@id\":\"https:\\\/\\\/www.meydan.tv\\\/az\\\/#\\\/schema\\\/person\\\/9cdbecf90d17180ce1dfbd95b08dcf47\"},\"headline\":\"Nazir Prezidenti h\u0259m t\u0259kzib, h\u0259m t\u0259sdiq edir\",\"datePublished\":\"2023-07-12T17:08:36+00:00\",\"dateModified\":\"2023-07-12T17:11:08+00:00\",\"mainEntityOfPage\":{\"@id\":\"https:\\\/\\\/www.meydan.tv\\\/az\\\/article\\\/nazir-prezidenti-hem-tekzib-hem-tesdiq-edir\\\/\"},\"wordCount\":1287,\"publisher\":{\"@id\":\"https:\\\/\\\/www.meydan.tv\\\/az\\\/#organization\"},\"image\":{\"@id\":\"https:\\\/\\\/www.meydan.tv\\\/az\\\/article\\\/nazir-prezidenti-hem-tekzib-hem-tesdiq-edir\\\/#primaryimage\"},\"thumbnailUrl\":\"https:\\\/\\\/www.meydan.tv\\\/wp-content\\\/uploads\\\/untitled-design-5-65-e1689181705226.jpg\",\"articleSection\":[\"Siyas\u0259t\",\"T\u00f6vsiy\u0259\",\"X\u0259b\u0259rl\u0259r\"],\"inLanguage\":\"az\"},{\"@type\":\"WebPage\",\"@id\":\"https:\\\/\\\/www.meydan.tv\\\/az\\\/article\\\/nazir-prezidenti-hem-tekzib-hem-tesdiq-edir\\\/\",\"url\":\"https:\\\/\\\/www.meydan.tv\\\/az\\\/article\\\/nazir-prezidenti-hem-tekzib-hem-tesdiq-edir\\\/\",\"name\":\"Nazir Prezidenti h\u0259m t\u0259kzib, h\u0259m t\u0259sdiq edir - MEYDAN.TV\",\"isPartOf\":{\"@id\":\"https:\\\/\\\/www.meydan.tv\\\/az\\\/#website\"},\"primaryImageOfPage\":{\"@id\":\"https:\\\/\\\/www.meydan.tv\\\/az\\\/article\\\/nazir-prezidenti-hem-tekzib-hem-tesdiq-edir\\\/#primaryimage\"},\"image\":{\"@id\":\"https:\\\/\\\/www.meydan.tv\\\/az\\\/article\\\/nazir-prezidenti-hem-tekzib-hem-tesdiq-edir\\\/#primaryimage\"},\"thumbnailUrl\":\"https:\\\/\\\/www.meydan.tv\\\/wp-content\\\/uploads\\\/untitled-design-5-65-e1689181705226.jpg\",\"datePublished\":\"2023-07-12T17:08:36+00:00\",\"dateModified\":\"2023-07-12T17:11:08+00:00\",\"breadcrumb\":{\"@id\":\"https:\\\/\\\/www.meydan.tv\\\/az\\\/article\\\/nazir-prezidenti-hem-tekzib-hem-tesdiq-edir\\\/#breadcrumb\"},\"inLanguage\":\"az\",\"potentialAction\":[{\"@type\":\"ReadAction\",\"target\":[\"https:\\\/\\\/www.meydan.tv\\\/az\\\/article\\\/nazir-prezidenti-hem-tekzib-hem-tesdiq-edir\\\/\"]}]},{\"@type\":\"ImageObject\",\"inLanguage\":\"az\",\"@id\":\"https:\\\/\\\/www.meydan.tv\\\/az\\\/article\\\/nazir-prezidenti-hem-tekzib-hem-tesdiq-edir\\\/#primaryimage\",\"url\":\"https:\\\/\\\/www.meydan.tv\\\/wp-content\\\/uploads\\\/untitled-design-5-65-e1689181705226.jpg\",\"contentUrl\":\"https:\\\/\\\/www.meydan.tv\\\/wp-content\\\/uploads\\\/untitled-design-5-65-e1689181705226.jpg\",\"width\":1200,\"height\":561,\"caption\":\"Muxtar Babayev. Foto: Az\u0259rtac\"},{\"@type\":\"BreadcrumbList\",\"@id\":\"https:\\\/\\\/www.meydan.tv\\\/az\\\/article\\\/nazir-prezidenti-hem-tekzib-hem-tesdiq-edir\\\/#breadcrumb\",\"itemListElement\":[{\"@type\":\"ListItem\",\"position\":1,\"name\":\"Ana s\u0259hif\u0259\",\"item\":\"https:\\\/\\\/www.meydan.tv\\\/az\\\/\"},{\"@type\":\"ListItem\",\"position\":2,\"name\":\"Siyas\u0259t\",\"item\":\"https:\\\/\\\/www.meydan.tv\\\/az\\\/section\\\/siyaset\\\/\"},{\"@type\":\"ListItem\",\"position\":3,\"name\":\"Nazir Prezidenti h\u0259m t\u0259kzib, h\u0259m t\u0259sdiq edir\"}]},{\"@type\":\"WebSite\",\"@id\":\"https:\\\/\\\/www.meydan.tv\\\/az\\\/#website\",\"url\":\"https:\\\/\\\/www.meydan.tv\\\/az\\\/\",\"name\":\"MEYDAN.TV\",\"description\":\"Meydan TV Az\u0259rbaycan\u0131n media m\u0259kan\u0131ndak\u0131 alternativ s\u0259sidir\",\"publisher\":{\"@id\":\"https:\\\/\\\/www.meydan.tv\\\/az\\\/#organization\"},\"potentialAction\":[{\"@type\":\"SearchAction\",\"target\":{\"@type\":\"EntryPoint\",\"urlTemplate\":\"https:\\\/\\\/www.meydan.tv\\\/az\\\/?s={search_term_string}\"},\"query-input\":{\"@type\":\"PropertyValueSpecification\",\"valueRequired\":true,\"valueName\":\"search_term_string\"}}],\"inLanguage\":\"az\"},{\"@type\":\"Organization\",\"@id\":\"https:\\\/\\\/www.meydan.tv\\\/az\\\/#organization\",\"name\":\"Meydan TV\",\"url\":\"https:\\\/\\\/www.meydan.tv\\\/az\\\/\",\"logo\":{\"@type\":\"ImageObject\",\"inLanguage\":\"az\",\"@id\":\"https:\\\/\\\/www.meydan.tv\\\/az\\\/#\\\/schema\\\/logo\\\/image\\\/\",\"url\":\"https:\\\/\\\/www.meydan.tv\\\/wp-content\\\/uploads\\\/2021\\\/07\\\/meydan-logo.svg\",\"contentUrl\":\"https:\\\/\\\/www.meydan.tv\\\/wp-content\\\/uploads\\\/2021\\\/07\\\/meydan-logo.svg\",\"width\":195,\"height\":46,\"caption\":\"Meydan TV\"},\"image\":{\"@id\":\"https:\\\/\\\/www.meydan.tv\\\/az\\\/#\\\/schema\\\/logo\\\/image\\\/\"}},{\"@type\":\"Person\",\"@id\":\"https:\\\/\\\/www.meydan.tv\\\/az\\\/#\\\/schema\\\/person\\\/9cdbecf90d17180ce1dfbd95b08dcf47\",\"name\":\"elli\",\"sameAs\":[\"https:\\\/\\\/x.com\\\/elli\"]}]}<\/script>\n<!-- \/ Yoast SEO plugin. -->","yoast_head_json":{"title":"Nazir Prezidenti h\u0259m t\u0259kzib, h\u0259m t\u0259sdiq edir - MEYDAN.TV","robots":{"index":"index","follow":"follow","max-snippet":"max-snippet:-1","max-image-preview":"max-image-preview:large","max-video-preview":"max-video-preview:-1"},"canonical":"https:\/\/www.meydan.tv\/az\/article\/nazir-prezidenti-hem-tekzib-hem-tesdiq-edir\/","og_locale":"az_AZ","og_type":"article","og_title":"Nazir Prezidenti h\u0259m t\u0259kzib, h\u0259m t\u0259sdiq edir - MEYDAN.TV","og_description":"Muxtar Babayev: \u201cS\u00f6y\u00fcdl\u00fc k\u0259ndind\u0259 h\u0259r \u015fey norma daxilind\u0259dir\u201d Ekologiya v\u0259 ... Davam\u0131","og_url":"https:\/\/www.meydan.tv\/az\/article\/nazir-prezidenti-hem-tekzib-hem-tesdiq-edir\/","og_site_name":"MEYDAN.TV","article_published_time":"2023-07-12T17:08:36+00:00","article_modified_time":"2023-07-12T17:11:08+00:00","og_image":[{"width":1200,"height":561,"url":"https:\/\/www.meydan.tv\/wp-content\/uploads\/untitled-design-5-65-e1689181705226.jpg","type":"image\/jpeg"}],"author":"elli","twitter_card":"summary_large_image","twitter_creator":"@elli","schema":{"@context":"https:\/\/schema.org","@graph":[{"@type":"Article","@id":"https:\/\/www.meydan.tv\/az\/article\/nazir-prezidenti-hem-tekzib-hem-tesdiq-edir\/#article","isPartOf":{"@id":"https:\/\/www.meydan.tv\/az\/article\/nazir-prezidenti-hem-tekzib-hem-tesdiq-edir\/"},"author":{"name":"elli","@id":"https:\/\/www.meydan.tv\/az\/#\/schema\/person\/9cdbecf90d17180ce1dfbd95b08dcf47"},"headline":"Nazir Prezidenti h\u0259m t\u0259kzib, h\u0259m t\u0259sdiq edir","datePublished":"2023-07-12T17:08:36+00:00","dateModified":"2023-07-12T17:11:08+00:00","mainEntityOfPage":{"@id":"https:\/\/www.meydan.tv\/az\/article\/nazir-prezidenti-hem-tekzib-hem-tesdiq-edir\/"},"wordCount":1287,"publisher":{"@id":"https:\/\/www.meydan.tv\/az\/#organization"},"image":{"@id":"https:\/\/www.meydan.tv\/az\/article\/nazir-prezidenti-hem-tekzib-hem-tesdiq-edir\/#primaryimage"},"thumbnailUrl":"https:\/\/www.meydan.tv\/wp-content\/uploads\/untitled-design-5-65-e1689181705226.jpg","articleSection":["Siyas\u0259t","T\u00f6vsiy\u0259","X\u0259b\u0259rl\u0259r"],"inLanguage":"az"},{"@type":"WebPage","@id":"https:\/\/www.meydan.tv\/az\/article\/nazir-prezidenti-hem-tekzib-hem-tesdiq-edir\/","url":"https:\/\/www.meydan.tv\/az\/article\/nazir-prezidenti-hem-tekzib-hem-tesdiq-edir\/","name":"Nazir Prezidenti h\u0259m t\u0259kzib, h\u0259m t\u0259sdiq edir - MEYDAN.TV","isPartOf":{"@id":"https:\/\/www.meydan.tv\/az\/#website"},"primaryImageOfPage":{"@id":"https:\/\/www.meydan.tv\/az\/article\/nazir-prezidenti-hem-tekzib-hem-tesdiq-edir\/#primaryimage"},"image":{"@id":"https:\/\/www.meydan.tv\/az\/article\/nazir-prezidenti-hem-tekzib-hem-tesdiq-edir\/#primaryimage"},"thumbnailUrl":"https:\/\/www.meydan.tv\/wp-content\/uploads\/untitled-design-5-65-e1689181705226.jpg","datePublished":"2023-07-12T17:08:36+00:00","dateModified":"2023-07-12T17:11:08+00:00","breadcrumb":{"@id":"https:\/\/www.meydan.tv\/az\/article\/nazir-prezidenti-hem-tekzib-hem-tesdiq-edir\/#breadcrumb"},"inLanguage":"az","potentialAction":[{"@type":"ReadAction","target":["https:\/\/www.meydan.tv\/az\/article\/nazir-prezidenti-hem-tekzib-hem-tesdiq-edir\/"]}]},{"@type":"ImageObject","inLanguage":"az","@id":"https:\/\/www.meydan.tv\/az\/article\/nazir-prezidenti-hem-tekzib-hem-tesdiq-edir\/#primaryimage","url":"https:\/\/www.meydan.tv\/wp-content\/uploads\/untitled-design-5-65-e1689181705226.jpg","contentUrl":"https:\/\/www.meydan.tv\/wp-content\/uploads\/untitled-design-5-65-e1689181705226.jpg","width":1200,"height":561,"caption":"Muxtar Babayev. Foto: Az\u0259rtac"},{"@type":"BreadcrumbList","@id":"https:\/\/www.meydan.tv\/az\/article\/nazir-prezidenti-hem-tekzib-hem-tesdiq-edir\/#breadcrumb","itemListElement":[{"@type":"ListItem","position":1,"name":"Ana s\u0259hif\u0259","item":"https:\/\/www.meydan.tv\/az\/"},{"@type":"ListItem","position":2,"name":"Siyas\u0259t","item":"https:\/\/www.meydan.tv\/az\/section\/siyaset\/"},{"@type":"ListItem","position":3,"name":"Nazir Prezidenti h\u0259m t\u0259kzib, h\u0259m t\u0259sdiq edir"}]},{"@type":"WebSite","@id":"https:\/\/www.meydan.tv\/az\/#website","url":"https:\/\/www.meydan.tv\/az\/","name":"MEYDAN.TV","description":"Meydan TV Az\u0259rbaycan\u0131n media m\u0259kan\u0131ndak\u0131 alternativ s\u0259sidir","publisher":{"@id":"https:\/\/www.meydan.tv\/az\/#organization"},"potentialAction":[{"@type":"SearchAction","target":{"@type":"EntryPoint","urlTemplate":"https:\/\/www.meydan.tv\/az\/?s={search_term_string}"},"query-input":{"@type":"PropertyValueSpecification","valueRequired":true,"valueName":"search_term_string"}}],"inLanguage":"az"},{"@type":"Organization","@id":"https:\/\/www.meydan.tv\/az\/#organization","name":"Meydan TV","url":"https:\/\/www.meydan.tv\/az\/","logo":{"@type":"ImageObject","inLanguage":"az","@id":"https:\/\/www.meydan.tv\/az\/#\/schema\/logo\/image\/","url":"https:\/\/www.meydan.tv\/wp-content\/uploads\/2021\/07\/meydan-logo.svg","contentUrl":"https:\/\/www.meydan.tv\/wp-content\/uploads\/2021\/07\/meydan-logo.svg","width":195,"height":46,"caption":"Meydan TV"},"image":{"@id":"https:\/\/www.meydan.tv\/az\/#\/schema\/logo\/image\/"}},{"@type":"Person","@id":"https:\/\/www.meydan.tv\/az\/#\/schema\/person\/9cdbecf90d17180ce1dfbd95b08dcf47","name":"elli","sameAs":["https:\/\/x.com\/elli"]}]}},"_links":{"self":[{"href":"https:\/\/www.meydan.tv\/az\/wp-json\/wp\/v2\/posts\/279649","targetHints":{"allow":["GET"]}}],"collection":[{"href":"https:\/\/www.meydan.tv\/az\/wp-json\/wp\/v2\/posts"}],"about":[{"href":"https:\/\/www.meydan.tv\/az\/wp-json\/wp\/v2\/types\/post"}],"author":[{"embeddable":true,"href":"https:\/\/www.meydan.tv\/az\/wp-json\/wp\/v2\/users\/8"}],"replies":[{"embeddable":true,"href":"https:\/\/www.meydan.tv\/az\/wp-json\/wp\/v2\/comments?post=279649"}],"version-history":[{"count":2,"href":"https:\/\/www.meydan.tv\/az\/wp-json\/wp\/v2\/posts\/279649\/revisions"}],"predecessor-version":[{"id":279651,"href":"https:\/\/www.meydan.tv\/az\/wp-json\/wp\/v2\/posts\/279649\/revisions\/279651"}],"wp:featuredmedia":[{"embeddable":true,"href":"https:\/\/www.meydan.tv\/az\/wp-json\/wp\/v2\/media\/279646"}],"wp:attachment":[{"href":"https:\/\/www.meydan.tv\/az\/wp-json\/wp\/v2\/media?parent=279649"}],"wp:term":[{"taxonomy":"category","embeddable":true,"href":"https:\/\/www.meydan.tv\/az\/wp-json\/wp\/v2\/categories?post=279649"},{"taxonomy":"post_tag","embeddable":true,"href":"https:\/\/www.meydan.tv\/az\/wp-json\/wp\/v2\/tags?post=279649"}],"curies":[{"name":"wp","href":"https:\/\/api.w.org\/{rel}","templated":true}]}}