{"id":279597,"date":"2023-07-12T13:49:26","date_gmt":"2023-07-12T09:49:26","guid":{"rendered":"https:\/\/www.meydan.tv\/?p=279597"},"modified":"2023-07-12T13:49:30","modified_gmt":"2023-07-12T09:49:30","slug":"milan-kundera-94-yasinda-vefat-edib","status":"publish","type":"post","link":"https:\/\/www.meydan.tv\/az\/article\/milan-kundera-94-yasinda-vefat-edib\/","title":{"rendered":"Milan Kundera 94 ya\u015f\u0131nda v\u0259fat edib"},"content":{"rendered":"\n<p><\/p>\n\n\n\n<p><strong><em>Yaz\u0131\u00e7\u0131 1975-ci ild\u0259n Fransada ya\u015fay\u0131rd\u0131<\/em><\/strong><\/p>\n\n\n\n<p>\u00c7ex \u0259silli frans\u0131z yaz\u0131\u00e7\u0131 Milan Kunderan\u0131n 94 ya\u015f\u0131nda v\u0259fat etdiyi bildirilir.<\/p>\n\n\n\n<p>Yaz\u0131\u00e7\u0131n\u0131n iyulun 11-d\u0259 h\u0259yat\u0131n\u0131 itirdiyi <a href=\"https:\/\/www.lemonde.fr\/disparitions\/article\/2023\/07\/12\/milan-kundera-romancier-de-l-existence-est-mort_6181627_3382.html\" target=\"_blank\" rel=\"noreferrer noopener\">bildirilir.<\/a><\/p>\n\n\n\n<p>Milan Kundera 1929-cu ild\u0259 ke\u00e7mi\u015f \u00c7exoslovakiyan\u0131n Brno \u015f\u0259h\u0259rind\u0259 do\u011fulub.<\/p>\n\n\n\n<p>1968-ci ild\u0259 kommunist \u00f6lk\u0259sind\u0259n m\u00fchacir\u0259t ed\u0259n Kundera sonlaralar v\u0259t\u0259nin\u0259 qay\u0131tmay\u0131b v\u0259 \u00c7exiyada \u0259s\u0259rl\u0259rinin n\u0259\u015frini qada\u011fan edib.<\/p>\n\n\n\n<p>1975-ci ild\u0259n Fransada ya\u015fama\u011fa ba\u015flay\u0131b.<\/p>\n\n\n\n<p>1990-c\u0131 ilin \u0259vv\u0259ll\u0259rind\u0259n \u0259s\u0259rl\u0259rini frans\u0131zca yazma\u011fa ba\u015flay\u0131b.<\/p>\n\n\n\n<p>Kundera yarad\u0131c\u0131l\u0131\u011fa \u015fair kimi ba\u015flay\u0131b, 50-ci ill\u0259rd\u0259 &#8220;\u0130nsan: B\u00f6y\u00fck ba\u011f&#8221; (1953), &#8220;Sonuncu may&#8221; (1955), &#8220;Monoloqlar&#8221; (1957) adl\u0131 poetik toplular\u0131n\u0131 n\u0259\u015fr etdirib.<\/p>\n\n\n\n<p>1962-ci ild\u0259 &#8220;A\u00e7ar\u00e7\u0131lar&#8221; adl\u0131 pyesini yaz\u0131b.<\/p>\n\n\n\n<p>H\u0259min vaxt\u0131 n\u0259srl\u0259 ciddi m\u0259\u015f\u011ful olan Kunderan\u0131n novellalar\u0131, romanlar\u0131 v\u0259 esseleri m\u00fc\u0259llif\u0259 \u015f\u00f6hr\u0259t qazand\u0131r\u0131b.<\/p>\n\n\n\n<p>&#8220;G\u00fclm\u0259li \u0259hvalat&#8221; (1963-1968) novellalar toplusu, &#8220;Zarafat&#8221; (1965), &#8220;Burda olmayan h\u0259yat&#8221; (1973), &#8220;G\u00fcl\u00fc\u015f v\u0259 yadda\u015f kitab\u0131&#8221; (1978), eyni zamanda &#8220;M\u00f6vcudlu\u011fun d\u00f6z\u00fclm\u0259z y\u00fcng\u00fcll\u00fcy\u00fc&#8221;, &#8220;\u00d6lm\u0259zlik&#8221;, &#8220;Arxay\u0131nl\u0131q&#8221; romanlar\u0131 d\u00fcnyada tan\u0131n\u0131b.<\/p>\n","protected":false},"excerpt":{"rendered":"<p>Yaz\u0131\u00e7\u0131 1975-ci ild\u0259n Fransada ya\u015fay\u0131rd\u0131 \u00c7ex \u0259silli frans\u0131z yaz\u0131\u00e7\u0131 Milan &#8230; <\/p>\n<p class=\"read-more-container\"><a title=\"Milan Kundera 94 ya\u015f\u0131nda v\u0259fat edib\" class=\"read-more button\" href=\"https:\/\/www.meydan.tv\/az\/article\/milan-kundera-94-yasinda-vefat-edib\/#more-279597\" aria-label=\"Read more about Milan Kundera 94 ya\u015f\u0131nda v\u0259fat edib\">Davam\u0131<\/a><\/p>\n","protected":false},"author":8,"featured_media":279600,"comment_status":"closed","ping_status":"closed","sticky":false,"template":"","format":"standard","meta":{"_acf_changed":false,"_sitemap_exclude":false,"_sitemap_priority":"","_sitemap_frequency":"","footnotes":""},"categories":[52,56],"tags":[],"class_list":["post-279597","post","type-post","status-publish","format-standard","has-post-thumbnail","hentry","category-medeniyyet","category-xeberler","infinite-scroll-item","generate-columns","tablet-grid-50","mobile-grid-100","grid-parent","grid-33","no-featured-image-padding"],"acf":[],"yoast_head":"<!-- This site is optimized with the Yoast SEO plugin v27.4 - https:\/\/yoast.com\/product\/yoast-seo-wordpress\/ -->\n<title>Milan Kundera 94 ya\u015f\u0131nda v\u0259fat edib - MEYDAN.TV<\/title>\n<meta name=\"robots\" content=\"index, follow, max-snippet:-1, max-image-preview:large, max-video-preview:-1\" \/>\n<link rel=\"canonical\" href=\"https:\/\/www.meydan.tv\/az\/article\/milan-kundera-94-yasinda-vefat-edib\/\" \/>\n<meta property=\"og:locale\" content=\"az_AZ\" \/>\n<meta property=\"og:type\" content=\"article\" \/>\n<meta property=\"og:title\" content=\"Milan Kundera 94 ya\u015f\u0131nda v\u0259fat edib - MEYDAN.TV\" \/>\n<meta property=\"og:description\" content=\"Yaz\u0131\u00e7\u0131 1975-ci ild\u0259n Fransada ya\u015fay\u0131rd\u0131 \u00c7ex \u0259silli frans\u0131z yaz\u0131\u00e7\u0131 Milan ... Davam\u0131\" \/>\n<meta property=\"og:url\" content=\"https:\/\/www.meydan.tv\/az\/article\/milan-kundera-94-yasinda-vefat-edib\/\" \/>\n<meta property=\"og:site_name\" content=\"MEYDAN.TV\" \/>\n<meta property=\"article:published_time\" content=\"2023-07-12T09:49:26+00:00\" \/>\n<meta property=\"article:modified_time\" content=\"2023-07-12T09:49:30+00:00\" \/>\n<meta property=\"og:image\" content=\"https:\/\/www.meydan.tv\/wp-content\/uploads\/untitled-design-2-121-e1689154912406.jpg\" \/>\n\t<meta property=\"og:image:width\" content=\"1200\" \/>\n\t<meta property=\"og:image:height\" content=\"492\" \/>\n\t<meta property=\"og:image:type\" content=\"image\/jpeg\" \/>\n<meta name=\"author\" content=\"elli\" \/>\n<meta name=\"twitter:card\" content=\"summary_large_image\" \/>\n<meta name=\"twitter:creator\" content=\"@elli\" \/>\n<script type=\"application\/ld+json\" class=\"yoast-schema-graph\">{\"@context\":\"https:\\\/\\\/schema.org\",\"@graph\":[{\"@type\":\"Article\",\"@id\":\"https:\\\/\\\/www.meydan.tv\\\/az\\\/article\\\/milan-kundera-94-yasinda-vefat-edib\\\/#article\",\"isPartOf\":{\"@id\":\"https:\\\/\\\/www.meydan.tv\\\/az\\\/article\\\/milan-kundera-94-yasinda-vefat-edib\\\/\"},\"author\":{\"name\":\"elli\",\"@id\":\"https:\\\/\\\/www.meydan.tv\\\/az\\\/#\\\/schema\\\/person\\\/9cdbecf90d17180ce1dfbd95b08dcf47\"},\"headline\":\"Milan Kundera 94 ya\u015f\u0131nda v\u0259fat edib\",\"datePublished\":\"2023-07-12T09:49:26+00:00\",\"dateModified\":\"2023-07-12T09:49:30+00:00\",\"mainEntityOfPage\":{\"@id\":\"https:\\\/\\\/www.meydan.tv\\\/az\\\/article\\\/milan-kundera-94-yasinda-vefat-edib\\\/\"},\"wordCount\":207,\"publisher\":{\"@id\":\"https:\\\/\\\/www.meydan.tv\\\/az\\\/#organization\"},\"image\":{\"@id\":\"https:\\\/\\\/www.meydan.tv\\\/az\\\/article\\\/milan-kundera-94-yasinda-vefat-edib\\\/#primaryimage\"},\"thumbnailUrl\":\"https:\\\/\\\/www.meydan.tv\\\/wp-content\\\/uploads\\\/untitled-design-2-121-e1689154912406.jpg\",\"articleSection\":[\"M\u0259d\u0259niyy\u0259t\",\"X\u0259b\u0259rl\u0259r\"],\"inLanguage\":\"az\"},{\"@type\":\"WebPage\",\"@id\":\"https:\\\/\\\/www.meydan.tv\\\/az\\\/article\\\/milan-kundera-94-yasinda-vefat-edib\\\/\",\"url\":\"https:\\\/\\\/www.meydan.tv\\\/az\\\/article\\\/milan-kundera-94-yasinda-vefat-edib\\\/\",\"name\":\"Milan Kundera 94 ya\u015f\u0131nda v\u0259fat edib - MEYDAN.TV\",\"isPartOf\":{\"@id\":\"https:\\\/\\\/www.meydan.tv\\\/az\\\/#website\"},\"primaryImageOfPage\":{\"@id\":\"https:\\\/\\\/www.meydan.tv\\\/az\\\/article\\\/milan-kundera-94-yasinda-vefat-edib\\\/#primaryimage\"},\"image\":{\"@id\":\"https:\\\/\\\/www.meydan.tv\\\/az\\\/article\\\/milan-kundera-94-yasinda-vefat-edib\\\/#primaryimage\"},\"thumbnailUrl\":\"https:\\\/\\\/www.meydan.tv\\\/wp-content\\\/uploads\\\/untitled-design-2-121-e1689154912406.jpg\",\"datePublished\":\"2023-07-12T09:49:26+00:00\",\"dateModified\":\"2023-07-12T09:49:30+00:00\",\"breadcrumb\":{\"@id\":\"https:\\\/\\\/www.meydan.tv\\\/az\\\/article\\\/milan-kundera-94-yasinda-vefat-edib\\\/#breadcrumb\"},\"inLanguage\":\"az\",\"potentialAction\":[{\"@type\":\"ReadAction\",\"target\":[\"https:\\\/\\\/www.meydan.tv\\\/az\\\/article\\\/milan-kundera-94-yasinda-vefat-edib\\\/\"]}]},{\"@type\":\"ImageObject\",\"inLanguage\":\"az\",\"@id\":\"https:\\\/\\\/www.meydan.tv\\\/az\\\/article\\\/milan-kundera-94-yasinda-vefat-edib\\\/#primaryimage\",\"url\":\"https:\\\/\\\/www.meydan.tv\\\/wp-content\\\/uploads\\\/untitled-design-2-121-e1689154912406.jpg\",\"contentUrl\":\"https:\\\/\\\/www.meydan.tv\\\/wp-content\\\/uploads\\\/untitled-design-2-121-e1689154912406.jpg\",\"width\":1200,\"height\":492,\"caption\":\"Foto: Milan Kundera s\u0259hif\u0259sind\u0259n.\"},{\"@type\":\"BreadcrumbList\",\"@id\":\"https:\\\/\\\/www.meydan.tv\\\/az\\\/article\\\/milan-kundera-94-yasinda-vefat-edib\\\/#breadcrumb\",\"itemListElement\":[{\"@type\":\"ListItem\",\"position\":1,\"name\":\"Ana s\u0259hif\u0259\",\"item\":\"https:\\\/\\\/www.meydan.tv\\\/az\\\/\"},{\"@type\":\"ListItem\",\"position\":2,\"name\":\"M\u0259d\u0259niyy\u0259t\",\"item\":\"https:\\\/\\\/www.meydan.tv\\\/az\\\/section\\\/medeniyyet\\\/\"},{\"@type\":\"ListItem\",\"position\":3,\"name\":\"Milan Kundera 94 ya\u015f\u0131nda v\u0259fat edib\"}]},{\"@type\":\"WebSite\",\"@id\":\"https:\\\/\\\/www.meydan.tv\\\/az\\\/#website\",\"url\":\"https:\\\/\\\/www.meydan.tv\\\/az\\\/\",\"name\":\"MEYDAN.TV\",\"description\":\"Meydan TV Az\u0259rbaycan\u0131n media m\u0259kan\u0131ndak\u0131 alternativ s\u0259sidir\",\"publisher\":{\"@id\":\"https:\\\/\\\/www.meydan.tv\\\/az\\\/#organization\"},\"potentialAction\":[{\"@type\":\"SearchAction\",\"target\":{\"@type\":\"EntryPoint\",\"urlTemplate\":\"https:\\\/\\\/www.meydan.tv\\\/az\\\/?s={search_term_string}\"},\"query-input\":{\"@type\":\"PropertyValueSpecification\",\"valueRequired\":true,\"valueName\":\"search_term_string\"}}],\"inLanguage\":\"az\"},{\"@type\":\"Organization\",\"@id\":\"https:\\\/\\\/www.meydan.tv\\\/az\\\/#organization\",\"name\":\"Meydan TV\",\"url\":\"https:\\\/\\\/www.meydan.tv\\\/az\\\/\",\"logo\":{\"@type\":\"ImageObject\",\"inLanguage\":\"az\",\"@id\":\"https:\\\/\\\/www.meydan.tv\\\/az\\\/#\\\/schema\\\/logo\\\/image\\\/\",\"url\":\"https:\\\/\\\/www.meydan.tv\\\/wp-content\\\/uploads\\\/2021\\\/07\\\/meydan-logo.svg\",\"contentUrl\":\"https:\\\/\\\/www.meydan.tv\\\/wp-content\\\/uploads\\\/2021\\\/07\\\/meydan-logo.svg\",\"width\":195,\"height\":46,\"caption\":\"Meydan TV\"},\"image\":{\"@id\":\"https:\\\/\\\/www.meydan.tv\\\/az\\\/#\\\/schema\\\/logo\\\/image\\\/\"}},{\"@type\":\"Person\",\"@id\":\"https:\\\/\\\/www.meydan.tv\\\/az\\\/#\\\/schema\\\/person\\\/9cdbecf90d17180ce1dfbd95b08dcf47\",\"name\":\"elli\",\"sameAs\":[\"https:\\\/\\\/x.com\\\/elli\"]}]}<\/script>\n<!-- \/ Yoast SEO plugin. -->","yoast_head_json":{"title":"Milan Kundera 94 ya\u015f\u0131nda v\u0259fat edib - MEYDAN.TV","robots":{"index":"index","follow":"follow","max-snippet":"max-snippet:-1","max-image-preview":"max-image-preview:large","max-video-preview":"max-video-preview:-1"},"canonical":"https:\/\/www.meydan.tv\/az\/article\/milan-kundera-94-yasinda-vefat-edib\/","og_locale":"az_AZ","og_type":"article","og_title":"Milan Kundera 94 ya\u015f\u0131nda v\u0259fat edib - MEYDAN.TV","og_description":"Yaz\u0131\u00e7\u0131 1975-ci ild\u0259n Fransada ya\u015fay\u0131rd\u0131 \u00c7ex \u0259silli frans\u0131z yaz\u0131\u00e7\u0131 Milan ... Davam\u0131","og_url":"https:\/\/www.meydan.tv\/az\/article\/milan-kundera-94-yasinda-vefat-edib\/","og_site_name":"MEYDAN.TV","article_published_time":"2023-07-12T09:49:26+00:00","article_modified_time":"2023-07-12T09:49:30+00:00","og_image":[{"width":1200,"height":492,"url":"https:\/\/www.meydan.tv\/wp-content\/uploads\/untitled-design-2-121-e1689154912406.jpg","type":"image\/jpeg"}],"author":"elli","twitter_card":"summary_large_image","twitter_creator":"@elli","schema":{"@context":"https:\/\/schema.org","@graph":[{"@type":"Article","@id":"https:\/\/www.meydan.tv\/az\/article\/milan-kundera-94-yasinda-vefat-edib\/#article","isPartOf":{"@id":"https:\/\/www.meydan.tv\/az\/article\/milan-kundera-94-yasinda-vefat-edib\/"},"author":{"name":"elli","@id":"https:\/\/www.meydan.tv\/az\/#\/schema\/person\/9cdbecf90d17180ce1dfbd95b08dcf47"},"headline":"Milan Kundera 94 ya\u015f\u0131nda v\u0259fat edib","datePublished":"2023-07-12T09:49:26+00:00","dateModified":"2023-07-12T09:49:30+00:00","mainEntityOfPage":{"@id":"https:\/\/www.meydan.tv\/az\/article\/milan-kundera-94-yasinda-vefat-edib\/"},"wordCount":207,"publisher":{"@id":"https:\/\/www.meydan.tv\/az\/#organization"},"image":{"@id":"https:\/\/www.meydan.tv\/az\/article\/milan-kundera-94-yasinda-vefat-edib\/#primaryimage"},"thumbnailUrl":"https:\/\/www.meydan.tv\/wp-content\/uploads\/untitled-design-2-121-e1689154912406.jpg","articleSection":["M\u0259d\u0259niyy\u0259t","X\u0259b\u0259rl\u0259r"],"inLanguage":"az"},{"@type":"WebPage","@id":"https:\/\/www.meydan.tv\/az\/article\/milan-kundera-94-yasinda-vefat-edib\/","url":"https:\/\/www.meydan.tv\/az\/article\/milan-kundera-94-yasinda-vefat-edib\/","name":"Milan Kundera 94 ya\u015f\u0131nda v\u0259fat edib - MEYDAN.TV","isPartOf":{"@id":"https:\/\/www.meydan.tv\/az\/#website"},"primaryImageOfPage":{"@id":"https:\/\/www.meydan.tv\/az\/article\/milan-kundera-94-yasinda-vefat-edib\/#primaryimage"},"image":{"@id":"https:\/\/www.meydan.tv\/az\/article\/milan-kundera-94-yasinda-vefat-edib\/#primaryimage"},"thumbnailUrl":"https:\/\/www.meydan.tv\/wp-content\/uploads\/untitled-design-2-121-e1689154912406.jpg","datePublished":"2023-07-12T09:49:26+00:00","dateModified":"2023-07-12T09:49:30+00:00","breadcrumb":{"@id":"https:\/\/www.meydan.tv\/az\/article\/milan-kundera-94-yasinda-vefat-edib\/#breadcrumb"},"inLanguage":"az","potentialAction":[{"@type":"ReadAction","target":["https:\/\/www.meydan.tv\/az\/article\/milan-kundera-94-yasinda-vefat-edib\/"]}]},{"@type":"ImageObject","inLanguage":"az","@id":"https:\/\/www.meydan.tv\/az\/article\/milan-kundera-94-yasinda-vefat-edib\/#primaryimage","url":"https:\/\/www.meydan.tv\/wp-content\/uploads\/untitled-design-2-121-e1689154912406.jpg","contentUrl":"https:\/\/www.meydan.tv\/wp-content\/uploads\/untitled-design-2-121-e1689154912406.jpg","width":1200,"height":492,"caption":"Foto: Milan Kundera s\u0259hif\u0259sind\u0259n."},{"@type":"BreadcrumbList","@id":"https:\/\/www.meydan.tv\/az\/article\/milan-kundera-94-yasinda-vefat-edib\/#breadcrumb","itemListElement":[{"@type":"ListItem","position":1,"name":"Ana s\u0259hif\u0259","item":"https:\/\/www.meydan.tv\/az\/"},{"@type":"ListItem","position":2,"name":"M\u0259d\u0259niyy\u0259t","item":"https:\/\/www.meydan.tv\/az\/section\/medeniyyet\/"},{"@type":"ListItem","position":3,"name":"Milan Kundera 94 ya\u015f\u0131nda v\u0259fat edib"}]},{"@type":"WebSite","@id":"https:\/\/www.meydan.tv\/az\/#website","url":"https:\/\/www.meydan.tv\/az\/","name":"MEYDAN.TV","description":"Meydan TV Az\u0259rbaycan\u0131n media m\u0259kan\u0131ndak\u0131 alternativ s\u0259sidir","publisher":{"@id":"https:\/\/www.meydan.tv\/az\/#organization"},"potentialAction":[{"@type":"SearchAction","target":{"@type":"EntryPoint","urlTemplate":"https:\/\/www.meydan.tv\/az\/?s={search_term_string}"},"query-input":{"@type":"PropertyValueSpecification","valueRequired":true,"valueName":"search_term_string"}}],"inLanguage":"az"},{"@type":"Organization","@id":"https:\/\/www.meydan.tv\/az\/#organization","name":"Meydan TV","url":"https:\/\/www.meydan.tv\/az\/","logo":{"@type":"ImageObject","inLanguage":"az","@id":"https:\/\/www.meydan.tv\/az\/#\/schema\/logo\/image\/","url":"https:\/\/www.meydan.tv\/wp-content\/uploads\/2021\/07\/meydan-logo.svg","contentUrl":"https:\/\/www.meydan.tv\/wp-content\/uploads\/2021\/07\/meydan-logo.svg","width":195,"height":46,"caption":"Meydan TV"},"image":{"@id":"https:\/\/www.meydan.tv\/az\/#\/schema\/logo\/image\/"}},{"@type":"Person","@id":"https:\/\/www.meydan.tv\/az\/#\/schema\/person\/9cdbecf90d17180ce1dfbd95b08dcf47","name":"elli","sameAs":["https:\/\/x.com\/elli"]}]}},"_links":{"self":[{"href":"https:\/\/www.meydan.tv\/az\/wp-json\/wp\/v2\/posts\/279597","targetHints":{"allow":["GET"]}}],"collection":[{"href":"https:\/\/www.meydan.tv\/az\/wp-json\/wp\/v2\/posts"}],"about":[{"href":"https:\/\/www.meydan.tv\/az\/wp-json\/wp\/v2\/types\/post"}],"author":[{"embeddable":true,"href":"https:\/\/www.meydan.tv\/az\/wp-json\/wp\/v2\/users\/8"}],"replies":[{"embeddable":true,"href":"https:\/\/www.meydan.tv\/az\/wp-json\/wp\/v2\/comments?post=279597"}],"version-history":[{"count":1,"href":"https:\/\/www.meydan.tv\/az\/wp-json\/wp\/v2\/posts\/279597\/revisions"}],"predecessor-version":[{"id":279603,"href":"https:\/\/www.meydan.tv\/az\/wp-json\/wp\/v2\/posts\/279597\/revisions\/279603"}],"wp:featuredmedia":[{"embeddable":true,"href":"https:\/\/www.meydan.tv\/az\/wp-json\/wp\/v2\/media\/279600"}],"wp:attachment":[{"href":"https:\/\/www.meydan.tv\/az\/wp-json\/wp\/v2\/media?parent=279597"}],"wp:term":[{"taxonomy":"category","embeddable":true,"href":"https:\/\/www.meydan.tv\/az\/wp-json\/wp\/v2\/categories?post=279597"},{"taxonomy":"post_tag","embeddable":true,"href":"https:\/\/www.meydan.tv\/az\/wp-json\/wp\/v2\/tags?post=279597"}],"curies":[{"name":"wp","href":"https:\/\/api.w.org\/{rel}","templated":true}]}}