{"id":279553,"date":"2023-07-11T22:42:04","date_gmt":"2023-07-11T18:42:04","guid":{"rendered":"https:\/\/www.meydan.tv\/?p=279553"},"modified":"2023-07-12T00:57:19","modified_gmt":"2023-07-11T20:57:19","slug":"ilham-eliyevden-soyudlu-aksiyasina-reaksiya-polisleri-mudafie-etdi-etirazi-destekleyenleri-hedeledi","status":"publish","type":"post","link":"https:\/\/www.meydan.tv\/az\/article\/ilham-eliyevden-soyudlu-aksiyasina-reaksiya-polisleri-mudafie-etdi-etirazi-destekleyenleri-hedeledi\/","title":{"rendered":"\u0130lham \u018fliyevd\u0259n S\u00f6y\u00fcdl\u00fc aksiyas\u0131na reaksiya: Polisl\u0259ri m\u00fcdafi\u0259 etdi, etiraz\u0131 d\u0259st\u0259kl\u0259y\u0259nl\u0259ri h\u0259d\u0259l\u0259di&#8230;"},"content":{"rendered":"\n<p><\/p>\n\n\n\n<p><em><strong>\u00d6lk\u0259 ba\u015f\u00e7\u0131s\u0131 bu d\u0259f\u0259 Ekologiya v\u0259 T\u0259bii S\u0259rv\u0259tl\u0259r Nazirliyini h\u0259d\u0259f\u0259 ald\u0131<\/strong><\/em><\/p>\n\n\n\n<p>Prezident \u0130lham \u018fliyev hadis\u0259l\u0259rd\u0259n 20 g\u00fcn sonra G\u0259d\u0259b\u0259y rayonunun S\u00f6y\u00fcdl\u00fc k\u0259ndind\u0259 ba\u015f ver\u0259n etirazlara reaksiya verib.<\/p>\n\n\n\n<p>D\u00f6vl\u0259t ba\u015f\u00e7\u0131s\u0131 iyulun 11-d\u0259 cari ilin 6 ay\u0131n\u0131n sosial-iqtisadi yekunlar\u0131na h\u0259sr olunmu\u015f m\u00fc\u015favir\u0259d\u0259ki <a href=\"https:\/\/president.az\/az\/articles\/view\/60429\" target=\"_blank\" rel=\"noreferrer noopener\">\u00e7\u0131x\u0131\u015f<\/a>\u0131 zaman\u0131 daha \u00e7ox Ekologiya v\u0259 T\u0259bii S\u0259rv\u0259tl\u0259r Nazirliyinin r\u0259hb\u0259rliyini g\u00fcnahland\u0131r\u0131b.<\/p>\n\n\n\n<p>\u0130lham \u018fliyev G\u0259d\u0259b\u0259y rayonundak\u0131 hadis\u0259ni \u201ctamamil\u0259 q\u0259buledilm\u0259z\u201d adland\u0131r\u0131b:<\/p>\n\n\n\n<p><em>&#8220;Hesab edir\u0259m ki, Ekologiya v\u0259 T\u0259bii S\u0259rv\u0259tl\u0259r Nazirliyi \u0259n az\u0131 s\u0259hl\u0259nkarl\u0131\u011fa yol verib, n\u0259zar\u0259tsizlik n\u00fcmayi\u015f etdirib, passiv m\u00fc\u015fahid\u0259\u00e7i kimi \u00e7\u0131x\u0131\u015f edib v\u0259 bunun n\u0259tic\u0259sind\u0259 xarici investor bizim t\u0259bi\u0259timizi z\u0259h\u0259rl\u0259yib&#8221;.<\/em><\/p>\n\n\n\n<p>D\u00f6vl\u0259t ba\u015f\u00e7\u0131s\u0131 S\u00f6y\u00fcdl\u00fc sakinl\u0259rinin haql\u0131 etiraz etdiyini d\u0259 bildirib:<\/p>\n\n\n\n<p><em>&#8220;\u0130nsanlar haql\u0131 olaraq \u00f6z etiraz s\u0259sini ucald\u0131blar, amma onlar\u0131n s\u0259sin\u0259 baxan olub? Yox! Bir g\u00fcn, iki g\u00fcn, \u00fc\u00e7 g\u00fcn, be\u015f g\u00fcn, hara bax\u0131rd\u0131 Ekologiya v\u0259 T\u0259bii S\u0259rv\u0259tl\u0259r Nazirliyi? Bilmirdimi ki, bel\u0259 problem var? Ya bilirdi g\u00f6z\u00fcn\u00fc yumurdu, ya da bilmirdi. H\u0259r ikisi q\u0259bul edil\u0259n deyil\u201d.<\/em><\/p>\n\n\n\n<p><strong>Prezident etiraz\u0131 d\u0259st\u0259kl\u0259y\u0259nl\u0259ri \u201ct\u0259xribat\u00e7\u0131\u201d adland\u0131rd\u0131<\/strong><\/p>\n\n\n\n<p>\u00d6lk\u0259 ba\u015f\u00e7\u0131s\u0131 S\u00f6y\u00fcdl\u00fc sakinl\u0259rinin etirazlar\u0131n\u0131 d\u0259st\u0259kl\u0259y\u0259nl\u0259ri \u201ct\u0259xribat\u00e7\u0131\u201d adland\u0131r\u0131b, onlar\u0131 h\u0259d\u0259l\u0259yib:<\/p>\n\n\n\n<p><em>\u201cD\u00fczd\u00fcr, v\u0259t\u0259nda\u015flar\u0131n bir hiss\u0259si t\u0259xribat\u00e7\u0131lar\u0131n fitn\u0259sin\u0259 uyaraq \u0259d\u0259bsiz h\u0259r\u0259k\u0259tl\u0259r edibl\u0259r, qanunsuz h\u0259r\u0259k\u0259tl\u0259r edibl\u0259r v\u0259 bu da d\u00f6z\u00fclm\u0259zdir, q\u0259buledilm\u0259zdir. O t\u0259xribat\u00e7\u0131lar\u0131n b\u0259zil\u0259ri Az\u0259rbaycanda, b\u0259zil\u0259ri xaricd\u0259 gizl\u0259nir. Az\u0259rbaycandak\u0131lar art\u0131q m\u00fc\u0259yy\u0259n edildi v\u0259 bir ne\u00e7\u0259si m\u0259suliyy\u0259t\u0259 c\u0259lb olundu. Xaricd\u0259kil\u0259ri d\u0259 biz m\u0259suliyy\u0259t\u0259 c\u0259lb ed\u0259c\u0259yik. He\u00e7 kim, nec\u0259 dey\u0259rl\u0259r, fikirl\u0259\u015fm\u0259sin ki, biz bunu unutmu\u015fuq. Az\u0259rbaycanda xaos, \u00f6zba\u015f\u0131nal\u0131q, t\u0259xribat xarakterli add\u0131mlar 1993-c\u00fc ild\u0259 ba\u015fa \u00e7at\u0131b. \u018fg\u0259r kims\u0259 unudubsa, biz xat\u0131rlada bil\u0259rik. Ona g\u00f6r\u0259 v\u0259t\u0259nda\u015flar da h\u0259m m\u0259d\u0259niyy\u0259t g\u00f6st\u0259rm\u0259lidirl\u0259r, nec\u0259 dey\u0259rl\u0259r, m\u0259rif\u0259t g\u00f6st\u0259rm\u0259lidirl\u0259r, qanuna tabe olmal\u0131d\u0131rlar&#8221;.<\/em><\/p>\n\n\n\n<p><strong>Prezident yen\u0259 polisin t\u0259r\u0259fini tutdu<\/strong><\/p>\n\n\n\n<p>Hadis\u0259l\u0259r zaman\u0131 ictimaiyy\u0259tin q\u0131na\u011f\u0131na g\u0259l\u0259n hadis\u0259l\u0259rd\u0259n biri d\u0259 polisin etiraz aksiyas\u0131n\u0131 da\u011f\u0131dark\u0259n qad\u0131nlardan birin\u0259 bib\u0259r qaz\u0131 s\u0131xmas\u0131 <a href=\"https:\/\/www.meydan.tv\/az\/article\/gedebeyde-qizil-medeni-ucun-suni-gol-tikilmesine-etiraz-edenlerle-polis-arasinda-qarsidurma\/\" target=\"_blank\" rel=\"noreferrer noopener\">idi<\/a>.<\/p>\n\n\n\n<p>H\u0259min g\u00f6r\u00fcnt\u00fcl\u0259r sosial mediada g\u00fcnd\u0259min \u0259sas m\u00fczakir\u0259 m\u00f6vzusuna \u00e7evrildi. Dinc etiraz\u00e7\u0131lara qar\u015f\u0131 zorak\u0131l\u0131q g\u00f6st\u0259r\u0259n v\u0259 insanlarla bu c\u00fcr davranan polisl\u0259rin c\u0259zaland\u0131r\u0131lmas\u0131 t\u0259l\u0259bl\u0259ri s\u0259sl\u0259ndirilirdi.<\/p>\n\n\n\n<p>Daxili \u0130\u015fl\u0259r Nazirliyi h\u0259min polisl\u0259rl\u0259 ba\u011fl\u0131 t\u0259dbir g\u00f6r\u00fcl\u0259c\u0259yini a\u00e7\u0131qlasa da, sonradan onlarla yaln\u0131\u015f profilaktik s\u00f6hb\u0259t apar\u0131ld\u0131\u011f\u0131n\u0131 bildirdi.<\/p>\n\n\n<div class=\"wp-block-image\">\n<figure class=\"aligncenter size-large\"><img decoding=\"async\" width=\"1190\" height=\"821\" data-src=\"https:\/\/www.meydan.tv\/wp-content\/uploads\/image-36-1190x821.png\" alt=\"\" class=\"wp-image-278081 lazyload\" src=\"data:image\/svg+xml;base64,PHN2ZyB3aWR0aD0iMSIgaGVpZ2h0PSIxIiB4bWxucz0iaHR0cDovL3d3dy53My5vcmcvMjAwMC9zdmciPjwvc3ZnPg==\" style=\"--smush-placeholder-width: 1190px; --smush-placeholder-aspect-ratio: 1190\/821;\" \/><\/figure>\n<\/div>\n\n\n<p>Sakinl\u0259rin etiraz\u0131n\u0131 haql\u0131 hesab ed\u0259n prezident ictimaiyy\u0259tin q\u0259z\u0259bin\u0259 s\u0259b\u0259b olan bu hadis\u0259y\u0259 reaksiya verm\u0259yib, \u0259ksin\u0259 polisl\u0259ri m\u00fcdafi\u0259 edib. \u0130lham \u018fliyev deyib ki, insanlar polis\u0259 da\u015f atmamal\u0131d\u0131rlar, polis\u0259 da\u015f atmaq he\u00e7 kim\u0259 \u015f\u0259r\u0259f g\u0259tir\u0259n h\u0259r\u0259k\u0259t deyil:<\/p>\n\n\n\n<p><em>&#8220;Bu, birincisi. \u0130kincisi, bu, cinay\u0259tdir. \u018fg\u0259r Az\u0259rbaycan polisi d\u00f6z\u00fcml\u00fcl\u00fck g\u00f6st\u0259rirs\u0259, o dem\u0259k deyil ki, kim ist\u0259yir polis\u0259 da\u015f ata bil\u0259r. Bu, q\u0259tiyy\u0259n m\u00fcmk\u00fcn deyil. M\u0259n h\u0259r k\u0259s\u0259 deyir\u0259m, burada biz kimins\u0259 naz\u0131 il\u0259 oynayas\u0131 deyilik, nec\u0259 laz\u0131md\u0131r, \u0259g\u0259r laz\u0131m bils\u0259k, kimi laz\u0131md\u0131r, el\u0259 c\u0259zaland\u0131rar\u0131q ki, pe\u015fman olar&#8221;.<\/em><\/p>\n\n\n\n<p>Bu, \u0130lham \u018fliyevin polisl\u0259ri m\u00fcdafi\u0259 etm\u0259si il\u0259 ba\u011fl\u0131 ilk a\u00e7\u0131qlamas\u0131 deyil.<\/p>\n\n\n\n<p><strong>Prezident \u00f6z ail\u0259sin\u0259 yax\u0131n \u015firk\u0259ti t\u0259nqid edir?<\/strong><\/p>\n\n\n\n<p>\u00d6lk\u0259 ba\u015f\u00e7\u0131s\u0131 \u0259razid\u0259 i\u015f aparan&nbsp; \u201cAnglo Asian Mining PLC\u201d \u015firk\u0259tinin ad\u0131n\u0131 \u00e7\u0259km\u0259s\u0259 d\u0259, h\u0259d\u0259f\u0259 g\u0259tirib:<\/p>\n\n\n\n<p>&#8220;<em>Ancaq, eyni zamanda, bu hadis\u0259nin t\u0259bii s\u0259b\u0259bi var idi. O da ondan ibar\u0259tdir ki, xarici \u015firk\u0259t buraya pul qazanma\u011fa g\u0259lib. Biz etiraz el\u0259mirik, investisiya qoyubdur, i\u015f yerl\u0259ri yarad\u0131bd\u0131r. \u018flb\u0259tt\u0259, onlar g\u0259lib burada xeyriyy\u0259\u00e7ilikl\u0259 m\u0259\u015f\u011ful olmurlar ki, pul qazanma\u011fa g\u0259libl\u0259r. Amma bu, o dem\u0259k deyil ki, bizim t\u0259bi\u0259timiz m\u0259hv olsun. O dem\u0259k deyil ki, insanlar\u0131n \u00f6r\u00fc\u015f, otlaq sah\u0259l\u0259ri z\u0259bt edilsin. O dem\u0259k deyil ki, he\u00e7 kimd\u0259n icaz\u0259 almadan ikinci tullant\u0131 g\u00f6l\u00fc qursun. Kim onlara icaz\u0259 verib? G\u00f6r\u00fcn\u00fcr, ya Ekologiya v\u0259 T\u0259bii S\u0259rv\u0259tl\u0259r Nazirliyi il\u0259 s\u00f6vd\u0259l\u0259\u015fibl\u0259r, ya da ki, onu \u00f6zba\u015f\u0131na edibl\u0259r, ona g\u00f6r\u0259 ciddi ara\u015fd\u0131r\u0131lmal\u0131d\u0131r. Prokurorlu\u011fa, dig\u0259r aidiyy\u0259ti qurumlara b\u00fct\u00fcn g\u00f6st\u0259ri\u015fl\u0259r verilmi\u015fdir&#8221;.<\/em><\/p>\n\n\n\n<p class=\"has-text-align-center\"><strong><em>Ha\u015fiy\u0259: Meydan TV ara\u015fd\u0131rmas\u0131 il\u0259 s\u00f6z\u00fcged\u0259n \u015firk\u0259tin r\u0259hb\u0259rliyind\u0259 t\u0259msil olunan \u015f\u0259xsl\u0259rin hakim ail\u0259 il\u0259, x\u00fcsusil\u0259 \u0130lham \u018fliyevin xan\u0131m\u0131 Mehriban \u018fliyevan\u0131n \u0259misi Hafiz Pa\u015fayevl\u0259 yax\u0131nl\u0131\u011f\u0131n\u0131 ortaya <a href=\"https:\/\/www.meydan.tv\/az\/article\/soyudludeki-qizil-medeninin-azerbaycan-hakimiyyeti-ile-elaqesi\/\" target=\"_blank\" rel=\"noreferrer noopener\">\u00e7\u0131xar\u0131b.<\/a>&nbsp;<\/em><\/strong><\/p>\n\n\n\n<p>\u0130lham \u018fliyev Ba\u015f nazirin d\u0259 m\u0259suliyy\u0259t da\u015f\u0131d\u0131\u011f\u0131n\u0131 vur\u011fulay\u0131b:<\/p>\n\n\n\n<p><em>&#8220;M\u0259n x\u0259b\u0259r tutandan sonra z\u0259ng edib Ba\u015f nazir\u0259 dedim ki, m\u00fctl\u0259q komissiya yarat v\u0259 g\u00f6nd\u0259r hadis\u0259 yerin\u0259 getsin. Yax\u015f\u0131, bunu m\u0259n dem\u0259li idim? Ekologiya naziri \u00f6z\u00fc bilmirdi ki, oraya getm\u0259lidir. M\u0259n demi\u015f\u0259m, gedin orada camaatla dan\u0131\u015f\u0131n, o torpa\u011f\u0131n, havan\u0131n n\u00fcmun\u0259l\u0259rini g\u00f6t\u00fcr\u00fcn, beyn\u0259lxalq ekspertl\u0259ri c\u0259lb edin ki, &#8211; \u00e7\u00fcnki nazirlik bir halda bu hadis\u0259nin s\u0259b\u0259bkar\u0131 olub, ola bil\u0259r ki, i\u015fi malalas\u0131n, &#8211; onlar r\u0259y versinl\u0259r, bu yataqlar\u0131n istismar\u0131 n\u0259 d\u0259r\u0259c\u0259d\u0259 insanlar\u0131n sa\u011flaml\u0131\u011f\u0131na, t\u0259bi\u0259t\u0259 z\u0259r\u0259rlidir, ya z\u0259r\u0259rli deyil? Bu g\u00fcn\u0259 q\u0259d\u0259r cavab yoxdur. B\u0259li, Nazirl\u0259r Kabinetind\u0259 m\u00fc\u015favir\u0259 ke\u00e7irilib, orada a\u00e7\u0131qlama verilib. O a\u00e7\u0131qlaman\u0131 oxuyan he\u00e7 n\u0259 ba\u015fa d\u00fc\u015f\u0259 bilm\u0259z ki, orada n\u0259 deyilib v\u0259 o a\u00e7\u0131qlaman\u0131n m\u0259qs\u0259di n\u0259 idi? \u0130\u015fi malalamaq, yaxud da ki, hans\u0131sa bel\u0259 \u00fcmumi s\u00f6zl\u0259rl\u0259 bu m\u0259s\u0259l\u0259y\u0259 diqq\u0259t yetirm\u0259k. M\u0259n konkret tap\u015f\u0131r\u0131q vermi\u015fdim, konkret. Han\u0131 ekspertizan\u0131n n\u0259tic\u0259l\u0259ri? N\u0259 q\u0259d\u0259r vaxt ke\u00e7ib? Bir aya yax\u0131n vaxt ke\u00e7ib. He\u00e7 kim m\u0259n\u0259 m\u0259ruz\u0259 etmir &#8211; Nazirl\u0259r Kabineti etmir, Ekologiya v\u0259 T\u0259bii S\u0259rv\u0259tl\u0259r Nazirliyi etmir. Hesab edirl\u0259r ki, m\u0259n bunu unutmu\u015fam. Yox, m\u0259n he\u00e7 n\u0259 unutmuram\u201d.<\/em><\/p>\n\n\n<div class=\"wp-block-image\">\n<figure class=\"aligncenter size-full\"><img decoding=\"async\" width=\"1200\" height=\"728\" data-src=\"https:\/\/www.meydan.tv\/wp-content\/uploads\/1689080817_5f1990aeee1eed56527c7ff077976432.jpg\" alt=\"\" class=\"wp-image-279547 lazyload\" src=\"data:image\/svg+xml;base64,PHN2ZyB3aWR0aD0iMSIgaGVpZ2h0PSIxIiB4bWxucz0iaHR0cDovL3d3dy53My5vcmcvMjAwMC9zdmciPjwvc3ZnPg==\" style=\"--smush-placeholder-width: 1200px; --smush-placeholder-aspect-ratio: 1200\/728;\" \/><\/figure>\n<\/div>\n\n\n<p>Prezident yen\u0259 d\u0259 polisi m\u00fcdafi\u0259 edib, onlara da\u015f atanlar\u0131 q\u0131nay\u0131b:<\/p>\n\n\n\n<p><em>\u201c\u0130ndi yen\u0259 d\u0259 deyir\u0259m, polis\u0259 da\u015f atan utanmal\u0131d\u0131r &#8211; \u00f6z ail\u0259si qaba\u011f\u0131nda, u\u015faqlar\u0131 qaba\u011f\u0131nda, ail\u0259 \u00fczvl\u0259ri qaba\u011f\u0131nda, ictimaiyy\u0259t qaba\u011f\u0131nda. \u00c7\u00fcnki o eyb\u0259c\u0259r m\u0259nz\u0259r\u0259ni ictimaiyy\u0259t g\u00f6r\u00fcb. Ona g\u00f6r\u0259 m\u0259n tap\u015f\u0131r\u0131ram, bir h\u0259ft\u0259 vaxt verir\u0259m, h\u0259m m\u0259n\u0259, h\u0259m ictimaiyy\u0259t\u0259 m\u0259lumat verilm\u0259lidir v\u0259 m\u0259s\u0259l\u0259 ara\u015fd\u0131r\u0131lmal\u0131d\u0131r. Ekologiya v\u0259 T\u0259bii S\u0259rv\u0259tl\u0259r Nazirliyi n\u0259 \u00fc\u00e7\u00fcn bu m\u0259s\u0259l\u0259y\u0259 diqq\u0259t yetirm\u0259yib, bigan\u0259 qal\u0131b v\u0259 m\u0259n tap\u015f\u0131r\u0131q ver\u0259nd\u0259n sonra gedibl\u0259r, g\u0259libl\u0259r, n\u0259tic\u0259 haqq\u0131nda he\u00e7 bir m\u0259lumat yoxdur&#8221;.<\/em><\/p>\n\n\n\n<p><strong>Prezident \u201cAzerGold\u201du t\u0259rifl\u0259di<\/strong><\/p>\n\n\n\n<p><em>&#8220;Burada i\u015fl\u0259y\u0259n xarici \u015firk\u0259tl\u0259r v\u0259 yerli \u015firk\u0259tl\u0259r Az\u0259rbaycan qanunlar\u0131na h\u00f6rm\u0259t etm\u0259lidirl\u0259r. H\u00f6rm\u0259t etm\u0259y\u0259c\u0259kl\u0259rs\u0259, onlar\u0131n f\u0259aliyy\u0259ti burada m\u00fcmk\u00fcns\u00fcz olacaq. Baxmayaraq ki, pay b\u00f6lg\u00fcs\u00fc haqq\u0131nda sazi\u015f \u0259sas\u0131nda xarici investor G\u0259d\u0259b\u0259yd\u0259ki q\u0131z\u0131l yataqlar\u0131n\u0131 istismar edir, baxmayaraq ki, uzun ill\u0259r burada \u00e7al\u0131\u015f\u0131r, Az\u0259rbaycan qanunlar\u0131na, ekoloji tarazl\u0131\u011fa &#8211; b\u00fct\u00fcn bunlara h\u00f6rm\u0259t edilm\u0259lidir. Onu da bildirm\u0259liy\u0259m ki, bizim d\u00f6vl\u0259t \u015firk\u0259timiz \u201cAzerGold\u201d da q\u0131z\u0131l yataqlar\u0131 istismar edir. Amma m\u0259n\u0259 veril\u0259n m\u0259lumata g\u00f6r\u0259, o sah\u0259d\u0259 b\u00fct\u00fcn ekoloji normalara riay\u0259t edilir. O c\u00fcml\u0259d\u0259n, yerli icmalarla t\u0259maslar qurulub, m\u00fcxt\u0259lif humanitar aksiyalar ke\u00e7irilir, insanlar k\u00fctl\u0259vi sur\u0259td\u0259 i\u015f\u0259 c\u0259lb olunub. Bax, bu yana\u015fma Az\u0259rbaycan \u015firk\u0259ti t\u0259r\u0259find\u0259n g\u00f6st\u0259ril\u0259n yana\u015fmad\u0131r. O yana\u015fma is\u0259 xarici \u015firk\u0259t t\u0259r\u0259find\u0259n g\u00f6st\u0259ril\u0259n yana\u015fmad\u0131r. Bu, d\u00f6z\u00fclm\u0259zdir. Xarici \u015firk\u0259tin n\u00fcmay\u0259nd\u0259l\u0259ri d\u0259 d\u0259v\u0259t edilm\u0259lidirl\u0259r. \u018fg\u0259r bu g\u00fcn\u0259 q\u0259d\u0259r d\u0259v\u0259t edilm\u0259yibl\u0259rs\u0259, Nazirl\u0259r Kabinetin\u0259 onlar izahat verm\u0259lidirl\u0259r. Yen\u0259 d\u0259 deyir\u0259m, bir h\u0259ft\u0259 \u0259rzind\u0259 m\u0259n\u0259 v\u0259 ictimaiyy\u0259t\u0259 m\u0259lumat verilm\u0259lidir. Orada t\u0259bi\u0259t\u0259, insanlar\u0131n sa\u011flaml\u0131\u011f\u0131na z\u0259rr\u0259 q\u0259d\u0259r t\u0259hl\u00fck\u0259 varsa, o f\u0259aliyy\u0259t dayand\u0131r\u0131lmal\u0131d\u0131r. V\u0259ssalam!&#8221;,-<\/em>dey\u0259 \u0130lham \u018fliyev \u00e7\u0131x\u0131\u015f\u0131n\u0131 yekunla\u015fd\u0131r\u0131b.<\/p>\n\n\n\n<p class=\"has-text-align-center\"><strong><em>Ha\u015fiy\u0259: M\u00fct\u0259\u015f\u0259kkil Cinay\u0259tkarl\u0131q v\u0259 Korrupsiya il\u0259 M\u00fcbariz\u0259 Jurnalistika Layih\u0259sinin (OCCRP) apard\u0131\u011f\u0131 <a href=\"https:\/\/www.meydan.tv\/az\/article\/birinci-ailenin-qizil-biznesinin-iflasi-arasdirma\" target=\"_blank\" rel=\"noreferrer noopener\">ara\u015fd\u0131rmalarla<\/a>&nbsp;s\u00fcbuta yetirilib ki, \u201cAzerGold\u201dun istismar etdiyi yataqlar\u0131n yerl\u0259\u015fdiyi \u0259razil\u0259rd\u0259 \u0259hali olduqca kas\u0131b v\u0259 imkans\u0131z v\u0259ziyy\u0259td\u0259 ya\u015fay\u0131r.<\/em><\/strong><\/p>\n\n\n\n<p><strong>S\u00f6y\u00fcdl\u00fc hadis\u0259l\u0259ri<\/strong><\/p>\n\n\n\n<p>\u0130yunun 20-d\u0259n G\u0259d\u0259b\u0259y rayonunun S\u00f6y\u00fcdl\u00fc k\u0259ndinin \u0259razisind\u0259 q\u0131z\u0131l yata\u011f\u0131n\u0131n sular\u0131ndan s\u00fcni g\u00f6l\u00fcn yarad\u0131lmas\u0131na etiraz aksiyas\u0131 ba\u015flay\u0131b.<\/p>\n\n\n\n<p>10-dan art\u0131q k\u0259nd sakini v\u0259 hadis\u0259nin t\u0259\u015fkilind\u0259 \u015f\u00fcbh\u0259li bilin\u0259n \u015f\u0259xs saxlan\u0131l\u0131b. Saxlan\u0131lanlar aras\u0131nda narkotik ittiham\u0131 veril\u0259n d\u0259 var.<\/p>\n\n\n\n<p>\u0130yunun 22-d\u0259 G\u0259d\u0259b\u0259yin S\u00f6y\u00fcdl\u00fc k\u0259ndin\u0259 sakinl\u0259rd\u0259n ba\u015fqa \u015f\u0259xsl\u0259rin giri\u015fi m\u0259hdudla\u015fd\u0131r\u0131l\u0131b.<\/p>\n\n\n\n<p>Daxili \u0130\u015fl\u0259r Nazirliyi (D\u0130N) s\u0259b\u0259b kimi ictimai qaydan\u0131n v\u0259 ictimai t\u0259hl\u00fck\u0259sizliyin t\u0259min edilm\u0259sini g\u00f6st\u0259rib.<\/p>\n\n\n\n<p>K\u0259ndin sakinl\u0259ri is\u0259 bildirirl\u0259r ki, \u0259sl s\u0259b\u0259b iyunun 20-21-d\u0259 etdikl\u0259ri etiraz aksiyas\u0131d\u0131r, onlar\u0131 n\u0259zar\u0259td\u0259 saxlamaq ist\u0259yirl\u0259r.<\/p>\n\n\n\n<p>S\u00f6y\u00fcdl\u00fc k\u0259ndinin sakinl\u0259ri iki g\u00fcn ard-arda evl\u0259rinin yax\u0131nl\u0131\u011f\u0131nda q\u0131z\u0131l m\u0259d\u0259nl\u0259ri \u00fc\u00e7\u00fcn ikinci s\u00fcni g\u00f6l\u00fcn sal\u0131nmas\u0131na etiraz edib.<\/p>\n\n\n\n<p>Sakinl\u0259r k\u0259ndl\u0259rind\u0259 ikinci bel\u0259 yarad\u0131lacaq su h\u00f6vz\u0259sinin kimy\u0259vi madd\u0259l\u0259rl\u0259 dolu oldu\u011funu, bunun is\u0259 sa\u011flaml\u0131\u011fa z\u0259r\u0259r vurdu\u011funu bildiribl\u0259r.<\/p>\n\n\n\n<p>Onlar\u0131n s\u00f6zl\u0259rin\u0259 g\u00f6r\u0259, bu su h\u00f6vz\u0259l\u0259ri onlar\u0131n \u0259kin v\u0259 \u00f6r\u00fc\u015f sah\u0259l\u0259rind\u0259 sal\u0131n\u0131r.<\/p>\n\n\n\n<p>Bu da \u0259kin\u0259, meyv\u0259y\u0259, a\u011faclara v\u0259 insanlar\u0131n sa\u011flaml\u0131\u011f\u0131na z\u0259r\u0259r vurur.<\/p>\n\n\n\n<p>S\u00f6y\u00fcdl\u00fc sakinl\u0259ri daha \u00f6nc\u0259 d\u0259 eyni \u015fikay\u0259tl\u0259rl\u0259 etiraz etmi\u015fdil\u0259r.<\/p>\n\n\n\n<p>Sakinl\u0259r bildirirl\u0259r ki, 2012-ci ild\u0259 k\u0259ndl\u0259rinin yax\u0131nl\u0131\u011f\u0131nda q\u0131z\u0131l m\u0259d\u0259ninin tullant\u0131lar\u0131ndan yaranan g\u00f6l sal\u0131n\u0131b.<\/p>\n\n\n\n<p>Onlar bundan sonra ba\u011flar\u0131nda meyv\u0259 qalmad\u0131\u011f\u0131n\u0131, ar\u0131 t\u0259s\u0259rr\u00fcfatlar\u0131n\u0131n da\u011f\u0131ld\u0131\u011f\u0131n\u0131 deyibl\u0259r.<\/p>\n\n\n\n<p>Sakinl\u0259r h\u0259m\u00e7inin g\u00f6l\u00fcn suyunun i\u00e7m\u0259li sulara qar\u0131\u015faca\u011f\u0131ndan ehtiyat edir, bunun n\u0259tic\u0259sind\u0259 yaranacaq x\u0259st\u0259likl\u0259rd\u0259n qorxurlar.<\/p>\n\n\n\n<p>Nazirl\u0259r Kabineti m\u0259s\u0259l\u0259 il\u0259 ba\u011fl\u0131 komissiya yarad\u0131ld\u0131\u011f\u0131n\u0131 deyir.<\/p>\n\n\n\n<p>Komissiya d\u00f6vl\u0259t m\u0259murlar\u0131ndan formala\u015f\u0131b, t\u0259rkibind\u0259 m\u00fcst\u0259qil ekspert yoxdur.<\/p>\n\n\n\n<p><strong>H\u0259bsl\u0259r v\u0259 t\u0259zyiql\u0259r\u2026<\/strong><\/p>\n\n\n\n<p>Hakimiyy\u0259t hadis\u0259y\u0259 t\u0259xribat donu geyindirir, yerli mediada bununla ba\u011fl\u0131 eyni m\u0259zmunlu materiallar d\u0259rc olunur, hadis\u0259ni i\u015f\u0131qland\u0131ran m\u00fcst\u0259qil media h\u0259d\u0259f\u0259 al\u0131n\u0131r.<\/p>\n\n\n\n<p>Nazim B\u0259yd\u0259mirli ba\u015f ver\u0259nl\u0259r\u0259 g\u00f6r\u0259 \u015firk\u0259ti t\u0259nqid etdiyi \u00fc\u00e7\u00fcn h\u00f6kum\u0259t medias\u0131 t\u0259r\u0259find\u0259n h\u0259d\u0259f\u0259 al\u0131n\u0131b.<\/p>\n\n\n\n<p>Buna g\u00f6r\u0259 d\u0259 o, \u201cYeni M\u00fcsavat\u201d sayt\u0131n\u0131, Az\u0259rbaycan D\u00f6vl\u0259t Televiziyas\u0131n\u0131 v\u0259 deputat Elman N\u0259sirova qar\u015f\u0131 m\u0259hk\u0259m\u0259 iddias\u0131 qald\u0131r\u0131b.<\/p>\n\n\n\n<p>\u0130yulun 4-d\u0259 is\u0259 Nazim B\u0259yd\u0259mirli Daxili \u0130\u015fl\u0259r Nazirliyinin (D\u0130N) Ba\u015f M\u00fct\u0259\u015f\u0259kkil Cinay\u0259tkarl\u0131qla M\u00fcbariz\u0259 \u0130dar\u0259sind\u0259 (\u201cbandotdel\u201d) \u015f\u00fcbh\u0259li \u015f\u0259xs qismind\u0259 saxlan\u0131l\u0131b.<\/p>\n\n\n\n<p>\u0130yulun 5-d\u0259 N\u0259rimanov Rayon M\u0259hk\u0259m\u0259si onun bar\u0259sind\u0259 4 ay h\u0259bs-q\u0259timkan t\u0259dbiri se\u00e7ib.<\/p>\n\n\n\n<p>D\u0130N Nazim B\u0259yd\u0259mirlinin s\u0259hmdar\u0131 oldu\u011fu \u015firk\u0259td\u0259n pul t\u0259l\u0259b etm\u0259 ittiham\u0131yla saxlan\u0131ld\u0131\u011f\u0131 iddia ets\u0259 d\u0259, sabiq deputat deyib ki, onu S\u00f6y\u00fcdl\u00fc k\u0259ndind\u0259 ba\u015f vermi\u015f etirazlara g\u00f6r\u0259 saxlay\u0131blar.<\/p>\n\n\n\n<p>Bundan ba\u015fqa, N\u0130DA V\u0259t\u0259nda\u015f H\u0259r\u0259kat\u0131n\u0131n \u0130dar\u0259 Hey\u0259tinin \u00fczv\u00fc Elmir Abbasov v\u0259 ke\u00e7mi\u015f \u201cheyk\u0259l m\u0259hbusu\u201d Qiyas \u0130brahimov da S\u00f6y\u00fcdl\u00fc hadis\u0259l\u0259ri zaman\u0131 sosial \u015f\u0259b\u0259k\u0259l\u0259rd\u0259 yazd\u0131qlar\u0131 statuslara g\u00f6r\u0259 inzibati qaydada h\u0259bs edilib.<\/p>\n","protected":false},"excerpt":{"rendered":"<p>\u00d6lk\u0259 ba\u015f\u00e7\u0131s\u0131 bu d\u0259f\u0259 Ekologiya v\u0259 T\u0259bii S\u0259rv\u0259tl\u0259r Nazirliyini h\u0259d\u0259f\u0259 &#8230; <\/p>\n<p class=\"read-more-container\"><a title=\"\u0130lham \u018fliyevd\u0259n S\u00f6y\u00fcdl\u00fc aksiyas\u0131na reaksiya: Polisl\u0259ri m\u00fcdafi\u0259 etdi, etiraz\u0131 d\u0259st\u0259kl\u0259y\u0259nl\u0259ri h\u0259d\u0259l\u0259di&#8230;\" class=\"read-more button\" href=\"https:\/\/www.meydan.tv\/az\/article\/ilham-eliyevden-soyudlu-aksiyasina-reaksiya-polisleri-mudafie-etdi-etirazi-destekleyenleri-hedeledi\/#more-279553\" aria-label=\"Read more about \u0130lham \u018fliyevd\u0259n S\u00f6y\u00fcdl\u00fc aksiyas\u0131na reaksiya: Polisl\u0259ri m\u00fcdafi\u0259 etdi, etiraz\u0131 d\u0259st\u0259kl\u0259y\u0259nl\u0259ri h\u0259d\u0259l\u0259di&#8230;\">Davam\u0131<\/a><\/p>\n","protected":false},"author":8,"featured_media":279559,"comment_status":"closed","ping_status":"closed","sticky":false,"template":"","format":"standard","meta":{"_acf_changed":false,"_sitemap_exclude":false,"_sitemap_priority":"","_sitemap_frequency":"","footnotes":""},"categories":[59,79,56],"tags":[],"class_list":["post-279553","post","type-post","status-publish","format-standard","has-post-thumbnail","hentry","category-siyaset","category-featured","category-xeberler","infinite-scroll-item","generate-columns","tablet-grid-50","mobile-grid-100","grid-parent","grid-33","no-featured-image-padding"],"acf":[],"yoast_head":"<!-- This site is optimized with the Yoast SEO plugin v27.4 - https:\/\/yoast.com\/product\/yoast-seo-wordpress\/ -->\n<title>\u0130lham \u018fliyevd\u0259n S\u00f6y\u00fcdl\u00fc aksiyas\u0131na reaksiya: Polisl\u0259ri m\u00fcdafi\u0259 etdi, etiraz\u0131 d\u0259st\u0259kl\u0259y\u0259nl\u0259ri h\u0259d\u0259l\u0259di... - MEYDAN.TV<\/title>\n<meta name=\"robots\" content=\"index, follow, max-snippet:-1, max-image-preview:large, max-video-preview:-1\" \/>\n<link rel=\"canonical\" href=\"https:\/\/www.meydan.tv\/az\/article\/ilham-eliyevden-soyudlu-aksiyasina-reaksiya-polisleri-mudafie-etdi-etirazi-destekleyenleri-hedeledi\/\" \/>\n<meta property=\"og:locale\" content=\"az_AZ\" \/>\n<meta property=\"og:type\" content=\"article\" \/>\n<meta property=\"og:title\" content=\"\u0130lham \u018fliyevd\u0259n S\u00f6y\u00fcdl\u00fc aksiyas\u0131na reaksiya: Polisl\u0259ri m\u00fcdafi\u0259 etdi, etiraz\u0131 d\u0259st\u0259kl\u0259y\u0259nl\u0259ri h\u0259d\u0259l\u0259di... - MEYDAN.TV\" \/>\n<meta property=\"og:description\" content=\"\u00d6lk\u0259 ba\u015f\u00e7\u0131s\u0131 bu d\u0259f\u0259 Ekologiya v\u0259 T\u0259bii S\u0259rv\u0259tl\u0259r Nazirliyini h\u0259d\u0259f\u0259 ... Davam\u0131\" \/>\n<meta property=\"og:url\" content=\"https:\/\/www.meydan.tv\/az\/article\/ilham-eliyevden-soyudlu-aksiyasina-reaksiya-polisleri-mudafie-etdi-etirazi-destekleyenleri-hedeledi\/\" \/>\n<meta property=\"og:site_name\" content=\"MEYDAN.TV\" \/>\n<meta property=\"article:published_time\" content=\"2023-07-11T18:42:04+00:00\" \/>\n<meta property=\"article:modified_time\" content=\"2023-07-11T20:57:19+00:00\" \/>\n<meta property=\"og:image\" content=\"https:\/\/www.meydan.tv\/wp-content\/uploads\/1689080815_8818afdfdeb67d3242a39e60e8a94c69.jpg\" \/>\n\t<meta property=\"og:image:width\" content=\"1340\" \/>\n\t<meta property=\"og:image:height\" content=\"912\" \/>\n\t<meta property=\"og:image:type\" content=\"image\/jpeg\" \/>\n<meta name=\"author\" content=\"elli\" \/>\n<meta name=\"twitter:card\" content=\"summary_large_image\" \/>\n<meta name=\"twitter:creator\" content=\"@elli\" \/>\n<script type=\"application\/ld+json\" class=\"yoast-schema-graph\">{\"@context\":\"https:\\\/\\\/schema.org\",\"@graph\":[{\"@type\":\"Article\",\"@id\":\"https:\\\/\\\/www.meydan.tv\\\/az\\\/article\\\/ilham-eliyevden-soyudlu-aksiyasina-reaksiya-polisleri-mudafie-etdi-etirazi-destekleyenleri-hedeledi\\\/#article\",\"isPartOf\":{\"@id\":\"https:\\\/\\\/www.meydan.tv\\\/az\\\/article\\\/ilham-eliyevden-soyudlu-aksiyasina-reaksiya-polisleri-mudafie-etdi-etirazi-destekleyenleri-hedeledi\\\/\"},\"author\":{\"name\":\"elli\",\"@id\":\"https:\\\/\\\/www.meydan.tv\\\/az\\\/#\\\/schema\\\/person\\\/9cdbecf90d17180ce1dfbd95b08dcf47\"},\"headline\":\"\u0130lham \u018fliyevd\u0259n S\u00f6y\u00fcdl\u00fc aksiyas\u0131na reaksiya: Polisl\u0259ri m\u00fcdafi\u0259 etdi, etiraz\u0131 d\u0259st\u0259kl\u0259y\u0259nl\u0259ri h\u0259d\u0259l\u0259di&#8230;\",\"datePublished\":\"2023-07-11T18:42:04+00:00\",\"dateModified\":\"2023-07-11T20:57:19+00:00\",\"mainEntityOfPage\":{\"@id\":\"https:\\\/\\\/www.meydan.tv\\\/az\\\/article\\\/ilham-eliyevden-soyudlu-aksiyasina-reaksiya-polisleri-mudafie-etdi-etirazi-destekleyenleri-hedeledi\\\/\"},\"wordCount\":2360,\"publisher\":{\"@id\":\"https:\\\/\\\/www.meydan.tv\\\/az\\\/#organization\"},\"image\":{\"@id\":\"https:\\\/\\\/www.meydan.tv\\\/az\\\/article\\\/ilham-eliyevden-soyudlu-aksiyasina-reaksiya-polisleri-mudafie-etdi-etirazi-destekleyenleri-hedeledi\\\/#primaryimage\"},\"thumbnailUrl\":\"https:\\\/\\\/www.meydan.tv\\\/wp-content\\\/uploads\\\/1689080815_8818afdfdeb67d3242a39e60e8a94c69.jpg\",\"articleSection\":[\"Siyas\u0259t\",\"T\u00f6vsiy\u0259\",\"X\u0259b\u0259rl\u0259r\"],\"inLanguage\":\"az\"},{\"@type\":\"WebPage\",\"@id\":\"https:\\\/\\\/www.meydan.tv\\\/az\\\/article\\\/ilham-eliyevden-soyudlu-aksiyasina-reaksiya-polisleri-mudafie-etdi-etirazi-destekleyenleri-hedeledi\\\/\",\"url\":\"https:\\\/\\\/www.meydan.tv\\\/az\\\/article\\\/ilham-eliyevden-soyudlu-aksiyasina-reaksiya-polisleri-mudafie-etdi-etirazi-destekleyenleri-hedeledi\\\/\",\"name\":\"\u0130lham \u018fliyevd\u0259n S\u00f6y\u00fcdl\u00fc aksiyas\u0131na reaksiya: Polisl\u0259ri m\u00fcdafi\u0259 etdi, etiraz\u0131 d\u0259st\u0259kl\u0259y\u0259nl\u0259ri h\u0259d\u0259l\u0259di... - MEYDAN.TV\",\"isPartOf\":{\"@id\":\"https:\\\/\\\/www.meydan.tv\\\/az\\\/#website\"},\"primaryImageOfPage\":{\"@id\":\"https:\\\/\\\/www.meydan.tv\\\/az\\\/article\\\/ilham-eliyevden-soyudlu-aksiyasina-reaksiya-polisleri-mudafie-etdi-etirazi-destekleyenleri-hedeledi\\\/#primaryimage\"},\"image\":{\"@id\":\"https:\\\/\\\/www.meydan.tv\\\/az\\\/article\\\/ilham-eliyevden-soyudlu-aksiyasina-reaksiya-polisleri-mudafie-etdi-etirazi-destekleyenleri-hedeledi\\\/#primaryimage\"},\"thumbnailUrl\":\"https:\\\/\\\/www.meydan.tv\\\/wp-content\\\/uploads\\\/1689080815_8818afdfdeb67d3242a39e60e8a94c69.jpg\",\"datePublished\":\"2023-07-11T18:42:04+00:00\",\"dateModified\":\"2023-07-11T20:57:19+00:00\",\"breadcrumb\":{\"@id\":\"https:\\\/\\\/www.meydan.tv\\\/az\\\/article\\\/ilham-eliyevden-soyudlu-aksiyasina-reaksiya-polisleri-mudafie-etdi-etirazi-destekleyenleri-hedeledi\\\/#breadcrumb\"},\"inLanguage\":\"az\",\"potentialAction\":[{\"@type\":\"ReadAction\",\"target\":[\"https:\\\/\\\/www.meydan.tv\\\/az\\\/article\\\/ilham-eliyevden-soyudlu-aksiyasina-reaksiya-polisleri-mudafie-etdi-etirazi-destekleyenleri-hedeledi\\\/\"]}]},{\"@type\":\"ImageObject\",\"inLanguage\":\"az\",\"@id\":\"https:\\\/\\\/www.meydan.tv\\\/az\\\/article\\\/ilham-eliyevden-soyudlu-aksiyasina-reaksiya-polisleri-mudafie-etdi-etirazi-destekleyenleri-hedeledi\\\/#primaryimage\",\"url\":\"https:\\\/\\\/www.meydan.tv\\\/wp-content\\\/uploads\\\/1689080815_8818afdfdeb67d3242a39e60e8a94c69.jpg\",\"contentUrl\":\"https:\\\/\\\/www.meydan.tv\\\/wp-content\\\/uploads\\\/1689080815_8818afdfdeb67d3242a39e60e8a94c69.jpg\",\"width\":1340,\"height\":912,\"caption\":\"Fotolar: president.az\"},{\"@type\":\"BreadcrumbList\",\"@id\":\"https:\\\/\\\/www.meydan.tv\\\/az\\\/article\\\/ilham-eliyevden-soyudlu-aksiyasina-reaksiya-polisleri-mudafie-etdi-etirazi-destekleyenleri-hedeledi\\\/#breadcrumb\",\"itemListElement\":[{\"@type\":\"ListItem\",\"position\":1,\"name\":\"Ana s\u0259hif\u0259\",\"item\":\"https:\\\/\\\/www.meydan.tv\\\/az\\\/\"},{\"@type\":\"ListItem\",\"position\":2,\"name\":\"Siyas\u0259t\",\"item\":\"https:\\\/\\\/www.meydan.tv\\\/az\\\/section\\\/siyaset\\\/\"},{\"@type\":\"ListItem\",\"position\":3,\"name\":\"\u0130lham \u018fliyevd\u0259n S\u00f6y\u00fcdl\u00fc aksiyas\u0131na reaksiya: Polisl\u0259ri m\u00fcdafi\u0259 etdi, etiraz\u0131 d\u0259st\u0259kl\u0259y\u0259nl\u0259ri h\u0259d\u0259l\u0259di&#8230;\"}]},{\"@type\":\"WebSite\",\"@id\":\"https:\\\/\\\/www.meydan.tv\\\/az\\\/#website\",\"url\":\"https:\\\/\\\/www.meydan.tv\\\/az\\\/\",\"name\":\"MEYDAN.TV\",\"description\":\"Meydan TV Az\u0259rbaycan\u0131n media m\u0259kan\u0131ndak\u0131 alternativ s\u0259sidir\",\"publisher\":{\"@id\":\"https:\\\/\\\/www.meydan.tv\\\/az\\\/#organization\"},\"potentialAction\":[{\"@type\":\"SearchAction\",\"target\":{\"@type\":\"EntryPoint\",\"urlTemplate\":\"https:\\\/\\\/www.meydan.tv\\\/az\\\/?s={search_term_string}\"},\"query-input\":{\"@type\":\"PropertyValueSpecification\",\"valueRequired\":true,\"valueName\":\"search_term_string\"}}],\"inLanguage\":\"az\"},{\"@type\":\"Organization\",\"@id\":\"https:\\\/\\\/www.meydan.tv\\\/az\\\/#organization\",\"name\":\"Meydan TV\",\"url\":\"https:\\\/\\\/www.meydan.tv\\\/az\\\/\",\"logo\":{\"@type\":\"ImageObject\",\"inLanguage\":\"az\",\"@id\":\"https:\\\/\\\/www.meydan.tv\\\/az\\\/#\\\/schema\\\/logo\\\/image\\\/\",\"url\":\"https:\\\/\\\/www.meydan.tv\\\/wp-content\\\/uploads\\\/2021\\\/07\\\/meydan-logo.svg\",\"contentUrl\":\"https:\\\/\\\/www.meydan.tv\\\/wp-content\\\/uploads\\\/2021\\\/07\\\/meydan-logo.svg\",\"width\":195,\"height\":46,\"caption\":\"Meydan TV\"},\"image\":{\"@id\":\"https:\\\/\\\/www.meydan.tv\\\/az\\\/#\\\/schema\\\/logo\\\/image\\\/\"}},{\"@type\":\"Person\",\"@id\":\"https:\\\/\\\/www.meydan.tv\\\/az\\\/#\\\/schema\\\/person\\\/9cdbecf90d17180ce1dfbd95b08dcf47\",\"name\":\"elli\",\"sameAs\":[\"https:\\\/\\\/x.com\\\/elli\"]}]}<\/script>\n<!-- \/ Yoast SEO plugin. -->","yoast_head_json":{"title":"\u0130lham \u018fliyevd\u0259n S\u00f6y\u00fcdl\u00fc aksiyas\u0131na reaksiya: Polisl\u0259ri m\u00fcdafi\u0259 etdi, etiraz\u0131 d\u0259st\u0259kl\u0259y\u0259nl\u0259ri h\u0259d\u0259l\u0259di... - MEYDAN.TV","robots":{"index":"index","follow":"follow","max-snippet":"max-snippet:-1","max-image-preview":"max-image-preview:large","max-video-preview":"max-video-preview:-1"},"canonical":"https:\/\/www.meydan.tv\/az\/article\/ilham-eliyevden-soyudlu-aksiyasina-reaksiya-polisleri-mudafie-etdi-etirazi-destekleyenleri-hedeledi\/","og_locale":"az_AZ","og_type":"article","og_title":"\u0130lham \u018fliyevd\u0259n S\u00f6y\u00fcdl\u00fc aksiyas\u0131na reaksiya: Polisl\u0259ri m\u00fcdafi\u0259 etdi, etiraz\u0131 d\u0259st\u0259kl\u0259y\u0259nl\u0259ri h\u0259d\u0259l\u0259di... - MEYDAN.TV","og_description":"\u00d6lk\u0259 ba\u015f\u00e7\u0131s\u0131 bu d\u0259f\u0259 Ekologiya v\u0259 T\u0259bii S\u0259rv\u0259tl\u0259r Nazirliyini h\u0259d\u0259f\u0259 ... Davam\u0131","og_url":"https:\/\/www.meydan.tv\/az\/article\/ilham-eliyevden-soyudlu-aksiyasina-reaksiya-polisleri-mudafie-etdi-etirazi-destekleyenleri-hedeledi\/","og_site_name":"MEYDAN.TV","article_published_time":"2023-07-11T18:42:04+00:00","article_modified_time":"2023-07-11T20:57:19+00:00","og_image":[{"width":1340,"height":912,"url":"https:\/\/www.meydan.tv\/wp-content\/uploads\/1689080815_8818afdfdeb67d3242a39e60e8a94c69.jpg","type":"image\/jpeg"}],"author":"elli","twitter_card":"summary_large_image","twitter_creator":"@elli","schema":{"@context":"https:\/\/schema.org","@graph":[{"@type":"Article","@id":"https:\/\/www.meydan.tv\/az\/article\/ilham-eliyevden-soyudlu-aksiyasina-reaksiya-polisleri-mudafie-etdi-etirazi-destekleyenleri-hedeledi\/#article","isPartOf":{"@id":"https:\/\/www.meydan.tv\/az\/article\/ilham-eliyevden-soyudlu-aksiyasina-reaksiya-polisleri-mudafie-etdi-etirazi-destekleyenleri-hedeledi\/"},"author":{"name":"elli","@id":"https:\/\/www.meydan.tv\/az\/#\/schema\/person\/9cdbecf90d17180ce1dfbd95b08dcf47"},"headline":"\u0130lham \u018fliyevd\u0259n S\u00f6y\u00fcdl\u00fc aksiyas\u0131na reaksiya: Polisl\u0259ri m\u00fcdafi\u0259 etdi, etiraz\u0131 d\u0259st\u0259kl\u0259y\u0259nl\u0259ri h\u0259d\u0259l\u0259di&#8230;","datePublished":"2023-07-11T18:42:04+00:00","dateModified":"2023-07-11T20:57:19+00:00","mainEntityOfPage":{"@id":"https:\/\/www.meydan.tv\/az\/article\/ilham-eliyevden-soyudlu-aksiyasina-reaksiya-polisleri-mudafie-etdi-etirazi-destekleyenleri-hedeledi\/"},"wordCount":2360,"publisher":{"@id":"https:\/\/www.meydan.tv\/az\/#organization"},"image":{"@id":"https:\/\/www.meydan.tv\/az\/article\/ilham-eliyevden-soyudlu-aksiyasina-reaksiya-polisleri-mudafie-etdi-etirazi-destekleyenleri-hedeledi\/#primaryimage"},"thumbnailUrl":"https:\/\/www.meydan.tv\/wp-content\/uploads\/1689080815_8818afdfdeb67d3242a39e60e8a94c69.jpg","articleSection":["Siyas\u0259t","T\u00f6vsiy\u0259","X\u0259b\u0259rl\u0259r"],"inLanguage":"az"},{"@type":"WebPage","@id":"https:\/\/www.meydan.tv\/az\/article\/ilham-eliyevden-soyudlu-aksiyasina-reaksiya-polisleri-mudafie-etdi-etirazi-destekleyenleri-hedeledi\/","url":"https:\/\/www.meydan.tv\/az\/article\/ilham-eliyevden-soyudlu-aksiyasina-reaksiya-polisleri-mudafie-etdi-etirazi-destekleyenleri-hedeledi\/","name":"\u0130lham \u018fliyevd\u0259n S\u00f6y\u00fcdl\u00fc aksiyas\u0131na reaksiya: Polisl\u0259ri m\u00fcdafi\u0259 etdi, etiraz\u0131 d\u0259st\u0259kl\u0259y\u0259nl\u0259ri h\u0259d\u0259l\u0259di... - MEYDAN.TV","isPartOf":{"@id":"https:\/\/www.meydan.tv\/az\/#website"},"primaryImageOfPage":{"@id":"https:\/\/www.meydan.tv\/az\/article\/ilham-eliyevden-soyudlu-aksiyasina-reaksiya-polisleri-mudafie-etdi-etirazi-destekleyenleri-hedeledi\/#primaryimage"},"image":{"@id":"https:\/\/www.meydan.tv\/az\/article\/ilham-eliyevden-soyudlu-aksiyasina-reaksiya-polisleri-mudafie-etdi-etirazi-destekleyenleri-hedeledi\/#primaryimage"},"thumbnailUrl":"https:\/\/www.meydan.tv\/wp-content\/uploads\/1689080815_8818afdfdeb67d3242a39e60e8a94c69.jpg","datePublished":"2023-07-11T18:42:04+00:00","dateModified":"2023-07-11T20:57:19+00:00","breadcrumb":{"@id":"https:\/\/www.meydan.tv\/az\/article\/ilham-eliyevden-soyudlu-aksiyasina-reaksiya-polisleri-mudafie-etdi-etirazi-destekleyenleri-hedeledi\/#breadcrumb"},"inLanguage":"az","potentialAction":[{"@type":"ReadAction","target":["https:\/\/www.meydan.tv\/az\/article\/ilham-eliyevden-soyudlu-aksiyasina-reaksiya-polisleri-mudafie-etdi-etirazi-destekleyenleri-hedeledi\/"]}]},{"@type":"ImageObject","inLanguage":"az","@id":"https:\/\/www.meydan.tv\/az\/article\/ilham-eliyevden-soyudlu-aksiyasina-reaksiya-polisleri-mudafie-etdi-etirazi-destekleyenleri-hedeledi\/#primaryimage","url":"https:\/\/www.meydan.tv\/wp-content\/uploads\/1689080815_8818afdfdeb67d3242a39e60e8a94c69.jpg","contentUrl":"https:\/\/www.meydan.tv\/wp-content\/uploads\/1689080815_8818afdfdeb67d3242a39e60e8a94c69.jpg","width":1340,"height":912,"caption":"Fotolar: president.az"},{"@type":"BreadcrumbList","@id":"https:\/\/www.meydan.tv\/az\/article\/ilham-eliyevden-soyudlu-aksiyasina-reaksiya-polisleri-mudafie-etdi-etirazi-destekleyenleri-hedeledi\/#breadcrumb","itemListElement":[{"@type":"ListItem","position":1,"name":"Ana s\u0259hif\u0259","item":"https:\/\/www.meydan.tv\/az\/"},{"@type":"ListItem","position":2,"name":"Siyas\u0259t","item":"https:\/\/www.meydan.tv\/az\/section\/siyaset\/"},{"@type":"ListItem","position":3,"name":"\u0130lham \u018fliyevd\u0259n S\u00f6y\u00fcdl\u00fc aksiyas\u0131na reaksiya: Polisl\u0259ri m\u00fcdafi\u0259 etdi, etiraz\u0131 d\u0259st\u0259kl\u0259y\u0259nl\u0259ri h\u0259d\u0259l\u0259di&#8230;"}]},{"@type":"WebSite","@id":"https:\/\/www.meydan.tv\/az\/#website","url":"https:\/\/www.meydan.tv\/az\/","name":"MEYDAN.TV","description":"Meydan TV Az\u0259rbaycan\u0131n media m\u0259kan\u0131ndak\u0131 alternativ s\u0259sidir","publisher":{"@id":"https:\/\/www.meydan.tv\/az\/#organization"},"potentialAction":[{"@type":"SearchAction","target":{"@type":"EntryPoint","urlTemplate":"https:\/\/www.meydan.tv\/az\/?s={search_term_string}"},"query-input":{"@type":"PropertyValueSpecification","valueRequired":true,"valueName":"search_term_string"}}],"inLanguage":"az"},{"@type":"Organization","@id":"https:\/\/www.meydan.tv\/az\/#organization","name":"Meydan TV","url":"https:\/\/www.meydan.tv\/az\/","logo":{"@type":"ImageObject","inLanguage":"az","@id":"https:\/\/www.meydan.tv\/az\/#\/schema\/logo\/image\/","url":"https:\/\/www.meydan.tv\/wp-content\/uploads\/2021\/07\/meydan-logo.svg","contentUrl":"https:\/\/www.meydan.tv\/wp-content\/uploads\/2021\/07\/meydan-logo.svg","width":195,"height":46,"caption":"Meydan TV"},"image":{"@id":"https:\/\/www.meydan.tv\/az\/#\/schema\/logo\/image\/"}},{"@type":"Person","@id":"https:\/\/www.meydan.tv\/az\/#\/schema\/person\/9cdbecf90d17180ce1dfbd95b08dcf47","name":"elli","sameAs":["https:\/\/x.com\/elli"]}]}},"_links":{"self":[{"href":"https:\/\/www.meydan.tv\/az\/wp-json\/wp\/v2\/posts\/279553","targetHints":{"allow":["GET"]}}],"collection":[{"href":"https:\/\/www.meydan.tv\/az\/wp-json\/wp\/v2\/posts"}],"about":[{"href":"https:\/\/www.meydan.tv\/az\/wp-json\/wp\/v2\/types\/post"}],"author":[{"embeddable":true,"href":"https:\/\/www.meydan.tv\/az\/wp-json\/wp\/v2\/users\/8"}],"replies":[{"embeddable":true,"href":"https:\/\/www.meydan.tv\/az\/wp-json\/wp\/v2\/comments?post=279553"}],"version-history":[{"count":2,"href":"https:\/\/www.meydan.tv\/az\/wp-json\/wp\/v2\/posts\/279553\/revisions"}],"predecessor-version":[{"id":279555,"href":"https:\/\/www.meydan.tv\/az\/wp-json\/wp\/v2\/posts\/279553\/revisions\/279555"}],"wp:featuredmedia":[{"embeddable":true,"href":"https:\/\/www.meydan.tv\/az\/wp-json\/wp\/v2\/media\/279559"}],"wp:attachment":[{"href":"https:\/\/www.meydan.tv\/az\/wp-json\/wp\/v2\/media?parent=279553"}],"wp:term":[{"taxonomy":"category","embeddable":true,"href":"https:\/\/www.meydan.tv\/az\/wp-json\/wp\/v2\/categories?post=279553"},{"taxonomy":"post_tag","embeddable":true,"href":"https:\/\/www.meydan.tv\/az\/wp-json\/wp\/v2\/tags?post=279553"}],"curies":[{"name":"wp","href":"https:\/\/api.w.org\/{rel}","templated":true}]}}