{"id":279462,"date":"2023-07-11T12:26:03","date_gmt":"2023-07-11T08:26:03","guid":{"rendered":"https:\/\/www.meydan.tv\/?p=279462"},"modified":"2023-07-14T12:09:18","modified_gmt":"2023-07-14T08:09:18","slug":"bqxk-avtomobillerinin-lacindan-kecidi-dayandirilib","status":"publish","type":"post","link":"https:\/\/www.meydan.tv\/az\/article\/bqxk-avtomobillerinin-lacindan-kecidi-dayandirilib\/","title":{"rendered":"BQXK avtomobill\u0259rinin La\u00e7\u0131ndan ke\u00e7idi dayand\u0131r\u0131l\u0131b (yenil\u0259nib)"},"content":{"rendered":"\n<p><\/p>\n\n\n\n<p><\/p>\n\n\n\n<p><strong>Beyn\u0259lxalq Q\u0131rm\u0131z\u0131 Xa\u00e7 Komit\u0259si Az\u0259rbaycan ittihamlar\u0131ndan x\u0259b\u0259rdar oldu\u011funu a\u00e7\u0131qlay\u0131b.<\/strong><\/p>\n\n\n\n<p><strong>Bu bar\u0259d\u0259 komit\u0259nin yayd\u0131\u011f\u0131 b\u0259yanatda qeyd <a href=\"https:\/\/armenpress.am\/rus\/news\/1115182.html\" target=\"_blank\" rel=\"noreferrer noopener\">olunur.<\/a><\/strong><\/p>\n\n\n\n<p><strong>Bildirilir ki, BQXK-ya m\u0259xsus avtomobill\u0259rin he\u00e7 birind\u0259 icaz\u0259siz \u0259\u015fya a\u015fkar edilm\u0259yib:<\/strong><\/p>\n\n\n\n<p>&#8220;<em>Da\u015f\u0131nan b\u00fct\u00fcn mallar Az\u0259rbaycan Respublikas\u0131 t\u0259r\u0259find\u0259n g\u00f6mr\u00fck yoxlamas\u0131ndan ke\u00e7ir&#8221;.<\/em><\/p>\n\n\n\n<p><strong>Komit\u0259 t\u0259\u0259ss\u00fcfl\u0259nib ki, onlardan x\u0259b\u0259rsiz 4 muzdlu s\u00fcr\u00fcc\u00fc m\u00fcv\u0259qq\u0259ti olaraq BQXK-n\u0131n loqosu olan \u015f\u0259xsi avtomobill\u0259ri il\u0259 ticar\u0259t mallar\u0131n\u0131 qa\u00e7aqmal\u00e7\u0131l\u0131q yolu il\u0259 ke\u00e7irm\u0259y\u0259 c\u0259hd edibl\u0259r:<\/strong><\/p>\n\n\n\n<p>&#8220;<em>H\u0259min \u015f\u0259xsl\u0259r BQXK-n\u0131n i\u015f\u00e7il\u0259ri olmay\u0131blar v\u0259 onlarla ba\u011flanm\u0131\u015f xidm\u0259t m\u00fcqavil\u0259l\u0259rin\u0259 d\u0259rhal xitam verilib. La\u00e7\u0131n d\u0259hlizind\u0259 i\u015fimiz h\u0259mi\u015f\u0259 v\u0259 m\u00fcst\u0259sna olaraq humanitar xarakter da\u015f\u0131y\u0131r. Bu h\u0259yati vacib i\u015fin t\u0259rkib hiss\u0259si kimi 600-d\u0259n \u00e7ox x\u0259st\u0259 t\u0259cili tibbi yard\u0131m \u00fc\u00e7\u00fcn Erm\u0259nistana g\u0259tirilib, yerli tibb m\u00fc\u0259ssis\u0259l\u0259rin\u0259 v\u0259 ail\u0259l\u0259r\u0259 d\u0259rman, qida, u\u015faq qidas\u0131 v\u0259 dig\u0259r z\u0259ruri mallar verilib&#8221;.<\/em><\/p>\n\n\n\n<hr class=\"wp-block-separator has-alpha-channel-opacity\"\/>\n\n\n\n<p><\/p>\n\n\n\n<p><strong><em>DSX humanitar t\u0259\u015fkilat\u0131 Az\u0259rbaycan qanunlar\u0131n\u0131 pozmaqda g\u00fcnahland\u0131r\u0131b<\/em><\/strong><\/p>\n\n\n\n<p>Beyn\u0259lxalq Q\u0131rm\u0131z\u0131 Xa\u00e7 Komit\u0259sinin (BQXK) avtomobill\u0259rinin La\u00e7\u0131n s\u0259rh\u0259d-burax\u0131l\u0131\u015f m\u0259nt\u0259q\u0259sind\u0259n ke\u00e7idi dayand\u0131r\u0131l\u0131b.<\/p>\n\n\n\n<p>S\u0259b\u0259b kimi BQXK-ya m\u0259xsus olan v\u0259 tibbi t\u0259xliy\u0259 h\u0259yata ke\u00e7ir\u0259n n\u0259qliyyat vasit\u0259l\u0259rind\u0259n qa\u00e7aqmal\u00e7\u0131l\u0131q \u00fc\u00e7\u00fcn istifad\u0259 edilm\u0259si g\u00f6st\u0259rilib.<\/p>\n\n\n\n<p>Bu bar\u0259d\u0259 D\u00f6vl\u0259t S\u0259rh\u0259d Xidm\u0259tinin (DSX)&nbsp; iyulun 11-d\u0259 yayd\u0131\u011f\u0131 m\u0259lumatda <a href=\"https:\/\/dsx.gov.az\/news\/1563\" target=\"_blank\" rel=\"noreferrer noopener\">bildirilir.<\/a><\/p>\n\n\n\n<p>Qeyd olunur ki, Beyn\u0259lxalq Q\u0131rm\u0131z\u0131 Xa\u00e7 Komit\u0259si Az\u0259rbaycan qanunlar\u0131n\u0131 kobud \u015f\u0259kild\u0259 pozmaqla yana\u015f\u0131, h\u0259m d\u0259 humanitar t\u0259\u015fkilat olan BQXK-ya etimaddan sui-istifad\u0259 edib.<\/p>\n\n\n\n<p>Bildirilir ki, m\u0259s\u0259l\u0259 bar\u0259d\u0259 BQXK-ya r\u0259smi kanallar vasit\u0259sil\u0259 x\u0259b\u0259rdarl\u0131q edilm\u0259sin\u0259 baxmayaraq, qanunazidd \u0259m\u0259ll\u0259r t\u0259krar olunub v\u0259 onlar\u0131n aradan qald\u0131r\u0131lmas\u0131 \u00fc\u00e7\u00fcn z\u0259ruri add\u0131mlar at\u0131lmay\u0131b:<\/p>\n\n\n\n<p><em>\u201c\u018fld\u0259 olunan faktlarla \u0259laq\u0259dar Cinay\u0259t M\u0259c\u0259ll\u0259sinin m\u00fcvafiq madd\u0259l\u0259ri il\u0259 cinay\u0259t i\u015fi a\u00e7\u0131l\u0131b v\u0259 z\u0259ruri istintaq t\u0259dbirl\u0259ri h\u0259yata ke\u00e7iril\u0259n\u0259 q\u0259d\u0259r La\u00e7\u0131n d\u00f6vl\u0259t s\u0259rh\u0259dind\u0259n burax\u0131l\u0131\u015f m\u0259nt\u0259q\u0259sind\u0259n ke\u00e7id m\u00fcv\u0259qq\u0259ti olaraq dayand\u0131r\u0131l\u0131b\u201d.<\/em><\/p>\n\n\n\n<p>DSX \u00f6t\u0259n m\u00fcdd\u0259td\u0259 BQXK-ya aid n\u0259qliyyat vasit\u0259l\u0259rind\u0259 qanunsuz a\u015fkar olunan mallar\u0131n adlar\u0131n\u0131 yay\u0131b.<\/p>\n\n\n\n<p>Aprelin 23-d\u0259 Az\u0259rbaycan D\u00f6vl\u0259t S\u0259rh\u0259d Xidm\u0259ti Erm\u0259nistan il\u0259 s\u0259rh\u0259dd\u0259, La\u00e7\u0131n-Xank\u0259ndi yolunun ba\u015flan\u011f\u0131c\u0131nda s\u0259rh\u0259d-burax\u0131l\u0131\u015f m\u0259nt\u0259q\u0259si qurdu\u011funu b\u0259yan edib.<\/p>\n\n\n\n<p>May\u0131n 4-d\u0259 \u201cAz\u0259rbaycan Respublikas\u0131n\u0131n d\u00f6vl\u0259t s\u0259rh\u0259dind\u0259n burax\u0131l\u0131\u015f m\u0259nt\u0259q\u0259l\u0259rinin say\u0131 v\u0259 yerl\u0259\u015fdiyi \u0259razil\u0259rin siyah\u0131s\u0131\u201dna d\u0259yi\u015fiklik edilib.<\/p>\n\n\n\n<p>Bu bar\u0259d\u0259 q\u0259rar\u0131 is\u0259 Ba\u015f nazir \u018fli \u018fs\u0259dov imzalay\u0131b.<\/p>\n","protected":false},"excerpt":{"rendered":"<p>Beyn\u0259lxalq Q\u0131rm\u0131z\u0131 Xa\u00e7 Komit\u0259si Az\u0259rbaycan ittihamlar\u0131ndan x\u0259b\u0259rdar oldu\u011funu a\u00e7\u0131qlay\u0131b. Bu &#8230; <\/p>\n<p class=\"read-more-container\"><a title=\"BQXK avtomobill\u0259rinin La\u00e7\u0131ndan ke\u00e7idi dayand\u0131r\u0131l\u0131b (yenil\u0259nib)\" class=\"read-more button\" href=\"https:\/\/www.meydan.tv\/az\/article\/bqxk-avtomobillerinin-lacindan-kecidi-dayandirilib\/#more-279462\" aria-label=\"Read more about BQXK avtomobill\u0259rinin La\u00e7\u0131ndan ke\u00e7idi dayand\u0131r\u0131l\u0131b (yenil\u0259nib)\">Davam\u0131<\/a><\/p>\n","protected":false},"author":8,"featured_media":273526,"comment_status":"closed","ping_status":"closed","sticky":false,"template":"","format":"standard","meta":{"_acf_changed":false,"_sitemap_exclude":false,"_sitemap_priority":"","_sitemap_frequency":"","footnotes":""},"categories":[59,79,56],"tags":[],"class_list":["post-279462","post","type-post","status-publish","format-standard","has-post-thumbnail","hentry","category-siyaset","category-featured","category-xeberler","infinite-scroll-item","generate-columns","tablet-grid-50","mobile-grid-100","grid-parent","grid-33","no-featured-image-padding"],"acf":[],"yoast_head":"<!-- This site is optimized with the Yoast SEO plugin v27.4 - https:\/\/yoast.com\/product\/yoast-seo-wordpress\/ -->\n<title>BQXK avtomobill\u0259rinin La\u00e7\u0131ndan ke\u00e7idi dayand\u0131r\u0131l\u0131b (yenil\u0259nib) - MEYDAN.TV<\/title>\n<meta name=\"robots\" content=\"index, follow, max-snippet:-1, max-image-preview:large, max-video-preview:-1\" \/>\n<link rel=\"canonical\" href=\"https:\/\/www.meydan.tv\/az\/article\/bqxk-avtomobillerinin-lacindan-kecidi-dayandirilib\/\" \/>\n<meta property=\"og:locale\" content=\"az_AZ\" \/>\n<meta property=\"og:type\" content=\"article\" \/>\n<meta property=\"og:title\" content=\"BQXK avtomobill\u0259rinin La\u00e7\u0131ndan ke\u00e7idi dayand\u0131r\u0131l\u0131b (yenil\u0259nib) - MEYDAN.TV\" \/>\n<meta property=\"og:description\" content=\"Beyn\u0259lxalq Q\u0131rm\u0131z\u0131 Xa\u00e7 Komit\u0259si Az\u0259rbaycan ittihamlar\u0131ndan x\u0259b\u0259rdar oldu\u011funu a\u00e7\u0131qlay\u0131b. Bu ... Davam\u0131\" \/>\n<meta property=\"og:url\" content=\"https:\/\/www.meydan.tv\/az\/article\/bqxk-avtomobillerinin-lacindan-kecidi-dayandirilib\/\" \/>\n<meta property=\"og:site_name\" content=\"MEYDAN.TV\" \/>\n<meta property=\"article:published_time\" content=\"2023-07-11T08:26:03+00:00\" \/>\n<meta property=\"article:modified_time\" content=\"2023-07-14T08:09:18+00:00\" \/>\n<meta property=\"og:image\" content=\"https:\/\/www.meydan.tv\/wp-content\/uploads\/2023-04-23_13_38_36-transformed.jpeg\" \/>\n\t<meta property=\"og:image:width\" content=\"1280\" \/>\n\t<meta property=\"og:image:height\" content=\"960\" \/>\n\t<meta property=\"og:image:type\" content=\"image\/jpeg\" \/>\n<meta name=\"author\" content=\"elli\" \/>\n<meta name=\"twitter:card\" content=\"summary_large_image\" \/>\n<meta name=\"twitter:creator\" content=\"@elli\" \/>\n<script type=\"application\/ld+json\" class=\"yoast-schema-graph\">{\"@context\":\"https:\\\/\\\/schema.org\",\"@graph\":[{\"@type\":\"Article\",\"@id\":\"https:\\\/\\\/www.meydan.tv\\\/az\\\/article\\\/bqxk-avtomobillerinin-lacindan-kecidi-dayandirilib\\\/#article\",\"isPartOf\":{\"@id\":\"https:\\\/\\\/www.meydan.tv\\\/az\\\/article\\\/bqxk-avtomobillerinin-lacindan-kecidi-dayandirilib\\\/\"},\"author\":{\"name\":\"elli\",\"@id\":\"https:\\\/\\\/www.meydan.tv\\\/az\\\/#\\\/schema\\\/person\\\/9cdbecf90d17180ce1dfbd95b08dcf47\"},\"headline\":\"BQXK avtomobill\u0259rinin La\u00e7\u0131ndan ke\u00e7idi dayand\u0131r\u0131l\u0131b (yenil\u0259nib)\",\"datePublished\":\"2023-07-11T08:26:03+00:00\",\"dateModified\":\"2023-07-14T08:09:18+00:00\",\"mainEntityOfPage\":{\"@id\":\"https:\\\/\\\/www.meydan.tv\\\/az\\\/article\\\/bqxk-avtomobillerinin-lacindan-kecidi-dayandirilib\\\/\"},\"wordCount\":557,\"publisher\":{\"@id\":\"https:\\\/\\\/www.meydan.tv\\\/az\\\/#organization\"},\"image\":{\"@id\":\"https:\\\/\\\/www.meydan.tv\\\/az\\\/article\\\/bqxk-avtomobillerinin-lacindan-kecidi-dayandirilib\\\/#primaryimage\"},\"thumbnailUrl\":\"https:\\\/\\\/www.meydan.tv\\\/wp-content\\\/uploads\\\/2023-04-23_13_38_36-transformed.jpeg\",\"articleSection\":[\"Siyas\u0259t\",\"T\u00f6vsiy\u0259\",\"X\u0259b\u0259rl\u0259r\"],\"inLanguage\":\"az\"},{\"@type\":\"WebPage\",\"@id\":\"https:\\\/\\\/www.meydan.tv\\\/az\\\/article\\\/bqxk-avtomobillerinin-lacindan-kecidi-dayandirilib\\\/\",\"url\":\"https:\\\/\\\/www.meydan.tv\\\/az\\\/article\\\/bqxk-avtomobillerinin-lacindan-kecidi-dayandirilib\\\/\",\"name\":\"BQXK avtomobill\u0259rinin La\u00e7\u0131ndan ke\u00e7idi dayand\u0131r\u0131l\u0131b (yenil\u0259nib) - MEYDAN.TV\",\"isPartOf\":{\"@id\":\"https:\\\/\\\/www.meydan.tv\\\/az\\\/#website\"},\"primaryImageOfPage\":{\"@id\":\"https:\\\/\\\/www.meydan.tv\\\/az\\\/article\\\/bqxk-avtomobillerinin-lacindan-kecidi-dayandirilib\\\/#primaryimage\"},\"image\":{\"@id\":\"https:\\\/\\\/www.meydan.tv\\\/az\\\/article\\\/bqxk-avtomobillerinin-lacindan-kecidi-dayandirilib\\\/#primaryimage\"},\"thumbnailUrl\":\"https:\\\/\\\/www.meydan.tv\\\/wp-content\\\/uploads\\\/2023-04-23_13_38_36-transformed.jpeg\",\"datePublished\":\"2023-07-11T08:26:03+00:00\",\"dateModified\":\"2023-07-14T08:09:18+00:00\",\"breadcrumb\":{\"@id\":\"https:\\\/\\\/www.meydan.tv\\\/az\\\/article\\\/bqxk-avtomobillerinin-lacindan-kecidi-dayandirilib\\\/#breadcrumb\"},\"inLanguage\":\"az\",\"potentialAction\":[{\"@type\":\"ReadAction\",\"target\":[\"https:\\\/\\\/www.meydan.tv\\\/az\\\/article\\\/bqxk-avtomobillerinin-lacindan-kecidi-dayandirilib\\\/\"]}]},{\"@type\":\"ImageObject\",\"inLanguage\":\"az\",\"@id\":\"https:\\\/\\\/www.meydan.tv\\\/az\\\/article\\\/bqxk-avtomobillerinin-lacindan-kecidi-dayandirilib\\\/#primaryimage\",\"url\":\"https:\\\/\\\/www.meydan.tv\\\/wp-content\\\/uploads\\\/2023-04-23_13_38_36-transformed.jpeg\",\"contentUrl\":\"https:\\\/\\\/www.meydan.tv\\\/wp-content\\\/uploads\\\/2023-04-23_13_38_36-transformed.jpeg\",\"width\":1280,\"height\":960,\"caption\":\"La\u00e7\u0131n yolu. Foto: DSX\"},{\"@type\":\"BreadcrumbList\",\"@id\":\"https:\\\/\\\/www.meydan.tv\\\/az\\\/article\\\/bqxk-avtomobillerinin-lacindan-kecidi-dayandirilib\\\/#breadcrumb\",\"itemListElement\":[{\"@type\":\"ListItem\",\"position\":1,\"name\":\"Ana s\u0259hif\u0259\",\"item\":\"https:\\\/\\\/www.meydan.tv\\\/az\\\/\"},{\"@type\":\"ListItem\",\"position\":2,\"name\":\"Siyas\u0259t\",\"item\":\"https:\\\/\\\/www.meydan.tv\\\/az\\\/section\\\/siyaset\\\/\"},{\"@type\":\"ListItem\",\"position\":3,\"name\":\"BQXK avtomobill\u0259rinin La\u00e7\u0131ndan ke\u00e7idi dayand\u0131r\u0131l\u0131b (yenil\u0259nib)\"}]},{\"@type\":\"WebSite\",\"@id\":\"https:\\\/\\\/www.meydan.tv\\\/az\\\/#website\",\"url\":\"https:\\\/\\\/www.meydan.tv\\\/az\\\/\",\"name\":\"MEYDAN.TV\",\"description\":\"Meydan TV Az\u0259rbaycan\u0131n media m\u0259kan\u0131ndak\u0131 alternativ s\u0259sidir\",\"publisher\":{\"@id\":\"https:\\\/\\\/www.meydan.tv\\\/az\\\/#organization\"},\"potentialAction\":[{\"@type\":\"SearchAction\",\"target\":{\"@type\":\"EntryPoint\",\"urlTemplate\":\"https:\\\/\\\/www.meydan.tv\\\/az\\\/?s={search_term_string}\"},\"query-input\":{\"@type\":\"PropertyValueSpecification\",\"valueRequired\":true,\"valueName\":\"search_term_string\"}}],\"inLanguage\":\"az\"},{\"@type\":\"Organization\",\"@id\":\"https:\\\/\\\/www.meydan.tv\\\/az\\\/#organization\",\"name\":\"Meydan TV\",\"url\":\"https:\\\/\\\/www.meydan.tv\\\/az\\\/\",\"logo\":{\"@type\":\"ImageObject\",\"inLanguage\":\"az\",\"@id\":\"https:\\\/\\\/www.meydan.tv\\\/az\\\/#\\\/schema\\\/logo\\\/image\\\/\",\"url\":\"https:\\\/\\\/www.meydan.tv\\\/wp-content\\\/uploads\\\/2021\\\/07\\\/meydan-logo.svg\",\"contentUrl\":\"https:\\\/\\\/www.meydan.tv\\\/wp-content\\\/uploads\\\/2021\\\/07\\\/meydan-logo.svg\",\"width\":195,\"height\":46,\"caption\":\"Meydan TV\"},\"image\":{\"@id\":\"https:\\\/\\\/www.meydan.tv\\\/az\\\/#\\\/schema\\\/logo\\\/image\\\/\"}},{\"@type\":\"Person\",\"@id\":\"https:\\\/\\\/www.meydan.tv\\\/az\\\/#\\\/schema\\\/person\\\/9cdbecf90d17180ce1dfbd95b08dcf47\",\"name\":\"elli\",\"sameAs\":[\"https:\\\/\\\/x.com\\\/elli\"]}]}<\/script>\n<!-- \/ Yoast SEO plugin. -->","yoast_head_json":{"title":"BQXK avtomobill\u0259rinin La\u00e7\u0131ndan ke\u00e7idi dayand\u0131r\u0131l\u0131b (yenil\u0259nib) - MEYDAN.TV","robots":{"index":"index","follow":"follow","max-snippet":"max-snippet:-1","max-image-preview":"max-image-preview:large","max-video-preview":"max-video-preview:-1"},"canonical":"https:\/\/www.meydan.tv\/az\/article\/bqxk-avtomobillerinin-lacindan-kecidi-dayandirilib\/","og_locale":"az_AZ","og_type":"article","og_title":"BQXK avtomobill\u0259rinin La\u00e7\u0131ndan ke\u00e7idi dayand\u0131r\u0131l\u0131b (yenil\u0259nib) - MEYDAN.TV","og_description":"Beyn\u0259lxalq Q\u0131rm\u0131z\u0131 Xa\u00e7 Komit\u0259si Az\u0259rbaycan ittihamlar\u0131ndan x\u0259b\u0259rdar oldu\u011funu a\u00e7\u0131qlay\u0131b. Bu ... Davam\u0131","og_url":"https:\/\/www.meydan.tv\/az\/article\/bqxk-avtomobillerinin-lacindan-kecidi-dayandirilib\/","og_site_name":"MEYDAN.TV","article_published_time":"2023-07-11T08:26:03+00:00","article_modified_time":"2023-07-14T08:09:18+00:00","og_image":[{"width":1280,"height":960,"url":"https:\/\/www.meydan.tv\/wp-content\/uploads\/2023-04-23_13_38_36-transformed.jpeg","type":"image\/jpeg"}],"author":"elli","twitter_card":"summary_large_image","twitter_creator":"@elli","schema":{"@context":"https:\/\/schema.org","@graph":[{"@type":"Article","@id":"https:\/\/www.meydan.tv\/az\/article\/bqxk-avtomobillerinin-lacindan-kecidi-dayandirilib\/#article","isPartOf":{"@id":"https:\/\/www.meydan.tv\/az\/article\/bqxk-avtomobillerinin-lacindan-kecidi-dayandirilib\/"},"author":{"name":"elli","@id":"https:\/\/www.meydan.tv\/az\/#\/schema\/person\/9cdbecf90d17180ce1dfbd95b08dcf47"},"headline":"BQXK avtomobill\u0259rinin La\u00e7\u0131ndan ke\u00e7idi dayand\u0131r\u0131l\u0131b (yenil\u0259nib)","datePublished":"2023-07-11T08:26:03+00:00","dateModified":"2023-07-14T08:09:18+00:00","mainEntityOfPage":{"@id":"https:\/\/www.meydan.tv\/az\/article\/bqxk-avtomobillerinin-lacindan-kecidi-dayandirilib\/"},"wordCount":557,"publisher":{"@id":"https:\/\/www.meydan.tv\/az\/#organization"},"image":{"@id":"https:\/\/www.meydan.tv\/az\/article\/bqxk-avtomobillerinin-lacindan-kecidi-dayandirilib\/#primaryimage"},"thumbnailUrl":"https:\/\/www.meydan.tv\/wp-content\/uploads\/2023-04-23_13_38_36-transformed.jpeg","articleSection":["Siyas\u0259t","T\u00f6vsiy\u0259","X\u0259b\u0259rl\u0259r"],"inLanguage":"az"},{"@type":"WebPage","@id":"https:\/\/www.meydan.tv\/az\/article\/bqxk-avtomobillerinin-lacindan-kecidi-dayandirilib\/","url":"https:\/\/www.meydan.tv\/az\/article\/bqxk-avtomobillerinin-lacindan-kecidi-dayandirilib\/","name":"BQXK avtomobill\u0259rinin La\u00e7\u0131ndan ke\u00e7idi dayand\u0131r\u0131l\u0131b (yenil\u0259nib) - MEYDAN.TV","isPartOf":{"@id":"https:\/\/www.meydan.tv\/az\/#website"},"primaryImageOfPage":{"@id":"https:\/\/www.meydan.tv\/az\/article\/bqxk-avtomobillerinin-lacindan-kecidi-dayandirilib\/#primaryimage"},"image":{"@id":"https:\/\/www.meydan.tv\/az\/article\/bqxk-avtomobillerinin-lacindan-kecidi-dayandirilib\/#primaryimage"},"thumbnailUrl":"https:\/\/www.meydan.tv\/wp-content\/uploads\/2023-04-23_13_38_36-transformed.jpeg","datePublished":"2023-07-11T08:26:03+00:00","dateModified":"2023-07-14T08:09:18+00:00","breadcrumb":{"@id":"https:\/\/www.meydan.tv\/az\/article\/bqxk-avtomobillerinin-lacindan-kecidi-dayandirilib\/#breadcrumb"},"inLanguage":"az","potentialAction":[{"@type":"ReadAction","target":["https:\/\/www.meydan.tv\/az\/article\/bqxk-avtomobillerinin-lacindan-kecidi-dayandirilib\/"]}]},{"@type":"ImageObject","inLanguage":"az","@id":"https:\/\/www.meydan.tv\/az\/article\/bqxk-avtomobillerinin-lacindan-kecidi-dayandirilib\/#primaryimage","url":"https:\/\/www.meydan.tv\/wp-content\/uploads\/2023-04-23_13_38_36-transformed.jpeg","contentUrl":"https:\/\/www.meydan.tv\/wp-content\/uploads\/2023-04-23_13_38_36-transformed.jpeg","width":1280,"height":960,"caption":"La\u00e7\u0131n yolu. Foto: DSX"},{"@type":"BreadcrumbList","@id":"https:\/\/www.meydan.tv\/az\/article\/bqxk-avtomobillerinin-lacindan-kecidi-dayandirilib\/#breadcrumb","itemListElement":[{"@type":"ListItem","position":1,"name":"Ana s\u0259hif\u0259","item":"https:\/\/www.meydan.tv\/az\/"},{"@type":"ListItem","position":2,"name":"Siyas\u0259t","item":"https:\/\/www.meydan.tv\/az\/section\/siyaset\/"},{"@type":"ListItem","position":3,"name":"BQXK avtomobill\u0259rinin La\u00e7\u0131ndan ke\u00e7idi dayand\u0131r\u0131l\u0131b (yenil\u0259nib)"}]},{"@type":"WebSite","@id":"https:\/\/www.meydan.tv\/az\/#website","url":"https:\/\/www.meydan.tv\/az\/","name":"MEYDAN.TV","description":"Meydan TV Az\u0259rbaycan\u0131n media m\u0259kan\u0131ndak\u0131 alternativ s\u0259sidir","publisher":{"@id":"https:\/\/www.meydan.tv\/az\/#organization"},"potentialAction":[{"@type":"SearchAction","target":{"@type":"EntryPoint","urlTemplate":"https:\/\/www.meydan.tv\/az\/?s={search_term_string}"},"query-input":{"@type":"PropertyValueSpecification","valueRequired":true,"valueName":"search_term_string"}}],"inLanguage":"az"},{"@type":"Organization","@id":"https:\/\/www.meydan.tv\/az\/#organization","name":"Meydan TV","url":"https:\/\/www.meydan.tv\/az\/","logo":{"@type":"ImageObject","inLanguage":"az","@id":"https:\/\/www.meydan.tv\/az\/#\/schema\/logo\/image\/","url":"https:\/\/www.meydan.tv\/wp-content\/uploads\/2021\/07\/meydan-logo.svg","contentUrl":"https:\/\/www.meydan.tv\/wp-content\/uploads\/2021\/07\/meydan-logo.svg","width":195,"height":46,"caption":"Meydan TV"},"image":{"@id":"https:\/\/www.meydan.tv\/az\/#\/schema\/logo\/image\/"}},{"@type":"Person","@id":"https:\/\/www.meydan.tv\/az\/#\/schema\/person\/9cdbecf90d17180ce1dfbd95b08dcf47","name":"elli","sameAs":["https:\/\/x.com\/elli"]}]}},"_links":{"self":[{"href":"https:\/\/www.meydan.tv\/az\/wp-json\/wp\/v2\/posts\/279462","targetHints":{"allow":["GET"]}}],"collection":[{"href":"https:\/\/www.meydan.tv\/az\/wp-json\/wp\/v2\/posts"}],"about":[{"href":"https:\/\/www.meydan.tv\/az\/wp-json\/wp\/v2\/types\/post"}],"author":[{"embeddable":true,"href":"https:\/\/www.meydan.tv\/az\/wp-json\/wp\/v2\/users\/8"}],"replies":[{"embeddable":true,"href":"https:\/\/www.meydan.tv\/az\/wp-json\/wp\/v2\/comments?post=279462"}],"version-history":[{"count":7,"href":"https:\/\/www.meydan.tv\/az\/wp-json\/wp\/v2\/posts\/279462\/revisions"}],"predecessor-version":[{"id":279822,"href":"https:\/\/www.meydan.tv\/az\/wp-json\/wp\/v2\/posts\/279462\/revisions\/279822"}],"wp:featuredmedia":[{"embeddable":true,"href":"https:\/\/www.meydan.tv\/az\/wp-json\/wp\/v2\/media\/273526"}],"wp:attachment":[{"href":"https:\/\/www.meydan.tv\/az\/wp-json\/wp\/v2\/media?parent=279462"}],"wp:term":[{"taxonomy":"category","embeddable":true,"href":"https:\/\/www.meydan.tv\/az\/wp-json\/wp\/v2\/categories?post=279462"},{"taxonomy":"post_tag","embeddable":true,"href":"https:\/\/www.meydan.tv\/az\/wp-json\/wp\/v2\/tags?post=279462"}],"curies":[{"name":"wp","href":"https:\/\/api.w.org\/{rel}","templated":true}]}}