{"id":279402,"date":"2023-07-10T15:31:32","date_gmt":"2023-07-10T11:31:32","guid":{"rendered":"https:\/\/www.meydan.tv\/?p=279402"},"modified":"2023-07-10T15:31:35","modified_gmt":"2023-07-10T11:31:35","slug":"rejissor-oleq-sentsov-yaralanib","status":"publish","type":"post","link":"https:\/\/www.meydan.tv\/az\/article\/rejissor-oleq-sentsov-yaralanib\/","title":{"rendered":"Rejissor Oleq Sentsov yaralan\u0131b"},"content":{"rendered":"\n<p><\/p>\n\n\n\n<p><strong><em>Onun h\u0259rb\u00e7il\u0259rl\u0259 birg\u0259 x\u0259st\u0259xanada oldu\u011fu deyilir<\/em><\/strong><\/p>\n\n\n\n<p>Ukraynal\u0131 kinorejissor Oleq Sentsovun yaraland\u0131\u011f\u0131 bildirilir.<\/p>\n\n\n\n<p>O, bu bar\u0259d\u0259 \u00f6z\u00fcn\u00fcn \u201cFacebook\u201d s\u0259hif\u0259sind\u0259 payla\u015f\u0131m edib v\u0259 deyib ki, m\u0259rmi partlamas\u0131 n\u0259tic\u0259sind\u0259 kontuziya <a href=\"https:\/\/www.facebook.com\/oleg.sentsov\/videos\/269034215773416\" target=\"_blank\" rel=\"noreferrer noopener\">al\u0131b.<\/a><\/p>\n\n\n\n<p>Rejissor haz\u0131rda dig\u0259r yaralanan h\u0259rb\u00e7il\u0259rl\u0259 birlikd\u0259 x\u0259st\u0259xanada oldu\u011funu bildirib.<\/p>\n\n\n\n<p>Rusiya Ukraynada h\u0259rbi \u0259m\u0259liyyatlara ba\u015flayandan Oleq Sentsov k\u00f6n\u00fcll\u00fc m\u00fcharib\u0259y\u0259 gedib.<\/p>\n\n\n\n<p>Kinorejissor 2014-c\u00fc ild\u0259 Kr\u0131m\u0131n ilhaq\u0131na qar\u015f\u0131 \u00e7\u0131xd\u0131\u011f\u0131 \u00fc\u00e7\u00fcn h\u0259bs edilmi\u015fdi.<\/p>\n\n\n\n<p>Rusiya m\u0259hk\u0259m\u0259si onu \u201cterror aktlar\u0131 planla\u015fd\u0131rmaq\u201d ittiham\u0131 il\u0259 20 il h\u0259bs c\u0259zas\u0131 k\u0259smi\u015fdi.<\/p>\n\n\n\n<p>Sentsov ittiham edildiyi cinay\u0259tl\u0259rd\u0259 \u00f6z\u00fcn\u00fc t\u0259qsirli bilm\u0259mi\u015fdi.<\/p>\n\n\n\n<p>Ona qar\u015f\u0131 t\u0259tbiq edilmi\u015f i\u015fg\u0259nc\u0259l\u0259r bar\u0259d\u0259 b\u0259yan\u0259t vermi\u015fdi. H\u0259m\u00e7inin cinay\u0259t i\u015fini siyasi v\u0259 uydurma adland\u0131rm\u0131\u015fd\u0131.<\/p>\n\n\n\n<p>Kinorejissoru bir s\u0131ra beyn\u0259lxalq insan h\u00fcquqlar\u0131 v\u0259 kinematoqrafiya t\u0259\u015fkilatlar\u0131 d\u0259st\u0259kl\u0259mi\u015fdil\u0259r.<\/p>\n\n\n\n<p>O, 2019-cu il sentyabr\u0131n 7-d\u0259, h\u0259bsind\u0259n be\u015f il sonra Avropa Kino Akademiyas\u0131, \u201cAmnesty International\u201d, Avropa Parlamenti, habel\u0259 Ken Lou\u00e7, Pedro Almodovar v\u0259 Aqne\u015fka Holland kimi kino xadiml\u0259rinin k\u00f6m\u0259kliyi il\u0259 azadl\u0131\u011fa burax\u0131l\u0131b.<\/p>\n\n\n\n<p>Rusiya Prezidenti Vladimir Putin 2022-ci il fevral\u0131n 24-d\u0259 Ukraynaya qar\u015f\u0131 m\u00fcharib\u0259y\u0259 ba\u015flay\u0131b.<\/p>\n\n\n\n<p>D\u00fcnyan\u0131n \u0259ks\u0259r \u00f6lk\u0259si Rusiyan\u0131n h\u00fccumunu pisl\u0259yib.<\/p>\n\n\n\n<p>Bundan sonra Avropa Birliyi \u00f6lk\u0259l\u0259ri, el\u0259c\u0259 d\u0259 AB\u015e Rusiyaya qar\u015f\u0131 sanksiyalar t\u0259tbiq edib.<\/p>\n\n\n\n<p>Rusiyada t\u0259\u015fkil olunacaq yar\u0131\u015flar t\u0259xir\u0259 sal\u0131n\u0131b, bu \u00f6lk\u0259nin ad\u0131 m\u00fch\u00fcm t\u0259dbirl\u0259rd\u0259n v\u0259 t\u0259\u015fkilatlardan \u00e7\u0131xar\u0131l\u0131b.<\/p>\n","protected":false},"excerpt":{"rendered":"<p>Onun h\u0259rb\u00e7il\u0259rl\u0259 birg\u0259 x\u0259st\u0259xanada oldu\u011fu deyilir Ukraynal\u0131 kinorejissor Oleq Sentsovun &#8230; <\/p>\n<p class=\"read-more-container\"><a title=\"Rejissor Oleq Sentsov yaralan\u0131b\" class=\"read-more button\" href=\"https:\/\/www.meydan.tv\/az\/article\/rejissor-oleq-sentsov-yaralanib\/#more-279402\" aria-label=\"Read more about Rejissor Oleq Sentsov yaralan\u0131b\">Davam\u0131<\/a><\/p>\n","protected":false},"author":8,"featured_media":111590,"comment_status":"closed","ping_status":"closed","sticky":false,"template":"","format":"standard","meta":{"_acf_changed":false,"_sitemap_exclude":false,"_sitemap_priority":"","_sitemap_frequency":"","footnotes":""},"categories":[52,56],"tags":[],"class_list":["post-279402","post","type-post","status-publish","format-standard","has-post-thumbnail","hentry","category-medeniyyet","category-xeberler","infinite-scroll-item","generate-columns","tablet-grid-50","mobile-grid-100","grid-parent","grid-33","no-featured-image-padding"],"acf":[],"yoast_head":"<!-- This site is optimized with the Yoast SEO plugin v27.4 - https:\/\/yoast.com\/product\/yoast-seo-wordpress\/ -->\n<title>Rejissor Oleq Sentsov yaralan\u0131b - MEYDAN.TV<\/title>\n<meta name=\"robots\" content=\"index, follow, max-snippet:-1, max-image-preview:large, max-video-preview:-1\" \/>\n<link rel=\"canonical\" href=\"https:\/\/www.meydan.tv\/az\/article\/rejissor-oleq-sentsov-yaralanib\/\" \/>\n<meta property=\"og:locale\" content=\"az_AZ\" \/>\n<meta property=\"og:type\" content=\"article\" \/>\n<meta property=\"og:title\" content=\"Rejissor Oleq Sentsov yaralan\u0131b - MEYDAN.TV\" \/>\n<meta property=\"og:description\" content=\"Onun h\u0259rb\u00e7il\u0259rl\u0259 birg\u0259 x\u0259st\u0259xanada oldu\u011fu deyilir Ukraynal\u0131 kinorejissor Oleq Sentsovun ... Davam\u0131\" \/>\n<meta property=\"og:url\" content=\"https:\/\/www.meydan.tv\/az\/article\/rejissor-oleq-sentsov-yaralanib\/\" \/>\n<meta property=\"og:site_name\" content=\"MEYDAN.TV\" \/>\n<meta property=\"article:published_time\" content=\"2023-07-10T11:31:32+00:00\" \/>\n<meta property=\"article:modified_time\" content=\"2023-07-10T11:31:35+00:00\" \/>\n<meta property=\"og:image\" content=\"https:\/\/www.meydan.tv\/wp-content\/uploads\/44399-e1688986479888.jpg\" \/>\n\t<meta property=\"og:image:width\" content=\"1200\" \/>\n\t<meta property=\"og:image:height\" content=\"468\" \/>\n\t<meta property=\"og:image:type\" content=\"image\/jpeg\" \/>\n<meta name=\"author\" content=\"elli\" \/>\n<meta name=\"twitter:card\" content=\"summary_large_image\" \/>\n<meta name=\"twitter:creator\" content=\"@elli\" \/>\n<script type=\"application\/ld+json\" class=\"yoast-schema-graph\">{\"@context\":\"https:\\\/\\\/schema.org\",\"@graph\":[{\"@type\":\"Article\",\"@id\":\"https:\\\/\\\/www.meydan.tv\\\/az\\\/article\\\/rejissor-oleq-sentsov-yaralanib\\\/#article\",\"isPartOf\":{\"@id\":\"https:\\\/\\\/www.meydan.tv\\\/az\\\/article\\\/rejissor-oleq-sentsov-yaralanib\\\/\"},\"author\":{\"name\":\"elli\",\"@id\":\"https:\\\/\\\/www.meydan.tv\\\/az\\\/#\\\/schema\\\/person\\\/9cdbecf90d17180ce1dfbd95b08dcf47\"},\"headline\":\"Rejissor Oleq Sentsov yaralan\u0131b\",\"datePublished\":\"2023-07-10T11:31:32+00:00\",\"dateModified\":\"2023-07-10T11:31:35+00:00\",\"mainEntityOfPage\":{\"@id\":\"https:\\\/\\\/www.meydan.tv\\\/az\\\/article\\\/rejissor-oleq-sentsov-yaralanib\\\/\"},\"wordCount\":297,\"publisher\":{\"@id\":\"https:\\\/\\\/www.meydan.tv\\\/az\\\/#organization\"},\"image\":{\"@id\":\"https:\\\/\\\/www.meydan.tv\\\/az\\\/article\\\/rejissor-oleq-sentsov-yaralanib\\\/#primaryimage\"},\"thumbnailUrl\":\"https:\\\/\\\/www.meydan.tv\\\/wp-content\\\/uploads\\\/44399-e1688986479888.jpg\",\"articleSection\":[\"M\u0259d\u0259niyy\u0259t\",\"X\u0259b\u0259rl\u0259r\"],\"inLanguage\":\"az\"},{\"@type\":\"WebPage\",\"@id\":\"https:\\\/\\\/www.meydan.tv\\\/az\\\/article\\\/rejissor-oleq-sentsov-yaralanib\\\/\",\"url\":\"https:\\\/\\\/www.meydan.tv\\\/az\\\/article\\\/rejissor-oleq-sentsov-yaralanib\\\/\",\"name\":\"Rejissor Oleq Sentsov yaralan\u0131b - MEYDAN.TV\",\"isPartOf\":{\"@id\":\"https:\\\/\\\/www.meydan.tv\\\/az\\\/#website\"},\"primaryImageOfPage\":{\"@id\":\"https:\\\/\\\/www.meydan.tv\\\/az\\\/article\\\/rejissor-oleq-sentsov-yaralanib\\\/#primaryimage\"},\"image\":{\"@id\":\"https:\\\/\\\/www.meydan.tv\\\/az\\\/article\\\/rejissor-oleq-sentsov-yaralanib\\\/#primaryimage\"},\"thumbnailUrl\":\"https:\\\/\\\/www.meydan.tv\\\/wp-content\\\/uploads\\\/44399-e1688986479888.jpg\",\"datePublished\":\"2023-07-10T11:31:32+00:00\",\"dateModified\":\"2023-07-10T11:31:35+00:00\",\"breadcrumb\":{\"@id\":\"https:\\\/\\\/www.meydan.tv\\\/az\\\/article\\\/rejissor-oleq-sentsov-yaralanib\\\/#breadcrumb\"},\"inLanguage\":\"az\",\"potentialAction\":[{\"@type\":\"ReadAction\",\"target\":[\"https:\\\/\\\/www.meydan.tv\\\/az\\\/article\\\/rejissor-oleq-sentsov-yaralanib\\\/\"]}]},{\"@type\":\"ImageObject\",\"inLanguage\":\"az\",\"@id\":\"https:\\\/\\\/www.meydan.tv\\\/az\\\/article\\\/rejissor-oleq-sentsov-yaralanib\\\/#primaryimage\",\"url\":\"https:\\\/\\\/www.meydan.tv\\\/wp-content\\\/uploads\\\/44399-e1688986479888.jpg\",\"contentUrl\":\"https:\\\/\\\/www.meydan.tv\\\/wp-content\\\/uploads\\\/44399-e1688986479888.jpg\",\"width\":1200,\"height\":468,\"caption\":\"Foto: arxiv\"},{\"@type\":\"BreadcrumbList\",\"@id\":\"https:\\\/\\\/www.meydan.tv\\\/az\\\/article\\\/rejissor-oleq-sentsov-yaralanib\\\/#breadcrumb\",\"itemListElement\":[{\"@type\":\"ListItem\",\"position\":1,\"name\":\"Ana s\u0259hif\u0259\",\"item\":\"https:\\\/\\\/www.meydan.tv\\\/az\\\/\"},{\"@type\":\"ListItem\",\"position\":2,\"name\":\"M\u0259d\u0259niyy\u0259t\",\"item\":\"https:\\\/\\\/www.meydan.tv\\\/az\\\/section\\\/medeniyyet\\\/\"},{\"@type\":\"ListItem\",\"position\":3,\"name\":\"Rejissor Oleq Sentsov yaralan\u0131b\"}]},{\"@type\":\"WebSite\",\"@id\":\"https:\\\/\\\/www.meydan.tv\\\/az\\\/#website\",\"url\":\"https:\\\/\\\/www.meydan.tv\\\/az\\\/\",\"name\":\"MEYDAN.TV\",\"description\":\"Meydan TV Az\u0259rbaycan\u0131n media m\u0259kan\u0131ndak\u0131 alternativ s\u0259sidir\",\"publisher\":{\"@id\":\"https:\\\/\\\/www.meydan.tv\\\/az\\\/#organization\"},\"potentialAction\":[{\"@type\":\"SearchAction\",\"target\":{\"@type\":\"EntryPoint\",\"urlTemplate\":\"https:\\\/\\\/www.meydan.tv\\\/az\\\/?s={search_term_string}\"},\"query-input\":{\"@type\":\"PropertyValueSpecification\",\"valueRequired\":true,\"valueName\":\"search_term_string\"}}],\"inLanguage\":\"az\"},{\"@type\":\"Organization\",\"@id\":\"https:\\\/\\\/www.meydan.tv\\\/az\\\/#organization\",\"name\":\"Meydan TV\",\"url\":\"https:\\\/\\\/www.meydan.tv\\\/az\\\/\",\"logo\":{\"@type\":\"ImageObject\",\"inLanguage\":\"az\",\"@id\":\"https:\\\/\\\/www.meydan.tv\\\/az\\\/#\\\/schema\\\/logo\\\/image\\\/\",\"url\":\"https:\\\/\\\/www.meydan.tv\\\/wp-content\\\/uploads\\\/2021\\\/07\\\/meydan-logo.svg\",\"contentUrl\":\"https:\\\/\\\/www.meydan.tv\\\/wp-content\\\/uploads\\\/2021\\\/07\\\/meydan-logo.svg\",\"width\":195,\"height\":46,\"caption\":\"Meydan TV\"},\"image\":{\"@id\":\"https:\\\/\\\/www.meydan.tv\\\/az\\\/#\\\/schema\\\/logo\\\/image\\\/\"}},{\"@type\":\"Person\",\"@id\":\"https:\\\/\\\/www.meydan.tv\\\/az\\\/#\\\/schema\\\/person\\\/9cdbecf90d17180ce1dfbd95b08dcf47\",\"name\":\"elli\",\"sameAs\":[\"https:\\\/\\\/x.com\\\/elli\"]}]}<\/script>\n<!-- \/ Yoast SEO plugin. -->","yoast_head_json":{"title":"Rejissor Oleq Sentsov yaralan\u0131b - MEYDAN.TV","robots":{"index":"index","follow":"follow","max-snippet":"max-snippet:-1","max-image-preview":"max-image-preview:large","max-video-preview":"max-video-preview:-1"},"canonical":"https:\/\/www.meydan.tv\/az\/article\/rejissor-oleq-sentsov-yaralanib\/","og_locale":"az_AZ","og_type":"article","og_title":"Rejissor Oleq Sentsov yaralan\u0131b - MEYDAN.TV","og_description":"Onun h\u0259rb\u00e7il\u0259rl\u0259 birg\u0259 x\u0259st\u0259xanada oldu\u011fu deyilir Ukraynal\u0131 kinorejissor Oleq Sentsovun ... Davam\u0131","og_url":"https:\/\/www.meydan.tv\/az\/article\/rejissor-oleq-sentsov-yaralanib\/","og_site_name":"MEYDAN.TV","article_published_time":"2023-07-10T11:31:32+00:00","article_modified_time":"2023-07-10T11:31:35+00:00","og_image":[{"width":1200,"height":468,"url":"https:\/\/www.meydan.tv\/wp-content\/uploads\/44399-e1688986479888.jpg","type":"image\/jpeg"}],"author":"elli","twitter_card":"summary_large_image","twitter_creator":"@elli","schema":{"@context":"https:\/\/schema.org","@graph":[{"@type":"Article","@id":"https:\/\/www.meydan.tv\/az\/article\/rejissor-oleq-sentsov-yaralanib\/#article","isPartOf":{"@id":"https:\/\/www.meydan.tv\/az\/article\/rejissor-oleq-sentsov-yaralanib\/"},"author":{"name":"elli","@id":"https:\/\/www.meydan.tv\/az\/#\/schema\/person\/9cdbecf90d17180ce1dfbd95b08dcf47"},"headline":"Rejissor Oleq Sentsov yaralan\u0131b","datePublished":"2023-07-10T11:31:32+00:00","dateModified":"2023-07-10T11:31:35+00:00","mainEntityOfPage":{"@id":"https:\/\/www.meydan.tv\/az\/article\/rejissor-oleq-sentsov-yaralanib\/"},"wordCount":297,"publisher":{"@id":"https:\/\/www.meydan.tv\/az\/#organization"},"image":{"@id":"https:\/\/www.meydan.tv\/az\/article\/rejissor-oleq-sentsov-yaralanib\/#primaryimage"},"thumbnailUrl":"https:\/\/www.meydan.tv\/wp-content\/uploads\/44399-e1688986479888.jpg","articleSection":["M\u0259d\u0259niyy\u0259t","X\u0259b\u0259rl\u0259r"],"inLanguage":"az"},{"@type":"WebPage","@id":"https:\/\/www.meydan.tv\/az\/article\/rejissor-oleq-sentsov-yaralanib\/","url":"https:\/\/www.meydan.tv\/az\/article\/rejissor-oleq-sentsov-yaralanib\/","name":"Rejissor Oleq Sentsov yaralan\u0131b - MEYDAN.TV","isPartOf":{"@id":"https:\/\/www.meydan.tv\/az\/#website"},"primaryImageOfPage":{"@id":"https:\/\/www.meydan.tv\/az\/article\/rejissor-oleq-sentsov-yaralanib\/#primaryimage"},"image":{"@id":"https:\/\/www.meydan.tv\/az\/article\/rejissor-oleq-sentsov-yaralanib\/#primaryimage"},"thumbnailUrl":"https:\/\/www.meydan.tv\/wp-content\/uploads\/44399-e1688986479888.jpg","datePublished":"2023-07-10T11:31:32+00:00","dateModified":"2023-07-10T11:31:35+00:00","breadcrumb":{"@id":"https:\/\/www.meydan.tv\/az\/article\/rejissor-oleq-sentsov-yaralanib\/#breadcrumb"},"inLanguage":"az","potentialAction":[{"@type":"ReadAction","target":["https:\/\/www.meydan.tv\/az\/article\/rejissor-oleq-sentsov-yaralanib\/"]}]},{"@type":"ImageObject","inLanguage":"az","@id":"https:\/\/www.meydan.tv\/az\/article\/rejissor-oleq-sentsov-yaralanib\/#primaryimage","url":"https:\/\/www.meydan.tv\/wp-content\/uploads\/44399-e1688986479888.jpg","contentUrl":"https:\/\/www.meydan.tv\/wp-content\/uploads\/44399-e1688986479888.jpg","width":1200,"height":468,"caption":"Foto: arxiv"},{"@type":"BreadcrumbList","@id":"https:\/\/www.meydan.tv\/az\/article\/rejissor-oleq-sentsov-yaralanib\/#breadcrumb","itemListElement":[{"@type":"ListItem","position":1,"name":"Ana s\u0259hif\u0259","item":"https:\/\/www.meydan.tv\/az\/"},{"@type":"ListItem","position":2,"name":"M\u0259d\u0259niyy\u0259t","item":"https:\/\/www.meydan.tv\/az\/section\/medeniyyet\/"},{"@type":"ListItem","position":3,"name":"Rejissor Oleq Sentsov yaralan\u0131b"}]},{"@type":"WebSite","@id":"https:\/\/www.meydan.tv\/az\/#website","url":"https:\/\/www.meydan.tv\/az\/","name":"MEYDAN.TV","description":"Meydan TV Az\u0259rbaycan\u0131n media m\u0259kan\u0131ndak\u0131 alternativ s\u0259sidir","publisher":{"@id":"https:\/\/www.meydan.tv\/az\/#organization"},"potentialAction":[{"@type":"SearchAction","target":{"@type":"EntryPoint","urlTemplate":"https:\/\/www.meydan.tv\/az\/?s={search_term_string}"},"query-input":{"@type":"PropertyValueSpecification","valueRequired":true,"valueName":"search_term_string"}}],"inLanguage":"az"},{"@type":"Organization","@id":"https:\/\/www.meydan.tv\/az\/#organization","name":"Meydan TV","url":"https:\/\/www.meydan.tv\/az\/","logo":{"@type":"ImageObject","inLanguage":"az","@id":"https:\/\/www.meydan.tv\/az\/#\/schema\/logo\/image\/","url":"https:\/\/www.meydan.tv\/wp-content\/uploads\/2021\/07\/meydan-logo.svg","contentUrl":"https:\/\/www.meydan.tv\/wp-content\/uploads\/2021\/07\/meydan-logo.svg","width":195,"height":46,"caption":"Meydan TV"},"image":{"@id":"https:\/\/www.meydan.tv\/az\/#\/schema\/logo\/image\/"}},{"@type":"Person","@id":"https:\/\/www.meydan.tv\/az\/#\/schema\/person\/9cdbecf90d17180ce1dfbd95b08dcf47","name":"elli","sameAs":["https:\/\/x.com\/elli"]}]}},"_links":{"self":[{"href":"https:\/\/www.meydan.tv\/az\/wp-json\/wp\/v2\/posts\/279402","targetHints":{"allow":["GET"]}}],"collection":[{"href":"https:\/\/www.meydan.tv\/az\/wp-json\/wp\/v2\/posts"}],"about":[{"href":"https:\/\/www.meydan.tv\/az\/wp-json\/wp\/v2\/types\/post"}],"author":[{"embeddable":true,"href":"https:\/\/www.meydan.tv\/az\/wp-json\/wp\/v2\/users\/8"}],"replies":[{"embeddable":true,"href":"https:\/\/www.meydan.tv\/az\/wp-json\/wp\/v2\/comments?post=279402"}],"version-history":[{"count":1,"href":"https:\/\/www.meydan.tv\/az\/wp-json\/wp\/v2\/posts\/279402\/revisions"}],"predecessor-version":[{"id":279403,"href":"https:\/\/www.meydan.tv\/az\/wp-json\/wp\/v2\/posts\/279402\/revisions\/279403"}],"wp:featuredmedia":[{"embeddable":true,"href":"https:\/\/www.meydan.tv\/az\/wp-json\/wp\/v2\/media\/111590"}],"wp:attachment":[{"href":"https:\/\/www.meydan.tv\/az\/wp-json\/wp\/v2\/media?parent=279402"}],"wp:term":[{"taxonomy":"category","embeddable":true,"href":"https:\/\/www.meydan.tv\/az\/wp-json\/wp\/v2\/categories?post=279402"},{"taxonomy":"post_tag","embeddable":true,"href":"https:\/\/www.meydan.tv\/az\/wp-json\/wp\/v2\/tags?post=279402"}],"curies":[{"name":"wp","href":"https:\/\/api.w.org\/{rel}","templated":true}]}}