{"id":279341,"date":"2023-07-08T14:56:35","date_gmt":"2023-07-08T10:56:35","guid":{"rendered":"https:\/\/www.meydan.tv\/?p=279341"},"modified":"2023-07-08T14:58:28","modified_gmt":"2023-07-08T10:58:28","slug":"abs-ukraynaya-800-milyonluq-yeni-herbi-yardim-ayirib","status":"publish","type":"post","link":"https:\/\/www.meydan.tv\/az\/article\/abs-ukraynaya-800-milyonluq-yeni-herbi-yardim-ayirib\/","title":{"rendered":"AB\u015e Ukraynaya 800 milyonluq yeni h\u0259rbi yard\u0131m ay\u0131r\u0131b"},"content":{"rendered":"\n<p><\/p>\n\n\n\n<p><strong><em>Bayden ukraynal\u0131lar\u0131n h\u0259min silahlara ehtiyac\u0131 oldu\u011funu deyib<\/em><\/strong><\/p>\n\n\n\n<p>AB\u015e yeni yard\u0131m paketinin bir hiss\u0259si olaraq Ukraynaya m\u00fcbahis\u0259li kasetli sursatlar\u0131n g\u00f6nd\u0259ril\u0259c\u0259yini b\u0259yan edib.<\/p>\n\n\n\n<p>AB\u015e Prezidenti Co Bayden iyunun 7-d\u0259 deyib ki, Kiyevin kasetli sursatlarla t\u0259min olunmas\u0131 q\u0259rar\u0131n\u0131 verm\u0259k onun \u00fc\u00e7\u00fcn \u00e7ox \u00e7\u0259tin <a href=\"https:\/\/lenta.ru\/news\/2023\/07\/07\/baidenkassetn\/\" target=\"_blank\" rel=\"noreferrer noopener\">olub.<\/a><\/p>\n\n\n\n<p>Prezident \u0259lav\u0259 edib ki, ukraynal\u0131lar\u0131n h\u0259min 800 milyonluq silahlara ehtiyac\u0131 var.<\/p>\n\n\n\n<p>AB\u015e-\u0131n milli t\u0259hl\u00fck\u0259sizlik \u00fczr\u0259 m\u00fc\u015faviri Ceyk Sallivan is\u0259 iyunun 7-d\u0259 ke\u00e7irdiyi brifinqd\u0259 bildirib ki, Birl\u0259\u015fmi\u015f \u015etatlar Ukraynaya istifad\u0259sin\u0259 BMT-nin etiraz etdiyi kaset sursatlar\u0131n\u0131 \u00f6t\u00fcrm\u0259k q\u0259rar\u0131na <a href=\"https:\/\/www.youtube.com\/watch?v=slJ2DglaLI8\" target=\"_blank\" rel=\"noreferrer noopener\">g\u0259lib.<\/a><\/p>\n\n\n\n<p>O h\u0259m\u00e7inin qeyd edib ki, Kiyev Va\u015finqtona m\u00fclki \u015f\u0259xsl\u0259r \u00fc\u00e7\u00fcn minimal t\u0259hdidl\u0259rl\u0259 Amerika kaset sursatlar\u0131n\u0131n istifad\u0259si il\u0259 ba\u011fl\u0131 yaz\u0131l\u0131 z\u0259man\u0259t verib.<\/p>\n\n\n\n<p>Pentaqonun m\u0259tbuat katibi Patrik Rayder is\u0259 deyib ki, Birl\u0259\u015fmi\u015f \u015etatlar Ukraynaya dinc \u0259hali \u00fc\u00e7\u00fcn minimal t\u0259hl\u00fck\u0259 yarada bil\u0259c\u0259k kasetli sursatlar veril\u0259c\u0259k.<\/p>\n\n\n\n<p>\u0130yulun 6-da m\u0259lum olub ki, AB\u015e art\u0131q Ukrayna Silahl\u0131 Q\u00fcvv\u0259l\u0259rini kaset sursatlar\u0131 il\u0259 t\u0259chiz etm\u0259k q\u0259rar\u0131na g\u0259lib.<\/p>\n\n\n\n<p>Qeyd olunur ki, bu q\u0259rar Ukrayna Silahl\u0131 Q\u00fcvv\u0259l\u0259rind\u0259 canl\u0131 q\u00fcvv\u0259 \u00e7at\u0131\u015fmazl\u0131\u011f\u0131n\u0131 kompensasiya etm\u0259k ist\u0259yil\u0259 \u0259laq\u0259dard\u0131r.<\/p>\n\n\n\n<p>Ukrayna m\u00fcdafi\u0259 naziri Aleksey Reznikov bildirib ki, r\u0259smi Kiyev AB\u015e-\u0131n kasetli sursatlar\u0131n t\u0259hvil verilm\u0259si q\u0259rar\u0131n\u0131 alq\u0131\u015flay\u0131r.<\/p>\n\n\n\n<p>BMT Nizamnam\u0259sin\u0259 uy\u011fun olaraq \u00f6z\u00fcn\u00fcm\u00fcdafi\u0259 h\u00fcququna malikdir v\u0259 imzalad\u0131\u011f\u0131 v\u0259 ratifikasiya etdiyi b\u00fct\u00fcn beyn\u0259lxalq humanitar konvensiyalara \u0259m\u0259l ed\u0259c\u0259yin\u0259 s\u00f6z verir.<\/p>\n\n\n\n<p>Reznikovun s\u00f6zl\u0259rin\u0259 g\u00f6r\u0259, Ukrayna kaset sursatlar\u0131ndan yaln\u0131z n\u0259zar\u0259ti b\u0259rpa etm\u0259k \u00fc\u00e7\u00fcn istifad\u0259 ed\u0259c\u0259k:<\/p>\n\n\n\n<p><em>\u201cKaset sursatlar Rusiyan\u0131n r\u0259smi olaraq tan\u0131nan \u0259razisind\u0259 t\u0259tbiq edilm\u0259y\u0259c\u0259k. Kiyev kaset sursatlar\u0131ndan yaln\u0131z Rusiya h\u0259rbi texnikas\u0131n\u0131n c\u0259ml\u0259\u015fdiyi yerl\u0259rd\u0259 istifad\u0259 etm\u0259k niyy\u0259tind\u0259dir.<\/em><\/p>\n\n\n\n<p><em>Ukrayna hakimiyy\u0259ti kaset sursatlar\u0131n\u0131n istifad\u0259 olundu\u011fu \u0259razil\u0259rin ciddi hesabat\u0131n\u0131 aparacaq\u201d.<\/em><\/p>\n\n\n\n<p>M\u00fcdafi\u0259 naziri h\u0259m\u00e7inin qeyd edib ki, bel\u0259 m\u0259rmil\u0259rin istifad\u0259 olundu\u011fu \u0259razil\u0259r daha sonra minat\u0259mizl\u0259m\u0259 \u00fc\u00e7\u00fcn prioritet olacaq:<\/p>\n\n\n\n<p><em>\u201cUkrayna M\u00fcdafi\u0259 Nazirliyi bunun \u00fc\u00e7\u00fcn m\u00fcvafiq h\u00fcquqi baza haz\u0131rlayaca\u011f\u0131n\u0131 v\u0259d edir. Bu silahlardan istifad\u0259 faktlar\u0131 il\u0259 ba\u011fl\u0131 ciddi qeydiyyat apar\u0131lacaq. Ukrayna partnyorlar\u0131n\u0131 kaset sursatlar\u0131n\u0131n istifad\u0259si, o c\u00fcml\u0259d\u0259n onlar\u0131n effektivliyi bar\u0259d\u0259 m\u0259lumatland\u0131racaq\u201d.<\/em><\/p>\n\n\n\n<p>Rusiya Xarici \u0130\u015fl\u0259r Nazirliyinin r\u0259smi n\u00fcmay\u0259nd\u0259si Mariya Zaxarova Kiyevin kaset sursatlar\u0131ndan istifad\u0259nin hesabat\u0131n\u0131 aparaca\u011f\u0131na \u015f\u00fcbh\u0259 etdiyini deyib:<\/p>\n\n\n\n<p><em>\u201cBunu kim\u0259 deyir? M\u00fchasibat u\u00e7otu v\u0259 hesabat haz\u0131rk\u0131 Kiyev rejimi alt\u0131nda Ukraynaya aid deyil\u201d, &#8211;<\/em> Zaxarova deyib.<\/p>\n\n\n\n<p>Kasetli sursatlar\u0131n bomba kassalar\u0131nda y\u00fczl\u0259rl\u0259 f\u0259rdi sursat ola bil\u0259r.<\/p>\n\n\n\n<p>Kaset havada partlad\u0131ld\u0131qda, onlar onlarla kvadrat metr \u0259raziy\u0259 s\u0259p\u0259l\u0259nirl\u0259r.<\/p>\n\n\n\n<p>Bombalar\u0131n b\u0259zil\u0259ri d\u0259rhal partlam\u0131r, yerd\u0259 qal\u0131r. M\u00fcnaqi\u015f\u0259 bitdikd\u0259n xeyli sonra m\u00fclki \u0259hali \u00fc\u00e7\u00fcn t\u0259hl\u00fck\u0259 yarad\u0131r.<\/p>\n\n\n\n<p>2008-ci ild\u0259 Kasetli Silahlar\u0131n Qada\u011fan edilm\u0259si haqq\u0131nda Konvensiya q\u0259bul edilib.<\/p>\n\n\n\n<p>\u0130ndiy\u0259d\u0259k 111 \u00f6lk\u0259 ona qo\u015fulub, daha 12 \u00f6lk\u0259 onu imzalay\u0131b, lakin h\u0259l\u0259 d\u0259 ratifikasiya etm\u0259yib.<\/p>\n\n\n\n<p>BMT-nin ba\u015f katibi Antonio Quterre\u015f AB\u015e-\u0131n Kiyev\u0259 kaset sursatlar\u0131n\u0131n t\u0259dar\u00fck\u00fcn\u0259 qar\u015f\u0131 \u00e7\u0131x\u0131b.<\/p>\n\n\n\n<p>\u201cHuman Rights Watch\u201d beyn\u0259lxalq h\u00fcquq m\u00fcdafi\u0259 t\u0259\u015fkilat\u0131n\u0131n m\u0259lumat\u0131na g\u00f6r\u0259, partlamam\u0131\u015f elementl\u0259rin nisb\u0259ti, bir qayda olaraq, elan edil\u0259nd\u0259n xeyli \u00e7oxdur v\u0259 bu, m\u00fclki \u0259hali aras\u0131nda itkil\u0259r\u0259 s\u0259b\u0259b olur.<\/p>\n\n\n\n<p>Rusiya 2022-ci il fevral\u0131n 24-d\u0259 Ukraynaya qar\u015f\u0131 h\u0259rbi \u0259mliyyatlara ba\u015flay\u0131b.<\/p>\n","protected":false},"excerpt":{"rendered":"<p>Bayden ukraynal\u0131lar\u0131n h\u0259min silahlara ehtiyac\u0131 oldu\u011funu deyib AB\u015e yeni yard\u0131m &#8230; <\/p>\n<p class=\"read-more-container\"><a title=\"AB\u015e Ukraynaya 800 milyonluq yeni h\u0259rbi yard\u0131m ay\u0131r\u0131b\" class=\"read-more button\" href=\"https:\/\/www.meydan.tv\/az\/article\/abs-ukraynaya-800-milyonluq-yeni-herbi-yardim-ayirib\/#more-279341\" aria-label=\"Read more about AB\u015e Ukraynaya 800 milyonluq yeni h\u0259rbi yard\u0131m ay\u0131r\u0131b\">Davam\u0131<\/a><\/p>\n","protected":false},"author":8,"featured_media":237890,"comment_status":"closed","ping_status":"closed","sticky":false,"template":"","format":"standard","meta":{"_acf_changed":false,"_sitemap_exclude":false,"_sitemap_priority":"","_sitemap_frequency":"","footnotes":""},"categories":[64,59,56],"tags":[],"class_list":["post-279341","post","type-post","status-publish","format-standard","has-post-thumbnail","hentry","category-dunya","category-siyaset","category-xeberler","infinite-scroll-item","generate-columns","tablet-grid-50","mobile-grid-100","grid-parent","grid-33","no-featured-image-padding"],"acf":[],"yoast_head":"<!-- This site is optimized with the Yoast SEO plugin v27.4 - https:\/\/yoast.com\/product\/yoast-seo-wordpress\/ -->\n<title>AB\u015e Ukraynaya 800 milyonluq yeni h\u0259rbi yard\u0131m ay\u0131r\u0131b - MEYDAN.TV<\/title>\n<meta name=\"robots\" content=\"index, follow, max-snippet:-1, max-image-preview:large, max-video-preview:-1\" \/>\n<link rel=\"canonical\" href=\"https:\/\/www.meydan.tv\/az\/article\/abs-ukraynaya-800-milyonluq-yeni-herbi-yardim-ayirib\/\" \/>\n<meta property=\"og:locale\" content=\"az_AZ\" \/>\n<meta property=\"og:type\" content=\"article\" \/>\n<meta property=\"og:title\" content=\"AB\u015e Ukraynaya 800 milyonluq yeni h\u0259rbi yard\u0131m ay\u0131r\u0131b - MEYDAN.TV\" \/>\n<meta property=\"og:description\" content=\"Bayden ukraynal\u0131lar\u0131n h\u0259min silahlara ehtiyac\u0131 oldu\u011funu deyib AB\u015e yeni yard\u0131m ... Davam\u0131\" \/>\n<meta property=\"og:url\" content=\"https:\/\/www.meydan.tv\/az\/article\/abs-ukraynaya-800-milyonluq-yeni-herbi-yardim-ayirib\/\" \/>\n<meta property=\"og:site_name\" content=\"MEYDAN.TV\" \/>\n<meta property=\"article:published_time\" content=\"2023-07-08T10:56:35+00:00\" \/>\n<meta property=\"article:modified_time\" content=\"2023-07-08T10:58:28+00:00\" \/>\n<meta property=\"og:image\" content=\"https:\/\/www.meydan.tv\/wp-content\/uploads\/shutterstock_185337578-e1688813892852.jpg\" \/>\n\t<meta property=\"og:image:width\" content=\"1200\" \/>\n\t<meta property=\"og:image:height\" content=\"600\" \/>\n\t<meta property=\"og:image:type\" content=\"image\/jpeg\" \/>\n<meta name=\"author\" content=\"elli\" \/>\n<meta name=\"twitter:card\" content=\"summary_large_image\" \/>\n<meta name=\"twitter:creator\" content=\"@elli\" \/>\n<script type=\"application\/ld+json\" class=\"yoast-schema-graph\">{\"@context\":\"https:\\\/\\\/schema.org\",\"@graph\":[{\"@type\":\"Article\",\"@id\":\"https:\\\/\\\/www.meydan.tv\\\/az\\\/article\\\/abs-ukraynaya-800-milyonluq-yeni-herbi-yardim-ayirib\\\/#article\",\"isPartOf\":{\"@id\":\"https:\\\/\\\/www.meydan.tv\\\/az\\\/article\\\/abs-ukraynaya-800-milyonluq-yeni-herbi-yardim-ayirib\\\/\"},\"author\":{\"name\":\"elli\",\"@id\":\"https:\\\/\\\/www.meydan.tv\\\/az\\\/#\\\/schema\\\/person\\\/9cdbecf90d17180ce1dfbd95b08dcf47\"},\"headline\":\"AB\u015e Ukraynaya 800 milyonluq yeni h\u0259rbi yard\u0131m ay\u0131r\u0131b\",\"datePublished\":\"2023-07-08T10:56:35+00:00\",\"dateModified\":\"2023-07-08T10:58:28+00:00\",\"mainEntityOfPage\":{\"@id\":\"https:\\\/\\\/www.meydan.tv\\\/az\\\/article\\\/abs-ukraynaya-800-milyonluq-yeni-herbi-yardim-ayirib\\\/\"},\"wordCount\":673,\"publisher\":{\"@id\":\"https:\\\/\\\/www.meydan.tv\\\/az\\\/#organization\"},\"image\":{\"@id\":\"https:\\\/\\\/www.meydan.tv\\\/az\\\/article\\\/abs-ukraynaya-800-milyonluq-yeni-herbi-yardim-ayirib\\\/#primaryimage\"},\"thumbnailUrl\":\"https:\\\/\\\/www.meydan.tv\\\/wp-content\\\/uploads\\\/shutterstock_185337578-e1738083127938.jpg\",\"articleSection\":[\"D\u00fcnya\",\"Siyas\u0259t\",\"X\u0259b\u0259rl\u0259r\"],\"inLanguage\":\"az\"},{\"@type\":\"WebPage\",\"@id\":\"https:\\\/\\\/www.meydan.tv\\\/az\\\/article\\\/abs-ukraynaya-800-milyonluq-yeni-herbi-yardim-ayirib\\\/\",\"url\":\"https:\\\/\\\/www.meydan.tv\\\/az\\\/article\\\/abs-ukraynaya-800-milyonluq-yeni-herbi-yardim-ayirib\\\/\",\"name\":\"AB\u015e Ukraynaya 800 milyonluq yeni h\u0259rbi yard\u0131m ay\u0131r\u0131b - MEYDAN.TV\",\"isPartOf\":{\"@id\":\"https:\\\/\\\/www.meydan.tv\\\/az\\\/#website\"},\"primaryImageOfPage\":{\"@id\":\"https:\\\/\\\/www.meydan.tv\\\/az\\\/article\\\/abs-ukraynaya-800-milyonluq-yeni-herbi-yardim-ayirib\\\/#primaryimage\"},\"image\":{\"@id\":\"https:\\\/\\\/www.meydan.tv\\\/az\\\/article\\\/abs-ukraynaya-800-milyonluq-yeni-herbi-yardim-ayirib\\\/#primaryimage\"},\"thumbnailUrl\":\"https:\\\/\\\/www.meydan.tv\\\/wp-content\\\/uploads\\\/shutterstock_185337578-e1738083127938.jpg\",\"datePublished\":\"2023-07-08T10:56:35+00:00\",\"dateModified\":\"2023-07-08T10:58:28+00:00\",\"breadcrumb\":{\"@id\":\"https:\\\/\\\/www.meydan.tv\\\/az\\\/article\\\/abs-ukraynaya-800-milyonluq-yeni-herbi-yardim-ayirib\\\/#breadcrumb\"},\"inLanguage\":\"az\",\"potentialAction\":[{\"@type\":\"ReadAction\",\"target\":[\"https:\\\/\\\/www.meydan.tv\\\/az\\\/article\\\/abs-ukraynaya-800-milyonluq-yeni-herbi-yardim-ayirib\\\/\"]}]},{\"@type\":\"ImageObject\",\"inLanguage\":\"az\",\"@id\":\"https:\\\/\\\/www.meydan.tv\\\/az\\\/article\\\/abs-ukraynaya-800-milyonluq-yeni-herbi-yardim-ayirib\\\/#primaryimage\",\"url\":\"https:\\\/\\\/www.meydan.tv\\\/wp-content\\\/uploads\\\/shutterstock_185337578-e1738083127938.jpg\",\"contentUrl\":\"https:\\\/\\\/www.meydan.tv\\\/wp-content\\\/uploads\\\/shutterstock_185337578-e1738083127938.jpg\",\"width\":1200,\"height\":522,\"caption\":\"AB\u015e. Foto: Lane V. Erickson\\\/shutterstock\"},{\"@type\":\"BreadcrumbList\",\"@id\":\"https:\\\/\\\/www.meydan.tv\\\/az\\\/article\\\/abs-ukraynaya-800-milyonluq-yeni-herbi-yardim-ayirib\\\/#breadcrumb\",\"itemListElement\":[{\"@type\":\"ListItem\",\"position\":1,\"name\":\"Ana s\u0259hif\u0259\",\"item\":\"https:\\\/\\\/www.meydan.tv\\\/az\\\/\"},{\"@type\":\"ListItem\",\"position\":2,\"name\":\"Siyas\u0259t\",\"item\":\"https:\\\/\\\/www.meydan.tv\\\/az\\\/section\\\/siyaset\\\/\"},{\"@type\":\"ListItem\",\"position\":3,\"name\":\"AB\u015e Ukraynaya 800 milyonluq yeni h\u0259rbi yard\u0131m ay\u0131r\u0131b\"}]},{\"@type\":\"WebSite\",\"@id\":\"https:\\\/\\\/www.meydan.tv\\\/az\\\/#website\",\"url\":\"https:\\\/\\\/www.meydan.tv\\\/az\\\/\",\"name\":\"MEYDAN.TV\",\"description\":\"Meydan TV Az\u0259rbaycan\u0131n media m\u0259kan\u0131ndak\u0131 alternativ s\u0259sidir\",\"publisher\":{\"@id\":\"https:\\\/\\\/www.meydan.tv\\\/az\\\/#organization\"},\"potentialAction\":[{\"@type\":\"SearchAction\",\"target\":{\"@type\":\"EntryPoint\",\"urlTemplate\":\"https:\\\/\\\/www.meydan.tv\\\/az\\\/?s={search_term_string}\"},\"query-input\":{\"@type\":\"PropertyValueSpecification\",\"valueRequired\":true,\"valueName\":\"search_term_string\"}}],\"inLanguage\":\"az\"},{\"@type\":\"Organization\",\"@id\":\"https:\\\/\\\/www.meydan.tv\\\/az\\\/#organization\",\"name\":\"Meydan TV\",\"url\":\"https:\\\/\\\/www.meydan.tv\\\/az\\\/\",\"logo\":{\"@type\":\"ImageObject\",\"inLanguage\":\"az\",\"@id\":\"https:\\\/\\\/www.meydan.tv\\\/az\\\/#\\\/schema\\\/logo\\\/image\\\/\",\"url\":\"https:\\\/\\\/www.meydan.tv\\\/wp-content\\\/uploads\\\/2021\\\/07\\\/meydan-logo.svg\",\"contentUrl\":\"https:\\\/\\\/www.meydan.tv\\\/wp-content\\\/uploads\\\/2021\\\/07\\\/meydan-logo.svg\",\"width\":195,\"height\":46,\"caption\":\"Meydan TV\"},\"image\":{\"@id\":\"https:\\\/\\\/www.meydan.tv\\\/az\\\/#\\\/schema\\\/logo\\\/image\\\/\"}},{\"@type\":\"Person\",\"@id\":\"https:\\\/\\\/www.meydan.tv\\\/az\\\/#\\\/schema\\\/person\\\/9cdbecf90d17180ce1dfbd95b08dcf47\",\"name\":\"elli\",\"sameAs\":[\"https:\\\/\\\/x.com\\\/elli\"]}]}<\/script>\n<!-- \/ Yoast SEO plugin. -->","yoast_head_json":{"title":"AB\u015e Ukraynaya 800 milyonluq yeni h\u0259rbi yard\u0131m ay\u0131r\u0131b - MEYDAN.TV","robots":{"index":"index","follow":"follow","max-snippet":"max-snippet:-1","max-image-preview":"max-image-preview:large","max-video-preview":"max-video-preview:-1"},"canonical":"https:\/\/www.meydan.tv\/az\/article\/abs-ukraynaya-800-milyonluq-yeni-herbi-yardim-ayirib\/","og_locale":"az_AZ","og_type":"article","og_title":"AB\u015e Ukraynaya 800 milyonluq yeni h\u0259rbi yard\u0131m ay\u0131r\u0131b - MEYDAN.TV","og_description":"Bayden ukraynal\u0131lar\u0131n h\u0259min silahlara ehtiyac\u0131 oldu\u011funu deyib AB\u015e yeni yard\u0131m ... Davam\u0131","og_url":"https:\/\/www.meydan.tv\/az\/article\/abs-ukraynaya-800-milyonluq-yeni-herbi-yardim-ayirib\/","og_site_name":"MEYDAN.TV","article_published_time":"2023-07-08T10:56:35+00:00","article_modified_time":"2023-07-08T10:58:28+00:00","og_image":[{"width":1200,"height":600,"url":"https:\/\/www.meydan.tv\/wp-content\/uploads\/shutterstock_185337578-e1688813892852.jpg","type":"image\/jpeg"}],"author":"elli","twitter_card":"summary_large_image","twitter_creator":"@elli","schema":{"@context":"https:\/\/schema.org","@graph":[{"@type":"Article","@id":"https:\/\/www.meydan.tv\/az\/article\/abs-ukraynaya-800-milyonluq-yeni-herbi-yardim-ayirib\/#article","isPartOf":{"@id":"https:\/\/www.meydan.tv\/az\/article\/abs-ukraynaya-800-milyonluq-yeni-herbi-yardim-ayirib\/"},"author":{"name":"elli","@id":"https:\/\/www.meydan.tv\/az\/#\/schema\/person\/9cdbecf90d17180ce1dfbd95b08dcf47"},"headline":"AB\u015e Ukraynaya 800 milyonluq yeni h\u0259rbi yard\u0131m ay\u0131r\u0131b","datePublished":"2023-07-08T10:56:35+00:00","dateModified":"2023-07-08T10:58:28+00:00","mainEntityOfPage":{"@id":"https:\/\/www.meydan.tv\/az\/article\/abs-ukraynaya-800-milyonluq-yeni-herbi-yardim-ayirib\/"},"wordCount":673,"publisher":{"@id":"https:\/\/www.meydan.tv\/az\/#organization"},"image":{"@id":"https:\/\/www.meydan.tv\/az\/article\/abs-ukraynaya-800-milyonluq-yeni-herbi-yardim-ayirib\/#primaryimage"},"thumbnailUrl":"https:\/\/www.meydan.tv\/wp-content\/uploads\/shutterstock_185337578-e1738083127938.jpg","articleSection":["D\u00fcnya","Siyas\u0259t","X\u0259b\u0259rl\u0259r"],"inLanguage":"az"},{"@type":"WebPage","@id":"https:\/\/www.meydan.tv\/az\/article\/abs-ukraynaya-800-milyonluq-yeni-herbi-yardim-ayirib\/","url":"https:\/\/www.meydan.tv\/az\/article\/abs-ukraynaya-800-milyonluq-yeni-herbi-yardim-ayirib\/","name":"AB\u015e Ukraynaya 800 milyonluq yeni h\u0259rbi yard\u0131m ay\u0131r\u0131b - MEYDAN.TV","isPartOf":{"@id":"https:\/\/www.meydan.tv\/az\/#website"},"primaryImageOfPage":{"@id":"https:\/\/www.meydan.tv\/az\/article\/abs-ukraynaya-800-milyonluq-yeni-herbi-yardim-ayirib\/#primaryimage"},"image":{"@id":"https:\/\/www.meydan.tv\/az\/article\/abs-ukraynaya-800-milyonluq-yeni-herbi-yardim-ayirib\/#primaryimage"},"thumbnailUrl":"https:\/\/www.meydan.tv\/wp-content\/uploads\/shutterstock_185337578-e1738083127938.jpg","datePublished":"2023-07-08T10:56:35+00:00","dateModified":"2023-07-08T10:58:28+00:00","breadcrumb":{"@id":"https:\/\/www.meydan.tv\/az\/article\/abs-ukraynaya-800-milyonluq-yeni-herbi-yardim-ayirib\/#breadcrumb"},"inLanguage":"az","potentialAction":[{"@type":"ReadAction","target":["https:\/\/www.meydan.tv\/az\/article\/abs-ukraynaya-800-milyonluq-yeni-herbi-yardim-ayirib\/"]}]},{"@type":"ImageObject","inLanguage":"az","@id":"https:\/\/www.meydan.tv\/az\/article\/abs-ukraynaya-800-milyonluq-yeni-herbi-yardim-ayirib\/#primaryimage","url":"https:\/\/www.meydan.tv\/wp-content\/uploads\/shutterstock_185337578-e1738083127938.jpg","contentUrl":"https:\/\/www.meydan.tv\/wp-content\/uploads\/shutterstock_185337578-e1738083127938.jpg","width":1200,"height":522,"caption":"AB\u015e. Foto: Lane V. Erickson\/shutterstock"},{"@type":"BreadcrumbList","@id":"https:\/\/www.meydan.tv\/az\/article\/abs-ukraynaya-800-milyonluq-yeni-herbi-yardim-ayirib\/#breadcrumb","itemListElement":[{"@type":"ListItem","position":1,"name":"Ana s\u0259hif\u0259","item":"https:\/\/www.meydan.tv\/az\/"},{"@type":"ListItem","position":2,"name":"Siyas\u0259t","item":"https:\/\/www.meydan.tv\/az\/section\/siyaset\/"},{"@type":"ListItem","position":3,"name":"AB\u015e Ukraynaya 800 milyonluq yeni h\u0259rbi yard\u0131m ay\u0131r\u0131b"}]},{"@type":"WebSite","@id":"https:\/\/www.meydan.tv\/az\/#website","url":"https:\/\/www.meydan.tv\/az\/","name":"MEYDAN.TV","description":"Meydan TV Az\u0259rbaycan\u0131n media m\u0259kan\u0131ndak\u0131 alternativ s\u0259sidir","publisher":{"@id":"https:\/\/www.meydan.tv\/az\/#organization"},"potentialAction":[{"@type":"SearchAction","target":{"@type":"EntryPoint","urlTemplate":"https:\/\/www.meydan.tv\/az\/?s={search_term_string}"},"query-input":{"@type":"PropertyValueSpecification","valueRequired":true,"valueName":"search_term_string"}}],"inLanguage":"az"},{"@type":"Organization","@id":"https:\/\/www.meydan.tv\/az\/#organization","name":"Meydan TV","url":"https:\/\/www.meydan.tv\/az\/","logo":{"@type":"ImageObject","inLanguage":"az","@id":"https:\/\/www.meydan.tv\/az\/#\/schema\/logo\/image\/","url":"https:\/\/www.meydan.tv\/wp-content\/uploads\/2021\/07\/meydan-logo.svg","contentUrl":"https:\/\/www.meydan.tv\/wp-content\/uploads\/2021\/07\/meydan-logo.svg","width":195,"height":46,"caption":"Meydan TV"},"image":{"@id":"https:\/\/www.meydan.tv\/az\/#\/schema\/logo\/image\/"}},{"@type":"Person","@id":"https:\/\/www.meydan.tv\/az\/#\/schema\/person\/9cdbecf90d17180ce1dfbd95b08dcf47","name":"elli","sameAs":["https:\/\/x.com\/elli"]}]}},"_links":{"self":[{"href":"https:\/\/www.meydan.tv\/az\/wp-json\/wp\/v2\/posts\/279341","targetHints":{"allow":["GET"]}}],"collection":[{"href":"https:\/\/www.meydan.tv\/az\/wp-json\/wp\/v2\/posts"}],"about":[{"href":"https:\/\/www.meydan.tv\/az\/wp-json\/wp\/v2\/types\/post"}],"author":[{"embeddable":true,"href":"https:\/\/www.meydan.tv\/az\/wp-json\/wp\/v2\/users\/8"}],"replies":[{"embeddable":true,"href":"https:\/\/www.meydan.tv\/az\/wp-json\/wp\/v2\/comments?post=279341"}],"version-history":[{"count":1,"href":"https:\/\/www.meydan.tv\/az\/wp-json\/wp\/v2\/posts\/279341\/revisions"}],"predecessor-version":[{"id":279342,"href":"https:\/\/www.meydan.tv\/az\/wp-json\/wp\/v2\/posts\/279341\/revisions\/279342"}],"wp:featuredmedia":[{"embeddable":true,"href":"https:\/\/www.meydan.tv\/az\/wp-json\/wp\/v2\/media\/237890"}],"wp:attachment":[{"href":"https:\/\/www.meydan.tv\/az\/wp-json\/wp\/v2\/media?parent=279341"}],"wp:term":[{"taxonomy":"category","embeddable":true,"href":"https:\/\/www.meydan.tv\/az\/wp-json\/wp\/v2\/categories?post=279341"},{"taxonomy":"post_tag","embeddable":true,"href":"https:\/\/www.meydan.tv\/az\/wp-json\/wp\/v2\/tags?post=279341"}],"curies":[{"name":"wp","href":"https:\/\/api.w.org\/{rel}","templated":true}]}}