{"id":279231,"date":"2023-07-06T23:32:27","date_gmt":"2023-07-06T19:32:27","guid":{"rendered":"https:\/\/www.meydan.tv\/?p=279231"},"modified":"2023-07-06T23:32:30","modified_gmt":"2023-07-06T19:32:30","slug":"elcin-sadiqovun-vekiller-kollegiyasindan-cixarildigi-bildirilir","status":"publish","type":"post","link":"https:\/\/www.meydan.tv\/az\/article\/elcin-sadiqovun-vekiller-kollegiyasindan-cixarildigi-bildirilir\/","title":{"rendered":"El\u00e7in Sad\u0131qovun V\u0259kill\u0259r Kollegiyas\u0131ndan \u00e7\u0131xar\u0131ld\u0131\u011f\u0131 bildirilir"},"content":{"rendered":"\n<p><\/p>\n\n\n\n<p><strong><em>V\u0259kil bunun siyasi q\u0259rar oldu\u011funu deyir<\/em><\/strong><\/p>\n\n\n\n<p>Bir \u00e7ox ictimai-siyasi f\u0259al\u0131n, m\u00fcst\u0259qil jurnalistl\u0259rin h\u00fcquqlar\u0131n\u0131 m\u00fcdafi\u0259 ed\u0259n El\u00e7in Sad\u0131qovun v\u0259killik f\u0259aliyy\u0259ti dayand\u0131r\u0131l\u0131b. \u0130yulun 6-da V\u0259kill\u0259r Kollegiyas\u0131 R\u0259yas\u0259t Hey\u0259tinin iclas\u0131nda bu bar\u0259d\u0259 q\u0259rar q\u0259bul edilib.<\/p>\n\n\n\n<p>El\u00e7in Sad\u0131qovla yana\u015f\u0131, daha iki v\u0259kilin d\u0259 f\u0259aliyy\u0259ti dayand\u0131r\u0131l\u0131b.<\/p>\n\n\n\n<p>H\u0259r \u00fc\u00e7 v\u0259kilin V\u0259kill\u0259r Kollegiyas\u0131n\u0131n \u00fczvl\u00fcy\u00fcnd\u0259n \u00e7\u0131xar\u0131lmas\u0131 \u00fc\u00e7\u00fcn m\u0259hk\u0259m\u0259y\u0259 m\u00fcraci\u0259t olunmas\u0131 haqda q\u0259rar q\u0259bul edilib.<\/p>\n\n\n\n<p>V\u0259kill\u0259r Kollegiyas\u0131 3 v\u0259kill\u0259 ba\u011fl\u0131 a\u00e7\u0131qlama yaysa da, h\u0259min v\u0259kill\u0259rin kimliyini a\u00e7\u0131qlamay\u0131b. Lakin Kollegiyadak\u0131 m\u0259nb\u0259 bildirib ki, onlardan biri El\u00e7in Sad\u0131qovdur.<\/p>\n\n\n\n<p>Uzun ill\u0259r ictimai-siyasi f\u0259allar\u0131n h\u00fcquqlar\u0131n\u0131 m\u00fcdafi\u0259 ed\u0259n v\u0259kil El\u00e7in Sad\u0131qovun f\u0259aliyy\u0259ti \u201chaqqin.az\u201d sayt\u0131n\u0131n r\u0259hb\u0259ri Eynulla F\u0259tullayevin V\u0259kill\u0259r Kollegiyas\u0131na \u015fikay\u0259ti \u0259sas\u0131nda dayand\u0131r\u0131l\u0131b. Eynulla F\u0259tullayev 2022-ci ilin sentyabr\u0131nda V\u0259kill\u0259r Kollegiyas\u0131na \u015fikay\u0259t edib. H\u0259min \u015fikay\u0259t \u201cBaku Steel Company\u201d MMC-nin ke\u00e7mi\u015f r\u0259hb\u0259ri Rasim M\u0259mm\u0259dovun ail\u0259sind\u0259n 20 min manat al\u0131n\u0131b, &#8220;Xural.com&#8221; sayt\u0131n\u0131n haz\u0131rda h\u0259bsd\u0259 olan r\u0259hb\u0259ri \u018fv\u0259z Zeynall\u0131ya verilm\u0259si iddias\u0131yla ba\u011fl\u0131 olub.<\/p>\n\n\n\n<p>El\u00e7in Sad\u0131qov bildirirdi ki, Eynulla F\u0259tullayevin n\u0259 \u015fikay\u0259t verm\u0259k h\u00fcququ vard\u0131, n\u0259 d\u0259 bu \u015fikay\u0259tin icraata q\u0259bul edilm\u0259si \u00fc\u00e7\u00fcn \u0259sas: \u201c\u00dcmumi q\u0259bul edilmi\u015f m\u00fcraci\u0259t h\u00fcququna \u0259sas\u0259n, h\u0259r k\u0259s \u00f6z\u00fcn\u00fcn h\u00fcququnu pozan, h\u00fcquq v\u0259 maraqlar\u0131na toxunan halla ba\u011fl\u0131 m\u00fcraci\u0259t etm\u0259k h\u00fcququna malikdir. Eyni zamanda V\u0259kill\u0259r Kollegiyas\u0131 R\u0259yas\u0259t Hey\u0259ti bu \u201c\u015fikay\u0259t\u0259\u201d ona g\u00f6r\u0259 baxa bilm\u0259zdi ki, bu m\u0259s\u0259l\u0259 il\u0259 ba\u011fl\u0131 i\u015f prokurorlu\u011fun icraat\u0131ndad\u0131r\u201d.<\/p>\n\n\n\n<p>El\u00e7in Sad\u0131qov bug\u00fcnl\u0259rd\u0259 Prezident \u0130lham \u018fliyev\u0259 m\u00fcraci\u0259t ed\u0259r\u0259k, ona qar\u015f\u0131 t\u0259qib v\u0259 t\u0259zyiql\u0259rin g\u00fccl\u0259ndiyini bildirmi\u015fdi:<\/p>\n\n\n\n<p><em>\u201c\u0130nsan h\u00fcquq v\u0259 azadl\u0131qlar\u0131n\u0131 m\u00fcdafi\u0259 ed\u0259n bir v\u0259kil olaraq, Sizd\u0259n xahi\u015f edir\u0259m, \u00f6z f\u0259aliyy\u0259timi t\u0259hl\u00fck\u0259siz v\u0259 m\u00fcst\u0259qil h\u0259yata ke\u00e7irm\u0259yim\u0259 k\u00f6m\u0259k ed\u0259siniz. M\u0259n\u0259 qar\u015f\u0131 qanunsuz intizam, cinay\u0259t t\u0259qibi v\u0259 t\u0259zyiql\u0259r\u0259 son verilm\u0259sin\u0259 g\u00f6st\u0259ri\u015f ver\u0259siniz\u201d.<\/em><\/p>\n\n\n\n<p>El\u00e7in Sad\u0131qovun fikrinc\u0259, 2022-ci ilin sentyabr\u0131nda verilmi\u015f \u015fikay\u0259t\u0259 m\u0259hz indi bax\u0131lmas\u0131 da t\u0259sad\u00fcf deyil.<\/p>\n\n\n\n<p>El\u00e7in Sad\u0131qov v\u0259killik f\u0259aliyy\u0259tinin dayand\u0131r\u0131lmas\u0131 haqda q\u0259rardan media vasit\u0259sil\u0259 x\u0259b\u0259r tutdu\u011funu deyir. O, v\u0259killik f\u0259aliyy\u0259tinin dayand\u0131r\u0131lmas\u0131 haqda q\u0259rar\u0131n siyasi oldu\u011funu vur\u011fulay\u0131b:<\/p>\n\n\n\n<p><em>\u201cM\u0259niml\u0259 ba\u011fl\u0131 siyasi q\u0259rar q\u0259bul edilib. Bu q\u0259rardan m\u0259tbuat vasit\u0259sil\u0259 m\u0259lumat alm\u0131\u015fam. Bu q\u0259rar\u0131 siyasi hesab edir\u0259m v\u0259 son vaxtlar insanlar\u0131 i\u015fg\u0259nc\u0259d\u0259n qurtard\u0131\u011f\u0131ma g\u00f6r\u0259dir. \u018fslind\u0259, d\u00fc\u015f\u00fcn\u00fcrd\u00fcm ki, intizam icraat\u0131 h\u0259val\u0259 edil\u0259n v\u0259kil \u0130smay\u0131l K\u0259ng\u0259rli \u00f6z\u00fc-\u00f6z\u00fcn\u0259 etiraz ed\u0259c\u0259k. Ax\u0131 o, Eynullan\u0131n dostudur. \u00dcmid edir\u0259m ki, V\u0259kill\u0259r Kollegiyas\u0131n\u0131n R\u0259yas\u0259t Hey\u0259ti bu i\u015f\u0259 yenid\u0259n m\u0259nim i\u015ftirak\u0131mla baxacaq\u201d.<\/em><\/p>\n\n\n\n<p>2022-ci il sentyabr\u0131n 10-da \u201cXural.com\u201d sayt\u0131n\u0131n r\u0259hb\u0259ri \u018fv\u0259z Zeynall\u0131 il\u0259 yana\u015f\u0131, v\u0259kil El\u00e7in Sad\u0131qov da eyni cinay\u0259t i\u015fi \u00fczr\u0259 h\u0259bs olunub.<\/p>\n\n\n\n<p>El\u00e7in Sad\u0131qov \u201cBaku Steel Company\u201d MMC-nin ke\u00e7mi\u015f r\u0259hb\u0259ri, 2 il yar\u0131md\u0131r h\u0259bsd\u0259 olan i\u015f adam\u0131 Rasim M\u0259mm\u0259dovun v\u0259kili idi. O, Rasim M\u0259mm\u0259dovun ail\u0259sinin \u018fv\u0259z Zeynall\u0131ya 20 min dollar r\u00fc\u015fv\u0259t verm\u0259sin\u0259 vasit\u0259\u00e7ilikd\u0259 ittiham olunurdu.<\/p>\n\n\n\n<p>El\u00e7in Sad\u0131qov bir h\u0259ft\u0259 sonra &#8211; sentyabr\u0131n 17-d\u0259 ev dustaql\u0131\u011f\u0131na burax\u0131l\u0131b. O, \u00f6z\u00fcn\u00fc t\u0259qsirli bilmir, insan h\u00fcquq v\u0259 azadl\u0131qlar\u0131n\u0131n m\u00fcdafi\u0259si sah\u0259sind\u0259 f\u0259aliyy\u0259tin\u0259 g\u00f6r\u0259 c\u0259zaland\u0131r\u0131ld\u0131\u011f\u0131n\u0131 bildirir.<\/p>\n\n\n\n<p>\u018fv\u0259z Zeynall\u0131 is\u0259 r\u00fc\u015fv\u0259tl\u0259 yana\u015f\u0131, d\u0259l\u0259duzluq, v\u0259zif\u0259li \u015f\u0259xsin q\u0259rar\u0131na qanunsuz t\u0259sir g\u00f6st\u0259rm\u0259 madd\u0259l\u0259ril\u0259 d\u0259 ittiham edil\u0259r\u0259k, haz\u0131rda Bak\u0131 A\u011f\u0131r Cinay\u0259tl\u0259r M\u0259hk\u0259m\u0259sind\u0259 m\u00fchakim\u0259 olunur. \u201cS\u0259da TV\u201d internet televiziyas\u0131n\u0131n r\u0259hb\u0259ri Elmur \u015e\u00fck\u00fcrov da onunla birlikd\u0259 m\u0259hk\u0259m\u0259 qar\u015f\u0131s\u0131na \u00e7\u0131xar\u0131l\u0131b.<\/p>\n\n\n\n<p>El\u00e7in Sad\u0131qov haqq\u0131nda cinay\u0259t i\u015fi is\u0259 ayr\u0131l\u0131b.<\/p>\n","protected":false},"excerpt":{"rendered":"<p>V\u0259kil bunun siyasi q\u0259rar oldu\u011funu deyir Bir \u00e7ox ictimai-siyasi f\u0259al\u0131n, &#8230; <\/p>\n<p class=\"read-more-container\"><a title=\"El\u00e7in Sad\u0131qovun V\u0259kill\u0259r Kollegiyas\u0131ndan \u00e7\u0131xar\u0131ld\u0131\u011f\u0131 bildirilir\" class=\"read-more button\" href=\"https:\/\/www.meydan.tv\/az\/article\/elcin-sadiqovun-vekiller-kollegiyasindan-cixarildigi-bildirilir\/#more-279231\" aria-label=\"Read more about El\u00e7in Sad\u0131qovun V\u0259kill\u0259r Kollegiyas\u0131ndan \u00e7\u0131xar\u0131ld\u0131\u011f\u0131 bildirilir\">Davam\u0131<\/a><\/p>\n","protected":false},"author":8,"featured_media":255325,"comment_status":"closed","ping_status":"closed","sticky":false,"template":"","format":"standard","meta":{"_acf_changed":false,"_sitemap_exclude":false,"_sitemap_priority":"","_sitemap_frequency":"","footnotes":""},"categories":[59,79,56],"tags":[],"class_list":["post-279231","post","type-post","status-publish","format-standard","has-post-thumbnail","hentry","category-siyaset","category-featured","category-xeberler","infinite-scroll-item","generate-columns","tablet-grid-50","mobile-grid-100","grid-parent","grid-33","no-featured-image-padding"],"acf":[],"yoast_head":"<!-- This site is optimized with the Yoast SEO plugin v27.4 - https:\/\/yoast.com\/product\/yoast-seo-wordpress\/ -->\n<title>El\u00e7in Sad\u0131qovun V\u0259kill\u0259r Kollegiyas\u0131ndan \u00e7\u0131xar\u0131ld\u0131\u011f\u0131 bildirilir - MEYDAN.TV<\/title>\n<meta name=\"robots\" content=\"index, follow, max-snippet:-1, max-image-preview:large, max-video-preview:-1\" \/>\n<link rel=\"canonical\" href=\"https:\/\/www.meydan.tv\/az\/article\/elcin-sadiqovun-vekiller-kollegiyasindan-cixarildigi-bildirilir\/\" \/>\n<meta property=\"og:locale\" content=\"az_AZ\" \/>\n<meta property=\"og:type\" content=\"article\" \/>\n<meta property=\"og:title\" content=\"El\u00e7in Sad\u0131qovun V\u0259kill\u0259r Kollegiyas\u0131ndan \u00e7\u0131xar\u0131ld\u0131\u011f\u0131 bildirilir - MEYDAN.TV\" \/>\n<meta property=\"og:description\" content=\"V\u0259kil bunun siyasi q\u0259rar oldu\u011funu deyir Bir \u00e7ox ictimai-siyasi f\u0259al\u0131n, ... Davam\u0131\" \/>\n<meta property=\"og:url\" content=\"https:\/\/www.meydan.tv\/az\/article\/elcin-sadiqovun-vekiller-kollegiyasindan-cixarildigi-bildirilir\/\" \/>\n<meta property=\"og:site_name\" content=\"MEYDAN.TV\" \/>\n<meta property=\"article:published_time\" content=\"2023-07-06T19:32:27+00:00\" \/>\n<meta property=\"article:modified_time\" content=\"2023-07-06T19:32:30+00:00\" \/>\n<meta property=\"og:image\" content=\"https:\/\/www.meydan.tv\/wp-content\/uploads\/37740-1.png\" \/>\n\t<meta property=\"og:image:width\" content=\"1200\" \/>\n\t<meta property=\"og:image:height\" content=\"666\" \/>\n\t<meta property=\"og:image:type\" content=\"image\/png\" \/>\n<meta name=\"author\" content=\"elli\" \/>\n<meta name=\"twitter:card\" content=\"summary_large_image\" \/>\n<meta name=\"twitter:creator\" content=\"@elli\" \/>\n<script type=\"application\/ld+json\" class=\"yoast-schema-graph\">{\"@context\":\"https:\\\/\\\/schema.org\",\"@graph\":[{\"@type\":\"Article\",\"@id\":\"https:\\\/\\\/www.meydan.tv\\\/az\\\/article\\\/elcin-sadiqovun-vekiller-kollegiyasindan-cixarildigi-bildirilir\\\/#article\",\"isPartOf\":{\"@id\":\"https:\\\/\\\/www.meydan.tv\\\/az\\\/article\\\/elcin-sadiqovun-vekiller-kollegiyasindan-cixarildigi-bildirilir\\\/\"},\"author\":{\"name\":\"elli\",\"@id\":\"https:\\\/\\\/www.meydan.tv\\\/az\\\/#\\\/schema\\\/person\\\/9cdbecf90d17180ce1dfbd95b08dcf47\"},\"headline\":\"El\u00e7in Sad\u0131qovun V\u0259kill\u0259r Kollegiyas\u0131ndan \u00e7\u0131xar\u0131ld\u0131\u011f\u0131 bildirilir\",\"datePublished\":\"2023-07-06T19:32:27+00:00\",\"dateModified\":\"2023-07-06T19:32:30+00:00\",\"mainEntityOfPage\":{\"@id\":\"https:\\\/\\\/www.meydan.tv\\\/az\\\/article\\\/elcin-sadiqovun-vekiller-kollegiyasindan-cixarildigi-bildirilir\\\/\"},\"wordCount\":841,\"publisher\":{\"@id\":\"https:\\\/\\\/www.meydan.tv\\\/az\\\/#organization\"},\"image\":{\"@id\":\"https:\\\/\\\/www.meydan.tv\\\/az\\\/article\\\/elcin-sadiqovun-vekiller-kollegiyasindan-cixarildigi-bildirilir\\\/#primaryimage\"},\"thumbnailUrl\":\"https:\\\/\\\/www.meydan.tv\\\/wp-content\\\/uploads\\\/37740-1.png\",\"articleSection\":[\"Siyas\u0259t\",\"T\u00f6vsiy\u0259\",\"X\u0259b\u0259rl\u0259r\"],\"inLanguage\":\"az\"},{\"@type\":\"WebPage\",\"@id\":\"https:\\\/\\\/www.meydan.tv\\\/az\\\/article\\\/elcin-sadiqovun-vekiller-kollegiyasindan-cixarildigi-bildirilir\\\/\",\"url\":\"https:\\\/\\\/www.meydan.tv\\\/az\\\/article\\\/elcin-sadiqovun-vekiller-kollegiyasindan-cixarildigi-bildirilir\\\/\",\"name\":\"El\u00e7in Sad\u0131qovun V\u0259kill\u0259r Kollegiyas\u0131ndan \u00e7\u0131xar\u0131ld\u0131\u011f\u0131 bildirilir - MEYDAN.TV\",\"isPartOf\":{\"@id\":\"https:\\\/\\\/www.meydan.tv\\\/az\\\/#website\"},\"primaryImageOfPage\":{\"@id\":\"https:\\\/\\\/www.meydan.tv\\\/az\\\/article\\\/elcin-sadiqovun-vekiller-kollegiyasindan-cixarildigi-bildirilir\\\/#primaryimage\"},\"image\":{\"@id\":\"https:\\\/\\\/www.meydan.tv\\\/az\\\/article\\\/elcin-sadiqovun-vekiller-kollegiyasindan-cixarildigi-bildirilir\\\/#primaryimage\"},\"thumbnailUrl\":\"https:\\\/\\\/www.meydan.tv\\\/wp-content\\\/uploads\\\/37740-1.png\",\"datePublished\":\"2023-07-06T19:32:27+00:00\",\"dateModified\":\"2023-07-06T19:32:30+00:00\",\"breadcrumb\":{\"@id\":\"https:\\\/\\\/www.meydan.tv\\\/az\\\/article\\\/elcin-sadiqovun-vekiller-kollegiyasindan-cixarildigi-bildirilir\\\/#breadcrumb\"},\"inLanguage\":\"az\",\"potentialAction\":[{\"@type\":\"ReadAction\",\"target\":[\"https:\\\/\\\/www.meydan.tv\\\/az\\\/article\\\/elcin-sadiqovun-vekiller-kollegiyasindan-cixarildigi-bildirilir\\\/\"]}]},{\"@type\":\"ImageObject\",\"inLanguage\":\"az\",\"@id\":\"https:\\\/\\\/www.meydan.tv\\\/az\\\/article\\\/elcin-sadiqovun-vekiller-kollegiyasindan-cixarildigi-bildirilir\\\/#primaryimage\",\"url\":\"https:\\\/\\\/www.meydan.tv\\\/wp-content\\\/uploads\\\/37740-1.png\",\"contentUrl\":\"https:\\\/\\\/www.meydan.tv\\\/wp-content\\\/uploads\\\/37740-1.png\",\"width\":1200,\"height\":666,\"caption\":\"V\u0259kil El\u00e7in Sad\u0131qov. Foto: Meydan TV\"},{\"@type\":\"BreadcrumbList\",\"@id\":\"https:\\\/\\\/www.meydan.tv\\\/az\\\/article\\\/elcin-sadiqovun-vekiller-kollegiyasindan-cixarildigi-bildirilir\\\/#breadcrumb\",\"itemListElement\":[{\"@type\":\"ListItem\",\"position\":1,\"name\":\"Ana s\u0259hif\u0259\",\"item\":\"https:\\\/\\\/www.meydan.tv\\\/az\\\/\"},{\"@type\":\"ListItem\",\"position\":2,\"name\":\"Siyas\u0259t\",\"item\":\"https:\\\/\\\/www.meydan.tv\\\/az\\\/section\\\/siyaset\\\/\"},{\"@type\":\"ListItem\",\"position\":3,\"name\":\"El\u00e7in Sad\u0131qovun V\u0259kill\u0259r Kollegiyas\u0131ndan \u00e7\u0131xar\u0131ld\u0131\u011f\u0131 bildirilir\"}]},{\"@type\":\"WebSite\",\"@id\":\"https:\\\/\\\/www.meydan.tv\\\/az\\\/#website\",\"url\":\"https:\\\/\\\/www.meydan.tv\\\/az\\\/\",\"name\":\"MEYDAN.TV\",\"description\":\"Meydan TV Az\u0259rbaycan\u0131n media m\u0259kan\u0131ndak\u0131 alternativ s\u0259sidir\",\"publisher\":{\"@id\":\"https:\\\/\\\/www.meydan.tv\\\/az\\\/#organization\"},\"potentialAction\":[{\"@type\":\"SearchAction\",\"target\":{\"@type\":\"EntryPoint\",\"urlTemplate\":\"https:\\\/\\\/www.meydan.tv\\\/az\\\/?s={search_term_string}\"},\"query-input\":{\"@type\":\"PropertyValueSpecification\",\"valueRequired\":true,\"valueName\":\"search_term_string\"}}],\"inLanguage\":\"az\"},{\"@type\":\"Organization\",\"@id\":\"https:\\\/\\\/www.meydan.tv\\\/az\\\/#organization\",\"name\":\"Meydan TV\",\"url\":\"https:\\\/\\\/www.meydan.tv\\\/az\\\/\",\"logo\":{\"@type\":\"ImageObject\",\"inLanguage\":\"az\",\"@id\":\"https:\\\/\\\/www.meydan.tv\\\/az\\\/#\\\/schema\\\/logo\\\/image\\\/\",\"url\":\"https:\\\/\\\/www.meydan.tv\\\/wp-content\\\/uploads\\\/2021\\\/07\\\/meydan-logo.svg\",\"contentUrl\":\"https:\\\/\\\/www.meydan.tv\\\/wp-content\\\/uploads\\\/2021\\\/07\\\/meydan-logo.svg\",\"width\":195,\"height\":46,\"caption\":\"Meydan TV\"},\"image\":{\"@id\":\"https:\\\/\\\/www.meydan.tv\\\/az\\\/#\\\/schema\\\/logo\\\/image\\\/\"}},{\"@type\":\"Person\",\"@id\":\"https:\\\/\\\/www.meydan.tv\\\/az\\\/#\\\/schema\\\/person\\\/9cdbecf90d17180ce1dfbd95b08dcf47\",\"name\":\"elli\",\"sameAs\":[\"https:\\\/\\\/x.com\\\/elli\"]}]}<\/script>\n<!-- \/ Yoast SEO plugin. -->","yoast_head_json":{"title":"El\u00e7in Sad\u0131qovun V\u0259kill\u0259r Kollegiyas\u0131ndan \u00e7\u0131xar\u0131ld\u0131\u011f\u0131 bildirilir - MEYDAN.TV","robots":{"index":"index","follow":"follow","max-snippet":"max-snippet:-1","max-image-preview":"max-image-preview:large","max-video-preview":"max-video-preview:-1"},"canonical":"https:\/\/www.meydan.tv\/az\/article\/elcin-sadiqovun-vekiller-kollegiyasindan-cixarildigi-bildirilir\/","og_locale":"az_AZ","og_type":"article","og_title":"El\u00e7in Sad\u0131qovun V\u0259kill\u0259r Kollegiyas\u0131ndan \u00e7\u0131xar\u0131ld\u0131\u011f\u0131 bildirilir - MEYDAN.TV","og_description":"V\u0259kil bunun siyasi q\u0259rar oldu\u011funu deyir Bir \u00e7ox ictimai-siyasi f\u0259al\u0131n, ... Davam\u0131","og_url":"https:\/\/www.meydan.tv\/az\/article\/elcin-sadiqovun-vekiller-kollegiyasindan-cixarildigi-bildirilir\/","og_site_name":"MEYDAN.TV","article_published_time":"2023-07-06T19:32:27+00:00","article_modified_time":"2023-07-06T19:32:30+00:00","og_image":[{"width":1200,"height":666,"url":"https:\/\/www.meydan.tv\/wp-content\/uploads\/37740-1.png","type":"image\/png"}],"author":"elli","twitter_card":"summary_large_image","twitter_creator":"@elli","schema":{"@context":"https:\/\/schema.org","@graph":[{"@type":"Article","@id":"https:\/\/www.meydan.tv\/az\/article\/elcin-sadiqovun-vekiller-kollegiyasindan-cixarildigi-bildirilir\/#article","isPartOf":{"@id":"https:\/\/www.meydan.tv\/az\/article\/elcin-sadiqovun-vekiller-kollegiyasindan-cixarildigi-bildirilir\/"},"author":{"name":"elli","@id":"https:\/\/www.meydan.tv\/az\/#\/schema\/person\/9cdbecf90d17180ce1dfbd95b08dcf47"},"headline":"El\u00e7in Sad\u0131qovun V\u0259kill\u0259r Kollegiyas\u0131ndan \u00e7\u0131xar\u0131ld\u0131\u011f\u0131 bildirilir","datePublished":"2023-07-06T19:32:27+00:00","dateModified":"2023-07-06T19:32:30+00:00","mainEntityOfPage":{"@id":"https:\/\/www.meydan.tv\/az\/article\/elcin-sadiqovun-vekiller-kollegiyasindan-cixarildigi-bildirilir\/"},"wordCount":841,"publisher":{"@id":"https:\/\/www.meydan.tv\/az\/#organization"},"image":{"@id":"https:\/\/www.meydan.tv\/az\/article\/elcin-sadiqovun-vekiller-kollegiyasindan-cixarildigi-bildirilir\/#primaryimage"},"thumbnailUrl":"https:\/\/www.meydan.tv\/wp-content\/uploads\/37740-1.png","articleSection":["Siyas\u0259t","T\u00f6vsiy\u0259","X\u0259b\u0259rl\u0259r"],"inLanguage":"az"},{"@type":"WebPage","@id":"https:\/\/www.meydan.tv\/az\/article\/elcin-sadiqovun-vekiller-kollegiyasindan-cixarildigi-bildirilir\/","url":"https:\/\/www.meydan.tv\/az\/article\/elcin-sadiqovun-vekiller-kollegiyasindan-cixarildigi-bildirilir\/","name":"El\u00e7in Sad\u0131qovun V\u0259kill\u0259r Kollegiyas\u0131ndan \u00e7\u0131xar\u0131ld\u0131\u011f\u0131 bildirilir - MEYDAN.TV","isPartOf":{"@id":"https:\/\/www.meydan.tv\/az\/#website"},"primaryImageOfPage":{"@id":"https:\/\/www.meydan.tv\/az\/article\/elcin-sadiqovun-vekiller-kollegiyasindan-cixarildigi-bildirilir\/#primaryimage"},"image":{"@id":"https:\/\/www.meydan.tv\/az\/article\/elcin-sadiqovun-vekiller-kollegiyasindan-cixarildigi-bildirilir\/#primaryimage"},"thumbnailUrl":"https:\/\/www.meydan.tv\/wp-content\/uploads\/37740-1.png","datePublished":"2023-07-06T19:32:27+00:00","dateModified":"2023-07-06T19:32:30+00:00","breadcrumb":{"@id":"https:\/\/www.meydan.tv\/az\/article\/elcin-sadiqovun-vekiller-kollegiyasindan-cixarildigi-bildirilir\/#breadcrumb"},"inLanguage":"az","potentialAction":[{"@type":"ReadAction","target":["https:\/\/www.meydan.tv\/az\/article\/elcin-sadiqovun-vekiller-kollegiyasindan-cixarildigi-bildirilir\/"]}]},{"@type":"ImageObject","inLanguage":"az","@id":"https:\/\/www.meydan.tv\/az\/article\/elcin-sadiqovun-vekiller-kollegiyasindan-cixarildigi-bildirilir\/#primaryimage","url":"https:\/\/www.meydan.tv\/wp-content\/uploads\/37740-1.png","contentUrl":"https:\/\/www.meydan.tv\/wp-content\/uploads\/37740-1.png","width":1200,"height":666,"caption":"V\u0259kil El\u00e7in Sad\u0131qov. Foto: Meydan TV"},{"@type":"BreadcrumbList","@id":"https:\/\/www.meydan.tv\/az\/article\/elcin-sadiqovun-vekiller-kollegiyasindan-cixarildigi-bildirilir\/#breadcrumb","itemListElement":[{"@type":"ListItem","position":1,"name":"Ana s\u0259hif\u0259","item":"https:\/\/www.meydan.tv\/az\/"},{"@type":"ListItem","position":2,"name":"Siyas\u0259t","item":"https:\/\/www.meydan.tv\/az\/section\/siyaset\/"},{"@type":"ListItem","position":3,"name":"El\u00e7in Sad\u0131qovun V\u0259kill\u0259r Kollegiyas\u0131ndan \u00e7\u0131xar\u0131ld\u0131\u011f\u0131 bildirilir"}]},{"@type":"WebSite","@id":"https:\/\/www.meydan.tv\/az\/#website","url":"https:\/\/www.meydan.tv\/az\/","name":"MEYDAN.TV","description":"Meydan TV Az\u0259rbaycan\u0131n media m\u0259kan\u0131ndak\u0131 alternativ s\u0259sidir","publisher":{"@id":"https:\/\/www.meydan.tv\/az\/#organization"},"potentialAction":[{"@type":"SearchAction","target":{"@type":"EntryPoint","urlTemplate":"https:\/\/www.meydan.tv\/az\/?s={search_term_string}"},"query-input":{"@type":"PropertyValueSpecification","valueRequired":true,"valueName":"search_term_string"}}],"inLanguage":"az"},{"@type":"Organization","@id":"https:\/\/www.meydan.tv\/az\/#organization","name":"Meydan TV","url":"https:\/\/www.meydan.tv\/az\/","logo":{"@type":"ImageObject","inLanguage":"az","@id":"https:\/\/www.meydan.tv\/az\/#\/schema\/logo\/image\/","url":"https:\/\/www.meydan.tv\/wp-content\/uploads\/2021\/07\/meydan-logo.svg","contentUrl":"https:\/\/www.meydan.tv\/wp-content\/uploads\/2021\/07\/meydan-logo.svg","width":195,"height":46,"caption":"Meydan TV"},"image":{"@id":"https:\/\/www.meydan.tv\/az\/#\/schema\/logo\/image\/"}},{"@type":"Person","@id":"https:\/\/www.meydan.tv\/az\/#\/schema\/person\/9cdbecf90d17180ce1dfbd95b08dcf47","name":"elli","sameAs":["https:\/\/x.com\/elli"]}]}},"_links":{"self":[{"href":"https:\/\/www.meydan.tv\/az\/wp-json\/wp\/v2\/posts\/279231","targetHints":{"allow":["GET"]}}],"collection":[{"href":"https:\/\/www.meydan.tv\/az\/wp-json\/wp\/v2\/posts"}],"about":[{"href":"https:\/\/www.meydan.tv\/az\/wp-json\/wp\/v2\/types\/post"}],"author":[{"embeddable":true,"href":"https:\/\/www.meydan.tv\/az\/wp-json\/wp\/v2\/users\/8"}],"replies":[{"embeddable":true,"href":"https:\/\/www.meydan.tv\/az\/wp-json\/wp\/v2\/comments?post=279231"}],"version-history":[{"count":1,"href":"https:\/\/www.meydan.tv\/az\/wp-json\/wp\/v2\/posts\/279231\/revisions"}],"predecessor-version":[{"id":279232,"href":"https:\/\/www.meydan.tv\/az\/wp-json\/wp\/v2\/posts\/279231\/revisions\/279232"}],"wp:featuredmedia":[{"embeddable":true,"href":"https:\/\/www.meydan.tv\/az\/wp-json\/wp\/v2\/media\/255325"}],"wp:attachment":[{"href":"https:\/\/www.meydan.tv\/az\/wp-json\/wp\/v2\/media?parent=279231"}],"wp:term":[{"taxonomy":"category","embeddable":true,"href":"https:\/\/www.meydan.tv\/az\/wp-json\/wp\/v2\/categories?post=279231"},{"taxonomy":"post_tag","embeddable":true,"href":"https:\/\/www.meydan.tv\/az\/wp-json\/wp\/v2\/tags?post=279231"}],"curies":[{"name":"wp","href":"https:\/\/api.w.org\/{rel}","templated":true}]}}