{"id":279211,"date":"2023-07-06T17:33:13","date_gmt":"2023-07-06T13:33:13","guid":{"rendered":"https:\/\/www.meydan.tv\/?p=279211"},"modified":"2023-07-06T17:33:18","modified_gmt":"2023-07-06T13:33:18","slug":"ruslan-izzetli-din-sorguma-cavab-verse-de-istediyim-informasiyani-gizledib","status":"publish","type":"post","link":"https:\/\/www.meydan.tv\/az\/article\/ruslan-izzetli-din-sorguma-cavab-verse-de-istediyim-informasiyani-gizledib\/","title":{"rendered":"Ruslan \u0130zz\u0259tli: &#8220;D\u0130N sor\u011fuma cavab vers\u0259 d\u0259, ist\u0259diyim informasiyan\u0131 gizl\u0259dib&#8221;"},"content":{"rendered":"\n<p><\/p>\n\n\n\n<p><strong><em>Siyasi f\u0259al nazirliyi qanunu pozmaqda g\u00fcnahland\u0131r\u0131r<\/em><\/strong><\/p>\n\n\n\n<p>\u0130yulun 5-d\u0259 Daxili \u0130\u015fl\u0259r Nazirliyinin (D\u0130N) Ba\u015f \u0130ctimai T\u0259hl\u00fck\u0259sizlik \u0130dar\u0259si siyasi f\u0259al Ruslan \u0130zz\u0259tlinin G\u0259d\u0259b\u0259yin S\u00f6y\u00fcdl\u00fc k\u0259ndi il\u0259 ba\u011fl\u0131 nazir\u0259 g\u00f6nd\u0259rdiyi informasiya sor\u011fusuna cavab verib.<\/p>\n\n\n\n<p>Ruslan \u0130zz\u0259tli daxili i\u015fl\u0259r naziri Vilay\u0259t Eyvazova g\u00f6nd\u0259rdiyi sor\u011fuda iyunun 20-d\u0259 S\u00f6y\u00fcdl\u00fc k\u0259ndind\u0259 ya\u015fl\u0131 qad\u0131nlara qar\u015f\u0131 bib\u0259r qaz\u0131ndan istifad\u0259 ed\u0259n polisl\u0259rl\u0259 ba\u011fl\u0131 hans\u0131sa h\u00fcquqi add\u0131m\u0131n at\u0131l\u0131b-at\u0131lmad\u0131\u011f\u0131n\u0131 \u00f6yr\u0259nm\u0259y\u0259 \u00e7al\u0131\u015f\u0131b.<\/p>\n\n\n<div class=\"wp-block-image\">\n<figure class=\"alignleft size-large is-resized\"><img decoding=\"async\" data-src=\"https:\/\/www.meydan.tv\/wp-content\/uploads\/img_7914-595x821.jpg\" alt=\"\" class=\"wp-image-279212 lazyload\" width=\"409\" height=\"564\" src=\"data:image\/svg+xml;base64,PHN2ZyB3aWR0aD0iMSIgaGVpZ2h0PSIxIiB4bWxucz0iaHR0cDovL3d3dy53My5vcmcvMjAwMC9zdmciPjwvc3ZnPg==\" style=\"--smush-placeholder-width: 409px; --smush-placeholder-aspect-ratio: 409\/564;\" \/><\/figure>\n<\/div>\n\n\n<p>D\u0130N-in Ba\u015f \u0130ctimai T\u0259hl\u00fck\u0259sizlik \u0130dar\u0259si sor\u011fuya cavabda \u015f\u0259xsi hey\u0259tl\u0259 ekstremal v\u0259ziyy\u0259tl\u0259rd\u0259 davran\u0131\u015flar\u0131n t\u0259kmill\u0259\u015fdirilm\u0259si y\u00f6n\u00fcnd\u0259 t\u0259liml\u0259rin ke\u00e7irildiyini xat\u0131rlad\u0131b.<\/p>\n\n\n\n<p>Qurum son ill\u0259rd\u0259 polisin aksiyalarda aqressivliyi il\u0259 se\u00e7il\u0259n i\u015ftirak\u00e7\u0131lara sivil v\u0259 t\u0259mkinli m\u00fcnasib\u0259ti s\u0259rgil\u0259diyini bildirib.<\/p>\n\n\n\n<p>&#8220;<em>Ancaq b\u0259z\u0259n m\u00fcvafiq sah\u0259d\u0259 n\u00f6qsan v\u0259 \u00e7at\u0131\u015fmazl\u0131qlar da qeyd\u0259 al\u0131n\u0131r&#8221;,<\/em> &#8211; dey\u0259 r\u0259smi cavabda vur\u011fulan\u0131r.<\/p>\n\n\n\n<p>Eyni zamanda, qeyd olunur ki, ayr\u0131-ayr\u0131 \u0259m\u0259kda\u015flar\u0131n funksional v\u0259zif\u0259l\u0259rinin icras\u0131nda pozuntulara yol verm\u0259si m\u00fc\u0259yy\u0259n edilib:<\/p>\n\n\n\n<p><em>&#8220;H\u0259min hallar\u0131n g\u0259l\u0259c\u0259kd\u0259 t\u0259krarlanmamas\u0131 \u00fc\u00e7\u00fcn davaml\u0131 t\u0259\u015fkilati-praktiki t\u0259dbirl\u0259r g\u00f6r\u00fcl\u00fcr&#8221;<\/em>.<\/p>\n\n\n\n<p>Ruslan \u0130zz\u0259tli is\u0259 hesab edir ki, D\u0130N informasiya sor\u011fusuna yet\u0259rli cavab verm\u0259yib v\u0259 qanunu pozub.<\/p>\n\n\n\n<p><em>&#8220;Sor\u011fuma cavab verils\u0259 d\u0259, \u0259sas t\u0259l\u0259b etdiyim informasiya verilm\u0259yib, qanunsuz gizl\u0259dilib. Sor\u011fuya cavabda bildirilir ki, &#8220;h\u0259min hallar\u0131n g\u0259l\u0259c\u0259kd\u0259 t\u0259krarlanmamas\u0131 \u00fc\u00e7\u00fcn davaml\u0131 t\u0259\u015fkilat\u0131-praktiki i\u015fl\u0259r g\u00f6r\u00fcl\u00fcr. N\u0259dir bu t\u0259\u015fkilat\u0131-praktiki i\u015fl\u0259r? Ayd\u0131n g\u00f6r\u00fcn\u00fcr ki, h\u0259min polisl\u0259rl\u0259 ba\u011fl\u0131 he\u00e7 bir add\u0131m at\u0131lmay\u0131b, c\u0259zaland\u0131r\u0131lmay\u0131blar&#8221;, &#8211;<\/em> \u0130zz\u0259tli Meydan TV-y\u0259 bel\u0259 deyib.<\/p>\n\n\n\n<p>Siyasi f\u0259al deyir ki, d\u00f6vl\u0259t sirri t\u0259\u015fkil etm\u0259y\u0259n informasiyalar h\u0259r k\u0259s \u00fc\u00e7\u00fcn \u0259l\u00e7atan olmal\u0131d\u0131r:<\/p>\n\n\n\n<p>&#8220;<em>&#8220;D\u00f6vl\u0259t sirri haqq\u0131nda&#8221; Qanunun 7-ci madd\u0259sind\u0259 deyilir ki, insan v\u0259 v\u0259t\u0259nda\u015f h\u00fcquqlar\u0131n\u0131n v\u0259 azadl\u0131qlar\u0131n\u0131n pozulmas\u0131 faktlar\u0131 haqq\u0131nda m\u0259lumatlar d\u00f6vl\u0259t sirrin\u0259 aid edilmir v\u0259 m\u0259xfil\u0259\u015fdirilmir. Qanunun t\u0259l\u0259bi \u00e7ox a\u00e7\u0131qd\u0131r. Kimliyind\u0259n asl\u0131 olmayaraq d\u00f6vl\u0259ti t\u0259msil ed\u0259n, uniforma geyin\u0259n bir polis n\u0259f\u0259ri insan h\u00fcquq v\u0259 azadl\u0131\u011f\u0131n\u0131 pozursa, onun haqq\u0131nda hans\u0131 t\u0259dbir g\u00f6r\u00fclm\u0259si ciddi ictimai \u0259h\u0259miyy\u0259t da\u015f\u0131y\u0131r v\u0259 qanun bunun gizl\u0259dilm\u0259sin\u0259 yol vermir. Ona g\u00f6r\u0259 d\u0259 he\u00e7 bir ehtiyac olmadan \u015f\u0259xsin sa\u011flaml\u0131\u011f\u0131na ciddi t\u0259hl\u00fck\u0259 yaradan bib\u0259r qaz\u0131n\u0131n insan\u0131n g\u00f6zl\u0259rin\u0259 q\u0259sd\u0259n s\u0131x\u0131lmas\u0131 ciddi h\u00fcquq pozuntusudur&#8221;.<\/em><\/p>\n\n\n<div class=\"wp-block-image\">\n<figure class=\"aligncenter size-large\"><img decoding=\"async\" data-src=\"https:\/\/www.meydan.tv\/wp-content\/uploads\/ruslan_izzetli-1200x800.jpg\" alt=\"\" class=\"wp-image-229156 lazyload\" src=\"data:image\/svg+xml;base64,PHN2ZyB3aWR0aD0iMSIgaGVpZ2h0PSIxIiB4bWxucz0iaHR0cDovL3d3dy53My5vcmcvMjAwMC9zdmciPjwvc3ZnPg==\" style=\"--smush-placeholder-width: 1200px; --smush-placeholder-aspect-ratio: 1200\/800;\" \/><figcaption class=\"wp-element-caption\">Ruslan \u0130zz\u0259tlinin \u015f\u0259xsi arxivi<\/figcaption><\/figure>\n<\/div>\n\n\n<p><strong>S\u00f6y\u00fcdl\u00fc hadis\u0259l\u0259ri<\/strong><\/p>\n\n\n\n<p>\u0130yunun 20-d\u0259n G\u0259d\u0259b\u0259y rayonunun S\u00f6y\u00fcdl\u00fc k\u0259ndinin \u0259razisind\u0259 q\u0131z\u0131l yata\u011f\u0131n\u0131n sular\u0131ndan s\u00fcni g\u00f6l\u00fcn yarad\u0131lmas\u0131na etiraz aksiyas\u0131 ba\u015flay\u0131b.<\/p>\n\n\n\n<p>10-dan art\u0131q k\u0259nd sakini v\u0259 hadis\u0259nin t\u0259\u015fkilind\u0259 \u015f\u00fcbh\u0259li bilin\u0259n \u015f\u0259xs saxlan\u0131l\u0131b. Saxlan\u0131lanlar aras\u0131nda narkotik ittiham\u0131 veril\u0259n d\u0259 var.<\/p>\n\n\n\n<p>\u0130yunun 22-d\u0259 G\u0259d\u0259b\u0259yin S\u00f6y\u00fcdl\u00fc k\u0259ndin\u0259 sakinl\u0259rd\u0259n ba\u015fqa \u015f\u0259xsl\u0259rin giri\u015fi m\u0259hdudla\u015fd\u0131r\u0131l\u0131b.<\/p>\n\n\n\n<p>Daxili \u0130\u015fl\u0259r Nazirliyi (D\u0130N) s\u0259b\u0259b kimi ictimai qaydan\u0131n v\u0259 ictimai t\u0259hl\u00fck\u0259sizliyin t\u0259min edilm\u0259sini g\u00f6st\u0259rib.<\/p>\n\n\n\n<p>K\u0259ndin sakinl\u0259ri is\u0259 bildirirl\u0259r ki, \u0259sl s\u0259b\u0259b iyunun 20-21-d\u0259 etdikl\u0259ri etiraz aksiyas\u0131d\u0131r, onlar\u0131 n\u0259zar\u0259td\u0259 saxlamaq ist\u0259yirl\u0259r.<\/p>\n\n\n\n<p>S\u00f6y\u00fcdl\u00fc k\u0259ndinin sakinl\u0259ri iki g\u00fcn ard-arda evl\u0259rinin yax\u0131nl\u0131\u011f\u0131nda q\u0131z\u0131l m\u0259d\u0259nl\u0259ri \u00fc\u00e7\u00fcn ikinci s\u00fcni g\u00f6l\u00fcn sal\u0131nmas\u0131na etiraz edib.<\/p>\n\n\n\n<p>Sakinl\u0259r k\u0259ndl\u0259rind\u0259 ikinci bel\u0259 yarad\u0131lacaq su h\u00f6vz\u0259sinin kimy\u0259vi madd\u0259l\u0259rl\u0259 dolu oldu\u011funu, bunun is\u0259 sa\u011flaml\u0131\u011fa z\u0259r\u0259r vurdu\u011funu bildiribl\u0259r.<\/p>\n\n\n\n<p>Onlar\u0131n s\u00f6zl\u0259rin\u0259 g\u00f6r\u0259, bu su h\u00f6vz\u0259l\u0259ri onlar\u0131n \u0259kin v\u0259 \u00f6r\u00fc\u015f sah\u0259l\u0259rind\u0259 sal\u0131n\u0131r.<\/p>\n\n\n\n<p>Bu da \u0259kin\u0259, meyv\u0259y\u0259, a\u011faclara v\u0259 insanlar\u0131n sa\u011flaml\u0131\u011f\u0131na z\u0259r\u0259r vurur.<\/p>\n\n\n\n<p>S\u00f6y\u00fcdl\u00fc sakinl\u0259ri daha \u00f6nc\u0259 d\u0259 eyni \u015fikay\u0259tl\u0259rl\u0259 etiraz etmi\u015fdil\u0259r.<\/p>\n\n\n\n<p>Sakinl\u0259r bildirirl\u0259r ki, 2012-ci ild\u0259 k\u0259ndl\u0259rinin yax\u0131nl\u0131\u011f\u0131nda q\u0131z\u0131l m\u0259d\u0259ninin tullant\u0131lar\u0131ndan yaranan g\u00f6l sal\u0131n\u0131b.<\/p>\n\n\n\n<p>Onlar bundan sonra ba\u011flar\u0131nda meyv\u0259 qalmad\u0131\u011f\u0131n\u0131, ar\u0131 t\u0259s\u0259rr\u00fcfatlar\u0131n\u0131n da\u011f\u0131ld\u0131\u011f\u0131n\u0131 deyibl\u0259r.<\/p>\n\n\n\n<p>Sakinl\u0259r h\u0259m\u00e7inin g\u00f6l\u00fcn suyunun i\u00e7m\u0259li sulara qar\u0131\u015faca\u011f\u0131ndan ehtiyat edir, bunun n\u0259tic\u0259sind\u0259 yaranacaq x\u0259st\u0259likl\u0259rd\u0259n qorxurlar.<\/p>\n\n\n\n<p>Nazirl\u0259r Kabineti m\u0259s\u0259l\u0259 il\u0259 ba\u011fl\u0131 komissiya yarad\u0131ld\u0131\u011f\u0131n\u0131 deyir.<\/p>\n\n\n\n<p>Komissiya d\u00f6vl\u0259t m\u0259murlar\u0131ndan formala\u015f\u0131b, t\u0259rkibind\u0259 m\u00fcst\u0259qil ekspert yoxdur.<\/p>\n\n\n\n<p><strong>H\u0259bsl\u0259r v\u0259 t\u0259zyiql\u0259r&#8230;<\/strong><\/p>\n\n\n\n<p>Hakimiyy\u0259t hadis\u0259y\u0259 t\u0259xribat donu geyindirir, yerli mediada bununla ba\u011fl\u0131 eyni m\u0259zmunlu materiallar d\u0259rc olunur, hadis\u0259ni i\u015f\u0131qland\u0131ran m\u00fcst\u0259qil media h\u0259d\u0259f\u0259 al\u0131n\u0131r.<\/p>\n\n\n\n<p>Nazim B\u0259yd\u0259mirli ba\u015f ver\u0259nl\u0259r\u0259 g\u00f6r\u0259 \u015firk\u0259ti t\u0259nqid etdiyi \u00fc\u00e7\u00fcn h\u00f6kum\u0259t medias\u0131 t\u0259r\u0259find\u0259n h\u0259d\u0259f\u0259 al\u0131n\u0131b.<\/p>\n\n\n\n<p>Buna g\u00f6r\u0259 d\u0259 o, \u201cYeni M\u00fcsavat\u201d sayt\u0131n\u0131, Az\u0259rbaycan D\u00f6vl\u0259t Televiziyas\u0131n\u0131 v\u0259 deputat Elman N\u0259sirova qar\u015f\u0131 m\u0259hk\u0259m\u0259 iddias\u0131 qald\u0131r\u0131b.<\/p>\n\n\n\n<p>\u0130yulun 4-d\u0259 is\u0259 Nazim B\u0259yd\u0259mirli Daxili \u0130\u015fl\u0259r Nazirliyinin (D\u0130N) Ba\u015f M\u00fct\u0259\u015f\u0259kkil Cinay\u0259tkarl\u0131qla M\u00fcbariz\u0259 \u0130dar\u0259sind\u0259 (&#8220;bandotdel\u201d) \u015f\u00fcbh\u0259li \u015f\u0259xs qismind\u0259 saxlan\u0131l\u0131b.<\/p>\n\n\n\n<p>\u0130yulun 5-d\u0259 N\u0259rimanov Rayon M\u0259hk\u0259m\u0259si onun bar\u0259sind\u0259 4 ay h\u0259bs-q\u0259timkan t\u0259dbiri <a href=\"https:\/\/storage.googleapis.com\/qurium\/www.meydan.tv\/az-article-nazim-beydemirli-ile-bagli-hebs-qetimkan-tedbiri-secildi.html\" target=\"_blank\" rel=\"noreferrer noopener\">se\u00e7ib.<\/a><\/p>\n\n\n\n<p>D\u0130N Nazim B\u0259yd\u0259mirlinin s\u0259hmdar\u0131 oldu\u011fu \u015firk\u0259td\u0259n pul t\u0259l\u0259b etm\u0259 ittiham\u0131yla saxlan\u0131ld\u0131\u011f\u0131 iddia ets\u0259 d\u0259, sabiq deputat deyib ki, onu S\u00f6y\u00fcdl\u00fc k\u0259ndind\u0259 ba\u015f vermi\u015f etirazlara g\u00f6r\u0259 saxlay\u0131blar.<\/p>\n\n\n\n<p>Bundan ba\u015fqa, N\u0130DA V\u0259t\u0259nda\u015f H\u0259r\u0259kat\u0131n\u0131n \u0130dar\u0259 Hey\u0259tinin \u00fczv\u00fc <a href=\"https:\/\/www.meydan.tv\/az\/article\/nidaci-feala-20-sutka-hebs-verildi\/\" target=\"_blank\" rel=\"noreferrer noopener\">Elmir Abbasov<\/a> v\u0259 ke\u00e7mi\u015f &#8220;heyk\u0259l m\u0259hbusu&#8221; <a href=\"https:\/\/storage.googleapis.com\/qurium\/www.meydan.tv\/az-article-qiyas-ibrahimin-hebsi-daha-iki-gun-artirildi.html\" target=\"_blank\" rel=\"noreferrer noopener\">Qiyas \u0130brahimov<\/a> da S\u00f6y\u00fcdl\u00fc hadis\u0259l\u0259ri zaman\u0131 sosial \u015f\u0259b\u0259k\u0259l\u0259rd\u0259 yazd\u0131qlar\u0131 statuslara g\u00f6r\u0259 inzibati qaydada h\u0259bs edilib.<\/p>\n","protected":false},"excerpt":{"rendered":"<p>Siyasi f\u0259al nazirliyi qanunu pozmaqda g\u00fcnahland\u0131r\u0131r \u0130yulun 5-d\u0259 Daxili \u0130\u015fl\u0259r &#8230; <\/p>\n<p class=\"read-more-container\"><a title=\"Ruslan \u0130zz\u0259tli: &#8220;D\u0130N sor\u011fuma cavab vers\u0259 d\u0259, ist\u0259diyim informasiyan\u0131 gizl\u0259dib&#8221;\" class=\"read-more button\" href=\"https:\/\/www.meydan.tv\/az\/article\/ruslan-izzetli-din-sorguma-cavab-verse-de-istediyim-informasiyani-gizledib\/#more-279211\" aria-label=\"Read more about Ruslan \u0130zz\u0259tli: &#8220;D\u0130N sor\u011fuma cavab vers\u0259 d\u0259, ist\u0259diyim informasiyan\u0131 gizl\u0259dib&#8221;\">Davam\u0131<\/a><\/p>\n","protected":false},"author":8,"featured_media":150491,"comment_status":"closed","ping_status":"closed","sticky":false,"template":"","format":"standard","meta":{"_acf_changed":false,"_sitemap_exclude":false,"_sitemap_priority":"","_sitemap_frequency":"","footnotes":""},"categories":[59,56],"tags":[],"class_list":["post-279211","post","type-post","status-publish","format-standard","has-post-thumbnail","hentry","category-siyaset","category-xeberler","infinite-scroll-item","generate-columns","tablet-grid-50","mobile-grid-100","grid-parent","grid-33","no-featured-image-padding"],"acf":[],"yoast_head":"<!-- This site is optimized with the Yoast SEO plugin v27.4 - https:\/\/yoast.com\/product\/yoast-seo-wordpress\/ -->\n<title>Ruslan \u0130zz\u0259tli: &quot;D\u0130N sor\u011fuma cavab vers\u0259 d\u0259, ist\u0259diyim informasiyan\u0131 gizl\u0259dib&quot; - MEYDAN.TV<\/title>\n<meta name=\"robots\" content=\"index, follow, max-snippet:-1, max-image-preview:large, max-video-preview:-1\" \/>\n<link rel=\"canonical\" href=\"https:\/\/www.meydan.tv\/az\/article\/ruslan-izzetli-din-sorguma-cavab-verse-de-istediyim-informasiyani-gizledib\/\" \/>\n<meta property=\"og:locale\" content=\"az_AZ\" \/>\n<meta property=\"og:type\" content=\"article\" \/>\n<meta property=\"og:title\" content=\"Ruslan \u0130zz\u0259tli: &quot;D\u0130N sor\u011fuma cavab vers\u0259 d\u0259, ist\u0259diyim informasiyan\u0131 gizl\u0259dib&quot; - MEYDAN.TV\" \/>\n<meta property=\"og:description\" content=\"Siyasi f\u0259al nazirliyi qanunu pozmaqda g\u00fcnahland\u0131r\u0131r \u0130yulun 5-d\u0259 Daxili \u0130\u015fl\u0259r ... Davam\u0131\" \/>\n<meta property=\"og:url\" content=\"https:\/\/www.meydan.tv\/az\/article\/ruslan-izzetli-din-sorguma-cavab-verse-de-istediyim-informasiyani-gizledib\/\" \/>\n<meta property=\"og:site_name\" content=\"MEYDAN.TV\" \/>\n<meta property=\"article:published_time\" content=\"2023-07-06T13:33:13+00:00\" \/>\n<meta property=\"article:modified_time\" content=\"2023-07-06T13:33:18+00:00\" \/>\n<meta property=\"og:image\" content=\"https:\/\/www.meydan.tv\/wp-content\/uploads\/15830576272370116797_1000x669.jpg\" \/>\n\t<meta property=\"og:image:width\" content=\"1000\" \/>\n\t<meta property=\"og:image:height\" content=\"665\" \/>\n\t<meta property=\"og:image:type\" content=\"image\/jpeg\" \/>\n<meta name=\"author\" content=\"elli\" \/>\n<meta name=\"twitter:card\" content=\"summary_large_image\" \/>\n<meta name=\"twitter:creator\" content=\"@elli\" \/>\n<script type=\"application\/ld+json\" class=\"yoast-schema-graph\">{\"@context\":\"https:\\\/\\\/schema.org\",\"@graph\":[{\"@type\":\"Article\",\"@id\":\"https:\\\/\\\/www.meydan.tv\\\/az\\\/article\\\/ruslan-izzetli-din-sorguma-cavab-verse-de-istediyim-informasiyani-gizledib\\\/#article\",\"isPartOf\":{\"@id\":\"https:\\\/\\\/www.meydan.tv\\\/az\\\/article\\\/ruslan-izzetli-din-sorguma-cavab-verse-de-istediyim-informasiyani-gizledib\\\/\"},\"author\":{\"name\":\"elli\",\"@id\":\"https:\\\/\\\/www.meydan.tv\\\/az\\\/#\\\/schema\\\/person\\\/9cdbecf90d17180ce1dfbd95b08dcf47\"},\"headline\":\"Ruslan \u0130zz\u0259tli: &#8220;D\u0130N sor\u011fuma cavab vers\u0259 d\u0259, ist\u0259diyim informasiyan\u0131 gizl\u0259dib&#8221;\",\"datePublished\":\"2023-07-06T13:33:13+00:00\",\"dateModified\":\"2023-07-06T13:33:18+00:00\",\"mainEntityOfPage\":{\"@id\":\"https:\\\/\\\/www.meydan.tv\\\/az\\\/article\\\/ruslan-izzetli-din-sorguma-cavab-verse-de-istediyim-informasiyani-gizledib\\\/\"},\"wordCount\":1166,\"publisher\":{\"@id\":\"https:\\\/\\\/www.meydan.tv\\\/az\\\/#organization\"},\"image\":{\"@id\":\"https:\\\/\\\/www.meydan.tv\\\/az\\\/article\\\/ruslan-izzetli-din-sorguma-cavab-verse-de-istediyim-informasiyani-gizledib\\\/#primaryimage\"},\"thumbnailUrl\":\"https:\\\/\\\/www.meydan.tv\\\/wp-content\\\/uploads\\\/15830576272370116797_1000x669.jpg\",\"articleSection\":[\"Siyas\u0259t\",\"X\u0259b\u0259rl\u0259r\"],\"inLanguage\":\"az\"},{\"@type\":\"WebPage\",\"@id\":\"https:\\\/\\\/www.meydan.tv\\\/az\\\/article\\\/ruslan-izzetli-din-sorguma-cavab-verse-de-istediyim-informasiyani-gizledib\\\/\",\"url\":\"https:\\\/\\\/www.meydan.tv\\\/az\\\/article\\\/ruslan-izzetli-din-sorguma-cavab-verse-de-istediyim-informasiyani-gizledib\\\/\",\"name\":\"Ruslan \u0130zz\u0259tli: \\\"D\u0130N sor\u011fuma cavab vers\u0259 d\u0259, ist\u0259diyim informasiyan\u0131 gizl\u0259dib\\\" - MEYDAN.TV\",\"isPartOf\":{\"@id\":\"https:\\\/\\\/www.meydan.tv\\\/az\\\/#website\"},\"primaryImageOfPage\":{\"@id\":\"https:\\\/\\\/www.meydan.tv\\\/az\\\/article\\\/ruslan-izzetli-din-sorguma-cavab-verse-de-istediyim-informasiyani-gizledib\\\/#primaryimage\"},\"image\":{\"@id\":\"https:\\\/\\\/www.meydan.tv\\\/az\\\/article\\\/ruslan-izzetli-din-sorguma-cavab-verse-de-istediyim-informasiyani-gizledib\\\/#primaryimage\"},\"thumbnailUrl\":\"https:\\\/\\\/www.meydan.tv\\\/wp-content\\\/uploads\\\/15830576272370116797_1000x669.jpg\",\"datePublished\":\"2023-07-06T13:33:13+00:00\",\"dateModified\":\"2023-07-06T13:33:18+00:00\",\"breadcrumb\":{\"@id\":\"https:\\\/\\\/www.meydan.tv\\\/az\\\/article\\\/ruslan-izzetli-din-sorguma-cavab-verse-de-istediyim-informasiyani-gizledib\\\/#breadcrumb\"},\"inLanguage\":\"az\",\"potentialAction\":[{\"@type\":\"ReadAction\",\"target\":[\"https:\\\/\\\/www.meydan.tv\\\/az\\\/article\\\/ruslan-izzetli-din-sorguma-cavab-verse-de-istediyim-informasiyani-gizledib\\\/\"]}]},{\"@type\":\"ImageObject\",\"inLanguage\":\"az\",\"@id\":\"https:\\\/\\\/www.meydan.tv\\\/az\\\/article\\\/ruslan-izzetli-din-sorguma-cavab-verse-de-istediyim-informasiyani-gizledib\\\/#primaryimage\",\"url\":\"https:\\\/\\\/www.meydan.tv\\\/wp-content\\\/uploads\\\/15830576272370116797_1000x669.jpg\",\"contentUrl\":\"https:\\\/\\\/www.meydan.tv\\\/wp-content\\\/uploads\\\/15830576272370116797_1000x669.jpg\",\"width\":1000,\"height\":665,\"caption\":\"Foto: Meydan TV\"},{\"@type\":\"BreadcrumbList\",\"@id\":\"https:\\\/\\\/www.meydan.tv\\\/az\\\/article\\\/ruslan-izzetli-din-sorguma-cavab-verse-de-istediyim-informasiyani-gizledib\\\/#breadcrumb\",\"itemListElement\":[{\"@type\":\"ListItem\",\"position\":1,\"name\":\"Ana s\u0259hif\u0259\",\"item\":\"https:\\\/\\\/www.meydan.tv\\\/az\\\/\"},{\"@type\":\"ListItem\",\"position\":2,\"name\":\"Siyas\u0259t\",\"item\":\"https:\\\/\\\/www.meydan.tv\\\/az\\\/section\\\/siyaset\\\/\"},{\"@type\":\"ListItem\",\"position\":3,\"name\":\"Ruslan \u0130zz\u0259tli: &#8220;D\u0130N sor\u011fuma cavab vers\u0259 d\u0259, ist\u0259diyim informasiyan\u0131 gizl\u0259dib&#8221;\"}]},{\"@type\":\"WebSite\",\"@id\":\"https:\\\/\\\/www.meydan.tv\\\/az\\\/#website\",\"url\":\"https:\\\/\\\/www.meydan.tv\\\/az\\\/\",\"name\":\"MEYDAN.TV\",\"description\":\"Meydan TV Az\u0259rbaycan\u0131n media m\u0259kan\u0131ndak\u0131 alternativ s\u0259sidir\",\"publisher\":{\"@id\":\"https:\\\/\\\/www.meydan.tv\\\/az\\\/#organization\"},\"potentialAction\":[{\"@type\":\"SearchAction\",\"target\":{\"@type\":\"EntryPoint\",\"urlTemplate\":\"https:\\\/\\\/www.meydan.tv\\\/az\\\/?s={search_term_string}\"},\"query-input\":{\"@type\":\"PropertyValueSpecification\",\"valueRequired\":true,\"valueName\":\"search_term_string\"}}],\"inLanguage\":\"az\"},{\"@type\":\"Organization\",\"@id\":\"https:\\\/\\\/www.meydan.tv\\\/az\\\/#organization\",\"name\":\"Meydan TV\",\"url\":\"https:\\\/\\\/www.meydan.tv\\\/az\\\/\",\"logo\":{\"@type\":\"ImageObject\",\"inLanguage\":\"az\",\"@id\":\"https:\\\/\\\/www.meydan.tv\\\/az\\\/#\\\/schema\\\/logo\\\/image\\\/\",\"url\":\"https:\\\/\\\/www.meydan.tv\\\/wp-content\\\/uploads\\\/2021\\\/07\\\/meydan-logo.svg\",\"contentUrl\":\"https:\\\/\\\/www.meydan.tv\\\/wp-content\\\/uploads\\\/2021\\\/07\\\/meydan-logo.svg\",\"width\":195,\"height\":46,\"caption\":\"Meydan TV\"},\"image\":{\"@id\":\"https:\\\/\\\/www.meydan.tv\\\/az\\\/#\\\/schema\\\/logo\\\/image\\\/\"}},{\"@type\":\"Person\",\"@id\":\"https:\\\/\\\/www.meydan.tv\\\/az\\\/#\\\/schema\\\/person\\\/9cdbecf90d17180ce1dfbd95b08dcf47\",\"name\":\"elli\",\"sameAs\":[\"https:\\\/\\\/x.com\\\/elli\"]}]}<\/script>\n<!-- \/ Yoast SEO plugin. -->","yoast_head_json":{"title":"Ruslan \u0130zz\u0259tli: \"D\u0130N sor\u011fuma cavab vers\u0259 d\u0259, ist\u0259diyim informasiyan\u0131 gizl\u0259dib\" - MEYDAN.TV","robots":{"index":"index","follow":"follow","max-snippet":"max-snippet:-1","max-image-preview":"max-image-preview:large","max-video-preview":"max-video-preview:-1"},"canonical":"https:\/\/www.meydan.tv\/az\/article\/ruslan-izzetli-din-sorguma-cavab-verse-de-istediyim-informasiyani-gizledib\/","og_locale":"az_AZ","og_type":"article","og_title":"Ruslan \u0130zz\u0259tli: \"D\u0130N sor\u011fuma cavab vers\u0259 d\u0259, ist\u0259diyim informasiyan\u0131 gizl\u0259dib\" - MEYDAN.TV","og_description":"Siyasi f\u0259al nazirliyi qanunu pozmaqda g\u00fcnahland\u0131r\u0131r \u0130yulun 5-d\u0259 Daxili \u0130\u015fl\u0259r ... Davam\u0131","og_url":"https:\/\/www.meydan.tv\/az\/article\/ruslan-izzetli-din-sorguma-cavab-verse-de-istediyim-informasiyani-gizledib\/","og_site_name":"MEYDAN.TV","article_published_time":"2023-07-06T13:33:13+00:00","article_modified_time":"2023-07-06T13:33:18+00:00","og_image":[{"width":1000,"height":665,"url":"https:\/\/www.meydan.tv\/wp-content\/uploads\/15830576272370116797_1000x669.jpg","type":"image\/jpeg"}],"author":"elli","twitter_card":"summary_large_image","twitter_creator":"@elli","schema":{"@context":"https:\/\/schema.org","@graph":[{"@type":"Article","@id":"https:\/\/www.meydan.tv\/az\/article\/ruslan-izzetli-din-sorguma-cavab-verse-de-istediyim-informasiyani-gizledib\/#article","isPartOf":{"@id":"https:\/\/www.meydan.tv\/az\/article\/ruslan-izzetli-din-sorguma-cavab-verse-de-istediyim-informasiyani-gizledib\/"},"author":{"name":"elli","@id":"https:\/\/www.meydan.tv\/az\/#\/schema\/person\/9cdbecf90d17180ce1dfbd95b08dcf47"},"headline":"Ruslan \u0130zz\u0259tli: &#8220;D\u0130N sor\u011fuma cavab vers\u0259 d\u0259, ist\u0259diyim informasiyan\u0131 gizl\u0259dib&#8221;","datePublished":"2023-07-06T13:33:13+00:00","dateModified":"2023-07-06T13:33:18+00:00","mainEntityOfPage":{"@id":"https:\/\/www.meydan.tv\/az\/article\/ruslan-izzetli-din-sorguma-cavab-verse-de-istediyim-informasiyani-gizledib\/"},"wordCount":1166,"publisher":{"@id":"https:\/\/www.meydan.tv\/az\/#organization"},"image":{"@id":"https:\/\/www.meydan.tv\/az\/article\/ruslan-izzetli-din-sorguma-cavab-verse-de-istediyim-informasiyani-gizledib\/#primaryimage"},"thumbnailUrl":"https:\/\/www.meydan.tv\/wp-content\/uploads\/15830576272370116797_1000x669.jpg","articleSection":["Siyas\u0259t","X\u0259b\u0259rl\u0259r"],"inLanguage":"az"},{"@type":"WebPage","@id":"https:\/\/www.meydan.tv\/az\/article\/ruslan-izzetli-din-sorguma-cavab-verse-de-istediyim-informasiyani-gizledib\/","url":"https:\/\/www.meydan.tv\/az\/article\/ruslan-izzetli-din-sorguma-cavab-verse-de-istediyim-informasiyani-gizledib\/","name":"Ruslan \u0130zz\u0259tli: \"D\u0130N sor\u011fuma cavab vers\u0259 d\u0259, ist\u0259diyim informasiyan\u0131 gizl\u0259dib\" - MEYDAN.TV","isPartOf":{"@id":"https:\/\/www.meydan.tv\/az\/#website"},"primaryImageOfPage":{"@id":"https:\/\/www.meydan.tv\/az\/article\/ruslan-izzetli-din-sorguma-cavab-verse-de-istediyim-informasiyani-gizledib\/#primaryimage"},"image":{"@id":"https:\/\/www.meydan.tv\/az\/article\/ruslan-izzetli-din-sorguma-cavab-verse-de-istediyim-informasiyani-gizledib\/#primaryimage"},"thumbnailUrl":"https:\/\/www.meydan.tv\/wp-content\/uploads\/15830576272370116797_1000x669.jpg","datePublished":"2023-07-06T13:33:13+00:00","dateModified":"2023-07-06T13:33:18+00:00","breadcrumb":{"@id":"https:\/\/www.meydan.tv\/az\/article\/ruslan-izzetli-din-sorguma-cavab-verse-de-istediyim-informasiyani-gizledib\/#breadcrumb"},"inLanguage":"az","potentialAction":[{"@type":"ReadAction","target":["https:\/\/www.meydan.tv\/az\/article\/ruslan-izzetli-din-sorguma-cavab-verse-de-istediyim-informasiyani-gizledib\/"]}]},{"@type":"ImageObject","inLanguage":"az","@id":"https:\/\/www.meydan.tv\/az\/article\/ruslan-izzetli-din-sorguma-cavab-verse-de-istediyim-informasiyani-gizledib\/#primaryimage","url":"https:\/\/www.meydan.tv\/wp-content\/uploads\/15830576272370116797_1000x669.jpg","contentUrl":"https:\/\/www.meydan.tv\/wp-content\/uploads\/15830576272370116797_1000x669.jpg","width":1000,"height":665,"caption":"Foto: Meydan TV"},{"@type":"BreadcrumbList","@id":"https:\/\/www.meydan.tv\/az\/article\/ruslan-izzetli-din-sorguma-cavab-verse-de-istediyim-informasiyani-gizledib\/#breadcrumb","itemListElement":[{"@type":"ListItem","position":1,"name":"Ana s\u0259hif\u0259","item":"https:\/\/www.meydan.tv\/az\/"},{"@type":"ListItem","position":2,"name":"Siyas\u0259t","item":"https:\/\/www.meydan.tv\/az\/section\/siyaset\/"},{"@type":"ListItem","position":3,"name":"Ruslan \u0130zz\u0259tli: &#8220;D\u0130N sor\u011fuma cavab vers\u0259 d\u0259, ist\u0259diyim informasiyan\u0131 gizl\u0259dib&#8221;"}]},{"@type":"WebSite","@id":"https:\/\/www.meydan.tv\/az\/#website","url":"https:\/\/www.meydan.tv\/az\/","name":"MEYDAN.TV","description":"Meydan TV Az\u0259rbaycan\u0131n media m\u0259kan\u0131ndak\u0131 alternativ s\u0259sidir","publisher":{"@id":"https:\/\/www.meydan.tv\/az\/#organization"},"potentialAction":[{"@type":"SearchAction","target":{"@type":"EntryPoint","urlTemplate":"https:\/\/www.meydan.tv\/az\/?s={search_term_string}"},"query-input":{"@type":"PropertyValueSpecification","valueRequired":true,"valueName":"search_term_string"}}],"inLanguage":"az"},{"@type":"Organization","@id":"https:\/\/www.meydan.tv\/az\/#organization","name":"Meydan TV","url":"https:\/\/www.meydan.tv\/az\/","logo":{"@type":"ImageObject","inLanguage":"az","@id":"https:\/\/www.meydan.tv\/az\/#\/schema\/logo\/image\/","url":"https:\/\/www.meydan.tv\/wp-content\/uploads\/2021\/07\/meydan-logo.svg","contentUrl":"https:\/\/www.meydan.tv\/wp-content\/uploads\/2021\/07\/meydan-logo.svg","width":195,"height":46,"caption":"Meydan TV"},"image":{"@id":"https:\/\/www.meydan.tv\/az\/#\/schema\/logo\/image\/"}},{"@type":"Person","@id":"https:\/\/www.meydan.tv\/az\/#\/schema\/person\/9cdbecf90d17180ce1dfbd95b08dcf47","name":"elli","sameAs":["https:\/\/x.com\/elli"]}]}},"_links":{"self":[{"href":"https:\/\/www.meydan.tv\/az\/wp-json\/wp\/v2\/posts\/279211","targetHints":{"allow":["GET"]}}],"collection":[{"href":"https:\/\/www.meydan.tv\/az\/wp-json\/wp\/v2\/posts"}],"about":[{"href":"https:\/\/www.meydan.tv\/az\/wp-json\/wp\/v2\/types\/post"}],"author":[{"embeddable":true,"href":"https:\/\/www.meydan.tv\/az\/wp-json\/wp\/v2\/users\/8"}],"replies":[{"embeddable":true,"href":"https:\/\/www.meydan.tv\/az\/wp-json\/wp\/v2\/comments?post=279211"}],"version-history":[{"count":3,"href":"https:\/\/www.meydan.tv\/az\/wp-json\/wp\/v2\/posts\/279211\/revisions"}],"predecessor-version":[{"id":279217,"href":"https:\/\/www.meydan.tv\/az\/wp-json\/wp\/v2\/posts\/279211\/revisions\/279217"}],"wp:featuredmedia":[{"embeddable":true,"href":"https:\/\/www.meydan.tv\/az\/wp-json\/wp\/v2\/media\/150491"}],"wp:attachment":[{"href":"https:\/\/www.meydan.tv\/az\/wp-json\/wp\/v2\/media?parent=279211"}],"wp:term":[{"taxonomy":"category","embeddable":true,"href":"https:\/\/www.meydan.tv\/az\/wp-json\/wp\/v2\/categories?post=279211"},{"taxonomy":"post_tag","embeddable":true,"href":"https:\/\/www.meydan.tv\/az\/wp-json\/wp\/v2\/tags?post=279211"}],"curies":[{"name":"wp","href":"https:\/\/api.w.org\/{rel}","templated":true}]}}