{"id":279209,"date":"2023-07-06T16:45:33","date_gmt":"2023-07-06T12:45:33","guid":{"rendered":"https:\/\/www.meydan.tv\/?p=279209"},"modified":"2023-07-06T16:45:36","modified_gmt":"2023-07-06T12:45:36","slug":"avropa-mehkemesi-azerbaycanla-bagli-daha-10-qerarini-aciqladi","status":"publish","type":"post","link":"https:\/\/www.meydan.tv\/az\/article\/avropa-mehkemesi-azerbaycanla-bagli-daha-10-qerarini-aciqladi\/","title":{"rendered":"Avropa M\u0259hk\u0259m\u0259si Az\u0259rbaycanla ba\u011fl\u0131 daha 10 q\u0259rar\u0131n\u0131 a\u00e7\u0131qlad\u0131"},"content":{"rendered":"\n<p><\/p>\n\n\n\n<p><strong><em>T\u0259r\u0259fl\u0259r dostca anla\u015f\u0131b, yaln\u0131z bir i\u015fd\u0259 mahiyy\u0259ti \u00fczr\u0259 q\u0259rar verilib<\/em><\/strong><\/p>\n\n\n\n<p>Avropa \u0130nsan H\u00fcquqlar\u0131 M\u0259hk\u0259m\u0259si (A\u0130HM) iyulun 6-da Az\u0259rbaycandan g\u00f6nd\u0259rilmi\u015f 15-d\u0259n \u00e7ox \u0259riz\u0259 \u00fczr\u0259 \u00fcmumilikd\u0259 10 q\u0259rar v\u0259 q\u0259rardad\u0131n\u0131 elan <a href=\"https:\/\/aihmaz.org\/avropa-m%c9%99hk%c9%99m%c9%99si-az%c9%99rbaycani-65-min-avrodan-artiq-c%c9%99rim%c9%99l%c9%99yib\/?fbclid=IwAR0tIxKPEpdpz4R4Tx5gL-2qKlXORvDIbx2KNXJJfgfGDNFgl89cUdnxHvA_aem_Ac7I3CA1MJoJT9OJPYo_joessvQGj_VJnAWS5Ua8UN1CT9-z7hYS2cqFH8XNePq7ZEM\" target=\"_blank\" rel=\"noreferrer noopener\">edib<\/a>.<\/p>\n\n\n\n<p>\u018fks\u0259r \u0259riz\u0259l\u0259r\u0259 bax\u0131lmas\u0131 t\u0259r\u0259fl\u0259rin dostca anla\u015fmas\u0131 v\u0259 h\u00f6kum\u0259tin t\u0259qdim etdiyi t\u0259kt\u0259r\u0259fli b\u0259yannam\u0259 \u0259sas\u0131nda ba\u015fa \u00e7at\u0131b.<\/p>\n\n\n\n<p>Bir i\u015fd\u0259 mahiyy\u0259ti \u00fczr\u0259 q\u0259rar verilib.<\/p>\n\n\n\n<p>\u201c\u015eamil Quliyev Az\u0259rbaycana qar\u015f\u0131\u201d i\u015find\u0259 mahiyy\u0259ti \u00fczr\u0259 q\u0259rar elan edilib.<\/p>\n\n\n\n<p>\u0130\u015fd\u0259 \u0259riz\u0259\u00e7i \u015eamil N\u0259bi o\u011flu Quliyev Az\u0259rbaycan v\u0259t\u0259nda\u015f\u0131d\u0131r.<\/p>\n\n\n\n<p>O, 1974-c\u00fc ild\u0259 anadan olub, Bak\u0131 \u015f\u0259h\u0259rind\u0259 ya\u015fay\u0131r.<\/p>\n\n\n\n<p>M\u0259hk\u0259m\u0259 i\u015fi \u0259riz\u0259\u00e7inin r\u0259fiq\u0259si il\u0259 \u0259laq\u0259sini sonland\u0131rd\u0131qdan v\u0259 onlar\u0131n aras\u0131nda cinay\u0259t t\u0259qibi orqanlar\u0131n\u0131n ara\u015fd\u0131rmas\u0131na s\u0259b\u0259b olan m\u00fcbahis\u0259d\u0259n sonra prokurorluq orqanlar\u0131ndan xaric edilm\u0259si il\u0259 ba\u011fl\u0131 olub.<\/p>\n\n\n\n<p>\u018friz\u0259\u00e7i prokurorluqdak\u0131 i\u015find\u0259n \u201cm\u00fcvafiq t\u00f6vsiy\u0259l\u0259r\u0259 baxmayaraq\u201d, \u201claz\u0131mi n\u0259tic\u0259 \u00e7\u0131xara bilm\u0259diyi v\u0259 ke\u00e7mi\u015f sevgilisi il\u0259 \u015f\u0259xsi m\u00fcnasib\u0259tind\u0259n qaynaqlanan problemin h\u0259lli \u00fc\u00e7\u00fcn add\u0131mlar atmad\u0131\u011f\u0131ndan\u201d azad edilib.<\/p>\n\n\n\n<p>O, 2013-c\u00fc ild\u0259 t\u0259qdim etdiyi \u015fikay\u0259tind\u0259 iddia edib ki, onun i\u015fd\u0259n \u00e7\u0131xar\u0131lmas\u0131 qanunsuz olub v\u0259 Konvensiyan\u0131n 8-ci madd\u0259sind\u0259 n\u0259z\u0259rd\u0259 tutulmu\u015f \u015f\u0259xsi h\u0259yat\u0131na h\u00f6rm\u0259t h\u00fcququnun pozuntusu il\u0259 m\u00fc\u015fay\u0259t olunub.<\/p>\n\n\n\n<p>A\u0130HM bu i\u015fd\u0259 \u0259riz\u0259\u00e7inin iddialar\u0131n\u0131 \u0259sasl\u0131 hesab edib.<\/p>\n\n\n\n<p>Q\u0259rar Konvensiyan\u0131n 8-ci madd\u0259sinin pozuntusunun tan\u0131nmas\u0131n\u0131, h\u00f6kum\u0259tin \u0259riz\u0259\u00e7iy\u0259 m\u0259n\u0259vi z\u0259r\u0259r \u0259v\u0259zi 7 min avro t\u0259zminat \u00f6d\u0259m\u0259sini n\u0259z\u0259rd\u0259 tutur.<\/p>\n\n\n\n<p>\u201cL\u0259tif\u0259 A\u011fayeva v\u0259 4 Ba\u015fqa \u0259riz\u0259\u00e7i Az\u0259rbaycana qar\u015f\u0131\u201d &#8211; 5 \u0259riz\u0259nin birl\u0259\u015fdirildiyi bu i\u015fd\u0259 \u0259riz\u0259\u00e7il\u0259r \u2013 L\u0259tif\u0259 A\u011fayeva, Zaur Camalxanov, Elvin A\u011fayev, \u018fzim H\u00fcseynov v\u0259 M\u00fc\u015ffiq Quliyev m\u0259hk\u0259m\u0259y\u0259 q\u0259d\u0259r h\u0259bs edilm\u0259l\u0259rinin onlar\u0131n azadl\u0131q v\u0259 toxunulmazl\u0131q h\u00fcququnu pozdu\u011funu iddia edibl\u0259r.<\/p>\n\n\n\n<p>T\u0259r\u0259fl\u0259r kommunikasiya \u00f6nc\u0259sind\u0259 dostca anla\u015f\u0131blar.<\/p>\n\n\n\n<p>Q\u0259rardada g\u00f6r\u0259, h\u00f6kum\u0259t \u0259riz\u0259\u00e7il\u0259rd\u0259n L.A\u011fayeva v\u0259 \u018f.H\u00fcseynovun h\u0259r birin\u0259 m\u0259n\u0259vi z\u0259r\u0259r \u0259v\u0259zi 2300, x\u0259rc v\u0259 m\u0259sr\u0259f\u0259 g\u00f6r\u0259s\u0259 h\u0259r birin\u0259 1200 avro \u00f6d\u0259m\u0259lidir.<\/p>\n\n\n\n<p>Z.Camalxanov, E.A\u011fayev\u0259 v\u0259 M.Quliyevin h\u0259r birin\u0259 is\u0259 m\u0259n\u0259vi z\u0259r\u0259r \u0259v\u0259zi 3000, x\u0259rc v\u0259 m\u0259sr\u0259fl\u0259r\u0259 g\u00f6r\u0259s\u0259 h\u0259r birin\u0259 500 avro \u00f6d\u0259nil\u0259c\u0259k.<\/p>\n\n\n\n<p>\u00d6d\u0259ni\u015fl\u0259r i\u015fl\u0259rin yekun h\u0259llini t\u0259\u015fkil ed\u0259c\u0259k.<\/p>\n\n\n\n<p>\u201cNazim N\u0259sirov v\u0259 \u018fla\u011fa Mirz\u0259yev Az\u0259rbaycana qar\u015f\u0131\u201d i\u015find\u0259 h\u0259r iki \u0259riz\u0259\u00e7i yerli m\u0259hk\u0259m\u0259l\u0259rin onlar\u0131n m\u00fclkiyy\u0259t h\u00fcquqular\u0131 il\u0259 ba\u011fl\u0131 q\u0259bul etdikl\u0259ri q\u0259rarlar\u0131n icra edilm\u0259m\u0259sind\u0259n v\u0259 ya gec icra edilm\u0259sind\u0259n \u015fikay\u0259t edib.<\/p>\n\n\n\n<p>T\u0259r\u0259fl\u0259r dostca anla\u015f\u0131blar.<\/p>\n\n\n\n<p>Anla\u015fmaya \u0259sas\u0259n, h\u00f6kum\u0259t N.N\u0259zirova 3600, \u018f.Mir\u0259zyev\u0259 2100 avro t\u0259zminat \u00f6d\u0259y\u0259c\u0259k.<\/p>\n\n\n\n<p>\u00d6d\u0259ni\u015fl\u0259rin edilm\u0259si v\u0259 icra edilm\u0259m\u0259sind\u0259n \u015fikay\u0259t edilmi\u015f yerli m\u0259hk\u0259m\u0259 q\u0259rarlar\u0131n\u0131n tam icras\u0131, \u0259riz\u0259l\u0259rin yekun h\u0259llini t\u0259\u015fkil ed\u0259c\u0259k.<\/p>\n\n\n\n<p>\u201cMa\u015fallah H\u00fcseynov v\u0259 5 ba\u015fqa \u0259riz\u0259\u00e7i Az\u0259rbaycana qar\u015f\u0131\u201d i\u015find\u0259 d\u0259 7 \u0259riz\u0259\u00e7inin ham\u0131s\u0131 yerli m\u0259hk\u0259m\u0259l\u0259rin onlar\u0131n m\u00fclkiyy\u0259t h\u00fcquqular\u0131 il\u0259 ba\u011fl\u0131 q\u0259bul etdikl\u0259ri q\u0259rarlar\u0131n icra edilm\u0259m\u0259sind\u0259n v\u0259 ya gec icra edilm\u0259sind\u0259n \u015fikay\u0259t edibl\u0259r.<\/p>\n\n\n\n<p>M\u0259hk\u0259m\u0259nin q\u0259rardad\u0131 h\u00f6kum\u0259tin t\u0259kt\u0259r\u0259fli b\u0259yannam\u0259sin\u0259 s\u00f6yk\u0259nir.<\/p>\n\n\n\n<p>T\u0259r\u0259fl\u0259rin dostca anl\u015fama il\u0259 ba\u011fl\u0131 m\u00fczakir\u0259l\u0259ri u\u011fursuz ba\u015fa \u00e7atandan sonra h\u00f6kum\u0259t A\u0130HM-\u0259 t\u0259kt\u0259r\u0259fli b\u0259yannam\u0259 t\u0259qdim edib v\u0259 ddia olunan pozuntular\u0131 etiraf edib.<\/p>\n\n\n\n<p>M\u0259hk\u0259m\u0259nin q\u0259rardad\u0131na g\u00f6r\u0259, h\u00f6kum\u0259t icra edilm\u0259m\u0259sind\u0259n \u015fikay\u0259t olunan yerli m\u0259hk\u0259m\u0259 q\u0259rarlar\u0131n\u0131 tam icra etm\u0259lidir.<\/p>\n\n\n\n<p>H\u00f6kum\u0259t m\u0259n\u0259vi z\u0259r\u0259r v\u0259 x\u0259rc, m\u0259sr\u0259f\u0259 \u0259v\u0259zi olaraq, \u0259riz\u0259\u00e7il\u0259rd\u0259n Ma\u015fallah H\u00fcseynov, \u015e\u00fckran H\u00fcseynov, M\u0259har\u0259t Q\u0259hr\u0259manov v\u0259 Yengibar S\u0259f\u0259rovun h\u0259r birin\u0259 3850, Y\u00fcks\u0259l Babayev\u0259 3250, Altay \u018fl\u0259sg\u0259rova 850 avro \u00f6d\u0259m\u0259lidir.<\/p>\n\n\n\n<p>\u201c\u018fr\u0259stun Bax\u015f\u0259liyev Az\u0259rbaycana qar\u015f\u0131\u201d &#8211; m\u0259hk\u0259m\u0259 i\u015fi \u0259riz\u0259\u00e7i bar\u0259sind\u0259 inzibati m\u0259hk\u0259m\u0259 prosesinin \u0259dal\u0259tli olmamas\u0131 iddialar\u0131 il\u0259 ba\u011fl\u0131d\u0131r.<\/p>\n\n\n\n<p>M\u0259hk\u0259m\u0259nin q\u0259rardad\u0131 h\u00f6kum\u0259tin t\u0259kt\u0259r\u0259fli b\u0259yannam\u0259sin\u0259 \u0259sas\u0259n, \u00e7\u0131xar\u0131l\u0131b.<\/p>\n\n\n\n<p>T\u0259r\u0259fl\u0259rin dostca anl\u015fama il\u0259 ba\u011fl\u0131 m\u00fczakir\u0259l\u0259ri u\u011fursuz olndan sonra h\u00f6kum\u0259t A\u0130HM-\u0259 t\u0259kt\u0259r\u0259fli b\u0259yannam\u0259 t\u0259qdim edib, iddia olunan pozuntular\u0131 etiraf edib.<\/p>\n\n\n\n<p>Q\u0259rardada g\u00f6r\u0259, h\u00f6kum\u0259t \u0259riz\u0259\u00e7iy\u0259 m\u0259n\u0259vi z\u0259r\u0259r \u0259v\u0259zi 800, onun v\u0259kilin\u0259 h\u00fcquq xidm\u0259tl\u0259rin\u0259 g\u00f6r\u0259 450 avro \u00f6d\u0259y\u0259c\u0259k.<\/p>\n\n\n\n<p>\u201cEl\u00e7in M\u0259mm\u0259d Az\u0259rbaycana qar\u015f\u0131\u201d i\u015find\u0259 jurnalist olan \u0259riz\u0259\u00e7i m\u0259hk\u0259m\u0259y\u0259 q\u0259d\u0259r h\u0259bs edilm\u0259sinin qanunsuzlu\u011fundan \u015fikay\u0259t edib.<\/p>\n\n\n\n<p>Kommunikasiya zaman\u0131 h\u00f6kum\u0259t A\u0130HM-\u0259 t\u0259kt\u0259r\u0259fli b\u0259yannam\u0259 t\u0259qdim ed\u0259r\u0259k, iddia olunan pozuntular\u0131 tan\u0131y\u0131b, \u0259riz\u0259\u00e7iy\u0259 m\u0259n\u0259vi z\u0259r\u0259r \u0259v\u0259zi \u00f6d\u0259m\u0259yi t\u0259klif edib.<\/p>\n\n\n\n<p>Q\u0259rardada g\u00f6r\u0259, h\u00f6kum\u0259t \u0259riz\u0259\u00e7iy\u0259 m\u0259n\u0259vi z\u0259r\u0259r\u0259 g\u00f6r\u0259 3000, h\u00fcquqi m\u0259sr\u0259fl\u0259r\u0259 g\u00f6r\u0259 500 avro \u00f6d\u0259y\u0259c\u0259k.<\/p>\n\n\n\n<p>\u201cRauf Quliyev Az\u0259rbaycana qar\u015f\u0131\u201d i\u015fin hallar\u0131na g\u00f6r\u0259, \u0259riz\u0259\u00e7inin \u00f6lk\u0259d\u0259n \u00e7\u0131x\u0131\u015f\u0131na m\u0259hk\u0259m\u0259 q\u0259rar\u0131 il\u0259 qada\u011fa qoyulub. Habel\u0259 onun mobil telefonu qanunsuz g\u00f6t\u00fcr\u00fclm\u00fc\u015fd\u00fc.<br>\u018friz\u0259\u00e7i A\u0130HM qar\u015f\u0131s\u0131nda h\u0259r\u0259k\u0259t azadl\u0131\u011f\u0131 v\u0259 \u015f\u0259xsi h\u0259yata h\u00f6rm\u0259t h\u00fcququnun pozuntusunu m\u00fcbahis\u0259l\u0259ndirib<\/p>\n\n\n\n<p>T\u0259r\u0259fl\u0259r kommunikasiya zaman\u0131 dostca anla\u015f\u0131blar.<\/p>\n\n\n\n<p>Anla\u015fmaya \u0259sas\u0259n, h\u00f6kum\u0259t s\u0259yah\u0259t qada\u011fas\u0131n\u0131 n\u0259z\u0259rd\u0259 tutan q\u0259rarlar\u0131 l\u0259\u011fv etm\u0259li, \u0259riz\u0259\u00e7iy\u0259 m\u0259n\u0259vi z\u0259r\u0259r \u0259v\u0259zi 4000, h\u00fcquq x\u0259rcl\u0259rin\u0259 g\u00f6r\u0259 2000 avro \u00f6d\u0259m\u0259lidir.<\/p>\n\n\n\n<p>\u201cCavidan Abdullazad\u0259 Az\u0259rbaycana qar\u015f\u0131\u201d &#8211; m\u0259hk\u0259m\u0259 i\u015fi \u0259riz\u0259\u00e7iy\u0259 yerli hakimiyy\u0259t orqanlar\u0131 t\u0259r\u0259find\u0259n s\u0259yah\u0259t qada\u011fas\u0131n\u0131n t\u0259tbiqi il\u0259 ba\u011fl\u0131 olub.<\/p>\n\n\n\n<p>\u018friz\u0259\u00e7i h\u0259m\u00e7inin s\u0259yah\u0259t qada\u011fas\u0131n\u0131n l\u0259\u011fvi bar\u0259d\u0259 daxili m\u0259hk\u0259m\u0259nin q\u0259rar\u0131n\u0131n yerli qurumlar t\u0259r\u0259find\u0259n icra olunmamas\u0131ndan \u015fikay\u0259t edib.<\/p>\n\n\n\n<p>Bu i\u015fd\u0259 d\u0259 t\u0259r\u0259fl\u0259r kommunikasiya zaman\u0131 dostca anla\u015f\u0131b.<\/p>\n\n\n\n<p>Anla\u015fmaya \u0259sas\u0259n, h\u00f6kum\u0259t s\u0259yah\u0259t qada\u011fas\u0131n\u0131n l\u0259\u011fvi il\u0259 ba\u011fl\u0131 yerli m\u0259hk\u0259m\u0259 q\u0259rar\u0131n\u0131n icras\u0131n\u0131 t\u0259min etm\u0259li v\u0259 \u0259riz\u0259\u00e7iy\u0259 m\u0259n\u0259vi z\u0259r\u0259r \u0259v\u0259zi 4000, h\u00fcquq x\u0259rcl\u0259rin\u0259 g\u00f6r\u0259 2000 avro \u00f6d\u0259m\u0259lidir.<\/p>\n","protected":false},"excerpt":{"rendered":"<p>T\u0259r\u0259fl\u0259r dostca anla\u015f\u0131b, yaln\u0131z bir i\u015fd\u0259 mahiyy\u0259ti \u00fczr\u0259 q\u0259rar verilib &#8230; <\/p>\n<p class=\"read-more-container\"><a title=\"Avropa M\u0259hk\u0259m\u0259si Az\u0259rbaycanla ba\u011fl\u0131 daha 10 q\u0259rar\u0131n\u0131 a\u00e7\u0131qlad\u0131\" class=\"read-more button\" href=\"https:\/\/www.meydan.tv\/az\/article\/avropa-mehkemesi-azerbaycanla-bagli-daha-10-qerarini-aciqladi\/#more-279209\" aria-label=\"Read more about Avropa M\u0259hk\u0259m\u0259si Az\u0259rbaycanla ba\u011fl\u0131 daha 10 q\u0259rar\u0131n\u0131 a\u00e7\u0131qlad\u0131\">Davam\u0131<\/a><\/p>\n","protected":false},"author":8,"featured_media":227177,"comment_status":"closed","ping_status":"closed","sticky":false,"template":"","format":"standard","meta":{"_acf_changed":false,"_sitemap_exclude":false,"_sitemap_priority":"","_sitemap_frequency":"","footnotes":""},"categories":[59,56],"tags":[],"class_list":["post-279209","post","type-post","status-publish","format-standard","has-post-thumbnail","hentry","category-siyaset","category-xeberler","infinite-scroll-item","generate-columns","tablet-grid-50","mobile-grid-100","grid-parent","grid-33","no-featured-image-padding"],"acf":[],"yoast_head":"<!-- This site is optimized with the Yoast SEO plugin v27.4 - https:\/\/yoast.com\/product\/yoast-seo-wordpress\/ -->\n<title>Avropa M\u0259hk\u0259m\u0259si Az\u0259rbaycanla ba\u011fl\u0131 daha 10 q\u0259rar\u0131n\u0131 a\u00e7\u0131qlad\u0131 - MEYDAN.TV<\/title>\n<meta name=\"robots\" content=\"index, follow, max-snippet:-1, max-image-preview:large, max-video-preview:-1\" \/>\n<link rel=\"canonical\" href=\"https:\/\/www.meydan.tv\/az\/article\/avropa-mehkemesi-azerbaycanla-bagli-daha-10-qerarini-aciqladi\/\" \/>\n<meta property=\"og:locale\" content=\"az_AZ\" \/>\n<meta property=\"og:type\" content=\"article\" \/>\n<meta property=\"og:title\" content=\"Avropa M\u0259hk\u0259m\u0259si Az\u0259rbaycanla ba\u011fl\u0131 daha 10 q\u0259rar\u0131n\u0131 a\u00e7\u0131qlad\u0131 - MEYDAN.TV\" \/>\n<meta property=\"og:description\" content=\"T\u0259r\u0259fl\u0259r dostca anla\u015f\u0131b, yaln\u0131z bir i\u015fd\u0259 mahiyy\u0259ti \u00fczr\u0259 q\u0259rar verilib ... Davam\u0131\" \/>\n<meta property=\"og:url\" content=\"https:\/\/www.meydan.tv\/az\/article\/avropa-mehkemesi-azerbaycanla-bagli-daha-10-qerarini-aciqladi\/\" \/>\n<meta property=\"og:site_name\" content=\"MEYDAN.TV\" \/>\n<meta property=\"article:published_time\" content=\"2023-07-06T12:45:33+00:00\" \/>\n<meta property=\"article:modified_time\" content=\"2023-07-06T12:45:36+00:00\" \/>\n<meta property=\"og:image\" content=\"https:\/\/www.meydan.tv\/wp-content\/uploads\/shutterstock_261407981.jpg\" \/>\n\t<meta property=\"og:image:width\" content=\"1200\" \/>\n\t<meta property=\"og:image:height\" content=\"798\" \/>\n\t<meta property=\"og:image:type\" content=\"image\/jpeg\" \/>\n<meta name=\"author\" content=\"elli\" \/>\n<meta name=\"twitter:card\" content=\"summary_large_image\" \/>\n<meta name=\"twitter:creator\" content=\"@elli\" \/>\n<script type=\"application\/ld+json\" class=\"yoast-schema-graph\">{\"@context\":\"https:\\\/\\\/schema.org\",\"@graph\":[{\"@type\":\"Article\",\"@id\":\"https:\\\/\\\/www.meydan.tv\\\/az\\\/article\\\/avropa-mehkemesi-azerbaycanla-bagli-daha-10-qerarini-aciqladi\\\/#article\",\"isPartOf\":{\"@id\":\"https:\\\/\\\/www.meydan.tv\\\/az\\\/article\\\/avropa-mehkemesi-azerbaycanla-bagli-daha-10-qerarini-aciqladi\\\/\"},\"author\":{\"name\":\"elli\",\"@id\":\"https:\\\/\\\/www.meydan.tv\\\/az\\\/#\\\/schema\\\/person\\\/9cdbecf90d17180ce1dfbd95b08dcf47\"},\"headline\":\"Avropa M\u0259hk\u0259m\u0259si Az\u0259rbaycanla ba\u011fl\u0131 daha 10 q\u0259rar\u0131n\u0131 a\u00e7\u0131qlad\u0131\",\"datePublished\":\"2023-07-06T12:45:33+00:00\",\"dateModified\":\"2023-07-06T12:45:36+00:00\",\"mainEntityOfPage\":{\"@id\":\"https:\\\/\\\/www.meydan.tv\\\/az\\\/article\\\/avropa-mehkemesi-azerbaycanla-bagli-daha-10-qerarini-aciqladi\\\/\"},\"wordCount\":1299,\"publisher\":{\"@id\":\"https:\\\/\\\/www.meydan.tv\\\/az\\\/#organization\"},\"image\":{\"@id\":\"https:\\\/\\\/www.meydan.tv\\\/az\\\/article\\\/avropa-mehkemesi-azerbaycanla-bagli-daha-10-qerarini-aciqladi\\\/#primaryimage\"},\"thumbnailUrl\":\"https:\\\/\\\/www.meydan.tv\\\/wp-content\\\/uploads\\\/shutterstock_261407981.jpg\",\"articleSection\":[\"Siyas\u0259t\",\"X\u0259b\u0259rl\u0259r\"],\"inLanguage\":\"az\"},{\"@type\":\"WebPage\",\"@id\":\"https:\\\/\\\/www.meydan.tv\\\/az\\\/article\\\/avropa-mehkemesi-azerbaycanla-bagli-daha-10-qerarini-aciqladi\\\/\",\"url\":\"https:\\\/\\\/www.meydan.tv\\\/az\\\/article\\\/avropa-mehkemesi-azerbaycanla-bagli-daha-10-qerarini-aciqladi\\\/\",\"name\":\"Avropa M\u0259hk\u0259m\u0259si Az\u0259rbaycanla ba\u011fl\u0131 daha 10 q\u0259rar\u0131n\u0131 a\u00e7\u0131qlad\u0131 - MEYDAN.TV\",\"isPartOf\":{\"@id\":\"https:\\\/\\\/www.meydan.tv\\\/az\\\/#website\"},\"primaryImageOfPage\":{\"@id\":\"https:\\\/\\\/www.meydan.tv\\\/az\\\/article\\\/avropa-mehkemesi-azerbaycanla-bagli-daha-10-qerarini-aciqladi\\\/#primaryimage\"},\"image\":{\"@id\":\"https:\\\/\\\/www.meydan.tv\\\/az\\\/article\\\/avropa-mehkemesi-azerbaycanla-bagli-daha-10-qerarini-aciqladi\\\/#primaryimage\"},\"thumbnailUrl\":\"https:\\\/\\\/www.meydan.tv\\\/wp-content\\\/uploads\\\/shutterstock_261407981.jpg\",\"datePublished\":\"2023-07-06T12:45:33+00:00\",\"dateModified\":\"2023-07-06T12:45:36+00:00\",\"breadcrumb\":{\"@id\":\"https:\\\/\\\/www.meydan.tv\\\/az\\\/article\\\/avropa-mehkemesi-azerbaycanla-bagli-daha-10-qerarini-aciqladi\\\/#breadcrumb\"},\"inLanguage\":\"az\",\"potentialAction\":[{\"@type\":\"ReadAction\",\"target\":[\"https:\\\/\\\/www.meydan.tv\\\/az\\\/article\\\/avropa-mehkemesi-azerbaycanla-bagli-daha-10-qerarini-aciqladi\\\/\"]}]},{\"@type\":\"ImageObject\",\"inLanguage\":\"az\",\"@id\":\"https:\\\/\\\/www.meydan.tv\\\/az\\\/article\\\/avropa-mehkemesi-azerbaycanla-bagli-daha-10-qerarini-aciqladi\\\/#primaryimage\",\"url\":\"https:\\\/\\\/www.meydan.tv\\\/wp-content\\\/uploads\\\/shutterstock_261407981.jpg\",\"contentUrl\":\"https:\\\/\\\/www.meydan.tv\\\/wp-content\\\/uploads\\\/shutterstock_261407981.jpg\",\"width\":1200,\"height\":798,\"caption\":\"Avropa M\u0259hk\u0259m\u0259si, Foto: By symbiot\\\/Shutterstock\"},{\"@type\":\"BreadcrumbList\",\"@id\":\"https:\\\/\\\/www.meydan.tv\\\/az\\\/article\\\/avropa-mehkemesi-azerbaycanla-bagli-daha-10-qerarini-aciqladi\\\/#breadcrumb\",\"itemListElement\":[{\"@type\":\"ListItem\",\"position\":1,\"name\":\"Ana s\u0259hif\u0259\",\"item\":\"https:\\\/\\\/www.meydan.tv\\\/az\\\/\"},{\"@type\":\"ListItem\",\"position\":2,\"name\":\"Siyas\u0259t\",\"item\":\"https:\\\/\\\/www.meydan.tv\\\/az\\\/section\\\/siyaset\\\/\"},{\"@type\":\"ListItem\",\"position\":3,\"name\":\"Avropa M\u0259hk\u0259m\u0259si Az\u0259rbaycanla ba\u011fl\u0131 daha 10 q\u0259rar\u0131n\u0131 a\u00e7\u0131qlad\u0131\"}]},{\"@type\":\"WebSite\",\"@id\":\"https:\\\/\\\/www.meydan.tv\\\/az\\\/#website\",\"url\":\"https:\\\/\\\/www.meydan.tv\\\/az\\\/\",\"name\":\"MEYDAN.TV\",\"description\":\"Meydan TV Az\u0259rbaycan\u0131n media m\u0259kan\u0131ndak\u0131 alternativ s\u0259sidir\",\"publisher\":{\"@id\":\"https:\\\/\\\/www.meydan.tv\\\/az\\\/#organization\"},\"potentialAction\":[{\"@type\":\"SearchAction\",\"target\":{\"@type\":\"EntryPoint\",\"urlTemplate\":\"https:\\\/\\\/www.meydan.tv\\\/az\\\/?s={search_term_string}\"},\"query-input\":{\"@type\":\"PropertyValueSpecification\",\"valueRequired\":true,\"valueName\":\"search_term_string\"}}],\"inLanguage\":\"az\"},{\"@type\":\"Organization\",\"@id\":\"https:\\\/\\\/www.meydan.tv\\\/az\\\/#organization\",\"name\":\"Meydan TV\",\"url\":\"https:\\\/\\\/www.meydan.tv\\\/az\\\/\",\"logo\":{\"@type\":\"ImageObject\",\"inLanguage\":\"az\",\"@id\":\"https:\\\/\\\/www.meydan.tv\\\/az\\\/#\\\/schema\\\/logo\\\/image\\\/\",\"url\":\"https:\\\/\\\/www.meydan.tv\\\/wp-content\\\/uploads\\\/2021\\\/07\\\/meydan-logo.svg\",\"contentUrl\":\"https:\\\/\\\/www.meydan.tv\\\/wp-content\\\/uploads\\\/2021\\\/07\\\/meydan-logo.svg\",\"width\":195,\"height\":46,\"caption\":\"Meydan TV\"},\"image\":{\"@id\":\"https:\\\/\\\/www.meydan.tv\\\/az\\\/#\\\/schema\\\/logo\\\/image\\\/\"}},{\"@type\":\"Person\",\"@id\":\"https:\\\/\\\/www.meydan.tv\\\/az\\\/#\\\/schema\\\/person\\\/9cdbecf90d17180ce1dfbd95b08dcf47\",\"name\":\"elli\",\"sameAs\":[\"https:\\\/\\\/x.com\\\/elli\"]}]}<\/script>\n<!-- \/ Yoast SEO plugin. -->","yoast_head_json":{"title":"Avropa M\u0259hk\u0259m\u0259si Az\u0259rbaycanla ba\u011fl\u0131 daha 10 q\u0259rar\u0131n\u0131 a\u00e7\u0131qlad\u0131 - MEYDAN.TV","robots":{"index":"index","follow":"follow","max-snippet":"max-snippet:-1","max-image-preview":"max-image-preview:large","max-video-preview":"max-video-preview:-1"},"canonical":"https:\/\/www.meydan.tv\/az\/article\/avropa-mehkemesi-azerbaycanla-bagli-daha-10-qerarini-aciqladi\/","og_locale":"az_AZ","og_type":"article","og_title":"Avropa M\u0259hk\u0259m\u0259si Az\u0259rbaycanla ba\u011fl\u0131 daha 10 q\u0259rar\u0131n\u0131 a\u00e7\u0131qlad\u0131 - MEYDAN.TV","og_description":"T\u0259r\u0259fl\u0259r dostca anla\u015f\u0131b, yaln\u0131z bir i\u015fd\u0259 mahiyy\u0259ti \u00fczr\u0259 q\u0259rar verilib ... Davam\u0131","og_url":"https:\/\/www.meydan.tv\/az\/article\/avropa-mehkemesi-azerbaycanla-bagli-daha-10-qerarini-aciqladi\/","og_site_name":"MEYDAN.TV","article_published_time":"2023-07-06T12:45:33+00:00","article_modified_time":"2023-07-06T12:45:36+00:00","og_image":[{"width":1200,"height":798,"url":"https:\/\/www.meydan.tv\/wp-content\/uploads\/shutterstock_261407981.jpg","type":"image\/jpeg"}],"author":"elli","twitter_card":"summary_large_image","twitter_creator":"@elli","schema":{"@context":"https:\/\/schema.org","@graph":[{"@type":"Article","@id":"https:\/\/www.meydan.tv\/az\/article\/avropa-mehkemesi-azerbaycanla-bagli-daha-10-qerarini-aciqladi\/#article","isPartOf":{"@id":"https:\/\/www.meydan.tv\/az\/article\/avropa-mehkemesi-azerbaycanla-bagli-daha-10-qerarini-aciqladi\/"},"author":{"name":"elli","@id":"https:\/\/www.meydan.tv\/az\/#\/schema\/person\/9cdbecf90d17180ce1dfbd95b08dcf47"},"headline":"Avropa M\u0259hk\u0259m\u0259si Az\u0259rbaycanla ba\u011fl\u0131 daha 10 q\u0259rar\u0131n\u0131 a\u00e7\u0131qlad\u0131","datePublished":"2023-07-06T12:45:33+00:00","dateModified":"2023-07-06T12:45:36+00:00","mainEntityOfPage":{"@id":"https:\/\/www.meydan.tv\/az\/article\/avropa-mehkemesi-azerbaycanla-bagli-daha-10-qerarini-aciqladi\/"},"wordCount":1299,"publisher":{"@id":"https:\/\/www.meydan.tv\/az\/#organization"},"image":{"@id":"https:\/\/www.meydan.tv\/az\/article\/avropa-mehkemesi-azerbaycanla-bagli-daha-10-qerarini-aciqladi\/#primaryimage"},"thumbnailUrl":"https:\/\/www.meydan.tv\/wp-content\/uploads\/shutterstock_261407981.jpg","articleSection":["Siyas\u0259t","X\u0259b\u0259rl\u0259r"],"inLanguage":"az"},{"@type":"WebPage","@id":"https:\/\/www.meydan.tv\/az\/article\/avropa-mehkemesi-azerbaycanla-bagli-daha-10-qerarini-aciqladi\/","url":"https:\/\/www.meydan.tv\/az\/article\/avropa-mehkemesi-azerbaycanla-bagli-daha-10-qerarini-aciqladi\/","name":"Avropa M\u0259hk\u0259m\u0259si Az\u0259rbaycanla ba\u011fl\u0131 daha 10 q\u0259rar\u0131n\u0131 a\u00e7\u0131qlad\u0131 - MEYDAN.TV","isPartOf":{"@id":"https:\/\/www.meydan.tv\/az\/#website"},"primaryImageOfPage":{"@id":"https:\/\/www.meydan.tv\/az\/article\/avropa-mehkemesi-azerbaycanla-bagli-daha-10-qerarini-aciqladi\/#primaryimage"},"image":{"@id":"https:\/\/www.meydan.tv\/az\/article\/avropa-mehkemesi-azerbaycanla-bagli-daha-10-qerarini-aciqladi\/#primaryimage"},"thumbnailUrl":"https:\/\/www.meydan.tv\/wp-content\/uploads\/shutterstock_261407981.jpg","datePublished":"2023-07-06T12:45:33+00:00","dateModified":"2023-07-06T12:45:36+00:00","breadcrumb":{"@id":"https:\/\/www.meydan.tv\/az\/article\/avropa-mehkemesi-azerbaycanla-bagli-daha-10-qerarini-aciqladi\/#breadcrumb"},"inLanguage":"az","potentialAction":[{"@type":"ReadAction","target":["https:\/\/www.meydan.tv\/az\/article\/avropa-mehkemesi-azerbaycanla-bagli-daha-10-qerarini-aciqladi\/"]}]},{"@type":"ImageObject","inLanguage":"az","@id":"https:\/\/www.meydan.tv\/az\/article\/avropa-mehkemesi-azerbaycanla-bagli-daha-10-qerarini-aciqladi\/#primaryimage","url":"https:\/\/www.meydan.tv\/wp-content\/uploads\/shutterstock_261407981.jpg","contentUrl":"https:\/\/www.meydan.tv\/wp-content\/uploads\/shutterstock_261407981.jpg","width":1200,"height":798,"caption":"Avropa M\u0259hk\u0259m\u0259si, Foto: By symbiot\/Shutterstock"},{"@type":"BreadcrumbList","@id":"https:\/\/www.meydan.tv\/az\/article\/avropa-mehkemesi-azerbaycanla-bagli-daha-10-qerarini-aciqladi\/#breadcrumb","itemListElement":[{"@type":"ListItem","position":1,"name":"Ana s\u0259hif\u0259","item":"https:\/\/www.meydan.tv\/az\/"},{"@type":"ListItem","position":2,"name":"Siyas\u0259t","item":"https:\/\/www.meydan.tv\/az\/section\/siyaset\/"},{"@type":"ListItem","position":3,"name":"Avropa M\u0259hk\u0259m\u0259si Az\u0259rbaycanla ba\u011fl\u0131 daha 10 q\u0259rar\u0131n\u0131 a\u00e7\u0131qlad\u0131"}]},{"@type":"WebSite","@id":"https:\/\/www.meydan.tv\/az\/#website","url":"https:\/\/www.meydan.tv\/az\/","name":"MEYDAN.TV","description":"Meydan TV Az\u0259rbaycan\u0131n media m\u0259kan\u0131ndak\u0131 alternativ s\u0259sidir","publisher":{"@id":"https:\/\/www.meydan.tv\/az\/#organization"},"potentialAction":[{"@type":"SearchAction","target":{"@type":"EntryPoint","urlTemplate":"https:\/\/www.meydan.tv\/az\/?s={search_term_string}"},"query-input":{"@type":"PropertyValueSpecification","valueRequired":true,"valueName":"search_term_string"}}],"inLanguage":"az"},{"@type":"Organization","@id":"https:\/\/www.meydan.tv\/az\/#organization","name":"Meydan TV","url":"https:\/\/www.meydan.tv\/az\/","logo":{"@type":"ImageObject","inLanguage":"az","@id":"https:\/\/www.meydan.tv\/az\/#\/schema\/logo\/image\/","url":"https:\/\/www.meydan.tv\/wp-content\/uploads\/2021\/07\/meydan-logo.svg","contentUrl":"https:\/\/www.meydan.tv\/wp-content\/uploads\/2021\/07\/meydan-logo.svg","width":195,"height":46,"caption":"Meydan TV"},"image":{"@id":"https:\/\/www.meydan.tv\/az\/#\/schema\/logo\/image\/"}},{"@type":"Person","@id":"https:\/\/www.meydan.tv\/az\/#\/schema\/person\/9cdbecf90d17180ce1dfbd95b08dcf47","name":"elli","sameAs":["https:\/\/x.com\/elli"]}]}},"_links":{"self":[{"href":"https:\/\/www.meydan.tv\/az\/wp-json\/wp\/v2\/posts\/279209","targetHints":{"allow":["GET"]}}],"collection":[{"href":"https:\/\/www.meydan.tv\/az\/wp-json\/wp\/v2\/posts"}],"about":[{"href":"https:\/\/www.meydan.tv\/az\/wp-json\/wp\/v2\/types\/post"}],"author":[{"embeddable":true,"href":"https:\/\/www.meydan.tv\/az\/wp-json\/wp\/v2\/users\/8"}],"replies":[{"embeddable":true,"href":"https:\/\/www.meydan.tv\/az\/wp-json\/wp\/v2\/comments?post=279209"}],"version-history":[{"count":1,"href":"https:\/\/www.meydan.tv\/az\/wp-json\/wp\/v2\/posts\/279209\/revisions"}],"predecessor-version":[{"id":279210,"href":"https:\/\/www.meydan.tv\/az\/wp-json\/wp\/v2\/posts\/279209\/revisions\/279210"}],"wp:featuredmedia":[{"embeddable":true,"href":"https:\/\/www.meydan.tv\/az\/wp-json\/wp\/v2\/media\/227177"}],"wp:attachment":[{"href":"https:\/\/www.meydan.tv\/az\/wp-json\/wp\/v2\/media?parent=279209"}],"wp:term":[{"taxonomy":"category","embeddable":true,"href":"https:\/\/www.meydan.tv\/az\/wp-json\/wp\/v2\/categories?post=279209"},{"taxonomy":"post_tag","embeddable":true,"href":"https:\/\/www.meydan.tv\/az\/wp-json\/wp\/v2\/tags?post=279209"}],"curies":[{"name":"wp","href":"https:\/\/api.w.org\/{rel}","templated":true}]}}