{"id":279200,"date":"2023-07-06T14:57:34","date_gmt":"2023-07-06T10:57:34","guid":{"rendered":"https:\/\/www.meydan.tv\/?p=279200"},"modified":"2023-07-06T14:57:37","modified_gmt":"2023-07-06T10:57:37","slug":"terri-foks-ve-umid-marafonu","status":"publish","type":"post","link":"https:\/\/www.meydan.tv\/az\/article\/terri-foks-ve-umid-marafonu\/","title":{"rendered":"Terri Foks v\u0259 \u00dcmid marafonu"},"content":{"rendered":"\n<p><\/p>\n\n\n\n<p><strong>Yadigar Sad\u0131ql\u0131<\/strong><\/p>\n\n\n\n<p><em><strong>Terri Foksun \u015f\u00fcca\u0259ti t\u0259kc\u0259 onkoloji x\u0259st\u0259likl\u0259r\u0259 diqq\u0259ti art\u0131rmad\u0131, h\u0259m d\u0259 \u0259ng\u0259lli insanlara, onlar\u0131n probleml\u0259rin\u0259 v\u0259 imkanlar\u0131na m\u00fcnasib\u0259ti d\u0259yi\u015fdi<\/strong><\/em><\/p>\n\n\n\n<p>1980-ci il arpelin 12-d\u0259 Terri Foks adl\u0131 22 ya\u015fl\u0131 kanadal\u0131 g\u0259nc \u00f6lk\u0259sinin \u0259n \u015f\u0259rq n\u00f6qt\u0259sind\u0259, Sent Cons \u015f\u0259h\u0259rind\u0259 aya\u011f\u0131n\u0131n ucunu Atlantik okean\u0131n\u0131n suyuna sald\u0131, h\u0259min sudan iki \u015f\u00fc\u015f\u0259 doldurub g\u00f6t\u00fcrd\u00fc. O, b\u00fct\u00fcn Kanadan\u0131 \u015f\u0259rqd\u0259n q\u0259rb\u0259 qa\u00e7a-qa\u00e7a q\u0259t etm\u0259k, h\u0259min \u015f\u00fc\u015f\u0259l\u0259rd\u0259n birini yadigar saxlamaq,\u00a0 dig\u0259rini is\u0259 q\u0259rb sahilind\u0259 Sakit okeana bo\u015faltmaq niyy\u0259tind\u0259 idi.<\/p>\n\n\n\n<p>T\u0259xmin\u0259n 8 000 km qa\u00e7maq sa\u011flam adam \u00fc\u00e7\u00fcn bel\u0259 he\u00e7 asan say\u0131lmaz. Terri is\u0259 sa\u011flam deyildi. Onun suya sald\u0131\u011f\u0131 aya\u011f\u0131 protezli idi: \u00fc\u00e7 il \u0259vv\u0259l x\u0259r\u00e7\u0259ng s\u0259b\u0259bind\u0259n dizd\u0259n yuxar\u0131 k\u0259silmi\u015fdi. Bu s\u0259b\u0259bd\u0259n d\u0259 planla\u015fd\u0131rd\u0131\u011f\u0131 i\u015f tamamil\u0259 a\u011flas\u0131\u011fmaz g\u00f6r\u00fcn\u00fcrd\u00fc.<\/p>\n\n\n\n<p>***<\/p>\n\n\n\n<p>Terri Foks 1958-ci ild\u0259 Kanadan\u0131n Vinnipeq \u015f\u0259h\u0259rind\u0259 anadan olub. \u0130ki qarda\u015f\u0131 v\u0259 bir bac\u0131s\u0131 vard\u0131. 1966-c\u0131 ild\u0259 ail\u0259si \u00f6lk\u0259nin Britaniya Kolumbiyas\u0131 \u0259yal\u0259tin\u0259 k\u00f6\u00e7\u00fcb.&nbsp; Terri u\u015faql\u0131qdan idmana x\u00fcsusi h\u0259v\u0259s g\u00f6st\u0259rirdi, amma parlaq idman istedad\u0131 il\u0259 se\u00e7ilmirdi. Oxudu\u011fu m\u0259kt\u0259bin idman m\u00fc\u0259llimi v\u0259 basketbol m\u0259\u015fq\u00e7isi ona \u201cs\u0259nin h\u0259r iki \u0259lin soldur\u201d deyirdi.<\/p>\n\n\n\n<p>Amma onda idman\u00e7\u0131 \u00fc\u00e7\u00fcn vacib olan bir keyfiyy\u0259t vard\u0131: uduzma\u011f\u0131, t\u0259slim olma\u011f\u0131 sevmirdi v\u0259 ist\u0259diyin\u0259 nail olana q\u0259d\u0259r \u0259ziyy\u0259t \u00e7\u0259km\u0259y\u0259, m\u0259\u015fq etm\u0259y\u0259 haz\u0131r idi. El\u0259 h\u0259min idman m\u00fc\u0259llimi xat\u0131rlay\u0131r: \u201cO, he\u00e7 bir s\u0259h\u0259r m\u0259\u015fqini buraxm\u0131rd\u0131. M\u0259n m\u0259kt\u0259b\u0259 g\u0259l\u0259nd\u0259 art\u0131q qap\u0131n\u0131n a\u011fz\u0131nda g\u00f6zl\u0259yirdi, ham\u0131dan da ax\u0131rda gedirdi\u201d.<\/p>\n\n\n\n<p>O, basketbol t\u0259mrinl\u0259ri il\u0259 yana\u015f\u0131 m\u0259\u015fq\u00e7inin m\u0259sl\u0259h\u0259ti il\u0259 uzaq m\u0259saf\u0259l\u0259r\u0259 qa\u00e7ma\u011fa ba\u015flay\u0131r. \u018fslind\u0259 bu i\u015fi he\u00e7 sevmirdi, amma n\u0259yin bahas\u0131na olursa olsun, m\u0259qs\u0259din\u0259 \u00e7atmaq ist\u0259yirdi. Terrinin z\u0259hm\u0259ti bo\u015funa getmir: orta boyuna baxmayaraq, tezlikl\u0259 m\u0259kt\u0259b basketbol komandas\u0131n\u0131n \u0259sas oyun\u00e7ular\u0131ndan birin\u0259 \u00e7evrilir, m\u0259zun ilind\u0259 d\u0259 dostu Duq Alvard il\u0259 birlikd\u0259 m\u0259kt\u0259bin \u0259n yax\u015f\u0131 idman\u00e7\u0131s\u0131 se\u00e7ilir.<\/p>\n\n\n\n<p>\u0130dman m\u00fc\u0259llimi olmaq ist\u0259y\u0259n Terri Saymon Frezer universitetin\u0259 daxil olur. O, burada da basketbol komandas\u0131na \u00fczv olur. Mayk Maqnil adl\u0131 t\u0259l\u0259b\u0259 yolda\u015f\u0131 sonralar dey\u0259c\u0259k ki, \u0259slind\u0259 daha istedadl\u0131 basketbol\u00e7ular vard\u0131, amma Foks \u00f6z \u00e7al\u0131\u015fqanl\u0131\u011f\u0131 il\u0259 onlara arxada qoyma\u011f\u0131 bacard\u0131.<\/p>\n\n\n\n<p>1976-c\u0131 il dekabr\u0131nda dizind\u0259n a\u011fr\u0131 hiss etm\u0259y\u0259 ba\u015flay\u0131r, amma basketbol yar\u0131\u015flar\u0131ndan k\u0259narda qalmaq ist\u0259m\u0259y\u0259r\u0259k h\u0259kim\u0259 m\u00fcraci\u0259t etmir. O g\u00fcman edir ki, a\u011fr\u0131 bir ay \u0259vv\u0259l u\u011frad\u0131\u011f\u0131 y\u00fcng\u00fcl avtoq\u0259za zaman\u0131 dizinin z\u0259d\u0259l\u0259nm\u0259si il\u0259 \u0259laq\u0259dard\u0131r. H\u0259min vaxt o, idar\u0259 etdiyi avtomobili arxadan pikapa vurmu\u015fdu.<\/p>\n\n\n\n<p>D\u00f6rd ay sonra a\u011fr\u0131 art\u0131q d\u00f6z\u00fclm\u0259z olanda Terri ax\u0131r ki, h\u0259kim\u0259 m\u00fcraci\u0259t etm\u0259y\u0259 m\u0259cbur olur. Diaqnoz d\u0259h\u015f\u0259tli olur: osteosarkoma, y\u0259ni x\u0259r\u00e7\u0259ng. Terri gecikdiyind\u0259n yegan\u0259 \u00e7\u0131x\u0131\u015f yolu amputasiya idi. Onun aya\u011f\u0131n\u0131 dizind\u0259n 15 sm yuxar\u0131dan k\u0259sirl\u0259r, \u00fcst\u0259lik, 16 ay kimya terapiyas\u0131na m\u0259ruz qal\u0131r.<\/p>\n\n\n\n<p>19 ya\u015f\u0131 g\u0259nc taleyin bu z\u0259rb\u0259sini m\u0259rdan\u0259 qa\u015f\u0131lay\u0131r: \u0259m\u0259liyyatdan bir ay ke\u00e7m\u0259mi\u015f protez ayaqla g\u0259zm\u0259y\u0259 al\u0131\u015f\u0131r, yayda is\u0259 \u0259lil arabalar\u0131nda \u00e7\u0131x\u0131\u015f ed\u0259n \u201cVancouver Cable Cars\u201d basketbol komandas\u0131na qo\u015fulur. Tezlikl\u0259 komandan\u0131n \u0259v\u0259zedilm\u0259z oyunmusuna \u00e7evril\u0259r\u0259k iki d\u0259f\u0259 \u00f6lk\u0259 \u00e7empionu olur.<\/p>\n\n\n\n<p>\u018fm\u0259liyyatdan sonra Terri Foksu x\u0259r\u00e7\u0259ng problemi ciddi d\u00fc\u015f\u00fcnd\u00fcr\u00fcr. O hesab edir ki, x\u0259st\u0259liyin \u00f6yr\u0259nilm\u0259sin\u0259 ayr\u0131lan v\u0259sait art\u0131r\u0131lsa, daha \u00e7ox insan sa\u011f qalar v\u0259 ya amputasiyaya u\u011framaz. Terri problem\u0259 diqq\u0259t c\u0259lb etm\u0259k haqq\u0131nda d\u00fc\u015f\u00fcn\u00fcr v\u0259 bunun yollar\u0131n\u0131 axtarark\u0259n \u0259m\u0259liyyat \u00f6nc\u0259si oxudu\u011fu jurnal m\u0259qal\u0259sini xat\u0131rlay\u0131r.<\/p>\n\n\n\n<p>M\u0259qal\u0259 Dik Traum adl\u0131 amerikal\u0131 haqq\u0131nda idi. Avtomobil q\u0259zas\u0131 n\u0259tic\u0259sind\u0259 aya\u011f\u0131n\u0131n birini itir\u0259n Dik f\u0259al h\u0259yat t\u0259rzind\u0259n imtina etm\u0259mi\u015fdi. O, 1976-c\u0131 ild\u0259 Nyu York marafonunda i\u015ftirak ed\u0259r\u0259k m\u0259saf\u0259ni sona q\u0259d\u0259r qa\u00e7ma\u011f\u0131 bacard\u0131 v\u0259 bel\u0259c\u0259, marafon m\u0259saf\u0259sini q\u0259t ed\u0259n ilk amputasiyal\u0131 idman\u00e7\u0131 oldu.<\/p>\n\n\n\n<p>Terri d\u00fc\u015f\u00fcn\u00fcrd\u00fc ki, onu qay\u011f\u0131land\u0131ran problem\u0259 adekvat diqq\u0259t ayr\u0131lmas\u0131 \u00fc\u00e7\u00fcn bir marafon yet\u0259rli olmayacaq, qat-qat daha miqyasl\u0131 bir \u015fey fikirl\u0259\u015fm\u0259k laz\u0131md\u0131r v\u0259 Kanadan\u0131 \u015f\u0259rqd\u0259n q\u0259rb\u0259 q\u0259t etm\u0259k fikrin\u0259 g\u0259ldi. Bu zaman o, h\u0259r g\u00fcn \u0259n az\u0131 42 km &#8211; bir marafon m\u0259saf\u0259si \u2013 q\u0259t ed\u0259c\u0259kdi. M\u0259qs\u0259di is\u0259 x\u0259r\u00e7\u0259ngin t\u0259dqiqi \u00fc\u00e7\u00fcn h\u0259r kanadal\u0131dan 1 dollar (m\u0259qal\u0259d\u0259 Kanada dollar\u0131 n\u0259z\u0259rd\u0259 tutulur) y\u0131\u011fmaq idi. H\u0259min vaxt Kanada 24 milyon adam ya\u015fay\u0131rd\u0131.<\/p>\n\n\n\n<p>Bu, inan\u0131lmaz d\u0259r\u0259c\u0259d\u0259 \u00e7\u0259tin v\u0259 a\u011fr\u0131l\u0131 i\u015f idi. Protez n\u0259 q\u0259d\u0259r ustal\u0131qla haz\u0131rlansa da, ayaq a\u011fr\u0131ma\u011fa ba\u015flay\u0131r, d\u00f6y\u0259n\u0259k v\u0259 suluq yaran\u0131rd\u0131. \u00dcst\u0259lik, sa\u011flam aya\u011fa da \u00e7ox g\u00fcc d\u00fc\u015f\u00fcrd\u00fc. \u00c7\u00fcnki sol ayaqla t\u0259kan ver\u0259n Terri el\u0259 h\u0259min ayaq \u00fcstd\u0259 d\u00fc\u015f\u00fcr, bundan sonra protezli ayaqla add\u0131m at\u0131rd\u0131. Amma bunlar, el\u0259c\u0259 d\u0259 m\u0259qs\u0259dini b\u00f6l\u00fc\u015fd\u00fcy\u00fc yax\u0131nlar\u0131n\u0131n b\u0259dbin m\u00fcnasib\u0259ti onu fikrind\u0259n da\u015f\u0131nd\u0131rmad\u0131.<\/p>\n\n\n\n<p>Plan\u0131 h\u0259yata ke\u00e7irm\u0259k \u00fc\u00e7\u00fcn m\u0259\u015fql\u0259r\u0259, h\u0259m d\u0259 sponsor axtar\u0131\u015flar\u0131na ba\u015flay\u0131r. 1979-cu ilin sentyabr\u0131nda 27 km m\u0259saf\u0259y\u0259 qa\u00e7\u0131\u015fda i\u015ftirak edir. Bu arada sponsorlar da tap\u0131l\u0131r. \u201cFord\u201d \u015firk\u0259ti avtofurqan ay\u0131r\u0131r,&nbsp; \u201c\u0130mperial Oil\u201d benzinl\u0259 t\u0259chiz etm\u0259y\u0259 boyun olur, \u201cSafeway\u201d supermarketl\u0259r \u015f\u0259b\u0259k\u0259si is\u0259 yem\u0259k talonlar\u0131 v\u0259 na\u011fd pul v\u0259d edir, \u201cAdidas\u201d da idman ayaqqab\u0131lar\u0131 il\u0259 t\u0259min edir.<\/p>\n\n\n\n<p>Bu zaman Foks sponsorlar \u00fc\u00e7\u00fcn q\u0259ti t\u0259l\u0259b qoymu\u015fdu: yard\u0131m t\u0259m\u0259nnas\u0131z olmal\u0131, kims\u0259 onun qa\u00e7\u0131\u015f\u0131ndan reklam v\u0259 qazanc m\u0259qs\u0259dil\u0259 istifad\u0259 etm\u0259m\u0259li, \u00fcmumiyy\u0259tl\u0259, h\u0259r hans\u0131 \u015f\u0259rt ir\u0259li s\u00fcrm\u0259m\u0259lidir. M\u0259kt\u0259b yolda\u015f\u0131 Duq Alvard furqonu idar\u0259 etm\u0259yi, Terri \u00fc\u00e7\u00fcn yem\u0259k bi\u015firm\u0259yi, m\u0259saf\u0259 boyu su \u00f6t\u00fcrm\u0259yi v\u0259 dig\u0259r i\u015fl\u0259ri \u00f6hd\u0259sin\u0259 g\u00f6t\u00fcrd\u00fc.<\/p>\n\n\n\n<p>***<\/p>\n\n\n\n<p>\u201c\u00dcmid marafonu\u201d ad\u0131 veril\u0259n qa\u00e7\u0131\u015f 1980-ci il aprelin 12-d\u0259 ba\u015flad\u0131. Sent Cons \u015f\u0259h\u0259rinin aid oldu\u011fu Nyufaundlend v\u0259 Labrador \u0259yal\u0259tind\u0259 insanlar\u0131n reaksiyas\u0131 Terrinin g\u00f6zl\u0259diyi kimi olmur. \u018fks\u0259riyy\u0259t marafona bigan\u0259 yana\u015f\u0131rd\u0131 v\u0259 ian\u0259l\u0259r d\u0259 az idi. M\u0259tbuat\u0131n da mara\u011f\u0131 az idi. Amma 10 min \u0259halisi p\u0131an Kanal-Port-o-Bask \u015f\u0259h\u0259rinin \u0259halisi 10 min dollar ba\u011f\u0131\u015flayanda Terri ruhland\u0131.<\/p>\n\n\n\n<p>Qa\u00e7\u0131\u015f asan ke\u00e7mirdi. Apreld\u0259 hava h\u0259l\u0259 soyuq idi. Amma Terri protezli aya\u011f\u0131n\u0131n g\u00f6r\u00fcnm\u0259si \u00fc\u00e7\u00fcn \u015fortla qa\u00e7ma\u011fa \u00fcst\u00fcnl\u00fck verir. Yorulan v\u0259 a\u011fr\u0131yan Terri ac\u0131dil olur v\u0259 \u0259s\u0259bini dostu Duqun \u00fcst\u00fcn\u0259 t\u00f6k\u00fcrd\u00fc. Amma g\u00fcnah\u0131n \u00f6z\u00fcnd\u0259 oldu\u011funu bilirdi. Bir d\u0259f\u0259 dostuna \u201cm\u0259n\u0259 sona q\u0259d\u0259r d\u00f6zm\u0259k \u00fc\u00e7\u00fcn s\u0259n d\u0259 b\u00f6y\u00fck m\u0259tan\u0259t n\u00fcmayi\u015f etdirm\u0259lis\u0259n\u201d dedi. May\u0131n ortalar\u0131ndan Terrinin ki\u00e7ik qarda\u015f\u0131, yumor hissi il\u0259 se\u00e7il\u0259n Darrel onlara qo\u015fuldu v\u0259 komandada \u0259hval\u0131 y\u00fcks\u0259ltdi.<\/p>\n\n\n\n<p>Amma ictimai rezonans\u0131n z\u0259ifliyi Foksu narahat edirdi. \u0130an\u0259l\u0259r d\u0259 g\u00f6zl\u0259ntil\u0259ri do\u011frultmurdu. Frans\u0131zdilli Kvebek vilay\u0259tind\u0259 yerli dili bilm\u0259y\u0259n qrup \u00e7\u0259tinlikl\u0259rl\u0259 \u00fczl\u0259\u015fir. Yol boyu s\u00fcr\u00fcc\u00fcl\u0259rin m\u00fcnasib\u0259ti \u00fcr\u0259ka\u00e7an deyildi. Arxadan siqnal ver\u0259r\u0259k yoldan \u00e7\u0259kilm\u0259sini ist\u0259yirdil\u0259r, b\u0259z\u0259n is\u0259 yolun k\u0259nar\u0131na s\u0131x\u0131rd\u0131lar. B\u0259zi s\u00fcr\u00fcc\u00fcl\u0259r ma\u015f\u0131n\u0131 saxlayaraq aparma\u011f\u0131 t\u0259klif edirl\u0259r, bu da onlar\u0131n marafondan x\u0259b\u0259rsiz oldu\u011funu g\u00f6st\u0259rir. Bel\u0259 hal Terrini m\u0259yus edirdi.<\/p>\n\n\n\n<p>Ruh d\u00fc\u015fk\u00fcnl\u00fcy\u00fc tamamil\u0259 dib\u0259 \u00e7\u00f6k\u0259nd\u0259, ad\u0259t\u0259n bel\u0259 hallarda oldu\u011fu kimi, yenid\u0259n ruhland\u0131ran hadis\u0259 ba\u015f verdi. \u0130yunun 22-d\u0259 Terri Kvebekin \u0259n b\u00f6y\u00fck \u015f\u0259h\u0259ri olan Monreala g\u0259ldi. Onkoloji c\u0259miyy\u0259t ona burada bir q\u0259d\u0259r l\u0259ngim\u0259yi v\u0259 200 km m\u0259saf\u0259d\u0259 yerl\u0259\u015f\u0259n paytaxt Ottavaya iyulun 1-d\u0259, Kanada g\u00fcn\u00fc bayram edil\u0259nd\u0259 daxil olma\u011f\u0131 t\u00f6vsiy\u0259 etdi.<\/p>\n\n\n\n<p>Monrealda bir ne\u00e7\u0259 g\u00fcn ke\u00e7ir\u0259n Terri burada \u201cFour Seasons\u201d hotell\u0259r \u015f\u0259b\u0259k\u0259sinin yarad\u0131c\u0131s\u0131 Aysedor \u015earpla tan\u0131\u015f olur. \u015earp\u0131n o\u011flu Kristofer d\u0259 c\u0259mi iki il \u0259vv\u0259l d\u0259ri x\u0259r\u00e7\u0259ngind\u0259n v\u0259fat etmi\u015fdi. O, Terri v\u0259 komandas\u0131na mar\u015frut boyu \u00f6z hotell\u0259rind\u0259 qalma\u011fa v\u0259 yem\u0259y\u0259 izn verir. Bundan \u0259lav\u0259, \u0259h\u0259miyy\u0259tli ian\u0259 etm\u0259yi v\u0259 ba\u015fqa \u015firk\u0259tl\u0259ri d\u0259 buna s\u0259sl\u0259m\u0259yi \u00f6hd\u0259sin\u0259 g\u00f6t\u00fcr\u00fcr.<\/p>\n\n\n\n<p>\u0130yulun 1-d\u0259 Terri Ottavaya g\u0259lir v\u0259 burada Kanadan\u0131n general-qubernatoru Edvard \u015ereyer v\u0259 ba\u015f nazir Pyer Tr\u00fcdo (indiki ba\u015f nazirin atas\u0131)&nbsp; il\u0259 g\u00f6r\u00fc\u015f\u00fcr, Kanada futbolu \u00fczr\u0259 n\u00f6vb\u0259t \u00e7empionat\u0131n\u0131n ilk oyununun a\u00e7\u0131l\u0131\u015f\u0131n\u0131 edir v\u0259 ba\u015fqa t\u0259dbirl\u0259r\u0259 d\u0259v\u0259t olunur. Paytaxtdak\u0131 bu q\u0259bul Terri Foksu m\u0259\u015fhurla\u015fd\u0131r\u0131r v\u0259 \u00dcmid marafonu milli hadis\u0259y\u0259 \u00e7evrilir.\u0130ndi onu yol k\u0259nar\u0131nda g\u00f6zl\u0259yir, alq\u0131\u015flarla qar\u015f\u0131lay\u0131r v\u0259 \u00f6t\u00fcr\u00fcrd\u00fcl\u0259r. Onun \u015f\u0259r\u0259fin\u0259 \u201cQa\u00e7, Terri, qa\u00e7\u201d (Run, Terry, run) mahn\u0131s\u0131 b\u0259st\u0259l\u0259nir.<\/p>\n\n\n\n<p>\u0130yulun 11-d\u0259 Kanadan\u0131n \u0259n b\u00f6y\u00fck \u015f\u0259h\u0259ri Torontoya yax\u0131nla\u015fanda yerli hokkey azarke\u015fl\u0259rinin kumiri, \u201cToronto Maple Leafs\u201d komandas\u0131n\u0131n kapitan\u0131 Derril Sittler ona qo\u015fulur. \u015e\u0259h\u0259rin m\u0259rk\u0259zi meydan\u0131nda minl\u0259rl\u0259 adam qar\u015f\u0131lay\u0131r. Terri burada da bir ne\u00e7\u0259 t\u0259dbird\u0259 f\u0259xri qonaq kimi i\u015ftirak edir; o c\u00fcml\u0259d\u0259n, beysbol \u00fczr\u0259 \u201cToronto Blue Jays\u201d v\u0259 \u201cCleveland Indians\u201d aras\u0131nda mat\u00e7\u0131n ilk simvolik at\u0131\u015f\u0131n\u0131 edir.<\/p>\n\n\n<div class=\"wp-block-image\">\n<figure class=\"alignleft size-large\"><img decoding=\"async\" width=\"436\" height=\"821\" data-src=\"https:\/\/www.meydan.tv\/wp-content\/uploads\/terryfoxtoronto19800712-436x821.jpg\" alt=\"\" class=\"wp-image-279197 lazyload\" src=\"data:image\/svg+xml;base64,PHN2ZyB3aWR0aD0iMSIgaGVpZ2h0PSIxIiB4bWxucz0iaHR0cDovL3d3dy53My5vcmcvMjAwMC9zdmciPjwvc3ZnPg==\" style=\"--smush-placeholder-width: 436px; --smush-placeholder-aspect-ratio: 436\/821;\" \/><figcaption class=\"wp-element-caption\">Terri Foks. Foto: Wikipedia<\/figcaption><\/figure>\n<\/div>\n\n\n<p>H\u0259min il NHL-in b\u00fct\u00fcn ulduzlar\u0131 mat\u00e7\u0131nda geydiyi formas\u0131n\u0131 ona ba\u011f\u0131\u015flayan Sittler sonralar dey\u0259c\u0259k: \u201cUzun ill\u0259rimi idman\u00e7\u0131lar aras\u0131nda ke\u00e7irs\u0259m d\u0259 Foks q\u0259d\u0259r c\u0259sur v\u0259 d\u00f6z\u00fcml\u00fcs\u00fcn\u00fc g\u00f6rm\u0259mi\u015f\u0259m\u201d. Torontoda 100 min dollar ian\u0259 y\u0131\u011fan Foks qa\u00e7\u0131\u015f\u0131n\u0131 davam etdir\u0259rk\u0259n h\u0259min d\u00f6vrd\u0259 \u00f6lk\u0259nin \u0259n populyar idman\u00e7\u0131s\u0131, \u0259fsan\u0259vi hokkey\u00e7i Bobbi Orrla g\u00f6r\u00fc\u015f\u00fcr. Orr \u201cPlanters Peanuts\u201d \u015firk\u0259ti ad\u0131ndan onkoloji t\u0259dqiqatlara 25 min dollar ian\u0259 edir.<\/p>\n\n\n\n<p>Terri Foks \u00f6z do\u011fum g\u00fcn\u00fcnd\u0259 d\u0259 istirah\u0259td\u0259n imtina edir. O, iyulun 28-d\u0259 Qreyvenherst\u0259 q\u0259d\u0259r qa\u00e7araq 22 ya\u015f\u0131n\u0131 burada qeyd edir. S\u0259kkiz min \u0259halisi olan \u015f\u0259h\u0259rd\u0259 14 min dollar ian\u0259 y\u0131\u011f\u0131l\u0131r.<\/p>\n\n\n\n<p>1980-ci ilin yay\u0131 olduqca isti ke\u00e7ir. Terri \u00f6z\u00fcn\u00fc \u00e7ox yor\u011fun hiss edir. A\u011f\u0131r fiziki y\u00fck h\u0259m amputasiya olunan, h\u0259m sa\u011flam aya\u011f\u0131na m\u0259nfi t\u0259sir g\u00f6st\u0259rir. K\u0259sil\u0259n aya\u011f\u0131nda d\u00f6y\u0259n\u0259k yaran\u0131r, b\u0259z\u0259n qan g\u0259lir. Sol aya\u011f\u0131nda dizind\u0259 a\u011fr\u0131 hiss edir. Amma bir m\u00fcdd\u0259t a\u011fr\u0131k\u0259sicil\u0259rl\u0259 qa\u00e7\u0131\u015f\u0131 davam etdirir.<\/p>\n\n\n\n<p>Avqustun son g\u00fcnl\u0259rind\u0259 \u00f6sk\u00fcrm\u0259y\u0259 ba\u015flayan Terri soyuqlad\u0131\u011f\u0131n\u0131 g\u00fcman edir. Sentyabr\u0131n 1-d\u0259 k\u0259skin \u00f6sk\u00fcr\u0259k onu qa\u00e7\u0131\u015f\u0131 dayand\u0131rma\u011fa m\u0259cbur edir. Tander Bey \u015f\u0259h\u0259rind\u0259 x\u0259st\u0259xanaya apar\u0131lan g\u0259nc\u0259 d\u0259h\u015f\u0259tli cavab verilir: x\u0259r\u00e7\u0259ng qay\u0131d\u0131b v\u0259 ciy\u0259rl\u0259rin\u0259 yay\u0131l\u0131b. Terri Foks 143 g\u00fcn \u00e7\u0259k\u0259n v\u0259 5373 km m\u0259saf\u0259ni \u0259hat\u0259 ed\u0259n marafonunu dayand\u0131rmal\u0131 olur. Bu zaman y\u0131\u011f\u0131lan pul 1,7 milyon dollar idi.<\/p>\n\n\n\n<p>***<\/p>\n\n\n\n<p>Derril Sittler v\u0259 \u201cToronto Maple Leafs\u201d klubunun hokkey\u00e7il\u0259ri n\u00f6vb\u0259 il\u0259 qa\u00e7araq \u00dcmid marafonunu bitirm\u0259yi t\u0259klif edirl\u0259r. Amma Terri raz\u0131 olmur. O, yenid\u0259n sa\u011falaca\u011f\u0131na v\u0259 marafonu \u00f6z\u00fcn\u00fcn bitir\u0259c\u0259yin\u0259 \u00fcmid edirdi. Sentyabr\u0131n 9-da CTV kanal\u0131 xeyriyy\u0259 telemarafonu ke\u00e7irir v\u0259 n\u0259tic\u0259d\u0259 daha 10,7 milyon dollar y\u0131\u011f\u0131l\u0131r. Amma ian\u0259 toplan\u0131\u015f\u0131 bununla bitmir.<\/p>\n\n\n\n<p>Sentyabr\u0131n 19-da general-qubernator Terri Foksu Kanada ordeni il\u0259 t\u0259ltif edir. O, bu y\u00fcks\u0259k m\u00fckafat\u0131n \u0259n g\u0259nc kavaleri olur. Britaniya Kolumbiyas\u0131 vilay\u0259ti onu \u0259n y\u00fcks\u0259k m\u00fclki m\u00fckafat\u0131 \u2013 Zo\u011fal ordeni il\u0259 t\u0259ltif edir. M\u00f6vcud oldu\u011fu 23 il \u0259rzind\u0259 bu m\u00fckafat\u0131 c\u0259mi 13 n\u0259f\u0259r al\u0131b ki, onlar\u0131n da az hala ham\u0131s\u0131 Britaniya kral ail\u0259sinin \u00fczvl\u0259ri, Kanadan\u0131n d\u00f6vl\u0259t adamlar\u0131d\u0131r. Bundan \u0259lav\u0259 1980-ci ild\u0259 Kanadan\u0131n \u0259n yax\u015f\u0131 idman\u00e7\u0131s\u0131 se\u00e7il\u0259r\u0259k&nbsp; Lu Mar\u015f m\u00fckafat\u0131na layiq g\u00f6r\u00fcld\u00fc.<\/p>\n\n\n\n<p>Terri Foks 1981-ci il iyunun 28-d\u0259, 23-c\u00fc do\u011fum g\u00fcn\u00fcn\u0259 bir ay qalark\u0259n v\u0259fat etdi. \u00d6l\u00fcm x\u0259b\u0259ri yay\u0131landan d\u0259fnin\u0259 q\u0259d\u0259r Kanadan\u0131n d\u00f6vl\u0259t bayraqlar\u0131 endirildi. Onun h\u0259d\u0259f ald\u0131\u011f\u0131 m\u0259bl\u0259\u011f \u2013 24 milyon dollar \u00f6z\u00fc h\u0259l\u0259 h\u0259yatda ik\u0259n, 1981-ci ilin fevral\u0131nda y\u0131\u011f\u0131ld\u0131.<\/p>\n\n\n\n<p>\u00d6l\u00fcm\u00fcnd\u0259n bir m\u00fcdd\u0259t sonra, 1981-ci ilin sentyabr\u0131nda Kanadada birg\u00fcnl\u00fck Terri Foks qa\u00e7\u0131\u015f\u0131 ke\u00e7irilir. Aysedor \u015earp\u0131n t\u0259\u015fkilat\u00e7\u0131s\u0131 oldu\u011fu v\u0259 800 ya\u015fay\u0131\u015f m\u0259nt\u0259q\u0259sind\u0259 300 min n\u0259f\u0259rin i\u015ftirak etdiyi qa\u00e7\u0131\u015fda 3,5 milyon dollar v\u0259sait y\u0131\u011f\u0131ld\u0131. O zamandan etibar\u0259n bu t\u0259dbir \u0259n\u0259n\u0259vi \u015f\u0259kil al\u0131b v\u0259 internetd\u0259 rast g\u0259ldiyim \u0259n son m\u0259lumata g\u00f6r\u0259 x\u0259r\u00e7\u0259ngl\u0259 m\u00fcbariz\u0259 \u00fc\u00e7\u00fcn 850 milyon dollardan art\u0131q v\u0259sait toplan\u0131b. Bu il Terri Foks qa\u00e7\u0131\u015f\u0131 sentyabr\u0131n 17-\u0259 planla\u015fd\u0131r\u0131l\u0131b.<\/p>\n\n\n\n<p>1988-ci ild\u0259 Terri Foks fondu, 2007-ci ild\u0259 is\u0259 fondun n\u0259zdind\u0259 Terri Foks t\u0259dqiqat institutu yarad\u0131ld\u0131.<\/p>\n\n\n\n<p>Kanadan\u0131n bir \u00e7ox yerl\u0259rind\u0259 Terri Foks abid\u0259sin\u0259 rast g\u0259lm\u0259k olar. Onlardan biri Atlantik okean\u0131 sahilind\u0259&nbsp; \u00dcmid marafonunun ba\u015flad\u0131\u011f\u0131, biri d\u0259 Sakit okean sahilind\u0259 bitm\u0259li oldu\u011fu yerl\u0259rd\u0259 qura\u015fd\u0131r\u0131l\u0131b. Biri \u201cAtlantik s\u0131f\u0131r\u0131nc\u0131 mil\u201d, biri d\u0259 \u201cPasifik s\u0131f\u0131r\u0131nc\u0131 mil\u201d adlan\u0131r.<\/p>\n\n\n\n<p>Foksun ad\u0131 xeyli m\u0259kt\u0259bl\u0259r\u0259, idman qur\u011fular\u0131na v\u0259 meydan\u00e7alar\u0131na, h\u0259tta g\u0259miy\u0259 verilib. 2017-ci ild\u0259 Kanadan\u0131n 150 illiyi m\u00fcnasib\u0259til\u0259 burax\u0131lan 10 po\u00e7t markas\u0131n\u0131n biri Terriy\u0259 h\u0259sr olunub. O, 2004-c\u00fc ild\u0259 1,2 milyon insan\u0131n i\u015ftirak etdiyi \u201c\u018fn b\u00f6y\u00fck kanadal\u0131\u201d r\u0259y sor\u011fusunda ikinci yeri tutdu.<\/p>\n\n\n\n<p>1983-c\u00fc ild\u0259 \u201cTerri Foksun \u0259hvalat\u0131\u201d, 2005-ci ild\u0259 \u201cTerri\u201d adl\u0131 b\u0259dii filml\u0259r \u00e7\u0259kildi. Bundan \u0259lav\u0259, Foks haqq\u0131nda bir ne\u00e7\u0259 s\u0259n\u0259dli film var.<\/p>\n\n\n\n<p>2010-cu il Vankuver olimpiadas\u0131n\u0131n a\u00e7\u0131l\u0131\u015f m\u0259rasimind\u0259 Olimpiya bayra\u011f\u0131n\u0131 da\u015f\u0131yan 8 n\u0259f\u0259rd\u0259n biri Terrinin anas\u0131 idi. Olimpiadada x\u00fcsusi \u015f\u00fcca\u0259t g\u00f6st\u0259r\u0259n idman\u00e7\u0131lar \u00fc\u00e7\u00fcn Terri Foks m\u00fckafat\u0131 t\u0259sis edildi. M\u00fckafata kanadal\u0131 fiqurlu konkis\u00fcr\u0259n Coanni Ro\u015fett v\u0259 sloveniyal\u0131 xiz\u0259k\u00e7i Petra Maydi\u00e7 layiq g\u00f6r\u00fcld\u00fcl\u0259r. Yar\u0131\u015flar zaman\u0131 Ro\u015fett anas\u0131n\u0131n \u00f6l\u00fcm x\u0259b\u0259rini alm\u0131\u015fd\u0131. Maydi\u00e7 is\u0259 m\u0259\u015fq zaman\u0131 y\u0131x\u0131laraq qab\u0131r\u011fas\u0131n\u0131 s\u0131nd\u0131rm\u0131\u015fd\u0131. Buna baxmayaraq, h\u0259r ikisi yar\u0131\u015flara davam etdil\u0259r v\u0259 b\u00fcr\u00fcnc medal qazand\u0131lar.<\/p>\n\n\n\n<p>Terri Foksun \u015f\u00fcca\u0259ti t\u0259kc\u0259 onkoloji x\u0259st\u0259likl\u0259r\u0259 diqq\u0259ti art\u0131rmad\u0131, h\u0259m d\u0259 \u0259ng\u0259lli insanlara, onlar\u0131n probleml\u0259rin\u0259 v\u0259 imkanlar\u0131na m\u00fcnasib\u0259ti d\u0259yi\u015fdi. 1994-c\u00fc ild\u0259 Terri Foks \u015f\u0259r\u0259f zal\u0131 yarad\u0131ld\u0131. Buraya \u0259ng\u0259lli insanlar\u0131n h\u0259yat\u0131n\u0131n yax\u015f\u0131la\u015fd\u0131r\u0131lmas\u0131na \u00f6n\u0259mli t\u00f6hf\u0259l\u0259r ver\u0259n adamlar\u0131n ad\u0131 daxil edilir.<\/p>\n","protected":false},"excerpt":{"rendered":"<p>Yadigar Sad\u0131ql\u0131 Terri Foksun \u015f\u00fcca\u0259ti t\u0259kc\u0259 onkoloji x\u0259st\u0259likl\u0259r\u0259 diqq\u0259ti art\u0131rmad\u0131, &#8230; <\/p>\n<p class=\"read-more-container\"><a title=\"Terri Foks v\u0259 \u00dcmid marafonu\" class=\"read-more button\" href=\"https:\/\/www.meydan.tv\/az\/article\/terri-foks-ve-umid-marafonu\/#more-279200\" aria-label=\"Read more about Terri Foks v\u0259 \u00dcmid marafonu\">Davam\u0131<\/a><\/p>\n","protected":false},"author":8,"featured_media":119327,"comment_status":"closed","ping_status":"closed","sticky":false,"template":"","format":"standard","meta":{"_acf_changed":false,"_sitemap_exclude":false,"_sitemap_priority":"","_sitemap_frequency":"","footnotes":""},"categories":[57],"tags":[],"class_list":["post-279200","post","type-post","status-publish","format-standard","has-post-thumbnail","hentry","category-menim-fikrimce","infinite-scroll-item","generate-columns","tablet-grid-50","mobile-grid-100","grid-parent","grid-33","no-featured-image-padding"],"acf":[],"yoast_head":"<!-- This site is optimized with the Yoast SEO plugin v27.4 - https:\/\/yoast.com\/product\/yoast-seo-wordpress\/ -->\n<title>Terri Foks v\u0259 \u00dcmid marafonu - MEYDAN.TV<\/title>\n<meta name=\"robots\" content=\"index, follow, max-snippet:-1, max-image-preview:large, max-video-preview:-1\" \/>\n<link rel=\"canonical\" href=\"https:\/\/www.meydan.tv\/az\/article\/terri-foks-ve-umid-marafonu\/\" \/>\n<meta property=\"og:locale\" content=\"az_AZ\" \/>\n<meta property=\"og:type\" content=\"article\" \/>\n<meta property=\"og:title\" content=\"Terri Foks v\u0259 \u00dcmid marafonu - MEYDAN.TV\" \/>\n<meta property=\"og:description\" content=\"Yadigar Sad\u0131ql\u0131 Terri Foksun \u015f\u00fcca\u0259ti t\u0259kc\u0259 onkoloji x\u0259st\u0259likl\u0259r\u0259 diqq\u0259ti art\u0131rmad\u0131, ... Davam\u0131\" \/>\n<meta property=\"og:url\" content=\"https:\/\/www.meydan.tv\/az\/article\/terri-foks-ve-umid-marafonu\/\" \/>\n<meta property=\"og:site_name\" content=\"MEYDAN.TV\" \/>\n<meta property=\"article:published_time\" content=\"2023-07-06T10:57:34+00:00\" \/>\n<meta property=\"article:modified_time\" content=\"2023-07-06T10:57:37+00:00\" \/>\n<meta property=\"og:image\" content=\"https:\/\/www.meydan.tv\/wp-content\/uploads\/3cb67e7d-b10f-4c21-a950-7ff09b6b8f8f-scaled-e1684405162756.jpeg\" \/>\n\t<meta property=\"og:image:width\" content=\"2560\" \/>\n\t<meta property=\"og:image:height\" content=\"1203\" \/>\n\t<meta property=\"og:image:type\" content=\"image\/jpeg\" \/>\n<meta name=\"author\" content=\"elli\" \/>\n<meta name=\"twitter:card\" content=\"summary_large_image\" \/>\n<meta name=\"twitter:creator\" content=\"@elli\" \/>\n<script type=\"application\/ld+json\" class=\"yoast-schema-graph\">{\"@context\":\"https:\\\/\\\/schema.org\",\"@graph\":[{\"@type\":\"Article\",\"@id\":\"https:\\\/\\\/www.meydan.tv\\\/az\\\/article\\\/terri-foks-ve-umid-marafonu\\\/#article\",\"isPartOf\":{\"@id\":\"https:\\\/\\\/www.meydan.tv\\\/az\\\/article\\\/terri-foks-ve-umid-marafonu\\\/\"},\"author\":{\"name\":\"elli\",\"@id\":\"https:\\\/\\\/www.meydan.tv\\\/az\\\/#\\\/schema\\\/person\\\/9cdbecf90d17180ce1dfbd95b08dcf47\"},\"headline\":\"Terri Foks v\u0259 \u00dcmid marafonu\",\"datePublished\":\"2023-07-06T10:57:34+00:00\",\"dateModified\":\"2023-07-06T10:57:37+00:00\",\"mainEntityOfPage\":{\"@id\":\"https:\\\/\\\/www.meydan.tv\\\/az\\\/article\\\/terri-foks-ve-umid-marafonu\\\/\"},\"wordCount\":2794,\"publisher\":{\"@id\":\"https:\\\/\\\/www.meydan.tv\\\/az\\\/#organization\"},\"image\":{\"@id\":\"https:\\\/\\\/www.meydan.tv\\\/az\\\/article\\\/terri-foks-ve-umid-marafonu\\\/#primaryimage\"},\"thumbnailUrl\":\"https:\\\/\\\/www.meydan.tv\\\/wp-content\\\/uploads\\\/3cb67e7d-b10f-4c21-a950-7ff09b6b8f8f-scaled-e1684405162756.jpeg\",\"articleSection\":[\"M\u0259nim Fikrimc\u0259\"],\"inLanguage\":\"az\"},{\"@type\":\"WebPage\",\"@id\":\"https:\\\/\\\/www.meydan.tv\\\/az\\\/article\\\/terri-foks-ve-umid-marafonu\\\/\",\"url\":\"https:\\\/\\\/www.meydan.tv\\\/az\\\/article\\\/terri-foks-ve-umid-marafonu\\\/\",\"name\":\"Terri Foks v\u0259 \u00dcmid marafonu - MEYDAN.TV\",\"isPartOf\":{\"@id\":\"https:\\\/\\\/www.meydan.tv\\\/az\\\/#website\"},\"primaryImageOfPage\":{\"@id\":\"https:\\\/\\\/www.meydan.tv\\\/az\\\/article\\\/terri-foks-ve-umid-marafonu\\\/#primaryimage\"},\"image\":{\"@id\":\"https:\\\/\\\/www.meydan.tv\\\/az\\\/article\\\/terri-foks-ve-umid-marafonu\\\/#primaryimage\"},\"thumbnailUrl\":\"https:\\\/\\\/www.meydan.tv\\\/wp-content\\\/uploads\\\/3cb67e7d-b10f-4c21-a950-7ff09b6b8f8f-scaled-e1684405162756.jpeg\",\"datePublished\":\"2023-07-06T10:57:34+00:00\",\"dateModified\":\"2023-07-06T10:57:37+00:00\",\"breadcrumb\":{\"@id\":\"https:\\\/\\\/www.meydan.tv\\\/az\\\/article\\\/terri-foks-ve-umid-marafonu\\\/#breadcrumb\"},\"inLanguage\":\"az\",\"potentialAction\":[{\"@type\":\"ReadAction\",\"target\":[\"https:\\\/\\\/www.meydan.tv\\\/az\\\/article\\\/terri-foks-ve-umid-marafonu\\\/\"]}]},{\"@type\":\"ImageObject\",\"inLanguage\":\"az\",\"@id\":\"https:\\\/\\\/www.meydan.tv\\\/az\\\/article\\\/terri-foks-ve-umid-marafonu\\\/#primaryimage\",\"url\":\"https:\\\/\\\/www.meydan.tv\\\/wp-content\\\/uploads\\\/3cb67e7d-b10f-4c21-a950-7ff09b6b8f8f-scaled-e1684405162756.jpeg\",\"contentUrl\":\"https:\\\/\\\/www.meydan.tv\\\/wp-content\\\/uploads\\\/3cb67e7d-b10f-4c21-a950-7ff09b6b8f8f-scaled-e1684405162756.jpeg\",\"width\":2560,\"height\":1203,\"caption\":\"Foto: Meydan Tv\"},{\"@type\":\"BreadcrumbList\",\"@id\":\"https:\\\/\\\/www.meydan.tv\\\/az\\\/article\\\/terri-foks-ve-umid-marafonu\\\/#breadcrumb\",\"itemListElement\":[{\"@type\":\"ListItem\",\"position\":1,\"name\":\"Ana s\u0259hif\u0259\",\"item\":\"https:\\\/\\\/www.meydan.tv\\\/az\\\/\"},{\"@type\":\"ListItem\",\"position\":2,\"name\":\"M\u0259nim Fikrimc\u0259\",\"item\":\"https:\\\/\\\/www.meydan.tv\\\/az\\\/section\\\/menim-fikrimce\\\/\"},{\"@type\":\"ListItem\",\"position\":3,\"name\":\"Terri Foks v\u0259 \u00dcmid marafonu\"}]},{\"@type\":\"WebSite\",\"@id\":\"https:\\\/\\\/www.meydan.tv\\\/az\\\/#website\",\"url\":\"https:\\\/\\\/www.meydan.tv\\\/az\\\/\",\"name\":\"MEYDAN.TV\",\"description\":\"Meydan TV Az\u0259rbaycan\u0131n media m\u0259kan\u0131ndak\u0131 alternativ s\u0259sidir\",\"publisher\":{\"@id\":\"https:\\\/\\\/www.meydan.tv\\\/az\\\/#organization\"},\"potentialAction\":[{\"@type\":\"SearchAction\",\"target\":{\"@type\":\"EntryPoint\",\"urlTemplate\":\"https:\\\/\\\/www.meydan.tv\\\/az\\\/?s={search_term_string}\"},\"query-input\":{\"@type\":\"PropertyValueSpecification\",\"valueRequired\":true,\"valueName\":\"search_term_string\"}}],\"inLanguage\":\"az\"},{\"@type\":\"Organization\",\"@id\":\"https:\\\/\\\/www.meydan.tv\\\/az\\\/#organization\",\"name\":\"Meydan TV\",\"url\":\"https:\\\/\\\/www.meydan.tv\\\/az\\\/\",\"logo\":{\"@type\":\"ImageObject\",\"inLanguage\":\"az\",\"@id\":\"https:\\\/\\\/www.meydan.tv\\\/az\\\/#\\\/schema\\\/logo\\\/image\\\/\",\"url\":\"https:\\\/\\\/www.meydan.tv\\\/wp-content\\\/uploads\\\/2021\\\/07\\\/meydan-logo.svg\",\"contentUrl\":\"https:\\\/\\\/www.meydan.tv\\\/wp-content\\\/uploads\\\/2021\\\/07\\\/meydan-logo.svg\",\"width\":195,\"height\":46,\"caption\":\"Meydan TV\"},\"image\":{\"@id\":\"https:\\\/\\\/www.meydan.tv\\\/az\\\/#\\\/schema\\\/logo\\\/image\\\/\"}},{\"@type\":\"Person\",\"@id\":\"https:\\\/\\\/www.meydan.tv\\\/az\\\/#\\\/schema\\\/person\\\/9cdbecf90d17180ce1dfbd95b08dcf47\",\"name\":\"elli\",\"sameAs\":[\"https:\\\/\\\/x.com\\\/elli\"]}]}<\/script>\n<!-- \/ Yoast SEO plugin. -->","yoast_head_json":{"title":"Terri Foks v\u0259 \u00dcmid marafonu - MEYDAN.TV","robots":{"index":"index","follow":"follow","max-snippet":"max-snippet:-1","max-image-preview":"max-image-preview:large","max-video-preview":"max-video-preview:-1"},"canonical":"https:\/\/www.meydan.tv\/az\/article\/terri-foks-ve-umid-marafonu\/","og_locale":"az_AZ","og_type":"article","og_title":"Terri Foks v\u0259 \u00dcmid marafonu - MEYDAN.TV","og_description":"Yadigar Sad\u0131ql\u0131 Terri Foksun \u015f\u00fcca\u0259ti t\u0259kc\u0259 onkoloji x\u0259st\u0259likl\u0259r\u0259 diqq\u0259ti art\u0131rmad\u0131, ... Davam\u0131","og_url":"https:\/\/www.meydan.tv\/az\/article\/terri-foks-ve-umid-marafonu\/","og_site_name":"MEYDAN.TV","article_published_time":"2023-07-06T10:57:34+00:00","article_modified_time":"2023-07-06T10:57:37+00:00","og_image":[{"width":2560,"height":1203,"url":"https:\/\/www.meydan.tv\/wp-content\/uploads\/3cb67e7d-b10f-4c21-a950-7ff09b6b8f8f-scaled-e1684405162756.jpeg","type":"image\/jpeg"}],"author":"elli","twitter_card":"summary_large_image","twitter_creator":"@elli","schema":{"@context":"https:\/\/schema.org","@graph":[{"@type":"Article","@id":"https:\/\/www.meydan.tv\/az\/article\/terri-foks-ve-umid-marafonu\/#article","isPartOf":{"@id":"https:\/\/www.meydan.tv\/az\/article\/terri-foks-ve-umid-marafonu\/"},"author":{"name":"elli","@id":"https:\/\/www.meydan.tv\/az\/#\/schema\/person\/9cdbecf90d17180ce1dfbd95b08dcf47"},"headline":"Terri Foks v\u0259 \u00dcmid marafonu","datePublished":"2023-07-06T10:57:34+00:00","dateModified":"2023-07-06T10:57:37+00:00","mainEntityOfPage":{"@id":"https:\/\/www.meydan.tv\/az\/article\/terri-foks-ve-umid-marafonu\/"},"wordCount":2794,"publisher":{"@id":"https:\/\/www.meydan.tv\/az\/#organization"},"image":{"@id":"https:\/\/www.meydan.tv\/az\/article\/terri-foks-ve-umid-marafonu\/#primaryimage"},"thumbnailUrl":"https:\/\/www.meydan.tv\/wp-content\/uploads\/3cb67e7d-b10f-4c21-a950-7ff09b6b8f8f-scaled-e1684405162756.jpeg","articleSection":["M\u0259nim Fikrimc\u0259"],"inLanguage":"az"},{"@type":"WebPage","@id":"https:\/\/www.meydan.tv\/az\/article\/terri-foks-ve-umid-marafonu\/","url":"https:\/\/www.meydan.tv\/az\/article\/terri-foks-ve-umid-marafonu\/","name":"Terri Foks v\u0259 \u00dcmid marafonu - MEYDAN.TV","isPartOf":{"@id":"https:\/\/www.meydan.tv\/az\/#website"},"primaryImageOfPage":{"@id":"https:\/\/www.meydan.tv\/az\/article\/terri-foks-ve-umid-marafonu\/#primaryimage"},"image":{"@id":"https:\/\/www.meydan.tv\/az\/article\/terri-foks-ve-umid-marafonu\/#primaryimage"},"thumbnailUrl":"https:\/\/www.meydan.tv\/wp-content\/uploads\/3cb67e7d-b10f-4c21-a950-7ff09b6b8f8f-scaled-e1684405162756.jpeg","datePublished":"2023-07-06T10:57:34+00:00","dateModified":"2023-07-06T10:57:37+00:00","breadcrumb":{"@id":"https:\/\/www.meydan.tv\/az\/article\/terri-foks-ve-umid-marafonu\/#breadcrumb"},"inLanguage":"az","potentialAction":[{"@type":"ReadAction","target":["https:\/\/www.meydan.tv\/az\/article\/terri-foks-ve-umid-marafonu\/"]}]},{"@type":"ImageObject","inLanguage":"az","@id":"https:\/\/www.meydan.tv\/az\/article\/terri-foks-ve-umid-marafonu\/#primaryimage","url":"https:\/\/www.meydan.tv\/wp-content\/uploads\/3cb67e7d-b10f-4c21-a950-7ff09b6b8f8f-scaled-e1684405162756.jpeg","contentUrl":"https:\/\/www.meydan.tv\/wp-content\/uploads\/3cb67e7d-b10f-4c21-a950-7ff09b6b8f8f-scaled-e1684405162756.jpeg","width":2560,"height":1203,"caption":"Foto: Meydan Tv"},{"@type":"BreadcrumbList","@id":"https:\/\/www.meydan.tv\/az\/article\/terri-foks-ve-umid-marafonu\/#breadcrumb","itemListElement":[{"@type":"ListItem","position":1,"name":"Ana s\u0259hif\u0259","item":"https:\/\/www.meydan.tv\/az\/"},{"@type":"ListItem","position":2,"name":"M\u0259nim Fikrimc\u0259","item":"https:\/\/www.meydan.tv\/az\/section\/menim-fikrimce\/"},{"@type":"ListItem","position":3,"name":"Terri Foks v\u0259 \u00dcmid marafonu"}]},{"@type":"WebSite","@id":"https:\/\/www.meydan.tv\/az\/#website","url":"https:\/\/www.meydan.tv\/az\/","name":"MEYDAN.TV","description":"Meydan TV Az\u0259rbaycan\u0131n media m\u0259kan\u0131ndak\u0131 alternativ s\u0259sidir","publisher":{"@id":"https:\/\/www.meydan.tv\/az\/#organization"},"potentialAction":[{"@type":"SearchAction","target":{"@type":"EntryPoint","urlTemplate":"https:\/\/www.meydan.tv\/az\/?s={search_term_string}"},"query-input":{"@type":"PropertyValueSpecification","valueRequired":true,"valueName":"search_term_string"}}],"inLanguage":"az"},{"@type":"Organization","@id":"https:\/\/www.meydan.tv\/az\/#organization","name":"Meydan TV","url":"https:\/\/www.meydan.tv\/az\/","logo":{"@type":"ImageObject","inLanguage":"az","@id":"https:\/\/www.meydan.tv\/az\/#\/schema\/logo\/image\/","url":"https:\/\/www.meydan.tv\/wp-content\/uploads\/2021\/07\/meydan-logo.svg","contentUrl":"https:\/\/www.meydan.tv\/wp-content\/uploads\/2021\/07\/meydan-logo.svg","width":195,"height":46,"caption":"Meydan TV"},"image":{"@id":"https:\/\/www.meydan.tv\/az\/#\/schema\/logo\/image\/"}},{"@type":"Person","@id":"https:\/\/www.meydan.tv\/az\/#\/schema\/person\/9cdbecf90d17180ce1dfbd95b08dcf47","name":"elli","sameAs":["https:\/\/x.com\/elli"]}]}},"_links":{"self":[{"href":"https:\/\/www.meydan.tv\/az\/wp-json\/wp\/v2\/posts\/279200","targetHints":{"allow":["GET"]}}],"collection":[{"href":"https:\/\/www.meydan.tv\/az\/wp-json\/wp\/v2\/posts"}],"about":[{"href":"https:\/\/www.meydan.tv\/az\/wp-json\/wp\/v2\/types\/post"}],"author":[{"embeddable":true,"href":"https:\/\/www.meydan.tv\/az\/wp-json\/wp\/v2\/users\/8"}],"replies":[{"embeddable":true,"href":"https:\/\/www.meydan.tv\/az\/wp-json\/wp\/v2\/comments?post=279200"}],"version-history":[{"count":1,"href":"https:\/\/www.meydan.tv\/az\/wp-json\/wp\/v2\/posts\/279200\/revisions"}],"predecessor-version":[{"id":279202,"href":"https:\/\/www.meydan.tv\/az\/wp-json\/wp\/v2\/posts\/279200\/revisions\/279202"}],"wp:featuredmedia":[{"embeddable":true,"href":"https:\/\/www.meydan.tv\/az\/wp-json\/wp\/v2\/media\/119327"}],"wp:attachment":[{"href":"https:\/\/www.meydan.tv\/az\/wp-json\/wp\/v2\/media?parent=279200"}],"wp:term":[{"taxonomy":"category","embeddable":true,"href":"https:\/\/www.meydan.tv\/az\/wp-json\/wp\/v2\/categories?post=279200"},{"taxonomy":"post_tag","embeddable":true,"href":"https:\/\/www.meydan.tv\/az\/wp-json\/wp\/v2\/tags?post=279200"}],"curies":[{"name":"wp","href":"https:\/\/api.w.org\/{rel}","templated":true}]}}