{"id":279184,"date":"2023-07-06T12:56:49","date_gmt":"2023-07-06T08:56:49","guid":{"rendered":"https:\/\/www.meydan.tv\/?p=279184"},"modified":"2023-07-06T12:56:52","modified_gmt":"2023-07-06T08:56:52","slug":"niye-direnirler","status":"publish","type":"post","link":"https:\/\/www.meydan.tv\/az\/article\/niye-direnirler\/","title":{"rendered":"Niy\u0259 dir\u0259nirl\u0259r?"},"content":{"rendered":"\n<p><\/p>\n\n\n\n<p><strong>Z\u0259rd\u00fc\u015ft \u018flizad\u0259<\/strong><\/p>\n\n\n\n<p><em><strong>D\u00fcnya biz\u0259 bax\u0131b bir daha \u0259min olur ki, \u015e\u0259rq xalqlar\u0131 tarixin s\u00fcr\u0259t qatar\u0131ndan geri d\u00fc\u015f\u00fcb g\u0259l\u0259c\u0259y\u0259 yab\u0131n\u0131n belind\u0259 y\u0131r\u011falana-y\u0131r\u011falana t\u0259l\u0259sm\u0259d\u0259n gedir<\/strong><\/em><\/p>\n\n\n\n<p>Qara camaatda bel\u0259 bir t\u0259s\u0259vv\u00fcr var ki, hakimiyy\u0259tin ali s\u0259find\u0259 \u0259yl\u0259\u015f\u0259n v\u00fccudlar hans\u0131sa\u00a0 ham\u0131da olmayan z\u0259ka v\u0259 bacar\u0131\u011f\u0131n sahibidirl\u0259r. D\u00f6vl\u0259tl\u0259rin yuxar\u0131s\u0131n\u0131 v\u0259 a\u015fa\u011f\u0131s\u0131n\u0131 g\u00f6rm\u00fc\u015f adam kimi sizi \u0259min edir\u0259m ki, bel\u0259 \u015fey yoxdur, ali m\u0259qaml\u0131 v\u00fccudlar\u0131n aras\u0131nda a\u011f\u0131ll\u0131lar\u0131n v\u0259 s\u0259fehl\u0259rin nisb\u0259ti sad\u0259 xalq\u0131n i\u00e7ind\u0259kind\u0259n f\u0259rql\u0259nmir. \u00d6z tariximizi xat\u0131rlay\u0131n, ist\u0259mirsinizs\u0259, lap el\u0259 Amerikan\u0131n v\u0259 ya Fransan\u0131n tarixin\u0259 bax\u0131n. Billi Klintonu v\u0259 Fransua Olland\u0131, lap el\u0259 bizim bu m\u00fcsy\u00f6 Fransua Makron m\u00fc\u0259llimi xat\u0131rlay\u0131n. D\u0259xi x\u0131rdalam\u0131ram, arif\u0259 i\u015far\u0259 b\u0259sdir.<\/p>\n\n\n\n<p>Az\u0259rbaycanla Erm\u0259nistan aras\u0131nda Qaraba\u011f qov\u011fas\u0131 qurtarmaq bilmir. H\u0259r iki xalqa v\u0259 d\u00f6vl\u0259t\u0259 h\u0259dsiz ziyan vurmu\u015f bu m\u00fcnaqi\u015f\u0259nin sona yetm\u0259sind\u0259 h\u0259r iki t\u0259r\u0259f maraql\u0131d\u0131r. Di g\u0259l h\u0259r iki t\u0259r\u0259f dir\u0259nib bar\u0131\u015f namin\u0259 t\u0259l\u0259b olunan i\u015fl\u0259ri g\u00f6rm\u0259k ist\u0259mir. Dir\u0259nibl\u0259r. Niy\u0259?<\/p>\n\n\n\n<p>Hakimiyy\u0259t maraqlar\u0131 milli maraqlar\u0131 \u00fcst\u0259l\u0259yir. Nikol Pa\u015finyan \u015firin hakimiyy\u0259tin\u0259 d\u0259y\u0259 bil\u0259c\u0259k s\u0259d\u0259m\u0259l\u0259rd\u0259n \u00e7\u0259kinir. \u0130lham \u018fliyev bel\u0259 ciddi-c\u0259hdl\u0259 qurulmu\u015f kamil istibdad qurulu\u015funun azca da olsa z\u0259ifl\u0259m\u0259sind\u0259n narahatd\u0131r. Bu s\u0259b\u0259bd\u0259n ham\u0131n\u0131n g\u00f6rd\u00fcy\u00fc s\u00fclh yoluna q\u0259d\u0259m qoymaqdan vaz ke\u00e7irl\u0259r, dir\u0259nib raz\u0131la\u015fman\u0131 yubad\u0131rlar, dan\u0131\u015f\u0131qlar\u0131 s\u00fcr\u00fcnd\u00fcrm\u0259\u00e7iliy\u0259 \u00e7eviribl\u0259r.<\/p>\n\n\n\n<p>Erm\u0259nistan m\u00fcharib\u0259d\u0259 a\u015fkar m\u0259\u011flubiyy\u0259t\u0259 u\u011fray\u0131b v\u0259 yeni m\u00fcharib\u0259y\u0259 ba\u015flamaq q\u00fcdr\u0259ti yoxdur. Son parlament se\u00e7kisi g\u00f6st\u0259rdi ki, \u0259halinin \u0259ks\u0259riyy\u0259ti m\u00fcharib\u0259d\u0259n bezib. Erm\u0259nistan\u0131n f\u0259al v\u0259 m\u00fcqt\u0259dir sava\u015f m\u00fctt\u0259fiqi yoxdur. Rusiya Qaraba\u011fa g\u00f6r\u0259 Az\u0259rbaycanla sava\u015fa ba\u015flamaqdan a\u00e7\u0131q imtina etdi. Ukraynaya qar\u015f\u0131 t\u0259cav\u00fcz\u00fcn\u00fcn gedi\u015fini n\u0259z\u0259r\u0259 alsaq, he\u00e7 h\u0259rbi imkan\u0131 bel\u0259 yoxdur ki, C\u0259nubi Qafqazda ikinci c\u0259bh\u0259 a\u00e7\u0131b yeni m\u00fcharib\u0259 ba\u015flas\u0131n.<\/p>\n\n\n\n<p>Erm\u0259ni ictimai fikrind\u0259 Fransa, \u0130ran v\u0259 Hindistan\u0131n h\u0259rbi m\u00fcdaxil\u0259si bar\u0259d\u0259 xam x\u0259yallar \u00f6z pu\u00e7lu\u011funu s\u00fcbut etdi.<\/p>\n\n\n\n<p>Nikol Pa\u015finyana qal\u0131r siyasi s\u0259hn\u0259d\u0259 ovuclar\u0131n\u0131 sin\u0259sind\u0259 qo\u015falay\u0131b 1950-ci ill\u0259rd\u0259 Az\u0259rbaycanda d\u0259bd\u0259 olmu\u015f, R\u0259\u015fid Behbutovun ifas\u0131nda s\u0259sl\u0259n\u0259n \u201cYalq\u0131zam, yalq\u0131z\u201d mahn\u0131s\u0131n\u0131 oxumaq.<\/p>\n\n\n\n<p>Qaraba\u011f tama\u015fas\u0131 qurtar\u0131b, son s\u0259hn\u0259ni \u0259d\u0259bli v\u0259 itkisiz oynay\u0131b yeni quruculuq m\u0259rh\u0259l\u0259sin\u0259 q\u0259d\u0259m qoymaq d\u0259midir.<\/p>\n\n\n\n<p>Lakin Nikol hakimiyy\u0259tini itirm\u0259kd\u0259n \u00e7\u0259kinib bu lab\u00fcd yekun q\u0259rar\u0131 verm\u0259kd\u0259n boyun qa\u00e7\u0131r\u0131r. El\u0259-hey hoppan\u0131r, gah sa\u011fa, gah sola, gah ir\u0259li, gah geri. B\u0259z\u0259n is\u0259 el\u0259 yerind\u0259 hoppan\u0131r. Zira erm\u0259ni ictimai fikri g\u00fcn kimi a\u00e7\u0131q olan bu sad\u0259 h\u0259qiq\u0259ti he\u00e7 c\u00fcr h\u0259zm etm\u0259k ist\u0259mir: \u201cQaraba\u011f\u0131n sahibi Az\u0259rbaycand\u0131r\u201d.<\/p>\n\n\n\n<p>G\u00fclm\u0259k ist\u0259s\u0259niz, buyurun g\u00fcl\u00fcn: ictimai v\u0259 siyasi f\u0259allar Erm\u0259nistanda imza toplay\u0131rlar. Kim des\u0259 ki, Qaraba\u011f Az\u0259rbaycan \u0259razisidir, cinay\u0259t m\u0259suliyy\u0259tin\u0259 c\u0259lb edilm\u0259li v\u0259 h\u0259bs\u0259 sal\u0131nmal\u0131d\u0131r.<\/p>\n\n\n\n<p>Halqa is\u0259 daral\u0131r, yeni qanl\u0131 toqqu\u015fma t\u0259hl\u00fck\u0259si ger\u00e7\u0259kliy\u0259 \u00e7evrilir. Bu d\u0259f\u0259 Az\u0259rbaycan ordusu Xank\u0259ndi \u0259traf\u0131nda d\u00fc\u015f\u0259rg\u0259 salm\u0131\u015f t\u0259xmin\u0259n 10 minlik erm\u0259ni h\u0259rbi hiss\u0259sini vuracaq.<\/p>\n\n\n\n<p>Az\u0259rbaycan bu h\u0259rbi hiss\u0259y\u0259 \u201cqanunsuz erm\u0259ni h\u0259rbi birl\u0259\u015fm\u0259si\u201d, ona qar\u015f\u0131 haz\u0131rlanan h\u0259ml\u0259y\u0259 is\u0259 \u201cantiterror \u0259m\u0259liyyat\u0131\u201d deyir. Az\u0259rbaycan\u0131n buna tam haqq\u0131 \u00e7at\u0131r. \u00c7\u00fcnki 2020-ci ild\u0259 44-g\u00fcnl\u00fck m\u00fcharib\u0259y\u0259 son qoymu\u015f \u00dc\u00e7t\u0259r\u0259fli B\u0259yannam\u0259d\u0259 a\u00e7\u0131q yaz\u0131l\u0131b ki, \u201crus s\u00fclhm\u0259raml\u0131lar\u0131 Qaraba\u011fa yerl\u0259\u015fdirildikc\u0259, erm\u0259ni ordusu bu \u0259razid\u0259n \u00e7\u0131xar\u0131lmal\u0131d\u0131r\u201d.<\/p>\n\n\n\n<p>Rus ordusu g\u0259lib yerl\u0259\u015fdi, erm\u0259ni ordusu \u00e7\u0131xmad\u0131. RF-nin M\u00fcdafi\u0259 Nazirliyi xala x\u0259trin qalmas\u0131n bu istiqam\u0259td\u0259 h\u0259tta bir add\u0131m da atd\u0131, Erm\u0259nistan Silahl\u0131 Q\u00fcvv\u0259l\u0259rinin Ba\u015f Q\u0259rargah r\u0259isinin m\u00fc\u015faviri (\u00f6z\u00fc \u00f6z\u00fcn\u00fc bel\u0259 t\u0259qdim edir) Vladimir Po\u011fosyan\u0131n dediyin\u0259 inansaq, 2021-ci ild\u0259 Moskvadan y\u00fcks\u0259k r\u00fctb\u0259li bir zabit Yerevana g\u0259lib bu t\u0259l\u0259bi Ba\u015f Q\u0259rargah r\u0259isi Onik Qasparyan\u0131n qar\u015f\u0131s\u0131nda qoyanda erm\u0259ni h\u0259mkar\u0131ndan q\u0259ti imtina cavab\u0131n\u0131 alm\u0131\u015fd\u0131.<\/p>\n\n\n\n<p>Neyn\u0259k, erm\u0259nil\u0259r \u00f6z c\u0259zalar\u0131n\u0131 \u00f6zl\u0259ri k\u00f6n\u00fcll\u00fc qazan\u0131rlar. \u00d6zl\u0259ri d\u0259 g\u00f6z\u0259l anlay\u0131rlar ki, bu h\u0259rbi birl\u0259\u015fm\u0259nin m\u00f6vqel\u0259ri Az\u0259rbaycan ordusunun ovcunun i\u00e7ind\u0259dir, h\u0259r bir tank\u0131n, h\u0259r bir zirehli piyada ma\u015f\u0131n\u0131n\u0131n, h\u0259r bir topun, h\u0259r bir \u201cQrad\u201d\u0131n yeri santimetrin\u0259 kimi x\u0259rit\u0259d\u0259 v\u0259 kamikadze dronlar\u0131n beynind\u0259 h\u0259kk edilib. Anlay\u0131rlar ki, Az\u0259rbaycan ordusunun m\u0259qs\u0259di canl\u0131 q\u00fcvv\u0259nin m\u0259hvi olmasa da, he\u00e7 bir d\u00f6y\u00fc\u015f itkisiz \u00f6t\u00fc\u015fm\u00fcr, q\u0131r\u0131lan q\u0131r\u0131lacaq. Bunu bilirl\u0259r, lakin yen\u0259 dir\u0259nibl\u0259r. Niy\u0259?<\/p>\n\n\n\n<p>\u00c7ox sad\u0259 izah\u0131 var. Bu, onlar\u0131n m\u00f6vcudlu\u011funun qay\u0259sidir. Nec\u0259 ki, Az\u0259rbaycan\u0131n ali m\u0259murlar\u0131 o\u011furlamadan i\u015fl\u0259y\u0259 v\u0259 ya\u015faya bilmirl\u0259r, erm\u0259ni siyasil\u0259ri v\u0259 h\u0259rb\u00e7il\u0259ri d\u0259 Qaraba\u011f il\u011f\u0131m\u0131 olmadan ya\u015faya bilmirl\u0259r. Qaraba\u011fa iddia, torpa\u011f\u0131n i\u015f\u011fal\u0131 v\u0259 qamarlanmas\u0131 erm\u0259ni ger\u00e7\u0259kliyinin t\u0259m\u0259l meyar\u0131d\u0131r. Bunsuz ya\u015fama\u011f\u0131n l\u0259zz\u0259ti yoxdur. Kims\u0259, hans\u0131sa xalq qurmaq, yaratmaq, kefl\u0259 ya\u015famaq ist\u0259yir, erm\u0259ni insan\u0131 is\u0259 Qaraba\u011f namin\u0259 f\u0259da, \u201cmata\u011f\u201d olmaq ist\u0259yir.<\/p>\n\n\n\n<p>\u018flb\u0259tt\u0259, ham\u0131s\u0131 yox, lakin \u0259halinin ciddi bir k\u0259simi buna haz\u0131rd\u0131r v\u0259 bunu h\u0259yat\u0131n\u0131n m\u0259qs\u0259di say\u0131r. Onlar\u0131 bel\u0259 t\u0259rbiy\u0259 edibl\u0259r. Azl\u0131q bu s\u0259feh amal namin\u0259 qalxma\u011fa, \u00f6l\u00fcb-\u00f6ld\u00fcrm\u0259y\u0259, \u0259ks\u0259riyy\u0259t is\u0259 bu s\u0259feh m\u0259qs\u0259d namin\u0259 t\u00f6r\u0259dil\u0259n cinay\u0259tl\u0259r\u0259 m\u00fcsb\u0259t yana\u015fma\u011fa amad\u0259dir.<\/p>\n\n\n\n<p>Tarixin son iki y\u00fcz ilinin hadis\u0259l\u0259ri dan\u0131lmaz&nbsp; t\u0259rzd\u0259 s\u00fcbut edir ki, d\u00fcnya xalqlar\u0131n\u0131n t\u0259cr\u00fcb\u0259sind\u0259 \u201cerm\u0259ni davran\u0131\u015f\u0131\u201d adl\u0131 nadir bir n\u00fcmun\u0259 yaran\u0131b. N\u0259dir bu n\u00fcmun\u0259? \u00c7ox sad\u0259. Ham\u0131ya ayd\u0131n olan bir h\u0259qiq\u0259ti v\u0259 m\u0259s\u0259l\u0259ni qon\u015fu xalq\u0131m\u0131z q\u0259ti \u015f\u0259kild\u0259 dan\u0131r, dir\u0259nir. \u00c7ox dil\u0259 tuturlar, inand\u0131r\u0131rlar, f\u0259q\u0259t raz\u0131la\u015fm\u0131r. N\u0259hay\u0259td\u0259 \u00e7ar\u0259siz qalan t\u0259r\u0259fi-m\u00fcqabil erm\u0259ni t\u0259r\u0259fin\u0259 amans\u0131z z\u0259rb\u0259 endir\u0259nd\u0259 v\u0259 erm\u0259ni t\u0259r\u0259fi b\u00f6y\u00fck itki verdikd\u0259 bir m\u00fcdd\u0259t ahu-nal\u0259 v\u0259 l\u0259n\u0259t-qar\u011f\u0131\u015f ya\u011fd\u0131r\u0131landan sonra h\u0259min bu h\u0259qiq\u0259t v\u0259 m\u0259s\u0259l\u0259 d\u0259rk v\u0259 q\u0259bul edilir.<\/p>\n\n\n\n<p>T\u0259\u0259ss\u00fcf ki, erm\u0259ni xalq\u0131n\u0131n m\u00fcasir b\u0259\u015f\u0259riyy\u0259t\u0259 b\u0259x\u015f etdiyi analoqu olmayan yenilik bundan ibar\u0259tdir.<\/p>\n\n\n\n<p>B\u0259s Az\u0259rbaycan hakimiyy\u0259ti n\u0259d\u0259 v\u0259 niy\u0259 dir\u0259nir? \u00d6lk\u0259 m\u00fcharib\u0259 apar\u0131b v\u0259 b\u00f6y\u00fck itki hesab\u0131na q\u0259l\u0259b\u0259 qazan\u0131b. \u0130ndi s\u00fclh\u00fc s\u0259n\u0259dl\u0259\u015fdirm\u0259k laz\u0131md\u0131r. M\u0259\u011flub \u00f6lk\u0259d\u0259 \u00e7\u0259tin m\u0259fkur\u0259 m\u00fcbariz\u0259si gedir. S\u00fclh\u00fcn d\u00fc\u015fm\u0259nl\u0259ri yax\u0131n tarixin qanl\u0131 hadis\u0259l\u0259rind\u0259n sui-istifad\u0259 edirl\u0259r, xalq\u0131 n\u00f6vb\u0259ti \u201cgenisid\u201d uydurmas\u0131 il\u0259 qorxudurlar. Yerind\u0259n duran erm\u0259ni siyas\u0259t\u015f\u00fcnas\u0131 b\u00fclb\u00fcl kimi \u00f6t\u00fcb avam erm\u0259nil\u0259ri inand\u0131rma\u011fa \u00e7al\u0131\u015f\u0131r ki, az\u0259rbaycanl\u0131lar s\u0259h\u0259rd\u0259n ax\u015fama kimi yaln\u0131z bir arzu il\u0259 al\u0131\u015f\u0131b yan\u0131r: erm\u0259nil\u0259ri \u00f6ld\u00fcrm\u0259k, yax\u015f\u0131 olard\u0131 ki, v\u0259h\u015filikl\u0259 v\u0259 a\u011flas\u0131\u011fmaz q\u0259ddarl\u0131qla \u00f6ld\u00fcrm\u0259k!<\/p>\n\n\n\n<p>Bu iddian\u0131n s\u0259fehliyi v\u0259 m\u0259kri \u015f\u00fcbh\u0259sizdi. Onu da\u011f\u0131tmadan v\u0259 ictimai \u015f\u00fcuru sa\u011flam m\u0259craya y\u00f6n\u0259ltm\u0259d\u0259n Erm\u0259nistanda d\u00fczg\u00fcn, Az\u0259rbaycana \u0259l ver\u0259n m\u00fcnasib q\u0259rar\u0131n q\u0259bul edil\u0259c\u0259yin\u0259 \u00fcmid azd\u0131r. Dem\u0259li, Az\u0259rbaycan \u00f6z informasiya siyas\u0259tini f\u0259al \u015f\u0259kild\u0259 bu erm\u0259ni yalanlar\u0131n\u0131n if\u015fas\u0131na y\u00f6n\u0259ltm\u0259lidir, g\u00f6st\u0259rm\u0259lidir ki, bizim bel\u0259 niyy\u0259timiz yoxdur, \u0259ksin\u0259, h\u00f6kum\u0259t erm\u0259ni \u0259halisinin reinteqrasiyas\u0131 \u00fc\u00e7\u00fcn faydal\u0131 v\u0259 \u0259lveri\u015fli t\u0259klifl\u0259r haz\u0131rlay\u0131b.<\/p>\n\n\n\n<p>Lakin hakimiyy\u0259timiz bel\u0259 sad\u0259 v\u0259 xeyirli i\u015fi g\u00f6rm\u00fcr. Ny\u0259?<\/p>\n\n\n\n<p>M\u0259nc\u0259, iki s\u0259b\u0259bd\u0259n. \u018fvv\u0259la, hakimiyy\u0259t raz\u0131 deyil ki, \u00f6z siyas\u0259tini a\u015fkar apars\u0131n v\u0259 c\u0259miyy\u0259t bu siyas\u0259tin t\u0259fsilat\u0131ndan x\u0259b\u0259r tutsun. D\u00f6vl\u0259t siyas\u0259tinin xalqa d\u0259xli yoxdur, qoy a\u011fz\u0131n\u0131 naqqa bal\u0131q kimi a\u00e7\u0131b yuxar\u0131lar\u0131n m\u00fcdrik g\u00f6st\u0259ri\u015fl\u0259rinin s\u0259sl\u0259ndirilm\u0259sini g\u00f6zl\u0259sin.<\/p>\n\n\n\n<p>Saniy\u0259n, Qaraba\u011f\u0131n erm\u0259ni \u0259halisi \u00fc\u00e7\u00fcn d\u00fcnyada q\u0259bul edilmi\u015f insan haqlar\u0131 v\u0259 t\u0259hl\u00fck\u0259sizlik sah\u0259sind\u0259ki z\u0259man\u0259tl\u0259r \u00fcmumi m\u00fczakir\u0259y\u0259 \u00e7\u0131xar\u0131lsa, camaatda tam qanuni v\u0259 t\u0259bii sual yarana bil\u0259r: bu h\u00fcquqlar niy\u0259 m\u0259\u011flub erm\u0259nil\u0259r\u0259 xo\u015fluqla verilir, lakin az\u0259rbaycanl\u0131lardan zor v\u0259 c\u0259brl\u0259 al\u0131n\u0131r? Erm\u0259ninin n\u0259yi az\u0259rbaycanl\u0131dan art\u0131qd\u0131r ki, ona bu h\u00fcquq verilir, lakin az\u0259rbaycanl\u0131ya q\u0131y\u0131l\u0131r?<\/p>\n\n\n\n<p>Bax, bu ikinci s\u0259b\u0259b 50 ildir ki, Az\u0259rbaycan xalq\u0131n\u0131 m\u0259lul v\u0259 ma\u011fm\u0131n r\u0259iyy\u0259t s\u00fcr\u00fcs\u00fc kimi t\u0259rbiy\u0259 ed\u0259n v\u0259 bu i\u015fd\u0259 n\u0259h\u0259ng nailiyy\u0259tl\u0259r \u0259ld\u0259 etmi\u015f hakimiyy\u0259t\u0259 \u0259sla \u0259l vermir.<\/p>\n\n\n\n<p>Buna g\u00f6r\u0259 h\u0259r iki hakimiyy\u0259t iki il yar\u0131mdan \u00e7oxdur ki, dir\u0259nib h\u00f6c\u0259tl\u0259\u015firl\u0259r.<\/p>\n\n\n\n<p>D\u00fcnya is\u0259 biz\u0259 bax\u0131b bir daha \u0259min olur ki, \u015e\u0259rq xalqlar\u0131 tarixin s\u00fcr\u0259t qatar\u0131ndan geri d\u00fc\u015f\u00fcb g\u0259l\u0259c\u0259y\u0259 yab\u0131n\u0131n belind\u0259 y\u0131r\u011falana-y\u0131r\u011falana t\u0259l\u0259sm\u0259d\u0259n gedir.<\/p>\n\n\n\n<p>D\u0259rind\u0259n fikirl\u0259\u015f\u0259nd\u0259, d\u00fcz d\u0259 \u0259min olurlar. \u0130nsanlar zahir\u0259n eynidirl\u0259r, iki \u0259l, iki ayaq, bir ba\u015f v\u0259 bir beyin. F\u0259q\u0259t L\u00fcksemburq, \u0130sve\u00e7, \u0130sve\u00e7r\u0259, Niderland v\u0259 Norve\u00e7 insan\u0131n\u0131n h\u0259yat\u0131 il\u0259 C\u0259nubi Qafqaz xalqlar\u0131n\u0131n h\u0259yat\u0131n\u0131 m\u00fcqayis\u0259 ets\u0259n, bizim d\u0259 \u201chomo sapiyens\u201d n\u00f6v\u00fcn\u0259 m\u0259nsub olma\u011f\u0131m\u0131za d\u0259rin \u015f\u00fcbh\u0259 yarana bil\u0259r.&nbsp;<\/p>\n","protected":false},"excerpt":{"rendered":"<p>Z\u0259rd\u00fc\u015ft \u018flizad\u0259 D\u00fcnya biz\u0259 bax\u0131b bir daha \u0259min olur ki, &#8230; <\/p>\n<p class=\"read-more-container\"><a title=\"Niy\u0259 dir\u0259nirl\u0259r?\" class=\"read-more button\" href=\"https:\/\/www.meydan.tv\/az\/article\/niye-direnirler\/#more-279184\" aria-label=\"Read more about Niy\u0259 dir\u0259nirl\u0259r?\">Davam\u0131<\/a><\/p>\n","protected":false},"author":8,"featured_media":126823,"comment_status":"closed","ping_status":"closed","sticky":false,"template":"","format":"standard","meta":{"_acf_changed":false,"_sitemap_exclude":false,"_sitemap_priority":"","_sitemap_frequency":"","footnotes":""},"categories":[57],"tags":[],"class_list":["post-279184","post","type-post","status-publish","format-standard","has-post-thumbnail","hentry","category-menim-fikrimce","infinite-scroll-item","generate-columns","tablet-grid-50","mobile-grid-100","grid-parent","grid-33","no-featured-image-padding"],"acf":[],"yoast_head":"<!-- This site is optimized with the Yoast SEO plugin v27.4 - https:\/\/yoast.com\/product\/yoast-seo-wordpress\/ -->\n<title>Niy\u0259 dir\u0259nirl\u0259r? - MEYDAN.TV<\/title>\n<meta name=\"robots\" content=\"index, follow, max-snippet:-1, max-image-preview:large, max-video-preview:-1\" \/>\n<link rel=\"canonical\" href=\"https:\/\/www.meydan.tv\/az\/article\/niye-direnirler\/\" \/>\n<meta property=\"og:locale\" content=\"az_AZ\" \/>\n<meta property=\"og:type\" content=\"article\" \/>\n<meta property=\"og:title\" content=\"Niy\u0259 dir\u0259nirl\u0259r? - MEYDAN.TV\" \/>\n<meta property=\"og:description\" content=\"Z\u0259rd\u00fc\u015ft \u018flizad\u0259 D\u00fcnya biz\u0259 bax\u0131b bir daha \u0259min olur ki, ... Davam\u0131\" \/>\n<meta property=\"og:url\" content=\"https:\/\/www.meydan.tv\/az\/article\/niye-direnirler\/\" \/>\n<meta property=\"og:site_name\" content=\"MEYDAN.TV\" \/>\n<meta property=\"article:published_time\" content=\"2023-07-06T08:56:49+00:00\" \/>\n<meta property=\"article:modified_time\" content=\"2023-07-06T08:56:52+00:00\" \/>\n<meta property=\"og:image\" content=\"https:\/\/www.meydan.tv\/wp-content\/uploads\/image_from_ios_2_p52ittc.original.original-scaled-e1682070233838.jpg\" \/>\n\t<meta property=\"og:image:width\" content=\"2560\" \/>\n\t<meta property=\"og:image:height\" content=\"1158\" \/>\n\t<meta property=\"og:image:type\" content=\"image\/jpeg\" \/>\n<meta name=\"author\" content=\"elli\" \/>\n<meta name=\"twitter:card\" content=\"summary_large_image\" \/>\n<meta name=\"twitter:creator\" content=\"@elli\" \/>\n<script type=\"application\/ld+json\" class=\"yoast-schema-graph\">{\"@context\":\"https:\\\/\\\/schema.org\",\"@graph\":[{\"@type\":\"Article\",\"@id\":\"https:\\\/\\\/www.meydan.tv\\\/az\\\/article\\\/niye-direnirler\\\/#article\",\"isPartOf\":{\"@id\":\"https:\\\/\\\/www.meydan.tv\\\/az\\\/article\\\/niye-direnirler\\\/\"},\"author\":{\"name\":\"elli\",\"@id\":\"https:\\\/\\\/www.meydan.tv\\\/az\\\/#\\\/schema\\\/person\\\/9cdbecf90d17180ce1dfbd95b08dcf47\"},\"headline\":\"Niy\u0259 dir\u0259nirl\u0259r?\",\"datePublished\":\"2023-07-06T08:56:49+00:00\",\"dateModified\":\"2023-07-06T08:56:52+00:00\",\"mainEntityOfPage\":{\"@id\":\"https:\\\/\\\/www.meydan.tv\\\/az\\\/article\\\/niye-direnirler\\\/\"},\"wordCount\":1912,\"publisher\":{\"@id\":\"https:\\\/\\\/www.meydan.tv\\\/az\\\/#organization\"},\"image\":{\"@id\":\"https:\\\/\\\/www.meydan.tv\\\/az\\\/article\\\/niye-direnirler\\\/#primaryimage\"},\"thumbnailUrl\":\"https:\\\/\\\/www.meydan.tv\\\/wp-content\\\/uploads\\\/image_from_ios_2_p52ittc.original.original-scaled-e1682070233838.jpg\",\"articleSection\":[\"M\u0259nim Fikrimc\u0259\"],\"inLanguage\":\"az\"},{\"@type\":\"WebPage\",\"@id\":\"https:\\\/\\\/www.meydan.tv\\\/az\\\/article\\\/niye-direnirler\\\/\",\"url\":\"https:\\\/\\\/www.meydan.tv\\\/az\\\/article\\\/niye-direnirler\\\/\",\"name\":\"Niy\u0259 dir\u0259nirl\u0259r? - MEYDAN.TV\",\"isPartOf\":{\"@id\":\"https:\\\/\\\/www.meydan.tv\\\/az\\\/#website\"},\"primaryImageOfPage\":{\"@id\":\"https:\\\/\\\/www.meydan.tv\\\/az\\\/article\\\/niye-direnirler\\\/#primaryimage\"},\"image\":{\"@id\":\"https:\\\/\\\/www.meydan.tv\\\/az\\\/article\\\/niye-direnirler\\\/#primaryimage\"},\"thumbnailUrl\":\"https:\\\/\\\/www.meydan.tv\\\/wp-content\\\/uploads\\\/image_from_ios_2_p52ittc.original.original-scaled-e1682070233838.jpg\",\"datePublished\":\"2023-07-06T08:56:49+00:00\",\"dateModified\":\"2023-07-06T08:56:52+00:00\",\"breadcrumb\":{\"@id\":\"https:\\\/\\\/www.meydan.tv\\\/az\\\/article\\\/niye-direnirler\\\/#breadcrumb\"},\"inLanguage\":\"az\",\"potentialAction\":[{\"@type\":\"ReadAction\",\"target\":[\"https:\\\/\\\/www.meydan.tv\\\/az\\\/article\\\/niye-direnirler\\\/\"]}]},{\"@type\":\"ImageObject\",\"inLanguage\":\"az\",\"@id\":\"https:\\\/\\\/www.meydan.tv\\\/az\\\/article\\\/niye-direnirler\\\/#primaryimage\",\"url\":\"https:\\\/\\\/www.meydan.tv\\\/wp-content\\\/uploads\\\/image_from_ios_2_p52ittc.original.original-scaled-e1682070233838.jpg\",\"contentUrl\":\"https:\\\/\\\/www.meydan.tv\\\/wp-content\\\/uploads\\\/image_from_ios_2_p52ittc.original.original-scaled-e1682070233838.jpg\",\"width\":2560,\"height\":1158,\"caption\":\"Foto: Meydan TV\"},{\"@type\":\"BreadcrumbList\",\"@id\":\"https:\\\/\\\/www.meydan.tv\\\/az\\\/article\\\/niye-direnirler\\\/#breadcrumb\",\"itemListElement\":[{\"@type\":\"ListItem\",\"position\":1,\"name\":\"Ana s\u0259hif\u0259\",\"item\":\"https:\\\/\\\/www.meydan.tv\\\/az\\\/\"},{\"@type\":\"ListItem\",\"position\":2,\"name\":\"M\u0259nim Fikrimc\u0259\",\"item\":\"https:\\\/\\\/www.meydan.tv\\\/az\\\/section\\\/menim-fikrimce\\\/\"},{\"@type\":\"ListItem\",\"position\":3,\"name\":\"Niy\u0259 dir\u0259nirl\u0259r?\"}]},{\"@type\":\"WebSite\",\"@id\":\"https:\\\/\\\/www.meydan.tv\\\/az\\\/#website\",\"url\":\"https:\\\/\\\/www.meydan.tv\\\/az\\\/\",\"name\":\"MEYDAN.TV\",\"description\":\"Meydan TV Az\u0259rbaycan\u0131n media m\u0259kan\u0131ndak\u0131 alternativ s\u0259sidir\",\"publisher\":{\"@id\":\"https:\\\/\\\/www.meydan.tv\\\/az\\\/#organization\"},\"potentialAction\":[{\"@type\":\"SearchAction\",\"target\":{\"@type\":\"EntryPoint\",\"urlTemplate\":\"https:\\\/\\\/www.meydan.tv\\\/az\\\/?s={search_term_string}\"},\"query-input\":{\"@type\":\"PropertyValueSpecification\",\"valueRequired\":true,\"valueName\":\"search_term_string\"}}],\"inLanguage\":\"az\"},{\"@type\":\"Organization\",\"@id\":\"https:\\\/\\\/www.meydan.tv\\\/az\\\/#organization\",\"name\":\"Meydan TV\",\"url\":\"https:\\\/\\\/www.meydan.tv\\\/az\\\/\",\"logo\":{\"@type\":\"ImageObject\",\"inLanguage\":\"az\",\"@id\":\"https:\\\/\\\/www.meydan.tv\\\/az\\\/#\\\/schema\\\/logo\\\/image\\\/\",\"url\":\"https:\\\/\\\/www.meydan.tv\\\/wp-content\\\/uploads\\\/2021\\\/07\\\/meydan-logo.svg\",\"contentUrl\":\"https:\\\/\\\/www.meydan.tv\\\/wp-content\\\/uploads\\\/2021\\\/07\\\/meydan-logo.svg\",\"width\":195,\"height\":46,\"caption\":\"Meydan TV\"},\"image\":{\"@id\":\"https:\\\/\\\/www.meydan.tv\\\/az\\\/#\\\/schema\\\/logo\\\/image\\\/\"}},{\"@type\":\"Person\",\"@id\":\"https:\\\/\\\/www.meydan.tv\\\/az\\\/#\\\/schema\\\/person\\\/9cdbecf90d17180ce1dfbd95b08dcf47\",\"name\":\"elli\",\"sameAs\":[\"https:\\\/\\\/x.com\\\/elli\"]}]}<\/script>\n<!-- \/ Yoast SEO plugin. -->","yoast_head_json":{"title":"Niy\u0259 dir\u0259nirl\u0259r? - MEYDAN.TV","robots":{"index":"index","follow":"follow","max-snippet":"max-snippet:-1","max-image-preview":"max-image-preview:large","max-video-preview":"max-video-preview:-1"},"canonical":"https:\/\/www.meydan.tv\/az\/article\/niye-direnirler\/","og_locale":"az_AZ","og_type":"article","og_title":"Niy\u0259 dir\u0259nirl\u0259r? - MEYDAN.TV","og_description":"Z\u0259rd\u00fc\u015ft \u018flizad\u0259 D\u00fcnya biz\u0259 bax\u0131b bir daha \u0259min olur ki, ... Davam\u0131","og_url":"https:\/\/www.meydan.tv\/az\/article\/niye-direnirler\/","og_site_name":"MEYDAN.TV","article_published_time":"2023-07-06T08:56:49+00:00","article_modified_time":"2023-07-06T08:56:52+00:00","og_image":[{"width":2560,"height":1158,"url":"https:\/\/www.meydan.tv\/wp-content\/uploads\/image_from_ios_2_p52ittc.original.original-scaled-e1682070233838.jpg","type":"image\/jpeg"}],"author":"elli","twitter_card":"summary_large_image","twitter_creator":"@elli","schema":{"@context":"https:\/\/schema.org","@graph":[{"@type":"Article","@id":"https:\/\/www.meydan.tv\/az\/article\/niye-direnirler\/#article","isPartOf":{"@id":"https:\/\/www.meydan.tv\/az\/article\/niye-direnirler\/"},"author":{"name":"elli","@id":"https:\/\/www.meydan.tv\/az\/#\/schema\/person\/9cdbecf90d17180ce1dfbd95b08dcf47"},"headline":"Niy\u0259 dir\u0259nirl\u0259r?","datePublished":"2023-07-06T08:56:49+00:00","dateModified":"2023-07-06T08:56:52+00:00","mainEntityOfPage":{"@id":"https:\/\/www.meydan.tv\/az\/article\/niye-direnirler\/"},"wordCount":1912,"publisher":{"@id":"https:\/\/www.meydan.tv\/az\/#organization"},"image":{"@id":"https:\/\/www.meydan.tv\/az\/article\/niye-direnirler\/#primaryimage"},"thumbnailUrl":"https:\/\/www.meydan.tv\/wp-content\/uploads\/image_from_ios_2_p52ittc.original.original-scaled-e1682070233838.jpg","articleSection":["M\u0259nim Fikrimc\u0259"],"inLanguage":"az"},{"@type":"WebPage","@id":"https:\/\/www.meydan.tv\/az\/article\/niye-direnirler\/","url":"https:\/\/www.meydan.tv\/az\/article\/niye-direnirler\/","name":"Niy\u0259 dir\u0259nirl\u0259r? - MEYDAN.TV","isPartOf":{"@id":"https:\/\/www.meydan.tv\/az\/#website"},"primaryImageOfPage":{"@id":"https:\/\/www.meydan.tv\/az\/article\/niye-direnirler\/#primaryimage"},"image":{"@id":"https:\/\/www.meydan.tv\/az\/article\/niye-direnirler\/#primaryimage"},"thumbnailUrl":"https:\/\/www.meydan.tv\/wp-content\/uploads\/image_from_ios_2_p52ittc.original.original-scaled-e1682070233838.jpg","datePublished":"2023-07-06T08:56:49+00:00","dateModified":"2023-07-06T08:56:52+00:00","breadcrumb":{"@id":"https:\/\/www.meydan.tv\/az\/article\/niye-direnirler\/#breadcrumb"},"inLanguage":"az","potentialAction":[{"@type":"ReadAction","target":["https:\/\/www.meydan.tv\/az\/article\/niye-direnirler\/"]}]},{"@type":"ImageObject","inLanguage":"az","@id":"https:\/\/www.meydan.tv\/az\/article\/niye-direnirler\/#primaryimage","url":"https:\/\/www.meydan.tv\/wp-content\/uploads\/image_from_ios_2_p52ittc.original.original-scaled-e1682070233838.jpg","contentUrl":"https:\/\/www.meydan.tv\/wp-content\/uploads\/image_from_ios_2_p52ittc.original.original-scaled-e1682070233838.jpg","width":2560,"height":1158,"caption":"Foto: Meydan TV"},{"@type":"BreadcrumbList","@id":"https:\/\/www.meydan.tv\/az\/article\/niye-direnirler\/#breadcrumb","itemListElement":[{"@type":"ListItem","position":1,"name":"Ana s\u0259hif\u0259","item":"https:\/\/www.meydan.tv\/az\/"},{"@type":"ListItem","position":2,"name":"M\u0259nim Fikrimc\u0259","item":"https:\/\/www.meydan.tv\/az\/section\/menim-fikrimce\/"},{"@type":"ListItem","position":3,"name":"Niy\u0259 dir\u0259nirl\u0259r?"}]},{"@type":"WebSite","@id":"https:\/\/www.meydan.tv\/az\/#website","url":"https:\/\/www.meydan.tv\/az\/","name":"MEYDAN.TV","description":"Meydan TV Az\u0259rbaycan\u0131n media m\u0259kan\u0131ndak\u0131 alternativ s\u0259sidir","publisher":{"@id":"https:\/\/www.meydan.tv\/az\/#organization"},"potentialAction":[{"@type":"SearchAction","target":{"@type":"EntryPoint","urlTemplate":"https:\/\/www.meydan.tv\/az\/?s={search_term_string}"},"query-input":{"@type":"PropertyValueSpecification","valueRequired":true,"valueName":"search_term_string"}}],"inLanguage":"az"},{"@type":"Organization","@id":"https:\/\/www.meydan.tv\/az\/#organization","name":"Meydan TV","url":"https:\/\/www.meydan.tv\/az\/","logo":{"@type":"ImageObject","inLanguage":"az","@id":"https:\/\/www.meydan.tv\/az\/#\/schema\/logo\/image\/","url":"https:\/\/www.meydan.tv\/wp-content\/uploads\/2021\/07\/meydan-logo.svg","contentUrl":"https:\/\/www.meydan.tv\/wp-content\/uploads\/2021\/07\/meydan-logo.svg","width":195,"height":46,"caption":"Meydan TV"},"image":{"@id":"https:\/\/www.meydan.tv\/az\/#\/schema\/logo\/image\/"}},{"@type":"Person","@id":"https:\/\/www.meydan.tv\/az\/#\/schema\/person\/9cdbecf90d17180ce1dfbd95b08dcf47","name":"elli","sameAs":["https:\/\/x.com\/elli"]}]}},"_links":{"self":[{"href":"https:\/\/www.meydan.tv\/az\/wp-json\/wp\/v2\/posts\/279184","targetHints":{"allow":["GET"]}}],"collection":[{"href":"https:\/\/www.meydan.tv\/az\/wp-json\/wp\/v2\/posts"}],"about":[{"href":"https:\/\/www.meydan.tv\/az\/wp-json\/wp\/v2\/types\/post"}],"author":[{"embeddable":true,"href":"https:\/\/www.meydan.tv\/az\/wp-json\/wp\/v2\/users\/8"}],"replies":[{"embeddable":true,"href":"https:\/\/www.meydan.tv\/az\/wp-json\/wp\/v2\/comments?post=279184"}],"version-history":[{"count":1,"href":"https:\/\/www.meydan.tv\/az\/wp-json\/wp\/v2\/posts\/279184\/revisions"}],"predecessor-version":[{"id":279185,"href":"https:\/\/www.meydan.tv\/az\/wp-json\/wp\/v2\/posts\/279184\/revisions\/279185"}],"wp:featuredmedia":[{"embeddable":true,"href":"https:\/\/www.meydan.tv\/az\/wp-json\/wp\/v2\/media\/126823"}],"wp:attachment":[{"href":"https:\/\/www.meydan.tv\/az\/wp-json\/wp\/v2\/media?parent=279184"}],"wp:term":[{"taxonomy":"category","embeddable":true,"href":"https:\/\/www.meydan.tv\/az\/wp-json\/wp\/v2\/categories?post=279184"},{"taxonomy":"post_tag","embeddable":true,"href":"https:\/\/www.meydan.tv\/az\/wp-json\/wp\/v2\/tags?post=279184"}],"curies":[{"name":"wp","href":"https:\/\/api.w.org\/{rel}","templated":true}]}}