{"id":279027,"date":"2023-07-04T22:27:54","date_gmt":"2023-07-04T18:27:54","guid":{"rendered":"https:\/\/www.meydan.tv\/?p=279027"},"modified":"2023-07-05T02:42:53","modified_gmt":"2023-07-04T22:42:53","slug":"nazim-beydemirlinin-soyudludeki-aksiyaya-gore-saxlanildigi-deyilir","status":"publish","type":"post","link":"https:\/\/www.meydan.tv\/az\/article\/nazim-beydemirlinin-soyudludeki-aksiyaya-gore-saxlanildigi-deyilir\/","title":{"rendered":"Nazim B\u0259yd\u0259mirlinin S\u00f6y\u00fcdl\u00fcd\u0259ki aksiyaya g\u00f6r\u0259 saxlan\u0131ld\u0131\u011f\u0131 deyilir (yenil\u0259nib)"},"content":{"rendered":"\n<p><strong>Daxili \u0130\u015fl\u0259r Nazirliyi is\u0259 iddia edir ki, Nazim B\u0259yd\u0259mirli \u015fantajla pul t\u0259l\u0259b etm\u0259y\u0259 g\u00f6r\u0259 \u015fikay\u0259t \u0259sas\u0131nda saxlan\u0131l\u0131b.<\/strong><\/p>\n\n\n\n<p><strong>Nazirliyin M\u0259tbuat Xidm\u0259tinin b\u00f6lm\u0259 r\u0259isi Zeyni H\u00fcseynov Meydan TV-y\u0259 bildirib ki, Nazim B\u0259yd\u0259mirli v\u0259t\u0259nda\u015f\u0131n m\u00fcraci\u0259ti \u0259sas\u0131nda ara\u015fd\u0131rmaya c\u0259lb edilib:<\/strong><\/p>\n\n\n\n<p>&#8220;<em>V\u0259t\u0259nda\u015f polis\u0259 m\u00fcraci\u0259t ed\u0259r\u0259k Nazim B\u0259yd\u0259mirlinin onun bar\u0259sind\u0259 r\u00fcsvayedici g\u00f6r\u00fcnt\u00fcl\u0259rin oldu\u011funu qeyd ed\u0259r\u0259k, ondan 50 min manat t\u0259l\u0259b etdiyini bildirib. O, iyunun 24-d\u0259 Nazim B\u0259yd\u0259mirliy\u0259 10 min manat vers\u0259 d\u0259, qalan m\u0259bl\u0259\u011fi verm\u0259diyin\u0259 g\u00f6r\u0259 o, \u015fiky\u0259t\u00e7ini ail\u0259si il\u0259 \u015fantaj ed\u0259r\u0259k, r\u00fcsvayedici g\u00f6r\u00fcnt\u00fcl\u0259ri yayaca\u011f\u0131n\u0131 bildirib. Haz\u0131rda Nazim B\u0259yd\u0259mirli bu m\u00fcraci\u0259t \u0259sas\u0131nda saxlan\u0131l\u0131b. Ara\u015fd\u0131rmalar davam etdirilir&#8221;.<\/em><\/p>\n\n\n\n<hr class=\"wp-block-separator has-alpha-channel-opacity\"\/>\n\n\n\n<p><strong><em>Sabiq deputat \u015f\u00fcbh\u0259li \u015f\u0259xs qismind\u0259 saxlan\u0131ld\u0131\u011f\u0131n\u0131 bildirib<\/em><\/strong><\/p>\n\n\n\n<p>Ke\u00e7mi\u015f deputat Nazim B\u0259yd\u0259mirlinin Daxili \u0130\u015fl\u0259r Nazirliyinin (D\u0130N) Ba\u015f M\u00fct\u0259\u015f\u0259kkil Cinay\u0259tkarl\u0131qla M\u00fcbariz\u0259 \u0130dar\u0259sind\u0259 (&#8220;bandotdel&#8221;) \u015f\u00fcbh\u0259li \u015f\u0259xs qismind\u0259 saxland\u0131\u011f\u0131 bildirilir. Bu bar\u0259d\u0259 v\u0259kil Aqil Lay\u0131c \u00f6z\u00fcn\u00fcn sosial media hesab\u0131nda m\u0259lumat yay\u0131b.<\/p>\n\n\n\n<p>V\u0259kilin s\u00f6zl\u0259rin\u0259 g\u00f6r\u0259, Nazim B\u0259yd\u0259mirli \u00f6z\u00fc onunla \u0259laq\u0259 saxlay\u0131b v\u0259 \u015f\u00fcbh\u0259li \u015f\u0259xs qismind\u0259 saxlan\u0131ld\u0131\u011f\u0131n\u0131 bildirib. Sabiq deputat deyib ki, onu G\u0259d\u0259b\u0259y rayonunun S\u00f6y\u00fcdl\u00fc k\u0259ndind\u0259 ba\u015f vermi\u015f etirazlara g\u00f6r\u0259 saxlay\u0131blar.<\/p>\n\n\n\n<p>Ba\u015fqa bir m\u0259lumatda is\u0259 Nazim B\u0259yd\u0259mirlinin s\u0259hmdar\u0131 oldu\u011fu \u015firk\u0259td\u0259n pul t\u0259l\u0259b etm\u0259 ittiham\u0131yla saxland\u0131\u011f\u0131 iddia olunur.<\/p>\n\n\n\n<p>Ke\u00e7mi\u015f deputat\u0131n saxlanmas\u0131 bar\u0259d\u0259 D\u0130N-in M\u0259tbuat Xidm\u0259tind\u0259n m\u0259lumat almaq m\u00fcmk\u00fcn olmay\u0131b.<\/p>\n\n\n\n<p>S\u00f6y\u00fcdl\u00fcd\u0259 etiraz aksiyas\u0131 ke\u00e7iril\u0259n g\u00fcn &#8211; iyunun 20-d\u0259 saxlan\u0131lan v\u0259 sonradan 20 g\u00fcn inzibati h\u0259bs c\u0259zas\u0131 veril\u0259n sakinl\u0259rin d\u0259 Bak\u0131ya &#8211; &#8220;Bandotdel&#8221;\u0259 g\u0259tirildiyi haqda Meydan TV-y\u0259 m\u0259lumat verilib:<\/p>\n\n\n\n<p>&#8220;<em>H\u0259m iyunun 20-d\u0259 inzibati h\u0259bs olunanlar, h\u0259m d\u0259 ert\u0259si g\u00fcn saxlan\u0131lanlar Bak\u0131ya g\u0259tirilib. Etirazlar\u0131n t\u0259\u015fkilind\u0259 ittiham olunan Etibar Cabbarov el\u0259 \u0259vv\u0259ld\u0259n &#8220;Bandotdel&#8221;d\u0259 saxlan\u0131l\u0131rd\u0131&#8221;<\/em>.<\/p>\n\n\n\n<p>Etibar Cabbarov Rusiya v\u0259t\u0259nda\u015fd\u0131r. Onun&nbsp; \u201cWhatsapp\u201dda S\u00f6y\u00fcdl\u00fc sakinl\u0259rind\u0259n ibar\u0259t qrup yaratd\u0131\u011f\u0131 iddia olunur. \u0130ddiaya g\u00f6r\u0259, qrupda 400 n\u0259f\u0259rd\u0259n \u00e7ox adam olub.<\/p>\n\n\n\n<p>Etibar Cabbarovun S\u00f6y\u00fcdl\u00fc etirazlar\u0131ndan bir ne\u00e7\u0259 g\u00fcn \u0259vv\u0259l Rusiyadan Az\u0259rbaycana g\u0259ldiyi bildirilir.<\/p>\n\n\n\n<p>Lakin S\u00f6y\u00fcdl\u00fc sakinl\u0259ri Meydan TV-y\u0259 deyib ki, bu hadis\u0259l\u0259rd\u0259 ad\u0131 hallanan Etibar Cabbarov v\u0259 Afiq Allahverdiyev (o da Rusiya v\u0259t\u0259nda\u015f\u0131d\u0131r) G\u0259d\u0259b\u0259y\u0259 yas m\u0259rasimind\u0259 i\u015ftirak etm\u0259k \u00fc\u00e7\u00fcn g\u0259lib. Sakinl\u0259r onu da \u0259lav\u0259 edib ki, s\u00f6z\u00fcged\u0259n \u201cWhatsapp\u201d qrupu pandemiya d\u00f6vr\u00fcnd\u0259 yarad\u0131l\u0131b.<\/p>\n\n\n\n<p>G\u0259d\u0259b\u0259yd\u0259 n\u0259 ba\u015f verib?<\/p>\n\n\n\n<p>\u0130yunun 20-d\u0259n G\u0259d\u0259b\u0259y rayonunun S\u00f6y\u00fcdl\u00fc k\u0259ndinin \u0259razisind\u0259 q\u0131z\u0131l yata\u011f\u0131n\u0131n sular\u0131ndan s\u00fcni g\u00f6l\u00fcn yarad\u0131lmas\u0131na etiraz aksiyas\u0131 ba\u015flay\u0131b.<\/p>\n\n\n\n<p>\u0130yunun 22-d\u0259 G\u0259d\u0259b\u0259yin S\u00f6y\u00fcdl\u00fc k\u0259ndin\u0259 sakinl\u0259rd\u0259n ba\u015fqa \u015f\u0259xsl\u0259rin giri\u015fi m\u0259hdudla\u015fd\u0131r\u0131l\u0131b.<\/p>\n\n\n\n<p>Daxili \u0130\u015fl\u0259r Nazirliyi (D\u0130N) s\u0259b\u0259b kimi ictimai qaydan\u0131n v\u0259 ictimai t\u0259hl\u00fck\u0259sizliyin t\u0259min edilm\u0259sini g\u00f6st\u0259rib.<\/p>\n\n\n\n<p>K\u0259ndin sakinl\u0259ri is\u0259 bildirirl\u0259r ki, \u0259sl s\u0259b\u0259b iyunun 20-21-d\u0259 etdikl\u0259ri etiraz aksiyas\u0131d\u0131r, onlar\u0131 n\u0259zar\u0259td\u0259 saxlamaq ist\u0259yirl\u0259r.<\/p>\n\n\n\n<p>S\u00f6y\u00fcdl\u00fc k\u0259ndinin sakinl\u0259ri iki g\u00fcn ard-arda evl\u0259rinin yax\u0131nl\u0131\u011f\u0131nda q\u0131z\u0131l m\u0259d\u0259nl\u0259ri \u00fc\u00e7\u00fcn ikinci s\u00fcni g\u00f6l\u00fcn sal\u0131nmas\u0131na etiraz edib.<\/p>\n\n\n\n<p>Sakinl\u0259r k\u0259ndl\u0259rind\u0259 ikinci bel\u0259 yarad\u0131lacaq su h\u00f6vz\u0259sinin kimy\u0259vi madd\u0259l\u0259rl\u0259 dolu oldu\u011funu, bunun is\u0259 sa\u011flaml\u0131\u011fa z\u0259r\u0259r vurdu\u011funu bildiribl\u0259r.<\/p>\n\n\n\n<p>Onlar\u0131n s\u00f6zl\u0259rin\u0259 g\u00f6r\u0259, bu su h\u00f6vz\u0259l\u0259ri onlar\u0131n \u0259kin v\u0259 \u00f6r\u00fc\u015f sah\u0259l\u0259rind\u0259 sal\u0131n\u0131r.<\/p>\n\n\n\n<p>Bu da \u0259kin\u0259, meyv\u0259y\u0259, a\u011faclara v\u0259 insanlar\u0131n sa\u011flaml\u0131\u011f\u0131na z\u0259r\u0259r vurur.<\/p>\n\n\n\n<p>Aksiyada k\u0259nd sakinl\u0259rind\u0259n h\u0259bs edil\u0259nl\u0259r var.<\/p>\n\n\n\n<p>S\u00f6y\u00fcdl\u00fc sakinl\u0259ri daha \u00f6nc\u0259 d\u0259 eyni \u015fikay\u0259tl\u0259rl\u0259 etiraz etmi\u015fdil\u0259r.<\/p>\n\n\n\n<p>Sakinl\u0259r bildirirl\u0259r ki, 2012-ci ild\u0259 k\u0259ndl\u0259rinin yax\u0131nl\u0131\u011f\u0131nda q\u0131z\u0131l m\u0259d\u0259ninin tullant\u0131lar\u0131ndan yaranan g\u00f6l sal\u0131n\u0131b.<\/p>\n\n\n\n<p>Onlar bundan sonra ba\u011flar\u0131nda meyv\u0259 qalmad\u0131\u011f\u0131n\u0131, ar\u0131 t\u0259s\u0259rr\u00fcfatlar\u0131n\u0131n da\u011f\u0131ld\u0131\u011f\u0131n\u0131 deyibl\u0259r.<\/p>\n\n\n\n<p>Sakinl\u0259r h\u0259m\u00e7inin g\u00f6l\u00fcn suyunun i\u00e7m\u0259li sulara qar\u0131\u015faca\u011f\u0131ndan ehtiyat edir, bunun n\u0259tic\u0259sind\u0259 yaranacaq x\u0259st\u0259likl\u0259rd\u0259n qorxurlar.<\/p>\n\n\n\n<p>Nazirl\u0259r Kabineti m\u0259s\u0259l\u0259 il\u0259 ba\u011fl\u0131 komissiya yarad\u0131ld\u0131\u011f\u0131n\u0131 deyir.<\/p>\n\n\n\n<p>Komissiya d\u00f6vl\u0259t m\u0259murlar\u0131ndan formala\u015f\u0131b, t\u0259rkibind\u0259 m\u00fcst\u0259qil ekspert yoxdur.<\/p>\n\n\n\n<p>Hakimiyy\u0259t hadis\u0259y\u0259 t\u0259xribat donu geyindirir, yerli mediada bununla ba\u011fl\u0131 eynim\u0259zmunlu materiallar d\u0259rc olunur, hadis\u0259ni i\u015f\u0131qland\u0131ran m\u00fcst\u0259qil media h\u0259d\u0259f\u0259 al\u0131n\u0131r.<\/p>\n\n\n\n<p>Nazim B\u0259yd\u0259mirli ba\u015f ver\u0259nl\u0259r\u0259 g\u00f6r\u0259 \u015firk\u0259ti t\u0259nqid etdiyi \u00fc\u00e7\u00fcn h\u00f6kum\u0259t medias\u0131 t\u0259r\u0259find\u0259n h\u0259d\u0259f\u0259 al\u0131n\u0131b.&nbsp; Buna g\u00f6r\u0259 d\u0259 o, \u201cYeni M\u00fcsavat\u201d sayt\u0131n\u0131, Az\u0259rbaycan D\u00f6vl\u0259t Televiziyas\u0131n\u0131 v\u0259 deputat Elman N\u0259sirova qar\u015f\u0131 m\u0259hk\u0259m\u0259 iddias\u0131 <a href=\"https:\/\/www.meydan.tv\/az\/article\/nazim-beydemirli-aztv-ni-yeni-musavati-deputati-mehkemeye-verdi\/\" target=\"_blank\" rel=\"noreferrer noopener\">qald\u0131r\u0131b<\/a>.<\/p>\n","protected":false},"excerpt":{"rendered":"<p>Daxili \u0130\u015fl\u0259r Nazirliyi is\u0259 iddia edir ki, Nazim B\u0259yd\u0259mirli \u015fantajla &#8230; <\/p>\n<p class=\"read-more-container\"><a title=\"Nazim B\u0259yd\u0259mirlinin S\u00f6y\u00fcdl\u00fcd\u0259ki aksiyaya g\u00f6r\u0259 saxlan\u0131ld\u0131\u011f\u0131 deyilir (yenil\u0259nib)\" class=\"read-more button\" href=\"https:\/\/www.meydan.tv\/az\/article\/nazim-beydemirlinin-soyudludeki-aksiyaya-gore-saxlanildigi-deyilir\/#more-279027\" aria-label=\"Read more about Nazim B\u0259yd\u0259mirlinin S\u00f6y\u00fcdl\u00fcd\u0259ki aksiyaya g\u00f6r\u0259 saxlan\u0131ld\u0131\u011f\u0131 deyilir (yenil\u0259nib)\">Davam\u0131<\/a><\/p>\n","protected":false},"author":8,"featured_media":99638,"comment_status":"closed","ping_status":"closed","sticky":false,"template":"","format":"standard","meta":{"_acf_changed":false,"_sitemap_exclude":false,"_sitemap_priority":"","_sitemap_frequency":"","footnotes":""},"categories":[59,79,56],"tags":[],"class_list":["post-279027","post","type-post","status-publish","format-standard","has-post-thumbnail","hentry","category-siyaset","category-featured","category-xeberler","infinite-scroll-item","generate-columns","tablet-grid-50","mobile-grid-100","grid-parent","grid-33","no-featured-image-padding"],"acf":[],"yoast_head":"<!-- This site is optimized with the Yoast SEO plugin v27.4 - https:\/\/yoast.com\/product\/yoast-seo-wordpress\/ -->\n<title>Nazim B\u0259yd\u0259mirlinin S\u00f6y\u00fcdl\u00fcd\u0259ki aksiyaya g\u00f6r\u0259 saxlan\u0131ld\u0131\u011f\u0131 deyilir (yenil\u0259nib) - MEYDAN.TV<\/title>\n<meta name=\"robots\" content=\"index, follow, max-snippet:-1, max-image-preview:large, max-video-preview:-1\" \/>\n<link rel=\"canonical\" href=\"https:\/\/www.meydan.tv\/az\/article\/nazim-beydemirlinin-soyudludeki-aksiyaya-gore-saxlanildigi-deyilir\/\" \/>\n<meta property=\"og:locale\" content=\"az_AZ\" \/>\n<meta property=\"og:type\" content=\"article\" \/>\n<meta property=\"og:title\" content=\"Nazim B\u0259yd\u0259mirlinin S\u00f6y\u00fcdl\u00fcd\u0259ki aksiyaya g\u00f6r\u0259 saxlan\u0131ld\u0131\u011f\u0131 deyilir (yenil\u0259nib) - MEYDAN.TV\" \/>\n<meta property=\"og:description\" content=\"Daxili \u0130\u015fl\u0259r Nazirliyi is\u0259 iddia edir ki, Nazim B\u0259yd\u0259mirli \u015fantajla ... Davam\u0131\" \/>\n<meta property=\"og:url\" content=\"https:\/\/www.meydan.tv\/az\/article\/nazim-beydemirlinin-soyudludeki-aksiyaya-gore-saxlanildigi-deyilir\/\" \/>\n<meta property=\"og:site_name\" content=\"MEYDAN.TV\" \/>\n<meta property=\"article:published_time\" content=\"2023-07-04T18:27:54+00:00\" \/>\n<meta property=\"article:modified_time\" content=\"2023-07-04T22:42:53+00:00\" \/>\n<meta property=\"og:image\" content=\"https:\/\/www.meydan.tv\/wp-content\/uploads\/39407-e1688495850650.jpg\" \/>\n\t<meta property=\"og:image:width\" content=\"2000\" \/>\n\t<meta property=\"og:image:height\" content=\"1085\" \/>\n\t<meta property=\"og:image:type\" content=\"image\/jpeg\" \/>\n<meta name=\"author\" content=\"elli\" \/>\n<meta name=\"twitter:card\" content=\"summary_large_image\" \/>\n<meta name=\"twitter:creator\" content=\"@elli\" \/>\n<script type=\"application\/ld+json\" class=\"yoast-schema-graph\">{\"@context\":\"https:\\\/\\\/schema.org\",\"@graph\":[{\"@type\":\"Article\",\"@id\":\"https:\\\/\\\/www.meydan.tv\\\/az\\\/article\\\/nazim-beydemirlinin-soyudludeki-aksiyaya-gore-saxlanildigi-deyilir\\\/#article\",\"isPartOf\":{\"@id\":\"https:\\\/\\\/www.meydan.tv\\\/az\\\/article\\\/nazim-beydemirlinin-soyudludeki-aksiyaya-gore-saxlanildigi-deyilir\\\/\"},\"author\":{\"name\":\"elli\",\"@id\":\"https:\\\/\\\/www.meydan.tv\\\/az\\\/#\\\/schema\\\/person\\\/9cdbecf90d17180ce1dfbd95b08dcf47\"},\"headline\":\"Nazim B\u0259yd\u0259mirlinin S\u00f6y\u00fcdl\u00fcd\u0259ki aksiyaya g\u00f6r\u0259 saxlan\u0131ld\u0131\u011f\u0131 deyilir (yenil\u0259nib)\",\"datePublished\":\"2023-07-04T18:27:54+00:00\",\"dateModified\":\"2023-07-04T22:42:53+00:00\",\"mainEntityOfPage\":{\"@id\":\"https:\\\/\\\/www.meydan.tv\\\/az\\\/article\\\/nazim-beydemirlinin-soyudludeki-aksiyaya-gore-saxlanildigi-deyilir\\\/\"},\"wordCount\":994,\"publisher\":{\"@id\":\"https:\\\/\\\/www.meydan.tv\\\/az\\\/#organization\"},\"image\":{\"@id\":\"https:\\\/\\\/www.meydan.tv\\\/az\\\/article\\\/nazim-beydemirlinin-soyudludeki-aksiyaya-gore-saxlanildigi-deyilir\\\/#primaryimage\"},\"thumbnailUrl\":\"https:\\\/\\\/www.meydan.tv\\\/wp-content\\\/uploads\\\/39407-e1688495850650.jpg\",\"articleSection\":[\"Siyas\u0259t\",\"T\u00f6vsiy\u0259\",\"X\u0259b\u0259rl\u0259r\"],\"inLanguage\":\"az\"},{\"@type\":\"WebPage\",\"@id\":\"https:\\\/\\\/www.meydan.tv\\\/az\\\/article\\\/nazim-beydemirlinin-soyudludeki-aksiyaya-gore-saxlanildigi-deyilir\\\/\",\"url\":\"https:\\\/\\\/www.meydan.tv\\\/az\\\/article\\\/nazim-beydemirlinin-soyudludeki-aksiyaya-gore-saxlanildigi-deyilir\\\/\",\"name\":\"Nazim B\u0259yd\u0259mirlinin S\u00f6y\u00fcdl\u00fcd\u0259ki aksiyaya g\u00f6r\u0259 saxlan\u0131ld\u0131\u011f\u0131 deyilir (yenil\u0259nib) - MEYDAN.TV\",\"isPartOf\":{\"@id\":\"https:\\\/\\\/www.meydan.tv\\\/az\\\/#website\"},\"primaryImageOfPage\":{\"@id\":\"https:\\\/\\\/www.meydan.tv\\\/az\\\/article\\\/nazim-beydemirlinin-soyudludeki-aksiyaya-gore-saxlanildigi-deyilir\\\/#primaryimage\"},\"image\":{\"@id\":\"https:\\\/\\\/www.meydan.tv\\\/az\\\/article\\\/nazim-beydemirlinin-soyudludeki-aksiyaya-gore-saxlanildigi-deyilir\\\/#primaryimage\"},\"thumbnailUrl\":\"https:\\\/\\\/www.meydan.tv\\\/wp-content\\\/uploads\\\/39407-e1688495850650.jpg\",\"datePublished\":\"2023-07-04T18:27:54+00:00\",\"dateModified\":\"2023-07-04T22:42:53+00:00\",\"breadcrumb\":{\"@id\":\"https:\\\/\\\/www.meydan.tv\\\/az\\\/article\\\/nazim-beydemirlinin-soyudludeki-aksiyaya-gore-saxlanildigi-deyilir\\\/#breadcrumb\"},\"inLanguage\":\"az\",\"potentialAction\":[{\"@type\":\"ReadAction\",\"target\":[\"https:\\\/\\\/www.meydan.tv\\\/az\\\/article\\\/nazim-beydemirlinin-soyudludeki-aksiyaya-gore-saxlanildigi-deyilir\\\/\"]}]},{\"@type\":\"ImageObject\",\"inLanguage\":\"az\",\"@id\":\"https:\\\/\\\/www.meydan.tv\\\/az\\\/article\\\/nazim-beydemirlinin-soyudludeki-aksiyaya-gore-saxlanildigi-deyilir\\\/#primaryimage\",\"url\":\"https:\\\/\\\/www.meydan.tv\\\/wp-content\\\/uploads\\\/39407-e1688495850650.jpg\",\"contentUrl\":\"https:\\\/\\\/www.meydan.tv\\\/wp-content\\\/uploads\\\/39407-e1688495850650.jpg\",\"width\":2000,\"height\":1085,\"caption\":\"Nazim B\u0259yd\u0259mirli, Foto: APA\"},{\"@type\":\"BreadcrumbList\",\"@id\":\"https:\\\/\\\/www.meydan.tv\\\/az\\\/article\\\/nazim-beydemirlinin-soyudludeki-aksiyaya-gore-saxlanildigi-deyilir\\\/#breadcrumb\",\"itemListElement\":[{\"@type\":\"ListItem\",\"position\":1,\"name\":\"Ana s\u0259hif\u0259\",\"item\":\"https:\\\/\\\/www.meydan.tv\\\/az\\\/\"},{\"@type\":\"ListItem\",\"position\":2,\"name\":\"Siyas\u0259t\",\"item\":\"https:\\\/\\\/www.meydan.tv\\\/az\\\/section\\\/siyaset\\\/\"},{\"@type\":\"ListItem\",\"position\":3,\"name\":\"Nazim B\u0259yd\u0259mirlinin S\u00f6y\u00fcdl\u00fcd\u0259ki aksiyaya g\u00f6r\u0259 saxlan\u0131ld\u0131\u011f\u0131 deyilir (yenil\u0259nib)\"}]},{\"@type\":\"WebSite\",\"@id\":\"https:\\\/\\\/www.meydan.tv\\\/az\\\/#website\",\"url\":\"https:\\\/\\\/www.meydan.tv\\\/az\\\/\",\"name\":\"MEYDAN.TV\",\"description\":\"Meydan TV Az\u0259rbaycan\u0131n media m\u0259kan\u0131ndak\u0131 alternativ s\u0259sidir\",\"publisher\":{\"@id\":\"https:\\\/\\\/www.meydan.tv\\\/az\\\/#organization\"},\"potentialAction\":[{\"@type\":\"SearchAction\",\"target\":{\"@type\":\"EntryPoint\",\"urlTemplate\":\"https:\\\/\\\/www.meydan.tv\\\/az\\\/?s={search_term_string}\"},\"query-input\":{\"@type\":\"PropertyValueSpecification\",\"valueRequired\":true,\"valueName\":\"search_term_string\"}}],\"inLanguage\":\"az\"},{\"@type\":\"Organization\",\"@id\":\"https:\\\/\\\/www.meydan.tv\\\/az\\\/#organization\",\"name\":\"Meydan TV\",\"url\":\"https:\\\/\\\/www.meydan.tv\\\/az\\\/\",\"logo\":{\"@type\":\"ImageObject\",\"inLanguage\":\"az\",\"@id\":\"https:\\\/\\\/www.meydan.tv\\\/az\\\/#\\\/schema\\\/logo\\\/image\\\/\",\"url\":\"https:\\\/\\\/www.meydan.tv\\\/wp-content\\\/uploads\\\/2021\\\/07\\\/meydan-logo.svg\",\"contentUrl\":\"https:\\\/\\\/www.meydan.tv\\\/wp-content\\\/uploads\\\/2021\\\/07\\\/meydan-logo.svg\",\"width\":195,\"height\":46,\"caption\":\"Meydan TV\"},\"image\":{\"@id\":\"https:\\\/\\\/www.meydan.tv\\\/az\\\/#\\\/schema\\\/logo\\\/image\\\/\"}},{\"@type\":\"Person\",\"@id\":\"https:\\\/\\\/www.meydan.tv\\\/az\\\/#\\\/schema\\\/person\\\/9cdbecf90d17180ce1dfbd95b08dcf47\",\"name\":\"elli\",\"sameAs\":[\"https:\\\/\\\/x.com\\\/elli\"]}]}<\/script>\n<!-- \/ Yoast SEO plugin. -->","yoast_head_json":{"title":"Nazim B\u0259yd\u0259mirlinin S\u00f6y\u00fcdl\u00fcd\u0259ki aksiyaya g\u00f6r\u0259 saxlan\u0131ld\u0131\u011f\u0131 deyilir (yenil\u0259nib) - MEYDAN.TV","robots":{"index":"index","follow":"follow","max-snippet":"max-snippet:-1","max-image-preview":"max-image-preview:large","max-video-preview":"max-video-preview:-1"},"canonical":"https:\/\/www.meydan.tv\/az\/article\/nazim-beydemirlinin-soyudludeki-aksiyaya-gore-saxlanildigi-deyilir\/","og_locale":"az_AZ","og_type":"article","og_title":"Nazim B\u0259yd\u0259mirlinin S\u00f6y\u00fcdl\u00fcd\u0259ki aksiyaya g\u00f6r\u0259 saxlan\u0131ld\u0131\u011f\u0131 deyilir (yenil\u0259nib) - MEYDAN.TV","og_description":"Daxili \u0130\u015fl\u0259r Nazirliyi is\u0259 iddia edir ki, Nazim B\u0259yd\u0259mirli \u015fantajla ... Davam\u0131","og_url":"https:\/\/www.meydan.tv\/az\/article\/nazim-beydemirlinin-soyudludeki-aksiyaya-gore-saxlanildigi-deyilir\/","og_site_name":"MEYDAN.TV","article_published_time":"2023-07-04T18:27:54+00:00","article_modified_time":"2023-07-04T22:42:53+00:00","og_image":[{"width":2000,"height":1085,"url":"https:\/\/www.meydan.tv\/wp-content\/uploads\/39407-e1688495850650.jpg","type":"image\/jpeg"}],"author":"elli","twitter_card":"summary_large_image","twitter_creator":"@elli","schema":{"@context":"https:\/\/schema.org","@graph":[{"@type":"Article","@id":"https:\/\/www.meydan.tv\/az\/article\/nazim-beydemirlinin-soyudludeki-aksiyaya-gore-saxlanildigi-deyilir\/#article","isPartOf":{"@id":"https:\/\/www.meydan.tv\/az\/article\/nazim-beydemirlinin-soyudludeki-aksiyaya-gore-saxlanildigi-deyilir\/"},"author":{"name":"elli","@id":"https:\/\/www.meydan.tv\/az\/#\/schema\/person\/9cdbecf90d17180ce1dfbd95b08dcf47"},"headline":"Nazim B\u0259yd\u0259mirlinin S\u00f6y\u00fcdl\u00fcd\u0259ki aksiyaya g\u00f6r\u0259 saxlan\u0131ld\u0131\u011f\u0131 deyilir (yenil\u0259nib)","datePublished":"2023-07-04T18:27:54+00:00","dateModified":"2023-07-04T22:42:53+00:00","mainEntityOfPage":{"@id":"https:\/\/www.meydan.tv\/az\/article\/nazim-beydemirlinin-soyudludeki-aksiyaya-gore-saxlanildigi-deyilir\/"},"wordCount":994,"publisher":{"@id":"https:\/\/www.meydan.tv\/az\/#organization"},"image":{"@id":"https:\/\/www.meydan.tv\/az\/article\/nazim-beydemirlinin-soyudludeki-aksiyaya-gore-saxlanildigi-deyilir\/#primaryimage"},"thumbnailUrl":"https:\/\/www.meydan.tv\/wp-content\/uploads\/39407-e1688495850650.jpg","articleSection":["Siyas\u0259t","T\u00f6vsiy\u0259","X\u0259b\u0259rl\u0259r"],"inLanguage":"az"},{"@type":"WebPage","@id":"https:\/\/www.meydan.tv\/az\/article\/nazim-beydemirlinin-soyudludeki-aksiyaya-gore-saxlanildigi-deyilir\/","url":"https:\/\/www.meydan.tv\/az\/article\/nazim-beydemirlinin-soyudludeki-aksiyaya-gore-saxlanildigi-deyilir\/","name":"Nazim B\u0259yd\u0259mirlinin S\u00f6y\u00fcdl\u00fcd\u0259ki aksiyaya g\u00f6r\u0259 saxlan\u0131ld\u0131\u011f\u0131 deyilir (yenil\u0259nib) - MEYDAN.TV","isPartOf":{"@id":"https:\/\/www.meydan.tv\/az\/#website"},"primaryImageOfPage":{"@id":"https:\/\/www.meydan.tv\/az\/article\/nazim-beydemirlinin-soyudludeki-aksiyaya-gore-saxlanildigi-deyilir\/#primaryimage"},"image":{"@id":"https:\/\/www.meydan.tv\/az\/article\/nazim-beydemirlinin-soyudludeki-aksiyaya-gore-saxlanildigi-deyilir\/#primaryimage"},"thumbnailUrl":"https:\/\/www.meydan.tv\/wp-content\/uploads\/39407-e1688495850650.jpg","datePublished":"2023-07-04T18:27:54+00:00","dateModified":"2023-07-04T22:42:53+00:00","breadcrumb":{"@id":"https:\/\/www.meydan.tv\/az\/article\/nazim-beydemirlinin-soyudludeki-aksiyaya-gore-saxlanildigi-deyilir\/#breadcrumb"},"inLanguage":"az","potentialAction":[{"@type":"ReadAction","target":["https:\/\/www.meydan.tv\/az\/article\/nazim-beydemirlinin-soyudludeki-aksiyaya-gore-saxlanildigi-deyilir\/"]}]},{"@type":"ImageObject","inLanguage":"az","@id":"https:\/\/www.meydan.tv\/az\/article\/nazim-beydemirlinin-soyudludeki-aksiyaya-gore-saxlanildigi-deyilir\/#primaryimage","url":"https:\/\/www.meydan.tv\/wp-content\/uploads\/39407-e1688495850650.jpg","contentUrl":"https:\/\/www.meydan.tv\/wp-content\/uploads\/39407-e1688495850650.jpg","width":2000,"height":1085,"caption":"Nazim B\u0259yd\u0259mirli, Foto: APA"},{"@type":"BreadcrumbList","@id":"https:\/\/www.meydan.tv\/az\/article\/nazim-beydemirlinin-soyudludeki-aksiyaya-gore-saxlanildigi-deyilir\/#breadcrumb","itemListElement":[{"@type":"ListItem","position":1,"name":"Ana s\u0259hif\u0259","item":"https:\/\/www.meydan.tv\/az\/"},{"@type":"ListItem","position":2,"name":"Siyas\u0259t","item":"https:\/\/www.meydan.tv\/az\/section\/siyaset\/"},{"@type":"ListItem","position":3,"name":"Nazim B\u0259yd\u0259mirlinin S\u00f6y\u00fcdl\u00fcd\u0259ki aksiyaya g\u00f6r\u0259 saxlan\u0131ld\u0131\u011f\u0131 deyilir (yenil\u0259nib)"}]},{"@type":"WebSite","@id":"https:\/\/www.meydan.tv\/az\/#website","url":"https:\/\/www.meydan.tv\/az\/","name":"MEYDAN.TV","description":"Meydan TV Az\u0259rbaycan\u0131n media m\u0259kan\u0131ndak\u0131 alternativ s\u0259sidir","publisher":{"@id":"https:\/\/www.meydan.tv\/az\/#organization"},"potentialAction":[{"@type":"SearchAction","target":{"@type":"EntryPoint","urlTemplate":"https:\/\/www.meydan.tv\/az\/?s={search_term_string}"},"query-input":{"@type":"PropertyValueSpecification","valueRequired":true,"valueName":"search_term_string"}}],"inLanguage":"az"},{"@type":"Organization","@id":"https:\/\/www.meydan.tv\/az\/#organization","name":"Meydan TV","url":"https:\/\/www.meydan.tv\/az\/","logo":{"@type":"ImageObject","inLanguage":"az","@id":"https:\/\/www.meydan.tv\/az\/#\/schema\/logo\/image\/","url":"https:\/\/www.meydan.tv\/wp-content\/uploads\/2021\/07\/meydan-logo.svg","contentUrl":"https:\/\/www.meydan.tv\/wp-content\/uploads\/2021\/07\/meydan-logo.svg","width":195,"height":46,"caption":"Meydan TV"},"image":{"@id":"https:\/\/www.meydan.tv\/az\/#\/schema\/logo\/image\/"}},{"@type":"Person","@id":"https:\/\/www.meydan.tv\/az\/#\/schema\/person\/9cdbecf90d17180ce1dfbd95b08dcf47","name":"elli","sameAs":["https:\/\/x.com\/elli"]}]}},"_links":{"self":[{"href":"https:\/\/www.meydan.tv\/az\/wp-json\/wp\/v2\/posts\/279027","targetHints":{"allow":["GET"]}}],"collection":[{"href":"https:\/\/www.meydan.tv\/az\/wp-json\/wp\/v2\/posts"}],"about":[{"href":"https:\/\/www.meydan.tv\/az\/wp-json\/wp\/v2\/types\/post"}],"author":[{"embeddable":true,"href":"https:\/\/www.meydan.tv\/az\/wp-json\/wp\/v2\/users\/8"}],"replies":[{"embeddable":true,"href":"https:\/\/www.meydan.tv\/az\/wp-json\/wp\/v2\/comments?post=279027"}],"version-history":[{"count":5,"href":"https:\/\/www.meydan.tv\/az\/wp-json\/wp\/v2\/posts\/279027\/revisions"}],"predecessor-version":[{"id":279046,"href":"https:\/\/www.meydan.tv\/az\/wp-json\/wp\/v2\/posts\/279027\/revisions\/279046"}],"wp:featuredmedia":[{"embeddable":true,"href":"https:\/\/www.meydan.tv\/az\/wp-json\/wp\/v2\/media\/99638"}],"wp:attachment":[{"href":"https:\/\/www.meydan.tv\/az\/wp-json\/wp\/v2\/media?parent=279027"}],"wp:term":[{"taxonomy":"category","embeddable":true,"href":"https:\/\/www.meydan.tv\/az\/wp-json\/wp\/v2\/categories?post=279027"},{"taxonomy":"post_tag","embeddable":true,"href":"https:\/\/www.meydan.tv\/az\/wp-json\/wp\/v2\/tags?post=279027"}],"curies":[{"name":"wp","href":"https:\/\/api.w.org\/{rel}","templated":true}]}}