{"id":278994,"date":"2023-07-04T15:50:06","date_gmt":"2023-07-04T11:50:06","guid":{"rendered":"https:\/\/www.meydan.tv\/?p=278994"},"modified":"2023-07-04T15:50:09","modified_gmt":"2023-07-04T11:50:09","slug":"anar-elzanin-uzvluyunu-destekledi-her-seye-qulp-qoyurlar","status":"publish","type":"post","link":"https:\/\/www.meydan.tv\/az\/article\/anar-elzanin-uzvluyunu-destekledi-her-seye-qulp-qoyurlar\/","title":{"rendered":"Anar Elzan\u0131n \u00fczvl\u00fcy\u00fcn\u00fc d\u0259st\u0259kl\u0259di: \u201cH\u0259r \u015fey\u0259 qulp qoyurlar\u201d"},"content":{"rendered":"\n<p><\/p>\n\n\n\n<p><strong><em>AYB s\u0259dri \u0259d\u0259bi ictimaiyy\u0259ti q\u0131nay\u0131b<\/em><\/strong><\/p>\n\n\n\n<p>\u018fm\u0259kdar artist, m\u00fc\u011f\u0259nni v\u0259 b\u0259st\u0259kar Elza Seyidcahan\u0131n Az\u0259rbaycan Yaz\u0131\u00e7\u0131lar Birliyinin (AYB) \u00fczvl\u00fcy\u00fcn\u0259 q\u0259bul edildiyi bildirilir.<\/p>\n\n\n\n<p>AYB s\u0259drinin birinci m\u00fcavini, Xalq yaz\u0131\u00e7\u0131s\u0131 \u00c7ingiz Abdullayev bu haqda \u201cFacebook\u201d hesab\u0131nda payla\u015f\u0131m <a href=\"https:\/\/www.facebook.com\/permalink.php?story_fbid=10227449216389465&amp;id=1034533950&amp;ref=embed_post\" target=\"_blank\" rel=\"noreferrer noopener\">edib.<\/a><\/p>\n\n\n\n<p>Sosial \u015f\u0259b\u0259k\u0259l\u0259rd\u0259 is\u0259 Elza Seyifdcahan\u0131n \u015feirl\u0259ri birm\u0259nal\u0131 qar\u015f\u0131lanm\u0131r, \u0259ks\u0259r hallarda g\u00fcl\u00fc\u015f v\u0259 t\u0259nqid obyektin\u0259 \u00e7evrilir.<\/p>\n\n\n\n<p>Bu s\u0259b\u0259bd\u0259n onun AYB-y\u0259 \u00fczvl\u00fcy\u00fc d\u0259 birm\u0259nal\u0131 qar\u015f\u0131lanmay\u0131b.<\/p>\n\n\n\n<p>Amma AYB s\u0259dri, Xalq yaz\u0131\u00e7\u0131s\u0131 Anar Elza Seyidcahan\u0131n \u00fczvl\u00fcy\u00fcn\u00fc d\u0259st\u0259kl\u0259yib.<\/p>\n\n\n\n<p><em>\u201c\u018fd\u0259bi ictimaiyy\u0259t n\u0259yi birm\u0259nal\u0131 qar\u015f\u0131lay\u0131b ki, Elza Seyidcahan\u0131n da AYB \u00fczv\u00fc olmas\u0131n\u0131 birm\u0259nal\u0131 qar\u015f\u0131las\u0131n?! H\u0259r \u015fey\u0259 m\u00fctl\u0259q qulp qoyurlar\u201d, <\/em>&#8211; dey\u0259 AYB s\u0259dri Elza Seyidcahan\u0131n \u00fczvl\u00fcy\u0259 q\u0259bulunu \u015f\u0259rh ed\u0259rk\u0259n Meydan TV-y\u0259 deyib.<\/p>\n","protected":false},"excerpt":{"rendered":"<p>AYB s\u0259dri \u0259d\u0259bi ictimaiyy\u0259ti q\u0131nay\u0131b \u018fm\u0259kdar artist, m\u00fc\u011f\u0259nni v\u0259 b\u0259st\u0259kar &#8230; <\/p>\n<p class=\"read-more-container\"><a title=\"Anar Elzan\u0131n \u00fczvl\u00fcy\u00fcn\u00fc d\u0259st\u0259kl\u0259di: \u201cH\u0259r \u015fey\u0259 qulp qoyurlar\u201d\" class=\"read-more button\" href=\"https:\/\/www.meydan.tv\/az\/article\/anar-elzanin-uzvluyunu-destekledi-her-seye-qulp-qoyurlar\/#more-278994\" aria-label=\"Read more about Anar Elzan\u0131n \u00fczvl\u00fcy\u00fcn\u00fc d\u0259st\u0259kl\u0259di: \u201cH\u0259r \u015fey\u0259 qulp qoyurlar\u201d\">Davam\u0131<\/a><\/p>\n","protected":false},"author":8,"featured_media":278991,"comment_status":"closed","ping_status":"closed","sticky":false,"template":"","format":"standard","meta":{"_acf_changed":false,"_sitemap_exclude":false,"_sitemap_priority":"","_sitemap_frequency":"","footnotes":""},"categories":[52,56],"tags":[],"class_list":["post-278994","post","type-post","status-publish","format-standard","has-post-thumbnail","hentry","category-medeniyyet","category-xeberler","infinite-scroll-item","generate-columns","tablet-grid-50","mobile-grid-100","grid-parent","grid-33","no-featured-image-padding"],"acf":[],"yoast_head":"<!-- This site is optimized with the Yoast SEO plugin v27.4 - https:\/\/yoast.com\/product\/yoast-seo-wordpress\/ -->\n<title>Anar Elzan\u0131n \u00fczvl\u00fcy\u00fcn\u00fc d\u0259st\u0259kl\u0259di: \u201cH\u0259r \u015fey\u0259 qulp qoyurlar\u201d - MEYDAN.TV<\/title>\n<meta name=\"robots\" content=\"index, follow, max-snippet:-1, max-image-preview:large, max-video-preview:-1\" \/>\n<link rel=\"canonical\" href=\"https:\/\/www.meydan.tv\/az\/article\/anar-elzanin-uzvluyunu-destekledi-her-seye-qulp-qoyurlar\/\" \/>\n<meta property=\"og:locale\" content=\"az_AZ\" \/>\n<meta property=\"og:type\" content=\"article\" \/>\n<meta property=\"og:title\" content=\"Anar Elzan\u0131n \u00fczvl\u00fcy\u00fcn\u00fc d\u0259st\u0259kl\u0259di: \u201cH\u0259r \u015fey\u0259 qulp qoyurlar\u201d - MEYDAN.TV\" \/>\n<meta property=\"og:description\" content=\"AYB s\u0259dri \u0259d\u0259bi ictimaiyy\u0259ti q\u0131nay\u0131b \u018fm\u0259kdar artist, m\u00fc\u011f\u0259nni v\u0259 b\u0259st\u0259kar ... Davam\u0131\" \/>\n<meta property=\"og:url\" content=\"https:\/\/www.meydan.tv\/az\/article\/anar-elzanin-uzvluyunu-destekledi-her-seye-qulp-qoyurlar\/\" \/>\n<meta property=\"og:site_name\" content=\"MEYDAN.TV\" \/>\n<meta property=\"article:published_time\" content=\"2023-07-04T11:50:06+00:00\" \/>\n<meta property=\"article:modified_time\" content=\"2023-07-04T11:50:09+00:00\" \/>\n<meta property=\"og:image\" content=\"https:\/\/www.meydan.tv\/wp-content\/uploads\/untitled-design-153-e1688471139190.jpg\" \/>\n\t<meta property=\"og:image:width\" content=\"1200\" \/>\n\t<meta property=\"og:image:height\" content=\"633\" \/>\n\t<meta property=\"og:image:type\" content=\"image\/jpeg\" \/>\n<meta name=\"author\" content=\"elli\" \/>\n<meta name=\"twitter:card\" content=\"summary_large_image\" \/>\n<meta name=\"twitter:creator\" content=\"@elli\" \/>\n<script type=\"application\/ld+json\" class=\"yoast-schema-graph\">{\"@context\":\"https:\\\/\\\/schema.org\",\"@graph\":[{\"@type\":\"Article\",\"@id\":\"https:\\\/\\\/www.meydan.tv\\\/az\\\/article\\\/anar-elzanin-uzvluyunu-destekledi-her-seye-qulp-qoyurlar\\\/#article\",\"isPartOf\":{\"@id\":\"https:\\\/\\\/www.meydan.tv\\\/az\\\/article\\\/anar-elzanin-uzvluyunu-destekledi-her-seye-qulp-qoyurlar\\\/\"},\"author\":{\"name\":\"elli\",\"@id\":\"https:\\\/\\\/www.meydan.tv\\\/az\\\/#\\\/schema\\\/person\\\/9cdbecf90d17180ce1dfbd95b08dcf47\"},\"headline\":\"Anar Elzan\u0131n \u00fczvl\u00fcy\u00fcn\u00fc d\u0259st\u0259kl\u0259di: \u201cH\u0259r \u015fey\u0259 qulp qoyurlar\u201d\",\"datePublished\":\"2023-07-04T11:50:06+00:00\",\"dateModified\":\"2023-07-04T11:50:09+00:00\",\"mainEntityOfPage\":{\"@id\":\"https:\\\/\\\/www.meydan.tv\\\/az\\\/article\\\/anar-elzanin-uzvluyunu-destekledi-her-seye-qulp-qoyurlar\\\/\"},\"wordCount\":180,\"publisher\":{\"@id\":\"https:\\\/\\\/www.meydan.tv\\\/az\\\/#organization\"},\"image\":{\"@id\":\"https:\\\/\\\/www.meydan.tv\\\/az\\\/article\\\/anar-elzanin-uzvluyunu-destekledi-her-seye-qulp-qoyurlar\\\/#primaryimage\"},\"thumbnailUrl\":\"https:\\\/\\\/www.meydan.tv\\\/wp-content\\\/uploads\\\/untitled-design-153-e1688471139190.jpg\",\"articleSection\":[\"M\u0259d\u0259niyy\u0259t\",\"X\u0259b\u0259rl\u0259r\"],\"inLanguage\":\"az\"},{\"@type\":\"WebPage\",\"@id\":\"https:\\\/\\\/www.meydan.tv\\\/az\\\/article\\\/anar-elzanin-uzvluyunu-destekledi-her-seye-qulp-qoyurlar\\\/\",\"url\":\"https:\\\/\\\/www.meydan.tv\\\/az\\\/article\\\/anar-elzanin-uzvluyunu-destekledi-her-seye-qulp-qoyurlar\\\/\",\"name\":\"Anar Elzan\u0131n \u00fczvl\u00fcy\u00fcn\u00fc d\u0259st\u0259kl\u0259di: \u201cH\u0259r \u015fey\u0259 qulp qoyurlar\u201d - MEYDAN.TV\",\"isPartOf\":{\"@id\":\"https:\\\/\\\/www.meydan.tv\\\/az\\\/#website\"},\"primaryImageOfPage\":{\"@id\":\"https:\\\/\\\/www.meydan.tv\\\/az\\\/article\\\/anar-elzanin-uzvluyunu-destekledi-her-seye-qulp-qoyurlar\\\/#primaryimage\"},\"image\":{\"@id\":\"https:\\\/\\\/www.meydan.tv\\\/az\\\/article\\\/anar-elzanin-uzvluyunu-destekledi-her-seye-qulp-qoyurlar\\\/#primaryimage\"},\"thumbnailUrl\":\"https:\\\/\\\/www.meydan.tv\\\/wp-content\\\/uploads\\\/untitled-design-153-e1688471139190.jpg\",\"datePublished\":\"2023-07-04T11:50:06+00:00\",\"dateModified\":\"2023-07-04T11:50:09+00:00\",\"breadcrumb\":{\"@id\":\"https:\\\/\\\/www.meydan.tv\\\/az\\\/article\\\/anar-elzanin-uzvluyunu-destekledi-her-seye-qulp-qoyurlar\\\/#breadcrumb\"},\"inLanguage\":\"az\",\"potentialAction\":[{\"@type\":\"ReadAction\",\"target\":[\"https:\\\/\\\/www.meydan.tv\\\/az\\\/article\\\/anar-elzanin-uzvluyunu-destekledi-her-seye-qulp-qoyurlar\\\/\"]}]},{\"@type\":\"ImageObject\",\"inLanguage\":\"az\",\"@id\":\"https:\\\/\\\/www.meydan.tv\\\/az\\\/article\\\/anar-elzanin-uzvluyunu-destekledi-her-seye-qulp-qoyurlar\\\/#primaryimage\",\"url\":\"https:\\\/\\\/www.meydan.tv\\\/wp-content\\\/uploads\\\/untitled-design-153-e1688471139190.jpg\",\"contentUrl\":\"https:\\\/\\\/www.meydan.tv\\\/wp-content\\\/uploads\\\/untitled-design-153-e1688471139190.jpg\",\"width\":1200,\"height\":633,\"caption\":\"Foto: \u00c7ingiz Abdullayevin \\\"Facebook\\\" s\u0259hif\u0259sind\u0259n g\u00f6t\u00fcr\u00fcl\u00fcb\"},{\"@type\":\"BreadcrumbList\",\"@id\":\"https:\\\/\\\/www.meydan.tv\\\/az\\\/article\\\/anar-elzanin-uzvluyunu-destekledi-her-seye-qulp-qoyurlar\\\/#breadcrumb\",\"itemListElement\":[{\"@type\":\"ListItem\",\"position\":1,\"name\":\"Ana s\u0259hif\u0259\",\"item\":\"https:\\\/\\\/www.meydan.tv\\\/az\\\/\"},{\"@type\":\"ListItem\",\"position\":2,\"name\":\"M\u0259d\u0259niyy\u0259t\",\"item\":\"https:\\\/\\\/www.meydan.tv\\\/az\\\/section\\\/medeniyyet\\\/\"},{\"@type\":\"ListItem\",\"position\":3,\"name\":\"Anar Elzan\u0131n \u00fczvl\u00fcy\u00fcn\u00fc d\u0259st\u0259kl\u0259di: \u201cH\u0259r \u015fey\u0259 qulp qoyurlar\u201d\"}]},{\"@type\":\"WebSite\",\"@id\":\"https:\\\/\\\/www.meydan.tv\\\/az\\\/#website\",\"url\":\"https:\\\/\\\/www.meydan.tv\\\/az\\\/\",\"name\":\"MEYDAN.TV\",\"description\":\"Meydan TV Az\u0259rbaycan\u0131n media m\u0259kan\u0131ndak\u0131 alternativ s\u0259sidir\",\"publisher\":{\"@id\":\"https:\\\/\\\/www.meydan.tv\\\/az\\\/#organization\"},\"potentialAction\":[{\"@type\":\"SearchAction\",\"target\":{\"@type\":\"EntryPoint\",\"urlTemplate\":\"https:\\\/\\\/www.meydan.tv\\\/az\\\/?s={search_term_string}\"},\"query-input\":{\"@type\":\"PropertyValueSpecification\",\"valueRequired\":true,\"valueName\":\"search_term_string\"}}],\"inLanguage\":\"az\"},{\"@type\":\"Organization\",\"@id\":\"https:\\\/\\\/www.meydan.tv\\\/az\\\/#organization\",\"name\":\"Meydan TV\",\"url\":\"https:\\\/\\\/www.meydan.tv\\\/az\\\/\",\"logo\":{\"@type\":\"ImageObject\",\"inLanguage\":\"az\",\"@id\":\"https:\\\/\\\/www.meydan.tv\\\/az\\\/#\\\/schema\\\/logo\\\/image\\\/\",\"url\":\"https:\\\/\\\/www.meydan.tv\\\/wp-content\\\/uploads\\\/2021\\\/07\\\/meydan-logo.svg\",\"contentUrl\":\"https:\\\/\\\/www.meydan.tv\\\/wp-content\\\/uploads\\\/2021\\\/07\\\/meydan-logo.svg\",\"width\":195,\"height\":46,\"caption\":\"Meydan TV\"},\"image\":{\"@id\":\"https:\\\/\\\/www.meydan.tv\\\/az\\\/#\\\/schema\\\/logo\\\/image\\\/\"}},{\"@type\":\"Person\",\"@id\":\"https:\\\/\\\/www.meydan.tv\\\/az\\\/#\\\/schema\\\/person\\\/9cdbecf90d17180ce1dfbd95b08dcf47\",\"name\":\"elli\",\"sameAs\":[\"https:\\\/\\\/x.com\\\/elli\"]}]}<\/script>\n<!-- \/ Yoast SEO plugin. -->","yoast_head_json":{"title":"Anar Elzan\u0131n \u00fczvl\u00fcy\u00fcn\u00fc d\u0259st\u0259kl\u0259di: \u201cH\u0259r \u015fey\u0259 qulp qoyurlar\u201d - MEYDAN.TV","robots":{"index":"index","follow":"follow","max-snippet":"max-snippet:-1","max-image-preview":"max-image-preview:large","max-video-preview":"max-video-preview:-1"},"canonical":"https:\/\/www.meydan.tv\/az\/article\/anar-elzanin-uzvluyunu-destekledi-her-seye-qulp-qoyurlar\/","og_locale":"az_AZ","og_type":"article","og_title":"Anar Elzan\u0131n \u00fczvl\u00fcy\u00fcn\u00fc d\u0259st\u0259kl\u0259di: \u201cH\u0259r \u015fey\u0259 qulp qoyurlar\u201d - MEYDAN.TV","og_description":"AYB s\u0259dri \u0259d\u0259bi ictimaiyy\u0259ti q\u0131nay\u0131b \u018fm\u0259kdar artist, m\u00fc\u011f\u0259nni v\u0259 b\u0259st\u0259kar ... Davam\u0131","og_url":"https:\/\/www.meydan.tv\/az\/article\/anar-elzanin-uzvluyunu-destekledi-her-seye-qulp-qoyurlar\/","og_site_name":"MEYDAN.TV","article_published_time":"2023-07-04T11:50:06+00:00","article_modified_time":"2023-07-04T11:50:09+00:00","og_image":[{"width":1200,"height":633,"url":"https:\/\/www.meydan.tv\/wp-content\/uploads\/untitled-design-153-e1688471139190.jpg","type":"image\/jpeg"}],"author":"elli","twitter_card":"summary_large_image","twitter_creator":"@elli","schema":{"@context":"https:\/\/schema.org","@graph":[{"@type":"Article","@id":"https:\/\/www.meydan.tv\/az\/article\/anar-elzanin-uzvluyunu-destekledi-her-seye-qulp-qoyurlar\/#article","isPartOf":{"@id":"https:\/\/www.meydan.tv\/az\/article\/anar-elzanin-uzvluyunu-destekledi-her-seye-qulp-qoyurlar\/"},"author":{"name":"elli","@id":"https:\/\/www.meydan.tv\/az\/#\/schema\/person\/9cdbecf90d17180ce1dfbd95b08dcf47"},"headline":"Anar Elzan\u0131n \u00fczvl\u00fcy\u00fcn\u00fc d\u0259st\u0259kl\u0259di: \u201cH\u0259r \u015fey\u0259 qulp qoyurlar\u201d","datePublished":"2023-07-04T11:50:06+00:00","dateModified":"2023-07-04T11:50:09+00:00","mainEntityOfPage":{"@id":"https:\/\/www.meydan.tv\/az\/article\/anar-elzanin-uzvluyunu-destekledi-her-seye-qulp-qoyurlar\/"},"wordCount":180,"publisher":{"@id":"https:\/\/www.meydan.tv\/az\/#organization"},"image":{"@id":"https:\/\/www.meydan.tv\/az\/article\/anar-elzanin-uzvluyunu-destekledi-her-seye-qulp-qoyurlar\/#primaryimage"},"thumbnailUrl":"https:\/\/www.meydan.tv\/wp-content\/uploads\/untitled-design-153-e1688471139190.jpg","articleSection":["M\u0259d\u0259niyy\u0259t","X\u0259b\u0259rl\u0259r"],"inLanguage":"az"},{"@type":"WebPage","@id":"https:\/\/www.meydan.tv\/az\/article\/anar-elzanin-uzvluyunu-destekledi-her-seye-qulp-qoyurlar\/","url":"https:\/\/www.meydan.tv\/az\/article\/anar-elzanin-uzvluyunu-destekledi-her-seye-qulp-qoyurlar\/","name":"Anar Elzan\u0131n \u00fczvl\u00fcy\u00fcn\u00fc d\u0259st\u0259kl\u0259di: \u201cH\u0259r \u015fey\u0259 qulp qoyurlar\u201d - MEYDAN.TV","isPartOf":{"@id":"https:\/\/www.meydan.tv\/az\/#website"},"primaryImageOfPage":{"@id":"https:\/\/www.meydan.tv\/az\/article\/anar-elzanin-uzvluyunu-destekledi-her-seye-qulp-qoyurlar\/#primaryimage"},"image":{"@id":"https:\/\/www.meydan.tv\/az\/article\/anar-elzanin-uzvluyunu-destekledi-her-seye-qulp-qoyurlar\/#primaryimage"},"thumbnailUrl":"https:\/\/www.meydan.tv\/wp-content\/uploads\/untitled-design-153-e1688471139190.jpg","datePublished":"2023-07-04T11:50:06+00:00","dateModified":"2023-07-04T11:50:09+00:00","breadcrumb":{"@id":"https:\/\/www.meydan.tv\/az\/article\/anar-elzanin-uzvluyunu-destekledi-her-seye-qulp-qoyurlar\/#breadcrumb"},"inLanguage":"az","potentialAction":[{"@type":"ReadAction","target":["https:\/\/www.meydan.tv\/az\/article\/anar-elzanin-uzvluyunu-destekledi-her-seye-qulp-qoyurlar\/"]}]},{"@type":"ImageObject","inLanguage":"az","@id":"https:\/\/www.meydan.tv\/az\/article\/anar-elzanin-uzvluyunu-destekledi-her-seye-qulp-qoyurlar\/#primaryimage","url":"https:\/\/www.meydan.tv\/wp-content\/uploads\/untitled-design-153-e1688471139190.jpg","contentUrl":"https:\/\/www.meydan.tv\/wp-content\/uploads\/untitled-design-153-e1688471139190.jpg","width":1200,"height":633,"caption":"Foto: \u00c7ingiz Abdullayevin \"Facebook\" s\u0259hif\u0259sind\u0259n g\u00f6t\u00fcr\u00fcl\u00fcb"},{"@type":"BreadcrumbList","@id":"https:\/\/www.meydan.tv\/az\/article\/anar-elzanin-uzvluyunu-destekledi-her-seye-qulp-qoyurlar\/#breadcrumb","itemListElement":[{"@type":"ListItem","position":1,"name":"Ana s\u0259hif\u0259","item":"https:\/\/www.meydan.tv\/az\/"},{"@type":"ListItem","position":2,"name":"M\u0259d\u0259niyy\u0259t","item":"https:\/\/www.meydan.tv\/az\/section\/medeniyyet\/"},{"@type":"ListItem","position":3,"name":"Anar Elzan\u0131n \u00fczvl\u00fcy\u00fcn\u00fc d\u0259st\u0259kl\u0259di: \u201cH\u0259r \u015fey\u0259 qulp qoyurlar\u201d"}]},{"@type":"WebSite","@id":"https:\/\/www.meydan.tv\/az\/#website","url":"https:\/\/www.meydan.tv\/az\/","name":"MEYDAN.TV","description":"Meydan TV Az\u0259rbaycan\u0131n media m\u0259kan\u0131ndak\u0131 alternativ s\u0259sidir","publisher":{"@id":"https:\/\/www.meydan.tv\/az\/#organization"},"potentialAction":[{"@type":"SearchAction","target":{"@type":"EntryPoint","urlTemplate":"https:\/\/www.meydan.tv\/az\/?s={search_term_string}"},"query-input":{"@type":"PropertyValueSpecification","valueRequired":true,"valueName":"search_term_string"}}],"inLanguage":"az"},{"@type":"Organization","@id":"https:\/\/www.meydan.tv\/az\/#organization","name":"Meydan TV","url":"https:\/\/www.meydan.tv\/az\/","logo":{"@type":"ImageObject","inLanguage":"az","@id":"https:\/\/www.meydan.tv\/az\/#\/schema\/logo\/image\/","url":"https:\/\/www.meydan.tv\/wp-content\/uploads\/2021\/07\/meydan-logo.svg","contentUrl":"https:\/\/www.meydan.tv\/wp-content\/uploads\/2021\/07\/meydan-logo.svg","width":195,"height":46,"caption":"Meydan TV"},"image":{"@id":"https:\/\/www.meydan.tv\/az\/#\/schema\/logo\/image\/"}},{"@type":"Person","@id":"https:\/\/www.meydan.tv\/az\/#\/schema\/person\/9cdbecf90d17180ce1dfbd95b08dcf47","name":"elli","sameAs":["https:\/\/x.com\/elli"]}]}},"_links":{"self":[{"href":"https:\/\/www.meydan.tv\/az\/wp-json\/wp\/v2\/posts\/278994","targetHints":{"allow":["GET"]}}],"collection":[{"href":"https:\/\/www.meydan.tv\/az\/wp-json\/wp\/v2\/posts"}],"about":[{"href":"https:\/\/www.meydan.tv\/az\/wp-json\/wp\/v2\/types\/post"}],"author":[{"embeddable":true,"href":"https:\/\/www.meydan.tv\/az\/wp-json\/wp\/v2\/users\/8"}],"replies":[{"embeddable":true,"href":"https:\/\/www.meydan.tv\/az\/wp-json\/wp\/v2\/comments?post=278994"}],"version-history":[{"count":3,"href":"https:\/\/www.meydan.tv\/az\/wp-json\/wp\/v2\/posts\/278994\/revisions"}],"predecessor-version":[{"id":278997,"href":"https:\/\/www.meydan.tv\/az\/wp-json\/wp\/v2\/posts\/278994\/revisions\/278997"}],"wp:featuredmedia":[{"embeddable":true,"href":"https:\/\/www.meydan.tv\/az\/wp-json\/wp\/v2\/media\/278991"}],"wp:attachment":[{"href":"https:\/\/www.meydan.tv\/az\/wp-json\/wp\/v2\/media?parent=278994"}],"wp:term":[{"taxonomy":"category","embeddable":true,"href":"https:\/\/www.meydan.tv\/az\/wp-json\/wp\/v2\/categories?post=278994"},{"taxonomy":"post_tag","embeddable":true,"href":"https:\/\/www.meydan.tv\/az\/wp-json\/wp\/v2\/tags?post=278994"}],"curies":[{"name":"wp","href":"https:\/\/api.w.org\/{rel}","templated":true}]}}