{"id":278924,"date":"2023-07-03T22:32:48","date_gmt":"2023-07-03T18:32:48","guid":{"rendered":"https:\/\/www.meydan.tv\/?p=278924"},"modified":"2023-07-03T22:32:51","modified_gmt":"2023-07-03T18:32:51","slug":"qebelede-polis-sobesinde-olum","status":"publish","type":"post","link":"https:\/\/www.meydan.tv\/az\/article\/qebelede-polis-sobesinde-olum\/","title":{"rendered":"Q\u0259b\u0259l\u0259d\u0259 polis \u015f\u00f6b\u0259sind\u0259 \u00f6l\u00fcm"},"content":{"rendered":"\n<p><\/p>\n\n\n\n<p><strong><em>D\u0130N Teymur Soltanovun \u00fcr\u0259ktutmas\u0131ndan v\u0259fat etdiyini deyir<\/em><\/strong><\/p>\n\n\n\n<p>Q\u0259b\u0259l\u0259 rayonunun Dizaxl\u0131 k\u0259nd sakini Teymur Soltanov polis \u015f\u00f6b\u0259sind\u0259 \u00f6l\u00fcb. Hadis\u0259 iyulun 3-d\u0259 ax\u015fam saat 19 rad\u0259l\u0259rind\u0259 ba\u015f verib.<\/p>\n\n\n\n<p>Q\u0259b\u0259l\u0259 Rayon Polis \u015e\u00f6b\u0259sin\u0259 T\u0259cili Tibbi Yard\u0131m \u00e7a\u011f\u0131r\u0131lsa da, h\u0259kiml\u0259r 1975-ci il t\u0259v\u0259ll\u00fcdl\u00fc Teymur Soltanovun h\u0259yat\u0131n\u0131 xilas ed\u0259 bilm\u0259yib.<\/p>\n\n\n\n<p>Daxili \u0130\u015fl\u0259r Nazirliyinin M\u0259tbuat Xidm\u0259tind\u0259n Meydan TV-y\u0259 veril\u0259n m\u0259lumatda bildirilib ki, Teymur Soltanov \u00fcr\u0259k tutmas\u0131ndan \u00f6l\u00fcb. M\u0259lumatda iddia olunur ki, o, polis \u015f\u00f6b\u0259sin\u0259 g\u0259l\u0259rk\u0259n s\u0259rxo\u015f olub:<\/p>\n\n\n\n<p><em>\u201c\u0130yulun 3-d\u0259 saat 16 rad\u0259l\u0259rind\u0259 Soltanov Teymur C\u0259f\u0259r o\u011flu atas\u0131 t\u0259r\u0259find\u0259n ona m\u0259xsus torpaq sah\u0259sinin z\u0259bt edilm\u0259sil\u0259 ba\u011fl\u0131 polis\u0259 m\u00fcraci\u0259t edib. Torpaq sah\u0259sinin z\u0259bt edilm\u0259sin\u0259 g\u00f6r\u0259 \u00f6z\u00fcn\u00fc \u00f6ld\u00fcr\u0259c\u0259yini bildir\u0259n \u015f\u0259xs rayon polis \u015f\u00f6b\u0259sin\u0259 d\u0259v\u0259t edilib. O, s\u0259rxo\u015f v\u0259ziyy\u0259td\u0259 polis \u015f\u00f6b\u0259sin\u0259 g\u0259ldikd\u0259n sonra saat 19 rad\u0259l\u0259rind\u0259 q\u0259fil hal\u0131 pisl\u0259\u015fdiyi \u00fc\u00e7\u00fcn t\u0259cili tibbi yard\u0131m \u00e7a\u011f\u0131r\u0131l\u0131b. Tibbi m\u00fcdaxil\u0259l\u0259r\u0259 baxmayaq o, \u00fcr\u0259k tutmas\u0131ndan \u00f6l\u00fcb\u201d.<\/em><\/p>\n\n\n\n<p>Teymur Soltanovun \u00f6l\u00fcm\u00fcyl\u0259 \u0259laq\u0259dar m\u0259hk\u0259m\u0259-tibb ekspertizalar\u0131 t\u0259yin edilib.<\/p>\n\n\n\n<p>Ara\u015fd\u0131rmalar davam edir.<\/p>\n","protected":false},"excerpt":{"rendered":"<p>D\u0130N Teymur Soltanovun \u00fcr\u0259ktutmas\u0131ndan v\u0259fat etdiyini deyir Q\u0259b\u0259l\u0259 rayonunun Dizaxl\u0131 &#8230; <\/p>\n<p class=\"read-more-container\"><a title=\"Q\u0259b\u0259l\u0259d\u0259 polis \u015f\u00f6b\u0259sind\u0259 \u00f6l\u00fcm\" class=\"read-more button\" href=\"https:\/\/www.meydan.tv\/az\/article\/qebelede-polis-sobesinde-olum\/#more-278924\" aria-label=\"Read more about Q\u0259b\u0259l\u0259d\u0259 polis \u015f\u00f6b\u0259sind\u0259 \u00f6l\u00fcm\">Davam\u0131<\/a><\/p>\n","protected":false},"author":8,"featured_media":278925,"comment_status":"closed","ping_status":"closed","sticky":false,"template":"","format":"standard","meta":{"_acf_changed":false,"_sitemap_exclude":false,"_sitemap_priority":"","_sitemap_frequency":"","footnotes":""},"categories":[60,56],"tags":[],"class_list":["post-278924","post","type-post","status-publish","format-standard","has-post-thumbnail","hentry","category-bolge","category-xeberler","infinite-scroll-item","generate-columns","tablet-grid-50","mobile-grid-100","grid-parent","grid-33","no-featured-image-padding"],"acf":[],"yoast_head":"<!-- This site is optimized with the Yoast SEO plugin v27.5 - https:\/\/yoast.com\/product\/yoast-seo-wordpress\/ -->\n<title>Q\u0259b\u0259l\u0259d\u0259 polis \u015f\u00f6b\u0259sind\u0259 \u00f6l\u00fcm - MEYDAN.TV<\/title>\n<meta name=\"robots\" content=\"index, follow, max-snippet:-1, max-image-preview:large, max-video-preview:-1\" \/>\n<link rel=\"canonical\" href=\"https:\/\/www.meydan.tv\/az\/article\/qebelede-polis-sobesinde-olum\/\" \/>\n<meta property=\"og:locale\" content=\"az_AZ\" \/>\n<meta property=\"og:type\" content=\"article\" \/>\n<meta property=\"og:title\" content=\"Q\u0259b\u0259l\u0259d\u0259 polis \u015f\u00f6b\u0259sind\u0259 \u00f6l\u00fcm - MEYDAN.TV\" \/>\n<meta property=\"og:description\" content=\"D\u0130N Teymur Soltanovun \u00fcr\u0259ktutmas\u0131ndan v\u0259fat etdiyini deyir Q\u0259b\u0259l\u0259 rayonunun Dizaxl\u0131 ... Davam\u0131\" \/>\n<meta property=\"og:url\" content=\"https:\/\/www.meydan.tv\/az\/article\/qebelede-polis-sobesinde-olum\/\" \/>\n<meta property=\"og:site_name\" content=\"MEYDAN.TV\" \/>\n<meta property=\"article:published_time\" content=\"2023-07-03T18:32:48+00:00\" \/>\n<meta property=\"article:modified_time\" content=\"2023-07-03T18:32:51+00:00\" \/>\n<meta property=\"og:image\" content=\"https:\/\/www.meydan.tv\/wp-content\/uploads\/untitled-design-1-99.jpg\" \/>\n\t<meta property=\"og:image:width\" content=\"1200\" \/>\n\t<meta property=\"og:image:height\" content=\"800\" \/>\n\t<meta property=\"og:image:type\" content=\"image\/jpeg\" \/>\n<meta name=\"author\" content=\"elli\" \/>\n<meta name=\"twitter:card\" content=\"summary_large_image\" \/>\n<meta name=\"twitter:creator\" content=\"@elli\" \/>\n<script type=\"application\/ld+json\" class=\"yoast-schema-graph\">{\"@context\":\"https:\\\/\\\/schema.org\",\"@graph\":[{\"@type\":\"Article\",\"@id\":\"https:\\\/\\\/www.meydan.tv\\\/az\\\/article\\\/qebelede-polis-sobesinde-olum\\\/#article\",\"isPartOf\":{\"@id\":\"https:\\\/\\\/www.meydan.tv\\\/az\\\/article\\\/qebelede-polis-sobesinde-olum\\\/\"},\"author\":{\"name\":\"elli\",\"@id\":\"https:\\\/\\\/www.meydan.tv\\\/az\\\/#\\\/schema\\\/person\\\/9cdbecf90d17180ce1dfbd95b08dcf47\"},\"headline\":\"Q\u0259b\u0259l\u0259d\u0259 polis \u015f\u00f6b\u0259sind\u0259 \u00f6l\u00fcm\",\"datePublished\":\"2023-07-03T18:32:48+00:00\",\"dateModified\":\"2023-07-03T18:32:51+00:00\",\"mainEntityOfPage\":{\"@id\":\"https:\\\/\\\/www.meydan.tv\\\/az\\\/article\\\/qebelede-polis-sobesinde-olum\\\/\"},\"wordCount\":247,\"publisher\":{\"@id\":\"https:\\\/\\\/www.meydan.tv\\\/az\\\/#organization\"},\"image\":{\"@id\":\"https:\\\/\\\/www.meydan.tv\\\/az\\\/article\\\/qebelede-polis-sobesinde-olum\\\/#primaryimage\"},\"thumbnailUrl\":\"https:\\\/\\\/www.meydan.tv\\\/wp-content\\\/uploads\\\/untitled-design-1-99.jpg\",\"articleSection\":[\"B\u00f6lg\u0259\",\"X\u0259b\u0259rl\u0259r\"],\"inLanguage\":\"az\"},{\"@type\":\"WebPage\",\"@id\":\"https:\\\/\\\/www.meydan.tv\\\/az\\\/article\\\/qebelede-polis-sobesinde-olum\\\/\",\"url\":\"https:\\\/\\\/www.meydan.tv\\\/az\\\/article\\\/qebelede-polis-sobesinde-olum\\\/\",\"name\":\"Q\u0259b\u0259l\u0259d\u0259 polis \u015f\u00f6b\u0259sind\u0259 \u00f6l\u00fcm - MEYDAN.TV\",\"isPartOf\":{\"@id\":\"https:\\\/\\\/www.meydan.tv\\\/az\\\/#website\"},\"primaryImageOfPage\":{\"@id\":\"https:\\\/\\\/www.meydan.tv\\\/az\\\/article\\\/qebelede-polis-sobesinde-olum\\\/#primaryimage\"},\"image\":{\"@id\":\"https:\\\/\\\/www.meydan.tv\\\/az\\\/article\\\/qebelede-polis-sobesinde-olum\\\/#primaryimage\"},\"thumbnailUrl\":\"https:\\\/\\\/www.meydan.tv\\\/wp-content\\\/uploads\\\/untitled-design-1-99.jpg\",\"datePublished\":\"2023-07-03T18:32:48+00:00\",\"dateModified\":\"2023-07-03T18:32:51+00:00\",\"breadcrumb\":{\"@id\":\"https:\\\/\\\/www.meydan.tv\\\/az\\\/article\\\/qebelede-polis-sobesinde-olum\\\/#breadcrumb\"},\"inLanguage\":\"az\",\"potentialAction\":[{\"@type\":\"ReadAction\",\"target\":[\"https:\\\/\\\/www.meydan.tv\\\/az\\\/article\\\/qebelede-polis-sobesinde-olum\\\/\"]}]},{\"@type\":\"ImageObject\",\"inLanguage\":\"az\",\"@id\":\"https:\\\/\\\/www.meydan.tv\\\/az\\\/article\\\/qebelede-polis-sobesinde-olum\\\/#primaryimage\",\"url\":\"https:\\\/\\\/www.meydan.tv\\\/wp-content\\\/uploads\\\/untitled-design-1-99.jpg\",\"contentUrl\":\"https:\\\/\\\/www.meydan.tv\\\/wp-content\\\/uploads\\\/untitled-design-1-99.jpg\",\"width\":1200,\"height\":800,\"caption\":\"Q\u0259b\u0259l\u0259 Rayon Polis \u015e\u00f6b\u0259si. Foto: report.az\"},{\"@type\":\"BreadcrumbList\",\"@id\":\"https:\\\/\\\/www.meydan.tv\\\/az\\\/article\\\/qebelede-polis-sobesinde-olum\\\/#breadcrumb\",\"itemListElement\":[{\"@type\":\"ListItem\",\"position\":1,\"name\":\"Ana s\u0259hif\u0259\",\"item\":\"https:\\\/\\\/www.meydan.tv\\\/az\\\/\"},{\"@type\":\"ListItem\",\"position\":2,\"name\":\"B\u00f6lg\u0259\",\"item\":\"https:\\\/\\\/www.meydan.tv\\\/az\\\/section\\\/bolge\\\/\"},{\"@type\":\"ListItem\",\"position\":3,\"name\":\"Q\u0259b\u0259l\u0259d\u0259 polis \u015f\u00f6b\u0259sind\u0259 \u00f6l\u00fcm\"}]},{\"@type\":\"WebSite\",\"@id\":\"https:\\\/\\\/www.meydan.tv\\\/az\\\/#website\",\"url\":\"https:\\\/\\\/www.meydan.tv\\\/az\\\/\",\"name\":\"MEYDAN.TV\",\"description\":\"Meydan TV Az\u0259rbaycan\u0131n media m\u0259kan\u0131ndak\u0131 alternativ s\u0259sidir\",\"publisher\":{\"@id\":\"https:\\\/\\\/www.meydan.tv\\\/az\\\/#organization\"},\"potentialAction\":[{\"@type\":\"SearchAction\",\"target\":{\"@type\":\"EntryPoint\",\"urlTemplate\":\"https:\\\/\\\/www.meydan.tv\\\/az\\\/?s={search_term_string}\"},\"query-input\":{\"@type\":\"PropertyValueSpecification\",\"valueRequired\":true,\"valueName\":\"search_term_string\"}}],\"inLanguage\":\"az\"},{\"@type\":\"Organization\",\"@id\":\"https:\\\/\\\/www.meydan.tv\\\/az\\\/#organization\",\"name\":\"Meydan TV\",\"url\":\"https:\\\/\\\/www.meydan.tv\\\/az\\\/\",\"logo\":{\"@type\":\"ImageObject\",\"inLanguage\":\"az\",\"@id\":\"https:\\\/\\\/www.meydan.tv\\\/az\\\/#\\\/schema\\\/logo\\\/image\\\/\",\"url\":\"https:\\\/\\\/www.meydan.tv\\\/wp-content\\\/uploads\\\/2021\\\/07\\\/meydan-logo.svg\",\"contentUrl\":\"https:\\\/\\\/www.meydan.tv\\\/wp-content\\\/uploads\\\/2021\\\/07\\\/meydan-logo.svg\",\"width\":195,\"height\":46,\"caption\":\"Meydan TV\"},\"image\":{\"@id\":\"https:\\\/\\\/www.meydan.tv\\\/az\\\/#\\\/schema\\\/logo\\\/image\\\/\"}},{\"@type\":\"Person\",\"@id\":\"https:\\\/\\\/www.meydan.tv\\\/az\\\/#\\\/schema\\\/person\\\/9cdbecf90d17180ce1dfbd95b08dcf47\",\"name\":\"elli\",\"sameAs\":[\"https:\\\/\\\/x.com\\\/elli\"]}]}<\/script>\n<!-- \/ Yoast SEO plugin. -->","yoast_head_json":{"title":"Q\u0259b\u0259l\u0259d\u0259 polis \u015f\u00f6b\u0259sind\u0259 \u00f6l\u00fcm - MEYDAN.TV","robots":{"index":"index","follow":"follow","max-snippet":"max-snippet:-1","max-image-preview":"max-image-preview:large","max-video-preview":"max-video-preview:-1"},"canonical":"https:\/\/www.meydan.tv\/az\/article\/qebelede-polis-sobesinde-olum\/","og_locale":"az_AZ","og_type":"article","og_title":"Q\u0259b\u0259l\u0259d\u0259 polis \u015f\u00f6b\u0259sind\u0259 \u00f6l\u00fcm - MEYDAN.TV","og_description":"D\u0130N Teymur Soltanovun \u00fcr\u0259ktutmas\u0131ndan v\u0259fat etdiyini deyir Q\u0259b\u0259l\u0259 rayonunun Dizaxl\u0131 ... Davam\u0131","og_url":"https:\/\/www.meydan.tv\/az\/article\/qebelede-polis-sobesinde-olum\/","og_site_name":"MEYDAN.TV","article_published_time":"2023-07-03T18:32:48+00:00","article_modified_time":"2023-07-03T18:32:51+00:00","og_image":[{"width":1200,"height":800,"url":"https:\/\/www.meydan.tv\/wp-content\/uploads\/untitled-design-1-99.jpg","type":"image\/jpeg"}],"author":"elli","twitter_card":"summary_large_image","twitter_creator":"@elli","schema":{"@context":"https:\/\/schema.org","@graph":[{"@type":"Article","@id":"https:\/\/www.meydan.tv\/az\/article\/qebelede-polis-sobesinde-olum\/#article","isPartOf":{"@id":"https:\/\/www.meydan.tv\/az\/article\/qebelede-polis-sobesinde-olum\/"},"author":{"name":"elli","@id":"https:\/\/www.meydan.tv\/az\/#\/schema\/person\/9cdbecf90d17180ce1dfbd95b08dcf47"},"headline":"Q\u0259b\u0259l\u0259d\u0259 polis \u015f\u00f6b\u0259sind\u0259 \u00f6l\u00fcm","datePublished":"2023-07-03T18:32:48+00:00","dateModified":"2023-07-03T18:32:51+00:00","mainEntityOfPage":{"@id":"https:\/\/www.meydan.tv\/az\/article\/qebelede-polis-sobesinde-olum\/"},"wordCount":247,"publisher":{"@id":"https:\/\/www.meydan.tv\/az\/#organization"},"image":{"@id":"https:\/\/www.meydan.tv\/az\/article\/qebelede-polis-sobesinde-olum\/#primaryimage"},"thumbnailUrl":"https:\/\/www.meydan.tv\/wp-content\/uploads\/untitled-design-1-99.jpg","articleSection":["B\u00f6lg\u0259","X\u0259b\u0259rl\u0259r"],"inLanguage":"az"},{"@type":"WebPage","@id":"https:\/\/www.meydan.tv\/az\/article\/qebelede-polis-sobesinde-olum\/","url":"https:\/\/www.meydan.tv\/az\/article\/qebelede-polis-sobesinde-olum\/","name":"Q\u0259b\u0259l\u0259d\u0259 polis \u015f\u00f6b\u0259sind\u0259 \u00f6l\u00fcm - MEYDAN.TV","isPartOf":{"@id":"https:\/\/www.meydan.tv\/az\/#website"},"primaryImageOfPage":{"@id":"https:\/\/www.meydan.tv\/az\/article\/qebelede-polis-sobesinde-olum\/#primaryimage"},"image":{"@id":"https:\/\/www.meydan.tv\/az\/article\/qebelede-polis-sobesinde-olum\/#primaryimage"},"thumbnailUrl":"https:\/\/www.meydan.tv\/wp-content\/uploads\/untitled-design-1-99.jpg","datePublished":"2023-07-03T18:32:48+00:00","dateModified":"2023-07-03T18:32:51+00:00","breadcrumb":{"@id":"https:\/\/www.meydan.tv\/az\/article\/qebelede-polis-sobesinde-olum\/#breadcrumb"},"inLanguage":"az","potentialAction":[{"@type":"ReadAction","target":["https:\/\/www.meydan.tv\/az\/article\/qebelede-polis-sobesinde-olum\/"]}]},{"@type":"ImageObject","inLanguage":"az","@id":"https:\/\/www.meydan.tv\/az\/article\/qebelede-polis-sobesinde-olum\/#primaryimage","url":"https:\/\/www.meydan.tv\/wp-content\/uploads\/untitled-design-1-99.jpg","contentUrl":"https:\/\/www.meydan.tv\/wp-content\/uploads\/untitled-design-1-99.jpg","width":1200,"height":800,"caption":"Q\u0259b\u0259l\u0259 Rayon Polis \u015e\u00f6b\u0259si. Foto: report.az"},{"@type":"BreadcrumbList","@id":"https:\/\/www.meydan.tv\/az\/article\/qebelede-polis-sobesinde-olum\/#breadcrumb","itemListElement":[{"@type":"ListItem","position":1,"name":"Ana s\u0259hif\u0259","item":"https:\/\/www.meydan.tv\/az\/"},{"@type":"ListItem","position":2,"name":"B\u00f6lg\u0259","item":"https:\/\/www.meydan.tv\/az\/section\/bolge\/"},{"@type":"ListItem","position":3,"name":"Q\u0259b\u0259l\u0259d\u0259 polis \u015f\u00f6b\u0259sind\u0259 \u00f6l\u00fcm"}]},{"@type":"WebSite","@id":"https:\/\/www.meydan.tv\/az\/#website","url":"https:\/\/www.meydan.tv\/az\/","name":"MEYDAN.TV","description":"Meydan TV Az\u0259rbaycan\u0131n media m\u0259kan\u0131ndak\u0131 alternativ s\u0259sidir","publisher":{"@id":"https:\/\/www.meydan.tv\/az\/#organization"},"potentialAction":[{"@type":"SearchAction","target":{"@type":"EntryPoint","urlTemplate":"https:\/\/www.meydan.tv\/az\/?s={search_term_string}"},"query-input":{"@type":"PropertyValueSpecification","valueRequired":true,"valueName":"search_term_string"}}],"inLanguage":"az"},{"@type":"Organization","@id":"https:\/\/www.meydan.tv\/az\/#organization","name":"Meydan TV","url":"https:\/\/www.meydan.tv\/az\/","logo":{"@type":"ImageObject","inLanguage":"az","@id":"https:\/\/www.meydan.tv\/az\/#\/schema\/logo\/image\/","url":"https:\/\/www.meydan.tv\/wp-content\/uploads\/2021\/07\/meydan-logo.svg","contentUrl":"https:\/\/www.meydan.tv\/wp-content\/uploads\/2021\/07\/meydan-logo.svg","width":195,"height":46,"caption":"Meydan TV"},"image":{"@id":"https:\/\/www.meydan.tv\/az\/#\/schema\/logo\/image\/"}},{"@type":"Person","@id":"https:\/\/www.meydan.tv\/az\/#\/schema\/person\/9cdbecf90d17180ce1dfbd95b08dcf47","name":"elli","sameAs":["https:\/\/x.com\/elli"]}]}},"_links":{"self":[{"href":"https:\/\/www.meydan.tv\/az\/wp-json\/wp\/v2\/posts\/278924","targetHints":{"allow":["GET"]}}],"collection":[{"href":"https:\/\/www.meydan.tv\/az\/wp-json\/wp\/v2\/posts"}],"about":[{"href":"https:\/\/www.meydan.tv\/az\/wp-json\/wp\/v2\/types\/post"}],"author":[{"embeddable":true,"href":"https:\/\/www.meydan.tv\/az\/wp-json\/wp\/v2\/users\/8"}],"replies":[{"embeddable":true,"href":"https:\/\/www.meydan.tv\/az\/wp-json\/wp\/v2\/comments?post=278924"}],"version-history":[{"count":1,"href":"https:\/\/www.meydan.tv\/az\/wp-json\/wp\/v2\/posts\/278924\/revisions"}],"predecessor-version":[{"id":278928,"href":"https:\/\/www.meydan.tv\/az\/wp-json\/wp\/v2\/posts\/278924\/revisions\/278928"}],"wp:featuredmedia":[{"embeddable":true,"href":"https:\/\/www.meydan.tv\/az\/wp-json\/wp\/v2\/media\/278925"}],"wp:attachment":[{"href":"https:\/\/www.meydan.tv\/az\/wp-json\/wp\/v2\/media?parent=278924"}],"wp:term":[{"taxonomy":"category","embeddable":true,"href":"https:\/\/www.meydan.tv\/az\/wp-json\/wp\/v2\/categories?post=278924"},{"taxonomy":"post_tag","embeddable":true,"href":"https:\/\/www.meydan.tv\/az\/wp-json\/wp\/v2\/tags?post=278924"}],"curies":[{"name":"wp","href":"https:\/\/api.w.org\/{rel}","templated":true}]}}