{"id":278892,"date":"2023-07-03T15:14:48","date_gmt":"2023-07-03T11:14:48","guid":{"rendered":"https:\/\/www.meydan.tv\/?p=278892"},"modified":"2023-07-03T15:14:53","modified_gmt":"2023-07-03T11:14:53","slug":"agina-bozuna-baxmadan-dindarlari-narkotik-maddelerin-qanunsuz-dovriyyesinde-ittiham-edib-cemiyyetden-tecrid-edirler","status":"publish","type":"post","link":"https:\/\/www.meydan.tv\/az\/article\/agina-bozuna-baxmadan-dindarlari-narkotik-maddelerin-qanunsuz-dovriyyesinde-ittiham-edib-cemiyyetden-tecrid-edirler\/","title":{"rendered":"\u201cA\u011f\u0131na-bozuna baxmadan dindarlar\u0131 narkotik madd\u0259l\u0259rin qanunsuz d\u00f6vriyy\u0259sind\u0259 ittiham edib, c\u0259miyy\u0259td\u0259n t\u0259crid edirl\u0259r\u201d"},"content":{"rendered":"\n<figure class=\"wp-block-embed is-type-video is-provider-youtube wp-block-embed-youtube wp-embed-aspect-16-9 wp-has-aspect-ratio\"><div class=\"wp-block-embed__wrapper\">\n<iframe title=\"&quot;Biz\u0259 casus, v\u0259t\u0259n xaini deyirl\u0259r&quot;\" width=\"1200\" height=\"675\" data-src=\"https:\/\/www.youtube.com\/embed\/I9QdY-GjTIc?feature=oembed\" frameborder=\"0\" allow=\"accelerometer; autoplay; clipboard-write; encrypted-media; gyroscope; picture-in-picture; web-share\" allowfullscreen src=\"data:image\/svg+xml;base64,PHN2ZyB3aWR0aD0iMSIgaGVpZ2h0PSIxIiB4bWxucz0iaHR0cDovL3d3dy53My5vcmcvMjAwMC9zdmciPjwvc3ZnPg==\" class=\"lazyload\" data-load-mode=\"1\"><\/iframe>\n<\/div><\/figure>\n\n\n\n<!--more-->\n\n\n\n<p><strong><em>Az\u0259rbaycan dini azadl\u0131qlar\u0131n kobud \u015f\u0259kild\u0259 pozulmas\u0131 il\u0259 ba\u011fl\u0131 X\u00fcsusi N\u0259zar\u0259t Siyah\u0131s\u0131na nec\u0259 d\u00fc\u015fd\u00fc<\/em><\/strong><\/p>\n\n\n\n<p><em>\u201cM\u0259n Az\u0259rbaycan v\u0259t\u0259nda\u015f\u0131 olmaq ist\u0259mir\u0259m. \u00c7\u00fcnki m\u0259ni v\u0259t\u0259nda\u015f kimi saym\u0131rlar, h\u00fcquqlar\u0131m\u0131 tapday\u0131rlar, \u015f\u0259r at\u0131rlar, ba\u015f\u0131ma oyun a\u00e7\u0131rlar. Biz\u0259 casus, v\u0259t\u0259n xaini deyirl\u0259r. G\u00f6r bizi n\u0259 il\u0259 su\u00e7lay\u0131rlar?\u201d<\/em><\/p>\n\n\n\n<p>Az\u0259rbaycanda bir m\u00fcdd\u0259tdir, dini inancl\u0131 \u015f\u0259xsl\u0259r k\u00fctl\u0259vi \u015f\u0259kild\u0259 h\u0259bs edilir.<\/p>\n\n\n\n<p>H\u0259bsl\u0259r \u0130ran Az\u0259rbaycan m\u00fcnasib\u0259tl\u0259rinin g\u0259rginl\u0259\u015fm\u0259si fonunda ba\u015f verir.<\/p>\n\n\n\n<p>H\u0259bs olunanlar\u0131n yax\u0131nlar\u0131n\u0131n dediyin\u0259 g\u00f6r\u0259, onlar\u0131n ham\u0131s\u0131 narkotikl\u0259 v\u0259 \u0130rana casusluqda \u015f\u0259rl\u0259nir.<\/p>\n\n\n\n<p>R\u0259na \u018fliyevan\u0131n h\u0259yat yolda\u015f\u0131 Ruslan \u018fliyev \u015fi\u0259 m\u0259zh\u0259bli m\u00fcs\u0259lmand\u0131r. Bu ilin aprelind\u0259 narkotik vasit\u0259l\u0259rin qanunsuz d\u00f6vriyy\u0259sil\u0259 \u0259laq\u0259dar saxlan\u0131lsa da, sonradan mediada \u0130ran casusu kimi t\u0259qdim olunub.<\/p>\n\n\n\n<p>R. \u018fliyevan\u0131n iddias\u0131na g\u00f6r\u0259, h\u0259yat yolda\u015f\u0131na zorla casus oldu\u011funu etiraf etdiribl\u0259r. O, sad\u0259c\u0259 inancl\u0131 oldu\u011funa g\u00f6r\u0259, h\u0259bs olunub.<\/p>\n\n\n\n<p><em>\u201c\u018fm\u0259lli-ba\u015fl\u0131 siyas\u0259t apar\u0131rlar. Daxili \u0130\u015fl\u0259r Nazirliyi bunlar\u0131 casus kimi \u00fcz\u0259 \u00e7\u0131xar\u0131r, b\u0259s narkotikl\u0259 tutmu\u015fdu? Casusun pasportu olar, ne\u00e7\u0259 c\u00fcr \u015f\u0259xsiyy\u0259t v\u0259siq\u0259si olar, casus ne\u00e7\u0259 dil bil\u0259r, savad\u0131 olar. M\u0259nim yolda\u015f\u0131m savads\u0131z adamd\u0131r. Deyirl\u0259r, v\u0259t\u0259n xainidir, xain olub n\u0259 edib? Onun v\u0259zif\u0259si yoxdur, daxili orqanlarda i\u015fl\u0259mir, n\u0259 bilir ki, gedib n\u0259 d\u0259 \u00e7atd\u0131rs\u0131n?\u201d.<\/em><\/p>\n\n\n\n<h4 class=\"wp-block-heading\"><strong>\u00abM\u0259n Daxili \u0130\u015fl\u0259r Nazirliyiy\u0259m, m\u0259n bel\u0259 q\u0259rar verir\u0259m\u00bb<\/strong><\/h4>\n\n\n\n<p>May\u0131n 16-da h\u00fcquq-m\u00fchafiz\u0259 orqanlar\u0131 birg\u0259 b\u0259yanat yay\u0131blar ki, \u0130ran x\u00fcsusi xidm\u0259t orqanlar\u0131 il\u0259 \u0259m\u0259kda\u015fl\u0131q ed\u0259n Rufulla Axundzad\u0259 v\u0259 o\u011flu \u018flm\u00fcrs\u0259l Axundzad\u0259 \u00f6lk\u0259d\u0259 silahl\u0131 i\u011fti\u015fa\u015flar t\u00f6r\u0259tm\u0259kl\u0259 \u201cK\u0259rim\u0259\u201d d\u00f6vl\u0259tinin qurulmas\u0131, v\u0259zif\u0259li \u015f\u0259xsl\u0259rin h\u0259yat\u0131na sui-q\u0259sdl\u0259rin t\u0259\u015fkil edilm\u0259si m\u0259qs\u0259dil\u0259 gizli f\u0259aliyy\u0259t plan\u0131 haz\u0131rlay\u0131blar.<\/p>\n\n\n\n<p>H\u0259min plan\u0131n bir hiss\u0259si kimi \u201cWhatsApp\u201d, \u201cTelegram\u201d-da m\u0259xfi qruplar yarad\u0131l\u0131b. Ruslan \u018fliyev d\u0259 \u201cQisas 313\u201d qrupunun \u00fczv\u00fc kimi saxlan\u0131l\u0131b.<\/p>\n\n\n\n<p>R\u0259na \u018fliyevan\u0131n s\u00f6zl\u0259rin\u0259 g\u00f6r\u0259, onun h\u0259yat yolda\u015f\u0131 piano ustas\u0131 idi. H\u0259min qrupa \u00fczv olmas\u0131nda t\u0259k m\u0259qs\u0259di dindarlar\u0131n k\u00fctl\u0259vi h\u0259bsin\u0259 etiraz etm\u0259k olub. Onun ad\u0131\u00e7\u0259kil\u0259n adamlar &#8211; Rufulla Axundzad\u0259 v\u0259 o\u011flu \u018flm\u00fcrs\u0259l Axundzad\u0259 il\u0259 \u015f\u0259xsi tan\u0131\u015fl\u0131\u011f\u0131 olmay\u0131b.<\/p>\n\n\n\n<p><em>\u201cM\u0259hk\u0259m\u0259 olmam\u0131\u015f Daxili \u0130\u015fl\u0259r Nazirliyi onu casus kimi t\u0259qdim edir. Bel\u0259 \u00e7\u0131x\u0131r ki, nazirlik deyir, biz xalq\u0131 saym\u0131r\u0131q. Onda m\u0259hk\u0259m\u0259 etm\u0259yin d\u0259. Bel\u0259 s\u0259hv buraxarlar? Bel\u0259 s\u0259hvi ona g\u00f6r\u0259 burax\u0131rlar ki, bizi saym\u0131rlar. Nazirlik deyir ki, lap s\u0259hvimi tutun, neyn\u0259y\u0259c\u0259ksiniz m\u0259n\u0259? M\u0259n Daxili \u0130\u015fl\u0259r Nazirliyiy\u0259m, m\u0259n bel\u0259 q\u0259rar verir\u0259m, m\u0259hk\u0259m\u0259 saym\u0131ram\u201d.<\/em><\/p>\n\n\n\n<p>M\u00fcst\u0259qil h\u00fcquq m\u00fcdafi\u0259\u00e7il\u0259rinin dediyin\u0259 g\u00f6r\u0259, bu g\u00fcn 500-d\u0259n \u00e7ox dindar h\u0259bsd\u0259dir. Onlardan 34-\u00fc M\u00fcs\u0259lman Birliyi H\u0259r\u0259kat\u0131n\u0131n (MBH) \u00fczvl\u0259ridir.<\/p>\n\n\n\n<p>MBH-nin \u0130dar\u0259 Hey\u0259tinin \u00fczv\u00fc&nbsp; A\u011fa-\u018fli Y\u0259hyayev dindarlar\u0131n h\u0259bsini \u0130ran-Az\u0259rbaycan m\u00fcnasib\u0259tl\u0259rinin g\u0259rginl\u0259\u015fm\u0259sil\u0259 \u0259laq\u0259l\u0259ndirir. Bunu, m\u0259hz \u015fi\u0259 m\u0259zh\u0259bli m\u00fcs\u0259lmanlara y\u00f6n\u0259lik t\u0259zyiq hesab edir.<\/p>\n\n\n\n<figure class=\"wp-block-image size-large\"><img decoding=\"async\" data-src=\"https:\/\/www.meydan.tv\/wp-content\/uploads\/\/image_from_ios_k6oinno-1200x675.jpg\" alt=\"\" src=\"data:image\/svg+xml;base64,PHN2ZyB3aWR0aD0iMSIgaGVpZ2h0PSIxIiB4bWxucz0iaHR0cDovL3d3dy53My5vcmcvMjAwMC9zdmciPjwvc3ZnPg==\" class=\"lazyload\" style=\"--smush-placeholder-width: 1200px; --smush-placeholder-aspect-ratio: 1200\/675;\" \/><\/figure>\n\n\n\n<p><em>\u201cBiz m\u00fcbariz\u0259mizi h\u00fcquqi \u00e7\u0259r\u00e7iv\u0259d\u0259 aparaca\u011f\u0131q, hal-haz\u0131rda daha \u00e7ox Beyn\u0259lxalq t\u0259\u015fkilatlar\u0131n diqq\u0259tini \u00e7\u0259km\u0259y\u0259 \u00e7al\u0131\u015f\u0131r\u0131q. Y\u00fczl\u0259rl\u0259 dindar g\u00fcnahs\u0131z olaraq ittiham olunur, ill\u0259rdir bu ittihamlar\u0131n a\u011fr\u0131-ac\u0131s\u0131n\u0131 h\u0259m \u00f6z\u00fcm\u00fcz, h\u0259m d\u0259 ail\u0259l\u0259rimiz ya\u015fay\u0131r\u201d, &#8211; <\/em>h\u0259r\u0259kat \u00fczv\u00fc bel\u0259 s\u00f6yl\u0259yir.<\/p>\n\n\n\n<h4 class=\"wp-block-heading\"><strong>\u00abO\u011flum cinsi t\u0259cav\u00fczl\u0259 t\u0259hdid olunub\u00bb<\/strong><\/h4>\n\n\n\n<p>\u00d6t\u0259n ilin dekabr\u0131nda narkotik vasit\u0259l\u0259rin qanunsuz d\u00f6vriyy\u0259sil\u0259 \u0259laq\u0259dar h\u0259bs olunan Mirtofiq H\u00fcseynov da MBH \u00fczv\u00fcd\u00fcr. Atas\u0131 Mirc\u0259lal H\u00fcseynov deyir ki, o\u011flu saxlan\u0131lmazdan \u0259vv\u0259l ona tan\u0131mad\u0131\u011f\u0131 n\u00f6mr\u0259l\u0259rd\u0259n z\u0259ng g\u0259lib, o\u011flunun dindar olub-olmamas\u0131yla ba\u011fl\u0131 suallar verilib.<\/p>\n\n\n\n<p><em>\u201cM\u0259nd\u0259n soru\u015fdular ki, Mirtofiqin atas\u0131san? Dedim, b\u0259li. S\u0259nin o\u011flun \u015fi\u0259dir? B\u0259li. Namaz q\u0131land\u0131r? B\u0259li. Bu suallardan m\u0259n art\u0131q \u015f\u00fcbh\u0259l\u0259ndim, sonra da o\u011flum yoxa \u00e7\u0131xd\u0131, sonra da tutuldu\u011fu x\u0259b\u0259rini ald\u0131m\u201d.<\/em><\/p>\n\n\n\n<p>Mirc\u0259lal H\u00fcseynov o\u011flunun saxlan\u0131lark\u0259n zorak\u0131l\u0131\u011fa m\u0259ruz qald\u0131\u011f\u0131n\u0131 iddia edir. Bildirir ki, o\u011flu cinsi t\u0259cav\u00fczl\u0259 t\u0259hdid olunub v\u0259 buna g\u00f6r\u0259 etiraf s\u0259n\u0259din\u0259 imza at\u0131b.<\/p>\n\n\n\n<p><em>\u201cO\u011flumu g\u00f6r\u0259nd\u0259 yax\u015f\u0131 deyildi, soru\u015fdum n\u0259 olub? \u018fvv\u0259lc\u0259 utand\u0131, sonra dedi ki, m\u0259ni dubinkayla, butulkayla h\u0259d\u0259l\u0259dil\u0259r, m\u0259n d\u0259 m\u0259cbur oldum, qol \u00e7\u0259kdim\u201d.<\/em><\/p>\n\n\n\n<p>Meydan TV-y\u0259 dan\u0131\u015fan Daxili \u0130\u015fl\u0259r Nazirliyinin s\u00f6z\u00e7\u00fcs\u00fc El\u015fad Hac\u0131yev atan\u0131n iddialar\u0131n\u0131 r\u0259dd edir. \u0130ddialar\u0131n m\u00fcdafi\u0259 xarakteri da\u015f\u0131d\u0131\u011f\u0131n\u0131 v\u0259 \u015f\u0259xsi m\u00fclahiz\u0259 oldu\u011funu s\u00f6yl\u0259yir.<\/p>\n\n\n\n<p><em>\u201cM\u0259nim o\u011flumun qan\u0131ndan nikotin \u00e7\u0131xsa bel\u0259, m\u0259n ona yiy\u0259 durmaram. Bunlar niy\u0259 bel\u0259 edir? Biz bu d\u00f6vl\u0259t\u0259 n\u0259 etmi\u015fik? \u00d6lk\u0259 c\u0259ng\u0259llik qayda-qanunlar\u0131yla idar\u0259 olunur. Burda konstitusion h\u00fcquqlardan s\u00f6hb\u0259t ged\u0259 bilm\u0259z. Biz, s\u00f6z yoxdur, h\u00fcquqi d\u00f6vl\u0259td\u0259 ya\u015fay\u0131r\u0131q, h\u00fcquqlar\u0131m\u0131z var, amma bizim h\u00fcquqlar\u0131m\u0131z tapdalan\u0131r, bizim h\u00fcquqlar\u0131m\u0131z m\u00fcdafi\u0259 olunmur. Biz tamam\u0259n ba\u015fl\u0131-ba\u015f\u0131na qalm\u0131\u015f\u0131q, biz\u0259 yiy\u0259 duran yoxdur\u201d,<\/em> &#8211; Mirc\u0259lal H\u00fcseynovs\u00f6yl\u0259yir.<\/p>\n\n\n\n<p>Milli M\u0259clisin \u0130ctimai birlikl\u0259r v\u0259 dini qurumlar komit\u0259sinin \u00fczv\u00fc, deputat Ceyhun M\u0259mm\u0259dov dindarlar\u0131n h\u0259bsin\u0259 m\u00fcnasib\u0259t bildirib.<\/p>\n\n\n\n<p>Deputat deyir, dini inancl\u0131lar\u0131n h\u0259bsi h\u00fcquq-m\u00fchafiz\u0259 orqanlar\u0131 t\u0259r\u0259find\u0259n s\u0131rf t\u0259hl\u00fck\u0259sizlik m\u0259qs\u0259dil\u0259 at\u0131lan add\u0131md\u0131r.<\/p>\n\n\n\n<p>Deputat bu m\u0259s\u0259l\u0259nin Milli M\u0259clisd\u0259 m\u00fczakir\u0259y\u0259 \u00e7\u0131xar\u0131lmas\u0131na is\u0259 h\u0259l\u0259lik ehtiyac duymur.<\/p>\n\n\n\n<p>AB\u015e D\u00f6vl\u0259t Departamenti may\u0131n 15-d\u0259 \u201c2022-ci ild\u0259 Beyn\u0259lxalq Din Azadl\u0131\u011f\u0131\u201d hesabat\u0131n\u0131 yay\u0131b.<\/p>\n\n\n\n<p>Hesabatda Az\u0259rbaycan T\u00fcrkiy\u0259, Misir, \u0130ndoneziya, \u0130raq, Qazax\u0131stan, Malayziya, \u015eri Lanka v\u0259 \u00d6zb\u0259kistanla birlikd\u0259 Din Azadl\u0131\u011f\u0131 Qanununa uy\u011fun olaraq dini azadl\u0131qlar\u0131n kobud \u015f\u0259kild\u0259 pozulmas\u0131 il\u0259 ba\u011fl\u0131 X\u00fcsusi N\u0259zar\u0259t Siyah\u0131s\u0131na daxil edilib.<\/p>\n\n\n\n<p>Hesabat\u0131n Az\u0259rbaycana aid hiss\u0259sind\u0259 deyilir ki, bu \u00f6lk\u0259d\u0259 dini azadl\u0131q \u015f\u0259raiti \u00fcmum\u0259n neqativdir.<\/p>\n\n\n\n<p>Qeyd olunur ki, Az\u0259rbaycanda b\u00fct\u00fcn dini f\u0259aliyy\u0259t \u00fcz\u0259rind\u0259 h\u00f6kum\u0259tin n\u0259zar\u0259ti g\u00fccl\u0259ndirilib.<\/p>\n\n\n\n<p>Hesabatda yaz\u0131l\u0131r ki, QHT-l\u0259r \u00f6t\u0259n il \u0259rzind\u0259 19 n\u0259f\u0259rin dini f\u0259aliyy\u0259tin\u0259 g\u00f6r\u0259 h\u0259bs edildiyini bildiribl\u0259r v\u0259 onlar\u0131n \u0259ks\u0259riyy\u0259ti M\u00fcs\u0259lman Birliyi H\u0259r\u0259kat\u0131n\u0131n \u00fczvl\u0259ridir.<\/p>\n\n\n\n<pre class=\"wp-block-verse\"><strong>\u201c\u0130ki d\u00f6vl\u0259t aras\u0131nda m\u00fcnasib\u0259tl\u0259r pisl\u0259\u015f\u0259nd\u0259 t\u0259qsirsiz insanlar bunun b\u0259d\u0259lini \u00f6d\u0259yir\u201d&nbsp;<\/strong><\/pre>\n\n\n\n<p>H\u0259bs olunan \u015fi\u0259 m\u0259zh\u0259bli m\u00fcs\u0259lmanlar\u0131n monitorinqini aparan h\u00fcquq m\u00fcdafi\u0259\u00e7isi R\u00fcf\u0259t S\u0259f\u0259rov deyir ki, son d\u00f6vrl\u0259r h\u00f6kum\u0259t dindarlara qar\u015f\u0131 x\u00fcsusi aqressiya, repressiya siyas\u0259ti y\u00fcr\u00fcd\u00fcr.<\/p>\n\n\n\n<p><em>\u201cA\u011f\u0131na-bozuna baxmadan dindarlar\u0131 narkotik madd\u0259l\u0259rin qanunsuz d\u00f6vriyy\u0259sind\u0259 ittiham edib, c\u0259miyy\u0259td\u0259n t\u0259crid edirl\u0259r, ona g\u00f6r\u0259 ki, onlar sosial \u015f\u0259b\u0259k\u0259l\u0259rd\u0259 \u0130ran\u0131n h\u0259rbi, m\u0259d\u0259ni, dini elitas\u0131na aid olan y\u00fcks\u0259k r\u00fctb\u0259li v\u0259zif\u0259li \u015f\u0259xsl\u0259rin fotosunu payla\u015f\u0131rlar. Ona g\u00f6r\u0259 ki, hakimiyy\u0259tin y\u00fcr\u00fctd\u00fcy\u00fc siyas\u0259tl\u0259 raz\u0131la\u015fm\u0131rlar. \u00c7ox t\u0259\u0259ss\u00fcf ki, iki d\u00f6vl\u0259t aras\u0131nda m\u00fcnasib\u0259tl\u0259r pisl\u0259\u015f\u0259nd\u0259 t\u0259qsirsiz insanlar bunun b\u0259d\u0259lini \u00f6d\u0259yir\u201d.&nbsp;<\/em><\/p>\n\n\n\n<p>R.S\u0259f\u0259rovun dediyin\u0259 g\u00f6r\u0259, \u00f6lk\u0259d\u0259 dini inancl\u0131 \u015f\u0259xsl\u0259rin m\u00fcdafi\u0259si q\u0259na\u0259tb\u0259x\u015f s\u0259viyy\u0259d\u0259 h\u0259yata ke\u00e7irilmir.<\/p>\n\n\n\n<p>C\u0259miyy\u0259t d\u0259 b\u0259zi hallarda bu t\u0259qibl\u0259r\u0259 haqq qazand\u0131r\u0131r.<\/p>\n\n\n\n<p><em>\u201cM\u0259n onu da istisna etmir\u0259m ki, Az\u0259rbaycan periferiyas\u0131nda casus \u015f\u0259b\u0259k\u0259l\u0259ri, d\u00f6vl\u0259t\u0259 x\u0259yan\u0259t meyill\u0259ri olmay\u0131b. Var, olub. Bu ill\u0259r \u0259rzind\u0259 \u0130ran\u0131n ba\u015fl\u0131ca mara\u011f\u0131 da budur ki, Az\u0259rbaycanda casus \u015f\u0259b\u0259k\u0259sini geni\u015fl\u0259ndirsin. Amma Az\u0259rbaycanda r\u0259smi k\u00fctl\u0259vi informasiya vasit\u0259l\u0259ri, hakimiyy\u0259tin n\u0259zar\u0259ti alt\u0131nda olan media qurulu\u015flar\u0131 narkotikt\u0259 ittiham olunan \u015f\u0259xsl\u0259ri \u0130ran\u0131n casusu kimi tan\u0131y\u0131rlar v\u0259 Az\u0259rbaycan c\u0259miyy\u0259tin\u0259 el\u0259 t\u0259qdim edirl\u0259r. Sual olunur, adam casusdursa, g\u00f6st\u0259rin, baxaq, qiym\u0259t ver\u0259k. Narkotacir bel\u0259 hesab olunan \u015f\u0259xsi siz niy\u0259 casus kimi t\u0259qdim etm\u0259lisiniz?\u201d<\/em><\/p>\n\n\n\n<p>H\u00fcquq\u015f\u00fcnas, \u00fcmumilikd\u0259, \u00f6lk\u0259d\u0259 dini azadl\u0131qlar\u0131n t\u0259min olunmas\u0131na m\u0259s\u0259l\u0259sin\u0259 d\u0259 m\u00fcnasib\u0259t bildirir.<\/p>\n\n\n\n<p><em>\u201cKonstitusiyan\u0131n 18-ci madd\u0259si qeyd edir ki, din d\u00f6vl\u0259td\u0259n ayr\u0131d\u0131r. He\u00e7 \u015f\u00fcbh\u0259siz ki, biz h\u0259r zaman d\u00fcny\u0259vi d\u00f6vl\u0259t modelini t\u0259\u015fviq etmi\u015fik. Amma bu g\u00fcn g\u00f6r\u00fcr\u00fck ki, d\u00f6vl\u0259tin siyasi, h\u00fcquqi sif\u0259tl\u0259ri m\u0259rk\u0259zi icra hakimiyy\u0259ti orqanlar\u0131 din\u0259 m\u00fcdaxil\u0259 edir. \u0130cmalara, 0m\u0259scidl\u0259r\u0259, imamlar\u0131n, axundlar\u0131n t\u0259yinat\u0131 Dini \u0130\u015fl\u0259r \u00dczr\u0259 D\u00f6vl\u0259t Komit\u0259si t\u0259r\u0259find\u0259n h\u0259yata ke\u00e7irilir. Biz bu t\u0259cr\u00fcb\u0259y\u0259 bax\u0131b, nec\u0259 dey\u0259 bil\u0259rik ki, d\u00f6vl\u0259t din\u0259 m\u00fcdaxil\u0259 etmir?\u201d<\/em><\/p>\n\n\n\n<p>Bu, Az\u0259rbaycanda dindarlar\u0131n ilk k\u00fctl\u0259vi h\u0259bsi deyil, \u201cNardaran i\u015fi\u201d, \u201cG\u0259nc\u0259 i\u015fi\u201d d\u0259 var.<\/p>\n\n\n\n<h4 class=\"wp-block-heading\"><strong>\u201cNardaran i\u015fi\u201d<\/strong><\/h4>\n\n\n\n<p>2015-ci il noyabr\u0131n 26-da \u0259halisinin \u0259ks\u0259riyy\u0259ti dindarlardan ibar\u0259t olan Nardaranda h\u00fcquq-m\u00fchafiz\u0259 orqanlar\u0131 \u0259m\u0259liyyat ke\u00e7irmi\u015fdi.<\/p>\n\n\n\n<p>Hadis\u0259 \u015fahidl\u0259rinin dediyin\u0259 g\u00f6r\u0259, namaz vaxt\u0131 M\u00fcs\u0259lman Birliyi H\u0259r\u0259kat\u0131n\u0131n s\u0259dri Hac\u0131 Taleh Ba\u011f\u0131rzad\u0259nin oldu\u011fu ev\u0259 \u201cqaramaskal\u0131lar\u201d h\u00fccum \u00e7\u0259kmi\u015fdi. 2 polis, 4 sakin h\u0259lak olmu\u015f, 60-dan \u00e7ox \u015f\u0259xs saxlan\u0131lm\u0131\u015fd\u0131.<\/p>\n\n\n\n<figure class=\"wp-block-image size-large\"><img decoding=\"async\" data-src=\"https:\/\/www.meydan.tv\/wp-content\/uploads\/\/30101-e1654443565662-1200x563.jpg\" alt=\"\" src=\"data:image\/svg+xml;base64,PHN2ZyB3aWR0aD0iMSIgaGVpZ2h0PSIxIiB4bWxucz0iaHR0cDovL3d3dy53My5vcmcvMjAwMC9zdmciPjwvc3ZnPg==\" class=\"lazyload\" style=\"--smush-placeholder-width: 1200px; --smush-placeholder-aspect-ratio: 1200\/563;\" \/><figcaption class=\"wp-element-caption\">Taleh Ba\u011f\u0131rzad\u0259. Meydan TV-nin ill\u00fcstrasiyas\u0131  <\/figcaption><\/figure>\n\n\n\n<p>H\u00fcquq-m\u00fchafiz\u0259 orqanlar\u0131 birg\u0259 b\u0259yanat yaym\u0131\u015fd\u0131lar ki, h\u0259min evd\u0259n xeyli sayda silah-sursat g\u00f6t\u00fcr\u00fcl\u00fcb, lakin ortada \u0259m\u0259liyyat \u00e7\u0259kili\u015fi yox idi.<\/p>\n\n\n\n<p>\u018fm\u0259liyyat zaman\u0131 h\u0259bs edil\u0259nl\u0259rin \u0259ks\u0259riyy\u0259ti onlara i\u015fg\u0259nc\u0259 veril\u0259r\u0259k haz\u0131r m\u0259tnl\u0259r\u0259 qol \u00e7\u0259kdirdikl\u0259rini iddia edirdil\u0259r.<\/p>\n\n\n\n<p>T\u0259qsirl\u0259ndiril\u0259n \u015f\u0259xsl\u0259rd\u0259n b\u0259zil\u0259rin\u0259 v\u0259killik ed\u0259n Fariz Namazl\u0131 indiy\u0259d\u0259k \u0259n a\u011f\u0131r i\u015fg\u0259nc\u0259l\u0259ri m\u0259hz \u201cNardaran i\u015fi\u201dnd\u0259 g\u00f6rd\u00fcy\u00fcn\u00fc deyirdi.<\/p>\n\n\n\n<p>O h\u0259m\u00e7inin Hac\u0131 Taleh Ba\u011f\u0131rzad\u0259nin m\u0259hz hakimiyy\u0259ti t\u0259nqid ed\u0259n \u00e7\u0131x\u0131\u015flar\u0131na g\u00f6r\u0259, h\u0259bs olundu\u011funu s\u00f6yl\u0259yirdi.<\/p>\n\n\n\n<p>T.Ba\u011f\u0131rzad\u0259 beyn\u0259lxalq t\u0259\u015fkilatlar t\u0259r\u0259find\u0259n \u201cvicdan m\u0259hbusu\u201d kimi tan\u0131n\u0131r.<\/p>\n\n\n\n<p>Amma h\u0259bsl\u0259r bununla da&nbsp; yekunla\u015fmam\u0131\u015fd\u0131. Noyabr\u0131n 26-dan sonra da Bak\u0131da v\u0259 regionlarda MBH \u00fczvl\u0259rinin, dig\u0259r dindarlar\u0131n h\u0259bsi davam etdi.<\/p>\n\n\n\n<h4 class=\"wp-block-heading\"><strong>\u201cG\u0259nc\u0259 i\u015fi\u201d<\/strong><\/h4>\n\n\n\n<p>2018-ci il iyulun 3-d\u0259 G\u0259nc\u0259 \u015e\u0259h\u0259r \u0130cra Hakimiyy\u0259tinin sabiq ba\u015f\u00e7\u0131s\u0131 Elmar V\u0259liyev\u0259&nbsp; v\u0259 bir polis serjant\u0131na silahl\u0131 sui-q\u0259sd olmu\u015fdu. Sui-q\u0259sdi t\u00f6r\u0259tdiyi bildiril\u0259n Yunis S\u0259f\u0259rov h\u0259bs edilmi\u015fdi. H\u00fcquq-m\u00fchafiz\u0259 qurumlar\u0131 iddia edirdi ki, bu, terror \u0259m\u0259lidir v\u0259 Y.S\u0259f\u0259rovun \u0259sas m\u0259qs\u0259di Az\u0259rbaycanda \u015f\u0259ri\u0259t qanunlar\u0131 il\u0259 idar\u0259 olunan islam d\u00f6vl\u0259ti qurmaq olub.<\/p>\n\n\n\n<p>Bir q\u0259d\u0259r sonra &#8211; iyulun 10-da G\u0259nc\u0259d\u0259 i\u011fti\u015fa\u015flar ba\u015flam\u0131\u015fd\u0131. R\u0259smi m\u0259lumatlarda deyilirdi ki, h\u0259min g\u00fcn G\u0259nc\u0259d\u0259 150-200 n\u0259f\u0259rlik radikal dini qrup aksiya ke\u00e7irm\u0259k ist\u0259yib.&nbsp;<\/p>\n\n\n\n<p>\u00dcmumilikd\u0259 bu olaylarla ba\u011fl\u0131 70-d\u0259n \u00e7ox \u015f\u0259xsin h\u0259bs edildiyi a\u00e7\u0131qlanm\u0131\u015fd\u0131.<\/p>\n\n\n\n<figure class=\"wp-block-image size-large\"><img decoding=\"async\" data-src=\"https:\/\/www.meydan.tv\/wp-content\/uploads\/yunis_lsulisd.jpg\" alt=\"\" src=\"data:image\/svg+xml;base64,PHN2ZyB3aWR0aD0iMSIgaGVpZ2h0PSIxIiB4bWxucz0iaHR0cDovL3d3dy53My5vcmcvMjAwMC9zdmciPjwvc3ZnPg==\" class=\"lazyload\" style=\"--smush-placeholder-width: 1066px; --smush-placeholder-aspect-ratio: 1066\/600;\" \/><figcaption class=\"wp-element-caption\">Yunis S\u0259f\u0259rov. Meydan TV-nin ill\u00fcstrasiyas\u0131 <\/figcaption><\/figure>\n\n\n\n<p>&#8220;G\u0259nc\u0259 i\u015fi&#8221;nd\u0259 t\u0259qsirl\u0259ndiril\u0259nl\u0259rin valideynl\u0259ri \u00f6vladlar\u0131n\u0131n g\u00fcnahs\u0131z oldu\u011funu, haqs\u0131z yer\u0259 h\u0259bs olunduqlar\u0131n\u0131 deyirl\u0259r.<\/p>\n\n\n\n<p>B\u0259zi h\u00fcquq m\u00fcdafi\u0259\u00e7il\u0259ri \u201cG\u0259nc\u0259 i\u015fi\u201dnd\u0259 ciddi qanun pozuntular\u0131n\u0131n oldu\u011funu d\u00fc\u015f\u00fcn\u00fcrl\u0259r.<\/p>\n\n\n\n<p>Bu hadis\u0259l\u0259rl\u0259 ba\u011fl\u0131 ara\u015fd\u0131rma aparan h\u00fcquq m\u00fcdafi\u0259\u00e7isi Oqtay G\u00fclal\u0131yev G\u0259nc\u0259 hadis\u0259l\u0259rinin siyasi oldu\u011funu v\u0259 siyasi motivli h\u0259bsl\u0259r apar\u0131ld\u0131\u011f\u0131n\u0131 vur\u011fulam\u0131\u015fd\u0131.<\/p>\n\n\n\n<h4 class=\"wp-block-heading\"><strong>Az\u0259rbaycanla \u0130ran aras\u0131nda m\u00fcnasib\u0259tl\u0259rin g\u0259rginl\u0259\u015fm\u0259si<\/strong><\/h4>\n\n\n\n<p>Az\u0259rbaycanda dini inancl\u0131lar\u0131n sonuncu k\u00fctl\u0259vi h\u0259bsi yanvar ay\u0131ndan \u2013 Az\u0259rbaycan\u0131n \u0130randak\u0131 s\u0259firliyin\u0259 silahl\u0131 h\u00fccumdan sonra ba\u015flad\u0131.<\/p>\n\n\n\n<p>Bel\u0259 ki, yanvar\u0131n 27-d\u0259 Az\u0259rbaycan\u0131n \u0130randak\u0131 S\u0259firliyin\u0259 silahl\u0131 h\u00fccum olub. S\u0259firliyin m\u00fchafiz\u0259 xidm\u0259tinin r\u0259isi q\u0259tl\u0259 yetirilib, iki n\u0259f\u0259r m\u00fchafiz\u0259 \u0259m\u0259kda\u015f\u0131 da h\u00fccumun qar\u015f\u0131s\u0131n\u0131 alark\u0259n yaralan\u0131b.<\/p>\n\n\n\n<p>Az\u0259rbaycan prezidenti terror akt\u0131n\u0131n tezlikl\u0259 ara\u015fd\u0131r\u0131lmas\u0131n\u0131 v\u0259 terror\u00e7ular\u0131n tezlikl\u0259 c\u0259zaland\u0131r\u0131lmas\u0131n\u0131 t\u0259l\u0259b edib.<\/p>\n\n\n\n<p>Az\u0259rbaycan D\u00f6vl\u0259t T\u0259hl\u00fck\u0259sizliyi Xidm\u0259ti d\u0259 Az\u0259rbaycan\u0131n \u0130randak\u0131 s\u0259firliyin\u0259 qar\u015f\u0131 t\u00f6r\u0259dil\u0259n terror akt\u0131 il\u0259 ba\u011fl\u0131 cinay\u0259t i\u015fi ba\u015flan\u0131ld\u0131\u011f\u0131n\u0131 bildirib.<\/p>\n\n\n\n<p>Bu hadis\u0259d\u0259n sonra Daxili \u0130\u015fl\u0259r Nazirliyi 45-d\u0259n art\u0131q \u201c\u0130ran casusu\u201dnun saxland\u0131\u011f\u0131n\u0131 a\u00e7\u0131qlad\u0131, amma bu \u0259m\u0259liyyat\u0131n detallar\u0131 haqda \u0259trafl\u0131 he\u00e7 bir m\u0259lumat verilm\u0259di. Saxlan\u0131lanlar\u0131n yax\u0131nlar\u0131, v\u0259kill\u0259rinin s\u00f6zl\u0259rind\u0259n m\u0259lum oldu ki, onlar narkotik ittiham\u0131yla h\u0259bs edilib.<\/p>\n\n\n\n<p>Bu il, fevral\u0131n 1-d\u0259 Daxili \u0130\u015fl\u0259r Nazirliyi (D\u0130N) polis \u0259m\u0259kda\u015flar\u0131n\u0131n x\u00fcsusi \u0259m\u0259liyyat ke\u00e7irdiyini b\u0259yan etdi. M\u0259lumatda deyilirdi ki, x\u00fcsusi \u0259m\u0259liyyat t\u0259dbirl\u0259ri n\u0259tic\u0259sind\u0259 Az\u0259rbaycanda \u201cdin p\u0259rd\u0259si\u201d alt\u0131nda t\u0259xribat v\u0259 pozuculuq \u0259m\u0259ll\u0259rini h\u0259yata ke\u00e7ir\u0259n 39 n\u0259f\u0259r m\u00fc\u0259yy\u0259n edil\u0259r\u0259k saxlan\u0131l\u0131b. Lakin saxlan\u0131lan \u015f\u0259xsl\u0259rin kimliyi, h\u0259m\u00e7inin onlar\u0131n hans\u0131 madd\u0259l\u0259rl\u0259 ittiham olunmas\u0131 bar\u0259d\u0259 ictimaiyy\u0259t\u0259 m\u0259lumat verilm\u0259di.<\/p>\n\n\n\n<p>Mart\u0131n 12-d\u0259 D\u00f6vl\u0259t T\u0259hl\u00fck\u0259sizliyi Xidm\u0259ti, D\u0130N v\u0259 Ba\u015f Prokurorluq t\u0259r\u0259find\u0259n inancl\u0131 \u015f\u0259xsl\u0259r\u0259 qar\u015f\u0131 ilk \u0259m\u0259liyyat ke\u00e7irildiyi haqda r\u0259smi a\u00e7\u0131qlama yay\u0131ld\u0131. H\u0259min g\u00fcn 32 n\u0259f\u0259r saxlan\u0131ld\u0131\u011f\u0131 bar\u0259d\u0259 ictimaiyy\u0259t\u0259 m\u0259lumat verildi.<\/p>\n\n\n\n<p>Onlar\u0131n casusluqdan narkotik vasit\u0259l\u0259rin d\u00f6vriyy\u0259sin\u0259 q\u0259d\u0259r m\u00fcxt\u0259lif madd\u0259l\u0259rl\u0259 ittiham olundu\u011fu bildirils\u0259 d\u0259, detallar indiy\u0259d\u0259k m\u0259lum deyil.<\/p>\n\n\n\n<p>H\u0259bs olunan dindarlar\u0131n yax\u0131nlar\u0131 m\u00fcbariz\u0259l\u0259rini sonad\u0259k davam etdir\u0259c\u0259kl\u0259rini s\u00f6yl\u0259yirl\u0259r.&nbsp; Amma bir yandan da \u0259dal\u0259tli m\u0259hk\u0259m\u0259 sisteminin olmad\u0131\u011f\u0131n\u0131 deyirl\u0259r, ona g\u00f6r\u0259 bir az \u00fcmidsizdirl\u0259r. Ayr\u0131-ayr\u0131 vaxtlarda aksiyalar ke\u00e7irir, qanunsuz h\u0259bsl\u0259r\u0259 etirazlar\u0131n\u0131 bildirirl\u0259r.<\/p>\n\n\n\n<p><strong><em>\u201cMedia\u015f\u0259b\u0259k\u0259\u201dnin d\u0259st\u0259yi il\u0259<\/em><\/strong><\/p>\n","protected":false},"excerpt":{"rendered":"","protected":false},"author":16,"featured_media":209565,"comment_status":"closed","ping_status":"closed","sticky":false,"template":"","format":"standard","meta":{"_acf_changed":false,"_sitemap_exclude":false,"_sitemap_priority":"","_sitemap_frequency":"","footnotes":""},"categories":[59,63],"tags":[],"class_list":["post-278892","post","type-post","status-publish","format-standard","has-post-thumbnail","hentry","category-siyaset","category-video-2","infinite-scroll-item","generate-columns","tablet-grid-50","mobile-grid-100","grid-parent","grid-33","no-featured-image-padding"],"acf":[],"yoast_head":"<!-- This site is optimized with the Yoast SEO plugin v27.4 - https:\/\/yoast.com\/product\/yoast-seo-wordpress\/ -->\n<title>\u201cA\u011f\u0131na-bozuna baxmadan dindarlar\u0131 narkotik madd\u0259l\u0259rin qanunsuz d\u00f6vriyy\u0259sind\u0259 ittiham edib, c\u0259miyy\u0259td\u0259n t\u0259crid edirl\u0259r\u201d - MEYDAN.TV<\/title>\n<meta name=\"robots\" content=\"index, follow, max-snippet:-1, max-image-preview:large, max-video-preview:-1\" \/>\n<link rel=\"canonical\" href=\"https:\/\/www.meydan.tv\/az\/article\/agina-bozuna-baxmadan-dindarlari-narkotik-maddelerin-qanunsuz-dovriyyesinde-ittiham-edib-cemiyyetden-tecrid-edirler\/\" \/>\n<meta property=\"og:locale\" content=\"az_AZ\" \/>\n<meta property=\"og:type\" content=\"article\" \/>\n<meta property=\"og:title\" content=\"\u201cA\u011f\u0131na-bozuna baxmadan dindarlar\u0131 narkotik madd\u0259l\u0259rin qanunsuz d\u00f6vriyy\u0259sind\u0259 ittiham edib, c\u0259miyy\u0259td\u0259n t\u0259crid edirl\u0259r\u201d - MEYDAN.TV\" \/>\n<meta property=\"og:url\" content=\"https:\/\/www.meydan.tv\/az\/article\/agina-bozuna-baxmadan-dindarlari-narkotik-maddelerin-qanunsuz-dovriyyesinde-ittiham-edib-cemiyyetden-tecrid-edirler\/\" \/>\n<meta property=\"og:site_name\" content=\"MEYDAN.TV\" \/>\n<meta property=\"article:published_time\" content=\"2023-07-03T11:14:48+00:00\" \/>\n<meta property=\"article:modified_time\" content=\"2023-07-03T11:14:53+00:00\" \/>\n<meta property=\"og:image\" content=\"https:\/\/www.meydan.tv\/wp-content\/uploads\/image_from_ios_k6oinno-scaled.jpg\" \/>\n\t<meta property=\"og:image:width\" content=\"2560\" \/>\n\t<meta property=\"og:image:height\" content=\"1440\" \/>\n\t<meta property=\"og:image:type\" content=\"image\/jpeg\" \/>\n<meta name=\"author\" content=\"sevda\" \/>\n<meta name=\"twitter:card\" content=\"summary_large_image\" \/>\n<script type=\"application\/ld+json\" class=\"yoast-schema-graph\">{\"@context\":\"https:\\\/\\\/schema.org\",\"@graph\":[{\"@type\":\"Article\",\"@id\":\"https:\\\/\\\/www.meydan.tv\\\/az\\\/article\\\/agina-bozuna-baxmadan-dindarlari-narkotik-maddelerin-qanunsuz-dovriyyesinde-ittiham-edib-cemiyyetden-tecrid-edirler\\\/#article\",\"isPartOf\":{\"@id\":\"https:\\\/\\\/www.meydan.tv\\\/az\\\/article\\\/agina-bozuna-baxmadan-dindarlari-narkotik-maddelerin-qanunsuz-dovriyyesinde-ittiham-edib-cemiyyetden-tecrid-edirler\\\/\"},\"author\":{\"name\":\"sevda\",\"@id\":\"https:\\\/\\\/www.meydan.tv\\\/az\\\/#\\\/schema\\\/person\\\/49b5f2bad5b126bb8ea9320eeb3e4dc9\"},\"headline\":\"\u201cA\u011f\u0131na-bozuna baxmadan dindarlar\u0131 narkotik madd\u0259l\u0259rin qanunsuz d\u00f6vriyy\u0259sind\u0259 ittiham edib, c\u0259miyy\u0259td\u0259n t\u0259crid edirl\u0259r\u201d\",\"datePublished\":\"2023-07-03T11:14:48+00:00\",\"dateModified\":\"2023-07-03T11:14:53+00:00\",\"mainEntityOfPage\":{\"@id\":\"https:\\\/\\\/www.meydan.tv\\\/az\\\/article\\\/agina-bozuna-baxmadan-dindarlari-narkotik-maddelerin-qanunsuz-dovriyyesinde-ittiham-edib-cemiyyetden-tecrid-edirler\\\/\"},\"wordCount\":2672,\"publisher\":{\"@id\":\"https:\\\/\\\/www.meydan.tv\\\/az\\\/#organization\"},\"image\":{\"@id\":\"https:\\\/\\\/www.meydan.tv\\\/az\\\/article\\\/agina-bozuna-baxmadan-dindarlari-narkotik-maddelerin-qanunsuz-dovriyyesinde-ittiham-edib-cemiyyetden-tecrid-edirler\\\/#primaryimage\"},\"thumbnailUrl\":\"https:\\\/\\\/www.meydan.tv\\\/wp-content\\\/uploads\\\/image_from_ios_k6oinno-scaled.jpg\",\"articleSection\":[\"Siyas\u0259t\",\"Video\"],\"inLanguage\":\"az\"},{\"@type\":\"WebPage\",\"@id\":\"https:\\\/\\\/www.meydan.tv\\\/az\\\/article\\\/agina-bozuna-baxmadan-dindarlari-narkotik-maddelerin-qanunsuz-dovriyyesinde-ittiham-edib-cemiyyetden-tecrid-edirler\\\/\",\"url\":\"https:\\\/\\\/www.meydan.tv\\\/az\\\/article\\\/agina-bozuna-baxmadan-dindarlari-narkotik-maddelerin-qanunsuz-dovriyyesinde-ittiham-edib-cemiyyetden-tecrid-edirler\\\/\",\"name\":\"\u201cA\u011f\u0131na-bozuna baxmadan dindarlar\u0131 narkotik madd\u0259l\u0259rin qanunsuz d\u00f6vriyy\u0259sind\u0259 ittiham edib, c\u0259miyy\u0259td\u0259n t\u0259crid edirl\u0259r\u201d - MEYDAN.TV\",\"isPartOf\":{\"@id\":\"https:\\\/\\\/www.meydan.tv\\\/az\\\/#website\"},\"primaryImageOfPage\":{\"@id\":\"https:\\\/\\\/www.meydan.tv\\\/az\\\/article\\\/agina-bozuna-baxmadan-dindarlari-narkotik-maddelerin-qanunsuz-dovriyyesinde-ittiham-edib-cemiyyetden-tecrid-edirler\\\/#primaryimage\"},\"image\":{\"@id\":\"https:\\\/\\\/www.meydan.tv\\\/az\\\/article\\\/agina-bozuna-baxmadan-dindarlari-narkotik-maddelerin-qanunsuz-dovriyyesinde-ittiham-edib-cemiyyetden-tecrid-edirler\\\/#primaryimage\"},\"thumbnailUrl\":\"https:\\\/\\\/www.meydan.tv\\\/wp-content\\\/uploads\\\/image_from_ios_k6oinno-scaled.jpg\",\"datePublished\":\"2023-07-03T11:14:48+00:00\",\"dateModified\":\"2023-07-03T11:14:53+00:00\",\"breadcrumb\":{\"@id\":\"https:\\\/\\\/www.meydan.tv\\\/az\\\/article\\\/agina-bozuna-baxmadan-dindarlari-narkotik-maddelerin-qanunsuz-dovriyyesinde-ittiham-edib-cemiyyetden-tecrid-edirler\\\/#breadcrumb\"},\"inLanguage\":\"az\",\"potentialAction\":[{\"@type\":\"ReadAction\",\"target\":[\"https:\\\/\\\/www.meydan.tv\\\/az\\\/article\\\/agina-bozuna-baxmadan-dindarlari-narkotik-maddelerin-qanunsuz-dovriyyesinde-ittiham-edib-cemiyyetden-tecrid-edirler\\\/\"]}]},{\"@type\":\"ImageObject\",\"inLanguage\":\"az\",\"@id\":\"https:\\\/\\\/www.meydan.tv\\\/az\\\/article\\\/agina-bozuna-baxmadan-dindarlari-narkotik-maddelerin-qanunsuz-dovriyyesinde-ittiham-edib-cemiyyetden-tecrid-edirler\\\/#primaryimage\",\"url\":\"https:\\\/\\\/www.meydan.tv\\\/wp-content\\\/uploads\\\/image_from_ios_k6oinno-scaled.jpg\",\"contentUrl\":\"https:\\\/\\\/www.meydan.tv\\\/wp-content\\\/uploads\\\/image_from_ios_k6oinno-scaled.jpg\",\"width\":2560,\"height\":1440,\"caption\":\"\u0130ll\u00fcstrasiya: Meydan TV\"},{\"@type\":\"BreadcrumbList\",\"@id\":\"https:\\\/\\\/www.meydan.tv\\\/az\\\/article\\\/agina-bozuna-baxmadan-dindarlari-narkotik-maddelerin-qanunsuz-dovriyyesinde-ittiham-edib-cemiyyetden-tecrid-edirler\\\/#breadcrumb\",\"itemListElement\":[{\"@type\":\"ListItem\",\"position\":1,\"name\":\"Ana s\u0259hif\u0259\",\"item\":\"https:\\\/\\\/www.meydan.tv\\\/az\\\/\"},{\"@type\":\"ListItem\",\"position\":2,\"name\":\"Video\",\"item\":\"https:\\\/\\\/www.meydan.tv\\\/az\\\/section\\\/video-2\\\/\"},{\"@type\":\"ListItem\",\"position\":3,\"name\":\"\u201cA\u011f\u0131na-bozuna baxmadan dindarlar\u0131 narkotik madd\u0259l\u0259rin qanunsuz d\u00f6vriyy\u0259sind\u0259 ittiham edib, c\u0259miyy\u0259td\u0259n t\u0259crid edirl\u0259r\u201d\"}]},{\"@type\":\"WebSite\",\"@id\":\"https:\\\/\\\/www.meydan.tv\\\/az\\\/#website\",\"url\":\"https:\\\/\\\/www.meydan.tv\\\/az\\\/\",\"name\":\"MEYDAN.TV\",\"description\":\"Meydan TV Az\u0259rbaycan\u0131n media m\u0259kan\u0131ndak\u0131 alternativ s\u0259sidir\",\"publisher\":{\"@id\":\"https:\\\/\\\/www.meydan.tv\\\/az\\\/#organization\"},\"potentialAction\":[{\"@type\":\"SearchAction\",\"target\":{\"@type\":\"EntryPoint\",\"urlTemplate\":\"https:\\\/\\\/www.meydan.tv\\\/az\\\/?s={search_term_string}\"},\"query-input\":{\"@type\":\"PropertyValueSpecification\",\"valueRequired\":true,\"valueName\":\"search_term_string\"}}],\"inLanguage\":\"az\"},{\"@type\":\"Organization\",\"@id\":\"https:\\\/\\\/www.meydan.tv\\\/az\\\/#organization\",\"name\":\"Meydan TV\",\"url\":\"https:\\\/\\\/www.meydan.tv\\\/az\\\/\",\"logo\":{\"@type\":\"ImageObject\",\"inLanguage\":\"az\",\"@id\":\"https:\\\/\\\/www.meydan.tv\\\/az\\\/#\\\/schema\\\/logo\\\/image\\\/\",\"url\":\"https:\\\/\\\/www.meydan.tv\\\/wp-content\\\/uploads\\\/2021\\\/07\\\/meydan-logo.svg\",\"contentUrl\":\"https:\\\/\\\/www.meydan.tv\\\/wp-content\\\/uploads\\\/2021\\\/07\\\/meydan-logo.svg\",\"width\":195,\"height\":46,\"caption\":\"Meydan TV\"},\"image\":{\"@id\":\"https:\\\/\\\/www.meydan.tv\\\/az\\\/#\\\/schema\\\/logo\\\/image\\\/\"}},{\"@type\":\"Person\",\"@id\":\"https:\\\/\\\/www.meydan.tv\\\/az\\\/#\\\/schema\\\/person\\\/49b5f2bad5b126bb8ea9320eeb3e4dc9\",\"name\":\"sevda\"}]}<\/script>\n<!-- \/ Yoast SEO plugin. -->","yoast_head_json":{"title":"\u201cA\u011f\u0131na-bozuna baxmadan dindarlar\u0131 narkotik madd\u0259l\u0259rin qanunsuz d\u00f6vriyy\u0259sind\u0259 ittiham edib, c\u0259miyy\u0259td\u0259n t\u0259crid edirl\u0259r\u201d - MEYDAN.TV","robots":{"index":"index","follow":"follow","max-snippet":"max-snippet:-1","max-image-preview":"max-image-preview:large","max-video-preview":"max-video-preview:-1"},"canonical":"https:\/\/www.meydan.tv\/az\/article\/agina-bozuna-baxmadan-dindarlari-narkotik-maddelerin-qanunsuz-dovriyyesinde-ittiham-edib-cemiyyetden-tecrid-edirler\/","og_locale":"az_AZ","og_type":"article","og_title":"\u201cA\u011f\u0131na-bozuna baxmadan dindarlar\u0131 narkotik madd\u0259l\u0259rin qanunsuz d\u00f6vriyy\u0259sind\u0259 ittiham edib, c\u0259miyy\u0259td\u0259n t\u0259crid edirl\u0259r\u201d - MEYDAN.TV","og_url":"https:\/\/www.meydan.tv\/az\/article\/agina-bozuna-baxmadan-dindarlari-narkotik-maddelerin-qanunsuz-dovriyyesinde-ittiham-edib-cemiyyetden-tecrid-edirler\/","og_site_name":"MEYDAN.TV","article_published_time":"2023-07-03T11:14:48+00:00","article_modified_time":"2023-07-03T11:14:53+00:00","og_image":[{"width":2560,"height":1440,"url":"https:\/\/www.meydan.tv\/wp-content\/uploads\/image_from_ios_k6oinno-scaled.jpg","type":"image\/jpeg"}],"author":"sevda","twitter_card":"summary_large_image","schema":{"@context":"https:\/\/schema.org","@graph":[{"@type":"Article","@id":"https:\/\/www.meydan.tv\/az\/article\/agina-bozuna-baxmadan-dindarlari-narkotik-maddelerin-qanunsuz-dovriyyesinde-ittiham-edib-cemiyyetden-tecrid-edirler\/#article","isPartOf":{"@id":"https:\/\/www.meydan.tv\/az\/article\/agina-bozuna-baxmadan-dindarlari-narkotik-maddelerin-qanunsuz-dovriyyesinde-ittiham-edib-cemiyyetden-tecrid-edirler\/"},"author":{"name":"sevda","@id":"https:\/\/www.meydan.tv\/az\/#\/schema\/person\/49b5f2bad5b126bb8ea9320eeb3e4dc9"},"headline":"\u201cA\u011f\u0131na-bozuna baxmadan dindarlar\u0131 narkotik madd\u0259l\u0259rin qanunsuz d\u00f6vriyy\u0259sind\u0259 ittiham edib, c\u0259miyy\u0259td\u0259n t\u0259crid edirl\u0259r\u201d","datePublished":"2023-07-03T11:14:48+00:00","dateModified":"2023-07-03T11:14:53+00:00","mainEntityOfPage":{"@id":"https:\/\/www.meydan.tv\/az\/article\/agina-bozuna-baxmadan-dindarlari-narkotik-maddelerin-qanunsuz-dovriyyesinde-ittiham-edib-cemiyyetden-tecrid-edirler\/"},"wordCount":2672,"publisher":{"@id":"https:\/\/www.meydan.tv\/az\/#organization"},"image":{"@id":"https:\/\/www.meydan.tv\/az\/article\/agina-bozuna-baxmadan-dindarlari-narkotik-maddelerin-qanunsuz-dovriyyesinde-ittiham-edib-cemiyyetden-tecrid-edirler\/#primaryimage"},"thumbnailUrl":"https:\/\/www.meydan.tv\/wp-content\/uploads\/image_from_ios_k6oinno-scaled.jpg","articleSection":["Siyas\u0259t","Video"],"inLanguage":"az"},{"@type":"WebPage","@id":"https:\/\/www.meydan.tv\/az\/article\/agina-bozuna-baxmadan-dindarlari-narkotik-maddelerin-qanunsuz-dovriyyesinde-ittiham-edib-cemiyyetden-tecrid-edirler\/","url":"https:\/\/www.meydan.tv\/az\/article\/agina-bozuna-baxmadan-dindarlari-narkotik-maddelerin-qanunsuz-dovriyyesinde-ittiham-edib-cemiyyetden-tecrid-edirler\/","name":"\u201cA\u011f\u0131na-bozuna baxmadan dindarlar\u0131 narkotik madd\u0259l\u0259rin qanunsuz d\u00f6vriyy\u0259sind\u0259 ittiham edib, c\u0259miyy\u0259td\u0259n t\u0259crid edirl\u0259r\u201d - MEYDAN.TV","isPartOf":{"@id":"https:\/\/www.meydan.tv\/az\/#website"},"primaryImageOfPage":{"@id":"https:\/\/www.meydan.tv\/az\/article\/agina-bozuna-baxmadan-dindarlari-narkotik-maddelerin-qanunsuz-dovriyyesinde-ittiham-edib-cemiyyetden-tecrid-edirler\/#primaryimage"},"image":{"@id":"https:\/\/www.meydan.tv\/az\/article\/agina-bozuna-baxmadan-dindarlari-narkotik-maddelerin-qanunsuz-dovriyyesinde-ittiham-edib-cemiyyetden-tecrid-edirler\/#primaryimage"},"thumbnailUrl":"https:\/\/www.meydan.tv\/wp-content\/uploads\/image_from_ios_k6oinno-scaled.jpg","datePublished":"2023-07-03T11:14:48+00:00","dateModified":"2023-07-03T11:14:53+00:00","breadcrumb":{"@id":"https:\/\/www.meydan.tv\/az\/article\/agina-bozuna-baxmadan-dindarlari-narkotik-maddelerin-qanunsuz-dovriyyesinde-ittiham-edib-cemiyyetden-tecrid-edirler\/#breadcrumb"},"inLanguage":"az","potentialAction":[{"@type":"ReadAction","target":["https:\/\/www.meydan.tv\/az\/article\/agina-bozuna-baxmadan-dindarlari-narkotik-maddelerin-qanunsuz-dovriyyesinde-ittiham-edib-cemiyyetden-tecrid-edirler\/"]}]},{"@type":"ImageObject","inLanguage":"az","@id":"https:\/\/www.meydan.tv\/az\/article\/agina-bozuna-baxmadan-dindarlari-narkotik-maddelerin-qanunsuz-dovriyyesinde-ittiham-edib-cemiyyetden-tecrid-edirler\/#primaryimage","url":"https:\/\/www.meydan.tv\/wp-content\/uploads\/image_from_ios_k6oinno-scaled.jpg","contentUrl":"https:\/\/www.meydan.tv\/wp-content\/uploads\/image_from_ios_k6oinno-scaled.jpg","width":2560,"height":1440,"caption":"\u0130ll\u00fcstrasiya: Meydan TV"},{"@type":"BreadcrumbList","@id":"https:\/\/www.meydan.tv\/az\/article\/agina-bozuna-baxmadan-dindarlari-narkotik-maddelerin-qanunsuz-dovriyyesinde-ittiham-edib-cemiyyetden-tecrid-edirler\/#breadcrumb","itemListElement":[{"@type":"ListItem","position":1,"name":"Ana s\u0259hif\u0259","item":"https:\/\/www.meydan.tv\/az\/"},{"@type":"ListItem","position":2,"name":"Video","item":"https:\/\/www.meydan.tv\/az\/section\/video-2\/"},{"@type":"ListItem","position":3,"name":"\u201cA\u011f\u0131na-bozuna baxmadan dindarlar\u0131 narkotik madd\u0259l\u0259rin qanunsuz d\u00f6vriyy\u0259sind\u0259 ittiham edib, c\u0259miyy\u0259td\u0259n t\u0259crid edirl\u0259r\u201d"}]},{"@type":"WebSite","@id":"https:\/\/www.meydan.tv\/az\/#website","url":"https:\/\/www.meydan.tv\/az\/","name":"MEYDAN.TV","description":"Meydan TV Az\u0259rbaycan\u0131n media m\u0259kan\u0131ndak\u0131 alternativ s\u0259sidir","publisher":{"@id":"https:\/\/www.meydan.tv\/az\/#organization"},"potentialAction":[{"@type":"SearchAction","target":{"@type":"EntryPoint","urlTemplate":"https:\/\/www.meydan.tv\/az\/?s={search_term_string}"},"query-input":{"@type":"PropertyValueSpecification","valueRequired":true,"valueName":"search_term_string"}}],"inLanguage":"az"},{"@type":"Organization","@id":"https:\/\/www.meydan.tv\/az\/#organization","name":"Meydan TV","url":"https:\/\/www.meydan.tv\/az\/","logo":{"@type":"ImageObject","inLanguage":"az","@id":"https:\/\/www.meydan.tv\/az\/#\/schema\/logo\/image\/","url":"https:\/\/www.meydan.tv\/wp-content\/uploads\/2021\/07\/meydan-logo.svg","contentUrl":"https:\/\/www.meydan.tv\/wp-content\/uploads\/2021\/07\/meydan-logo.svg","width":195,"height":46,"caption":"Meydan TV"},"image":{"@id":"https:\/\/www.meydan.tv\/az\/#\/schema\/logo\/image\/"}},{"@type":"Person","@id":"https:\/\/www.meydan.tv\/az\/#\/schema\/person\/49b5f2bad5b126bb8ea9320eeb3e4dc9","name":"sevda"}]}},"_links":{"self":[{"href":"https:\/\/www.meydan.tv\/az\/wp-json\/wp\/v2\/posts\/278892","targetHints":{"allow":["GET"]}}],"collection":[{"href":"https:\/\/www.meydan.tv\/az\/wp-json\/wp\/v2\/posts"}],"about":[{"href":"https:\/\/www.meydan.tv\/az\/wp-json\/wp\/v2\/types\/post"}],"author":[{"embeddable":true,"href":"https:\/\/www.meydan.tv\/az\/wp-json\/wp\/v2\/users\/16"}],"replies":[{"embeddable":true,"href":"https:\/\/www.meydan.tv\/az\/wp-json\/wp\/v2\/comments?post=278892"}],"version-history":[{"count":4,"href":"https:\/\/www.meydan.tv\/az\/wp-json\/wp\/v2\/posts\/278892\/revisions"}],"predecessor-version":[{"id":278896,"href":"https:\/\/www.meydan.tv\/az\/wp-json\/wp\/v2\/posts\/278892\/revisions\/278896"}],"wp:featuredmedia":[{"embeddable":true,"href":"https:\/\/www.meydan.tv\/az\/wp-json\/wp\/v2\/media\/209565"}],"wp:attachment":[{"href":"https:\/\/www.meydan.tv\/az\/wp-json\/wp\/v2\/media?parent=278892"}],"wp:term":[{"taxonomy":"category","embeddable":true,"href":"https:\/\/www.meydan.tv\/az\/wp-json\/wp\/v2\/categories?post=278892"},{"taxonomy":"post_tag","embeddable":true,"href":"https:\/\/www.meydan.tv\/az\/wp-json\/wp\/v2\/tags?post=278892"}],"curies":[{"name":"wp","href":"https:\/\/api.w.org\/{rel}","templated":true}]}}