{"id":278840,"date":"2023-06-30T18:42:32","date_gmt":"2023-06-30T14:42:32","guid":{"rendered":"https:\/\/www.meydan.tv\/?p=278840"},"modified":"2023-06-30T18:44:47","modified_gmt":"2023-06-30T14:44:47","slug":"azerbaycanda-hebsde-olan-efqanlar-efqanistana-qayitmaq-istemirdim-ona-gore","status":"publish","type":"post","link":"https:\/\/www.meydan.tv\/az\/article\/azerbaycanda-hebsde-olan-efqanlar-efqanistana-qayitmaq-istemirdim-ona-gore\/","title":{"rendered":"Az\u0259rbaycanda h\u0259bsd\u0259 olan \u0259fqanlar: \u201c\u018ffqan\u0131stana qay\u0131tmaq ist\u0259mirdim, ona g\u00f6r\u0259&#8230;\u201d"},"content":{"rendered":"\n<p><\/p>\n\n\n\n<p><strong><em>T\u0259qsirl\u0259ndiril\u0259n \u015f\u0259xs \u00f6lk\u0259y\u0259 nec\u0259 g\u0259lm\u0259sind\u0259n dan\u0131\u015fd\u0131<\/em><\/strong><\/p>\n\n\n\n<p>Haz\u0131rda Az\u0259rbaycanda h\u0259bsd\u0259 olan \u018ffqan\u0131stan v\u0259t\u0259nda\u015flar\u0131 deyir ki, \u00f6z \u00f6lk\u0259l\u0259rin\u0259 deportasiya olunmamaq \u00fc\u00e7\u00fcn \u0130randan qa\u00e7aq yolla bura ke\u00e7m\u0259y\u0259 \u00e7al\u0131\u015f\u0131blar. \u00dc\u00e7 n\u0259f\u0259r \u0259fqan\u0131stanl\u0131 2022-ci il dekabr\u0131n 16-da gec\u0259 saatlar\u0131nda C\u0259lilabad rayonunun D\u0259l\u0259li k\u0259ndi yax\u0131nl\u0131\u011f\u0131nda yerl\u0259\u015f\u0259n s\u0259rh\u0259d zastavas\u0131n\u0131n xidm\u0259ti \u0259razisind\u0259 saxlan\u0131l\u0131b. Onlara qar\u015f\u0131 Cinay\u0259t M\u0259c\u0259ll\u0259sinin 318.2 (bir qrup \u015f\u0259xs t\u0259r\u0259find\u0259n Az\u0259rbaycan s\u0259rh\u0259dini qanunsuz ke\u00e7m\u0259) madd\u0259sil\u0259 ittiham ir\u0259li s\u00fcr\u00fcl\u00fcb.<\/p>\n\n\n\n<p>C\u0259lilabad Rayon M\u0259hk\u0259m\u0259sind\u0259 hakim qar\u015f\u0131s\u0131na \u00e7\u0131xar\u0131lan \u0259fqanlar bildirib ki, \u00f6z \u00f6lk\u0259l\u0259rind\u0259n d\u0259 \u0130rana qa\u00e7aq yolla g\u0259lmi\u015fdil\u0259r.<\/p>\n\n\n\n<p><em>\u201cT\u0259xmin\u0259n bir il \u0259vv\u0259l Tehrana g\u0259lib, orada i\u015fl\u0259m\u0259y\u0259 ba\u015flad\u0131m. Tehranda qanunsuz ya\u015fay\u0131rd\u0131m. M\u0259n\u0259 dedil\u0259r ki, buna g\u00f6r\u0259 m\u0259suliyy\u0259t\u0259 c\u0259lb olunmayaca\u011fam, amma \u018ffqan\u0131stana deportasiya olunaca\u011fam. M\u0259n is\u0259 \u018ffqan\u0131stana qay\u0131tmaq ist\u0259mirdim. \u018ffqan\u0131stan onsuz da kas\u0131b, probleml\u0259rl\u0259 dolu \u00f6lk\u0259 idi. 2021-ci ild\u0259 \u201cTaliban\u201d hakimiyy\u0259t\u0259 g\u0259l\u0259nd\u0259n sonra \u00f6lk\u0259d\u0259 v\u0259ziyy\u0259t daha da a\u011f\u0131rla\u015f\u0131b. M\u0259n d\u0259 ona g\u00f6r\u0259 \u00f6lk\u0259d\u0259n getm\u0259k m\u0259cburiyy\u0259tind\u0259 qalm\u0131\u015fd\u0131m&#8230;\u201d, <\/em>&#8211; 33 ya\u015fl\u0131 Rezayi m\u0259hk\u0259m\u0259d\u0259 bildirib.<\/p>\n\n\n\n<p>Onun s\u00f6zl\u0259rin\u0259 g\u00f6r\u0259, Tehranda f\u0259hl\u0259 i\u015fl\u0259diyi evd\u0259ki adam onu bir n\u0259f\u0259rl\u0259 tan\u0131\u015f edib, o da Az\u0259rbaycana qa\u00e7aq yolla ke\u00e7m\u0259sin\u0259 yard\u0131m ed\u0259c\u0259yin\u0259 s\u00f6z verib. Bundan \u00f6tr\u00fc ondan 1800 manat pul ist\u0259yib. O da raz\u0131la\u015f\u0131b:<\/p>\n\n\n\n<p>\u201c<em>Tehranda onunla g\u00f6r\u00fc\u015fd\u00fck. Ma\u015f\u0131na oturanda 1 n\u0259f\u0259r d\u0259 vard\u0131. \u0130ranl\u0131 m\u0259n\u0259 dedi ki, 1 n\u0259f\u0259r d\u0259 \u018ffqan\u0131stan v\u0259t\u0259nda\u015f\u0131 biziml\u0259 Az\u0259rbaycana qanunsuz yolla ged\u0259c\u0259k. Bir q\u0259d\u0259r g\u00f6zl\u0259dik. Sonra h\u0259min bir n\u0259f\u0259r d\u0259 g\u0259ldi. Tehrandan Az\u0259rbaycan s\u0259rh\u0259din\u0259 t\u0259r\u0259f yola d\u00fc\u015fd\u00fck. Ax\u015fam saatlar\u0131nda Az\u0259rbaycan s\u0259rh\u0259din\u0259 \u00e7atd\u0131q. Gec\u0259ni oteld\u0259 qald\u0131q. T\u0259xmin\u0259n ax\u015fam 11-in yar\u0131s\u0131nda bir n\u0259f\u0259r ba\u015fqa iranl\u0131 g\u0259ldi, onunla Az\u0259rbaycan s\u0259rh\u0259din\u0259 t\u0259r\u0259f getdik. Bir az yol ged\u0259nd\u0259n sonra dedil\u0259r ki, art\u0131q Az\u0259rbaycan \u0259razisind\u0259yik. Biz\u0259 istiqam\u0259t verdil\u0259r, \u00f6zl\u0259ri is\u0259 geri qay\u0131td\u0131lar. \u0130ki saata yax\u0131n o \u0259razid\u0259 qald\u0131q, bird\u0259n \u0259sg\u0259rl\u0259r q\u0131\u015fq\u0131rd\u0131. Biz d\u0259 yerimizd\u0259 dayand\u0131q\u201d.<\/em><\/p>\n\n\n\n<p>19 ya\u015fl\u0131 Feyyaz is\u0259 deyir ki, t\u0259xmin\u0259n 6 ay \u0259vv\u0259l \u018ffqan\u0131standan \u0130rana qa\u00e7aq yolla g\u0259lib, Tehranda i\u015fl\u0259yib ya\u015fama\u011fa ba\u015flam\u0131\u015fd\u0131. Amma s\u0259n\u0259dl\u0259ri qaydas\u0131nda olmad\u0131\u011f\u0131na g\u00f6r\u0259 onu \u00f6lk\u0259sin\u0259 deportasiya ed\u0259c\u0259kdil\u0259r. O is\u0259 qay\u0131tmaq ist\u0259mirdi. Bu \u00fczd\u0259n Az\u0259rbaycana ke\u00e7m\u0259k q\u0259rar\u0131na g\u0259lib.<\/p>\n\n\n\n<p>O da m\u0259hk\u0259m\u0259d\u0259 bildirib ki, Az\u0259rbaycana qa\u00e7aq yolla ke\u00e7m\u0259k \u00fc\u00e7\u00fcn 1800 manat pul ist\u0259yibl\u0259r, verm\u0259y\u0259 raz\u0131la\u015f\u0131b.<\/p>\n\n\n\n<p>\u00dcmumiyy\u0259tl\u0259, h\u0259r \u00fc\u00e7 \u018ffqan\u0131stan v\u0259t\u0259nda\u015f\u0131 m\u0259hk\u0259m\u0259d\u0259 ifad\u0259 ver\u0259rk\u0259n onlar\u0131 Az\u0259rbaycan s\u0259rh\u0259din\u0259 g\u0259tir\u0259n v\u0259 ke\u00e7ir\u0259n iranl\u0131lar, avtomobil haqda eyni fikirl\u0259ri s\u0259sl\u0259ndirib. Onlar bildirib ki, h\u0259min \u015f\u0259xsl\u0259r sad\u0259c\u0259, s\u0259rh\u0259di ke\u00e7irm\u0259y\u0259 s\u00f6z veribl\u0259r. S\u0259rh\u0259di ke\u00e7\u0259nd\u0259n sonra \u00f6zl\u0259ri Bak\u0131ya gedib \u00e7\u0131xmal\u0131yd\u0131lar: \u201cOndan sonras\u0131n\u0131 \u00f6z\u00fcm\u00fcz h\u0259ll etm\u0259liydik. Onlar\u0131n i\u015fi bizi ancaq s\u0259rh\u0259dd\u0259n ke\u00e7irm\u0259k idi\u201d.<\/p>\n\n\n\n<p>Onlar pe\u015fman olduqlar\u0131n\u0131 vur\u011fulay\u0131blar v\u0259 m\u0259hk\u0259m\u0259d\u0259n y\u00fcng\u00fcl c\u0259za verilm\u0259sini ist\u0259yibl\u0259r.<\/p>\n\n\n\n<p>C\u0259lilabad Rayon M\u0259hk\u0259m\u0259sinin hakimi Qalib Pa\u015fayevin bug\u00fcnl\u0259rd\u0259 \u00e7\u0131xard\u0131\u011f\u0131 h\u00f6km\u0259 \u0259sas\u0259n, \u0259fqanlar\u0131n h\u0259r biri 1 il azadl\u0131qdan m\u0259hrum edilib.<\/p>\n","protected":false},"excerpt":{"rendered":"<p>T\u0259qsirl\u0259ndiril\u0259n \u015f\u0259xs \u00f6lk\u0259y\u0259 nec\u0259 g\u0259lm\u0259sind\u0259n dan\u0131\u015fd\u0131 Haz\u0131rda Az\u0259rbaycanda h\u0259bsd\u0259 olan &#8230; <\/p>\n<p class=\"read-more-container\"><a title=\"Az\u0259rbaycanda h\u0259bsd\u0259 olan \u0259fqanlar: \u201c\u018ffqan\u0131stana qay\u0131tmaq ist\u0259mirdim, ona g\u00f6r\u0259&#8230;\u201d\" class=\"read-more button\" href=\"https:\/\/www.meydan.tv\/az\/article\/azerbaycanda-hebsde-olan-efqanlar-efqanistana-qayitmaq-istemirdim-ona-gore\/#more-278840\" aria-label=\"Read more about Az\u0259rbaycanda h\u0259bsd\u0259 olan \u0259fqanlar: \u201c\u018ffqan\u0131stana qay\u0131tmaq ist\u0259mirdim, ona g\u00f6r\u0259&#8230;\u201d\">Davam\u0131<\/a><\/p>\n","protected":false},"author":8,"featured_media":260251,"comment_status":"closed","ping_status":"closed","sticky":false,"template":"","format":"standard","meta":{"_acf_changed":false,"_sitemap_exclude":false,"_sitemap_priority":"","_sitemap_frequency":"","footnotes":""},"categories":[60,56],"tags":[],"class_list":["post-278840","post","type-post","status-publish","format-standard","has-post-thumbnail","hentry","category-bolge","category-xeberler","infinite-scroll-item","generate-columns","tablet-grid-50","mobile-grid-100","grid-parent","grid-33","no-featured-image-padding"],"acf":[],"yoast_head":"<!-- This site is optimized with the Yoast SEO plugin v27.5 - https:\/\/yoast.com\/product\/yoast-seo-wordpress\/ -->\n<title>Az\u0259rbaycanda h\u0259bsd\u0259 olan \u0259fqanlar: \u201c\u018ffqan\u0131stana qay\u0131tmaq ist\u0259mirdim, ona g\u00f6r\u0259...\u201d - MEYDAN.TV<\/title>\n<meta name=\"robots\" content=\"index, follow, max-snippet:-1, max-image-preview:large, max-video-preview:-1\" \/>\n<link rel=\"canonical\" href=\"https:\/\/www.meydan.tv\/az\/article\/azerbaycanda-hebsde-olan-efqanlar-efqanistana-qayitmaq-istemirdim-ona-gore\/\" \/>\n<meta property=\"og:locale\" content=\"az_AZ\" \/>\n<meta property=\"og:type\" content=\"article\" \/>\n<meta property=\"og:title\" content=\"Az\u0259rbaycanda h\u0259bsd\u0259 olan \u0259fqanlar: \u201c\u018ffqan\u0131stana qay\u0131tmaq ist\u0259mirdim, ona g\u00f6r\u0259...\u201d - MEYDAN.TV\" \/>\n<meta property=\"og:description\" content=\"T\u0259qsirl\u0259ndiril\u0259n \u015f\u0259xs \u00f6lk\u0259y\u0259 nec\u0259 g\u0259lm\u0259sind\u0259n dan\u0131\u015fd\u0131 Haz\u0131rda Az\u0259rbaycanda h\u0259bsd\u0259 olan ... Davam\u0131\" \/>\n<meta property=\"og:url\" content=\"https:\/\/www.meydan.tv\/az\/article\/azerbaycanda-hebsde-olan-efqanlar-efqanistana-qayitmaq-istemirdim-ona-gore\/\" \/>\n<meta property=\"og:site_name\" content=\"MEYDAN.TV\" \/>\n<meta property=\"article:published_time\" content=\"2023-06-30T14:42:32+00:00\" \/>\n<meta property=\"article:modified_time\" content=\"2023-06-30T14:44:47+00:00\" \/>\n<meta property=\"og:image\" content=\"https:\/\/www.meydan.tv\/wp-content\/uploads\/image-from-ios-8.jpg\" \/>\n\t<meta property=\"og:image:width\" content=\"1500\" \/>\n\t<meta property=\"og:image:height\" content=\"844\" \/>\n\t<meta property=\"og:image:type\" content=\"image\/jpeg\" \/>\n<meta name=\"author\" content=\"elli\" \/>\n<meta name=\"twitter:card\" content=\"summary_large_image\" \/>\n<meta name=\"twitter:creator\" content=\"@elli\" \/>\n<script type=\"application\/ld+json\" class=\"yoast-schema-graph\">{\"@context\":\"https:\\\/\\\/schema.org\",\"@graph\":[{\"@type\":\"Article\",\"@id\":\"https:\\\/\\\/www.meydan.tv\\\/az\\\/article\\\/azerbaycanda-hebsde-olan-efqanlar-efqanistana-qayitmaq-istemirdim-ona-gore\\\/#article\",\"isPartOf\":{\"@id\":\"https:\\\/\\\/www.meydan.tv\\\/az\\\/article\\\/azerbaycanda-hebsde-olan-efqanlar-efqanistana-qayitmaq-istemirdim-ona-gore\\\/\"},\"author\":{\"name\":\"elli\",\"@id\":\"https:\\\/\\\/www.meydan.tv\\\/az\\\/#\\\/schema\\\/person\\\/9cdbecf90d17180ce1dfbd95b08dcf47\"},\"headline\":\"Az\u0259rbaycanda h\u0259bsd\u0259 olan \u0259fqanlar: \u201c\u018ffqan\u0131stana qay\u0131tmaq ist\u0259mirdim, ona g\u00f6r\u0259&#8230;\u201d\",\"datePublished\":\"2023-06-30T14:42:32+00:00\",\"dateModified\":\"2023-06-30T14:44:47+00:00\",\"mainEntityOfPage\":{\"@id\":\"https:\\\/\\\/www.meydan.tv\\\/az\\\/article\\\/azerbaycanda-hebsde-olan-efqanlar-efqanistana-qayitmaq-istemirdim-ona-gore\\\/\"},\"wordCount\":730,\"publisher\":{\"@id\":\"https:\\\/\\\/www.meydan.tv\\\/az\\\/#organization\"},\"image\":{\"@id\":\"https:\\\/\\\/www.meydan.tv\\\/az\\\/article\\\/azerbaycanda-hebsde-olan-efqanlar-efqanistana-qayitmaq-istemirdim-ona-gore\\\/#primaryimage\"},\"thumbnailUrl\":\"https:\\\/\\\/www.meydan.tv\\\/wp-content\\\/uploads\\\/image-from-ios-8.jpg\",\"articleSection\":[\"B\u00f6lg\u0259\",\"X\u0259b\u0259rl\u0259r\"],\"inLanguage\":\"az\"},{\"@type\":\"WebPage\",\"@id\":\"https:\\\/\\\/www.meydan.tv\\\/az\\\/article\\\/azerbaycanda-hebsde-olan-efqanlar-efqanistana-qayitmaq-istemirdim-ona-gore\\\/\",\"url\":\"https:\\\/\\\/www.meydan.tv\\\/az\\\/article\\\/azerbaycanda-hebsde-olan-efqanlar-efqanistana-qayitmaq-istemirdim-ona-gore\\\/\",\"name\":\"Az\u0259rbaycanda h\u0259bsd\u0259 olan \u0259fqanlar: \u201c\u018ffqan\u0131stana qay\u0131tmaq ist\u0259mirdim, ona g\u00f6r\u0259...\u201d - MEYDAN.TV\",\"isPartOf\":{\"@id\":\"https:\\\/\\\/www.meydan.tv\\\/az\\\/#website\"},\"primaryImageOfPage\":{\"@id\":\"https:\\\/\\\/www.meydan.tv\\\/az\\\/article\\\/azerbaycanda-hebsde-olan-efqanlar-efqanistana-qayitmaq-istemirdim-ona-gore\\\/#primaryimage\"},\"image\":{\"@id\":\"https:\\\/\\\/www.meydan.tv\\\/az\\\/article\\\/azerbaycanda-hebsde-olan-efqanlar-efqanistana-qayitmaq-istemirdim-ona-gore\\\/#primaryimage\"},\"thumbnailUrl\":\"https:\\\/\\\/www.meydan.tv\\\/wp-content\\\/uploads\\\/image-from-ios-8.jpg\",\"datePublished\":\"2023-06-30T14:42:32+00:00\",\"dateModified\":\"2023-06-30T14:44:47+00:00\",\"breadcrumb\":{\"@id\":\"https:\\\/\\\/www.meydan.tv\\\/az\\\/article\\\/azerbaycanda-hebsde-olan-efqanlar-efqanistana-qayitmaq-istemirdim-ona-gore\\\/#breadcrumb\"},\"inLanguage\":\"az\",\"potentialAction\":[{\"@type\":\"ReadAction\",\"target\":[\"https:\\\/\\\/www.meydan.tv\\\/az\\\/article\\\/azerbaycanda-hebsde-olan-efqanlar-efqanistana-qayitmaq-istemirdim-ona-gore\\\/\"]}]},{\"@type\":\"ImageObject\",\"inLanguage\":\"az\",\"@id\":\"https:\\\/\\\/www.meydan.tv\\\/az\\\/article\\\/azerbaycanda-hebsde-olan-efqanlar-efqanistana-qayitmaq-istemirdim-ona-gore\\\/#primaryimage\",\"url\":\"https:\\\/\\\/www.meydan.tv\\\/wp-content\\\/uploads\\\/image-from-ios-8.jpg\",\"contentUrl\":\"https:\\\/\\\/www.meydan.tv\\\/wp-content\\\/uploads\\\/image-from-ios-8.jpg\",\"width\":1500,\"height\":844,\"caption\":\"M\u0259hk\u0259m\u0259. \u0130ll\u00fcstrasiya: Meydan TV\"},{\"@type\":\"BreadcrumbList\",\"@id\":\"https:\\\/\\\/www.meydan.tv\\\/az\\\/article\\\/azerbaycanda-hebsde-olan-efqanlar-efqanistana-qayitmaq-istemirdim-ona-gore\\\/#breadcrumb\",\"itemListElement\":[{\"@type\":\"ListItem\",\"position\":1,\"name\":\"Ana s\u0259hif\u0259\",\"item\":\"https:\\\/\\\/www.meydan.tv\\\/az\\\/\"},{\"@type\":\"ListItem\",\"position\":2,\"name\":\"B\u00f6lg\u0259\",\"item\":\"https:\\\/\\\/www.meydan.tv\\\/az\\\/section\\\/bolge\\\/\"},{\"@type\":\"ListItem\",\"position\":3,\"name\":\"Az\u0259rbaycanda h\u0259bsd\u0259 olan \u0259fqanlar: \u201c\u018ffqan\u0131stana qay\u0131tmaq ist\u0259mirdim, ona g\u00f6r\u0259&#8230;\u201d\"}]},{\"@type\":\"WebSite\",\"@id\":\"https:\\\/\\\/www.meydan.tv\\\/az\\\/#website\",\"url\":\"https:\\\/\\\/www.meydan.tv\\\/az\\\/\",\"name\":\"MEYDAN.TV\",\"description\":\"Meydan TV Az\u0259rbaycan\u0131n media m\u0259kan\u0131ndak\u0131 alternativ s\u0259sidir\",\"publisher\":{\"@id\":\"https:\\\/\\\/www.meydan.tv\\\/az\\\/#organization\"},\"potentialAction\":[{\"@type\":\"SearchAction\",\"target\":{\"@type\":\"EntryPoint\",\"urlTemplate\":\"https:\\\/\\\/www.meydan.tv\\\/az\\\/?s={search_term_string}\"},\"query-input\":{\"@type\":\"PropertyValueSpecification\",\"valueRequired\":true,\"valueName\":\"search_term_string\"}}],\"inLanguage\":\"az\"},{\"@type\":\"Organization\",\"@id\":\"https:\\\/\\\/www.meydan.tv\\\/az\\\/#organization\",\"name\":\"Meydan TV\",\"url\":\"https:\\\/\\\/www.meydan.tv\\\/az\\\/\",\"logo\":{\"@type\":\"ImageObject\",\"inLanguage\":\"az\",\"@id\":\"https:\\\/\\\/www.meydan.tv\\\/az\\\/#\\\/schema\\\/logo\\\/image\\\/\",\"url\":\"https:\\\/\\\/www.meydan.tv\\\/wp-content\\\/uploads\\\/2021\\\/07\\\/meydan-logo.svg\",\"contentUrl\":\"https:\\\/\\\/www.meydan.tv\\\/wp-content\\\/uploads\\\/2021\\\/07\\\/meydan-logo.svg\",\"width\":195,\"height\":46,\"caption\":\"Meydan TV\"},\"image\":{\"@id\":\"https:\\\/\\\/www.meydan.tv\\\/az\\\/#\\\/schema\\\/logo\\\/image\\\/\"}},{\"@type\":\"Person\",\"@id\":\"https:\\\/\\\/www.meydan.tv\\\/az\\\/#\\\/schema\\\/person\\\/9cdbecf90d17180ce1dfbd95b08dcf47\",\"name\":\"elli\",\"sameAs\":[\"https:\\\/\\\/x.com\\\/elli\"]}]}<\/script>\n<!-- \/ Yoast SEO plugin. -->","yoast_head_json":{"title":"Az\u0259rbaycanda h\u0259bsd\u0259 olan \u0259fqanlar: \u201c\u018ffqan\u0131stana qay\u0131tmaq ist\u0259mirdim, ona g\u00f6r\u0259...\u201d - MEYDAN.TV","robots":{"index":"index","follow":"follow","max-snippet":"max-snippet:-1","max-image-preview":"max-image-preview:large","max-video-preview":"max-video-preview:-1"},"canonical":"https:\/\/www.meydan.tv\/az\/article\/azerbaycanda-hebsde-olan-efqanlar-efqanistana-qayitmaq-istemirdim-ona-gore\/","og_locale":"az_AZ","og_type":"article","og_title":"Az\u0259rbaycanda h\u0259bsd\u0259 olan \u0259fqanlar: \u201c\u018ffqan\u0131stana qay\u0131tmaq ist\u0259mirdim, ona g\u00f6r\u0259...\u201d - MEYDAN.TV","og_description":"T\u0259qsirl\u0259ndiril\u0259n \u015f\u0259xs \u00f6lk\u0259y\u0259 nec\u0259 g\u0259lm\u0259sind\u0259n dan\u0131\u015fd\u0131 Haz\u0131rda Az\u0259rbaycanda h\u0259bsd\u0259 olan ... Davam\u0131","og_url":"https:\/\/www.meydan.tv\/az\/article\/azerbaycanda-hebsde-olan-efqanlar-efqanistana-qayitmaq-istemirdim-ona-gore\/","og_site_name":"MEYDAN.TV","article_published_time":"2023-06-30T14:42:32+00:00","article_modified_time":"2023-06-30T14:44:47+00:00","og_image":[{"width":1500,"height":844,"url":"https:\/\/www.meydan.tv\/wp-content\/uploads\/image-from-ios-8.jpg","type":"image\/jpeg"}],"author":"elli","twitter_card":"summary_large_image","twitter_creator":"@elli","schema":{"@context":"https:\/\/schema.org","@graph":[{"@type":"Article","@id":"https:\/\/www.meydan.tv\/az\/article\/azerbaycanda-hebsde-olan-efqanlar-efqanistana-qayitmaq-istemirdim-ona-gore\/#article","isPartOf":{"@id":"https:\/\/www.meydan.tv\/az\/article\/azerbaycanda-hebsde-olan-efqanlar-efqanistana-qayitmaq-istemirdim-ona-gore\/"},"author":{"name":"elli","@id":"https:\/\/www.meydan.tv\/az\/#\/schema\/person\/9cdbecf90d17180ce1dfbd95b08dcf47"},"headline":"Az\u0259rbaycanda h\u0259bsd\u0259 olan \u0259fqanlar: \u201c\u018ffqan\u0131stana qay\u0131tmaq ist\u0259mirdim, ona g\u00f6r\u0259&#8230;\u201d","datePublished":"2023-06-30T14:42:32+00:00","dateModified":"2023-06-30T14:44:47+00:00","mainEntityOfPage":{"@id":"https:\/\/www.meydan.tv\/az\/article\/azerbaycanda-hebsde-olan-efqanlar-efqanistana-qayitmaq-istemirdim-ona-gore\/"},"wordCount":730,"publisher":{"@id":"https:\/\/www.meydan.tv\/az\/#organization"},"image":{"@id":"https:\/\/www.meydan.tv\/az\/article\/azerbaycanda-hebsde-olan-efqanlar-efqanistana-qayitmaq-istemirdim-ona-gore\/#primaryimage"},"thumbnailUrl":"https:\/\/www.meydan.tv\/wp-content\/uploads\/image-from-ios-8.jpg","articleSection":["B\u00f6lg\u0259","X\u0259b\u0259rl\u0259r"],"inLanguage":"az"},{"@type":"WebPage","@id":"https:\/\/www.meydan.tv\/az\/article\/azerbaycanda-hebsde-olan-efqanlar-efqanistana-qayitmaq-istemirdim-ona-gore\/","url":"https:\/\/www.meydan.tv\/az\/article\/azerbaycanda-hebsde-olan-efqanlar-efqanistana-qayitmaq-istemirdim-ona-gore\/","name":"Az\u0259rbaycanda h\u0259bsd\u0259 olan \u0259fqanlar: \u201c\u018ffqan\u0131stana qay\u0131tmaq ist\u0259mirdim, ona g\u00f6r\u0259...\u201d - MEYDAN.TV","isPartOf":{"@id":"https:\/\/www.meydan.tv\/az\/#website"},"primaryImageOfPage":{"@id":"https:\/\/www.meydan.tv\/az\/article\/azerbaycanda-hebsde-olan-efqanlar-efqanistana-qayitmaq-istemirdim-ona-gore\/#primaryimage"},"image":{"@id":"https:\/\/www.meydan.tv\/az\/article\/azerbaycanda-hebsde-olan-efqanlar-efqanistana-qayitmaq-istemirdim-ona-gore\/#primaryimage"},"thumbnailUrl":"https:\/\/www.meydan.tv\/wp-content\/uploads\/image-from-ios-8.jpg","datePublished":"2023-06-30T14:42:32+00:00","dateModified":"2023-06-30T14:44:47+00:00","breadcrumb":{"@id":"https:\/\/www.meydan.tv\/az\/article\/azerbaycanda-hebsde-olan-efqanlar-efqanistana-qayitmaq-istemirdim-ona-gore\/#breadcrumb"},"inLanguage":"az","potentialAction":[{"@type":"ReadAction","target":["https:\/\/www.meydan.tv\/az\/article\/azerbaycanda-hebsde-olan-efqanlar-efqanistana-qayitmaq-istemirdim-ona-gore\/"]}]},{"@type":"ImageObject","inLanguage":"az","@id":"https:\/\/www.meydan.tv\/az\/article\/azerbaycanda-hebsde-olan-efqanlar-efqanistana-qayitmaq-istemirdim-ona-gore\/#primaryimage","url":"https:\/\/www.meydan.tv\/wp-content\/uploads\/image-from-ios-8.jpg","contentUrl":"https:\/\/www.meydan.tv\/wp-content\/uploads\/image-from-ios-8.jpg","width":1500,"height":844,"caption":"M\u0259hk\u0259m\u0259. \u0130ll\u00fcstrasiya: Meydan TV"},{"@type":"BreadcrumbList","@id":"https:\/\/www.meydan.tv\/az\/article\/azerbaycanda-hebsde-olan-efqanlar-efqanistana-qayitmaq-istemirdim-ona-gore\/#breadcrumb","itemListElement":[{"@type":"ListItem","position":1,"name":"Ana s\u0259hif\u0259","item":"https:\/\/www.meydan.tv\/az\/"},{"@type":"ListItem","position":2,"name":"B\u00f6lg\u0259","item":"https:\/\/www.meydan.tv\/az\/section\/bolge\/"},{"@type":"ListItem","position":3,"name":"Az\u0259rbaycanda h\u0259bsd\u0259 olan \u0259fqanlar: \u201c\u018ffqan\u0131stana qay\u0131tmaq ist\u0259mirdim, ona g\u00f6r\u0259&#8230;\u201d"}]},{"@type":"WebSite","@id":"https:\/\/www.meydan.tv\/az\/#website","url":"https:\/\/www.meydan.tv\/az\/","name":"MEYDAN.TV","description":"Meydan TV Az\u0259rbaycan\u0131n media m\u0259kan\u0131ndak\u0131 alternativ s\u0259sidir","publisher":{"@id":"https:\/\/www.meydan.tv\/az\/#organization"},"potentialAction":[{"@type":"SearchAction","target":{"@type":"EntryPoint","urlTemplate":"https:\/\/www.meydan.tv\/az\/?s={search_term_string}"},"query-input":{"@type":"PropertyValueSpecification","valueRequired":true,"valueName":"search_term_string"}}],"inLanguage":"az"},{"@type":"Organization","@id":"https:\/\/www.meydan.tv\/az\/#organization","name":"Meydan TV","url":"https:\/\/www.meydan.tv\/az\/","logo":{"@type":"ImageObject","inLanguage":"az","@id":"https:\/\/www.meydan.tv\/az\/#\/schema\/logo\/image\/","url":"https:\/\/www.meydan.tv\/wp-content\/uploads\/2021\/07\/meydan-logo.svg","contentUrl":"https:\/\/www.meydan.tv\/wp-content\/uploads\/2021\/07\/meydan-logo.svg","width":195,"height":46,"caption":"Meydan TV"},"image":{"@id":"https:\/\/www.meydan.tv\/az\/#\/schema\/logo\/image\/"}},{"@type":"Person","@id":"https:\/\/www.meydan.tv\/az\/#\/schema\/person\/9cdbecf90d17180ce1dfbd95b08dcf47","name":"elli","sameAs":["https:\/\/x.com\/elli"]}]}},"_links":{"self":[{"href":"https:\/\/www.meydan.tv\/az\/wp-json\/wp\/v2\/posts\/278840","targetHints":{"allow":["GET"]}}],"collection":[{"href":"https:\/\/www.meydan.tv\/az\/wp-json\/wp\/v2\/posts"}],"about":[{"href":"https:\/\/www.meydan.tv\/az\/wp-json\/wp\/v2\/types\/post"}],"author":[{"embeddable":true,"href":"https:\/\/www.meydan.tv\/az\/wp-json\/wp\/v2\/users\/8"}],"replies":[{"embeddable":true,"href":"https:\/\/www.meydan.tv\/az\/wp-json\/wp\/v2\/comments?post=278840"}],"version-history":[{"count":2,"href":"https:\/\/www.meydan.tv\/az\/wp-json\/wp\/v2\/posts\/278840\/revisions"}],"predecessor-version":[{"id":278842,"href":"https:\/\/www.meydan.tv\/az\/wp-json\/wp\/v2\/posts\/278840\/revisions\/278842"}],"wp:featuredmedia":[{"embeddable":true,"href":"https:\/\/www.meydan.tv\/az\/wp-json\/wp\/v2\/media\/260251"}],"wp:attachment":[{"href":"https:\/\/www.meydan.tv\/az\/wp-json\/wp\/v2\/media?parent=278840"}],"wp:term":[{"taxonomy":"category","embeddable":true,"href":"https:\/\/www.meydan.tv\/az\/wp-json\/wp\/v2\/categories?post=278840"},{"taxonomy":"post_tag","embeddable":true,"href":"https:\/\/www.meydan.tv\/az\/wp-json\/wp\/v2\/tags?post=278840"}],"curies":[{"name":"wp","href":"https:\/\/api.w.org\/{rel}","templated":true}]}}