{"id":278838,"date":"2023-06-30T17:04:48","date_gmt":"2023-06-30T13:04:48","guid":{"rendered":"https:\/\/www.meydan.tv\/?p=278838"},"modified":"2023-06-30T17:05:01","modified_gmt":"2023-06-30T13:05:01","slug":"goygol-milli-parkindan-sikayet-var-bir-terefde-turistler-o-biri-terefde-mal-qara","status":"publish","type":"post","link":"https:\/\/www.meydan.tv\/az\/article\/goygol-milli-parkindan-sikayet-var-bir-terefde-turistler-o-biri-terefde-mal-qara\/","title":{"rendered":"G\u00f6yg\u00f6l Milli Park\u0131ndan \u015fikay\u0259t var: \u201cBir t\u0259r\u0259fd\u0259 turistl\u0259r, o biri t\u0259r\u0259fd\u0259 mal-qara\u201d"},"content":{"rendered":"\n<p><\/p>\n\n\n\n<p><strong><em>M\u00fc\u015ffiq Atayev: \u201cD\u0259f\u0259l\u0259rl\u0259 bununla \u0259laq\u0259dar \u015fikay\u0259t el\u0259dim ki, t\u0259dbir g\u00f6r\u00fcn, ay\u0131bd\u0131r, n\u0259tic\u0259d\u0259 i\u015fimi itirdim&#8230;\u201d<\/em><\/strong><\/p>\n\n\n\n<p>14 il G\u00f6yg\u00f6l Milli Park\u0131nda \u00e7al\u0131\u015fm\u0131\u015f M\u00fc\u015ffiq Atayev deyir ki, onu qoruqda ba\u015f ver\u0259n qanunsuzluqlara g\u00f6z yummad\u0131\u011f\u0131na g\u00f6r\u0259 c\u0259zaland\u0131r\u0131blar. O, h\u0259l\u0259 i\u015fl\u0259diyi vaxtlarda qoruqda ba\u015f ver\u0259nl\u0259rl\u0259 ba\u011fl\u0131 Ekologiya v\u0259 T\u0259bii S\u0259rv\u0259tl\u0259r Nazirliyin\u0259 \u015fikay\u0259tl\u0259r edib. \u015eikay\u0259ti \u0259sas\u0131nda \u0259raziy\u0259 yoxlama g\u00f6nd\u0259rilib, n\u00f6qsanlar a\u015fkarlan\u0131b.<\/p>\n\n\n\n<p><strong>\u201cM\u00fcxt\u0259lif fermerl\u0259rin mal-qaras\u0131 G\u00f6yg\u00f6l M\u0259rk\u0259zi Park\u0131n\u0131n \u0259razisin\u0259 burax\u0131l\u0131r\u201d<\/strong><\/p>\n\n\n\n<p>M\u00fc\u015ffiq Atayev G\u00f6yg\u00f6l Milli Park\u0131nda t\u0259s\u0259rr\u00fcfat m\u00fcdiri olub. O iddia edir ki, \u00e7al\u0131\u015fd\u0131\u011f\u0131 m\u00fcdd\u0259td\u0259 i\u015fin\u0259 h\u0259mi\u015f\u0259 m\u0259suliyy\u0259tl\u0259 yana\u015f\u0131b, n\u0259tic\u0259d\u0259 bir s\u0131ra m\u00fckafatlara layiq g\u00f6r\u00fcl\u00fcb. Onun s\u00f6zl\u0259rin\u0259 g\u00f6r\u0259, bu quruma 2020-ci ild\u0259 \u0130lham M\u0259mm\u0259dov r\u0259hb\u0259r t\u0259yin olunandan sonra v\u0259ziyy\u0259t d\u0259yi\u015fib:<\/p>\n\n\n\n<p>\u201c<em>O, \u0259vv\u0259l bal\u0131q zavodunun m\u00fcdiri olmu\u015fdu. G\u0259l\u0259nd\u0259n o \u0259hval-ruhiyy\u0259d\u0259 idi ki, qoruqdak\u0131 i\u015f\u00e7il\u0259ri t\u0259mizl\u0259sin, \u00f6z adamlar\u0131n\u0131 g\u0259tirsin. Deyirdi ki, \u201c\u0259riz\u0259nizi yaz\u0131n, gedin\u201d. Gah anbar\u0131 yoxlatd\u0131rd\u0131, gah komissiya t\u0259\u015fkil el\u0259tdirdi, he\u00e7 n\u0259 tapmad\u0131. M\u0259nim v\u0259zif\u0259mi d\u0259yi\u015fib, b\u0259l\u0259d\u00e7i el\u0259dil\u0259r. Yen\u0259 i\u015fimin \u00f6hd\u0259sind\u0259n g\u0259lirdim&#8230;\u201d.<\/em><\/p>\n\n\n\n<p>M\u00fc\u015ffiq Atayevin s\u00f6zl\u0259rin\u0259 g\u00f6r\u0259, G\u00f6yg\u00f6l Milli Park\u0131n\u0131n \u0259razisi 12 min 755 hektard\u0131r. Bunun da 6 min 755 hektar\u0131 qoruq hesab olunur.<\/p>\n\n\n\n<p>\u015eikay\u0259t\u00e7i deyir ki, park\u0131n \u0259razisind\u0259 bir t\u0259r\u0259fd\u0259 turistl\u0259r g\u0259zdiyi halda, dig\u0259r t\u0259r\u0259fd\u0259 d\u0259 tez-tez mal-qaraya rast g\u0259lm\u0259k olur. H\u0259min mal-qara is\u0259 \u0259raziy\u0259 \u00f6zba\u015f\u0131na gedib \u00e7\u0131xm\u0131r:<\/p>\n\n\n\n<p>\u201c<em>\u0130\u015fl\u0259diyim vaxtlarda bununla \u0259laq\u0259dar d\u0259f\u0259l\u0259rl\u0259 \u015fikay\u0259t el\u0259dim ki, t\u0259dbir g\u00f6r\u00fcls\u00fcn, ay\u0131bd\u0131r. Bir t\u0259r\u0259fd\u0259 turistl\u0259r, o biri t\u0259r\u0259fd\u0259 mal-qara&#8230; El\u0259 h\u0259min \u015fikay\u0259tl\u0259r d\u0259 ax\u0131rda i\u015fimin itirilm\u0259si hesab\u0131na ba\u015fa g\u0259ldi. Ara\u015fd\u0131rmalar zaman\u0131 m\u0259lum oldu ki, m\u00fcxt\u0259lif fermerl\u0259rin mal-qaras\u0131d\u0131r, raz\u0131la\u015fd\u0131r\u0131lm\u0131\u015f qaydada ora burax\u0131l\u0131r. Bu problemi \u0130lham M\u0259mm\u0259dovun da n\u0259z\u0259rin\u0259 \u00e7atd\u0131rm\u0131\u015fd\u0131m. M\u0259n\u0259 deyirdil\u0259r ki, guya nazirlikl\u0259 raz\u0131la\u015fd\u0131r\u0131l\u0131b\u201d.<\/em><\/p>\n\n\n\n<p>\u201c<strong>Nazir\u0259 d\u0259 problemi dedim, \u00fc\u00e7 g\u00fcn sonra \u00f6z\u00fcm\u00fc nazirliy\u0259 \u00e7a\u011f\u0131rd\u0131lar&#8230;\u201d<\/strong><\/p>\n\n\n\n<p>M\u00fc\u015ffiq Atayevin s\u00f6zl\u0259rin\u0259 g\u00f6r\u0259, ekologiya v\u0259 t\u0259bii s\u0259rv\u0259tl\u0259r naziri Muxtar Babayevin G\u00f6yg\u00f6l\u0259 s\u0259f\u0259ri zaman\u0131 onunla g\u00f6r\u00fc\u015f\u00fcb, park\u0131n \u0259razisin\u0259 mal-qara burax\u0131lmas\u0131 problemini onun da n\u0259z\u0259rin\u0259 \u00e7atd\u0131r\u0131b. Nazir \u0259trafda olan \u015f\u0259xsl\u0259rd\u0259n birin\u0259 g\u00f6st\u0259ri\u015f verib ki, m\u0259s\u0259l\u0259 qeyd olunsun v\u0259 ara\u015fd\u0131r\u0131ls\u0131n:<\/p>\n\n\n<div class=\"wp-block-image\">\n<figure class=\"alignright size-large is-resized\"><img decoding=\"async\" data-src=\"https:\/\/www.meydan.tv\/wp-content\/uploads\/photo-2023-06-30-16-12-47_720-1095x821.jpg\" alt=\"\" class=\"wp-image-278832 lazyload\" width=\"374\" height=\"280\" src=\"data:image\/svg+xml;base64,PHN2ZyB3aWR0aD0iMSIgaGVpZ2h0PSIxIiB4bWxucz0iaHR0cDovL3d3dy53My5vcmcvMjAwMC9zdmciPjwvc3ZnPg==\" style=\"--smush-placeholder-width: 374px; --smush-placeholder-aspect-ratio: 374\/280;\" \/><figcaption class=\"wp-element-caption\">M\u00fc\u015ffiq Atayev. Foto: Meydan TV<\/figcaption><\/figure>\n<\/div>\n\n\n<p>\u201c<em>\u00dc\u00e7 g\u00fcn sonra m\u0259ni Bak\u0131ya \u2013 nazirliy\u0259 \u00e7a\u011f\u0131rd\u0131lar. Orada sor\u011fu-sual el\u0259dil\u0259r. Rayona qay\u0131dandan sonra dedil\u0259r ki, nazirlikd\u0259 \u0130lham M\u0259mm\u0259dovun dostu var. Amma nazir m\u0259nim dedikl\u0259rimin ara\u015fd\u0131r\u0131lmas\u0131 \u00fc\u00e7\u00fcn g\u00f6st\u0259ri\u015f vermi\u015fdi, onun \u0259sas\u0131nda 10 sayl\u0131 Regional \u0130dar\u0259nin i\u015f\u00e7il\u0259ri g\u0259lib G\u00f6yg\u00f6l Milli Park\u0131nda yoxlama aparm\u0131\u015fd\u0131. N\u0259tic\u0259d\u0259 xeyli qanunsuzluqlar a\u015fkarlanm\u0131\u015fd\u0131\u201d.<\/em><\/p>\n\n\n\n<p><strong>\u201cNec\u0259 ixtisar gedir ki, m\u0259nd\u0259n sonra 7 n\u0259f\u0259ri i\u015f\u0259 g\u00f6t\u00fcr\u00fcbl\u0259r?\u201d<\/strong><\/p>\n\n\n\n<p>M\u00fc\u015ffiq Atayev bir m\u00fcdd\u0259t \u00f6nc\u0259 \u018fm\u0259k M\u0259c\u0259ll\u0259sinin 68.2 (b) madd\u0259sil\u0259 (\u0259m\u0259k m\u00fcqavil\u0259sinin m\u00fcdd\u0259tinin qurtarmas\u0131) i\u015fd\u0259n azad olunub. Lakin o hesab edir ki, qanunsuzluqlara g\u00f6z yummad\u0131\u011f\u0131na, korrupsiyan\u0131 dil\u0259 g\u0259tirdiyin\u0259 g\u00f6r\u0259 onunla m\u00fcqavil\u0259ni uzatmay\u0131blar. Deyibl\u0259r ki, i\u015f\u00e7iy\u0259 ehtiyac yoxdur, ixtisar gedir: \u201cNec\u0259 ixtisar gedir ki, m\u0259nd\u0259n sonra 7 n\u0259f\u0259ri i\u015f\u0259 g\u00f6t\u00fcr\u00fcbl\u0259r?\u201d<\/p>\n\n\n\n<p>G\u00f6yg\u00f6l Milli Park\u0131n\u0131n r\u0259hb\u0259rliyi is\u0259 M\u00fc\u015ffiq Atayevin onlara b\u00f6htan atd\u0131\u011f\u0131n\u0131 iddia edir. Park\u0131n i\u015f\u00e7il\u0259ri bu bar\u0259d\u0259 akt da t\u0259rtib edib v\u0259 imzalay\u0131blar. Orada g\u00f6st\u0259ribl\u0259r ki, M\u00fc\u015ffiq Atayev b\u00f6htan at\u0131r, bu \u00fczd\u0259n onunla birlikd\u0259 i\u015fl\u0259m\u0259k ist\u0259mirl\u0259r.<\/p>\n\n\n\n<p>M\u00fc\u015ffiq Atayev is\u0259 d\u00fc\u015f\u00fcn\u00fcr ki, ke\u00e7mi\u015f i\u015f yolda\u015flar\u0131 onun \u0259leyhin\u0259 akta t\u0259zyiq alt\u0131nda imza at\u0131blar.<\/p>\n\n\n\n<p>O, Prezident Administrasiyas\u0131, Korrupsiyaya Qar\u015f\u0131 M\u00fcbariz\u0259 \u0130dar\u0259si, Ombudsman da daxil olmaqla, m\u00fcxt\u0259lif d\u00f6vl\u0259t strukturlar\u0131na \u015fikay\u0259tl\u0259r g\u00f6nd\u0259rib. Gileyl\u0259nir ki, d\u00f6vl\u0259t orqanlar\u0131 \u015fikay\u0259tl\u0259rini ara\u015fd\u0131rmaq \u0259v\u0259zin\u0259 Ekologiya v\u0259 T\u0259bii S\u0259rv\u0259tl\u0259r Nazirliyin\u0259 y\u00f6nl\u0259ndirir.<\/p>\n\n\n\n<p><strong>Bir ne\u00e7\u0259 il \u00f6nc\u0259 qoruqda ona x\u0259sar\u0259t yetirmi\u015fdil\u0259r&#8230;<\/strong><\/p>\n\n\n\n<p>2016-c\u0131 ilin iyulunda Ekologiya v\u0259 T\u0259bii S\u0259rv\u0259tl\u0259r Nazirliyi G\u00f6yg\u00f6l Milli Park\u0131n\u0131n n\u0259zar\u0259t-burax\u0131l\u0131\u015f m\u0259nt\u0259q\u0259sind\u0259 bir ne\u00e7\u0259 \u015f\u0259xsin park\u0131n i\u015f\u00e7isin\u0259 a\u011f\u0131r x\u0259sar\u0259t yetirm\u0259si haqda r\u0259smi a\u00e7\u0131qlama yaym\u0131\u015fd\u0131. H\u0259min a\u00e7\u0131qlamada s\u00f6hb\u0259t M\u00fc\u015ffiq Atayevd\u0259n gedirdi.<\/p>\n\n\n\n<p>Hadis\u0259 2016-c\u0131 il iyulun 21-d\u0259 s\u0259h\u0259r saat 07:30 rad\u0259l\u0259rind\u0259 ba\u015f verib. Bir ne\u00e7\u0259 n\u0259f\u0259r qoru\u011fa girm\u0259k \u00fc\u00e7\u00fcn n\u0259zar\u0259t-burax\u0131l\u0131\u015f m\u0259nt\u0259q\u0259sin\u0259 daxil olub. N\u00f6vb\u0259d\u0259 olan M\u00fc\u015ffiq Atayev parka turistl\u0259rin burax\u0131l\u0131\u015f saat\u0131n\u0131n 9:00-dan ba\u015fland\u0131\u011f\u0131n\u0131 izah etm\u0259y\u0259 \u00e7al\u0131\u015f\u0131b. Lakin h\u0259min \u015f\u0259xsl\u0259r raz\u0131la\u015fmay\u0131b. N\u0259tic\u0259d\u0259 ona a\u011f\u0131r x\u0259sar\u0259t yetiribl\u0259r.<\/p>\n","protected":false},"excerpt":{"rendered":"<p>M\u00fc\u015ffiq Atayev: \u201cD\u0259f\u0259l\u0259rl\u0259 bununla \u0259laq\u0259dar \u015fikay\u0259t el\u0259dim ki, t\u0259dbir g\u00f6r\u00fcn, &#8230; <\/p>\n<p class=\"read-more-container\"><a title=\"G\u00f6yg\u00f6l Milli Park\u0131ndan \u015fikay\u0259t var: \u201cBir t\u0259r\u0259fd\u0259 turistl\u0259r, o biri t\u0259r\u0259fd\u0259 mal-qara\u201d\" class=\"read-more button\" href=\"https:\/\/www.meydan.tv\/az\/article\/goygol-milli-parkindan-sikayet-var-bir-terefde-turistler-o-biri-terefde-mal-qara\/#more-278838\" aria-label=\"Read more about G\u00f6yg\u00f6l Milli Park\u0131ndan \u015fikay\u0259t var: \u201cBir t\u0259r\u0259fd\u0259 turistl\u0259r, o biri t\u0259r\u0259fd\u0259 mal-qara\u201d\">Davam\u0131<\/a><\/p>\n","protected":false},"author":8,"featured_media":278835,"comment_status":"closed","ping_status":"closed","sticky":false,"template":"","format":"standard","meta":{"_acf_changed":false,"_sitemap_exclude":false,"_sitemap_priority":"","_sitemap_frequency":"","footnotes":""},"categories":[60,56],"tags":[],"class_list":["post-278838","post","type-post","status-publish","format-standard","has-post-thumbnail","hentry","category-bolge","category-xeberler","infinite-scroll-item","generate-columns","tablet-grid-50","mobile-grid-100","grid-parent","grid-33","no-featured-image-padding"],"acf":[],"yoast_head":"<!-- This site is optimized with the Yoast SEO plugin v27.5 - https:\/\/yoast.com\/product\/yoast-seo-wordpress\/ -->\n<title>G\u00f6yg\u00f6l Milli Park\u0131ndan \u015fikay\u0259t var: \u201cBir t\u0259r\u0259fd\u0259 turistl\u0259r, o biri t\u0259r\u0259fd\u0259 mal-qara\u201d - MEYDAN.TV<\/title>\n<meta name=\"robots\" content=\"index, follow, max-snippet:-1, max-image-preview:large, max-video-preview:-1\" \/>\n<link rel=\"canonical\" href=\"https:\/\/www.meydan.tv\/az\/article\/goygol-milli-parkindan-sikayet-var-bir-terefde-turistler-o-biri-terefde-mal-qara\/\" \/>\n<meta property=\"og:locale\" content=\"az_AZ\" \/>\n<meta property=\"og:type\" content=\"article\" \/>\n<meta property=\"og:title\" content=\"G\u00f6yg\u00f6l Milli Park\u0131ndan \u015fikay\u0259t var: \u201cBir t\u0259r\u0259fd\u0259 turistl\u0259r, o biri t\u0259r\u0259fd\u0259 mal-qara\u201d - MEYDAN.TV\" \/>\n<meta property=\"og:description\" content=\"M\u00fc\u015ffiq Atayev: \u201cD\u0259f\u0259l\u0259rl\u0259 bununla \u0259laq\u0259dar \u015fikay\u0259t el\u0259dim ki, t\u0259dbir g\u00f6r\u00fcn, ... Davam\u0131\" \/>\n<meta property=\"og:url\" content=\"https:\/\/www.meydan.tv\/az\/article\/goygol-milli-parkindan-sikayet-var-bir-terefde-turistler-o-biri-terefde-mal-qara\/\" \/>\n<meta property=\"og:site_name\" content=\"MEYDAN.TV\" \/>\n<meta property=\"article:published_time\" content=\"2023-06-30T13:04:48+00:00\" \/>\n<meta property=\"article:modified_time\" content=\"2023-06-30T13:05:01+00:00\" \/>\n<meta property=\"og:image\" content=\"https:\/\/www.meydan.tv\/wp-content\/uploads\/untitled-design-5-64.jpg\" \/>\n\t<meta property=\"og:image:width\" content=\"1200\" \/>\n\t<meta property=\"og:image:height\" content=\"800\" \/>\n\t<meta property=\"og:image:type\" content=\"image\/jpeg\" \/>\n<meta name=\"author\" content=\"elli\" \/>\n<meta name=\"twitter:card\" content=\"summary_large_image\" \/>\n<meta name=\"twitter:creator\" content=\"@elli\" \/>\n<script type=\"application\/ld+json\" class=\"yoast-schema-graph\">{\"@context\":\"https:\\\/\\\/schema.org\",\"@graph\":[{\"@type\":\"Article\",\"@id\":\"https:\\\/\\\/www.meydan.tv\\\/az\\\/article\\\/goygol-milli-parkindan-sikayet-var-bir-terefde-turistler-o-biri-terefde-mal-qara\\\/#article\",\"isPartOf\":{\"@id\":\"https:\\\/\\\/www.meydan.tv\\\/az\\\/article\\\/goygol-milli-parkindan-sikayet-var-bir-terefde-turistler-o-biri-terefde-mal-qara\\\/\"},\"author\":{\"name\":\"elli\",\"@id\":\"https:\\\/\\\/www.meydan.tv\\\/az\\\/#\\\/schema\\\/person\\\/9cdbecf90d17180ce1dfbd95b08dcf47\"},\"headline\":\"G\u00f6yg\u00f6l Milli Park\u0131ndan \u015fikay\u0259t var: \u201cBir t\u0259r\u0259fd\u0259 turistl\u0259r, o biri t\u0259r\u0259fd\u0259 mal-qara\u201d\",\"datePublished\":\"2023-06-30T13:04:48+00:00\",\"dateModified\":\"2023-06-30T13:05:01+00:00\",\"mainEntityOfPage\":{\"@id\":\"https:\\\/\\\/www.meydan.tv\\\/az\\\/article\\\/goygol-milli-parkindan-sikayet-var-bir-terefde-turistler-o-biri-terefde-mal-qara\\\/\"},\"wordCount\":1010,\"publisher\":{\"@id\":\"https:\\\/\\\/www.meydan.tv\\\/az\\\/#organization\"},\"image\":{\"@id\":\"https:\\\/\\\/www.meydan.tv\\\/az\\\/article\\\/goygol-milli-parkindan-sikayet-var-bir-terefde-turistler-o-biri-terefde-mal-qara\\\/#primaryimage\"},\"thumbnailUrl\":\"https:\\\/\\\/www.meydan.tv\\\/wp-content\\\/uploads\\\/untitled-design-5-64.jpg\",\"articleSection\":[\"B\u00f6lg\u0259\",\"X\u0259b\u0259rl\u0259r\"],\"inLanguage\":\"az\"},{\"@type\":\"WebPage\",\"@id\":\"https:\\\/\\\/www.meydan.tv\\\/az\\\/article\\\/goygol-milli-parkindan-sikayet-var-bir-terefde-turistler-o-biri-terefde-mal-qara\\\/\",\"url\":\"https:\\\/\\\/www.meydan.tv\\\/az\\\/article\\\/goygol-milli-parkindan-sikayet-var-bir-terefde-turistler-o-biri-terefde-mal-qara\\\/\",\"name\":\"G\u00f6yg\u00f6l Milli Park\u0131ndan \u015fikay\u0259t var: \u201cBir t\u0259r\u0259fd\u0259 turistl\u0259r, o biri t\u0259r\u0259fd\u0259 mal-qara\u201d - MEYDAN.TV\",\"isPartOf\":{\"@id\":\"https:\\\/\\\/www.meydan.tv\\\/az\\\/#website\"},\"primaryImageOfPage\":{\"@id\":\"https:\\\/\\\/www.meydan.tv\\\/az\\\/article\\\/goygol-milli-parkindan-sikayet-var-bir-terefde-turistler-o-biri-terefde-mal-qara\\\/#primaryimage\"},\"image\":{\"@id\":\"https:\\\/\\\/www.meydan.tv\\\/az\\\/article\\\/goygol-milli-parkindan-sikayet-var-bir-terefde-turistler-o-biri-terefde-mal-qara\\\/#primaryimage\"},\"thumbnailUrl\":\"https:\\\/\\\/www.meydan.tv\\\/wp-content\\\/uploads\\\/untitled-design-5-64.jpg\",\"datePublished\":\"2023-06-30T13:04:48+00:00\",\"dateModified\":\"2023-06-30T13:05:01+00:00\",\"breadcrumb\":{\"@id\":\"https:\\\/\\\/www.meydan.tv\\\/az\\\/article\\\/goygol-milli-parkindan-sikayet-var-bir-terefde-turistler-o-biri-terefde-mal-qara\\\/#breadcrumb\"},\"inLanguage\":\"az\",\"potentialAction\":[{\"@type\":\"ReadAction\",\"target\":[\"https:\\\/\\\/www.meydan.tv\\\/az\\\/article\\\/goygol-milli-parkindan-sikayet-var-bir-terefde-turistler-o-biri-terefde-mal-qara\\\/\"]}]},{\"@type\":\"ImageObject\",\"inLanguage\":\"az\",\"@id\":\"https:\\\/\\\/www.meydan.tv\\\/az\\\/article\\\/goygol-milli-parkindan-sikayet-var-bir-terefde-turistler-o-biri-terefde-mal-qara\\\/#primaryimage\",\"url\":\"https:\\\/\\\/www.meydan.tv\\\/wp-content\\\/uploads\\\/untitled-design-5-64.jpg\",\"contentUrl\":\"https:\\\/\\\/www.meydan.tv\\\/wp-content\\\/uploads\\\/untitled-design-5-64.jpg\",\"width\":1200,\"height\":800,\"caption\":\"G\u00f6yg\u00f6l Milli Park\u0131. Foto: eco.gov.az\"},{\"@type\":\"BreadcrumbList\",\"@id\":\"https:\\\/\\\/www.meydan.tv\\\/az\\\/article\\\/goygol-milli-parkindan-sikayet-var-bir-terefde-turistler-o-biri-terefde-mal-qara\\\/#breadcrumb\",\"itemListElement\":[{\"@type\":\"ListItem\",\"position\":1,\"name\":\"Ana s\u0259hif\u0259\",\"item\":\"https:\\\/\\\/www.meydan.tv\\\/az\\\/\"},{\"@type\":\"ListItem\",\"position\":2,\"name\":\"B\u00f6lg\u0259\",\"item\":\"https:\\\/\\\/www.meydan.tv\\\/az\\\/section\\\/bolge\\\/\"},{\"@type\":\"ListItem\",\"position\":3,\"name\":\"G\u00f6yg\u00f6l Milli Park\u0131ndan \u015fikay\u0259t var: \u201cBir t\u0259r\u0259fd\u0259 turistl\u0259r, o biri t\u0259r\u0259fd\u0259 mal-qara\u201d\"}]},{\"@type\":\"WebSite\",\"@id\":\"https:\\\/\\\/www.meydan.tv\\\/az\\\/#website\",\"url\":\"https:\\\/\\\/www.meydan.tv\\\/az\\\/\",\"name\":\"MEYDAN.TV\",\"description\":\"Meydan TV Az\u0259rbaycan\u0131n media m\u0259kan\u0131ndak\u0131 alternativ s\u0259sidir\",\"publisher\":{\"@id\":\"https:\\\/\\\/www.meydan.tv\\\/az\\\/#organization\"},\"potentialAction\":[{\"@type\":\"SearchAction\",\"target\":{\"@type\":\"EntryPoint\",\"urlTemplate\":\"https:\\\/\\\/www.meydan.tv\\\/az\\\/?s={search_term_string}\"},\"query-input\":{\"@type\":\"PropertyValueSpecification\",\"valueRequired\":true,\"valueName\":\"search_term_string\"}}],\"inLanguage\":\"az\"},{\"@type\":\"Organization\",\"@id\":\"https:\\\/\\\/www.meydan.tv\\\/az\\\/#organization\",\"name\":\"Meydan TV\",\"url\":\"https:\\\/\\\/www.meydan.tv\\\/az\\\/\",\"logo\":{\"@type\":\"ImageObject\",\"inLanguage\":\"az\",\"@id\":\"https:\\\/\\\/www.meydan.tv\\\/az\\\/#\\\/schema\\\/logo\\\/image\\\/\",\"url\":\"https:\\\/\\\/www.meydan.tv\\\/wp-content\\\/uploads\\\/2021\\\/07\\\/meydan-logo.svg\",\"contentUrl\":\"https:\\\/\\\/www.meydan.tv\\\/wp-content\\\/uploads\\\/2021\\\/07\\\/meydan-logo.svg\",\"width\":195,\"height\":46,\"caption\":\"Meydan TV\"},\"image\":{\"@id\":\"https:\\\/\\\/www.meydan.tv\\\/az\\\/#\\\/schema\\\/logo\\\/image\\\/\"}},{\"@type\":\"Person\",\"@id\":\"https:\\\/\\\/www.meydan.tv\\\/az\\\/#\\\/schema\\\/person\\\/9cdbecf90d17180ce1dfbd95b08dcf47\",\"name\":\"elli\",\"sameAs\":[\"https:\\\/\\\/x.com\\\/elli\"]}]}<\/script>\n<!-- \/ Yoast SEO plugin. -->","yoast_head_json":{"title":"G\u00f6yg\u00f6l Milli Park\u0131ndan \u015fikay\u0259t var: \u201cBir t\u0259r\u0259fd\u0259 turistl\u0259r, o biri t\u0259r\u0259fd\u0259 mal-qara\u201d - MEYDAN.TV","robots":{"index":"index","follow":"follow","max-snippet":"max-snippet:-1","max-image-preview":"max-image-preview:large","max-video-preview":"max-video-preview:-1"},"canonical":"https:\/\/www.meydan.tv\/az\/article\/goygol-milli-parkindan-sikayet-var-bir-terefde-turistler-o-biri-terefde-mal-qara\/","og_locale":"az_AZ","og_type":"article","og_title":"G\u00f6yg\u00f6l Milli Park\u0131ndan \u015fikay\u0259t var: \u201cBir t\u0259r\u0259fd\u0259 turistl\u0259r, o biri t\u0259r\u0259fd\u0259 mal-qara\u201d - MEYDAN.TV","og_description":"M\u00fc\u015ffiq Atayev: \u201cD\u0259f\u0259l\u0259rl\u0259 bununla \u0259laq\u0259dar \u015fikay\u0259t el\u0259dim ki, t\u0259dbir g\u00f6r\u00fcn, ... Davam\u0131","og_url":"https:\/\/www.meydan.tv\/az\/article\/goygol-milli-parkindan-sikayet-var-bir-terefde-turistler-o-biri-terefde-mal-qara\/","og_site_name":"MEYDAN.TV","article_published_time":"2023-06-30T13:04:48+00:00","article_modified_time":"2023-06-30T13:05:01+00:00","og_image":[{"width":1200,"height":800,"url":"https:\/\/www.meydan.tv\/wp-content\/uploads\/untitled-design-5-64.jpg","type":"image\/jpeg"}],"author":"elli","twitter_card":"summary_large_image","twitter_creator":"@elli","schema":{"@context":"https:\/\/schema.org","@graph":[{"@type":"Article","@id":"https:\/\/www.meydan.tv\/az\/article\/goygol-milli-parkindan-sikayet-var-bir-terefde-turistler-o-biri-terefde-mal-qara\/#article","isPartOf":{"@id":"https:\/\/www.meydan.tv\/az\/article\/goygol-milli-parkindan-sikayet-var-bir-terefde-turistler-o-biri-terefde-mal-qara\/"},"author":{"name":"elli","@id":"https:\/\/www.meydan.tv\/az\/#\/schema\/person\/9cdbecf90d17180ce1dfbd95b08dcf47"},"headline":"G\u00f6yg\u00f6l Milli Park\u0131ndan \u015fikay\u0259t var: \u201cBir t\u0259r\u0259fd\u0259 turistl\u0259r, o biri t\u0259r\u0259fd\u0259 mal-qara\u201d","datePublished":"2023-06-30T13:04:48+00:00","dateModified":"2023-06-30T13:05:01+00:00","mainEntityOfPage":{"@id":"https:\/\/www.meydan.tv\/az\/article\/goygol-milli-parkindan-sikayet-var-bir-terefde-turistler-o-biri-terefde-mal-qara\/"},"wordCount":1010,"publisher":{"@id":"https:\/\/www.meydan.tv\/az\/#organization"},"image":{"@id":"https:\/\/www.meydan.tv\/az\/article\/goygol-milli-parkindan-sikayet-var-bir-terefde-turistler-o-biri-terefde-mal-qara\/#primaryimage"},"thumbnailUrl":"https:\/\/www.meydan.tv\/wp-content\/uploads\/untitled-design-5-64.jpg","articleSection":["B\u00f6lg\u0259","X\u0259b\u0259rl\u0259r"],"inLanguage":"az"},{"@type":"WebPage","@id":"https:\/\/www.meydan.tv\/az\/article\/goygol-milli-parkindan-sikayet-var-bir-terefde-turistler-o-biri-terefde-mal-qara\/","url":"https:\/\/www.meydan.tv\/az\/article\/goygol-milli-parkindan-sikayet-var-bir-terefde-turistler-o-biri-terefde-mal-qara\/","name":"G\u00f6yg\u00f6l Milli Park\u0131ndan \u015fikay\u0259t var: \u201cBir t\u0259r\u0259fd\u0259 turistl\u0259r, o biri t\u0259r\u0259fd\u0259 mal-qara\u201d - MEYDAN.TV","isPartOf":{"@id":"https:\/\/www.meydan.tv\/az\/#website"},"primaryImageOfPage":{"@id":"https:\/\/www.meydan.tv\/az\/article\/goygol-milli-parkindan-sikayet-var-bir-terefde-turistler-o-biri-terefde-mal-qara\/#primaryimage"},"image":{"@id":"https:\/\/www.meydan.tv\/az\/article\/goygol-milli-parkindan-sikayet-var-bir-terefde-turistler-o-biri-terefde-mal-qara\/#primaryimage"},"thumbnailUrl":"https:\/\/www.meydan.tv\/wp-content\/uploads\/untitled-design-5-64.jpg","datePublished":"2023-06-30T13:04:48+00:00","dateModified":"2023-06-30T13:05:01+00:00","breadcrumb":{"@id":"https:\/\/www.meydan.tv\/az\/article\/goygol-milli-parkindan-sikayet-var-bir-terefde-turistler-o-biri-terefde-mal-qara\/#breadcrumb"},"inLanguage":"az","potentialAction":[{"@type":"ReadAction","target":["https:\/\/www.meydan.tv\/az\/article\/goygol-milli-parkindan-sikayet-var-bir-terefde-turistler-o-biri-terefde-mal-qara\/"]}]},{"@type":"ImageObject","inLanguage":"az","@id":"https:\/\/www.meydan.tv\/az\/article\/goygol-milli-parkindan-sikayet-var-bir-terefde-turistler-o-biri-terefde-mal-qara\/#primaryimage","url":"https:\/\/www.meydan.tv\/wp-content\/uploads\/untitled-design-5-64.jpg","contentUrl":"https:\/\/www.meydan.tv\/wp-content\/uploads\/untitled-design-5-64.jpg","width":1200,"height":800,"caption":"G\u00f6yg\u00f6l Milli Park\u0131. Foto: eco.gov.az"},{"@type":"BreadcrumbList","@id":"https:\/\/www.meydan.tv\/az\/article\/goygol-milli-parkindan-sikayet-var-bir-terefde-turistler-o-biri-terefde-mal-qara\/#breadcrumb","itemListElement":[{"@type":"ListItem","position":1,"name":"Ana s\u0259hif\u0259","item":"https:\/\/www.meydan.tv\/az\/"},{"@type":"ListItem","position":2,"name":"B\u00f6lg\u0259","item":"https:\/\/www.meydan.tv\/az\/section\/bolge\/"},{"@type":"ListItem","position":3,"name":"G\u00f6yg\u00f6l Milli Park\u0131ndan \u015fikay\u0259t var: \u201cBir t\u0259r\u0259fd\u0259 turistl\u0259r, o biri t\u0259r\u0259fd\u0259 mal-qara\u201d"}]},{"@type":"WebSite","@id":"https:\/\/www.meydan.tv\/az\/#website","url":"https:\/\/www.meydan.tv\/az\/","name":"MEYDAN.TV","description":"Meydan TV Az\u0259rbaycan\u0131n media m\u0259kan\u0131ndak\u0131 alternativ s\u0259sidir","publisher":{"@id":"https:\/\/www.meydan.tv\/az\/#organization"},"potentialAction":[{"@type":"SearchAction","target":{"@type":"EntryPoint","urlTemplate":"https:\/\/www.meydan.tv\/az\/?s={search_term_string}"},"query-input":{"@type":"PropertyValueSpecification","valueRequired":true,"valueName":"search_term_string"}}],"inLanguage":"az"},{"@type":"Organization","@id":"https:\/\/www.meydan.tv\/az\/#organization","name":"Meydan TV","url":"https:\/\/www.meydan.tv\/az\/","logo":{"@type":"ImageObject","inLanguage":"az","@id":"https:\/\/www.meydan.tv\/az\/#\/schema\/logo\/image\/","url":"https:\/\/www.meydan.tv\/wp-content\/uploads\/2021\/07\/meydan-logo.svg","contentUrl":"https:\/\/www.meydan.tv\/wp-content\/uploads\/2021\/07\/meydan-logo.svg","width":195,"height":46,"caption":"Meydan TV"},"image":{"@id":"https:\/\/www.meydan.tv\/az\/#\/schema\/logo\/image\/"}},{"@type":"Person","@id":"https:\/\/www.meydan.tv\/az\/#\/schema\/person\/9cdbecf90d17180ce1dfbd95b08dcf47","name":"elli","sameAs":["https:\/\/x.com\/elli"]}]}},"_links":{"self":[{"href":"https:\/\/www.meydan.tv\/az\/wp-json\/wp\/v2\/posts\/278838","targetHints":{"allow":["GET"]}}],"collection":[{"href":"https:\/\/www.meydan.tv\/az\/wp-json\/wp\/v2\/posts"}],"about":[{"href":"https:\/\/www.meydan.tv\/az\/wp-json\/wp\/v2\/types\/post"}],"author":[{"embeddable":true,"href":"https:\/\/www.meydan.tv\/az\/wp-json\/wp\/v2\/users\/8"}],"replies":[{"embeddable":true,"href":"https:\/\/www.meydan.tv\/az\/wp-json\/wp\/v2\/comments?post=278838"}],"version-history":[{"count":1,"href":"https:\/\/www.meydan.tv\/az\/wp-json\/wp\/v2\/posts\/278838\/revisions"}],"predecessor-version":[{"id":278839,"href":"https:\/\/www.meydan.tv\/az\/wp-json\/wp\/v2\/posts\/278838\/revisions\/278839"}],"wp:featuredmedia":[{"embeddable":true,"href":"https:\/\/www.meydan.tv\/az\/wp-json\/wp\/v2\/media\/278835"}],"wp:attachment":[{"href":"https:\/\/www.meydan.tv\/az\/wp-json\/wp\/v2\/media?parent=278838"}],"wp:term":[{"taxonomy":"category","embeddable":true,"href":"https:\/\/www.meydan.tv\/az\/wp-json\/wp\/v2\/categories?post=278838"},{"taxonomy":"post_tag","embeddable":true,"href":"https:\/\/www.meydan.tv\/az\/wp-json\/wp\/v2\/tags?post=278838"}],"curies":[{"name":"wp","href":"https:\/\/api.w.org\/{rel}","templated":true}]}}