{"id":278814,"date":"2023-06-30T12:54:13","date_gmt":"2023-06-30T08:54:13","guid":{"rendered":"https:\/\/www.meydan.tv\/?p=278814"},"modified":"2023-06-30T12:55:34","modified_gmt":"2023-06-30T08:55:34","slug":"entoni-blinken-yekun-razilasmaya-nail-olmaq-ucun-hele-de-cetin-isler-gorulmelidir","status":"publish","type":"post","link":"https:\/\/www.meydan.tv\/az\/article\/entoni-blinken-yekun-razilasmaya-nail-olmaq-ucun-hele-de-cetin-isler-gorulmelidir\/","title":{"rendered":"Entoni Blinken: \u201cYekun raz\u0131la\u015fmaya nail olmaq \u00fc\u00e7\u00fcn h\u0259l\u0259 d\u0259 \u00e7\u0259tin i\u015fl\u0259r g\u00f6r\u00fclm\u0259lidir\u201d"},"content":{"rendered":"\n<p><\/p>\n\n\n\n<p><strong><em>Az\u0259rbaycan v\u0259 Erm\u0259nistan xarici i\u015fl\u0259r nazirlikl\u0259ri Va\u015finqton g\u00f6r\u00fc\u015f\u00fc bar\u0259d\u0259 a\u00e7\u0131qlama yay\u0131b<\/em><\/strong><\/p>\n\n\n\n<p>AB\u015e d\u00f6vl\u0259t katibi Entoni Blinken Va\u015finqtonda Az\u0259rbaycan v\u0259 Erm\u0259nistan xarici i\u015fl\u0259r nazirl\u0259rinin 3 g\u00fcnl\u00fck dan\u0131\u015f\u0131qlar\u0131n\u0131n yekunu bar\u0259d\u0259 a\u00e7\u0131qlama verib.<\/p>\n\n\n\n<p>D\u00f6vl\u0259t katibi bildirib ki, inki\u015faf var, lakin qar\u015f\u0131da xeyli \u00e7\u0259tin i\u015fl\u0259r g\u00f6zl\u0259yir.<\/p>\n\n\n\n<p>E.Blinkenin s\u00f6zl\u0259rin\u0259 g\u00f6r\u0259, g\u00f6r\u00fc\u015fl\u0259r s\u0259mimi v\u0259 a\u00e7\u0131q \u015f\u0259kild\u0259 ke\u00e7ib:<\/p>\n\n\n\n<p><em>&#8220;H\u0259r iki t\u0259r\u0259f raz\u0131l\u0131\u011fa g\u0259lm\u0259k \u00fc\u00e7\u00fcn ciddi dan\u0131\u015f\u0131qlar aparma\u011fa haz\u0131r oldu\u011funu n\u00fcmayi\u015f etdirib&#8221;.<\/em><\/p>\n\n\n\n<p>Bu bar\u0259d\u0259 m\u0259lumat yayan &#8220;Turan&#8221; E.Blinkenin nazirl\u0259rl\u0259 yenid\u0259n g\u00f6r\u00fc\u015fd\u00fcy\u00fcn\u00fc qeyd <a href=\"https:\/\/www.turan.az\/ext\/news\/2023\/6\/free\/politics_news\/az\/6015.htm\" target=\"_blank\" rel=\"noreferrer noopener\">edib. <\/a>Bildirilir ki, d\u00f6vl\u0259t katibi nazirl\u0259rl\u0259 h\u0259m ayr\u0131l\u0131qda, h\u0259m d\u0259 h\u0259r ikisil\u0259 birlikd\u0259 g\u00f6r\u00fc\u015f\u00fcb.<\/p>\n\n\n\n<p>Diplomat h\u0259m\u00e7inin Avropa \u0130ttifaq\u0131n\u0131n vasit\u0259\u00e7iliyil\u0259 yax\u0131n h\u0259ft\u0259l\u0259rd\u0259 ba\u015f tutacaq iki \u00f6lk\u0259 liderinin g\u00f6r\u00fc\u015f\u00fcnd\u0259 g\u0259l\u0259c\u0259k ir\u0259lil\u0259yi\u015fl\u0259r\u0259 \u00fcmid edib:<\/p>\n\n\n\n<p><em>&#8220;M\u0259n s\u00fclh sazi\u015finin, o c\u00fcml\u0259d\u0259n b\u0259zi \u0259lav\u0259 madd\u0259l\u0259r \u00fczr\u0259 raz\u0131la\u015fmalar\u0131n haz\u0131rlanmas\u0131n\u0131, el\u0259c\u0259 d\u0259 qalan m\u0259s\u0259l\u0259l\u0259r \u00fczr\u0259 t\u0259r\u0259fl\u0259rin m\u00f6vqel\u0259rinin anla\u015f\u0131lmas\u0131n\u0131, \u00fcmumi m\u0259qs\u0259d\u0259 do\u011fru ir\u0259lil\u0259yi\u015fi y\u00fcks\u0259k qiym\u0259tl\u0259ndirir\u0259m. Onu da ba\u015fa d\u00fc\u015fm\u0259k laz\u0131md\u0131r ki, yekun raz\u0131la\u015fmaya nail olmaq \u00fc\u00e7\u00fcn h\u0259l\u0259 d\u0259 \u00e7\u0259tin i\u015fl\u0259r g\u00f6r\u00fclm\u0259lidir\u201d.<\/em><\/p>\n\n\n\n<p><em>&#8220;Biz \u00fcmumi v\u0259 yekun sazi\u015f\u0259 nail olmaq m\u0259qs\u0259dil\u0259 \u00f6n\u00fcm\u00fczd\u0259ki h\u0259ft\u0259l\u0259rd\u0259 v\u0259 aylarda da bu prosesin davam etdirilm\u0259sini ist\u0259yirik\u201d,<\/em> -Blinken deyib.<\/p>\n\n\n<div class=\"wp-block-image\">\n<figure class=\"aligncenter size-full\"><img decoding=\"async\" width=\"1200\" height=\"800\" data-src=\"https:\/\/www.meydan.tv\/wp-content\/uploads\/tag_8160-copy.jpg\" alt=\"\" class=\"wp-image-278815 lazyload\" src=\"data:image\/svg+xml;base64,PHN2ZyB3aWR0aD0iMSIgaGVpZ2h0PSIxIiB4bWxucz0iaHR0cDovL3d3dy53My5vcmcvMjAwMC9zdmciPjwvc3ZnPg==\" style=\"--smush-placeholder-width: 1200px; --smush-placeholder-aspect-ratio: 1200\/800;\" \/><figcaption class=\"wp-element-caption\">Va\u015finqton g\u00f6r\u00fc\u015f\u00fc. Foto: X\u0130N<\/figcaption><\/figure>\n<\/div>\n\n\n<p>G\u00f6r\u00fc\u015f\u00fcn sonunda Ceyhun Bayramov v\u0259 Ararat Mirzoyan \u00e7\u0131x\u0131\u015f etm\u0259yibl\u0259r.<br>3 g\u00fcnl\u00fck dan\u0131\u015f\u0131qlar bar\u0259d\u0259 Az\u0259rbaycan v\u0259 Erm\u0259nistan Xarici \u0130\u015fl\u0259r nazirlikl\u0259ri d\u0259 a\u00e7\u0131qlama yay\u0131b.<\/p>\n\n\n\n<p>Az\u0259rbaycan Xarici \u0130\u015fl\u0259r Nazirliyi Va\u015finqtonda S\u00fclh v\u0259 D\u00f6vl\u0259tl\u0259raras\u0131 M\u00fcnasib\u0259tl\u0259rin qurulmas\u0131 haqq\u0131nda ikit\u0259r\u0259fli Sazi\u015f layih\u0259si \u00fczr\u0259 \u0259lav\u0259 t\u0259r\u0259qqiy\u0259 nail olundu\u011funu bildiririb.<\/p>\n\n\n\n<p>Nazirlik sazi\u015f layih\u0259sinin \u0259lav\u0259 madd\u0259l\u0259ri \u00fczr\u0259 raz\u0131l\u0131q \u0259ld\u0259 edildiyini v\u0259 s\u0259n\u0259d \u00fczr\u0259 qar\u015f\u0131l\u0131ql\u0131 anla\u015fmaya do\u011fru add\u0131m at\u0131ld\u0131\u011f\u0131n\u0131 \u0259lav\u0259 edib:<\/p>\n\n\n\n<p><em>&#8220;Eyni zamanda, b\u0259zi \u0259sas m\u0259s\u0259l\u0259l\u0259r \u00fczr\u0259 \u0259lav\u0259 i\u015fin davam etdirilm\u0259sin\u0259 ehtiyac oldu\u011fu qeyd olunub&#8221;.<\/em><\/p>\n\n\n\n<p>Nazirlik h\u0259m\u00e7inin 27-29 iyun tarixind\u0259 Az\u0259rbaycan\u0131n xarici i\u015fl\u0259r naziri Ceyhun Bayramovun v\u0259 Erm\u0259nistan\u0131n xarici i\u015fl\u0259r naziri Ararat Mirzoyan\u0131n AB\u015e-\u0131n d\u00f6vl\u0259t katibi Entoni Blinken v\u0259 prezidentin k\u00f6m\u0259k\u00e7isi v\u0259 milli t\u0259hl\u00fck\u0259sizlik \u00fczr\u0259 m\u00fc\u015faviri Ceyk Sallivanla g\u00f6r\u00fc\u015fd\u00fckl\u0259rini <a href=\"https:\/\/www.mfa.gov.az\/az\/news\/no36223\" target=\"_blank\" rel=\"noreferrer noopener\">bildirib<\/a>.<\/p>\n\n\n\n<p>Erm\u0259nistan Xarici \u0130\u015fl\u0259r Nazirliyi d\u0259 bildirib ki, t\u0259r\u0259fl\u0259r Sazi\u015f layih\u0259si \u00fczr\u0259 daha bir ne\u00e7\u0259 madd\u0259 v\u0259 qar\u015f\u0131l\u0131ql\u0131 anla\u015fma \u00fczr\u0259 ir\u0259lil\u0259yi\u015fl\u0259 ba\u011fl\u0131 raz\u0131l\u0131q \u0259ld\u0259 edibl\u0259r:<\/p>\n\n\n\n<p><em>&#8220;Eyni zamanda, b\u0259zi \u0259sas m\u0259s\u0259l\u0259l\u0259r \u00fczr\u0259 m\u00f6vqel\u0259rin daha \u00e7ox i\u015f t\u0259l\u0259b etdiyini <a href=\"https:\/\/www.mfa.am\/ru\/press-releases\/2023\/06\/29\/arm_aze\/12069\" target=\"_blank\" rel=\"noreferrer noopener\">bildiribl\u0259r&#8221;<\/a><\/em>.<br>May\u0131n 1-4 tarixl\u0259rind\u0259 Az\u0259rbaycan v\u0259 Erm\u0259nistan xarici i\u015fl\u0259r nazirl\u0259ri Va\u015finqtonda g\u00f6r\u00fc\u015fm\u00fc\u015fd\u00fc.<\/p>\n\n\n\n<p>AB\u015e-\u0131n D\u00f6vl\u0259t katibi Entoni Blinken may\u0131n 4-d\u0259 ke\u00e7irdiyi m\u0259tbuat konfrans\u0131nda Az\u0259rbaycan v\u0259 Erm\u0259nistan\u0131n davaml\u0131 s\u00fclh sazi\u015fi istiqam\u0259tind\u0259 n\u0259z\u0259r\u0259 \u00e7arpacaq ir\u0259lil\u0259yi\u015f \u0259ld\u0259 etdiyini <a href=\"https:\/\/storage.googleapis.com\/qurium\/www.meydan.tv\/az-article-nazirlerin-abs-gorusu-basa-catib-bezi-maddeler-uzre-razilasmalar-elde-edilib.html\" target=\"_blank\" rel=\"noreferrer noopener\">bildirmi\u015fdi<\/a>.<\/p>\n\n\n\n<p>Az\u0259rbaycan v\u0259 Erm\u0259nistan aras\u0131ndak\u0131 Qaraba\u011f m\u00fcnaqi\u015f\u0259si 1988-ci ild\u0259 ba\u015flay\u0131b.<br>Erm\u0259nistan\u0131n Az\u0259rbaycana \u0259razi iddialar\u0131 il\u0259 ba\u015flayan v\u0259 1994-c\u00fc ild\u0259 imzalanan at\u0259\u015fk\u0259s raz\u0131la\u015fmas\u0131 il\u0259 bit\u0259n Birinci Qaraba\u011f m\u00fcharib\u0259si zaman\u0131 Az\u0259rbaycan\u0131n Da\u011fl\u0131q Qaraba\u011f b\u00f6lg\u0259si v\u0259 ona biti\u015fik 7 rayonu n\u0259zar\u0259t\u0259 g\u00f6t\u00fcr\u00fcb.<\/p>\n\n\n\n<p>2020-ci ilin sentyabr\u0131nda Az\u0259rbaycan v\u0259 Erm\u0259nistan silahl\u0131 q\u00fcvv\u0259l\u0259ri aras\u0131nda ba\u015f vermi\u015f 44 g\u00fcnl\u00fck \u0130kinci Qaraba\u011f m\u00fcharib\u0259si n\u0259tic\u0259sind\u0259 is\u0259 Az\u0259rbaycan Qaraba\u011f\u0131n bir hiss\u0259sin\u0259 v\u0259 \u0259traf 7 rayona n\u0259zar\u0259ti b\u0259rpa edib.<\/p>\n\n\n\n<p>Az\u0259rbaycan, Erm\u0259nistan v\u0259 Rusiya r\u0259hb\u0259rliyinin imzalad\u0131\u011f\u0131 \u00fc\u00e7t\u0259r\u0259fli birg\u0259 b\u0259yanatla d\u00f6y\u00fc\u015fl\u0259r dayand\u0131r\u0131landan sonra La\u00e7\u0131n d\u0259hlizind\u0259 v\u0259 Qaraba\u011fdak\u0131 t\u0259mas x\u0259ttind\u0259 Rusiya s\u00fclhm\u0259raml\u0131lar\u0131 yerl\u0259\u015fdirilib.<\/p>\n\n\n\n<p>Haz\u0131rk\u0131 m\u0259rh\u0259l\u0259d\u0259 \u0259razid\u0259 tez-tez at\u0259\u015fk\u0259s pozulur, h\u0259tta g\u00fcnl\u0259rl\u0259 s\u00fcr\u0259n d\u00f6y\u00fc\u015fl\u0259r ba\u015f verir.<br>N\u0259tic\u0259d\u0259 h\u0259r iki t\u0259r\u0259f itki verir v\u0259 buna g\u00f6r\u0259 bir-birl\u0259rini g\u00fcnahland\u0131r\u0131rlar.<\/p>\n","protected":false},"excerpt":{"rendered":"<p>Az\u0259rbaycan v\u0259 Erm\u0259nistan xarici i\u015fl\u0259r nazirlikl\u0259ri Va\u015finqton g\u00f6r\u00fc\u015f\u00fc bar\u0259d\u0259 a\u00e7\u0131qlama &#8230; <\/p>\n<p class=\"read-more-container\"><a title=\"Entoni Blinken: \u201cYekun raz\u0131la\u015fmaya nail olmaq \u00fc\u00e7\u00fcn h\u0259l\u0259 d\u0259 \u00e7\u0259tin i\u015fl\u0259r g\u00f6r\u00fclm\u0259lidir\u201d\" class=\"read-more button\" href=\"https:\/\/www.meydan.tv\/az\/article\/entoni-blinken-yekun-razilasmaya-nail-olmaq-ucun-hele-de-cetin-isler-gorulmelidir\/#more-278814\" aria-label=\"Read more about Entoni Blinken: \u201cYekun raz\u0131la\u015fmaya nail olmaq \u00fc\u00e7\u00fcn h\u0259l\u0259 d\u0259 \u00e7\u0259tin i\u015fl\u0259r g\u00f6r\u00fclm\u0259lidir\u201d\">Davam\u0131<\/a><\/p>\n","protected":false},"author":8,"featured_media":278811,"comment_status":"closed","ping_status":"closed","sticky":false,"template":"","format":"standard","meta":{"_acf_changed":false,"_sitemap_exclude":false,"_sitemap_priority":"","_sitemap_frequency":"","footnotes":""},"categories":[59,79,56],"tags":[],"class_list":["post-278814","post","type-post","status-publish","format-standard","has-post-thumbnail","hentry","category-siyaset","category-featured","category-xeberler","infinite-scroll-item","generate-columns","tablet-grid-50","mobile-grid-100","grid-parent","grid-33","no-featured-image-padding"],"acf":[],"yoast_head":"<!-- This site is optimized with the Yoast SEO plugin v27.4 - https:\/\/yoast.com\/product\/yoast-seo-wordpress\/ -->\n<title>Entoni Blinken: \u201cYekun raz\u0131la\u015fmaya nail olmaq \u00fc\u00e7\u00fcn h\u0259l\u0259 d\u0259 \u00e7\u0259tin i\u015fl\u0259r g\u00f6r\u00fclm\u0259lidir\u201d - MEYDAN.TV<\/title>\n<meta name=\"robots\" content=\"index, follow, max-snippet:-1, max-image-preview:large, max-video-preview:-1\" \/>\n<link rel=\"canonical\" href=\"https:\/\/www.meydan.tv\/az\/article\/entoni-blinken-yekun-razilasmaya-nail-olmaq-ucun-hele-de-cetin-isler-gorulmelidir\/\" \/>\n<meta property=\"og:locale\" content=\"az_AZ\" \/>\n<meta property=\"og:type\" content=\"article\" \/>\n<meta property=\"og:title\" content=\"Entoni Blinken: \u201cYekun raz\u0131la\u015fmaya nail olmaq \u00fc\u00e7\u00fcn h\u0259l\u0259 d\u0259 \u00e7\u0259tin i\u015fl\u0259r g\u00f6r\u00fclm\u0259lidir\u201d - MEYDAN.TV\" \/>\n<meta property=\"og:description\" content=\"Az\u0259rbaycan v\u0259 Erm\u0259nistan xarici i\u015fl\u0259r nazirlikl\u0259ri Va\u015finqton g\u00f6r\u00fc\u015f\u00fc bar\u0259d\u0259 a\u00e7\u0131qlama ... Davam\u0131\" \/>\n<meta property=\"og:url\" content=\"https:\/\/www.meydan.tv\/az\/article\/entoni-blinken-yekun-razilasmaya-nail-olmaq-ucun-hele-de-cetin-isler-gorulmelidir\/\" \/>\n<meta property=\"og:site_name\" content=\"MEYDAN.TV\" \/>\n<meta property=\"article:published_time\" content=\"2023-06-30T08:54:13+00:00\" \/>\n<meta property=\"article:modified_time\" content=\"2023-06-30T08:55:34+00:00\" \/>\n<meta property=\"og:image\" content=\"https:\/\/www.meydan.tv\/wp-content\/uploads\/untitled-design-1-98.jpg\" \/>\n\t<meta property=\"og:image:width\" content=\"1200\" \/>\n\t<meta property=\"og:image:height\" content=\"800\" \/>\n\t<meta property=\"og:image:type\" content=\"image\/jpeg\" \/>\n<meta name=\"author\" content=\"elli\" \/>\n<meta name=\"twitter:card\" content=\"summary_large_image\" \/>\n<meta name=\"twitter:creator\" content=\"@elli\" \/>\n<script type=\"application\/ld+json\" class=\"yoast-schema-graph\">{\"@context\":\"https:\\\/\\\/schema.org\",\"@graph\":[{\"@type\":\"Article\",\"@id\":\"https:\\\/\\\/www.meydan.tv\\\/az\\\/article\\\/entoni-blinken-yekun-razilasmaya-nail-olmaq-ucun-hele-de-cetin-isler-gorulmelidir\\\/#article\",\"isPartOf\":{\"@id\":\"https:\\\/\\\/www.meydan.tv\\\/az\\\/article\\\/entoni-blinken-yekun-razilasmaya-nail-olmaq-ucun-hele-de-cetin-isler-gorulmelidir\\\/\"},\"author\":{\"name\":\"elli\",\"@id\":\"https:\\\/\\\/www.meydan.tv\\\/az\\\/#\\\/schema\\\/person\\\/9cdbecf90d17180ce1dfbd95b08dcf47\"},\"headline\":\"Entoni Blinken: \u201cYekun raz\u0131la\u015fmaya nail olmaq \u00fc\u00e7\u00fcn h\u0259l\u0259 d\u0259 \u00e7\u0259tin i\u015fl\u0259r g\u00f6r\u00fclm\u0259lidir\u201d\",\"datePublished\":\"2023-06-30T08:54:13+00:00\",\"dateModified\":\"2023-06-30T08:55:34+00:00\",\"mainEntityOfPage\":{\"@id\":\"https:\\\/\\\/www.meydan.tv\\\/az\\\/article\\\/entoni-blinken-yekun-razilasmaya-nail-olmaq-ucun-hele-de-cetin-isler-gorulmelidir\\\/\"},\"wordCount\":861,\"publisher\":{\"@id\":\"https:\\\/\\\/www.meydan.tv\\\/az\\\/#organization\"},\"image\":{\"@id\":\"https:\\\/\\\/www.meydan.tv\\\/az\\\/article\\\/entoni-blinken-yekun-razilasmaya-nail-olmaq-ucun-hele-de-cetin-isler-gorulmelidir\\\/#primaryimage\"},\"thumbnailUrl\":\"https:\\\/\\\/www.meydan.tv\\\/wp-content\\\/uploads\\\/untitled-design-1-98.jpg\",\"articleSection\":[\"Siyas\u0259t\",\"T\u00f6vsiy\u0259\",\"X\u0259b\u0259rl\u0259r\"],\"inLanguage\":\"az\"},{\"@type\":\"WebPage\",\"@id\":\"https:\\\/\\\/www.meydan.tv\\\/az\\\/article\\\/entoni-blinken-yekun-razilasmaya-nail-olmaq-ucun-hele-de-cetin-isler-gorulmelidir\\\/\",\"url\":\"https:\\\/\\\/www.meydan.tv\\\/az\\\/article\\\/entoni-blinken-yekun-razilasmaya-nail-olmaq-ucun-hele-de-cetin-isler-gorulmelidir\\\/\",\"name\":\"Entoni Blinken: \u201cYekun raz\u0131la\u015fmaya nail olmaq \u00fc\u00e7\u00fcn h\u0259l\u0259 d\u0259 \u00e7\u0259tin i\u015fl\u0259r g\u00f6r\u00fclm\u0259lidir\u201d - MEYDAN.TV\",\"isPartOf\":{\"@id\":\"https:\\\/\\\/www.meydan.tv\\\/az\\\/#website\"},\"primaryImageOfPage\":{\"@id\":\"https:\\\/\\\/www.meydan.tv\\\/az\\\/article\\\/entoni-blinken-yekun-razilasmaya-nail-olmaq-ucun-hele-de-cetin-isler-gorulmelidir\\\/#primaryimage\"},\"image\":{\"@id\":\"https:\\\/\\\/www.meydan.tv\\\/az\\\/article\\\/entoni-blinken-yekun-razilasmaya-nail-olmaq-ucun-hele-de-cetin-isler-gorulmelidir\\\/#primaryimage\"},\"thumbnailUrl\":\"https:\\\/\\\/www.meydan.tv\\\/wp-content\\\/uploads\\\/untitled-design-1-98.jpg\",\"datePublished\":\"2023-06-30T08:54:13+00:00\",\"dateModified\":\"2023-06-30T08:55:34+00:00\",\"breadcrumb\":{\"@id\":\"https:\\\/\\\/www.meydan.tv\\\/az\\\/article\\\/entoni-blinken-yekun-razilasmaya-nail-olmaq-ucun-hele-de-cetin-isler-gorulmelidir\\\/#breadcrumb\"},\"inLanguage\":\"az\",\"potentialAction\":[{\"@type\":\"ReadAction\",\"target\":[\"https:\\\/\\\/www.meydan.tv\\\/az\\\/article\\\/entoni-blinken-yekun-razilasmaya-nail-olmaq-ucun-hele-de-cetin-isler-gorulmelidir\\\/\"]}]},{\"@type\":\"ImageObject\",\"inLanguage\":\"az\",\"@id\":\"https:\\\/\\\/www.meydan.tv\\\/az\\\/article\\\/entoni-blinken-yekun-razilasmaya-nail-olmaq-ucun-hele-de-cetin-isler-gorulmelidir\\\/#primaryimage\",\"url\":\"https:\\\/\\\/www.meydan.tv\\\/wp-content\\\/uploads\\\/untitled-design-1-98.jpg\",\"contentUrl\":\"https:\\\/\\\/www.meydan.tv\\\/wp-content\\\/uploads\\\/untitled-design-1-98.jpg\",\"width\":1200,\"height\":800,\"caption\":\"Va\u015finqton g\u00f6r\u00fc\u015f\u00fc. Foto: X\u0130N\"},{\"@type\":\"BreadcrumbList\",\"@id\":\"https:\\\/\\\/www.meydan.tv\\\/az\\\/article\\\/entoni-blinken-yekun-razilasmaya-nail-olmaq-ucun-hele-de-cetin-isler-gorulmelidir\\\/#breadcrumb\",\"itemListElement\":[{\"@type\":\"ListItem\",\"position\":1,\"name\":\"Ana s\u0259hif\u0259\",\"item\":\"https:\\\/\\\/www.meydan.tv\\\/az\\\/\"},{\"@type\":\"ListItem\",\"position\":2,\"name\":\"Siyas\u0259t\",\"item\":\"https:\\\/\\\/www.meydan.tv\\\/az\\\/section\\\/siyaset\\\/\"},{\"@type\":\"ListItem\",\"position\":3,\"name\":\"Entoni Blinken: \u201cYekun raz\u0131la\u015fmaya nail olmaq \u00fc\u00e7\u00fcn h\u0259l\u0259 d\u0259 \u00e7\u0259tin i\u015fl\u0259r g\u00f6r\u00fclm\u0259lidir\u201d\"}]},{\"@type\":\"WebSite\",\"@id\":\"https:\\\/\\\/www.meydan.tv\\\/az\\\/#website\",\"url\":\"https:\\\/\\\/www.meydan.tv\\\/az\\\/\",\"name\":\"MEYDAN.TV\",\"description\":\"Meydan TV Az\u0259rbaycan\u0131n media m\u0259kan\u0131ndak\u0131 alternativ s\u0259sidir\",\"publisher\":{\"@id\":\"https:\\\/\\\/www.meydan.tv\\\/az\\\/#organization\"},\"potentialAction\":[{\"@type\":\"SearchAction\",\"target\":{\"@type\":\"EntryPoint\",\"urlTemplate\":\"https:\\\/\\\/www.meydan.tv\\\/az\\\/?s={search_term_string}\"},\"query-input\":{\"@type\":\"PropertyValueSpecification\",\"valueRequired\":true,\"valueName\":\"search_term_string\"}}],\"inLanguage\":\"az\"},{\"@type\":\"Organization\",\"@id\":\"https:\\\/\\\/www.meydan.tv\\\/az\\\/#organization\",\"name\":\"Meydan TV\",\"url\":\"https:\\\/\\\/www.meydan.tv\\\/az\\\/\",\"logo\":{\"@type\":\"ImageObject\",\"inLanguage\":\"az\",\"@id\":\"https:\\\/\\\/www.meydan.tv\\\/az\\\/#\\\/schema\\\/logo\\\/image\\\/\",\"url\":\"https:\\\/\\\/www.meydan.tv\\\/wp-content\\\/uploads\\\/2021\\\/07\\\/meydan-logo.svg\",\"contentUrl\":\"https:\\\/\\\/www.meydan.tv\\\/wp-content\\\/uploads\\\/2021\\\/07\\\/meydan-logo.svg\",\"width\":195,\"height\":46,\"caption\":\"Meydan TV\"},\"image\":{\"@id\":\"https:\\\/\\\/www.meydan.tv\\\/az\\\/#\\\/schema\\\/logo\\\/image\\\/\"}},{\"@type\":\"Person\",\"@id\":\"https:\\\/\\\/www.meydan.tv\\\/az\\\/#\\\/schema\\\/person\\\/9cdbecf90d17180ce1dfbd95b08dcf47\",\"name\":\"elli\",\"sameAs\":[\"https:\\\/\\\/x.com\\\/elli\"]}]}<\/script>\n<!-- \/ Yoast SEO plugin. -->","yoast_head_json":{"title":"Entoni Blinken: \u201cYekun raz\u0131la\u015fmaya nail olmaq \u00fc\u00e7\u00fcn h\u0259l\u0259 d\u0259 \u00e7\u0259tin i\u015fl\u0259r g\u00f6r\u00fclm\u0259lidir\u201d - MEYDAN.TV","robots":{"index":"index","follow":"follow","max-snippet":"max-snippet:-1","max-image-preview":"max-image-preview:large","max-video-preview":"max-video-preview:-1"},"canonical":"https:\/\/www.meydan.tv\/az\/article\/entoni-blinken-yekun-razilasmaya-nail-olmaq-ucun-hele-de-cetin-isler-gorulmelidir\/","og_locale":"az_AZ","og_type":"article","og_title":"Entoni Blinken: \u201cYekun raz\u0131la\u015fmaya nail olmaq \u00fc\u00e7\u00fcn h\u0259l\u0259 d\u0259 \u00e7\u0259tin i\u015fl\u0259r g\u00f6r\u00fclm\u0259lidir\u201d - MEYDAN.TV","og_description":"Az\u0259rbaycan v\u0259 Erm\u0259nistan xarici i\u015fl\u0259r nazirlikl\u0259ri Va\u015finqton g\u00f6r\u00fc\u015f\u00fc bar\u0259d\u0259 a\u00e7\u0131qlama ... Davam\u0131","og_url":"https:\/\/www.meydan.tv\/az\/article\/entoni-blinken-yekun-razilasmaya-nail-olmaq-ucun-hele-de-cetin-isler-gorulmelidir\/","og_site_name":"MEYDAN.TV","article_published_time":"2023-06-30T08:54:13+00:00","article_modified_time":"2023-06-30T08:55:34+00:00","og_image":[{"width":1200,"height":800,"url":"https:\/\/www.meydan.tv\/wp-content\/uploads\/untitled-design-1-98.jpg","type":"image\/jpeg"}],"author":"elli","twitter_card":"summary_large_image","twitter_creator":"@elli","schema":{"@context":"https:\/\/schema.org","@graph":[{"@type":"Article","@id":"https:\/\/www.meydan.tv\/az\/article\/entoni-blinken-yekun-razilasmaya-nail-olmaq-ucun-hele-de-cetin-isler-gorulmelidir\/#article","isPartOf":{"@id":"https:\/\/www.meydan.tv\/az\/article\/entoni-blinken-yekun-razilasmaya-nail-olmaq-ucun-hele-de-cetin-isler-gorulmelidir\/"},"author":{"name":"elli","@id":"https:\/\/www.meydan.tv\/az\/#\/schema\/person\/9cdbecf90d17180ce1dfbd95b08dcf47"},"headline":"Entoni Blinken: \u201cYekun raz\u0131la\u015fmaya nail olmaq \u00fc\u00e7\u00fcn h\u0259l\u0259 d\u0259 \u00e7\u0259tin i\u015fl\u0259r g\u00f6r\u00fclm\u0259lidir\u201d","datePublished":"2023-06-30T08:54:13+00:00","dateModified":"2023-06-30T08:55:34+00:00","mainEntityOfPage":{"@id":"https:\/\/www.meydan.tv\/az\/article\/entoni-blinken-yekun-razilasmaya-nail-olmaq-ucun-hele-de-cetin-isler-gorulmelidir\/"},"wordCount":861,"publisher":{"@id":"https:\/\/www.meydan.tv\/az\/#organization"},"image":{"@id":"https:\/\/www.meydan.tv\/az\/article\/entoni-blinken-yekun-razilasmaya-nail-olmaq-ucun-hele-de-cetin-isler-gorulmelidir\/#primaryimage"},"thumbnailUrl":"https:\/\/www.meydan.tv\/wp-content\/uploads\/untitled-design-1-98.jpg","articleSection":["Siyas\u0259t","T\u00f6vsiy\u0259","X\u0259b\u0259rl\u0259r"],"inLanguage":"az"},{"@type":"WebPage","@id":"https:\/\/www.meydan.tv\/az\/article\/entoni-blinken-yekun-razilasmaya-nail-olmaq-ucun-hele-de-cetin-isler-gorulmelidir\/","url":"https:\/\/www.meydan.tv\/az\/article\/entoni-blinken-yekun-razilasmaya-nail-olmaq-ucun-hele-de-cetin-isler-gorulmelidir\/","name":"Entoni Blinken: \u201cYekun raz\u0131la\u015fmaya nail olmaq \u00fc\u00e7\u00fcn h\u0259l\u0259 d\u0259 \u00e7\u0259tin i\u015fl\u0259r g\u00f6r\u00fclm\u0259lidir\u201d - MEYDAN.TV","isPartOf":{"@id":"https:\/\/www.meydan.tv\/az\/#website"},"primaryImageOfPage":{"@id":"https:\/\/www.meydan.tv\/az\/article\/entoni-blinken-yekun-razilasmaya-nail-olmaq-ucun-hele-de-cetin-isler-gorulmelidir\/#primaryimage"},"image":{"@id":"https:\/\/www.meydan.tv\/az\/article\/entoni-blinken-yekun-razilasmaya-nail-olmaq-ucun-hele-de-cetin-isler-gorulmelidir\/#primaryimage"},"thumbnailUrl":"https:\/\/www.meydan.tv\/wp-content\/uploads\/untitled-design-1-98.jpg","datePublished":"2023-06-30T08:54:13+00:00","dateModified":"2023-06-30T08:55:34+00:00","breadcrumb":{"@id":"https:\/\/www.meydan.tv\/az\/article\/entoni-blinken-yekun-razilasmaya-nail-olmaq-ucun-hele-de-cetin-isler-gorulmelidir\/#breadcrumb"},"inLanguage":"az","potentialAction":[{"@type":"ReadAction","target":["https:\/\/www.meydan.tv\/az\/article\/entoni-blinken-yekun-razilasmaya-nail-olmaq-ucun-hele-de-cetin-isler-gorulmelidir\/"]}]},{"@type":"ImageObject","inLanguage":"az","@id":"https:\/\/www.meydan.tv\/az\/article\/entoni-blinken-yekun-razilasmaya-nail-olmaq-ucun-hele-de-cetin-isler-gorulmelidir\/#primaryimage","url":"https:\/\/www.meydan.tv\/wp-content\/uploads\/untitled-design-1-98.jpg","contentUrl":"https:\/\/www.meydan.tv\/wp-content\/uploads\/untitled-design-1-98.jpg","width":1200,"height":800,"caption":"Va\u015finqton g\u00f6r\u00fc\u015f\u00fc. Foto: X\u0130N"},{"@type":"BreadcrumbList","@id":"https:\/\/www.meydan.tv\/az\/article\/entoni-blinken-yekun-razilasmaya-nail-olmaq-ucun-hele-de-cetin-isler-gorulmelidir\/#breadcrumb","itemListElement":[{"@type":"ListItem","position":1,"name":"Ana s\u0259hif\u0259","item":"https:\/\/www.meydan.tv\/az\/"},{"@type":"ListItem","position":2,"name":"Siyas\u0259t","item":"https:\/\/www.meydan.tv\/az\/section\/siyaset\/"},{"@type":"ListItem","position":3,"name":"Entoni Blinken: \u201cYekun raz\u0131la\u015fmaya nail olmaq \u00fc\u00e7\u00fcn h\u0259l\u0259 d\u0259 \u00e7\u0259tin i\u015fl\u0259r g\u00f6r\u00fclm\u0259lidir\u201d"}]},{"@type":"WebSite","@id":"https:\/\/www.meydan.tv\/az\/#website","url":"https:\/\/www.meydan.tv\/az\/","name":"MEYDAN.TV","description":"Meydan TV Az\u0259rbaycan\u0131n media m\u0259kan\u0131ndak\u0131 alternativ s\u0259sidir","publisher":{"@id":"https:\/\/www.meydan.tv\/az\/#organization"},"potentialAction":[{"@type":"SearchAction","target":{"@type":"EntryPoint","urlTemplate":"https:\/\/www.meydan.tv\/az\/?s={search_term_string}"},"query-input":{"@type":"PropertyValueSpecification","valueRequired":true,"valueName":"search_term_string"}}],"inLanguage":"az"},{"@type":"Organization","@id":"https:\/\/www.meydan.tv\/az\/#organization","name":"Meydan TV","url":"https:\/\/www.meydan.tv\/az\/","logo":{"@type":"ImageObject","inLanguage":"az","@id":"https:\/\/www.meydan.tv\/az\/#\/schema\/logo\/image\/","url":"https:\/\/www.meydan.tv\/wp-content\/uploads\/2021\/07\/meydan-logo.svg","contentUrl":"https:\/\/www.meydan.tv\/wp-content\/uploads\/2021\/07\/meydan-logo.svg","width":195,"height":46,"caption":"Meydan TV"},"image":{"@id":"https:\/\/www.meydan.tv\/az\/#\/schema\/logo\/image\/"}},{"@type":"Person","@id":"https:\/\/www.meydan.tv\/az\/#\/schema\/person\/9cdbecf90d17180ce1dfbd95b08dcf47","name":"elli","sameAs":["https:\/\/x.com\/elli"]}]}},"_links":{"self":[{"href":"https:\/\/www.meydan.tv\/az\/wp-json\/wp\/v2\/posts\/278814","targetHints":{"allow":["GET"]}}],"collection":[{"href":"https:\/\/www.meydan.tv\/az\/wp-json\/wp\/v2\/posts"}],"about":[{"href":"https:\/\/www.meydan.tv\/az\/wp-json\/wp\/v2\/types\/post"}],"author":[{"embeddable":true,"href":"https:\/\/www.meydan.tv\/az\/wp-json\/wp\/v2\/users\/8"}],"replies":[{"embeddable":true,"href":"https:\/\/www.meydan.tv\/az\/wp-json\/wp\/v2\/comments?post=278814"}],"version-history":[{"count":2,"href":"https:\/\/www.meydan.tv\/az\/wp-json\/wp\/v2\/posts\/278814\/revisions"}],"predecessor-version":[{"id":278819,"href":"https:\/\/www.meydan.tv\/az\/wp-json\/wp\/v2\/posts\/278814\/revisions\/278819"}],"wp:featuredmedia":[{"embeddable":true,"href":"https:\/\/www.meydan.tv\/az\/wp-json\/wp\/v2\/media\/278811"}],"wp:attachment":[{"href":"https:\/\/www.meydan.tv\/az\/wp-json\/wp\/v2\/media?parent=278814"}],"wp:term":[{"taxonomy":"category","embeddable":true,"href":"https:\/\/www.meydan.tv\/az\/wp-json\/wp\/v2\/categories?post=278814"},{"taxonomy":"post_tag","embeddable":true,"href":"https:\/\/www.meydan.tv\/az\/wp-json\/wp\/v2\/tags?post=278814"}],"curies":[{"name":"wp","href":"https:\/\/api.w.org\/{rel}","templated":true}]}}