{"id":278779,"date":"2023-06-29T17:10:23","date_gmt":"2023-06-29T13:10:23","guid":{"rendered":"https:\/\/www.meydan.tv\/?p=278779"},"modified":"2023-06-29T17:10:29","modified_gmt":"2023-06-29T13:10:29","slug":"sabirabad-sakini-qalmisam-cixilmaz-veziyyetde","status":"publish","type":"post","link":"https:\/\/www.meydan.tv\/az\/article\/sabirabad-sakini-qalmisam-cixilmaz-veziyyetde\/","title":{"rendered":"Sabirabad sakini: \u201cQalm\u0131\u015fam \u00e7\u0131x\u0131lmaz v\u0259ziyy\u0259td\u0259&#8230;\u201d"},"content":{"rendered":"\n<p><\/p>\n\n\n\n<p><strong><em>P\u0259nah H\u00fcseynov icra m\u0259murundan, h\u0259m d\u0259 prokurorluqdan naraz\u0131d\u0131r<\/em><\/strong><\/p>\n\n\n\n<p>Sabirabad rayonunun \u018fsg\u0259rb\u0259yli k\u0259ndind\u0259 ya\u015fayan P\u0259nah Teymur o\u011flu H\u00fcseynov icra m\u0259murunun h\u0259r\u0259k\u0259tind\u0259n, Ba\u015f Prokurorlu\u011fun is\u0259 bu bar\u0259d\u0259 \u015fikay\u0259ti ara\u015fd\u0131rmamas\u0131ndan naraz\u0131d\u0131r. S\u00f6hb\u0259t Sabirabad rayon \u0130cra \u015e\u00f6b\u0259sinin icra\u00e7\u0131s\u0131na qar\u015f\u0131 r\u00fc\u015fv\u0259t iddialar\u0131yla ba\u011fl\u0131 \u015fikay\u0259td\u0259n gedir.<\/p>\n\n\n\n<p>\u201c<strong>S\u00fcbutlar\u0131m\u0131 &#8211; s\u0259s yaz\u0131lar\u0131n\u0131 da t\u0259qdim el\u0259mi\u015f\u0259m\u201d<\/strong><\/p>\n\n\n\n<p>P\u0259nah H\u00fcseynov Meydan TV-y\u0259 bildirib ki, \u015fikay\u0259t m\u0259ktubunu da, orada g\u00f6st\u0259rdikl\u0259rini t\u0259sdiql\u0259y\u0259n s\u0259s yaz\u0131lar\u0131n\u0131 xeyli vaxtd\u0131r ki, Ba\u015f Prokuror Kamran \u018fliyev v\u0259 onun birinci m\u00fcavinin\u0259 g\u00f6nd\u0259rib. Amma bu qurumdan he\u00e7 bir reaksiya yoxdur.<\/p>\n\n\n\n<p>Onun s\u00f6zl\u0259rin\u0259 g\u00f6r\u0259, \u015fikay\u0259t m\u0259ktubunun sur\u0259tini paralel olaraq, prezident, birinci vitse-prezident, \u0259dliyy\u0259 naziri, daxili i\u015fl\u0259r naziri v\u0259 ba\u015fqa qurumlara da \u00fcnvanlay\u0131b. Bu qurumlardan da h\u0259l\u0259lik s\u0259s-soraq g\u0259lm\u0259yib: <\/p>\n\n\n\n<p><em>\u201cT\u0259kc\u0259 m\u0259ktublarla kifay\u0259tl\u0259nm\u0259mi\u015f\u0259m. Orada yazd\u0131qlar\u0131m\u0131n s\u00fcbutu var \u2013 s\u0259s yaz\u0131lar\u0131. Onlar\u0131 da ham\u0131s\u0131na g\u00f6nd\u0259rmi\u015f\u0259m. G\u00f6rs\u00fcnl\u0259r ki, deyil\u0259nl\u0259r sad\u0259c\u0259, s\u00f6z deyil&#8230;\u201d.<\/em><\/p>\n\n\n\n<p>Sabirabad rayon \u0130cra \u015e\u00f6b\u0259sind\u0259 P\u0259nah H\u00fcseynov haqq\u0131nda icra olunmal\u0131 m\u0259hk\u0259m\u0259 q\u0259tnam\u0259si var. \u015eikay\u0259t\u00e7inin s\u00f6zl\u0259rin\u0259 g\u00f6r\u0259, h\u0259min q\u0259tnam\u0259d\u0259n sui-istifad\u0259 edib, onu h\u0259d\u0259l\u0259y\u0259r\u0259k, ondan d\u0259f\u0259l\u0259rl\u0259 r\u00fc\u015fv\u0259t t\u0259l\u0259b olunub. \u018fsg\u0259rb\u0259yli k\u0259nd sakini iddia edir ki, bir ne\u00e7\u0259 d\u0259f\u0259 d\u0259 icra m\u0259murunun h\u0259d\u0259l\u0259rin\u0259 ba\u015f \u0259ym\u0259k&nbsp; m\u0259cburiyy\u0259tind\u0259 qal\u0131b.<\/p>\n\n\n\n<p><strong>\u201cQorxudan m\u0259cbur qal\u0131b raz\u0131la\u015fd\u0131m\u201d<\/strong><\/p>\n\n\n\n<p><em>\u201c\u00c7\u00fcnki m\u0259ni q\u0259rar\u0131 icra etm\u0259m\u0259k bar\u0259d\u0259 protokol yaz\u0131b, h\u0259bs el\u0259tdirm\u0259kl\u0259 m\u0259ni h\u0259d\u0259l\u0259yirdi. Bir d\u0259f\u0259 dediyini el\u0259di \u2013 ona pul verm\u0259dim, o da protokol yazd\u0131, h\u0259bs olundum. M\u0259n d\u0259 qorxudan m\u0259cbur olub, deyil\u0259nl\u0259rl\u0259 raz\u0131la\u015f\u0131rd\u0131m\u201d, &#8211;<\/em> P\u0259nah H\u00fcseynov bel\u0259 deyir.<\/p>\n\n\n\n<p>Bir m\u00fcdd\u0259t \u00f6nc\u0259 m\u0259hk\u0259m\u0259 q\u0259rar\u0131n\u0131n icras\u0131ndan yay\u0131nmaya g\u00f6r\u0259 rayon m\u0259hk\u0259m\u0259sinin q\u0259rar\u0131yla onun haqq\u0131nda 8 g\u00fcnl\u00fck inzibati h\u0259bs q\u0259rar\u0131 \u00e7\u0131xar\u0131l\u0131b.<\/p>\n\n\n\n<figure class=\"wp-block-image size-large\"><img decoding=\"async\" width=\"676\" height=\"821\" data-src=\"https:\/\/www.meydan.tv\/wp-content\/uploads\/photo-2023-06-29-15-53-15-676x821.jpg\" alt=\"\" class=\"wp-image-278780 lazyload\" src=\"data:image\/svg+xml;base64,PHN2ZyB3aWR0aD0iMSIgaGVpZ2h0PSIxIiB4bWxucz0iaHR0cDovL3d3dy53My5vcmcvMjAwMC9zdmciPjwvc3ZnPg==\" style=\"--smush-placeholder-width: 676px; --smush-placeholder-aspect-ratio: 676\/821;\" \/><\/figure>\n\n\n\n<p>Onun s\u00f6zl\u0259rin\u0259 g\u00f6r\u0259, maddi durumu a\u011f\u0131r oldu\u011fundan q\u0259rar\u0131 icra ed\u0259 bilmir:<\/p>\n\n\n\n<p><em>\u201cQ\u0259rar\u0131 bird\u0259f\u0259lik icra el\u0259m\u0259y\u0259 maddi imkan yoxdur. \u018flimd\u0259 olanda da icra\u00e7\u0131 tutub m\u0259nd\u0259n al\u0131r. Borcdan da \u00e7\u0131x\u0131lm\u0131r. Qalm\u0131\u015fam \u00e7\u0131x\u0131lmaz v\u0259ziyy\u0259td\u0259&#8230;\u201d.<\/em><\/p>\n\n\n\n<figure class=\"wp-block-image size-large is-resized\"><img decoding=\"async\" data-src=\"https:\/\/www.meydan.tv\/wp-content\/uploads\/photo-2023-06-29-15-53-20-519x821.jpg\" alt=\"\" class=\"wp-image-278783 lazyload\" width=\"238\" height=\"376\" src=\"data:image\/svg+xml;base64,PHN2ZyB3aWR0aD0iMSIgaGVpZ2h0PSIxIiB4bWxucz0iaHR0cDovL3d3dy53My5vcmcvMjAwMC9zdmciPjwvc3ZnPg==\" style=\"--smush-placeholder-width: 238px; --smush-placeholder-aspect-ratio: 238\/376;\" \/><\/figure>\n\n\n\n<p>P\u0259nah H\u00fcseynov Meydan TV-y\u0259 Sabirabad rayon \u0130cra \u015e\u00f6b\u0259sind\u0259 \u00e7al\u0131\u015fan h\u0259min \u0259m\u0259kda\u015f\u0131n kimliyini d\u0259 a\u00e7\u0131qlay\u0131b. H\u0259m\u00e7inin aralar\u0131nda olan dan\u0131\u015f\u0131qlar\u0131n s\u0259s yaz\u0131lar\u0131n\u0131 da t\u0259qdim edib. Lakin s\u00f6z\u00fcged\u0259n icra m\u0259muru il\u0259 dan\u0131\u015f\u0131b, s\u0259sl\u0259n\u0259n ittihamlarla ba\u011fl\u0131 onun cavab\u0131n\u0131 \u00f6yr\u0259n\u0259 bilm\u0259diyimiz\u0259 g\u00f6r\u0259 kimiyini a\u00e7\u0131qlamad\u0131q.<\/p>\n\n\n\n<p>Prokurorluqdan is\u0259 Meydan TV-y\u0259 bildirilib ki, daxil olan b\u00fct\u00fcn \u015fikay\u0259tl\u0259r\u0259 qanuna uy\u011fun \u015f\u0259kild\u0259 bax\u0131l\u0131r, ara\u015fd\u0131r\u0131l\u0131r v\u0259 cavabland\u0131r\u0131l\u0131r.<\/p>\n","protected":false},"excerpt":{"rendered":"<p>P\u0259nah H\u00fcseynov icra m\u0259murundan, h\u0259m d\u0259 prokurorluqdan naraz\u0131d\u0131r Sabirabad rayonunun &#8230; <\/p>\n<p class=\"read-more-container\"><a title=\"Sabirabad sakini: \u201cQalm\u0131\u015fam \u00e7\u0131x\u0131lmaz v\u0259ziyy\u0259td\u0259&#8230;\u201d\" class=\"read-more button\" href=\"https:\/\/www.meydan.tv\/az\/article\/sabirabad-sakini-qalmisam-cixilmaz-veziyyetde\/#more-278779\" aria-label=\"Read more about Sabirabad sakini: \u201cQalm\u0131\u015fam \u00e7\u0131x\u0131lmaz v\u0259ziyy\u0259td\u0259&#8230;\u201d\">Davam\u0131<\/a><\/p>\n","protected":false},"author":8,"featured_media":154167,"comment_status":"closed","ping_status":"closed","sticky":false,"template":"","format":"standard","meta":{"_acf_changed":false,"_sitemap_exclude":false,"_sitemap_priority":"","_sitemap_frequency":"","footnotes":""},"categories":[60,56],"tags":[],"class_list":["post-278779","post","type-post","status-publish","format-standard","has-post-thumbnail","hentry","category-bolge","category-xeberler","infinite-scroll-item","generate-columns","tablet-grid-50","mobile-grid-100","grid-parent","grid-33","no-featured-image-padding"],"acf":[],"yoast_head":"<!-- This site is optimized with the Yoast SEO plugin v27.5 - https:\/\/yoast.com\/product\/yoast-seo-wordpress\/ -->\n<title>Sabirabad sakini: \u201cQalm\u0131\u015fam \u00e7\u0131x\u0131lmaz v\u0259ziyy\u0259td\u0259...\u201d - MEYDAN.TV<\/title>\n<meta name=\"robots\" content=\"index, follow, max-snippet:-1, max-image-preview:large, max-video-preview:-1\" \/>\n<link rel=\"canonical\" href=\"https:\/\/www.meydan.tv\/az\/article\/sabirabad-sakini-qalmisam-cixilmaz-veziyyetde\/\" \/>\n<meta property=\"og:locale\" content=\"az_AZ\" \/>\n<meta property=\"og:type\" content=\"article\" \/>\n<meta property=\"og:title\" content=\"Sabirabad sakini: \u201cQalm\u0131\u015fam \u00e7\u0131x\u0131lmaz v\u0259ziyy\u0259td\u0259...\u201d - MEYDAN.TV\" \/>\n<meta property=\"og:description\" content=\"P\u0259nah H\u00fcseynov icra m\u0259murundan, h\u0259m d\u0259 prokurorluqdan naraz\u0131d\u0131r Sabirabad rayonunun ... Davam\u0131\" \/>\n<meta property=\"og:url\" content=\"https:\/\/www.meydan.tv\/az\/article\/sabirabad-sakini-qalmisam-cixilmaz-veziyyetde\/\" \/>\n<meta property=\"og:site_name\" content=\"MEYDAN.TV\" \/>\n<meta property=\"article:published_time\" content=\"2023-06-29T13:10:23+00:00\" \/>\n<meta property=\"article:modified_time\" content=\"2023-06-29T13:10:29+00:00\" \/>\n<meta property=\"og:image\" content=\"https:\/\/www.meydan.tv\/wp-content\/uploads\/sabirabad-1-2-scaled.jpg\" \/>\n\t<meta property=\"og:image:width\" content=\"2560\" \/>\n\t<meta property=\"og:image:height\" content=\"1714\" \/>\n\t<meta property=\"og:image:type\" content=\"image\/jpeg\" \/>\n<meta name=\"author\" content=\"elli\" \/>\n<meta name=\"twitter:card\" content=\"summary_large_image\" \/>\n<meta name=\"twitter:creator\" content=\"@elli\" \/>\n<script type=\"application\/ld+json\" class=\"yoast-schema-graph\">{\"@context\":\"https:\\\/\\\/schema.org\",\"@graph\":[{\"@type\":\"Article\",\"@id\":\"https:\\\/\\\/www.meydan.tv\\\/az\\\/article\\\/sabirabad-sakini-qalmisam-cixilmaz-veziyyetde\\\/#article\",\"isPartOf\":{\"@id\":\"https:\\\/\\\/www.meydan.tv\\\/az\\\/article\\\/sabirabad-sakini-qalmisam-cixilmaz-veziyyetde\\\/\"},\"author\":{\"name\":\"elli\",\"@id\":\"https:\\\/\\\/www.meydan.tv\\\/az\\\/#\\\/schema\\\/person\\\/9cdbecf90d17180ce1dfbd95b08dcf47\"},\"headline\":\"Sabirabad sakini: \u201cQalm\u0131\u015fam \u00e7\u0131x\u0131lmaz v\u0259ziyy\u0259td\u0259&#8230;\u201d\",\"datePublished\":\"2023-06-29T13:10:23+00:00\",\"dateModified\":\"2023-06-29T13:10:29+00:00\",\"mainEntityOfPage\":{\"@id\":\"https:\\\/\\\/www.meydan.tv\\\/az\\\/article\\\/sabirabad-sakini-qalmisam-cixilmaz-veziyyetde\\\/\"},\"wordCount\":587,\"publisher\":{\"@id\":\"https:\\\/\\\/www.meydan.tv\\\/az\\\/#organization\"},\"image\":{\"@id\":\"https:\\\/\\\/www.meydan.tv\\\/az\\\/article\\\/sabirabad-sakini-qalmisam-cixilmaz-veziyyetde\\\/#primaryimage\"},\"thumbnailUrl\":\"https:\\\/\\\/www.meydan.tv\\\/wp-content\\\/uploads\\\/sabirabad-1-2-scaled.jpg\",\"articleSection\":[\"B\u00f6lg\u0259\",\"X\u0259b\u0259rl\u0259r\"],\"inLanguage\":\"az\"},{\"@type\":\"WebPage\",\"@id\":\"https:\\\/\\\/www.meydan.tv\\\/az\\\/article\\\/sabirabad-sakini-qalmisam-cixilmaz-veziyyetde\\\/\",\"url\":\"https:\\\/\\\/www.meydan.tv\\\/az\\\/article\\\/sabirabad-sakini-qalmisam-cixilmaz-veziyyetde\\\/\",\"name\":\"Sabirabad sakini: \u201cQalm\u0131\u015fam \u00e7\u0131x\u0131lmaz v\u0259ziyy\u0259td\u0259...\u201d - MEYDAN.TV\",\"isPartOf\":{\"@id\":\"https:\\\/\\\/www.meydan.tv\\\/az\\\/#website\"},\"primaryImageOfPage\":{\"@id\":\"https:\\\/\\\/www.meydan.tv\\\/az\\\/article\\\/sabirabad-sakini-qalmisam-cixilmaz-veziyyetde\\\/#primaryimage\"},\"image\":{\"@id\":\"https:\\\/\\\/www.meydan.tv\\\/az\\\/article\\\/sabirabad-sakini-qalmisam-cixilmaz-veziyyetde\\\/#primaryimage\"},\"thumbnailUrl\":\"https:\\\/\\\/www.meydan.tv\\\/wp-content\\\/uploads\\\/sabirabad-1-2-scaled.jpg\",\"datePublished\":\"2023-06-29T13:10:23+00:00\",\"dateModified\":\"2023-06-29T13:10:29+00:00\",\"breadcrumb\":{\"@id\":\"https:\\\/\\\/www.meydan.tv\\\/az\\\/article\\\/sabirabad-sakini-qalmisam-cixilmaz-veziyyetde\\\/#breadcrumb\"},\"inLanguage\":\"az\",\"potentialAction\":[{\"@type\":\"ReadAction\",\"target\":[\"https:\\\/\\\/www.meydan.tv\\\/az\\\/article\\\/sabirabad-sakini-qalmisam-cixilmaz-veziyyetde\\\/\"]}]},{\"@type\":\"ImageObject\",\"inLanguage\":\"az\",\"@id\":\"https:\\\/\\\/www.meydan.tv\\\/az\\\/article\\\/sabirabad-sakini-qalmisam-cixilmaz-veziyyetde\\\/#primaryimage\",\"url\":\"https:\\\/\\\/www.meydan.tv\\\/wp-content\\\/uploads\\\/sabirabad-1-2-scaled.jpg\",\"contentUrl\":\"https:\\\/\\\/www.meydan.tv\\\/wp-content\\\/uploads\\\/sabirabad-1-2-scaled.jpg\",\"width\":2560,\"height\":1714,\"caption\":\"Foto: Sabirabad R\u0130H\"},{\"@type\":\"BreadcrumbList\",\"@id\":\"https:\\\/\\\/www.meydan.tv\\\/az\\\/article\\\/sabirabad-sakini-qalmisam-cixilmaz-veziyyetde\\\/#breadcrumb\",\"itemListElement\":[{\"@type\":\"ListItem\",\"position\":1,\"name\":\"Ana s\u0259hif\u0259\",\"item\":\"https:\\\/\\\/www.meydan.tv\\\/az\\\/\"},{\"@type\":\"ListItem\",\"position\":2,\"name\":\"B\u00f6lg\u0259\",\"item\":\"https:\\\/\\\/www.meydan.tv\\\/az\\\/section\\\/bolge\\\/\"},{\"@type\":\"ListItem\",\"position\":3,\"name\":\"Sabirabad sakini: \u201cQalm\u0131\u015fam \u00e7\u0131x\u0131lmaz v\u0259ziyy\u0259td\u0259&#8230;\u201d\"}]},{\"@type\":\"WebSite\",\"@id\":\"https:\\\/\\\/www.meydan.tv\\\/az\\\/#website\",\"url\":\"https:\\\/\\\/www.meydan.tv\\\/az\\\/\",\"name\":\"MEYDAN.TV\",\"description\":\"Meydan TV Az\u0259rbaycan\u0131n media m\u0259kan\u0131ndak\u0131 alternativ s\u0259sidir\",\"publisher\":{\"@id\":\"https:\\\/\\\/www.meydan.tv\\\/az\\\/#organization\"},\"potentialAction\":[{\"@type\":\"SearchAction\",\"target\":{\"@type\":\"EntryPoint\",\"urlTemplate\":\"https:\\\/\\\/www.meydan.tv\\\/az\\\/?s={search_term_string}\"},\"query-input\":{\"@type\":\"PropertyValueSpecification\",\"valueRequired\":true,\"valueName\":\"search_term_string\"}}],\"inLanguage\":\"az\"},{\"@type\":\"Organization\",\"@id\":\"https:\\\/\\\/www.meydan.tv\\\/az\\\/#organization\",\"name\":\"Meydan TV\",\"url\":\"https:\\\/\\\/www.meydan.tv\\\/az\\\/\",\"logo\":{\"@type\":\"ImageObject\",\"inLanguage\":\"az\",\"@id\":\"https:\\\/\\\/www.meydan.tv\\\/az\\\/#\\\/schema\\\/logo\\\/image\\\/\",\"url\":\"https:\\\/\\\/www.meydan.tv\\\/wp-content\\\/uploads\\\/2021\\\/07\\\/meydan-logo.svg\",\"contentUrl\":\"https:\\\/\\\/www.meydan.tv\\\/wp-content\\\/uploads\\\/2021\\\/07\\\/meydan-logo.svg\",\"width\":195,\"height\":46,\"caption\":\"Meydan TV\"},\"image\":{\"@id\":\"https:\\\/\\\/www.meydan.tv\\\/az\\\/#\\\/schema\\\/logo\\\/image\\\/\"}},{\"@type\":\"Person\",\"@id\":\"https:\\\/\\\/www.meydan.tv\\\/az\\\/#\\\/schema\\\/person\\\/9cdbecf90d17180ce1dfbd95b08dcf47\",\"name\":\"elli\",\"sameAs\":[\"https:\\\/\\\/x.com\\\/elli\"]}]}<\/script>\n<!-- \/ Yoast SEO plugin. -->","yoast_head_json":{"title":"Sabirabad sakini: \u201cQalm\u0131\u015fam \u00e7\u0131x\u0131lmaz v\u0259ziyy\u0259td\u0259...\u201d - MEYDAN.TV","robots":{"index":"index","follow":"follow","max-snippet":"max-snippet:-1","max-image-preview":"max-image-preview:large","max-video-preview":"max-video-preview:-1"},"canonical":"https:\/\/www.meydan.tv\/az\/article\/sabirabad-sakini-qalmisam-cixilmaz-veziyyetde\/","og_locale":"az_AZ","og_type":"article","og_title":"Sabirabad sakini: \u201cQalm\u0131\u015fam \u00e7\u0131x\u0131lmaz v\u0259ziyy\u0259td\u0259...\u201d - MEYDAN.TV","og_description":"P\u0259nah H\u00fcseynov icra m\u0259murundan, h\u0259m d\u0259 prokurorluqdan naraz\u0131d\u0131r Sabirabad rayonunun ... Davam\u0131","og_url":"https:\/\/www.meydan.tv\/az\/article\/sabirabad-sakini-qalmisam-cixilmaz-veziyyetde\/","og_site_name":"MEYDAN.TV","article_published_time":"2023-06-29T13:10:23+00:00","article_modified_time":"2023-06-29T13:10:29+00:00","og_image":[{"width":2560,"height":1714,"url":"https:\/\/www.meydan.tv\/wp-content\/uploads\/sabirabad-1-2-scaled.jpg","type":"image\/jpeg"}],"author":"elli","twitter_card":"summary_large_image","twitter_creator":"@elli","schema":{"@context":"https:\/\/schema.org","@graph":[{"@type":"Article","@id":"https:\/\/www.meydan.tv\/az\/article\/sabirabad-sakini-qalmisam-cixilmaz-veziyyetde\/#article","isPartOf":{"@id":"https:\/\/www.meydan.tv\/az\/article\/sabirabad-sakini-qalmisam-cixilmaz-veziyyetde\/"},"author":{"name":"elli","@id":"https:\/\/www.meydan.tv\/az\/#\/schema\/person\/9cdbecf90d17180ce1dfbd95b08dcf47"},"headline":"Sabirabad sakini: \u201cQalm\u0131\u015fam \u00e7\u0131x\u0131lmaz v\u0259ziyy\u0259td\u0259&#8230;\u201d","datePublished":"2023-06-29T13:10:23+00:00","dateModified":"2023-06-29T13:10:29+00:00","mainEntityOfPage":{"@id":"https:\/\/www.meydan.tv\/az\/article\/sabirabad-sakini-qalmisam-cixilmaz-veziyyetde\/"},"wordCount":587,"publisher":{"@id":"https:\/\/www.meydan.tv\/az\/#organization"},"image":{"@id":"https:\/\/www.meydan.tv\/az\/article\/sabirabad-sakini-qalmisam-cixilmaz-veziyyetde\/#primaryimage"},"thumbnailUrl":"https:\/\/www.meydan.tv\/wp-content\/uploads\/sabirabad-1-2-scaled.jpg","articleSection":["B\u00f6lg\u0259","X\u0259b\u0259rl\u0259r"],"inLanguage":"az"},{"@type":"WebPage","@id":"https:\/\/www.meydan.tv\/az\/article\/sabirabad-sakini-qalmisam-cixilmaz-veziyyetde\/","url":"https:\/\/www.meydan.tv\/az\/article\/sabirabad-sakini-qalmisam-cixilmaz-veziyyetde\/","name":"Sabirabad sakini: \u201cQalm\u0131\u015fam \u00e7\u0131x\u0131lmaz v\u0259ziyy\u0259td\u0259...\u201d - MEYDAN.TV","isPartOf":{"@id":"https:\/\/www.meydan.tv\/az\/#website"},"primaryImageOfPage":{"@id":"https:\/\/www.meydan.tv\/az\/article\/sabirabad-sakini-qalmisam-cixilmaz-veziyyetde\/#primaryimage"},"image":{"@id":"https:\/\/www.meydan.tv\/az\/article\/sabirabad-sakini-qalmisam-cixilmaz-veziyyetde\/#primaryimage"},"thumbnailUrl":"https:\/\/www.meydan.tv\/wp-content\/uploads\/sabirabad-1-2-scaled.jpg","datePublished":"2023-06-29T13:10:23+00:00","dateModified":"2023-06-29T13:10:29+00:00","breadcrumb":{"@id":"https:\/\/www.meydan.tv\/az\/article\/sabirabad-sakini-qalmisam-cixilmaz-veziyyetde\/#breadcrumb"},"inLanguage":"az","potentialAction":[{"@type":"ReadAction","target":["https:\/\/www.meydan.tv\/az\/article\/sabirabad-sakini-qalmisam-cixilmaz-veziyyetde\/"]}]},{"@type":"ImageObject","inLanguage":"az","@id":"https:\/\/www.meydan.tv\/az\/article\/sabirabad-sakini-qalmisam-cixilmaz-veziyyetde\/#primaryimage","url":"https:\/\/www.meydan.tv\/wp-content\/uploads\/sabirabad-1-2-scaled.jpg","contentUrl":"https:\/\/www.meydan.tv\/wp-content\/uploads\/sabirabad-1-2-scaled.jpg","width":2560,"height":1714,"caption":"Foto: Sabirabad R\u0130H"},{"@type":"BreadcrumbList","@id":"https:\/\/www.meydan.tv\/az\/article\/sabirabad-sakini-qalmisam-cixilmaz-veziyyetde\/#breadcrumb","itemListElement":[{"@type":"ListItem","position":1,"name":"Ana s\u0259hif\u0259","item":"https:\/\/www.meydan.tv\/az\/"},{"@type":"ListItem","position":2,"name":"B\u00f6lg\u0259","item":"https:\/\/www.meydan.tv\/az\/section\/bolge\/"},{"@type":"ListItem","position":3,"name":"Sabirabad sakini: \u201cQalm\u0131\u015fam \u00e7\u0131x\u0131lmaz v\u0259ziyy\u0259td\u0259&#8230;\u201d"}]},{"@type":"WebSite","@id":"https:\/\/www.meydan.tv\/az\/#website","url":"https:\/\/www.meydan.tv\/az\/","name":"MEYDAN.TV","description":"Meydan TV Az\u0259rbaycan\u0131n media m\u0259kan\u0131ndak\u0131 alternativ s\u0259sidir","publisher":{"@id":"https:\/\/www.meydan.tv\/az\/#organization"},"potentialAction":[{"@type":"SearchAction","target":{"@type":"EntryPoint","urlTemplate":"https:\/\/www.meydan.tv\/az\/?s={search_term_string}"},"query-input":{"@type":"PropertyValueSpecification","valueRequired":true,"valueName":"search_term_string"}}],"inLanguage":"az"},{"@type":"Organization","@id":"https:\/\/www.meydan.tv\/az\/#organization","name":"Meydan TV","url":"https:\/\/www.meydan.tv\/az\/","logo":{"@type":"ImageObject","inLanguage":"az","@id":"https:\/\/www.meydan.tv\/az\/#\/schema\/logo\/image\/","url":"https:\/\/www.meydan.tv\/wp-content\/uploads\/2021\/07\/meydan-logo.svg","contentUrl":"https:\/\/www.meydan.tv\/wp-content\/uploads\/2021\/07\/meydan-logo.svg","width":195,"height":46,"caption":"Meydan TV"},"image":{"@id":"https:\/\/www.meydan.tv\/az\/#\/schema\/logo\/image\/"}},{"@type":"Person","@id":"https:\/\/www.meydan.tv\/az\/#\/schema\/person\/9cdbecf90d17180ce1dfbd95b08dcf47","name":"elli","sameAs":["https:\/\/x.com\/elli"]}]}},"_links":{"self":[{"href":"https:\/\/www.meydan.tv\/az\/wp-json\/wp\/v2\/posts\/278779","targetHints":{"allow":["GET"]}}],"collection":[{"href":"https:\/\/www.meydan.tv\/az\/wp-json\/wp\/v2\/posts"}],"about":[{"href":"https:\/\/www.meydan.tv\/az\/wp-json\/wp\/v2\/types\/post"}],"author":[{"embeddable":true,"href":"https:\/\/www.meydan.tv\/az\/wp-json\/wp\/v2\/users\/8"}],"replies":[{"embeddable":true,"href":"https:\/\/www.meydan.tv\/az\/wp-json\/wp\/v2\/comments?post=278779"}],"version-history":[{"count":1,"href":"https:\/\/www.meydan.tv\/az\/wp-json\/wp\/v2\/posts\/278779\/revisions"}],"predecessor-version":[{"id":278786,"href":"https:\/\/www.meydan.tv\/az\/wp-json\/wp\/v2\/posts\/278779\/revisions\/278786"}],"wp:featuredmedia":[{"embeddable":true,"href":"https:\/\/www.meydan.tv\/az\/wp-json\/wp\/v2\/media\/154167"}],"wp:attachment":[{"href":"https:\/\/www.meydan.tv\/az\/wp-json\/wp\/v2\/media?parent=278779"}],"wp:term":[{"taxonomy":"category","embeddable":true,"href":"https:\/\/www.meydan.tv\/az\/wp-json\/wp\/v2\/categories?post=278779"},{"taxonomy":"post_tag","embeddable":true,"href":"https:\/\/www.meydan.tv\/az\/wp-json\/wp\/v2\/tags?post=278779"}],"curies":[{"name":"wp","href":"https:\/\/api.w.org\/{rel}","templated":true}]}}