{"id":278774,"date":"2023-06-29T16:57:09","date_gmt":"2023-06-29T12:57:09","guid":{"rendered":"https:\/\/www.meydan.tv\/?p=278774"},"modified":"2023-06-29T18:27:58","modified_gmt":"2023-06-29T14:27:58","slug":"dost-qonsu-gurcustan-ve-bizim-azerbaycan","status":"publish","type":"post","link":"https:\/\/www.meydan.tv\/az\/article\/dost-qonsu-gurcustan-ve-bizim-azerbaycan\/","title":{"rendered":"Dost, qon\u015fu G\u00fcrc\u00fcstan v\u0259 bizim Az\u0259rbaycan"},"content":{"rendered":"\n<p><\/p>\n\n\n\n<p><strong>R\u0259\u015fad Erg\u00fcn<\/strong><\/p>\n\n\n\n<p><em><strong>Biz futbolda ba\u015flad\u0131\u011f\u0131m\u0131z yer\u0259 d\u00f6nm\u00fc\u015f\u00fck<\/strong><\/em><\/p>\n\n\n\n<p>G\u00fcrc\u00fcstan\u0131n 21 ya\u015fad\u0259k futbol\u00e7ulardan ibar\u0259t milli komandas\u0131 Avropa \u00e7empionat\u0131n\u0131n final m\u0259rh\u0259l\u0259sin\u0259 &#8211; 1\/4 finala y\u00fcks\u0259lib. H\u0259m d\u0259, qrup birincisi kimi. \u00d6z\u00fc d\u0259, qrupda Portuqaliya, Niderland, Bel\u00e7ika kimi Avropan\u0131n \u201cn\u0259h\u0259ngl\u0259r\u201dini gerid\u0259 qoyaraq.<\/p>\n\n\n\n<p>Dost v\u0259 qon\u015fu g\u00fcrc\u00fc xalq\u0131n\u0131 bu b\u00f6y\u00fck u\u011fur m\u00fcnasib\u0259ti il\u0259 t\u0259brik edib, sonra\u2026 Yox, yox, \u201co \u201c\u0259jdaha\u201ddan bizd\u0259 niy\u0259 yoxdur\u201d sual\u0131n\u0131 verm\u0259y\u0259c\u0259m. Bizimki suallardan da ke\u00e7ib, ritorikadan da. Biz b\u00fct\u00f6v bir futbol\u00e7u n\u0259slini itirmi\u015fik. H\u0259tta bir d\u0259 yox, bir ne\u00e7\u0259 futbol\u00e7u n\u0259slini.<\/p>\n\n\n\n<p>Pozitiv, \u00f6z\u00fcn\u00fc t\u0259s\u0259lli etm\u0259yi sev\u0259n b\u0259zi az\u0259rbaycanl\u0131 futbol adamlar\u0131 tez-tez deyirl\u0259r ki, \u201cbizd\u0259n vaxt\u0131 il\u0259 \u018fl\u0259kb\u0259r M\u0259mm\u0259dov, \u0130sg\u0259nd\u0259r Cavadov, Nazim S\u00fcleymanov, V\u0259li Qas\u0131mov kimi futbol\u00e7ular \u00e7\u0131x\u0131bsa, dem\u0259li, yen\u0259 \u00e7\u0131xa bil\u0259r\u201d. Yax\u015f\u0131 t\u0259s\u0259llidir. Amma yanl\u0131\u015f t\u0259s\u0259llidir. G\u00f6z\u0259l, xo\u015fniyy\u0259tli, pozitiv insanlar, \u018fl\u0259kb\u0259r M\u0259mm\u0259dovu, Nazim S\u00fcleymanovu, V\u0259li Qas\u0131movu ortaya \u00e7\u0131xaran da, futbol\u00e7u ed\u0259n d\u0259 ke\u00e7mi\u015f sovet sistemi idi. H\u0259m d\u0259, el\u0259 qon\u015fu G\u00fcrc\u00fcstandan, Erm\u0259nistandan sovet vaxt\u0131 ortaya 15-20 y\u00fcks\u0259k s\u0259viyy\u0259li futbol\u00e7u \u00e7\u0131xanda, bizd\u0259n g\u00fcc-b\u0259la il\u0259 3-4 futbol\u00e7u \u00e7\u0131x\u0131b. Yaland\u0131rsa, deyin ki, yaland\u0131r.<\/p>\n\n\n\n<p>Sistem \u00e7ox vacibdir. \u0130st\u0259nil\u0259n sah\u0259d\u0259 sistem, nizam-intizam, plan yoxdursa, sonluq, n\u0259tic\u0259 he\u00e7dir, b\u00f6y\u00fck bir bo\u015fluq, 0-d\u0131r. Az\u0259rbaycan futboluna r\u0259hb\u0259rlik ed\u0259n t\u0259\u015fkilatda &#8211; AFFA-da prezident R\u00f6vn\u0259q Abdullayevd\u0259n tutmu\u015f, b\u00fct\u00fcn i\u015f\u00e7il\u0259rin\u0259, \u0259m\u0259kda\u015flar\u0131na q\u0259d\u0259r, he\u00e7 birinin ortaya sistemli i\u015f, plan qoyma\u011fa potensial\u0131 \u00e7atm\u0131r. \u00dcmumiyy\u0259tl\u0259, bizim \u00f6lk\u0259d\u0259 futbol sanki m\u0259qs\u0259dli \u015f\u0259kild\u0259 se\u00e7il\u0259r\u0259k y\u0131\u011f\u0131lm\u0131\u015f adamlara, futbolu bilm\u0259y\u0259nl\u0259r\u0259 tap\u015f\u0131r\u0131l\u0131b. Bu adamlar 2008-ci ild\u0259n b\u0259ri \u00f6lk\u0259 futbolunu idar\u0259 edirl\u0259r. Ortada n\u0259 var? B\u00fct\u00fcn ya\u015f qruplar\u0131 \u00fczr\u0259 milli komandalar\u0131n say\u0131-hesab\u0131 bilinm\u0259y\u0259n m\u0259\u011flubiyy\u0259tl\u0259ri, qoyun-quzunun otla\u011f\u0131na \u00e7evril\u0259n stadionlar, F\u0130FA reytinqind\u0259 121-ci yer v\u0259 sair v\u0259 ilax\u0131r. Bizim he\u00e7 g\u00fcrc\u00fcl\u0259r, erm\u0259nil\u0259r kimi \u0130taliya, \u0130spaniya \u00e7empionatlar\u0131nda oynayan legioner futbol\u00e7ular\u0131m\u0131z da yoxdur. \u018fslind\u0259, bizim futbol ad\u0131na he\u00e7 n\u0259yimiz yoxdur. \u201cQaraba\u011f\u201d? O da bir n\u0259f\u0259rin, ba\u015f m\u0259\u015fq\u00e7i Qurban Qurbanovun \u015f\u0259xsi keyfiyy\u0259tl\u0259ri hesab\u0131na n\u0259s\u0259 etm\u0259y\u0259 \u00e7al\u0131\u015fan komandad\u0131r. H\u0259, \u00f6lk\u0259 futbolu ad\u0131na \u0259n yax\u015f\u0131 n\u00fcmun\u0259 \u201cQaraba\u011f\u201dd\u0131r ki, orda da sistem yoxdur. A\u011fdam klubunun u\u015faq komandalar\u0131ndan ortaya \u00e7\u0131xan, Avropa s\u0259viyy\u0259li bir futbol\u00e7u varm\u0131? Cavab: Xeyr.<\/p>\n\n\n\n<p>S\u00f6hb\u0259t sistemd\u0259n, sistemsizlikd\u0259n d\u00fc\u015f\u0259nd\u0259 xat\u0131rlatmaqdan z\u00f6vq ald\u0131\u011f\u0131m bir \u015fey var. \u0130ll\u0259r \u0259vv\u0259l Az\u0259rbaycanda polisl\u0259r avtomobil s\u00fcr\u00fcc\u00fcl\u0259rinin \u00fcst\u00fcn\u0259 m\u00f6hk\u0259m d\u00fc\u015fm\u00fc\u015fd\u00fc, t\u0259hl\u00fck\u0259sizlik k\u0259m\u0259rind\u0259n istifad\u0259 etm\u0259y\u0259nl\u0259ri c\u0259rim\u0259 edirdil\u0259r. \u0130ll\u0259r \u0259vv\u0259l ba\u015fqa bir \u015fey d\u0259 olmu\u015fdu: yeralt\u0131 ke\u00e7idl\u0259rd\u0259n istifad\u0259 etm\u0259yib, qaydalar\u0131 pozan piyadalara polisl\u0259r aman vermirdi, c\u0259rim\u0259 edirdil\u0259r. O vaxt m\u0259nd\u0259 el\u0259 t\u0259\u0259ss\u00fcrat yaranm\u0131\u015fd\u0131 ki, b\u00fct\u00fcn bu c\u0259za v\u0259 c\u0259rim\u0259 sistemi davam etdikc\u0259 avtomobil s\u00fcr\u0259nl\u0259r d\u0259, piyadalar da d\u0259yi\u015f\u0259c\u0259k, qaydalara \u0259m\u0259l olunacaq. Amma olmad\u0131. Bir m\u00fcdd\u0259t sonra polis t\u0259hl\u00fck\u0259sizlik k\u0259m\u0259rind\u0259n istifad\u0259 etm\u0259y\u0259n s\u00fcr\u00fcc\u00fcl\u0259r\u0259 d\u0259, ke\u00e7idl\u0259rd\u0259n yararlanmayan, yol h\u0259r\u0259k\u0259ri qaydalar\u0131n\u0131 pozan piyadalara da \u0259h\u0259miyy\u0259t verm\u0259m\u0259y\u0259 ba\u015flad\u0131. V\u0259\u2026 H\u0259r \u015fey ba\u015flad\u0131\u011f\u0131 yer\u0259 d\u00f6nd\u00fc.<\/p>\n\n\n\n<p>Biz futbolda da ba\u015flad\u0131\u011f\u0131m\u0131z yer\u0259 d\u00f6nm\u00fc\u015f\u00fck, 90-c\u0131 ill\u0259rin \u0259vv\u0259ll\u0259rin\u0259. Ya da, b\u0259lk\u0259, he\u00e7 vaxt n\u0259y\u0259s\u0259 ba\u015flamam\u0131\u015fd\u0131q da.<\/p>\n","protected":false},"excerpt":{"rendered":"<p>R\u0259\u015fad Erg\u00fcn Biz futbolda ba\u015flad\u0131\u011f\u0131m\u0131z yer\u0259 d\u00f6nm\u00fc\u015f\u00fck G\u00fcrc\u00fcstan\u0131n 21 ya\u015fad\u0259k &#8230; <\/p>\n<p class=\"read-more-container\"><a title=\"Dost, qon\u015fu G\u00fcrc\u00fcstan v\u0259 bizim Az\u0259rbaycan\" class=\"read-more button\" href=\"https:\/\/www.meydan.tv\/az\/article\/dost-qonsu-gurcustan-ve-bizim-azerbaycan\/#more-278774\" aria-label=\"Read more about Dost, qon\u015fu G\u00fcrc\u00fcstan v\u0259 bizim Az\u0259rbaycan\">Davam\u0131<\/a><\/p>\n","protected":false},"author":8,"featured_media":278775,"comment_status":"closed","ping_status":"closed","sticky":false,"template":"","format":"standard","meta":{"_acf_changed":false,"_sitemap_exclude":false,"_sitemap_priority":"","_sitemap_frequency":"","footnotes":""},"categories":[57],"tags":[],"class_list":["post-278774","post","type-post","status-publish","format-standard","has-post-thumbnail","hentry","category-menim-fikrimce","infinite-scroll-item","generate-columns","tablet-grid-50","mobile-grid-100","grid-parent","grid-33","no-featured-image-padding"],"acf":[],"yoast_head":"<!-- This site is optimized with the Yoast SEO plugin v27.4 - https:\/\/yoast.com\/product\/yoast-seo-wordpress\/ -->\n<title>Dost, qon\u015fu G\u00fcrc\u00fcstan v\u0259 bizim Az\u0259rbaycan - MEYDAN.TV<\/title>\n<meta name=\"robots\" content=\"index, follow, max-snippet:-1, max-image-preview:large, max-video-preview:-1\" \/>\n<link rel=\"canonical\" href=\"https:\/\/www.meydan.tv\/az\/article\/dost-qonsu-gurcustan-ve-bizim-azerbaycan\/\" \/>\n<meta property=\"og:locale\" content=\"az_AZ\" \/>\n<meta property=\"og:type\" content=\"article\" \/>\n<meta property=\"og:title\" content=\"Dost, qon\u015fu G\u00fcrc\u00fcstan v\u0259 bizim Az\u0259rbaycan - MEYDAN.TV\" \/>\n<meta property=\"og:description\" content=\"R\u0259\u015fad Erg\u00fcn Biz futbolda ba\u015flad\u0131\u011f\u0131m\u0131z yer\u0259 d\u00f6nm\u00fc\u015f\u00fck G\u00fcrc\u00fcstan\u0131n 21 ya\u015fad\u0259k ... Davam\u0131\" \/>\n<meta property=\"og:url\" content=\"https:\/\/www.meydan.tv\/az\/article\/dost-qonsu-gurcustan-ve-bizim-azerbaycan\/\" \/>\n<meta property=\"og:site_name\" content=\"MEYDAN.TV\" \/>\n<meta property=\"article:published_time\" content=\"2023-06-29T12:57:09+00:00\" \/>\n<meta property=\"article:modified_time\" content=\"2023-06-29T14:27:58+00:00\" \/>\n<meta property=\"og:image\" content=\"https:\/\/www.meydan.tv\/wp-content\/uploads\/untitled-design-151-e1688040764206.jpg\" \/>\n\t<meta property=\"og:image:width\" content=\"1200\" \/>\n\t<meta property=\"og:image:height\" content=\"636\" \/>\n\t<meta property=\"og:image:type\" content=\"image\/jpeg\" \/>\n<meta name=\"author\" content=\"elli\" \/>\n<meta name=\"twitter:card\" content=\"summary_large_image\" \/>\n<meta name=\"twitter:creator\" content=\"@elli\" \/>\n<script type=\"application\/ld+json\" class=\"yoast-schema-graph\">{\"@context\":\"https:\\\/\\\/schema.org\",\"@graph\":[{\"@type\":\"Article\",\"@id\":\"https:\\\/\\\/www.meydan.tv\\\/az\\\/article\\\/dost-qonsu-gurcustan-ve-bizim-azerbaycan\\\/#article\",\"isPartOf\":{\"@id\":\"https:\\\/\\\/www.meydan.tv\\\/az\\\/article\\\/dost-qonsu-gurcustan-ve-bizim-azerbaycan\\\/\"},\"author\":{\"name\":\"elli\",\"@id\":\"https:\\\/\\\/www.meydan.tv\\\/az\\\/#\\\/schema\\\/person\\\/9cdbecf90d17180ce1dfbd95b08dcf47\"},\"headline\":\"Dost, qon\u015fu G\u00fcrc\u00fcstan v\u0259 bizim Az\u0259rbaycan\",\"datePublished\":\"2023-06-29T12:57:09+00:00\",\"dateModified\":\"2023-06-29T14:27:58+00:00\",\"mainEntityOfPage\":{\"@id\":\"https:\\\/\\\/www.meydan.tv\\\/az\\\/article\\\/dost-qonsu-gurcustan-ve-bizim-azerbaycan\\\/\"},\"wordCount\":728,\"publisher\":{\"@id\":\"https:\\\/\\\/www.meydan.tv\\\/az\\\/#organization\"},\"image\":{\"@id\":\"https:\\\/\\\/www.meydan.tv\\\/az\\\/article\\\/dost-qonsu-gurcustan-ve-bizim-azerbaycan\\\/#primaryimage\"},\"thumbnailUrl\":\"https:\\\/\\\/www.meydan.tv\\\/wp-content\\\/uploads\\\/untitled-design-151-e1688040764206.jpg\",\"articleSection\":[\"M\u0259nim Fikrimc\u0259\"],\"inLanguage\":\"az\"},{\"@type\":\"WebPage\",\"@id\":\"https:\\\/\\\/www.meydan.tv\\\/az\\\/article\\\/dost-qonsu-gurcustan-ve-bizim-azerbaycan\\\/\",\"url\":\"https:\\\/\\\/www.meydan.tv\\\/az\\\/article\\\/dost-qonsu-gurcustan-ve-bizim-azerbaycan\\\/\",\"name\":\"Dost, qon\u015fu G\u00fcrc\u00fcstan v\u0259 bizim Az\u0259rbaycan - MEYDAN.TV\",\"isPartOf\":{\"@id\":\"https:\\\/\\\/www.meydan.tv\\\/az\\\/#website\"},\"primaryImageOfPage\":{\"@id\":\"https:\\\/\\\/www.meydan.tv\\\/az\\\/article\\\/dost-qonsu-gurcustan-ve-bizim-azerbaycan\\\/#primaryimage\"},\"image\":{\"@id\":\"https:\\\/\\\/www.meydan.tv\\\/az\\\/article\\\/dost-qonsu-gurcustan-ve-bizim-azerbaycan\\\/#primaryimage\"},\"thumbnailUrl\":\"https:\\\/\\\/www.meydan.tv\\\/wp-content\\\/uploads\\\/untitled-design-151-e1688040764206.jpg\",\"datePublished\":\"2023-06-29T12:57:09+00:00\",\"dateModified\":\"2023-06-29T14:27:58+00:00\",\"breadcrumb\":{\"@id\":\"https:\\\/\\\/www.meydan.tv\\\/az\\\/article\\\/dost-qonsu-gurcustan-ve-bizim-azerbaycan\\\/#breadcrumb\"},\"inLanguage\":\"az\",\"potentialAction\":[{\"@type\":\"ReadAction\",\"target\":[\"https:\\\/\\\/www.meydan.tv\\\/az\\\/article\\\/dost-qonsu-gurcustan-ve-bizim-azerbaycan\\\/\"]}]},{\"@type\":\"ImageObject\",\"inLanguage\":\"az\",\"@id\":\"https:\\\/\\\/www.meydan.tv\\\/az\\\/article\\\/dost-qonsu-gurcustan-ve-bizim-azerbaycan\\\/#primaryimage\",\"url\":\"https:\\\/\\\/www.meydan.tv\\\/wp-content\\\/uploads\\\/untitled-design-151-e1688040764206.jpg\",\"contentUrl\":\"https:\\\/\\\/www.meydan.tv\\\/wp-content\\\/uploads\\\/untitled-design-151-e1688040764206.jpg\",\"width\":1200,\"height\":636,\"caption\":\"Foto: R\u0259\u015fad Erg\u00fcn\u00fcn \u015f\u0259xsi arxivind\u0259n\"},{\"@type\":\"BreadcrumbList\",\"@id\":\"https:\\\/\\\/www.meydan.tv\\\/az\\\/article\\\/dost-qonsu-gurcustan-ve-bizim-azerbaycan\\\/#breadcrumb\",\"itemListElement\":[{\"@type\":\"ListItem\",\"position\":1,\"name\":\"Ana s\u0259hif\u0259\",\"item\":\"https:\\\/\\\/www.meydan.tv\\\/az\\\/\"},{\"@type\":\"ListItem\",\"position\":2,\"name\":\"M\u0259nim Fikrimc\u0259\",\"item\":\"https:\\\/\\\/www.meydan.tv\\\/az\\\/section\\\/menim-fikrimce\\\/\"},{\"@type\":\"ListItem\",\"position\":3,\"name\":\"Dost, qon\u015fu G\u00fcrc\u00fcstan v\u0259 bizim Az\u0259rbaycan\"}]},{\"@type\":\"WebSite\",\"@id\":\"https:\\\/\\\/www.meydan.tv\\\/az\\\/#website\",\"url\":\"https:\\\/\\\/www.meydan.tv\\\/az\\\/\",\"name\":\"MEYDAN.TV\",\"description\":\"Meydan TV Az\u0259rbaycan\u0131n media m\u0259kan\u0131ndak\u0131 alternativ s\u0259sidir\",\"publisher\":{\"@id\":\"https:\\\/\\\/www.meydan.tv\\\/az\\\/#organization\"},\"potentialAction\":[{\"@type\":\"SearchAction\",\"target\":{\"@type\":\"EntryPoint\",\"urlTemplate\":\"https:\\\/\\\/www.meydan.tv\\\/az\\\/?s={search_term_string}\"},\"query-input\":{\"@type\":\"PropertyValueSpecification\",\"valueRequired\":true,\"valueName\":\"search_term_string\"}}],\"inLanguage\":\"az\"},{\"@type\":\"Organization\",\"@id\":\"https:\\\/\\\/www.meydan.tv\\\/az\\\/#organization\",\"name\":\"Meydan TV\",\"url\":\"https:\\\/\\\/www.meydan.tv\\\/az\\\/\",\"logo\":{\"@type\":\"ImageObject\",\"inLanguage\":\"az\",\"@id\":\"https:\\\/\\\/www.meydan.tv\\\/az\\\/#\\\/schema\\\/logo\\\/image\\\/\",\"url\":\"https:\\\/\\\/www.meydan.tv\\\/wp-content\\\/uploads\\\/2021\\\/07\\\/meydan-logo.svg\",\"contentUrl\":\"https:\\\/\\\/www.meydan.tv\\\/wp-content\\\/uploads\\\/2021\\\/07\\\/meydan-logo.svg\",\"width\":195,\"height\":46,\"caption\":\"Meydan TV\"},\"image\":{\"@id\":\"https:\\\/\\\/www.meydan.tv\\\/az\\\/#\\\/schema\\\/logo\\\/image\\\/\"}},{\"@type\":\"Person\",\"@id\":\"https:\\\/\\\/www.meydan.tv\\\/az\\\/#\\\/schema\\\/person\\\/9cdbecf90d17180ce1dfbd95b08dcf47\",\"name\":\"elli\",\"sameAs\":[\"https:\\\/\\\/x.com\\\/elli\"]}]}<\/script>\n<!-- \/ Yoast SEO plugin. -->","yoast_head_json":{"title":"Dost, qon\u015fu G\u00fcrc\u00fcstan v\u0259 bizim Az\u0259rbaycan - MEYDAN.TV","robots":{"index":"index","follow":"follow","max-snippet":"max-snippet:-1","max-image-preview":"max-image-preview:large","max-video-preview":"max-video-preview:-1"},"canonical":"https:\/\/www.meydan.tv\/az\/article\/dost-qonsu-gurcustan-ve-bizim-azerbaycan\/","og_locale":"az_AZ","og_type":"article","og_title":"Dost, qon\u015fu G\u00fcrc\u00fcstan v\u0259 bizim Az\u0259rbaycan - MEYDAN.TV","og_description":"R\u0259\u015fad Erg\u00fcn Biz futbolda ba\u015flad\u0131\u011f\u0131m\u0131z yer\u0259 d\u00f6nm\u00fc\u015f\u00fck G\u00fcrc\u00fcstan\u0131n 21 ya\u015fad\u0259k ... Davam\u0131","og_url":"https:\/\/www.meydan.tv\/az\/article\/dost-qonsu-gurcustan-ve-bizim-azerbaycan\/","og_site_name":"MEYDAN.TV","article_published_time":"2023-06-29T12:57:09+00:00","article_modified_time":"2023-06-29T14:27:58+00:00","og_image":[{"width":1200,"height":636,"url":"https:\/\/www.meydan.tv\/wp-content\/uploads\/untitled-design-151-e1688040764206.jpg","type":"image\/jpeg"}],"author":"elli","twitter_card":"summary_large_image","twitter_creator":"@elli","schema":{"@context":"https:\/\/schema.org","@graph":[{"@type":"Article","@id":"https:\/\/www.meydan.tv\/az\/article\/dost-qonsu-gurcustan-ve-bizim-azerbaycan\/#article","isPartOf":{"@id":"https:\/\/www.meydan.tv\/az\/article\/dost-qonsu-gurcustan-ve-bizim-azerbaycan\/"},"author":{"name":"elli","@id":"https:\/\/www.meydan.tv\/az\/#\/schema\/person\/9cdbecf90d17180ce1dfbd95b08dcf47"},"headline":"Dost, qon\u015fu G\u00fcrc\u00fcstan v\u0259 bizim Az\u0259rbaycan","datePublished":"2023-06-29T12:57:09+00:00","dateModified":"2023-06-29T14:27:58+00:00","mainEntityOfPage":{"@id":"https:\/\/www.meydan.tv\/az\/article\/dost-qonsu-gurcustan-ve-bizim-azerbaycan\/"},"wordCount":728,"publisher":{"@id":"https:\/\/www.meydan.tv\/az\/#organization"},"image":{"@id":"https:\/\/www.meydan.tv\/az\/article\/dost-qonsu-gurcustan-ve-bizim-azerbaycan\/#primaryimage"},"thumbnailUrl":"https:\/\/www.meydan.tv\/wp-content\/uploads\/untitled-design-151-e1688040764206.jpg","articleSection":["M\u0259nim Fikrimc\u0259"],"inLanguage":"az"},{"@type":"WebPage","@id":"https:\/\/www.meydan.tv\/az\/article\/dost-qonsu-gurcustan-ve-bizim-azerbaycan\/","url":"https:\/\/www.meydan.tv\/az\/article\/dost-qonsu-gurcustan-ve-bizim-azerbaycan\/","name":"Dost, qon\u015fu G\u00fcrc\u00fcstan v\u0259 bizim Az\u0259rbaycan - MEYDAN.TV","isPartOf":{"@id":"https:\/\/www.meydan.tv\/az\/#website"},"primaryImageOfPage":{"@id":"https:\/\/www.meydan.tv\/az\/article\/dost-qonsu-gurcustan-ve-bizim-azerbaycan\/#primaryimage"},"image":{"@id":"https:\/\/www.meydan.tv\/az\/article\/dost-qonsu-gurcustan-ve-bizim-azerbaycan\/#primaryimage"},"thumbnailUrl":"https:\/\/www.meydan.tv\/wp-content\/uploads\/untitled-design-151-e1688040764206.jpg","datePublished":"2023-06-29T12:57:09+00:00","dateModified":"2023-06-29T14:27:58+00:00","breadcrumb":{"@id":"https:\/\/www.meydan.tv\/az\/article\/dost-qonsu-gurcustan-ve-bizim-azerbaycan\/#breadcrumb"},"inLanguage":"az","potentialAction":[{"@type":"ReadAction","target":["https:\/\/www.meydan.tv\/az\/article\/dost-qonsu-gurcustan-ve-bizim-azerbaycan\/"]}]},{"@type":"ImageObject","inLanguage":"az","@id":"https:\/\/www.meydan.tv\/az\/article\/dost-qonsu-gurcustan-ve-bizim-azerbaycan\/#primaryimage","url":"https:\/\/www.meydan.tv\/wp-content\/uploads\/untitled-design-151-e1688040764206.jpg","contentUrl":"https:\/\/www.meydan.tv\/wp-content\/uploads\/untitled-design-151-e1688040764206.jpg","width":1200,"height":636,"caption":"Foto: R\u0259\u015fad Erg\u00fcn\u00fcn \u015f\u0259xsi arxivind\u0259n"},{"@type":"BreadcrumbList","@id":"https:\/\/www.meydan.tv\/az\/article\/dost-qonsu-gurcustan-ve-bizim-azerbaycan\/#breadcrumb","itemListElement":[{"@type":"ListItem","position":1,"name":"Ana s\u0259hif\u0259","item":"https:\/\/www.meydan.tv\/az\/"},{"@type":"ListItem","position":2,"name":"M\u0259nim Fikrimc\u0259","item":"https:\/\/www.meydan.tv\/az\/section\/menim-fikrimce\/"},{"@type":"ListItem","position":3,"name":"Dost, qon\u015fu G\u00fcrc\u00fcstan v\u0259 bizim Az\u0259rbaycan"}]},{"@type":"WebSite","@id":"https:\/\/www.meydan.tv\/az\/#website","url":"https:\/\/www.meydan.tv\/az\/","name":"MEYDAN.TV","description":"Meydan TV Az\u0259rbaycan\u0131n media m\u0259kan\u0131ndak\u0131 alternativ s\u0259sidir","publisher":{"@id":"https:\/\/www.meydan.tv\/az\/#organization"},"potentialAction":[{"@type":"SearchAction","target":{"@type":"EntryPoint","urlTemplate":"https:\/\/www.meydan.tv\/az\/?s={search_term_string}"},"query-input":{"@type":"PropertyValueSpecification","valueRequired":true,"valueName":"search_term_string"}}],"inLanguage":"az"},{"@type":"Organization","@id":"https:\/\/www.meydan.tv\/az\/#organization","name":"Meydan TV","url":"https:\/\/www.meydan.tv\/az\/","logo":{"@type":"ImageObject","inLanguage":"az","@id":"https:\/\/www.meydan.tv\/az\/#\/schema\/logo\/image\/","url":"https:\/\/www.meydan.tv\/wp-content\/uploads\/2021\/07\/meydan-logo.svg","contentUrl":"https:\/\/www.meydan.tv\/wp-content\/uploads\/2021\/07\/meydan-logo.svg","width":195,"height":46,"caption":"Meydan TV"},"image":{"@id":"https:\/\/www.meydan.tv\/az\/#\/schema\/logo\/image\/"}},{"@type":"Person","@id":"https:\/\/www.meydan.tv\/az\/#\/schema\/person\/9cdbecf90d17180ce1dfbd95b08dcf47","name":"elli","sameAs":["https:\/\/x.com\/elli"]}]}},"_links":{"self":[{"href":"https:\/\/www.meydan.tv\/az\/wp-json\/wp\/v2\/posts\/278774","targetHints":{"allow":["GET"]}}],"collection":[{"href":"https:\/\/www.meydan.tv\/az\/wp-json\/wp\/v2\/posts"}],"about":[{"href":"https:\/\/www.meydan.tv\/az\/wp-json\/wp\/v2\/types\/post"}],"author":[{"embeddable":true,"href":"https:\/\/www.meydan.tv\/az\/wp-json\/wp\/v2\/users\/8"}],"replies":[{"embeddable":true,"href":"https:\/\/www.meydan.tv\/az\/wp-json\/wp\/v2\/comments?post=278774"}],"version-history":[{"count":2,"href":"https:\/\/www.meydan.tv\/az\/wp-json\/wp\/v2\/posts\/278774\/revisions"}],"predecessor-version":[{"id":278794,"href":"https:\/\/www.meydan.tv\/az\/wp-json\/wp\/v2\/posts\/278774\/revisions\/278794"}],"wp:featuredmedia":[{"embeddable":true,"href":"https:\/\/www.meydan.tv\/az\/wp-json\/wp\/v2\/media\/278775"}],"wp:attachment":[{"href":"https:\/\/www.meydan.tv\/az\/wp-json\/wp\/v2\/media?parent=278774"}],"wp:term":[{"taxonomy":"category","embeddable":true,"href":"https:\/\/www.meydan.tv\/az\/wp-json\/wp\/v2\/categories?post=278774"},{"taxonomy":"post_tag","embeddable":true,"href":"https:\/\/www.meydan.tv\/az\/wp-json\/wp\/v2\/tags?post=278774"}],"curies":[{"name":"wp","href":"https:\/\/api.w.org\/{rel}","templated":true}]}}