{"id":278772,"date":"2023-06-29T16:05:58","date_gmt":"2023-06-29T12:05:58","guid":{"rendered":"https:\/\/www.meydan.tv\/?p=278772"},"modified":"2023-06-29T16:06:01","modified_gmt":"2023-06-29T12:06:01","slug":"metyu-miller-biz-dagliq-qarabagda-insanlarin-helak-olmasindan-cox-narahatiq","status":"publish","type":"post","link":"https:\/\/www.meydan.tv\/az\/article\/metyu-miller-biz-dagliq-qarabagda-insanlarin-helak-olmasindan-cox-narahatiq\/","title":{"rendered":"Metyu Miller: \u201cBiz Da\u011fl\u0131q Qaraba\u011fda insanlar\u0131n h\u0259lak olmas\u0131ndan \u00e7ox narahat\u0131q\u201d"},"content":{"rendered":"\n<p><\/p>\n\n\n\n<p><strong><em>AB\u015e Az\u0259rbaycanla Erm\u0259nistan\u0131 t\u0259xribatlardan yay\u0131nma\u011fa \u00e7a\u011f\u0131r\u0131b<\/em><\/strong><\/p>\n\n\n\n<p>Va\u015finqton Az\u0259rbaycan\u0131 v\u0259 Erm\u0259nistan\u0131 g\u0259rginliyi aradan qald\u0131rma\u011fa v\u0259 s\u00fclh prosesini qorumaq \u00fc\u00e7\u00fcn t\u0259xribatlardan yay\u0131nma\u011fa \u00e7a\u011f\u0131r\u0131b.<\/p>\n\n\n\n<p>Bu bar\u0259d\u0259 AB\u015e D\u00f6vl\u0259t Departamentinin r\u0259smi n\u00fcmay\u0259nd\u0259si Metyu Miller Qaraba\u011fda iyunun 27-d\u0259 at\u0259\u015fk\u0259sin pozulmas\u0131ndan bir ne\u00e7\u0259 saat sonra &#8220;Twitter&#8221;d\u0259 yaz\u0131b.<\/p>\n\n\n\n<p>Metyu Miller h\u0259m d\u0259 &#8220;<em>biz Da\u011fl\u0131q Qaraba\u011fda insanlar\u0131n h\u0259lak olmas\u0131ndan \u00e7ox narahat\u0131q&#8221;<\/em>,- dey\u0259 \u0259lav\u0259 edib.<\/p>\n\n\n<div class=\"wp-block-image\">\n<figure class=\"aligncenter size-full\"><img decoding=\"async\" width=\"1200\" height=\"800\" data-src=\"https:\/\/www.meydan.tv\/wp-content\/uploads\/untitled-design-132.jpg\" alt=\"\" class=\"wp-image-275971 lazyload\" src=\"data:image\/svg+xml;base64,PHN2ZyB3aWR0aD0iMSIgaGVpZ2h0PSIxIiB4bWxucz0iaHR0cDovL3d3dy53My5vcmcvMjAwMC9zdmciPjwvc3ZnPg==\" style=\"--smush-placeholder-width: 1200px; --smush-placeholder-aspect-ratio: 1200\/800;\" \/><figcaption class=\"wp-element-caption\">Metyu Miller. Foto: Twitter<\/figcaption><\/figure>\n<\/div>\n\n\n<p>Departamentin m\u0259tbuat katibinin ba\u015f m\u00fcavini Vedant Patel g\u00fcnd\u0259lik brifinqd\u0259 <a href=\"https:\/\/www.turan.az\/ext\/news\/2023\/6\/free\/politics_news\/az\/5999.htm\" target=\"_blank\" rel=\"noreferrer noopener\">bildirib <\/a>ki, son hadis\u0259l\u0259r h\u0259rbi \u0259m\u0259liyyatlardan\u00a0 yay\u0131nmaq v\u0259 dan\u0131\u015f\u0131qlar prosesind\u0259 m\u00f6hk\u0259m v\u0259 layiqli s\u00fclh\u0259 nail olmaq z\u0259rur\u0259tini g\u00f6st\u0259rir.<\/p>\n\n\n\n<p>V.Patelin s\u00f6zl\u0259rin\u0259 g\u00f6r\u0259, Va\u015finqtonda AB\u015e-\u0131n r\u0259hb\u0259rliyi alt\u0131nda xarici i\u015fl\u0259r nazirl\u0259ri il\u0259 dan\u0131\u015f\u0131qlar konstruktiv olub:<\/p>\n\n\n\n<p>&#8220;<em>Biz bu g\u00fcn d\u0259, sabah da bu m\u00fczakir\u0259l\u0259ri inki\u015faf etdirm\u0259y\u0259 davam edirik, buna g\u00f6r\u0259 c\u0259dv\u0259ld\u0259 he\u00e7 bir d\u0259yi\u015fiklik yoxdur&#8221;<\/em>.<\/p>\n\n\n\n<p>V.Patel &#8220;Turan&#8221;\u0131n yerl\u0259rd\u0259 g\u0259rginliyi n\u0259z\u0259r\u0259 alaraq, xarici i\u015fl\u0259r nazirl\u0259rinin diqq\u0259tl\u0259rini dan\u0131\u015f\u0131qlara c\u0259ml\u0259\u015fdirib-c\u0259ml\u0259\u015fdirm\u0259m\u0259si haqq\u0131nda sual\u0131na cavabda h\u0259r hans\u0131 \u015f\u0259rh verm\u0259kd\u0259n \u00e7\u0259kinib.<\/p>\n\n\n\n<p>O, bel\u0259 deyib: <em>&#8220;Bu, d\u00f6vl\u0259t katibinin bilavasit\u0259 m\u0259\u015f\u011ful olaca\u011f\u0131 m\u0259s\u0259l\u0259dir v\u0259 Qafqazda dan\u0131\u015f\u0131qlar \u00fczr\u0259 ba\u015f m\u00fc\u015favirimiz Lu Bono da daxil olmaqla, komandam\u0131z\u0131n dig\u0259r \u00fczvl\u0259ri kimi, o da bu prosed\u0259 bilavasit\u0259 i\u015ftirak etm\u0259y\u0259 davam edir. Biz xarici i\u015fl\u0259r nazirl\u0259ri il\u0259 birlikd\u0259 bu m\u0259s\u0259l\u0259 il\u0259 m\u0259\u015f\u011ful olma\u011fa davam ed\u0259c\u0259yik&#8221;.<\/em><\/p>\n\n\n<div class=\"wp-block-image\">\n<figure class=\"aligncenter size-full\"><img decoding=\"async\" width=\"800\" height=\"554\" data-src=\"https:\/\/www.meydan.tv\/wp-content\/uploads\/051900062398.webp\" alt=\"\" class=\"wp-image-275530 lazyload\" src=\"data:image\/svg+xml;base64,PHN2ZyB3aWR0aD0iMSIgaGVpZ2h0PSIxIiB4bWxucz0iaHR0cDovL3d3dy53My5vcmcvMjAwMC9zdmciPjwvc3ZnPg==\" style=\"--smush-placeholder-width: 800px; --smush-placeholder-aspect-ratio: 800\/554;\" \/><figcaption class=\"wp-element-caption\">Vedant Patel. Foto: &#8220;Turan&#8221;<\/figcaption><\/figure>\n<\/div>\n\n\n<p>\u0130yunun 28-d\u0259 Ceyhun Bayramov v\u0259 Ararat Mirzoyan A\u011f Evd\u0259 prezident Baydenin milli t\u0259hl\u00fck\u0259sizlik \u00fczr\u0259 m\u00fc\u015faviri Ceyk Sallivanla g\u00f6r\u00fc\u015f\u00fcbl\u0259r.<\/p>\n\n\n\n<p>C.Sallivan g\u00f6r\u00fc\u015f bar\u0259d\u0259 &#8220;Twitter&#8221; qeydind\u0259 vur\u011fulay\u0131b ki, Erm\u0259nistan\u0131 v\u0259 Az\u0259rbaycan\u0131 s\u00fclh\u0259 do\u011fru ir\u0259lil\u0259m\u0259kd\u0259 davam etm\u0259y\u0259, habel\u0259 etimad\u0131 m\u00f6hk\u0259ml\u0259ndirm\u0259k \u00fc\u00e7\u00fcn t\u0259xribatlardan yay\u0131nma\u011fa v\u0259 g\u0259rginliyi azaltma\u011fa \u00e7a\u011f\u0131r\u0131b.<\/p>\n\n\n\n<p>Va\u015finqtonda Az\u0259rbaycan v\u0259 Erm\u0259nistan\u0131n xarici i\u015fl\u0259r nazirl\u0259ri aras\u0131nda dan\u0131\u015f\u0131qlar iyunun 29-d\u0259k davam ed\u0259c\u0259k.<\/p>\n\n\n\n<p>\u0130yunun 27-d\u0259 Rusiya s\u00fclhm\u0259raml\u0131lar\u0131n\u0131n m\u00fcv\u0259qq\u0259ti yerl\u0259\u015fdiyi Az\u0259rbaycan \u0259razisind\u0259 at\u0259\u015fk\u0259s pozulub. Erm\u0259nistan v\u0259 Az\u0259rbaycan at\u0259\u015fk\u0259s rejiminin pozulmas\u0131nda bir-birini g\u00fcnahland\u0131r\u0131b.<\/p>\n\n\n\n<p>Az\u0259rbaycan M\u00fcdafi\u0259 Nazirliyi bir \u0259sg\u0259rinin yaraland\u0131\u011f\u0131n\u0131, Erm\u0259nistan M\u00fcdafi\u0259 Nazirliyi is\u0259 4 h\u0259rbs\u00e7isinin \u00f6ld\u00fcy\u00fcn\u00fc <a href=\"https:\/\/storage.googleapis.com\/qurium\/www.meydan.tv\/az-article-temas-xettinde-atisma-yerevan-4-herbcinin-helak-oldugunu-aciqladi.html\" target=\"_blank\" rel=\"noreferrer noopener\">bildirib<\/a>.<\/p>\n\n\n\n<p>Az\u0259rbaycan v\u0259 Erm\u0259nistan aras\u0131ndak\u0131 Qaraba\u011f m\u00fcnaqi\u015f\u0259si 1988-ci ild\u0259 ba\u015flay\u0131b.<\/p>\n\n\n\n<p>Erm\u0259nistan\u0131n Az\u0259rbaycana \u0259razi iddialar\u0131 il\u0259 ba\u015flayan v\u0259 1994-c\u00fc ild\u0259 imzalanan at\u0259\u015fk\u0259s raz\u0131la\u015fmas\u0131 il\u0259 bit\u0259n Birinci Qaraba\u011f m\u00fcharib\u0259si zaman\u0131 Az\u0259rbaycan\u0131n Da\u011fl\u0131q Qaraba\u011f b\u00f6lg\u0259si v\u0259 ona biti\u015fik 7 rayonu n\u0259zar\u0259t\u0259 g\u00f6t\u00fcr\u00fcb.<\/p>\n\n\n\n<p>2020-ci ilin sentyabr\u0131nda Az\u0259rbaycan v\u0259 Erm\u0259nistan silahl\u0131 q\u00fcvv\u0259l\u0259ri aras\u0131nda ba\u015f vermi\u015f 44 g\u00fcnl\u00fck \u0130kinci Qaraba\u011f m\u00fcharib\u0259si n\u0259tic\u0259sind\u0259 is\u0259 Az\u0259rbaycan Qaraba\u011f\u0131n bir hiss\u0259sin\u0259 v\u0259 \u0259traf 7 rayona n\u0259zar\u0259ti b\u0259rpa edib.<\/p>\n\n\n\n<p>Az\u0259rbaycan, Erm\u0259nistan v\u0259 Rusiya r\u0259hb\u0259rliyinin imzalad\u0131\u011f\u0131 \u00fc\u00e7t\u0259r\u0259fli birg\u0259 b\u0259yanatla d\u00f6y\u00fc\u015fl\u0259r dayand\u0131r\u0131landan sonra La\u00e7\u0131n d\u0259hlizind\u0259 v\u0259 Qaraba\u011fdak\u0131 t\u0259mas x\u0259ttind\u0259 Rusiya s\u00fclhm\u0259raml\u0131lar\u0131 yerl\u0259\u015fdirilib.<\/p>\n\n\n\n<p>Haz\u0131rk\u0131 m\u0259rh\u0259l\u0259d\u0259 \u0259razid\u0259 tez-tez at\u0259\u015fk\u0259s pozulur, h\u0259tta g\u00fcnl\u0259rl\u0259 s\u00fcr\u0259n d\u00f6y\u00fc\u015fl\u0259r ba\u015f verir.<\/p>\n\n\n\n<p>N\u0259tic\u0259d\u0259 h\u0259r iki t\u0259r\u0259f itki verir v\u0259 buna g\u00f6r\u0259 bir-birl\u0259rini g\u00fcnahland\u0131r\u0131rlar.<\/p>\n\n\n\n<p><\/p>\n\n\n\n<p><\/p>\n","protected":false},"excerpt":{"rendered":"<p>AB\u015e Az\u0259rbaycanla Erm\u0259nistan\u0131 t\u0259xribatlardan yay\u0131nma\u011fa \u00e7a\u011f\u0131r\u0131b Va\u015finqton Az\u0259rbaycan\u0131 v\u0259 Erm\u0259nistan\u0131 &#8230; <\/p>\n<p class=\"read-more-container\"><a title=\"Metyu Miller: \u201cBiz Da\u011fl\u0131q Qaraba\u011fda insanlar\u0131n h\u0259lak olmas\u0131ndan \u00e7ox narahat\u0131q\u201d\" class=\"read-more button\" href=\"https:\/\/www.meydan.tv\/az\/article\/metyu-miller-biz-dagliq-qarabagda-insanlarin-helak-olmasindan-cox-narahatiq\/#more-278772\" aria-label=\"Read more about Metyu Miller: \u201cBiz Da\u011fl\u0131q Qaraba\u011fda insanlar\u0131n h\u0259lak olmas\u0131ndan \u00e7ox narahat\u0131q\u201d\">Davam\u0131<\/a><\/p>\n","protected":false},"author":8,"featured_media":265463,"comment_status":"closed","ping_status":"closed","sticky":false,"template":"","format":"standard","meta":{"_acf_changed":false,"_sitemap_exclude":false,"_sitemap_priority":"","_sitemap_frequency":"","footnotes":""},"categories":[59,79,56],"tags":[],"class_list":["post-278772","post","type-post","status-publish","format-standard","has-post-thumbnail","hentry","category-siyaset","category-featured","category-xeberler","infinite-scroll-item","generate-columns","tablet-grid-50","mobile-grid-100","grid-parent","grid-33","no-featured-image-padding"],"acf":[],"yoast_head":"<!-- This site is optimized with the Yoast SEO plugin v27.4 - https:\/\/yoast.com\/product\/yoast-seo-wordpress\/ -->\n<title>Metyu Miller: \u201cBiz Da\u011fl\u0131q Qaraba\u011fda insanlar\u0131n h\u0259lak olmas\u0131ndan \u00e7ox narahat\u0131q\u201d - MEYDAN.TV<\/title>\n<meta name=\"robots\" content=\"index, follow, max-snippet:-1, max-image-preview:large, max-video-preview:-1\" \/>\n<link rel=\"canonical\" href=\"https:\/\/www.meydan.tv\/az\/article\/metyu-miller-biz-dagliq-qarabagda-insanlarin-helak-olmasindan-cox-narahatiq\/\" \/>\n<meta property=\"og:locale\" content=\"az_AZ\" \/>\n<meta property=\"og:type\" content=\"article\" \/>\n<meta property=\"og:title\" content=\"Metyu Miller: \u201cBiz Da\u011fl\u0131q Qaraba\u011fda insanlar\u0131n h\u0259lak olmas\u0131ndan \u00e7ox narahat\u0131q\u201d - MEYDAN.TV\" \/>\n<meta property=\"og:description\" content=\"AB\u015e Az\u0259rbaycanla Erm\u0259nistan\u0131 t\u0259xribatlardan yay\u0131nma\u011fa \u00e7a\u011f\u0131r\u0131b Va\u015finqton Az\u0259rbaycan\u0131 v\u0259 Erm\u0259nistan\u0131 ... Davam\u0131\" \/>\n<meta property=\"og:url\" content=\"https:\/\/www.meydan.tv\/az\/article\/metyu-miller-biz-dagliq-qarabagda-insanlarin-helak-olmasindan-cox-narahatiq\/\" \/>\n<meta property=\"og:site_name\" content=\"MEYDAN.TV\" \/>\n<meta property=\"article:published_time\" content=\"2023-06-29T12:05:58+00:00\" \/>\n<meta property=\"article:modified_time\" content=\"2023-06-29T12:06:01+00:00\" \/>\n<meta property=\"og:image\" content=\"https:\/\/www.meydan.tv\/wp-content\/uploads\/shutterstock_2101420072.jpg\" \/>\n\t<meta property=\"og:image:width\" content=\"1200\" \/>\n\t<meta property=\"og:image:height\" content=\"800\" \/>\n\t<meta property=\"og:image:type\" content=\"image\/jpeg\" \/>\n<meta name=\"author\" content=\"elli\" \/>\n<meta name=\"twitter:card\" content=\"summary_large_image\" \/>\n<meta name=\"twitter:creator\" content=\"@elli\" \/>\n<script type=\"application\/ld+json\" class=\"yoast-schema-graph\">{\"@context\":\"https:\\\/\\\/schema.org\",\"@graph\":[{\"@type\":\"Article\",\"@id\":\"https:\\\/\\\/www.meydan.tv\\\/az\\\/article\\\/metyu-miller-biz-dagliq-qarabagda-insanlarin-helak-olmasindan-cox-narahatiq\\\/#article\",\"isPartOf\":{\"@id\":\"https:\\\/\\\/www.meydan.tv\\\/az\\\/article\\\/metyu-miller-biz-dagliq-qarabagda-insanlarin-helak-olmasindan-cox-narahatiq\\\/\"},\"author\":{\"name\":\"elli\",\"@id\":\"https:\\\/\\\/www.meydan.tv\\\/az\\\/#\\\/schema\\\/person\\\/9cdbecf90d17180ce1dfbd95b08dcf47\"},\"headline\":\"Metyu Miller: \u201cBiz Da\u011fl\u0131q Qaraba\u011fda insanlar\u0131n h\u0259lak olmas\u0131ndan \u00e7ox narahat\u0131q\u201d\",\"datePublished\":\"2023-06-29T12:05:58+00:00\",\"dateModified\":\"2023-06-29T12:06:01+00:00\",\"mainEntityOfPage\":{\"@id\":\"https:\\\/\\\/www.meydan.tv\\\/az\\\/article\\\/metyu-miller-biz-dagliq-qarabagda-insanlarin-helak-olmasindan-cox-narahatiq\\\/\"},\"wordCount\":699,\"publisher\":{\"@id\":\"https:\\\/\\\/www.meydan.tv\\\/az\\\/#organization\"},\"image\":{\"@id\":\"https:\\\/\\\/www.meydan.tv\\\/az\\\/article\\\/metyu-miller-biz-dagliq-qarabagda-insanlarin-helak-olmasindan-cox-narahatiq\\\/#primaryimage\"},\"thumbnailUrl\":\"https:\\\/\\\/www.meydan.tv\\\/wp-content\\\/uploads\\\/shutterstock_2101420072.jpg\",\"articleSection\":[\"Siyas\u0259t\",\"T\u00f6vsiy\u0259\",\"X\u0259b\u0259rl\u0259r\"],\"inLanguage\":\"az\"},{\"@type\":\"WebPage\",\"@id\":\"https:\\\/\\\/www.meydan.tv\\\/az\\\/article\\\/metyu-miller-biz-dagliq-qarabagda-insanlarin-helak-olmasindan-cox-narahatiq\\\/\",\"url\":\"https:\\\/\\\/www.meydan.tv\\\/az\\\/article\\\/metyu-miller-biz-dagliq-qarabagda-insanlarin-helak-olmasindan-cox-narahatiq\\\/\",\"name\":\"Metyu Miller: \u201cBiz Da\u011fl\u0131q Qaraba\u011fda insanlar\u0131n h\u0259lak olmas\u0131ndan \u00e7ox narahat\u0131q\u201d - MEYDAN.TV\",\"isPartOf\":{\"@id\":\"https:\\\/\\\/www.meydan.tv\\\/az\\\/#website\"},\"primaryImageOfPage\":{\"@id\":\"https:\\\/\\\/www.meydan.tv\\\/az\\\/article\\\/metyu-miller-biz-dagliq-qarabagda-insanlarin-helak-olmasindan-cox-narahatiq\\\/#primaryimage\"},\"image\":{\"@id\":\"https:\\\/\\\/www.meydan.tv\\\/az\\\/article\\\/metyu-miller-biz-dagliq-qarabagda-insanlarin-helak-olmasindan-cox-narahatiq\\\/#primaryimage\"},\"thumbnailUrl\":\"https:\\\/\\\/www.meydan.tv\\\/wp-content\\\/uploads\\\/shutterstock_2101420072.jpg\",\"datePublished\":\"2023-06-29T12:05:58+00:00\",\"dateModified\":\"2023-06-29T12:06:01+00:00\",\"breadcrumb\":{\"@id\":\"https:\\\/\\\/www.meydan.tv\\\/az\\\/article\\\/metyu-miller-biz-dagliq-qarabagda-insanlarin-helak-olmasindan-cox-narahatiq\\\/#breadcrumb\"},\"inLanguage\":\"az\",\"potentialAction\":[{\"@type\":\"ReadAction\",\"target\":[\"https:\\\/\\\/www.meydan.tv\\\/az\\\/article\\\/metyu-miller-biz-dagliq-qarabagda-insanlarin-helak-olmasindan-cox-narahatiq\\\/\"]}]},{\"@type\":\"ImageObject\",\"inLanguage\":\"az\",\"@id\":\"https:\\\/\\\/www.meydan.tv\\\/az\\\/article\\\/metyu-miller-biz-dagliq-qarabagda-insanlarin-helak-olmasindan-cox-narahatiq\\\/#primaryimage\",\"url\":\"https:\\\/\\\/www.meydan.tv\\\/wp-content\\\/uploads\\\/shutterstock_2101420072.jpg\",\"contentUrl\":\"https:\\\/\\\/www.meydan.tv\\\/wp-content\\\/uploads\\\/shutterstock_2101420072.jpg\",\"width\":1200,\"height\":800,\"caption\":\"AB\u015e, Erm\u0259nistan v\u0259 Az\u0259rbaycan. M\u0259nb\u0259: OnePixelStudio\\\/shutterstock\"},{\"@type\":\"BreadcrumbList\",\"@id\":\"https:\\\/\\\/www.meydan.tv\\\/az\\\/article\\\/metyu-miller-biz-dagliq-qarabagda-insanlarin-helak-olmasindan-cox-narahatiq\\\/#breadcrumb\",\"itemListElement\":[{\"@type\":\"ListItem\",\"position\":1,\"name\":\"Ana s\u0259hif\u0259\",\"item\":\"https:\\\/\\\/www.meydan.tv\\\/az\\\/\"},{\"@type\":\"ListItem\",\"position\":2,\"name\":\"Siyas\u0259t\",\"item\":\"https:\\\/\\\/www.meydan.tv\\\/az\\\/section\\\/siyaset\\\/\"},{\"@type\":\"ListItem\",\"position\":3,\"name\":\"Metyu Miller: \u201cBiz Da\u011fl\u0131q Qaraba\u011fda insanlar\u0131n h\u0259lak olmas\u0131ndan \u00e7ox narahat\u0131q\u201d\"}]},{\"@type\":\"WebSite\",\"@id\":\"https:\\\/\\\/www.meydan.tv\\\/az\\\/#website\",\"url\":\"https:\\\/\\\/www.meydan.tv\\\/az\\\/\",\"name\":\"MEYDAN.TV\",\"description\":\"Meydan TV Az\u0259rbaycan\u0131n media m\u0259kan\u0131ndak\u0131 alternativ s\u0259sidir\",\"publisher\":{\"@id\":\"https:\\\/\\\/www.meydan.tv\\\/az\\\/#organization\"},\"potentialAction\":[{\"@type\":\"SearchAction\",\"target\":{\"@type\":\"EntryPoint\",\"urlTemplate\":\"https:\\\/\\\/www.meydan.tv\\\/az\\\/?s={search_term_string}\"},\"query-input\":{\"@type\":\"PropertyValueSpecification\",\"valueRequired\":true,\"valueName\":\"search_term_string\"}}],\"inLanguage\":\"az\"},{\"@type\":\"Organization\",\"@id\":\"https:\\\/\\\/www.meydan.tv\\\/az\\\/#organization\",\"name\":\"Meydan TV\",\"url\":\"https:\\\/\\\/www.meydan.tv\\\/az\\\/\",\"logo\":{\"@type\":\"ImageObject\",\"inLanguage\":\"az\",\"@id\":\"https:\\\/\\\/www.meydan.tv\\\/az\\\/#\\\/schema\\\/logo\\\/image\\\/\",\"url\":\"https:\\\/\\\/www.meydan.tv\\\/wp-content\\\/uploads\\\/2021\\\/07\\\/meydan-logo.svg\",\"contentUrl\":\"https:\\\/\\\/www.meydan.tv\\\/wp-content\\\/uploads\\\/2021\\\/07\\\/meydan-logo.svg\",\"width\":195,\"height\":46,\"caption\":\"Meydan TV\"},\"image\":{\"@id\":\"https:\\\/\\\/www.meydan.tv\\\/az\\\/#\\\/schema\\\/logo\\\/image\\\/\"}},{\"@type\":\"Person\",\"@id\":\"https:\\\/\\\/www.meydan.tv\\\/az\\\/#\\\/schema\\\/person\\\/9cdbecf90d17180ce1dfbd95b08dcf47\",\"name\":\"elli\",\"sameAs\":[\"https:\\\/\\\/x.com\\\/elli\"]}]}<\/script>\n<!-- \/ Yoast SEO plugin. -->","yoast_head_json":{"title":"Metyu Miller: \u201cBiz Da\u011fl\u0131q Qaraba\u011fda insanlar\u0131n h\u0259lak olmas\u0131ndan \u00e7ox narahat\u0131q\u201d - MEYDAN.TV","robots":{"index":"index","follow":"follow","max-snippet":"max-snippet:-1","max-image-preview":"max-image-preview:large","max-video-preview":"max-video-preview:-1"},"canonical":"https:\/\/www.meydan.tv\/az\/article\/metyu-miller-biz-dagliq-qarabagda-insanlarin-helak-olmasindan-cox-narahatiq\/","og_locale":"az_AZ","og_type":"article","og_title":"Metyu Miller: \u201cBiz Da\u011fl\u0131q Qaraba\u011fda insanlar\u0131n h\u0259lak olmas\u0131ndan \u00e7ox narahat\u0131q\u201d - MEYDAN.TV","og_description":"AB\u015e Az\u0259rbaycanla Erm\u0259nistan\u0131 t\u0259xribatlardan yay\u0131nma\u011fa \u00e7a\u011f\u0131r\u0131b Va\u015finqton Az\u0259rbaycan\u0131 v\u0259 Erm\u0259nistan\u0131 ... Davam\u0131","og_url":"https:\/\/www.meydan.tv\/az\/article\/metyu-miller-biz-dagliq-qarabagda-insanlarin-helak-olmasindan-cox-narahatiq\/","og_site_name":"MEYDAN.TV","article_published_time":"2023-06-29T12:05:58+00:00","article_modified_time":"2023-06-29T12:06:01+00:00","og_image":[{"width":1200,"height":800,"url":"https:\/\/www.meydan.tv\/wp-content\/uploads\/shutterstock_2101420072.jpg","type":"image\/jpeg"}],"author":"elli","twitter_card":"summary_large_image","twitter_creator":"@elli","schema":{"@context":"https:\/\/schema.org","@graph":[{"@type":"Article","@id":"https:\/\/www.meydan.tv\/az\/article\/metyu-miller-biz-dagliq-qarabagda-insanlarin-helak-olmasindan-cox-narahatiq\/#article","isPartOf":{"@id":"https:\/\/www.meydan.tv\/az\/article\/metyu-miller-biz-dagliq-qarabagda-insanlarin-helak-olmasindan-cox-narahatiq\/"},"author":{"name":"elli","@id":"https:\/\/www.meydan.tv\/az\/#\/schema\/person\/9cdbecf90d17180ce1dfbd95b08dcf47"},"headline":"Metyu Miller: \u201cBiz Da\u011fl\u0131q Qaraba\u011fda insanlar\u0131n h\u0259lak olmas\u0131ndan \u00e7ox narahat\u0131q\u201d","datePublished":"2023-06-29T12:05:58+00:00","dateModified":"2023-06-29T12:06:01+00:00","mainEntityOfPage":{"@id":"https:\/\/www.meydan.tv\/az\/article\/metyu-miller-biz-dagliq-qarabagda-insanlarin-helak-olmasindan-cox-narahatiq\/"},"wordCount":699,"publisher":{"@id":"https:\/\/www.meydan.tv\/az\/#organization"},"image":{"@id":"https:\/\/www.meydan.tv\/az\/article\/metyu-miller-biz-dagliq-qarabagda-insanlarin-helak-olmasindan-cox-narahatiq\/#primaryimage"},"thumbnailUrl":"https:\/\/www.meydan.tv\/wp-content\/uploads\/shutterstock_2101420072.jpg","articleSection":["Siyas\u0259t","T\u00f6vsiy\u0259","X\u0259b\u0259rl\u0259r"],"inLanguage":"az"},{"@type":"WebPage","@id":"https:\/\/www.meydan.tv\/az\/article\/metyu-miller-biz-dagliq-qarabagda-insanlarin-helak-olmasindan-cox-narahatiq\/","url":"https:\/\/www.meydan.tv\/az\/article\/metyu-miller-biz-dagliq-qarabagda-insanlarin-helak-olmasindan-cox-narahatiq\/","name":"Metyu Miller: \u201cBiz Da\u011fl\u0131q Qaraba\u011fda insanlar\u0131n h\u0259lak olmas\u0131ndan \u00e7ox narahat\u0131q\u201d - MEYDAN.TV","isPartOf":{"@id":"https:\/\/www.meydan.tv\/az\/#website"},"primaryImageOfPage":{"@id":"https:\/\/www.meydan.tv\/az\/article\/metyu-miller-biz-dagliq-qarabagda-insanlarin-helak-olmasindan-cox-narahatiq\/#primaryimage"},"image":{"@id":"https:\/\/www.meydan.tv\/az\/article\/metyu-miller-biz-dagliq-qarabagda-insanlarin-helak-olmasindan-cox-narahatiq\/#primaryimage"},"thumbnailUrl":"https:\/\/www.meydan.tv\/wp-content\/uploads\/shutterstock_2101420072.jpg","datePublished":"2023-06-29T12:05:58+00:00","dateModified":"2023-06-29T12:06:01+00:00","breadcrumb":{"@id":"https:\/\/www.meydan.tv\/az\/article\/metyu-miller-biz-dagliq-qarabagda-insanlarin-helak-olmasindan-cox-narahatiq\/#breadcrumb"},"inLanguage":"az","potentialAction":[{"@type":"ReadAction","target":["https:\/\/www.meydan.tv\/az\/article\/metyu-miller-biz-dagliq-qarabagda-insanlarin-helak-olmasindan-cox-narahatiq\/"]}]},{"@type":"ImageObject","inLanguage":"az","@id":"https:\/\/www.meydan.tv\/az\/article\/metyu-miller-biz-dagliq-qarabagda-insanlarin-helak-olmasindan-cox-narahatiq\/#primaryimage","url":"https:\/\/www.meydan.tv\/wp-content\/uploads\/shutterstock_2101420072.jpg","contentUrl":"https:\/\/www.meydan.tv\/wp-content\/uploads\/shutterstock_2101420072.jpg","width":1200,"height":800,"caption":"AB\u015e, Erm\u0259nistan v\u0259 Az\u0259rbaycan. M\u0259nb\u0259: OnePixelStudio\/shutterstock"},{"@type":"BreadcrumbList","@id":"https:\/\/www.meydan.tv\/az\/article\/metyu-miller-biz-dagliq-qarabagda-insanlarin-helak-olmasindan-cox-narahatiq\/#breadcrumb","itemListElement":[{"@type":"ListItem","position":1,"name":"Ana s\u0259hif\u0259","item":"https:\/\/www.meydan.tv\/az\/"},{"@type":"ListItem","position":2,"name":"Siyas\u0259t","item":"https:\/\/www.meydan.tv\/az\/section\/siyaset\/"},{"@type":"ListItem","position":3,"name":"Metyu Miller: \u201cBiz Da\u011fl\u0131q Qaraba\u011fda insanlar\u0131n h\u0259lak olmas\u0131ndan \u00e7ox narahat\u0131q\u201d"}]},{"@type":"WebSite","@id":"https:\/\/www.meydan.tv\/az\/#website","url":"https:\/\/www.meydan.tv\/az\/","name":"MEYDAN.TV","description":"Meydan TV Az\u0259rbaycan\u0131n media m\u0259kan\u0131ndak\u0131 alternativ s\u0259sidir","publisher":{"@id":"https:\/\/www.meydan.tv\/az\/#organization"},"potentialAction":[{"@type":"SearchAction","target":{"@type":"EntryPoint","urlTemplate":"https:\/\/www.meydan.tv\/az\/?s={search_term_string}"},"query-input":{"@type":"PropertyValueSpecification","valueRequired":true,"valueName":"search_term_string"}}],"inLanguage":"az"},{"@type":"Organization","@id":"https:\/\/www.meydan.tv\/az\/#organization","name":"Meydan TV","url":"https:\/\/www.meydan.tv\/az\/","logo":{"@type":"ImageObject","inLanguage":"az","@id":"https:\/\/www.meydan.tv\/az\/#\/schema\/logo\/image\/","url":"https:\/\/www.meydan.tv\/wp-content\/uploads\/2021\/07\/meydan-logo.svg","contentUrl":"https:\/\/www.meydan.tv\/wp-content\/uploads\/2021\/07\/meydan-logo.svg","width":195,"height":46,"caption":"Meydan TV"},"image":{"@id":"https:\/\/www.meydan.tv\/az\/#\/schema\/logo\/image\/"}},{"@type":"Person","@id":"https:\/\/www.meydan.tv\/az\/#\/schema\/person\/9cdbecf90d17180ce1dfbd95b08dcf47","name":"elli","sameAs":["https:\/\/x.com\/elli"]}]}},"_links":{"self":[{"href":"https:\/\/www.meydan.tv\/az\/wp-json\/wp\/v2\/posts\/278772","targetHints":{"allow":["GET"]}}],"collection":[{"href":"https:\/\/www.meydan.tv\/az\/wp-json\/wp\/v2\/posts"}],"about":[{"href":"https:\/\/www.meydan.tv\/az\/wp-json\/wp\/v2\/types\/post"}],"author":[{"embeddable":true,"href":"https:\/\/www.meydan.tv\/az\/wp-json\/wp\/v2\/users\/8"}],"replies":[{"embeddable":true,"href":"https:\/\/www.meydan.tv\/az\/wp-json\/wp\/v2\/comments?post=278772"}],"version-history":[{"count":1,"href":"https:\/\/www.meydan.tv\/az\/wp-json\/wp\/v2\/posts\/278772\/revisions"}],"predecessor-version":[{"id":278773,"href":"https:\/\/www.meydan.tv\/az\/wp-json\/wp\/v2\/posts\/278772\/revisions\/278773"}],"wp:featuredmedia":[{"embeddable":true,"href":"https:\/\/www.meydan.tv\/az\/wp-json\/wp\/v2\/media\/265463"}],"wp:attachment":[{"href":"https:\/\/www.meydan.tv\/az\/wp-json\/wp\/v2\/media?parent=278772"}],"wp:term":[{"taxonomy":"category","embeddable":true,"href":"https:\/\/www.meydan.tv\/az\/wp-json\/wp\/v2\/categories?post=278772"},{"taxonomy":"post_tag","embeddable":true,"href":"https:\/\/www.meydan.tv\/az\/wp-json\/wp\/v2\/tags?post=278772"}],"curies":[{"name":"wp","href":"https:\/\/api.w.org\/{rel}","templated":true}]}}