{"id":278700,"date":"2023-06-28T16:36:18","date_gmt":"2023-06-28T12:36:18","guid":{"rendered":"https:\/\/www.meydan.tv\/?p=278700"},"modified":"2023-06-28T16:36:21","modified_gmt":"2023-06-28T12:36:21","slug":"soyudluye-elave-polis-quvvelerinin-getirildiyi-deyilir","status":"publish","type":"post","link":"https:\/\/www.meydan.tv\/az\/article\/soyudluye-elave-polis-quvvelerinin-getirildiyi-deyilir\/","title":{"rendered":"S\u00f6y\u00fcdl\u00fcy\u0259 \u0259lav\u0259 polis q\u00fcvv\u0259l\u0259rinin g\u0259tirildiyi deyilir"},"content":{"rendered":"\n<p><strong><em>D\u0130N m\u0259lumat\u0131 t\u0259kzib edir<\/em><\/strong><\/p>\n\n\n\n<p>S\u00f6y\u00fcdl\u00fc k\u0259ndin\u0259 x\u00fcsusi t\u0259yinatl\u0131 polis b\u00f6lm\u0259l\u0259rinin \u0259lav\u0259 q\u00fcvv\u0259l\u0259rinin g\u0259tirildiyi deyilir.<\/p>\n\n\n\n<p>Bu bar\u0259d\u0259 m\u0259lumat\u0131 \u201cTuran\u201d \u0130nformasiya Agentliyi yay\u0131b.<\/p>\n\n\n\n<p>Agentlik yerli sakinl\u0259r\u0259 istinadla yaz\u0131r ki, iyunun 27-d\u0259 k\u0259nd\u0259 4 avtobusda x\u00fcsusi t\u0259yinatl\u0131 polis b\u00f6lm\u0259l\u0259rinin \u0259lav\u0259 q\u00fcvv\u0259l\u0259rin g\u0259tirilib.<\/p>\n\n\n\n<p>Bildirilir ki, polis ist\u0259nil\u0259n yeni etiraz aksiyas\u0131n\u0131n qar\u015f\u0131s\u0131n\u0131 zorla almaqla h\u0259d\u0259l\u0259yir.<\/p>\n\n\n\n<p>Daxili \u0130\u015fl\u0259r Nazirliyinin m\u0259tbuat xidm\u0259tind\u0259n Meydan TV-y\u0259 bildirilib ki, m\u0259lumat \u0259sass\u0131zd\u0131r.<\/p>\n\n\n\n<p>\u201cS\u00f6y\u00fcdl\u00fcd\u0259 \u0259lav\u0259 polis d\u0259st\u0259sin\u0259 ehtiyac yoxdur. K\u0259ndd\u0259 ictimai asayi\u015f tam b\u0259rpa olunub\u201d, &#8211; qurumun m\u0259tbuat xidm\u0259tind\u0259n El\u015fad Hac\u0131yev deyib.<\/p>\n\n\n\n<p><strong><em>S\u00f6y\u00fcdl\u00fcd\u0259 n\u0259 ba\u015f verib?<\/em><\/strong><\/p>\n\n\n\n<p>\u0130yunun 20-d\u0259 S\u00f6y\u00fcdl\u00fc k\u0259ndind\u0259 sakinl\u0259r q\u0131z\u0131l m\u0259d\u0259nl\u0259rinin tullant\u0131xanas\u0131 kimi istifad\u0259 olunan ikinci g\u00f6l\u00fcn in\u015fas\u0131na etiraz olaraq aksiya ke\u00e7irib.<\/p>\n\n\n\n<p>Aksiya n\u00f6vb\u0259ti g\u00fcn d\u0259 davam edib. K\u0259nd\u0259 c\u0259lb olunan \u00e7oxsayl\u0131 polis q\u00fcvv\u0259l\u0259ri etiraz aksiyas\u0131na m\u00fcdaxil\u0259 edib.<\/p>\n\n\n\n<p>Sosial \u015f\u0259b\u0259k\u0259l\u0259rd\u0259 yay\u0131lan g\u00f6r\u00fcnt\u00fcl\u0259rd\u0259n ayd\u0131n olur ki, bu zaman sakinl\u0259r\u0259 qar\u015f\u0131 d\u0259y\u0259n\u0259kl\u0259rd\u0259n, h\u0259tta ya\u015fl\u0131 qad\u0131nlara qar\u015f\u0131 g\u00f6zya\u015fard\u0131c\u0131 qazdan istifad\u0259 olunub.<\/p>\n\n\n\n<p>Xeyli k\u0259nd sakini tutulub. Aksiyan\u0131n ilk g\u00fcn\u00fc 5 n\u0259f\u0259r m\u0259hk\u0259m\u0259 q\u0259rar\u0131yla 20 g\u00fcn inzibati qaydada h\u0259bs olunub, 1 n\u0259f\u0259r 1500 manat c\u0259rim\u0259l\u0259nib.<\/p>\n\n\n\n<p>Ert\u0259si g\u00fcn daha 5 n\u0259f\u0259r k\u0259nd sakininin saxlanmas\u0131 x\u0259b\u0259ri yay\u0131l\u0131b.<\/p>\n\n\n\n<p>Bir g\u00fcn sonra post qurularaq, S\u00f6y\u00fcdl\u00fcy\u0259 giri\u015f-\u00e7\u0131x\u0131\u015f m\u0259hdudla\u015fd\u0131r\u0131l\u0131b. Orada \u00e7\u0259kili\u015f aparan m\u00fcst\u0259qil jurnalistl\u0259r zorla uzaqla\u015fd\u0131r\u0131l\u0131b.<\/p>\n\n\n\n<p>Saxlan\u0131lan \u015f\u0259xsl\u0259rin Bak\u0131ya \u2013 Ba\u015f M\u00fct\u0259\u015f\u0259kkil Cinay\u0259tkarl\u0131qla M\u00fcbariz\u0259 \u0130dar\u0259sin\u0259 (el aras\u0131nda \u201cbandotdel\u201d deyilir) g\u0259tirilm\u0259si, onlardan i\u015fg\u0259nc\u0259 alt\u0131nda etiraz aksiyas\u0131n\u0131n k\u0259nar q\u00fcvv\u0259l\u0259r t\u0259r\u0259find\u0259n t\u0259\u015fkil olunmas\u0131 haqda ifad\u0259l\u0259r alma\u011fa c\u0259hd g\u00f6st\u0259rilm\u0259si haqda m\u0259lumatlar yay\u0131l\u0131b.<\/p>\n\n\n\n<p>\u0130yunun 22-d\u0259n k\u0259nd\u0259 giri\u015f ba\u011flan\u0131b, jurnalistl\u0259r v\u0259 f\u0259allar oraya burax\u0131lm\u0131r.<\/p>\n\n\n\n<p>S\u00f6y\u00fcdl\u00fc \u00fczr\u0259 yarad\u0131lm\u0131\u015f h\u00f6kum\u0259t komissiyas\u0131n\u0131n s\u0259dri, ekologiya naziri Muxtar Babayev iyunun 27-d\u0259 yenid\u0259n S\u00f6y\u00fcdl\u00fc k\u0259ndind\u0259 olub.<\/p>\n\n\n\n<p>Nazir bildirib ki, q\u0131z\u0131l yata\u011f\u0131ndan tullant\u0131lar\u0131n at\u0131ld\u0131\u011f\u0131 torpaqdan, havadan v\u0259 s\u00fcni g\u00f6ld\u0259ki sudan g\u00f6t\u00fcr\u00fclm\u00fc\u015f analiz n\u00fcmun\u0259l\u0259rinin n\u0259tic\u0259l\u0259ri iyunun 28-d\u0259 m\u0259lum olacaq.<\/p>\n","protected":false},"excerpt":{"rendered":"<p>D\u0130N m\u0259lumat\u0131 t\u0259kzib edir S\u00f6y\u00fcdl\u00fc k\u0259ndin\u0259 x\u00fcsusi t\u0259yinatl\u0131 polis b\u00f6lm\u0259l\u0259rinin &#8230; <\/p>\n<p class=\"read-more-container\"><a title=\"S\u00f6y\u00fcdl\u00fcy\u0259 \u0259lav\u0259 polis q\u00fcvv\u0259l\u0259rinin g\u0259tirildiyi deyilir\" class=\"read-more button\" href=\"https:\/\/www.meydan.tv\/az\/article\/soyudluye-elave-polis-quvvelerinin-getirildiyi-deyilir\/#more-278700\" aria-label=\"Read more about S\u00f6y\u00fcdl\u00fcy\u0259 \u0259lav\u0259 polis q\u00fcvv\u0259l\u0259rinin g\u0259tirildiyi deyilir\">Davam\u0131<\/a><\/p>\n","protected":false},"author":12,"featured_media":277996,"comment_status":"closed","ping_status":"closed","sticky":false,"template":"","format":"standard","meta":{"_acf_changed":false,"_sitemap_exclude":false,"_sitemap_priority":"","_sitemap_frequency":"","footnotes":""},"categories":[59,56],"tags":[],"class_list":["post-278700","post","type-post","status-publish","format-standard","has-post-thumbnail","hentry","category-siyaset","category-xeberler","infinite-scroll-item","generate-columns","tablet-grid-50","mobile-grid-100","grid-parent","grid-33","no-featured-image-padding"],"acf":[],"yoast_head":"<!-- This site is optimized with the Yoast SEO plugin v27.4 - https:\/\/yoast.com\/product\/yoast-seo-wordpress\/ -->\n<title>S\u00f6y\u00fcdl\u00fcy\u0259 \u0259lav\u0259 polis q\u00fcvv\u0259l\u0259rinin g\u0259tirildiyi deyilir - MEYDAN.TV<\/title>\n<meta name=\"robots\" content=\"index, follow, max-snippet:-1, max-image-preview:large, max-video-preview:-1\" \/>\n<link rel=\"canonical\" href=\"https:\/\/www.meydan.tv\/az\/article\/soyudluye-elave-polis-quvvelerinin-getirildiyi-deyilir\/\" \/>\n<meta property=\"og:locale\" content=\"az_AZ\" \/>\n<meta property=\"og:type\" content=\"article\" \/>\n<meta property=\"og:title\" content=\"S\u00f6y\u00fcdl\u00fcy\u0259 \u0259lav\u0259 polis q\u00fcvv\u0259l\u0259rinin g\u0259tirildiyi deyilir - MEYDAN.TV\" \/>\n<meta property=\"og:description\" content=\"D\u0130N m\u0259lumat\u0131 t\u0259kzib edir S\u00f6y\u00fcdl\u00fc k\u0259ndin\u0259 x\u00fcsusi t\u0259yinatl\u0131 polis b\u00f6lm\u0259l\u0259rinin ... Davam\u0131\" \/>\n<meta property=\"og:url\" content=\"https:\/\/www.meydan.tv\/az\/article\/soyudluye-elave-polis-quvvelerinin-getirildiyi-deyilir\/\" \/>\n<meta property=\"og:site_name\" content=\"MEYDAN.TV\" \/>\n<meta property=\"article:published_time\" content=\"2023-06-28T12:36:18+00:00\" \/>\n<meta property=\"article:modified_time\" content=\"2023-06-28T12:36:21+00:00\" \/>\n<meta property=\"og:image\" content=\"https:\/\/www.meydan.tv\/wp-content\/uploads\/img_5718-scaled-e1687351568227.jpg\" \/>\n\t<meta property=\"og:image:width\" content=\"2560\" \/>\n\t<meta property=\"og:image:height\" content=\"1766\" \/>\n\t<meta property=\"og:image:type\" content=\"image\/jpeg\" \/>\n<meta name=\"author\" content=\"aleks\" \/>\n<meta name=\"twitter:card\" content=\"summary_large_image\" \/>\n<script type=\"application\/ld+json\" class=\"yoast-schema-graph\">{\"@context\":\"https:\\\/\\\/schema.org\",\"@graph\":[{\"@type\":\"Article\",\"@id\":\"https:\\\/\\\/www.meydan.tv\\\/az\\\/article\\\/soyudluye-elave-polis-quvvelerinin-getirildiyi-deyilir\\\/#article\",\"isPartOf\":{\"@id\":\"https:\\\/\\\/www.meydan.tv\\\/az\\\/article\\\/soyudluye-elave-polis-quvvelerinin-getirildiyi-deyilir\\\/\"},\"author\":{\"name\":\"aleks\",\"@id\":\"https:\\\/\\\/www.meydan.tv\\\/az\\\/#\\\/schema\\\/person\\\/476e9360e593fa131d5d71d51866f8da\"},\"headline\":\"S\u00f6y\u00fcdl\u00fcy\u0259 \u0259lav\u0259 polis q\u00fcvv\u0259l\u0259rinin g\u0259tirildiyi deyilir\",\"datePublished\":\"2023-06-28T12:36:18+00:00\",\"dateModified\":\"2023-06-28T12:36:21+00:00\",\"mainEntityOfPage\":{\"@id\":\"https:\\\/\\\/www.meydan.tv\\\/az\\\/article\\\/soyudluye-elave-polis-quvvelerinin-getirildiyi-deyilir\\\/\"},\"wordCount\":495,\"publisher\":{\"@id\":\"https:\\\/\\\/www.meydan.tv\\\/az\\\/#organization\"},\"image\":{\"@id\":\"https:\\\/\\\/www.meydan.tv\\\/az\\\/article\\\/soyudluye-elave-polis-quvvelerinin-getirildiyi-deyilir\\\/#primaryimage\"},\"thumbnailUrl\":\"https:\\\/\\\/www.meydan.tv\\\/wp-content\\\/uploads\\\/img_5718-scaled-e1695742814341.jpg\",\"articleSection\":[\"Siyas\u0259t\",\"X\u0259b\u0259rl\u0259r\"],\"inLanguage\":\"az\"},{\"@type\":\"WebPage\",\"@id\":\"https:\\\/\\\/www.meydan.tv\\\/az\\\/article\\\/soyudluye-elave-polis-quvvelerinin-getirildiyi-deyilir\\\/\",\"url\":\"https:\\\/\\\/www.meydan.tv\\\/az\\\/article\\\/soyudluye-elave-polis-quvvelerinin-getirildiyi-deyilir\\\/\",\"name\":\"S\u00f6y\u00fcdl\u00fcy\u0259 \u0259lav\u0259 polis q\u00fcvv\u0259l\u0259rinin g\u0259tirildiyi deyilir - MEYDAN.TV\",\"isPartOf\":{\"@id\":\"https:\\\/\\\/www.meydan.tv\\\/az\\\/#website\"},\"primaryImageOfPage\":{\"@id\":\"https:\\\/\\\/www.meydan.tv\\\/az\\\/article\\\/soyudluye-elave-polis-quvvelerinin-getirildiyi-deyilir\\\/#primaryimage\"},\"image\":{\"@id\":\"https:\\\/\\\/www.meydan.tv\\\/az\\\/article\\\/soyudluye-elave-polis-quvvelerinin-getirildiyi-deyilir\\\/#primaryimage\"},\"thumbnailUrl\":\"https:\\\/\\\/www.meydan.tv\\\/wp-content\\\/uploads\\\/img_5718-scaled-e1695742814341.jpg\",\"datePublished\":\"2023-06-28T12:36:18+00:00\",\"dateModified\":\"2023-06-28T12:36:21+00:00\",\"breadcrumb\":{\"@id\":\"https:\\\/\\\/www.meydan.tv\\\/az\\\/article\\\/soyudluye-elave-polis-quvvelerinin-getirildiyi-deyilir\\\/#breadcrumb\"},\"inLanguage\":\"az\",\"potentialAction\":[{\"@type\":\"ReadAction\",\"target\":[\"https:\\\/\\\/www.meydan.tv\\\/az\\\/article\\\/soyudluye-elave-polis-quvvelerinin-getirildiyi-deyilir\\\/\"]}]},{\"@type\":\"ImageObject\",\"inLanguage\":\"az\",\"@id\":\"https:\\\/\\\/www.meydan.tv\\\/az\\\/article\\\/soyudluye-elave-polis-quvvelerinin-getirildiyi-deyilir\\\/#primaryimage\",\"url\":\"https:\\\/\\\/www.meydan.tv\\\/wp-content\\\/uploads\\\/img_5718-scaled-e1695742814341.jpg\",\"contentUrl\":\"https:\\\/\\\/www.meydan.tv\\\/wp-content\\\/uploads\\\/img_5718-scaled-e1695742814341.jpg\",\"width\":2560,\"height\":1062,\"caption\":\"S\u00f6y\u00fcdl\u00fc, 20 iyun 2023. Foto: Meydan TV\"},{\"@type\":\"BreadcrumbList\",\"@id\":\"https:\\\/\\\/www.meydan.tv\\\/az\\\/article\\\/soyudluye-elave-polis-quvvelerinin-getirildiyi-deyilir\\\/#breadcrumb\",\"itemListElement\":[{\"@type\":\"ListItem\",\"position\":1,\"name\":\"Ana s\u0259hif\u0259\",\"item\":\"https:\\\/\\\/www.meydan.tv\\\/az\\\/\"},{\"@type\":\"ListItem\",\"position\":2,\"name\":\"X\u0259b\u0259rl\u0259r\",\"item\":\"https:\\\/\\\/www.meydan.tv\\\/az\\\/section\\\/xeberler\\\/\"},{\"@type\":\"ListItem\",\"position\":3,\"name\":\"S\u00f6y\u00fcdl\u00fcy\u0259 \u0259lav\u0259 polis q\u00fcvv\u0259l\u0259rinin g\u0259tirildiyi deyilir\"}]},{\"@type\":\"WebSite\",\"@id\":\"https:\\\/\\\/www.meydan.tv\\\/az\\\/#website\",\"url\":\"https:\\\/\\\/www.meydan.tv\\\/az\\\/\",\"name\":\"MEYDAN.TV\",\"description\":\"Meydan TV Az\u0259rbaycan\u0131n media m\u0259kan\u0131ndak\u0131 alternativ s\u0259sidir\",\"publisher\":{\"@id\":\"https:\\\/\\\/www.meydan.tv\\\/az\\\/#organization\"},\"potentialAction\":[{\"@type\":\"SearchAction\",\"target\":{\"@type\":\"EntryPoint\",\"urlTemplate\":\"https:\\\/\\\/www.meydan.tv\\\/az\\\/?s={search_term_string}\"},\"query-input\":{\"@type\":\"PropertyValueSpecification\",\"valueRequired\":true,\"valueName\":\"search_term_string\"}}],\"inLanguage\":\"az\"},{\"@type\":\"Organization\",\"@id\":\"https:\\\/\\\/www.meydan.tv\\\/az\\\/#organization\",\"name\":\"Meydan TV\",\"url\":\"https:\\\/\\\/www.meydan.tv\\\/az\\\/\",\"logo\":{\"@type\":\"ImageObject\",\"inLanguage\":\"az\",\"@id\":\"https:\\\/\\\/www.meydan.tv\\\/az\\\/#\\\/schema\\\/logo\\\/image\\\/\",\"url\":\"https:\\\/\\\/www.meydan.tv\\\/wp-content\\\/uploads\\\/2021\\\/07\\\/meydan-logo.svg\",\"contentUrl\":\"https:\\\/\\\/www.meydan.tv\\\/wp-content\\\/uploads\\\/2021\\\/07\\\/meydan-logo.svg\",\"width\":195,\"height\":46,\"caption\":\"Meydan TV\"},\"image\":{\"@id\":\"https:\\\/\\\/www.meydan.tv\\\/az\\\/#\\\/schema\\\/logo\\\/image\\\/\"}},{\"@type\":\"Person\",\"@id\":\"https:\\\/\\\/www.meydan.tv\\\/az\\\/#\\\/schema\\\/person\\\/476e9360e593fa131d5d71d51866f8da\",\"name\":\"aleks\"}]}<\/script>\n<!-- \/ Yoast SEO plugin. -->","yoast_head_json":{"title":"S\u00f6y\u00fcdl\u00fcy\u0259 \u0259lav\u0259 polis q\u00fcvv\u0259l\u0259rinin g\u0259tirildiyi deyilir - MEYDAN.TV","robots":{"index":"index","follow":"follow","max-snippet":"max-snippet:-1","max-image-preview":"max-image-preview:large","max-video-preview":"max-video-preview:-1"},"canonical":"https:\/\/www.meydan.tv\/az\/article\/soyudluye-elave-polis-quvvelerinin-getirildiyi-deyilir\/","og_locale":"az_AZ","og_type":"article","og_title":"S\u00f6y\u00fcdl\u00fcy\u0259 \u0259lav\u0259 polis q\u00fcvv\u0259l\u0259rinin g\u0259tirildiyi deyilir - MEYDAN.TV","og_description":"D\u0130N m\u0259lumat\u0131 t\u0259kzib edir S\u00f6y\u00fcdl\u00fc k\u0259ndin\u0259 x\u00fcsusi t\u0259yinatl\u0131 polis b\u00f6lm\u0259l\u0259rinin ... Davam\u0131","og_url":"https:\/\/www.meydan.tv\/az\/article\/soyudluye-elave-polis-quvvelerinin-getirildiyi-deyilir\/","og_site_name":"MEYDAN.TV","article_published_time":"2023-06-28T12:36:18+00:00","article_modified_time":"2023-06-28T12:36:21+00:00","og_image":[{"width":2560,"height":1766,"url":"https:\/\/www.meydan.tv\/wp-content\/uploads\/img_5718-scaled-e1687351568227.jpg","type":"image\/jpeg"}],"author":"aleks","twitter_card":"summary_large_image","schema":{"@context":"https:\/\/schema.org","@graph":[{"@type":"Article","@id":"https:\/\/www.meydan.tv\/az\/article\/soyudluye-elave-polis-quvvelerinin-getirildiyi-deyilir\/#article","isPartOf":{"@id":"https:\/\/www.meydan.tv\/az\/article\/soyudluye-elave-polis-quvvelerinin-getirildiyi-deyilir\/"},"author":{"name":"aleks","@id":"https:\/\/www.meydan.tv\/az\/#\/schema\/person\/476e9360e593fa131d5d71d51866f8da"},"headline":"S\u00f6y\u00fcdl\u00fcy\u0259 \u0259lav\u0259 polis q\u00fcvv\u0259l\u0259rinin g\u0259tirildiyi deyilir","datePublished":"2023-06-28T12:36:18+00:00","dateModified":"2023-06-28T12:36:21+00:00","mainEntityOfPage":{"@id":"https:\/\/www.meydan.tv\/az\/article\/soyudluye-elave-polis-quvvelerinin-getirildiyi-deyilir\/"},"wordCount":495,"publisher":{"@id":"https:\/\/www.meydan.tv\/az\/#organization"},"image":{"@id":"https:\/\/www.meydan.tv\/az\/article\/soyudluye-elave-polis-quvvelerinin-getirildiyi-deyilir\/#primaryimage"},"thumbnailUrl":"https:\/\/www.meydan.tv\/wp-content\/uploads\/img_5718-scaled-e1695742814341.jpg","articleSection":["Siyas\u0259t","X\u0259b\u0259rl\u0259r"],"inLanguage":"az"},{"@type":"WebPage","@id":"https:\/\/www.meydan.tv\/az\/article\/soyudluye-elave-polis-quvvelerinin-getirildiyi-deyilir\/","url":"https:\/\/www.meydan.tv\/az\/article\/soyudluye-elave-polis-quvvelerinin-getirildiyi-deyilir\/","name":"S\u00f6y\u00fcdl\u00fcy\u0259 \u0259lav\u0259 polis q\u00fcvv\u0259l\u0259rinin g\u0259tirildiyi deyilir - MEYDAN.TV","isPartOf":{"@id":"https:\/\/www.meydan.tv\/az\/#website"},"primaryImageOfPage":{"@id":"https:\/\/www.meydan.tv\/az\/article\/soyudluye-elave-polis-quvvelerinin-getirildiyi-deyilir\/#primaryimage"},"image":{"@id":"https:\/\/www.meydan.tv\/az\/article\/soyudluye-elave-polis-quvvelerinin-getirildiyi-deyilir\/#primaryimage"},"thumbnailUrl":"https:\/\/www.meydan.tv\/wp-content\/uploads\/img_5718-scaled-e1695742814341.jpg","datePublished":"2023-06-28T12:36:18+00:00","dateModified":"2023-06-28T12:36:21+00:00","breadcrumb":{"@id":"https:\/\/www.meydan.tv\/az\/article\/soyudluye-elave-polis-quvvelerinin-getirildiyi-deyilir\/#breadcrumb"},"inLanguage":"az","potentialAction":[{"@type":"ReadAction","target":["https:\/\/www.meydan.tv\/az\/article\/soyudluye-elave-polis-quvvelerinin-getirildiyi-deyilir\/"]}]},{"@type":"ImageObject","inLanguage":"az","@id":"https:\/\/www.meydan.tv\/az\/article\/soyudluye-elave-polis-quvvelerinin-getirildiyi-deyilir\/#primaryimage","url":"https:\/\/www.meydan.tv\/wp-content\/uploads\/img_5718-scaled-e1695742814341.jpg","contentUrl":"https:\/\/www.meydan.tv\/wp-content\/uploads\/img_5718-scaled-e1695742814341.jpg","width":2560,"height":1062,"caption":"S\u00f6y\u00fcdl\u00fc, 20 iyun 2023. Foto: Meydan TV"},{"@type":"BreadcrumbList","@id":"https:\/\/www.meydan.tv\/az\/article\/soyudluye-elave-polis-quvvelerinin-getirildiyi-deyilir\/#breadcrumb","itemListElement":[{"@type":"ListItem","position":1,"name":"Ana s\u0259hif\u0259","item":"https:\/\/www.meydan.tv\/az\/"},{"@type":"ListItem","position":2,"name":"X\u0259b\u0259rl\u0259r","item":"https:\/\/www.meydan.tv\/az\/section\/xeberler\/"},{"@type":"ListItem","position":3,"name":"S\u00f6y\u00fcdl\u00fcy\u0259 \u0259lav\u0259 polis q\u00fcvv\u0259l\u0259rinin g\u0259tirildiyi deyilir"}]},{"@type":"WebSite","@id":"https:\/\/www.meydan.tv\/az\/#website","url":"https:\/\/www.meydan.tv\/az\/","name":"MEYDAN.TV","description":"Meydan TV Az\u0259rbaycan\u0131n media m\u0259kan\u0131ndak\u0131 alternativ s\u0259sidir","publisher":{"@id":"https:\/\/www.meydan.tv\/az\/#organization"},"potentialAction":[{"@type":"SearchAction","target":{"@type":"EntryPoint","urlTemplate":"https:\/\/www.meydan.tv\/az\/?s={search_term_string}"},"query-input":{"@type":"PropertyValueSpecification","valueRequired":true,"valueName":"search_term_string"}}],"inLanguage":"az"},{"@type":"Organization","@id":"https:\/\/www.meydan.tv\/az\/#organization","name":"Meydan TV","url":"https:\/\/www.meydan.tv\/az\/","logo":{"@type":"ImageObject","inLanguage":"az","@id":"https:\/\/www.meydan.tv\/az\/#\/schema\/logo\/image\/","url":"https:\/\/www.meydan.tv\/wp-content\/uploads\/2021\/07\/meydan-logo.svg","contentUrl":"https:\/\/www.meydan.tv\/wp-content\/uploads\/2021\/07\/meydan-logo.svg","width":195,"height":46,"caption":"Meydan TV"},"image":{"@id":"https:\/\/www.meydan.tv\/az\/#\/schema\/logo\/image\/"}},{"@type":"Person","@id":"https:\/\/www.meydan.tv\/az\/#\/schema\/person\/476e9360e593fa131d5d71d51866f8da","name":"aleks"}]}},"_links":{"self":[{"href":"https:\/\/www.meydan.tv\/az\/wp-json\/wp\/v2\/posts\/278700","targetHints":{"allow":["GET"]}}],"collection":[{"href":"https:\/\/www.meydan.tv\/az\/wp-json\/wp\/v2\/posts"}],"about":[{"href":"https:\/\/www.meydan.tv\/az\/wp-json\/wp\/v2\/types\/post"}],"author":[{"embeddable":true,"href":"https:\/\/www.meydan.tv\/az\/wp-json\/wp\/v2\/users\/12"}],"replies":[{"embeddable":true,"href":"https:\/\/www.meydan.tv\/az\/wp-json\/wp\/v2\/comments?post=278700"}],"version-history":[{"count":1,"href":"https:\/\/www.meydan.tv\/az\/wp-json\/wp\/v2\/posts\/278700\/revisions"}],"predecessor-version":[{"id":278701,"href":"https:\/\/www.meydan.tv\/az\/wp-json\/wp\/v2\/posts\/278700\/revisions\/278701"}],"wp:featuredmedia":[{"embeddable":true,"href":"https:\/\/www.meydan.tv\/az\/wp-json\/wp\/v2\/media\/277996"}],"wp:attachment":[{"href":"https:\/\/www.meydan.tv\/az\/wp-json\/wp\/v2\/media?parent=278700"}],"wp:term":[{"taxonomy":"category","embeddable":true,"href":"https:\/\/www.meydan.tv\/az\/wp-json\/wp\/v2\/categories?post=278700"},{"taxonomy":"post_tag","embeddable":true,"href":"https:\/\/www.meydan.tv\/az\/wp-json\/wp\/v2\/tags?post=278700"}],"curies":[{"name":"wp","href":"https:\/\/api.w.org\/{rel}","templated":true}]}}