{"id":278697,"date":"2023-06-28T14:45:33","date_gmt":"2023-06-28T10:45:33","guid":{"rendered":"https:\/\/www.meydan.tv\/?p=278697"},"modified":"2023-06-28T14:45:38","modified_gmt":"2023-06-28T10:45:38","slug":"temas-xettinde-atisma-yerevan-4-herbcinin-helak-oldugunu-aciqladi","status":"publish","type":"post","link":"https:\/\/www.meydan.tv\/az\/article\/temas-xettinde-atisma-yerevan-4-herbcinin-helak-oldugunu-aciqladi\/","title":{"rendered":"T\u0259mas x\u0259ttind\u0259 at\u0131\u015fma: Yerevan 4 h\u0259rb\u00e7inin h\u0259lak oldu\u011funu a\u00e7\u0131qlad\u0131"},"content":{"rendered":"\n<p><strong><em>T\u0259r\u0259fl\u0259r bir-birini g\u00fcnahland\u0131r\u0131r<\/em><\/strong><\/p>\n\n\n\n<p>Az\u0259rbaycan-Erm\u0259nistan t\u0259mas x\u0259ttind\u0259 at\u0259\u015fk\u0259sin yenid\u0259n pozuldu\u011fu bildirilir.<\/p>\n\n\n\n<p>Erm\u0259nistan M\u00fcdafi\u0259 Nazirliyi iyunun 28-d\u0259 4 h\u0259rb\u00e7isinin \u00f6l\u00fcm\u00fc bar\u0259d\u0259 m\u0259lumat <a href=\"https:\/\/ru.armeniasputnik.am\/20230628\/obnarodovany-imena-pogibshikh-v-rezultate-azerbaydzhanskogo-obstrela-v-karabakhe-voennykh-61849492.html\">yay\u0131b<\/a>.<\/p>\n\n\n\n<p>Bildirilir ki, Az\u0259rbaycan Ordusu erm\u0259ni silahl\u0131 d\u0259st\u0259l\u0259rinin A\u011fd\u0259r\u0259 v\u0259 Xocav\u0259nd istiqam\u0259tind\u0259 m\u00f6vqel\u0259rin\u0259 z\u0259rb\u0259l\u0259r endirib.<\/p>\n\n\n\n<p>N\u0259tic\u0259d\u0259 Armo Abqaryan, Samvel Torostan, Yervand Tadevostan v\u0259 Qaqik Balayan \u00f6l\u00fcb.<\/p>\n\n\n\n<p>Az\u0259rbaycan M\u00fcdafi\u0259 Nazirliyi iyunun 27-si saat 20:05-d\u0259 Rusiya s\u00fclhm\u0259raml\u0131lar\u0131n\u0131n m\u00fcv\u0259qq\u0259ti yerl\u0259\u015fdiyi Az\u0259rbaycan \u0259razisind\u0259ki erm\u0259ni silahl\u0131 d\u0259st\u0259l\u0259rinin A\u011fdam\u0131n Qalay\u00e7\u0131lar k\u0259ndi istiqam\u0259tind\u0259 yerl\u0259\u015f\u0259n m\u00f6vqel\u0259ri at\u0131c\u0131 silahlardan at\u0259\u015f\u0259 tutulmas\u0131 bar\u0259d\u0259 m\u0259lumat yay\u0131b.<\/p>\n\n\n\n<p>M\u0259lumatda bildirilir ki, at\u0259\u015f n\u0259tic\u0259sind\u0259 Az\u0259rbaycan Ordusunun h\u0259rbi qulluq\u00e7usu B\u0259kirov \u018fli \u015e\u00fck\u00fcr o\u011flu <a href=\"http:\/\/Yaral\u0131 h\u0259rbi qulluq\u00e7u d\u0259rhal h\u0259rbi tibb m\u00fc\u0259ssis\u0259sin\u0259 t\u0259xliy\u0259 edilib, h\u0259yat\u0131 \u00fc\u00e7\u00fcn t\u0259hl\u00fck\u0259 yoxdur.(https:\/\/mod.gov.az\/az\/news\/herbi-qulluqcumuz-yaralanib-48264.html?fbclid=IwAR20kbx0_2cO9Il2l3uXgFDozNSKR3sU2sfqOv93zYvyIp-FXKMPfJtg92k)\">yaralan\u0131b<\/a>.<\/p>\n\n\n\n<p>Az\u0259rbaycan Ordusunun \u0259sg\u0259rinin yaralanmas\u0131 il\u0259 ba\u011fl\u0131 cinay\u0259t i\u015fi <a href=\"https:\/\/report.az\/herbi-xeberler\/azerbaycan-ordusunun-esgerinin-yaralanmasi-ile-bagli-cinayet-isi-baslanilib\/\">ba\u015flan\u0131l\u0131b<\/a>.<\/p>\n\n\n\n<p>Erm\u0259nistan v\u0259 Az\u0259rbaycan at\u0259\u015fk\u0259s rejiminin pozulmas\u0131nda bir-birini g\u00fcnahland\u0131r\u0131b.<\/p>\n","protected":false},"excerpt":{"rendered":"<p>T\u0259r\u0259fl\u0259r bir-birini g\u00fcnahland\u0131r\u0131r Az\u0259rbaycan-Erm\u0259nistan t\u0259mas x\u0259ttind\u0259 at\u0259\u015fk\u0259sin yenid\u0259n pozuldu\u011fu bildirilir. &#8230; <\/p>\n<p class=\"read-more-container\"><a title=\"T\u0259mas x\u0259ttind\u0259 at\u0131\u015fma: Yerevan 4 h\u0259rb\u00e7inin h\u0259lak oldu\u011funu a\u00e7\u0131qlad\u0131\" class=\"read-more button\" href=\"https:\/\/www.meydan.tv\/az\/article\/temas-xettinde-atisma-yerevan-4-herbcinin-helak-oldugunu-aciqladi\/#more-278697\" aria-label=\"Read more about T\u0259mas x\u0259ttind\u0259 at\u0131\u015fma: Yerevan 4 h\u0259rb\u00e7inin h\u0259lak oldu\u011funu a\u00e7\u0131qlad\u0131\">Davam\u0131<\/a><\/p>\n","protected":false},"author":12,"featured_media":153474,"comment_status":"closed","ping_status":"closed","sticky":false,"template":"","format":"standard","meta":{"_acf_changed":false,"_sitemap_exclude":false,"_sitemap_priority":"","_sitemap_frequency":"","footnotes":""},"categories":[59,79,56],"tags":[],"class_list":["post-278697","post","type-post","status-publish","format-standard","has-post-thumbnail","hentry","category-siyaset","category-featured","category-xeberler","infinite-scroll-item","generate-columns","tablet-grid-50","mobile-grid-100","grid-parent","grid-33","no-featured-image-padding"],"acf":[],"yoast_head":"<!-- This site is optimized with the Yoast SEO plugin v27.4 - https:\/\/yoast.com\/product\/yoast-seo-wordpress\/ -->\n<title>T\u0259mas x\u0259ttind\u0259 at\u0131\u015fma: Yerevan 4 h\u0259rb\u00e7inin h\u0259lak oldu\u011funu a\u00e7\u0131qlad\u0131 - MEYDAN.TV<\/title>\n<meta name=\"robots\" content=\"index, follow, max-snippet:-1, max-image-preview:large, max-video-preview:-1\" \/>\n<link rel=\"canonical\" href=\"https:\/\/www.meydan.tv\/az\/article\/temas-xettinde-atisma-yerevan-4-herbcinin-helak-oldugunu-aciqladi\/\" \/>\n<meta property=\"og:locale\" content=\"az_AZ\" \/>\n<meta property=\"og:type\" content=\"article\" \/>\n<meta property=\"og:title\" content=\"T\u0259mas x\u0259ttind\u0259 at\u0131\u015fma: Yerevan 4 h\u0259rb\u00e7inin h\u0259lak oldu\u011funu a\u00e7\u0131qlad\u0131 - MEYDAN.TV\" \/>\n<meta property=\"og:description\" content=\"T\u0259r\u0259fl\u0259r bir-birini g\u00fcnahland\u0131r\u0131r Az\u0259rbaycan-Erm\u0259nistan t\u0259mas x\u0259ttind\u0259 at\u0259\u015fk\u0259sin yenid\u0259n pozuldu\u011fu bildirilir. ... Davam\u0131\" \/>\n<meta property=\"og:url\" content=\"https:\/\/www.meydan.tv\/az\/article\/temas-xettinde-atisma-yerevan-4-herbcinin-helak-oldugunu-aciqladi\/\" \/>\n<meta property=\"og:site_name\" content=\"MEYDAN.TV\" \/>\n<meta property=\"article:published_time\" content=\"2023-06-28T10:45:33+00:00\" \/>\n<meta property=\"article:modified_time\" content=\"2023-06-28T10:45:38+00:00\" \/>\n<meta property=\"og:image\" content=\"https:\/\/www.meydan.tv\/wp-content\/uploads\/merlin_180474885_638280ea-df38-420d-8b7a-047ccabcf344-superjumbo.jpg\" \/>\n\t<meta property=\"og:image:width\" content=\"2048\" \/>\n\t<meta property=\"og:image:height\" content=\"1365\" \/>\n\t<meta property=\"og:image:type\" content=\"image\/jpeg\" \/>\n<meta name=\"author\" content=\"aleks\" \/>\n<meta name=\"twitter:card\" content=\"summary_large_image\" \/>\n<script type=\"application\/ld+json\" class=\"yoast-schema-graph\">{\"@context\":\"https:\\\/\\\/schema.org\",\"@graph\":[{\"@type\":\"Article\",\"@id\":\"https:\\\/\\\/www.meydan.tv\\\/az\\\/article\\\/temas-xettinde-atisma-yerevan-4-herbcinin-helak-oldugunu-aciqladi\\\/#article\",\"isPartOf\":{\"@id\":\"https:\\\/\\\/www.meydan.tv\\\/az\\\/article\\\/temas-xettinde-atisma-yerevan-4-herbcinin-helak-oldugunu-aciqladi\\\/\"},\"author\":{\"name\":\"aleks\",\"@id\":\"https:\\\/\\\/www.meydan.tv\\\/az\\\/#\\\/schema\\\/person\\\/476e9360e593fa131d5d71d51866f8da\"},\"headline\":\"T\u0259mas x\u0259ttind\u0259 at\u0131\u015fma: Yerevan 4 h\u0259rb\u00e7inin h\u0259lak oldu\u011funu a\u00e7\u0131qlad\u0131\",\"datePublished\":\"2023-06-28T10:45:33+00:00\",\"dateModified\":\"2023-06-28T10:45:38+00:00\",\"mainEntityOfPage\":{\"@id\":\"https:\\\/\\\/www.meydan.tv\\\/az\\\/article\\\/temas-xettinde-atisma-yerevan-4-herbcinin-helak-oldugunu-aciqladi\\\/\"},\"wordCount\":215,\"publisher\":{\"@id\":\"https:\\\/\\\/www.meydan.tv\\\/az\\\/#organization\"},\"image\":{\"@id\":\"https:\\\/\\\/www.meydan.tv\\\/az\\\/article\\\/temas-xettinde-atisma-yerevan-4-herbcinin-helak-oldugunu-aciqladi\\\/#primaryimage\"},\"thumbnailUrl\":\"https:\\\/\\\/www.meydan.tv\\\/wp-content\\\/uploads\\\/merlin_180474885_638280ea-df38-420d-8b7a-047ccabcf344-superjumbo.jpg\",\"articleSection\":[\"Siyas\u0259t\",\"T\u00f6vsiy\u0259\",\"X\u0259b\u0259rl\u0259r\"],\"inLanguage\":\"az\"},{\"@type\":\"WebPage\",\"@id\":\"https:\\\/\\\/www.meydan.tv\\\/az\\\/article\\\/temas-xettinde-atisma-yerevan-4-herbcinin-helak-oldugunu-aciqladi\\\/\",\"url\":\"https:\\\/\\\/www.meydan.tv\\\/az\\\/article\\\/temas-xettinde-atisma-yerevan-4-herbcinin-helak-oldugunu-aciqladi\\\/\",\"name\":\"T\u0259mas x\u0259ttind\u0259 at\u0131\u015fma: Yerevan 4 h\u0259rb\u00e7inin h\u0259lak oldu\u011funu a\u00e7\u0131qlad\u0131 - MEYDAN.TV\",\"isPartOf\":{\"@id\":\"https:\\\/\\\/www.meydan.tv\\\/az\\\/#website\"},\"primaryImageOfPage\":{\"@id\":\"https:\\\/\\\/www.meydan.tv\\\/az\\\/article\\\/temas-xettinde-atisma-yerevan-4-herbcinin-helak-oldugunu-aciqladi\\\/#primaryimage\"},\"image\":{\"@id\":\"https:\\\/\\\/www.meydan.tv\\\/az\\\/article\\\/temas-xettinde-atisma-yerevan-4-herbcinin-helak-oldugunu-aciqladi\\\/#primaryimage\"},\"thumbnailUrl\":\"https:\\\/\\\/www.meydan.tv\\\/wp-content\\\/uploads\\\/merlin_180474885_638280ea-df38-420d-8b7a-047ccabcf344-superjumbo.jpg\",\"datePublished\":\"2023-06-28T10:45:33+00:00\",\"dateModified\":\"2023-06-28T10:45:38+00:00\",\"breadcrumb\":{\"@id\":\"https:\\\/\\\/www.meydan.tv\\\/az\\\/article\\\/temas-xettinde-atisma-yerevan-4-herbcinin-helak-oldugunu-aciqladi\\\/#breadcrumb\"},\"inLanguage\":\"az\",\"potentialAction\":[{\"@type\":\"ReadAction\",\"target\":[\"https:\\\/\\\/www.meydan.tv\\\/az\\\/article\\\/temas-xettinde-atisma-yerevan-4-herbcinin-helak-oldugunu-aciqladi\\\/\"]}]},{\"@type\":\"ImageObject\",\"inLanguage\":\"az\",\"@id\":\"https:\\\/\\\/www.meydan.tv\\\/az\\\/article\\\/temas-xettinde-atisma-yerevan-4-herbcinin-helak-oldugunu-aciqladi\\\/#primaryimage\",\"url\":\"https:\\\/\\\/www.meydan.tv\\\/wp-content\\\/uploads\\\/merlin_180474885_638280ea-df38-420d-8b7a-047ccabcf344-superjumbo.jpg\",\"contentUrl\":\"https:\\\/\\\/www.meydan.tv\\\/wp-content\\\/uploads\\\/merlin_180474885_638280ea-df38-420d-8b7a-047ccabcf344-superjumbo.jpg\",\"width\":2048,\"height\":1365,\"caption\":\"Foto: Ivor Prickett - The New York Times\"},{\"@type\":\"BreadcrumbList\",\"@id\":\"https:\\\/\\\/www.meydan.tv\\\/az\\\/article\\\/temas-xettinde-atisma-yerevan-4-herbcinin-helak-oldugunu-aciqladi\\\/#breadcrumb\",\"itemListElement\":[{\"@type\":\"ListItem\",\"position\":1,\"name\":\"Ana s\u0259hif\u0259\",\"item\":\"https:\\\/\\\/www.meydan.tv\\\/az\\\/\"},{\"@type\":\"ListItem\",\"position\":2,\"name\":\"X\u0259b\u0259rl\u0259r\",\"item\":\"https:\\\/\\\/www.meydan.tv\\\/az\\\/section\\\/xeberler\\\/\"},{\"@type\":\"ListItem\",\"position\":3,\"name\":\"T\u0259mas x\u0259ttind\u0259 at\u0131\u015fma: Yerevan 4 h\u0259rb\u00e7inin h\u0259lak oldu\u011funu a\u00e7\u0131qlad\u0131\"}]},{\"@type\":\"WebSite\",\"@id\":\"https:\\\/\\\/www.meydan.tv\\\/az\\\/#website\",\"url\":\"https:\\\/\\\/www.meydan.tv\\\/az\\\/\",\"name\":\"MEYDAN.TV\",\"description\":\"Meydan TV Az\u0259rbaycan\u0131n media m\u0259kan\u0131ndak\u0131 alternativ s\u0259sidir\",\"publisher\":{\"@id\":\"https:\\\/\\\/www.meydan.tv\\\/az\\\/#organization\"},\"potentialAction\":[{\"@type\":\"SearchAction\",\"target\":{\"@type\":\"EntryPoint\",\"urlTemplate\":\"https:\\\/\\\/www.meydan.tv\\\/az\\\/?s={search_term_string}\"},\"query-input\":{\"@type\":\"PropertyValueSpecification\",\"valueRequired\":true,\"valueName\":\"search_term_string\"}}],\"inLanguage\":\"az\"},{\"@type\":\"Organization\",\"@id\":\"https:\\\/\\\/www.meydan.tv\\\/az\\\/#organization\",\"name\":\"Meydan TV\",\"url\":\"https:\\\/\\\/www.meydan.tv\\\/az\\\/\",\"logo\":{\"@type\":\"ImageObject\",\"inLanguage\":\"az\",\"@id\":\"https:\\\/\\\/www.meydan.tv\\\/az\\\/#\\\/schema\\\/logo\\\/image\\\/\",\"url\":\"https:\\\/\\\/www.meydan.tv\\\/wp-content\\\/uploads\\\/2021\\\/07\\\/meydan-logo.svg\",\"contentUrl\":\"https:\\\/\\\/www.meydan.tv\\\/wp-content\\\/uploads\\\/2021\\\/07\\\/meydan-logo.svg\",\"width\":195,\"height\":46,\"caption\":\"Meydan TV\"},\"image\":{\"@id\":\"https:\\\/\\\/www.meydan.tv\\\/az\\\/#\\\/schema\\\/logo\\\/image\\\/\"}},{\"@type\":\"Person\",\"@id\":\"https:\\\/\\\/www.meydan.tv\\\/az\\\/#\\\/schema\\\/person\\\/476e9360e593fa131d5d71d51866f8da\",\"name\":\"aleks\"}]}<\/script>\n<!-- \/ Yoast SEO plugin. -->","yoast_head_json":{"title":"T\u0259mas x\u0259ttind\u0259 at\u0131\u015fma: Yerevan 4 h\u0259rb\u00e7inin h\u0259lak oldu\u011funu a\u00e7\u0131qlad\u0131 - MEYDAN.TV","robots":{"index":"index","follow":"follow","max-snippet":"max-snippet:-1","max-image-preview":"max-image-preview:large","max-video-preview":"max-video-preview:-1"},"canonical":"https:\/\/www.meydan.tv\/az\/article\/temas-xettinde-atisma-yerevan-4-herbcinin-helak-oldugunu-aciqladi\/","og_locale":"az_AZ","og_type":"article","og_title":"T\u0259mas x\u0259ttind\u0259 at\u0131\u015fma: Yerevan 4 h\u0259rb\u00e7inin h\u0259lak oldu\u011funu a\u00e7\u0131qlad\u0131 - MEYDAN.TV","og_description":"T\u0259r\u0259fl\u0259r bir-birini g\u00fcnahland\u0131r\u0131r Az\u0259rbaycan-Erm\u0259nistan t\u0259mas x\u0259ttind\u0259 at\u0259\u015fk\u0259sin yenid\u0259n pozuldu\u011fu bildirilir. ... Davam\u0131","og_url":"https:\/\/www.meydan.tv\/az\/article\/temas-xettinde-atisma-yerevan-4-herbcinin-helak-oldugunu-aciqladi\/","og_site_name":"MEYDAN.TV","article_published_time":"2023-06-28T10:45:33+00:00","article_modified_time":"2023-06-28T10:45:38+00:00","og_image":[{"width":2048,"height":1365,"url":"https:\/\/www.meydan.tv\/wp-content\/uploads\/merlin_180474885_638280ea-df38-420d-8b7a-047ccabcf344-superjumbo.jpg","type":"image\/jpeg"}],"author":"aleks","twitter_card":"summary_large_image","schema":{"@context":"https:\/\/schema.org","@graph":[{"@type":"Article","@id":"https:\/\/www.meydan.tv\/az\/article\/temas-xettinde-atisma-yerevan-4-herbcinin-helak-oldugunu-aciqladi\/#article","isPartOf":{"@id":"https:\/\/www.meydan.tv\/az\/article\/temas-xettinde-atisma-yerevan-4-herbcinin-helak-oldugunu-aciqladi\/"},"author":{"name":"aleks","@id":"https:\/\/www.meydan.tv\/az\/#\/schema\/person\/476e9360e593fa131d5d71d51866f8da"},"headline":"T\u0259mas x\u0259ttind\u0259 at\u0131\u015fma: Yerevan 4 h\u0259rb\u00e7inin h\u0259lak oldu\u011funu a\u00e7\u0131qlad\u0131","datePublished":"2023-06-28T10:45:33+00:00","dateModified":"2023-06-28T10:45:38+00:00","mainEntityOfPage":{"@id":"https:\/\/www.meydan.tv\/az\/article\/temas-xettinde-atisma-yerevan-4-herbcinin-helak-oldugunu-aciqladi\/"},"wordCount":215,"publisher":{"@id":"https:\/\/www.meydan.tv\/az\/#organization"},"image":{"@id":"https:\/\/www.meydan.tv\/az\/article\/temas-xettinde-atisma-yerevan-4-herbcinin-helak-oldugunu-aciqladi\/#primaryimage"},"thumbnailUrl":"https:\/\/www.meydan.tv\/wp-content\/uploads\/merlin_180474885_638280ea-df38-420d-8b7a-047ccabcf344-superjumbo.jpg","articleSection":["Siyas\u0259t","T\u00f6vsiy\u0259","X\u0259b\u0259rl\u0259r"],"inLanguage":"az"},{"@type":"WebPage","@id":"https:\/\/www.meydan.tv\/az\/article\/temas-xettinde-atisma-yerevan-4-herbcinin-helak-oldugunu-aciqladi\/","url":"https:\/\/www.meydan.tv\/az\/article\/temas-xettinde-atisma-yerevan-4-herbcinin-helak-oldugunu-aciqladi\/","name":"T\u0259mas x\u0259ttind\u0259 at\u0131\u015fma: Yerevan 4 h\u0259rb\u00e7inin h\u0259lak oldu\u011funu a\u00e7\u0131qlad\u0131 - MEYDAN.TV","isPartOf":{"@id":"https:\/\/www.meydan.tv\/az\/#website"},"primaryImageOfPage":{"@id":"https:\/\/www.meydan.tv\/az\/article\/temas-xettinde-atisma-yerevan-4-herbcinin-helak-oldugunu-aciqladi\/#primaryimage"},"image":{"@id":"https:\/\/www.meydan.tv\/az\/article\/temas-xettinde-atisma-yerevan-4-herbcinin-helak-oldugunu-aciqladi\/#primaryimage"},"thumbnailUrl":"https:\/\/www.meydan.tv\/wp-content\/uploads\/merlin_180474885_638280ea-df38-420d-8b7a-047ccabcf344-superjumbo.jpg","datePublished":"2023-06-28T10:45:33+00:00","dateModified":"2023-06-28T10:45:38+00:00","breadcrumb":{"@id":"https:\/\/www.meydan.tv\/az\/article\/temas-xettinde-atisma-yerevan-4-herbcinin-helak-oldugunu-aciqladi\/#breadcrumb"},"inLanguage":"az","potentialAction":[{"@type":"ReadAction","target":["https:\/\/www.meydan.tv\/az\/article\/temas-xettinde-atisma-yerevan-4-herbcinin-helak-oldugunu-aciqladi\/"]}]},{"@type":"ImageObject","inLanguage":"az","@id":"https:\/\/www.meydan.tv\/az\/article\/temas-xettinde-atisma-yerevan-4-herbcinin-helak-oldugunu-aciqladi\/#primaryimage","url":"https:\/\/www.meydan.tv\/wp-content\/uploads\/merlin_180474885_638280ea-df38-420d-8b7a-047ccabcf344-superjumbo.jpg","contentUrl":"https:\/\/www.meydan.tv\/wp-content\/uploads\/merlin_180474885_638280ea-df38-420d-8b7a-047ccabcf344-superjumbo.jpg","width":2048,"height":1365,"caption":"Foto: Ivor Prickett - The New York Times"},{"@type":"BreadcrumbList","@id":"https:\/\/www.meydan.tv\/az\/article\/temas-xettinde-atisma-yerevan-4-herbcinin-helak-oldugunu-aciqladi\/#breadcrumb","itemListElement":[{"@type":"ListItem","position":1,"name":"Ana s\u0259hif\u0259","item":"https:\/\/www.meydan.tv\/az\/"},{"@type":"ListItem","position":2,"name":"X\u0259b\u0259rl\u0259r","item":"https:\/\/www.meydan.tv\/az\/section\/xeberler\/"},{"@type":"ListItem","position":3,"name":"T\u0259mas x\u0259ttind\u0259 at\u0131\u015fma: Yerevan 4 h\u0259rb\u00e7inin h\u0259lak oldu\u011funu a\u00e7\u0131qlad\u0131"}]},{"@type":"WebSite","@id":"https:\/\/www.meydan.tv\/az\/#website","url":"https:\/\/www.meydan.tv\/az\/","name":"MEYDAN.TV","description":"Meydan TV Az\u0259rbaycan\u0131n media m\u0259kan\u0131ndak\u0131 alternativ s\u0259sidir","publisher":{"@id":"https:\/\/www.meydan.tv\/az\/#organization"},"potentialAction":[{"@type":"SearchAction","target":{"@type":"EntryPoint","urlTemplate":"https:\/\/www.meydan.tv\/az\/?s={search_term_string}"},"query-input":{"@type":"PropertyValueSpecification","valueRequired":true,"valueName":"search_term_string"}}],"inLanguage":"az"},{"@type":"Organization","@id":"https:\/\/www.meydan.tv\/az\/#organization","name":"Meydan TV","url":"https:\/\/www.meydan.tv\/az\/","logo":{"@type":"ImageObject","inLanguage":"az","@id":"https:\/\/www.meydan.tv\/az\/#\/schema\/logo\/image\/","url":"https:\/\/www.meydan.tv\/wp-content\/uploads\/2021\/07\/meydan-logo.svg","contentUrl":"https:\/\/www.meydan.tv\/wp-content\/uploads\/2021\/07\/meydan-logo.svg","width":195,"height":46,"caption":"Meydan TV"},"image":{"@id":"https:\/\/www.meydan.tv\/az\/#\/schema\/logo\/image\/"}},{"@type":"Person","@id":"https:\/\/www.meydan.tv\/az\/#\/schema\/person\/476e9360e593fa131d5d71d51866f8da","name":"aleks"}]}},"_links":{"self":[{"href":"https:\/\/www.meydan.tv\/az\/wp-json\/wp\/v2\/posts\/278697","targetHints":{"allow":["GET"]}}],"collection":[{"href":"https:\/\/www.meydan.tv\/az\/wp-json\/wp\/v2\/posts"}],"about":[{"href":"https:\/\/www.meydan.tv\/az\/wp-json\/wp\/v2\/types\/post"}],"author":[{"embeddable":true,"href":"https:\/\/www.meydan.tv\/az\/wp-json\/wp\/v2\/users\/12"}],"replies":[{"embeddable":true,"href":"https:\/\/www.meydan.tv\/az\/wp-json\/wp\/v2\/comments?post=278697"}],"version-history":[{"count":1,"href":"https:\/\/www.meydan.tv\/az\/wp-json\/wp\/v2\/posts\/278697\/revisions"}],"predecessor-version":[{"id":278698,"href":"https:\/\/www.meydan.tv\/az\/wp-json\/wp\/v2\/posts\/278697\/revisions\/278698"}],"wp:featuredmedia":[{"embeddable":true,"href":"https:\/\/www.meydan.tv\/az\/wp-json\/wp\/v2\/media\/153474"}],"wp:attachment":[{"href":"https:\/\/www.meydan.tv\/az\/wp-json\/wp\/v2\/media?parent=278697"}],"wp:term":[{"taxonomy":"category","embeddable":true,"href":"https:\/\/www.meydan.tv\/az\/wp-json\/wp\/v2\/categories?post=278697"},{"taxonomy":"post_tag","embeddable":true,"href":"https:\/\/www.meydan.tv\/az\/wp-json\/wp\/v2\/tags?post=278697"}],"curies":[{"name":"wp","href":"https:\/\/api.w.org\/{rel}","templated":true}]}}