{"id":278680,"date":"2023-06-28T14:17:05","date_gmt":"2023-06-28T10:17:05","guid":{"rendered":"https:\/\/www.meydan.tv\/?p=278680"},"modified":"2023-06-28T14:17:07","modified_gmt":"2023-06-28T10:17:07","slug":"muharibe-veterani-agrilara-dozmurem-iki-defe-intihara-cehd-etmisem","status":"publish","type":"post","link":"https:\/\/www.meydan.tv\/az\/article\/muharibe-veterani-agrilara-dozmurem-iki-defe-intihara-cehd-etmisem\/","title":{"rendered":"M\u00fcharib\u0259 veteran\u0131: &#8220;A\u011fr\u0131lara d\u00f6zm\u00fcr\u0259m, iki d\u0259f\u0259 intihara c\u0259hd etmi\u015f\u0259m&#8221;"},"content":{"rendered":"\n<p><strong><em>Anar Mehdiyev deyir ki, n\u0259 \u0259lillik t\u0259yin edir, n\u0259 d\u0259 \u00f6z\u00fcn\u00fcm\u0259\u015f\u011fulluq proqram\u0131na c\u0259lb edirl\u0259r<\/em><\/strong><\/p>\n\n\n\n<p>Ming\u0259\u00e7evir \u015f\u0259h\u0259r sakini 38 ya\u015fl\u0131 Anar Aslan o\u011flu Mehdiyev ona \u0259llilik d\u0259r\u0259c\u0259sinin t\u0259yin edilm\u0259m\u0259sind\u0259n \u015fikay\u0259t\u00e7idir.<\/p>\n\n\n\n<p>&#8220;K\u0259skin a\u011fr\u0131lardan psixotrop d\u0259rmanlar at\u0131ram. B\u0259z\u0259n g\u00fcnd\u0259 iki d\u0259f\u0259 h\u0259kim\u0259 m\u00fcraci\u0259t edir\u0259m ki, a\u011fr\u0131k\u0259sici vursun. Bir ildir ki, d\u00f6z\u00fclm\u0259z \u0259ziyy\u0259t \u00e7\u0259kir\u0259m, \u0259llilik d\u00fc\u015f\u00fcr, ancaq vermirl\u0259r. \u0130st\u0259diyim odur ki, \u0259lilliyin t\u0259yin olunsun&#8221;, &#8211; dey\u0259 o bildirir.<\/p>\n\n\n\n<p><strong><em>&#8220;\u0130ki d\u0259f\u0259 a\u011fr\u0131lardan bez\u0259r\u0259k intihara c\u0259hd etmi\u015f\u0259m&#8221;<\/em><\/strong><\/p>\n\n\n\n<p>Anar Mehdiyev deyir ki, \u0259vv\u0259ll\u0259r Ming\u0259\u00e7evir Tibb Kollecind\u0259 ortopedik stomatologiya ixtisas\u0131 \u00fczr\u0259 m\u00fc\u0259llim, daha sonra 12 il n\u00fcmun\u0259vi h\u0259rb\u00e7i kimi f\u0259aliyy\u0259t g\u00f6st\u0259rib.<\/p>\n\n\n\n<p>44 g\u00fcnl\u00fck II Qaraba\u011f m\u00fcharib\u0259sind\u0259 ald\u0131\u011f\u0131 a\u011f\u0131r x\u0259sar\u0259t is\u0259 onu sa\u011flaml\u0131\u011f\u0131ndan m\u0259hrum edib.<\/p>\n\n\n\n<p>Dediyin\u0259 g\u00f6r\u0259, yaral\u0131 olsa bel\u0259, d\u00f6y\u00fc\u015f\u00fcn son an\u0131na q\u0259d\u0259r \u00f6n c\u0259bh\u0259d\u0259 olub. Ald\u0131\u011f\u0131 ciddi k\u0259ll\u0259-beyin v\u0259 ba\u015f-beyin travmas\u0131 m\u00fcharib\u0259d\u0259n sonra onu x\u0259st\u0259xanalarda v\u0259 aidiyy\u0259ti qurumlar\u0131n qap\u0131s\u0131nda s\u00fcr\u00fcnd\u00fcr\u00fcr:<\/p>\n\n\n\n<p>&#8220;Ba\u015f tu\u015flay\u0131c\u0131 operator kimi xidm\u0259t etmi\u015f\u0259m. Suqo\u015fuvan &#8211; Tal\u0131\u015f istiqam\u0259tind\u0259 d\u00f6y\u00fc\u015fl\u0259rd\u0259 olmu\u015fam. \u00dc\u00e7 medal\u0131m var. 27-si d\u00f6y\u00fc\u015f\u0259 girmi\u015fik, 29-da s\u0259h\u0259r tezd\u0259n d\u00fc\u015fm\u0259nin atd\u0131\u011f\u0131 a\u011f\u0131r artilleriya at\u0259\u015find\u0259n yaralanm\u0131\u015fam. H\u0259min g\u00fcn Ming\u0259\u00e7evir x\u0259st\u0259xanas\u0131na getmi\u015f\u0259m v\u0259 12 g\u00fcnd\u0259n sonra oradan qa\u00e7\u0131b d\u00f6y\u00fc\u015f\u0259 g\u0259lmi\u015f\u0259m, \u00e7\u00fcnki d\u00f6y\u00fc\u015f\u00fc yar\u0131m\u00e7\u0131q qoymaq ist\u0259mirdim. 8 noyabra q\u0259d\u0259r d\u00f6y\u00fc\u015fd\u00fcm. G\u00f6rd\u00fcm a\u011fr\u0131lar art\u0131r, Silahl\u0131 Q\u00fcvv\u0259l\u0259rin Ba\u015f Klinik Hospital\u0131na m\u00fcraci\u0259t etdim. \u0130ki il orada m\u00fcayin\u0259, m\u00fcalic\u0259 olmu\u015fam. Qapal\u0131 k\u0259ll\u0259-beyin travmas\u0131, ba\u015f beynin silk\u0259l\u0259nm\u0259si, f\u0259q\u0259r\u0259l\u0259r aras\u0131 diskl\u0259rin protuziyas\u0131, b\u0259d\u0259nimin m\u00fcxt\u0259lif nahiy\u0259l\u0259rind\u0259n kor q\u0259lp\u0259 yaralar\u0131 v\u0259 di\u015fl\u0259rin t\u00f6k\u00fclm\u0259si fakt\u0131 var.<\/p>\n\n\n\n<p>&#8220;\u015eikay\u0259tim odur ki, a\u011fr\u0131lar getdikc\u0259 a\u011f\u0131rla\u015f\u0131r, \u00f6z\u00fcm\u00fc itirir\u0259m, b\u00fct\u00fcn \u0259s\u0259bl\u0259rim pozulub. \u0130ki d\u0259f\u0259 a\u011fr\u0131lardan bez\u0259r\u0259k&nbsp; intihar etmi\u015f\u0259m. N\u0259 d\u0259rmanlar, n\u0259 iyn\u0259l\u0259r, n\u0259 bo\u015f v\u0259dl\u0259r k\u00f6m\u0259k edir. Ma\u015fta\u011fada 1 sayl\u0131 Respublika Psixiatriya X\u0259st\u0259xanas\u0131nda be\u015f d\u0259f\u0259 yatm\u0131\u015fam. H\u0259r d\u0259f\u0259 10 g\u00fcn m\u00fcalic\u0259 kursu ke\u00e7mi\u015f\u0259m. Ming\u0259\u00e7evir \u015e\u0259h\u0259r Ruhi \u018fs\u0259b X\u0259st\u0259likl\u0259ri Dispanserind\u0259 v\u0259 1 sayl\u0131 Psixiatriya X\u0259st\u0259xanas\u0131nda qeydiyyatdayam, ancaq \u0259llilik t\u0259yin olunmur. Deyirl\u0259r ki, get m\u00fcalic\u0259 al&#8221;, &#8211; bel\u0259 deyir.<\/p>\n\n\n\n<p><strong><em>&#8220;Niy\u0259 m\u00fcharib\u0259 i\u015ftirak\u00e7\u0131s\u0131n\u0131 s\u00fcr\u00fcnd\u00fcr\u00fcrl\u0259r?&#8221;<\/em><\/strong><\/p>\n\n\n\n<p>M\u00fcharib\u0259 veteran\u0131 Meydan TV-y\u0259 bildirib ki, 5 d\u0259f\u0259 \u00f6lk\u0259nin ba\u015f psixiatr\u0131 Fuad \u0130smay\u0131lovun q\u0259bulunda olub.<\/p>\n\n\n\n<p>Deyir ki, ba\u015f psixiatr\u0131n qoydu\u011fu diaqnoz onun \u0259llilik almas\u0131na \u0259sas verir. \u0130ki d\u0259f\u0259 b\u00fct\u00fcn s\u0259n\u0259dl\u0259ri toplay\u0131b Tibbi Sosial Ekspert Komissiyas\u0131na m\u00fcraci\u0259t ets\u0259 d\u0259, h\u0259r iki m\u00fcraci\u0259tin bax\u0131lmas\u0131ndan imtina edilib.<\/p>\n\n\n\n<p>H\u0259min imtinalardan birincisin\u0259 &#8211; 23 oktyabr 2022-ci il tarixind\u0259kin\u0259 &#8220;\u0259hval\u0131n \u00fczv\u00fc m\u0259n\u015f\u0259li \u015f\u0259xsiyy\u0259t pozuntusu, postravmatik stress pozuntusu, ba\u015f a\u011fr\u0131lar\u0131&#8221; diaqnozu qoyularaq:&nbsp; &#8220;\u018fllilik d\u0259r\u0259c\u0259sin\u0259 uy\u011fun g\u0259lmir&#8221;, &#8211; dey\u0259 cavab verilib.<\/p>\n\n\n\n<p>Bu ilin aprelin 27-d\u0259 g\u00f6nd\u0259ril\u0259n ikinci m\u00fcraci\u0259t\u0259 is\u0259 &#8220;\u0259hval\u0131n \u00fczvi m\u0259n\u015f\u0259li (affektiv) poz\u011funlu\u011fu v\u0259 intihar c\u0259hdl\u0259ri&#8221; diaqnozu qoyularaq \u0259lav\u0259 &#8220;ixtisasla\u015fm\u0131\u015f m\u00fcalic\u0259&#8221; t\u00f6vsiy\u0259 olunub.<\/p>\n\n\n\n<p>M\u00fcharib\u0259 veteran\u0131 is\u0259 deyir ki, m\u0259qs\u0259dli \u015f\u0259kild\u0259 s\u00fcr\u00fcnd\u00fcr\u00fcl\u00fcr:<\/p>\n\n\n\n<p>&#8220;Ba\u015f psixiatr\u0131n x\u0259st\u0259liyim\u0259&nbsp; qoydu\u011fu&nbsp; diaqnoz \u0259sas verir ki, \u0259lillik ala bil\u0259r\u0259m. \u018fn son diaqnozu a\u011f\u0131rd\u0131r. Orada&nbsp; postkommosion sindrom, dissosiativ daxilolmalarla, gec\u0259 enurezi il\u0259 F07. 2, Postravmatik stress pozuntusu&nbsp; F43.1 kimi qeydl\u0259r var. Son \u00fc\u00e7 diaqnoz bel\u0259 a\u011f\u0131rd\u0131r. Ham\u0131s\u0131 da \u0259llilik meyarlar\u0131nda var. Y\u0131\u011f\u0131b b\u00fct\u00fcn s\u0259n\u0259dl\u0259ri yenid\u0259n \u018flill\u0259rin B\u0259rpa M\u0259rk\u0259zin\u0259 getmi\u015f\u0259m. Yenid\u0259n m\u0259nim forma 88 m\u00fcraci\u0259tim\u0259 nazirlikd\u0259n imtina g\u0259lib. Ax\u0131 niy\u0259 d\u00fc\u015fd\u00fcy\u00fc halda imtina verilir. Niy\u0259 m\u00fcharib\u0259 i\u015ftirak\u00e7\u0131s\u0131n\u0131 s\u00fcr\u00fcnd\u00fcr\u00fcrl\u0259r? \u018flim i\u015f tutmur, a\u011fr\u0131lar\u0131m azalm\u0131r, d\u0259rmanlar t\u0259sir g\u00f6st\u0259rmir&#8221;.<\/p>\n\n\n\n<p><strong><em>&#8220;G\u0259l\u0259c\u0259kl\u0259r ki, b\u00f6y\u00fck o\u011flunu ver, \u0259sg\u0259r aparaq&#8221;<\/em><\/strong><\/p>\n\n\n\n<p>M\u00fcharib\u0259 veteran\u0131 h\u0259m d\u0259 s\u0259hh\u0259tind\u0259n dolay\u0131 i\u015fsizdir. M\u0259i\u015f\u0259t avadanl\u0131qlar\u0131 ustas\u0131 olsa da, \u00e7al\u0131\u015fa bilm\u0259diyini, \u00fc\u00e7 \u00f6vlad\u0131 v\u0259 ail\u0259sinin borc i\u00e7ind\u0259 ya\u015fad\u0131\u011f\u0131n\u0131 deyir.<\/p>\n\n\n\n<p>M\u00fcharib\u0259d\u0259n sonra D\u00f6vl\u0259t M\u0259\u015f\u011fulluq Agentinin \u00f6z\u00fcn\u00fcm\u0259\u015f\u011fulluq proqram\u0131na yaz\u0131lsa da, ordan da k\u00f6m\u0259k ala bilm\u0259yib. Ona qurumdan \u0259n tez halda g\u0259l\u0259n il \u00fc\u00e7\u00fcn n\u00f6vb\u0259 \u00e7ataca\u011f\u0131n\u0131 deyibl\u0259r.<\/p>\n\n\n\n<p>Haz\u0131rda iki m\u0259kt\u0259bli o\u011ful \u00f6vlad\u0131 i\u015fsiz ataya d\u0259st\u0259k olaraq f\u0259hl\u0259lik edir.<\/p>\n\n\n\n<p>Deyir ki, 8 ya\u015fl\u0131 Z\u0259hra adl\u0131 q\u0131z\u0131n\u0131n is\u0259 yaln\u0131\u015f m\u00fcayin\u0259 v\u0259 m\u00fcalic\u0259si d\u0259rdinin \u00fcst\u00fcn\u0259 d\u0259rd g\u0259tirib:<\/p>\n\n\n\n<p>&#8220;\u00dc\u00e7 \u00f6vlad\u0131m var. B\u00f6y\u00fck o\u011flum orta m\u0259kt\u0259bi bitirdi, o biri 10-cu sinifd\u0259 oxuyur. Ne\u00e7\u0259 d\u0259f\u0259 i\u015f\u0259 getmi\u015f\u0259m, amma i\u015fl\u0259y\u0259 bilm\u0259mi\u015f\u0259m. A\u011fr\u0131lardan \u0259s\u0259bl\u0259rim pozulub dey\u0259 m\u00fc\u015ft\u0259ril\u0259rl\u0259 dala\u015f\u0131ram, \u00f6z\u00fcm\u0259 v\u0259 \u0259trafdak\u0131lara x\u0259sar\u0259t yetirir\u0259m. S\u0259hh\u0259tim imkan vermir. 2022-ci ilin sentyabrdan \u00f6z\u00fcn\u00fcm\u0259\u015f\u011fulluq proqram\u0131na yaz\u0131lm\u0131\u015fam. 72 bal\u0131m vard\u0131 h\u0259l\u0259. \u015eikay\u0259t etdim ki, t\u0259min edin, ondan sonra bal\u0131m 108 bala qalx\u0131b. Deyirl\u0259r ki, 2024-c\u00fc ild\u0259 alarsan. Deyir\u0259m ki, 80 manat veteran pulu il\u0259 nec\u0259 dolan\u0131m? N\u0259 \u0259lillik verirl\u0259r, n\u0259 d\u0259 \u00f6z\u00fcn\u00fcm\u0259\u015f\u011fulluq proqram\u0131na&nbsp; c\u0259lb edirl\u0259r. Doqquz aydan sonra g\u0259l\u0259c\u0259kl\u0259r ki, b\u00f6y\u00fck o\u011flunu ver\u015e \u0259sg\u0259r aparaq. M\u0259n\u0259 n\u0259 etmis\u0259n ki, o\u011flumu&nbsp; aparmaq h\u00fcququn olsun&#8221;.<\/p>\n\n\n\n<p>&#8220;\u0130ki o\u011flum q\u00fcrurlar\u0131na s\u0131\u011f\u0131\u015fd\u0131rmay\u0131b bazarda, \u0259kin sah\u0259l\u0259rind\u0259 i\u015fl\u0259yir. Ev\u0259 \u00e7\u00f6r\u0259k pulu g\u0259tirirl\u0259r. H\u0259yat yolda\u015f\u0131m da tibb bac\u0131s\u0131d\u0131r. Ald\u0131\u011f\u0131 maa\u015f banka borca gedir. Q\u0131z\u0131m da x\u0259st\u0259dir. \u0130smay\u0131lov M\u0259h\u0259mm\u0259d adl\u0131 h\u0259kim&nbsp; qolunda problem yaratm\u0131\u015fd\u0131. Sa\u011f said s\u00fcm\u00fckl\u0259rinin ikili yerd\u0259yi\u015fmi\u015f s\u0131n\u0131\u011f\u0131na s\u0259hv m\u00fcalic\u0259 v\u0259 diaqnoz qoyub. O da sa\u011falm\u0131r, indi qalm\u0131\u015f\u0131q x\u0259st\u0259xanalarda. Borcun i\u00e7ind\u0259 itib bat\u0131ram. M\u00fcalic\u0259sin\u0259 ehtiyac var. Nazirlik is\u0259 m\u0259ni q\u0259bul edib deyir ki, m\u00fcalic\u0259 al\u0131b sa\u011fala bil\u0259rs\u0259n. Ald\u0131\u011f\u0131m m\u00fcalic\u0259 v\u0259 x\u0259st\u0259xanan\u0131n verdiyi d\u0259rmanlar\u0131n da effekti yoxdur&#8221;, &#8211; Anar Mehdiyev bildirir.<\/p>\n\n\n\n<p><strong><em>&#8220;K\u00f6m\u0259klik ed\u0259 bilmirik&#8221;<\/em><\/strong><\/p>\n\n\n\n<p>Ming\u0259\u00e7evir \u015e\u0259h\u0259r \u0130cra Hakimiyy\u0259tinin V\u0259t\u0259n m\u00fcharib\u0259si i\u015ftirak\u00e7\u0131lar\u0131 v\u0259 \u015f\u0259hid ail\u0259l\u0259ri il\u0259 i\u015fin t\u0259\u015fkili&nbsp; \u015f\u00f6b\u0259sinin m\u00fcd\u00fcri Sahib \u018fliyev&nbsp; Meydan TV-y\u0259 deyib ki,&nbsp; Anar Mehdiyevin ail\u0259 v\u0259ziyy\u0259ti v\u0259 probleml\u0259rind\u0259n x\u0259bardar olsalar da, haz\u0131rda he\u00e7 bir k\u00f6m\u0259k etm\u0259k imkanlar\u0131 yoxdur:<\/p>\n\n\n\n<p>&#8220;\u018flillik d\u0259r\u0259c\u0259sinin t\u0259yinat\u0131na v\u0259 \u00f6z\u00fcn\u00fcm\u0259\u015f\u011fulluq proqram\u0131na c\u0259lb\u0259 s\u0259lahiyy\u0259timiz \u00e7atm\u0131r. \u00dcmumilikd\u0259 is\u0259 Ming\u0259\u00e7evird\u0259 3 mind\u0259n \u00e7ox veteran var ki, onlardan ancaq 1000 n\u0259f\u0259ri veteranl\u0131q t\u0259qa\u00fcd\u00fc al\u0131r. 61 qaziy\u0259 is\u0259 \u0259lilik d\u0259r\u0259c\u0259si t\u0259yin edilib. Ancaq ala bilm\u0259yib \u0259ziyy\u0259tini \u00e7\u0259k\u0259n m\u00fcharib\u0259 i\u015ftirak\u00e7\u0131lar\u0131 da \u00e7oxdur&#8221;.<\/p>\n\n\n\n<p>&#8220;M\u00fcharib\u0259 i\u015ftirak\u00e7\u0131s\u0131 \u00f6z\u00fcn\u00fcm\u0259\u015f\u011fulluq proqram\u0131na yaz\u0131l\u0131b. Yevlaxda qeydiyyatdad\u0131r dey\u0259 oradan ke\u00e7ib. H\u0259tta biz aidiyy\u0259ti qurumlara m\u00fcraci\u0259t ed\u0259r\u0259k bunun tezl\u0259\u015fdirilm\u0259sini xahi\u015f etdik. Dedil\u0259r ki, n\u00f6vb\u0259sini g\u00f6zl\u0259m\u0259lidir. Ad\u0131 sistemd\u0259 var. Ba\u015fqa bir k\u00f6m\u0259klik ed\u0259 bilmirik. \u0130ndiki d\u00f6vrd\u0259 d\u00f6vl\u0259t s\u0259viyy\u0259sind\u0259 onlara&nbsp; yard\u0131m ayr\u0131lm\u0131r. Sad\u0259c\u0259 veteranl\u0131q al\u0131rlar, imkan olanda da \u0259rzaq yard\u0131m\u0131. \u018flillik d\u0259r\u0259c\u0259si d\u0259 bizim s\u0259lahiyy\u0259timiz deyil. Ancaq onu h\u0259tta h\u0259kim yan\u0131na g\u00f6nd\u0259rdik, h\u0259kimi d\u0259 x\u0259st\u0259liyinin diaqnozunu qoyur, ancaq Tibbi Sosial Ekspert Komissiyas\u0131nda q\u0259bul olunmur. M\u00fcdafi\u0259 Nazirliyinin verdiyi ka\u011f\u0131z\u0131 h\u0259min qurum&nbsp; q\u0259bul etmir. Deyirl\u0259r ki, m\u00fcalic\u0259 olundu\u011fu x\u0259st\u0259xanalarda m\u00fct\u0259madi yatmal\u0131d\u0131r, m\u00fc\u0259yy\u0259n d\u00f6vr tamam olmal\u0131d\u0131r ki, sonra s\u0259n\u0259dl\u0259ri y\u0131\u011f\u0131b g\u00f6nd\u0259rsin. Onun kimi Ming\u0259\u00e7evird\u0259 bir \u00e7ox qazi var ki, k\u00f6m\u0259k ed\u0259 bilmirik, \u0259llilik d\u0259r\u0259c\u0259l\u0259rini ala bilmirl\u0259r&#8221;.<\/p>\n\n\n\n<p><strong><em>&#8220;&#8230;ald\u0131\u011f\u0131 m\u00fcalic\u0259 m\u00fcdd\u0259ti yet\u0259rli deyil&#8221;<\/em><\/strong><\/p>\n\n\n\n<p>D\u00f6vl\u0259t Tibbi &#8211; Sosial Ekspertiza Reabilitasiya Agentliyinin \u0130ctimaiyy\u0259tl\u0259 \u0259laq\u0259l\u0259r \u015f\u00f6b\u0259sinin m\u00fcdiri Tural&nbsp; Qurbanov is\u0259 Meydan Tv-y\u0259 bildirib ki, m\u00fcharib\u0259 i\u015ftirak\u00e7\u0131s\u0131n\u0131n \u0259liliyin t\u0259yin edilm\u0259si \u00fc\u00e7\u00fcn etdiyi m\u00fcraci\u0259t\u0259 qurumun imtina cavab\u0131 verm\u0259si tibbi s\u0259n\u0259dl\u0259rd\u0259 qeyd olunan diaqnozlar aras\u0131nda uy\u011funsuzlu\u011fa v\u0259 m\u00fcalic\u0259 m\u00fcdd\u0259tinin yet\u0259rsizliyin\u0259 g\u00f6r\u0259 olub:<\/p>\n\n\n\n<p>&#8220;Ming\u0259\u00e7evir sakini Anar Aslan o\u011flu Mehdiyev \u0259lilliyinin qiym\u0259tl\u0259ndirilm\u0259si m\u0259qs\u0259dil\u0259 12.05.2023-c\u00fc il tarixd\u0259 D\u00f6vl\u0259t Tibbi-Sosial Ekspertiza v\u0259 Reabilitasiya Agentliyin\u0259 \u0259yani m\u00fcayin\u0259y\u0259 d\u0259v\u0259t edilib&nbsp; v\u0259 m\u00fcayin\u0259si apar\u0131l\u0131b. \u018fyani m\u00fcayin\u0259 zaman\u0131 m\u00fc\u0259yy\u0259n edilib ki, v\u0259t\u0259nda\u015f\u0131n ixtisasla\u015fm\u0131\u015f tibb m\u00fc\u0259ssis\u0259sind\u0259 ald\u0131\u011f\u0131 m\u00fcalic\u0259 m\u00fcdd\u0259ti yet\u0259rli deyil. H\u0259m\u00e7inin Anar Mehdiyevin t\u0259qdim etdiyi tibbi s\u0259n\u0259dl\u0259rd\u0259 qeyd olunan diaqnozlar aras\u0131nda uy\u011funsuzluq a\u015fkar edilib. N\u0259tic\u0259d\u0259 \u015f\u0259xsin m\u00fcalic\u0259sinin davam etdirilm\u0259si bar\u0259d\u0259 q\u0259rar q\u0259bul edilib&#8221;.<\/p>\n\n\n\n<p><strong><em>&#8220;Skorinq bal\u0131 m\u00fc\u0259yy\u0259nl\u0259\u015fib v\u0259 v\u0259t\u0259nda\u015f haz\u0131rda n\u00f6vb\u0259d\u0259dir&#8221;<\/em><\/strong><\/p>\n\n\n\n<p>D\u00f6vl\u0259t M\u0259\u015f\u011fulluq Agentliyinin m\u0259tbuat katibi \u018fsm\u0259r N\u0259cm\u0259ddinq\u0131z\u0131 v\u0259t\u0259nda\u015f\u0131n \u00f6z\u00fcn\u0259m\u0259\u015f\u011fulluq proqram\u0131nda n\u00f6vb\u0259d\u0259 oldu\u011funu deyib.<\/p>\n\n\n\n<p>O, Meydan TV-y\u0259 bildirib ki, yax\u0131n zamanda ya\u015fay\u0131\u015f durumuna v\u0259 \u015f\u0259raitin\u0259 bax\u0131\u015f ke\u00e7iril\u0259c\u0259k:<\/p>\n\n\n\n<p>&#8220;Mehdiyev Anar Aslan o\u011flunun m\u00fcraci\u0259ti ara\u015fd\u0131r\u0131l\u0131b. V\u0259t\u0259nda\u015f 2022-ci ild\u0259 broyler inkubatoru z\u0259rfi \u00fczr\u0259 \u00f6z\u00fcn\u00fcm\u0259\u015f\u011fulluq proqram\u0131na m\u00fcraci\u0259t edib v\u0259 onun qeydiyyat\u0131 apar\u0131l\u0131b. \u00d6z\u00fcn\u00fcm\u0259\u015f\u011fulluq proqram\u0131n\u0131n h\u0259r bir m\u0259rh\u0259l\u0259si n\u00f6vb\u0259li qaydada h\u0259yata ke\u00e7irilir. V\u0259t\u0259nda\u015flar\u0131n m\u00fcraci\u0259tl\u0259ri \u00f6z\u00fcn\u00fcm\u0259\u015f\u011fulluq \u00fczr\u0259 reyester\u0259 daxil edildikd\u0259n sonra h\u0259r bir v\u0259t\u0259nda\u015f \u00fc\u00e7\u00fcn skorinq bal\u0131 formala\u015f\u0131r. Anar Mehdiyevin d\u0259 m\u00fcharib\u0259 veteran\u0131 oldu\u011fu n\u0259z\u0259r\u0259 al\u0131naraq ona \u0259lav\u0259 bal da verilm\u0259kl\u0259 skorinq bal\u0131 m\u00fc\u0259yy\u0259nl\u0259\u015fib v\u0259 v\u0259t\u0259nda\u015f haz\u0131rda n\u00f6vb\u0259d\u0259dir. Yax\u0131n zamanda onun \u015f\u0259raitin\u0259 bax\u0131\u015f ke\u00e7iril\u0259c\u0259k v\u0259 uy\u011fun oldu\u011fu halda proqram \u00fczr\u0259 dig\u0259r m\u0259rh\u0259l\u0259l\u0259r\u0259 c\u0259lb edil\u0259c\u0259k&#8221;.<\/p>\n","protected":false},"excerpt":{"rendered":"<p>Anar Mehdiyev deyir ki, n\u0259 \u0259lillik t\u0259yin edir, n\u0259 d\u0259 &#8230; <\/p>\n<p class=\"read-more-container\"><a title=\"M\u00fcharib\u0259 veteran\u0131: &#8220;A\u011fr\u0131lara d\u00f6zm\u00fcr\u0259m, iki d\u0259f\u0259 intihara c\u0259hd etmi\u015f\u0259m&#8221;\" class=\"read-more button\" href=\"https:\/\/www.meydan.tv\/az\/article\/muharibe-veterani-agrilara-dozmurem-iki-defe-intihara-cehd-etmisem\/#more-278680\" aria-label=\"Read more about M\u00fcharib\u0259 veteran\u0131: &#8220;A\u011fr\u0131lara d\u00f6zm\u00fcr\u0259m, iki d\u0259f\u0259 intihara c\u0259hd etmi\u015f\u0259m&#8221;\">Davam\u0131<\/a><\/p>\n","protected":false},"author":12,"featured_media":278694,"comment_status":"closed","ping_status":"closed","sticky":false,"template":"","format":"standard","meta":{"_acf_changed":false,"_sitemap_exclude":false,"_sitemap_priority":"","_sitemap_frequency":"","footnotes":""},"categories":[60,62,79],"tags":[],"class_list":["post-278680","post","type-post","status-publish","format-standard","has-post-thumbnail","hentry","category-bolge","category-sosial","category-featured","infinite-scroll-item","generate-columns","tablet-grid-50","mobile-grid-100","grid-parent","grid-33","no-featured-image-padding"],"acf":[],"yoast_head":"<!-- This site is optimized with the Yoast SEO plugin v27.5 - https:\/\/yoast.com\/product\/yoast-seo-wordpress\/ -->\n<title>M\u00fcharib\u0259 veteran\u0131: &quot;A\u011fr\u0131lara d\u00f6zm\u00fcr\u0259m, iki d\u0259f\u0259 intihara c\u0259hd etmi\u015f\u0259m&quot; - MEYDAN.TV<\/title>\n<meta name=\"robots\" content=\"index, follow, max-snippet:-1, max-image-preview:large, max-video-preview:-1\" \/>\n<link rel=\"canonical\" href=\"https:\/\/www.meydan.tv\/az\/article\/muharibe-veterani-agrilara-dozmurem-iki-defe-intihara-cehd-etmisem\/\" \/>\n<meta property=\"og:locale\" content=\"az_AZ\" \/>\n<meta property=\"og:type\" content=\"article\" \/>\n<meta property=\"og:title\" content=\"M\u00fcharib\u0259 veteran\u0131: &quot;A\u011fr\u0131lara d\u00f6zm\u00fcr\u0259m, iki d\u0259f\u0259 intihara c\u0259hd etmi\u015f\u0259m&quot; - MEYDAN.TV\" \/>\n<meta property=\"og:description\" content=\"Anar Mehdiyev deyir ki, n\u0259 \u0259lillik t\u0259yin edir, n\u0259 d\u0259 ... Davam\u0131\" \/>\n<meta property=\"og:url\" content=\"https:\/\/www.meydan.tv\/az\/article\/muharibe-veterani-agrilara-dozmurem-iki-defe-intihara-cehd-etmisem\/\" \/>\n<meta property=\"og:site_name\" content=\"MEYDAN.TV\" \/>\n<meta property=\"article:published_time\" content=\"2023-06-28T10:17:05+00:00\" \/>\n<meta property=\"article:modified_time\" content=\"2023-06-28T10:17:07+00:00\" \/>\n<meta property=\"og:image\" content=\"https:\/\/www.meydan.tv\/wp-content\/uploads\/screenshot-2023-06-28-at-12.08.30.png\" \/>\n\t<meta property=\"og:image:width\" content=\"1010\" \/>\n\t<meta property=\"og:image:height\" content=\"644\" \/>\n\t<meta property=\"og:image:type\" content=\"image\/png\" \/>\n<meta name=\"author\" content=\"aleks\" \/>\n<meta name=\"twitter:card\" content=\"summary_large_image\" \/>\n<script type=\"application\/ld+json\" class=\"yoast-schema-graph\">{\"@context\":\"https:\\\/\\\/schema.org\",\"@graph\":[{\"@type\":\"Article\",\"@id\":\"https:\\\/\\\/www.meydan.tv\\\/az\\\/article\\\/muharibe-veterani-agrilara-dozmurem-iki-defe-intihara-cehd-etmisem\\\/#article\",\"isPartOf\":{\"@id\":\"https:\\\/\\\/www.meydan.tv\\\/az\\\/article\\\/muharibe-veterani-agrilara-dozmurem-iki-defe-intihara-cehd-etmisem\\\/\"},\"author\":{\"name\":\"aleks\",\"@id\":\"https:\\\/\\\/www.meydan.tv\\\/az\\\/#\\\/schema\\\/person\\\/476e9360e593fa131d5d71d51866f8da\"},\"headline\":\"M\u00fcharib\u0259 veteran\u0131: &#8220;A\u011fr\u0131lara d\u00f6zm\u00fcr\u0259m, iki d\u0259f\u0259 intihara c\u0259hd etmi\u015f\u0259m&#8221;\",\"datePublished\":\"2023-06-28T10:17:05+00:00\",\"dateModified\":\"2023-06-28T10:17:07+00:00\",\"mainEntityOfPage\":{\"@id\":\"https:\\\/\\\/www.meydan.tv\\\/az\\\/article\\\/muharibe-veterani-agrilara-dozmurem-iki-defe-intihara-cehd-etmisem\\\/\"},\"wordCount\":2014,\"publisher\":{\"@id\":\"https:\\\/\\\/www.meydan.tv\\\/az\\\/#organization\"},\"image\":{\"@id\":\"https:\\\/\\\/www.meydan.tv\\\/az\\\/article\\\/muharibe-veterani-agrilara-dozmurem-iki-defe-intihara-cehd-etmisem\\\/#primaryimage\"},\"thumbnailUrl\":\"https:\\\/\\\/www.meydan.tv\\\/wp-content\\\/uploads\\\/screenshot-2023-06-28-at-12.08.30.png\",\"articleSection\":[\"B\u00f6lg\u0259\",\"Sosial\",\"T\u00f6vsiy\u0259\"],\"inLanguage\":\"az\"},{\"@type\":\"WebPage\",\"@id\":\"https:\\\/\\\/www.meydan.tv\\\/az\\\/article\\\/muharibe-veterani-agrilara-dozmurem-iki-defe-intihara-cehd-etmisem\\\/\",\"url\":\"https:\\\/\\\/www.meydan.tv\\\/az\\\/article\\\/muharibe-veterani-agrilara-dozmurem-iki-defe-intihara-cehd-etmisem\\\/\",\"name\":\"M\u00fcharib\u0259 veteran\u0131: \\\"A\u011fr\u0131lara d\u00f6zm\u00fcr\u0259m, iki d\u0259f\u0259 intihara c\u0259hd etmi\u015f\u0259m\\\" - MEYDAN.TV\",\"isPartOf\":{\"@id\":\"https:\\\/\\\/www.meydan.tv\\\/az\\\/#website\"},\"primaryImageOfPage\":{\"@id\":\"https:\\\/\\\/www.meydan.tv\\\/az\\\/article\\\/muharibe-veterani-agrilara-dozmurem-iki-defe-intihara-cehd-etmisem\\\/#primaryimage\"},\"image\":{\"@id\":\"https:\\\/\\\/www.meydan.tv\\\/az\\\/article\\\/muharibe-veterani-agrilara-dozmurem-iki-defe-intihara-cehd-etmisem\\\/#primaryimage\"},\"thumbnailUrl\":\"https:\\\/\\\/www.meydan.tv\\\/wp-content\\\/uploads\\\/screenshot-2023-06-28-at-12.08.30.png\",\"datePublished\":\"2023-06-28T10:17:05+00:00\",\"dateModified\":\"2023-06-28T10:17:07+00:00\",\"breadcrumb\":{\"@id\":\"https:\\\/\\\/www.meydan.tv\\\/az\\\/article\\\/muharibe-veterani-agrilara-dozmurem-iki-defe-intihara-cehd-etmisem\\\/#breadcrumb\"},\"inLanguage\":\"az\",\"potentialAction\":[{\"@type\":\"ReadAction\",\"target\":[\"https:\\\/\\\/www.meydan.tv\\\/az\\\/article\\\/muharibe-veterani-agrilara-dozmurem-iki-defe-intihara-cehd-etmisem\\\/\"]}]},{\"@type\":\"ImageObject\",\"inLanguage\":\"az\",\"@id\":\"https:\\\/\\\/www.meydan.tv\\\/az\\\/article\\\/muharibe-veterani-agrilara-dozmurem-iki-defe-intihara-cehd-etmisem\\\/#primaryimage\",\"url\":\"https:\\\/\\\/www.meydan.tv\\\/wp-content\\\/uploads\\\/screenshot-2023-06-28-at-12.08.30.png\",\"contentUrl\":\"https:\\\/\\\/www.meydan.tv\\\/wp-content\\\/uploads\\\/screenshot-2023-06-28-at-12.08.30.png\",\"width\":1010,\"height\":644},{\"@type\":\"BreadcrumbList\",\"@id\":\"https:\\\/\\\/www.meydan.tv\\\/az\\\/article\\\/muharibe-veterani-agrilara-dozmurem-iki-defe-intihara-cehd-etmisem\\\/#breadcrumb\",\"itemListElement\":[{\"@type\":\"ListItem\",\"position\":1,\"name\":\"Ana s\u0259hif\u0259\",\"item\":\"https:\\\/\\\/www.meydan.tv\\\/az\\\/\"},{\"@type\":\"ListItem\",\"position\":2,\"name\":\"B\u00f6lg\u0259\",\"item\":\"https:\\\/\\\/www.meydan.tv\\\/az\\\/section\\\/bolge\\\/\"},{\"@type\":\"ListItem\",\"position\":3,\"name\":\"M\u00fcharib\u0259 veteran\u0131: &#8220;A\u011fr\u0131lara d\u00f6zm\u00fcr\u0259m, iki d\u0259f\u0259 intihara c\u0259hd etmi\u015f\u0259m&#8221;\"}]},{\"@type\":\"WebSite\",\"@id\":\"https:\\\/\\\/www.meydan.tv\\\/az\\\/#website\",\"url\":\"https:\\\/\\\/www.meydan.tv\\\/az\\\/\",\"name\":\"MEYDAN.TV\",\"description\":\"Meydan TV Az\u0259rbaycan\u0131n media m\u0259kan\u0131ndak\u0131 alternativ s\u0259sidir\",\"publisher\":{\"@id\":\"https:\\\/\\\/www.meydan.tv\\\/az\\\/#organization\"},\"potentialAction\":[{\"@type\":\"SearchAction\",\"target\":{\"@type\":\"EntryPoint\",\"urlTemplate\":\"https:\\\/\\\/www.meydan.tv\\\/az\\\/?s={search_term_string}\"},\"query-input\":{\"@type\":\"PropertyValueSpecification\",\"valueRequired\":true,\"valueName\":\"search_term_string\"}}],\"inLanguage\":\"az\"},{\"@type\":\"Organization\",\"@id\":\"https:\\\/\\\/www.meydan.tv\\\/az\\\/#organization\",\"name\":\"Meydan TV\",\"url\":\"https:\\\/\\\/www.meydan.tv\\\/az\\\/\",\"logo\":{\"@type\":\"ImageObject\",\"inLanguage\":\"az\",\"@id\":\"https:\\\/\\\/www.meydan.tv\\\/az\\\/#\\\/schema\\\/logo\\\/image\\\/\",\"url\":\"https:\\\/\\\/www.meydan.tv\\\/wp-content\\\/uploads\\\/2021\\\/07\\\/meydan-logo.svg\",\"contentUrl\":\"https:\\\/\\\/www.meydan.tv\\\/wp-content\\\/uploads\\\/2021\\\/07\\\/meydan-logo.svg\",\"width\":195,\"height\":46,\"caption\":\"Meydan TV\"},\"image\":{\"@id\":\"https:\\\/\\\/www.meydan.tv\\\/az\\\/#\\\/schema\\\/logo\\\/image\\\/\"}},{\"@type\":\"Person\",\"@id\":\"https:\\\/\\\/www.meydan.tv\\\/az\\\/#\\\/schema\\\/person\\\/476e9360e593fa131d5d71d51866f8da\",\"name\":\"aleks\"}]}<\/script>\n<!-- \/ Yoast SEO plugin. -->","yoast_head_json":{"title":"M\u00fcharib\u0259 veteran\u0131: \"A\u011fr\u0131lara d\u00f6zm\u00fcr\u0259m, iki d\u0259f\u0259 intihara c\u0259hd etmi\u015f\u0259m\" - MEYDAN.TV","robots":{"index":"index","follow":"follow","max-snippet":"max-snippet:-1","max-image-preview":"max-image-preview:large","max-video-preview":"max-video-preview:-1"},"canonical":"https:\/\/www.meydan.tv\/az\/article\/muharibe-veterani-agrilara-dozmurem-iki-defe-intihara-cehd-etmisem\/","og_locale":"az_AZ","og_type":"article","og_title":"M\u00fcharib\u0259 veteran\u0131: \"A\u011fr\u0131lara d\u00f6zm\u00fcr\u0259m, iki d\u0259f\u0259 intihara c\u0259hd etmi\u015f\u0259m\" - MEYDAN.TV","og_description":"Anar Mehdiyev deyir ki, n\u0259 \u0259lillik t\u0259yin edir, n\u0259 d\u0259 ... Davam\u0131","og_url":"https:\/\/www.meydan.tv\/az\/article\/muharibe-veterani-agrilara-dozmurem-iki-defe-intihara-cehd-etmisem\/","og_site_name":"MEYDAN.TV","article_published_time":"2023-06-28T10:17:05+00:00","article_modified_time":"2023-06-28T10:17:07+00:00","og_image":[{"width":1010,"height":644,"url":"https:\/\/www.meydan.tv\/wp-content\/uploads\/screenshot-2023-06-28-at-12.08.30.png","type":"image\/png"}],"author":"aleks","twitter_card":"summary_large_image","schema":{"@context":"https:\/\/schema.org","@graph":[{"@type":"Article","@id":"https:\/\/www.meydan.tv\/az\/article\/muharibe-veterani-agrilara-dozmurem-iki-defe-intihara-cehd-etmisem\/#article","isPartOf":{"@id":"https:\/\/www.meydan.tv\/az\/article\/muharibe-veterani-agrilara-dozmurem-iki-defe-intihara-cehd-etmisem\/"},"author":{"name":"aleks","@id":"https:\/\/www.meydan.tv\/az\/#\/schema\/person\/476e9360e593fa131d5d71d51866f8da"},"headline":"M\u00fcharib\u0259 veteran\u0131: &#8220;A\u011fr\u0131lara d\u00f6zm\u00fcr\u0259m, iki d\u0259f\u0259 intihara c\u0259hd etmi\u015f\u0259m&#8221;","datePublished":"2023-06-28T10:17:05+00:00","dateModified":"2023-06-28T10:17:07+00:00","mainEntityOfPage":{"@id":"https:\/\/www.meydan.tv\/az\/article\/muharibe-veterani-agrilara-dozmurem-iki-defe-intihara-cehd-etmisem\/"},"wordCount":2014,"publisher":{"@id":"https:\/\/www.meydan.tv\/az\/#organization"},"image":{"@id":"https:\/\/www.meydan.tv\/az\/article\/muharibe-veterani-agrilara-dozmurem-iki-defe-intihara-cehd-etmisem\/#primaryimage"},"thumbnailUrl":"https:\/\/www.meydan.tv\/wp-content\/uploads\/screenshot-2023-06-28-at-12.08.30.png","articleSection":["B\u00f6lg\u0259","Sosial","T\u00f6vsiy\u0259"],"inLanguage":"az"},{"@type":"WebPage","@id":"https:\/\/www.meydan.tv\/az\/article\/muharibe-veterani-agrilara-dozmurem-iki-defe-intihara-cehd-etmisem\/","url":"https:\/\/www.meydan.tv\/az\/article\/muharibe-veterani-agrilara-dozmurem-iki-defe-intihara-cehd-etmisem\/","name":"M\u00fcharib\u0259 veteran\u0131: \"A\u011fr\u0131lara d\u00f6zm\u00fcr\u0259m, iki d\u0259f\u0259 intihara c\u0259hd etmi\u015f\u0259m\" - MEYDAN.TV","isPartOf":{"@id":"https:\/\/www.meydan.tv\/az\/#website"},"primaryImageOfPage":{"@id":"https:\/\/www.meydan.tv\/az\/article\/muharibe-veterani-agrilara-dozmurem-iki-defe-intihara-cehd-etmisem\/#primaryimage"},"image":{"@id":"https:\/\/www.meydan.tv\/az\/article\/muharibe-veterani-agrilara-dozmurem-iki-defe-intihara-cehd-etmisem\/#primaryimage"},"thumbnailUrl":"https:\/\/www.meydan.tv\/wp-content\/uploads\/screenshot-2023-06-28-at-12.08.30.png","datePublished":"2023-06-28T10:17:05+00:00","dateModified":"2023-06-28T10:17:07+00:00","breadcrumb":{"@id":"https:\/\/www.meydan.tv\/az\/article\/muharibe-veterani-agrilara-dozmurem-iki-defe-intihara-cehd-etmisem\/#breadcrumb"},"inLanguage":"az","potentialAction":[{"@type":"ReadAction","target":["https:\/\/www.meydan.tv\/az\/article\/muharibe-veterani-agrilara-dozmurem-iki-defe-intihara-cehd-etmisem\/"]}]},{"@type":"ImageObject","inLanguage":"az","@id":"https:\/\/www.meydan.tv\/az\/article\/muharibe-veterani-agrilara-dozmurem-iki-defe-intihara-cehd-etmisem\/#primaryimage","url":"https:\/\/www.meydan.tv\/wp-content\/uploads\/screenshot-2023-06-28-at-12.08.30.png","contentUrl":"https:\/\/www.meydan.tv\/wp-content\/uploads\/screenshot-2023-06-28-at-12.08.30.png","width":1010,"height":644},{"@type":"BreadcrumbList","@id":"https:\/\/www.meydan.tv\/az\/article\/muharibe-veterani-agrilara-dozmurem-iki-defe-intihara-cehd-etmisem\/#breadcrumb","itemListElement":[{"@type":"ListItem","position":1,"name":"Ana s\u0259hif\u0259","item":"https:\/\/www.meydan.tv\/az\/"},{"@type":"ListItem","position":2,"name":"B\u00f6lg\u0259","item":"https:\/\/www.meydan.tv\/az\/section\/bolge\/"},{"@type":"ListItem","position":3,"name":"M\u00fcharib\u0259 veteran\u0131: &#8220;A\u011fr\u0131lara d\u00f6zm\u00fcr\u0259m, iki d\u0259f\u0259 intihara c\u0259hd etmi\u015f\u0259m&#8221;"}]},{"@type":"WebSite","@id":"https:\/\/www.meydan.tv\/az\/#website","url":"https:\/\/www.meydan.tv\/az\/","name":"MEYDAN.TV","description":"Meydan TV Az\u0259rbaycan\u0131n media m\u0259kan\u0131ndak\u0131 alternativ s\u0259sidir","publisher":{"@id":"https:\/\/www.meydan.tv\/az\/#organization"},"potentialAction":[{"@type":"SearchAction","target":{"@type":"EntryPoint","urlTemplate":"https:\/\/www.meydan.tv\/az\/?s={search_term_string}"},"query-input":{"@type":"PropertyValueSpecification","valueRequired":true,"valueName":"search_term_string"}}],"inLanguage":"az"},{"@type":"Organization","@id":"https:\/\/www.meydan.tv\/az\/#organization","name":"Meydan TV","url":"https:\/\/www.meydan.tv\/az\/","logo":{"@type":"ImageObject","inLanguage":"az","@id":"https:\/\/www.meydan.tv\/az\/#\/schema\/logo\/image\/","url":"https:\/\/www.meydan.tv\/wp-content\/uploads\/2021\/07\/meydan-logo.svg","contentUrl":"https:\/\/www.meydan.tv\/wp-content\/uploads\/2021\/07\/meydan-logo.svg","width":195,"height":46,"caption":"Meydan TV"},"image":{"@id":"https:\/\/www.meydan.tv\/az\/#\/schema\/logo\/image\/"}},{"@type":"Person","@id":"https:\/\/www.meydan.tv\/az\/#\/schema\/person\/476e9360e593fa131d5d71d51866f8da","name":"aleks"}]}},"_links":{"self":[{"href":"https:\/\/www.meydan.tv\/az\/wp-json\/wp\/v2\/posts\/278680","targetHints":{"allow":["GET"]}}],"collection":[{"href":"https:\/\/www.meydan.tv\/az\/wp-json\/wp\/v2\/posts"}],"about":[{"href":"https:\/\/www.meydan.tv\/az\/wp-json\/wp\/v2\/types\/post"}],"author":[{"embeddable":true,"href":"https:\/\/www.meydan.tv\/az\/wp-json\/wp\/v2\/users\/12"}],"replies":[{"embeddable":true,"href":"https:\/\/www.meydan.tv\/az\/wp-json\/wp\/v2\/comments?post=278680"}],"version-history":[{"count":2,"href":"https:\/\/www.meydan.tv\/az\/wp-json\/wp\/v2\/posts\/278680\/revisions"}],"predecessor-version":[{"id":278686,"href":"https:\/\/www.meydan.tv\/az\/wp-json\/wp\/v2\/posts\/278680\/revisions\/278686"}],"wp:featuredmedia":[{"embeddable":true,"href":"https:\/\/www.meydan.tv\/az\/wp-json\/wp\/v2\/media\/278694"}],"wp:attachment":[{"href":"https:\/\/www.meydan.tv\/az\/wp-json\/wp\/v2\/media?parent=278680"}],"wp:term":[{"taxonomy":"category","embeddable":true,"href":"https:\/\/www.meydan.tv\/az\/wp-json\/wp\/v2\/categories?post=278680"},{"taxonomy":"post_tag","embeddable":true,"href":"https:\/\/www.meydan.tv\/az\/wp-json\/wp\/v2\/tags?post=278680"}],"curies":[{"name":"wp","href":"https:\/\/api.w.org\/{rel}","templated":true}]}}