{"id":278665,"date":"2023-06-28T11:31:55","date_gmt":"2023-06-28T07:31:55","guid":{"rendered":"https:\/\/www.meydan.tv\/?p=278665"},"modified":"2023-06-28T11:31:58","modified_gmt":"2023-06-28T07:31:58","slug":"tovuz-sakini-pensiyaya-gore-surundurmecilikden-sikayetlenir","status":"publish","type":"post","link":"https:\/\/www.meydan.tv\/az\/article\/tovuz-sakini-pensiyaya-gore-surundurmecilikden-sikayetlenir\/","title":{"rendered":"Tovuz sakini pensiyaya g\u00f6r\u0259 s\u00fcr\u00fcnd\u00fcrm\u0259\u00e7ilikd\u0259n \u015fikay\u0259tl\u0259nir\u00a0"},"content":{"rendered":"\n<p><\/p>\n\n\n\n<p><em><strong>O, h\u0259yat yolda\u015f\u0131n\u0131n v\u0259 q\u0131z\u0131n\u0131n pensiyas\u0131n\u0131n \u0259sass\u0131z k\u0259sildiyini deyir<\/strong><\/em><\/p>\n\n\n\n<p>Tovuzun Alakol k\u0259nd sakini V\u00fcqar Qurban o\u011flu \u0130smay\u0131lov \u015fikay\u0259t\u00e7idir.<\/p>\n\n\n\n<p>V\u0259t\u0259nda\u015f Meydan TV-y\u0259 deyir ki, h\u0259yat yolda\u015f\u0131 Aynur \u0130smay\u0131lovan\u0131n v\u0259 q\u0131z\u0131 G\u00fcll\u00fc \u0130smay\u0131lovan\u0131n \u0259lilliy\u0259 g\u00f6r\u0259 ald\u0131qlar\u0131 pensiyalar k\u0259silib:<\/p>\n\n\n\n<p>\u201c<em>H\u0259yat yolda\u015f\u0131m on be\u015f ildir ki, m\u00fcbariz\u0259 apard\u0131\u011f\u0131 q\u0131colma, y\u00fcks\u0259k t\u0259zyiq, eplepsiya v\u0259 ikinci d\u0259r\u0259c\u0259li t\u0259n\u0259ff\u00fcs \u00e7at\u0131\u015fmazl\u0131\u011f\u0131na g\u00f6r\u0259 \u0259vv\u0259ll\u0259r ikinci, daha sonra is\u0259 \u00fc\u00e7\u00fcnc\u00fc qrup \u00fczr\u0259 pensiya al\u0131b. Pensiyas\u0131n\u0131 bir ildir ki, k\u0259sibl\u0259r, yenid\u0259n b\u0259rpa ed\u0259 bilmirik. Rayon x\u0259st\u0259xanas\u0131ndan g\u00f6nd\u0259ri\u015f verilir. Gedib, Bak\u0131da x\u0259st\u0259xanada yat\u0131r. Aray\u0131\u015f verilir, sistem\u0259 vururuq, cavab g\u0259lir ki, \u0259lav\u0259 m\u00fcalic\u0259y\u0259 ehtiyac var. T\u0259krar ba\u015fqa x\u0259st\u0259xanada yat\u0131r, aray\u0131\u015f verilir. Sistem\u0259 vururuq, eyni imtina cavab\u0131 g\u0259lir. B\u00fct\u00fcn m\u00fcalic\u0259l\u0259rd\u0259n ke\u00e7ir, h\u0259kim burax\u0131l\u0131\u015f v\u0259r\u0259qi verir. Sistem\u0259 y\u00fckl\u0259nir, deyir ki, \u0259lav\u0259 m\u00fcalic\u0259 etdirin. Ba\u015fa d\u00fc\u015f\u0259 bilmir\u0259m ki, bu adam \u00f6l\u0259n\u0259 q\u0259d\u0259r m\u00fcalic\u0259 olunmal\u0131d\u0131r?<\/em>\u201d<\/p>\n\n\n\n<p><em><strong>&#8220;Bak\u0131 il\u0259 rayonun yollar\u0131nda qalm\u0131\u015f\u0131q, n\u0259tic\u0259 d\u0259 yoxdur&#8221;<\/strong><\/em><\/p>\n\n\n\n<p>V\u0259t\u0259nda\u015f deyir ki, h\u0259yat yolda\u015f\u0131n\u0131n pensiyas\u0131 he\u00e7 onun m\u00fcalic\u0259sini qar\u015f\u0131lam\u0131r:<\/p>\n\n\n\n<p>\u201c<em>K\u0259nd T\u0259s\u0259rr\u00fcfat\u0131 \u0130dar\u0259sind\u0259 toxum\u00e7uluq \u015f\u00f6b\u0259sind\u0259 laborant i\u015fl\u0259yir\u0259m. Maddi v\u0259ziyy\u0259timiz q\u0259na\u0259tb\u0259x\u015f deyil. H\u0259yat yolda\u015f\u0131m 130 manat pensiya al\u0131rd\u0131. Ay \u0259rzind\u0259 q\u0259bul etdiyi d\u0259rman\u0131n bir qutusuna 39-40 manat pul veririk. He\u00e7 d\u00f6vl\u0259tin verdiyi 130 manat onun d\u0259rmanlar\u0131n\u0131n pulunu qar\u015f\u0131lam\u0131rd\u0131. Pensiya bir ildir ki, k\u0259silib, bu m\u00fcdd\u0259t \u0259rzind\u0259 yazmad\u0131\u011f\u0131m t\u0259\u015fkilat qalmay\u0131b. Bak\u0131 il\u0259 rayonun yollar\u0131nda qalm\u0131\u015f\u0131q, n\u0259tic\u0259 d\u0259 yoxdur<\/em>\u201d.<\/p>\n\n\n\n<p><em><strong>&#8220;Vallah, bizi art\u0131q x\u0259st\u0259xana da g\u00f6t\u00fcrm\u00fcr&#8221;<\/strong><\/em><\/p>\n\n\n\n<p>V\u00fcqar \u0130smay\u0131lovun s\u00f6zl\u0259rin\u0259 g\u00f6r\u0259, q\u0131z\u0131 G\u00fcll\u00fc \u0130smay\u0131lovan\u0131n pensiyas\u0131n\u0131 2023-c\u00fc il yanvar\u0131n 1-d\u0259n k\u0259sibl\u0259r:<\/p>\n\n\n\n<p><em>\u201cQ\u0131z\u0131m da epilepsiya x\u0259st\u0259sidir. U\u015faq vaxt\u0131ndan onda x\u0259st\u0259lik vard\u0131. On s\u0259kkiz ya\u015f\u0131 tamam olmas\u0131na bir ay qalm\u0131\u015f pensiyas\u0131n\u0131 k\u0259sdil\u0259r. G\u00f6zl\u0259m\u0259dil\u0259r ki, on s\u0259kkiz ya\u015f\u0131 tamam olsun. Alt\u0131 ayd\u0131r ki, m\u00fcraci\u0259t edirik. Yaz\u0131r ki, \u0259lav\u0259 m\u00fcalic\u0259y\u0259 ehtiyac\u0131 var. Daha \u00f6nc\u0259 yazm\u0131\u015fd\u0131 ki, x\u0259st\u0259 \u0259n az\u0131, iki ay m\u00fcalic\u0259 olunmal\u0131d\u0131r. \u0130ki ayl\u0131q m\u00fcalic\u0259si d\u0259 var. Vallah, bizi art\u0131q x\u0259st\u0259xana da g\u00f6t\u00fcrm\u00fcr. Gedirik, deyirl\u0259r ki, bir ayd\u0131r \u00e7\u0131x\u0131b. \u018flimizd\u0259n g\u0259l\u0259n k\u00f6m\u0259kliyi etmi\u015fik. G\u00f6r\u00fcrs\u00fcn\u00fcz ki, burada yatmaqla siz\u0259 k\u00f6m\u0259k olmur\u201d<\/em>.<\/p>\n\n\n\n<p>\u018fm\u0259k v\u0259 \u018fhalinin Sosial M\u00fcdadi\u0259si Nazirliyind\u0259n Meydan TV-y\u0259 bildirilib ki, Aynur \u0130smay\u0131lovan\u0131n diaqnozu \u0259lillik \u0259lam\u0259tini t\u0259yin etmir:<\/p>\n\n\n\n<p>\u201c<em>V\u0259t\u0259nda\u015fda \u0259lillik \u0259lam\u0259ti yoxdur. G\u00fcll\u00fc V\u00fcqar q\u0131z\u0131 \u0130smay\u0131lovan\u0131n is\u0259 g\u00f6nd\u0259ri\u015fi natamam doldurulub. X\u0259st\u0259nin psixi statusu, a\u011fciy\u0259rl\u0259ri rentgenin n\u0259tic\u0259si qeyd olunmal\u0131d\u0131r<\/em>\u201d.<\/p>\n\n\n\n<p>\u018fm\u0259k v\u0259 \u0259halinin sosial m\u00fcdafi\u0259si naziri Sahil Babayev 2021-ci ild\u0259 \u00f6lk\u0259d\u0259 saxta pensiya alanlar\u0131n a\u015fkarland\u0131\u011f\u0131n\u0131 bildirmi\u015fdi.<\/p>\n\n\n\n<p>Nazir demi\u015fdi ki, \u00fcmumilikd\u0259 \u0259sass\u0131z v\u0259 saxta pensiya i\u015fl\u0259rinin l\u0259\u011fv edilm\u0259si n\u0259tic\u0259sind\u0259 t\u0259qrib\u0259n 500 milyon manat m\u0259bl\u0259\u011find\u0259 v\u0259sait\u0259 q\u0259na\u0259t edilib. <\/p>\n\n\n\n<p>Onun s\u00f6zl\u0259rin\u0259 g\u00f6r\u0259, l\u0259\u011fv edil\u0259n \u0259lillik d\u0259r\u0259c\u0259l\u0259ri b\u00fcdc\u0259y\u0259 ild\u0259 101 milyon manat q\u0259na\u0259t etm\u0259k imkan\u0131 qazand\u0131racaq.<\/p>\n\n\n\n<p>Ekspertl\u0259r r\u0259q\u0259ml\u0259rin do\u011fru olmad\u0131\u011f\u0131n\u0131 deyirl\u0259r&#8230;&nbsp;<\/p>\n\n\n\n<p>\u0130qtisad\u00e7\u0131 Nem\u0259t \u018fliyev Meydan TV-y\u0259 bildirmi\u015fdi ki, pensiyalar\u0131n l\u0259\u011fvi prosesi 2023-c\u00fc ilin \u0259vv\u0259lin\u0259d\u0259k, h\u0259tta ondan sonrak\u0131 d\u00f6vrd\u0259 d\u0259 davam ed\u0259c\u0259k.<\/p>\n\n\n\n<p>\u00dcmumd\u00fcnya S\u0259hiyy\u0259 T\u0259\u015fkilat\u0131n\u0131n m\u0259lumat\u0131na g\u00f6r\u0259, haz\u0131rda d\u00fcnya \u0259halisinin 10 faizini \u0259lilliyi olan insanlar t\u0259\u015fkil edir.<\/p>\n\n\n\n<p>Az\u0259rbaycanda r\u0259smi r\u0259q\u0259ml\u0259r\u0259 g\u00f6r\u0259, \u0259lilliyi olan \u015f\u0259xsl\u0259rin say\u0131 5 faiz civar\u0131ndad\u0131r.<\/p>\n\n\n\n<p>To\u011frul Ma\u015fall\u0131 deyir ki, bu r\u0259q\u0259m h\u0259qiq\u0259ti \u0259ks etdirmir:<\/p>\n\n\n\n<p>\u201c<em>Bir ne\u00e7\u0259 il \u00f6nc\u0259 bu r\u0259q\u0259m 6 faiz civar\u0131nda idi. Birinci Qaraba\u011f m\u00fcharib\u0259sini d\u0259 n\u0259z\u0259r\u0259 alsaq, r\u0259q\u0259m daha y\u00fcks\u0259k olmal\u0131d\u0131r<\/em>\u201d.<\/p>\n\n\n\n<p>\u018flilliyin meyarlar\u0131 hans\u0131lard\u0131r?&nbsp;<\/p>\n\n\n\n<p>2021-ci ild\u0259 \u201c\u018flilliyin m\u00fc\u0259yy\u0259n olunmas\u0131 Meyarlar\u0131\u201dnda d\u0259yi\u015fiklik edilib.<\/p>\n\n\n\n<p>D\u0259yi\u015fikliy\u0259 \u0259sas\u0259n, \u0259lillik orqanizmin funksiyalar\u0131n\u0131n itirilm\u0259si faizinin m\u00fc\u0259yy\u0259n edilm\u0259si v\u0259 x\u0259st\u0259liyin a\u011f\u0131rl\u0131q d\u0259r\u0259c\u0259si n\u0259z\u0259r\u0259 al\u0131nmaqla t\u0259yin olunacaq:<\/p>\n\n\n\n<p>I d\u0259r\u0259c\u0259 \u2013 orqanizmin funksiyalar\u0131n\u0131n 81-100 faiz itirilm\u0259si;<\/p>\n\n\n\n<p>II d\u0259r\u0259c\u0259 \u2013 orqanizmin funksiyalar\u0131n\u0131n 61-80 faiz itirilm\u0259si;<\/p>\n\n\n\n<p>III d\u0259r\u0259c\u0259 \u2013 orqanizmin funksiyalar\u0131n\u0131n 31-60 faiz itirilm\u0259si.<\/p>\n\n\n\n<p>\u018flillik art\u0131q 3 d\u0259r\u0259c\u0259 \u00fczr\u0259 m\u0259hdud \u00e7\u0259r\u00e7iv\u0259d\u0259 deyil, orqanizmin funksiyalar\u0131n\u0131n itirilm\u0259si faizinin m\u00fc\u0259yy\u0259n edilm\u0259si prinsipi \u0259sas\u0131nda, h\u0259m d\u0259 x\u0259st\u0259liyin a\u011f\u0131rl\u0131q d\u0259r\u0259c\u0259si n\u0259z\u0259r\u0259 al\u0131nmaqla t\u0259yin olunur.<\/p>\n\n\n\n<p>2015-ci ild\u0259 q\u0259bul olunan \u201c\u018flilliyin qiym\u0259tl\u0259ndirilm\u0259si qaydas\u0131\u201d yaln\u0131z I, II v\u0259 III qrupu \u0259hat\u0259 edirdi.<\/p>\n\n\n\n<p><\/p>\n","protected":false},"excerpt":{"rendered":"<p>O, h\u0259yat yolda\u015f\u0131n\u0131n v\u0259 q\u0131z\u0131n\u0131n pensiyas\u0131n\u0131n \u0259sass\u0131z k\u0259sildiyini deyir Tovuzun &#8230; <\/p>\n<p class=\"read-more-container\"><a title=\"Tovuz sakini pensiyaya g\u00f6r\u0259 s\u00fcr\u00fcnd\u00fcrm\u0259\u00e7ilikd\u0259n \u015fikay\u0259tl\u0259nir\u00a0\" class=\"read-more button\" href=\"https:\/\/www.meydan.tv\/az\/article\/tovuz-sakini-pensiyaya-gore-surundurmecilikden-sikayetlenir\/#more-278665\" aria-label=\"Read more about Tovuz sakini pensiyaya g\u00f6r\u0259 s\u00fcr\u00fcnd\u00fcrm\u0259\u00e7ilikd\u0259n \u015fikay\u0259tl\u0259nir\u00a0\">Davam\u0131<\/a><\/p>\n","protected":false},"author":13,"featured_media":123532,"comment_status":"closed","ping_status":"closed","sticky":false,"template":"","format":"standard","meta":{"_acf_changed":false,"_sitemap_exclude":false,"_sitemap_priority":"","_sitemap_frequency":"","footnotes":""},"categories":[60,56],"tags":[],"class_list":["post-278665","post","type-post","status-publish","format-standard","has-post-thumbnail","hentry","category-bolge","category-xeberler","infinite-scroll-item","generate-columns","tablet-grid-50","mobile-grid-100","grid-parent","grid-33","no-featured-image-padding"],"acf":[],"yoast_head":"<!-- This site is optimized with the Yoast SEO plugin v27.5 - https:\/\/yoast.com\/product\/yoast-seo-wordpress\/ -->\n<title>Tovuz sakini pensiyaya g\u00f6r\u0259 s\u00fcr\u00fcnd\u00fcrm\u0259\u00e7ilikd\u0259n \u015fikay\u0259tl\u0259nir\u00a0 - MEYDAN.TV<\/title>\n<meta name=\"robots\" content=\"index, follow, max-snippet:-1, max-image-preview:large, max-video-preview:-1\" \/>\n<link rel=\"canonical\" href=\"https:\/\/www.meydan.tv\/az\/article\/tovuz-sakini-pensiyaya-gore-surundurmecilikden-sikayetlenir\/\" \/>\n<meta property=\"og:locale\" content=\"az_AZ\" \/>\n<meta property=\"og:type\" content=\"article\" \/>\n<meta property=\"og:title\" content=\"Tovuz sakini pensiyaya g\u00f6r\u0259 s\u00fcr\u00fcnd\u00fcrm\u0259\u00e7ilikd\u0259n \u015fikay\u0259tl\u0259nir\u00a0 - MEYDAN.TV\" \/>\n<meta property=\"og:description\" content=\"O, h\u0259yat yolda\u015f\u0131n\u0131n v\u0259 q\u0131z\u0131n\u0131n pensiyas\u0131n\u0131n \u0259sass\u0131z k\u0259sildiyini deyir Tovuzun ... Davam\u0131\" \/>\n<meta property=\"og:url\" content=\"https:\/\/www.meydan.tv\/az\/article\/tovuz-sakini-pensiyaya-gore-surundurmecilikden-sikayetlenir\/\" \/>\n<meta property=\"og:site_name\" content=\"MEYDAN.TV\" \/>\n<meta property=\"article:published_time\" content=\"2023-06-28T07:31:55+00:00\" \/>\n<meta property=\"article:modified_time\" content=\"2023-06-28T07:31:58+00:00\" \/>\n<meta property=\"og:image\" content=\"https:\/\/www.meydan.tv\/wp-content\/uploads\/1516610745452469025_1000x669.jpg\" \/>\n\t<meta property=\"og:image:width\" content=\"1000\" \/>\n\t<meta property=\"og:image:height\" content=\"663\" \/>\n\t<meta property=\"og:image:type\" content=\"image\/jpeg\" \/>\n<meta name=\"author\" content=\"meri\" \/>\n<meta name=\"twitter:card\" content=\"summary_large_image\" \/>\n<script type=\"application\/ld+json\" class=\"yoast-schema-graph\">{\"@context\":\"https:\\\/\\\/schema.org\",\"@graph\":[{\"@type\":\"Article\",\"@id\":\"https:\\\/\\\/www.meydan.tv\\\/az\\\/article\\\/tovuz-sakini-pensiyaya-gore-surundurmecilikden-sikayetlenir\\\/#article\",\"isPartOf\":{\"@id\":\"https:\\\/\\\/www.meydan.tv\\\/az\\\/article\\\/tovuz-sakini-pensiyaya-gore-surundurmecilikden-sikayetlenir\\\/\"},\"author\":{\"name\":\"meri\",\"@id\":\"https:\\\/\\\/www.meydan.tv\\\/az\\\/#\\\/schema\\\/person\\\/f5399057f0b7fa223fa6c9b7c3321968\"},\"headline\":\"Tovuz sakini pensiyaya g\u00f6r\u0259 s\u00fcr\u00fcnd\u00fcrm\u0259\u00e7ilikd\u0259n \u015fikay\u0259tl\u0259nir\u00a0\",\"datePublished\":\"2023-06-28T07:31:55+00:00\",\"dateModified\":\"2023-06-28T07:31:58+00:00\",\"mainEntityOfPage\":{\"@id\":\"https:\\\/\\\/www.meydan.tv\\\/az\\\/article\\\/tovuz-sakini-pensiyaya-gore-surundurmecilikden-sikayetlenir\\\/\"},\"wordCount\":973,\"publisher\":{\"@id\":\"https:\\\/\\\/www.meydan.tv\\\/az\\\/#organization\"},\"image\":{\"@id\":\"https:\\\/\\\/www.meydan.tv\\\/az\\\/article\\\/tovuz-sakini-pensiyaya-gore-surundurmecilikden-sikayetlenir\\\/#primaryimage\"},\"thumbnailUrl\":\"https:\\\/\\\/www.meydan.tv\\\/wp-content\\\/uploads\\\/1516610745452469025_1000x669.jpg\",\"articleSection\":[\"B\u00f6lg\u0259\",\"X\u0259b\u0259rl\u0259r\"],\"inLanguage\":\"az\"},{\"@type\":\"WebPage\",\"@id\":\"https:\\\/\\\/www.meydan.tv\\\/az\\\/article\\\/tovuz-sakini-pensiyaya-gore-surundurmecilikden-sikayetlenir\\\/\",\"url\":\"https:\\\/\\\/www.meydan.tv\\\/az\\\/article\\\/tovuz-sakini-pensiyaya-gore-surundurmecilikden-sikayetlenir\\\/\",\"name\":\"Tovuz sakini pensiyaya g\u00f6r\u0259 s\u00fcr\u00fcnd\u00fcrm\u0259\u00e7ilikd\u0259n \u015fikay\u0259tl\u0259nir\u00a0 - MEYDAN.TV\",\"isPartOf\":{\"@id\":\"https:\\\/\\\/www.meydan.tv\\\/az\\\/#website\"},\"primaryImageOfPage\":{\"@id\":\"https:\\\/\\\/www.meydan.tv\\\/az\\\/article\\\/tovuz-sakini-pensiyaya-gore-surundurmecilikden-sikayetlenir\\\/#primaryimage\"},\"image\":{\"@id\":\"https:\\\/\\\/www.meydan.tv\\\/az\\\/article\\\/tovuz-sakini-pensiyaya-gore-surundurmecilikden-sikayetlenir\\\/#primaryimage\"},\"thumbnailUrl\":\"https:\\\/\\\/www.meydan.tv\\\/wp-content\\\/uploads\\\/1516610745452469025_1000x669.jpg\",\"datePublished\":\"2023-06-28T07:31:55+00:00\",\"dateModified\":\"2023-06-28T07:31:58+00:00\",\"breadcrumb\":{\"@id\":\"https:\\\/\\\/www.meydan.tv\\\/az\\\/article\\\/tovuz-sakini-pensiyaya-gore-surundurmecilikden-sikayetlenir\\\/#breadcrumb\"},\"inLanguage\":\"az\",\"potentialAction\":[{\"@type\":\"ReadAction\",\"target\":[\"https:\\\/\\\/www.meydan.tv\\\/az\\\/article\\\/tovuz-sakini-pensiyaya-gore-surundurmecilikden-sikayetlenir\\\/\"]}]},{\"@type\":\"ImageObject\",\"inLanguage\":\"az\",\"@id\":\"https:\\\/\\\/www.meydan.tv\\\/az\\\/article\\\/tovuz-sakini-pensiyaya-gore-surundurmecilikden-sikayetlenir\\\/#primaryimage\",\"url\":\"https:\\\/\\\/www.meydan.tv\\\/wp-content\\\/uploads\\\/1516610745452469025_1000x669.jpg\",\"contentUrl\":\"https:\\\/\\\/www.meydan.tv\\\/wp-content\\\/uploads\\\/1516610745452469025_1000x669.jpg\",\"width\":1000,\"height\":663,\"caption\":\"Foto: Meydan TV\"},{\"@type\":\"BreadcrumbList\",\"@id\":\"https:\\\/\\\/www.meydan.tv\\\/az\\\/article\\\/tovuz-sakini-pensiyaya-gore-surundurmecilikden-sikayetlenir\\\/#breadcrumb\",\"itemListElement\":[{\"@type\":\"ListItem\",\"position\":1,\"name\":\"Ana s\u0259hif\u0259\",\"item\":\"https:\\\/\\\/www.meydan.tv\\\/az\\\/\"},{\"@type\":\"ListItem\",\"position\":2,\"name\":\"B\u00f6lg\u0259\",\"item\":\"https:\\\/\\\/www.meydan.tv\\\/az\\\/section\\\/bolge\\\/\"},{\"@type\":\"ListItem\",\"position\":3,\"name\":\"Tovuz sakini pensiyaya g\u00f6r\u0259 s\u00fcr\u00fcnd\u00fcrm\u0259\u00e7ilikd\u0259n \u015fikay\u0259tl\u0259nir\u00a0\"}]},{\"@type\":\"WebSite\",\"@id\":\"https:\\\/\\\/www.meydan.tv\\\/az\\\/#website\",\"url\":\"https:\\\/\\\/www.meydan.tv\\\/az\\\/\",\"name\":\"MEYDAN.TV\",\"description\":\"Meydan TV Az\u0259rbaycan\u0131n media m\u0259kan\u0131ndak\u0131 alternativ s\u0259sidir\",\"publisher\":{\"@id\":\"https:\\\/\\\/www.meydan.tv\\\/az\\\/#organization\"},\"potentialAction\":[{\"@type\":\"SearchAction\",\"target\":{\"@type\":\"EntryPoint\",\"urlTemplate\":\"https:\\\/\\\/www.meydan.tv\\\/az\\\/?s={search_term_string}\"},\"query-input\":{\"@type\":\"PropertyValueSpecification\",\"valueRequired\":true,\"valueName\":\"search_term_string\"}}],\"inLanguage\":\"az\"},{\"@type\":\"Organization\",\"@id\":\"https:\\\/\\\/www.meydan.tv\\\/az\\\/#organization\",\"name\":\"Meydan TV\",\"url\":\"https:\\\/\\\/www.meydan.tv\\\/az\\\/\",\"logo\":{\"@type\":\"ImageObject\",\"inLanguage\":\"az\",\"@id\":\"https:\\\/\\\/www.meydan.tv\\\/az\\\/#\\\/schema\\\/logo\\\/image\\\/\",\"url\":\"https:\\\/\\\/www.meydan.tv\\\/wp-content\\\/uploads\\\/2021\\\/07\\\/meydan-logo.svg\",\"contentUrl\":\"https:\\\/\\\/www.meydan.tv\\\/wp-content\\\/uploads\\\/2021\\\/07\\\/meydan-logo.svg\",\"width\":195,\"height\":46,\"caption\":\"Meydan TV\"},\"image\":{\"@id\":\"https:\\\/\\\/www.meydan.tv\\\/az\\\/#\\\/schema\\\/logo\\\/image\\\/\"}},{\"@type\":\"Person\",\"@id\":\"https:\\\/\\\/www.meydan.tv\\\/az\\\/#\\\/schema\\\/person\\\/f5399057f0b7fa223fa6c9b7c3321968\",\"name\":\"meri\"}]}<\/script>\n<!-- \/ Yoast SEO plugin. -->","yoast_head_json":{"title":"Tovuz sakini pensiyaya g\u00f6r\u0259 s\u00fcr\u00fcnd\u00fcrm\u0259\u00e7ilikd\u0259n \u015fikay\u0259tl\u0259nir\u00a0 - MEYDAN.TV","robots":{"index":"index","follow":"follow","max-snippet":"max-snippet:-1","max-image-preview":"max-image-preview:large","max-video-preview":"max-video-preview:-1"},"canonical":"https:\/\/www.meydan.tv\/az\/article\/tovuz-sakini-pensiyaya-gore-surundurmecilikden-sikayetlenir\/","og_locale":"az_AZ","og_type":"article","og_title":"Tovuz sakini pensiyaya g\u00f6r\u0259 s\u00fcr\u00fcnd\u00fcrm\u0259\u00e7ilikd\u0259n \u015fikay\u0259tl\u0259nir\u00a0 - MEYDAN.TV","og_description":"O, h\u0259yat yolda\u015f\u0131n\u0131n v\u0259 q\u0131z\u0131n\u0131n pensiyas\u0131n\u0131n \u0259sass\u0131z k\u0259sildiyini deyir Tovuzun ... Davam\u0131","og_url":"https:\/\/www.meydan.tv\/az\/article\/tovuz-sakini-pensiyaya-gore-surundurmecilikden-sikayetlenir\/","og_site_name":"MEYDAN.TV","article_published_time":"2023-06-28T07:31:55+00:00","article_modified_time":"2023-06-28T07:31:58+00:00","og_image":[{"width":1000,"height":663,"url":"https:\/\/www.meydan.tv\/wp-content\/uploads\/1516610745452469025_1000x669.jpg","type":"image\/jpeg"}],"author":"meri","twitter_card":"summary_large_image","schema":{"@context":"https:\/\/schema.org","@graph":[{"@type":"Article","@id":"https:\/\/www.meydan.tv\/az\/article\/tovuz-sakini-pensiyaya-gore-surundurmecilikden-sikayetlenir\/#article","isPartOf":{"@id":"https:\/\/www.meydan.tv\/az\/article\/tovuz-sakini-pensiyaya-gore-surundurmecilikden-sikayetlenir\/"},"author":{"name":"meri","@id":"https:\/\/www.meydan.tv\/az\/#\/schema\/person\/f5399057f0b7fa223fa6c9b7c3321968"},"headline":"Tovuz sakini pensiyaya g\u00f6r\u0259 s\u00fcr\u00fcnd\u00fcrm\u0259\u00e7ilikd\u0259n \u015fikay\u0259tl\u0259nir\u00a0","datePublished":"2023-06-28T07:31:55+00:00","dateModified":"2023-06-28T07:31:58+00:00","mainEntityOfPage":{"@id":"https:\/\/www.meydan.tv\/az\/article\/tovuz-sakini-pensiyaya-gore-surundurmecilikden-sikayetlenir\/"},"wordCount":973,"publisher":{"@id":"https:\/\/www.meydan.tv\/az\/#organization"},"image":{"@id":"https:\/\/www.meydan.tv\/az\/article\/tovuz-sakini-pensiyaya-gore-surundurmecilikden-sikayetlenir\/#primaryimage"},"thumbnailUrl":"https:\/\/www.meydan.tv\/wp-content\/uploads\/1516610745452469025_1000x669.jpg","articleSection":["B\u00f6lg\u0259","X\u0259b\u0259rl\u0259r"],"inLanguage":"az"},{"@type":"WebPage","@id":"https:\/\/www.meydan.tv\/az\/article\/tovuz-sakini-pensiyaya-gore-surundurmecilikden-sikayetlenir\/","url":"https:\/\/www.meydan.tv\/az\/article\/tovuz-sakini-pensiyaya-gore-surundurmecilikden-sikayetlenir\/","name":"Tovuz sakini pensiyaya g\u00f6r\u0259 s\u00fcr\u00fcnd\u00fcrm\u0259\u00e7ilikd\u0259n \u015fikay\u0259tl\u0259nir\u00a0 - MEYDAN.TV","isPartOf":{"@id":"https:\/\/www.meydan.tv\/az\/#website"},"primaryImageOfPage":{"@id":"https:\/\/www.meydan.tv\/az\/article\/tovuz-sakini-pensiyaya-gore-surundurmecilikden-sikayetlenir\/#primaryimage"},"image":{"@id":"https:\/\/www.meydan.tv\/az\/article\/tovuz-sakini-pensiyaya-gore-surundurmecilikden-sikayetlenir\/#primaryimage"},"thumbnailUrl":"https:\/\/www.meydan.tv\/wp-content\/uploads\/1516610745452469025_1000x669.jpg","datePublished":"2023-06-28T07:31:55+00:00","dateModified":"2023-06-28T07:31:58+00:00","breadcrumb":{"@id":"https:\/\/www.meydan.tv\/az\/article\/tovuz-sakini-pensiyaya-gore-surundurmecilikden-sikayetlenir\/#breadcrumb"},"inLanguage":"az","potentialAction":[{"@type":"ReadAction","target":["https:\/\/www.meydan.tv\/az\/article\/tovuz-sakini-pensiyaya-gore-surundurmecilikden-sikayetlenir\/"]}]},{"@type":"ImageObject","inLanguage":"az","@id":"https:\/\/www.meydan.tv\/az\/article\/tovuz-sakini-pensiyaya-gore-surundurmecilikden-sikayetlenir\/#primaryimage","url":"https:\/\/www.meydan.tv\/wp-content\/uploads\/1516610745452469025_1000x669.jpg","contentUrl":"https:\/\/www.meydan.tv\/wp-content\/uploads\/1516610745452469025_1000x669.jpg","width":1000,"height":663,"caption":"Foto: Meydan TV"},{"@type":"BreadcrumbList","@id":"https:\/\/www.meydan.tv\/az\/article\/tovuz-sakini-pensiyaya-gore-surundurmecilikden-sikayetlenir\/#breadcrumb","itemListElement":[{"@type":"ListItem","position":1,"name":"Ana s\u0259hif\u0259","item":"https:\/\/www.meydan.tv\/az\/"},{"@type":"ListItem","position":2,"name":"B\u00f6lg\u0259","item":"https:\/\/www.meydan.tv\/az\/section\/bolge\/"},{"@type":"ListItem","position":3,"name":"Tovuz sakini pensiyaya g\u00f6r\u0259 s\u00fcr\u00fcnd\u00fcrm\u0259\u00e7ilikd\u0259n \u015fikay\u0259tl\u0259nir\u00a0"}]},{"@type":"WebSite","@id":"https:\/\/www.meydan.tv\/az\/#website","url":"https:\/\/www.meydan.tv\/az\/","name":"MEYDAN.TV","description":"Meydan TV Az\u0259rbaycan\u0131n media m\u0259kan\u0131ndak\u0131 alternativ s\u0259sidir","publisher":{"@id":"https:\/\/www.meydan.tv\/az\/#organization"},"potentialAction":[{"@type":"SearchAction","target":{"@type":"EntryPoint","urlTemplate":"https:\/\/www.meydan.tv\/az\/?s={search_term_string}"},"query-input":{"@type":"PropertyValueSpecification","valueRequired":true,"valueName":"search_term_string"}}],"inLanguage":"az"},{"@type":"Organization","@id":"https:\/\/www.meydan.tv\/az\/#organization","name":"Meydan TV","url":"https:\/\/www.meydan.tv\/az\/","logo":{"@type":"ImageObject","inLanguage":"az","@id":"https:\/\/www.meydan.tv\/az\/#\/schema\/logo\/image\/","url":"https:\/\/www.meydan.tv\/wp-content\/uploads\/2021\/07\/meydan-logo.svg","contentUrl":"https:\/\/www.meydan.tv\/wp-content\/uploads\/2021\/07\/meydan-logo.svg","width":195,"height":46,"caption":"Meydan TV"},"image":{"@id":"https:\/\/www.meydan.tv\/az\/#\/schema\/logo\/image\/"}},{"@type":"Person","@id":"https:\/\/www.meydan.tv\/az\/#\/schema\/person\/f5399057f0b7fa223fa6c9b7c3321968","name":"meri"}]}},"_links":{"self":[{"href":"https:\/\/www.meydan.tv\/az\/wp-json\/wp\/v2\/posts\/278665","targetHints":{"allow":["GET"]}}],"collection":[{"href":"https:\/\/www.meydan.tv\/az\/wp-json\/wp\/v2\/posts"}],"about":[{"href":"https:\/\/www.meydan.tv\/az\/wp-json\/wp\/v2\/types\/post"}],"author":[{"embeddable":true,"href":"https:\/\/www.meydan.tv\/az\/wp-json\/wp\/v2\/users\/13"}],"replies":[{"embeddable":true,"href":"https:\/\/www.meydan.tv\/az\/wp-json\/wp\/v2\/comments?post=278665"}],"version-history":[{"count":1,"href":"https:\/\/www.meydan.tv\/az\/wp-json\/wp\/v2\/posts\/278665\/revisions"}],"predecessor-version":[{"id":278666,"href":"https:\/\/www.meydan.tv\/az\/wp-json\/wp\/v2\/posts\/278665\/revisions\/278666"}],"wp:featuredmedia":[{"embeddable":true,"href":"https:\/\/www.meydan.tv\/az\/wp-json\/wp\/v2\/media\/123532"}],"wp:attachment":[{"href":"https:\/\/www.meydan.tv\/az\/wp-json\/wp\/v2\/media?parent=278665"}],"wp:term":[{"taxonomy":"category","embeddable":true,"href":"https:\/\/www.meydan.tv\/az\/wp-json\/wp\/v2\/categories?post=278665"},{"taxonomy":"post_tag","embeddable":true,"href":"https:\/\/www.meydan.tv\/az\/wp-json\/wp\/v2\/tags?post=278665"}],"curies":[{"name":"wp","href":"https:\/\/api.w.org\/{rel}","templated":true}]}}