{"id":278652,"date":"2023-06-27T19:48:14","date_gmt":"2023-06-27T15:48:14","guid":{"rendered":"https:\/\/www.meydan.tv\/?p=278652"},"modified":"2023-06-27T19:48:15","modified_gmt":"2023-06-27T15:48:15","slug":"vaqonda-yasayan-oglumu-kerbeladaki-sekline-gore-narkotikle-serleyibler","status":"publish","type":"post","link":"https:\/\/www.meydan.tv\/az\/article\/vaqonda-yasayan-oglumu-kerbeladaki-sekline-gore-narkotikle-serleyibler\/","title":{"rendered":"\u201cVaqonda ya\u015fayan o\u011flumu K\u0259rb\u0259ladak\u0131 \u015f\u0259klin\u0259 g\u00f6r\u0259 narkotikl\u0259 \u015f\u0259rl\u0259yibl\u0259r\u201d"},"content":{"rendered":"\n<p>R\u0259vay\u0259t Qas\u0131mova: \u201cG\u00fcn\u00fc 10-15 manata f\u0259hl\u0259 i\u015fl\u0259yirdi, pal\u00e7\u0131\u011f\u0131n i\u00e7ind\u0259n apar\u0131blar&#8230;\u201d<\/p>\n\n\n\n<p>Astara rayonunun \u018fr\u00e7ivan k\u0259ndind\u0259 ail\u0259siyl\u0259 birlikd\u0259 vaqonda ya\u015fayan Aslan Qas\u0131mov bir h\u0259ft\u0259dir ki, h\u0259bs olunub. Anas\u0131 R\u0259vay\u0259t Qas\u0131mova Meydan TV-y\u0259 dan\u0131\u015f\u0131r ki, bir ne\u00e7\u0259 g\u00fcn o\u011flunun yeri, saxlanma s\u0259b\u0259bi bar\u0259d\u0259 \u00fcmumiyy\u0259tl\u0259, he\u00e7 bir m\u0259lumat ala bilm\u0259yibl\u0259r. Sonradan \u00f6yr\u0259nibl\u0259r ki, ona qar\u015f\u0131 narkotik ittiham\u0131 ir\u0259li s\u00fcr\u00fcl\u00fcb.<\/p>\n\n\n\n<p><strong>\u201cPolis r\u0259isi m\u0259ni heyvan\u0131 qovan kimi qovdu\u201d<\/strong><\/p>\n\n\n\n<p>Ail\u0259 \u00fczvl\u0259ri hesab edir ki, Aslan Qas\u0131mov narkotikl\u0259 \u015f\u0259rl\u0259nib. Deyirl\u0259r ki, h\u0259bsinin \u0259sl s\u0259b\u0259bi ill\u0259r \u00f6nc\u0259 K\u0259rb\u0259la ziyar\u0259ti zaman\u0131 orada \u00e7\u0259kdirdiyi fotodur.<\/p>\n\n\n\n<p>1979-cu il t\u0259v\u0259ll\u00fcdl\u00fc Aslan Qas\u0131mov iyunun 21-d\u0259 saxlan\u0131l\u0131b:<\/p>\n\n\n\n<p>\u201cBuna h\u0259bs dem\u0259k olmaz. Bunun ad\u0131 adam o\u011furlu\u011fudur. F\u0259hl\u0259 i\u015fl\u0259diyi yerd\u0259n \u2013 pal\u00e7\u0131\u011f\u0131n i\u00e7ind\u0259n 10-15 n\u0259f\u0259r Aslan\u0131 apar\u0131b. Qarda\u015f\u0131yla birlikd\u0259 Astara polis \u015f\u00f6b\u0259sin\u0259 getmi\u015fik. Aslan\u0131 soru\u015furuq, he\u00e7 bir m\u0259lumat vermirl\u0259r. M\u0259nim \u00fcr\u0259yim x\u0259st\u0259dir. Orada \u00fc\u0259ryim xarab oldu. R\u0259is m\u0259ni heyvan\u0131 qovan kimi qovdu. Deyir ki, \u201cbura x\u0259st\u0259xana deyil, \u00fcr\u0259yin tutsun, biz d\u0259 s\u0259n\u0259 yard\u0131m g\u00f6st\u0259r\u0259k\u201d. M\u0259nim 73 ya\u015f\u0131m var, yara\u015farm\u0131 bel\u0259 davran\u0131\u015f?..\u201d, &#8211; R\u0259vay\u0259t Qas\u0131mova dan\u0131\u015f\u0131r.<\/p>\n\n\n\n<p><strong>\u201cBel\u0259 insanl\u0131q, bel\u0259 z\u00fclm olar?!\u201d<\/strong><\/p>\n\n\n\n<p>Onun s\u00f6zl\u0259rin\u0259 g\u00f6r\u0259, Astarada \u00f6zl\u0259ri he\u00e7 bir m\u0259lumat \u0259ld\u0259 ed\u0259 bilm\u0259yibl\u0259r. Lakin Rusiyada ya\u015fayan dig\u0259r o\u011flu inadkarl\u0131q edib v\u0259 sonda qarda\u015f\u0131yla ba\u011fl\u0131 m\u0259lumat \u00f6yr\u0259n\u0259 bilib:<\/p>\n\n\n\n<p>\u201cAslan subay vaxt\u0131 K\u0259rb\u0259la ziyar\u0259tind\u0259 olmu\u015fdu. Ziyar\u0259t vaxt\u0131 orada az\u0259rbaycanl\u0131lar\u0131 g\u00f6r\u00fcb. Orada birlikd\u0259 \u015f\u0259kil \u00e7\u0259kdiribl\u0259r. H\u0259min \u015f\u0259kild\u0259ki dindarlar\u0131 bir m\u00fcdd\u0259t \u0259vv\u0259l narkotik ittiham\u0131yla tutublar. Kimins\u0259 telefonunda bu \u015f\u0259kli g\u00f6r\u00fcbl\u0259r. Ona g\u00f6r\u0259 indi d\u0259 g\u0259lib Aslan\u0131 tutublar. Bel\u0259 insanl\u0131q, bel\u0259 z\u00fclm olar?! E\u015fitmi\u015fik ki, tutandan sonra Aslana n\u0259 q\u0259d\u0259r i\u015fg\u0259nc\u0259 veribl\u0259r. Sonra Bak\u0131ya \u2013 K\u00fcrd\u0259xan\u0131da t\u00fcrm\u0259 var dey\u0259s\u0259n, ora g\u00f6nd\u0259ribl\u0259r\u201d.<\/p>\n\n\n\n<p>Anas\u0131 \u0259lav\u0259 edib ki, Aslan Qas\u0131mov g\u00fcn\u00fc 10-15 manata f\u0259hl\u0259lik edib, ail\u0259sini doland\u0131rmaqla m\u0259\u015f\u011ful idi. \u0130st\u0259r narkotik, ist\u0259rs\u0259 d\u0259 casusluq kimi ittihamlar\u0131n onunla he\u00e7 bir \u0259laq\u0259si ola bilm\u0259z.<\/p>\n\n\n\n<figure class=\"wp-block-gallery has-nested-images columns-default is-cropped wp-block-gallery-1 is-layout-flex wp-block-gallery-is-layout-flex\">\n<figure class=\"wp-block-image size-large\"><img decoding=\"async\" width=\"820\" height=\"805\" data-id=\"278656\" data-src=\"https:\/\/www.meydan.tv\/wp-content\/uploads\/photo-2023-06-27-18-57-46.jpg\" alt=\"\" class=\"wp-image-278656 lazyload\" src=\"data:image\/svg+xml;base64,PHN2ZyB3aWR0aD0iMSIgaGVpZ2h0PSIxIiB4bWxucz0iaHR0cDovL3d3dy53My5vcmcvMjAwMC9zdmciPjwvc3ZnPg==\" style=\"--smush-placeholder-width: 820px; --smush-placeholder-aspect-ratio: 820\/805;\" \/><\/figure>\n<\/figure>\n\n\n\n<p><strong>\u201cVaqonda ya\u015fayan adama sosial yard\u0131m vermirdil\u0259r\u201d<\/strong><\/p>\n\n\n\n<p>\u201cBunun qohum-qon\u015fu da, el\u0259 polisl\u0259rin \u00f6z\u00fc d\u0259 yax\u015f\u0131 bilirl\u0259r. O polisl\u0259r k\u0259ndd\u0259 ham\u0131n\u0131 yax\u015f\u0131 tan\u0131y\u0131rlar. Casusluq ed\u0259n, narkotik satan d\u0259mir vaqonda ya\u015fayar? Adam\u0131n insaf\u0131, vicdan\u0131 olar. Bir balas\u0131n\u0131 zorla doland\u0131r\u0131rd\u0131. Bu ilin \u0259vv\u0259lind\u0259n sosial yard\u0131m d\u00fcz\u0259ltm\u0259y\u0259 \u00e7al\u0131\u015f\u0131rd\u0131, onu da vermirdil\u0259r. T\u0259s\u0259vv\u00fcr edin, vaqonda ya\u015fayan adama sosial yard\u0131m vermirdil\u0259r\u201d, &#8211; R\u0259vay\u0259t Qas\u0131mova \u0259lav\u0259 edib.<\/p>\n\n\n\n<p>\u201cM\u00fcdafi\u0259 X\u0259tti\u201d insan haqlar\u0131 t\u0259\u015fkilat\u0131 son 6 ay \u0259rzind\u0259 Az\u0259rbaycanda 500-\u0259 q\u0259d\u0259r dini inancl\u0131 \u015f\u0259xsin narkotik ittiham\u0131yla h\u0259bs olunmas\u0131 haqda m\u0259lumat yay\u0131b. H\u0259bs olunanlar \u015f\u0259rl\u0259ndikl\u0259rini, narkotik ittiham\u0131n\u0131n b\u00f6htan oldu\u011funu bildirirl\u0259r.<\/p>\n\n\n\n<p>Lakin Daxili \u0130\u015fl\u0259r Nazirliyinin m\u0259tbuat xidm\u0259ti onlar\u0131n iddialar\u0131n\u0131n \u0259sass\u0131z oldu\u011funu, h\u0259bs olunanlar\u0131n konkret faktlar \u0259sas\u0131nda saxland\u0131\u011f\u0131n\u0131 b\u0259yan edib. Qurumdan Aslan Qas\u0131movun h\u0259bsin\u0259 m\u00fcnasib\u0259t bildirilm\u0259yib.<\/p>\n\n\n\n<p><\/p>\n","protected":false},"excerpt":{"rendered":"<p>R\u0259vay\u0259t Qas\u0131mova: \u201cG\u00fcn\u00fc 10-15 manata f\u0259hl\u0259 i\u015fl\u0259yirdi, pal\u00e7\u0131\u011f\u0131n i\u00e7ind\u0259n apar\u0131blar&#8230;\u201d &#8230; <\/p>\n<p class=\"read-more-container\"><a title=\"\u201cVaqonda ya\u015fayan o\u011flumu K\u0259rb\u0259ladak\u0131 \u015f\u0259klin\u0259 g\u00f6r\u0259 narkotikl\u0259 \u015f\u0259rl\u0259yibl\u0259r\u201d\" class=\"read-more button\" href=\"https:\/\/www.meydan.tv\/az\/article\/vaqonda-yasayan-oglumu-kerbeladaki-sekline-gore-narkotikle-serleyibler\/#more-278652\" aria-label=\"Read more about \u201cVaqonda ya\u015fayan o\u011flumu K\u0259rb\u0259ladak\u0131 \u015f\u0259klin\u0259 g\u00f6r\u0259 narkotikl\u0259 \u015f\u0259rl\u0259yibl\u0259r\u201d\">Davam\u0131<\/a><\/p>\n","protected":false},"author":12,"featured_media":278653,"comment_status":"closed","ping_status":"closed","sticky":false,"template":"","format":"standard","meta":{"_acf_changed":false,"_sitemap_exclude":false,"_sitemap_priority":"","_sitemap_frequency":"","footnotes":""},"categories":[60,88,79],"tags":[],"class_list":["post-278652","post","type-post","status-publish","format-standard","has-post-thumbnail","hentry","category-bolge","category-redaktor-secimi","category-featured","infinite-scroll-item","generate-columns","tablet-grid-50","mobile-grid-100","grid-parent","grid-33","no-featured-image-padding"],"acf":[],"yoast_head":"<!-- This site is optimized with the Yoast SEO plugin v27.5 - https:\/\/yoast.com\/product\/yoast-seo-wordpress\/ -->\n<title>\u201cVaqonda ya\u015fayan o\u011flumu K\u0259rb\u0259ladak\u0131 \u015f\u0259klin\u0259 g\u00f6r\u0259 narkotikl\u0259 \u015f\u0259rl\u0259yibl\u0259r\u201d - MEYDAN.TV<\/title>\n<meta name=\"robots\" content=\"index, follow, max-snippet:-1, max-image-preview:large, max-video-preview:-1\" \/>\n<link rel=\"canonical\" href=\"https:\/\/www.meydan.tv\/az\/article\/vaqonda-yasayan-oglumu-kerbeladaki-sekline-gore-narkotikle-serleyibler\/\" \/>\n<meta property=\"og:locale\" content=\"az_AZ\" \/>\n<meta property=\"og:type\" content=\"article\" \/>\n<meta property=\"og:title\" content=\"\u201cVaqonda ya\u015fayan o\u011flumu K\u0259rb\u0259ladak\u0131 \u015f\u0259klin\u0259 g\u00f6r\u0259 narkotikl\u0259 \u015f\u0259rl\u0259yibl\u0259r\u201d - MEYDAN.TV\" \/>\n<meta property=\"og:description\" content=\"R\u0259vay\u0259t Qas\u0131mova: \u201cG\u00fcn\u00fc 10-15 manata f\u0259hl\u0259 i\u015fl\u0259yirdi, pal\u00e7\u0131\u011f\u0131n i\u00e7ind\u0259n apar\u0131blar&#8230;\u201d ... Davam\u0131\" \/>\n<meta property=\"og:url\" content=\"https:\/\/www.meydan.tv\/az\/article\/vaqonda-yasayan-oglumu-kerbeladaki-sekline-gore-narkotikle-serleyibler\/\" \/>\n<meta property=\"og:site_name\" content=\"MEYDAN.TV\" \/>\n<meta property=\"article:published_time\" content=\"2023-06-27T15:48:14+00:00\" \/>\n<meta property=\"article:modified_time\" content=\"2023-06-27T15:48:15+00:00\" \/>\n<meta property=\"og:image\" content=\"https:\/\/www.meydan.tv\/wp-content\/uploads\/photo-2023-06-27-18-57-41.jpg\" \/>\n\t<meta property=\"og:image:width\" content=\"828\" \/>\n\t<meta property=\"og:image:height\" content=\"806\" \/>\n\t<meta property=\"og:image:type\" content=\"image\/jpeg\" \/>\n<meta name=\"author\" content=\"aleks\" \/>\n<meta name=\"twitter:card\" content=\"summary_large_image\" \/>\n<script type=\"application\/ld+json\" class=\"yoast-schema-graph\">{\"@context\":\"https:\\\/\\\/schema.org\",\"@graph\":[{\"@type\":\"Article\",\"@id\":\"https:\\\/\\\/www.meydan.tv\\\/az\\\/article\\\/vaqonda-yasayan-oglumu-kerbeladaki-sekline-gore-narkotikle-serleyibler\\\/#article\",\"isPartOf\":{\"@id\":\"https:\\\/\\\/www.meydan.tv\\\/az\\\/article\\\/vaqonda-yasayan-oglumu-kerbeladaki-sekline-gore-narkotikle-serleyibler\\\/\"},\"author\":{\"name\":\"aleks\",\"@id\":\"https:\\\/\\\/www.meydan.tv\\\/az\\\/#\\\/schema\\\/person\\\/476e9360e593fa131d5d71d51866f8da\"},\"headline\":\"\u201cVaqonda ya\u015fayan o\u011flumu K\u0259rb\u0259ladak\u0131 \u015f\u0259klin\u0259 g\u00f6r\u0259 narkotikl\u0259 \u015f\u0259rl\u0259yibl\u0259r\u201d\",\"datePublished\":\"2023-06-27T15:48:14+00:00\",\"dateModified\":\"2023-06-27T15:48:15+00:00\",\"mainEntityOfPage\":{\"@id\":\"https:\\\/\\\/www.meydan.tv\\\/az\\\/article\\\/vaqonda-yasayan-oglumu-kerbeladaki-sekline-gore-narkotikle-serleyibler\\\/\"},\"wordCount\":637,\"publisher\":{\"@id\":\"https:\\\/\\\/www.meydan.tv\\\/az\\\/#organization\"},\"image\":{\"@id\":\"https:\\\/\\\/www.meydan.tv\\\/az\\\/article\\\/vaqonda-yasayan-oglumu-kerbeladaki-sekline-gore-narkotikle-serleyibler\\\/#primaryimage\"},\"thumbnailUrl\":\"https:\\\/\\\/www.meydan.tv\\\/wp-content\\\/uploads\\\/photo-2023-06-27-18-57-41.jpg\",\"articleSection\":[\"B\u00f6lg\u0259\",\"Redaktor se\u00e7imi\",\"T\u00f6vsiy\u0259\"],\"inLanguage\":\"az\"},{\"@type\":\"WebPage\",\"@id\":\"https:\\\/\\\/www.meydan.tv\\\/az\\\/article\\\/vaqonda-yasayan-oglumu-kerbeladaki-sekline-gore-narkotikle-serleyibler\\\/\",\"url\":\"https:\\\/\\\/www.meydan.tv\\\/az\\\/article\\\/vaqonda-yasayan-oglumu-kerbeladaki-sekline-gore-narkotikle-serleyibler\\\/\",\"name\":\"\u201cVaqonda ya\u015fayan o\u011flumu K\u0259rb\u0259ladak\u0131 \u015f\u0259klin\u0259 g\u00f6r\u0259 narkotikl\u0259 \u015f\u0259rl\u0259yibl\u0259r\u201d - MEYDAN.TV\",\"isPartOf\":{\"@id\":\"https:\\\/\\\/www.meydan.tv\\\/az\\\/#website\"},\"primaryImageOfPage\":{\"@id\":\"https:\\\/\\\/www.meydan.tv\\\/az\\\/article\\\/vaqonda-yasayan-oglumu-kerbeladaki-sekline-gore-narkotikle-serleyibler\\\/#primaryimage\"},\"image\":{\"@id\":\"https:\\\/\\\/www.meydan.tv\\\/az\\\/article\\\/vaqonda-yasayan-oglumu-kerbeladaki-sekline-gore-narkotikle-serleyibler\\\/#primaryimage\"},\"thumbnailUrl\":\"https:\\\/\\\/www.meydan.tv\\\/wp-content\\\/uploads\\\/photo-2023-06-27-18-57-41.jpg\",\"datePublished\":\"2023-06-27T15:48:14+00:00\",\"dateModified\":\"2023-06-27T15:48:15+00:00\",\"breadcrumb\":{\"@id\":\"https:\\\/\\\/www.meydan.tv\\\/az\\\/article\\\/vaqonda-yasayan-oglumu-kerbeladaki-sekline-gore-narkotikle-serleyibler\\\/#breadcrumb\"},\"inLanguage\":\"az\",\"potentialAction\":[{\"@type\":\"ReadAction\",\"target\":[\"https:\\\/\\\/www.meydan.tv\\\/az\\\/article\\\/vaqonda-yasayan-oglumu-kerbeladaki-sekline-gore-narkotikle-serleyibler\\\/\"]}]},{\"@type\":\"ImageObject\",\"inLanguage\":\"az\",\"@id\":\"https:\\\/\\\/www.meydan.tv\\\/az\\\/article\\\/vaqonda-yasayan-oglumu-kerbeladaki-sekline-gore-narkotikle-serleyibler\\\/#primaryimage\",\"url\":\"https:\\\/\\\/www.meydan.tv\\\/wp-content\\\/uploads\\\/photo-2023-06-27-18-57-41.jpg\",\"contentUrl\":\"https:\\\/\\\/www.meydan.tv\\\/wp-content\\\/uploads\\\/photo-2023-06-27-18-57-41.jpg\",\"width\":828,\"height\":806},{\"@type\":\"BreadcrumbList\",\"@id\":\"https:\\\/\\\/www.meydan.tv\\\/az\\\/article\\\/vaqonda-yasayan-oglumu-kerbeladaki-sekline-gore-narkotikle-serleyibler\\\/#breadcrumb\",\"itemListElement\":[{\"@type\":\"ListItem\",\"position\":1,\"name\":\"Ana s\u0259hif\u0259\",\"item\":\"https:\\\/\\\/www.meydan.tv\\\/az\\\/\"},{\"@type\":\"ListItem\",\"position\":2,\"name\":\"B\u00f6lg\u0259\",\"item\":\"https:\\\/\\\/www.meydan.tv\\\/az\\\/section\\\/bolge\\\/\"},{\"@type\":\"ListItem\",\"position\":3,\"name\":\"\u201cVaqonda ya\u015fayan o\u011flumu K\u0259rb\u0259ladak\u0131 \u015f\u0259klin\u0259 g\u00f6r\u0259 narkotikl\u0259 \u015f\u0259rl\u0259yibl\u0259r\u201d\"}]},{\"@type\":\"WebSite\",\"@id\":\"https:\\\/\\\/www.meydan.tv\\\/az\\\/#website\",\"url\":\"https:\\\/\\\/www.meydan.tv\\\/az\\\/\",\"name\":\"MEYDAN.TV\",\"description\":\"Meydan TV Az\u0259rbaycan\u0131n media m\u0259kan\u0131ndak\u0131 alternativ s\u0259sidir\",\"publisher\":{\"@id\":\"https:\\\/\\\/www.meydan.tv\\\/az\\\/#organization\"},\"potentialAction\":[{\"@type\":\"SearchAction\",\"target\":{\"@type\":\"EntryPoint\",\"urlTemplate\":\"https:\\\/\\\/www.meydan.tv\\\/az\\\/?s={search_term_string}\"},\"query-input\":{\"@type\":\"PropertyValueSpecification\",\"valueRequired\":true,\"valueName\":\"search_term_string\"}}],\"inLanguage\":\"az\"},{\"@type\":\"Organization\",\"@id\":\"https:\\\/\\\/www.meydan.tv\\\/az\\\/#organization\",\"name\":\"Meydan TV\",\"url\":\"https:\\\/\\\/www.meydan.tv\\\/az\\\/\",\"logo\":{\"@type\":\"ImageObject\",\"inLanguage\":\"az\",\"@id\":\"https:\\\/\\\/www.meydan.tv\\\/az\\\/#\\\/schema\\\/logo\\\/image\\\/\",\"url\":\"https:\\\/\\\/www.meydan.tv\\\/wp-content\\\/uploads\\\/2021\\\/07\\\/meydan-logo.svg\",\"contentUrl\":\"https:\\\/\\\/www.meydan.tv\\\/wp-content\\\/uploads\\\/2021\\\/07\\\/meydan-logo.svg\",\"width\":195,\"height\":46,\"caption\":\"Meydan TV\"},\"image\":{\"@id\":\"https:\\\/\\\/www.meydan.tv\\\/az\\\/#\\\/schema\\\/logo\\\/image\\\/\"}},{\"@type\":\"Person\",\"@id\":\"https:\\\/\\\/www.meydan.tv\\\/az\\\/#\\\/schema\\\/person\\\/476e9360e593fa131d5d71d51866f8da\",\"name\":\"aleks\"}]}<\/script>\n<!-- \/ Yoast SEO plugin. -->","yoast_head_json":{"title":"\u201cVaqonda ya\u015fayan o\u011flumu K\u0259rb\u0259ladak\u0131 \u015f\u0259klin\u0259 g\u00f6r\u0259 narkotikl\u0259 \u015f\u0259rl\u0259yibl\u0259r\u201d - MEYDAN.TV","robots":{"index":"index","follow":"follow","max-snippet":"max-snippet:-1","max-image-preview":"max-image-preview:large","max-video-preview":"max-video-preview:-1"},"canonical":"https:\/\/www.meydan.tv\/az\/article\/vaqonda-yasayan-oglumu-kerbeladaki-sekline-gore-narkotikle-serleyibler\/","og_locale":"az_AZ","og_type":"article","og_title":"\u201cVaqonda ya\u015fayan o\u011flumu K\u0259rb\u0259ladak\u0131 \u015f\u0259klin\u0259 g\u00f6r\u0259 narkotikl\u0259 \u015f\u0259rl\u0259yibl\u0259r\u201d - MEYDAN.TV","og_description":"R\u0259vay\u0259t Qas\u0131mova: \u201cG\u00fcn\u00fc 10-15 manata f\u0259hl\u0259 i\u015fl\u0259yirdi, pal\u00e7\u0131\u011f\u0131n i\u00e7ind\u0259n apar\u0131blar&#8230;\u201d ... Davam\u0131","og_url":"https:\/\/www.meydan.tv\/az\/article\/vaqonda-yasayan-oglumu-kerbeladaki-sekline-gore-narkotikle-serleyibler\/","og_site_name":"MEYDAN.TV","article_published_time":"2023-06-27T15:48:14+00:00","article_modified_time":"2023-06-27T15:48:15+00:00","og_image":[{"width":828,"height":806,"url":"https:\/\/www.meydan.tv\/wp-content\/uploads\/photo-2023-06-27-18-57-41.jpg","type":"image\/jpeg"}],"author":"aleks","twitter_card":"summary_large_image","schema":{"@context":"https:\/\/schema.org","@graph":[{"@type":"Article","@id":"https:\/\/www.meydan.tv\/az\/article\/vaqonda-yasayan-oglumu-kerbeladaki-sekline-gore-narkotikle-serleyibler\/#article","isPartOf":{"@id":"https:\/\/www.meydan.tv\/az\/article\/vaqonda-yasayan-oglumu-kerbeladaki-sekline-gore-narkotikle-serleyibler\/"},"author":{"name":"aleks","@id":"https:\/\/www.meydan.tv\/az\/#\/schema\/person\/476e9360e593fa131d5d71d51866f8da"},"headline":"\u201cVaqonda ya\u015fayan o\u011flumu K\u0259rb\u0259ladak\u0131 \u015f\u0259klin\u0259 g\u00f6r\u0259 narkotikl\u0259 \u015f\u0259rl\u0259yibl\u0259r\u201d","datePublished":"2023-06-27T15:48:14+00:00","dateModified":"2023-06-27T15:48:15+00:00","mainEntityOfPage":{"@id":"https:\/\/www.meydan.tv\/az\/article\/vaqonda-yasayan-oglumu-kerbeladaki-sekline-gore-narkotikle-serleyibler\/"},"wordCount":637,"publisher":{"@id":"https:\/\/www.meydan.tv\/az\/#organization"},"image":{"@id":"https:\/\/www.meydan.tv\/az\/article\/vaqonda-yasayan-oglumu-kerbeladaki-sekline-gore-narkotikle-serleyibler\/#primaryimage"},"thumbnailUrl":"https:\/\/www.meydan.tv\/wp-content\/uploads\/photo-2023-06-27-18-57-41.jpg","articleSection":["B\u00f6lg\u0259","Redaktor se\u00e7imi","T\u00f6vsiy\u0259"],"inLanguage":"az"},{"@type":"WebPage","@id":"https:\/\/www.meydan.tv\/az\/article\/vaqonda-yasayan-oglumu-kerbeladaki-sekline-gore-narkotikle-serleyibler\/","url":"https:\/\/www.meydan.tv\/az\/article\/vaqonda-yasayan-oglumu-kerbeladaki-sekline-gore-narkotikle-serleyibler\/","name":"\u201cVaqonda ya\u015fayan o\u011flumu K\u0259rb\u0259ladak\u0131 \u015f\u0259klin\u0259 g\u00f6r\u0259 narkotikl\u0259 \u015f\u0259rl\u0259yibl\u0259r\u201d - MEYDAN.TV","isPartOf":{"@id":"https:\/\/www.meydan.tv\/az\/#website"},"primaryImageOfPage":{"@id":"https:\/\/www.meydan.tv\/az\/article\/vaqonda-yasayan-oglumu-kerbeladaki-sekline-gore-narkotikle-serleyibler\/#primaryimage"},"image":{"@id":"https:\/\/www.meydan.tv\/az\/article\/vaqonda-yasayan-oglumu-kerbeladaki-sekline-gore-narkotikle-serleyibler\/#primaryimage"},"thumbnailUrl":"https:\/\/www.meydan.tv\/wp-content\/uploads\/photo-2023-06-27-18-57-41.jpg","datePublished":"2023-06-27T15:48:14+00:00","dateModified":"2023-06-27T15:48:15+00:00","breadcrumb":{"@id":"https:\/\/www.meydan.tv\/az\/article\/vaqonda-yasayan-oglumu-kerbeladaki-sekline-gore-narkotikle-serleyibler\/#breadcrumb"},"inLanguage":"az","potentialAction":[{"@type":"ReadAction","target":["https:\/\/www.meydan.tv\/az\/article\/vaqonda-yasayan-oglumu-kerbeladaki-sekline-gore-narkotikle-serleyibler\/"]}]},{"@type":"ImageObject","inLanguage":"az","@id":"https:\/\/www.meydan.tv\/az\/article\/vaqonda-yasayan-oglumu-kerbeladaki-sekline-gore-narkotikle-serleyibler\/#primaryimage","url":"https:\/\/www.meydan.tv\/wp-content\/uploads\/photo-2023-06-27-18-57-41.jpg","contentUrl":"https:\/\/www.meydan.tv\/wp-content\/uploads\/photo-2023-06-27-18-57-41.jpg","width":828,"height":806},{"@type":"BreadcrumbList","@id":"https:\/\/www.meydan.tv\/az\/article\/vaqonda-yasayan-oglumu-kerbeladaki-sekline-gore-narkotikle-serleyibler\/#breadcrumb","itemListElement":[{"@type":"ListItem","position":1,"name":"Ana s\u0259hif\u0259","item":"https:\/\/www.meydan.tv\/az\/"},{"@type":"ListItem","position":2,"name":"B\u00f6lg\u0259","item":"https:\/\/www.meydan.tv\/az\/section\/bolge\/"},{"@type":"ListItem","position":3,"name":"\u201cVaqonda ya\u015fayan o\u011flumu K\u0259rb\u0259ladak\u0131 \u015f\u0259klin\u0259 g\u00f6r\u0259 narkotikl\u0259 \u015f\u0259rl\u0259yibl\u0259r\u201d"}]},{"@type":"WebSite","@id":"https:\/\/www.meydan.tv\/az\/#website","url":"https:\/\/www.meydan.tv\/az\/","name":"MEYDAN.TV","description":"Meydan TV Az\u0259rbaycan\u0131n media m\u0259kan\u0131ndak\u0131 alternativ s\u0259sidir","publisher":{"@id":"https:\/\/www.meydan.tv\/az\/#organization"},"potentialAction":[{"@type":"SearchAction","target":{"@type":"EntryPoint","urlTemplate":"https:\/\/www.meydan.tv\/az\/?s={search_term_string}"},"query-input":{"@type":"PropertyValueSpecification","valueRequired":true,"valueName":"search_term_string"}}],"inLanguage":"az"},{"@type":"Organization","@id":"https:\/\/www.meydan.tv\/az\/#organization","name":"Meydan TV","url":"https:\/\/www.meydan.tv\/az\/","logo":{"@type":"ImageObject","inLanguage":"az","@id":"https:\/\/www.meydan.tv\/az\/#\/schema\/logo\/image\/","url":"https:\/\/www.meydan.tv\/wp-content\/uploads\/2021\/07\/meydan-logo.svg","contentUrl":"https:\/\/www.meydan.tv\/wp-content\/uploads\/2021\/07\/meydan-logo.svg","width":195,"height":46,"caption":"Meydan TV"},"image":{"@id":"https:\/\/www.meydan.tv\/az\/#\/schema\/logo\/image\/"}},{"@type":"Person","@id":"https:\/\/www.meydan.tv\/az\/#\/schema\/person\/476e9360e593fa131d5d71d51866f8da","name":"aleks"}]}},"_links":{"self":[{"href":"https:\/\/www.meydan.tv\/az\/wp-json\/wp\/v2\/posts\/278652","targetHints":{"allow":["GET"]}}],"collection":[{"href":"https:\/\/www.meydan.tv\/az\/wp-json\/wp\/v2\/posts"}],"about":[{"href":"https:\/\/www.meydan.tv\/az\/wp-json\/wp\/v2\/types\/post"}],"author":[{"embeddable":true,"href":"https:\/\/www.meydan.tv\/az\/wp-json\/wp\/v2\/users\/12"}],"replies":[{"embeddable":true,"href":"https:\/\/www.meydan.tv\/az\/wp-json\/wp\/v2\/comments?post=278652"}],"version-history":[{"count":1,"href":"https:\/\/www.meydan.tv\/az\/wp-json\/wp\/v2\/posts\/278652\/revisions"}],"predecessor-version":[{"id":278659,"href":"https:\/\/www.meydan.tv\/az\/wp-json\/wp\/v2\/posts\/278652\/revisions\/278659"}],"wp:featuredmedia":[{"embeddable":true,"href":"https:\/\/www.meydan.tv\/az\/wp-json\/wp\/v2\/media\/278653"}],"wp:attachment":[{"href":"https:\/\/www.meydan.tv\/az\/wp-json\/wp\/v2\/media?parent=278652"}],"wp:term":[{"taxonomy":"category","embeddable":true,"href":"https:\/\/www.meydan.tv\/az\/wp-json\/wp\/v2\/categories?post=278652"},{"taxonomy":"post_tag","embeddable":true,"href":"https:\/\/www.meydan.tv\/az\/wp-json\/wp\/v2\/tags?post=278652"}],"curies":[{"name":"wp","href":"https:\/\/api.w.org\/{rel}","templated":true}]}}